{"id":332843,"date":"2026-03-13T09:08:00","date_gmt":"2026-03-13T14:08:00","guid":{"rendered":"https:\/\/www.fiscalia.gov.co\/colombia\/?p=332843"},"modified":"2026-03-13T09:08:00","modified_gmt":"2026-03-13T14:08:00","slug":"en-sucre-aseguran-a-presunto-extorsionista-de-comerciantes-y-ganaderos","status":"publish","type":"post","link":"https:\/\/www.fiscalia.gov.co\/colombia\/noticias\/en-sucre-aseguran-a-presunto-extorsionista-de-comerciantes-y-ganaderos\/","title":{"rendered":"En Sucre aseguran a presunto extorsionista de comerciantes y ganaderos"},"content":{"rendered":"<h4 style=\"text-align: center;\"><strong><em>El imputado ser\u00eda el encargado de reportar los movimientos de la Fuerza P\u00fablica en Sucre.<\/em><\/strong><\/h4>\n<p>Un fiscal especializado en Sincelejo (Sucre) aport\u00f3 el material probatorio que le permiti\u00f3 a un juez con funciones de control de garant\u00edas imponer medida de aseguramiento en centro carcelario a Jes\u00fas David Pe\u00f1a Gil.<\/p>\n<p>La investigaci\u00f3n evidenci\u00f3 que entre noviembre de 2024 y noviembre de 2025 el ahora procesado habr\u00eda integrado la organizaci\u00f3n ilegal Clan del Golfo; a nombre del cual <strong>realizaba exigencias econ\u00f3micas ilegales a comerciantes y ganaderos<\/strong> del departamento; adem\u00e1s de realizar labores para alertar sobre los movimientos de la Fuerza P\u00fablica.<\/p>\n<p>Los reportes que, se cree, deb\u00eda entregar <strong>el investigado a la organizaci\u00f3n ilegal detallar\u00edan el comportamiento de los militares en zonas rurales<\/strong> de San Benito Abad y Santiago Ap\u00f3stol (Sucre) para de esa manera facilitar las extorsiones en la regi\u00f3n.<\/p>\n<p>Por esto Pe\u00f1a Gil fue capturado el pasado 8 de marzo en <strong>el corregimiento El Coley, del municipio de Los Palmitos (Sucre)<\/strong>. Los procedimientos estuvieron a cargo del Gaula de la Polic\u00eda Nacional.<\/p>\n<p>Al procesado se le imputaron los delitos de concierto para delinquir agravado y extorsi\u00f3n. Cargos que no fueron aceptados.<\/p>\n<p>&nbsp;<\/p>\n<p>&nbsp;<\/p>\n<p>&nbsp;<\/p>\n<p>&nbsp;<\/p>\n<p>&nbsp;<\/p>\n<p>VHGB\/MAGA\/ARM\/DSS<\/p>\n<p>&nbsp;<\/p>\n<p>&nbsp;<\/p>\n<p>&nbsp;<\/p>\n<p>&nbsp;<\/p>\n<p><em>La informaci\u00f3n contenida en este bolet\u00edn de prensa corresponde a la narraci\u00f3n de los hechos noticiosos objetivos, suministrados por los funcionarios encargados de adelantar las investigaciones penales al interior de la Fiscal\u00eda General de la Naci\u00f3n. Para el momento de la divulgaci\u00f3n de este comunicado, la situaci\u00f3n jur\u00eddica de la(s) persona(s) relacionada(s) se encuentra pendiente de resolver por la autoridad judicial competente, siempre bajo los preceptos de la presunci\u00f3n de inocencia, consagrados en el art\u00edculo 29 de la Constituci\u00f3n Pol\u00edtica y el art\u00edculo 7\u00ba de la Ley 906 de 2004.<\/em><\/p>\n<p>&nbsp;<\/p>\n\n<div class=\"twitter-share\"><a href=\"https:\/\/twitter.com\/intent\/tweet?via=fiscaliacol\" class=\"twitter-share-button\">Tweet<\/a><\/div>\n","protected":false},"excerpt":{"rendered":"<p>El imputado ser\u00eda el encargado de reportar los movimientos de la Fuerza P\u00fablica en Sucre. Un fiscal especializado en Sincelejo (Sucre) aport\u00f3 el material probatorio que le permiti\u00f3 a un juez con funciones de control de garant\u00edas imponer medida de aseguramiento en centro carcelario a Jes\u00fas David Pe\u00f1a Gil. La investigaci\u00f3n evidenci\u00f3 que entre noviembre [&hellip;]<\/p>\n","protected":false},"author":177,"featured_media":0,"comment_status":"closed","ping_status":"open","sticky":false,"template":"","format":"standard","meta":{"_price":"","_stock":"","_tribe_ticket_header":"","_tribe_default_ticket_provider":"","_tribe_ticket_capacity":"0","_ticket_start_date":"","_ticket_end_date":"","_tribe_ticket_show_description":"","_tribe_ticket_show_not_going":false,"_tribe_ticket_use_global_stock":"","_tribe_ticket_global_stock_level":"","_global_stock_mode":"","_global_stock_cap":"","_tribe_rsvp_for_event":"","_tribe_ticket_going_count":"","_tribe_ticket_not_going_count":"","_tribe_tickets_list":"[]","_tribe_ticket_has_attendee_info_fields":false,"tdm_status":"","tdm_grid_status":"","footnotes":""},"categories":[1,340,12641,303],"tags":[402,18672,654,83,19111,45707,33540,871,24187,1047,13530,40329,558,4741,23842,29313,2437],"class_list":{"0":"post-332843","1":"post","2":"type-post","3":"status-publish","4":"format-standard","6":"category-noticias","7":"category-seccional-sincelejo","8":"category-seccional-sucre","9":"category-seccionales","10":"tag-autodefensas","11":"tag-clan-del-golfo","12":"tag-comerciantes","13":"tag-concierto-para-delinquir","14":"tag-dinero","15":"tag-el-coley","16":"tag-exigencias","17":"tag-extorion","18":"tag-fiscalia-colombia","19":"tag-fiscalia-general-de-la-nacion","20":"tag-ganaderos","21":"tag-palmitos","22":"tag-policia-nacional","23":"tag-san-benito-abad","24":"tag-sincelejo","25":"tag-sincelejo-sucre","26":"tag-sucre"},"yoast_head":"<!-- This site is optimized with the Yoast SEO plugin v24.3 - https:\/\/yoast.com\/wordpress\/plugins\/seo\/ -->\n<title>Fiscal\u00eda General de la Naci\u00f3n<\/title>\n<meta name=\"description\" content=\"P\u00e1gina oficial de la Fiscal\u00eda General de la Naci\u00f3n \u2013 Colombia. Garantizamos el acceso efectivo a la justicia, la verdad y la reparaci\u00f3n de las v\u00edctimas de los delitos.\" \/>\n<meta name=\"robots\" content=\"noindex, follow\" \/>\n<meta property=\"og:locale\" content=\"es_ES\" \/>\n<meta property=\"og:type\" content=\"article\" \/>\n<meta property=\"og:title\" content=\"Fiscal\u00eda General de la Naci\u00f3n\" \/>\n<meta property=\"og:description\" content=\"P\u00e1gina oficial de la Fiscal\u00eda General de la Naci\u00f3n \u2013 Colombia. Garantizamos el acceso efectivo a la justicia, la verdad y la reparaci\u00f3n de las v\u00edctimas de los delitos.\" \/>\n<meta property=\"og:url\" content=\"https:\/\/www.fiscalia.gov.co\/colombia\/noticias\/en-sucre-aseguran-a-presunto-extorsionista-de-comerciantes-y-ganaderos\/\" \/>\n<meta property=\"og:site_name\" content=\"Fiscal\u00eda General de la Naci\u00f3n\" \/>\n<meta property=\"article:publisher\" content=\"https:\/\/www.facebook.com\/FiscaliaCol\" \/>\n<meta property=\"article:published_time\" content=\"2026-03-13T14:08:00+00:00\" \/>\n<meta name=\"author\" content=\"Jordan Leandro Oviedo Anzola\" \/>\n<meta name=\"twitter:card\" content=\"summary_large_image\" \/>\n<meta name=\"twitter:creator\" content=\"@FiscaliaCol\" \/>\n<meta name=\"twitter:site\" content=\"@FiscaliaCol\" \/>\n<meta name=\"twitter:label1\" content=\"Escrito por\" \/>\n\t<meta name=\"twitter:data1\" content=\"Jordan Leandro Oviedo Anzola\" \/>\n\t<meta name=\"twitter:label2\" content=\"Tiempo de lectura\" \/>\n\t<meta name=\"twitter:data2\" content=\"2 minutos\" \/>\n<script type=\"application\/ld+json\" class=\"yoast-schema-graph\">{\"@context\":\"https:\/\/schema.org\",\"@graph\":[{\"@type\":\"Article\",\"@id\":\"https:\/\/www.fiscalia.gov.co\/colombia\/noticias\/en-sucre-aseguran-a-presunto-extorsionista-de-comerciantes-y-ganaderos\/#article\",\"isPartOf\":{\"@id\":\"https:\/\/www.fiscalia.gov.co\/colombia\/noticias\/en-sucre-aseguran-a-presunto-extorsionista-de-comerciantes-y-ganaderos\/\"},\"author\":{\"name\":\"Jordan Leandro Oviedo Anzola\",\"@id\":\"https:\/\/www.fiscalia.gov.co\/colombia\/#\/schema\/person\/bf84402cf293a5393e9c70b111020b24\"},\"headline\":\"En Sucre aseguran a presunto extorsionista de comerciantes y ganaderos\",\"datePublished\":\"2026-03-13T14:08:00+00:00\",\"dateModified\":\"2026-03-13T14:08:00+00:00\",\"mainEntityOfPage\":{\"@id\":\"https:\/\/www.fiscalia.gov.co\/colombia\/noticias\/en-sucre-aseguran-a-presunto-extorsionista-de-comerciantes-y-ganaderos\/\"},\"wordCount\":333,\"publisher\":{\"@id\":\"https:\/\/www.fiscalia.gov.co\/colombia\/#organization\"},\"keywords\":[\"Autodefensas\",\"Clan del Golfo\",\"Comerciantes\",\"Concierto para delinquir\",\"Dinero\",\"El Coley\",\"exigencias\",\"Extorsi\u00f3n\",\"Fiscal\u00eda Colombia\",\"Fiscal\u00eda General de la Naci\u00f3n\",\"Ganaderos\",\"Palmitos\",\"Polic\u00eda Nacional\",\"San Benito Abad\",\"Sincelejo\",\"Sincelejo (Sucre)\",\"Sucre\"],\"articleSection\":[\"Noticias\",\"Seccional Sincelejo\",\"Seccional Sucre\",\"Seccionales\"],\"inLanguage\":\"es-CO\"},{\"@type\":\"WebPage\",\"@id\":\"https:\/\/www.fiscalia.gov.co\/colombia\/noticias\/en-sucre-aseguran-a-presunto-extorsionista-de-comerciantes-y-ganaderos\/\",\"url\":\"https:\/\/www.fiscalia.gov.co\/colombia\/noticias\/en-sucre-aseguran-a-presunto-extorsionista-de-comerciantes-y-ganaderos\/\",\"name\":\"Fiscal\u00eda General de la Naci\u00f3n\",\"isPartOf\":{\"@id\":\"https:\/\/www.fiscalia.gov.co\/colombia\/#website\"},\"datePublished\":\"2026-03-13T14:08:00+00:00\",\"dateModified\":\"2026-03-13T14:08:00+00:00\",\"description\":\"P\u00e1gina oficial de la Fiscal\u00eda General de la Naci\u00f3n \u2013 Colombia. Garantizamos el acceso efectivo a la justicia, la verdad y la reparaci\u00f3n de las v\u00edctimas de los delitos.\",\"breadcrumb\":{\"@id\":\"https:\/\/www.fiscalia.gov.co\/colombia\/noticias\/en-sucre-aseguran-a-presunto-extorsionista-de-comerciantes-y-ganaderos\/#breadcrumb\"},\"inLanguage\":\"es-CO\",\"potentialAction\":[{\"@type\":\"ReadAction\",\"target\":[\"https:\/\/www.fiscalia.gov.co\/colombia\/noticias\/en-sucre-aseguran-a-presunto-extorsionista-de-comerciantes-y-ganaderos\/\"]}]},{\"@type\":\"BreadcrumbList\",\"@id\":\"https:\/\/www.fiscalia.gov.co\/colombia\/noticias\/en-sucre-aseguran-a-presunto-extorsionista-de-comerciantes-y-ganaderos\/#breadcrumb\",\"itemListElement\":[{\"@type\":\"ListItem\",\"position\":1,\"name\":\"Home\",\"item\":\"https:\/\/www.fiscalia.gov.co\/colombia\/\"},{\"@type\":\"ListItem\",\"position\":2,\"name\":\"En Sucre aseguran a presunto extorsionista de comerciantes y ganaderos\"}]},{\"@type\":\"WebSite\",\"@id\":\"https:\/\/www.fiscalia.gov.co\/colombia\/#website\",\"url\":\"https:\/\/www.fiscalia.gov.co\/colombia\/\",\"name\":\"Fiscal\u00eda General de la Naci\u00f3n\",\"description\":\"P\u00e1gina oficial de la Fiscal\u00eda General de la Naci\u00f3n \u2013 Colombia. Garantizamos el acceso efectivo a la justicia, la verdad y la reparaci\u00f3n de las v\u00edctimas de los delitos.\",\"publisher\":{\"@id\":\"https:\/\/www.fiscalia.gov.co\/colombia\/#organization\"},\"potentialAction\":[{\"@type\":\"SearchAction\",\"target\":{\"@type\":\"EntryPoint\",\"urlTemplate\":\"https:\/\/www.fiscalia.gov.co\/colombia\/?s={search_term_string}\"},\"query-input\":{\"@type\":\"PropertyValueSpecification\",\"valueRequired\":true,\"valueName\":\"search_term_string\"}}],\"inLanguage\":\"es-CO\"},{\"@type\":\"Organization\",\"@id\":\"https:\/\/www.fiscalia.gov.co\/colombia\/#organization\",\"name\":\"Fiscal\u00eda General de la Naci\u00f3n\",\"url\":\"https:\/\/www.fiscalia.gov.co\/colombia\/\",\"logo\":{\"@type\":\"ImageObject\",\"inLanguage\":\"es-CO\",\"@id\":\"https:\/\/www.fiscalia.gov.co\/colombia\/#\/schema\/logo\/image\/\",\"url\":\"https:\/\/www.fiscalia.gov.co\/colombia\/wp-content\/uploads\/LogoHorizontal_1.jpg\",\"contentUrl\":\"https:\/\/www.fiscalia.gov.co\/colombia\/wp-content\/uploads\/LogoHorizontal_1.jpg\",\"width\":300,\"height\":90,\"caption\":\"Fiscal\u00eda General de la Naci\u00f3n\"},\"image\":{\"@id\":\"https:\/\/www.fiscalia.gov.co\/colombia\/#\/schema\/logo\/image\/\"},\"sameAs\":[\"https:\/\/www.facebook.com\/FiscaliaCol\",\"https:\/\/x.com\/FiscaliaCol\",\"https:\/\/www.instagram.com\/fiscaliacol\",\"https:\/\/www.linkedin.com\/company\/fiscalia-general-de-la-naci-n\/\",\"https:\/\/youtube.com\/@fiscaliageneraldelanacion-4668?si=6nN79nyQICPU5iTh\"]},{\"@type\":\"Person\",\"@id\":\"https:\/\/www.fiscalia.gov.co\/colombia\/#\/schema\/person\/bf84402cf293a5393e9c70b111020b24\",\"name\":\"Jordan Leandro Oviedo Anzola\",\"image\":{\"@type\":\"ImageObject\",\"inLanguage\":\"es-CO\",\"@id\":\"https:\/\/www.fiscalia.gov.co\/colombia\/#\/schema\/person\/image\/\",\"url\":\"https:\/\/secure.gravatar.com\/avatar\/dabba4346fa9b9207d96adafa8f92721?s=96&d=mm&r=g\",\"contentUrl\":\"https:\/\/secure.gravatar.com\/avatar\/dabba4346fa9b9207d96adafa8f92721?s=96&d=mm&r=g\",\"caption\":\"Jordan Leandro Oviedo Anzola\"},\"url\":\"https:\/\/www.fiscalia.gov.co\/colombia\/author\/joviedo\/\"}]}<\/script>\n<!-- \/ Yoast SEO plugin. -->","yoast_head_json":{"title":"Fiscal\u00eda General de la Naci\u00f3n","description":"P\u00e1gina oficial de la Fiscal\u00eda General de la Naci\u00f3n \u2013 Colombia. Garantizamos el acceso efectivo a la justicia, la verdad y la reparaci\u00f3n de las v\u00edctimas de los delitos.","robots":{"index":"noindex","follow":"follow"},"og_locale":"es_ES","og_type":"article","og_title":"Fiscal\u00eda General de la Naci\u00f3n","og_description":"P\u00e1gina oficial de la Fiscal\u00eda General de la Naci\u00f3n \u2013 Colombia. Garantizamos el acceso efectivo a la justicia, la verdad y la reparaci\u00f3n de las v\u00edctimas de los delitos.","og_url":"https:\/\/www.fiscalia.gov.co\/colombia\/noticias\/en-sucre-aseguran-a-presunto-extorsionista-de-comerciantes-y-ganaderos\/","og_site_name":"Fiscal\u00eda General de la Naci\u00f3n","article_publisher":"https:\/\/www.facebook.com\/FiscaliaCol","article_published_time":"2026-03-13T14:08:00+00:00","author":"Jordan Leandro Oviedo Anzola","twitter_card":"summary_large_image","twitter_creator":"@FiscaliaCol","twitter_site":"@FiscaliaCol","twitter_misc":{"Escrito por":"Jordan Leandro Oviedo Anzola","Tiempo de lectura":"2 minutos"},"schema":{"@context":"https:\/\/schema.org","@graph":[{"@type":"Article","@id":"https:\/\/www.fiscalia.gov.co\/colombia\/noticias\/en-sucre-aseguran-a-presunto-extorsionista-de-comerciantes-y-ganaderos\/#article","isPartOf":{"@id":"https:\/\/www.fiscalia.gov.co\/colombia\/noticias\/en-sucre-aseguran-a-presunto-extorsionista-de-comerciantes-y-ganaderos\/"},"author":{"name":"Jordan Leandro Oviedo Anzola","@id":"https:\/\/www.fiscalia.gov.co\/colombia\/#\/schema\/person\/bf84402cf293a5393e9c70b111020b24"},"headline":"En Sucre aseguran a presunto extorsionista de comerciantes y ganaderos","datePublished":"2026-03-13T14:08:00+00:00","dateModified":"2026-03-13T14:08:00+00:00","mainEntityOfPage":{"@id":"https:\/\/www.fiscalia.gov.co\/colombia\/noticias\/en-sucre-aseguran-a-presunto-extorsionista-de-comerciantes-y-ganaderos\/"},"wordCount":333,"publisher":{"@id":"https:\/\/www.fiscalia.gov.co\/colombia\/#organization"},"keywords":["Autodefensas","Clan del Golfo","Comerciantes","Concierto para delinquir","Dinero","El Coley","exigencias","Extorsi\u00f3n","Fiscal\u00eda Colombia","Fiscal\u00eda General de la Naci\u00f3n","Ganaderos","Palmitos","Polic\u00eda Nacional","San Benito Abad","Sincelejo","Sincelejo (Sucre)","Sucre"],"articleSection":["Noticias","Seccional Sincelejo","Seccional Sucre","Seccionales"],"inLanguage":"es-CO"},{"@type":"WebPage","@id":"https:\/\/www.fiscalia.gov.co\/colombia\/noticias\/en-sucre-aseguran-a-presunto-extorsionista-de-comerciantes-y-ganaderos\/","url":"https:\/\/www.fiscalia.gov.co\/colombia\/noticias\/en-sucre-aseguran-a-presunto-extorsionista-de-comerciantes-y-ganaderos\/","name":"Fiscal\u00eda General de la Naci\u00f3n","isPartOf":{"@id":"https:\/\/www.fiscalia.gov.co\/colombia\/#website"},"datePublished":"2026-03-13T14:08:00+00:00","dateModified":"2026-03-13T14:08:00+00:00","description":"P\u00e1gina oficial de la Fiscal\u00eda General de la Naci\u00f3n \u2013 Colombia. Garantizamos el acceso efectivo a la justicia, la verdad y la reparaci\u00f3n de las v\u00edctimas de los delitos.","breadcrumb":{"@id":"https:\/\/www.fiscalia.gov.co\/colombia\/noticias\/en-sucre-aseguran-a-presunto-extorsionista-de-comerciantes-y-ganaderos\/#breadcrumb"},"inLanguage":"es-CO","potentialAction":[{"@type":"ReadAction","target":["https:\/\/www.fiscalia.gov.co\/colombia\/noticias\/en-sucre-aseguran-a-presunto-extorsionista-de-comerciantes-y-ganaderos\/"]}]},{"@type":"BreadcrumbList","@id":"https:\/\/www.fiscalia.gov.co\/colombia\/noticias\/en-sucre-aseguran-a-presunto-extorsionista-de-comerciantes-y-ganaderos\/#breadcrumb","itemListElement":[{"@type":"ListItem","position":1,"name":"Home","item":"https:\/\/www.fiscalia.gov.co\/colombia\/"},{"@type":"ListItem","position":2,"name":"En Sucre aseguran a presunto extorsionista de comerciantes y ganaderos"}]},{"@type":"WebSite","@id":"https:\/\/www.fiscalia.gov.co\/colombia\/#website","url":"https:\/\/www.fiscalia.gov.co\/colombia\/","name":"Fiscal\u00eda General de la Naci\u00f3n","description":"P\u00e1gina oficial de la Fiscal\u00eda General de la Naci\u00f3n \u2013 Colombia. Garantizamos el acceso efectivo a la justicia, la verdad y la reparaci\u00f3n de las v\u00edctimas de los delitos.","publisher":{"@id":"https:\/\/www.fiscalia.gov.co\/colombia\/#organization"},"potentialAction":[{"@type":"SearchAction","target":{"@type":"EntryPoint","urlTemplate":"https:\/\/www.fiscalia.gov.co\/colombia\/?s={search_term_string}"},"query-input":{"@type":"PropertyValueSpecification","valueRequired":true,"valueName":"search_term_string"}}],"inLanguage":"es-CO"},{"@type":"Organization","@id":"https:\/\/www.fiscalia.gov.co\/colombia\/#organization","name":"Fiscal\u00eda General de la Naci\u00f3n","url":"https:\/\/www.fiscalia.gov.co\/colombia\/","logo":{"@type":"ImageObject","inLanguage":"es-CO","@id":"https:\/\/www.fiscalia.gov.co\/colombia\/#\/schema\/logo\/image\/","url":"https:\/\/www.fiscalia.gov.co\/colombia\/wp-content\/uploads\/LogoHorizontal_1.jpg","contentUrl":"https:\/\/www.fiscalia.gov.co\/colombia\/wp-content\/uploads\/LogoHorizontal_1.jpg","width":300,"height":90,"caption":"Fiscal\u00eda General de la Naci\u00f3n"},"image":{"@id":"https:\/\/www.fiscalia.gov.co\/colombia\/#\/schema\/logo\/image\/"},"sameAs":["https:\/\/www.facebook.com\/FiscaliaCol","https:\/\/x.com\/FiscaliaCol","https:\/\/www.instagram.com\/fiscaliacol","https:\/\/www.linkedin.com\/company\/fiscalia-general-de-la-naci-n\/","https:\/\/youtube.com\/@fiscaliageneraldelanacion-4668?si=6nN79nyQICPU5iTh"]},{"@type":"Person","@id":"https:\/\/www.fiscalia.gov.co\/colombia\/#\/schema\/person\/bf84402cf293a5393e9c70b111020b24","name":"Jordan Leandro Oviedo Anzola","image":{"@type":"ImageObject","inLanguage":"es-CO","@id":"https:\/\/www.fiscalia.gov.co\/colombia\/#\/schema\/person\/image\/","url":"https:\/\/secure.gravatar.com\/avatar\/dabba4346fa9b9207d96adafa8f92721?s=96&d=mm&r=g","contentUrl":"https:\/\/secure.gravatar.com\/avatar\/dabba4346fa9b9207d96adafa8f92721?s=96&d=mm&r=g","caption":"Jordan Leandro Oviedo Anzola"},"url":"https:\/\/www.fiscalia.gov.co\/colombia\/author\/joviedo\/"}]}},"_links":{"self":[{"href":"https:\/\/www.fiscalia.gov.co\/colombia\/wp-json\/wp\/v2\/posts\/332843","targetHints":{"allow":["GET"]}}],"collection":[{"href":"https:\/\/www.fiscalia.gov.co\/colombia\/wp-json\/wp\/v2\/posts"}],"about":[{"href":"https:\/\/www.fiscalia.gov.co\/colombia\/wp-json\/wp\/v2\/types\/post"}],"author":[{"embeddable":true,"href":"https:\/\/www.fiscalia.gov.co\/colombia\/wp-json\/wp\/v2\/users\/177"}],"replies":[{"embeddable":true,"href":"https:\/\/www.fiscalia.gov.co\/colombia\/wp-json\/wp\/v2\/comments?post=332843"}],"version-history":[{"count":1,"href":"https:\/\/www.fiscalia.gov.co\/colombia\/wp-json\/wp\/v2\/posts\/332843\/revisions"}],"predecessor-version":[{"id":332846,"href":"https:\/\/www.fiscalia.gov.co\/colombia\/wp-json\/wp\/v2\/posts\/332843\/revisions\/332846"}],"wp:attachment":[{"href":"https:\/\/www.fiscalia.gov.co\/colombia\/wp-json\/wp\/v2\/media?parent=332843"}],"wp:term":[{"taxonomy":"category","embeddable":true,"href":"https:\/\/www.fiscalia.gov.co\/colombia\/wp-json\/wp\/v2\/categories?post=332843"},{"taxonomy":"post_tag","embeddable":true,"href":"https:\/\/www.fiscalia.gov.co\/colombia\/wp-json\/wp\/v2\/tags?post=332843"}],"curies":[{"name":"wp","href":"https:\/\/api.w.org\/{rel}","templated":true}]}}