{"id":332769,"date":"2026-03-12T09:14:15","date_gmt":"2026-03-12T14:14:15","guid":{"rendered":"https:\/\/www.fiscalia.gov.co\/colombia\/?p=332769"},"modified":"2026-03-12T09:14:15","modified_gmt":"2026-03-12T14:14:15","slug":"presuntos-integrantes-de-grupo-delincuencial-involucrados-en-el-trafico-local-de-estupefacientes-en-popayan-cauca-fueron-judicializados","status":"publish","type":"post","link":"https:\/\/www.fiscalia.gov.co\/colombia\/noticias\/presuntos-integrantes-de-grupo-delincuencial-involucrados-en-el-trafico-local-de-estupefacientes-en-popayan-cauca-fueron-judicializados\/","title":{"rendered":"Presuntos integrantes de grupo delincuencial involucrados en el tr\u00e1fico local de estupefacientes en Popay\u00e1n (Cauca) fueron judicializados"},"content":{"rendered":"<h4 style=\"text-align: center;\"><strong><em>La investigaci\u00f3n permiti\u00f3 establecer que estas personas, al parecer, comercializaban estupefacientes al menudeo alrededor de centros educativos, canchas deportivas, puestos de salud, entre otros.<\/em><\/strong><\/h4>\n<p>Las actividades investigativas desplegadas por la Fiscal\u00eda General de la Naci\u00f3n permitieron la judicializaci\u00f3n de 10 presuntos integrantes de un grupo delincuencial conocido como \u2018Los Pandora\u2019, quienes estar\u00edan involucrados la distribuci\u00f3n de <strong>estupefacientes en la Comuna 6 de Popay\u00e1n (Cauca).<\/strong><\/p>\n<p>Se trata de Leidy Marcela Piamba Camayo, Gina Isabel Fajardo, Ana Mar\u00eda Mu\u00f1oz L\u00f3pez, Juanita Paniagua Jaraba, Sandra Maribel Erazo, Alexandra Minelly Ru\u00edz, Dayan Ver\u00f3nica L\u00f3pez, Hugo Alexander Quira L\u00f3pez, Andr\u00e9s Ferney L\u00f3pez Achinte y Yoini Alberto Meneses Rivas, a quienes un fiscal de la Estructura de Apoyo (EDA) les imput\u00f3 los <strong>delitos de concierto para delinquir y fabricaci\u00f3n, tr\u00e1fico y porte de estupefacientes.<\/strong> Los procesados no aceptaron los cargos.<\/p>\n<p>Ocho de los investigados fueron afectados con medida de aseguramiento en centro carcelario y dos en lugar de residencia.<\/p>\n<p>De acuerdo con la investigaci\u00f3n, desde 2025 los procesados presuntamente se dedicaron a la <strong>distribuci\u00f3n y comercializaci\u00f3n de marihuana y bazuco<\/strong>, mediante la modalidad de menudeo, en sectores del barrio Alfonso L\u00f3pez de la Comuna 6.<\/p>\n<p>La venta del estupefaciente la realizaban cerca de instituciones educativas, centros de salud, parques, canchas deportivas y establecimientos comerciales. Para no ser detectados por las autoridades, <strong>utilizaban como fachada juegos de mesa al aire libre y guardaban las sustancias en alcantarillas<\/strong>, techos, andenes, bolsas de comida y hasta en los tarros de basura.<\/p>\n<p>Siete de los procesados fueron capturados durante diligencias de allanamiento y registro adelantadas por funcionarios del Cuerpo T\u00e9cnico de Investigaci\u00f3n (CTI), uniformados de la Polic\u00eda Nacional y soldados del Gaula Militar en <strong>varias viviendas de los barrios Alfonso L\u00f3pez y Los Sauces de Popay\u00e1n.<\/strong><\/p>\n<p>Por su parte, los tres restantes fueron detenidos en flagrancia y por notificaci\u00f3n judicial en v\u00edas p\u00fablicas de Popay\u00e1n y Medell\u00edn. En las diligencias judiciales fueron incautados estupefacientes que iban a ser comercializados.<\/p>\n<p>&nbsp;<\/p>\n<p>&nbsp;<\/p>\n<p>&nbsp;<\/p>\n<p>&nbsp;<\/p>\n<p>JGPV\/AMCJ\/CJGB\/DSC<\/p>\n<p>&nbsp;<\/p>\n<p>&nbsp;<\/p>\n<p>&nbsp;<\/p>\n<p>&nbsp;<\/p>\n<div class=\"td-post-content tagdiv-type\">\n<p><em>La informaci\u00f3n contenida en este bolet\u00edn de prensa corresponde a la narraci\u00f3n de los hechos noticiosos objetivos, suministrados por los funcionarios encargados de adelantar las investigaciones penales al interior de la Fiscal\u00eda General de la Naci\u00f3n. Para el momento de la divulgaci\u00f3n de este comunicado, la situaci\u00f3n jur\u00eddica de la(s) persona(s) relacionada(s) se encuentra pendiente de resolver por la autoridad judicial competente, siempre bajo los preceptos de la presunci\u00f3n de inocencia, consagrados en el art\u00edculo 29 de la Constituci\u00f3n Pol\u00edtica y el art\u00edculo 7\u00ba de la Ley 906 de 2004.<\/em><\/p>\n<\/div>\n<footer>\n<div class=\"td-post-source-tags\"><\/div>\n<div class=\"td-post-sharing-bottom\"><\/div>\n<\/footer>\n\n<div class=\"twitter-share\"><a href=\"https:\/\/twitter.com\/intent\/tweet?via=fiscaliacol\" class=\"twitter-share-button\">Tweet<\/a><\/div>\n","protected":false},"excerpt":{"rendered":"<p>La investigaci\u00f3n permiti\u00f3 establecer que estas personas, al parecer, comercializaban estupefacientes al menudeo alrededor de centros educativos, canchas deportivas, puestos de salud, entre otros. Las actividades investigativas desplegadas por la Fiscal\u00eda General de la Naci\u00f3n permitieron la judicializaci\u00f3n de 10 presuntos integrantes de un grupo delincuencial conocido como \u2018Los Pandora\u2019, quienes estar\u00edan involucrados la distribuci\u00f3n [&hellip;]<\/p>\n","protected":false},"author":177,"featured_media":0,"comment_status":"closed","ping_status":"open","sticky":false,"template":"","format":"standard","meta":{"_price":"","_stock":"","_tribe_ticket_header":"","_tribe_default_ticket_provider":"","_tribe_ticket_capacity":"0","_ticket_start_date":"","_ticket_end_date":"","_tribe_ticket_show_description":"","_tribe_ticket_show_not_going":false,"_tribe_ticket_use_global_stock":"","_tribe_ticket_global_stock_level":"","_global_stock_mode":"","_global_stock_cap":"","_tribe_rsvp_for_event":"","_tribe_ticket_going_count":"","_tribe_ticket_not_going_count":"","_tribe_tickets_list":"[]","_tribe_ticket_has_attendee_info_fields":false,"tdm_status":"","tdm_grid_status":"","footnotes":""},"categories":[1,336,303,24103],"tags":[31641],"class_list":{"0":"post-332769","1":"post","2":"type-post","3":"status-publish","4":"format-standard","6":"category-noticias","7":"category-seccional-popayan","8":"category-seccionales","9":"category-trafico-de-estupefacientes","10":"tag-popayan-cauca"},"yoast_head":"<!-- This site is optimized with the Yoast SEO plugin v24.3 - https:\/\/yoast.com\/wordpress\/plugins\/seo\/ -->\n<title>Fiscal\u00eda General de la Naci\u00f3n<\/title>\n<meta name=\"description\" content=\"P\u00e1gina oficial de la Fiscal\u00eda General de la Naci\u00f3n \u2013 Colombia. Garantizamos el acceso efectivo a la justicia, la verdad y la reparaci\u00f3n de las v\u00edctimas de los delitos.\" \/>\n<meta name=\"robots\" content=\"noindex, follow\" \/>\n<meta property=\"og:locale\" content=\"es_ES\" \/>\n<meta property=\"og:type\" content=\"article\" \/>\n<meta property=\"og:title\" content=\"Fiscal\u00eda General de la Naci\u00f3n\" \/>\n<meta property=\"og:description\" content=\"P\u00e1gina oficial de la Fiscal\u00eda General de la Naci\u00f3n \u2013 Colombia. Garantizamos el acceso efectivo a la justicia, la verdad y la reparaci\u00f3n de las v\u00edctimas de los delitos.\" \/>\n<meta property=\"og:url\" content=\"https:\/\/www.fiscalia.gov.co\/colombia\/noticias\/presuntos-integrantes-de-grupo-delincuencial-involucrados-en-el-trafico-local-de-estupefacientes-en-popayan-cauca-fueron-judicializados\/\" \/>\n<meta property=\"og:site_name\" content=\"Fiscal\u00eda General de la Naci\u00f3n\" \/>\n<meta property=\"article:publisher\" content=\"https:\/\/www.facebook.com\/FiscaliaCol\" \/>\n<meta property=\"article:published_time\" content=\"2026-03-12T14:14:15+00:00\" \/>\n<meta name=\"author\" content=\"Jordan Leandro Oviedo Anzola\" \/>\n<meta name=\"twitter:card\" content=\"summary_large_image\" \/>\n<meta name=\"twitter:creator\" content=\"@FiscaliaCol\" \/>\n<meta name=\"twitter:site\" content=\"@FiscaliaCol\" \/>\n<meta name=\"twitter:label1\" content=\"Escrito por\" \/>\n\t<meta name=\"twitter:data1\" content=\"Jordan Leandro Oviedo Anzola\" \/>\n\t<meta name=\"twitter:label2\" content=\"Tiempo de lectura\" \/>\n\t<meta name=\"twitter:data2\" content=\"2 minutos\" \/>\n<script type=\"application\/ld+json\" class=\"yoast-schema-graph\">{\"@context\":\"https:\/\/schema.org\",\"@graph\":[{\"@type\":\"Article\",\"@id\":\"https:\/\/www.fiscalia.gov.co\/colombia\/noticias\/presuntos-integrantes-de-grupo-delincuencial-involucrados-en-el-trafico-local-de-estupefacientes-en-popayan-cauca-fueron-judicializados\/#article\",\"isPartOf\":{\"@id\":\"https:\/\/www.fiscalia.gov.co\/colombia\/noticias\/presuntos-integrantes-de-grupo-delincuencial-involucrados-en-el-trafico-local-de-estupefacientes-en-popayan-cauca-fueron-judicializados\/\"},\"author\":{\"name\":\"Jordan Leandro Oviedo Anzola\",\"@id\":\"https:\/\/www.fiscalia.gov.co\/colombia\/#\/schema\/person\/bf84402cf293a5393e9c70b111020b24\"},\"headline\":\"Presuntos integrantes de grupo delincuencial involucrados en el tr\u00e1fico local de estupefacientes en Popay\u00e1n (Cauca) fueron judicializados\",\"datePublished\":\"2026-03-12T14:14:15+00:00\",\"dateModified\":\"2026-03-12T14:14:15+00:00\",\"mainEntityOfPage\":{\"@id\":\"https:\/\/www.fiscalia.gov.co\/colombia\/noticias\/presuntos-integrantes-de-grupo-delincuencial-involucrados-en-el-trafico-local-de-estupefacientes-en-popayan-cauca-fueron-judicializados\/\"},\"wordCount\":480,\"publisher\":{\"@id\":\"https:\/\/www.fiscalia.gov.co\/colombia\/#organization\"},\"keywords\":[\"Popay\u00e1n (Cauca)\"],\"articleSection\":[\"Noticias\",\"Seccional Popay\u00e1n\",\"Seccionales\",\"Tr\u00e1fico de estupefacientes\"],\"inLanguage\":\"es-CO\"},{\"@type\":\"WebPage\",\"@id\":\"https:\/\/www.fiscalia.gov.co\/colombia\/noticias\/presuntos-integrantes-de-grupo-delincuencial-involucrados-en-el-trafico-local-de-estupefacientes-en-popayan-cauca-fueron-judicializados\/\",\"url\":\"https:\/\/www.fiscalia.gov.co\/colombia\/noticias\/presuntos-integrantes-de-grupo-delincuencial-involucrados-en-el-trafico-local-de-estupefacientes-en-popayan-cauca-fueron-judicializados\/\",\"name\":\"Fiscal\u00eda General de la Naci\u00f3n\",\"isPartOf\":{\"@id\":\"https:\/\/www.fiscalia.gov.co\/colombia\/#website\"},\"datePublished\":\"2026-03-12T14:14:15+00:00\",\"dateModified\":\"2026-03-12T14:14:15+00:00\",\"description\":\"P\u00e1gina oficial de la Fiscal\u00eda General de la Naci\u00f3n \u2013 Colombia. Garantizamos el acceso efectivo a la justicia, la verdad y la reparaci\u00f3n de las v\u00edctimas de los delitos.\",\"breadcrumb\":{\"@id\":\"https:\/\/www.fiscalia.gov.co\/colombia\/noticias\/presuntos-integrantes-de-grupo-delincuencial-involucrados-en-el-trafico-local-de-estupefacientes-en-popayan-cauca-fueron-judicializados\/#breadcrumb\"},\"inLanguage\":\"es-CO\",\"potentialAction\":[{\"@type\":\"ReadAction\",\"target\":[\"https:\/\/www.fiscalia.gov.co\/colombia\/noticias\/presuntos-integrantes-de-grupo-delincuencial-involucrados-en-el-trafico-local-de-estupefacientes-en-popayan-cauca-fueron-judicializados\/\"]}]},{\"@type\":\"BreadcrumbList\",\"@id\":\"https:\/\/www.fiscalia.gov.co\/colombia\/noticias\/presuntos-integrantes-de-grupo-delincuencial-involucrados-en-el-trafico-local-de-estupefacientes-en-popayan-cauca-fueron-judicializados\/#breadcrumb\",\"itemListElement\":[{\"@type\":\"ListItem\",\"position\":1,\"name\":\"Home\",\"item\":\"https:\/\/www.fiscalia.gov.co\/colombia\/\"},{\"@type\":\"ListItem\",\"position\":2,\"name\":\"Presuntos integrantes de grupo delincuencial involucrados en el tr\u00e1fico local de estupefacientes en Popay\u00e1n (Cauca) fueron judicializados\"}]},{\"@type\":\"WebSite\",\"@id\":\"https:\/\/www.fiscalia.gov.co\/colombia\/#website\",\"url\":\"https:\/\/www.fiscalia.gov.co\/colombia\/\",\"name\":\"Fiscal\u00eda General de la Naci\u00f3n\",\"description\":\"P\u00e1gina oficial de la Fiscal\u00eda General de la Naci\u00f3n \u2013 Colombia. Garantizamos el acceso efectivo a la justicia, la verdad y la reparaci\u00f3n de las v\u00edctimas de los delitos.\",\"publisher\":{\"@id\":\"https:\/\/www.fiscalia.gov.co\/colombia\/#organization\"},\"potentialAction\":[{\"@type\":\"SearchAction\",\"target\":{\"@type\":\"EntryPoint\",\"urlTemplate\":\"https:\/\/www.fiscalia.gov.co\/colombia\/?s={search_term_string}\"},\"query-input\":{\"@type\":\"PropertyValueSpecification\",\"valueRequired\":true,\"valueName\":\"search_term_string\"}}],\"inLanguage\":\"es-CO\"},{\"@type\":\"Organization\",\"@id\":\"https:\/\/www.fiscalia.gov.co\/colombia\/#organization\",\"name\":\"Fiscal\u00eda General de la Naci\u00f3n\",\"url\":\"https:\/\/www.fiscalia.gov.co\/colombia\/\",\"logo\":{\"@type\":\"ImageObject\",\"inLanguage\":\"es-CO\",\"@id\":\"https:\/\/www.fiscalia.gov.co\/colombia\/#\/schema\/logo\/image\/\",\"url\":\"https:\/\/www.fiscalia.gov.co\/colombia\/wp-content\/uploads\/LogoHorizontal_1.jpg\",\"contentUrl\":\"https:\/\/www.fiscalia.gov.co\/colombia\/wp-content\/uploads\/LogoHorizontal_1.jpg\",\"width\":300,\"height\":90,\"caption\":\"Fiscal\u00eda General de la Naci\u00f3n\"},\"image\":{\"@id\":\"https:\/\/www.fiscalia.gov.co\/colombia\/#\/schema\/logo\/image\/\"},\"sameAs\":[\"https:\/\/www.facebook.com\/FiscaliaCol\",\"https:\/\/x.com\/FiscaliaCol\",\"https:\/\/www.instagram.com\/fiscaliacol\",\"https:\/\/www.linkedin.com\/company\/fiscalia-general-de-la-naci-n\/\",\"https:\/\/youtube.com\/@fiscaliageneraldelanacion-4668?si=6nN79nyQICPU5iTh\"]},{\"@type\":\"Person\",\"@id\":\"https:\/\/www.fiscalia.gov.co\/colombia\/#\/schema\/person\/bf84402cf293a5393e9c70b111020b24\",\"name\":\"Jordan Leandro Oviedo Anzola\",\"image\":{\"@type\":\"ImageObject\",\"inLanguage\":\"es-CO\",\"@id\":\"https:\/\/www.fiscalia.gov.co\/colombia\/#\/schema\/person\/image\/\",\"url\":\"https:\/\/secure.gravatar.com\/avatar\/dabba4346fa9b9207d96adafa8f92721?s=96&d=mm&r=g\",\"contentUrl\":\"https:\/\/secure.gravatar.com\/avatar\/dabba4346fa9b9207d96adafa8f92721?s=96&d=mm&r=g\",\"caption\":\"Jordan Leandro Oviedo Anzola\"},\"url\":\"https:\/\/www.fiscalia.gov.co\/colombia\/author\/joviedo\/\"}]}<\/script>\n<!-- \/ Yoast SEO plugin. -->","yoast_head_json":{"title":"Fiscal\u00eda General de la Naci\u00f3n","description":"P\u00e1gina oficial de la Fiscal\u00eda General de la Naci\u00f3n \u2013 Colombia. Garantizamos el acceso efectivo a la justicia, la verdad y la reparaci\u00f3n de las v\u00edctimas de los delitos.","robots":{"index":"noindex","follow":"follow"},"og_locale":"es_ES","og_type":"article","og_title":"Fiscal\u00eda General de la Naci\u00f3n","og_description":"P\u00e1gina oficial de la Fiscal\u00eda General de la Naci\u00f3n \u2013 Colombia. Garantizamos el acceso efectivo a la justicia, la verdad y la reparaci\u00f3n de las v\u00edctimas de los delitos.","og_url":"https:\/\/www.fiscalia.gov.co\/colombia\/noticias\/presuntos-integrantes-de-grupo-delincuencial-involucrados-en-el-trafico-local-de-estupefacientes-en-popayan-cauca-fueron-judicializados\/","og_site_name":"Fiscal\u00eda General de la Naci\u00f3n","article_publisher":"https:\/\/www.facebook.com\/FiscaliaCol","article_published_time":"2026-03-12T14:14:15+00:00","author":"Jordan Leandro Oviedo Anzola","twitter_card":"summary_large_image","twitter_creator":"@FiscaliaCol","twitter_site":"@FiscaliaCol","twitter_misc":{"Escrito por":"Jordan Leandro Oviedo Anzola","Tiempo de lectura":"2 minutos"},"schema":{"@context":"https:\/\/schema.org","@graph":[{"@type":"Article","@id":"https:\/\/www.fiscalia.gov.co\/colombia\/noticias\/presuntos-integrantes-de-grupo-delincuencial-involucrados-en-el-trafico-local-de-estupefacientes-en-popayan-cauca-fueron-judicializados\/#article","isPartOf":{"@id":"https:\/\/www.fiscalia.gov.co\/colombia\/noticias\/presuntos-integrantes-de-grupo-delincuencial-involucrados-en-el-trafico-local-de-estupefacientes-en-popayan-cauca-fueron-judicializados\/"},"author":{"name":"Jordan Leandro Oviedo Anzola","@id":"https:\/\/www.fiscalia.gov.co\/colombia\/#\/schema\/person\/bf84402cf293a5393e9c70b111020b24"},"headline":"Presuntos integrantes de grupo delincuencial involucrados en el tr\u00e1fico local de estupefacientes en Popay\u00e1n (Cauca) fueron judicializados","datePublished":"2026-03-12T14:14:15+00:00","dateModified":"2026-03-12T14:14:15+00:00","mainEntityOfPage":{"@id":"https:\/\/www.fiscalia.gov.co\/colombia\/noticias\/presuntos-integrantes-de-grupo-delincuencial-involucrados-en-el-trafico-local-de-estupefacientes-en-popayan-cauca-fueron-judicializados\/"},"wordCount":480,"publisher":{"@id":"https:\/\/www.fiscalia.gov.co\/colombia\/#organization"},"keywords":["Popay\u00e1n (Cauca)"],"articleSection":["Noticias","Seccional Popay\u00e1n","Seccionales","Tr\u00e1fico de estupefacientes"],"inLanguage":"es-CO"},{"@type":"WebPage","@id":"https:\/\/www.fiscalia.gov.co\/colombia\/noticias\/presuntos-integrantes-de-grupo-delincuencial-involucrados-en-el-trafico-local-de-estupefacientes-en-popayan-cauca-fueron-judicializados\/","url":"https:\/\/www.fiscalia.gov.co\/colombia\/noticias\/presuntos-integrantes-de-grupo-delincuencial-involucrados-en-el-trafico-local-de-estupefacientes-en-popayan-cauca-fueron-judicializados\/","name":"Fiscal\u00eda General de la Naci\u00f3n","isPartOf":{"@id":"https:\/\/www.fiscalia.gov.co\/colombia\/#website"},"datePublished":"2026-03-12T14:14:15+00:00","dateModified":"2026-03-12T14:14:15+00:00","description":"P\u00e1gina oficial de la Fiscal\u00eda General de la Naci\u00f3n \u2013 Colombia. Garantizamos el acceso efectivo a la justicia, la verdad y la reparaci\u00f3n de las v\u00edctimas de los delitos.","breadcrumb":{"@id":"https:\/\/www.fiscalia.gov.co\/colombia\/noticias\/presuntos-integrantes-de-grupo-delincuencial-involucrados-en-el-trafico-local-de-estupefacientes-en-popayan-cauca-fueron-judicializados\/#breadcrumb"},"inLanguage":"es-CO","potentialAction":[{"@type":"ReadAction","target":["https:\/\/www.fiscalia.gov.co\/colombia\/noticias\/presuntos-integrantes-de-grupo-delincuencial-involucrados-en-el-trafico-local-de-estupefacientes-en-popayan-cauca-fueron-judicializados\/"]}]},{"@type":"BreadcrumbList","@id":"https:\/\/www.fiscalia.gov.co\/colombia\/noticias\/presuntos-integrantes-de-grupo-delincuencial-involucrados-en-el-trafico-local-de-estupefacientes-en-popayan-cauca-fueron-judicializados\/#breadcrumb","itemListElement":[{"@type":"ListItem","position":1,"name":"Home","item":"https:\/\/www.fiscalia.gov.co\/colombia\/"},{"@type":"ListItem","position":2,"name":"Presuntos integrantes de grupo delincuencial involucrados en el tr\u00e1fico local de estupefacientes en Popay\u00e1n (Cauca) fueron judicializados"}]},{"@type":"WebSite","@id":"https:\/\/www.fiscalia.gov.co\/colombia\/#website","url":"https:\/\/www.fiscalia.gov.co\/colombia\/","name":"Fiscal\u00eda General de la Naci\u00f3n","description":"P\u00e1gina oficial de la Fiscal\u00eda General de la Naci\u00f3n \u2013 Colombia. Garantizamos el acceso efectivo a la justicia, la verdad y la reparaci\u00f3n de las v\u00edctimas de los delitos.","publisher":{"@id":"https:\/\/www.fiscalia.gov.co\/colombia\/#organization"},"potentialAction":[{"@type":"SearchAction","target":{"@type":"EntryPoint","urlTemplate":"https:\/\/www.fiscalia.gov.co\/colombia\/?s={search_term_string}"},"query-input":{"@type":"PropertyValueSpecification","valueRequired":true,"valueName":"search_term_string"}}],"inLanguage":"es-CO"},{"@type":"Organization","@id":"https:\/\/www.fiscalia.gov.co\/colombia\/#organization","name":"Fiscal\u00eda General de la Naci\u00f3n","url":"https:\/\/www.fiscalia.gov.co\/colombia\/","logo":{"@type":"ImageObject","inLanguage":"es-CO","@id":"https:\/\/www.fiscalia.gov.co\/colombia\/#\/schema\/logo\/image\/","url":"https:\/\/www.fiscalia.gov.co\/colombia\/wp-content\/uploads\/LogoHorizontal_1.jpg","contentUrl":"https:\/\/www.fiscalia.gov.co\/colombia\/wp-content\/uploads\/LogoHorizontal_1.jpg","width":300,"height":90,"caption":"Fiscal\u00eda General de la Naci\u00f3n"},"image":{"@id":"https:\/\/www.fiscalia.gov.co\/colombia\/#\/schema\/logo\/image\/"},"sameAs":["https:\/\/www.facebook.com\/FiscaliaCol","https:\/\/x.com\/FiscaliaCol","https:\/\/www.instagram.com\/fiscaliacol","https:\/\/www.linkedin.com\/company\/fiscalia-general-de-la-naci-n\/","https:\/\/youtube.com\/@fiscaliageneraldelanacion-4668?si=6nN79nyQICPU5iTh"]},{"@type":"Person","@id":"https:\/\/www.fiscalia.gov.co\/colombia\/#\/schema\/person\/bf84402cf293a5393e9c70b111020b24","name":"Jordan Leandro Oviedo Anzola","image":{"@type":"ImageObject","inLanguage":"es-CO","@id":"https:\/\/www.fiscalia.gov.co\/colombia\/#\/schema\/person\/image\/","url":"https:\/\/secure.gravatar.com\/avatar\/dabba4346fa9b9207d96adafa8f92721?s=96&d=mm&r=g","contentUrl":"https:\/\/secure.gravatar.com\/avatar\/dabba4346fa9b9207d96adafa8f92721?s=96&d=mm&r=g","caption":"Jordan Leandro Oviedo Anzola"},"url":"https:\/\/www.fiscalia.gov.co\/colombia\/author\/joviedo\/"}]}},"_links":{"self":[{"href":"https:\/\/www.fiscalia.gov.co\/colombia\/wp-json\/wp\/v2\/posts\/332769","targetHints":{"allow":["GET"]}}],"collection":[{"href":"https:\/\/www.fiscalia.gov.co\/colombia\/wp-json\/wp\/v2\/posts"}],"about":[{"href":"https:\/\/www.fiscalia.gov.co\/colombia\/wp-json\/wp\/v2\/types\/post"}],"author":[{"embeddable":true,"href":"https:\/\/www.fiscalia.gov.co\/colombia\/wp-json\/wp\/v2\/users\/177"}],"replies":[{"embeddable":true,"href":"https:\/\/www.fiscalia.gov.co\/colombia\/wp-json\/wp\/v2\/comments?post=332769"}],"version-history":[{"count":1,"href":"https:\/\/www.fiscalia.gov.co\/colombia\/wp-json\/wp\/v2\/posts\/332769\/revisions"}],"predecessor-version":[{"id":332771,"href":"https:\/\/www.fiscalia.gov.co\/colombia\/wp-json\/wp\/v2\/posts\/332769\/revisions\/332771"}],"wp:attachment":[{"href":"https:\/\/www.fiscalia.gov.co\/colombia\/wp-json\/wp\/v2\/media?parent=332769"}],"wp:term":[{"taxonomy":"category","embeddable":true,"href":"https:\/\/www.fiscalia.gov.co\/colombia\/wp-json\/wp\/v2\/categories?post=332769"},{"taxonomy":"post_tag","embeddable":true,"href":"https:\/\/www.fiscalia.gov.co\/colombia\/wp-json\/wp\/v2\/tags?post=332769"}],"curies":[{"name":"wp","href":"https:\/\/api.w.org\/{rel}","templated":true}]}}