{"id":332680,"date":"2026-03-10T16:00:59","date_gmt":"2026-03-10T21:00:59","guid":{"rendered":"https:\/\/www.fiscalia.gov.co\/colombia\/?p=332680"},"modified":"2026-03-10T16:00:59","modified_gmt":"2026-03-10T21:00:59","slug":"asegurados-en-centro-carcelario-presuntos-articuladores-de-red-de-corrupcion-senalada-de-favorecer-las-actividades-de-contrabando-de-diego-marin-buitrago","status":"publish","type":"post","link":"https:\/\/www.fiscalia.gov.co\/colombia\/lucha-contra-corrupcion\/asegurados-en-centro-carcelario-presuntos-articuladores-de-red-de-corrupcion-senalada-de-favorecer-las-actividades-de-contrabando-de-diego-marin-buitrago\/","title":{"rendered":"Asegurados en centro carcelario presuntos articuladores de red de corrupci\u00f3n se\u00f1alada de favorecer las actividades de contrabando de Diego Mar\u00edn Buitrago"},"content":{"rendered":"<h4 style=\"text-align: center;\"><strong><em>Los procesados, un excandidato al Senado de la Rep\u00fablica y cuatro exintegrantes de la Polic\u00eda Nacional, fueron imputados de acuerdo con su posible responsabilidad individual por los delitos de concierto para delinquir agravado, cohecho por dar u ofrecer, tr\u00e1fico de influencias de servidor p\u00fablico y tr\u00e1fico de influencias de particulares.<\/em><\/strong><\/h4>\n<p>Por petici\u00f3n de la Fiscal\u00eda General de la Naci\u00f3n, un juez penal de control de garant\u00edas de Bogot\u00e1 impuso medida de aseguramiento en <strong>centro carcelario para al excandidato al Senado de la Rep\u00fablica<\/strong>, Freddy Camilo G\u00f3mez Castro; a los exintegrantes de la Polic\u00eda Nacional, capit\u00e1n en retiro Faudel Luis Salazar Pi\u00f1eros; y los patrulleros (r) Jos\u00e9 Luis Olaya Caicedo, Juan Miguel Jaramillo Mora y \u00c9dgar Humberto Bacca Su\u00e1rez.<\/p>\n<p>Estas personas son se\u00f1aladas de hacer parte de una red de corrupci\u00f3n que favoreci\u00f3 las actividades de contrabando de Diego Mar\u00edn Buitrago, conocido como \u2018El Viejo\u2019 o \u2018Pap\u00e1 Pitufo\u2019, ejerciendo diferentes roles il\u00edcitos, contactando a servidores de la Polic\u00eda Fiscal y Aduanera (POLFA) y la Direcci\u00f3n de Impuestos y Aduanas Nacionales (DIAN), que podr\u00edan beneficiar el ingreso irregular de mercanc\u00eda por los puertos del Caribe, a cambio de d\u00e1divas o \u2018cachetadas\u2019, como eran denominadas por la organizaci\u00f3n delictiva, <strong>que ascend\u00edan hasta 300 millones de pesos mensuales.<\/strong><\/p>\n<p>En ese sentido, G\u00f3mez Castro ser\u00eda el encargado de promover reuniones con funcionarios de entidades del orden nacional y local, y de realizar acercamientos con uniformados de la POLFA con el prop\u00f3sito de que influyeran desde sus cargos los intereses criminales de Mar\u00edn Buitrago. Adicionalmente,<strong> habr\u00eda recibido pr\u00e9stamos y veh\u00edculos del grupo delincuencial<\/strong> para realizar proselitismo y encuentros con fines pol\u00edticos.<\/p>\n<p>De otra parte, Salazar Pi\u00f1eros, como jefe de la Divisi\u00f3n Operativa de la POLFA en Cartagena (Bol\u00edvar), estar\u00eda implicado en el direccionamiento de sus subalternos para que autorizaran la salida del puerto de <strong>contenedores cargados con textiles, cigarrillos y otros productos<\/strong>, los cuales no ten\u00edan la documentaci\u00f3n aduanera ni los permisos de ley completos, y eran trasladados por v\u00eda terrestre a diferentes ciudades de Colombia, Ecuador y Venezuela.<\/p>\n<p>Adicionalmente, se le atribuye haber ordenado la devoluci\u00f3n de mercanc\u00eda de contrabando que hab\u00eda sido aprehendida, en momentos en los que era trasladada en dos camiones por carreteras de Atl\u00e1ntico; y de pagar el arriendo de un apartahotel en el sector de Crespo en Cartagena para que se <strong>hospedara un mayor que pertenecer\u00eda a la red de corrupci\u00f3n.<\/strong><\/p>\n<p>Entre tanto, Olaya Caicedo habr\u00eda aprovechado su experiencia en el \u00e1rea de talento humano de la Polic\u00eda Nacional para identificar y perfilar uniformados de la POLFA que <strong>podr\u00edan colaborar para la estructura de Mar\u00edn Buitrago.<\/strong> Asimismo, estar\u00eda encargado de recolectar dinero de comerciantes en Cartagena para el pago de d\u00e1divas a otros uniformados y en algunos casos traslad\u00f3 dinero a Bogot\u00e1 con destino a otros funcionarios.<\/p>\n<p>De igual manera, \u00c9dgar Humberto Bacca S\u00e1nchez Bacca S\u00e1nchez cumplir\u00eda un rol directamente relacionado con la entrada de contrabando de cacharrer\u00eda y cigarrillos por los puertos de Barranquilla (Atl\u00e1ntico) y Cartagena (Bol\u00edvar). Al parecer, ubicaba a agentes aduaneros y due\u00f1os de agencias para que<strong> le pasaran listados de los contenedores que no deb\u00edan ser registrados ni aprehendidos<\/strong>. Las evidencias indican que habr\u00eda entregado 28 millones de pesos al capit\u00e1n en retiro Salazar Pi\u00f1eros y 10 millones en una bolsa con pandebonos a un intendente que actuaba con agente encubierto.<\/p>\n<p>Finalmente, Juan Manuel Jaramillo Mora, conocido como Zorro, ser\u00eda el encargado de dinamizar la entrega mensual de dinero a los servidores captados. La investigaci\u00f3n da cuenta que<strong> presuntamente llev\u00f3 34 millones de pesos<\/strong> a un uniformado que tambi\u00e9n realizaba labores investigativas como agente encubierto. Tras su retiro de la Polic\u00eda Nacional contin\u00fao ingresando a instalaciones policiales y portuarias haci\u00e9ndose pasar como patrullero activo.<\/p>\n<p>Por todo lo anterior, una fiscal de la Direcci\u00f3n Especializada contra la Corrupci\u00f3n imput\u00f3 a los cinco procesados los delitos de concierto para delinquir agravado y cohecho por dar u ofrecer. A Salazar Pi\u00f1eros se le adicion\u00f3 el delito de influencias de servidor p\u00fablico y a G\u00f3mez Castro tr\u00e1fico el de tr\u00e1fico de influencias de particulares. Los cargos no fueron aceptados.<\/p>\n<p>Esta informaci\u00f3n se publica por razones de inter\u00e9s general.<\/p>\n<p>&nbsp;<\/p>\n<p>&nbsp;<\/p>\n<p>&nbsp;<\/p>\n<p>&nbsp;<\/p>\n<p>&nbsp;<\/p>\n<p>LAGP\/JARG\/MRLO\/MPO\/DECC<\/p>\n<p>&nbsp;<\/p>\n<p>&nbsp;<\/p>\n<p>&nbsp;<\/p>\n<p>&nbsp;<\/p>\n<div class=\"td-post-content tagdiv-type\">\n<p><em>La informaci\u00f3n contenida en este bolet\u00edn de prensa corresponde a la narraci\u00f3n de los hechos noticiosos objetivos, suministrados por los funcionarios encargados de adelantar las investigaciones penales al interior de la Fiscal\u00eda General de la Naci\u00f3n. Para el momento de la divulgaci\u00f3n de este comunicado, la situaci\u00f3n jur\u00eddica de la(s) persona(s) relacionada(s) se encuentra pendiente de resolver por la autoridad judicial competente, siempre bajo los preceptos de la presunci\u00f3n de inocencia, consagrados en el art\u00edculo 29 de la Constituci\u00f3n Pol\u00edtica y el art\u00edculo 7\u00ba de la Ley 906 de 2004.<\/em><\/p>\n<footer><\/footer>\n<\/div>\n<footer>\n<div class=\"td-post-source-tags\"><\/div>\n<div class=\"td-post-sharing-bottom\"><\/div>\n<\/footer>\n\n<div class=\"twitter-share\"><a href=\"https:\/\/twitter.com\/intent\/tweet?via=fiscaliacol\" class=\"twitter-share-button\">Tweet<\/a><\/div>\n","protected":false},"excerpt":{"rendered":"<p>Los procesados, un excandidato al Senado de la Rep\u00fablica y cuatro exintegrantes de la Polic\u00eda Nacional, fueron imputados de acuerdo con su posible responsabilidad individual por los delitos de concierto para delinquir agravado, cohecho por dar u ofrecer, tr\u00e1fico de influencias de servidor p\u00fablico y tr\u00e1fico de influencias de particulares. Por petici\u00f3n de la Fiscal\u00eda [&hellip;]<\/p>\n","protected":false},"author":177,"featured_media":0,"comment_status":"closed","ping_status":"open","sticky":false,"template":"","format":"standard","meta":{"tdm_status":"","tdm_grid_status":"","footnotes":""},"categories":[24097,24107,1],"tags":[427,37492,1047,6672],"class_list":{"0":"post-332680","1":"post","2":"type-post","3":"status-publish","4":"format-standard","6":"category-corrupcion","7":"category-lucha-contra-corrupcion","8":"category-noticias","9":"tag-corrupcion","10":"tag-fiscal-luz-adriana-camargo","11":"tag-fiscalia-general-de-la-nacion","12":"tag-trafico-de-influencias"},"yoast_head":"<!-- This site is optimized with the Yoast SEO plugin v24.3 - https:\/\/yoast.com\/wordpress\/plugins\/seo\/ -->\n<title>Fiscal\u00eda General de la Naci\u00f3n<\/title>\n<meta name=\"description\" content=\"P\u00e1gina oficial de la Fiscal\u00eda General de la Naci\u00f3n \u2013 Colombia. Garantizamos el acceso efectivo a la justicia, la verdad y la reparaci\u00f3n de las v\u00edctimas de los delitos.\" \/>\n<meta name=\"robots\" content=\"noindex, follow\" \/>\n<meta property=\"og:locale\" content=\"es_ES\" \/>\n<meta property=\"og:type\" content=\"article\" \/>\n<meta property=\"og:title\" content=\"Fiscal\u00eda General de la Naci\u00f3n\" \/>\n<meta property=\"og:description\" content=\"P\u00e1gina oficial de la Fiscal\u00eda General de la Naci\u00f3n \u2013 Colombia. Garantizamos el acceso efectivo a la justicia, la verdad y la reparaci\u00f3n de las v\u00edctimas de los delitos.\" \/>\n<meta property=\"og:url\" content=\"https:\/\/www.fiscalia.gov.co\/colombia\/lucha-contra-corrupcion\/asegurados-en-centro-carcelario-presuntos-articuladores-de-red-de-corrupcion-senalada-de-favorecer-las-actividades-de-contrabando-de-diego-marin-buitrago\/\" \/>\n<meta property=\"og:site_name\" content=\"Fiscal\u00eda General de la Naci\u00f3n\" \/>\n<meta property=\"article:publisher\" content=\"https:\/\/www.facebook.com\/FiscaliaCol\" \/>\n<meta property=\"article:published_time\" content=\"2026-03-10T21:00:59+00:00\" \/>\n<meta name=\"author\" content=\"Jordan Leandro Oviedo Anzola\" \/>\n<meta name=\"twitter:card\" content=\"summary_large_image\" \/>\n<meta name=\"twitter:creator\" content=\"@FiscaliaCol\" \/>\n<meta name=\"twitter:site\" content=\"@FiscaliaCol\" \/>\n<meta name=\"twitter:label1\" content=\"Escrito por\" \/>\n\t<meta name=\"twitter:data1\" content=\"Jordan Leandro Oviedo Anzola\" \/>\n\t<meta name=\"twitter:label2\" content=\"Tiempo de lectura\" \/>\n\t<meta name=\"twitter:data2\" content=\"4 minutos\" \/>\n<script type=\"application\/ld+json\" class=\"yoast-schema-graph\">{\"@context\":\"https:\/\/schema.org\",\"@graph\":[{\"@type\":\"Article\",\"@id\":\"https:\/\/www.fiscalia.gov.co\/colombia\/lucha-contra-corrupcion\/asegurados-en-centro-carcelario-presuntos-articuladores-de-red-de-corrupcion-senalada-de-favorecer-las-actividades-de-contrabando-de-diego-marin-buitrago\/#article\",\"isPartOf\":{\"@id\":\"https:\/\/www.fiscalia.gov.co\/colombia\/lucha-contra-corrupcion\/asegurados-en-centro-carcelario-presuntos-articuladores-de-red-de-corrupcion-senalada-de-favorecer-las-actividades-de-contrabando-de-diego-marin-buitrago\/\"},\"author\":{\"name\":\"Jordan Leandro Oviedo Anzola\",\"@id\":\"https:\/\/www.fiscalia.gov.co\/colombia\/#\/schema\/person\/bf84402cf293a5393e9c70b111020b24\"},\"headline\":\"Asegurados en centro carcelario presuntos articuladores de red de corrupci\u00f3n se\u00f1alada de favorecer las actividades de contrabando de Diego Mar\u00edn Buitrago\",\"datePublished\":\"2026-03-10T21:00:59+00:00\",\"dateModified\":\"2026-03-10T21:00:59+00:00\",\"mainEntityOfPage\":{\"@id\":\"https:\/\/www.fiscalia.gov.co\/colombia\/lucha-contra-corrupcion\/asegurados-en-centro-carcelario-presuntos-articuladores-de-red-de-corrupcion-senalada-de-favorecer-las-actividades-de-contrabando-de-diego-marin-buitrago\/\"},\"wordCount\":894,\"publisher\":{\"@id\":\"https:\/\/www.fiscalia.gov.co\/colombia\/#organization\"},\"keywords\":[\"Corrupci\u00f3n\",\"Fiscal Luz Adriana Camargo\",\"Fiscal\u00eda General de la Naci\u00f3n\",\"Tr\u00e1fico de influencias\"],\"articleSection\":[\"Corrupci\u00f3n\",\"Corrupci\u00f3n\",\"Noticias\"],\"inLanguage\":\"es-CO\"},{\"@type\":\"WebPage\",\"@id\":\"https:\/\/www.fiscalia.gov.co\/colombia\/lucha-contra-corrupcion\/asegurados-en-centro-carcelario-presuntos-articuladores-de-red-de-corrupcion-senalada-de-favorecer-las-actividades-de-contrabando-de-diego-marin-buitrago\/\",\"url\":\"https:\/\/www.fiscalia.gov.co\/colombia\/lucha-contra-corrupcion\/asegurados-en-centro-carcelario-presuntos-articuladores-de-red-de-corrupcion-senalada-de-favorecer-las-actividades-de-contrabando-de-diego-marin-buitrago\/\",\"name\":\"Fiscal\u00eda General de la Naci\u00f3n\",\"isPartOf\":{\"@id\":\"https:\/\/www.fiscalia.gov.co\/colombia\/#website\"},\"datePublished\":\"2026-03-10T21:00:59+00:00\",\"dateModified\":\"2026-03-10T21:00:59+00:00\",\"description\":\"P\u00e1gina oficial de la Fiscal\u00eda General de la Naci\u00f3n \u2013 Colombia. Garantizamos el acceso efectivo a la justicia, la verdad y la reparaci\u00f3n de las v\u00edctimas de los delitos.\",\"breadcrumb\":{\"@id\":\"https:\/\/www.fiscalia.gov.co\/colombia\/lucha-contra-corrupcion\/asegurados-en-centro-carcelario-presuntos-articuladores-de-red-de-corrupcion-senalada-de-favorecer-las-actividades-de-contrabando-de-diego-marin-buitrago\/#breadcrumb\"},\"inLanguage\":\"es-CO\",\"potentialAction\":[{\"@type\":\"ReadAction\",\"target\":[\"https:\/\/www.fiscalia.gov.co\/colombia\/lucha-contra-corrupcion\/asegurados-en-centro-carcelario-presuntos-articuladores-de-red-de-corrupcion-senalada-de-favorecer-las-actividades-de-contrabando-de-diego-marin-buitrago\/\"]}]},{\"@type\":\"BreadcrumbList\",\"@id\":\"https:\/\/www.fiscalia.gov.co\/colombia\/lucha-contra-corrupcion\/asegurados-en-centro-carcelario-presuntos-articuladores-de-red-de-corrupcion-senalada-de-favorecer-las-actividades-de-contrabando-de-diego-marin-buitrago\/#breadcrumb\",\"itemListElement\":[{\"@type\":\"ListItem\",\"position\":1,\"name\":\"Home\",\"item\":\"https:\/\/www.fiscalia.gov.co\/colombia\/\"},{\"@type\":\"ListItem\",\"position\":2,\"name\":\"Asegurados en centro carcelario presuntos articuladores de red de corrupci\u00f3n se\u00f1alada de favorecer las actividades de contrabando de Diego Mar\u00edn Buitrago\"}]},{\"@type\":\"WebSite\",\"@id\":\"https:\/\/www.fiscalia.gov.co\/colombia\/#website\",\"url\":\"https:\/\/www.fiscalia.gov.co\/colombia\/\",\"name\":\"Fiscal\u00eda General de la Naci\u00f3n\",\"description\":\"P\u00e1gina oficial de la Fiscal\u00eda General de la Naci\u00f3n \u2013 Colombia. Garantizamos el acceso efectivo a la justicia, la verdad y la reparaci\u00f3n de las v\u00edctimas de los delitos.\",\"publisher\":{\"@id\":\"https:\/\/www.fiscalia.gov.co\/colombia\/#organization\"},\"potentialAction\":[{\"@type\":\"SearchAction\",\"target\":{\"@type\":\"EntryPoint\",\"urlTemplate\":\"https:\/\/www.fiscalia.gov.co\/colombia\/?s={search_term_string}\"},\"query-input\":{\"@type\":\"PropertyValueSpecification\",\"valueRequired\":true,\"valueName\":\"search_term_string\"}}],\"inLanguage\":\"es-CO\"},{\"@type\":\"Organization\",\"@id\":\"https:\/\/www.fiscalia.gov.co\/colombia\/#organization\",\"name\":\"Fiscal\u00eda General de la Naci\u00f3n\",\"url\":\"https:\/\/www.fiscalia.gov.co\/colombia\/\",\"logo\":{\"@type\":\"ImageObject\",\"inLanguage\":\"es-CO\",\"@id\":\"https:\/\/www.fiscalia.gov.co\/colombia\/#\/schema\/logo\/image\/\",\"url\":\"https:\/\/www.fiscalia.gov.co\/colombia\/wp-content\/uploads\/LogoHorizontal_1.jpg\",\"contentUrl\":\"https:\/\/www.fiscalia.gov.co\/colombia\/wp-content\/uploads\/LogoHorizontal_1.jpg\",\"width\":300,\"height\":90,\"caption\":\"Fiscal\u00eda General de la Naci\u00f3n\"},\"image\":{\"@id\":\"https:\/\/www.fiscalia.gov.co\/colombia\/#\/schema\/logo\/image\/\"},\"sameAs\":[\"https:\/\/www.facebook.com\/FiscaliaCol\",\"https:\/\/x.com\/FiscaliaCol\",\"https:\/\/www.instagram.com\/fiscaliacol\",\"https:\/\/www.linkedin.com\/company\/fiscalia-general-de-la-naci-n\/\",\"https:\/\/youtube.com\/@fiscaliageneraldelanacion-4668?si=6nN79nyQICPU5iTh\"]},{\"@type\":\"Person\",\"@id\":\"https:\/\/www.fiscalia.gov.co\/colombia\/#\/schema\/person\/bf84402cf293a5393e9c70b111020b24\",\"name\":\"Jordan Leandro Oviedo Anzola\",\"image\":{\"@type\":\"ImageObject\",\"inLanguage\":\"es-CO\",\"@id\":\"https:\/\/www.fiscalia.gov.co\/colombia\/#\/schema\/person\/image\/\",\"url\":\"https:\/\/secure.gravatar.com\/avatar\/dabba4346fa9b9207d96adafa8f92721?s=96&d=mm&r=g\",\"contentUrl\":\"https:\/\/secure.gravatar.com\/avatar\/dabba4346fa9b9207d96adafa8f92721?s=96&d=mm&r=g\",\"caption\":\"Jordan Leandro Oviedo Anzola\"},\"url\":\"https:\/\/www.fiscalia.gov.co\/colombia\/author\/joviedo\/\"}]}<\/script>\n<!-- \/ Yoast SEO plugin. -->","yoast_head_json":{"title":"Fiscal\u00eda General de la Naci\u00f3n","description":"P\u00e1gina oficial de la Fiscal\u00eda General de la Naci\u00f3n \u2013 Colombia. Garantizamos el acceso efectivo a la justicia, la verdad y la reparaci\u00f3n de las v\u00edctimas de los delitos.","robots":{"index":"noindex","follow":"follow"},"og_locale":"es_ES","og_type":"article","og_title":"Fiscal\u00eda General de la Naci\u00f3n","og_description":"P\u00e1gina oficial de la Fiscal\u00eda General de la Naci\u00f3n \u2013 Colombia. Garantizamos el acceso efectivo a la justicia, la verdad y la reparaci\u00f3n de las v\u00edctimas de los delitos.","og_url":"https:\/\/www.fiscalia.gov.co\/colombia\/lucha-contra-corrupcion\/asegurados-en-centro-carcelario-presuntos-articuladores-de-red-de-corrupcion-senalada-de-favorecer-las-actividades-de-contrabando-de-diego-marin-buitrago\/","og_site_name":"Fiscal\u00eda General de la Naci\u00f3n","article_publisher":"https:\/\/www.facebook.com\/FiscaliaCol","article_published_time":"2026-03-10T21:00:59+00:00","author":"Jordan Leandro Oviedo Anzola","twitter_card":"summary_large_image","twitter_creator":"@FiscaliaCol","twitter_site":"@FiscaliaCol","twitter_misc":{"Escrito por":"Jordan Leandro Oviedo Anzola","Tiempo de lectura":"4 minutos"},"schema":{"@context":"https:\/\/schema.org","@graph":[{"@type":"Article","@id":"https:\/\/www.fiscalia.gov.co\/colombia\/lucha-contra-corrupcion\/asegurados-en-centro-carcelario-presuntos-articuladores-de-red-de-corrupcion-senalada-de-favorecer-las-actividades-de-contrabando-de-diego-marin-buitrago\/#article","isPartOf":{"@id":"https:\/\/www.fiscalia.gov.co\/colombia\/lucha-contra-corrupcion\/asegurados-en-centro-carcelario-presuntos-articuladores-de-red-de-corrupcion-senalada-de-favorecer-las-actividades-de-contrabando-de-diego-marin-buitrago\/"},"author":{"name":"Jordan Leandro Oviedo Anzola","@id":"https:\/\/www.fiscalia.gov.co\/colombia\/#\/schema\/person\/bf84402cf293a5393e9c70b111020b24"},"headline":"Asegurados en centro carcelario presuntos articuladores de red de corrupci\u00f3n se\u00f1alada de favorecer las actividades de contrabando de Diego Mar\u00edn Buitrago","datePublished":"2026-03-10T21:00:59+00:00","dateModified":"2026-03-10T21:00:59+00:00","mainEntityOfPage":{"@id":"https:\/\/www.fiscalia.gov.co\/colombia\/lucha-contra-corrupcion\/asegurados-en-centro-carcelario-presuntos-articuladores-de-red-de-corrupcion-senalada-de-favorecer-las-actividades-de-contrabando-de-diego-marin-buitrago\/"},"wordCount":894,"publisher":{"@id":"https:\/\/www.fiscalia.gov.co\/colombia\/#organization"},"keywords":["Corrupci\u00f3n","Fiscal Luz Adriana Camargo","Fiscal\u00eda General de la Naci\u00f3n","Tr\u00e1fico de influencias"],"articleSection":["Corrupci\u00f3n","Corrupci\u00f3n","Noticias"],"inLanguage":"es-CO"},{"@type":"WebPage","@id":"https:\/\/www.fiscalia.gov.co\/colombia\/lucha-contra-corrupcion\/asegurados-en-centro-carcelario-presuntos-articuladores-de-red-de-corrupcion-senalada-de-favorecer-las-actividades-de-contrabando-de-diego-marin-buitrago\/","url":"https:\/\/www.fiscalia.gov.co\/colombia\/lucha-contra-corrupcion\/asegurados-en-centro-carcelario-presuntos-articuladores-de-red-de-corrupcion-senalada-de-favorecer-las-actividades-de-contrabando-de-diego-marin-buitrago\/","name":"Fiscal\u00eda General de la Naci\u00f3n","isPartOf":{"@id":"https:\/\/www.fiscalia.gov.co\/colombia\/#website"},"datePublished":"2026-03-10T21:00:59+00:00","dateModified":"2026-03-10T21:00:59+00:00","description":"P\u00e1gina oficial de la Fiscal\u00eda General de la Naci\u00f3n \u2013 Colombia. Garantizamos el acceso efectivo a la justicia, la verdad y la reparaci\u00f3n de las v\u00edctimas de los delitos.","breadcrumb":{"@id":"https:\/\/www.fiscalia.gov.co\/colombia\/lucha-contra-corrupcion\/asegurados-en-centro-carcelario-presuntos-articuladores-de-red-de-corrupcion-senalada-de-favorecer-las-actividades-de-contrabando-de-diego-marin-buitrago\/#breadcrumb"},"inLanguage":"es-CO","potentialAction":[{"@type":"ReadAction","target":["https:\/\/www.fiscalia.gov.co\/colombia\/lucha-contra-corrupcion\/asegurados-en-centro-carcelario-presuntos-articuladores-de-red-de-corrupcion-senalada-de-favorecer-las-actividades-de-contrabando-de-diego-marin-buitrago\/"]}]},{"@type":"BreadcrumbList","@id":"https:\/\/www.fiscalia.gov.co\/colombia\/lucha-contra-corrupcion\/asegurados-en-centro-carcelario-presuntos-articuladores-de-red-de-corrupcion-senalada-de-favorecer-las-actividades-de-contrabando-de-diego-marin-buitrago\/#breadcrumb","itemListElement":[{"@type":"ListItem","position":1,"name":"Home","item":"https:\/\/www.fiscalia.gov.co\/colombia\/"},{"@type":"ListItem","position":2,"name":"Asegurados en centro carcelario presuntos articuladores de red de corrupci\u00f3n se\u00f1alada de favorecer las actividades de contrabando de Diego Mar\u00edn Buitrago"}]},{"@type":"WebSite","@id":"https:\/\/www.fiscalia.gov.co\/colombia\/#website","url":"https:\/\/www.fiscalia.gov.co\/colombia\/","name":"Fiscal\u00eda General de la Naci\u00f3n","description":"P\u00e1gina oficial de la Fiscal\u00eda General de la Naci\u00f3n \u2013 Colombia. Garantizamos el acceso efectivo a la justicia, la verdad y la reparaci\u00f3n de las v\u00edctimas de los delitos.","publisher":{"@id":"https:\/\/www.fiscalia.gov.co\/colombia\/#organization"},"potentialAction":[{"@type":"SearchAction","target":{"@type":"EntryPoint","urlTemplate":"https:\/\/www.fiscalia.gov.co\/colombia\/?s={search_term_string}"},"query-input":{"@type":"PropertyValueSpecification","valueRequired":true,"valueName":"search_term_string"}}],"inLanguage":"es-CO"},{"@type":"Organization","@id":"https:\/\/www.fiscalia.gov.co\/colombia\/#organization","name":"Fiscal\u00eda General de la Naci\u00f3n","url":"https:\/\/www.fiscalia.gov.co\/colombia\/","logo":{"@type":"ImageObject","inLanguage":"es-CO","@id":"https:\/\/www.fiscalia.gov.co\/colombia\/#\/schema\/logo\/image\/","url":"https:\/\/www.fiscalia.gov.co\/colombia\/wp-content\/uploads\/LogoHorizontal_1.jpg","contentUrl":"https:\/\/www.fiscalia.gov.co\/colombia\/wp-content\/uploads\/LogoHorizontal_1.jpg","width":300,"height":90,"caption":"Fiscal\u00eda General de la Naci\u00f3n"},"image":{"@id":"https:\/\/www.fiscalia.gov.co\/colombia\/#\/schema\/logo\/image\/"},"sameAs":["https:\/\/www.facebook.com\/FiscaliaCol","https:\/\/x.com\/FiscaliaCol","https:\/\/www.instagram.com\/fiscaliacol","https:\/\/www.linkedin.com\/company\/fiscalia-general-de-la-naci-n\/","https:\/\/youtube.com\/@fiscaliageneraldelanacion-4668?si=6nN79nyQICPU5iTh"]},{"@type":"Person","@id":"https:\/\/www.fiscalia.gov.co\/colombia\/#\/schema\/person\/bf84402cf293a5393e9c70b111020b24","name":"Jordan Leandro Oviedo Anzola","image":{"@type":"ImageObject","inLanguage":"es-CO","@id":"https:\/\/www.fiscalia.gov.co\/colombia\/#\/schema\/person\/image\/","url":"https:\/\/secure.gravatar.com\/avatar\/dabba4346fa9b9207d96adafa8f92721?s=96&d=mm&r=g","contentUrl":"https:\/\/secure.gravatar.com\/avatar\/dabba4346fa9b9207d96adafa8f92721?s=96&d=mm&r=g","caption":"Jordan Leandro Oviedo Anzola"},"url":"https:\/\/www.fiscalia.gov.co\/colombia\/author\/joviedo\/"}]}},"_links":{"self":[{"href":"https:\/\/www.fiscalia.gov.co\/colombia\/wp-json\/wp\/v2\/posts\/332680","targetHints":{"allow":["GET"]}}],"collection":[{"href":"https:\/\/www.fiscalia.gov.co\/colombia\/wp-json\/wp\/v2\/posts"}],"about":[{"href":"https:\/\/www.fiscalia.gov.co\/colombia\/wp-json\/wp\/v2\/types\/post"}],"author":[{"embeddable":true,"href":"https:\/\/www.fiscalia.gov.co\/colombia\/wp-json\/wp\/v2\/users\/177"}],"replies":[{"embeddable":true,"href":"https:\/\/www.fiscalia.gov.co\/colombia\/wp-json\/wp\/v2\/comments?post=332680"}],"version-history":[{"count":1,"href":"https:\/\/www.fiscalia.gov.co\/colombia\/wp-json\/wp\/v2\/posts\/332680\/revisions"}],"predecessor-version":[{"id":332681,"href":"https:\/\/www.fiscalia.gov.co\/colombia\/wp-json\/wp\/v2\/posts\/332680\/revisions\/332681"}],"wp:attachment":[{"href":"https:\/\/www.fiscalia.gov.co\/colombia\/wp-json\/wp\/v2\/media?parent=332680"}],"wp:term":[{"taxonomy":"category","embeddable":true,"href":"https:\/\/www.fiscalia.gov.co\/colombia\/wp-json\/wp\/v2\/categories?post=332680"},{"taxonomy":"post_tag","embeddable":true,"href":"https:\/\/www.fiscalia.gov.co\/colombia\/wp-json\/wp\/v2\/tags?post=332680"}],"curies":[{"name":"wp","href":"https:\/\/api.w.org\/{rel}","templated":true}]}}