{"id":332627,"date":"2026-03-09T20:40:51","date_gmt":"2026-03-10T01:40:51","guid":{"rendered":"https:\/\/www.fiscalia.gov.co\/colombia\/?p=332627"},"modified":"2026-03-10T09:45:19","modified_gmt":"2026-03-10T14:45:19","slug":"entra-en-funcionamiento-el-primer-centro-de-atencion-de-la-fiscalia-enfocado-en-casos-de-violencias-basadas-en-genero","status":"publish","type":"post","link":"https:\/\/www.fiscalia.gov.co\/colombia\/noticias\/entra-en-funcionamiento-el-primer-centro-de-atencion-de-la-fiscalia-enfocado-en-casos-de-violencias-basadas-en-genero\/","title":{"rendered":"Entra en funcionamiento el primer Centro de Atencion de la Fiscal\u00eda enfocado en casos de violencias basadas en g\u00e9nero"},"content":{"rendered":"<h4 style=\"text-align: center;\"><strong><em>La sede estar\u00e1 al servicio de m\u00e1s de 870.000 habitantes de Soacha (Cundinamarca) y contar\u00e1 con profesionales capacitados de diferentes entidades del orden local y nacional.\u00a0<\/em><\/strong><\/h4>\n<p>La fiscal general de la Naci\u00f3n, Luz Adriana Camargo Garz\u00f3n, puso al servicio de la comunidad de Soacha (Cundinamarca) el primer Centro de Atenci\u00f3n de la Fiscal\u00eda (CAF) enfocado en violencias basadas en g\u00e9nero, un modelo pionero que <strong>ofrecer\u00e1 respuestas oportunas de justicia a mujeres, ni\u00f1as, ni\u00f1os, adolescentes<\/strong> y personas con orientaci\u00f3n o identidades diversas, v\u00edctimas de violencia y discriminaci\u00f3n.<\/p>\n<p>La sede cuenta con un espacio f\u00edsico adecuado para la recepci\u00f3n de denuncias, el abordaje efectivo de los hechos puestos en conocimiento y<strong> la valoraci\u00f3n integral de las personas afectadas.<\/strong> En ese sentido, concentra las capacidades de fiscales especializados en la tem\u00e1tica, servidores del Cuerpo T\u00e9cnico de Investigaci\u00f3n (CTI), profesionales del Instituto de Medicina Legal y Ciencias Forenses, defensores p\u00fablicos, psic\u00f3logos y otros especialistas las secretar\u00edas de Salud y de la Mujer de la Alcald\u00eda de Soacha.<\/p>\n<p>En su intervenci\u00f3n, la fiscal general se\u00f1al\u00f3 que el municipio concentra diversas expresiones de criminalidad como <strong>ejecuci\u00f3n de homicidios, hurtos y extorsiones<\/strong>, pero particularmente tiene una participaci\u00f3n muy alta en violencias basadas de g\u00e9nero. Esto motiv\u00f3 la necesidad de crear este centro de atenci\u00f3n.<\/p>\n<p>En este sentido, se proyecta como un espacio de protecci\u00f3n, reparaci\u00f3n y restablecimiento de derechos, donde las v\u00edctimas encontrar\u00e1n no solo una respuesta punitiva, sino tambi\u00e9n <strong>acompa\u00f1amiento integral para superar los efectos del delito<\/strong>. Con \u00e9nfasis en los mecanismos de justicia restaurativa se abordar\u00e1 el conflicto social y se promover\u00e1n acciones para la reparaci\u00f3n de las v\u00edctimas.<\/p>\n<p>La fiscal general de la Naci\u00f3n, Luz Adriana Camargo Garz\u00f3n dio apertura a este nuevo CAF en compa\u00f1\u00eda del vicefiscal General de la Naci\u00f3n, Gilberto Javier Guerrero D\u00edaz; la delegada para la Seguridad Territorial, Deicy Jaramillo Rivera; la delegada para las Finanzas Criminales, Aura Liliana Trujillo Rojas; el delegado contra la Criminalidad Organizada, Ra\u00fal Humberto Gonz\u00e1lez Flechas; el director Seccional de Cundinamarca, Hugo Andr\u00e9s Infante G\u00f3mez, magistrados, entre otros representantes de entidades del orden nacional, regional y local.<\/p>\n<p>&nbsp;<\/p>\n<p>&nbsp;<\/p>\n<p>&nbsp;<\/p>\n<p>ALGO\/ LCHG\/HAIG\/FSC<\/p>\n<p>&nbsp;<\/p>\n<p>&nbsp;<\/p>\n<p>&nbsp;<\/p>\n<p>&nbsp;<\/p>\n<p><em>La informaci\u00f3n contenida en este bolet\u00edn de prensa corresponde a la narraci\u00f3n de los hechos noticiosos objetivos, suministrados por los funcionarios encargados de adelantar las investigaciones penales al interior de la Fiscal\u00eda General de la Naci\u00f3n. Para el momento de la divulgaci\u00f3n de este comunicado, la situaci\u00f3n jur\u00eddica de la(s) persona(s) relacionada(s) se encuentra pendiente de resolver por la autoridad judicial competente, siempre bajo los preceptos de la presunci\u00f3n de inocencia, consagrados en el art\u00edculo 29 de la Constituci\u00f3n Pol\u00edtica y el art\u00edculo 7\u00ba de la Ley 906 de 2004.<\/em><\/p>\n\n<div class=\"twitter-share\"><a href=\"https:\/\/twitter.com\/intent\/tweet?via=fiscaliacol\" class=\"twitter-share-button\">Tweet<\/a><\/div>\n","protected":false},"excerpt":{"rendered":"<p>La sede estar\u00e1 al servicio de m\u00e1s de 870.000 habitantes de Soacha (Cundinamarca) y contar\u00e1 con profesionales capacitados de diferentes entidades del orden local y nacional.\u00a0 La fiscal general de la Naci\u00f3n, Luz Adriana Camargo Garz\u00f3n, puso al servicio de la comunidad de Soacha (Cundinamarca) el primer Centro de Atenci\u00f3n de la Fiscal\u00eda (CAF) enfocado [&hellip;]<\/p>\n","protected":false},"author":177,"featured_media":0,"comment_status":"closed","ping_status":"open","sticky":false,"template":"","format":"standard","meta":{"tdm_status":"","tdm_grid_status":"","footnotes":""},"categories":[1],"tags":[40675,39444,1770,37492,1047,409,18320,187],"class_list":{"0":"post-332627","1":"post","2":"type-post","3":"status-publish","4":"format-standard","6":"category-noticias","7":"tag-caf","8":"tag-centro-de-atencion-de-la-fiscalia","9":"tag-extorsiones","10":"tag-fiscal-luz-adriana-camargo","11":"tag-fiscalia-general-de-la-nacion","12":"tag-homicidio","13":"tag-hurtos","14":"tag-sohacha"},"yoast_head":"<!-- This site is optimized with the Yoast SEO plugin v24.3 - https:\/\/yoast.com\/wordpress\/plugins\/seo\/ -->\n<title>Fiscal\u00eda General de la Naci\u00f3n<\/title>\n<meta name=\"description\" content=\"P\u00e1gina oficial de la Fiscal\u00eda General de la Naci\u00f3n \u2013 Colombia. Garantizamos el acceso efectivo a la justicia, la verdad y la reparaci\u00f3n de las v\u00edctimas de los delitos.\" \/>\n<meta name=\"robots\" content=\"noindex, follow\" \/>\n<meta property=\"og:locale\" content=\"es_ES\" \/>\n<meta property=\"og:type\" content=\"article\" \/>\n<meta property=\"og:title\" content=\"Fiscal\u00eda General de la Naci\u00f3n\" \/>\n<meta property=\"og:description\" content=\"P\u00e1gina oficial de la Fiscal\u00eda General de la Naci\u00f3n \u2013 Colombia. Garantizamos el acceso efectivo a la justicia, la verdad y la reparaci\u00f3n de las v\u00edctimas de los delitos.\" \/>\n<meta property=\"og:url\" content=\"https:\/\/www.fiscalia.gov.co\/colombia\/noticias\/entra-en-funcionamiento-el-primer-centro-de-atencion-de-la-fiscalia-enfocado-en-casos-de-violencias-basadas-en-genero\/\" \/>\n<meta property=\"og:site_name\" content=\"Fiscal\u00eda General de la Naci\u00f3n\" \/>\n<meta property=\"article:publisher\" content=\"https:\/\/www.facebook.com\/FiscaliaCol\" \/>\n<meta property=\"article:published_time\" content=\"2026-03-10T01:40:51+00:00\" \/>\n<meta property=\"article:modified_time\" content=\"2026-03-10T14:45:19+00:00\" \/>\n<meta name=\"author\" content=\"Jordan Leandro Oviedo Anzola\" \/>\n<meta name=\"twitter:card\" content=\"summary_large_image\" \/>\n<meta name=\"twitter:creator\" content=\"@FiscaliaCol\" \/>\n<meta name=\"twitter:site\" content=\"@FiscaliaCol\" \/>\n<meta name=\"twitter:label1\" content=\"Escrito por\" \/>\n\t<meta name=\"twitter:data1\" content=\"Jordan Leandro Oviedo Anzola\" \/>\n\t<meta name=\"twitter:label2\" content=\"Tiempo de lectura\" \/>\n\t<meta name=\"twitter:data2\" content=\"2 minutos\" \/>\n<script type=\"application\/ld+json\" class=\"yoast-schema-graph\">{\"@context\":\"https:\/\/schema.org\",\"@graph\":[{\"@type\":\"Article\",\"@id\":\"https:\/\/www.fiscalia.gov.co\/colombia\/noticias\/entra-en-funcionamiento-el-primer-centro-de-atencion-de-la-fiscalia-enfocado-en-casos-de-violencias-basadas-en-genero\/#article\",\"isPartOf\":{\"@id\":\"https:\/\/www.fiscalia.gov.co\/colombia\/noticias\/entra-en-funcionamiento-el-primer-centro-de-atencion-de-la-fiscalia-enfocado-en-casos-de-violencias-basadas-en-genero\/\"},\"author\":{\"name\":\"Jordan Leandro Oviedo Anzola\",\"@id\":\"https:\/\/www.fiscalia.gov.co\/colombia\/#\/schema\/person\/bf84402cf293a5393e9c70b111020b24\"},\"headline\":\"Entra en funcionamiento el primer Centro de Atencion de la Fiscal\u00eda enfocado en casos de violencias basadas en g\u00e9nero\",\"datePublished\":\"2026-03-10T01:40:51+00:00\",\"dateModified\":\"2026-03-10T14:45:19+00:00\",\"mainEntityOfPage\":{\"@id\":\"https:\/\/www.fiscalia.gov.co\/colombia\/noticias\/entra-en-funcionamiento-el-primer-centro-de-atencion-de-la-fiscalia-enfocado-en-casos-de-violencias-basadas-en-genero\/\"},\"wordCount\":520,\"publisher\":{\"@id\":\"https:\/\/www.fiscalia.gov.co\/colombia\/#organization\"},\"keywords\":[\"CAF\",\"Centro de Atenci\u00f3n de la Fiscal\u00eda\",\"Extorsiones\",\"Fiscal Luz Adriana Camargo\",\"Fiscal\u00eda General de la Naci\u00f3n\",\"Homicidio\",\"Hurtos\",\"Soacha\"],\"articleSection\":[\"Noticias\"],\"inLanguage\":\"es-CO\"},{\"@type\":\"WebPage\",\"@id\":\"https:\/\/www.fiscalia.gov.co\/colombia\/noticias\/entra-en-funcionamiento-el-primer-centro-de-atencion-de-la-fiscalia-enfocado-en-casos-de-violencias-basadas-en-genero\/\",\"url\":\"https:\/\/www.fiscalia.gov.co\/colombia\/noticias\/entra-en-funcionamiento-el-primer-centro-de-atencion-de-la-fiscalia-enfocado-en-casos-de-violencias-basadas-en-genero\/\",\"name\":\"Fiscal\u00eda General de la Naci\u00f3n\",\"isPartOf\":{\"@id\":\"https:\/\/www.fiscalia.gov.co\/colombia\/#website\"},\"datePublished\":\"2026-03-10T01:40:51+00:00\",\"dateModified\":\"2026-03-10T14:45:19+00:00\",\"description\":\"P\u00e1gina oficial de la Fiscal\u00eda General de la Naci\u00f3n \u2013 Colombia. Garantizamos el acceso efectivo a la justicia, la verdad y la reparaci\u00f3n de las v\u00edctimas de los delitos.\",\"breadcrumb\":{\"@id\":\"https:\/\/www.fiscalia.gov.co\/colombia\/noticias\/entra-en-funcionamiento-el-primer-centro-de-atencion-de-la-fiscalia-enfocado-en-casos-de-violencias-basadas-en-genero\/#breadcrumb\"},\"inLanguage\":\"es-CO\",\"potentialAction\":[{\"@type\":\"ReadAction\",\"target\":[\"https:\/\/www.fiscalia.gov.co\/colombia\/noticias\/entra-en-funcionamiento-el-primer-centro-de-atencion-de-la-fiscalia-enfocado-en-casos-de-violencias-basadas-en-genero\/\"]}]},{\"@type\":\"BreadcrumbList\",\"@id\":\"https:\/\/www.fiscalia.gov.co\/colombia\/noticias\/entra-en-funcionamiento-el-primer-centro-de-atencion-de-la-fiscalia-enfocado-en-casos-de-violencias-basadas-en-genero\/#breadcrumb\",\"itemListElement\":[{\"@type\":\"ListItem\",\"position\":1,\"name\":\"Home\",\"item\":\"https:\/\/www.fiscalia.gov.co\/colombia\/\"},{\"@type\":\"ListItem\",\"position\":2,\"name\":\"Entra en funcionamiento el primer Centro de Atencion de la Fiscal\u00eda enfocado en casos de violencias basadas en g\u00e9nero\"}]},{\"@type\":\"WebSite\",\"@id\":\"https:\/\/www.fiscalia.gov.co\/colombia\/#website\",\"url\":\"https:\/\/www.fiscalia.gov.co\/colombia\/\",\"name\":\"Fiscal\u00eda General de la Naci\u00f3n\",\"description\":\"P\u00e1gina oficial de la Fiscal\u00eda General de la Naci\u00f3n \u2013 Colombia. Garantizamos el acceso efectivo a la justicia, la verdad y la reparaci\u00f3n de las v\u00edctimas de los delitos.\",\"publisher\":{\"@id\":\"https:\/\/www.fiscalia.gov.co\/colombia\/#organization\"},\"potentialAction\":[{\"@type\":\"SearchAction\",\"target\":{\"@type\":\"EntryPoint\",\"urlTemplate\":\"https:\/\/www.fiscalia.gov.co\/colombia\/?s={search_term_string}\"},\"query-input\":{\"@type\":\"PropertyValueSpecification\",\"valueRequired\":true,\"valueName\":\"search_term_string\"}}],\"inLanguage\":\"es-CO\"},{\"@type\":\"Organization\",\"@id\":\"https:\/\/www.fiscalia.gov.co\/colombia\/#organization\",\"name\":\"Fiscal\u00eda General de la Naci\u00f3n\",\"url\":\"https:\/\/www.fiscalia.gov.co\/colombia\/\",\"logo\":{\"@type\":\"ImageObject\",\"inLanguage\":\"es-CO\",\"@id\":\"https:\/\/www.fiscalia.gov.co\/colombia\/#\/schema\/logo\/image\/\",\"url\":\"https:\/\/www.fiscalia.gov.co\/colombia\/wp-content\/uploads\/LogoHorizontal_1.jpg\",\"contentUrl\":\"https:\/\/www.fiscalia.gov.co\/colombia\/wp-content\/uploads\/LogoHorizontal_1.jpg\",\"width\":300,\"height\":90,\"caption\":\"Fiscal\u00eda General de la Naci\u00f3n\"},\"image\":{\"@id\":\"https:\/\/www.fiscalia.gov.co\/colombia\/#\/schema\/logo\/image\/\"},\"sameAs\":[\"https:\/\/www.facebook.com\/FiscaliaCol\",\"https:\/\/x.com\/FiscaliaCol\",\"https:\/\/www.instagram.com\/fiscaliacol\",\"https:\/\/www.linkedin.com\/company\/fiscalia-general-de-la-naci-n\/\",\"https:\/\/youtube.com\/@fiscaliageneraldelanacion-4668?si=6nN79nyQICPU5iTh\"]},{\"@type\":\"Person\",\"@id\":\"https:\/\/www.fiscalia.gov.co\/colombia\/#\/schema\/person\/bf84402cf293a5393e9c70b111020b24\",\"name\":\"Jordan Leandro Oviedo Anzola\",\"image\":{\"@type\":\"ImageObject\",\"inLanguage\":\"es-CO\",\"@id\":\"https:\/\/www.fiscalia.gov.co\/colombia\/#\/schema\/person\/image\/\",\"url\":\"https:\/\/secure.gravatar.com\/avatar\/dabba4346fa9b9207d96adafa8f92721?s=96&d=mm&r=g\",\"contentUrl\":\"https:\/\/secure.gravatar.com\/avatar\/dabba4346fa9b9207d96adafa8f92721?s=96&d=mm&r=g\",\"caption\":\"Jordan Leandro Oviedo Anzola\"},\"url\":\"https:\/\/www.fiscalia.gov.co\/colombia\/author\/joviedo\/\"}]}<\/script>\n<!-- \/ Yoast SEO plugin. -->","yoast_head_json":{"title":"Fiscal\u00eda General de la Naci\u00f3n","description":"P\u00e1gina oficial de la Fiscal\u00eda General de la Naci\u00f3n \u2013 Colombia. Garantizamos el acceso efectivo a la justicia, la verdad y la reparaci\u00f3n de las v\u00edctimas de los delitos.","robots":{"index":"noindex","follow":"follow"},"og_locale":"es_ES","og_type":"article","og_title":"Fiscal\u00eda General de la Naci\u00f3n","og_description":"P\u00e1gina oficial de la Fiscal\u00eda General de la Naci\u00f3n \u2013 Colombia. Garantizamos el acceso efectivo a la justicia, la verdad y la reparaci\u00f3n de las v\u00edctimas de los delitos.","og_url":"https:\/\/www.fiscalia.gov.co\/colombia\/noticias\/entra-en-funcionamiento-el-primer-centro-de-atencion-de-la-fiscalia-enfocado-en-casos-de-violencias-basadas-en-genero\/","og_site_name":"Fiscal\u00eda General de la Naci\u00f3n","article_publisher":"https:\/\/www.facebook.com\/FiscaliaCol","article_published_time":"2026-03-10T01:40:51+00:00","article_modified_time":"2026-03-10T14:45:19+00:00","author":"Jordan Leandro Oviedo Anzola","twitter_card":"summary_large_image","twitter_creator":"@FiscaliaCol","twitter_site":"@FiscaliaCol","twitter_misc":{"Escrito por":"Jordan Leandro Oviedo Anzola","Tiempo de lectura":"2 minutos"},"schema":{"@context":"https:\/\/schema.org","@graph":[{"@type":"Article","@id":"https:\/\/www.fiscalia.gov.co\/colombia\/noticias\/entra-en-funcionamiento-el-primer-centro-de-atencion-de-la-fiscalia-enfocado-en-casos-de-violencias-basadas-en-genero\/#article","isPartOf":{"@id":"https:\/\/www.fiscalia.gov.co\/colombia\/noticias\/entra-en-funcionamiento-el-primer-centro-de-atencion-de-la-fiscalia-enfocado-en-casos-de-violencias-basadas-en-genero\/"},"author":{"name":"Jordan Leandro Oviedo Anzola","@id":"https:\/\/www.fiscalia.gov.co\/colombia\/#\/schema\/person\/bf84402cf293a5393e9c70b111020b24"},"headline":"Entra en funcionamiento el primer Centro de Atencion de la Fiscal\u00eda enfocado en casos de violencias basadas en g\u00e9nero","datePublished":"2026-03-10T01:40:51+00:00","dateModified":"2026-03-10T14:45:19+00:00","mainEntityOfPage":{"@id":"https:\/\/www.fiscalia.gov.co\/colombia\/noticias\/entra-en-funcionamiento-el-primer-centro-de-atencion-de-la-fiscalia-enfocado-en-casos-de-violencias-basadas-en-genero\/"},"wordCount":520,"publisher":{"@id":"https:\/\/www.fiscalia.gov.co\/colombia\/#organization"},"keywords":["CAF","Centro de Atenci\u00f3n de la Fiscal\u00eda","Extorsiones","Fiscal Luz Adriana Camargo","Fiscal\u00eda General de la Naci\u00f3n","Homicidio","Hurtos","Soacha"],"articleSection":["Noticias"],"inLanguage":"es-CO"},{"@type":"WebPage","@id":"https:\/\/www.fiscalia.gov.co\/colombia\/noticias\/entra-en-funcionamiento-el-primer-centro-de-atencion-de-la-fiscalia-enfocado-en-casos-de-violencias-basadas-en-genero\/","url":"https:\/\/www.fiscalia.gov.co\/colombia\/noticias\/entra-en-funcionamiento-el-primer-centro-de-atencion-de-la-fiscalia-enfocado-en-casos-de-violencias-basadas-en-genero\/","name":"Fiscal\u00eda General de la Naci\u00f3n","isPartOf":{"@id":"https:\/\/www.fiscalia.gov.co\/colombia\/#website"},"datePublished":"2026-03-10T01:40:51+00:00","dateModified":"2026-03-10T14:45:19+00:00","description":"P\u00e1gina oficial de la Fiscal\u00eda General de la Naci\u00f3n \u2013 Colombia. Garantizamos el acceso efectivo a la justicia, la verdad y la reparaci\u00f3n de las v\u00edctimas de los delitos.","breadcrumb":{"@id":"https:\/\/www.fiscalia.gov.co\/colombia\/noticias\/entra-en-funcionamiento-el-primer-centro-de-atencion-de-la-fiscalia-enfocado-en-casos-de-violencias-basadas-en-genero\/#breadcrumb"},"inLanguage":"es-CO","potentialAction":[{"@type":"ReadAction","target":["https:\/\/www.fiscalia.gov.co\/colombia\/noticias\/entra-en-funcionamiento-el-primer-centro-de-atencion-de-la-fiscalia-enfocado-en-casos-de-violencias-basadas-en-genero\/"]}]},{"@type":"BreadcrumbList","@id":"https:\/\/www.fiscalia.gov.co\/colombia\/noticias\/entra-en-funcionamiento-el-primer-centro-de-atencion-de-la-fiscalia-enfocado-en-casos-de-violencias-basadas-en-genero\/#breadcrumb","itemListElement":[{"@type":"ListItem","position":1,"name":"Home","item":"https:\/\/www.fiscalia.gov.co\/colombia\/"},{"@type":"ListItem","position":2,"name":"Entra en funcionamiento el primer Centro de Atencion de la Fiscal\u00eda enfocado en casos de violencias basadas en g\u00e9nero"}]},{"@type":"WebSite","@id":"https:\/\/www.fiscalia.gov.co\/colombia\/#website","url":"https:\/\/www.fiscalia.gov.co\/colombia\/","name":"Fiscal\u00eda General de la Naci\u00f3n","description":"P\u00e1gina oficial de la Fiscal\u00eda General de la Naci\u00f3n \u2013 Colombia. Garantizamos el acceso efectivo a la justicia, la verdad y la reparaci\u00f3n de las v\u00edctimas de los delitos.","publisher":{"@id":"https:\/\/www.fiscalia.gov.co\/colombia\/#organization"},"potentialAction":[{"@type":"SearchAction","target":{"@type":"EntryPoint","urlTemplate":"https:\/\/www.fiscalia.gov.co\/colombia\/?s={search_term_string}"},"query-input":{"@type":"PropertyValueSpecification","valueRequired":true,"valueName":"search_term_string"}}],"inLanguage":"es-CO"},{"@type":"Organization","@id":"https:\/\/www.fiscalia.gov.co\/colombia\/#organization","name":"Fiscal\u00eda General de la Naci\u00f3n","url":"https:\/\/www.fiscalia.gov.co\/colombia\/","logo":{"@type":"ImageObject","inLanguage":"es-CO","@id":"https:\/\/www.fiscalia.gov.co\/colombia\/#\/schema\/logo\/image\/","url":"https:\/\/www.fiscalia.gov.co\/colombia\/wp-content\/uploads\/LogoHorizontal_1.jpg","contentUrl":"https:\/\/www.fiscalia.gov.co\/colombia\/wp-content\/uploads\/LogoHorizontal_1.jpg","width":300,"height":90,"caption":"Fiscal\u00eda General de la Naci\u00f3n"},"image":{"@id":"https:\/\/www.fiscalia.gov.co\/colombia\/#\/schema\/logo\/image\/"},"sameAs":["https:\/\/www.facebook.com\/FiscaliaCol","https:\/\/x.com\/FiscaliaCol","https:\/\/www.instagram.com\/fiscaliacol","https:\/\/www.linkedin.com\/company\/fiscalia-general-de-la-naci-n\/","https:\/\/youtube.com\/@fiscaliageneraldelanacion-4668?si=6nN79nyQICPU5iTh"]},{"@type":"Person","@id":"https:\/\/www.fiscalia.gov.co\/colombia\/#\/schema\/person\/bf84402cf293a5393e9c70b111020b24","name":"Jordan Leandro Oviedo Anzola","image":{"@type":"ImageObject","inLanguage":"es-CO","@id":"https:\/\/www.fiscalia.gov.co\/colombia\/#\/schema\/person\/image\/","url":"https:\/\/secure.gravatar.com\/avatar\/dabba4346fa9b9207d96adafa8f92721?s=96&d=mm&r=g","contentUrl":"https:\/\/secure.gravatar.com\/avatar\/dabba4346fa9b9207d96adafa8f92721?s=96&d=mm&r=g","caption":"Jordan Leandro Oviedo Anzola"},"url":"https:\/\/www.fiscalia.gov.co\/colombia\/author\/joviedo\/"}]}},"_links":{"self":[{"href":"https:\/\/www.fiscalia.gov.co\/colombia\/wp-json\/wp\/v2\/posts\/332627","targetHints":{"allow":["GET"]}}],"collection":[{"href":"https:\/\/www.fiscalia.gov.co\/colombia\/wp-json\/wp\/v2\/posts"}],"about":[{"href":"https:\/\/www.fiscalia.gov.co\/colombia\/wp-json\/wp\/v2\/types\/post"}],"author":[{"embeddable":true,"href":"https:\/\/www.fiscalia.gov.co\/colombia\/wp-json\/wp\/v2\/users\/177"}],"replies":[{"embeddable":true,"href":"https:\/\/www.fiscalia.gov.co\/colombia\/wp-json\/wp\/v2\/comments?post=332627"}],"version-history":[{"count":4,"href":"https:\/\/www.fiscalia.gov.co\/colombia\/wp-json\/wp\/v2\/posts\/332627\/revisions"}],"predecessor-version":[{"id":332641,"href":"https:\/\/www.fiscalia.gov.co\/colombia\/wp-json\/wp\/v2\/posts\/332627\/revisions\/332641"}],"wp:attachment":[{"href":"https:\/\/www.fiscalia.gov.co\/colombia\/wp-json\/wp\/v2\/media?parent=332627"}],"wp:term":[{"taxonomy":"category","embeddable":true,"href":"https:\/\/www.fiscalia.gov.co\/colombia\/wp-json\/wp\/v2\/categories?post=332627"},{"taxonomy":"post_tag","embeddable":true,"href":"https:\/\/www.fiscalia.gov.co\/colombia\/wp-json\/wp\/v2\/tags?post=332627"}],"curies":[{"name":"wp","href":"https:\/\/api.w.org\/{rel}","templated":true}]}}