{"id":332567,"date":"2026-03-08T14:28:43","date_gmt":"2026-03-08T19:28:43","guid":{"rendered":"https:\/\/www.fiscalia.gov.co\/colombia\/?p=332567"},"modified":"2026-03-08T14:30:58","modified_gmt":"2026-03-08T19:30:58","slug":"acciones-investigativas-lideradas-por-la-fiscalia-co-ocasion-de-la-jornada-electoral-permiten-capturar-a-dos-candidatos-al-congreso-de-la-republica","status":"publish","type":"post","link":"https:\/\/www.fiscalia.gov.co\/colombia\/noticias\/acciones-investigativas-lideradas-por-la-fiscalia-co-ocasion-de-la-jornada-electoral-permiten-capturar-a-dos-candidatos-al-congreso-de-la-republica\/","title":{"rendered":"Acciones investigativas lideradas por la Fiscal\u00eda con ocasi\u00f3n de la jornada electoral permiten capturar a dos candidatos al Congreso de la Rep\u00fablica"},"content":{"rendered":"<h4 style=\"text-align: center;\"><em><strong>Entre los capturados est\u00e1 Freddy Camilo G\u00f3mez Castro, quien aspira al Senado y ser\u00eda uno de los articuladores de la red de corrupci\u00f3n que facilitaba el contrabando para Diego Mar\u00edn Buitrago o \u2018El Viejo\u2019.<\/strong><\/em><\/h4>\n<h4 style=\"text-align: center;\"><em><strong>En Amazonas, V\u00edctor Hugo Moreno Bandeira fue detenido por presuntamente ofrecer dinero a integrantes de la Polic\u00eda Nacional para evitar la incautaci\u00f3n de dinero. <\/strong><\/em><\/h4>\n<p>En desarrollo de la estrategia definida por la Fiscal\u00eda General de la Naci\u00f3n para investigar y judicializar delitos que afecten el derecho al voto o representen riesgo para la jornada electoral, fueron capturados mediante orden judicial Freddy Camilo G\u00f3mez Castro, y en situaci\u00f3n de flagrancia V\u00edctor Hugo Moreno Bandeira, dos candidatos al Congreso de la Rep\u00fablica.<\/p>\n<p>G\u00f3mez Castro, quien aspira a una curul en el Senado, fue notificado por parte de servidores del Cuerpo T\u00e9cnico de Investigaci\u00f3n (CTI) de un requerimiento vigente en su contra, luego de sufragar en uno de los puestos de votaci\u00f3n de la localidad de Engativ\u00e1, en el occidente de Bogot\u00e1.<\/p>\n<p>Esta persona ser\u00eda una de las articuladoras de la red de corrupci\u00f3n que favoreci\u00f3 actividades de contrabando para Diego Mar\u00edn Buitrago o \u2018El Viejo\u2019. Los elementos materiales probatorios indican que presuntamente manten\u00eda contactos con representantes de entidades del orden nacional y regional, funcionarios de la Polic\u00eda Fiscal y Aduanera (Polfa) y de la Rama Judicial para que, a cambio de dinero, permitieran el ingreso al pa\u00eds, tr\u00e1nsito y comercializaci\u00f3n de mercanc\u00eda de contrabando, o se abstuvieran de actuar contra la organizaci\u00f3n ilegal.<\/p>\n<p>Por este mismo caso, tambi\u00e9n se hizo efectiva la orden de captura contra Jos\u00e9 Luis Olaya Caicedo y \u00c9dgar Humberto Bacca S\u00e1nchez, dos exintegrantes de la Polic\u00eda Nacional.Olaya Caicedo habr\u00eda aprovechado su experiencia en el \u00e1rea de talento humano de la instituci\u00f3n para identificar y perfilar uniformados de la Polfa que podr\u00edan colaborar para la red de Mar\u00edn Buitrago. Adicionalmente, estar\u00eda encargado de recolectar dinero de comerciantes en Cartagena para el pago de d\u00e1divas a otros uniformados.<\/p>\n<p>Entre tanto, Bacca S\u00e1nchez cumplir\u00eda un rol directamente relacionado con la entrada de contrabando de por los puertos de Barranquilla (Atl\u00e1ntico) y Cartagena (Bol\u00edvar). Al parecer, ubicaba a agentes aduaneros y due\u00f1os de agencias para que le pasaran listados de los contenedores que no deb\u00edan ser registrados ni aprehendidos<\/p>\n<p>El candidato G\u00f3mez Castro y los exintegrantes de la Polic\u00eda Nacional ser\u00e1n presentados ante un juez penal de control de garant\u00edas. Una fiscal de la Direcci\u00f3n Especializada contra la Corrupci\u00f3n les imputar\u00e1 los delitos de cohecho por dar u ofrecer y concierto para delinquir agravado.<\/p>\n<p>Captura en Amazonas<\/p>\n<p>En un procedimiento de control realizado por la Polic\u00eda Nacional en Leticia (Amazonas), en inmediaciones del aeropuerto de esa ciudad, fue capturado V\u00edctor Hugo Moreno Bandeira, candidato a la C\u00e1mara de Representantes. Estar\u00eda implicado en el ofrecimiento de dinero para evitar la incautaci\u00f3n de 15 millones de pesos en efectivo que transportaba.<\/p>\n<p>Un fiscal de la Seccional Amazonas le imputar\u00e1 el delito de cohecho por dar u ofrecer.<\/p>\n<p>Fiscal\u00eda en elecciones<\/p>\n<p>El acompa\u00f1amiento realizado por fiscales e investigadores del CTI al desarrollo de los comicios ha permitido conocer de cinco capturas por corrupci\u00f3n al sufragante en Bol\u00edvar y Meta, desde la apertura de las urnas.<\/p>\n<p>Adicionalmente, hay 15 capturados por orden judicial, tres de ellos estaban designados como jurados de votaci\u00f3n. Uno de los detenidosser\u00eda el responsable del homicidio de una mujer de 47 a\u00f1os perpetrado en la rancher\u00eda Ware Ware en Albania (La Guajira); otro era buscado por su posible participaci\u00f3n en el abuso sexual de una ni\u00f1a de 9 a\u00f1os en Uribia (La Guajira), en julio de 2022; y el tercero, fue ubicado al llegar al puesto de votaci\u00f3n asignado en Turbaco (Bol\u00edvar). Ser\u00e1 judicializado por violencia intrafamiliar agravado.<\/p>\n<p>En cuanto a la incautaci\u00f3n de dinero, la Fiscal\u00eda tiene registro oficial del hallazgo de $2\u2019318.402.000, en 26 procedimientos realizados en la \u00faltima semana. Estos casos se encuentran en indagaci\u00f3n y avanzan las labores de polic\u00eda judicial para establecer el origen y posible destinaci\u00f3n de los recursos.<\/p>\n<p>&nbsp;<\/p>\n<p>&nbsp;<\/p>\n<p>&nbsp;<\/p>\n<p>LCHG\/JARG<\/p>\n<p>&nbsp;<\/p>\n<p>&nbsp;<\/p>\n<p>&nbsp;<\/p>\n<p>&nbsp;<\/p>\n<p><em>La informaci\u00f3n contenida en este bolet\u00edn de prensa corresponde a la narraci\u00f3n de los hechos noticiosos objetivos, y las investigaciones penales al interior de la Fiscal\u00eda General de la Naci\u00f3n. Para el momento de la divulgaci\u00f3n de este comunicado, la situaci\u00f3n jur\u00eddica de la(s) persona(s) relacionada(s) se encuentra pendiente de resolver por la autoridad judicial competente, siempre bajo los preceptos de la presunci\u00f3n de inocencia, consagrados en el art\u00edculo 29 de la Constituci\u00f3n Pol\u00edtica y el art\u00edculo 7\u00ba de la Ley 906 de 2004.<\/em><\/p>\n\n<div class=\"twitter-share\"><a href=\"https:\/\/twitter.com\/intent\/tweet?via=fiscaliacol\" class=\"twitter-share-button\">Tweet<\/a><\/div>\n","protected":false},"excerpt":{"rendered":"<p>Entre los capturados est\u00e1 Freddy Camilo G\u00f3mez Castro, quien aspira al Senado y ser\u00eda uno de los articuladores de la red de corrupci\u00f3n que facilitaba el contrabando para Diego Mar\u00edn Buitrago o \u2018El Viejo\u2019. En Amazonas, V\u00edctor Hugo Moreno Bandeira fue detenido por presuntamente ofrecer dinero a integrantes de la Polic\u00eda Nacional para evitar la [&hellip;]<\/p>\n","protected":false},"author":177,"featured_media":0,"comment_status":"closed","ping_status":"open","sticky":false,"template":"","format":"standard","meta":{"_price":"","_stock":"","_tribe_ticket_header":"","_tribe_default_ticket_provider":"","_tribe_ticket_capacity":"0","_ticket_start_date":"","_ticket_end_date":"","_tribe_ticket_show_description":"","_tribe_ticket_show_not_going":false,"_tribe_ticket_use_global_stock":"","_tribe_ticket_global_stock_level":"","_global_stock_mode":"","_global_stock_cap":"","_tribe_rsvp_for_event":"","_tribe_ticket_going_count":"","_tribe_ticket_not_going_count":"","_tribe_tickets_list":"[]","_tribe_ticket_has_attendee_info_fields":false,"tdm_status":"","tdm_grid_status":"","footnotes":""},"categories":[1],"tags":[],"class_list":{"0":"post-332567","1":"post","2":"type-post","3":"status-publish","4":"format-standard","6":"category-noticias"},"yoast_head":"<!-- This site is optimized with the Yoast SEO plugin v24.3 - https:\/\/yoast.com\/wordpress\/plugins\/seo\/ -->\n<title>Fiscal\u00eda General de la Naci\u00f3n<\/title>\n<meta name=\"description\" content=\"P\u00e1gina oficial de la Fiscal\u00eda General de la Naci\u00f3n \u2013 Colombia. Garantizamos el acceso efectivo a la justicia, la verdad y la reparaci\u00f3n de las v\u00edctimas de los delitos.\" \/>\n<meta name=\"robots\" content=\"noindex, follow\" \/>\n<meta property=\"og:locale\" content=\"es_ES\" \/>\n<meta property=\"og:type\" content=\"article\" \/>\n<meta property=\"og:title\" content=\"Fiscal\u00eda General de la Naci\u00f3n\" \/>\n<meta property=\"og:description\" content=\"P\u00e1gina oficial de la Fiscal\u00eda General de la Naci\u00f3n \u2013 Colombia. Garantizamos el acceso efectivo a la justicia, la verdad y la reparaci\u00f3n de las v\u00edctimas de los delitos.\" \/>\n<meta property=\"og:url\" content=\"https:\/\/www.fiscalia.gov.co\/colombia\/noticias\/acciones-investigativas-lideradas-por-la-fiscalia-co-ocasion-de-la-jornada-electoral-permiten-capturar-a-dos-candidatos-al-congreso-de-la-republica\/\" \/>\n<meta property=\"og:site_name\" content=\"Fiscal\u00eda General de la Naci\u00f3n\" \/>\n<meta property=\"article:publisher\" content=\"https:\/\/www.facebook.com\/FiscaliaCol\" \/>\n<meta property=\"article:published_time\" content=\"2026-03-08T19:28:43+00:00\" \/>\n<meta property=\"article:modified_time\" content=\"2026-03-08T19:30:58+00:00\" \/>\n<meta name=\"author\" content=\"Jordan Leandro Oviedo Anzola\" \/>\n<meta name=\"twitter:card\" content=\"summary_large_image\" \/>\n<meta name=\"twitter:creator\" content=\"@FiscaliaCol\" \/>\n<meta name=\"twitter:site\" content=\"@FiscaliaCol\" \/>\n<meta name=\"twitter:label1\" content=\"Escrito por\" \/>\n\t<meta name=\"twitter:data1\" content=\"Jordan Leandro Oviedo Anzola\" \/>\n\t<meta name=\"twitter:label2\" content=\"Tiempo de lectura\" \/>\n\t<meta name=\"twitter:data2\" content=\"4 minutos\" \/>\n<script type=\"application\/ld+json\" class=\"yoast-schema-graph\">{\"@context\":\"https:\/\/schema.org\",\"@graph\":[{\"@type\":\"Article\",\"@id\":\"https:\/\/www.fiscalia.gov.co\/colombia\/noticias\/acciones-investigativas-lideradas-por-la-fiscalia-co-ocasion-de-la-jornada-electoral-permiten-capturar-a-dos-candidatos-al-congreso-de-la-republica\/#article\",\"isPartOf\":{\"@id\":\"https:\/\/www.fiscalia.gov.co\/colombia\/noticias\/acciones-investigativas-lideradas-por-la-fiscalia-co-ocasion-de-la-jornada-electoral-permiten-capturar-a-dos-candidatos-al-congreso-de-la-republica\/\"},\"author\":{\"name\":\"Jordan Leandro Oviedo Anzola\",\"@id\":\"https:\/\/www.fiscalia.gov.co\/colombia\/#\/schema\/person\/bf84402cf293a5393e9c70b111020b24\"},\"headline\":\"Acciones investigativas lideradas por la Fiscal\u00eda con ocasi\u00f3n de la jornada electoral permiten capturar a dos candidatos al Congreso de la Rep\u00fablica\",\"datePublished\":\"2026-03-08T19:28:43+00:00\",\"dateModified\":\"2026-03-08T19:30:58+00:00\",\"mainEntityOfPage\":{\"@id\":\"https:\/\/www.fiscalia.gov.co\/colombia\/noticias\/acciones-investigativas-lideradas-por-la-fiscalia-co-ocasion-de-la-jornada-electoral-permiten-capturar-a-dos-candidatos-al-congreso-de-la-republica\/\"},\"wordCount\":852,\"publisher\":{\"@id\":\"https:\/\/www.fiscalia.gov.co\/colombia\/#organization\"},\"articleSection\":[\"Noticias\"],\"inLanguage\":\"es-CO\"},{\"@type\":\"WebPage\",\"@id\":\"https:\/\/www.fiscalia.gov.co\/colombia\/noticias\/acciones-investigativas-lideradas-por-la-fiscalia-co-ocasion-de-la-jornada-electoral-permiten-capturar-a-dos-candidatos-al-congreso-de-la-republica\/\",\"url\":\"https:\/\/www.fiscalia.gov.co\/colombia\/noticias\/acciones-investigativas-lideradas-por-la-fiscalia-co-ocasion-de-la-jornada-electoral-permiten-capturar-a-dos-candidatos-al-congreso-de-la-republica\/\",\"name\":\"Fiscal\u00eda General de la Naci\u00f3n\",\"isPartOf\":{\"@id\":\"https:\/\/www.fiscalia.gov.co\/colombia\/#website\"},\"datePublished\":\"2026-03-08T19:28:43+00:00\",\"dateModified\":\"2026-03-08T19:30:58+00:00\",\"description\":\"P\u00e1gina oficial de la Fiscal\u00eda General de la Naci\u00f3n \u2013 Colombia. Garantizamos el acceso efectivo a la justicia, la verdad y la reparaci\u00f3n de las v\u00edctimas de los delitos.\",\"breadcrumb\":{\"@id\":\"https:\/\/www.fiscalia.gov.co\/colombia\/noticias\/acciones-investigativas-lideradas-por-la-fiscalia-co-ocasion-de-la-jornada-electoral-permiten-capturar-a-dos-candidatos-al-congreso-de-la-republica\/#breadcrumb\"},\"inLanguage\":\"es-CO\",\"potentialAction\":[{\"@type\":\"ReadAction\",\"target\":[\"https:\/\/www.fiscalia.gov.co\/colombia\/noticias\/acciones-investigativas-lideradas-por-la-fiscalia-co-ocasion-de-la-jornada-electoral-permiten-capturar-a-dos-candidatos-al-congreso-de-la-republica\/\"]}]},{\"@type\":\"BreadcrumbList\",\"@id\":\"https:\/\/www.fiscalia.gov.co\/colombia\/noticias\/acciones-investigativas-lideradas-por-la-fiscalia-co-ocasion-de-la-jornada-electoral-permiten-capturar-a-dos-candidatos-al-congreso-de-la-republica\/#breadcrumb\",\"itemListElement\":[{\"@type\":\"ListItem\",\"position\":1,\"name\":\"Home\",\"item\":\"https:\/\/www.fiscalia.gov.co\/colombia\/\"},{\"@type\":\"ListItem\",\"position\":2,\"name\":\"Acciones investigativas lideradas por la Fiscal\u00eda con ocasi\u00f3n de la jornada electoral permiten capturar a dos candidatos al Congreso de la Rep\u00fablica\"}]},{\"@type\":\"WebSite\",\"@id\":\"https:\/\/www.fiscalia.gov.co\/colombia\/#website\",\"url\":\"https:\/\/www.fiscalia.gov.co\/colombia\/\",\"name\":\"Fiscal\u00eda General de la Naci\u00f3n\",\"description\":\"P\u00e1gina oficial de la Fiscal\u00eda General de la Naci\u00f3n \u2013 Colombia. Garantizamos el acceso efectivo a la justicia, la verdad y la reparaci\u00f3n de las v\u00edctimas de los delitos.\",\"publisher\":{\"@id\":\"https:\/\/www.fiscalia.gov.co\/colombia\/#organization\"},\"potentialAction\":[{\"@type\":\"SearchAction\",\"target\":{\"@type\":\"EntryPoint\",\"urlTemplate\":\"https:\/\/www.fiscalia.gov.co\/colombia\/?s={search_term_string}\"},\"query-input\":{\"@type\":\"PropertyValueSpecification\",\"valueRequired\":true,\"valueName\":\"search_term_string\"}}],\"inLanguage\":\"es-CO\"},{\"@type\":\"Organization\",\"@id\":\"https:\/\/www.fiscalia.gov.co\/colombia\/#organization\",\"name\":\"Fiscal\u00eda General de la Naci\u00f3n\",\"url\":\"https:\/\/www.fiscalia.gov.co\/colombia\/\",\"logo\":{\"@type\":\"ImageObject\",\"inLanguage\":\"es-CO\",\"@id\":\"https:\/\/www.fiscalia.gov.co\/colombia\/#\/schema\/logo\/image\/\",\"url\":\"https:\/\/www.fiscalia.gov.co\/colombia\/wp-content\/uploads\/LogoHorizontal_1.jpg\",\"contentUrl\":\"https:\/\/www.fiscalia.gov.co\/colombia\/wp-content\/uploads\/LogoHorizontal_1.jpg\",\"width\":300,\"height\":90,\"caption\":\"Fiscal\u00eda General de la Naci\u00f3n\"},\"image\":{\"@id\":\"https:\/\/www.fiscalia.gov.co\/colombia\/#\/schema\/logo\/image\/\"},\"sameAs\":[\"https:\/\/www.facebook.com\/FiscaliaCol\",\"https:\/\/x.com\/FiscaliaCol\",\"https:\/\/www.instagram.com\/fiscaliacol\",\"https:\/\/www.linkedin.com\/company\/fiscalia-general-de-la-naci-n\/\",\"https:\/\/youtube.com\/@fiscaliageneraldelanacion-4668?si=6nN79nyQICPU5iTh\"]},{\"@type\":\"Person\",\"@id\":\"https:\/\/www.fiscalia.gov.co\/colombia\/#\/schema\/person\/bf84402cf293a5393e9c70b111020b24\",\"name\":\"Jordan Leandro Oviedo Anzola\",\"image\":{\"@type\":\"ImageObject\",\"inLanguage\":\"es-CO\",\"@id\":\"https:\/\/www.fiscalia.gov.co\/colombia\/#\/schema\/person\/image\/\",\"url\":\"https:\/\/secure.gravatar.com\/avatar\/dabba4346fa9b9207d96adafa8f92721?s=96&d=mm&r=g\",\"contentUrl\":\"https:\/\/secure.gravatar.com\/avatar\/dabba4346fa9b9207d96adafa8f92721?s=96&d=mm&r=g\",\"caption\":\"Jordan Leandro Oviedo Anzola\"},\"url\":\"https:\/\/www.fiscalia.gov.co\/colombia\/author\/joviedo\/\"}]}<\/script>\n<!-- \/ Yoast SEO plugin. -->","yoast_head_json":{"title":"Fiscal\u00eda General de la Naci\u00f3n","description":"P\u00e1gina oficial de la Fiscal\u00eda General de la Naci\u00f3n \u2013 Colombia. Garantizamos el acceso efectivo a la justicia, la verdad y la reparaci\u00f3n de las v\u00edctimas de los delitos.","robots":{"index":"noindex","follow":"follow"},"og_locale":"es_ES","og_type":"article","og_title":"Fiscal\u00eda General de la Naci\u00f3n","og_description":"P\u00e1gina oficial de la Fiscal\u00eda General de la Naci\u00f3n \u2013 Colombia. Garantizamos el acceso efectivo a la justicia, la verdad y la reparaci\u00f3n de las v\u00edctimas de los delitos.","og_url":"https:\/\/www.fiscalia.gov.co\/colombia\/noticias\/acciones-investigativas-lideradas-por-la-fiscalia-co-ocasion-de-la-jornada-electoral-permiten-capturar-a-dos-candidatos-al-congreso-de-la-republica\/","og_site_name":"Fiscal\u00eda General de la Naci\u00f3n","article_publisher":"https:\/\/www.facebook.com\/FiscaliaCol","article_published_time":"2026-03-08T19:28:43+00:00","article_modified_time":"2026-03-08T19:30:58+00:00","author":"Jordan Leandro Oviedo Anzola","twitter_card":"summary_large_image","twitter_creator":"@FiscaliaCol","twitter_site":"@FiscaliaCol","twitter_misc":{"Escrito por":"Jordan Leandro Oviedo Anzola","Tiempo de lectura":"4 minutos"},"schema":{"@context":"https:\/\/schema.org","@graph":[{"@type":"Article","@id":"https:\/\/www.fiscalia.gov.co\/colombia\/noticias\/acciones-investigativas-lideradas-por-la-fiscalia-co-ocasion-de-la-jornada-electoral-permiten-capturar-a-dos-candidatos-al-congreso-de-la-republica\/#article","isPartOf":{"@id":"https:\/\/www.fiscalia.gov.co\/colombia\/noticias\/acciones-investigativas-lideradas-por-la-fiscalia-co-ocasion-de-la-jornada-electoral-permiten-capturar-a-dos-candidatos-al-congreso-de-la-republica\/"},"author":{"name":"Jordan Leandro Oviedo Anzola","@id":"https:\/\/www.fiscalia.gov.co\/colombia\/#\/schema\/person\/bf84402cf293a5393e9c70b111020b24"},"headline":"Acciones investigativas lideradas por la Fiscal\u00eda con ocasi\u00f3n de la jornada electoral permiten capturar a dos candidatos al Congreso de la Rep\u00fablica","datePublished":"2026-03-08T19:28:43+00:00","dateModified":"2026-03-08T19:30:58+00:00","mainEntityOfPage":{"@id":"https:\/\/www.fiscalia.gov.co\/colombia\/noticias\/acciones-investigativas-lideradas-por-la-fiscalia-co-ocasion-de-la-jornada-electoral-permiten-capturar-a-dos-candidatos-al-congreso-de-la-republica\/"},"wordCount":852,"publisher":{"@id":"https:\/\/www.fiscalia.gov.co\/colombia\/#organization"},"articleSection":["Noticias"],"inLanguage":"es-CO"},{"@type":"WebPage","@id":"https:\/\/www.fiscalia.gov.co\/colombia\/noticias\/acciones-investigativas-lideradas-por-la-fiscalia-co-ocasion-de-la-jornada-electoral-permiten-capturar-a-dos-candidatos-al-congreso-de-la-republica\/","url":"https:\/\/www.fiscalia.gov.co\/colombia\/noticias\/acciones-investigativas-lideradas-por-la-fiscalia-co-ocasion-de-la-jornada-electoral-permiten-capturar-a-dos-candidatos-al-congreso-de-la-republica\/","name":"Fiscal\u00eda General de la Naci\u00f3n","isPartOf":{"@id":"https:\/\/www.fiscalia.gov.co\/colombia\/#website"},"datePublished":"2026-03-08T19:28:43+00:00","dateModified":"2026-03-08T19:30:58+00:00","description":"P\u00e1gina oficial de la Fiscal\u00eda General de la Naci\u00f3n \u2013 Colombia. Garantizamos el acceso efectivo a la justicia, la verdad y la reparaci\u00f3n de las v\u00edctimas de los delitos.","breadcrumb":{"@id":"https:\/\/www.fiscalia.gov.co\/colombia\/noticias\/acciones-investigativas-lideradas-por-la-fiscalia-co-ocasion-de-la-jornada-electoral-permiten-capturar-a-dos-candidatos-al-congreso-de-la-republica\/#breadcrumb"},"inLanguage":"es-CO","potentialAction":[{"@type":"ReadAction","target":["https:\/\/www.fiscalia.gov.co\/colombia\/noticias\/acciones-investigativas-lideradas-por-la-fiscalia-co-ocasion-de-la-jornada-electoral-permiten-capturar-a-dos-candidatos-al-congreso-de-la-republica\/"]}]},{"@type":"BreadcrumbList","@id":"https:\/\/www.fiscalia.gov.co\/colombia\/noticias\/acciones-investigativas-lideradas-por-la-fiscalia-co-ocasion-de-la-jornada-electoral-permiten-capturar-a-dos-candidatos-al-congreso-de-la-republica\/#breadcrumb","itemListElement":[{"@type":"ListItem","position":1,"name":"Home","item":"https:\/\/www.fiscalia.gov.co\/colombia\/"},{"@type":"ListItem","position":2,"name":"Acciones investigativas lideradas por la Fiscal\u00eda con ocasi\u00f3n de la jornada electoral permiten capturar a dos candidatos al Congreso de la Rep\u00fablica"}]},{"@type":"WebSite","@id":"https:\/\/www.fiscalia.gov.co\/colombia\/#website","url":"https:\/\/www.fiscalia.gov.co\/colombia\/","name":"Fiscal\u00eda General de la Naci\u00f3n","description":"P\u00e1gina oficial de la Fiscal\u00eda General de la Naci\u00f3n \u2013 Colombia. Garantizamos el acceso efectivo a la justicia, la verdad y la reparaci\u00f3n de las v\u00edctimas de los delitos.","publisher":{"@id":"https:\/\/www.fiscalia.gov.co\/colombia\/#organization"},"potentialAction":[{"@type":"SearchAction","target":{"@type":"EntryPoint","urlTemplate":"https:\/\/www.fiscalia.gov.co\/colombia\/?s={search_term_string}"},"query-input":{"@type":"PropertyValueSpecification","valueRequired":true,"valueName":"search_term_string"}}],"inLanguage":"es-CO"},{"@type":"Organization","@id":"https:\/\/www.fiscalia.gov.co\/colombia\/#organization","name":"Fiscal\u00eda General de la Naci\u00f3n","url":"https:\/\/www.fiscalia.gov.co\/colombia\/","logo":{"@type":"ImageObject","inLanguage":"es-CO","@id":"https:\/\/www.fiscalia.gov.co\/colombia\/#\/schema\/logo\/image\/","url":"https:\/\/www.fiscalia.gov.co\/colombia\/wp-content\/uploads\/LogoHorizontal_1.jpg","contentUrl":"https:\/\/www.fiscalia.gov.co\/colombia\/wp-content\/uploads\/LogoHorizontal_1.jpg","width":300,"height":90,"caption":"Fiscal\u00eda General de la Naci\u00f3n"},"image":{"@id":"https:\/\/www.fiscalia.gov.co\/colombia\/#\/schema\/logo\/image\/"},"sameAs":["https:\/\/www.facebook.com\/FiscaliaCol","https:\/\/x.com\/FiscaliaCol","https:\/\/www.instagram.com\/fiscaliacol","https:\/\/www.linkedin.com\/company\/fiscalia-general-de-la-naci-n\/","https:\/\/youtube.com\/@fiscaliageneraldelanacion-4668?si=6nN79nyQICPU5iTh"]},{"@type":"Person","@id":"https:\/\/www.fiscalia.gov.co\/colombia\/#\/schema\/person\/bf84402cf293a5393e9c70b111020b24","name":"Jordan Leandro Oviedo Anzola","image":{"@type":"ImageObject","inLanguage":"es-CO","@id":"https:\/\/www.fiscalia.gov.co\/colombia\/#\/schema\/person\/image\/","url":"https:\/\/secure.gravatar.com\/avatar\/dabba4346fa9b9207d96adafa8f92721?s=96&d=mm&r=g","contentUrl":"https:\/\/secure.gravatar.com\/avatar\/dabba4346fa9b9207d96adafa8f92721?s=96&d=mm&r=g","caption":"Jordan Leandro Oviedo Anzola"},"url":"https:\/\/www.fiscalia.gov.co\/colombia\/author\/joviedo\/"}]}},"_links":{"self":[{"href":"https:\/\/www.fiscalia.gov.co\/colombia\/wp-json\/wp\/v2\/posts\/332567","targetHints":{"allow":["GET"]}}],"collection":[{"href":"https:\/\/www.fiscalia.gov.co\/colombia\/wp-json\/wp\/v2\/posts"}],"about":[{"href":"https:\/\/www.fiscalia.gov.co\/colombia\/wp-json\/wp\/v2\/types\/post"}],"author":[{"embeddable":true,"href":"https:\/\/www.fiscalia.gov.co\/colombia\/wp-json\/wp\/v2\/users\/177"}],"replies":[{"embeddable":true,"href":"https:\/\/www.fiscalia.gov.co\/colombia\/wp-json\/wp\/v2\/comments?post=332567"}],"version-history":[{"count":4,"href":"https:\/\/www.fiscalia.gov.co\/colombia\/wp-json\/wp\/v2\/posts\/332567\/revisions"}],"predecessor-version":[{"id":332572,"href":"https:\/\/www.fiscalia.gov.co\/colombia\/wp-json\/wp\/v2\/posts\/332567\/revisions\/332572"}],"wp:attachment":[{"href":"https:\/\/www.fiscalia.gov.co\/colombia\/wp-json\/wp\/v2\/media?parent=332567"}],"wp:term":[{"taxonomy":"category","embeddable":true,"href":"https:\/\/www.fiscalia.gov.co\/colombia\/wp-json\/wp\/v2\/categories?post=332567"},{"taxonomy":"post_tag","embeddable":true,"href":"https:\/\/www.fiscalia.gov.co\/colombia\/wp-json\/wp\/v2\/tags?post=332567"}],"curies":[{"name":"wp","href":"https:\/\/api.w.org\/{rel}","templated":true}]}}