{"id":332561,"date":"2026-03-07T11:01:53","date_gmt":"2026-03-07T16:01:53","guid":{"rendered":"https:\/\/www.fiscalia.gov.co\/colombia\/?p=332561"},"modified":"2026-03-13T11:12:15","modified_gmt":"2026-03-13T16:12:15","slug":"ciudadano-extranjero-senalado-de-explotar-sexualmente-a-menores-de-edad-en-cali-fue-extraditado-a-colombia-para-atender-proceso-judicial-en-su-contra","status":"publish","type":"post","link":"https:\/\/www.fiscalia.gov.co\/colombia\/noticias\/ciudadano-extranjero-senalado-de-explotar-sexualmente-a-menores-de-edad-en-cali-fue-extraditado-a-colombia-para-atender-proceso-judicial-en-su-contra\/","title":{"rendered":"Ciudadano extranjero se\u00f1alado de explotar sexualmente a menores de edad en Cali fue extraditado a Colombia para atender proceso judicial en su contra"},"content":{"rendered":"<h4 style=\"text-align: center;\"><strong><em>El hombre habr\u00eda contactado a adolescentes con fines sexuales a cambio de dinero, en hechos ocurridos en 2022. Fue presentado ante juez de control de garant\u00edas para legalizar el proceso de captura y actualmente cumple medida de aseguramiento en centro carcelario.<\/em><\/strong><\/h4>\n<p style=\"text-align: left;\"><span style=\"color: #222222; font-family: Verdana, BlinkMacSystemFont, -apple-system, 'Segoe UI', Roboto, Oxygen, Ubuntu, Cantarell, 'Open Sans', 'Helvetica Neue', sans-serif; font-size: 15px;\">La Fiscal\u00eda General de la Naci\u00f3n, a trav\u00e9s de la Direcci\u00f3n de Asuntos Internacionales, el Centro de Atenci\u00f3n e Investigaci\u00f3n a las V\u00edctimas de Delitos Sexuales (CAIVAS) y \u00a0la Unidad Especial de Ni\u00f1os, Ni\u00f1as y Adolescentes (UENNA), y con el apoyo de la Polic\u00eda Nacional y la Oficina de <strong>Investigaciones de Seguridad Nacional de Estados Unidos<\/strong> (HSI), logr\u00f3 la extradici\u00f3n de Peter Francis Kennedy, ciudadano austriaco requerido por explotaci\u00f3n sexual de menores de edad en Cali (Valle del Cauca).<\/span><\/p>\n<p>El extranjero fue aprehendido el 2 de octubre de 2024, en la provincia de C\u00f3rdoba (Argentina), donde permaneci\u00f3 <strong>privado de la libertad en la c\u00e1rcel de Bouwer,<\/strong> luego de que Interpol emitiera una notificaci\u00f3n roja en su contra por petici\u00f3n de la Fiscal\u00eda colombiana.<\/p>\n<p>A su llegada al aeropuerto El Dorado de Bogot\u00e1, tras surtirse los <strong>tr\u00e1mites legales y diplom\u00e1ticos para su extradici\u00f3n<\/strong>, Kennedy fue capturado por uniformados de la Polic\u00eda Nacional y puesto a disposici\u00f3n la Fiscal\u00eda, que lo present\u00f3 ante un juez penal de control de garant\u00edas para legalizar los procedimientos realizados.<\/p>\n<p>De acuerdo con la investigaci\u00f3n, este hombre habr\u00eda alquilado unos apartamentos en un edificio en Cali para llevar a<strong> adolescentes y someterlas a actividades de tipo sexual a cambio de diferentes sumas de dinero,<\/strong> entre febrero y diciembre de 2022. Asimismo, es se\u00f1alado de inducir a las v\u00edctimas para que contactaran a otras menores de edad y las convencieran de ir al inmueble con el mismo prop\u00f3sito il\u00edcito. Posteriormente, al conocer el avance de la \u00a0investigaci\u00f3n en su contra, sali\u00f3 del pa\u00eds con destino a Brasil y finalmente Argentina.<\/p>\n<p>Francis Kennedy fue imputado de manera virtual por la Fiscal\u00eda por los<strong> delitos de demanda de explotaci\u00f3n sexual, acceso carnal abusivo con menor de 14 a\u00f1os<\/strong> y utilizaci\u00f3n de menores de edad para la comisi\u00f3n de delitos. En su momento, se le impuso medida de aseguramiento privativa de la libertad en centro carcelario, la cual empez\u00f3 a cumplir tras recibir aval judicial su captura en Colombia.<\/p>\n<p>Kennedy se encuentra privado de la libertad en un cetro carcelario de Palmira (Valle del Cauca).<\/p>\n<p>JPP\/JARG\/AC\/UENNA<\/p>\n<p>&nbsp;<\/p>\n<p>&nbsp;<\/p>\n<p>&nbsp;<\/p>\n<p>&nbsp;<\/p>\n<p><em>La informaci\u00f3n contenida en este bolet\u00edn de prensa corresponde a la narraci\u00f3n de los hechos noticiosos objetivos, y las investigaciones penales al interior de la Fiscal\u00eda General de la Naci\u00f3n. Para el momento de la divulgaci\u00f3n de este comunicado, la situaci\u00f3n jur\u00eddica de la(s) persona(s) relacionada(s) se encuentra pendiente de resolver por la autoridad judicial competente, siempre bajo los preceptos de la presunci\u00f3n de inocencia, consagrados en el art\u00edculo 29 de la Constituci\u00f3n Pol\u00edtica y el art\u00edculo 7\u00ba de la Ley 906 de 2004.<\/em><\/p>\n\n<div class=\"twitter-share\"><a href=\"https:\/\/twitter.com\/intent\/tweet?via=fiscaliacol\" class=\"twitter-share-button\">Tweet<\/a><\/div>\n","protected":false},"excerpt":{"rendered":"<p>El hombre habr\u00eda contactado a adolescentes con fines sexuales a cambio de dinero, en hechos ocurridos en 2022. Fue presentado ante juez de control de garant\u00edas para legalizar el proceso de captura y actualmente cumple medida de aseguramiento en centro carcelario. La Fiscal\u00eda General de la Naci\u00f3n, a trav\u00e9s de la Direcci\u00f3n de Asuntos Internacionales, [&hellip;]<\/p>\n","protected":false},"author":181,"featured_media":0,"comment_status":"closed","ping_status":"open","sticky":false,"template":"","format":"standard","meta":{"tdm_status":"","tdm_grid_status":"","footnotes":""},"categories":[1,24099],"tags":[37492,4614,24187,24481,1047],"class_list":{"0":"post-332561","1":"post","2":"type-post","3":"status-publish","4":"format-standard","6":"category-noticias","7":"category-seguridad-territorial","8":"tag-fiscal-luz-adriana-camargo","9":"tag-fiscalia-2","10":"tag-fiscalia-colombia","11":"tag-fiscalia-de-colombia","12":"tag-fiscalia-general-de-la-nacion"},"yoast_head":"<!-- This site is optimized with the Yoast SEO plugin v24.3 - https:\/\/yoast.com\/wordpress\/plugins\/seo\/ -->\n<title>Fiscal\u00eda General de la Naci\u00f3n<\/title>\n<meta name=\"description\" content=\"P\u00e1gina oficial de la Fiscal\u00eda General de la Naci\u00f3n \u2013 Colombia. Garantizamos el acceso efectivo a la justicia, la verdad y la reparaci\u00f3n de las v\u00edctimas de los delitos.\" \/>\n<meta name=\"robots\" content=\"noindex, follow\" \/>\n<meta property=\"og:locale\" content=\"es_ES\" \/>\n<meta property=\"og:type\" content=\"article\" \/>\n<meta property=\"og:title\" content=\"Fiscal\u00eda General de la Naci\u00f3n\" \/>\n<meta property=\"og:description\" content=\"P\u00e1gina oficial de la Fiscal\u00eda General de la Naci\u00f3n \u2013 Colombia. Garantizamos el acceso efectivo a la justicia, la verdad y la reparaci\u00f3n de las v\u00edctimas de los delitos.\" \/>\n<meta property=\"og:url\" content=\"https:\/\/www.fiscalia.gov.co\/colombia\/noticias\/ciudadano-extranjero-senalado-de-explotar-sexualmente-a-menores-de-edad-en-cali-fue-extraditado-a-colombia-para-atender-proceso-judicial-en-su-contra\/\" \/>\n<meta property=\"og:site_name\" content=\"Fiscal\u00eda General de la Naci\u00f3n\" \/>\n<meta property=\"article:publisher\" content=\"https:\/\/www.facebook.com\/FiscaliaCol\" \/>\n<meta property=\"article:published_time\" content=\"2026-03-07T16:01:53+00:00\" \/>\n<meta property=\"article:modified_time\" content=\"2026-03-13T16:12:15+00:00\" \/>\n<meta name=\"author\" content=\"Johanna Islenny Prieto Pe\u00f1a\" \/>\n<meta name=\"twitter:card\" content=\"summary_large_image\" \/>\n<meta name=\"twitter:creator\" content=\"@FiscaliaCol\" \/>\n<meta name=\"twitter:site\" content=\"@FiscaliaCol\" \/>\n<meta name=\"twitter:label1\" content=\"Escrito por\" \/>\n\t<meta name=\"twitter:data1\" content=\"Johanna Islenny Prieto Pe\u00f1a\" \/>\n\t<meta name=\"twitter:label2\" content=\"Tiempo de lectura\" \/>\n\t<meta name=\"twitter:data2\" content=\"3 minutos\" \/>\n<script type=\"application\/ld+json\" class=\"yoast-schema-graph\">{\"@context\":\"https:\/\/schema.org\",\"@graph\":[{\"@type\":\"Article\",\"@id\":\"https:\/\/www.fiscalia.gov.co\/colombia\/noticias\/ciudadano-extranjero-senalado-de-explotar-sexualmente-a-menores-de-edad-en-cali-fue-extraditado-a-colombia-para-atender-proceso-judicial-en-su-contra\/#article\",\"isPartOf\":{\"@id\":\"https:\/\/www.fiscalia.gov.co\/colombia\/noticias\/ciudadano-extranjero-senalado-de-explotar-sexualmente-a-menores-de-edad-en-cali-fue-extraditado-a-colombia-para-atender-proceso-judicial-en-su-contra\/\"},\"author\":{\"name\":\"Johanna Islenny Prieto Pe\u00f1a\",\"@id\":\"https:\/\/www.fiscalia.gov.co\/colombia\/#\/schema\/person\/ba9eca435947489fb25117a0cd75bf3e\"},\"headline\":\"Ciudadano extranjero se\u00f1alado de explotar sexualmente a menores de edad en Cali fue extraditado a Colombia para atender proceso judicial en su contra\",\"datePublished\":\"2026-03-07T16:01:53+00:00\",\"dateModified\":\"2026-03-13T16:12:15+00:00\",\"mainEntityOfPage\":{\"@id\":\"https:\/\/www.fiscalia.gov.co\/colombia\/noticias\/ciudadano-extranjero-senalado-de-explotar-sexualmente-a-menores-de-edad-en-cali-fue-extraditado-a-colombia-para-atender-proceso-judicial-en-su-contra\/\"},\"wordCount\":547,\"publisher\":{\"@id\":\"https:\/\/www.fiscalia.gov.co\/colombia\/#organization\"},\"keywords\":[\"Fiscal Luz Adriana Camargo\",\"Fiscal\u00eda\",\"Fiscal\u00eda Colombia\",\"Fiscal\u00eda de Colombia\",\"Fiscal\u00eda General de la Naci\u00f3n\"],\"articleSection\":[\"Noticias\",\"Seguridad territorial\"],\"inLanguage\":\"es-CO\"},{\"@type\":\"WebPage\",\"@id\":\"https:\/\/www.fiscalia.gov.co\/colombia\/noticias\/ciudadano-extranjero-senalado-de-explotar-sexualmente-a-menores-de-edad-en-cali-fue-extraditado-a-colombia-para-atender-proceso-judicial-en-su-contra\/\",\"url\":\"https:\/\/www.fiscalia.gov.co\/colombia\/noticias\/ciudadano-extranjero-senalado-de-explotar-sexualmente-a-menores-de-edad-en-cali-fue-extraditado-a-colombia-para-atender-proceso-judicial-en-su-contra\/\",\"name\":\"Fiscal\u00eda General de la Naci\u00f3n\",\"isPartOf\":{\"@id\":\"https:\/\/www.fiscalia.gov.co\/colombia\/#website\"},\"datePublished\":\"2026-03-07T16:01:53+00:00\",\"dateModified\":\"2026-03-13T16:12:15+00:00\",\"description\":\"P\u00e1gina oficial de la Fiscal\u00eda General de la Naci\u00f3n \u2013 Colombia. Garantizamos el acceso efectivo a la justicia, la verdad y la reparaci\u00f3n de las v\u00edctimas de los delitos.\",\"breadcrumb\":{\"@id\":\"https:\/\/www.fiscalia.gov.co\/colombia\/noticias\/ciudadano-extranjero-senalado-de-explotar-sexualmente-a-menores-de-edad-en-cali-fue-extraditado-a-colombia-para-atender-proceso-judicial-en-su-contra\/#breadcrumb\"},\"inLanguage\":\"es-CO\",\"potentialAction\":[{\"@type\":\"ReadAction\",\"target\":[\"https:\/\/www.fiscalia.gov.co\/colombia\/noticias\/ciudadano-extranjero-senalado-de-explotar-sexualmente-a-menores-de-edad-en-cali-fue-extraditado-a-colombia-para-atender-proceso-judicial-en-su-contra\/\"]}]},{\"@type\":\"BreadcrumbList\",\"@id\":\"https:\/\/www.fiscalia.gov.co\/colombia\/noticias\/ciudadano-extranjero-senalado-de-explotar-sexualmente-a-menores-de-edad-en-cali-fue-extraditado-a-colombia-para-atender-proceso-judicial-en-su-contra\/#breadcrumb\",\"itemListElement\":[{\"@type\":\"ListItem\",\"position\":1,\"name\":\"Home\",\"item\":\"https:\/\/www.fiscalia.gov.co\/colombia\/\"},{\"@type\":\"ListItem\",\"position\":2,\"name\":\"Ciudadano extranjero se\u00f1alado de explotar sexualmente a menores de edad en Cali fue extraditado a Colombia para atender proceso judicial en su contra\"}]},{\"@type\":\"WebSite\",\"@id\":\"https:\/\/www.fiscalia.gov.co\/colombia\/#website\",\"url\":\"https:\/\/www.fiscalia.gov.co\/colombia\/\",\"name\":\"Fiscal\u00eda General de la Naci\u00f3n\",\"description\":\"P\u00e1gina oficial de la Fiscal\u00eda General de la Naci\u00f3n \u2013 Colombia. Garantizamos el acceso efectivo a la justicia, la verdad y la reparaci\u00f3n de las v\u00edctimas de los delitos.\",\"publisher\":{\"@id\":\"https:\/\/www.fiscalia.gov.co\/colombia\/#organization\"},\"potentialAction\":[{\"@type\":\"SearchAction\",\"target\":{\"@type\":\"EntryPoint\",\"urlTemplate\":\"https:\/\/www.fiscalia.gov.co\/colombia\/?s={search_term_string}\"},\"query-input\":{\"@type\":\"PropertyValueSpecification\",\"valueRequired\":true,\"valueName\":\"search_term_string\"}}],\"inLanguage\":\"es-CO\"},{\"@type\":\"Organization\",\"@id\":\"https:\/\/www.fiscalia.gov.co\/colombia\/#organization\",\"name\":\"Fiscal\u00eda General de la Naci\u00f3n\",\"url\":\"https:\/\/www.fiscalia.gov.co\/colombia\/\",\"logo\":{\"@type\":\"ImageObject\",\"inLanguage\":\"es-CO\",\"@id\":\"https:\/\/www.fiscalia.gov.co\/colombia\/#\/schema\/logo\/image\/\",\"url\":\"https:\/\/www.fiscalia.gov.co\/colombia\/wp-content\/uploads\/LogoHorizontal_1.jpg\",\"contentUrl\":\"https:\/\/www.fiscalia.gov.co\/colombia\/wp-content\/uploads\/LogoHorizontal_1.jpg\",\"width\":300,\"height\":90,\"caption\":\"Fiscal\u00eda General de la Naci\u00f3n\"},\"image\":{\"@id\":\"https:\/\/www.fiscalia.gov.co\/colombia\/#\/schema\/logo\/image\/\"},\"sameAs\":[\"https:\/\/www.facebook.com\/FiscaliaCol\",\"https:\/\/x.com\/FiscaliaCol\",\"https:\/\/www.instagram.com\/fiscaliacol\",\"https:\/\/www.linkedin.com\/company\/fiscalia-general-de-la-naci-n\/\",\"https:\/\/youtube.com\/@fiscaliageneraldelanacion-4668?si=6nN79nyQICPU5iTh\"]},{\"@type\":\"Person\",\"@id\":\"https:\/\/www.fiscalia.gov.co\/colombia\/#\/schema\/person\/ba9eca435947489fb25117a0cd75bf3e\",\"name\":\"Johanna Islenny Prieto Pe\u00f1a\",\"image\":{\"@type\":\"ImageObject\",\"inLanguage\":\"es-CO\",\"@id\":\"https:\/\/www.fiscalia.gov.co\/colombia\/#\/schema\/person\/image\/\",\"url\":\"https:\/\/secure.gravatar.com\/avatar\/111433fc2acb037ffb768f6a3ca47864?s=96&d=mm&r=g\",\"contentUrl\":\"https:\/\/secure.gravatar.com\/avatar\/111433fc2acb037ffb768f6a3ca47864?s=96&d=mm&r=g\",\"caption\":\"Johanna Islenny Prieto Pe\u00f1a\"},\"url\":\"https:\/\/www.fiscalia.gov.co\/colombia\/author\/jprietop\/\"}]}<\/script>\n<!-- \/ Yoast SEO plugin. -->","yoast_head_json":{"title":"Fiscal\u00eda General de la Naci\u00f3n","description":"P\u00e1gina oficial de la Fiscal\u00eda General de la Naci\u00f3n \u2013 Colombia. Garantizamos el acceso efectivo a la justicia, la verdad y la reparaci\u00f3n de las v\u00edctimas de los delitos.","robots":{"index":"noindex","follow":"follow"},"og_locale":"es_ES","og_type":"article","og_title":"Fiscal\u00eda General de la Naci\u00f3n","og_description":"P\u00e1gina oficial de la Fiscal\u00eda General de la Naci\u00f3n \u2013 Colombia. Garantizamos el acceso efectivo a la justicia, la verdad y la reparaci\u00f3n de las v\u00edctimas de los delitos.","og_url":"https:\/\/www.fiscalia.gov.co\/colombia\/noticias\/ciudadano-extranjero-senalado-de-explotar-sexualmente-a-menores-de-edad-en-cali-fue-extraditado-a-colombia-para-atender-proceso-judicial-en-su-contra\/","og_site_name":"Fiscal\u00eda General de la Naci\u00f3n","article_publisher":"https:\/\/www.facebook.com\/FiscaliaCol","article_published_time":"2026-03-07T16:01:53+00:00","article_modified_time":"2026-03-13T16:12:15+00:00","author":"Johanna Islenny Prieto Pe\u00f1a","twitter_card":"summary_large_image","twitter_creator":"@FiscaliaCol","twitter_site":"@FiscaliaCol","twitter_misc":{"Escrito por":"Johanna Islenny Prieto Pe\u00f1a","Tiempo de lectura":"3 minutos"},"schema":{"@context":"https:\/\/schema.org","@graph":[{"@type":"Article","@id":"https:\/\/www.fiscalia.gov.co\/colombia\/noticias\/ciudadano-extranjero-senalado-de-explotar-sexualmente-a-menores-de-edad-en-cali-fue-extraditado-a-colombia-para-atender-proceso-judicial-en-su-contra\/#article","isPartOf":{"@id":"https:\/\/www.fiscalia.gov.co\/colombia\/noticias\/ciudadano-extranjero-senalado-de-explotar-sexualmente-a-menores-de-edad-en-cali-fue-extraditado-a-colombia-para-atender-proceso-judicial-en-su-contra\/"},"author":{"name":"Johanna Islenny Prieto Pe\u00f1a","@id":"https:\/\/www.fiscalia.gov.co\/colombia\/#\/schema\/person\/ba9eca435947489fb25117a0cd75bf3e"},"headline":"Ciudadano extranjero se\u00f1alado de explotar sexualmente a menores de edad en Cali fue extraditado a Colombia para atender proceso judicial en su contra","datePublished":"2026-03-07T16:01:53+00:00","dateModified":"2026-03-13T16:12:15+00:00","mainEntityOfPage":{"@id":"https:\/\/www.fiscalia.gov.co\/colombia\/noticias\/ciudadano-extranjero-senalado-de-explotar-sexualmente-a-menores-de-edad-en-cali-fue-extraditado-a-colombia-para-atender-proceso-judicial-en-su-contra\/"},"wordCount":547,"publisher":{"@id":"https:\/\/www.fiscalia.gov.co\/colombia\/#organization"},"keywords":["Fiscal Luz Adriana Camargo","Fiscal\u00eda","Fiscal\u00eda Colombia","Fiscal\u00eda de Colombia","Fiscal\u00eda General de la Naci\u00f3n"],"articleSection":["Noticias","Seguridad territorial"],"inLanguage":"es-CO"},{"@type":"WebPage","@id":"https:\/\/www.fiscalia.gov.co\/colombia\/noticias\/ciudadano-extranjero-senalado-de-explotar-sexualmente-a-menores-de-edad-en-cali-fue-extraditado-a-colombia-para-atender-proceso-judicial-en-su-contra\/","url":"https:\/\/www.fiscalia.gov.co\/colombia\/noticias\/ciudadano-extranjero-senalado-de-explotar-sexualmente-a-menores-de-edad-en-cali-fue-extraditado-a-colombia-para-atender-proceso-judicial-en-su-contra\/","name":"Fiscal\u00eda General de la Naci\u00f3n","isPartOf":{"@id":"https:\/\/www.fiscalia.gov.co\/colombia\/#website"},"datePublished":"2026-03-07T16:01:53+00:00","dateModified":"2026-03-13T16:12:15+00:00","description":"P\u00e1gina oficial de la Fiscal\u00eda General de la Naci\u00f3n \u2013 Colombia. Garantizamos el acceso efectivo a la justicia, la verdad y la reparaci\u00f3n de las v\u00edctimas de los delitos.","breadcrumb":{"@id":"https:\/\/www.fiscalia.gov.co\/colombia\/noticias\/ciudadano-extranjero-senalado-de-explotar-sexualmente-a-menores-de-edad-en-cali-fue-extraditado-a-colombia-para-atender-proceso-judicial-en-su-contra\/#breadcrumb"},"inLanguage":"es-CO","potentialAction":[{"@type":"ReadAction","target":["https:\/\/www.fiscalia.gov.co\/colombia\/noticias\/ciudadano-extranjero-senalado-de-explotar-sexualmente-a-menores-de-edad-en-cali-fue-extraditado-a-colombia-para-atender-proceso-judicial-en-su-contra\/"]}]},{"@type":"BreadcrumbList","@id":"https:\/\/www.fiscalia.gov.co\/colombia\/noticias\/ciudadano-extranjero-senalado-de-explotar-sexualmente-a-menores-de-edad-en-cali-fue-extraditado-a-colombia-para-atender-proceso-judicial-en-su-contra\/#breadcrumb","itemListElement":[{"@type":"ListItem","position":1,"name":"Home","item":"https:\/\/www.fiscalia.gov.co\/colombia\/"},{"@type":"ListItem","position":2,"name":"Ciudadano extranjero se\u00f1alado de explotar sexualmente a menores de edad en Cali fue extraditado a Colombia para atender proceso judicial en su contra"}]},{"@type":"WebSite","@id":"https:\/\/www.fiscalia.gov.co\/colombia\/#website","url":"https:\/\/www.fiscalia.gov.co\/colombia\/","name":"Fiscal\u00eda General de la Naci\u00f3n","description":"P\u00e1gina oficial de la Fiscal\u00eda General de la Naci\u00f3n \u2013 Colombia. Garantizamos el acceso efectivo a la justicia, la verdad y la reparaci\u00f3n de las v\u00edctimas de los delitos.","publisher":{"@id":"https:\/\/www.fiscalia.gov.co\/colombia\/#organization"},"potentialAction":[{"@type":"SearchAction","target":{"@type":"EntryPoint","urlTemplate":"https:\/\/www.fiscalia.gov.co\/colombia\/?s={search_term_string}"},"query-input":{"@type":"PropertyValueSpecification","valueRequired":true,"valueName":"search_term_string"}}],"inLanguage":"es-CO"},{"@type":"Organization","@id":"https:\/\/www.fiscalia.gov.co\/colombia\/#organization","name":"Fiscal\u00eda General de la Naci\u00f3n","url":"https:\/\/www.fiscalia.gov.co\/colombia\/","logo":{"@type":"ImageObject","inLanguage":"es-CO","@id":"https:\/\/www.fiscalia.gov.co\/colombia\/#\/schema\/logo\/image\/","url":"https:\/\/www.fiscalia.gov.co\/colombia\/wp-content\/uploads\/LogoHorizontal_1.jpg","contentUrl":"https:\/\/www.fiscalia.gov.co\/colombia\/wp-content\/uploads\/LogoHorizontal_1.jpg","width":300,"height":90,"caption":"Fiscal\u00eda General de la Naci\u00f3n"},"image":{"@id":"https:\/\/www.fiscalia.gov.co\/colombia\/#\/schema\/logo\/image\/"},"sameAs":["https:\/\/www.facebook.com\/FiscaliaCol","https:\/\/x.com\/FiscaliaCol","https:\/\/www.instagram.com\/fiscaliacol","https:\/\/www.linkedin.com\/company\/fiscalia-general-de-la-naci-n\/","https:\/\/youtube.com\/@fiscaliageneraldelanacion-4668?si=6nN79nyQICPU5iTh"]},{"@type":"Person","@id":"https:\/\/www.fiscalia.gov.co\/colombia\/#\/schema\/person\/ba9eca435947489fb25117a0cd75bf3e","name":"Johanna Islenny Prieto Pe\u00f1a","image":{"@type":"ImageObject","inLanguage":"es-CO","@id":"https:\/\/www.fiscalia.gov.co\/colombia\/#\/schema\/person\/image\/","url":"https:\/\/secure.gravatar.com\/avatar\/111433fc2acb037ffb768f6a3ca47864?s=96&d=mm&r=g","contentUrl":"https:\/\/secure.gravatar.com\/avatar\/111433fc2acb037ffb768f6a3ca47864?s=96&d=mm&r=g","caption":"Johanna Islenny Prieto Pe\u00f1a"},"url":"https:\/\/www.fiscalia.gov.co\/colombia\/author\/jprietop\/"}]}},"_links":{"self":[{"href":"https:\/\/www.fiscalia.gov.co\/colombia\/wp-json\/wp\/v2\/posts\/332561","targetHints":{"allow":["GET"]}}],"collection":[{"href":"https:\/\/www.fiscalia.gov.co\/colombia\/wp-json\/wp\/v2\/posts"}],"about":[{"href":"https:\/\/www.fiscalia.gov.co\/colombia\/wp-json\/wp\/v2\/types\/post"}],"author":[{"embeddable":true,"href":"https:\/\/www.fiscalia.gov.co\/colombia\/wp-json\/wp\/v2\/users\/181"}],"replies":[{"embeddable":true,"href":"https:\/\/www.fiscalia.gov.co\/colombia\/wp-json\/wp\/v2\/comments?post=332561"}],"version-history":[{"count":5,"href":"https:\/\/www.fiscalia.gov.co\/colombia\/wp-json\/wp\/v2\/posts\/332561\/revisions"}],"predecessor-version":[{"id":332879,"href":"https:\/\/www.fiscalia.gov.co\/colombia\/wp-json\/wp\/v2\/posts\/332561\/revisions\/332879"}],"wp:attachment":[{"href":"https:\/\/www.fiscalia.gov.co\/colombia\/wp-json\/wp\/v2\/media?parent=332561"}],"wp:term":[{"taxonomy":"category","embeddable":true,"href":"https:\/\/www.fiscalia.gov.co\/colombia\/wp-json\/wp\/v2\/categories?post=332561"},{"taxonomy":"post_tag","embeddable":true,"href":"https:\/\/www.fiscalia.gov.co\/colombia\/wp-json\/wp\/v2\/tags?post=332561"}],"curies":[{"name":"wp","href":"https:\/\/api.w.org\/{rel}","templated":true}]}}