{"id":33088,"date":"2013-05-16T17:35:06","date_gmt":"2013-05-16T22:35:06","guid":{"rendered":"http:\/\/www.fiscalia.gov.co\/colombia\/?p=33088"},"modified":"2013-05-16T17:35:06","modified_gmt":"2013-05-16T22:35:06","slug":"culmina-seminario-la-importancia-de-la-construccion-de-contextos-en-las-investigaciones-judiciales","status":"publish","type":"post","link":"https:\/\/www.fiscalia.gov.co\/colombia\/noticias\/culmina-seminario-la-importancia-de-la-construccion-de-contextos-en-las-investigaciones-judiciales\/","title":{"rendered":"Culmina seminario, La importancia de la construcci\u00f3n de contextos en las investigaciones judiciales"},"content":{"rendered":"<p>La Unidad Nacional de An\u00e1lisis y Contextos de la Fiscal\u00eda General de la Naci\u00f3n, llev\u00f3 a cabo desde este 14 hasta el 17 de mayo, un seminario con expertos internacionales para tratar los temas relacionados con la construcci\u00f3n de contextos en las investigaciones judiciales.<\/p>\n<p>Uno de los objetivos del encuentro fue examinar y conocer de qu\u00e9 manera los tribunales penales internacionales han venido construyendo los contextos para la investigaci\u00f3n de cr\u00edmenes de sistema, para esto, la Unidad invit\u00f3 al fiscal jefe del Tribunal Penal Internacional para la antigua Yugoslavia, Serge Brammertz, quien en primer lugar comparti\u00f3 las lecciones y los retos a los que se han visto enfrentados debido a la complejidad de los delitos que se investigan.<\/p>\n<p>Tambi\u00e9n, se refiri\u00f3 a la importancia de la articulaci\u00f3n del trabajo de los fiscales, analistas e investigadores\u00a0 para la implementaci\u00f3n de metodolog\u00edas de construcci\u00f3n de contextos, confront\u00e1ndose de esta manera con el trabajo realizado por la Unidad desde su creaci\u00f3n.<\/p>\n<p>\u201cEl papel de la Fiscal\u00eda General de la Naci\u00f3n en este seminario responde a la necesidad de motivar el debate sobre c\u00f3mo se estructura un contexto, cu\u00e1les son sus elementos y cu\u00e1l es su utilidad dentro de un proceso penal\u201d, explic\u00f3 el fiscal jefe de la Unidad Nacional de An\u00e1lisis y Contextos, Alejandro Ramelli Arteaga.<\/p>\n<p>A partir de este problema, la idea era intercambiar experiencias sobre c\u00f3mo no solamente la Fiscal\u00eda General sino en otras entidades se vienen construyendo los contextos y los retos que implica su elaboraci\u00f3n.<\/p>\n<p>En desarrollo de la jornada se realizaron talleres cuyo objetivo era que los fiscales, analistas e investigadores de la Unac pudieran conocer cu\u00e1les son los retos, las metodolog\u00edas de investigaci\u00f3n de los cr\u00edmenes internacionales, las dificultades, y de qu\u00e9 forma ellos las han venido superando. Los expertos encargados de dictar dichos talleres fueron la brit\u00e1nica Amanda Brettel, investigadora de cr\u00edmenes de sistema; el estadounidense William Tomljanovich, analista pol\u00edtico, y por Colombia, Sandra Ram\u00edrez, analista militar.<\/p>\n<p>Con la participaci\u00f3n de representantes de la Sala Penal de la Corte Suprema de Justicia, el Consejo de Estado, la Corte Constitucional, el Ministerio de Cultura, el Consejo Superior de la Judicatura entre otras instituciones, el seminario \u201cLa importancia de la construcci\u00f3n de contextos en las investigaciones judiciales\u201d arroj\u00f3 importantes conclusiones. Se determin\u00f3 entonces que no existe una \u00fanica forma de construir un contexto, depende de cu\u00e1l es su utilidad y cu\u00e1l es su finalidad; cu\u00e1l es el objetivo de construir contextos, por ejemplo para temas de denuncias internacionales de violaci\u00f3n de Derechos Humanos y cu\u00e1les son los retos de los contextos en los procesos penales y los procesos de restituci\u00f3n de tierras, c\u00f3mo introducir el contexto en el proceso penal y para qu\u00e9 sirve, as\u00ed como cu\u00e1l es la interacci\u00f3n entre el contexto y la responsabilidad penal individual del acusado.<\/p>\n\n<div class=\"twitter-share\"><a href=\"https:\/\/twitter.com\/intent\/tweet?via=fiscaliacol\" class=\"twitter-share-button\">Tweet<\/a><\/div>\n","protected":false},"excerpt":{"rendered":"<p>La Unidad Nacional de An\u00e1lisis y Contextos de la Fiscal\u00eda General de la Naci\u00f3n, llev\u00f3 a cabo desde este 14 hasta el 17 de mayo, un seminario con expertos internacionales [&hellip;]<\/p>\n","protected":false},"author":143,"featured_media":0,"comment_status":"closed","ping_status":"open","sticky":false,"template":"","format":"standard","meta":{"tdm_status":"","tdm_grid_status":"","footnotes":""},"categories":[1],"tags":[965,3765],"class_list":["post-33088","post","type-post","status-publish","format-standard","category-noticias","tag-seminario","tag-unidad-de-analisis-y-contextos"],"yoast_head":"<!-- This site is optimized with the Yoast SEO plugin v24.3 - https:\/\/yoast.com\/wordpress\/plugins\/seo\/ -->\n<title>Fiscal\u00eda General de la Naci\u00f3n<\/title>\n<meta name=\"description\" content=\"P\u00e1gina oficial de la Fiscal\u00eda General de la Naci\u00f3n \u2013 Colombia. Garantizamos el acceso efectivo a la justicia, la verdad y la reparaci\u00f3n de las v\u00edctimas de los delitos.\" \/>\n<meta name=\"robots\" content=\"noindex, follow\" \/>\n<meta property=\"og:locale\" content=\"es_ES\" \/>\n<meta property=\"og:type\" content=\"article\" \/>\n<meta property=\"og:title\" content=\"Fiscal\u00eda General de la Naci\u00f3n\" \/>\n<meta property=\"og:description\" content=\"P\u00e1gina oficial de la Fiscal\u00eda General de la Naci\u00f3n \u2013 Colombia. Garantizamos el acceso efectivo a la justicia, la verdad y la reparaci\u00f3n de las v\u00edctimas de los delitos.\" \/>\n<meta property=\"og:url\" content=\"https:\/\/www.fiscalia.gov.co\/colombia\/noticias\/culmina-seminario-la-importancia-de-la-construccion-de-contextos-en-las-investigaciones-judiciales\/\" \/>\n<meta property=\"og:site_name\" content=\"Fiscal\u00eda General de la Naci\u00f3n\" \/>\n<meta property=\"article:publisher\" content=\"https:\/\/www.facebook.com\/FiscaliaCol\" \/>\n<meta property=\"article:published_time\" content=\"2013-05-16T22:35:06+00:00\" \/>\n<meta name=\"author\" content=\"dfgordillo\" \/>\n<meta name=\"twitter:card\" content=\"summary_large_image\" \/>\n<meta name=\"twitter:creator\" content=\"@FiscaliaCol\" \/>\n<meta name=\"twitter:site\" content=\"@FiscaliaCol\" \/>\n<meta name=\"twitter:label1\" content=\"Escrito por\" \/>\n\t<meta name=\"twitter:data1\" content=\"dfgordillo\" \/>\n\t<meta name=\"twitter:label2\" content=\"Tiempo de lectura\" \/>\n\t<meta name=\"twitter:data2\" content=\"3 minutos\" \/>\n<script type=\"application\/ld+json\" class=\"yoast-schema-graph\">{\"@context\":\"https:\/\/schema.org\",\"@graph\":[{\"@type\":\"Article\",\"@id\":\"https:\/\/www.fiscalia.gov.co\/colombia\/noticias\/culmina-seminario-la-importancia-de-la-construccion-de-contextos-en-las-investigaciones-judiciales\/#article\",\"isPartOf\":{\"@id\":\"https:\/\/www.fiscalia.gov.co\/colombia\/noticias\/culmina-seminario-la-importancia-de-la-construccion-de-contextos-en-las-investigaciones-judiciales\/\"},\"author\":{\"name\":\"dfgordillo\",\"@id\":\"https:\/\/www.fiscalia.gov.co\/colombia\/#\/schema\/person\/3903856a3ce2d54b094c69eb29247895\"},\"headline\":\"Culmina seminario, La importancia de la construcci\u00f3n de contextos en las investigaciones judiciales\",\"datePublished\":\"2013-05-16T22:35:06+00:00\",\"dateModified\":\"2013-05-16T22:35:06+00:00\",\"mainEntityOfPage\":{\"@id\":\"https:\/\/www.fiscalia.gov.co\/colombia\/noticias\/culmina-seminario-la-importancia-de-la-construccion-de-contextos-en-las-investigaciones-judiciales\/\"},\"wordCount\":515,\"publisher\":{\"@id\":\"https:\/\/www.fiscalia.gov.co\/colombia\/#organization\"},\"keywords\":[\"Seminario\",\"Unidad de An\u00e1lisis y Contextos\"],\"articleSection\":[\"Noticias\"],\"inLanguage\":\"es-CO\"},{\"@type\":\"WebPage\",\"@id\":\"https:\/\/www.fiscalia.gov.co\/colombia\/noticias\/culmina-seminario-la-importancia-de-la-construccion-de-contextos-en-las-investigaciones-judiciales\/\",\"url\":\"https:\/\/www.fiscalia.gov.co\/colombia\/noticias\/culmina-seminario-la-importancia-de-la-construccion-de-contextos-en-las-investigaciones-judiciales\/\",\"name\":\"Fiscal\u00eda General de la Naci\u00f3n\",\"isPartOf\":{\"@id\":\"https:\/\/www.fiscalia.gov.co\/colombia\/#website\"},\"datePublished\":\"2013-05-16T22:35:06+00:00\",\"dateModified\":\"2013-05-16T22:35:06+00:00\",\"description\":\"P\u00e1gina oficial de la Fiscal\u00eda General de la Naci\u00f3n \u2013 Colombia. Garantizamos el acceso efectivo a la justicia, la verdad y la reparaci\u00f3n de las v\u00edctimas de los delitos.\",\"breadcrumb\":{\"@id\":\"https:\/\/www.fiscalia.gov.co\/colombia\/noticias\/culmina-seminario-la-importancia-de-la-construccion-de-contextos-en-las-investigaciones-judiciales\/#breadcrumb\"},\"inLanguage\":\"es-CO\",\"potentialAction\":[{\"@type\":\"ReadAction\",\"target\":[\"https:\/\/www.fiscalia.gov.co\/colombia\/noticias\/culmina-seminario-la-importancia-de-la-construccion-de-contextos-en-las-investigaciones-judiciales\/\"]}]},{\"@type\":\"BreadcrumbList\",\"@id\":\"https:\/\/www.fiscalia.gov.co\/colombia\/noticias\/culmina-seminario-la-importancia-de-la-construccion-de-contextos-en-las-investigaciones-judiciales\/#breadcrumb\",\"itemListElement\":[{\"@type\":\"ListItem\",\"position\":1,\"name\":\"Home\",\"item\":\"https:\/\/www.fiscalia.gov.co\/colombia\/\"},{\"@type\":\"ListItem\",\"position\":2,\"name\":\"Culmina seminario, La importancia de la construcci\u00f3n de contextos en las investigaciones judiciales\"}]},{\"@type\":\"WebSite\",\"@id\":\"https:\/\/www.fiscalia.gov.co\/colombia\/#website\",\"url\":\"https:\/\/www.fiscalia.gov.co\/colombia\/\",\"name\":\"Fiscal\u00eda General de la Naci\u00f3n\",\"description\":\"P\u00e1gina oficial de la Fiscal\u00eda General de la Naci\u00f3n \u2013 Colombia. Garantizamos el acceso efectivo a la justicia, la verdad y la reparaci\u00f3n de las v\u00edctimas de los delitos.\",\"publisher\":{\"@id\":\"https:\/\/www.fiscalia.gov.co\/colombia\/#organization\"},\"potentialAction\":[{\"@type\":\"SearchAction\",\"target\":{\"@type\":\"EntryPoint\",\"urlTemplate\":\"https:\/\/www.fiscalia.gov.co\/colombia\/?s={search_term_string}\"},\"query-input\":{\"@type\":\"PropertyValueSpecification\",\"valueRequired\":true,\"valueName\":\"search_term_string\"}}],\"inLanguage\":\"es-CO\"},{\"@type\":\"Organization\",\"@id\":\"https:\/\/www.fiscalia.gov.co\/colombia\/#organization\",\"name\":\"Fiscal\u00eda General de la Naci\u00f3n\",\"url\":\"https:\/\/www.fiscalia.gov.co\/colombia\/\",\"logo\":{\"@type\":\"ImageObject\",\"inLanguage\":\"es-CO\",\"@id\":\"https:\/\/www.fiscalia.gov.co\/colombia\/#\/schema\/logo\/image\/\",\"url\":\"https:\/\/www.fiscalia.gov.co\/colombia\/wp-content\/uploads\/LogoHorizontal_1.jpg\",\"contentUrl\":\"https:\/\/www.fiscalia.gov.co\/colombia\/wp-content\/uploads\/LogoHorizontal_1.jpg\",\"width\":300,\"height\":90,\"caption\":\"Fiscal\u00eda General de la Naci\u00f3n\"},\"image\":{\"@id\":\"https:\/\/www.fiscalia.gov.co\/colombia\/#\/schema\/logo\/image\/\"},\"sameAs\":[\"https:\/\/www.facebook.com\/FiscaliaCol\",\"https:\/\/x.com\/FiscaliaCol\",\"https:\/\/www.instagram.com\/fiscaliacol\",\"https:\/\/www.linkedin.com\/company\/fiscalia-general-de-la-naci-n\/\",\"https:\/\/youtube.com\/@fiscaliageneraldelanacion-4668?si=6nN79nyQICPU5iTh\"]},{\"@type\":\"Person\",\"@id\":\"https:\/\/www.fiscalia.gov.co\/colombia\/#\/schema\/person\/3903856a3ce2d54b094c69eb29247895\",\"name\":\"dfgordillo\",\"image\":{\"@type\":\"ImageObject\",\"inLanguage\":\"es-CO\",\"@id\":\"https:\/\/www.fiscalia.gov.co\/colombia\/#\/schema\/person\/image\/\",\"url\":\"https:\/\/secure.gravatar.com\/avatar\/b6356e21c5657c60757fe6fb9493e947?s=96&d=mm&r=g\",\"contentUrl\":\"https:\/\/secure.gravatar.com\/avatar\/b6356e21c5657c60757fe6fb9493e947?s=96&d=mm&r=g\",\"caption\":\"dfgordillo\"},\"sameAs\":[\"dfgordillo\"],\"url\":\"https:\/\/www.fiscalia.gov.co\/colombia\/author\/dfgordillo\/\"}]}<\/script>\n<!-- \/ Yoast SEO plugin. -->","yoast_head_json":{"title":"Fiscal\u00eda General de la Naci\u00f3n","description":"P\u00e1gina oficial de la Fiscal\u00eda General de la Naci\u00f3n \u2013 Colombia. Garantizamos el acceso efectivo a la justicia, la verdad y la reparaci\u00f3n de las v\u00edctimas de los delitos.","robots":{"index":"noindex","follow":"follow"},"og_locale":"es_ES","og_type":"article","og_title":"Fiscal\u00eda General de la Naci\u00f3n","og_description":"P\u00e1gina oficial de la Fiscal\u00eda General de la Naci\u00f3n \u2013 Colombia. Garantizamos el acceso efectivo a la justicia, la verdad y la reparaci\u00f3n de las v\u00edctimas de los delitos.","og_url":"https:\/\/www.fiscalia.gov.co\/colombia\/noticias\/culmina-seminario-la-importancia-de-la-construccion-de-contextos-en-las-investigaciones-judiciales\/","og_site_name":"Fiscal\u00eda General de la Naci\u00f3n","article_publisher":"https:\/\/www.facebook.com\/FiscaliaCol","article_published_time":"2013-05-16T22:35:06+00:00","author":"dfgordillo","twitter_card":"summary_large_image","twitter_creator":"@FiscaliaCol","twitter_site":"@FiscaliaCol","twitter_misc":{"Escrito por":"dfgordillo","Tiempo de lectura":"3 minutos"},"schema":{"@context":"https:\/\/schema.org","@graph":[{"@type":"Article","@id":"https:\/\/www.fiscalia.gov.co\/colombia\/noticias\/culmina-seminario-la-importancia-de-la-construccion-de-contextos-en-las-investigaciones-judiciales\/#article","isPartOf":{"@id":"https:\/\/www.fiscalia.gov.co\/colombia\/noticias\/culmina-seminario-la-importancia-de-la-construccion-de-contextos-en-las-investigaciones-judiciales\/"},"author":{"name":"dfgordillo","@id":"https:\/\/www.fiscalia.gov.co\/colombia\/#\/schema\/person\/3903856a3ce2d54b094c69eb29247895"},"headline":"Culmina seminario, La importancia de la construcci\u00f3n de contextos en las investigaciones judiciales","datePublished":"2013-05-16T22:35:06+00:00","dateModified":"2013-05-16T22:35:06+00:00","mainEntityOfPage":{"@id":"https:\/\/www.fiscalia.gov.co\/colombia\/noticias\/culmina-seminario-la-importancia-de-la-construccion-de-contextos-en-las-investigaciones-judiciales\/"},"wordCount":515,"publisher":{"@id":"https:\/\/www.fiscalia.gov.co\/colombia\/#organization"},"keywords":["Seminario","Unidad de An\u00e1lisis y Contextos"],"articleSection":["Noticias"],"inLanguage":"es-CO"},{"@type":"WebPage","@id":"https:\/\/www.fiscalia.gov.co\/colombia\/noticias\/culmina-seminario-la-importancia-de-la-construccion-de-contextos-en-las-investigaciones-judiciales\/","url":"https:\/\/www.fiscalia.gov.co\/colombia\/noticias\/culmina-seminario-la-importancia-de-la-construccion-de-contextos-en-las-investigaciones-judiciales\/","name":"Fiscal\u00eda General de la Naci\u00f3n","isPartOf":{"@id":"https:\/\/www.fiscalia.gov.co\/colombia\/#website"},"datePublished":"2013-05-16T22:35:06+00:00","dateModified":"2013-05-16T22:35:06+00:00","description":"P\u00e1gina oficial de la Fiscal\u00eda General de la Naci\u00f3n \u2013 Colombia. Garantizamos el acceso efectivo a la justicia, la verdad y la reparaci\u00f3n de las v\u00edctimas de los delitos.","breadcrumb":{"@id":"https:\/\/www.fiscalia.gov.co\/colombia\/noticias\/culmina-seminario-la-importancia-de-la-construccion-de-contextos-en-las-investigaciones-judiciales\/#breadcrumb"},"inLanguage":"es-CO","potentialAction":[{"@type":"ReadAction","target":["https:\/\/www.fiscalia.gov.co\/colombia\/noticias\/culmina-seminario-la-importancia-de-la-construccion-de-contextos-en-las-investigaciones-judiciales\/"]}]},{"@type":"BreadcrumbList","@id":"https:\/\/www.fiscalia.gov.co\/colombia\/noticias\/culmina-seminario-la-importancia-de-la-construccion-de-contextos-en-las-investigaciones-judiciales\/#breadcrumb","itemListElement":[{"@type":"ListItem","position":1,"name":"Home","item":"https:\/\/www.fiscalia.gov.co\/colombia\/"},{"@type":"ListItem","position":2,"name":"Culmina seminario, La importancia de la construcci\u00f3n de contextos en las investigaciones judiciales"}]},{"@type":"WebSite","@id":"https:\/\/www.fiscalia.gov.co\/colombia\/#website","url":"https:\/\/www.fiscalia.gov.co\/colombia\/","name":"Fiscal\u00eda General de la Naci\u00f3n","description":"P\u00e1gina oficial de la Fiscal\u00eda General de la Naci\u00f3n \u2013 Colombia. Garantizamos el acceso efectivo a la justicia, la verdad y la reparaci\u00f3n de las v\u00edctimas de los delitos.","publisher":{"@id":"https:\/\/www.fiscalia.gov.co\/colombia\/#organization"},"potentialAction":[{"@type":"SearchAction","target":{"@type":"EntryPoint","urlTemplate":"https:\/\/www.fiscalia.gov.co\/colombia\/?s={search_term_string}"},"query-input":{"@type":"PropertyValueSpecification","valueRequired":true,"valueName":"search_term_string"}}],"inLanguage":"es-CO"},{"@type":"Organization","@id":"https:\/\/www.fiscalia.gov.co\/colombia\/#organization","name":"Fiscal\u00eda General de la Naci\u00f3n","url":"https:\/\/www.fiscalia.gov.co\/colombia\/","logo":{"@type":"ImageObject","inLanguage":"es-CO","@id":"https:\/\/www.fiscalia.gov.co\/colombia\/#\/schema\/logo\/image\/","url":"https:\/\/www.fiscalia.gov.co\/colombia\/wp-content\/uploads\/LogoHorizontal_1.jpg","contentUrl":"https:\/\/www.fiscalia.gov.co\/colombia\/wp-content\/uploads\/LogoHorizontal_1.jpg","width":300,"height":90,"caption":"Fiscal\u00eda General de la Naci\u00f3n"},"image":{"@id":"https:\/\/www.fiscalia.gov.co\/colombia\/#\/schema\/logo\/image\/"},"sameAs":["https:\/\/www.facebook.com\/FiscaliaCol","https:\/\/x.com\/FiscaliaCol","https:\/\/www.instagram.com\/fiscaliacol","https:\/\/www.linkedin.com\/company\/fiscalia-general-de-la-naci-n\/","https:\/\/youtube.com\/@fiscaliageneraldelanacion-4668?si=6nN79nyQICPU5iTh"]},{"@type":"Person","@id":"https:\/\/www.fiscalia.gov.co\/colombia\/#\/schema\/person\/3903856a3ce2d54b094c69eb29247895","name":"dfgordillo","image":{"@type":"ImageObject","inLanguage":"es-CO","@id":"https:\/\/www.fiscalia.gov.co\/colombia\/#\/schema\/person\/image\/","url":"https:\/\/secure.gravatar.com\/avatar\/b6356e21c5657c60757fe6fb9493e947?s=96&d=mm&r=g","contentUrl":"https:\/\/secure.gravatar.com\/avatar\/b6356e21c5657c60757fe6fb9493e947?s=96&d=mm&r=g","caption":"dfgordillo"},"sameAs":["dfgordillo"],"url":"https:\/\/www.fiscalia.gov.co\/colombia\/author\/dfgordillo\/"}]}},"_links":{"self":[{"href":"https:\/\/www.fiscalia.gov.co\/colombia\/wp-json\/wp\/v2\/posts\/33088","targetHints":{"allow":["GET"]}}],"collection":[{"href":"https:\/\/www.fiscalia.gov.co\/colombia\/wp-json\/wp\/v2\/posts"}],"about":[{"href":"https:\/\/www.fiscalia.gov.co\/colombia\/wp-json\/wp\/v2\/types\/post"}],"author":[{"embeddable":true,"href":"https:\/\/www.fiscalia.gov.co\/colombia\/wp-json\/wp\/v2\/users\/143"}],"replies":[{"embeddable":true,"href":"https:\/\/www.fiscalia.gov.co\/colombia\/wp-json\/wp\/v2\/comments?post=33088"}],"version-history":[{"count":2,"href":"https:\/\/www.fiscalia.gov.co\/colombia\/wp-json\/wp\/v2\/posts\/33088\/revisions"}],"predecessor-version":[{"id":33090,"href":"https:\/\/www.fiscalia.gov.co\/colombia\/wp-json\/wp\/v2\/posts\/33088\/revisions\/33090"}],"wp:attachment":[{"href":"https:\/\/www.fiscalia.gov.co\/colombia\/wp-json\/wp\/v2\/media?parent=33088"}],"wp:term":[{"taxonomy":"category","embeddable":true,"href":"https:\/\/www.fiscalia.gov.co\/colombia\/wp-json\/wp\/v2\/categories?post=33088"},{"taxonomy":"post_tag","embeddable":true,"href":"https:\/\/www.fiscalia.gov.co\/colombia\/wp-json\/wp\/v2\/tags?post=33088"}],"curies":[{"name":"wp","href":"https:\/\/api.w.org\/{rel}","templated":true}]}}