{"id":33072,"date":"2013-05-16T17:06:32","date_gmt":"2013-05-16T22:06:32","guid":{"rendered":"http:\/\/www.fiscalia.gov.co\/colombia\/?p=33072"},"modified":"2013-06-11T15:36:17","modified_gmt":"2013-06-11T20:36:17","slug":"fiscal-general-de-la-nacion-comparto-la-propuesta-de-reforma-al-codigo-penitenciario-pero-no-es-la-solucion-a-la-crisis","status":"publish","type":"post","link":"https:\/\/www.fiscalia.gov.co\/colombia\/noticias\/fiscal-general-de-la-nacion-comparto-la-propuesta-de-reforma-al-codigo-penitenciario-pero-no-es-la-solucion-a-la-crisis\/","title":{"rendered":"Fiscal General de la Naci\u00f3n: \u201cComparto la propuesta de reforma al C\u00f3digo Penitenciario, pero no es la soluci\u00f3n a la crisis\u201d"},"content":{"rendered":"<p>El Fiscal General de la Naci\u00f3n, Eduardo Montealegre Lynett, particip\u00f3 en el foro El Futuro de las c\u00e1rceles: reforma penitenciaria y sistema penal colombiano, realizado en el auditorio de la Universidad Libre, sede de la Candelaria.<\/p>\n<p>Durante su intervenci\u00f3n el fiscal Montealegre dijo que comparte los lineamientos generales de la propuesta de reforma al c\u00f3digo penitenciario planteada por el Gobierno nacional, pero que sin embargo dicha reforma no va a solucionar el problema penitenciario ni la grave crisis por la que atraviesa el sistema penal actualmente en Colombia.<\/p>\n<p>\u201cSi queremos avanzar en una estructura penitenciaria que dignifique al hombre y que realmente cumpla con los fines de la pena consagrados en la Convenci\u00f3n Americana de Derechos Humanos, Colombia tiene que avanzar a una reforma integral de su pol\u00edtica criminal. Si bien es cierto que hay un avance con las modificaciones al c\u00f3digo penitenciario, debemos pensar en construir una pol\u00edtica criminal absolutamente coherente y por ello no nos podemos limitar a mirar el problema sobre el tema de la sobrepoblaci\u00f3n carcelaria, el hacinamiento carcelario y los problemas de salud que tienen los reclusos del pa\u00eds\u201d, agreg\u00f3 el Fiscal General.<\/p>\n<p>Asimismo, hizo \u00e9nfasis en la revisi\u00f3n cr\u00edtica que se debe realizar del sistema penal colombiano para detectar las fallas estructurales de la pol\u00edtica criminal que se ha venido ejecutando desde hace 20 a\u00f1os.<\/p>\n<p>El alto funcionario indic\u00f3 que hay tres elementos que han contribuido a la crisis del sistema penal\u00a0 y que se refleja en esta crisis carcelaria: la concepci\u00f3n maximalista del derecho penal y la expansi\u00f3n del mismo, el populismo punitivo, y el retroceso en la protecci\u00f3n de los derechos fundamentales.<\/p>\n<p>El primero de estos elementos, seg\u00fan el Fiscal General, es el camino f\u00e1cil. \u201cEn vez de entender el derecho penal como como verdaderamente el \u00faltimo instrumento con que cuenta el Estado para la soluci\u00f3n de los conflictos sociales, los estados modernos han acudido a la pol\u00edtica facilista de creer que la soluci\u00f3n de los problemas sociales al interior de un conglomerado y de una naci\u00f3n es la huida hacia el derecho penal. Como no se pueden resolver los problemas sociales, como no se le puede dar una salida oportuna a las necesidades de la poblaci\u00f3n, existe un facilismo de entender que la soluci\u00f3n es la tipificaci\u00f3n de conductas y acudir a un derecho penal m\u00e1ximo y a la expansi\u00f3n del derecho penal, como forma de la soluci\u00f3n del conflicto\u201d.<\/p>\n<p>El segundo elemento expuesto es el de acudir al populismo punitivo, el cual refiere que se ha construido por m\u00e1s de 20 a\u00f1os una pol\u00edtica criminal sobre esta base y sobre un derecho penal simb\u00f3lico, que significa que ante la ineficiencia del Estado en la construcci\u00f3n de una verdadera pol\u00edtica de lucha contra el crimen, se acude al camino f\u00e1cil de una pol\u00edtica criminal fundamentada exclusivamente en el aumento de penas.<\/p>\n<p>El jefe del ente acusador manifest\u00f3 que \u201cen vez de construir verdaderas pol\u00edticas sociales de reforma, estamos acudiendo a la represi\u00f3n penal como forma de soluci\u00f3n de los conflictos, haci\u00e9ndole creer a la ciudadan\u00eda que as\u00ed se est\u00e1 luchando contra la criminalidad\u201d.<\/p>\n<p>Y finalmente, el tercer elemento\u00a0 se\u00f1alado es que Colombia est\u00e1 presentando serios retrocesos en la protecci\u00f3n de los derechos fundamentales y b\u00e1sicamente en la concepci\u00f3n del derecho fundamental a la libertad.<\/p>\n<p>El Fiscal General indic\u00f3 que \u201cla libertad es uno de los elementos fundantes del Estado social y democr\u00e1tico de derecho. Y entonces la detenci\u00f3n preventiva que debe ser un mecanismo excepcional dentro del proceso, se ha convertido en la regla y el principio general. Construimos un sistema acusatorio sobre la base de que la detenci\u00f3n preventiva y la privaci\u00f3n de la libertad iba ser excepcional dentro del proceso, sin embargo cada vez m\u00e1s volvemos a los viejos tiempos y a las viejas \u00e9pocas, que convertimos a la detenci\u00f3n como la regla general y no como un mecanismo excepcional\u201d.<\/p>\n<p>\u201cCreo que todav\u00eda nosotros seguimos atados a conceptos del derecho penal anclados en la retribuci\u00f3n como hace 200 a\u00f1os, como hemos vuelto a las concepciones milenarias de c\u00f3digos antiguos del ojo por ojo y diente por diente. Y adem\u00e1s no hemos avanzado verdaderamente en la creaci\u00f3n de reg\u00edmenes\u00a0 penitenciarios abiertos\u201d, concluy\u00f3 el funcionario.<\/p>\n\n<div class=\"twitter-share\"><a href=\"https:\/\/twitter.com\/intent\/tweet?via=fiscaliacol\" class=\"twitter-share-button\">Tweet<\/a><\/div>\n","protected":false},"excerpt":{"rendered":"<p>El Fiscal General de la Naci\u00f3n, Eduardo Montealegre Lynett, particip\u00f3 en el foro El Futuro de las c\u00e1rceles<\/p>\n","protected":false},"author":143,"featured_media":0,"comment_status":"closed","ping_status":"open","sticky":false,"template":"","format":"standard","meta":{"tdm_status":"","tdm_grid_status":"","footnotes":""},"categories":[1],"tags":[400,78],"class_list":["post-33072","post","type-post","status-publish","format-standard","category-noticias","tag-eduardo-montealegre-lynett","tag-fiscal-general-de-la-nacion"],"yoast_head":"<!-- This site is optimized with the Yoast SEO plugin v24.3 - https:\/\/yoast.com\/wordpress\/plugins\/seo\/ -->\n<title>Fiscal\u00eda General de la Naci\u00f3n<\/title>\n<meta name=\"description\" content=\"P\u00e1gina oficial de la Fiscal\u00eda General de la Naci\u00f3n \u2013 Colombia. Garantizamos el acceso efectivo a la justicia, la verdad y la reparaci\u00f3n de las v\u00edctimas de los delitos.\" \/>\n<meta name=\"robots\" content=\"noindex, follow\" \/>\n<meta property=\"og:locale\" content=\"es_ES\" \/>\n<meta property=\"og:type\" content=\"article\" \/>\n<meta property=\"og:title\" content=\"Fiscal\u00eda General de la Naci\u00f3n\" \/>\n<meta property=\"og:description\" content=\"P\u00e1gina oficial de la Fiscal\u00eda General de la Naci\u00f3n \u2013 Colombia. Garantizamos el acceso efectivo a la justicia, la verdad y la reparaci\u00f3n de las v\u00edctimas de los delitos.\" \/>\n<meta property=\"og:url\" content=\"https:\/\/www.fiscalia.gov.co\/colombia\/noticias\/fiscal-general-de-la-nacion-comparto-la-propuesta-de-reforma-al-codigo-penitenciario-pero-no-es-la-solucion-a-la-crisis\/\" \/>\n<meta property=\"og:site_name\" content=\"Fiscal\u00eda General de la Naci\u00f3n\" \/>\n<meta property=\"article:publisher\" content=\"https:\/\/www.facebook.com\/FiscaliaCol\" \/>\n<meta property=\"article:published_time\" content=\"2013-05-16T22:06:32+00:00\" \/>\n<meta property=\"article:modified_time\" content=\"2013-06-11T20:36:17+00:00\" \/>\n<meta name=\"author\" content=\"dfgordillo\" \/>\n<meta name=\"twitter:card\" content=\"summary_large_image\" \/>\n<meta name=\"twitter:creator\" content=\"@FiscaliaCol\" \/>\n<meta name=\"twitter:site\" content=\"@FiscaliaCol\" \/>\n<meta name=\"twitter:label1\" content=\"Escrito por\" \/>\n\t<meta name=\"twitter:data1\" content=\"dfgordillo\" \/>\n\t<meta name=\"twitter:label2\" content=\"Tiempo de lectura\" \/>\n\t<meta name=\"twitter:data2\" content=\"4 minutos\" \/>\n<script type=\"application\/ld+json\" class=\"yoast-schema-graph\">{\"@context\":\"https:\/\/schema.org\",\"@graph\":[{\"@type\":\"Article\",\"@id\":\"https:\/\/www.fiscalia.gov.co\/colombia\/noticias\/fiscal-general-de-la-nacion-comparto-la-propuesta-de-reforma-al-codigo-penitenciario-pero-no-es-la-solucion-a-la-crisis\/#article\",\"isPartOf\":{\"@id\":\"https:\/\/www.fiscalia.gov.co\/colombia\/noticias\/fiscal-general-de-la-nacion-comparto-la-propuesta-de-reforma-al-codigo-penitenciario-pero-no-es-la-solucion-a-la-crisis\/\"},\"author\":{\"name\":\"dfgordillo\",\"@id\":\"https:\/\/www.fiscalia.gov.co\/colombia\/#\/schema\/person\/3903856a3ce2d54b094c69eb29247895\"},\"headline\":\"Fiscal General de la Naci\u00f3n: \u201cComparto la propuesta de reforma al C\u00f3digo Penitenciario, pero no es la soluci\u00f3n a la crisis\u201d\",\"datePublished\":\"2013-05-16T22:06:32+00:00\",\"dateModified\":\"2013-06-11T20:36:17+00:00\",\"mainEntityOfPage\":{\"@id\":\"https:\/\/www.fiscalia.gov.co\/colombia\/noticias\/fiscal-general-de-la-nacion-comparto-la-propuesta-de-reforma-al-codigo-penitenciario-pero-no-es-la-solucion-a-la-crisis\/\"},\"wordCount\":774,\"publisher\":{\"@id\":\"https:\/\/www.fiscalia.gov.co\/colombia\/#organization\"},\"keywords\":[\"Eduardo Montealegre Lynett\",\"Fiscal General de la Naci\u00f3n\"],\"articleSection\":[\"Noticias\"],\"inLanguage\":\"es-CO\"},{\"@type\":\"WebPage\",\"@id\":\"https:\/\/www.fiscalia.gov.co\/colombia\/noticias\/fiscal-general-de-la-nacion-comparto-la-propuesta-de-reforma-al-codigo-penitenciario-pero-no-es-la-solucion-a-la-crisis\/\",\"url\":\"https:\/\/www.fiscalia.gov.co\/colombia\/noticias\/fiscal-general-de-la-nacion-comparto-la-propuesta-de-reforma-al-codigo-penitenciario-pero-no-es-la-solucion-a-la-crisis\/\",\"name\":\"Fiscal\u00eda General de la Naci\u00f3n\",\"isPartOf\":{\"@id\":\"https:\/\/www.fiscalia.gov.co\/colombia\/#website\"},\"datePublished\":\"2013-05-16T22:06:32+00:00\",\"dateModified\":\"2013-06-11T20:36:17+00:00\",\"description\":\"P\u00e1gina oficial de la Fiscal\u00eda General de la Naci\u00f3n \u2013 Colombia. Garantizamos el acceso efectivo a la justicia, la verdad y la reparaci\u00f3n de las v\u00edctimas de los delitos.\",\"breadcrumb\":{\"@id\":\"https:\/\/www.fiscalia.gov.co\/colombia\/noticias\/fiscal-general-de-la-nacion-comparto-la-propuesta-de-reforma-al-codigo-penitenciario-pero-no-es-la-solucion-a-la-crisis\/#breadcrumb\"},\"inLanguage\":\"es-CO\",\"potentialAction\":[{\"@type\":\"ReadAction\",\"target\":[\"https:\/\/www.fiscalia.gov.co\/colombia\/noticias\/fiscal-general-de-la-nacion-comparto-la-propuesta-de-reforma-al-codigo-penitenciario-pero-no-es-la-solucion-a-la-crisis\/\"]}]},{\"@type\":\"BreadcrumbList\",\"@id\":\"https:\/\/www.fiscalia.gov.co\/colombia\/noticias\/fiscal-general-de-la-nacion-comparto-la-propuesta-de-reforma-al-codigo-penitenciario-pero-no-es-la-solucion-a-la-crisis\/#breadcrumb\",\"itemListElement\":[{\"@type\":\"ListItem\",\"position\":1,\"name\":\"Home\",\"item\":\"https:\/\/www.fiscalia.gov.co\/colombia\/\"},{\"@type\":\"ListItem\",\"position\":2,\"name\":\"Fiscal General de la Naci\u00f3n: \u201cComparto la propuesta de reforma al C\u00f3digo Penitenciario, pero no es la soluci\u00f3n a la crisis\u201d\"}]},{\"@type\":\"WebSite\",\"@id\":\"https:\/\/www.fiscalia.gov.co\/colombia\/#website\",\"url\":\"https:\/\/www.fiscalia.gov.co\/colombia\/\",\"name\":\"Fiscal\u00eda General de la Naci\u00f3n\",\"description\":\"P\u00e1gina oficial de la Fiscal\u00eda General de la Naci\u00f3n \u2013 Colombia. Garantizamos el acceso efectivo a la justicia, la verdad y la reparaci\u00f3n de las v\u00edctimas de los delitos.\",\"publisher\":{\"@id\":\"https:\/\/www.fiscalia.gov.co\/colombia\/#organization\"},\"potentialAction\":[{\"@type\":\"SearchAction\",\"target\":{\"@type\":\"EntryPoint\",\"urlTemplate\":\"https:\/\/www.fiscalia.gov.co\/colombia\/?s={search_term_string}\"},\"query-input\":{\"@type\":\"PropertyValueSpecification\",\"valueRequired\":true,\"valueName\":\"search_term_string\"}}],\"inLanguage\":\"es-CO\"},{\"@type\":\"Organization\",\"@id\":\"https:\/\/www.fiscalia.gov.co\/colombia\/#organization\",\"name\":\"Fiscal\u00eda General de la Naci\u00f3n\",\"url\":\"https:\/\/www.fiscalia.gov.co\/colombia\/\",\"logo\":{\"@type\":\"ImageObject\",\"inLanguage\":\"es-CO\",\"@id\":\"https:\/\/www.fiscalia.gov.co\/colombia\/#\/schema\/logo\/image\/\",\"url\":\"https:\/\/www.fiscalia.gov.co\/colombia\/wp-content\/uploads\/LogoHorizontal_1.jpg\",\"contentUrl\":\"https:\/\/www.fiscalia.gov.co\/colombia\/wp-content\/uploads\/LogoHorizontal_1.jpg\",\"width\":300,\"height\":90,\"caption\":\"Fiscal\u00eda General de la Naci\u00f3n\"},\"image\":{\"@id\":\"https:\/\/www.fiscalia.gov.co\/colombia\/#\/schema\/logo\/image\/\"},\"sameAs\":[\"https:\/\/www.facebook.com\/FiscaliaCol\",\"https:\/\/x.com\/FiscaliaCol\",\"https:\/\/www.instagram.com\/fiscaliacol\",\"https:\/\/www.linkedin.com\/company\/fiscalia-general-de-la-naci-n\/\",\"https:\/\/youtube.com\/@fiscaliageneraldelanacion-4668?si=6nN79nyQICPU5iTh\"]},{\"@type\":\"Person\",\"@id\":\"https:\/\/www.fiscalia.gov.co\/colombia\/#\/schema\/person\/3903856a3ce2d54b094c69eb29247895\",\"name\":\"dfgordillo\",\"image\":{\"@type\":\"ImageObject\",\"inLanguage\":\"es-CO\",\"@id\":\"https:\/\/www.fiscalia.gov.co\/colombia\/#\/schema\/person\/image\/\",\"url\":\"https:\/\/secure.gravatar.com\/avatar\/b6356e21c5657c60757fe6fb9493e947?s=96&d=mm&r=g\",\"contentUrl\":\"https:\/\/secure.gravatar.com\/avatar\/b6356e21c5657c60757fe6fb9493e947?s=96&d=mm&r=g\",\"caption\":\"dfgordillo\"},\"sameAs\":[\"dfgordillo\"],\"url\":\"https:\/\/www.fiscalia.gov.co\/colombia\/author\/dfgordillo\/\"}]}<\/script>\n<!-- \/ Yoast SEO plugin. -->","yoast_head_json":{"title":"Fiscal\u00eda General de la Naci\u00f3n","description":"P\u00e1gina oficial de la Fiscal\u00eda General de la Naci\u00f3n \u2013 Colombia. Garantizamos el acceso efectivo a la justicia, la verdad y la reparaci\u00f3n de las v\u00edctimas de los delitos.","robots":{"index":"noindex","follow":"follow"},"og_locale":"es_ES","og_type":"article","og_title":"Fiscal\u00eda General de la Naci\u00f3n","og_description":"P\u00e1gina oficial de la Fiscal\u00eda General de la Naci\u00f3n \u2013 Colombia. Garantizamos el acceso efectivo a la justicia, la verdad y la reparaci\u00f3n de las v\u00edctimas de los delitos.","og_url":"https:\/\/www.fiscalia.gov.co\/colombia\/noticias\/fiscal-general-de-la-nacion-comparto-la-propuesta-de-reforma-al-codigo-penitenciario-pero-no-es-la-solucion-a-la-crisis\/","og_site_name":"Fiscal\u00eda General de la Naci\u00f3n","article_publisher":"https:\/\/www.facebook.com\/FiscaliaCol","article_published_time":"2013-05-16T22:06:32+00:00","article_modified_time":"2013-06-11T20:36:17+00:00","author":"dfgordillo","twitter_card":"summary_large_image","twitter_creator":"@FiscaliaCol","twitter_site":"@FiscaliaCol","twitter_misc":{"Escrito por":"dfgordillo","Tiempo de lectura":"4 minutos"},"schema":{"@context":"https:\/\/schema.org","@graph":[{"@type":"Article","@id":"https:\/\/www.fiscalia.gov.co\/colombia\/noticias\/fiscal-general-de-la-nacion-comparto-la-propuesta-de-reforma-al-codigo-penitenciario-pero-no-es-la-solucion-a-la-crisis\/#article","isPartOf":{"@id":"https:\/\/www.fiscalia.gov.co\/colombia\/noticias\/fiscal-general-de-la-nacion-comparto-la-propuesta-de-reforma-al-codigo-penitenciario-pero-no-es-la-solucion-a-la-crisis\/"},"author":{"name":"dfgordillo","@id":"https:\/\/www.fiscalia.gov.co\/colombia\/#\/schema\/person\/3903856a3ce2d54b094c69eb29247895"},"headline":"Fiscal General de la Naci\u00f3n: \u201cComparto la propuesta de reforma al C\u00f3digo Penitenciario, pero no es la soluci\u00f3n a la crisis\u201d","datePublished":"2013-05-16T22:06:32+00:00","dateModified":"2013-06-11T20:36:17+00:00","mainEntityOfPage":{"@id":"https:\/\/www.fiscalia.gov.co\/colombia\/noticias\/fiscal-general-de-la-nacion-comparto-la-propuesta-de-reforma-al-codigo-penitenciario-pero-no-es-la-solucion-a-la-crisis\/"},"wordCount":774,"publisher":{"@id":"https:\/\/www.fiscalia.gov.co\/colombia\/#organization"},"keywords":["Eduardo Montealegre Lynett","Fiscal General de la Naci\u00f3n"],"articleSection":["Noticias"],"inLanguage":"es-CO"},{"@type":"WebPage","@id":"https:\/\/www.fiscalia.gov.co\/colombia\/noticias\/fiscal-general-de-la-nacion-comparto-la-propuesta-de-reforma-al-codigo-penitenciario-pero-no-es-la-solucion-a-la-crisis\/","url":"https:\/\/www.fiscalia.gov.co\/colombia\/noticias\/fiscal-general-de-la-nacion-comparto-la-propuesta-de-reforma-al-codigo-penitenciario-pero-no-es-la-solucion-a-la-crisis\/","name":"Fiscal\u00eda General de la Naci\u00f3n","isPartOf":{"@id":"https:\/\/www.fiscalia.gov.co\/colombia\/#website"},"datePublished":"2013-05-16T22:06:32+00:00","dateModified":"2013-06-11T20:36:17+00:00","description":"P\u00e1gina oficial de la Fiscal\u00eda General de la Naci\u00f3n \u2013 Colombia. Garantizamos el acceso efectivo a la justicia, la verdad y la reparaci\u00f3n de las v\u00edctimas de los delitos.","breadcrumb":{"@id":"https:\/\/www.fiscalia.gov.co\/colombia\/noticias\/fiscal-general-de-la-nacion-comparto-la-propuesta-de-reforma-al-codigo-penitenciario-pero-no-es-la-solucion-a-la-crisis\/#breadcrumb"},"inLanguage":"es-CO","potentialAction":[{"@type":"ReadAction","target":["https:\/\/www.fiscalia.gov.co\/colombia\/noticias\/fiscal-general-de-la-nacion-comparto-la-propuesta-de-reforma-al-codigo-penitenciario-pero-no-es-la-solucion-a-la-crisis\/"]}]},{"@type":"BreadcrumbList","@id":"https:\/\/www.fiscalia.gov.co\/colombia\/noticias\/fiscal-general-de-la-nacion-comparto-la-propuesta-de-reforma-al-codigo-penitenciario-pero-no-es-la-solucion-a-la-crisis\/#breadcrumb","itemListElement":[{"@type":"ListItem","position":1,"name":"Home","item":"https:\/\/www.fiscalia.gov.co\/colombia\/"},{"@type":"ListItem","position":2,"name":"Fiscal General de la Naci\u00f3n: \u201cComparto la propuesta de reforma al C\u00f3digo Penitenciario, pero no es la soluci\u00f3n a la crisis\u201d"}]},{"@type":"WebSite","@id":"https:\/\/www.fiscalia.gov.co\/colombia\/#website","url":"https:\/\/www.fiscalia.gov.co\/colombia\/","name":"Fiscal\u00eda General de la Naci\u00f3n","description":"P\u00e1gina oficial de la Fiscal\u00eda General de la Naci\u00f3n \u2013 Colombia. Garantizamos el acceso efectivo a la justicia, la verdad y la reparaci\u00f3n de las v\u00edctimas de los delitos.","publisher":{"@id":"https:\/\/www.fiscalia.gov.co\/colombia\/#organization"},"potentialAction":[{"@type":"SearchAction","target":{"@type":"EntryPoint","urlTemplate":"https:\/\/www.fiscalia.gov.co\/colombia\/?s={search_term_string}"},"query-input":{"@type":"PropertyValueSpecification","valueRequired":true,"valueName":"search_term_string"}}],"inLanguage":"es-CO"},{"@type":"Organization","@id":"https:\/\/www.fiscalia.gov.co\/colombia\/#organization","name":"Fiscal\u00eda General de la Naci\u00f3n","url":"https:\/\/www.fiscalia.gov.co\/colombia\/","logo":{"@type":"ImageObject","inLanguage":"es-CO","@id":"https:\/\/www.fiscalia.gov.co\/colombia\/#\/schema\/logo\/image\/","url":"https:\/\/www.fiscalia.gov.co\/colombia\/wp-content\/uploads\/LogoHorizontal_1.jpg","contentUrl":"https:\/\/www.fiscalia.gov.co\/colombia\/wp-content\/uploads\/LogoHorizontal_1.jpg","width":300,"height":90,"caption":"Fiscal\u00eda General de la Naci\u00f3n"},"image":{"@id":"https:\/\/www.fiscalia.gov.co\/colombia\/#\/schema\/logo\/image\/"},"sameAs":["https:\/\/www.facebook.com\/FiscaliaCol","https:\/\/x.com\/FiscaliaCol","https:\/\/www.instagram.com\/fiscaliacol","https:\/\/www.linkedin.com\/company\/fiscalia-general-de-la-naci-n\/","https:\/\/youtube.com\/@fiscaliageneraldelanacion-4668?si=6nN79nyQICPU5iTh"]},{"@type":"Person","@id":"https:\/\/www.fiscalia.gov.co\/colombia\/#\/schema\/person\/3903856a3ce2d54b094c69eb29247895","name":"dfgordillo","image":{"@type":"ImageObject","inLanguage":"es-CO","@id":"https:\/\/www.fiscalia.gov.co\/colombia\/#\/schema\/person\/image\/","url":"https:\/\/secure.gravatar.com\/avatar\/b6356e21c5657c60757fe6fb9493e947?s=96&d=mm&r=g","contentUrl":"https:\/\/secure.gravatar.com\/avatar\/b6356e21c5657c60757fe6fb9493e947?s=96&d=mm&r=g","caption":"dfgordillo"},"sameAs":["dfgordillo"],"url":"https:\/\/www.fiscalia.gov.co\/colombia\/author\/dfgordillo\/"}]}},"_links":{"self":[{"href":"https:\/\/www.fiscalia.gov.co\/colombia\/wp-json\/wp\/v2\/posts\/33072","targetHints":{"allow":["GET"]}}],"collection":[{"href":"https:\/\/www.fiscalia.gov.co\/colombia\/wp-json\/wp\/v2\/posts"}],"about":[{"href":"https:\/\/www.fiscalia.gov.co\/colombia\/wp-json\/wp\/v2\/types\/post"}],"author":[{"embeddable":true,"href":"https:\/\/www.fiscalia.gov.co\/colombia\/wp-json\/wp\/v2\/users\/143"}],"replies":[{"embeddable":true,"href":"https:\/\/www.fiscalia.gov.co\/colombia\/wp-json\/wp\/v2\/comments?post=33072"}],"version-history":[{"count":5,"href":"https:\/\/www.fiscalia.gov.co\/colombia\/wp-json\/wp\/v2\/posts\/33072\/revisions"}],"predecessor-version":[{"id":34273,"href":"https:\/\/www.fiscalia.gov.co\/colombia\/wp-json\/wp\/v2\/posts\/33072\/revisions\/34273"}],"wp:attachment":[{"href":"https:\/\/www.fiscalia.gov.co\/colombia\/wp-json\/wp\/v2\/media?parent=33072"}],"wp:term":[{"taxonomy":"category","embeddable":true,"href":"https:\/\/www.fiscalia.gov.co\/colombia\/wp-json\/wp\/v2\/categories?post=33072"},{"taxonomy":"post_tag","embeddable":true,"href":"https:\/\/www.fiscalia.gov.co\/colombia\/wp-json\/wp\/v2\/tags?post=33072"}],"curies":[{"name":"wp","href":"https:\/\/api.w.org\/{rel}","templated":true}]}}