{"id":330173,"date":"2026-01-26T16:16:19","date_gmt":"2026-01-26T21:16:19","guid":{"rendered":"https:\/\/www.fiscalia.gov.co\/colombia\/?p=330173"},"modified":"2026-01-26T16:16:19","modified_gmt":"2026-01-26T21:16:19","slug":"hombres-senalados-de-asesinar-a-dos-ciudadanos-y-herir-a-otro-fueron-enviados-a-la-carcel-en-tolima","status":"publish","type":"post","link":"https:\/\/www.fiscalia.gov.co\/colombia\/noticias\/hombres-senalados-de-asesinar-a-dos-ciudadanos-y-herir-a-otro-fueron-enviados-a-la-carcel-en-tolima\/","title":{"rendered":"Hombres se\u00f1alados de asesinar a dos ciudadanos y herir a otro fueron enviados a la c\u00e1rcel en Tolima"},"content":{"rendered":"<p>Por solicitud de la Fiscal\u00eda General de la Naci\u00f3n, jueces de control de garant\u00edas impusieron medida de aseguramiento en centro carcelario contra William Moreno Guapacho y \u00d3scar Fabi\u00e1n Gonz\u00e1lez Arias, por su presunta responsabilidad en el asesinato de dos hombres y las <a href=\"https:\/\/www.fiscalia.gov.co\/colombia\/noticias\/a-la-carcel-presuntos-responsables-de-homicidio-y-tentativa-de-homicidio-en-el-nororiente-de-medellin\/\" target=\"_blank\" rel=\"noopener\">graves heridas<\/a> ocasionadas a otro, <strong>en hechos distintos ocurridos en Chaparral e Ibagu\u00e9 (Tolima).<\/strong><\/p>\n<figure id=\"attachment_330175\" aria-describedby=\"caption-attachment-330175\" style=\"width: 300px\" class=\"wp-caption alignnone\"><img loading=\"lazy\" decoding=\"async\" class=\"size-medium wp-image-330175\" src=\"https:\/\/www.fiscalia.gov.co\/colombia\/wp-content\/uploads\/William-Monreo-homicidio-300x250.jpeg\" alt=\"En la imagen se ve un hombre detenido bajo custodia de dos integrantes de la Polic\u00eda Nacional. Detr\u00e1s suyo un backing institucional.\" width=\"300\" height=\"250\" srcset=\"https:\/\/www.fiscalia.gov.co\/colombia\/wp-content\/uploads\/William-Monreo-homicidio-300x250.jpeg 300w, https:\/\/www.fiscalia.gov.co\/colombia\/wp-content\/uploads\/William-Monreo-homicidio-1024x854.jpeg 1024w, https:\/\/www.fiscalia.gov.co\/colombia\/wp-content\/uploads\/William-Monreo-homicidio-768x641.jpeg 768w, https:\/\/www.fiscalia.gov.co\/colombia\/wp-content\/uploads\/William-Monreo-homicidio-504x420.jpeg 504w, https:\/\/www.fiscalia.gov.co\/colombia\/wp-content\/uploads\/William-Monreo-homicidio-696x581.jpeg 696w, https:\/\/www.fiscalia.gov.co\/colombia\/wp-content\/uploads\/William-Monreo-homicidio-1068x891.jpeg 1068w, https:\/\/www.fiscalia.gov.co\/colombia\/wp-content\/uploads\/William-Monreo-homicidio.jpeg 1079w\" sizes=\"auto, (max-width: 300px) 100vw, 300px\" \/><figcaption id=\"caption-attachment-330175\" class=\"wp-caption-text\">William Moreno Guapacho fue privado de la libertad por los delitos de homicidio agravado y porte de armas de fuego.<\/figcaption><\/figure>\n<p>Inicialmente fue judicializado Moreno Guapacho, quien el 23 de enero de 2022, en un balneario ubicado en zona rural de Chaparral (Tolima), al parecer, le dispar\u00f3 a dos hombres en medio de una ri\u00f1a.<strong> Una de las v\u00edctimas falleci\u00f3 y otra result\u00f3 gravemente herida.<\/strong><\/p>\n<p>Por su parte, Gonz\u00e1lez Arias, el 25 de octubre de 2021, en el barrio Calarc\u00e1 de Ibagu\u00e9, presuntamente, atac\u00f3 con arma cortopunzante a un hombre, quien falleci\u00f3 en un centro asistencial. Los hechos ocurrieron <strong>despu\u00e9s de que se presentara un altercado entre v\u00edctima y victimario.<\/strong><\/p>\n<figure id=\"attachment_330174\" aria-describedby=\"caption-attachment-330174\" style=\"width: 300px\" class=\"wp-caption alignnone\"><img loading=\"lazy\" decoding=\"async\" class=\"size-medium wp-image-330174\" src=\"https:\/\/www.fiscalia.gov.co\/colombia\/wp-content\/uploads\/oscar-fabian-gonzalez-homicidio-300x169.jpeg\" alt=\"Hombre mirando la c\u00e1mara y una pared blanca de fondo con una franja amarilla vertical.\" width=\"300\" height=\"169\" srcset=\"https:\/\/www.fiscalia.gov.co\/colombia\/wp-content\/uploads\/oscar-fabian-gonzalez-homicidio-300x169.jpeg 300w, https:\/\/www.fiscalia.gov.co\/colombia\/wp-content\/uploads\/oscar-fabian-gonzalez-homicidio-1024x576.jpeg 1024w, https:\/\/www.fiscalia.gov.co\/colombia\/wp-content\/uploads\/oscar-fabian-gonzalez-homicidio-768x432.jpeg 768w, https:\/\/www.fiscalia.gov.co\/colombia\/wp-content\/uploads\/oscar-fabian-gonzalez-homicidio-1536x864.jpeg 1536w, https:\/\/www.fiscalia.gov.co\/colombia\/wp-content\/uploads\/oscar-fabian-gonzalez-homicidio-747x420.jpeg 747w, https:\/\/www.fiscalia.gov.co\/colombia\/wp-content\/uploads\/oscar-fabian-gonzalez-homicidio-696x392.jpeg 696w, https:\/\/www.fiscalia.gov.co\/colombia\/wp-content\/uploads\/oscar-fabian-gonzalez-homicidio-1068x601.jpeg 1068w, https:\/\/www.fiscalia.gov.co\/colombia\/wp-content\/uploads\/oscar-fabian-gonzalez-homicidio.jpeg 1600w\" sizes=\"auto, (max-width: 300px) 100vw, 300px\" \/><figcaption id=\"caption-attachment-330174\" class=\"wp-caption-text\">\u00d3scar Fabi\u00e1n Gonz\u00e1lez Arias, durante la audiencia de imputaci\u00f3n de cargos.<\/figcaption><\/figure>\n<p>Fiscales de la Seccional Tolima los imputaron, de acuerdo con su responsabilidad individual, por los delitos de homicidio agravado, homicidio en grado de tentativa; y fabricaci\u00f3n, tr\u00e1fico, porte o tenencia de armas de fuego, accesorios, partes o municiones. Ninguno de los procesados acept\u00f3 los cargos.<\/p>\n<p>PAAM\/LMFO\/AMCJ\/ACRB\/DST<\/p>\n<p>&nbsp;<\/p>\n<p>&nbsp;<\/p>\n<p>&nbsp;<\/p>\n<p>&nbsp;<\/p>\n<p><i>La informaci\u00f3n contenida en este bolet\u00edn de prensa corresponde a la narraci\u00f3n de los hechos noticiosos objetivos, suministrados por los funcionarios encargados de adelantar las investigaciones penales al interior de la Fiscal\u00eda General de la Naci\u00f3n. Para el momento de la divulgaci\u00f3n de este comunicado, la situaci\u00f3n jur\u00eddica de la(s) persona(s) relacionada(s) se encuentra pendiente de resolver por la autoridad judicial competente, siempre bajo los preceptos de la presunci\u00f3n de inocencia, consagrados en el art\u00edculo 29 de la Constituci\u00f3n Pol\u00edtica y el art\u00edculo 7\u00ba de la Ley 906 de 2004.<\/i><\/p>\n<div aria-hidden=\"true\"><\/div>\n<div><\/div>\n<div><\/div>\n<div><\/div>\n<div><\/div>\n<div><\/div>\n\n<div class=\"twitter-share\"><a href=\"https:\/\/twitter.com\/intent\/tweet?via=fiscaliacol\" class=\"twitter-share-button\">Tweet<\/a><\/div>\n","protected":false},"excerpt":{"rendered":"<p>Por solicitud de la Fiscal\u00eda General de la Naci\u00f3n, jueces de control de garant\u00edas impusieron medida de aseguramiento en centro carcelario contra William Moreno Guapacho y \u00d3scar Fabi\u00e1n Gonz\u00e1lez Arias, por su presunta responsabilidad en el asesinato de dos hombres y las graves heridas ocasionadas a otro, en hechos distintos ocurridos en Chaparral e Ibagu\u00e9 [&hellip;]<\/p>\n","protected":false},"author":181,"featured_media":0,"comment_status":"closed","ping_status":"open","sticky":false,"template":"","format":"standard","meta":{"_price":"","_stock":"","_tribe_ticket_header":"","_tribe_default_ticket_provider":"","_tribe_ticket_capacity":"0","_ticket_start_date":"","_ticket_end_date":"","_tribe_ticket_show_description":"","_tribe_ticket_show_not_going":false,"_tribe_ticket_use_global_stock":"","_tribe_ticket_global_stock_level":"","_global_stock_mode":"","_global_stock_cap":"","_tribe_rsvp_for_event":"","_tribe_ticket_going_count":"","_tribe_ticket_not_going_count":"","_tribe_tickets_list":"[]","_tribe_ticket_has_attendee_info_fields":false,"tdm_status":"","tdm_grid_status":"","footnotes":""},"categories":[1],"tags":[25444,45,32784,37492,4614,24187,24481,1047,686,13256,23838,13858,1185,24734,558,7061,4348,24211,3417,19678],"class_list":{"0":"post-330173","1":"post","2":"type-post","3":"status-publish","4":"format-standard","6":"category-noticias","7":"tag-chaparral","8":"tag-cti","9":"tag-disputa","10":"tag-fiscal-luz-adriana-camargo","11":"tag-fiscalia-2","12":"tag-fiscalia-colombia","13":"tag-fiscalia-de-colombia","14":"tag-fiscalia-general-de-la-nacion","15":"tag-homicidio-agravado","16":"tag-homicidio-agravado-tentado","17":"tag-ibague","18":"tag-imputacion","19":"tag-medida-de-aseguramiento","20":"tag-pelea","21":"tag-policia-nacional","22":"tag-porte-de-armas-de-fuego","23":"tag-rina","24":"tag-seccional-tolima","25":"tag-unidad-de-vida","26":"tag-zona-rural"},"yoast_head":"<!-- This site is optimized with the Yoast SEO plugin v24.3 - https:\/\/yoast.com\/wordpress\/plugins\/seo\/ -->\n<title>Fiscal\u00eda General de la Naci\u00f3n<\/title>\n<meta name=\"description\" content=\"P\u00e1gina oficial de la Fiscal\u00eda General de la Naci\u00f3n \u2013 Colombia. Garantizamos el acceso efectivo a la justicia, la verdad y la reparaci\u00f3n de las v\u00edctimas de los delitos.\" \/>\n<meta name=\"robots\" content=\"noindex, follow\" \/>\n<meta property=\"og:locale\" content=\"es_ES\" \/>\n<meta property=\"og:type\" content=\"article\" \/>\n<meta property=\"og:title\" content=\"Fiscal\u00eda General de la Naci\u00f3n\" \/>\n<meta property=\"og:description\" content=\"P\u00e1gina oficial de la Fiscal\u00eda General de la Naci\u00f3n \u2013 Colombia. Garantizamos el acceso efectivo a la justicia, la verdad y la reparaci\u00f3n de las v\u00edctimas de los delitos.\" \/>\n<meta property=\"og:url\" content=\"https:\/\/www.fiscalia.gov.co\/colombia\/noticias\/hombres-senalados-de-asesinar-a-dos-ciudadanos-y-herir-a-otro-fueron-enviados-a-la-carcel-en-tolima\/\" \/>\n<meta property=\"og:site_name\" content=\"Fiscal\u00eda General de la Naci\u00f3n\" \/>\n<meta property=\"article:publisher\" content=\"https:\/\/www.facebook.com\/FiscaliaCol\" \/>\n<meta property=\"article:published_time\" content=\"2026-01-26T21:16:19+00:00\" \/>\n<meta property=\"og:image\" content=\"https:\/\/www.fiscalia.gov.co\/colombia\/wp-content\/uploads\/William-Monreo-homicidio.jpeg\" \/>\n\t<meta property=\"og:image:width\" content=\"1079\" \/>\n\t<meta property=\"og:image:height\" content=\"900\" \/>\n\t<meta property=\"og:image:type\" content=\"image\/jpeg\" \/>\n<meta name=\"author\" content=\"Johanna Islenny Prieto Pe\u00f1a\" \/>\n<meta name=\"twitter:card\" content=\"summary_large_image\" \/>\n<meta name=\"twitter:creator\" content=\"@FiscaliaCol\" \/>\n<meta name=\"twitter:site\" content=\"@FiscaliaCol\" \/>\n<meta name=\"twitter:label1\" content=\"Escrito por\" \/>\n\t<meta name=\"twitter:data1\" content=\"Johanna Islenny Prieto Pe\u00f1a\" \/>\n\t<meta name=\"twitter:label2\" content=\"Tiempo de lectura\" \/>\n\t<meta name=\"twitter:data2\" content=\"2 minutos\" \/>\n<script type=\"application\/ld+json\" class=\"yoast-schema-graph\">{\"@context\":\"https:\/\/schema.org\",\"@graph\":[{\"@type\":\"Article\",\"@id\":\"https:\/\/www.fiscalia.gov.co\/colombia\/noticias\/hombres-senalados-de-asesinar-a-dos-ciudadanos-y-herir-a-otro-fueron-enviados-a-la-carcel-en-tolima\/#article\",\"isPartOf\":{\"@id\":\"https:\/\/www.fiscalia.gov.co\/colombia\/noticias\/hombres-senalados-de-asesinar-a-dos-ciudadanos-y-herir-a-otro-fueron-enviados-a-la-carcel-en-tolima\/\"},\"author\":{\"name\":\"Johanna Islenny Prieto Pe\u00f1a\",\"@id\":\"https:\/\/www.fiscalia.gov.co\/colombia\/#\/schema\/person\/ba9eca435947489fb25117a0cd75bf3e\"},\"headline\":\"Hombres se\u00f1alados de asesinar a dos ciudadanos y herir a otro fueron enviados a la c\u00e1rcel en Tolima\",\"datePublished\":\"2026-01-26T21:16:19+00:00\",\"dateModified\":\"2026-01-26T21:16:19+00:00\",\"mainEntityOfPage\":{\"@id\":\"https:\/\/www.fiscalia.gov.co\/colombia\/noticias\/hombres-senalados-de-asesinar-a-dos-ciudadanos-y-herir-a-otro-fueron-enviados-a-la-carcel-en-tolima\/\"},\"wordCount\":377,\"publisher\":{\"@id\":\"https:\/\/www.fiscalia.gov.co\/colombia\/#organization\"},\"image\":{\"@id\":\"https:\/\/www.fiscalia.gov.co\/colombia\/noticias\/hombres-senalados-de-asesinar-a-dos-ciudadanos-y-herir-a-otro-fueron-enviados-a-la-carcel-en-tolima\/#primaryimage\"},\"thumbnailUrl\":\"https:\/\/www.fiscalia.gov.co\/colombia\/wp-content\/uploads\/William-Monreo-homicidio-300x250.jpeg\",\"keywords\":[\"Chaparral\",\"CTI\",\"disputa\",\"Fiscal Luz Adriana Camargo\",\"Fiscal\u00eda\",\"Fiscal\u00eda Colombia\",\"Fiscal\u00eda de Colombia\",\"Fiscal\u00eda General de la Naci\u00f3n\",\"Homicidio agravado\",\"homicidio agravado tentado\",\"Ibagu\u00e9\",\"Imputaci\u00f3n\",\"Medida de aseguramiento\",\"pelea\",\"Polic\u00eda Nacional\",\"Porte de armas de fuego\",\"Ri\u00f1a\",\"Seccional Tolima\",\"Unidad de Vida\",\"Zona rural\"],\"articleSection\":[\"Noticias\"],\"inLanguage\":\"es-CO\"},{\"@type\":\"WebPage\",\"@id\":\"https:\/\/www.fiscalia.gov.co\/colombia\/noticias\/hombres-senalados-de-asesinar-a-dos-ciudadanos-y-herir-a-otro-fueron-enviados-a-la-carcel-en-tolima\/\",\"url\":\"https:\/\/www.fiscalia.gov.co\/colombia\/noticias\/hombres-senalados-de-asesinar-a-dos-ciudadanos-y-herir-a-otro-fueron-enviados-a-la-carcel-en-tolima\/\",\"name\":\"Fiscal\u00eda General de la Naci\u00f3n\",\"isPartOf\":{\"@id\":\"https:\/\/www.fiscalia.gov.co\/colombia\/#website\"},\"primaryImageOfPage\":{\"@id\":\"https:\/\/www.fiscalia.gov.co\/colombia\/noticias\/hombres-senalados-de-asesinar-a-dos-ciudadanos-y-herir-a-otro-fueron-enviados-a-la-carcel-en-tolima\/#primaryimage\"},\"image\":{\"@id\":\"https:\/\/www.fiscalia.gov.co\/colombia\/noticias\/hombres-senalados-de-asesinar-a-dos-ciudadanos-y-herir-a-otro-fueron-enviados-a-la-carcel-en-tolima\/#primaryimage\"},\"thumbnailUrl\":\"https:\/\/www.fiscalia.gov.co\/colombia\/wp-content\/uploads\/William-Monreo-homicidio-300x250.jpeg\",\"datePublished\":\"2026-01-26T21:16:19+00:00\",\"dateModified\":\"2026-01-26T21:16:19+00:00\",\"description\":\"P\u00e1gina oficial de la Fiscal\u00eda General de la Naci\u00f3n \u2013 Colombia. Garantizamos el acceso efectivo a la justicia, la verdad y la reparaci\u00f3n de las v\u00edctimas de los delitos.\",\"breadcrumb\":{\"@id\":\"https:\/\/www.fiscalia.gov.co\/colombia\/noticias\/hombres-senalados-de-asesinar-a-dos-ciudadanos-y-herir-a-otro-fueron-enviados-a-la-carcel-en-tolima\/#breadcrumb\"},\"inLanguage\":\"es-CO\",\"potentialAction\":[{\"@type\":\"ReadAction\",\"target\":[\"https:\/\/www.fiscalia.gov.co\/colombia\/noticias\/hombres-senalados-de-asesinar-a-dos-ciudadanos-y-herir-a-otro-fueron-enviados-a-la-carcel-en-tolima\/\"]}]},{\"@type\":\"ImageObject\",\"inLanguage\":\"es-CO\",\"@id\":\"https:\/\/www.fiscalia.gov.co\/colombia\/noticias\/hombres-senalados-de-asesinar-a-dos-ciudadanos-y-herir-a-otro-fueron-enviados-a-la-carcel-en-tolima\/#primaryimage\",\"url\":\"https:\/\/www.fiscalia.gov.co\/colombia\/wp-content\/uploads\/William-Monreo-homicidio.jpeg\",\"contentUrl\":\"https:\/\/www.fiscalia.gov.co\/colombia\/wp-content\/uploads\/William-Monreo-homicidio.jpeg\",\"width\":1079,\"height\":900,\"caption\":\"William Moreno Guapacho fue privado de la libertad por los delitos de homicidio agravado y porte de armas de fuego.\"},{\"@type\":\"BreadcrumbList\",\"@id\":\"https:\/\/www.fiscalia.gov.co\/colombia\/noticias\/hombres-senalados-de-asesinar-a-dos-ciudadanos-y-herir-a-otro-fueron-enviados-a-la-carcel-en-tolima\/#breadcrumb\",\"itemListElement\":[{\"@type\":\"ListItem\",\"position\":1,\"name\":\"Home\",\"item\":\"https:\/\/www.fiscalia.gov.co\/colombia\/\"},{\"@type\":\"ListItem\",\"position\":2,\"name\":\"Hombres se\u00f1alados de asesinar a dos ciudadanos y herir a otro fueron enviados a la c\u00e1rcel en Tolima\"}]},{\"@type\":\"WebSite\",\"@id\":\"https:\/\/www.fiscalia.gov.co\/colombia\/#website\",\"url\":\"https:\/\/www.fiscalia.gov.co\/colombia\/\",\"name\":\"Fiscal\u00eda General de la Naci\u00f3n\",\"description\":\"P\u00e1gina oficial de la Fiscal\u00eda General de la Naci\u00f3n \u2013 Colombia. Garantizamos el acceso efectivo a la justicia, la verdad y la reparaci\u00f3n de las v\u00edctimas de los delitos.\",\"publisher\":{\"@id\":\"https:\/\/www.fiscalia.gov.co\/colombia\/#organization\"},\"potentialAction\":[{\"@type\":\"SearchAction\",\"target\":{\"@type\":\"EntryPoint\",\"urlTemplate\":\"https:\/\/www.fiscalia.gov.co\/colombia\/?s={search_term_string}\"},\"query-input\":{\"@type\":\"PropertyValueSpecification\",\"valueRequired\":true,\"valueName\":\"search_term_string\"}}],\"inLanguage\":\"es-CO\"},{\"@type\":\"Organization\",\"@id\":\"https:\/\/www.fiscalia.gov.co\/colombia\/#organization\",\"name\":\"Fiscal\u00eda General de la Naci\u00f3n\",\"url\":\"https:\/\/www.fiscalia.gov.co\/colombia\/\",\"logo\":{\"@type\":\"ImageObject\",\"inLanguage\":\"es-CO\",\"@id\":\"https:\/\/www.fiscalia.gov.co\/colombia\/#\/schema\/logo\/image\/\",\"url\":\"https:\/\/www.fiscalia.gov.co\/colombia\/wp-content\/uploads\/LogoHorizontal_1.jpg\",\"contentUrl\":\"https:\/\/www.fiscalia.gov.co\/colombia\/wp-content\/uploads\/LogoHorizontal_1.jpg\",\"width\":300,\"height\":90,\"caption\":\"Fiscal\u00eda General de la Naci\u00f3n\"},\"image\":{\"@id\":\"https:\/\/www.fiscalia.gov.co\/colombia\/#\/schema\/logo\/image\/\"},\"sameAs\":[\"https:\/\/www.facebook.com\/FiscaliaCol\",\"https:\/\/x.com\/FiscaliaCol\",\"https:\/\/www.instagram.com\/fiscaliacol\",\"https:\/\/www.linkedin.com\/company\/fiscalia-general-de-la-naci-n\/\",\"https:\/\/youtube.com\/@fiscaliageneraldelanacion-4668?si=6nN79nyQICPU5iTh\"]},{\"@type\":\"Person\",\"@id\":\"https:\/\/www.fiscalia.gov.co\/colombia\/#\/schema\/person\/ba9eca435947489fb25117a0cd75bf3e\",\"name\":\"Johanna Islenny Prieto Pe\u00f1a\",\"image\":{\"@type\":\"ImageObject\",\"inLanguage\":\"es-CO\",\"@id\":\"https:\/\/www.fiscalia.gov.co\/colombia\/#\/schema\/person\/image\/\",\"url\":\"https:\/\/secure.gravatar.com\/avatar\/111433fc2acb037ffb768f6a3ca47864?s=96&d=mm&r=g\",\"contentUrl\":\"https:\/\/secure.gravatar.com\/avatar\/111433fc2acb037ffb768f6a3ca47864?s=96&d=mm&r=g\",\"caption\":\"Johanna Islenny Prieto Pe\u00f1a\"},\"url\":\"https:\/\/www.fiscalia.gov.co\/colombia\/author\/jprietop\/\"}]}<\/script>\n<!-- \/ Yoast SEO plugin. -->","yoast_head_json":{"title":"Fiscal\u00eda General de la Naci\u00f3n","description":"P\u00e1gina oficial de la Fiscal\u00eda General de la Naci\u00f3n \u2013 Colombia. Garantizamos el acceso efectivo a la justicia, la verdad y la reparaci\u00f3n de las v\u00edctimas de los delitos.","robots":{"index":"noindex","follow":"follow"},"og_locale":"es_ES","og_type":"article","og_title":"Fiscal\u00eda General de la Naci\u00f3n","og_description":"P\u00e1gina oficial de la Fiscal\u00eda General de la Naci\u00f3n \u2013 Colombia. Garantizamos el acceso efectivo a la justicia, la verdad y la reparaci\u00f3n de las v\u00edctimas de los delitos.","og_url":"https:\/\/www.fiscalia.gov.co\/colombia\/noticias\/hombres-senalados-de-asesinar-a-dos-ciudadanos-y-herir-a-otro-fueron-enviados-a-la-carcel-en-tolima\/","og_site_name":"Fiscal\u00eda General de la Naci\u00f3n","article_publisher":"https:\/\/www.facebook.com\/FiscaliaCol","article_published_time":"2026-01-26T21:16:19+00:00","og_image":[{"width":1079,"height":900,"url":"https:\/\/www.fiscalia.gov.co\/colombia\/wp-content\/uploads\/William-Monreo-homicidio.jpeg","type":"image\/jpeg"}],"author":"Johanna Islenny Prieto Pe\u00f1a","twitter_card":"summary_large_image","twitter_creator":"@FiscaliaCol","twitter_site":"@FiscaliaCol","twitter_misc":{"Escrito por":"Johanna Islenny Prieto Pe\u00f1a","Tiempo de lectura":"2 minutos"},"schema":{"@context":"https:\/\/schema.org","@graph":[{"@type":"Article","@id":"https:\/\/www.fiscalia.gov.co\/colombia\/noticias\/hombres-senalados-de-asesinar-a-dos-ciudadanos-y-herir-a-otro-fueron-enviados-a-la-carcel-en-tolima\/#article","isPartOf":{"@id":"https:\/\/www.fiscalia.gov.co\/colombia\/noticias\/hombres-senalados-de-asesinar-a-dos-ciudadanos-y-herir-a-otro-fueron-enviados-a-la-carcel-en-tolima\/"},"author":{"name":"Johanna Islenny Prieto Pe\u00f1a","@id":"https:\/\/www.fiscalia.gov.co\/colombia\/#\/schema\/person\/ba9eca435947489fb25117a0cd75bf3e"},"headline":"Hombres se\u00f1alados de asesinar a dos ciudadanos y herir a otro fueron enviados a la c\u00e1rcel en Tolima","datePublished":"2026-01-26T21:16:19+00:00","dateModified":"2026-01-26T21:16:19+00:00","mainEntityOfPage":{"@id":"https:\/\/www.fiscalia.gov.co\/colombia\/noticias\/hombres-senalados-de-asesinar-a-dos-ciudadanos-y-herir-a-otro-fueron-enviados-a-la-carcel-en-tolima\/"},"wordCount":377,"publisher":{"@id":"https:\/\/www.fiscalia.gov.co\/colombia\/#organization"},"image":{"@id":"https:\/\/www.fiscalia.gov.co\/colombia\/noticias\/hombres-senalados-de-asesinar-a-dos-ciudadanos-y-herir-a-otro-fueron-enviados-a-la-carcel-en-tolima\/#primaryimage"},"thumbnailUrl":"https:\/\/www.fiscalia.gov.co\/colombia\/wp-content\/uploads\/William-Monreo-homicidio-300x250.jpeg","keywords":["Chaparral","CTI","disputa","Fiscal Luz Adriana Camargo","Fiscal\u00eda","Fiscal\u00eda Colombia","Fiscal\u00eda de Colombia","Fiscal\u00eda General de la Naci\u00f3n","Homicidio agravado","homicidio agravado tentado","Ibagu\u00e9","Imputaci\u00f3n","Medida de aseguramiento","pelea","Polic\u00eda Nacional","Porte de armas de fuego","Ri\u00f1a","Seccional Tolima","Unidad de Vida","Zona rural"],"articleSection":["Noticias"],"inLanguage":"es-CO"},{"@type":"WebPage","@id":"https:\/\/www.fiscalia.gov.co\/colombia\/noticias\/hombres-senalados-de-asesinar-a-dos-ciudadanos-y-herir-a-otro-fueron-enviados-a-la-carcel-en-tolima\/","url":"https:\/\/www.fiscalia.gov.co\/colombia\/noticias\/hombres-senalados-de-asesinar-a-dos-ciudadanos-y-herir-a-otro-fueron-enviados-a-la-carcel-en-tolima\/","name":"Fiscal\u00eda General de la Naci\u00f3n","isPartOf":{"@id":"https:\/\/www.fiscalia.gov.co\/colombia\/#website"},"primaryImageOfPage":{"@id":"https:\/\/www.fiscalia.gov.co\/colombia\/noticias\/hombres-senalados-de-asesinar-a-dos-ciudadanos-y-herir-a-otro-fueron-enviados-a-la-carcel-en-tolima\/#primaryimage"},"image":{"@id":"https:\/\/www.fiscalia.gov.co\/colombia\/noticias\/hombres-senalados-de-asesinar-a-dos-ciudadanos-y-herir-a-otro-fueron-enviados-a-la-carcel-en-tolima\/#primaryimage"},"thumbnailUrl":"https:\/\/www.fiscalia.gov.co\/colombia\/wp-content\/uploads\/William-Monreo-homicidio-300x250.jpeg","datePublished":"2026-01-26T21:16:19+00:00","dateModified":"2026-01-26T21:16:19+00:00","description":"P\u00e1gina oficial de la Fiscal\u00eda General de la Naci\u00f3n \u2013 Colombia. Garantizamos el acceso efectivo a la justicia, la verdad y la reparaci\u00f3n de las v\u00edctimas de los delitos.","breadcrumb":{"@id":"https:\/\/www.fiscalia.gov.co\/colombia\/noticias\/hombres-senalados-de-asesinar-a-dos-ciudadanos-y-herir-a-otro-fueron-enviados-a-la-carcel-en-tolima\/#breadcrumb"},"inLanguage":"es-CO","potentialAction":[{"@type":"ReadAction","target":["https:\/\/www.fiscalia.gov.co\/colombia\/noticias\/hombres-senalados-de-asesinar-a-dos-ciudadanos-y-herir-a-otro-fueron-enviados-a-la-carcel-en-tolima\/"]}]},{"@type":"ImageObject","inLanguage":"es-CO","@id":"https:\/\/www.fiscalia.gov.co\/colombia\/noticias\/hombres-senalados-de-asesinar-a-dos-ciudadanos-y-herir-a-otro-fueron-enviados-a-la-carcel-en-tolima\/#primaryimage","url":"https:\/\/www.fiscalia.gov.co\/colombia\/wp-content\/uploads\/William-Monreo-homicidio.jpeg","contentUrl":"https:\/\/www.fiscalia.gov.co\/colombia\/wp-content\/uploads\/William-Monreo-homicidio.jpeg","width":1079,"height":900,"caption":"William Moreno Guapacho fue privado de la libertad por los delitos de homicidio agravado y porte de armas de fuego."},{"@type":"BreadcrumbList","@id":"https:\/\/www.fiscalia.gov.co\/colombia\/noticias\/hombres-senalados-de-asesinar-a-dos-ciudadanos-y-herir-a-otro-fueron-enviados-a-la-carcel-en-tolima\/#breadcrumb","itemListElement":[{"@type":"ListItem","position":1,"name":"Home","item":"https:\/\/www.fiscalia.gov.co\/colombia\/"},{"@type":"ListItem","position":2,"name":"Hombres se\u00f1alados de asesinar a dos ciudadanos y herir a otro fueron enviados a la c\u00e1rcel en Tolima"}]},{"@type":"WebSite","@id":"https:\/\/www.fiscalia.gov.co\/colombia\/#website","url":"https:\/\/www.fiscalia.gov.co\/colombia\/","name":"Fiscal\u00eda General de la Naci\u00f3n","description":"P\u00e1gina oficial de la Fiscal\u00eda General de la Naci\u00f3n \u2013 Colombia. Garantizamos el acceso efectivo a la justicia, la verdad y la reparaci\u00f3n de las v\u00edctimas de los delitos.","publisher":{"@id":"https:\/\/www.fiscalia.gov.co\/colombia\/#organization"},"potentialAction":[{"@type":"SearchAction","target":{"@type":"EntryPoint","urlTemplate":"https:\/\/www.fiscalia.gov.co\/colombia\/?s={search_term_string}"},"query-input":{"@type":"PropertyValueSpecification","valueRequired":true,"valueName":"search_term_string"}}],"inLanguage":"es-CO"},{"@type":"Organization","@id":"https:\/\/www.fiscalia.gov.co\/colombia\/#organization","name":"Fiscal\u00eda General de la Naci\u00f3n","url":"https:\/\/www.fiscalia.gov.co\/colombia\/","logo":{"@type":"ImageObject","inLanguage":"es-CO","@id":"https:\/\/www.fiscalia.gov.co\/colombia\/#\/schema\/logo\/image\/","url":"https:\/\/www.fiscalia.gov.co\/colombia\/wp-content\/uploads\/LogoHorizontal_1.jpg","contentUrl":"https:\/\/www.fiscalia.gov.co\/colombia\/wp-content\/uploads\/LogoHorizontal_1.jpg","width":300,"height":90,"caption":"Fiscal\u00eda General de la Naci\u00f3n"},"image":{"@id":"https:\/\/www.fiscalia.gov.co\/colombia\/#\/schema\/logo\/image\/"},"sameAs":["https:\/\/www.facebook.com\/FiscaliaCol","https:\/\/x.com\/FiscaliaCol","https:\/\/www.instagram.com\/fiscaliacol","https:\/\/www.linkedin.com\/company\/fiscalia-general-de-la-naci-n\/","https:\/\/youtube.com\/@fiscaliageneraldelanacion-4668?si=6nN79nyQICPU5iTh"]},{"@type":"Person","@id":"https:\/\/www.fiscalia.gov.co\/colombia\/#\/schema\/person\/ba9eca435947489fb25117a0cd75bf3e","name":"Johanna Islenny Prieto Pe\u00f1a","image":{"@type":"ImageObject","inLanguage":"es-CO","@id":"https:\/\/www.fiscalia.gov.co\/colombia\/#\/schema\/person\/image\/","url":"https:\/\/secure.gravatar.com\/avatar\/111433fc2acb037ffb768f6a3ca47864?s=96&d=mm&r=g","contentUrl":"https:\/\/secure.gravatar.com\/avatar\/111433fc2acb037ffb768f6a3ca47864?s=96&d=mm&r=g","caption":"Johanna Islenny Prieto Pe\u00f1a"},"url":"https:\/\/www.fiscalia.gov.co\/colombia\/author\/jprietop\/"}]}},"_links":{"self":[{"href":"https:\/\/www.fiscalia.gov.co\/colombia\/wp-json\/wp\/v2\/posts\/330173","targetHints":{"allow":["GET"]}}],"collection":[{"href":"https:\/\/www.fiscalia.gov.co\/colombia\/wp-json\/wp\/v2\/posts"}],"about":[{"href":"https:\/\/www.fiscalia.gov.co\/colombia\/wp-json\/wp\/v2\/types\/post"}],"author":[{"embeddable":true,"href":"https:\/\/www.fiscalia.gov.co\/colombia\/wp-json\/wp\/v2\/users\/181"}],"replies":[{"embeddable":true,"href":"https:\/\/www.fiscalia.gov.co\/colombia\/wp-json\/wp\/v2\/comments?post=330173"}],"version-history":[{"count":1,"href":"https:\/\/www.fiscalia.gov.co\/colombia\/wp-json\/wp\/v2\/posts\/330173\/revisions"}],"predecessor-version":[{"id":330176,"href":"https:\/\/www.fiscalia.gov.co\/colombia\/wp-json\/wp\/v2\/posts\/330173\/revisions\/330176"}],"wp:attachment":[{"href":"https:\/\/www.fiscalia.gov.co\/colombia\/wp-json\/wp\/v2\/media?parent=330173"}],"wp:term":[{"taxonomy":"category","embeddable":true,"href":"https:\/\/www.fiscalia.gov.co\/colombia\/wp-json\/wp\/v2\/categories?post=330173"},{"taxonomy":"post_tag","embeddable":true,"href":"https:\/\/www.fiscalia.gov.co\/colombia\/wp-json\/wp\/v2\/tags?post=330173"}],"curies":[{"name":"wp","href":"https:\/\/api.w.org\/{rel}","templated":true}]}}