{"id":330087,"date":"2026-01-23T16:12:10","date_gmt":"2026-01-23T21:12:10","guid":{"rendered":"https:\/\/www.fiscalia.gov.co\/colombia\/?p=330087"},"modified":"2026-01-23T16:12:10","modified_gmt":"2026-01-23T21:12:10","slug":"en-turbaco-bolivar-aseguran-en-centro-carcelario-a-un-hombre-senalado-de-reincidir-en-agresiones-contra-su-pareja","status":"publish","type":"post","link":"https:\/\/www.fiscalia.gov.co\/colombia\/noticias\/en-turbaco-bolivar-aseguran-en-centro-carcelario-a-un-hombre-senalado-de-reincidir-en-agresiones-contra-su-pareja\/","title":{"rendered":"En Turbaco (Bol\u00edvar) aseguran en centro carcelario a un hombre se\u00f1alado de reincidir en agresiones contra su pareja"},"content":{"rendered":"<p>La Fiscal\u00eda General de la Naci\u00f3n entreg\u00f3 elementos materiales probatorios que le permitieron a un juez de control de garant\u00edas imponer <strong>medida de aseguramiento en centro carcelario a un hombre de 60 a\u00f1os<\/strong>, presuntamente implicado en delitos de violencia intrafamiliar y fraude a resoluci\u00f3n judicial. Cargos que no fueron aceptados.<\/p>\n<figure id=\"attachment_330088\" aria-describedby=\"caption-attachment-330088\" style=\"width: 739px\" class=\"wp-caption aligncenter\"><img loading=\"lazy\" decoding=\"async\" class=\"size-full wp-image-330088\" src=\"https:\/\/www.fiscalia.gov.co\/colombia\/wp-content\/uploads\/Foto-boletin-23-de-enero-violencia-intrafamiliar-.jpeg\" alt=\"En la imagen est\u00e1 un hombre de pie, de frente, con los brazos atr\u00e1s esposado, alto, moreno, delgado, vestido con un buzo manga larga gris y un jean azuly se encuentra custodiado por dos uniformados de la Polic\u00eda Nacional.\u00a0\" width=\"739\" height=\"900\" srcset=\"https:\/\/www.fiscalia.gov.co\/colombia\/wp-content\/uploads\/Foto-boletin-23-de-enero-violencia-intrafamiliar-.jpeg 739w, https:\/\/www.fiscalia.gov.co\/colombia\/wp-content\/uploads\/Foto-boletin-23-de-enero-violencia-intrafamiliar--246x300.jpeg 246w, https:\/\/www.fiscalia.gov.co\/colombia\/wp-content\/uploads\/Foto-boletin-23-de-enero-violencia-intrafamiliar--345x420.jpeg 345w, https:\/\/www.fiscalia.gov.co\/colombia\/wp-content\/uploads\/Foto-boletin-23-de-enero-violencia-intrafamiliar--696x848.jpeg 696w\" sizes=\"auto, (max-width: 739px) 100vw, 739px\" \/><figcaption id=\"caption-attachment-330088\" class=\"wp-caption-text\">La Polic\u00eda Nacional en cumplimiento de una orden judicial materializ\u00f3 la captura del supuesto agresor.<\/figcaption><\/figure>\n<p>Seg\u00fan la investigaci\u00f3n, <strong>el procesado habr\u00eda incurrido en maltratos f\u00edsicos, verbales y psicol\u00f3gicos contra su pareja sentimental, de 47 a\u00f1os<\/strong>. Dichas conductas ocurrieron en el municipio de Turbaco (Bol\u00edvar) y fueron denunciadas en septiembre de 2024 ante una comisar\u00eda de familia. Esto motiv\u00f3 la imposici\u00f3n dos medidas de protecci\u00f3n provisionales en favor de la mujer.<\/p>\n<p>Una fiscal de la Seccional Bol\u00edvar evidenci\u00f3 que el supuesto agresor hizo caso omiso a <strong>las restricciones y habr\u00eda reincidido en las intimidaciones contra la v\u00edctima,<\/strong> a quien, al parecer, amenaz\u00f3 con arma cortopunzante y le destruy\u00f3 los enseres de su vivienda.<\/p>\n<p>La Polic\u00eda Nacional captur\u00f3 al ahora procesado el pasado 21 de enero en Turbaco, en cumplimiento de una orden judicial.<\/p>\n<p>&nbsp;<\/p>\n<p>&nbsp;<\/p>\n<p>&nbsp;<\/p>\n<p>&nbsp;<\/p>\n<p>MEVA\/MAGA\/KH\/EGM\/DSB<\/p>\n<p>&nbsp;<\/p>\n<p>&nbsp;<\/p>\n<p>&nbsp;<\/p>\n<p>&nbsp;<\/p>\n<p><em>La informaci\u00f3n contenida en este bolet\u00edn de prensa corresponde a la narraci\u00f3n de los hechos noticiosos objetivos, suministrados por los funcionarios encargados de adelantar las investigaciones penales al interior de la Fiscal\u00eda General de la Naci\u00f3n. Para el momento de la divulgaci\u00f3n de este comunicado, la situaci\u00f3n jur\u00eddica de la(s) persona(s) relacionada(s) se encuentra pendiente de resolver por la autoridad judicial competente, siempre bajo los preceptos de la presunci\u00f3n de inocencia, consagrados en el art\u00edculo 29 de la Constituci\u00f3n Pol\u00edtica y el art\u00edculo 7\u00ba de la Ley 906 de 2004.<\/em><\/p>\n\n<div class=\"twitter-share\"><a href=\"https:\/\/twitter.com\/intent\/tweet?via=fiscaliacol\" class=\"twitter-share-button\">Tweet<\/a><\/div>\n","protected":false},"excerpt":{"rendered":"<p>La Fiscal\u00eda General de la Naci\u00f3n entreg\u00f3 elementos materiales probatorios que le permitieron a un juez de control de garant\u00edas imponer medida de aseguramiento en centro carcelario a un hombre [&hellip;]<\/p>\n","protected":false},"author":177,"featured_media":0,"comment_status":"closed","ping_status":"open","sticky":false,"template":"","format":"standard","meta":{"tdm_status":"","tdm_grid_status":"","footnotes":""},"categories":[1,325,303],"tags":[9082,924,23998,14792,24187,1047,44973,3136,44975,44974,24549,558,24469,37606,29369,36320,682],"class_list":["post-330087","post","type-post","status-publish","format-standard","category-noticias","category-seccional-cartagena","category-seccionales","tag-bolivar","tag-captura","tag-cartagena-bolivar","tag-comisaria-de-familia","tag-fiscalia-colombia","tag-fiscalia-general-de-la-nacion","tag-fisico","tag-maltrato","tag-medidas-de-proteccion-victima","tag-orden-de-alejamiento","tag-orden-judicial","tag-policia-nacional","tag-reincidente","tag-sicologicos","tag-turbaco","tag-verbales","tag-violencia-intrafamiliar"],"yoast_head":"<!-- This site is optimized with the Yoast SEO plugin v24.3 - https:\/\/yoast.com\/wordpress\/plugins\/seo\/ -->\n<title>Fiscal\u00eda General de la Naci\u00f3n<\/title>\n<meta name=\"description\" content=\"P\u00e1gina oficial de la Fiscal\u00eda General de la Naci\u00f3n \u2013 Colombia. Garantizamos el acceso efectivo a la justicia, la verdad y la reparaci\u00f3n de las v\u00edctimas de los delitos.\" \/>\n<meta name=\"robots\" content=\"noindex, follow\" \/>\n<meta property=\"og:locale\" content=\"es_ES\" \/>\n<meta property=\"og:type\" content=\"article\" \/>\n<meta property=\"og:title\" content=\"Fiscal\u00eda General de la Naci\u00f3n\" \/>\n<meta property=\"og:description\" content=\"P\u00e1gina oficial de la Fiscal\u00eda General de la Naci\u00f3n \u2013 Colombia. Garantizamos el acceso efectivo a la justicia, la verdad y la reparaci\u00f3n de las v\u00edctimas de los delitos.\" \/>\n<meta property=\"og:url\" content=\"https:\/\/www.fiscalia.gov.co\/colombia\/noticias\/en-turbaco-bolivar-aseguran-en-centro-carcelario-a-un-hombre-senalado-de-reincidir-en-agresiones-contra-su-pareja\/\" \/>\n<meta property=\"og:site_name\" content=\"Fiscal\u00eda General de la Naci\u00f3n\" \/>\n<meta property=\"article:publisher\" content=\"https:\/\/www.facebook.com\/FiscaliaCol\" \/>\n<meta property=\"article:published_time\" content=\"2026-01-23T21:12:10+00:00\" \/>\n<meta property=\"og:image\" content=\"https:\/\/www.fiscalia.gov.co\/colombia\/wp-content\/uploads\/Foto-boletin-23-de-enero-violencia-intrafamiliar-.jpeg\" \/>\n\t<meta property=\"og:image:width\" content=\"739\" \/>\n\t<meta property=\"og:image:height\" content=\"900\" \/>\n\t<meta property=\"og:image:type\" content=\"image\/jpeg\" \/>\n<meta name=\"author\" content=\"Jordan Leandro Oviedo Anzola\" \/>\n<meta name=\"twitter:card\" content=\"summary_large_image\" \/>\n<meta name=\"twitter:creator\" content=\"@FiscaliaCol\" \/>\n<meta name=\"twitter:site\" content=\"@FiscaliaCol\" \/>\n<meta name=\"twitter:label1\" content=\"Escrito por\" \/>\n\t<meta name=\"twitter:data1\" content=\"Jordan Leandro Oviedo Anzola\" \/>\n\t<meta name=\"twitter:label2\" content=\"Tiempo de lectura\" \/>\n\t<meta name=\"twitter:data2\" content=\"2 minutos\" \/>\n<script type=\"application\/ld+json\" class=\"yoast-schema-graph\">{\"@context\":\"https:\/\/schema.org\",\"@graph\":[{\"@type\":\"Article\",\"@id\":\"https:\/\/www.fiscalia.gov.co\/colombia\/noticias\/en-turbaco-bolivar-aseguran-en-centro-carcelario-a-un-hombre-senalado-de-reincidir-en-agresiones-contra-su-pareja\/#article\",\"isPartOf\":{\"@id\":\"https:\/\/www.fiscalia.gov.co\/colombia\/noticias\/en-turbaco-bolivar-aseguran-en-centro-carcelario-a-un-hombre-senalado-de-reincidir-en-agresiones-contra-su-pareja\/\"},\"author\":{\"name\":\"Jordan Leandro Oviedo Anzola\",\"@id\":\"https:\/\/www.fiscalia.gov.co\/colombia\/#\/schema\/person\/bf84402cf293a5393e9c70b111020b24\"},\"headline\":\"En Turbaco (Bol\u00edvar) aseguran en centro carcelario a un hombre se\u00f1alado de reincidir en agresiones contra su pareja\",\"datePublished\":\"2026-01-23T21:12:10+00:00\",\"dateModified\":\"2026-01-23T21:12:10+00:00\",\"mainEntityOfPage\":{\"@id\":\"https:\/\/www.fiscalia.gov.co\/colombia\/noticias\/en-turbaco-bolivar-aseguran-en-centro-carcelario-a-un-hombre-senalado-de-reincidir-en-agresiones-contra-su-pareja\/\"},\"wordCount\":340,\"publisher\":{\"@id\":\"https:\/\/www.fiscalia.gov.co\/colombia\/#organization\"},\"image\":{\"@id\":\"https:\/\/www.fiscalia.gov.co\/colombia\/noticias\/en-turbaco-bolivar-aseguran-en-centro-carcelario-a-un-hombre-senalado-de-reincidir-en-agresiones-contra-su-pareja\/#primaryimage\"},\"thumbnailUrl\":\"https:\/\/www.fiscalia.gov.co\/colombia\/wp-content\/uploads\/Foto-boletin-23-de-enero-violencia-intrafamiliar-.jpeg\",\"keywords\":[\"Bol\u00edvar\",\"Captura\",\"Cartagena (Bol\u00edvar)\",\"Comisaria de familia\",\"Fiscal\u00eda Colombia\",\"Fiscal\u00eda General de la Naci\u00f3n\",\"f\u00edsico\",\"Maltrato\",\"medidas de protecci\u00f3n. V\u00edctima.\",\"orden de alejamiento\",\"orden judicial\",\"Polic\u00eda Nacional\",\"reincidente\",\"sicol\u00f3gicos\",\"Turbaco\",\"verbales\",\"Violencia intrafamiliar\"],\"articleSection\":[\"Noticias\",\"Seccional Cartagena\",\"Seccionales\"],\"inLanguage\":\"es-CO\"},{\"@type\":\"WebPage\",\"@id\":\"https:\/\/www.fiscalia.gov.co\/colombia\/noticias\/en-turbaco-bolivar-aseguran-en-centro-carcelario-a-un-hombre-senalado-de-reincidir-en-agresiones-contra-su-pareja\/\",\"url\":\"https:\/\/www.fiscalia.gov.co\/colombia\/noticias\/en-turbaco-bolivar-aseguran-en-centro-carcelario-a-un-hombre-senalado-de-reincidir-en-agresiones-contra-su-pareja\/\",\"name\":\"Fiscal\u00eda General de la Naci\u00f3n\",\"isPartOf\":{\"@id\":\"https:\/\/www.fiscalia.gov.co\/colombia\/#website\"},\"primaryImageOfPage\":{\"@id\":\"https:\/\/www.fiscalia.gov.co\/colombia\/noticias\/en-turbaco-bolivar-aseguran-en-centro-carcelario-a-un-hombre-senalado-de-reincidir-en-agresiones-contra-su-pareja\/#primaryimage\"},\"image\":{\"@id\":\"https:\/\/www.fiscalia.gov.co\/colombia\/noticias\/en-turbaco-bolivar-aseguran-en-centro-carcelario-a-un-hombre-senalado-de-reincidir-en-agresiones-contra-su-pareja\/#primaryimage\"},\"thumbnailUrl\":\"https:\/\/www.fiscalia.gov.co\/colombia\/wp-content\/uploads\/Foto-boletin-23-de-enero-violencia-intrafamiliar-.jpeg\",\"datePublished\":\"2026-01-23T21:12:10+00:00\",\"dateModified\":\"2026-01-23T21:12:10+00:00\",\"description\":\"P\u00e1gina oficial de la Fiscal\u00eda General de la Naci\u00f3n \u2013 Colombia. Garantizamos el acceso efectivo a la justicia, la verdad y la reparaci\u00f3n de las v\u00edctimas de los delitos.\",\"breadcrumb\":{\"@id\":\"https:\/\/www.fiscalia.gov.co\/colombia\/noticias\/en-turbaco-bolivar-aseguran-en-centro-carcelario-a-un-hombre-senalado-de-reincidir-en-agresiones-contra-su-pareja\/#breadcrumb\"},\"inLanguage\":\"es-CO\",\"potentialAction\":[{\"@type\":\"ReadAction\",\"target\":[\"https:\/\/www.fiscalia.gov.co\/colombia\/noticias\/en-turbaco-bolivar-aseguran-en-centro-carcelario-a-un-hombre-senalado-de-reincidir-en-agresiones-contra-su-pareja\/\"]}]},{\"@type\":\"ImageObject\",\"inLanguage\":\"es-CO\",\"@id\":\"https:\/\/www.fiscalia.gov.co\/colombia\/noticias\/en-turbaco-bolivar-aseguran-en-centro-carcelario-a-un-hombre-senalado-de-reincidir-en-agresiones-contra-su-pareja\/#primaryimage\",\"url\":\"https:\/\/www.fiscalia.gov.co\/colombia\/wp-content\/uploads\/Foto-boletin-23-de-enero-violencia-intrafamiliar-.jpeg\",\"contentUrl\":\"https:\/\/www.fiscalia.gov.co\/colombia\/wp-content\/uploads\/Foto-boletin-23-de-enero-violencia-intrafamiliar-.jpeg\",\"width\":739,\"height\":900,\"caption\":\"La Polic\u00eda Nacional en cumplimiento de una orden judicial materializ\u00f3 la captura del supuesto agresor.\"},{\"@type\":\"BreadcrumbList\",\"@id\":\"https:\/\/www.fiscalia.gov.co\/colombia\/noticias\/en-turbaco-bolivar-aseguran-en-centro-carcelario-a-un-hombre-senalado-de-reincidir-en-agresiones-contra-su-pareja\/#breadcrumb\",\"itemListElement\":[{\"@type\":\"ListItem\",\"position\":1,\"name\":\"Home\",\"item\":\"https:\/\/www.fiscalia.gov.co\/colombia\/\"},{\"@type\":\"ListItem\",\"position\":2,\"name\":\"En Turbaco (Bol\u00edvar) aseguran en centro carcelario a un hombre se\u00f1alado de reincidir en agresiones contra su pareja\"}]},{\"@type\":\"WebSite\",\"@id\":\"https:\/\/www.fiscalia.gov.co\/colombia\/#website\",\"url\":\"https:\/\/www.fiscalia.gov.co\/colombia\/\",\"name\":\"Fiscal\u00eda General de la Naci\u00f3n\",\"description\":\"P\u00e1gina oficial de la Fiscal\u00eda General de la Naci\u00f3n \u2013 Colombia. Garantizamos el acceso efectivo a la justicia, la verdad y la reparaci\u00f3n de las v\u00edctimas de los delitos.\",\"publisher\":{\"@id\":\"https:\/\/www.fiscalia.gov.co\/colombia\/#organization\"},\"potentialAction\":[{\"@type\":\"SearchAction\",\"target\":{\"@type\":\"EntryPoint\",\"urlTemplate\":\"https:\/\/www.fiscalia.gov.co\/colombia\/?s={search_term_string}\"},\"query-input\":{\"@type\":\"PropertyValueSpecification\",\"valueRequired\":true,\"valueName\":\"search_term_string\"}}],\"inLanguage\":\"es-CO\"},{\"@type\":\"Organization\",\"@id\":\"https:\/\/www.fiscalia.gov.co\/colombia\/#organization\",\"name\":\"Fiscal\u00eda General de la Naci\u00f3n\",\"url\":\"https:\/\/www.fiscalia.gov.co\/colombia\/\",\"logo\":{\"@type\":\"ImageObject\",\"inLanguage\":\"es-CO\",\"@id\":\"https:\/\/www.fiscalia.gov.co\/colombia\/#\/schema\/logo\/image\/\",\"url\":\"https:\/\/www.fiscalia.gov.co\/colombia\/wp-content\/uploads\/LogoHorizontal_1.jpg\",\"contentUrl\":\"https:\/\/www.fiscalia.gov.co\/colombia\/wp-content\/uploads\/LogoHorizontal_1.jpg\",\"width\":300,\"height\":90,\"caption\":\"Fiscal\u00eda General de la Naci\u00f3n\"},\"image\":{\"@id\":\"https:\/\/www.fiscalia.gov.co\/colombia\/#\/schema\/logo\/image\/\"},\"sameAs\":[\"https:\/\/www.facebook.com\/FiscaliaCol\",\"https:\/\/x.com\/FiscaliaCol\",\"https:\/\/www.instagram.com\/fiscaliacol\",\"https:\/\/www.linkedin.com\/company\/fiscalia-general-de-la-naci-n\/\",\"https:\/\/youtube.com\/@fiscaliageneraldelanacion-4668?si=6nN79nyQICPU5iTh\"]},{\"@type\":\"Person\",\"@id\":\"https:\/\/www.fiscalia.gov.co\/colombia\/#\/schema\/person\/bf84402cf293a5393e9c70b111020b24\",\"name\":\"Jordan Leandro Oviedo Anzola\",\"image\":{\"@type\":\"ImageObject\",\"inLanguage\":\"es-CO\",\"@id\":\"https:\/\/www.fiscalia.gov.co\/colombia\/#\/schema\/person\/image\/\",\"url\":\"https:\/\/secure.gravatar.com\/avatar\/dabba4346fa9b9207d96adafa8f92721?s=96&d=mm&r=g\",\"contentUrl\":\"https:\/\/secure.gravatar.com\/avatar\/dabba4346fa9b9207d96adafa8f92721?s=96&d=mm&r=g\",\"caption\":\"Jordan Leandro Oviedo Anzola\"},\"url\":\"https:\/\/www.fiscalia.gov.co\/colombia\/author\/joviedo\/\"}]}<\/script>\n<!-- \/ Yoast SEO plugin. -->","yoast_head_json":{"title":"Fiscal\u00eda General de la Naci\u00f3n","description":"P\u00e1gina oficial de la Fiscal\u00eda General de la Naci\u00f3n \u2013 Colombia. Garantizamos el acceso efectivo a la justicia, la verdad y la reparaci\u00f3n de las v\u00edctimas de los delitos.","robots":{"index":"noindex","follow":"follow"},"og_locale":"es_ES","og_type":"article","og_title":"Fiscal\u00eda General de la Naci\u00f3n","og_description":"P\u00e1gina oficial de la Fiscal\u00eda General de la Naci\u00f3n \u2013 Colombia. Garantizamos el acceso efectivo a la justicia, la verdad y la reparaci\u00f3n de las v\u00edctimas de los delitos.","og_url":"https:\/\/www.fiscalia.gov.co\/colombia\/noticias\/en-turbaco-bolivar-aseguran-en-centro-carcelario-a-un-hombre-senalado-de-reincidir-en-agresiones-contra-su-pareja\/","og_site_name":"Fiscal\u00eda General de la Naci\u00f3n","article_publisher":"https:\/\/www.facebook.com\/FiscaliaCol","article_published_time":"2026-01-23T21:12:10+00:00","og_image":[{"width":739,"height":900,"url":"https:\/\/www.fiscalia.gov.co\/colombia\/wp-content\/uploads\/Foto-boletin-23-de-enero-violencia-intrafamiliar-.jpeg","type":"image\/jpeg"}],"author":"Jordan Leandro Oviedo Anzola","twitter_card":"summary_large_image","twitter_creator":"@FiscaliaCol","twitter_site":"@FiscaliaCol","twitter_misc":{"Escrito por":"Jordan Leandro Oviedo Anzola","Tiempo de lectura":"2 minutos"},"schema":{"@context":"https:\/\/schema.org","@graph":[{"@type":"Article","@id":"https:\/\/www.fiscalia.gov.co\/colombia\/noticias\/en-turbaco-bolivar-aseguran-en-centro-carcelario-a-un-hombre-senalado-de-reincidir-en-agresiones-contra-su-pareja\/#article","isPartOf":{"@id":"https:\/\/www.fiscalia.gov.co\/colombia\/noticias\/en-turbaco-bolivar-aseguran-en-centro-carcelario-a-un-hombre-senalado-de-reincidir-en-agresiones-contra-su-pareja\/"},"author":{"name":"Jordan Leandro Oviedo Anzola","@id":"https:\/\/www.fiscalia.gov.co\/colombia\/#\/schema\/person\/bf84402cf293a5393e9c70b111020b24"},"headline":"En Turbaco (Bol\u00edvar) aseguran en centro carcelario a un hombre se\u00f1alado de reincidir en agresiones contra su pareja","datePublished":"2026-01-23T21:12:10+00:00","dateModified":"2026-01-23T21:12:10+00:00","mainEntityOfPage":{"@id":"https:\/\/www.fiscalia.gov.co\/colombia\/noticias\/en-turbaco-bolivar-aseguran-en-centro-carcelario-a-un-hombre-senalado-de-reincidir-en-agresiones-contra-su-pareja\/"},"wordCount":340,"publisher":{"@id":"https:\/\/www.fiscalia.gov.co\/colombia\/#organization"},"image":{"@id":"https:\/\/www.fiscalia.gov.co\/colombia\/noticias\/en-turbaco-bolivar-aseguran-en-centro-carcelario-a-un-hombre-senalado-de-reincidir-en-agresiones-contra-su-pareja\/#primaryimage"},"thumbnailUrl":"https:\/\/www.fiscalia.gov.co\/colombia\/wp-content\/uploads\/Foto-boletin-23-de-enero-violencia-intrafamiliar-.jpeg","keywords":["Bol\u00edvar","Captura","Cartagena (Bol\u00edvar)","Comisaria de familia","Fiscal\u00eda Colombia","Fiscal\u00eda General de la Naci\u00f3n","f\u00edsico","Maltrato","medidas de protecci\u00f3n. V\u00edctima.","orden de alejamiento","orden judicial","Polic\u00eda Nacional","reincidente","sicol\u00f3gicos","Turbaco","verbales","Violencia intrafamiliar"],"articleSection":["Noticias","Seccional Cartagena","Seccionales"],"inLanguage":"es-CO"},{"@type":"WebPage","@id":"https:\/\/www.fiscalia.gov.co\/colombia\/noticias\/en-turbaco-bolivar-aseguran-en-centro-carcelario-a-un-hombre-senalado-de-reincidir-en-agresiones-contra-su-pareja\/","url":"https:\/\/www.fiscalia.gov.co\/colombia\/noticias\/en-turbaco-bolivar-aseguran-en-centro-carcelario-a-un-hombre-senalado-de-reincidir-en-agresiones-contra-su-pareja\/","name":"Fiscal\u00eda General de la Naci\u00f3n","isPartOf":{"@id":"https:\/\/www.fiscalia.gov.co\/colombia\/#website"},"primaryImageOfPage":{"@id":"https:\/\/www.fiscalia.gov.co\/colombia\/noticias\/en-turbaco-bolivar-aseguran-en-centro-carcelario-a-un-hombre-senalado-de-reincidir-en-agresiones-contra-su-pareja\/#primaryimage"},"image":{"@id":"https:\/\/www.fiscalia.gov.co\/colombia\/noticias\/en-turbaco-bolivar-aseguran-en-centro-carcelario-a-un-hombre-senalado-de-reincidir-en-agresiones-contra-su-pareja\/#primaryimage"},"thumbnailUrl":"https:\/\/www.fiscalia.gov.co\/colombia\/wp-content\/uploads\/Foto-boletin-23-de-enero-violencia-intrafamiliar-.jpeg","datePublished":"2026-01-23T21:12:10+00:00","dateModified":"2026-01-23T21:12:10+00:00","description":"P\u00e1gina oficial de la Fiscal\u00eda General de la Naci\u00f3n \u2013 Colombia. Garantizamos el acceso efectivo a la justicia, la verdad y la reparaci\u00f3n de las v\u00edctimas de los delitos.","breadcrumb":{"@id":"https:\/\/www.fiscalia.gov.co\/colombia\/noticias\/en-turbaco-bolivar-aseguran-en-centro-carcelario-a-un-hombre-senalado-de-reincidir-en-agresiones-contra-su-pareja\/#breadcrumb"},"inLanguage":"es-CO","potentialAction":[{"@type":"ReadAction","target":["https:\/\/www.fiscalia.gov.co\/colombia\/noticias\/en-turbaco-bolivar-aseguran-en-centro-carcelario-a-un-hombre-senalado-de-reincidir-en-agresiones-contra-su-pareja\/"]}]},{"@type":"ImageObject","inLanguage":"es-CO","@id":"https:\/\/www.fiscalia.gov.co\/colombia\/noticias\/en-turbaco-bolivar-aseguran-en-centro-carcelario-a-un-hombre-senalado-de-reincidir-en-agresiones-contra-su-pareja\/#primaryimage","url":"https:\/\/www.fiscalia.gov.co\/colombia\/wp-content\/uploads\/Foto-boletin-23-de-enero-violencia-intrafamiliar-.jpeg","contentUrl":"https:\/\/www.fiscalia.gov.co\/colombia\/wp-content\/uploads\/Foto-boletin-23-de-enero-violencia-intrafamiliar-.jpeg","width":739,"height":900,"caption":"La Polic\u00eda Nacional en cumplimiento de una orden judicial materializ\u00f3 la captura del supuesto agresor."},{"@type":"BreadcrumbList","@id":"https:\/\/www.fiscalia.gov.co\/colombia\/noticias\/en-turbaco-bolivar-aseguran-en-centro-carcelario-a-un-hombre-senalado-de-reincidir-en-agresiones-contra-su-pareja\/#breadcrumb","itemListElement":[{"@type":"ListItem","position":1,"name":"Home","item":"https:\/\/www.fiscalia.gov.co\/colombia\/"},{"@type":"ListItem","position":2,"name":"En Turbaco (Bol\u00edvar) aseguran en centro carcelario a un hombre se\u00f1alado de reincidir en agresiones contra su pareja"}]},{"@type":"WebSite","@id":"https:\/\/www.fiscalia.gov.co\/colombia\/#website","url":"https:\/\/www.fiscalia.gov.co\/colombia\/","name":"Fiscal\u00eda General de la Naci\u00f3n","description":"P\u00e1gina oficial de la Fiscal\u00eda General de la Naci\u00f3n \u2013 Colombia. Garantizamos el acceso efectivo a la justicia, la verdad y la reparaci\u00f3n de las v\u00edctimas de los delitos.","publisher":{"@id":"https:\/\/www.fiscalia.gov.co\/colombia\/#organization"},"potentialAction":[{"@type":"SearchAction","target":{"@type":"EntryPoint","urlTemplate":"https:\/\/www.fiscalia.gov.co\/colombia\/?s={search_term_string}"},"query-input":{"@type":"PropertyValueSpecification","valueRequired":true,"valueName":"search_term_string"}}],"inLanguage":"es-CO"},{"@type":"Organization","@id":"https:\/\/www.fiscalia.gov.co\/colombia\/#organization","name":"Fiscal\u00eda General de la Naci\u00f3n","url":"https:\/\/www.fiscalia.gov.co\/colombia\/","logo":{"@type":"ImageObject","inLanguage":"es-CO","@id":"https:\/\/www.fiscalia.gov.co\/colombia\/#\/schema\/logo\/image\/","url":"https:\/\/www.fiscalia.gov.co\/colombia\/wp-content\/uploads\/LogoHorizontal_1.jpg","contentUrl":"https:\/\/www.fiscalia.gov.co\/colombia\/wp-content\/uploads\/LogoHorizontal_1.jpg","width":300,"height":90,"caption":"Fiscal\u00eda General de la Naci\u00f3n"},"image":{"@id":"https:\/\/www.fiscalia.gov.co\/colombia\/#\/schema\/logo\/image\/"},"sameAs":["https:\/\/www.facebook.com\/FiscaliaCol","https:\/\/x.com\/FiscaliaCol","https:\/\/www.instagram.com\/fiscaliacol","https:\/\/www.linkedin.com\/company\/fiscalia-general-de-la-naci-n\/","https:\/\/youtube.com\/@fiscaliageneraldelanacion-4668?si=6nN79nyQICPU5iTh"]},{"@type":"Person","@id":"https:\/\/www.fiscalia.gov.co\/colombia\/#\/schema\/person\/bf84402cf293a5393e9c70b111020b24","name":"Jordan Leandro Oviedo Anzola","image":{"@type":"ImageObject","inLanguage":"es-CO","@id":"https:\/\/www.fiscalia.gov.co\/colombia\/#\/schema\/person\/image\/","url":"https:\/\/secure.gravatar.com\/avatar\/dabba4346fa9b9207d96adafa8f92721?s=96&d=mm&r=g","contentUrl":"https:\/\/secure.gravatar.com\/avatar\/dabba4346fa9b9207d96adafa8f92721?s=96&d=mm&r=g","caption":"Jordan Leandro Oviedo Anzola"},"url":"https:\/\/www.fiscalia.gov.co\/colombia\/author\/joviedo\/"}]}},"_links":{"self":[{"href":"https:\/\/www.fiscalia.gov.co\/colombia\/wp-json\/wp\/v2\/posts\/330087","targetHints":{"allow":["GET"]}}],"collection":[{"href":"https:\/\/www.fiscalia.gov.co\/colombia\/wp-json\/wp\/v2\/posts"}],"about":[{"href":"https:\/\/www.fiscalia.gov.co\/colombia\/wp-json\/wp\/v2\/types\/post"}],"author":[{"embeddable":true,"href":"https:\/\/www.fiscalia.gov.co\/colombia\/wp-json\/wp\/v2\/users\/177"}],"replies":[{"embeddable":true,"href":"https:\/\/www.fiscalia.gov.co\/colombia\/wp-json\/wp\/v2\/comments?post=330087"}],"version-history":[{"count":1,"href":"https:\/\/www.fiscalia.gov.co\/colombia\/wp-json\/wp\/v2\/posts\/330087\/revisions"}],"predecessor-version":[{"id":330089,"href":"https:\/\/www.fiscalia.gov.co\/colombia\/wp-json\/wp\/v2\/posts\/330087\/revisions\/330089"}],"wp:attachment":[{"href":"https:\/\/www.fiscalia.gov.co\/colombia\/wp-json\/wp\/v2\/media?parent=330087"}],"wp:term":[{"taxonomy":"category","embeddable":true,"href":"https:\/\/www.fiscalia.gov.co\/colombia\/wp-json\/wp\/v2\/categories?post=330087"},{"taxonomy":"post_tag","embeddable":true,"href":"https:\/\/www.fiscalia.gov.co\/colombia\/wp-json\/wp\/v2\/tags?post=330087"}],"curies":[{"name":"wp","href":"https:\/\/api.w.org\/{rel}","templated":true}]}}