{"id":330063,"date":"2026-01-23T10:39:53","date_gmt":"2026-01-23T15:39:53","guid":{"rendered":"https:\/\/www.fiscalia.gov.co\/colombia\/?p=330063"},"modified":"2026-01-23T10:39:53","modified_gmt":"2026-01-23T15:39:53","slug":"en-servicio-de-la-ciudadania-nuevo-centro-de-atencion-de-la-fiscalia-en-ipiales-narino","status":"publish","type":"post","link":"https:\/\/www.fiscalia.gov.co\/colombia\/noticias\/en-servicio-de-la-ciudadania-nuevo-centro-de-atencion-de-la-fiscalia-en-ipiales-narino\/","title":{"rendered":"En servicio de la ciudadan\u00eda nuevo Centro de Atenci\u00f3n de la Fiscal\u00eda en Ipiales (Nari\u00f1o)"},"content":{"rendered":"<h4 style=\"text-align: center;\"><em><strong>M\u00e1s de 120 mil habitantes del suroriente de Nari\u00f1o se beneficiar\u00e1n con los servicios de este espacio.<\/strong><\/em><\/h4>\n<figure id=\"attachment_330071\" aria-describedby=\"caption-attachment-330071\" style=\"width: 696px\" class=\"wp-caption aligncenter\"><img loading=\"lazy\" decoding=\"async\" class=\"size-large wp-image-330071\" src=\"https:\/\/www.fiscalia.gov.co\/colombia\/wp-content\/uploads\/CAF-Ipiales-1-1024x682.jpeg\" alt=\"Fotografia en donde se puede ver a varios funcionarios publicos en acto de inauguraci\u00f3n del centro de atenci\u00f3n\" width=\"696\" height=\"464\" srcset=\"https:\/\/www.fiscalia.gov.co\/colombia\/wp-content\/uploads\/CAF-Ipiales-1-1024x682.jpeg 1024w, https:\/\/www.fiscalia.gov.co\/colombia\/wp-content\/uploads\/CAF-Ipiales-1-300x200.jpeg 300w, https:\/\/www.fiscalia.gov.co\/colombia\/wp-content\/uploads\/CAF-Ipiales-1-768x512.jpeg 768w, https:\/\/www.fiscalia.gov.co\/colombia\/wp-content\/uploads\/CAF-Ipiales-1-630x420.jpeg 630w, https:\/\/www.fiscalia.gov.co\/colombia\/wp-content\/uploads\/CAF-Ipiales-1-696x464.jpeg 696w, https:\/\/www.fiscalia.gov.co\/colombia\/wp-content\/uploads\/CAF-Ipiales-1-1068x712.jpeg 1068w, https:\/\/www.fiscalia.gov.co\/colombia\/wp-content\/uploads\/CAF-Ipiales-1.jpeg 1280w\" sizes=\"auto, (max-width: 696px) 100vw, 696px\" \/><figcaption id=\"caption-attachment-330071\" class=\"wp-caption-text\">Centro de Atenci\u00f3n de la Fiscal\u00eda en Ipiales, Nari\u00f1o.<\/figcaption><\/figure>\n<p>Con el prop\u00f3sito de fortalecer y asegurar el acceso a la justicia y la atenci\u00f3n integral a las v\u00edctimas de delitos, entr\u00f3 en funcionamiento el <strong>Centro de Atenci\u00f3n de Fiscal\u00eda (CAF)<\/strong>, en Ipiales (Nari\u00f1o).<\/p>\n<p>\u201cEstamos aqu\u00ed en Ipiales para garantizar que el <strong>acceso a la justicia<\/strong> no sea un ideal lejano o una promesa m\u00e1s, sino un derecho fundamental al alcance de todas las personas\u201d, asegur\u00f3 el vicefiscal General de la Naci\u00f3n, Gilberto Javier Guerrero D\u00edaz, en la puesta en funcionamiento del CAF.<\/p>\n<p>Este centro beneficiar\u00e1 tambi\u00e9n a los habitantes de municipios como Aldana, Contadero, C\u00f3rdoba, Cuaspud, Cumbal, Funes, Guachucal, Gualmat\u00e1n, Iles, Potos\u00ed, Puerres y Pupiales. All\u00ed se <strong>articular\u00e1n estrat\u00e9gicamente otras instituciones<\/strong> para brindar asistencia y acompa\u00f1amiento a todas las personas en la recepci\u00f3n de denuncias y orientaci\u00f3n de las v\u00edctimas.<\/p>\n<p>\u201cA veces resulta mucho m\u00e1s eficaz, edificante, constructivo y satisfactorio para la <strong>v\u00edctima recibir una atenci\u00f3n integral, evitando la revictimizaci\u00f3n,<\/strong> atendi\u00e9ndola con una cara amable, ofreci\u00e9ndole un portafolio de servicios y que ella sienta que el Estado est\u00e1 brid\u00e1ndole una protecci\u00f3n\u201d, asegur\u00f3 el vicefiscal General de la Naci\u00f3n.<\/p>\n<p>Este CAF es el primero inaugurado en Nari\u00f1o y cuenta con el equipo mobiliario adecuado y <strong>dispositivos tecnol\u00f3gicos necesarios para brindar un servicio efectivo<\/strong> a los usuarios que se han visto afectados por alg\u00fan delito.<\/p>\n<p>El equipo humano que atender\u00e1 a los usuarios est\u00e1 integrado por un grupo de fiscales, asistentes de despacho, investigadores del Cuerpo T\u00e9cnico de Investigaci\u00f3n (CTI) y de la Polic\u00eda Nacional; personal del Instituto Nacional de Medicina Legal y Ciencias Forenses, quienes garantizar\u00e1n la celeridad en los procesos, <strong>reduciendo los tiempos de investigaci\u00f3n y aplicando mecanismos de justicia restaurativa.<\/strong><\/p>\n<p>Los servidores de la Fiscal\u00eda estar\u00e1n<strong> apoyados por integrantes de la Polic\u00eda de Cauca<\/strong>, un servidor de Derechos Humanos de la Gobernaci\u00f3n Nari\u00f1o, un gestor de recepci\u00f3n de denuncias de la Alcald\u00eda de Ipiales, dos sic\u00f3logos del Instituto Colombiano de Bienestar Familiar (ICBF) y un representante de v\u00edctimas de la Defensor\u00eda del Pueblo.<\/p>\n<p>El vicefiscal General de la Naci\u00f3n, Gilberto Javier Guerrero D\u00edaz, puso en funcionamiento este nuevo espacio en compa\u00f1\u00eda de la delegada para la Seguridad Territorial, Deicy Jaramillo Rivera; el director Seccional de Nari\u00f1o, Juan Pablo Guerrero Gomezjurado, magistrados de la regi\u00f3n, entre otros representantes de entidades del orden nacional, regional y local.<\/p>\n<p>&nbsp;<\/p>\n<p>&nbsp;<\/p>\n<p>&nbsp;<\/p>\n<p>&nbsp;<\/p>\n<p>&nbsp;<\/p>\n<p>MAP\/JGPV\/JPGG\/DSN\/AMCJ\/<\/p>\n<p>&nbsp;<\/p>\n<p>&nbsp;<\/p>\n<p>&nbsp;<\/p>\n<p>&nbsp;<\/p>\n<p>&nbsp;<\/p>\n<div class=\"td-post-content tagdiv-type\">\n<div class=\"td-post-content tagdiv-type\">\n<div class=\"td-post-content tagdiv-type\">\n<p><em>La informaci\u00f3n contenida en este bolet\u00edn de prensa corresponde a la narraci\u00f3n de los hechos noticiosos objetivos, y las investigaciones penales al interior de la Fiscal\u00eda General de la Naci\u00f3n. Para el momento de la divulgaci\u00f3n de este comunicado, la situaci\u00f3n jur\u00eddica de la(s) persona(s) relacionada(s) se encuentra pendiente de resolver por la autoridad judicial competente, siempre bajo los preceptos de la presunci\u00f3n de inocencia, consagrados en el art\u00edculo 29 de la Constituci\u00f3n Pol\u00edtica y el art\u00edculo 7\u00ba de la Ley 906 de 2004.<\/em><\/p>\n<\/div>\n<footer>\n<div class=\"td-post-source-tags\"><\/div>\n<div class=\"td-post-sharing-bottom\"><\/div>\n<\/footer>\n<\/div>\n<footer>\n<div class=\"td-post-source-tags\"><\/div>\n<div class=\"td-post-sharing-bottom\"><\/div>\n<\/footer>\n<\/div>\n<footer>\n<div class=\"td-post-source-tags\"><\/div>\n<div class=\"td-post-sharing-bottom\"><\/div>\n<\/footer>\n\n<div class=\"twitter-share\"><a href=\"https:\/\/twitter.com\/intent\/tweet?via=fiscaliacol\" class=\"twitter-share-button\">Tweet<\/a><\/div>\n","protected":false},"excerpt":{"rendered":"<p>M\u00e1s de 120 mil habitantes del suroriente de Nari\u00f1o se beneficiar\u00e1n con los servicios de este espacio. Con el prop\u00f3sito de fortalecer y asegurar el acceso a la justicia y la atenci\u00f3n integral a las v\u00edctimas de delitos, entr\u00f3 en funcionamiento el Centro de Atenci\u00f3n de Fiscal\u00eda (CAF), en Ipiales (Nari\u00f1o). \u201cEstamos aqu\u00ed en Ipiales [&hellip;]<\/p>\n","protected":false},"author":177,"featured_media":0,"comment_status":"closed","ping_status":"open","sticky":false,"template":"","format":"standard","meta":{"tdm_status":"","tdm_grid_status":"","footnotes":""},"categories":[1,334,303],"tags":[2666,30014,40675,39444,45,15524,37492,1047,16727,3049,24004,23972,40845],"class_list":{"0":"post-330063","1":"post","2":"type-post","3":"status-publish","4":"format-standard","6":"category-noticias","7":"category-seccional-pasto","8":"category-seccionales","9":"tag-alcaldia","10":"tag-atencion-integral","11":"tag-caf","12":"tag-centro-de-atencion-de-la-fiscalia","13":"tag-cti","14":"tag-defensoria-del-pueblo","15":"tag-fiscal-luz-adriana-camargo","16":"tag-fiscalia-general-de-la-nacion","17":"tag-gobernacion-de-narino","18":"tag-icbf","19":"tag-ipiales-narino","20":"tag-policia","21":"tag-revictimizacion"},"yoast_head":"<!-- This site is optimized with the Yoast SEO plugin v24.3 - https:\/\/yoast.com\/wordpress\/plugins\/seo\/ -->\n<title>Fiscal\u00eda General de la Naci\u00f3n<\/title>\n<meta name=\"description\" content=\"P\u00e1gina oficial de la Fiscal\u00eda General de la Naci\u00f3n \u2013 Colombia. Garantizamos el acceso efectivo a la justicia, la verdad y la reparaci\u00f3n de las v\u00edctimas de los delitos.\" \/>\n<meta name=\"robots\" content=\"noindex, follow\" \/>\n<meta property=\"og:locale\" content=\"es_ES\" \/>\n<meta property=\"og:type\" content=\"article\" \/>\n<meta property=\"og:title\" content=\"Fiscal\u00eda General de la Naci\u00f3n\" \/>\n<meta property=\"og:description\" content=\"P\u00e1gina oficial de la Fiscal\u00eda General de la Naci\u00f3n \u2013 Colombia. Garantizamos el acceso efectivo a la justicia, la verdad y la reparaci\u00f3n de las v\u00edctimas de los delitos.\" \/>\n<meta property=\"og:url\" content=\"https:\/\/www.fiscalia.gov.co\/colombia\/noticias\/en-servicio-de-la-ciudadania-nuevo-centro-de-atencion-de-la-fiscalia-en-ipiales-narino\/\" \/>\n<meta property=\"og:site_name\" content=\"Fiscal\u00eda General de la Naci\u00f3n\" \/>\n<meta property=\"article:publisher\" content=\"https:\/\/www.facebook.com\/FiscaliaCol\" \/>\n<meta property=\"article:published_time\" content=\"2026-01-23T15:39:53+00:00\" \/>\n<meta property=\"og:image\" content=\"https:\/\/www.fiscalia.gov.co\/colombia\/wp-content\/uploads\/CAF-Ipiales-1.jpeg\" \/>\n\t<meta property=\"og:image:width\" content=\"1280\" \/>\n\t<meta property=\"og:image:height\" content=\"853\" \/>\n\t<meta property=\"og:image:type\" content=\"image\/jpeg\" \/>\n<meta name=\"author\" content=\"Jordan Leandro Oviedo Anzola\" \/>\n<meta name=\"twitter:card\" content=\"summary_large_image\" \/>\n<meta name=\"twitter:creator\" content=\"@FiscaliaCol\" \/>\n<meta name=\"twitter:site\" content=\"@FiscaliaCol\" \/>\n<meta name=\"twitter:label1\" content=\"Escrito por\" \/>\n\t<meta name=\"twitter:data1\" content=\"Jordan Leandro Oviedo Anzola\" \/>\n\t<meta name=\"twitter:label2\" content=\"Tiempo de lectura\" \/>\n\t<meta name=\"twitter:data2\" content=\"3 minutos\" \/>\n<script type=\"application\/ld+json\" class=\"yoast-schema-graph\">{\"@context\":\"https:\/\/schema.org\",\"@graph\":[{\"@type\":\"Article\",\"@id\":\"https:\/\/www.fiscalia.gov.co\/colombia\/noticias\/en-servicio-de-la-ciudadania-nuevo-centro-de-atencion-de-la-fiscalia-en-ipiales-narino\/#article\",\"isPartOf\":{\"@id\":\"https:\/\/www.fiscalia.gov.co\/colombia\/noticias\/en-servicio-de-la-ciudadania-nuevo-centro-de-atencion-de-la-fiscalia-en-ipiales-narino\/\"},\"author\":{\"name\":\"Jordan Leandro Oviedo Anzola\",\"@id\":\"https:\/\/www.fiscalia.gov.co\/colombia\/#\/schema\/person\/bf84402cf293a5393e9c70b111020b24\"},\"headline\":\"En servicio de la ciudadan\u00eda nuevo Centro de Atenci\u00f3n de la Fiscal\u00eda en Ipiales (Nari\u00f1o)\",\"datePublished\":\"2026-01-23T15:39:53+00:00\",\"dateModified\":\"2026-01-23T15:39:53+00:00\",\"mainEntityOfPage\":{\"@id\":\"https:\/\/www.fiscalia.gov.co\/colombia\/noticias\/en-servicio-de-la-ciudadania-nuevo-centro-de-atencion-de-la-fiscalia-en-ipiales-narino\/\"},\"wordCount\":595,\"publisher\":{\"@id\":\"https:\/\/www.fiscalia.gov.co\/colombia\/#organization\"},\"image\":{\"@id\":\"https:\/\/www.fiscalia.gov.co\/colombia\/noticias\/en-servicio-de-la-ciudadania-nuevo-centro-de-atencion-de-la-fiscalia-en-ipiales-narino\/#primaryimage\"},\"thumbnailUrl\":\"https:\/\/www.fiscalia.gov.co\/colombia\/wp-content\/uploads\/CAF-Ipiales-1-1024x682.jpeg\",\"keywords\":[\"Alcald\u00eda\",\"atenci\u00f3n integral\",\"CAF\",\"Centro de Atenci\u00f3n de la Fiscal\u00eda\",\"CTI\",\"Defensor\u00eda del Pueblo\",\"Fiscal Luz Adriana Camargo\",\"Fiscal\u00eda General de la Naci\u00f3n\",\"Gobernaci\u00f3n de Nari\u00f1o\",\"ICBF\",\"Ipiales (Nari\u00f1o)\",\"Polic\u00eda\",\"revictimizaci\u00f3n\"],\"articleSection\":[\"Noticias\",\"Seccional Pasto\",\"Seccionales\"],\"inLanguage\":\"es-CO\"},{\"@type\":\"WebPage\",\"@id\":\"https:\/\/www.fiscalia.gov.co\/colombia\/noticias\/en-servicio-de-la-ciudadania-nuevo-centro-de-atencion-de-la-fiscalia-en-ipiales-narino\/\",\"url\":\"https:\/\/www.fiscalia.gov.co\/colombia\/noticias\/en-servicio-de-la-ciudadania-nuevo-centro-de-atencion-de-la-fiscalia-en-ipiales-narino\/\",\"name\":\"Fiscal\u00eda General de la Naci\u00f3n\",\"isPartOf\":{\"@id\":\"https:\/\/www.fiscalia.gov.co\/colombia\/#website\"},\"primaryImageOfPage\":{\"@id\":\"https:\/\/www.fiscalia.gov.co\/colombia\/noticias\/en-servicio-de-la-ciudadania-nuevo-centro-de-atencion-de-la-fiscalia-en-ipiales-narino\/#primaryimage\"},\"image\":{\"@id\":\"https:\/\/www.fiscalia.gov.co\/colombia\/noticias\/en-servicio-de-la-ciudadania-nuevo-centro-de-atencion-de-la-fiscalia-en-ipiales-narino\/#primaryimage\"},\"thumbnailUrl\":\"https:\/\/www.fiscalia.gov.co\/colombia\/wp-content\/uploads\/CAF-Ipiales-1-1024x682.jpeg\",\"datePublished\":\"2026-01-23T15:39:53+00:00\",\"dateModified\":\"2026-01-23T15:39:53+00:00\",\"description\":\"P\u00e1gina oficial de la Fiscal\u00eda General de la Naci\u00f3n \u2013 Colombia. Garantizamos el acceso efectivo a la justicia, la verdad y la reparaci\u00f3n de las v\u00edctimas de los delitos.\",\"breadcrumb\":{\"@id\":\"https:\/\/www.fiscalia.gov.co\/colombia\/noticias\/en-servicio-de-la-ciudadania-nuevo-centro-de-atencion-de-la-fiscalia-en-ipiales-narino\/#breadcrumb\"},\"inLanguage\":\"es-CO\",\"potentialAction\":[{\"@type\":\"ReadAction\",\"target\":[\"https:\/\/www.fiscalia.gov.co\/colombia\/noticias\/en-servicio-de-la-ciudadania-nuevo-centro-de-atencion-de-la-fiscalia-en-ipiales-narino\/\"]}]},{\"@type\":\"ImageObject\",\"inLanguage\":\"es-CO\",\"@id\":\"https:\/\/www.fiscalia.gov.co\/colombia\/noticias\/en-servicio-de-la-ciudadania-nuevo-centro-de-atencion-de-la-fiscalia-en-ipiales-narino\/#primaryimage\",\"url\":\"https:\/\/www.fiscalia.gov.co\/colombia\/wp-content\/uploads\/CAF-Ipiales-1.jpeg\",\"contentUrl\":\"https:\/\/www.fiscalia.gov.co\/colombia\/wp-content\/uploads\/CAF-Ipiales-1.jpeg\",\"width\":1280,\"height\":853,\"caption\":\"Centro de Atenci\u00f3n de la Fiscal\u00eda en Ipiales, Nari\u00f1o.\"},{\"@type\":\"BreadcrumbList\",\"@id\":\"https:\/\/www.fiscalia.gov.co\/colombia\/noticias\/en-servicio-de-la-ciudadania-nuevo-centro-de-atencion-de-la-fiscalia-en-ipiales-narino\/#breadcrumb\",\"itemListElement\":[{\"@type\":\"ListItem\",\"position\":1,\"name\":\"Home\",\"item\":\"https:\/\/www.fiscalia.gov.co\/colombia\/\"},{\"@type\":\"ListItem\",\"position\":2,\"name\":\"En servicio de la ciudadan\u00eda nuevo Centro de Atenci\u00f3n de la Fiscal\u00eda en Ipiales (Nari\u00f1o)\"}]},{\"@type\":\"WebSite\",\"@id\":\"https:\/\/www.fiscalia.gov.co\/colombia\/#website\",\"url\":\"https:\/\/www.fiscalia.gov.co\/colombia\/\",\"name\":\"Fiscal\u00eda General de la Naci\u00f3n\",\"description\":\"P\u00e1gina oficial de la Fiscal\u00eda General de la Naci\u00f3n \u2013 Colombia. Garantizamos el acceso efectivo a la justicia, la verdad y la reparaci\u00f3n de las v\u00edctimas de los delitos.\",\"publisher\":{\"@id\":\"https:\/\/www.fiscalia.gov.co\/colombia\/#organization\"},\"potentialAction\":[{\"@type\":\"SearchAction\",\"target\":{\"@type\":\"EntryPoint\",\"urlTemplate\":\"https:\/\/www.fiscalia.gov.co\/colombia\/?s={search_term_string}\"},\"query-input\":{\"@type\":\"PropertyValueSpecification\",\"valueRequired\":true,\"valueName\":\"search_term_string\"}}],\"inLanguage\":\"es-CO\"},{\"@type\":\"Organization\",\"@id\":\"https:\/\/www.fiscalia.gov.co\/colombia\/#organization\",\"name\":\"Fiscal\u00eda General de la Naci\u00f3n\",\"url\":\"https:\/\/www.fiscalia.gov.co\/colombia\/\",\"logo\":{\"@type\":\"ImageObject\",\"inLanguage\":\"es-CO\",\"@id\":\"https:\/\/www.fiscalia.gov.co\/colombia\/#\/schema\/logo\/image\/\",\"url\":\"https:\/\/www.fiscalia.gov.co\/colombia\/wp-content\/uploads\/LogoHorizontal_1.jpg\",\"contentUrl\":\"https:\/\/www.fiscalia.gov.co\/colombia\/wp-content\/uploads\/LogoHorizontal_1.jpg\",\"width\":300,\"height\":90,\"caption\":\"Fiscal\u00eda General de la Naci\u00f3n\"},\"image\":{\"@id\":\"https:\/\/www.fiscalia.gov.co\/colombia\/#\/schema\/logo\/image\/\"},\"sameAs\":[\"https:\/\/www.facebook.com\/FiscaliaCol\",\"https:\/\/x.com\/FiscaliaCol\",\"https:\/\/www.instagram.com\/fiscaliacol\",\"https:\/\/www.linkedin.com\/company\/fiscalia-general-de-la-naci-n\/\",\"https:\/\/youtube.com\/@fiscaliageneraldelanacion-4668?si=6nN79nyQICPU5iTh\"]},{\"@type\":\"Person\",\"@id\":\"https:\/\/www.fiscalia.gov.co\/colombia\/#\/schema\/person\/bf84402cf293a5393e9c70b111020b24\",\"name\":\"Jordan Leandro Oviedo Anzola\",\"image\":{\"@type\":\"ImageObject\",\"inLanguage\":\"es-CO\",\"@id\":\"https:\/\/www.fiscalia.gov.co\/colombia\/#\/schema\/person\/image\/\",\"url\":\"https:\/\/secure.gravatar.com\/avatar\/dabba4346fa9b9207d96adafa8f92721?s=96&d=mm&r=g\",\"contentUrl\":\"https:\/\/secure.gravatar.com\/avatar\/dabba4346fa9b9207d96adafa8f92721?s=96&d=mm&r=g\",\"caption\":\"Jordan Leandro Oviedo Anzola\"},\"url\":\"https:\/\/www.fiscalia.gov.co\/colombia\/author\/joviedo\/\"}]}<\/script>\n<!-- \/ Yoast SEO plugin. -->","yoast_head_json":{"title":"Fiscal\u00eda General de la Naci\u00f3n","description":"P\u00e1gina oficial de la Fiscal\u00eda General de la Naci\u00f3n \u2013 Colombia. Garantizamos el acceso efectivo a la justicia, la verdad y la reparaci\u00f3n de las v\u00edctimas de los delitos.","robots":{"index":"noindex","follow":"follow"},"og_locale":"es_ES","og_type":"article","og_title":"Fiscal\u00eda General de la Naci\u00f3n","og_description":"P\u00e1gina oficial de la Fiscal\u00eda General de la Naci\u00f3n \u2013 Colombia. Garantizamos el acceso efectivo a la justicia, la verdad y la reparaci\u00f3n de las v\u00edctimas de los delitos.","og_url":"https:\/\/www.fiscalia.gov.co\/colombia\/noticias\/en-servicio-de-la-ciudadania-nuevo-centro-de-atencion-de-la-fiscalia-en-ipiales-narino\/","og_site_name":"Fiscal\u00eda General de la Naci\u00f3n","article_publisher":"https:\/\/www.facebook.com\/FiscaliaCol","article_published_time":"2026-01-23T15:39:53+00:00","og_image":[{"width":1280,"height":853,"url":"https:\/\/www.fiscalia.gov.co\/colombia\/wp-content\/uploads\/CAF-Ipiales-1.jpeg","type":"image\/jpeg"}],"author":"Jordan Leandro Oviedo Anzola","twitter_card":"summary_large_image","twitter_creator":"@FiscaliaCol","twitter_site":"@FiscaliaCol","twitter_misc":{"Escrito por":"Jordan Leandro Oviedo Anzola","Tiempo de lectura":"3 minutos"},"schema":{"@context":"https:\/\/schema.org","@graph":[{"@type":"Article","@id":"https:\/\/www.fiscalia.gov.co\/colombia\/noticias\/en-servicio-de-la-ciudadania-nuevo-centro-de-atencion-de-la-fiscalia-en-ipiales-narino\/#article","isPartOf":{"@id":"https:\/\/www.fiscalia.gov.co\/colombia\/noticias\/en-servicio-de-la-ciudadania-nuevo-centro-de-atencion-de-la-fiscalia-en-ipiales-narino\/"},"author":{"name":"Jordan Leandro Oviedo Anzola","@id":"https:\/\/www.fiscalia.gov.co\/colombia\/#\/schema\/person\/bf84402cf293a5393e9c70b111020b24"},"headline":"En servicio de la ciudadan\u00eda nuevo Centro de Atenci\u00f3n de la Fiscal\u00eda en Ipiales (Nari\u00f1o)","datePublished":"2026-01-23T15:39:53+00:00","dateModified":"2026-01-23T15:39:53+00:00","mainEntityOfPage":{"@id":"https:\/\/www.fiscalia.gov.co\/colombia\/noticias\/en-servicio-de-la-ciudadania-nuevo-centro-de-atencion-de-la-fiscalia-en-ipiales-narino\/"},"wordCount":595,"publisher":{"@id":"https:\/\/www.fiscalia.gov.co\/colombia\/#organization"},"image":{"@id":"https:\/\/www.fiscalia.gov.co\/colombia\/noticias\/en-servicio-de-la-ciudadania-nuevo-centro-de-atencion-de-la-fiscalia-en-ipiales-narino\/#primaryimage"},"thumbnailUrl":"https:\/\/www.fiscalia.gov.co\/colombia\/wp-content\/uploads\/CAF-Ipiales-1-1024x682.jpeg","keywords":["Alcald\u00eda","atenci\u00f3n integral","CAF","Centro de Atenci\u00f3n de la Fiscal\u00eda","CTI","Defensor\u00eda del Pueblo","Fiscal Luz Adriana Camargo","Fiscal\u00eda General de la Naci\u00f3n","Gobernaci\u00f3n de Nari\u00f1o","ICBF","Ipiales (Nari\u00f1o)","Polic\u00eda","revictimizaci\u00f3n"],"articleSection":["Noticias","Seccional Pasto","Seccionales"],"inLanguage":"es-CO"},{"@type":"WebPage","@id":"https:\/\/www.fiscalia.gov.co\/colombia\/noticias\/en-servicio-de-la-ciudadania-nuevo-centro-de-atencion-de-la-fiscalia-en-ipiales-narino\/","url":"https:\/\/www.fiscalia.gov.co\/colombia\/noticias\/en-servicio-de-la-ciudadania-nuevo-centro-de-atencion-de-la-fiscalia-en-ipiales-narino\/","name":"Fiscal\u00eda General de la Naci\u00f3n","isPartOf":{"@id":"https:\/\/www.fiscalia.gov.co\/colombia\/#website"},"primaryImageOfPage":{"@id":"https:\/\/www.fiscalia.gov.co\/colombia\/noticias\/en-servicio-de-la-ciudadania-nuevo-centro-de-atencion-de-la-fiscalia-en-ipiales-narino\/#primaryimage"},"image":{"@id":"https:\/\/www.fiscalia.gov.co\/colombia\/noticias\/en-servicio-de-la-ciudadania-nuevo-centro-de-atencion-de-la-fiscalia-en-ipiales-narino\/#primaryimage"},"thumbnailUrl":"https:\/\/www.fiscalia.gov.co\/colombia\/wp-content\/uploads\/CAF-Ipiales-1-1024x682.jpeg","datePublished":"2026-01-23T15:39:53+00:00","dateModified":"2026-01-23T15:39:53+00:00","description":"P\u00e1gina oficial de la Fiscal\u00eda General de la Naci\u00f3n \u2013 Colombia. Garantizamos el acceso efectivo a la justicia, la verdad y la reparaci\u00f3n de las v\u00edctimas de los delitos.","breadcrumb":{"@id":"https:\/\/www.fiscalia.gov.co\/colombia\/noticias\/en-servicio-de-la-ciudadania-nuevo-centro-de-atencion-de-la-fiscalia-en-ipiales-narino\/#breadcrumb"},"inLanguage":"es-CO","potentialAction":[{"@type":"ReadAction","target":["https:\/\/www.fiscalia.gov.co\/colombia\/noticias\/en-servicio-de-la-ciudadania-nuevo-centro-de-atencion-de-la-fiscalia-en-ipiales-narino\/"]}]},{"@type":"ImageObject","inLanguage":"es-CO","@id":"https:\/\/www.fiscalia.gov.co\/colombia\/noticias\/en-servicio-de-la-ciudadania-nuevo-centro-de-atencion-de-la-fiscalia-en-ipiales-narino\/#primaryimage","url":"https:\/\/www.fiscalia.gov.co\/colombia\/wp-content\/uploads\/CAF-Ipiales-1.jpeg","contentUrl":"https:\/\/www.fiscalia.gov.co\/colombia\/wp-content\/uploads\/CAF-Ipiales-1.jpeg","width":1280,"height":853,"caption":"Centro de Atenci\u00f3n de la Fiscal\u00eda en Ipiales, Nari\u00f1o."},{"@type":"BreadcrumbList","@id":"https:\/\/www.fiscalia.gov.co\/colombia\/noticias\/en-servicio-de-la-ciudadania-nuevo-centro-de-atencion-de-la-fiscalia-en-ipiales-narino\/#breadcrumb","itemListElement":[{"@type":"ListItem","position":1,"name":"Home","item":"https:\/\/www.fiscalia.gov.co\/colombia\/"},{"@type":"ListItem","position":2,"name":"En servicio de la ciudadan\u00eda nuevo Centro de Atenci\u00f3n de la Fiscal\u00eda en Ipiales (Nari\u00f1o)"}]},{"@type":"WebSite","@id":"https:\/\/www.fiscalia.gov.co\/colombia\/#website","url":"https:\/\/www.fiscalia.gov.co\/colombia\/","name":"Fiscal\u00eda General de la Naci\u00f3n","description":"P\u00e1gina oficial de la Fiscal\u00eda General de la Naci\u00f3n \u2013 Colombia. Garantizamos el acceso efectivo a la justicia, la verdad y la reparaci\u00f3n de las v\u00edctimas de los delitos.","publisher":{"@id":"https:\/\/www.fiscalia.gov.co\/colombia\/#organization"},"potentialAction":[{"@type":"SearchAction","target":{"@type":"EntryPoint","urlTemplate":"https:\/\/www.fiscalia.gov.co\/colombia\/?s={search_term_string}"},"query-input":{"@type":"PropertyValueSpecification","valueRequired":true,"valueName":"search_term_string"}}],"inLanguage":"es-CO"},{"@type":"Organization","@id":"https:\/\/www.fiscalia.gov.co\/colombia\/#organization","name":"Fiscal\u00eda General de la Naci\u00f3n","url":"https:\/\/www.fiscalia.gov.co\/colombia\/","logo":{"@type":"ImageObject","inLanguage":"es-CO","@id":"https:\/\/www.fiscalia.gov.co\/colombia\/#\/schema\/logo\/image\/","url":"https:\/\/www.fiscalia.gov.co\/colombia\/wp-content\/uploads\/LogoHorizontal_1.jpg","contentUrl":"https:\/\/www.fiscalia.gov.co\/colombia\/wp-content\/uploads\/LogoHorizontal_1.jpg","width":300,"height":90,"caption":"Fiscal\u00eda General de la Naci\u00f3n"},"image":{"@id":"https:\/\/www.fiscalia.gov.co\/colombia\/#\/schema\/logo\/image\/"},"sameAs":["https:\/\/www.facebook.com\/FiscaliaCol","https:\/\/x.com\/FiscaliaCol","https:\/\/www.instagram.com\/fiscaliacol","https:\/\/www.linkedin.com\/company\/fiscalia-general-de-la-naci-n\/","https:\/\/youtube.com\/@fiscaliageneraldelanacion-4668?si=6nN79nyQICPU5iTh"]},{"@type":"Person","@id":"https:\/\/www.fiscalia.gov.co\/colombia\/#\/schema\/person\/bf84402cf293a5393e9c70b111020b24","name":"Jordan Leandro Oviedo Anzola","image":{"@type":"ImageObject","inLanguage":"es-CO","@id":"https:\/\/www.fiscalia.gov.co\/colombia\/#\/schema\/person\/image\/","url":"https:\/\/secure.gravatar.com\/avatar\/dabba4346fa9b9207d96adafa8f92721?s=96&d=mm&r=g","contentUrl":"https:\/\/secure.gravatar.com\/avatar\/dabba4346fa9b9207d96adafa8f92721?s=96&d=mm&r=g","caption":"Jordan Leandro Oviedo Anzola"},"url":"https:\/\/www.fiscalia.gov.co\/colombia\/author\/joviedo\/"}]}},"_links":{"self":[{"href":"https:\/\/www.fiscalia.gov.co\/colombia\/wp-json\/wp\/v2\/posts\/330063","targetHints":{"allow":["GET"]}}],"collection":[{"href":"https:\/\/www.fiscalia.gov.co\/colombia\/wp-json\/wp\/v2\/posts"}],"about":[{"href":"https:\/\/www.fiscalia.gov.co\/colombia\/wp-json\/wp\/v2\/types\/post"}],"author":[{"embeddable":true,"href":"https:\/\/www.fiscalia.gov.co\/colombia\/wp-json\/wp\/v2\/users\/177"}],"replies":[{"embeddable":true,"href":"https:\/\/www.fiscalia.gov.co\/colombia\/wp-json\/wp\/v2\/comments?post=330063"}],"version-history":[{"count":1,"href":"https:\/\/www.fiscalia.gov.co\/colombia\/wp-json\/wp\/v2\/posts\/330063\/revisions"}],"predecessor-version":[{"id":330072,"href":"https:\/\/www.fiscalia.gov.co\/colombia\/wp-json\/wp\/v2\/posts\/330063\/revisions\/330072"}],"wp:attachment":[{"href":"https:\/\/www.fiscalia.gov.co\/colombia\/wp-json\/wp\/v2\/media?parent=330063"}],"wp:term":[{"taxonomy":"category","embeddable":true,"href":"https:\/\/www.fiscalia.gov.co\/colombia\/wp-json\/wp\/v2\/categories?post=330063"},{"taxonomy":"post_tag","embeddable":true,"href":"https:\/\/www.fiscalia.gov.co\/colombia\/wp-json\/wp\/v2\/tags?post=330063"}],"curies":[{"name":"wp","href":"https:\/\/api.w.org\/{rel}","templated":true}]}}