{"id":329979,"date":"2026-01-22T11:12:04","date_gmt":"2026-01-22T16:12:04","guid":{"rendered":"https:\/\/www.fiscalia.gov.co\/colombia\/?p=329979"},"modified":"2026-01-22T11:17:52","modified_gmt":"2026-01-22T16:17:52","slug":"tres-hombres-senalados-de-participar-en-el-hurto-de-una-motocicleta-en-huila-fueron-enviados-a-la-carcel","status":"publish","type":"post","link":"https:\/\/www.fiscalia.gov.co\/colombia\/noticias\/tres-hombres-senalados-de-participar-en-el-hurto-de-una-motocicleta-en-huila-fueron-enviados-a-la-carcel\/","title":{"rendered":"Tres hombres se\u00f1alados de participar en el hurto de una motocicleta en Huila fueron enviados a la c\u00e1rcel"},"content":{"rendered":"<h4 style=\"text-align: center;\"><strong><em>Los procesados habr\u00edan instrumentalizado a un menor de edad para cometer la acci\u00f3n delincuencial.<\/em><\/strong><\/h4>\n<figure id=\"attachment_329980\" aria-describedby=\"caption-attachment-329980\" style=\"width: 696px\" class=\"wp-caption aligncenter\"><img loading=\"lazy\" decoding=\"async\" class=\"size-large wp-image-329980\" src=\"https:\/\/www.fiscalia.gov.co\/colombia\/wp-content\/uploads\/Caso-hurto-motocicleta-Palermo-Huila-1024x750.jpeg\" alt=\"En la foto aparecen los capturados de frente y custodiados por dos uniformados de la Polic\u00eda Nacional. De fondo aparece un backing de la Polic\u00eda Nacional y las motos incautadas.\" width=\"696\" height=\"510\" srcset=\"https:\/\/www.fiscalia.gov.co\/colombia\/wp-content\/uploads\/Caso-hurto-motocicleta-Palermo-Huila-1024x750.jpeg 1024w, https:\/\/www.fiscalia.gov.co\/colombia\/wp-content\/uploads\/Caso-hurto-motocicleta-Palermo-Huila-300x220.jpeg 300w, https:\/\/www.fiscalia.gov.co\/colombia\/wp-content\/uploads\/Caso-hurto-motocicleta-Palermo-Huila-768x562.jpeg 768w, https:\/\/www.fiscalia.gov.co\/colombia\/wp-content\/uploads\/Caso-hurto-motocicleta-Palermo-Huila-574x420.jpeg 574w, https:\/\/www.fiscalia.gov.co\/colombia\/wp-content\/uploads\/Caso-hurto-motocicleta-Palermo-Huila-80x60.jpeg 80w, https:\/\/www.fiscalia.gov.co\/colombia\/wp-content\/uploads\/Caso-hurto-motocicleta-Palermo-Huila-696x510.jpeg 696w, https:\/\/www.fiscalia.gov.co\/colombia\/wp-content\/uploads\/Caso-hurto-motocicleta-Palermo-Huila-1068x782.jpeg 1068w, https:\/\/www.fiscalia.gov.co\/colombia\/wp-content\/uploads\/Caso-hurto-motocicleta-Palermo-Huila.jpeg 1229w\" sizes=\"auto, (max-width: 696px) 100vw, 696px\" \/><figcaption id=\"caption-attachment-329980\" class=\"wp-caption-text\">Estos tres hombres fueron capturados en flagrancia por la Polic\u00eda Nacional. Durante el procedimiento fueron incautadas dos motocicletas.<\/figcaption><\/figure>\n<p>Por solicitud de la Fiscal\u00eda General de la Naci\u00f3n, un juez de control de garant\u00edas impuso medida de aseguramiento en centro carcelario a Brayan Stiven Rodr\u00edguez Ortiz, Harold Mauricio Garrido Rovira y Deimi Alejandro Vel\u00e1squez Patete, presuntos responsables del <strong>hurto de una motocicleta de alto cilindraje<\/strong> en la v\u00eda que de Rivera conduce a Palermo (Huila).<\/p>\n<p>Un fiscal adscrito a la Unidad de Reacci\u00f3n Inmediata (URI) de la Seccional (Huila), les imput\u00f3, de acuerdo con su responsabilidad individual, los <strong>delitos de hurto calificado y agravado<\/strong> y uso de menores de edad para la comisi\u00f3n de delitos. Cargos que los procesados no aceptaron.<\/p>\n<p>Los hechos ocurrieron el pasado 5 de enero,<strong> cuando una pareja se desplazaba en la motocicleta.<\/strong> A la altura del sector conocido como Casa Piedra, fueron abordados por dos de los imputados quienes, al parecer, los hicieron caer.<\/p>\n<p>Posteriormente, seis personas m\u00e1s, entre las que se encontraba un adolescente amedrantaron a las v\u00edctimas y se apoderaron del automotor.<strong> Una vez cometida la acci\u00f3n delincuencial huyeron del lugar.<\/strong><\/p>\n<p>Estos tres hombres fueron capturados en flagrancia por la Polic\u00eda Nacional. Durante el procedimiento fueron incautadas dos motocicletas.<\/p>\n<p>&nbsp;<\/p>\n<p>&nbsp;<\/p>\n<p>&nbsp;<\/p>\n<p>&nbsp;<\/p>\n<p>&nbsp;<\/p>\n<p>WAGG\/LMFO\/AMCJ\/JC\/JCFJ\/DSH<\/p>\n<p>&nbsp;<\/p>\n<p>&nbsp;<\/p>\n<p><em>La informaci\u00f3n contenida en este bolet\u00edn de prensa corresponde a la narraci\u00f3n de los hechos noticiosos objetivos, suministrados por los funcionarios encargados de adelantar las investigaciones penales al interior de la Fiscal\u00eda General de la Naci\u00f3n. Para el momento de la divulgaci\u00f3n de este comunicado, la situaci\u00f3n jur\u00eddica de la(s) persona(s) relacionada(s) se encuentra pendiente de resolver por la autoridad judicial competente, siempre bajo los preceptos de la presunci\u00f3n de inocencia, consagrados en el art\u00edculo 29 de la Constituci\u00f3n Pol\u00edtica y el art\u00edculo 7\u00ba de la Ley 906 de 2004.<\/em><\/p>\n<p>&nbsp;<\/p>\n\n<div class=\"twitter-share\"><a href=\"https:\/\/twitter.com\/intent\/tweet?via=fiscaliacol\" class=\"twitter-share-button\">Tweet<\/a><\/div>\n","protected":false},"excerpt":{"rendered":"<p>Los procesados habr\u00edan instrumentalizado a un menor de edad para cometer la acci\u00f3n delincuencial. Por solicitud de la Fiscal\u00eda General de la Naci\u00f3n, un juez de control de garant\u00edas impuso [&hellip;]<\/p>\n","protected":false},"author":177,"featured_media":0,"comment_status":"closed","ping_status":"open","sticky":false,"template":"","format":"standard","meta":{"tdm_status":"","tdm_grid_status":"","footnotes":""},"categories":[1,333,303],"tags":[41974,1047,16,23960,34135,25071,43662,1090,29775,31694,24485],"class_list":["post-329979","post","type-post","status-publish","format-standard","category-noticias","category-seccional-neiva","category-seccionales","tag-accion-delincuencial","tag-fiscalia-general-de-la-nacion","tag-huila","tag-hurto","tag-instrumentalizacion","tag-intramural","tag-medida-en-centro-carcelario","tag-motocicleta","tag-palermo","tag-palermo-huila","tag-seccional-huila"],"yoast_head":"<!-- This site is optimized with the Yoast SEO plugin v24.3 - https:\/\/yoast.com\/wordpress\/plugins\/seo\/ -->\n<title>Fiscal\u00eda General de la Naci\u00f3n<\/title>\n<meta name=\"description\" content=\"P\u00e1gina oficial de la Fiscal\u00eda General de la Naci\u00f3n \u2013 Colombia. Garantizamos el acceso efectivo a la justicia, la verdad y la reparaci\u00f3n de las v\u00edctimas de los delitos.\" \/>\n<meta name=\"robots\" content=\"noindex, follow\" \/>\n<meta property=\"og:locale\" content=\"es_ES\" \/>\n<meta property=\"og:type\" content=\"article\" \/>\n<meta property=\"og:title\" content=\"Fiscal\u00eda General de la Naci\u00f3n\" \/>\n<meta property=\"og:description\" content=\"P\u00e1gina oficial de la Fiscal\u00eda General de la Naci\u00f3n \u2013 Colombia. Garantizamos el acceso efectivo a la justicia, la verdad y la reparaci\u00f3n de las v\u00edctimas de los delitos.\" \/>\n<meta property=\"og:url\" content=\"https:\/\/www.fiscalia.gov.co\/colombia\/noticias\/tres-hombres-senalados-de-participar-en-el-hurto-de-una-motocicleta-en-huila-fueron-enviados-a-la-carcel\/\" \/>\n<meta property=\"og:site_name\" content=\"Fiscal\u00eda General de la Naci\u00f3n\" \/>\n<meta property=\"article:publisher\" content=\"https:\/\/www.facebook.com\/FiscaliaCol\" \/>\n<meta property=\"article:published_time\" content=\"2026-01-22T16:12:04+00:00\" \/>\n<meta property=\"article:modified_time\" content=\"2026-01-22T16:17:52+00:00\" \/>\n<meta property=\"og:image\" content=\"https:\/\/www.fiscalia.gov.co\/colombia\/wp-content\/uploads\/Caso-hurto-motocicleta-Palermo-Huila.jpeg\" \/>\n\t<meta property=\"og:image:width\" content=\"1229\" \/>\n\t<meta property=\"og:image:height\" content=\"900\" \/>\n\t<meta property=\"og:image:type\" content=\"image\/jpeg\" \/>\n<meta name=\"author\" content=\"Jordan Leandro Oviedo Anzola\" \/>\n<meta name=\"twitter:card\" content=\"summary_large_image\" \/>\n<meta name=\"twitter:creator\" content=\"@FiscaliaCol\" \/>\n<meta name=\"twitter:site\" content=\"@FiscaliaCol\" \/>\n<meta name=\"twitter:label1\" content=\"Escrito por\" \/>\n\t<meta name=\"twitter:data1\" content=\"Jordan Leandro Oviedo Anzola\" \/>\n\t<meta name=\"twitter:label2\" content=\"Tiempo de lectura\" \/>\n\t<meta name=\"twitter:data2\" content=\"2 minutos\" \/>\n<script type=\"application\/ld+json\" class=\"yoast-schema-graph\">{\"@context\":\"https:\/\/schema.org\",\"@graph\":[{\"@type\":\"Article\",\"@id\":\"https:\/\/www.fiscalia.gov.co\/colombia\/noticias\/tres-hombres-senalados-de-participar-en-el-hurto-de-una-motocicleta-en-huila-fueron-enviados-a-la-carcel\/#article\",\"isPartOf\":{\"@id\":\"https:\/\/www.fiscalia.gov.co\/colombia\/noticias\/tres-hombres-senalados-de-participar-en-el-hurto-de-una-motocicleta-en-huila-fueron-enviados-a-la-carcel\/\"},\"author\":{\"name\":\"Jordan Leandro Oviedo Anzola\",\"@id\":\"https:\/\/www.fiscalia.gov.co\/colombia\/#\/schema\/person\/bf84402cf293a5393e9c70b111020b24\"},\"headline\":\"Tres hombres se\u00f1alados de participar en el hurto de una motocicleta en Huila fueron enviados a la c\u00e1rcel\",\"datePublished\":\"2026-01-22T16:12:04+00:00\",\"dateModified\":\"2026-01-22T16:17:52+00:00\",\"mainEntityOfPage\":{\"@id\":\"https:\/\/www.fiscalia.gov.co\/colombia\/noticias\/tres-hombres-senalados-de-participar-en-el-hurto-de-una-motocicleta-en-huila-fueron-enviados-a-la-carcel\/\"},\"wordCount\":376,\"publisher\":{\"@id\":\"https:\/\/www.fiscalia.gov.co\/colombia\/#organization\"},\"image\":{\"@id\":\"https:\/\/www.fiscalia.gov.co\/colombia\/noticias\/tres-hombres-senalados-de-participar-en-el-hurto-de-una-motocicleta-en-huila-fueron-enviados-a-la-carcel\/#primaryimage\"},\"thumbnailUrl\":\"https:\/\/www.fiscalia.gov.co\/colombia\/wp-content\/uploads\/Caso-hurto-motocicleta-Palermo-Huila-1024x750.jpeg\",\"keywords\":[\"acci\u00f3n delincuencial\",\"Fiscal\u00eda General de la Naci\u00f3n\",\"Huila\",\"Hurto\",\"instrumentalizaci\u00f3n\",\"intramural\",\"medida en centro carcelario\",\"Motocicleta\",\"Palermo\",\"Palermo (Huila)\",\"Seccional Huila\"],\"articleSection\":[\"Noticias\",\"Seccional Neiva\",\"Seccionales\"],\"inLanguage\":\"es-CO\"},{\"@type\":\"WebPage\",\"@id\":\"https:\/\/www.fiscalia.gov.co\/colombia\/noticias\/tres-hombres-senalados-de-participar-en-el-hurto-de-una-motocicleta-en-huila-fueron-enviados-a-la-carcel\/\",\"url\":\"https:\/\/www.fiscalia.gov.co\/colombia\/noticias\/tres-hombres-senalados-de-participar-en-el-hurto-de-una-motocicleta-en-huila-fueron-enviados-a-la-carcel\/\",\"name\":\"Fiscal\u00eda General de la Naci\u00f3n\",\"isPartOf\":{\"@id\":\"https:\/\/www.fiscalia.gov.co\/colombia\/#website\"},\"primaryImageOfPage\":{\"@id\":\"https:\/\/www.fiscalia.gov.co\/colombia\/noticias\/tres-hombres-senalados-de-participar-en-el-hurto-de-una-motocicleta-en-huila-fueron-enviados-a-la-carcel\/#primaryimage\"},\"image\":{\"@id\":\"https:\/\/www.fiscalia.gov.co\/colombia\/noticias\/tres-hombres-senalados-de-participar-en-el-hurto-de-una-motocicleta-en-huila-fueron-enviados-a-la-carcel\/#primaryimage\"},\"thumbnailUrl\":\"https:\/\/www.fiscalia.gov.co\/colombia\/wp-content\/uploads\/Caso-hurto-motocicleta-Palermo-Huila-1024x750.jpeg\",\"datePublished\":\"2026-01-22T16:12:04+00:00\",\"dateModified\":\"2026-01-22T16:17:52+00:00\",\"description\":\"P\u00e1gina oficial de la Fiscal\u00eda General de la Naci\u00f3n \u2013 Colombia. Garantizamos el acceso efectivo a la justicia, la verdad y la reparaci\u00f3n de las v\u00edctimas de los delitos.\",\"breadcrumb\":{\"@id\":\"https:\/\/www.fiscalia.gov.co\/colombia\/noticias\/tres-hombres-senalados-de-participar-en-el-hurto-de-una-motocicleta-en-huila-fueron-enviados-a-la-carcel\/#breadcrumb\"},\"inLanguage\":\"es-CO\",\"potentialAction\":[{\"@type\":\"ReadAction\",\"target\":[\"https:\/\/www.fiscalia.gov.co\/colombia\/noticias\/tres-hombres-senalados-de-participar-en-el-hurto-de-una-motocicleta-en-huila-fueron-enviados-a-la-carcel\/\"]}]},{\"@type\":\"ImageObject\",\"inLanguage\":\"es-CO\",\"@id\":\"https:\/\/www.fiscalia.gov.co\/colombia\/noticias\/tres-hombres-senalados-de-participar-en-el-hurto-de-una-motocicleta-en-huila-fueron-enviados-a-la-carcel\/#primaryimage\",\"url\":\"https:\/\/www.fiscalia.gov.co\/colombia\/wp-content\/uploads\/Caso-hurto-motocicleta-Palermo-Huila.jpeg\",\"contentUrl\":\"https:\/\/www.fiscalia.gov.co\/colombia\/wp-content\/uploads\/Caso-hurto-motocicleta-Palermo-Huila.jpeg\",\"width\":1229,\"height\":900,\"caption\":\"Estos tres hombres fueron capturados en flagrancia por la Polic\u00eda Nacional. Durante el procedimiento fueron incautadas dos motocicletas.\"},{\"@type\":\"BreadcrumbList\",\"@id\":\"https:\/\/www.fiscalia.gov.co\/colombia\/noticias\/tres-hombres-senalados-de-participar-en-el-hurto-de-una-motocicleta-en-huila-fueron-enviados-a-la-carcel\/#breadcrumb\",\"itemListElement\":[{\"@type\":\"ListItem\",\"position\":1,\"name\":\"Home\",\"item\":\"https:\/\/www.fiscalia.gov.co\/colombia\/\"},{\"@type\":\"ListItem\",\"position\":2,\"name\":\"Tres hombres se\u00f1alados de participar en el hurto de una motocicleta en Huila fueron enviados a la c\u00e1rcel\"}]},{\"@type\":\"WebSite\",\"@id\":\"https:\/\/www.fiscalia.gov.co\/colombia\/#website\",\"url\":\"https:\/\/www.fiscalia.gov.co\/colombia\/\",\"name\":\"Fiscal\u00eda General de la Naci\u00f3n\",\"description\":\"P\u00e1gina oficial de la Fiscal\u00eda General de la Naci\u00f3n \u2013 Colombia. Garantizamos el acceso efectivo a la justicia, la verdad y la reparaci\u00f3n de las v\u00edctimas de los delitos.\",\"publisher\":{\"@id\":\"https:\/\/www.fiscalia.gov.co\/colombia\/#organization\"},\"potentialAction\":[{\"@type\":\"SearchAction\",\"target\":{\"@type\":\"EntryPoint\",\"urlTemplate\":\"https:\/\/www.fiscalia.gov.co\/colombia\/?s={search_term_string}\"},\"query-input\":{\"@type\":\"PropertyValueSpecification\",\"valueRequired\":true,\"valueName\":\"search_term_string\"}}],\"inLanguage\":\"es-CO\"},{\"@type\":\"Organization\",\"@id\":\"https:\/\/www.fiscalia.gov.co\/colombia\/#organization\",\"name\":\"Fiscal\u00eda General de la Naci\u00f3n\",\"url\":\"https:\/\/www.fiscalia.gov.co\/colombia\/\",\"logo\":{\"@type\":\"ImageObject\",\"inLanguage\":\"es-CO\",\"@id\":\"https:\/\/www.fiscalia.gov.co\/colombia\/#\/schema\/logo\/image\/\",\"url\":\"https:\/\/www.fiscalia.gov.co\/colombia\/wp-content\/uploads\/LogoHorizontal_1.jpg\",\"contentUrl\":\"https:\/\/www.fiscalia.gov.co\/colombia\/wp-content\/uploads\/LogoHorizontal_1.jpg\",\"width\":300,\"height\":90,\"caption\":\"Fiscal\u00eda General de la Naci\u00f3n\"},\"image\":{\"@id\":\"https:\/\/www.fiscalia.gov.co\/colombia\/#\/schema\/logo\/image\/\"},\"sameAs\":[\"https:\/\/www.facebook.com\/FiscaliaCol\",\"https:\/\/x.com\/FiscaliaCol\",\"https:\/\/www.instagram.com\/fiscaliacol\",\"https:\/\/www.linkedin.com\/company\/fiscalia-general-de-la-naci-n\/\",\"https:\/\/youtube.com\/@fiscaliageneraldelanacion-4668?si=6nN79nyQICPU5iTh\"]},{\"@type\":\"Person\",\"@id\":\"https:\/\/www.fiscalia.gov.co\/colombia\/#\/schema\/person\/bf84402cf293a5393e9c70b111020b24\",\"name\":\"Jordan Leandro Oviedo Anzola\",\"image\":{\"@type\":\"ImageObject\",\"inLanguage\":\"es-CO\",\"@id\":\"https:\/\/www.fiscalia.gov.co\/colombia\/#\/schema\/person\/image\/\",\"url\":\"https:\/\/secure.gravatar.com\/avatar\/dabba4346fa9b9207d96adafa8f92721?s=96&d=mm&r=g\",\"contentUrl\":\"https:\/\/secure.gravatar.com\/avatar\/dabba4346fa9b9207d96adafa8f92721?s=96&d=mm&r=g\",\"caption\":\"Jordan Leandro Oviedo Anzola\"},\"url\":\"https:\/\/www.fiscalia.gov.co\/colombia\/author\/joviedo\/\"}]}<\/script>\n<!-- \/ Yoast SEO plugin. -->","yoast_head_json":{"title":"Fiscal\u00eda General de la Naci\u00f3n","description":"P\u00e1gina oficial de la Fiscal\u00eda General de la Naci\u00f3n \u2013 Colombia. Garantizamos el acceso efectivo a la justicia, la verdad y la reparaci\u00f3n de las v\u00edctimas de los delitos.","robots":{"index":"noindex","follow":"follow"},"og_locale":"es_ES","og_type":"article","og_title":"Fiscal\u00eda General de la Naci\u00f3n","og_description":"P\u00e1gina oficial de la Fiscal\u00eda General de la Naci\u00f3n \u2013 Colombia. Garantizamos el acceso efectivo a la justicia, la verdad y la reparaci\u00f3n de las v\u00edctimas de los delitos.","og_url":"https:\/\/www.fiscalia.gov.co\/colombia\/noticias\/tres-hombres-senalados-de-participar-en-el-hurto-de-una-motocicleta-en-huila-fueron-enviados-a-la-carcel\/","og_site_name":"Fiscal\u00eda General de la Naci\u00f3n","article_publisher":"https:\/\/www.facebook.com\/FiscaliaCol","article_published_time":"2026-01-22T16:12:04+00:00","article_modified_time":"2026-01-22T16:17:52+00:00","og_image":[{"width":1229,"height":900,"url":"https:\/\/www.fiscalia.gov.co\/colombia\/wp-content\/uploads\/Caso-hurto-motocicleta-Palermo-Huila.jpeg","type":"image\/jpeg"}],"author":"Jordan Leandro Oviedo Anzola","twitter_card":"summary_large_image","twitter_creator":"@FiscaliaCol","twitter_site":"@FiscaliaCol","twitter_misc":{"Escrito por":"Jordan Leandro Oviedo Anzola","Tiempo de lectura":"2 minutos"},"schema":{"@context":"https:\/\/schema.org","@graph":[{"@type":"Article","@id":"https:\/\/www.fiscalia.gov.co\/colombia\/noticias\/tres-hombres-senalados-de-participar-en-el-hurto-de-una-motocicleta-en-huila-fueron-enviados-a-la-carcel\/#article","isPartOf":{"@id":"https:\/\/www.fiscalia.gov.co\/colombia\/noticias\/tres-hombres-senalados-de-participar-en-el-hurto-de-una-motocicleta-en-huila-fueron-enviados-a-la-carcel\/"},"author":{"name":"Jordan Leandro Oviedo Anzola","@id":"https:\/\/www.fiscalia.gov.co\/colombia\/#\/schema\/person\/bf84402cf293a5393e9c70b111020b24"},"headline":"Tres hombres se\u00f1alados de participar en el hurto de una motocicleta en Huila fueron enviados a la c\u00e1rcel","datePublished":"2026-01-22T16:12:04+00:00","dateModified":"2026-01-22T16:17:52+00:00","mainEntityOfPage":{"@id":"https:\/\/www.fiscalia.gov.co\/colombia\/noticias\/tres-hombres-senalados-de-participar-en-el-hurto-de-una-motocicleta-en-huila-fueron-enviados-a-la-carcel\/"},"wordCount":376,"publisher":{"@id":"https:\/\/www.fiscalia.gov.co\/colombia\/#organization"},"image":{"@id":"https:\/\/www.fiscalia.gov.co\/colombia\/noticias\/tres-hombres-senalados-de-participar-en-el-hurto-de-una-motocicleta-en-huila-fueron-enviados-a-la-carcel\/#primaryimage"},"thumbnailUrl":"https:\/\/www.fiscalia.gov.co\/colombia\/wp-content\/uploads\/Caso-hurto-motocicleta-Palermo-Huila-1024x750.jpeg","keywords":["acci\u00f3n delincuencial","Fiscal\u00eda General de la Naci\u00f3n","Huila","Hurto","instrumentalizaci\u00f3n","intramural","medida en centro carcelario","Motocicleta","Palermo","Palermo (Huila)","Seccional Huila"],"articleSection":["Noticias","Seccional Neiva","Seccionales"],"inLanguage":"es-CO"},{"@type":"WebPage","@id":"https:\/\/www.fiscalia.gov.co\/colombia\/noticias\/tres-hombres-senalados-de-participar-en-el-hurto-de-una-motocicleta-en-huila-fueron-enviados-a-la-carcel\/","url":"https:\/\/www.fiscalia.gov.co\/colombia\/noticias\/tres-hombres-senalados-de-participar-en-el-hurto-de-una-motocicleta-en-huila-fueron-enviados-a-la-carcel\/","name":"Fiscal\u00eda General de la Naci\u00f3n","isPartOf":{"@id":"https:\/\/www.fiscalia.gov.co\/colombia\/#website"},"primaryImageOfPage":{"@id":"https:\/\/www.fiscalia.gov.co\/colombia\/noticias\/tres-hombres-senalados-de-participar-en-el-hurto-de-una-motocicleta-en-huila-fueron-enviados-a-la-carcel\/#primaryimage"},"image":{"@id":"https:\/\/www.fiscalia.gov.co\/colombia\/noticias\/tres-hombres-senalados-de-participar-en-el-hurto-de-una-motocicleta-en-huila-fueron-enviados-a-la-carcel\/#primaryimage"},"thumbnailUrl":"https:\/\/www.fiscalia.gov.co\/colombia\/wp-content\/uploads\/Caso-hurto-motocicleta-Palermo-Huila-1024x750.jpeg","datePublished":"2026-01-22T16:12:04+00:00","dateModified":"2026-01-22T16:17:52+00:00","description":"P\u00e1gina oficial de la Fiscal\u00eda General de la Naci\u00f3n \u2013 Colombia. Garantizamos el acceso efectivo a la justicia, la verdad y la reparaci\u00f3n de las v\u00edctimas de los delitos.","breadcrumb":{"@id":"https:\/\/www.fiscalia.gov.co\/colombia\/noticias\/tres-hombres-senalados-de-participar-en-el-hurto-de-una-motocicleta-en-huila-fueron-enviados-a-la-carcel\/#breadcrumb"},"inLanguage":"es-CO","potentialAction":[{"@type":"ReadAction","target":["https:\/\/www.fiscalia.gov.co\/colombia\/noticias\/tres-hombres-senalados-de-participar-en-el-hurto-de-una-motocicleta-en-huila-fueron-enviados-a-la-carcel\/"]}]},{"@type":"ImageObject","inLanguage":"es-CO","@id":"https:\/\/www.fiscalia.gov.co\/colombia\/noticias\/tres-hombres-senalados-de-participar-en-el-hurto-de-una-motocicleta-en-huila-fueron-enviados-a-la-carcel\/#primaryimage","url":"https:\/\/www.fiscalia.gov.co\/colombia\/wp-content\/uploads\/Caso-hurto-motocicleta-Palermo-Huila.jpeg","contentUrl":"https:\/\/www.fiscalia.gov.co\/colombia\/wp-content\/uploads\/Caso-hurto-motocicleta-Palermo-Huila.jpeg","width":1229,"height":900,"caption":"Estos tres hombres fueron capturados en flagrancia por la Polic\u00eda Nacional. Durante el procedimiento fueron incautadas dos motocicletas."},{"@type":"BreadcrumbList","@id":"https:\/\/www.fiscalia.gov.co\/colombia\/noticias\/tres-hombres-senalados-de-participar-en-el-hurto-de-una-motocicleta-en-huila-fueron-enviados-a-la-carcel\/#breadcrumb","itemListElement":[{"@type":"ListItem","position":1,"name":"Home","item":"https:\/\/www.fiscalia.gov.co\/colombia\/"},{"@type":"ListItem","position":2,"name":"Tres hombres se\u00f1alados de participar en el hurto de una motocicleta en Huila fueron enviados a la c\u00e1rcel"}]},{"@type":"WebSite","@id":"https:\/\/www.fiscalia.gov.co\/colombia\/#website","url":"https:\/\/www.fiscalia.gov.co\/colombia\/","name":"Fiscal\u00eda General de la Naci\u00f3n","description":"P\u00e1gina oficial de la Fiscal\u00eda General de la Naci\u00f3n \u2013 Colombia. Garantizamos el acceso efectivo a la justicia, la verdad y la reparaci\u00f3n de las v\u00edctimas de los delitos.","publisher":{"@id":"https:\/\/www.fiscalia.gov.co\/colombia\/#organization"},"potentialAction":[{"@type":"SearchAction","target":{"@type":"EntryPoint","urlTemplate":"https:\/\/www.fiscalia.gov.co\/colombia\/?s={search_term_string}"},"query-input":{"@type":"PropertyValueSpecification","valueRequired":true,"valueName":"search_term_string"}}],"inLanguage":"es-CO"},{"@type":"Organization","@id":"https:\/\/www.fiscalia.gov.co\/colombia\/#organization","name":"Fiscal\u00eda General de la Naci\u00f3n","url":"https:\/\/www.fiscalia.gov.co\/colombia\/","logo":{"@type":"ImageObject","inLanguage":"es-CO","@id":"https:\/\/www.fiscalia.gov.co\/colombia\/#\/schema\/logo\/image\/","url":"https:\/\/www.fiscalia.gov.co\/colombia\/wp-content\/uploads\/LogoHorizontal_1.jpg","contentUrl":"https:\/\/www.fiscalia.gov.co\/colombia\/wp-content\/uploads\/LogoHorizontal_1.jpg","width":300,"height":90,"caption":"Fiscal\u00eda General de la Naci\u00f3n"},"image":{"@id":"https:\/\/www.fiscalia.gov.co\/colombia\/#\/schema\/logo\/image\/"},"sameAs":["https:\/\/www.facebook.com\/FiscaliaCol","https:\/\/x.com\/FiscaliaCol","https:\/\/www.instagram.com\/fiscaliacol","https:\/\/www.linkedin.com\/company\/fiscalia-general-de-la-naci-n\/","https:\/\/youtube.com\/@fiscaliageneraldelanacion-4668?si=6nN79nyQICPU5iTh"]},{"@type":"Person","@id":"https:\/\/www.fiscalia.gov.co\/colombia\/#\/schema\/person\/bf84402cf293a5393e9c70b111020b24","name":"Jordan Leandro Oviedo Anzola","image":{"@type":"ImageObject","inLanguage":"es-CO","@id":"https:\/\/www.fiscalia.gov.co\/colombia\/#\/schema\/person\/image\/","url":"https:\/\/secure.gravatar.com\/avatar\/dabba4346fa9b9207d96adafa8f92721?s=96&d=mm&r=g","contentUrl":"https:\/\/secure.gravatar.com\/avatar\/dabba4346fa9b9207d96adafa8f92721?s=96&d=mm&r=g","caption":"Jordan Leandro Oviedo Anzola"},"url":"https:\/\/www.fiscalia.gov.co\/colombia\/author\/joviedo\/"}]}},"_links":{"self":[{"href":"https:\/\/www.fiscalia.gov.co\/colombia\/wp-json\/wp\/v2\/posts\/329979","targetHints":{"allow":["GET"]}}],"collection":[{"href":"https:\/\/www.fiscalia.gov.co\/colombia\/wp-json\/wp\/v2\/posts"}],"about":[{"href":"https:\/\/www.fiscalia.gov.co\/colombia\/wp-json\/wp\/v2\/types\/post"}],"author":[{"embeddable":true,"href":"https:\/\/www.fiscalia.gov.co\/colombia\/wp-json\/wp\/v2\/users\/177"}],"replies":[{"embeddable":true,"href":"https:\/\/www.fiscalia.gov.co\/colombia\/wp-json\/wp\/v2\/comments?post=329979"}],"version-history":[{"count":1,"href":"https:\/\/www.fiscalia.gov.co\/colombia\/wp-json\/wp\/v2\/posts\/329979\/revisions"}],"predecessor-version":[{"id":329981,"href":"https:\/\/www.fiscalia.gov.co\/colombia\/wp-json\/wp\/v2\/posts\/329979\/revisions\/329981"}],"wp:attachment":[{"href":"https:\/\/www.fiscalia.gov.co\/colombia\/wp-json\/wp\/v2\/media?parent=329979"}],"wp:term":[{"taxonomy":"category","embeddable":true,"href":"https:\/\/www.fiscalia.gov.co\/colombia\/wp-json\/wp\/v2\/categories?post=329979"},{"taxonomy":"post_tag","embeddable":true,"href":"https:\/\/www.fiscalia.gov.co\/colombia\/wp-json\/wp\/v2\/tags?post=329979"}],"curies":[{"name":"wp","href":"https:\/\/api.w.org\/{rel}","templated":true}]}}