{"id":329911,"date":"2026-01-21T14:25:36","date_gmt":"2026-01-21T19:25:36","guid":{"rendered":"https:\/\/www.fiscalia.gov.co\/colombia\/?p=329911"},"modified":"2026-01-21T14:25:36","modified_gmt":"2026-01-21T19:25:36","slug":"a-la-carcel-tres-hombres-presuntamente-implicados-en-incurrir-en-trafico-local-de-estupefacientes-en-valle-del-cauca","status":"publish","type":"post","link":"https:\/\/www.fiscalia.gov.co\/colombia\/noticias\/a-la-carcel-tres-hombres-presuntamente-implicados-en-incurrir-en-trafico-local-de-estupefacientes-en-valle-del-cauca\/","title":{"rendered":"A la c\u00e1rcel tres hombres presuntamente implicados en incurrir en tr\u00e1fico local de estupefacientes en Valle del Cauca"},"content":{"rendered":"<p>La Fiscal\u00eda General de la Naci\u00f3n present\u00f3 ante jueces de control de garant\u00e1is a tres hombres se\u00f1alados <strong>presuntamente implicados en tr\u00e1fico de narc\u00f3ticos<\/strong> en los municipios de La Victoria y Guadalajara de Buga (Valle del Cauca).<\/p>\n<p>Fiscales de la Seccional Valle del Cauca imputaron a los tres hombres como posibles responsables del <strong>delito de tr\u00e1fico, fabricaci\u00f3n o porte de estupefacientes.<\/strong> Cada uno de los casos es independiente del otro.<\/p>\n<figure id=\"attachment_329916\" aria-describedby=\"caption-attachment-329916\" style=\"width: 977px\" class=\"wp-caption aligncenter\"><img loading=\"lazy\" decoding=\"async\" class=\"size-full wp-image-329916\" src=\"https:\/\/www.fiscalia.gov.co\/colombia\/wp-content\/uploads\/Brayan-Alexander-Coral-Betancourth-y-Juan-David-Serrano-Alvarez.-Estupefacientes.-La-Victoria-Valle.jpg\" alt=\"En la fotograf\u00eda aparecen de pie, de espaldas a la c\u00e1mara, con los brazos atr\u00e1s y esposados, Brayan Alexander Coral Betancourth y Juan David Serrano \u00c1lvarez. Uno viste con chaqueta estampada de capucha de color gris y jean azul claro. El otro vista con buso de color beage con estampado atr\u00e1s, jean azul claro desgastado. En sus extremos hay uniformados de la Polic\u00eda Nacional. En la parte delantera, sobre el suelo hay varios frascos con etiqueta y un letrero que dice \u2018Ketamina\u2019. En la parte posterior hay un pend\u00f3n institucional de la Polic\u00eda.\" width=\"977\" height=\"899\" srcset=\"https:\/\/www.fiscalia.gov.co\/colombia\/wp-content\/uploads\/Brayan-Alexander-Coral-Betancourth-y-Juan-David-Serrano-Alvarez.-Estupefacientes.-La-Victoria-Valle.jpg 977w, https:\/\/www.fiscalia.gov.co\/colombia\/wp-content\/uploads\/Brayan-Alexander-Coral-Betancourth-y-Juan-David-Serrano-Alvarez.-Estupefacientes.-La-Victoria-Valle-300x276.jpg 300w, https:\/\/www.fiscalia.gov.co\/colombia\/wp-content\/uploads\/Brayan-Alexander-Coral-Betancourth-y-Juan-David-Serrano-Alvarez.-Estupefacientes.-La-Victoria-Valle-768x707.jpg 768w, https:\/\/www.fiscalia.gov.co\/colombia\/wp-content\/uploads\/Brayan-Alexander-Coral-Betancourth-y-Juan-David-Serrano-Alvarez.-Estupefacientes.-La-Victoria-Valle-456x420.jpg 456w, https:\/\/www.fiscalia.gov.co\/colombia\/wp-content\/uploads\/Brayan-Alexander-Coral-Betancourth-y-Juan-David-Serrano-Alvarez.-Estupefacientes.-La-Victoria-Valle-696x640.jpg 696w\" sizes=\"auto, (max-width: 977px) 100vw, 977px\" \/><figcaption id=\"caption-attachment-329916\" class=\"wp-caption-text\">Brayan Alexander Coral Betancourth y Juan David Serrano \u00c1lvarez.<\/figcaption><\/figure>\n<p>En zona de La Victoria fueron capturados Brayan Alexander Coral Betancourth y Juan David Serrano \u00c1lvarez quienes se movilizaban en un bus, al parecer, <strong>con 30 frascos que conten\u00edan ketaminas, y cuyo peso total fue de 3.000 ml.<\/strong> Esta captura se realiz\u00f3 el pasado 16 de enero por uniformados de la Direcci\u00f3n de Tr\u00e1nsito y Transportes. Un juez de control de garant\u00edas priv\u00f3 de la libertad a las dos personas con detenci\u00f3n domiciliaria.<\/p>\n<p>Entre tanto, en Buga fue judicializada Erika Brillyth Acu\u00f1a Castro debido a que presuntamente llevaba en su equipaje algo m\u00e1s de 25 kilos de marihuana. <strong>La mujer fue sorprendida por las autoridades cuando se movilizaba en un bus de servicio p\u00fablico.<\/strong> Los hechos ocurrieron el pasado 15 de enero en un puesto de control instalado por la Polic\u00eda Nacional en la v\u00eda que de Cali conduce a Andaluc\u00eda. La investigada fue privada de la libertad en centro carcelario.<\/p>\n<figure id=\"attachment_329917\" aria-describedby=\"caption-attachment-329917\" style=\"width: 696px\" class=\"wp-caption aligncenter\"><img loading=\"lazy\" decoding=\"async\" class=\"size-large wp-image-329917\" src=\"https:\/\/www.fiscalia.gov.co\/colombia\/wp-content\/uploads\/Erika-Bryllyth-Acuna-Castro.-Estupefacientes.-Buga-Valle-1024x679.jpg\" alt=\"En la fotograf\u00eda aparece de pie, de espaldas a la c\u00e1mara, con los brazos atr\u00e1s y esposada Erika Brillyth Acu\u00f1a Castro. Viuste con buso negro y pantal\u00f3n de color beage. Usa cabello corto. En sus extremos hay uniformados de la Polic\u00eda nacional. Sobre el suelo hay varios paquetes envueltos en papel pl\u00e1stico negro, una maleta y dos letreros que dicen: \u2018Marihuana\u2019. En la parte posterior hay un pend\u00f3n institucional de la Polic\u00eda.\" width=\"696\" height=\"462\" srcset=\"https:\/\/www.fiscalia.gov.co\/colombia\/wp-content\/uploads\/Erika-Bryllyth-Acuna-Castro.-Estupefacientes.-Buga-Valle-1024x679.jpg 1024w, https:\/\/www.fiscalia.gov.co\/colombia\/wp-content\/uploads\/Erika-Bryllyth-Acuna-Castro.-Estupefacientes.-Buga-Valle-300x199.jpg 300w, https:\/\/www.fiscalia.gov.co\/colombia\/wp-content\/uploads\/Erika-Bryllyth-Acuna-Castro.-Estupefacientes.-Buga-Valle-768x509.jpg 768w, https:\/\/www.fiscalia.gov.co\/colombia\/wp-content\/uploads\/Erika-Bryllyth-Acuna-Castro.-Estupefacientes.-Buga-Valle-634x420.jpg 634w, https:\/\/www.fiscalia.gov.co\/colombia\/wp-content\/uploads\/Erika-Bryllyth-Acuna-Castro.-Estupefacientes.-Buga-Valle-696x461.jpg 696w, https:\/\/www.fiscalia.gov.co\/colombia\/wp-content\/uploads\/Erika-Bryllyth-Acuna-Castro.-Estupefacientes.-Buga-Valle-1068x708.jpg 1068w, https:\/\/www.fiscalia.gov.co\/colombia\/wp-content\/uploads\/Erika-Bryllyth-Acuna-Castro.-Estupefacientes.-Buga-Valle.jpg 1356w\" sizes=\"auto, (max-width: 696px) 100vw, 696px\" \/><figcaption id=\"caption-attachment-329917\" class=\"wp-caption-text\">Erika Brillyth Acu\u00f1a Castro.<\/figcaption><\/figure>\n<p>&nbsp;<\/p>\n<p>&nbsp;<\/p>\n<p>&nbsp;<\/p>\n<p>&nbsp;<\/p>\n<p>MAP\/DSVC\/MAGA\/<\/p>\n<p>&nbsp;<\/p>\n<p>&nbsp;<\/p>\n<p>&nbsp;<\/p>\n<p><em>La informaci\u00f3n contenida en este bolet\u00edn de prensa corresponde a la narraci\u00f3n de los hechos noticiosos objetivos, suministrados por los funcionarios encargados de adelantar las investigaciones penales al interior de la Fiscal\u00eda General de la Naci\u00f3n. Para el momento de la divulgaci\u00f3n de este comunicado, la situaci\u00f3n jur\u00eddica de la(s) persona(s) relacionada(s) se encuentra pendiente de resolver por la autoridad judicial competente, siempre bajo los preceptos de la presunci\u00f3n de inocencia, consagrados en el art\u00edculo 29 de la Constituci\u00f3n Pol\u00edtica y el art\u00edculo 7\u00ba de la Ley 906 de 2004.<\/em><\/p>\n\n<div class=\"twitter-share\"><a href=\"https:\/\/twitter.com\/intent\/tweet?via=fiscaliacol\" class=\"twitter-share-button\">Tweet<\/a><\/div>\n","protected":false},"excerpt":{"rendered":"<p>La Fiscal\u00eda General de la Naci\u00f3n present\u00f3 ante jueces de control de garant\u00e1is a tres hombres se\u00f1alados presuntamente implicados en tr\u00e1fico de narc\u00f3ticos en los municipios de La Victoria y [&hellip;]<\/p>\n","protected":false},"author":177,"featured_media":0,"comment_status":"closed","ping_status":"open","sticky":false,"template":"","format":"standard","meta":{"tdm_status":"","tdm_grid_status":"","footnotes":""},"categories":[1,324,303],"tags":[50,37492,1047,44966,916],"class_list":["post-329911","post","type-post","status-publish","format-standard","category-noticias","category-seccional-cali","category-seccionales","tag-estupefacientes","tag-fiscal-luz-adriana-camargo","tag-fiscalia-general-de-la-nacion","tag-la-victoria-y-buga-valle-del-cauca","tag-trafico"],"yoast_head":"<!-- This site is optimized with the Yoast SEO plugin v24.3 - https:\/\/yoast.com\/wordpress\/plugins\/seo\/ -->\n<title>Fiscal\u00eda General de la Naci\u00f3n<\/title>\n<meta name=\"description\" content=\"P\u00e1gina oficial de la Fiscal\u00eda General de la Naci\u00f3n \u2013 Colombia. Garantizamos el acceso efectivo a la justicia, la verdad y la reparaci\u00f3n de las v\u00edctimas de los delitos.\" \/>\n<meta name=\"robots\" content=\"noindex, follow\" \/>\n<meta property=\"og:locale\" content=\"es_ES\" \/>\n<meta property=\"og:type\" content=\"article\" \/>\n<meta property=\"og:title\" content=\"Fiscal\u00eda General de la Naci\u00f3n\" \/>\n<meta property=\"og:description\" content=\"P\u00e1gina oficial de la Fiscal\u00eda General de la Naci\u00f3n \u2013 Colombia. Garantizamos el acceso efectivo a la justicia, la verdad y la reparaci\u00f3n de las v\u00edctimas de los delitos.\" \/>\n<meta property=\"og:url\" content=\"https:\/\/www.fiscalia.gov.co\/colombia\/noticias\/a-la-carcel-tres-hombres-presuntamente-implicados-en-incurrir-en-trafico-local-de-estupefacientes-en-valle-del-cauca\/\" \/>\n<meta property=\"og:site_name\" content=\"Fiscal\u00eda General de la Naci\u00f3n\" \/>\n<meta property=\"article:publisher\" content=\"https:\/\/www.facebook.com\/FiscaliaCol\" \/>\n<meta property=\"article:published_time\" content=\"2026-01-21T19:25:36+00:00\" \/>\n<meta property=\"og:image\" content=\"https:\/\/www.fiscalia.gov.co\/colombia\/wp-content\/uploads\/Brayan-Alexander-Coral-Betancourth-y-Juan-David-Serrano-Alvarez.-Estupefacientes.-La-Victoria-Valle.jpg\" \/>\n\t<meta property=\"og:image:width\" content=\"977\" \/>\n\t<meta property=\"og:image:height\" content=\"899\" \/>\n\t<meta property=\"og:image:type\" content=\"image\/jpeg\" \/>\n<meta name=\"author\" content=\"Jordan Leandro Oviedo Anzola\" \/>\n<meta name=\"twitter:card\" content=\"summary_large_image\" \/>\n<meta name=\"twitter:creator\" content=\"@FiscaliaCol\" \/>\n<meta name=\"twitter:site\" content=\"@FiscaliaCol\" \/>\n<meta name=\"twitter:label1\" content=\"Escrito por\" \/>\n\t<meta name=\"twitter:data1\" content=\"Jordan Leandro Oviedo Anzola\" \/>\n\t<meta name=\"twitter:label2\" content=\"Tiempo de lectura\" \/>\n\t<meta name=\"twitter:data2\" content=\"2 minutos\" \/>\n<script type=\"application\/ld+json\" class=\"yoast-schema-graph\">{\"@context\":\"https:\/\/schema.org\",\"@graph\":[{\"@type\":\"Article\",\"@id\":\"https:\/\/www.fiscalia.gov.co\/colombia\/noticias\/a-la-carcel-tres-hombres-presuntamente-implicados-en-incurrir-en-trafico-local-de-estupefacientes-en-valle-del-cauca\/#article\",\"isPartOf\":{\"@id\":\"https:\/\/www.fiscalia.gov.co\/colombia\/noticias\/a-la-carcel-tres-hombres-presuntamente-implicados-en-incurrir-en-trafico-local-de-estupefacientes-en-valle-del-cauca\/\"},\"author\":{\"name\":\"Jordan Leandro Oviedo Anzola\",\"@id\":\"https:\/\/www.fiscalia.gov.co\/colombia\/#\/schema\/person\/bf84402cf293a5393e9c70b111020b24\"},\"headline\":\"A la c\u00e1rcel tres hombres presuntamente implicados en incurrir en tr\u00e1fico local de estupefacientes en Valle del Cauca\",\"datePublished\":\"2026-01-21T19:25:36+00:00\",\"dateModified\":\"2026-01-21T19:25:36+00:00\",\"mainEntityOfPage\":{\"@id\":\"https:\/\/www.fiscalia.gov.co\/colombia\/noticias\/a-la-carcel-tres-hombres-presuntamente-implicados-en-incurrir-en-trafico-local-de-estupefacientes-en-valle-del-cauca\/\"},\"wordCount\":394,\"publisher\":{\"@id\":\"https:\/\/www.fiscalia.gov.co\/colombia\/#organization\"},\"image\":{\"@id\":\"https:\/\/www.fiscalia.gov.co\/colombia\/noticias\/a-la-carcel-tres-hombres-presuntamente-implicados-en-incurrir-en-trafico-local-de-estupefacientes-en-valle-del-cauca\/#primaryimage\"},\"thumbnailUrl\":\"https:\/\/www.fiscalia.gov.co\/colombia\/wp-content\/uploads\/Brayan-Alexander-Coral-Betancourth-y-Juan-David-Serrano-Alvarez.-Estupefacientes.-La-Victoria-Valle.jpg\",\"keywords\":[\"Estupefacientes\",\"Fiscal Luz Adriana Camargo\",\"Fiscal\u00eda General de la Naci\u00f3n\",\"La Victoria y Buga\u00a0(Valle del Cauca)\",\"Tr\u00e1fico\"],\"articleSection\":[\"Noticias\",\"Seccional Cali\",\"Seccionales\"],\"inLanguage\":\"es-CO\"},{\"@type\":\"WebPage\",\"@id\":\"https:\/\/www.fiscalia.gov.co\/colombia\/noticias\/a-la-carcel-tres-hombres-presuntamente-implicados-en-incurrir-en-trafico-local-de-estupefacientes-en-valle-del-cauca\/\",\"url\":\"https:\/\/www.fiscalia.gov.co\/colombia\/noticias\/a-la-carcel-tres-hombres-presuntamente-implicados-en-incurrir-en-trafico-local-de-estupefacientes-en-valle-del-cauca\/\",\"name\":\"Fiscal\u00eda General de la Naci\u00f3n\",\"isPartOf\":{\"@id\":\"https:\/\/www.fiscalia.gov.co\/colombia\/#website\"},\"primaryImageOfPage\":{\"@id\":\"https:\/\/www.fiscalia.gov.co\/colombia\/noticias\/a-la-carcel-tres-hombres-presuntamente-implicados-en-incurrir-en-trafico-local-de-estupefacientes-en-valle-del-cauca\/#primaryimage\"},\"image\":{\"@id\":\"https:\/\/www.fiscalia.gov.co\/colombia\/noticias\/a-la-carcel-tres-hombres-presuntamente-implicados-en-incurrir-en-trafico-local-de-estupefacientes-en-valle-del-cauca\/#primaryimage\"},\"thumbnailUrl\":\"https:\/\/www.fiscalia.gov.co\/colombia\/wp-content\/uploads\/Brayan-Alexander-Coral-Betancourth-y-Juan-David-Serrano-Alvarez.-Estupefacientes.-La-Victoria-Valle.jpg\",\"datePublished\":\"2026-01-21T19:25:36+00:00\",\"dateModified\":\"2026-01-21T19:25:36+00:00\",\"description\":\"P\u00e1gina oficial de la Fiscal\u00eda General de la Naci\u00f3n \u2013 Colombia. Garantizamos el acceso efectivo a la justicia, la verdad y la reparaci\u00f3n de las v\u00edctimas de los delitos.\",\"breadcrumb\":{\"@id\":\"https:\/\/www.fiscalia.gov.co\/colombia\/noticias\/a-la-carcel-tres-hombres-presuntamente-implicados-en-incurrir-en-trafico-local-de-estupefacientes-en-valle-del-cauca\/#breadcrumb\"},\"inLanguage\":\"es-CO\",\"potentialAction\":[{\"@type\":\"ReadAction\",\"target\":[\"https:\/\/www.fiscalia.gov.co\/colombia\/noticias\/a-la-carcel-tres-hombres-presuntamente-implicados-en-incurrir-en-trafico-local-de-estupefacientes-en-valle-del-cauca\/\"]}]},{\"@type\":\"ImageObject\",\"inLanguage\":\"es-CO\",\"@id\":\"https:\/\/www.fiscalia.gov.co\/colombia\/noticias\/a-la-carcel-tres-hombres-presuntamente-implicados-en-incurrir-en-trafico-local-de-estupefacientes-en-valle-del-cauca\/#primaryimage\",\"url\":\"https:\/\/www.fiscalia.gov.co\/colombia\/wp-content\/uploads\/Brayan-Alexander-Coral-Betancourth-y-Juan-David-Serrano-Alvarez.-Estupefacientes.-La-Victoria-Valle.jpg\",\"contentUrl\":\"https:\/\/www.fiscalia.gov.co\/colombia\/wp-content\/uploads\/Brayan-Alexander-Coral-Betancourth-y-Juan-David-Serrano-Alvarez.-Estupefacientes.-La-Victoria-Valle.jpg\",\"width\":977,\"height\":899,\"caption\":\"Brayan Alexander Coral Betancourth y Juan David Serrano \u00c1lvarez.\"},{\"@type\":\"BreadcrumbList\",\"@id\":\"https:\/\/www.fiscalia.gov.co\/colombia\/noticias\/a-la-carcel-tres-hombres-presuntamente-implicados-en-incurrir-en-trafico-local-de-estupefacientes-en-valle-del-cauca\/#breadcrumb\",\"itemListElement\":[{\"@type\":\"ListItem\",\"position\":1,\"name\":\"Home\",\"item\":\"https:\/\/www.fiscalia.gov.co\/colombia\/\"},{\"@type\":\"ListItem\",\"position\":2,\"name\":\"A la c\u00e1rcel tres hombres presuntamente implicados en incurrir en tr\u00e1fico local de estupefacientes en Valle del Cauca\"}]},{\"@type\":\"WebSite\",\"@id\":\"https:\/\/www.fiscalia.gov.co\/colombia\/#website\",\"url\":\"https:\/\/www.fiscalia.gov.co\/colombia\/\",\"name\":\"Fiscal\u00eda General de la Naci\u00f3n\",\"description\":\"P\u00e1gina oficial de la Fiscal\u00eda General de la Naci\u00f3n \u2013 Colombia. Garantizamos el acceso efectivo a la justicia, la verdad y la reparaci\u00f3n de las v\u00edctimas de los delitos.\",\"publisher\":{\"@id\":\"https:\/\/www.fiscalia.gov.co\/colombia\/#organization\"},\"potentialAction\":[{\"@type\":\"SearchAction\",\"target\":{\"@type\":\"EntryPoint\",\"urlTemplate\":\"https:\/\/www.fiscalia.gov.co\/colombia\/?s={search_term_string}\"},\"query-input\":{\"@type\":\"PropertyValueSpecification\",\"valueRequired\":true,\"valueName\":\"search_term_string\"}}],\"inLanguage\":\"es-CO\"},{\"@type\":\"Organization\",\"@id\":\"https:\/\/www.fiscalia.gov.co\/colombia\/#organization\",\"name\":\"Fiscal\u00eda General de la Naci\u00f3n\",\"url\":\"https:\/\/www.fiscalia.gov.co\/colombia\/\",\"logo\":{\"@type\":\"ImageObject\",\"inLanguage\":\"es-CO\",\"@id\":\"https:\/\/www.fiscalia.gov.co\/colombia\/#\/schema\/logo\/image\/\",\"url\":\"https:\/\/www.fiscalia.gov.co\/colombia\/wp-content\/uploads\/LogoHorizontal_1.jpg\",\"contentUrl\":\"https:\/\/www.fiscalia.gov.co\/colombia\/wp-content\/uploads\/LogoHorizontal_1.jpg\",\"width\":300,\"height\":90,\"caption\":\"Fiscal\u00eda General de la Naci\u00f3n\"},\"image\":{\"@id\":\"https:\/\/www.fiscalia.gov.co\/colombia\/#\/schema\/logo\/image\/\"},\"sameAs\":[\"https:\/\/www.facebook.com\/FiscaliaCol\",\"https:\/\/x.com\/FiscaliaCol\",\"https:\/\/www.instagram.com\/fiscaliacol\",\"https:\/\/www.linkedin.com\/company\/fiscalia-general-de-la-naci-n\/\",\"https:\/\/youtube.com\/@fiscaliageneraldelanacion-4668?si=6nN79nyQICPU5iTh\"]},{\"@type\":\"Person\",\"@id\":\"https:\/\/www.fiscalia.gov.co\/colombia\/#\/schema\/person\/bf84402cf293a5393e9c70b111020b24\",\"name\":\"Jordan Leandro Oviedo Anzola\",\"image\":{\"@type\":\"ImageObject\",\"inLanguage\":\"es-CO\",\"@id\":\"https:\/\/www.fiscalia.gov.co\/colombia\/#\/schema\/person\/image\/\",\"url\":\"https:\/\/secure.gravatar.com\/avatar\/dabba4346fa9b9207d96adafa8f92721?s=96&d=mm&r=g\",\"contentUrl\":\"https:\/\/secure.gravatar.com\/avatar\/dabba4346fa9b9207d96adafa8f92721?s=96&d=mm&r=g\",\"caption\":\"Jordan Leandro Oviedo Anzola\"},\"url\":\"https:\/\/www.fiscalia.gov.co\/colombia\/author\/joviedo\/\"}]}<\/script>\n<!-- \/ Yoast SEO plugin. -->","yoast_head_json":{"title":"Fiscal\u00eda General de la Naci\u00f3n","description":"P\u00e1gina oficial de la Fiscal\u00eda General de la Naci\u00f3n \u2013 Colombia. Garantizamos el acceso efectivo a la justicia, la verdad y la reparaci\u00f3n de las v\u00edctimas de los delitos.","robots":{"index":"noindex","follow":"follow"},"og_locale":"es_ES","og_type":"article","og_title":"Fiscal\u00eda General de la Naci\u00f3n","og_description":"P\u00e1gina oficial de la Fiscal\u00eda General de la Naci\u00f3n \u2013 Colombia. Garantizamos el acceso efectivo a la justicia, la verdad y la reparaci\u00f3n de las v\u00edctimas de los delitos.","og_url":"https:\/\/www.fiscalia.gov.co\/colombia\/noticias\/a-la-carcel-tres-hombres-presuntamente-implicados-en-incurrir-en-trafico-local-de-estupefacientes-en-valle-del-cauca\/","og_site_name":"Fiscal\u00eda General de la Naci\u00f3n","article_publisher":"https:\/\/www.facebook.com\/FiscaliaCol","article_published_time":"2026-01-21T19:25:36+00:00","og_image":[{"width":977,"height":899,"url":"https:\/\/www.fiscalia.gov.co\/colombia\/wp-content\/uploads\/Brayan-Alexander-Coral-Betancourth-y-Juan-David-Serrano-Alvarez.-Estupefacientes.-La-Victoria-Valle.jpg","type":"image\/jpeg"}],"author":"Jordan Leandro Oviedo Anzola","twitter_card":"summary_large_image","twitter_creator":"@FiscaliaCol","twitter_site":"@FiscaliaCol","twitter_misc":{"Escrito por":"Jordan Leandro Oviedo Anzola","Tiempo de lectura":"2 minutos"},"schema":{"@context":"https:\/\/schema.org","@graph":[{"@type":"Article","@id":"https:\/\/www.fiscalia.gov.co\/colombia\/noticias\/a-la-carcel-tres-hombres-presuntamente-implicados-en-incurrir-en-trafico-local-de-estupefacientes-en-valle-del-cauca\/#article","isPartOf":{"@id":"https:\/\/www.fiscalia.gov.co\/colombia\/noticias\/a-la-carcel-tres-hombres-presuntamente-implicados-en-incurrir-en-trafico-local-de-estupefacientes-en-valle-del-cauca\/"},"author":{"name":"Jordan Leandro Oviedo Anzola","@id":"https:\/\/www.fiscalia.gov.co\/colombia\/#\/schema\/person\/bf84402cf293a5393e9c70b111020b24"},"headline":"A la c\u00e1rcel tres hombres presuntamente implicados en incurrir en tr\u00e1fico local de estupefacientes en Valle del Cauca","datePublished":"2026-01-21T19:25:36+00:00","dateModified":"2026-01-21T19:25:36+00:00","mainEntityOfPage":{"@id":"https:\/\/www.fiscalia.gov.co\/colombia\/noticias\/a-la-carcel-tres-hombres-presuntamente-implicados-en-incurrir-en-trafico-local-de-estupefacientes-en-valle-del-cauca\/"},"wordCount":394,"publisher":{"@id":"https:\/\/www.fiscalia.gov.co\/colombia\/#organization"},"image":{"@id":"https:\/\/www.fiscalia.gov.co\/colombia\/noticias\/a-la-carcel-tres-hombres-presuntamente-implicados-en-incurrir-en-trafico-local-de-estupefacientes-en-valle-del-cauca\/#primaryimage"},"thumbnailUrl":"https:\/\/www.fiscalia.gov.co\/colombia\/wp-content\/uploads\/Brayan-Alexander-Coral-Betancourth-y-Juan-David-Serrano-Alvarez.-Estupefacientes.-La-Victoria-Valle.jpg","keywords":["Estupefacientes","Fiscal Luz Adriana Camargo","Fiscal\u00eda General de la Naci\u00f3n","La Victoria y Buga\u00a0(Valle del Cauca)","Tr\u00e1fico"],"articleSection":["Noticias","Seccional Cali","Seccionales"],"inLanguage":"es-CO"},{"@type":"WebPage","@id":"https:\/\/www.fiscalia.gov.co\/colombia\/noticias\/a-la-carcel-tres-hombres-presuntamente-implicados-en-incurrir-en-trafico-local-de-estupefacientes-en-valle-del-cauca\/","url":"https:\/\/www.fiscalia.gov.co\/colombia\/noticias\/a-la-carcel-tres-hombres-presuntamente-implicados-en-incurrir-en-trafico-local-de-estupefacientes-en-valle-del-cauca\/","name":"Fiscal\u00eda General de la Naci\u00f3n","isPartOf":{"@id":"https:\/\/www.fiscalia.gov.co\/colombia\/#website"},"primaryImageOfPage":{"@id":"https:\/\/www.fiscalia.gov.co\/colombia\/noticias\/a-la-carcel-tres-hombres-presuntamente-implicados-en-incurrir-en-trafico-local-de-estupefacientes-en-valle-del-cauca\/#primaryimage"},"image":{"@id":"https:\/\/www.fiscalia.gov.co\/colombia\/noticias\/a-la-carcel-tres-hombres-presuntamente-implicados-en-incurrir-en-trafico-local-de-estupefacientes-en-valle-del-cauca\/#primaryimage"},"thumbnailUrl":"https:\/\/www.fiscalia.gov.co\/colombia\/wp-content\/uploads\/Brayan-Alexander-Coral-Betancourth-y-Juan-David-Serrano-Alvarez.-Estupefacientes.-La-Victoria-Valle.jpg","datePublished":"2026-01-21T19:25:36+00:00","dateModified":"2026-01-21T19:25:36+00:00","description":"P\u00e1gina oficial de la Fiscal\u00eda General de la Naci\u00f3n \u2013 Colombia. Garantizamos el acceso efectivo a la justicia, la verdad y la reparaci\u00f3n de las v\u00edctimas de los delitos.","breadcrumb":{"@id":"https:\/\/www.fiscalia.gov.co\/colombia\/noticias\/a-la-carcel-tres-hombres-presuntamente-implicados-en-incurrir-en-trafico-local-de-estupefacientes-en-valle-del-cauca\/#breadcrumb"},"inLanguage":"es-CO","potentialAction":[{"@type":"ReadAction","target":["https:\/\/www.fiscalia.gov.co\/colombia\/noticias\/a-la-carcel-tres-hombres-presuntamente-implicados-en-incurrir-en-trafico-local-de-estupefacientes-en-valle-del-cauca\/"]}]},{"@type":"ImageObject","inLanguage":"es-CO","@id":"https:\/\/www.fiscalia.gov.co\/colombia\/noticias\/a-la-carcel-tres-hombres-presuntamente-implicados-en-incurrir-en-trafico-local-de-estupefacientes-en-valle-del-cauca\/#primaryimage","url":"https:\/\/www.fiscalia.gov.co\/colombia\/wp-content\/uploads\/Brayan-Alexander-Coral-Betancourth-y-Juan-David-Serrano-Alvarez.-Estupefacientes.-La-Victoria-Valle.jpg","contentUrl":"https:\/\/www.fiscalia.gov.co\/colombia\/wp-content\/uploads\/Brayan-Alexander-Coral-Betancourth-y-Juan-David-Serrano-Alvarez.-Estupefacientes.-La-Victoria-Valle.jpg","width":977,"height":899,"caption":"Brayan Alexander Coral Betancourth y Juan David Serrano \u00c1lvarez."},{"@type":"BreadcrumbList","@id":"https:\/\/www.fiscalia.gov.co\/colombia\/noticias\/a-la-carcel-tres-hombres-presuntamente-implicados-en-incurrir-en-trafico-local-de-estupefacientes-en-valle-del-cauca\/#breadcrumb","itemListElement":[{"@type":"ListItem","position":1,"name":"Home","item":"https:\/\/www.fiscalia.gov.co\/colombia\/"},{"@type":"ListItem","position":2,"name":"A la c\u00e1rcel tres hombres presuntamente implicados en incurrir en tr\u00e1fico local de estupefacientes en Valle del Cauca"}]},{"@type":"WebSite","@id":"https:\/\/www.fiscalia.gov.co\/colombia\/#website","url":"https:\/\/www.fiscalia.gov.co\/colombia\/","name":"Fiscal\u00eda General de la Naci\u00f3n","description":"P\u00e1gina oficial de la Fiscal\u00eda General de la Naci\u00f3n \u2013 Colombia. Garantizamos el acceso efectivo a la justicia, la verdad y la reparaci\u00f3n de las v\u00edctimas de los delitos.","publisher":{"@id":"https:\/\/www.fiscalia.gov.co\/colombia\/#organization"},"potentialAction":[{"@type":"SearchAction","target":{"@type":"EntryPoint","urlTemplate":"https:\/\/www.fiscalia.gov.co\/colombia\/?s={search_term_string}"},"query-input":{"@type":"PropertyValueSpecification","valueRequired":true,"valueName":"search_term_string"}}],"inLanguage":"es-CO"},{"@type":"Organization","@id":"https:\/\/www.fiscalia.gov.co\/colombia\/#organization","name":"Fiscal\u00eda General de la Naci\u00f3n","url":"https:\/\/www.fiscalia.gov.co\/colombia\/","logo":{"@type":"ImageObject","inLanguage":"es-CO","@id":"https:\/\/www.fiscalia.gov.co\/colombia\/#\/schema\/logo\/image\/","url":"https:\/\/www.fiscalia.gov.co\/colombia\/wp-content\/uploads\/LogoHorizontal_1.jpg","contentUrl":"https:\/\/www.fiscalia.gov.co\/colombia\/wp-content\/uploads\/LogoHorizontal_1.jpg","width":300,"height":90,"caption":"Fiscal\u00eda General de la Naci\u00f3n"},"image":{"@id":"https:\/\/www.fiscalia.gov.co\/colombia\/#\/schema\/logo\/image\/"},"sameAs":["https:\/\/www.facebook.com\/FiscaliaCol","https:\/\/x.com\/FiscaliaCol","https:\/\/www.instagram.com\/fiscaliacol","https:\/\/www.linkedin.com\/company\/fiscalia-general-de-la-naci-n\/","https:\/\/youtube.com\/@fiscaliageneraldelanacion-4668?si=6nN79nyQICPU5iTh"]},{"@type":"Person","@id":"https:\/\/www.fiscalia.gov.co\/colombia\/#\/schema\/person\/bf84402cf293a5393e9c70b111020b24","name":"Jordan Leandro Oviedo Anzola","image":{"@type":"ImageObject","inLanguage":"es-CO","@id":"https:\/\/www.fiscalia.gov.co\/colombia\/#\/schema\/person\/image\/","url":"https:\/\/secure.gravatar.com\/avatar\/dabba4346fa9b9207d96adafa8f92721?s=96&d=mm&r=g","contentUrl":"https:\/\/secure.gravatar.com\/avatar\/dabba4346fa9b9207d96adafa8f92721?s=96&d=mm&r=g","caption":"Jordan Leandro Oviedo Anzola"},"url":"https:\/\/www.fiscalia.gov.co\/colombia\/author\/joviedo\/"}]}},"_links":{"self":[{"href":"https:\/\/www.fiscalia.gov.co\/colombia\/wp-json\/wp\/v2\/posts\/329911","targetHints":{"allow":["GET"]}}],"collection":[{"href":"https:\/\/www.fiscalia.gov.co\/colombia\/wp-json\/wp\/v2\/posts"}],"about":[{"href":"https:\/\/www.fiscalia.gov.co\/colombia\/wp-json\/wp\/v2\/types\/post"}],"author":[{"embeddable":true,"href":"https:\/\/www.fiscalia.gov.co\/colombia\/wp-json\/wp\/v2\/users\/177"}],"replies":[{"embeddable":true,"href":"https:\/\/www.fiscalia.gov.co\/colombia\/wp-json\/wp\/v2\/comments?post=329911"}],"version-history":[{"count":1,"href":"https:\/\/www.fiscalia.gov.co\/colombia\/wp-json\/wp\/v2\/posts\/329911\/revisions"}],"predecessor-version":[{"id":329918,"href":"https:\/\/www.fiscalia.gov.co\/colombia\/wp-json\/wp\/v2\/posts\/329911\/revisions\/329918"}],"wp:attachment":[{"href":"https:\/\/www.fiscalia.gov.co\/colombia\/wp-json\/wp\/v2\/media?parent=329911"}],"wp:term":[{"taxonomy":"category","embeddable":true,"href":"https:\/\/www.fiscalia.gov.co\/colombia\/wp-json\/wp\/v2\/categories?post=329911"},{"taxonomy":"post_tag","embeddable":true,"href":"https:\/\/www.fiscalia.gov.co\/colombia\/wp-json\/wp\/v2\/tags?post=329911"}],"curies":[{"name":"wp","href":"https:\/\/api.w.org\/{rel}","templated":true}]}}