{"id":329641,"date":"2026-01-16T09:07:22","date_gmt":"2026-01-16T14:07:22","guid":{"rendered":"https:\/\/www.fiscalia.gov.co\/colombia\/?p=329641"},"modified":"2026-03-26T10:08:24","modified_gmt":"2026-03-26T15:08:24","slug":"presuntos-responsables-del-crimen-de-firmante-de-paz-y-lider-social-en-la-guajira-fueron-judicializados","status":"publish","type":"post","link":"https:\/\/www.fiscalia.gov.co\/colombia\/noticias\/presuntos-responsables-del-crimen-de-firmante-de-paz-y-lider-social-en-la-guajira-fueron-judicializados\/","title":{"rendered":"Presuntos responsables del crimen de firmante de paz y l\u00edder social en La Guajira fueron judicializados"},"content":{"rendered":"<blockquote>\n<h4><em>Luis Felipe Mej\u00eda Montero, alias Ni\u00f1o Pa\u00f1al y Armando Jos\u00e9 S\u00e1nchez Campuzano ser\u00edan los responsables de atacar con arma de fuego a la v\u00edctima. <\/em><\/h4>\n<\/blockquote>\n<p>La investigaci\u00f3n orientada por la <strong>Fiscal\u00eda General de la Naci\u00f3n<\/strong> para dar con los responsables del crimen del l\u00edder social y firmante de paz Elider Antonio D\u00edaz Arias, ocurrido el 8 de agosto de 2024, en <strong>Fonseca (La Guajira)<\/strong>, permiti\u00f3 identificar a Luis Felipe Mej\u00eda Montero, alias Ni\u00f1o Pa\u00f1al, y Armando Jos\u00e9 S\u00e1nchez Campuzano.<\/p>\n<p>Estos dos hombres son se\u00f1alados de abordar a la v\u00edctima frente a su lugar de residencia, en momentos en los que se dispon\u00eda a llevar a su hija al colegio, dispararle en tres oportunidades caus\u00e1ndole la muerte y escapar en una motocicleta que dejaron estacionada a pocas cuadras del lugar.<\/p>\n<p>En ese sentido, un fiscal de la <strong>Unidad Especial de Investigaci\u00f3n (UEI)<\/strong> los present\u00f3 ante un juez penal de control de garant\u00edas y les imput\u00f3 los delitos de homicidio y fabricaci\u00f3n, tr\u00e1fico, porte o tenencia de <strong>armas de fuego, accesorios, partes o municiones<\/strong>, las dos conductas agravadas.<\/p>\n<p>Los procesados no aceptaron los cargos en su contra y deber\u00e1n cumplir <strong>medida de aseguramiento en centro carcelario.<\/strong><\/p>\n<p>Elider Antonio D\u00edaz Arias era firmante del Acuerdo de Paz e integrante de la <strong>Asociaci\u00f3n Campesina de Fonseca.<\/strong><\/p>\n<p>AMCJ\/JARG\/RIRM\/UEI\/<\/p>\n<p>&nbsp;<\/p>\n<p><em>La informaci\u00f3n contenida en este bolet\u00edn de prensa corresponde a la narraci\u00f3n de los hechos noticiosos objetivos, suministrados por los funcionarios encargados de adelantar las investigaciones penales al interior de la Fiscal\u00eda General de la Naci\u00f3n. Para el momento de la divulgaci\u00f3n de este comunicado, la situaci\u00f3n jur\u00eddica de la(s) persona(s) relacionada(s) se encuentra pendiente de resolver por la autoridad judicial competente, siempre bajo los preceptos de la presunci\u00f3n de inocencia, consagrados en el art\u00edculo 29 de la Constituci\u00f3n Pol\u00edtica y el art\u00edculo 7\u00ba de la Ley 906 de 2004.<\/em><\/p>\n\n<div class=\"twitter-share\"><a href=\"https:\/\/twitter.com\/intent\/tweet?via=fiscaliacol\" class=\"twitter-share-button\">Tweet<\/a><\/div>\n","protected":false},"excerpt":{"rendered":"<p>Luis Felipe Mej\u00eda Montero, alias Ni\u00f1o Pa\u00f1al y Armando Jos\u00e9 S\u00e1nchez Campuzano ser\u00edan los responsables de atacar con arma de fuego a la v\u00edctima. La investigaci\u00f3n orientada por la Fiscal\u00eda General de la Naci\u00f3n para dar con los responsables del crimen del l\u00edder social y firmante de paz Elider Antonio D\u00edaz Arias, ocurrido el 8 [&hellip;]<\/p>\n","protected":false},"author":182,"featured_media":0,"comment_status":"closed","ping_status":"open","sticky":false,"template":"","format":"standard","meta":{"_price":"","_stock":"","_tribe_ticket_header":"","_tribe_default_ticket_provider":"","_tribe_ticket_capacity":"0","_ticket_start_date":"","_ticket_end_date":"","_tribe_ticket_show_description":"","_tribe_ticket_show_not_going":false,"_tribe_ticket_use_global_stock":"","_tribe_ticket_global_stock_level":"","_global_stock_mode":"","_global_stock_cap":"","_tribe_rsvp_for_event":"","_tribe_ticket_going_count":"","_tribe_ticket_not_going_count":"","_tribe_tickets_list":"[]","_tribe_ticket_has_attendee_info_fields":false,"tdm_status":"","tdm_grid_status":"","footnotes":""},"categories":[24176,24102,1],"tags":[4688,44930,4586,8010,24551,44928,15063,44927,44931,1047,44929,686,44926,15474,39259,28197,5236,38471,1185,1090,25076,4765,5448,28298,43396],"class_list":{"0":"post-329641","1":"post","2":"type-post","3":"status-publish","4":"format-standard","6":"category-defensores","7":"category-derechos-humanos","8":"category-noticias","9":"tag-asesinato","10":"tag-asociacion-campesina-de-fonseca","11":"tag-ataque-armado","12":"tag-capturados","13":"tag-centro-carcelario","14":"tag-elider-antonio-diaz-arias","15":"tag-fabricacion-trafico-y-porte-de-armas","16":"tag-firmante-del-acuerdo-de-paz","17":"tag-firmantes-de-paz-asesinados","18":"tag-fiscalia-general-de-la-nacion","19":"tag-fonseca","20":"tag-homicidio-agravado","21":"tag-homicidio-de-lider-social","22":"tag-imputacion-de-cargos","23":"tag-investigacion-penal","24":"tag-juez-de-control-de-garantias","25":"tag-la-guajira","26":"tag-lider-social-asesinado","27":"tag-medida-de-aseguramiento","28":"tag-motocicleta","29":"tag-no-aceptacion-de-cargos","30":"tag-porte-ilegal-de-armas-de-fuego","31":"tag-sicariato","32":"tag-unidad-especial-de-investigacion-uei","33":"tag-violencia-contra-lideres-sociales"},"yoast_head":"<!-- This site is optimized with the Yoast SEO plugin v24.3 - https:\/\/yoast.com\/wordpress\/plugins\/seo\/ -->\n<title>Fiscal\u00eda General de la Naci\u00f3n<\/title>\n<meta name=\"description\" content=\"P\u00e1gina oficial de la Fiscal\u00eda General de la Naci\u00f3n \u2013 Colombia. Garantizamos el acceso efectivo a la justicia, la verdad y la reparaci\u00f3n de las v\u00edctimas de los delitos.\" \/>\n<meta name=\"robots\" content=\"noindex, follow\" \/>\n<meta property=\"og:locale\" content=\"es_ES\" \/>\n<meta property=\"og:type\" content=\"article\" \/>\n<meta property=\"og:title\" content=\"Fiscal\u00eda General de la Naci\u00f3n\" \/>\n<meta property=\"og:description\" content=\"P\u00e1gina oficial de la Fiscal\u00eda General de la Naci\u00f3n \u2013 Colombia. Garantizamos el acceso efectivo a la justicia, la verdad y la reparaci\u00f3n de las v\u00edctimas de los delitos.\" \/>\n<meta property=\"og:url\" content=\"https:\/\/www.fiscalia.gov.co\/colombia\/noticias\/presuntos-responsables-del-crimen-de-firmante-de-paz-y-lider-social-en-la-guajira-fueron-judicializados\/\" \/>\n<meta property=\"og:site_name\" content=\"Fiscal\u00eda General de la Naci\u00f3n\" \/>\n<meta property=\"article:publisher\" content=\"https:\/\/www.facebook.com\/FiscaliaCol\" \/>\n<meta property=\"article:published_time\" content=\"2026-01-16T14:07:22+00:00\" \/>\n<meta property=\"article:modified_time\" content=\"2026-03-26T15:08:24+00:00\" \/>\n<meta name=\"author\" content=\"Paula Andrea Castillo Lenis\" \/>\n<meta name=\"twitter:card\" content=\"summary_large_image\" \/>\n<meta name=\"twitter:creator\" content=\"@FiscaliaCol\" \/>\n<meta name=\"twitter:site\" content=\"@FiscaliaCol\" \/>\n<meta name=\"twitter:label1\" content=\"Escrito por\" \/>\n\t<meta name=\"twitter:data1\" content=\"Paula Andrea Castillo Lenis\" \/>\n\t<meta name=\"twitter:label2\" content=\"Tiempo de lectura\" \/>\n\t<meta name=\"twitter:data2\" content=\"2 minutos\" \/>\n<script type=\"application\/ld+json\" class=\"yoast-schema-graph\">{\"@context\":\"https:\/\/schema.org\",\"@graph\":[{\"@type\":\"Article\",\"@id\":\"https:\/\/www.fiscalia.gov.co\/colombia\/noticias\/presuntos-responsables-del-crimen-de-firmante-de-paz-y-lider-social-en-la-guajira-fueron-judicializados\/#article\",\"isPartOf\":{\"@id\":\"https:\/\/www.fiscalia.gov.co\/colombia\/noticias\/presuntos-responsables-del-crimen-de-firmante-de-paz-y-lider-social-en-la-guajira-fueron-judicializados\/\"},\"author\":{\"name\":\"Paula Andrea Castillo Lenis\",\"@id\":\"https:\/\/www.fiscalia.gov.co\/colombia\/#\/schema\/person\/66c172905e0492f1de6bbe5f93c4668f\"},\"headline\":\"Presuntos responsables del crimen de firmante de paz y l\u00edder social en La Guajira fueron judicializados\",\"datePublished\":\"2026-01-16T14:07:22+00:00\",\"dateModified\":\"2026-03-26T15:08:24+00:00\",\"mainEntityOfPage\":{\"@id\":\"https:\/\/www.fiscalia.gov.co\/colombia\/noticias\/presuntos-responsables-del-crimen-de-firmante-de-paz-y-lider-social-en-la-guajira-fueron-judicializados\/\"},\"wordCount\":359,\"publisher\":{\"@id\":\"https:\/\/www.fiscalia.gov.co\/colombia\/#organization\"},\"keywords\":[\"Asesinato\",\"Asociaci\u00f3n Campesina de Fonseca\",\"Ataque armado\",\"Capturados\",\"centro carcelario\",\"Elider Antonio D\u00edaz Arias\",\"fabricaci\u00f3n tr\u00e1fico y porte de armas\",\"firmante del Acuerdo de Paz\",\"firmantes de paz asesinados\",\"Fiscal\u00eda General de la Naci\u00f3n\",\"Fonseca\",\"Homicidio agravado\",\"homicidio de l\u00edder social\",\"Imputaci\u00f3n de cargos\",\"investigaci\u00f3n penal\",\"juez de control de garant\u00edas\",\"La Guajira\",\"L\u00edder social asesinado\",\"Medida de aseguramiento\",\"Motocicleta\",\"no aceptaci\u00f3n de cargos\",\"Porte ilegal de armas de fuego\",\"Sicariato\",\"Unidad Especial de Investigaci\u00f3n (UEI)\",\"violencia contra l\u00edderes sociales\"],\"articleSection\":[\"Defensores\",\"Derechos Humanos\",\"Noticias\"],\"inLanguage\":\"es-CO\"},{\"@type\":\"WebPage\",\"@id\":\"https:\/\/www.fiscalia.gov.co\/colombia\/noticias\/presuntos-responsables-del-crimen-de-firmante-de-paz-y-lider-social-en-la-guajira-fueron-judicializados\/\",\"url\":\"https:\/\/www.fiscalia.gov.co\/colombia\/noticias\/presuntos-responsables-del-crimen-de-firmante-de-paz-y-lider-social-en-la-guajira-fueron-judicializados\/\",\"name\":\"Fiscal\u00eda General de la Naci\u00f3n\",\"isPartOf\":{\"@id\":\"https:\/\/www.fiscalia.gov.co\/colombia\/#website\"},\"datePublished\":\"2026-01-16T14:07:22+00:00\",\"dateModified\":\"2026-03-26T15:08:24+00:00\",\"description\":\"P\u00e1gina oficial de la Fiscal\u00eda General de la Naci\u00f3n \u2013 Colombia. Garantizamos el acceso efectivo a la justicia, la verdad y la reparaci\u00f3n de las v\u00edctimas de los delitos.\",\"breadcrumb\":{\"@id\":\"https:\/\/www.fiscalia.gov.co\/colombia\/noticias\/presuntos-responsables-del-crimen-de-firmante-de-paz-y-lider-social-en-la-guajira-fueron-judicializados\/#breadcrumb\"},\"inLanguage\":\"es-CO\",\"potentialAction\":[{\"@type\":\"ReadAction\",\"target\":[\"https:\/\/www.fiscalia.gov.co\/colombia\/noticias\/presuntos-responsables-del-crimen-de-firmante-de-paz-y-lider-social-en-la-guajira-fueron-judicializados\/\"]}]},{\"@type\":\"BreadcrumbList\",\"@id\":\"https:\/\/www.fiscalia.gov.co\/colombia\/noticias\/presuntos-responsables-del-crimen-de-firmante-de-paz-y-lider-social-en-la-guajira-fueron-judicializados\/#breadcrumb\",\"itemListElement\":[{\"@type\":\"ListItem\",\"position\":1,\"name\":\"Home\",\"item\":\"https:\/\/www.fiscalia.gov.co\/colombia\/\"},{\"@type\":\"ListItem\",\"position\":2,\"name\":\"Presuntos responsables del crimen de firmante de paz y l\u00edder social en La Guajira fueron judicializados\"}]},{\"@type\":\"WebSite\",\"@id\":\"https:\/\/www.fiscalia.gov.co\/colombia\/#website\",\"url\":\"https:\/\/www.fiscalia.gov.co\/colombia\/\",\"name\":\"Fiscal\u00eda General de la Naci\u00f3n\",\"description\":\"P\u00e1gina oficial de la Fiscal\u00eda General de la Naci\u00f3n \u2013 Colombia. Garantizamos el acceso efectivo a la justicia, la verdad y la reparaci\u00f3n de las v\u00edctimas de los delitos.\",\"publisher\":{\"@id\":\"https:\/\/www.fiscalia.gov.co\/colombia\/#organization\"},\"potentialAction\":[{\"@type\":\"SearchAction\",\"target\":{\"@type\":\"EntryPoint\",\"urlTemplate\":\"https:\/\/www.fiscalia.gov.co\/colombia\/?s={search_term_string}\"},\"query-input\":{\"@type\":\"PropertyValueSpecification\",\"valueRequired\":true,\"valueName\":\"search_term_string\"}}],\"inLanguage\":\"es-CO\"},{\"@type\":\"Organization\",\"@id\":\"https:\/\/www.fiscalia.gov.co\/colombia\/#organization\",\"name\":\"Fiscal\u00eda General de la Naci\u00f3n\",\"url\":\"https:\/\/www.fiscalia.gov.co\/colombia\/\",\"logo\":{\"@type\":\"ImageObject\",\"inLanguage\":\"es-CO\",\"@id\":\"https:\/\/www.fiscalia.gov.co\/colombia\/#\/schema\/logo\/image\/\",\"url\":\"https:\/\/www.fiscalia.gov.co\/colombia\/wp-content\/uploads\/LogoHorizontal_1.jpg\",\"contentUrl\":\"https:\/\/www.fiscalia.gov.co\/colombia\/wp-content\/uploads\/LogoHorizontal_1.jpg\",\"width\":300,\"height\":90,\"caption\":\"Fiscal\u00eda General de la Naci\u00f3n\"},\"image\":{\"@id\":\"https:\/\/www.fiscalia.gov.co\/colombia\/#\/schema\/logo\/image\/\"},\"sameAs\":[\"https:\/\/www.facebook.com\/FiscaliaCol\",\"https:\/\/x.com\/FiscaliaCol\",\"https:\/\/www.instagram.com\/fiscaliacol\",\"https:\/\/www.linkedin.com\/company\/fiscalia-general-de-la-naci-n\/\",\"https:\/\/youtube.com\/@fiscaliageneraldelanacion-4668?si=6nN79nyQICPU5iTh\"]},{\"@type\":\"Person\",\"@id\":\"https:\/\/www.fiscalia.gov.co\/colombia\/#\/schema\/person\/66c172905e0492f1de6bbe5f93c4668f\",\"name\":\"Paula Andrea Castillo Lenis\",\"image\":{\"@type\":\"ImageObject\",\"inLanguage\":\"es-CO\",\"@id\":\"https:\/\/www.fiscalia.gov.co\/colombia\/#\/schema\/person\/image\/\",\"url\":\"https:\/\/secure.gravatar.com\/avatar\/cb060d9561f2947c4102d1825739f868?s=96&d=mm&r=g\",\"contentUrl\":\"https:\/\/secure.gravatar.com\/avatar\/cb060d9561f2947c4102d1825739f868?s=96&d=mm&r=g\",\"caption\":\"Paula Andrea Castillo Lenis\"},\"url\":\"https:\/\/www.fiscalia.gov.co\/colombia\/author\/paula-castillo\/\"}]}<\/script>\n<!-- \/ Yoast SEO plugin. -->","yoast_head_json":{"title":"Fiscal\u00eda General de la Naci\u00f3n","description":"P\u00e1gina oficial de la Fiscal\u00eda General de la Naci\u00f3n \u2013 Colombia. Garantizamos el acceso efectivo a la justicia, la verdad y la reparaci\u00f3n de las v\u00edctimas de los delitos.","robots":{"index":"noindex","follow":"follow"},"og_locale":"es_ES","og_type":"article","og_title":"Fiscal\u00eda General de la Naci\u00f3n","og_description":"P\u00e1gina oficial de la Fiscal\u00eda General de la Naci\u00f3n \u2013 Colombia. Garantizamos el acceso efectivo a la justicia, la verdad y la reparaci\u00f3n de las v\u00edctimas de los delitos.","og_url":"https:\/\/www.fiscalia.gov.co\/colombia\/noticias\/presuntos-responsables-del-crimen-de-firmante-de-paz-y-lider-social-en-la-guajira-fueron-judicializados\/","og_site_name":"Fiscal\u00eda General de la Naci\u00f3n","article_publisher":"https:\/\/www.facebook.com\/FiscaliaCol","article_published_time":"2026-01-16T14:07:22+00:00","article_modified_time":"2026-03-26T15:08:24+00:00","author":"Paula Andrea Castillo Lenis","twitter_card":"summary_large_image","twitter_creator":"@FiscaliaCol","twitter_site":"@FiscaliaCol","twitter_misc":{"Escrito por":"Paula Andrea Castillo Lenis","Tiempo de lectura":"2 minutos"},"schema":{"@context":"https:\/\/schema.org","@graph":[{"@type":"Article","@id":"https:\/\/www.fiscalia.gov.co\/colombia\/noticias\/presuntos-responsables-del-crimen-de-firmante-de-paz-y-lider-social-en-la-guajira-fueron-judicializados\/#article","isPartOf":{"@id":"https:\/\/www.fiscalia.gov.co\/colombia\/noticias\/presuntos-responsables-del-crimen-de-firmante-de-paz-y-lider-social-en-la-guajira-fueron-judicializados\/"},"author":{"name":"Paula Andrea Castillo Lenis","@id":"https:\/\/www.fiscalia.gov.co\/colombia\/#\/schema\/person\/66c172905e0492f1de6bbe5f93c4668f"},"headline":"Presuntos responsables del crimen de firmante de paz y l\u00edder social en La Guajira fueron judicializados","datePublished":"2026-01-16T14:07:22+00:00","dateModified":"2026-03-26T15:08:24+00:00","mainEntityOfPage":{"@id":"https:\/\/www.fiscalia.gov.co\/colombia\/noticias\/presuntos-responsables-del-crimen-de-firmante-de-paz-y-lider-social-en-la-guajira-fueron-judicializados\/"},"wordCount":359,"publisher":{"@id":"https:\/\/www.fiscalia.gov.co\/colombia\/#organization"},"keywords":["Asesinato","Asociaci\u00f3n Campesina de Fonseca","Ataque armado","Capturados","centro carcelario","Elider Antonio D\u00edaz Arias","fabricaci\u00f3n tr\u00e1fico y porte de armas","firmante del Acuerdo de Paz","firmantes de paz asesinados","Fiscal\u00eda General de la Naci\u00f3n","Fonseca","Homicidio agravado","homicidio de l\u00edder social","Imputaci\u00f3n de cargos","investigaci\u00f3n penal","juez de control de garant\u00edas","La Guajira","L\u00edder social asesinado","Medida de aseguramiento","Motocicleta","no aceptaci\u00f3n de cargos","Porte ilegal de armas de fuego","Sicariato","Unidad Especial de Investigaci\u00f3n (UEI)","violencia contra l\u00edderes sociales"],"articleSection":["Defensores","Derechos Humanos","Noticias"],"inLanguage":"es-CO"},{"@type":"WebPage","@id":"https:\/\/www.fiscalia.gov.co\/colombia\/noticias\/presuntos-responsables-del-crimen-de-firmante-de-paz-y-lider-social-en-la-guajira-fueron-judicializados\/","url":"https:\/\/www.fiscalia.gov.co\/colombia\/noticias\/presuntos-responsables-del-crimen-de-firmante-de-paz-y-lider-social-en-la-guajira-fueron-judicializados\/","name":"Fiscal\u00eda General de la Naci\u00f3n","isPartOf":{"@id":"https:\/\/www.fiscalia.gov.co\/colombia\/#website"},"datePublished":"2026-01-16T14:07:22+00:00","dateModified":"2026-03-26T15:08:24+00:00","description":"P\u00e1gina oficial de la Fiscal\u00eda General de la Naci\u00f3n \u2013 Colombia. Garantizamos el acceso efectivo a la justicia, la verdad y la reparaci\u00f3n de las v\u00edctimas de los delitos.","breadcrumb":{"@id":"https:\/\/www.fiscalia.gov.co\/colombia\/noticias\/presuntos-responsables-del-crimen-de-firmante-de-paz-y-lider-social-en-la-guajira-fueron-judicializados\/#breadcrumb"},"inLanguage":"es-CO","potentialAction":[{"@type":"ReadAction","target":["https:\/\/www.fiscalia.gov.co\/colombia\/noticias\/presuntos-responsables-del-crimen-de-firmante-de-paz-y-lider-social-en-la-guajira-fueron-judicializados\/"]}]},{"@type":"BreadcrumbList","@id":"https:\/\/www.fiscalia.gov.co\/colombia\/noticias\/presuntos-responsables-del-crimen-de-firmante-de-paz-y-lider-social-en-la-guajira-fueron-judicializados\/#breadcrumb","itemListElement":[{"@type":"ListItem","position":1,"name":"Home","item":"https:\/\/www.fiscalia.gov.co\/colombia\/"},{"@type":"ListItem","position":2,"name":"Presuntos responsables del crimen de firmante de paz y l\u00edder social en La Guajira fueron judicializados"}]},{"@type":"WebSite","@id":"https:\/\/www.fiscalia.gov.co\/colombia\/#website","url":"https:\/\/www.fiscalia.gov.co\/colombia\/","name":"Fiscal\u00eda General de la Naci\u00f3n","description":"P\u00e1gina oficial de la Fiscal\u00eda General de la Naci\u00f3n \u2013 Colombia. Garantizamos el acceso efectivo a la justicia, la verdad y la reparaci\u00f3n de las v\u00edctimas de los delitos.","publisher":{"@id":"https:\/\/www.fiscalia.gov.co\/colombia\/#organization"},"potentialAction":[{"@type":"SearchAction","target":{"@type":"EntryPoint","urlTemplate":"https:\/\/www.fiscalia.gov.co\/colombia\/?s={search_term_string}"},"query-input":{"@type":"PropertyValueSpecification","valueRequired":true,"valueName":"search_term_string"}}],"inLanguage":"es-CO"},{"@type":"Organization","@id":"https:\/\/www.fiscalia.gov.co\/colombia\/#organization","name":"Fiscal\u00eda General de la Naci\u00f3n","url":"https:\/\/www.fiscalia.gov.co\/colombia\/","logo":{"@type":"ImageObject","inLanguage":"es-CO","@id":"https:\/\/www.fiscalia.gov.co\/colombia\/#\/schema\/logo\/image\/","url":"https:\/\/www.fiscalia.gov.co\/colombia\/wp-content\/uploads\/LogoHorizontal_1.jpg","contentUrl":"https:\/\/www.fiscalia.gov.co\/colombia\/wp-content\/uploads\/LogoHorizontal_1.jpg","width":300,"height":90,"caption":"Fiscal\u00eda General de la Naci\u00f3n"},"image":{"@id":"https:\/\/www.fiscalia.gov.co\/colombia\/#\/schema\/logo\/image\/"},"sameAs":["https:\/\/www.facebook.com\/FiscaliaCol","https:\/\/x.com\/FiscaliaCol","https:\/\/www.instagram.com\/fiscaliacol","https:\/\/www.linkedin.com\/company\/fiscalia-general-de-la-naci-n\/","https:\/\/youtube.com\/@fiscaliageneraldelanacion-4668?si=6nN79nyQICPU5iTh"]},{"@type":"Person","@id":"https:\/\/www.fiscalia.gov.co\/colombia\/#\/schema\/person\/66c172905e0492f1de6bbe5f93c4668f","name":"Paula Andrea Castillo Lenis","image":{"@type":"ImageObject","inLanguage":"es-CO","@id":"https:\/\/www.fiscalia.gov.co\/colombia\/#\/schema\/person\/image\/","url":"https:\/\/secure.gravatar.com\/avatar\/cb060d9561f2947c4102d1825739f868?s=96&d=mm&r=g","contentUrl":"https:\/\/secure.gravatar.com\/avatar\/cb060d9561f2947c4102d1825739f868?s=96&d=mm&r=g","caption":"Paula Andrea Castillo Lenis"},"url":"https:\/\/www.fiscalia.gov.co\/colombia\/author\/paula-castillo\/"}]}},"_links":{"self":[{"href":"https:\/\/www.fiscalia.gov.co\/colombia\/wp-json\/wp\/v2\/posts\/329641","targetHints":{"allow":["GET"]}}],"collection":[{"href":"https:\/\/www.fiscalia.gov.co\/colombia\/wp-json\/wp\/v2\/posts"}],"about":[{"href":"https:\/\/www.fiscalia.gov.co\/colombia\/wp-json\/wp\/v2\/types\/post"}],"author":[{"embeddable":true,"href":"https:\/\/www.fiscalia.gov.co\/colombia\/wp-json\/wp\/v2\/users\/182"}],"replies":[{"embeddable":true,"href":"https:\/\/www.fiscalia.gov.co\/colombia\/wp-json\/wp\/v2\/comments?post=329641"}],"version-history":[{"count":1,"href":"https:\/\/www.fiscalia.gov.co\/colombia\/wp-json\/wp\/v2\/posts\/329641\/revisions"}],"predecessor-version":[{"id":329642,"href":"https:\/\/www.fiscalia.gov.co\/colombia\/wp-json\/wp\/v2\/posts\/329641\/revisions\/329642"}],"wp:attachment":[{"href":"https:\/\/www.fiscalia.gov.co\/colombia\/wp-json\/wp\/v2\/media?parent=329641"}],"wp:term":[{"taxonomy":"category","embeddable":true,"href":"https:\/\/www.fiscalia.gov.co\/colombia\/wp-json\/wp\/v2\/categories?post=329641"},{"taxonomy":"post_tag","embeddable":true,"href":"https:\/\/www.fiscalia.gov.co\/colombia\/wp-json\/wp\/v2\/tags?post=329641"}],"curies":[{"name":"wp","href":"https:\/\/api.w.org\/{rel}","templated":true}]}}