{"id":329594,"date":"2026-01-15T11:43:24","date_gmt":"2026-01-15T16:43:24","guid":{"rendered":"https:\/\/www.fiscalia.gov.co\/colombia\/?p=329594"},"modified":"2026-01-15T11:43:24","modified_gmt":"2026-01-15T16:43:24","slug":"privan-de-la-libertad-a-tres-hombres-quienes-estarian-involucrados-en-diferentes-ilicitos","status":"publish","type":"post","link":"https:\/\/www.fiscalia.gov.co\/colombia\/noticias\/privan-de-la-libertad-a-tres-hombres-quienes-estarian-involucrados-en-diferentes-ilicitos\/","title":{"rendered":"Privan de la libertad a tres hombres quienes estar\u00edan involucrados en diferentes il\u00edcitos"},"content":{"rendered":"<figure id=\"attachment_329595\" aria-describedby=\"caption-attachment-329595\" style=\"width: 696px\" class=\"wp-caption aligncenter\"><img loading=\"lazy\" decoding=\"async\" class=\"wp-image-329595 size-large\" src=\"https:\/\/www.fiscalia.gov.co\/colombia\/wp-content\/uploads\/Juan-Sebastian-Canas-Zuleta-y-otros-dos.-Hurto-calificado-agravado.-Yotoco-Valle-1024x576.jpg\" alt=\"En la fotograf\u00eda aparecen en hilera, de pie y esposados entre s\u00ed Juan Sebasti\u00e1n Ram\u00edrez Giraldo y Cristian Stiben P\u00e9rez G\u00f3mez y V\u00edctor Alfonso Ca\u00f1as Zuleta. Uno viste camiseta de color negro, de manga corta y estampado en forma de tri\u00e1ngulo en pecho; as\u00ed como con pantal\u00f3n negro. Otro viste con camisa de manga larga, d color blanco con estampados irregulares de color azul y dorado; y pantal\u00f3n negro. El otro viste con buso de color gris, de manga larga, con estampado blanco en el pecho y pantal\u00f3n negro. En los extremos de ellos hay uniformados de la Polic\u00eda Nacional. Delante de ellos hay una mesa con mantel blanco y sobre ella hay un arma de fuego, munici\u00f3n, un celular y una bolsa. En el extremo izquierdo de la mesa hay una motocicleta. Detr\u00e1s de ellos hay un pend\u00f3n institucional de la Polic\u00eda.\" width=\"696\" height=\"392\" srcset=\"https:\/\/www.fiscalia.gov.co\/colombia\/wp-content\/uploads\/Juan-Sebastian-Canas-Zuleta-y-otros-dos.-Hurto-calificado-agravado.-Yotoco-Valle-1024x576.jpg 1024w, https:\/\/www.fiscalia.gov.co\/colombia\/wp-content\/uploads\/Juan-Sebastian-Canas-Zuleta-y-otros-dos.-Hurto-calificado-agravado.-Yotoco-Valle-300x169.jpg 300w, https:\/\/www.fiscalia.gov.co\/colombia\/wp-content\/uploads\/Juan-Sebastian-Canas-Zuleta-y-otros-dos.-Hurto-calificado-agravado.-Yotoco-Valle-768x432.jpg 768w, https:\/\/www.fiscalia.gov.co\/colombia\/wp-content\/uploads\/Juan-Sebastian-Canas-Zuleta-y-otros-dos.-Hurto-calificado-agravado.-Yotoco-Valle-1536x864.jpg 1536w, https:\/\/www.fiscalia.gov.co\/colombia\/wp-content\/uploads\/Juan-Sebastian-Canas-Zuleta-y-otros-dos.-Hurto-calificado-agravado.-Yotoco-Valle-747x420.jpg 747w, https:\/\/www.fiscalia.gov.co\/colombia\/wp-content\/uploads\/Juan-Sebastian-Canas-Zuleta-y-otros-dos.-Hurto-calificado-agravado.-Yotoco-Valle-696x392.jpg 696w, https:\/\/www.fiscalia.gov.co\/colombia\/wp-content\/uploads\/Juan-Sebastian-Canas-Zuleta-y-otros-dos.-Hurto-calificado-agravado.-Yotoco-Valle-1068x601.jpg 1068w, https:\/\/www.fiscalia.gov.co\/colombia\/wp-content\/uploads\/Juan-Sebastian-Canas-Zuleta-y-otros-dos.-Hurto-calificado-agravado.-Yotoco-Valle.jpg 1600w\" sizes=\"auto, (max-width: 696px) 100vw, 696px\" \/><figcaption id=\"caption-attachment-329595\" class=\"wp-caption-text\">Juan Sebasti\u00e1n Ram\u00edrez Giraldo y Cristian Stiben P\u00e9rez G\u00f3mez y V\u00edctor Alfonso Ca\u00f1as Zuleta.<\/figcaption><\/figure>\n<p>La <strong>Fiscal\u00eda General de la Naci\u00f3n<\/strong> present\u00f3 ante un <strong>juez de control de garant\u00edas<\/strong> a tres hombres presuntamente implicados en los delitos de fuga de presos, porte ilegal de armas de fuego y receptaci\u00f3n; las \u00faltimas dos conductas agravadas.<\/p>\n<p>Se trata de Juan Sebasti\u00e1n Ram\u00edrez Giraldo, Cristian Stiben P\u00e9rez G\u00f3mez y V\u00edctor Alfonso Ca\u00f1as Zuleta quienes fueron capturados durante una<strong> diligencia de registro y allanamiento<\/strong>, realizada\u00a0por la Polic\u00eda Nacional a una vivienda del corregimiento El Delirio, jurisdicci\u00f3n de <strong>Yotoco (Valle del Cauca).<\/strong><\/p>\n<p>Durante el procedimiento las autoridades incautaron un arma de fuego sin el permiso de porte y una motocicleta reportada como hurtada el pasado 10 de octubre en <strong>San Pedro (Valle del Cauca).<\/strong> Tambi\u00e9n se determin\u00f3 que Ram\u00edrez Giraldo y P\u00e9rez G\u00f3mez ten\u00edan\u00a0una orden de captura por el delito de fuga de presos.<\/p>\n<p>Por orden judicial los tres procesados deber\u00e1n cumplir la <strong>medida de aseguramiento en centro carcelario.<\/strong><\/p>\n<p>&nbsp;<\/p>\n<p>MAP\/DSVC\/MAGA<\/p>\n<p>&nbsp;<\/p>\n<p><em>La informaci\u00f3n contenida en este bolet\u00edn de prensa corresponde a la narraci\u00f3n de los hechos noticiosos objetivos, suministrados por los funcionarios encargados de adelantar las investigaciones penales al interior de la Fiscal\u00eda General de la Naci\u00f3n. Para el momento de la divulgaci\u00f3n de este comunicado, la situaci\u00f3n jur\u00eddica de la(s) persona(s) relacionada(s) se encuentra pendiente de resolver por la autoridad judicial competente, siempre bajo los preceptos de la presunci\u00f3n de inocencia, consagrados en el art\u00edculo 29 de la Constituci\u00f3n Pol\u00edtica y el art\u00edculo 7\u00ba de la Ley 906 de 2004.<\/em><\/p>\n\n<div class=\"twitter-share\"><a href=\"https:\/\/twitter.com\/intent\/tweet?via=fiscaliacol\" class=\"twitter-share-button\">Tweet<\/a><\/div>\n","protected":false},"excerpt":{"rendered":"<p>La Fiscal\u00eda General de la Naci\u00f3n present\u00f3 ante un juez de control de garant\u00edas a tres hombres presuntamente implicados en los delitos de fuga de presos, porte ilegal de armas de fuego y receptaci\u00f3n; las \u00faltimas dos conductas agravadas. Se trata de Juan Sebasti\u00e1n Ram\u00edrez Giraldo, Cristian Stiben P\u00e9rez G\u00f3mez y V\u00edctor Alfonso Ca\u00f1as Zuleta [&hellip;]<\/p>\n","protected":false},"author":182,"featured_media":0,"comment_status":"closed","ping_status":"open","sticky":false,"template":"","format":"standard","meta":{"_price":"","_stock":"","_tribe_ticket_header":"","_tribe_default_ticket_provider":"","_tribe_ticket_capacity":"0","_ticket_start_date":"","_ticket_end_date":"","_tribe_ticket_show_description":"","_tribe_ticket_show_not_going":false,"_tribe_ticket_use_global_stock":"","_tribe_ticket_global_stock_level":"","_global_stock_mode":"","_global_stock_cap":"","_tribe_rsvp_for_event":"","_tribe_ticket_going_count":"","_tribe_ticket_not_going_count":"","_tribe_tickets_list":"[]","_tribe_ticket_has_attendee_info_fields":false,"tdm_status":"","tdm_grid_status":"","footnotes":""},"categories":[1],"tags":[44911,44910,24551,44912,42760,1047,3903,28197,1185,31111,32153,558,4765,11581,2828,24783,1886,40540],"class_list":{"0":"post-329594","1":"post","2":"type-post","3":"status-publish","4":"format-standard","6":"category-noticias","7":"tag-arma-de-fuego-sin-permiso","8":"tag-captura-en-allanamiento","9":"tag-centro-carcelario","10":"tag-corregimiento-el-delirio","11":"tag-delitos-agravados","12":"tag-fiscalia-general-de-la-nacion","13":"tag-fuga-de-presos","14":"tag-juez-de-control-de-garantias","15":"tag-medida-de-aseguramiento","16":"tag-motocicleta-hurtada","17":"tag-orden-de-captura-vigente","18":"tag-policia-nacional","19":"tag-porte-ilegal-de-armas-de-fuego","20":"tag-proceso-penal","21":"tag-receptacion","22":"tag-registro-y-allanamiento","23":"tag-valle-del-cauca","24":"tag-yotoco"},"yoast_head":"<!-- This site is optimized with the Yoast SEO plugin v24.3 - https:\/\/yoast.com\/wordpress\/plugins\/seo\/ -->\n<title>Fiscal\u00eda General de la Naci\u00f3n<\/title>\n<meta name=\"description\" content=\"P\u00e1gina oficial de la Fiscal\u00eda General de la Naci\u00f3n \u2013 Colombia. Garantizamos el acceso efectivo a la justicia, la verdad y la reparaci\u00f3n de las v\u00edctimas de los delitos.\" \/>\n<meta name=\"robots\" content=\"noindex, follow\" \/>\n<meta property=\"og:locale\" content=\"es_ES\" \/>\n<meta property=\"og:type\" content=\"article\" \/>\n<meta property=\"og:title\" content=\"Fiscal\u00eda General de la Naci\u00f3n\" \/>\n<meta property=\"og:description\" content=\"P\u00e1gina oficial de la Fiscal\u00eda General de la Naci\u00f3n \u2013 Colombia. Garantizamos el acceso efectivo a la justicia, la verdad y la reparaci\u00f3n de las v\u00edctimas de los delitos.\" \/>\n<meta property=\"og:url\" content=\"https:\/\/www.fiscalia.gov.co\/colombia\/noticias\/privan-de-la-libertad-a-tres-hombres-quienes-estarian-involucrados-en-diferentes-ilicitos\/\" \/>\n<meta property=\"og:site_name\" content=\"Fiscal\u00eda General de la Naci\u00f3n\" \/>\n<meta property=\"article:publisher\" content=\"https:\/\/www.facebook.com\/FiscaliaCol\" \/>\n<meta property=\"article:published_time\" content=\"2026-01-15T16:43:24+00:00\" \/>\n<meta property=\"og:image\" content=\"https:\/\/www.fiscalia.gov.co\/colombia\/wp-content\/uploads\/Juan-Sebastian-Canas-Zuleta-y-otros-dos.-Hurto-calificado-agravado.-Yotoco-Valle.jpg\" \/>\n\t<meta property=\"og:image:width\" content=\"1600\" \/>\n\t<meta property=\"og:image:height\" content=\"900\" \/>\n\t<meta property=\"og:image:type\" content=\"image\/jpeg\" \/>\n<meta name=\"author\" content=\"Paula Andrea Castillo Lenis\" \/>\n<meta name=\"twitter:card\" content=\"summary_large_image\" \/>\n<meta name=\"twitter:creator\" content=\"@FiscaliaCol\" \/>\n<meta name=\"twitter:site\" content=\"@FiscaliaCol\" \/>\n<meta name=\"twitter:label1\" content=\"Escrito por\" \/>\n\t<meta name=\"twitter:data1\" content=\"Paula Andrea Castillo Lenis\" \/>\n\t<meta name=\"twitter:label2\" content=\"Tiempo de lectura\" \/>\n\t<meta name=\"twitter:data2\" content=\"2 minutos\" \/>\n<script type=\"application\/ld+json\" class=\"yoast-schema-graph\">{\"@context\":\"https:\/\/schema.org\",\"@graph\":[{\"@type\":\"Article\",\"@id\":\"https:\/\/www.fiscalia.gov.co\/colombia\/noticias\/privan-de-la-libertad-a-tres-hombres-quienes-estarian-involucrados-en-diferentes-ilicitos\/#article\",\"isPartOf\":{\"@id\":\"https:\/\/www.fiscalia.gov.co\/colombia\/noticias\/privan-de-la-libertad-a-tres-hombres-quienes-estarian-involucrados-en-diferentes-ilicitos\/\"},\"author\":{\"name\":\"Paula Andrea Castillo Lenis\",\"@id\":\"https:\/\/www.fiscalia.gov.co\/colombia\/#\/schema\/person\/66c172905e0492f1de6bbe5f93c4668f\"},\"headline\":\"Privan de la libertad a tres hombres quienes estar\u00edan involucrados en diferentes il\u00edcitos\",\"datePublished\":\"2026-01-15T16:43:24+00:00\",\"dateModified\":\"2026-01-15T16:43:24+00:00\",\"mainEntityOfPage\":{\"@id\":\"https:\/\/www.fiscalia.gov.co\/colombia\/noticias\/privan-de-la-libertad-a-tres-hombres-quienes-estarian-involucrados-en-diferentes-ilicitos\/\"},\"wordCount\":317,\"publisher\":{\"@id\":\"https:\/\/www.fiscalia.gov.co\/colombia\/#organization\"},\"image\":{\"@id\":\"https:\/\/www.fiscalia.gov.co\/colombia\/noticias\/privan-de-la-libertad-a-tres-hombres-quienes-estarian-involucrados-en-diferentes-ilicitos\/#primaryimage\"},\"thumbnailUrl\":\"https:\/\/www.fiscalia.gov.co\/colombia\/wp-content\/uploads\/Juan-Sebastian-Canas-Zuleta-y-otros-dos.-Hurto-calificado-agravado.-Yotoco-Valle-1024x576.jpg\",\"keywords\":[\"arma de fuego sin permiso\",\"captura en allanamiento\",\"centro carcelario\",\"corregimiento El Delirio\",\"delitos agravados\",\"Fiscal\u00eda General de la Naci\u00f3n\",\"Fuga de presos\",\"juez de control de garant\u00edas\",\"Medida de aseguramiento\",\"motocicleta hurtada\",\"orden de captura vigente\",\"Polic\u00eda Nacional\",\"Porte ilegal de armas de fuego\",\"Proceso penal\",\"Receptaci\u00f3n\",\"registro y allanamiento.\",\"Valle del Cauca\",\"Yotoco\"],\"articleSection\":[\"Noticias\"],\"inLanguage\":\"es-CO\"},{\"@type\":\"WebPage\",\"@id\":\"https:\/\/www.fiscalia.gov.co\/colombia\/noticias\/privan-de-la-libertad-a-tres-hombres-quienes-estarian-involucrados-en-diferentes-ilicitos\/\",\"url\":\"https:\/\/www.fiscalia.gov.co\/colombia\/noticias\/privan-de-la-libertad-a-tres-hombres-quienes-estarian-involucrados-en-diferentes-ilicitos\/\",\"name\":\"Fiscal\u00eda General de la Naci\u00f3n\",\"isPartOf\":{\"@id\":\"https:\/\/www.fiscalia.gov.co\/colombia\/#website\"},\"primaryImageOfPage\":{\"@id\":\"https:\/\/www.fiscalia.gov.co\/colombia\/noticias\/privan-de-la-libertad-a-tres-hombres-quienes-estarian-involucrados-en-diferentes-ilicitos\/#primaryimage\"},\"image\":{\"@id\":\"https:\/\/www.fiscalia.gov.co\/colombia\/noticias\/privan-de-la-libertad-a-tres-hombres-quienes-estarian-involucrados-en-diferentes-ilicitos\/#primaryimage\"},\"thumbnailUrl\":\"https:\/\/www.fiscalia.gov.co\/colombia\/wp-content\/uploads\/Juan-Sebastian-Canas-Zuleta-y-otros-dos.-Hurto-calificado-agravado.-Yotoco-Valle-1024x576.jpg\",\"datePublished\":\"2026-01-15T16:43:24+00:00\",\"dateModified\":\"2026-01-15T16:43:24+00:00\",\"description\":\"P\u00e1gina oficial de la Fiscal\u00eda General de la Naci\u00f3n \u2013 Colombia. Garantizamos el acceso efectivo a la justicia, la verdad y la reparaci\u00f3n de las v\u00edctimas de los delitos.\",\"breadcrumb\":{\"@id\":\"https:\/\/www.fiscalia.gov.co\/colombia\/noticias\/privan-de-la-libertad-a-tres-hombres-quienes-estarian-involucrados-en-diferentes-ilicitos\/#breadcrumb\"},\"inLanguage\":\"es-CO\",\"potentialAction\":[{\"@type\":\"ReadAction\",\"target\":[\"https:\/\/www.fiscalia.gov.co\/colombia\/noticias\/privan-de-la-libertad-a-tres-hombres-quienes-estarian-involucrados-en-diferentes-ilicitos\/\"]}]},{\"@type\":\"ImageObject\",\"inLanguage\":\"es-CO\",\"@id\":\"https:\/\/www.fiscalia.gov.co\/colombia\/noticias\/privan-de-la-libertad-a-tres-hombres-quienes-estarian-involucrados-en-diferentes-ilicitos\/#primaryimage\",\"url\":\"https:\/\/www.fiscalia.gov.co\/colombia\/wp-content\/uploads\/Juan-Sebastian-Canas-Zuleta-y-otros-dos.-Hurto-calificado-agravado.-Yotoco-Valle.jpg\",\"contentUrl\":\"https:\/\/www.fiscalia.gov.co\/colombia\/wp-content\/uploads\/Juan-Sebastian-Canas-Zuleta-y-otros-dos.-Hurto-calificado-agravado.-Yotoco-Valle.jpg\",\"width\":1600,\"height\":900,\"caption\":\"Juan Sebasti\u00e1n Ram\u00edrez Giraldo y Cristian Stiben P\u00e9rez G\u00f3mez y V\u00edctor Alfonso Ca\u00f1as Zuleta.\"},{\"@type\":\"BreadcrumbList\",\"@id\":\"https:\/\/www.fiscalia.gov.co\/colombia\/noticias\/privan-de-la-libertad-a-tres-hombres-quienes-estarian-involucrados-en-diferentes-ilicitos\/#breadcrumb\",\"itemListElement\":[{\"@type\":\"ListItem\",\"position\":1,\"name\":\"Home\",\"item\":\"https:\/\/www.fiscalia.gov.co\/colombia\/\"},{\"@type\":\"ListItem\",\"position\":2,\"name\":\"Privan de la libertad a tres hombres quienes estar\u00edan involucrados en diferentes il\u00edcitos\"}]},{\"@type\":\"WebSite\",\"@id\":\"https:\/\/www.fiscalia.gov.co\/colombia\/#website\",\"url\":\"https:\/\/www.fiscalia.gov.co\/colombia\/\",\"name\":\"Fiscal\u00eda General de la Naci\u00f3n\",\"description\":\"P\u00e1gina oficial de la Fiscal\u00eda General de la Naci\u00f3n \u2013 Colombia. Garantizamos el acceso efectivo a la justicia, la verdad y la reparaci\u00f3n de las v\u00edctimas de los delitos.\",\"publisher\":{\"@id\":\"https:\/\/www.fiscalia.gov.co\/colombia\/#organization\"},\"potentialAction\":[{\"@type\":\"SearchAction\",\"target\":{\"@type\":\"EntryPoint\",\"urlTemplate\":\"https:\/\/www.fiscalia.gov.co\/colombia\/?s={search_term_string}\"},\"query-input\":{\"@type\":\"PropertyValueSpecification\",\"valueRequired\":true,\"valueName\":\"search_term_string\"}}],\"inLanguage\":\"es-CO\"},{\"@type\":\"Organization\",\"@id\":\"https:\/\/www.fiscalia.gov.co\/colombia\/#organization\",\"name\":\"Fiscal\u00eda General de la Naci\u00f3n\",\"url\":\"https:\/\/www.fiscalia.gov.co\/colombia\/\",\"logo\":{\"@type\":\"ImageObject\",\"inLanguage\":\"es-CO\",\"@id\":\"https:\/\/www.fiscalia.gov.co\/colombia\/#\/schema\/logo\/image\/\",\"url\":\"https:\/\/www.fiscalia.gov.co\/colombia\/wp-content\/uploads\/LogoHorizontal_1.jpg\",\"contentUrl\":\"https:\/\/www.fiscalia.gov.co\/colombia\/wp-content\/uploads\/LogoHorizontal_1.jpg\",\"width\":300,\"height\":90,\"caption\":\"Fiscal\u00eda General de la Naci\u00f3n\"},\"image\":{\"@id\":\"https:\/\/www.fiscalia.gov.co\/colombia\/#\/schema\/logo\/image\/\"},\"sameAs\":[\"https:\/\/www.facebook.com\/FiscaliaCol\",\"https:\/\/x.com\/FiscaliaCol\",\"https:\/\/www.instagram.com\/fiscaliacol\",\"https:\/\/www.linkedin.com\/company\/fiscalia-general-de-la-naci-n\/\",\"https:\/\/youtube.com\/@fiscaliageneraldelanacion-4668?si=6nN79nyQICPU5iTh\"]},{\"@type\":\"Person\",\"@id\":\"https:\/\/www.fiscalia.gov.co\/colombia\/#\/schema\/person\/66c172905e0492f1de6bbe5f93c4668f\",\"name\":\"Paula Andrea Castillo Lenis\",\"image\":{\"@type\":\"ImageObject\",\"inLanguage\":\"es-CO\",\"@id\":\"https:\/\/www.fiscalia.gov.co\/colombia\/#\/schema\/person\/image\/\",\"url\":\"https:\/\/secure.gravatar.com\/avatar\/cb060d9561f2947c4102d1825739f868?s=96&d=mm&r=g\",\"contentUrl\":\"https:\/\/secure.gravatar.com\/avatar\/cb060d9561f2947c4102d1825739f868?s=96&d=mm&r=g\",\"caption\":\"Paula Andrea Castillo Lenis\"},\"url\":\"https:\/\/www.fiscalia.gov.co\/colombia\/author\/paula-castillo\/\"}]}<\/script>\n<!-- \/ Yoast SEO plugin. -->","yoast_head_json":{"title":"Fiscal\u00eda General de la Naci\u00f3n","description":"P\u00e1gina oficial de la Fiscal\u00eda General de la Naci\u00f3n \u2013 Colombia. Garantizamos el acceso efectivo a la justicia, la verdad y la reparaci\u00f3n de las v\u00edctimas de los delitos.","robots":{"index":"noindex","follow":"follow"},"og_locale":"es_ES","og_type":"article","og_title":"Fiscal\u00eda General de la Naci\u00f3n","og_description":"P\u00e1gina oficial de la Fiscal\u00eda General de la Naci\u00f3n \u2013 Colombia. Garantizamos el acceso efectivo a la justicia, la verdad y la reparaci\u00f3n de las v\u00edctimas de los delitos.","og_url":"https:\/\/www.fiscalia.gov.co\/colombia\/noticias\/privan-de-la-libertad-a-tres-hombres-quienes-estarian-involucrados-en-diferentes-ilicitos\/","og_site_name":"Fiscal\u00eda General de la Naci\u00f3n","article_publisher":"https:\/\/www.facebook.com\/FiscaliaCol","article_published_time":"2026-01-15T16:43:24+00:00","og_image":[{"width":1600,"height":900,"url":"https:\/\/www.fiscalia.gov.co\/colombia\/wp-content\/uploads\/Juan-Sebastian-Canas-Zuleta-y-otros-dos.-Hurto-calificado-agravado.-Yotoco-Valle.jpg","type":"image\/jpeg"}],"author":"Paula Andrea Castillo Lenis","twitter_card":"summary_large_image","twitter_creator":"@FiscaliaCol","twitter_site":"@FiscaliaCol","twitter_misc":{"Escrito por":"Paula Andrea Castillo Lenis","Tiempo de lectura":"2 minutos"},"schema":{"@context":"https:\/\/schema.org","@graph":[{"@type":"Article","@id":"https:\/\/www.fiscalia.gov.co\/colombia\/noticias\/privan-de-la-libertad-a-tres-hombres-quienes-estarian-involucrados-en-diferentes-ilicitos\/#article","isPartOf":{"@id":"https:\/\/www.fiscalia.gov.co\/colombia\/noticias\/privan-de-la-libertad-a-tres-hombres-quienes-estarian-involucrados-en-diferentes-ilicitos\/"},"author":{"name":"Paula Andrea Castillo Lenis","@id":"https:\/\/www.fiscalia.gov.co\/colombia\/#\/schema\/person\/66c172905e0492f1de6bbe5f93c4668f"},"headline":"Privan de la libertad a tres hombres quienes estar\u00edan involucrados en diferentes il\u00edcitos","datePublished":"2026-01-15T16:43:24+00:00","dateModified":"2026-01-15T16:43:24+00:00","mainEntityOfPage":{"@id":"https:\/\/www.fiscalia.gov.co\/colombia\/noticias\/privan-de-la-libertad-a-tres-hombres-quienes-estarian-involucrados-en-diferentes-ilicitos\/"},"wordCount":317,"publisher":{"@id":"https:\/\/www.fiscalia.gov.co\/colombia\/#organization"},"image":{"@id":"https:\/\/www.fiscalia.gov.co\/colombia\/noticias\/privan-de-la-libertad-a-tres-hombres-quienes-estarian-involucrados-en-diferentes-ilicitos\/#primaryimage"},"thumbnailUrl":"https:\/\/www.fiscalia.gov.co\/colombia\/wp-content\/uploads\/Juan-Sebastian-Canas-Zuleta-y-otros-dos.-Hurto-calificado-agravado.-Yotoco-Valle-1024x576.jpg","keywords":["arma de fuego sin permiso","captura en allanamiento","centro carcelario","corregimiento El Delirio","delitos agravados","Fiscal\u00eda General de la Naci\u00f3n","Fuga de presos","juez de control de garant\u00edas","Medida de aseguramiento","motocicleta hurtada","orden de captura vigente","Polic\u00eda Nacional","Porte ilegal de armas de fuego","Proceso penal","Receptaci\u00f3n","registro y allanamiento.","Valle del Cauca","Yotoco"],"articleSection":["Noticias"],"inLanguage":"es-CO"},{"@type":"WebPage","@id":"https:\/\/www.fiscalia.gov.co\/colombia\/noticias\/privan-de-la-libertad-a-tres-hombres-quienes-estarian-involucrados-en-diferentes-ilicitos\/","url":"https:\/\/www.fiscalia.gov.co\/colombia\/noticias\/privan-de-la-libertad-a-tres-hombres-quienes-estarian-involucrados-en-diferentes-ilicitos\/","name":"Fiscal\u00eda General de la Naci\u00f3n","isPartOf":{"@id":"https:\/\/www.fiscalia.gov.co\/colombia\/#website"},"primaryImageOfPage":{"@id":"https:\/\/www.fiscalia.gov.co\/colombia\/noticias\/privan-de-la-libertad-a-tres-hombres-quienes-estarian-involucrados-en-diferentes-ilicitos\/#primaryimage"},"image":{"@id":"https:\/\/www.fiscalia.gov.co\/colombia\/noticias\/privan-de-la-libertad-a-tres-hombres-quienes-estarian-involucrados-en-diferentes-ilicitos\/#primaryimage"},"thumbnailUrl":"https:\/\/www.fiscalia.gov.co\/colombia\/wp-content\/uploads\/Juan-Sebastian-Canas-Zuleta-y-otros-dos.-Hurto-calificado-agravado.-Yotoco-Valle-1024x576.jpg","datePublished":"2026-01-15T16:43:24+00:00","dateModified":"2026-01-15T16:43:24+00:00","description":"P\u00e1gina oficial de la Fiscal\u00eda General de la Naci\u00f3n \u2013 Colombia. Garantizamos el acceso efectivo a la justicia, la verdad y la reparaci\u00f3n de las v\u00edctimas de los delitos.","breadcrumb":{"@id":"https:\/\/www.fiscalia.gov.co\/colombia\/noticias\/privan-de-la-libertad-a-tres-hombres-quienes-estarian-involucrados-en-diferentes-ilicitos\/#breadcrumb"},"inLanguage":"es-CO","potentialAction":[{"@type":"ReadAction","target":["https:\/\/www.fiscalia.gov.co\/colombia\/noticias\/privan-de-la-libertad-a-tres-hombres-quienes-estarian-involucrados-en-diferentes-ilicitos\/"]}]},{"@type":"ImageObject","inLanguage":"es-CO","@id":"https:\/\/www.fiscalia.gov.co\/colombia\/noticias\/privan-de-la-libertad-a-tres-hombres-quienes-estarian-involucrados-en-diferentes-ilicitos\/#primaryimage","url":"https:\/\/www.fiscalia.gov.co\/colombia\/wp-content\/uploads\/Juan-Sebastian-Canas-Zuleta-y-otros-dos.-Hurto-calificado-agravado.-Yotoco-Valle.jpg","contentUrl":"https:\/\/www.fiscalia.gov.co\/colombia\/wp-content\/uploads\/Juan-Sebastian-Canas-Zuleta-y-otros-dos.-Hurto-calificado-agravado.-Yotoco-Valle.jpg","width":1600,"height":900,"caption":"Juan Sebasti\u00e1n Ram\u00edrez Giraldo y Cristian Stiben P\u00e9rez G\u00f3mez y V\u00edctor Alfonso Ca\u00f1as Zuleta."},{"@type":"BreadcrumbList","@id":"https:\/\/www.fiscalia.gov.co\/colombia\/noticias\/privan-de-la-libertad-a-tres-hombres-quienes-estarian-involucrados-en-diferentes-ilicitos\/#breadcrumb","itemListElement":[{"@type":"ListItem","position":1,"name":"Home","item":"https:\/\/www.fiscalia.gov.co\/colombia\/"},{"@type":"ListItem","position":2,"name":"Privan de la libertad a tres hombres quienes estar\u00edan involucrados en diferentes il\u00edcitos"}]},{"@type":"WebSite","@id":"https:\/\/www.fiscalia.gov.co\/colombia\/#website","url":"https:\/\/www.fiscalia.gov.co\/colombia\/","name":"Fiscal\u00eda General de la Naci\u00f3n","description":"P\u00e1gina oficial de la Fiscal\u00eda General de la Naci\u00f3n \u2013 Colombia. Garantizamos el acceso efectivo a la justicia, la verdad y la reparaci\u00f3n de las v\u00edctimas de los delitos.","publisher":{"@id":"https:\/\/www.fiscalia.gov.co\/colombia\/#organization"},"potentialAction":[{"@type":"SearchAction","target":{"@type":"EntryPoint","urlTemplate":"https:\/\/www.fiscalia.gov.co\/colombia\/?s={search_term_string}"},"query-input":{"@type":"PropertyValueSpecification","valueRequired":true,"valueName":"search_term_string"}}],"inLanguage":"es-CO"},{"@type":"Organization","@id":"https:\/\/www.fiscalia.gov.co\/colombia\/#organization","name":"Fiscal\u00eda General de la Naci\u00f3n","url":"https:\/\/www.fiscalia.gov.co\/colombia\/","logo":{"@type":"ImageObject","inLanguage":"es-CO","@id":"https:\/\/www.fiscalia.gov.co\/colombia\/#\/schema\/logo\/image\/","url":"https:\/\/www.fiscalia.gov.co\/colombia\/wp-content\/uploads\/LogoHorizontal_1.jpg","contentUrl":"https:\/\/www.fiscalia.gov.co\/colombia\/wp-content\/uploads\/LogoHorizontal_1.jpg","width":300,"height":90,"caption":"Fiscal\u00eda General de la Naci\u00f3n"},"image":{"@id":"https:\/\/www.fiscalia.gov.co\/colombia\/#\/schema\/logo\/image\/"},"sameAs":["https:\/\/www.facebook.com\/FiscaliaCol","https:\/\/x.com\/FiscaliaCol","https:\/\/www.instagram.com\/fiscaliacol","https:\/\/www.linkedin.com\/company\/fiscalia-general-de-la-naci-n\/","https:\/\/youtube.com\/@fiscaliageneraldelanacion-4668?si=6nN79nyQICPU5iTh"]},{"@type":"Person","@id":"https:\/\/www.fiscalia.gov.co\/colombia\/#\/schema\/person\/66c172905e0492f1de6bbe5f93c4668f","name":"Paula Andrea Castillo Lenis","image":{"@type":"ImageObject","inLanguage":"es-CO","@id":"https:\/\/www.fiscalia.gov.co\/colombia\/#\/schema\/person\/image\/","url":"https:\/\/secure.gravatar.com\/avatar\/cb060d9561f2947c4102d1825739f868?s=96&d=mm&r=g","contentUrl":"https:\/\/secure.gravatar.com\/avatar\/cb060d9561f2947c4102d1825739f868?s=96&d=mm&r=g","caption":"Paula Andrea Castillo Lenis"},"url":"https:\/\/www.fiscalia.gov.co\/colombia\/author\/paula-castillo\/"}]}},"_links":{"self":[{"href":"https:\/\/www.fiscalia.gov.co\/colombia\/wp-json\/wp\/v2\/posts\/329594","targetHints":{"allow":["GET"]}}],"collection":[{"href":"https:\/\/www.fiscalia.gov.co\/colombia\/wp-json\/wp\/v2\/posts"}],"about":[{"href":"https:\/\/www.fiscalia.gov.co\/colombia\/wp-json\/wp\/v2\/types\/post"}],"author":[{"embeddable":true,"href":"https:\/\/www.fiscalia.gov.co\/colombia\/wp-json\/wp\/v2\/users\/182"}],"replies":[{"embeddable":true,"href":"https:\/\/www.fiscalia.gov.co\/colombia\/wp-json\/wp\/v2\/comments?post=329594"}],"version-history":[{"count":1,"href":"https:\/\/www.fiscalia.gov.co\/colombia\/wp-json\/wp\/v2\/posts\/329594\/revisions"}],"predecessor-version":[{"id":329596,"href":"https:\/\/www.fiscalia.gov.co\/colombia\/wp-json\/wp\/v2\/posts\/329594\/revisions\/329596"}],"wp:attachment":[{"href":"https:\/\/www.fiscalia.gov.co\/colombia\/wp-json\/wp\/v2\/media?parent=329594"}],"wp:term":[{"taxonomy":"category","embeddable":true,"href":"https:\/\/www.fiscalia.gov.co\/colombia\/wp-json\/wp\/v2\/categories?post=329594"},{"taxonomy":"post_tag","embeddable":true,"href":"https:\/\/www.fiscalia.gov.co\/colombia\/wp-json\/wp\/v2\/tags?post=329594"}],"curies":[{"name":"wp","href":"https:\/\/api.w.org\/{rel}","templated":true}]}}