{"id":329591,"date":"2026-01-15T11:31:32","date_gmt":"2026-01-15T16:31:32","guid":{"rendered":"https:\/\/www.fiscalia.gov.co\/colombia\/?p=329591"},"modified":"2026-01-15T11:31:32","modified_gmt":"2026-01-15T16:31:32","slug":"en-tulua-valle-del-cauca-fue-asegurado-en-centro-carcelario-un-hombre-senalado-de-causar-la-muerte-de-otra-persona","status":"publish","type":"post","link":"https:\/\/www.fiscalia.gov.co\/colombia\/noticias\/en-tulua-valle-del-cauca-fue-asegurado-en-centro-carcelario-un-hombre-senalado-de-causar-la-muerte-de-otra-persona\/","title":{"rendered":"En Tulu\u00e1 (Valle del Cauca) fue asegurado en centro carcelario un hombre se\u00f1alado de causar la muerte de otra persona"},"content":{"rendered":"<figure id=\"attachment_329592\" aria-describedby=\"caption-attachment-329592\" style=\"width: 696px\" class=\"wp-caption aligncenter\"><img loading=\"lazy\" decoding=\"async\" class=\"wp-image-329592 size-large\" src=\"https:\/\/www.fiscalia.gov.co\/colombia\/wp-content\/uploads\/Edimer-Vasquez-Giraldo.-Homicidio-agravado-y-porte-ilegal-armas.-Tulua-Valle.--1024x671.jpg\" alt=\"En la fotograf\u00eda aparece de pie, con los brazos atr\u00e1s y la cabeza inclinada hacia adelante. Viste con de color azul claro, cuello d color azul oscuro, frajas azules en los bordes de las mangas y franjas azules y blancas en el pecho; jean de color gris desgastado. En sus extremos hay uniformados de la Polic\u00eda Nacional. Delante de ellos hay una superficie de color verde y sobre ella hay un arma de fuego y munici\u00f3n. Asimimso, hay dos letreros que dicen: \u2018Munici\u00f3n\u2019 y \u00b4Arma de fuego incautada\u2019. En la parte de atr\u00e1s hay un pend\u00f3n institucional de la Polic\u00eda.\" width=\"696\" height=\"456\" srcset=\"https:\/\/www.fiscalia.gov.co\/colombia\/wp-content\/uploads\/Edimer-Vasquez-Giraldo.-Homicidio-agravado-y-porte-ilegal-armas.-Tulua-Valle.--1024x671.jpg 1024w, https:\/\/www.fiscalia.gov.co\/colombia\/wp-content\/uploads\/Edimer-Vasquez-Giraldo.-Homicidio-agravado-y-porte-ilegal-armas.-Tulua-Valle.--300x197.jpg 300w, https:\/\/www.fiscalia.gov.co\/colombia\/wp-content\/uploads\/Edimer-Vasquez-Giraldo.-Homicidio-agravado-y-porte-ilegal-armas.-Tulua-Valle.--768x503.jpg 768w, https:\/\/www.fiscalia.gov.co\/colombia\/wp-content\/uploads\/Edimer-Vasquez-Giraldo.-Homicidio-agravado-y-porte-ilegal-armas.-Tulua-Valle.--641x420.jpg 641w, https:\/\/www.fiscalia.gov.co\/colombia\/wp-content\/uploads\/Edimer-Vasquez-Giraldo.-Homicidio-agravado-y-porte-ilegal-armas.-Tulua-Valle.--696x456.jpg 696w, https:\/\/www.fiscalia.gov.co\/colombia\/wp-content\/uploads\/Edimer-Vasquez-Giraldo.-Homicidio-agravado-y-porte-ilegal-armas.-Tulua-Valle.--1068x700.jpg 1068w, https:\/\/www.fiscalia.gov.co\/colombia\/wp-content\/uploads\/Edimer-Vasquez-Giraldo.-Homicidio-agravado-y-porte-ilegal-armas.-Tulua-Valle.--741x486.jpg 741w, https:\/\/www.fiscalia.gov.co\/colombia\/wp-content\/uploads\/Edimer-Vasquez-Giraldo.-Homicidio-agravado-y-porte-ilegal-armas.-Tulua-Valle.-.jpg 1374w\" sizes=\"auto, (max-width: 696px) 100vw, 696px\" \/><figcaption id=\"caption-attachment-329592\" class=\"wp-caption-text\">Edimer V\u00e1squez Giraldo, de 47 a\u00f1os.<\/figcaption><\/figure>\n<p>La<strong> Fiscal\u00eda General de la Naci\u00f3n<\/strong>, a trav\u00e9s de la <strong>Seccional Valle del Cauca<\/strong>, judicializ\u00f3 a Edimer V\u00e1squez Giraldo, de 47 a\u00f1os, presuntamente responsable del homicidio de un hombre en <strong>Tulu\u00e1.<\/strong><\/p>\n<p>El crimen sucedi\u00f3 el pasado 9 de enero en el <strong>corregimiento Aguaclara<\/strong> del referido municipio. Al parecer, el procesado atac\u00f3 con un arma de fuego a un hombre de 34 a\u00f1os, quien fue trasladado a un centro asistencial a donde lleg\u00f3 sin signos vitales.<\/p>\n<p>El hoy imputado fue <strong>capturado en flagrancia<\/strong> por la Polic\u00eda Nacional y dejado a disposici\u00f3n de un fiscal quien le imput\u00f3 los delitos de h<strong>omicidio agravado y fabricaci\u00f3n, tr\u00e1fico y porte de armas de fuego o municiones<\/strong>, cargos que no fueron aceptados.<\/p>\n<p>Por decisi\u00f3n judicial V\u00e1squez Giraldo deber\u00e1 cumplir la <strong>medida de aseguramiento en centro carcelario.<\/strong><\/p>\n<p>&nbsp;<\/p>\n<p>MAP\/DSVC\/MAGA<\/p>\n<p>&nbsp;<\/p>\n<p><em>La informaci\u00f3n contenida en este bolet\u00edn de prensa corresponde a la narraci\u00f3n de los hechos noticiosos objetivos, suministrados por los funcionarios encargados de adelantar las investigaciones penales al interior de la Fiscal\u00eda General de la Naci\u00f3n. Para el momento de la divulgaci\u00f3n de este comunicado, la situaci\u00f3n jur\u00eddica de la(s) persona(s) relacionada(s) se encuentra pendiente de resolver por la autoridad judicial competente, siempre bajo los preceptos de la presunci\u00f3n de inocencia, consagrados en el art\u00edculo 29 de la Constituci\u00f3n Pol\u00edtica y el art\u00edculo 7\u00ba de la Ley 906 de 2004.<\/em><\/p>\n<p>&nbsp;<\/p>\n\n<div class=\"twitter-share\"><a href=\"https:\/\/twitter.com\/intent\/tweet?via=fiscaliacol\" class=\"twitter-share-button\">Tweet<\/a><\/div>\n","protected":false},"excerpt":{"rendered":"<p>La Fiscal\u00eda General de la Naci\u00f3n, a trav\u00e9s de la Seccional Valle del Cauca, judicializ\u00f3 a Edimer V\u00e1squez Giraldo, de 47 a\u00f1os, presuntamente responsable del homicidio de un hombre en Tulu\u00e1. El crimen sucedi\u00f3 el pasado 9 de enero en el corregimiento Aguaclara del referido municipio. Al parecer, el procesado atac\u00f3 con un arma de [&hellip;]<\/p>\n","protected":false},"author":182,"featured_media":0,"comment_status":"closed","ping_status":"open","sticky":false,"template":"","format":"standard","meta":{"_price":"","_stock":"","_tribe_ticket_header":"","_tribe_default_ticket_provider":"","_tribe_ticket_capacity":"0","_ticket_start_date":"","_ticket_end_date":"","_tribe_ticket_show_description":"","_tribe_ticket_show_not_going":false,"_tribe_ticket_use_global_stock":"","_tribe_ticket_global_stock_level":"","_global_stock_mode":"","_global_stock_cap":"","_tribe_rsvp_for_event":"","_tribe_ticket_going_count":"","_tribe_ticket_not_going_count":"","_tribe_tickets_list":"[]","_tribe_ticket_has_attendee_info_fields":false,"tdm_status":"","tdm_grid_status":"","footnotes":""},"categories":[1],"tags":[12163,24955,24551,44909,43568,14711,1047,686,44908,15474,25812,1185,5699,558,11581,29437,1886],"class_list":{"0":"post-329591","1":"post","2":"type-post","3":"status-publish","4":"format-standard","6":"category-noticias","7":"tag-arma-de-fuego","8":"tag-captura-en-flagrancia","9":"tag-centro-carcelario","10":"tag-corregimiento-aguaclara","11":"tag-crimen-violento","12":"tag-fabricacion-trafico-y-porte-de-armas-de-fuego","13":"tag-fiscalia-general-de-la-nacion","14":"tag-homicidio-agravado","15":"tag-homicidio-en-tulua","16":"tag-imputacion-de-cargos","17":"tag-judicializacion","18":"tag-medida-de-aseguramiento","19":"tag-municiones","20":"tag-policia-nacional","21":"tag-proceso-penal","22":"tag-seccional-valle-del-cauca","23":"tag-valle-del-cauca"},"yoast_head":"<!-- This site is optimized with the Yoast SEO plugin v24.3 - https:\/\/yoast.com\/wordpress\/plugins\/seo\/ -->\n<title>Fiscal\u00eda General de la Naci\u00f3n<\/title>\n<meta name=\"description\" content=\"P\u00e1gina oficial de la Fiscal\u00eda General de la Naci\u00f3n \u2013 Colombia. Garantizamos el acceso efectivo a la justicia, la verdad y la reparaci\u00f3n de las v\u00edctimas de los delitos.\" \/>\n<meta name=\"robots\" content=\"noindex, follow\" \/>\n<meta property=\"og:locale\" content=\"es_ES\" \/>\n<meta property=\"og:type\" content=\"article\" \/>\n<meta property=\"og:title\" content=\"Fiscal\u00eda General de la Naci\u00f3n\" \/>\n<meta property=\"og:description\" content=\"P\u00e1gina oficial de la Fiscal\u00eda General de la Naci\u00f3n \u2013 Colombia. Garantizamos el acceso efectivo a la justicia, la verdad y la reparaci\u00f3n de las v\u00edctimas de los delitos.\" \/>\n<meta property=\"og:url\" content=\"https:\/\/www.fiscalia.gov.co\/colombia\/noticias\/en-tulua-valle-del-cauca-fue-asegurado-en-centro-carcelario-un-hombre-senalado-de-causar-la-muerte-de-otra-persona\/\" \/>\n<meta property=\"og:site_name\" content=\"Fiscal\u00eda General de la Naci\u00f3n\" \/>\n<meta property=\"article:publisher\" content=\"https:\/\/www.facebook.com\/FiscaliaCol\" \/>\n<meta property=\"article:published_time\" content=\"2026-01-15T16:31:32+00:00\" \/>\n<meta property=\"og:image\" content=\"https:\/\/www.fiscalia.gov.co\/colombia\/wp-content\/uploads\/Edimer-Vasquez-Giraldo.-Homicidio-agravado-y-porte-ilegal-armas.-Tulua-Valle.-.jpg\" \/>\n\t<meta property=\"og:image:width\" content=\"1374\" \/>\n\t<meta property=\"og:image:height\" content=\"900\" \/>\n\t<meta property=\"og:image:type\" content=\"image\/jpeg\" \/>\n<meta name=\"author\" content=\"Paula Andrea Castillo Lenis\" \/>\n<meta name=\"twitter:card\" content=\"summary_large_image\" \/>\n<meta name=\"twitter:creator\" content=\"@FiscaliaCol\" \/>\n<meta name=\"twitter:site\" content=\"@FiscaliaCol\" \/>\n<meta name=\"twitter:label1\" content=\"Escrito por\" \/>\n\t<meta name=\"twitter:data1\" content=\"Paula Andrea Castillo Lenis\" \/>\n\t<meta name=\"twitter:label2\" content=\"Tiempo de lectura\" \/>\n\t<meta name=\"twitter:data2\" content=\"2 minutos\" \/>\n<script type=\"application\/ld+json\" class=\"yoast-schema-graph\">{\"@context\":\"https:\/\/schema.org\",\"@graph\":[{\"@type\":\"Article\",\"@id\":\"https:\/\/www.fiscalia.gov.co\/colombia\/noticias\/en-tulua-valle-del-cauca-fue-asegurado-en-centro-carcelario-un-hombre-senalado-de-causar-la-muerte-de-otra-persona\/#article\",\"isPartOf\":{\"@id\":\"https:\/\/www.fiscalia.gov.co\/colombia\/noticias\/en-tulua-valle-del-cauca-fue-asegurado-en-centro-carcelario-un-hombre-senalado-de-causar-la-muerte-de-otra-persona\/\"},\"author\":{\"name\":\"Paula Andrea Castillo Lenis\",\"@id\":\"https:\/\/www.fiscalia.gov.co\/colombia\/#\/schema\/person\/66c172905e0492f1de6bbe5f93c4668f\"},\"headline\":\"En Tulu\u00e1 (Valle del Cauca) fue asegurado en centro carcelario un hombre se\u00f1alado de causar la muerte de otra persona\",\"datePublished\":\"2026-01-15T16:31:32+00:00\",\"dateModified\":\"2026-01-15T16:31:32+00:00\",\"mainEntityOfPage\":{\"@id\":\"https:\/\/www.fiscalia.gov.co\/colombia\/noticias\/en-tulua-valle-del-cauca-fue-asegurado-en-centro-carcelario-un-hombre-senalado-de-causar-la-muerte-de-otra-persona\/\"},\"wordCount\":283,\"publisher\":{\"@id\":\"https:\/\/www.fiscalia.gov.co\/colombia\/#organization\"},\"image\":{\"@id\":\"https:\/\/www.fiscalia.gov.co\/colombia\/noticias\/en-tulua-valle-del-cauca-fue-asegurado-en-centro-carcelario-un-hombre-senalado-de-causar-la-muerte-de-otra-persona\/#primaryimage\"},\"thumbnailUrl\":\"https:\/\/www.fiscalia.gov.co\/colombia\/wp-content\/uploads\/Edimer-Vasquez-Giraldo.-Homicidio-agravado-y-porte-ilegal-armas.-Tulua-Valle.--1024x671.jpg\",\"keywords\":[\"Arma de fuego\",\"captura en flagrancia\",\"centro carcelario\",\"corregimiento Aguaclara\",\"crimen violento\",\"fabricaci\u00f3n tr\u00e1fico y porte de armas de fuego\",\"Fiscal\u00eda General de la Naci\u00f3n\",\"Homicidio agravado\",\"homicidio en Tulu\u00e1\",\"Imputaci\u00f3n de cargos\",\"Judicializaci\u00f3n\",\"Medida de aseguramiento\",\"Municiones\",\"Polic\u00eda Nacional\",\"Proceso penal\",\"Seccional Valle del Cauca\",\"Valle del Cauca\"],\"articleSection\":[\"Noticias\"],\"inLanguage\":\"es-CO\"},{\"@type\":\"WebPage\",\"@id\":\"https:\/\/www.fiscalia.gov.co\/colombia\/noticias\/en-tulua-valle-del-cauca-fue-asegurado-en-centro-carcelario-un-hombre-senalado-de-causar-la-muerte-de-otra-persona\/\",\"url\":\"https:\/\/www.fiscalia.gov.co\/colombia\/noticias\/en-tulua-valle-del-cauca-fue-asegurado-en-centro-carcelario-un-hombre-senalado-de-causar-la-muerte-de-otra-persona\/\",\"name\":\"Fiscal\u00eda General de la Naci\u00f3n\",\"isPartOf\":{\"@id\":\"https:\/\/www.fiscalia.gov.co\/colombia\/#website\"},\"primaryImageOfPage\":{\"@id\":\"https:\/\/www.fiscalia.gov.co\/colombia\/noticias\/en-tulua-valle-del-cauca-fue-asegurado-en-centro-carcelario-un-hombre-senalado-de-causar-la-muerte-de-otra-persona\/#primaryimage\"},\"image\":{\"@id\":\"https:\/\/www.fiscalia.gov.co\/colombia\/noticias\/en-tulua-valle-del-cauca-fue-asegurado-en-centro-carcelario-un-hombre-senalado-de-causar-la-muerte-de-otra-persona\/#primaryimage\"},\"thumbnailUrl\":\"https:\/\/www.fiscalia.gov.co\/colombia\/wp-content\/uploads\/Edimer-Vasquez-Giraldo.-Homicidio-agravado-y-porte-ilegal-armas.-Tulua-Valle.--1024x671.jpg\",\"datePublished\":\"2026-01-15T16:31:32+00:00\",\"dateModified\":\"2026-01-15T16:31:32+00:00\",\"description\":\"P\u00e1gina oficial de la Fiscal\u00eda General de la Naci\u00f3n \u2013 Colombia. Garantizamos el acceso efectivo a la justicia, la verdad y la reparaci\u00f3n de las v\u00edctimas de los delitos.\",\"breadcrumb\":{\"@id\":\"https:\/\/www.fiscalia.gov.co\/colombia\/noticias\/en-tulua-valle-del-cauca-fue-asegurado-en-centro-carcelario-un-hombre-senalado-de-causar-la-muerte-de-otra-persona\/#breadcrumb\"},\"inLanguage\":\"es-CO\",\"potentialAction\":[{\"@type\":\"ReadAction\",\"target\":[\"https:\/\/www.fiscalia.gov.co\/colombia\/noticias\/en-tulua-valle-del-cauca-fue-asegurado-en-centro-carcelario-un-hombre-senalado-de-causar-la-muerte-de-otra-persona\/\"]}]},{\"@type\":\"ImageObject\",\"inLanguage\":\"es-CO\",\"@id\":\"https:\/\/www.fiscalia.gov.co\/colombia\/noticias\/en-tulua-valle-del-cauca-fue-asegurado-en-centro-carcelario-un-hombre-senalado-de-causar-la-muerte-de-otra-persona\/#primaryimage\",\"url\":\"https:\/\/www.fiscalia.gov.co\/colombia\/wp-content\/uploads\/Edimer-Vasquez-Giraldo.-Homicidio-agravado-y-porte-ilegal-armas.-Tulua-Valle.-.jpg\",\"contentUrl\":\"https:\/\/www.fiscalia.gov.co\/colombia\/wp-content\/uploads\/Edimer-Vasquez-Giraldo.-Homicidio-agravado-y-porte-ilegal-armas.-Tulua-Valle.-.jpg\",\"width\":1374,\"height\":900,\"caption\":\"Edimer V\u00e1squez Giraldo, de 47 a\u00f1os.\"},{\"@type\":\"BreadcrumbList\",\"@id\":\"https:\/\/www.fiscalia.gov.co\/colombia\/noticias\/en-tulua-valle-del-cauca-fue-asegurado-en-centro-carcelario-un-hombre-senalado-de-causar-la-muerte-de-otra-persona\/#breadcrumb\",\"itemListElement\":[{\"@type\":\"ListItem\",\"position\":1,\"name\":\"Home\",\"item\":\"https:\/\/www.fiscalia.gov.co\/colombia\/\"},{\"@type\":\"ListItem\",\"position\":2,\"name\":\"En Tulu\u00e1 (Valle del Cauca) fue asegurado en centro carcelario un hombre se\u00f1alado de causar la muerte de otra persona\"}]},{\"@type\":\"WebSite\",\"@id\":\"https:\/\/www.fiscalia.gov.co\/colombia\/#website\",\"url\":\"https:\/\/www.fiscalia.gov.co\/colombia\/\",\"name\":\"Fiscal\u00eda General de la Naci\u00f3n\",\"description\":\"P\u00e1gina oficial de la Fiscal\u00eda General de la Naci\u00f3n \u2013 Colombia. Garantizamos el acceso efectivo a la justicia, la verdad y la reparaci\u00f3n de las v\u00edctimas de los delitos.\",\"publisher\":{\"@id\":\"https:\/\/www.fiscalia.gov.co\/colombia\/#organization\"},\"potentialAction\":[{\"@type\":\"SearchAction\",\"target\":{\"@type\":\"EntryPoint\",\"urlTemplate\":\"https:\/\/www.fiscalia.gov.co\/colombia\/?s={search_term_string}\"},\"query-input\":{\"@type\":\"PropertyValueSpecification\",\"valueRequired\":true,\"valueName\":\"search_term_string\"}}],\"inLanguage\":\"es-CO\"},{\"@type\":\"Organization\",\"@id\":\"https:\/\/www.fiscalia.gov.co\/colombia\/#organization\",\"name\":\"Fiscal\u00eda General de la Naci\u00f3n\",\"url\":\"https:\/\/www.fiscalia.gov.co\/colombia\/\",\"logo\":{\"@type\":\"ImageObject\",\"inLanguage\":\"es-CO\",\"@id\":\"https:\/\/www.fiscalia.gov.co\/colombia\/#\/schema\/logo\/image\/\",\"url\":\"https:\/\/www.fiscalia.gov.co\/colombia\/wp-content\/uploads\/LogoHorizontal_1.jpg\",\"contentUrl\":\"https:\/\/www.fiscalia.gov.co\/colombia\/wp-content\/uploads\/LogoHorizontal_1.jpg\",\"width\":300,\"height\":90,\"caption\":\"Fiscal\u00eda General de la Naci\u00f3n\"},\"image\":{\"@id\":\"https:\/\/www.fiscalia.gov.co\/colombia\/#\/schema\/logo\/image\/\"},\"sameAs\":[\"https:\/\/www.facebook.com\/FiscaliaCol\",\"https:\/\/x.com\/FiscaliaCol\",\"https:\/\/www.instagram.com\/fiscaliacol\",\"https:\/\/www.linkedin.com\/company\/fiscalia-general-de-la-naci-n\/\",\"https:\/\/youtube.com\/@fiscaliageneraldelanacion-4668?si=6nN79nyQICPU5iTh\"]},{\"@type\":\"Person\",\"@id\":\"https:\/\/www.fiscalia.gov.co\/colombia\/#\/schema\/person\/66c172905e0492f1de6bbe5f93c4668f\",\"name\":\"Paula Andrea Castillo Lenis\",\"image\":{\"@type\":\"ImageObject\",\"inLanguage\":\"es-CO\",\"@id\":\"https:\/\/www.fiscalia.gov.co\/colombia\/#\/schema\/person\/image\/\",\"url\":\"https:\/\/secure.gravatar.com\/avatar\/cb060d9561f2947c4102d1825739f868?s=96&d=mm&r=g\",\"contentUrl\":\"https:\/\/secure.gravatar.com\/avatar\/cb060d9561f2947c4102d1825739f868?s=96&d=mm&r=g\",\"caption\":\"Paula Andrea Castillo Lenis\"},\"url\":\"https:\/\/www.fiscalia.gov.co\/colombia\/author\/paula-castillo\/\"}]}<\/script>\n<!-- \/ Yoast SEO plugin. -->","yoast_head_json":{"title":"Fiscal\u00eda General de la Naci\u00f3n","description":"P\u00e1gina oficial de la Fiscal\u00eda General de la Naci\u00f3n \u2013 Colombia. Garantizamos el acceso efectivo a la justicia, la verdad y la reparaci\u00f3n de las v\u00edctimas de los delitos.","robots":{"index":"noindex","follow":"follow"},"og_locale":"es_ES","og_type":"article","og_title":"Fiscal\u00eda General de la Naci\u00f3n","og_description":"P\u00e1gina oficial de la Fiscal\u00eda General de la Naci\u00f3n \u2013 Colombia. Garantizamos el acceso efectivo a la justicia, la verdad y la reparaci\u00f3n de las v\u00edctimas de los delitos.","og_url":"https:\/\/www.fiscalia.gov.co\/colombia\/noticias\/en-tulua-valle-del-cauca-fue-asegurado-en-centro-carcelario-un-hombre-senalado-de-causar-la-muerte-de-otra-persona\/","og_site_name":"Fiscal\u00eda General de la Naci\u00f3n","article_publisher":"https:\/\/www.facebook.com\/FiscaliaCol","article_published_time":"2026-01-15T16:31:32+00:00","og_image":[{"width":1374,"height":900,"url":"https:\/\/www.fiscalia.gov.co\/colombia\/wp-content\/uploads\/Edimer-Vasquez-Giraldo.-Homicidio-agravado-y-porte-ilegal-armas.-Tulua-Valle.-.jpg","type":"image\/jpeg"}],"author":"Paula Andrea Castillo Lenis","twitter_card":"summary_large_image","twitter_creator":"@FiscaliaCol","twitter_site":"@FiscaliaCol","twitter_misc":{"Escrito por":"Paula Andrea Castillo Lenis","Tiempo de lectura":"2 minutos"},"schema":{"@context":"https:\/\/schema.org","@graph":[{"@type":"Article","@id":"https:\/\/www.fiscalia.gov.co\/colombia\/noticias\/en-tulua-valle-del-cauca-fue-asegurado-en-centro-carcelario-un-hombre-senalado-de-causar-la-muerte-de-otra-persona\/#article","isPartOf":{"@id":"https:\/\/www.fiscalia.gov.co\/colombia\/noticias\/en-tulua-valle-del-cauca-fue-asegurado-en-centro-carcelario-un-hombre-senalado-de-causar-la-muerte-de-otra-persona\/"},"author":{"name":"Paula Andrea Castillo Lenis","@id":"https:\/\/www.fiscalia.gov.co\/colombia\/#\/schema\/person\/66c172905e0492f1de6bbe5f93c4668f"},"headline":"En Tulu\u00e1 (Valle del Cauca) fue asegurado en centro carcelario un hombre se\u00f1alado de causar la muerte de otra persona","datePublished":"2026-01-15T16:31:32+00:00","dateModified":"2026-01-15T16:31:32+00:00","mainEntityOfPage":{"@id":"https:\/\/www.fiscalia.gov.co\/colombia\/noticias\/en-tulua-valle-del-cauca-fue-asegurado-en-centro-carcelario-un-hombre-senalado-de-causar-la-muerte-de-otra-persona\/"},"wordCount":283,"publisher":{"@id":"https:\/\/www.fiscalia.gov.co\/colombia\/#organization"},"image":{"@id":"https:\/\/www.fiscalia.gov.co\/colombia\/noticias\/en-tulua-valle-del-cauca-fue-asegurado-en-centro-carcelario-un-hombre-senalado-de-causar-la-muerte-de-otra-persona\/#primaryimage"},"thumbnailUrl":"https:\/\/www.fiscalia.gov.co\/colombia\/wp-content\/uploads\/Edimer-Vasquez-Giraldo.-Homicidio-agravado-y-porte-ilegal-armas.-Tulua-Valle.--1024x671.jpg","keywords":["Arma de fuego","captura en flagrancia","centro carcelario","corregimiento Aguaclara","crimen violento","fabricaci\u00f3n tr\u00e1fico y porte de armas de fuego","Fiscal\u00eda General de la Naci\u00f3n","Homicidio agravado","homicidio en Tulu\u00e1","Imputaci\u00f3n de cargos","Judicializaci\u00f3n","Medida de aseguramiento","Municiones","Polic\u00eda Nacional","Proceso penal","Seccional Valle del Cauca","Valle del Cauca"],"articleSection":["Noticias"],"inLanguage":"es-CO"},{"@type":"WebPage","@id":"https:\/\/www.fiscalia.gov.co\/colombia\/noticias\/en-tulua-valle-del-cauca-fue-asegurado-en-centro-carcelario-un-hombre-senalado-de-causar-la-muerte-de-otra-persona\/","url":"https:\/\/www.fiscalia.gov.co\/colombia\/noticias\/en-tulua-valle-del-cauca-fue-asegurado-en-centro-carcelario-un-hombre-senalado-de-causar-la-muerte-de-otra-persona\/","name":"Fiscal\u00eda General de la Naci\u00f3n","isPartOf":{"@id":"https:\/\/www.fiscalia.gov.co\/colombia\/#website"},"primaryImageOfPage":{"@id":"https:\/\/www.fiscalia.gov.co\/colombia\/noticias\/en-tulua-valle-del-cauca-fue-asegurado-en-centro-carcelario-un-hombre-senalado-de-causar-la-muerte-de-otra-persona\/#primaryimage"},"image":{"@id":"https:\/\/www.fiscalia.gov.co\/colombia\/noticias\/en-tulua-valle-del-cauca-fue-asegurado-en-centro-carcelario-un-hombre-senalado-de-causar-la-muerte-de-otra-persona\/#primaryimage"},"thumbnailUrl":"https:\/\/www.fiscalia.gov.co\/colombia\/wp-content\/uploads\/Edimer-Vasquez-Giraldo.-Homicidio-agravado-y-porte-ilegal-armas.-Tulua-Valle.--1024x671.jpg","datePublished":"2026-01-15T16:31:32+00:00","dateModified":"2026-01-15T16:31:32+00:00","description":"P\u00e1gina oficial de la Fiscal\u00eda General de la Naci\u00f3n \u2013 Colombia. Garantizamos el acceso efectivo a la justicia, la verdad y la reparaci\u00f3n de las v\u00edctimas de los delitos.","breadcrumb":{"@id":"https:\/\/www.fiscalia.gov.co\/colombia\/noticias\/en-tulua-valle-del-cauca-fue-asegurado-en-centro-carcelario-un-hombre-senalado-de-causar-la-muerte-de-otra-persona\/#breadcrumb"},"inLanguage":"es-CO","potentialAction":[{"@type":"ReadAction","target":["https:\/\/www.fiscalia.gov.co\/colombia\/noticias\/en-tulua-valle-del-cauca-fue-asegurado-en-centro-carcelario-un-hombre-senalado-de-causar-la-muerte-de-otra-persona\/"]}]},{"@type":"ImageObject","inLanguage":"es-CO","@id":"https:\/\/www.fiscalia.gov.co\/colombia\/noticias\/en-tulua-valle-del-cauca-fue-asegurado-en-centro-carcelario-un-hombre-senalado-de-causar-la-muerte-de-otra-persona\/#primaryimage","url":"https:\/\/www.fiscalia.gov.co\/colombia\/wp-content\/uploads\/Edimer-Vasquez-Giraldo.-Homicidio-agravado-y-porte-ilegal-armas.-Tulua-Valle.-.jpg","contentUrl":"https:\/\/www.fiscalia.gov.co\/colombia\/wp-content\/uploads\/Edimer-Vasquez-Giraldo.-Homicidio-agravado-y-porte-ilegal-armas.-Tulua-Valle.-.jpg","width":1374,"height":900,"caption":"Edimer V\u00e1squez Giraldo, de 47 a\u00f1os."},{"@type":"BreadcrumbList","@id":"https:\/\/www.fiscalia.gov.co\/colombia\/noticias\/en-tulua-valle-del-cauca-fue-asegurado-en-centro-carcelario-un-hombre-senalado-de-causar-la-muerte-de-otra-persona\/#breadcrumb","itemListElement":[{"@type":"ListItem","position":1,"name":"Home","item":"https:\/\/www.fiscalia.gov.co\/colombia\/"},{"@type":"ListItem","position":2,"name":"En Tulu\u00e1 (Valle del Cauca) fue asegurado en centro carcelario un hombre se\u00f1alado de causar la muerte de otra persona"}]},{"@type":"WebSite","@id":"https:\/\/www.fiscalia.gov.co\/colombia\/#website","url":"https:\/\/www.fiscalia.gov.co\/colombia\/","name":"Fiscal\u00eda General de la Naci\u00f3n","description":"P\u00e1gina oficial de la Fiscal\u00eda General de la Naci\u00f3n \u2013 Colombia. Garantizamos el acceso efectivo a la justicia, la verdad y la reparaci\u00f3n de las v\u00edctimas de los delitos.","publisher":{"@id":"https:\/\/www.fiscalia.gov.co\/colombia\/#organization"},"potentialAction":[{"@type":"SearchAction","target":{"@type":"EntryPoint","urlTemplate":"https:\/\/www.fiscalia.gov.co\/colombia\/?s={search_term_string}"},"query-input":{"@type":"PropertyValueSpecification","valueRequired":true,"valueName":"search_term_string"}}],"inLanguage":"es-CO"},{"@type":"Organization","@id":"https:\/\/www.fiscalia.gov.co\/colombia\/#organization","name":"Fiscal\u00eda General de la Naci\u00f3n","url":"https:\/\/www.fiscalia.gov.co\/colombia\/","logo":{"@type":"ImageObject","inLanguage":"es-CO","@id":"https:\/\/www.fiscalia.gov.co\/colombia\/#\/schema\/logo\/image\/","url":"https:\/\/www.fiscalia.gov.co\/colombia\/wp-content\/uploads\/LogoHorizontal_1.jpg","contentUrl":"https:\/\/www.fiscalia.gov.co\/colombia\/wp-content\/uploads\/LogoHorizontal_1.jpg","width":300,"height":90,"caption":"Fiscal\u00eda General de la Naci\u00f3n"},"image":{"@id":"https:\/\/www.fiscalia.gov.co\/colombia\/#\/schema\/logo\/image\/"},"sameAs":["https:\/\/www.facebook.com\/FiscaliaCol","https:\/\/x.com\/FiscaliaCol","https:\/\/www.instagram.com\/fiscaliacol","https:\/\/www.linkedin.com\/company\/fiscalia-general-de-la-naci-n\/","https:\/\/youtube.com\/@fiscaliageneraldelanacion-4668?si=6nN79nyQICPU5iTh"]},{"@type":"Person","@id":"https:\/\/www.fiscalia.gov.co\/colombia\/#\/schema\/person\/66c172905e0492f1de6bbe5f93c4668f","name":"Paula Andrea Castillo Lenis","image":{"@type":"ImageObject","inLanguage":"es-CO","@id":"https:\/\/www.fiscalia.gov.co\/colombia\/#\/schema\/person\/image\/","url":"https:\/\/secure.gravatar.com\/avatar\/cb060d9561f2947c4102d1825739f868?s=96&d=mm&r=g","contentUrl":"https:\/\/secure.gravatar.com\/avatar\/cb060d9561f2947c4102d1825739f868?s=96&d=mm&r=g","caption":"Paula Andrea Castillo Lenis"},"url":"https:\/\/www.fiscalia.gov.co\/colombia\/author\/paula-castillo\/"}]}},"_links":{"self":[{"href":"https:\/\/www.fiscalia.gov.co\/colombia\/wp-json\/wp\/v2\/posts\/329591","targetHints":{"allow":["GET"]}}],"collection":[{"href":"https:\/\/www.fiscalia.gov.co\/colombia\/wp-json\/wp\/v2\/posts"}],"about":[{"href":"https:\/\/www.fiscalia.gov.co\/colombia\/wp-json\/wp\/v2\/types\/post"}],"author":[{"embeddable":true,"href":"https:\/\/www.fiscalia.gov.co\/colombia\/wp-json\/wp\/v2\/users\/182"}],"replies":[{"embeddable":true,"href":"https:\/\/www.fiscalia.gov.co\/colombia\/wp-json\/wp\/v2\/comments?post=329591"}],"version-history":[{"count":1,"href":"https:\/\/www.fiscalia.gov.co\/colombia\/wp-json\/wp\/v2\/posts\/329591\/revisions"}],"predecessor-version":[{"id":329593,"href":"https:\/\/www.fiscalia.gov.co\/colombia\/wp-json\/wp\/v2\/posts\/329591\/revisions\/329593"}],"wp:attachment":[{"href":"https:\/\/www.fiscalia.gov.co\/colombia\/wp-json\/wp\/v2\/media?parent=329591"}],"wp:term":[{"taxonomy":"category","embeddable":true,"href":"https:\/\/www.fiscalia.gov.co\/colombia\/wp-json\/wp\/v2\/categories?post=329591"},{"taxonomy":"post_tag","embeddable":true,"href":"https:\/\/www.fiscalia.gov.co\/colombia\/wp-json\/wp\/v2\/tags?post=329591"}],"curies":[{"name":"wp","href":"https:\/\/api.w.org\/{rel}","templated":true}]}}