{"id":329352,"date":"2026-01-08T10:10:55","date_gmt":"2026-01-08T15:10:55","guid":{"rendered":"https:\/\/www.fiscalia.gov.co\/colombia\/?p=329352"},"modified":"2026-01-08T10:10:55","modified_gmt":"2026-01-08T15:10:55","slug":"fiscalia-radica-escrito-de-acusacion-contra-taxista-que-habria-arrollado-a-11-personas-en-el-sur-de-bogota","status":"publish","type":"post","link":"https:\/\/www.fiscalia.gov.co\/colombia\/noticias\/fiscalia-radica-escrito-de-acusacion-contra-taxista-que-habria-arrollado-a-11-personas-en-el-sur-de-bogota\/","title":{"rendered":"Fiscal\u00eda radica escrito de acusaci\u00f3n contra\u00a0taxista que habr\u00eda arrollado a 11 personas en el sur de\u00a0Bogot\u00e1\u00a0\u00a0"},"content":{"rendered":"<blockquote>\n<h4><strong><i>El procesado permanece privado de la libertad en establecimiento carcelario por los delitos de homicidio, tentativa de homicidio y lesiones personales, las\u00a0tres conductas agravadas.<\/i>\u00a0<\/strong><\/h4>\n<\/blockquote>\n<p><span data-contrast=\"auto\">La\u00a0Fiscal\u00eda General\u00a0de la Naci\u00f3n radic\u00f3 escrito de acusaci\u00f3n contra\u00a0a Jos\u00e9 Eduardo\u00a0Chal\u00e1\u00a0 Franco, <strong>se\u00f1alado de arrollar con su veh\u00edculo a 11 personas, el 8 de noviembre de 2025<\/strong>, en el barrio Santa Rita de la localidad de San Crist\u00f3bal, en el sur de Bogot\u00e1.\u00a0<\/span><\/p>\n<figure id=\"attachment_329353\" aria-describedby=\"caption-attachment-329353\" style=\"width: 222px\" class=\"wp-caption alignnone\"><img loading=\"lazy\" decoding=\"async\" class=\"size-medium wp-image-329353\" src=\"https:\/\/www.fiscalia.gov.co\/colombia\/wp-content\/uploads\/WhatsApp-Image-2026-01-08-at-9.54.06-AM-222x300.jpeg\" alt=\"En la foto se observa a tres personas posando frente a un fondo institucional de la Polic\u00eda Nacional de Colombia.Al centro hay un hombre con ropa civil (chaqueta oscura y camiseta de varios colores), con las manos hacia atr\u00e1s, en una postura que sugiere que est\u00e1 bajo custodia.\n\nA ambos lados del hombre hay dos agentes de polic\u00eda uniformados, con chalecos y gorras que dicen \u201cPOLIC\u00cdA\u201d. Cada uno lo sostiene ligeramente por un brazo.\n\nEl fondo repite el emblema y el texto de la Polic\u00eda Nacional, t\u00edpico de fotograf\u00edas oficiales o comunicados.\n\nEn la parte inferior de la imagen aparece el texto: \u201cInsumo de comunicaci\u00f3n con fines period\u00edsticos\u201d, lo que indica que la foto est\u00e1 destinada a difusi\u00f3n informativa.\" width=\"222\" height=\"300\" srcset=\"https:\/\/www.fiscalia.gov.co\/colombia\/wp-content\/uploads\/WhatsApp-Image-2026-01-08-at-9.54.06-AM-222x300.jpeg 222w, https:\/\/www.fiscalia.gov.co\/colombia\/wp-content\/uploads\/WhatsApp-Image-2026-01-08-at-9.54.06-AM-758x1024.jpeg 758w, https:\/\/www.fiscalia.gov.co\/colombia\/wp-content\/uploads\/WhatsApp-Image-2026-01-08-at-9.54.06-AM-768x1037.jpeg 768w, https:\/\/www.fiscalia.gov.co\/colombia\/wp-content\/uploads\/WhatsApp-Image-2026-01-08-at-9.54.06-AM-311x420.jpeg 311w, https:\/\/www.fiscalia.gov.co\/colombia\/wp-content\/uploads\/WhatsApp-Image-2026-01-08-at-9.54.06-AM-696x940.jpeg 696w, https:\/\/www.fiscalia.gov.co\/colombia\/wp-content\/uploads\/WhatsApp-Image-2026-01-08-at-9.54.06-AM.jpeg 770w\" sizes=\"auto, (max-width: 222px) 100vw, 222px\" \/><figcaption id=\"caption-attachment-329353\" class=\"wp-caption-text\">La Fiscal\u00eda radic\u00f3 escrito de acusaci\u00f3n contra Jos\u00e9 Eduardo Chal\u00e1 Franco, se\u00f1alado de arrollar con su veh\u00edculo a 11 personas, el 8 de noviembre de 2025, en el barrio Santa Rita en el sur de Bogot\u00e1.<\/figcaption><\/figure>\n<p><span data-contrast=\"auto\">De acuerdo con\u00a0los elementos materiales probatorios recopilados por una\u00a0fiscal de la Unidad de Vida de la Seccional Bogot\u00e1,<strong> el hombre conduc\u00eda\u00a0un\u00a0taxi\u00a0con\u00a0exceso de velocidad\u00a0y en\u00a0estado de embriaguez.\u00a0<\/strong><\/span><strong>\u00a0<\/strong><\/p>\n<p><span data-contrast=\"auto\">Debido\u00a0a la condici\u00f3n en la que se encontraba\u00a0perdi\u00f3 el\u00a0control del automotor y habr\u00eda arrollado a las\u00a0v\u00edctimas, entre ellas,<strong>\u00a0a\u00a0una adolescente de 15 a\u00f1os que d\u00edas despu\u00e9s\u00a0muri\u00f3 por la gravedad de las heridas ocasionadas.<\/strong><\/span><strong>\u00a0<\/strong><\/p>\n<p><span data-contrast=\"auto\">En el curso de la investigaci\u00f3n, se estableci\u00f3 que las pruebas practicadas al conductor arrojaron grado tres de alcoholemia.\u00a0<\/span><span data-ccp-props=\"{&quot;335551550&quot;:6,&quot;335551620&quot;:6,&quot;335559685&quot;:142,&quot;335559737&quot;:-1}\">\u00a0<\/span><\/p>\n<p><span data-contrast=\"auto\">En este sentido, la Fiscal\u00eda acusar\u00e1 formalmente a\u00a0Chal\u00e1\u00a0 Franco\u00a0por <strong>los delitos de\u00a0homicidio, tentativa de\u00a0homicidio y lesiones personales,\u00a0las tres\u00a0conductas agravadas<\/strong>. El procesado acept\u00f3 su responsabilidad en los dos \u00faltimos il\u00edcitos en audiencia de imputaci\u00f3n.\u00a0<\/span><span data-ccp-props=\"{&quot;335551550&quot;:6,&quot;335551620&quot;:6,&quot;335559685&quot;:142,&quot;335559737&quot;:-1}\">\u00a0<\/span><\/p>\n<p><span data-contrast=\"auto\">El\u00a0hombre\u00a0seguir\u00e1 privado de la libertad en establecimiento carcelario mientras avanza el proceso judicial\u00a0<\/span><span data-ccp-props=\"{&quot;335551550&quot;:6,&quot;335551620&quot;:6,&quot;335559685&quot;:142,&quot;335559737&quot;:-1}\">\u00a0<\/span><\/p>\n<p><span data-ccp-props=\"{&quot;335551550&quot;:6,&quot;335551620&quot;:6,&quot;335559685&quot;:142,&quot;335559737&quot;:-1}\">\u00a0<\/span><\/p>\n<p><span data-contrast=\"auto\">LMBG\/AMCJ\/JASM\/DSB.<\/span><span data-ccp-props=\"{&quot;335551550&quot;:6,&quot;335551620&quot;:6,&quot;335559685&quot;:142,&quot;335559737&quot;:-1}\">\u00a0<\/span><\/p>\n<p>&nbsp;<\/p>\n<p>&nbsp;<\/p>\n<p>&nbsp;<\/p>\n<p><i>La informaci\u00f3n contenida en este bolet\u00edn de prensa corresponde a la narraci\u00f3n de los hechos noticiosos objetivos, suministrados por los funcionarios encargados de adelantar las investigaciones penales al interior de la Fiscal\u00eda General de la Naci\u00f3n. Para el momento de la divulgaci\u00f3n de este comunicado, la situaci\u00f3n jur\u00eddica de la(s) persona(s) relacionada(s) se encuentra pendiente de resolver por la autoridad judicial competente, siempre bajo los preceptos de la presunci\u00f3n de inocencia, consagrados en el art\u00edculo 29 de la Constituci\u00f3n Pol\u00edtica y el art\u00edculo 7\u00ba de la Ley 906 de 2004.<\/i><\/p>\n\n<div class=\"twitter-share\"><a href=\"https:\/\/twitter.com\/intent\/tweet?via=fiscaliacol\" class=\"twitter-share-button\">Tweet<\/a><\/div>\n","protected":false},"excerpt":{"rendered":"<p>El procesado permanece privado de la libertad en establecimiento carcelario por los delitos de homicidio, tentativa de homicidio y lesiones personales, las\u00a0tres conductas agravadas.\u00a0 La\u00a0Fiscal\u00eda General\u00a0de la Naci\u00f3n radic\u00f3 escrito de acusaci\u00f3n contra\u00a0a Jos\u00e9 Eduardo\u00a0Chal\u00e1\u00a0 Franco, se\u00f1alado de arrollar con su veh\u00edculo a 11 personas, el 8 de noviembre de 2025, en el barrio Santa [&hellip;]<\/p>\n","protected":false},"author":181,"featured_media":0,"comment_status":"closed","ping_status":"open","sticky":false,"template":"","format":"standard","meta":{"tdm_status":"","tdm_grid_status":"","footnotes":""},"categories":[1,24099],"tags":[78,37492,4614,1047],"class_list":{"0":"post-329352","1":"post","2":"type-post","3":"status-publish","4":"format-standard","6":"category-noticias","7":"category-seguridad-territorial","8":"tag-fiscal-general-de-la-nacion","9":"tag-fiscal-luz-adriana-camargo","10":"tag-fiscalia-2","11":"tag-fiscalia-general-de-la-nacion"},"yoast_head":"<!-- This site is optimized with the Yoast SEO plugin v24.3 - https:\/\/yoast.com\/wordpress\/plugins\/seo\/ -->\n<title>Fiscal\u00eda General de la Naci\u00f3n<\/title>\n<meta name=\"description\" content=\"P\u00e1gina oficial de la Fiscal\u00eda General de la Naci\u00f3n \u2013 Colombia. Garantizamos el acceso efectivo a la justicia, la verdad y la reparaci\u00f3n de las v\u00edctimas de los delitos.\" \/>\n<meta name=\"robots\" content=\"noindex, follow\" \/>\n<meta property=\"og:locale\" content=\"es_ES\" \/>\n<meta property=\"og:type\" content=\"article\" \/>\n<meta property=\"og:title\" content=\"Fiscal\u00eda General de la Naci\u00f3n\" \/>\n<meta property=\"og:description\" content=\"P\u00e1gina oficial de la Fiscal\u00eda General de la Naci\u00f3n \u2013 Colombia. Garantizamos el acceso efectivo a la justicia, la verdad y la reparaci\u00f3n de las v\u00edctimas de los delitos.\" \/>\n<meta property=\"og:url\" content=\"https:\/\/www.fiscalia.gov.co\/colombia\/noticias\/fiscalia-radica-escrito-de-acusacion-contra-taxista-que-habria-arrollado-a-11-personas-en-el-sur-de-bogota\/\" \/>\n<meta property=\"og:site_name\" content=\"Fiscal\u00eda General de la Naci\u00f3n\" \/>\n<meta property=\"article:publisher\" content=\"https:\/\/www.facebook.com\/FiscaliaCol\" \/>\n<meta property=\"article:published_time\" content=\"2026-01-08T15:10:55+00:00\" \/>\n<meta property=\"og:image\" content=\"https:\/\/www.fiscalia.gov.co\/colombia\/wp-content\/uploads\/WhatsApp-Image-2026-01-08-at-9.54.06-AM.jpeg\" \/>\n\t<meta property=\"og:image:width\" content=\"770\" \/>\n\t<meta property=\"og:image:height\" content=\"1040\" \/>\n\t<meta property=\"og:image:type\" content=\"image\/jpeg\" \/>\n<meta name=\"author\" content=\"Johanna Islenny Prieto Pe\u00f1a\" \/>\n<meta name=\"twitter:card\" content=\"summary_large_image\" \/>\n<meta name=\"twitter:creator\" content=\"@FiscaliaCol\" \/>\n<meta name=\"twitter:site\" content=\"@FiscaliaCol\" \/>\n<meta name=\"twitter:label1\" content=\"Escrito por\" \/>\n\t<meta name=\"twitter:data1\" content=\"Johanna Islenny Prieto Pe\u00f1a\" \/>\n\t<meta name=\"twitter:label2\" content=\"Tiempo de lectura\" \/>\n\t<meta name=\"twitter:data2\" content=\"2 minutos\" \/>\n<script type=\"application\/ld+json\" class=\"yoast-schema-graph\">{\"@context\":\"https:\/\/schema.org\",\"@graph\":[{\"@type\":\"Article\",\"@id\":\"https:\/\/www.fiscalia.gov.co\/colombia\/noticias\/fiscalia-radica-escrito-de-acusacion-contra-taxista-que-habria-arrollado-a-11-personas-en-el-sur-de-bogota\/#article\",\"isPartOf\":{\"@id\":\"https:\/\/www.fiscalia.gov.co\/colombia\/noticias\/fiscalia-radica-escrito-de-acusacion-contra-taxista-que-habria-arrollado-a-11-personas-en-el-sur-de-bogota\/\"},\"author\":{\"name\":\"Johanna Islenny Prieto Pe\u00f1a\",\"@id\":\"https:\/\/www.fiscalia.gov.co\/colombia\/#\/schema\/person\/ba9eca435947489fb25117a0cd75bf3e\"},\"headline\":\"Fiscal\u00eda radica escrito de acusaci\u00f3n contra\u00a0taxista que habr\u00eda arrollado a 11 personas en el sur de\u00a0Bogot\u00e1\u00a0\u00a0\",\"datePublished\":\"2026-01-08T15:10:55+00:00\",\"dateModified\":\"2026-01-08T15:10:55+00:00\",\"mainEntityOfPage\":{\"@id\":\"https:\/\/www.fiscalia.gov.co\/colombia\/noticias\/fiscalia-radica-escrito-de-acusacion-contra-taxista-que-habria-arrollado-a-11-personas-en-el-sur-de-bogota\/\"},\"wordCount\":404,\"publisher\":{\"@id\":\"https:\/\/www.fiscalia.gov.co\/colombia\/#organization\"},\"image\":{\"@id\":\"https:\/\/www.fiscalia.gov.co\/colombia\/noticias\/fiscalia-radica-escrito-de-acusacion-contra-taxista-que-habria-arrollado-a-11-personas-en-el-sur-de-bogota\/#primaryimage\"},\"thumbnailUrl\":\"https:\/\/www.fiscalia.gov.co\/colombia\/wp-content\/uploads\/WhatsApp-Image-2026-01-08-at-9.54.06-AM-222x300.jpeg\",\"keywords\":[\"Fiscal General de la Naci\u00f3n\",\"Fiscal Luz Adriana Camargo\",\"Fiscal\u00eda\",\"Fiscal\u00eda General de la Naci\u00f3n\"],\"articleSection\":[\"Noticias\",\"Seguridad territorial\"],\"inLanguage\":\"es-CO\"},{\"@type\":\"WebPage\",\"@id\":\"https:\/\/www.fiscalia.gov.co\/colombia\/noticias\/fiscalia-radica-escrito-de-acusacion-contra-taxista-que-habria-arrollado-a-11-personas-en-el-sur-de-bogota\/\",\"url\":\"https:\/\/www.fiscalia.gov.co\/colombia\/noticias\/fiscalia-radica-escrito-de-acusacion-contra-taxista-que-habria-arrollado-a-11-personas-en-el-sur-de-bogota\/\",\"name\":\"Fiscal\u00eda General de la Naci\u00f3n\",\"isPartOf\":{\"@id\":\"https:\/\/www.fiscalia.gov.co\/colombia\/#website\"},\"primaryImageOfPage\":{\"@id\":\"https:\/\/www.fiscalia.gov.co\/colombia\/noticias\/fiscalia-radica-escrito-de-acusacion-contra-taxista-que-habria-arrollado-a-11-personas-en-el-sur-de-bogota\/#primaryimage\"},\"image\":{\"@id\":\"https:\/\/www.fiscalia.gov.co\/colombia\/noticias\/fiscalia-radica-escrito-de-acusacion-contra-taxista-que-habria-arrollado-a-11-personas-en-el-sur-de-bogota\/#primaryimage\"},\"thumbnailUrl\":\"https:\/\/www.fiscalia.gov.co\/colombia\/wp-content\/uploads\/WhatsApp-Image-2026-01-08-at-9.54.06-AM-222x300.jpeg\",\"datePublished\":\"2026-01-08T15:10:55+00:00\",\"dateModified\":\"2026-01-08T15:10:55+00:00\",\"description\":\"P\u00e1gina oficial de la Fiscal\u00eda General de la Naci\u00f3n \u2013 Colombia. Garantizamos el acceso efectivo a la justicia, la verdad y la reparaci\u00f3n de las v\u00edctimas de los delitos.\",\"breadcrumb\":{\"@id\":\"https:\/\/www.fiscalia.gov.co\/colombia\/noticias\/fiscalia-radica-escrito-de-acusacion-contra-taxista-que-habria-arrollado-a-11-personas-en-el-sur-de-bogota\/#breadcrumb\"},\"inLanguage\":\"es-CO\",\"potentialAction\":[{\"@type\":\"ReadAction\",\"target\":[\"https:\/\/www.fiscalia.gov.co\/colombia\/noticias\/fiscalia-radica-escrito-de-acusacion-contra-taxista-que-habria-arrollado-a-11-personas-en-el-sur-de-bogota\/\"]}]},{\"@type\":\"ImageObject\",\"inLanguage\":\"es-CO\",\"@id\":\"https:\/\/www.fiscalia.gov.co\/colombia\/noticias\/fiscalia-radica-escrito-de-acusacion-contra-taxista-que-habria-arrollado-a-11-personas-en-el-sur-de-bogota\/#primaryimage\",\"url\":\"https:\/\/www.fiscalia.gov.co\/colombia\/wp-content\/uploads\/WhatsApp-Image-2026-01-08-at-9.54.06-AM.jpeg\",\"contentUrl\":\"https:\/\/www.fiscalia.gov.co\/colombia\/wp-content\/uploads\/WhatsApp-Image-2026-01-08-at-9.54.06-AM.jpeg\",\"width\":770,\"height\":1040,\"caption\":\"La Fiscal\u00eda radic\u00f3 escrito de acusaci\u00f3n contra Jos\u00e9 Eduardo Chal\u00e1 Franco, se\u00f1alado de arrollar con su veh\u00edculo a 11 personas, el 8 de noviembre de 2025, en el barrio Santa Rita en el sur de Bogot\u00e1.\"},{\"@type\":\"BreadcrumbList\",\"@id\":\"https:\/\/www.fiscalia.gov.co\/colombia\/noticias\/fiscalia-radica-escrito-de-acusacion-contra-taxista-que-habria-arrollado-a-11-personas-en-el-sur-de-bogota\/#breadcrumb\",\"itemListElement\":[{\"@type\":\"ListItem\",\"position\":1,\"name\":\"Home\",\"item\":\"https:\/\/www.fiscalia.gov.co\/colombia\/\"},{\"@type\":\"ListItem\",\"position\":2,\"name\":\"Fiscal\u00eda radica escrito de acusaci\u00f3n contra\u00a0taxista que habr\u00eda arrollado a 11 personas en el sur de\u00a0Bogot\u00e1\u00a0\u00a0\"}]},{\"@type\":\"WebSite\",\"@id\":\"https:\/\/www.fiscalia.gov.co\/colombia\/#website\",\"url\":\"https:\/\/www.fiscalia.gov.co\/colombia\/\",\"name\":\"Fiscal\u00eda General de la Naci\u00f3n\",\"description\":\"P\u00e1gina oficial de la Fiscal\u00eda General de la Naci\u00f3n \u2013 Colombia. Garantizamos el acceso efectivo a la justicia, la verdad y la reparaci\u00f3n de las v\u00edctimas de los delitos.\",\"publisher\":{\"@id\":\"https:\/\/www.fiscalia.gov.co\/colombia\/#organization\"},\"potentialAction\":[{\"@type\":\"SearchAction\",\"target\":{\"@type\":\"EntryPoint\",\"urlTemplate\":\"https:\/\/www.fiscalia.gov.co\/colombia\/?s={search_term_string}\"},\"query-input\":{\"@type\":\"PropertyValueSpecification\",\"valueRequired\":true,\"valueName\":\"search_term_string\"}}],\"inLanguage\":\"es-CO\"},{\"@type\":\"Organization\",\"@id\":\"https:\/\/www.fiscalia.gov.co\/colombia\/#organization\",\"name\":\"Fiscal\u00eda General de la Naci\u00f3n\",\"url\":\"https:\/\/www.fiscalia.gov.co\/colombia\/\",\"logo\":{\"@type\":\"ImageObject\",\"inLanguage\":\"es-CO\",\"@id\":\"https:\/\/www.fiscalia.gov.co\/colombia\/#\/schema\/logo\/image\/\",\"url\":\"https:\/\/www.fiscalia.gov.co\/colombia\/wp-content\/uploads\/LogoHorizontal_1.jpg\",\"contentUrl\":\"https:\/\/www.fiscalia.gov.co\/colombia\/wp-content\/uploads\/LogoHorizontal_1.jpg\",\"width\":300,\"height\":90,\"caption\":\"Fiscal\u00eda General de la Naci\u00f3n\"},\"image\":{\"@id\":\"https:\/\/www.fiscalia.gov.co\/colombia\/#\/schema\/logo\/image\/\"},\"sameAs\":[\"https:\/\/www.facebook.com\/FiscaliaCol\",\"https:\/\/x.com\/FiscaliaCol\",\"https:\/\/www.instagram.com\/fiscaliacol\",\"https:\/\/www.linkedin.com\/company\/fiscalia-general-de-la-naci-n\/\",\"https:\/\/youtube.com\/@fiscaliageneraldelanacion-4668?si=6nN79nyQICPU5iTh\"]},{\"@type\":\"Person\",\"@id\":\"https:\/\/www.fiscalia.gov.co\/colombia\/#\/schema\/person\/ba9eca435947489fb25117a0cd75bf3e\",\"name\":\"Johanna Islenny Prieto Pe\u00f1a\",\"image\":{\"@type\":\"ImageObject\",\"inLanguage\":\"es-CO\",\"@id\":\"https:\/\/www.fiscalia.gov.co\/colombia\/#\/schema\/person\/image\/\",\"url\":\"https:\/\/secure.gravatar.com\/avatar\/111433fc2acb037ffb768f6a3ca47864?s=96&d=mm&r=g\",\"contentUrl\":\"https:\/\/secure.gravatar.com\/avatar\/111433fc2acb037ffb768f6a3ca47864?s=96&d=mm&r=g\",\"caption\":\"Johanna Islenny Prieto Pe\u00f1a\"},\"url\":\"https:\/\/www.fiscalia.gov.co\/colombia\/author\/jprietop\/\"}]}<\/script>\n<!-- \/ Yoast SEO plugin. -->","yoast_head_json":{"title":"Fiscal\u00eda General de la Naci\u00f3n","description":"P\u00e1gina oficial de la Fiscal\u00eda General de la Naci\u00f3n \u2013 Colombia. Garantizamos el acceso efectivo a la justicia, la verdad y la reparaci\u00f3n de las v\u00edctimas de los delitos.","robots":{"index":"noindex","follow":"follow"},"og_locale":"es_ES","og_type":"article","og_title":"Fiscal\u00eda General de la Naci\u00f3n","og_description":"P\u00e1gina oficial de la Fiscal\u00eda General de la Naci\u00f3n \u2013 Colombia. Garantizamos el acceso efectivo a la justicia, la verdad y la reparaci\u00f3n de las v\u00edctimas de los delitos.","og_url":"https:\/\/www.fiscalia.gov.co\/colombia\/noticias\/fiscalia-radica-escrito-de-acusacion-contra-taxista-que-habria-arrollado-a-11-personas-en-el-sur-de-bogota\/","og_site_name":"Fiscal\u00eda General de la Naci\u00f3n","article_publisher":"https:\/\/www.facebook.com\/FiscaliaCol","article_published_time":"2026-01-08T15:10:55+00:00","og_image":[{"width":770,"height":1040,"url":"https:\/\/www.fiscalia.gov.co\/colombia\/wp-content\/uploads\/WhatsApp-Image-2026-01-08-at-9.54.06-AM.jpeg","type":"image\/jpeg"}],"author":"Johanna Islenny Prieto Pe\u00f1a","twitter_card":"summary_large_image","twitter_creator":"@FiscaliaCol","twitter_site":"@FiscaliaCol","twitter_misc":{"Escrito por":"Johanna Islenny Prieto Pe\u00f1a","Tiempo de lectura":"2 minutos"},"schema":{"@context":"https:\/\/schema.org","@graph":[{"@type":"Article","@id":"https:\/\/www.fiscalia.gov.co\/colombia\/noticias\/fiscalia-radica-escrito-de-acusacion-contra-taxista-que-habria-arrollado-a-11-personas-en-el-sur-de-bogota\/#article","isPartOf":{"@id":"https:\/\/www.fiscalia.gov.co\/colombia\/noticias\/fiscalia-radica-escrito-de-acusacion-contra-taxista-que-habria-arrollado-a-11-personas-en-el-sur-de-bogota\/"},"author":{"name":"Johanna Islenny Prieto Pe\u00f1a","@id":"https:\/\/www.fiscalia.gov.co\/colombia\/#\/schema\/person\/ba9eca435947489fb25117a0cd75bf3e"},"headline":"Fiscal\u00eda radica escrito de acusaci\u00f3n contra\u00a0taxista que habr\u00eda arrollado a 11 personas en el sur de\u00a0Bogot\u00e1\u00a0\u00a0","datePublished":"2026-01-08T15:10:55+00:00","dateModified":"2026-01-08T15:10:55+00:00","mainEntityOfPage":{"@id":"https:\/\/www.fiscalia.gov.co\/colombia\/noticias\/fiscalia-radica-escrito-de-acusacion-contra-taxista-que-habria-arrollado-a-11-personas-en-el-sur-de-bogota\/"},"wordCount":404,"publisher":{"@id":"https:\/\/www.fiscalia.gov.co\/colombia\/#organization"},"image":{"@id":"https:\/\/www.fiscalia.gov.co\/colombia\/noticias\/fiscalia-radica-escrito-de-acusacion-contra-taxista-que-habria-arrollado-a-11-personas-en-el-sur-de-bogota\/#primaryimage"},"thumbnailUrl":"https:\/\/www.fiscalia.gov.co\/colombia\/wp-content\/uploads\/WhatsApp-Image-2026-01-08-at-9.54.06-AM-222x300.jpeg","keywords":["Fiscal General de la Naci\u00f3n","Fiscal Luz Adriana Camargo","Fiscal\u00eda","Fiscal\u00eda General de la Naci\u00f3n"],"articleSection":["Noticias","Seguridad territorial"],"inLanguage":"es-CO"},{"@type":"WebPage","@id":"https:\/\/www.fiscalia.gov.co\/colombia\/noticias\/fiscalia-radica-escrito-de-acusacion-contra-taxista-que-habria-arrollado-a-11-personas-en-el-sur-de-bogota\/","url":"https:\/\/www.fiscalia.gov.co\/colombia\/noticias\/fiscalia-radica-escrito-de-acusacion-contra-taxista-que-habria-arrollado-a-11-personas-en-el-sur-de-bogota\/","name":"Fiscal\u00eda General de la Naci\u00f3n","isPartOf":{"@id":"https:\/\/www.fiscalia.gov.co\/colombia\/#website"},"primaryImageOfPage":{"@id":"https:\/\/www.fiscalia.gov.co\/colombia\/noticias\/fiscalia-radica-escrito-de-acusacion-contra-taxista-que-habria-arrollado-a-11-personas-en-el-sur-de-bogota\/#primaryimage"},"image":{"@id":"https:\/\/www.fiscalia.gov.co\/colombia\/noticias\/fiscalia-radica-escrito-de-acusacion-contra-taxista-que-habria-arrollado-a-11-personas-en-el-sur-de-bogota\/#primaryimage"},"thumbnailUrl":"https:\/\/www.fiscalia.gov.co\/colombia\/wp-content\/uploads\/WhatsApp-Image-2026-01-08-at-9.54.06-AM-222x300.jpeg","datePublished":"2026-01-08T15:10:55+00:00","dateModified":"2026-01-08T15:10:55+00:00","description":"P\u00e1gina oficial de la Fiscal\u00eda General de la Naci\u00f3n \u2013 Colombia. Garantizamos el acceso efectivo a la justicia, la verdad y la reparaci\u00f3n de las v\u00edctimas de los delitos.","breadcrumb":{"@id":"https:\/\/www.fiscalia.gov.co\/colombia\/noticias\/fiscalia-radica-escrito-de-acusacion-contra-taxista-que-habria-arrollado-a-11-personas-en-el-sur-de-bogota\/#breadcrumb"},"inLanguage":"es-CO","potentialAction":[{"@type":"ReadAction","target":["https:\/\/www.fiscalia.gov.co\/colombia\/noticias\/fiscalia-radica-escrito-de-acusacion-contra-taxista-que-habria-arrollado-a-11-personas-en-el-sur-de-bogota\/"]}]},{"@type":"ImageObject","inLanguage":"es-CO","@id":"https:\/\/www.fiscalia.gov.co\/colombia\/noticias\/fiscalia-radica-escrito-de-acusacion-contra-taxista-que-habria-arrollado-a-11-personas-en-el-sur-de-bogota\/#primaryimage","url":"https:\/\/www.fiscalia.gov.co\/colombia\/wp-content\/uploads\/WhatsApp-Image-2026-01-08-at-9.54.06-AM.jpeg","contentUrl":"https:\/\/www.fiscalia.gov.co\/colombia\/wp-content\/uploads\/WhatsApp-Image-2026-01-08-at-9.54.06-AM.jpeg","width":770,"height":1040,"caption":"La Fiscal\u00eda radic\u00f3 escrito de acusaci\u00f3n contra Jos\u00e9 Eduardo Chal\u00e1 Franco, se\u00f1alado de arrollar con su veh\u00edculo a 11 personas, el 8 de noviembre de 2025, en el barrio Santa Rita en el sur de Bogot\u00e1."},{"@type":"BreadcrumbList","@id":"https:\/\/www.fiscalia.gov.co\/colombia\/noticias\/fiscalia-radica-escrito-de-acusacion-contra-taxista-que-habria-arrollado-a-11-personas-en-el-sur-de-bogota\/#breadcrumb","itemListElement":[{"@type":"ListItem","position":1,"name":"Home","item":"https:\/\/www.fiscalia.gov.co\/colombia\/"},{"@type":"ListItem","position":2,"name":"Fiscal\u00eda radica escrito de acusaci\u00f3n contra\u00a0taxista que habr\u00eda arrollado a 11 personas en el sur de\u00a0Bogot\u00e1\u00a0\u00a0"}]},{"@type":"WebSite","@id":"https:\/\/www.fiscalia.gov.co\/colombia\/#website","url":"https:\/\/www.fiscalia.gov.co\/colombia\/","name":"Fiscal\u00eda General de la Naci\u00f3n","description":"P\u00e1gina oficial de la Fiscal\u00eda General de la Naci\u00f3n \u2013 Colombia. Garantizamos el acceso efectivo a la justicia, la verdad y la reparaci\u00f3n de las v\u00edctimas de los delitos.","publisher":{"@id":"https:\/\/www.fiscalia.gov.co\/colombia\/#organization"},"potentialAction":[{"@type":"SearchAction","target":{"@type":"EntryPoint","urlTemplate":"https:\/\/www.fiscalia.gov.co\/colombia\/?s={search_term_string}"},"query-input":{"@type":"PropertyValueSpecification","valueRequired":true,"valueName":"search_term_string"}}],"inLanguage":"es-CO"},{"@type":"Organization","@id":"https:\/\/www.fiscalia.gov.co\/colombia\/#organization","name":"Fiscal\u00eda General de la Naci\u00f3n","url":"https:\/\/www.fiscalia.gov.co\/colombia\/","logo":{"@type":"ImageObject","inLanguage":"es-CO","@id":"https:\/\/www.fiscalia.gov.co\/colombia\/#\/schema\/logo\/image\/","url":"https:\/\/www.fiscalia.gov.co\/colombia\/wp-content\/uploads\/LogoHorizontal_1.jpg","contentUrl":"https:\/\/www.fiscalia.gov.co\/colombia\/wp-content\/uploads\/LogoHorizontal_1.jpg","width":300,"height":90,"caption":"Fiscal\u00eda General de la Naci\u00f3n"},"image":{"@id":"https:\/\/www.fiscalia.gov.co\/colombia\/#\/schema\/logo\/image\/"},"sameAs":["https:\/\/www.facebook.com\/FiscaliaCol","https:\/\/x.com\/FiscaliaCol","https:\/\/www.instagram.com\/fiscaliacol","https:\/\/www.linkedin.com\/company\/fiscalia-general-de-la-naci-n\/","https:\/\/youtube.com\/@fiscaliageneraldelanacion-4668?si=6nN79nyQICPU5iTh"]},{"@type":"Person","@id":"https:\/\/www.fiscalia.gov.co\/colombia\/#\/schema\/person\/ba9eca435947489fb25117a0cd75bf3e","name":"Johanna Islenny Prieto Pe\u00f1a","image":{"@type":"ImageObject","inLanguage":"es-CO","@id":"https:\/\/www.fiscalia.gov.co\/colombia\/#\/schema\/person\/image\/","url":"https:\/\/secure.gravatar.com\/avatar\/111433fc2acb037ffb768f6a3ca47864?s=96&d=mm&r=g","contentUrl":"https:\/\/secure.gravatar.com\/avatar\/111433fc2acb037ffb768f6a3ca47864?s=96&d=mm&r=g","caption":"Johanna Islenny Prieto Pe\u00f1a"},"url":"https:\/\/www.fiscalia.gov.co\/colombia\/author\/jprietop\/"}]}},"_links":{"self":[{"href":"https:\/\/www.fiscalia.gov.co\/colombia\/wp-json\/wp\/v2\/posts\/329352","targetHints":{"allow":["GET"]}}],"collection":[{"href":"https:\/\/www.fiscalia.gov.co\/colombia\/wp-json\/wp\/v2\/posts"}],"about":[{"href":"https:\/\/www.fiscalia.gov.co\/colombia\/wp-json\/wp\/v2\/types\/post"}],"author":[{"embeddable":true,"href":"https:\/\/www.fiscalia.gov.co\/colombia\/wp-json\/wp\/v2\/users\/181"}],"replies":[{"embeddable":true,"href":"https:\/\/www.fiscalia.gov.co\/colombia\/wp-json\/wp\/v2\/comments?post=329352"}],"version-history":[{"count":1,"href":"https:\/\/www.fiscalia.gov.co\/colombia\/wp-json\/wp\/v2\/posts\/329352\/revisions"}],"predecessor-version":[{"id":329354,"href":"https:\/\/www.fiscalia.gov.co\/colombia\/wp-json\/wp\/v2\/posts\/329352\/revisions\/329354"}],"wp:attachment":[{"href":"https:\/\/www.fiscalia.gov.co\/colombia\/wp-json\/wp\/v2\/media?parent=329352"}],"wp:term":[{"taxonomy":"category","embeddable":true,"href":"https:\/\/www.fiscalia.gov.co\/colombia\/wp-json\/wp\/v2\/categories?post=329352"},{"taxonomy":"post_tag","embeddable":true,"href":"https:\/\/www.fiscalia.gov.co\/colombia\/wp-json\/wp\/v2\/tags?post=329352"}],"curies":[{"name":"wp","href":"https:\/\/api.w.org\/{rel}","templated":true}]}}