{"id":329333,"date":"2026-01-07T11:25:41","date_gmt":"2026-01-07T16:25:41","guid":{"rendered":"https:\/\/www.fiscalia.gov.co\/colombia\/?p=329333"},"modified":"2026-01-07T11:25:41","modified_gmt":"2026-01-07T16:25:41","slug":"presunto-responsable-de-atentar-contra-la-vida-de-un-hombre-durante-una-rina-en-cali-fue-judicializado","status":"publish","type":"post","link":"https:\/\/www.fiscalia.gov.co\/colombia\/noticias\/presunto-responsable-de-atentar-contra-la-vida-de-un-hombre-durante-una-rina-en-cali-fue-judicializado\/","title":{"rendered":"Presunto responsable de atentar contra la vida de un  hombre durante una ri\u00f1a en Cali fue judicializado"},"content":{"rendered":"<p>La Fiscal\u00eda General de la Naci\u00f3n present\u00f3 ante un juez de control de garant\u00edas a Jean Pool Bejarano Campo, <strong>quien habr\u00eda intentado quitarle la vida a un hombre durante una discusi\u00f3n, en Cali (Valle del Cauca).<\/strong><\/p>\n<figure id=\"attachment_329334\" aria-describedby=\"caption-attachment-329334\" style=\"width: 300px\" class=\"wp-caption alignnone\"><img loading=\"lazy\" decoding=\"async\" class=\"size-medium wp-image-329334\" src=\"https:\/\/www.fiscalia.gov.co\/colombia\/wp-content\/uploads\/Jean-Pool-Bejarano-Campo.-Homicidio-agravado-tentado.-Cali-Valle-300x168.jpg\" alt=\"En la fotograf\u00eda aparece de pie y con los brazos atr\u00e1s Jean Pool Bejarano Campo. Viste con buso de color rojo y estampado blanco en el pecho; bermuda negra con algunas aplicaciones de color rojo, as\u00ed como pantuflas de color negro. En sus extremos hay uniformados de la Polic\u00eda Nacional. Detr\u00e1s de ellos hay un pend\u00f3n institucional de la Polic\u00eda.\" width=\"300\" height=\"168\" srcset=\"https:\/\/www.fiscalia.gov.co\/colombia\/wp-content\/uploads\/Jean-Pool-Bejarano-Campo.-Homicidio-agravado-tentado.-Cali-Valle-300x168.jpg 300w, https:\/\/www.fiscalia.gov.co\/colombia\/wp-content\/uploads\/Jean-Pool-Bejarano-Campo.-Homicidio-agravado-tentado.-Cali-Valle-1024x574.jpg 1024w, https:\/\/www.fiscalia.gov.co\/colombia\/wp-content\/uploads\/Jean-Pool-Bejarano-Campo.-Homicidio-agravado-tentado.-Cali-Valle-768x431.jpg 768w, https:\/\/www.fiscalia.gov.co\/colombia\/wp-content\/uploads\/Jean-Pool-Bejarano-Campo.-Homicidio-agravado-tentado.-Cali-Valle-1536x861.jpg 1536w, https:\/\/www.fiscalia.gov.co\/colombia\/wp-content\/uploads\/Jean-Pool-Bejarano-Campo.-Homicidio-agravado-tentado.-Cali-Valle-749x420.jpg 749w, https:\/\/www.fiscalia.gov.co\/colombia\/wp-content\/uploads\/Jean-Pool-Bejarano-Campo.-Homicidio-agravado-tentado.-Cali-Valle-696x390.jpg 696w, https:\/\/www.fiscalia.gov.co\/colombia\/wp-content\/uploads\/Jean-Pool-Bejarano-Campo.-Homicidio-agravado-tentado.-Cali-Valle-1068x599.jpg 1068w, https:\/\/www.fiscalia.gov.co\/colombia\/wp-content\/uploads\/Jean-Pool-Bejarano-Campo.-Homicidio-agravado-tentado.-Cali-Valle.jpg 1600w\" sizes=\"auto, (max-width: 300px) 100vw, 300px\" \/><figcaption id=\"caption-attachment-329334\" class=\"wp-caption-text\">Jean Pool Bejarano Campo.<\/figcaption><\/figure>\n<p>De acuerdo con la investigaci\u00f3n, los hechos ocurrieron el 18 de octubre de 2025, en una v\u00eda p\u00fablica del barrio Talanga, <strong>donde el hoy imputado presuntamente, atac\u00f3 con arma cortopunzante a un hombre con quien momentos antes discuti\u00f3<\/strong>.<\/p>\n<p>El presunto agresor atac\u00f3 a la v\u00edctima cuando se encontraba en el piso en estado de indefensi\u00f3n.\u00a0 <strong>El agredido fue trasladado a un centro asistencial donde logran salvarle la vida.<\/strong><\/p>\n<p>Personal de la Sij\u00edn de la Polic\u00eda Nacional materializ\u00f3 la orden de captura contra Bejarano Campo en el barrio Ciudad Modelo de la capital vallecaucana.<\/p>\n<p>Un fiscal de la Seccional Cali le imput\u00f3 el delito de homicidio agravado en grado de tentativa, cargo que no fue aceptado. Por orden judicial, el presunto implicado fue privado de la libertad en establecimiento carcelario como medida preventiva.<\/p>\n<p>MAP\/DSC\/AMCJ\/<\/p>\n<p>&nbsp;<\/p>\n<p>&nbsp;<\/p>\n<p>&nbsp;<\/p>\n<p>&nbsp;<\/p>\n<p><i>La informaci\u00f3n contenida en este bolet\u00edn de prensa corresponde a la narraci\u00f3n de los hechos noticiosos objetivos, suministrados por los funcionarios encargados de adelantar las investigaciones penales al interior de la Fiscal\u00eda General de la Naci\u00f3n. Para el momento de la divulgaci\u00f3n de este comunicado, la situaci\u00f3n jur\u00eddica de la(s) persona(s) relacionada(s) se encuentra pendiente de resolver por la autoridad judicial competente, siempre bajo los preceptos de la presunci\u00f3n de inocencia, consagrados en el art\u00edculo 29 de la Constituci\u00f3n Pol\u00edtica y el art\u00edculo 7\u00ba de la Ley 906 de 2004.<\/i><\/p>\n\n<div class=\"twitter-share\"><a href=\"https:\/\/twitter.com\/intent\/tweet?via=fiscaliacol\" class=\"twitter-share-button\">Tweet<\/a><\/div>\n","protected":false},"excerpt":{"rendered":"<p>La Fiscal\u00eda General de la Naci\u00f3n present\u00f3 ante un juez de control de garant\u00edas a Jean Pool Bejarano Campo, quien habr\u00eda intentado quitarle la vida a un hombre durante una discusi\u00f3n, en Cali (Valle del Cauca). De acuerdo con la investigaci\u00f3n, los hechos ocurrieron el 18 de octubre de 2025, en una v\u00eda p\u00fablica del [&hellip;]<\/p>\n","protected":false},"author":181,"featured_media":0,"comment_status":"closed","ping_status":"open","sticky":false,"template":"","format":"standard","meta":{"tdm_status":"","tdm_grid_status":"","footnotes":""},"categories":[1,24099],"tags":[37492,4614,24187,1047],"class_list":{"0":"post-329333","1":"post","2":"type-post","3":"status-publish","4":"format-standard","6":"category-noticias","7":"category-seguridad-territorial","8":"tag-fiscal-luz-adriana-camargo","9":"tag-fiscalia-2","10":"tag-fiscalia-colombia","11":"tag-fiscalia-general-de-la-nacion"},"yoast_head":"<!-- This site is optimized with the Yoast SEO plugin v24.3 - https:\/\/yoast.com\/wordpress\/plugins\/seo\/ -->\n<title>Fiscal\u00eda General de la Naci\u00f3n<\/title>\n<meta name=\"description\" content=\"P\u00e1gina oficial de la Fiscal\u00eda General de la Naci\u00f3n \u2013 Colombia. Garantizamos el acceso efectivo a la justicia, la verdad y la reparaci\u00f3n de las v\u00edctimas de los delitos.\" \/>\n<meta name=\"robots\" content=\"noindex, follow\" \/>\n<meta property=\"og:locale\" content=\"es_ES\" \/>\n<meta property=\"og:type\" content=\"article\" \/>\n<meta property=\"og:title\" content=\"Fiscal\u00eda General de la Naci\u00f3n\" \/>\n<meta property=\"og:description\" content=\"P\u00e1gina oficial de la Fiscal\u00eda General de la Naci\u00f3n \u2013 Colombia. Garantizamos el acceso efectivo a la justicia, la verdad y la reparaci\u00f3n de las v\u00edctimas de los delitos.\" \/>\n<meta property=\"og:url\" content=\"https:\/\/www.fiscalia.gov.co\/colombia\/noticias\/presunto-responsable-de-atentar-contra-la-vida-de-un-hombre-durante-una-rina-en-cali-fue-judicializado\/\" \/>\n<meta property=\"og:site_name\" content=\"Fiscal\u00eda General de la Naci\u00f3n\" \/>\n<meta property=\"article:publisher\" content=\"https:\/\/www.facebook.com\/FiscaliaCol\" \/>\n<meta property=\"article:published_time\" content=\"2026-01-07T16:25:41+00:00\" \/>\n<meta property=\"og:image\" content=\"https:\/\/www.fiscalia.gov.co\/colombia\/wp-content\/uploads\/Jean-Pool-Bejarano-Campo.-Homicidio-agravado-tentado.-Cali-Valle.jpg\" \/>\n\t<meta property=\"og:image:width\" content=\"1600\" \/>\n\t<meta property=\"og:image:height\" content=\"897\" \/>\n\t<meta property=\"og:image:type\" content=\"image\/jpeg\" \/>\n<meta name=\"author\" content=\"Johanna Islenny Prieto Pe\u00f1a\" \/>\n<meta name=\"twitter:card\" content=\"summary_large_image\" \/>\n<meta name=\"twitter:creator\" content=\"@FiscaliaCol\" \/>\n<meta name=\"twitter:site\" content=\"@FiscaliaCol\" \/>\n<meta name=\"twitter:label1\" content=\"Escrito por\" \/>\n\t<meta name=\"twitter:data1\" content=\"Johanna Islenny Prieto Pe\u00f1a\" \/>\n\t<meta name=\"twitter:label2\" content=\"Tiempo de lectura\" \/>\n\t<meta name=\"twitter:data2\" content=\"2 minutos\" \/>\n<script type=\"application\/ld+json\" class=\"yoast-schema-graph\">{\"@context\":\"https:\/\/schema.org\",\"@graph\":[{\"@type\":\"Article\",\"@id\":\"https:\/\/www.fiscalia.gov.co\/colombia\/noticias\/presunto-responsable-de-atentar-contra-la-vida-de-un-hombre-durante-una-rina-en-cali-fue-judicializado\/#article\",\"isPartOf\":{\"@id\":\"https:\/\/www.fiscalia.gov.co\/colombia\/noticias\/presunto-responsable-de-atentar-contra-la-vida-de-un-hombre-durante-una-rina-en-cali-fue-judicializado\/\"},\"author\":{\"name\":\"Johanna Islenny Prieto Pe\u00f1a\",\"@id\":\"https:\/\/www.fiscalia.gov.co\/colombia\/#\/schema\/person\/ba9eca435947489fb25117a0cd75bf3e\"},\"headline\":\"Presunto responsable de atentar contra la vida de un hombre durante una ri\u00f1a en Cali fue judicializado\",\"datePublished\":\"2026-01-07T16:25:41+00:00\",\"dateModified\":\"2026-01-07T16:25:41+00:00\",\"mainEntityOfPage\":{\"@id\":\"https:\/\/www.fiscalia.gov.co\/colombia\/noticias\/presunto-responsable-de-atentar-contra-la-vida-de-un-hombre-durante-una-rina-en-cali-fue-judicializado\/\"},\"wordCount\":316,\"publisher\":{\"@id\":\"https:\/\/www.fiscalia.gov.co\/colombia\/#organization\"},\"image\":{\"@id\":\"https:\/\/www.fiscalia.gov.co\/colombia\/noticias\/presunto-responsable-de-atentar-contra-la-vida-de-un-hombre-durante-una-rina-en-cali-fue-judicializado\/#primaryimage\"},\"thumbnailUrl\":\"https:\/\/www.fiscalia.gov.co\/colombia\/wp-content\/uploads\/Jean-Pool-Bejarano-Campo.-Homicidio-agravado-tentado.-Cali-Valle-300x168.jpg\",\"keywords\":[\"Fiscal Luz Adriana Camargo\",\"Fiscal\u00eda\",\"Fiscal\u00eda Colombia\",\"Fiscal\u00eda General de la Naci\u00f3n\"],\"articleSection\":[\"Noticias\",\"Seguridad territorial\"],\"inLanguage\":\"es-CO\"},{\"@type\":\"WebPage\",\"@id\":\"https:\/\/www.fiscalia.gov.co\/colombia\/noticias\/presunto-responsable-de-atentar-contra-la-vida-de-un-hombre-durante-una-rina-en-cali-fue-judicializado\/\",\"url\":\"https:\/\/www.fiscalia.gov.co\/colombia\/noticias\/presunto-responsable-de-atentar-contra-la-vida-de-un-hombre-durante-una-rina-en-cali-fue-judicializado\/\",\"name\":\"Fiscal\u00eda General de la Naci\u00f3n\",\"isPartOf\":{\"@id\":\"https:\/\/www.fiscalia.gov.co\/colombia\/#website\"},\"primaryImageOfPage\":{\"@id\":\"https:\/\/www.fiscalia.gov.co\/colombia\/noticias\/presunto-responsable-de-atentar-contra-la-vida-de-un-hombre-durante-una-rina-en-cali-fue-judicializado\/#primaryimage\"},\"image\":{\"@id\":\"https:\/\/www.fiscalia.gov.co\/colombia\/noticias\/presunto-responsable-de-atentar-contra-la-vida-de-un-hombre-durante-una-rina-en-cali-fue-judicializado\/#primaryimage\"},\"thumbnailUrl\":\"https:\/\/www.fiscalia.gov.co\/colombia\/wp-content\/uploads\/Jean-Pool-Bejarano-Campo.-Homicidio-agravado-tentado.-Cali-Valle-300x168.jpg\",\"datePublished\":\"2026-01-07T16:25:41+00:00\",\"dateModified\":\"2026-01-07T16:25:41+00:00\",\"description\":\"P\u00e1gina oficial de la Fiscal\u00eda General de la Naci\u00f3n \u2013 Colombia. Garantizamos el acceso efectivo a la justicia, la verdad y la reparaci\u00f3n de las v\u00edctimas de los delitos.\",\"breadcrumb\":{\"@id\":\"https:\/\/www.fiscalia.gov.co\/colombia\/noticias\/presunto-responsable-de-atentar-contra-la-vida-de-un-hombre-durante-una-rina-en-cali-fue-judicializado\/#breadcrumb\"},\"inLanguage\":\"es-CO\",\"potentialAction\":[{\"@type\":\"ReadAction\",\"target\":[\"https:\/\/www.fiscalia.gov.co\/colombia\/noticias\/presunto-responsable-de-atentar-contra-la-vida-de-un-hombre-durante-una-rina-en-cali-fue-judicializado\/\"]}]},{\"@type\":\"ImageObject\",\"inLanguage\":\"es-CO\",\"@id\":\"https:\/\/www.fiscalia.gov.co\/colombia\/noticias\/presunto-responsable-de-atentar-contra-la-vida-de-un-hombre-durante-una-rina-en-cali-fue-judicializado\/#primaryimage\",\"url\":\"https:\/\/www.fiscalia.gov.co\/colombia\/wp-content\/uploads\/Jean-Pool-Bejarano-Campo.-Homicidio-agravado-tentado.-Cali-Valle.jpg\",\"contentUrl\":\"https:\/\/www.fiscalia.gov.co\/colombia\/wp-content\/uploads\/Jean-Pool-Bejarano-Campo.-Homicidio-agravado-tentado.-Cali-Valle.jpg\",\"width\":1600,\"height\":897,\"caption\":\"Jean Pool Bejarano Campo.\"},{\"@type\":\"BreadcrumbList\",\"@id\":\"https:\/\/www.fiscalia.gov.co\/colombia\/noticias\/presunto-responsable-de-atentar-contra-la-vida-de-un-hombre-durante-una-rina-en-cali-fue-judicializado\/#breadcrumb\",\"itemListElement\":[{\"@type\":\"ListItem\",\"position\":1,\"name\":\"Home\",\"item\":\"https:\/\/www.fiscalia.gov.co\/colombia\/\"},{\"@type\":\"ListItem\",\"position\":2,\"name\":\"Presunto responsable de atentar contra la vida de un hombre durante una ri\u00f1a en Cali fue judicializado\"}]},{\"@type\":\"WebSite\",\"@id\":\"https:\/\/www.fiscalia.gov.co\/colombia\/#website\",\"url\":\"https:\/\/www.fiscalia.gov.co\/colombia\/\",\"name\":\"Fiscal\u00eda General de la Naci\u00f3n\",\"description\":\"P\u00e1gina oficial de la Fiscal\u00eda General de la Naci\u00f3n \u2013 Colombia. Garantizamos el acceso efectivo a la justicia, la verdad y la reparaci\u00f3n de las v\u00edctimas de los delitos.\",\"publisher\":{\"@id\":\"https:\/\/www.fiscalia.gov.co\/colombia\/#organization\"},\"potentialAction\":[{\"@type\":\"SearchAction\",\"target\":{\"@type\":\"EntryPoint\",\"urlTemplate\":\"https:\/\/www.fiscalia.gov.co\/colombia\/?s={search_term_string}\"},\"query-input\":{\"@type\":\"PropertyValueSpecification\",\"valueRequired\":true,\"valueName\":\"search_term_string\"}}],\"inLanguage\":\"es-CO\"},{\"@type\":\"Organization\",\"@id\":\"https:\/\/www.fiscalia.gov.co\/colombia\/#organization\",\"name\":\"Fiscal\u00eda General de la Naci\u00f3n\",\"url\":\"https:\/\/www.fiscalia.gov.co\/colombia\/\",\"logo\":{\"@type\":\"ImageObject\",\"inLanguage\":\"es-CO\",\"@id\":\"https:\/\/www.fiscalia.gov.co\/colombia\/#\/schema\/logo\/image\/\",\"url\":\"https:\/\/www.fiscalia.gov.co\/colombia\/wp-content\/uploads\/LogoHorizontal_1.jpg\",\"contentUrl\":\"https:\/\/www.fiscalia.gov.co\/colombia\/wp-content\/uploads\/LogoHorizontal_1.jpg\",\"width\":300,\"height\":90,\"caption\":\"Fiscal\u00eda General de la Naci\u00f3n\"},\"image\":{\"@id\":\"https:\/\/www.fiscalia.gov.co\/colombia\/#\/schema\/logo\/image\/\"},\"sameAs\":[\"https:\/\/www.facebook.com\/FiscaliaCol\",\"https:\/\/x.com\/FiscaliaCol\",\"https:\/\/www.instagram.com\/fiscaliacol\",\"https:\/\/www.linkedin.com\/company\/fiscalia-general-de-la-naci-n\/\",\"https:\/\/youtube.com\/@fiscaliageneraldelanacion-4668?si=6nN79nyQICPU5iTh\"]},{\"@type\":\"Person\",\"@id\":\"https:\/\/www.fiscalia.gov.co\/colombia\/#\/schema\/person\/ba9eca435947489fb25117a0cd75bf3e\",\"name\":\"Johanna Islenny Prieto Pe\u00f1a\",\"image\":{\"@type\":\"ImageObject\",\"inLanguage\":\"es-CO\",\"@id\":\"https:\/\/www.fiscalia.gov.co\/colombia\/#\/schema\/person\/image\/\",\"url\":\"https:\/\/secure.gravatar.com\/avatar\/111433fc2acb037ffb768f6a3ca47864?s=96&d=mm&r=g\",\"contentUrl\":\"https:\/\/secure.gravatar.com\/avatar\/111433fc2acb037ffb768f6a3ca47864?s=96&d=mm&r=g\",\"caption\":\"Johanna Islenny Prieto Pe\u00f1a\"},\"url\":\"https:\/\/www.fiscalia.gov.co\/colombia\/author\/jprietop\/\"}]}<\/script>\n<!-- \/ Yoast SEO plugin. -->","yoast_head_json":{"title":"Fiscal\u00eda General de la Naci\u00f3n","description":"P\u00e1gina oficial de la Fiscal\u00eda General de la Naci\u00f3n \u2013 Colombia. Garantizamos el acceso efectivo a la justicia, la verdad y la reparaci\u00f3n de las v\u00edctimas de los delitos.","robots":{"index":"noindex","follow":"follow"},"og_locale":"es_ES","og_type":"article","og_title":"Fiscal\u00eda General de la Naci\u00f3n","og_description":"P\u00e1gina oficial de la Fiscal\u00eda General de la Naci\u00f3n \u2013 Colombia. Garantizamos el acceso efectivo a la justicia, la verdad y la reparaci\u00f3n de las v\u00edctimas de los delitos.","og_url":"https:\/\/www.fiscalia.gov.co\/colombia\/noticias\/presunto-responsable-de-atentar-contra-la-vida-de-un-hombre-durante-una-rina-en-cali-fue-judicializado\/","og_site_name":"Fiscal\u00eda General de la Naci\u00f3n","article_publisher":"https:\/\/www.facebook.com\/FiscaliaCol","article_published_time":"2026-01-07T16:25:41+00:00","og_image":[{"width":1600,"height":897,"url":"https:\/\/www.fiscalia.gov.co\/colombia\/wp-content\/uploads\/Jean-Pool-Bejarano-Campo.-Homicidio-agravado-tentado.-Cali-Valle.jpg","type":"image\/jpeg"}],"author":"Johanna Islenny Prieto Pe\u00f1a","twitter_card":"summary_large_image","twitter_creator":"@FiscaliaCol","twitter_site":"@FiscaliaCol","twitter_misc":{"Escrito por":"Johanna Islenny Prieto Pe\u00f1a","Tiempo de lectura":"2 minutos"},"schema":{"@context":"https:\/\/schema.org","@graph":[{"@type":"Article","@id":"https:\/\/www.fiscalia.gov.co\/colombia\/noticias\/presunto-responsable-de-atentar-contra-la-vida-de-un-hombre-durante-una-rina-en-cali-fue-judicializado\/#article","isPartOf":{"@id":"https:\/\/www.fiscalia.gov.co\/colombia\/noticias\/presunto-responsable-de-atentar-contra-la-vida-de-un-hombre-durante-una-rina-en-cali-fue-judicializado\/"},"author":{"name":"Johanna Islenny Prieto Pe\u00f1a","@id":"https:\/\/www.fiscalia.gov.co\/colombia\/#\/schema\/person\/ba9eca435947489fb25117a0cd75bf3e"},"headline":"Presunto responsable de atentar contra la vida de un hombre durante una ri\u00f1a en Cali fue judicializado","datePublished":"2026-01-07T16:25:41+00:00","dateModified":"2026-01-07T16:25:41+00:00","mainEntityOfPage":{"@id":"https:\/\/www.fiscalia.gov.co\/colombia\/noticias\/presunto-responsable-de-atentar-contra-la-vida-de-un-hombre-durante-una-rina-en-cali-fue-judicializado\/"},"wordCount":316,"publisher":{"@id":"https:\/\/www.fiscalia.gov.co\/colombia\/#organization"},"image":{"@id":"https:\/\/www.fiscalia.gov.co\/colombia\/noticias\/presunto-responsable-de-atentar-contra-la-vida-de-un-hombre-durante-una-rina-en-cali-fue-judicializado\/#primaryimage"},"thumbnailUrl":"https:\/\/www.fiscalia.gov.co\/colombia\/wp-content\/uploads\/Jean-Pool-Bejarano-Campo.-Homicidio-agravado-tentado.-Cali-Valle-300x168.jpg","keywords":["Fiscal Luz Adriana Camargo","Fiscal\u00eda","Fiscal\u00eda Colombia","Fiscal\u00eda General de la Naci\u00f3n"],"articleSection":["Noticias","Seguridad territorial"],"inLanguage":"es-CO"},{"@type":"WebPage","@id":"https:\/\/www.fiscalia.gov.co\/colombia\/noticias\/presunto-responsable-de-atentar-contra-la-vida-de-un-hombre-durante-una-rina-en-cali-fue-judicializado\/","url":"https:\/\/www.fiscalia.gov.co\/colombia\/noticias\/presunto-responsable-de-atentar-contra-la-vida-de-un-hombre-durante-una-rina-en-cali-fue-judicializado\/","name":"Fiscal\u00eda General de la Naci\u00f3n","isPartOf":{"@id":"https:\/\/www.fiscalia.gov.co\/colombia\/#website"},"primaryImageOfPage":{"@id":"https:\/\/www.fiscalia.gov.co\/colombia\/noticias\/presunto-responsable-de-atentar-contra-la-vida-de-un-hombre-durante-una-rina-en-cali-fue-judicializado\/#primaryimage"},"image":{"@id":"https:\/\/www.fiscalia.gov.co\/colombia\/noticias\/presunto-responsable-de-atentar-contra-la-vida-de-un-hombre-durante-una-rina-en-cali-fue-judicializado\/#primaryimage"},"thumbnailUrl":"https:\/\/www.fiscalia.gov.co\/colombia\/wp-content\/uploads\/Jean-Pool-Bejarano-Campo.-Homicidio-agravado-tentado.-Cali-Valle-300x168.jpg","datePublished":"2026-01-07T16:25:41+00:00","dateModified":"2026-01-07T16:25:41+00:00","description":"P\u00e1gina oficial de la Fiscal\u00eda General de la Naci\u00f3n \u2013 Colombia. Garantizamos el acceso efectivo a la justicia, la verdad y la reparaci\u00f3n de las v\u00edctimas de los delitos.","breadcrumb":{"@id":"https:\/\/www.fiscalia.gov.co\/colombia\/noticias\/presunto-responsable-de-atentar-contra-la-vida-de-un-hombre-durante-una-rina-en-cali-fue-judicializado\/#breadcrumb"},"inLanguage":"es-CO","potentialAction":[{"@type":"ReadAction","target":["https:\/\/www.fiscalia.gov.co\/colombia\/noticias\/presunto-responsable-de-atentar-contra-la-vida-de-un-hombre-durante-una-rina-en-cali-fue-judicializado\/"]}]},{"@type":"ImageObject","inLanguage":"es-CO","@id":"https:\/\/www.fiscalia.gov.co\/colombia\/noticias\/presunto-responsable-de-atentar-contra-la-vida-de-un-hombre-durante-una-rina-en-cali-fue-judicializado\/#primaryimage","url":"https:\/\/www.fiscalia.gov.co\/colombia\/wp-content\/uploads\/Jean-Pool-Bejarano-Campo.-Homicidio-agravado-tentado.-Cali-Valle.jpg","contentUrl":"https:\/\/www.fiscalia.gov.co\/colombia\/wp-content\/uploads\/Jean-Pool-Bejarano-Campo.-Homicidio-agravado-tentado.-Cali-Valle.jpg","width":1600,"height":897,"caption":"Jean Pool Bejarano Campo."},{"@type":"BreadcrumbList","@id":"https:\/\/www.fiscalia.gov.co\/colombia\/noticias\/presunto-responsable-de-atentar-contra-la-vida-de-un-hombre-durante-una-rina-en-cali-fue-judicializado\/#breadcrumb","itemListElement":[{"@type":"ListItem","position":1,"name":"Home","item":"https:\/\/www.fiscalia.gov.co\/colombia\/"},{"@type":"ListItem","position":2,"name":"Presunto responsable de atentar contra la vida de un hombre durante una ri\u00f1a en Cali fue judicializado"}]},{"@type":"WebSite","@id":"https:\/\/www.fiscalia.gov.co\/colombia\/#website","url":"https:\/\/www.fiscalia.gov.co\/colombia\/","name":"Fiscal\u00eda General de la Naci\u00f3n","description":"P\u00e1gina oficial de la Fiscal\u00eda General de la Naci\u00f3n \u2013 Colombia. Garantizamos el acceso efectivo a la justicia, la verdad y la reparaci\u00f3n de las v\u00edctimas de los delitos.","publisher":{"@id":"https:\/\/www.fiscalia.gov.co\/colombia\/#organization"},"potentialAction":[{"@type":"SearchAction","target":{"@type":"EntryPoint","urlTemplate":"https:\/\/www.fiscalia.gov.co\/colombia\/?s={search_term_string}"},"query-input":{"@type":"PropertyValueSpecification","valueRequired":true,"valueName":"search_term_string"}}],"inLanguage":"es-CO"},{"@type":"Organization","@id":"https:\/\/www.fiscalia.gov.co\/colombia\/#organization","name":"Fiscal\u00eda General de la Naci\u00f3n","url":"https:\/\/www.fiscalia.gov.co\/colombia\/","logo":{"@type":"ImageObject","inLanguage":"es-CO","@id":"https:\/\/www.fiscalia.gov.co\/colombia\/#\/schema\/logo\/image\/","url":"https:\/\/www.fiscalia.gov.co\/colombia\/wp-content\/uploads\/LogoHorizontal_1.jpg","contentUrl":"https:\/\/www.fiscalia.gov.co\/colombia\/wp-content\/uploads\/LogoHorizontal_1.jpg","width":300,"height":90,"caption":"Fiscal\u00eda General de la Naci\u00f3n"},"image":{"@id":"https:\/\/www.fiscalia.gov.co\/colombia\/#\/schema\/logo\/image\/"},"sameAs":["https:\/\/www.facebook.com\/FiscaliaCol","https:\/\/x.com\/FiscaliaCol","https:\/\/www.instagram.com\/fiscaliacol","https:\/\/www.linkedin.com\/company\/fiscalia-general-de-la-naci-n\/","https:\/\/youtube.com\/@fiscaliageneraldelanacion-4668?si=6nN79nyQICPU5iTh"]},{"@type":"Person","@id":"https:\/\/www.fiscalia.gov.co\/colombia\/#\/schema\/person\/ba9eca435947489fb25117a0cd75bf3e","name":"Johanna Islenny Prieto Pe\u00f1a","image":{"@type":"ImageObject","inLanguage":"es-CO","@id":"https:\/\/www.fiscalia.gov.co\/colombia\/#\/schema\/person\/image\/","url":"https:\/\/secure.gravatar.com\/avatar\/111433fc2acb037ffb768f6a3ca47864?s=96&d=mm&r=g","contentUrl":"https:\/\/secure.gravatar.com\/avatar\/111433fc2acb037ffb768f6a3ca47864?s=96&d=mm&r=g","caption":"Johanna Islenny Prieto Pe\u00f1a"},"url":"https:\/\/www.fiscalia.gov.co\/colombia\/author\/jprietop\/"}]}},"_links":{"self":[{"href":"https:\/\/www.fiscalia.gov.co\/colombia\/wp-json\/wp\/v2\/posts\/329333","targetHints":{"allow":["GET"]}}],"collection":[{"href":"https:\/\/www.fiscalia.gov.co\/colombia\/wp-json\/wp\/v2\/posts"}],"about":[{"href":"https:\/\/www.fiscalia.gov.co\/colombia\/wp-json\/wp\/v2\/types\/post"}],"author":[{"embeddable":true,"href":"https:\/\/www.fiscalia.gov.co\/colombia\/wp-json\/wp\/v2\/users\/181"}],"replies":[{"embeddable":true,"href":"https:\/\/www.fiscalia.gov.co\/colombia\/wp-json\/wp\/v2\/comments?post=329333"}],"version-history":[{"count":1,"href":"https:\/\/www.fiscalia.gov.co\/colombia\/wp-json\/wp\/v2\/posts\/329333\/revisions"}],"predecessor-version":[{"id":329335,"href":"https:\/\/www.fiscalia.gov.co\/colombia\/wp-json\/wp\/v2\/posts\/329333\/revisions\/329335"}],"wp:attachment":[{"href":"https:\/\/www.fiscalia.gov.co\/colombia\/wp-json\/wp\/v2\/media?parent=329333"}],"wp:term":[{"taxonomy":"category","embeddable":true,"href":"https:\/\/www.fiscalia.gov.co\/colombia\/wp-json\/wp\/v2\/categories?post=329333"},{"taxonomy":"post_tag","embeddable":true,"href":"https:\/\/www.fiscalia.gov.co\/colombia\/wp-json\/wp\/v2\/tags?post=329333"}],"curies":[{"name":"wp","href":"https:\/\/api.w.org\/{rel}","templated":true}]}}