{"id":328778,"date":"2025-12-16T16:16:00","date_gmt":"2025-12-16T21:16:00","guid":{"rendered":"https:\/\/www.fiscalia.gov.co\/colombia\/?p=328778"},"modified":"2025-12-16T16:27:10","modified_gmt":"2025-12-16T21:27:10","slug":"en-sincelejo-un-acto-de-intolerancia-que-produjo-la-muerte-de-un-canino-de-nombre-rommy-termino-en-la-condena-de-prision-impuesta-a-dos-mujeres","status":"publish","type":"post","link":"https:\/\/www.fiscalia.gov.co\/colombia\/noticias\/en-sincelejo-un-acto-de-intolerancia-que-produjo-la-muerte-de-un-canino-de-nombre-rommy-termino-en-la-condena-de-prision-impuesta-a-dos-mujeres\/","title":{"rendered":"En Sincelejo un acto de intolerancia que produjo la muerte de un canino de nombre Rommy, termin\u00f3 en la condena de prisi\u00f3n impuesta a dos mujeres"},"content":{"rendered":"<p>Las pruebas presentadas por un fiscal de la Seccional Sucre permitieron que un juez de conocimiento de Sincelejo condenara a 32 meses de prisi\u00f3n a<strong> Teresita Alcocer Puentes y Arlin Cuello Alcocer, madre e hija, respectivamente, quienes fueron procesadas como responsables del delito de maltrato animal.<\/strong><\/p>\n<figure id=\"attachment_328779\" aria-describedby=\"caption-attachment-328779\" style=\"width: 300px\" class=\"wp-caption alignnone\"><img loading=\"lazy\" decoding=\"async\" class=\"size-medium wp-image-328779\" src=\"https:\/\/www.fiscalia.gov.co\/colombia\/wp-content\/uploads\/Teresita-de-Jesus-Alcocer-Puentes-y-Arlin-Winneth-Cuello-Alcocer-1-300x174.jpeg\" alt=\"En la imagen dos mujeres en la audiencia de imputaci\u00f3n por el delito de muerte a animal agravado.\" width=\"300\" height=\"174\" srcset=\"https:\/\/www.fiscalia.gov.co\/colombia\/wp-content\/uploads\/Teresita-de-Jesus-Alcocer-Puentes-y-Arlin-Winneth-Cuello-Alcocer-1-300x174.jpeg 300w, https:\/\/www.fiscalia.gov.co\/colombia\/wp-content\/uploads\/Teresita-de-Jesus-Alcocer-Puentes-y-Arlin-Winneth-Cuello-Alcocer-1-1024x595.jpeg 1024w, https:\/\/www.fiscalia.gov.co\/colombia\/wp-content\/uploads\/Teresita-de-Jesus-Alcocer-Puentes-y-Arlin-Winneth-Cuello-Alcocer-1-768x446.jpeg 768w, https:\/\/www.fiscalia.gov.co\/colombia\/wp-content\/uploads\/Teresita-de-Jesus-Alcocer-Puentes-y-Arlin-Winneth-Cuello-Alcocer-1-1536x893.jpeg 1536w, https:\/\/www.fiscalia.gov.co\/colombia\/wp-content\/uploads\/Teresita-de-Jesus-Alcocer-Puentes-y-Arlin-Winneth-Cuello-Alcocer-1-723x420.jpeg 723w, https:\/\/www.fiscalia.gov.co\/colombia\/wp-content\/uploads\/Teresita-de-Jesus-Alcocer-Puentes-y-Arlin-Winneth-Cuello-Alcocer-1-696x405.jpeg 696w, https:\/\/www.fiscalia.gov.co\/colombia\/wp-content\/uploads\/Teresita-de-Jesus-Alcocer-Puentes-y-Arlin-Winneth-Cuello-Alcocer-1-1068x621.jpeg 1068w, https:\/\/www.fiscalia.gov.co\/colombia\/wp-content\/uploads\/Teresita-de-Jesus-Alcocer-Puentes-y-Arlin-Winneth-Cuello-Alcocer-1.jpeg 1600w\" sizes=\"auto, (max-width: 300px) 100vw, 300px\" \/><figcaption id=\"caption-attachment-328779\" class=\"wp-caption-text\">En la foto Teresita de Jes\u00fas Alcocer Puentes y Arlin Winneth Cuello Alcocer, se\u00f1aladas por maltrato animal tras la muerte del canino &#8216;Rommy&#8217; en un caso ocurrido en Sincelejo (Sucre).<\/figcaption><\/figure>\n<p>Seg\u00fan lo evidenci\u00f3 una fiscal de la Seccional Sucre, con el apoyo del Grupo para la Lucha contra el Maltrato Animal (Gelma), el pasado 8 de octubre en un predio del barrio Santa Helena de la capital sucre\u00f1a. <strong>Las ahora condenadas, en medio de un acto de intolerancia, quemaron en la terraza de su casa al canino de raza Pastor Alem\u00e1n<\/strong> y nombre \u2018Rommy\u2019, para evitar que les ladrara.<\/p>\n<figure id=\"attachment_328780\" aria-describedby=\"caption-attachment-328780\" style=\"width: 300px\" class=\"wp-caption alignnone\"><img loading=\"lazy\" decoding=\"async\" class=\"wp-image-328780 size-medium\" src=\"https:\/\/www.fiscalia.gov.co\/colombia\/wp-content\/uploads\/Rommy-300x261.jpeg\" alt=\"Sincelejo (Sucre).En la imagen un perro pastor alem\u00e1n.\" width=\"300\" height=\"261\" srcset=\"https:\/\/www.fiscalia.gov.co\/colombia\/wp-content\/uploads\/Rommy-300x261.jpeg 300w, https:\/\/www.fiscalia.gov.co\/colombia\/wp-content\/uploads\/Rommy-1024x891.jpeg 1024w, https:\/\/www.fiscalia.gov.co\/colombia\/wp-content\/uploads\/Rommy-768x669.jpeg 768w, https:\/\/www.fiscalia.gov.co\/colombia\/wp-content\/uploads\/Rommy-482x420.jpeg 482w, https:\/\/www.fiscalia.gov.co\/colombia\/wp-content\/uploads\/Rommy-696x606.jpeg 696w, https:\/\/www.fiscalia.gov.co\/colombia\/wp-content\/uploads\/Rommy-1068x930.jpeg 1068w, https:\/\/www.fiscalia.gov.co\/colombia\/wp-content\/uploads\/Rommy-534x462.jpeg 534w, https:\/\/www.fiscalia.gov.co\/colombia\/wp-content\/uploads\/Rommy.jpeg 1498w\" sizes=\"auto, (max-width: 300px) 100vw, 300px\" \/><figcaption id=\"caption-attachment-328780\" class=\"wp-caption-text\">En la foto un perro pastor alem\u00e1n de nombre &#8216;Rommy&#8217; quien muri\u00f3 en un caso ocurrido en Sincelejo (Sucre).<\/figcaption><\/figure>\n<p>Por estos hechos, en su momento la Fiscal\u00eda imput\u00f3 a las procesadas el delito de muerte a animal agravado, cargo por el que fueron encontradas responsables, y se les impuso una pena de 8 meses de prisi\u00f3n.<\/p>\n<p>&nbsp;<\/p>\n<p>LYBT\/MAGA\/JMT\/GELMA<\/p>\n<p>&nbsp;<\/p>\n<p>&nbsp;<\/p>\n<p>&nbsp;<\/p>\n<p>&nbsp;<\/p>\n<p><em>La informaci\u00f3n contenida en este bolet\u00edn de prensa corresponde a la narraci\u00f3n de los hechos noticiosos objetivos, y las investigaciones penales al interior de la Fiscal\u00eda General de la Naci\u00f3n. Para el momento de la divulgaci\u00f3n de este comunicado, la situaci\u00f3n jur\u00eddica de la(s) persona(s) relacionada(s) se encuentra pendiente de resolver por la autoridad judicial competente, siempre bajo los preceptos de la presunci\u00f3n de inocencia, consagrados en el art\u00edculo 29 de la Constituci\u00f3n Pol\u00edtica y el art\u00edculo 7\u00ba de la Ley 906 de 2004.<\/em><\/p>\n\n<div class=\"twitter-share\"><a href=\"https:\/\/twitter.com\/intent\/tweet?via=fiscaliacol\" class=\"twitter-share-button\">Tweet<\/a><\/div>\n","protected":false},"excerpt":{"rendered":"<p>Las pruebas presentadas por un fiscal de la Seccional Sucre permitieron que un juez de conocimiento de Sincelejo condenara a 32 meses de prisi\u00f3n a Teresita Alcocer Puentes y Arlin Cuello Alcocer, madre e hija, respectivamente, quienes fueron procesadas como responsables del delito de maltrato animal. Seg\u00fan lo evidenci\u00f3 una fiscal de la Seccional Sucre, [&hellip;]<\/p>\n","protected":false},"author":181,"featured_media":0,"comment_status":"closed","ping_status":"open","sticky":false,"template":"","format":"standard","meta":{"tdm_status":"","tdm_grid_status":"","footnotes":""},"categories":[1,24099],"tags":[12184,1047,24282,18566,24812,558,11101],"class_list":{"0":"post-328778","1":"post","2":"type-post","3":"status-publish","4":"format-standard","6":"category-noticias","7":"category-seguridad-territorial","8":"tag-fiscal","9":"tag-fiscalia-general-de-la-nacion","10":"tag-gelma","11":"tag-maltrato-animal","12":"tag-perro","13":"tag-policia-nacional","14":"tag-seguridad-ciudadana"},"yoast_head":"<!-- This site is optimized with the Yoast SEO plugin v24.3 - https:\/\/yoast.com\/wordpress\/plugins\/seo\/ -->\n<title>Fiscal\u00eda General de la Naci\u00f3n<\/title>\n<meta name=\"description\" content=\"P\u00e1gina oficial de la Fiscal\u00eda General de la Naci\u00f3n \u2013 Colombia. Garantizamos el acceso efectivo a la justicia, la verdad y la reparaci\u00f3n de las v\u00edctimas de los delitos.\" \/>\n<meta name=\"robots\" content=\"noindex, follow\" \/>\n<meta property=\"og:locale\" content=\"es_ES\" \/>\n<meta property=\"og:type\" content=\"article\" \/>\n<meta property=\"og:title\" content=\"Fiscal\u00eda General de la Naci\u00f3n\" \/>\n<meta property=\"og:description\" content=\"P\u00e1gina oficial de la Fiscal\u00eda General de la Naci\u00f3n \u2013 Colombia. Garantizamos el acceso efectivo a la justicia, la verdad y la reparaci\u00f3n de las v\u00edctimas de los delitos.\" \/>\n<meta property=\"og:url\" content=\"https:\/\/www.fiscalia.gov.co\/colombia\/noticias\/en-sincelejo-un-acto-de-intolerancia-que-produjo-la-muerte-de-un-canino-de-nombre-rommy-termino-en-la-condena-de-prision-impuesta-a-dos-mujeres\/\" \/>\n<meta property=\"og:site_name\" content=\"Fiscal\u00eda General de la Naci\u00f3n\" \/>\n<meta property=\"article:publisher\" content=\"https:\/\/www.facebook.com\/FiscaliaCol\" \/>\n<meta property=\"article:published_time\" content=\"2025-12-16T21:16:00+00:00\" \/>\n<meta property=\"article:modified_time\" content=\"2025-12-16T21:27:10+00:00\" \/>\n<meta property=\"og:image\" content=\"https:\/\/www.fiscalia.gov.co\/colombia\/wp-content\/uploads\/Teresita-de-Jesus-Alcocer-Puentes-y-Arlin-Winneth-Cuello-Alcocer-1.jpeg\" \/>\n\t<meta property=\"og:image:width\" content=\"1600\" \/>\n\t<meta property=\"og:image:height\" content=\"930\" \/>\n\t<meta property=\"og:image:type\" content=\"image\/jpeg\" \/>\n<meta name=\"author\" content=\"Johanna Islenny Prieto Pe\u00f1a\" \/>\n<meta name=\"twitter:card\" content=\"summary_large_image\" \/>\n<meta name=\"twitter:creator\" content=\"@FiscaliaCol\" \/>\n<meta name=\"twitter:site\" content=\"@FiscaliaCol\" \/>\n<meta name=\"twitter:label1\" content=\"Escrito por\" \/>\n\t<meta name=\"twitter:data1\" content=\"Johanna Islenny Prieto Pe\u00f1a\" \/>\n\t<meta name=\"twitter:label2\" content=\"Tiempo de lectura\" \/>\n\t<meta name=\"twitter:data2\" content=\"2 minutos\" \/>\n<script type=\"application\/ld+json\" class=\"yoast-schema-graph\">{\"@context\":\"https:\/\/schema.org\",\"@graph\":[{\"@type\":\"Article\",\"@id\":\"https:\/\/www.fiscalia.gov.co\/colombia\/noticias\/en-sincelejo-un-acto-de-intolerancia-que-produjo-la-muerte-de-un-canino-de-nombre-rommy-termino-en-la-condena-de-prision-impuesta-a-dos-mujeres\/#article\",\"isPartOf\":{\"@id\":\"https:\/\/www.fiscalia.gov.co\/colombia\/noticias\/en-sincelejo-un-acto-de-intolerancia-que-produjo-la-muerte-de-un-canino-de-nombre-rommy-termino-en-la-condena-de-prision-impuesta-a-dos-mujeres\/\"},\"author\":{\"name\":\"Johanna Islenny Prieto Pe\u00f1a\",\"@id\":\"https:\/\/www.fiscalia.gov.co\/colombia\/#\/schema\/person\/ba9eca435947489fb25117a0cd75bf3e\"},\"headline\":\"En Sincelejo un acto de intolerancia que produjo la muerte de un canino de nombre Rommy, termin\u00f3 en la condena de prisi\u00f3n impuesta a dos mujeres\",\"datePublished\":\"2025-12-16T21:16:00+00:00\",\"dateModified\":\"2025-12-16T21:27:10+00:00\",\"mainEntityOfPage\":{\"@id\":\"https:\/\/www.fiscalia.gov.co\/colombia\/noticias\/en-sincelejo-un-acto-de-intolerancia-que-produjo-la-muerte-de-un-canino-de-nombre-rommy-termino-en-la-condena-de-prision-impuesta-a-dos-mujeres\/\"},\"wordCount\":353,\"publisher\":{\"@id\":\"https:\/\/www.fiscalia.gov.co\/colombia\/#organization\"},\"image\":{\"@id\":\"https:\/\/www.fiscalia.gov.co\/colombia\/noticias\/en-sincelejo-un-acto-de-intolerancia-que-produjo-la-muerte-de-un-canino-de-nombre-rommy-termino-en-la-condena-de-prision-impuesta-a-dos-mujeres\/#primaryimage\"},\"thumbnailUrl\":\"https:\/\/www.fiscalia.gov.co\/colombia\/wp-content\/uploads\/Teresita-de-Jesus-Alcocer-Puentes-y-Arlin-Winneth-Cuello-Alcocer-1-300x174.jpeg\",\"keywords\":[\"Fiscal\",\"Fiscal\u00eda General de la Naci\u00f3n\",\"Gelma\",\"Maltrato animal\",\"perro\",\"Polic\u00eda Nacional\",\"Seguridad ciudadana\"],\"articleSection\":[\"Noticias\",\"Seguridad territorial\"],\"inLanguage\":\"es-CO\"},{\"@type\":\"WebPage\",\"@id\":\"https:\/\/www.fiscalia.gov.co\/colombia\/noticias\/en-sincelejo-un-acto-de-intolerancia-que-produjo-la-muerte-de-un-canino-de-nombre-rommy-termino-en-la-condena-de-prision-impuesta-a-dos-mujeres\/\",\"url\":\"https:\/\/www.fiscalia.gov.co\/colombia\/noticias\/en-sincelejo-un-acto-de-intolerancia-que-produjo-la-muerte-de-un-canino-de-nombre-rommy-termino-en-la-condena-de-prision-impuesta-a-dos-mujeres\/\",\"name\":\"Fiscal\u00eda General de la Naci\u00f3n\",\"isPartOf\":{\"@id\":\"https:\/\/www.fiscalia.gov.co\/colombia\/#website\"},\"primaryImageOfPage\":{\"@id\":\"https:\/\/www.fiscalia.gov.co\/colombia\/noticias\/en-sincelejo-un-acto-de-intolerancia-que-produjo-la-muerte-de-un-canino-de-nombre-rommy-termino-en-la-condena-de-prision-impuesta-a-dos-mujeres\/#primaryimage\"},\"image\":{\"@id\":\"https:\/\/www.fiscalia.gov.co\/colombia\/noticias\/en-sincelejo-un-acto-de-intolerancia-que-produjo-la-muerte-de-un-canino-de-nombre-rommy-termino-en-la-condena-de-prision-impuesta-a-dos-mujeres\/#primaryimage\"},\"thumbnailUrl\":\"https:\/\/www.fiscalia.gov.co\/colombia\/wp-content\/uploads\/Teresita-de-Jesus-Alcocer-Puentes-y-Arlin-Winneth-Cuello-Alcocer-1-300x174.jpeg\",\"datePublished\":\"2025-12-16T21:16:00+00:00\",\"dateModified\":\"2025-12-16T21:27:10+00:00\",\"description\":\"P\u00e1gina oficial de la Fiscal\u00eda General de la Naci\u00f3n \u2013 Colombia. Garantizamos el acceso efectivo a la justicia, la verdad y la reparaci\u00f3n de las v\u00edctimas de los delitos.\",\"breadcrumb\":{\"@id\":\"https:\/\/www.fiscalia.gov.co\/colombia\/noticias\/en-sincelejo-un-acto-de-intolerancia-que-produjo-la-muerte-de-un-canino-de-nombre-rommy-termino-en-la-condena-de-prision-impuesta-a-dos-mujeres\/#breadcrumb\"},\"inLanguage\":\"es-CO\",\"potentialAction\":[{\"@type\":\"ReadAction\",\"target\":[\"https:\/\/www.fiscalia.gov.co\/colombia\/noticias\/en-sincelejo-un-acto-de-intolerancia-que-produjo-la-muerte-de-un-canino-de-nombre-rommy-termino-en-la-condena-de-prision-impuesta-a-dos-mujeres\/\"]}]},{\"@type\":\"ImageObject\",\"inLanguage\":\"es-CO\",\"@id\":\"https:\/\/www.fiscalia.gov.co\/colombia\/noticias\/en-sincelejo-un-acto-de-intolerancia-que-produjo-la-muerte-de-un-canino-de-nombre-rommy-termino-en-la-condena-de-prision-impuesta-a-dos-mujeres\/#primaryimage\",\"url\":\"https:\/\/www.fiscalia.gov.co\/colombia\/wp-content\/uploads\/Teresita-de-Jesus-Alcocer-Puentes-y-Arlin-Winneth-Cuello-Alcocer-1.jpeg\",\"contentUrl\":\"https:\/\/www.fiscalia.gov.co\/colombia\/wp-content\/uploads\/Teresita-de-Jesus-Alcocer-Puentes-y-Arlin-Winneth-Cuello-Alcocer-1.jpeg\",\"width\":1600,\"height\":930,\"caption\":\"En la foto Teresita de Jes\u00fas Alcocer Puentes y Arlin Winneth Cuello Alcocer, se\u00f1aladas por maltrato animal tras la muerte del canino 'Rommy' en un caso ocurrido en Sincelejo (Sucre).\"},{\"@type\":\"BreadcrumbList\",\"@id\":\"https:\/\/www.fiscalia.gov.co\/colombia\/noticias\/en-sincelejo-un-acto-de-intolerancia-que-produjo-la-muerte-de-un-canino-de-nombre-rommy-termino-en-la-condena-de-prision-impuesta-a-dos-mujeres\/#breadcrumb\",\"itemListElement\":[{\"@type\":\"ListItem\",\"position\":1,\"name\":\"Home\",\"item\":\"https:\/\/www.fiscalia.gov.co\/colombia\/\"},{\"@type\":\"ListItem\",\"position\":2,\"name\":\"En Sincelejo un acto de intolerancia que produjo la muerte de un canino de nombre Rommy, termin\u00f3 en la condena de prisi\u00f3n impuesta a dos mujeres\"}]},{\"@type\":\"WebSite\",\"@id\":\"https:\/\/www.fiscalia.gov.co\/colombia\/#website\",\"url\":\"https:\/\/www.fiscalia.gov.co\/colombia\/\",\"name\":\"Fiscal\u00eda General de la Naci\u00f3n\",\"description\":\"P\u00e1gina oficial de la Fiscal\u00eda General de la Naci\u00f3n \u2013 Colombia. Garantizamos el acceso efectivo a la justicia, la verdad y la reparaci\u00f3n de las v\u00edctimas de los delitos.\",\"publisher\":{\"@id\":\"https:\/\/www.fiscalia.gov.co\/colombia\/#organization\"},\"potentialAction\":[{\"@type\":\"SearchAction\",\"target\":{\"@type\":\"EntryPoint\",\"urlTemplate\":\"https:\/\/www.fiscalia.gov.co\/colombia\/?s={search_term_string}\"},\"query-input\":{\"@type\":\"PropertyValueSpecification\",\"valueRequired\":true,\"valueName\":\"search_term_string\"}}],\"inLanguage\":\"es-CO\"},{\"@type\":\"Organization\",\"@id\":\"https:\/\/www.fiscalia.gov.co\/colombia\/#organization\",\"name\":\"Fiscal\u00eda General de la Naci\u00f3n\",\"url\":\"https:\/\/www.fiscalia.gov.co\/colombia\/\",\"logo\":{\"@type\":\"ImageObject\",\"inLanguage\":\"es-CO\",\"@id\":\"https:\/\/www.fiscalia.gov.co\/colombia\/#\/schema\/logo\/image\/\",\"url\":\"https:\/\/www.fiscalia.gov.co\/colombia\/wp-content\/uploads\/LogoHorizontal_1.jpg\",\"contentUrl\":\"https:\/\/www.fiscalia.gov.co\/colombia\/wp-content\/uploads\/LogoHorizontal_1.jpg\",\"width\":300,\"height\":90,\"caption\":\"Fiscal\u00eda General de la Naci\u00f3n\"},\"image\":{\"@id\":\"https:\/\/www.fiscalia.gov.co\/colombia\/#\/schema\/logo\/image\/\"},\"sameAs\":[\"https:\/\/www.facebook.com\/FiscaliaCol\",\"https:\/\/x.com\/FiscaliaCol\",\"https:\/\/www.instagram.com\/fiscaliacol\",\"https:\/\/www.linkedin.com\/company\/fiscalia-general-de-la-naci-n\/\",\"https:\/\/youtube.com\/@fiscaliageneraldelanacion-4668?si=6nN79nyQICPU5iTh\"]},{\"@type\":\"Person\",\"@id\":\"https:\/\/www.fiscalia.gov.co\/colombia\/#\/schema\/person\/ba9eca435947489fb25117a0cd75bf3e\",\"name\":\"Johanna Islenny Prieto Pe\u00f1a\",\"image\":{\"@type\":\"ImageObject\",\"inLanguage\":\"es-CO\",\"@id\":\"https:\/\/www.fiscalia.gov.co\/colombia\/#\/schema\/person\/image\/\",\"url\":\"https:\/\/secure.gravatar.com\/avatar\/111433fc2acb037ffb768f6a3ca47864?s=96&d=mm&r=g\",\"contentUrl\":\"https:\/\/secure.gravatar.com\/avatar\/111433fc2acb037ffb768f6a3ca47864?s=96&d=mm&r=g\",\"caption\":\"Johanna Islenny Prieto Pe\u00f1a\"},\"url\":\"https:\/\/www.fiscalia.gov.co\/colombia\/author\/jprietop\/\"}]}<\/script>\n<!-- \/ Yoast SEO plugin. -->","yoast_head_json":{"title":"Fiscal\u00eda General de la Naci\u00f3n","description":"P\u00e1gina oficial de la Fiscal\u00eda General de la Naci\u00f3n \u2013 Colombia. Garantizamos el acceso efectivo a la justicia, la verdad y la reparaci\u00f3n de las v\u00edctimas de los delitos.","robots":{"index":"noindex","follow":"follow"},"og_locale":"es_ES","og_type":"article","og_title":"Fiscal\u00eda General de la Naci\u00f3n","og_description":"P\u00e1gina oficial de la Fiscal\u00eda General de la Naci\u00f3n \u2013 Colombia. Garantizamos el acceso efectivo a la justicia, la verdad y la reparaci\u00f3n de las v\u00edctimas de los delitos.","og_url":"https:\/\/www.fiscalia.gov.co\/colombia\/noticias\/en-sincelejo-un-acto-de-intolerancia-que-produjo-la-muerte-de-un-canino-de-nombre-rommy-termino-en-la-condena-de-prision-impuesta-a-dos-mujeres\/","og_site_name":"Fiscal\u00eda General de la Naci\u00f3n","article_publisher":"https:\/\/www.facebook.com\/FiscaliaCol","article_published_time":"2025-12-16T21:16:00+00:00","article_modified_time":"2025-12-16T21:27:10+00:00","og_image":[{"width":1600,"height":930,"url":"https:\/\/www.fiscalia.gov.co\/colombia\/wp-content\/uploads\/Teresita-de-Jesus-Alcocer-Puentes-y-Arlin-Winneth-Cuello-Alcocer-1.jpeg","type":"image\/jpeg"}],"author":"Johanna Islenny Prieto Pe\u00f1a","twitter_card":"summary_large_image","twitter_creator":"@FiscaliaCol","twitter_site":"@FiscaliaCol","twitter_misc":{"Escrito por":"Johanna Islenny Prieto Pe\u00f1a","Tiempo de lectura":"2 minutos"},"schema":{"@context":"https:\/\/schema.org","@graph":[{"@type":"Article","@id":"https:\/\/www.fiscalia.gov.co\/colombia\/noticias\/en-sincelejo-un-acto-de-intolerancia-que-produjo-la-muerte-de-un-canino-de-nombre-rommy-termino-en-la-condena-de-prision-impuesta-a-dos-mujeres\/#article","isPartOf":{"@id":"https:\/\/www.fiscalia.gov.co\/colombia\/noticias\/en-sincelejo-un-acto-de-intolerancia-que-produjo-la-muerte-de-un-canino-de-nombre-rommy-termino-en-la-condena-de-prision-impuesta-a-dos-mujeres\/"},"author":{"name":"Johanna Islenny Prieto Pe\u00f1a","@id":"https:\/\/www.fiscalia.gov.co\/colombia\/#\/schema\/person\/ba9eca435947489fb25117a0cd75bf3e"},"headline":"En Sincelejo un acto de intolerancia que produjo la muerte de un canino de nombre Rommy, termin\u00f3 en la condena de prisi\u00f3n impuesta a dos mujeres","datePublished":"2025-12-16T21:16:00+00:00","dateModified":"2025-12-16T21:27:10+00:00","mainEntityOfPage":{"@id":"https:\/\/www.fiscalia.gov.co\/colombia\/noticias\/en-sincelejo-un-acto-de-intolerancia-que-produjo-la-muerte-de-un-canino-de-nombre-rommy-termino-en-la-condena-de-prision-impuesta-a-dos-mujeres\/"},"wordCount":353,"publisher":{"@id":"https:\/\/www.fiscalia.gov.co\/colombia\/#organization"},"image":{"@id":"https:\/\/www.fiscalia.gov.co\/colombia\/noticias\/en-sincelejo-un-acto-de-intolerancia-que-produjo-la-muerte-de-un-canino-de-nombre-rommy-termino-en-la-condena-de-prision-impuesta-a-dos-mujeres\/#primaryimage"},"thumbnailUrl":"https:\/\/www.fiscalia.gov.co\/colombia\/wp-content\/uploads\/Teresita-de-Jesus-Alcocer-Puentes-y-Arlin-Winneth-Cuello-Alcocer-1-300x174.jpeg","keywords":["Fiscal","Fiscal\u00eda General de la Naci\u00f3n","Gelma","Maltrato animal","perro","Polic\u00eda Nacional","Seguridad ciudadana"],"articleSection":["Noticias","Seguridad territorial"],"inLanguage":"es-CO"},{"@type":"WebPage","@id":"https:\/\/www.fiscalia.gov.co\/colombia\/noticias\/en-sincelejo-un-acto-de-intolerancia-que-produjo-la-muerte-de-un-canino-de-nombre-rommy-termino-en-la-condena-de-prision-impuesta-a-dos-mujeres\/","url":"https:\/\/www.fiscalia.gov.co\/colombia\/noticias\/en-sincelejo-un-acto-de-intolerancia-que-produjo-la-muerte-de-un-canino-de-nombre-rommy-termino-en-la-condena-de-prision-impuesta-a-dos-mujeres\/","name":"Fiscal\u00eda General de la Naci\u00f3n","isPartOf":{"@id":"https:\/\/www.fiscalia.gov.co\/colombia\/#website"},"primaryImageOfPage":{"@id":"https:\/\/www.fiscalia.gov.co\/colombia\/noticias\/en-sincelejo-un-acto-de-intolerancia-que-produjo-la-muerte-de-un-canino-de-nombre-rommy-termino-en-la-condena-de-prision-impuesta-a-dos-mujeres\/#primaryimage"},"image":{"@id":"https:\/\/www.fiscalia.gov.co\/colombia\/noticias\/en-sincelejo-un-acto-de-intolerancia-que-produjo-la-muerte-de-un-canino-de-nombre-rommy-termino-en-la-condena-de-prision-impuesta-a-dos-mujeres\/#primaryimage"},"thumbnailUrl":"https:\/\/www.fiscalia.gov.co\/colombia\/wp-content\/uploads\/Teresita-de-Jesus-Alcocer-Puentes-y-Arlin-Winneth-Cuello-Alcocer-1-300x174.jpeg","datePublished":"2025-12-16T21:16:00+00:00","dateModified":"2025-12-16T21:27:10+00:00","description":"P\u00e1gina oficial de la Fiscal\u00eda General de la Naci\u00f3n \u2013 Colombia. Garantizamos el acceso efectivo a la justicia, la verdad y la reparaci\u00f3n de las v\u00edctimas de los delitos.","breadcrumb":{"@id":"https:\/\/www.fiscalia.gov.co\/colombia\/noticias\/en-sincelejo-un-acto-de-intolerancia-que-produjo-la-muerte-de-un-canino-de-nombre-rommy-termino-en-la-condena-de-prision-impuesta-a-dos-mujeres\/#breadcrumb"},"inLanguage":"es-CO","potentialAction":[{"@type":"ReadAction","target":["https:\/\/www.fiscalia.gov.co\/colombia\/noticias\/en-sincelejo-un-acto-de-intolerancia-que-produjo-la-muerte-de-un-canino-de-nombre-rommy-termino-en-la-condena-de-prision-impuesta-a-dos-mujeres\/"]}]},{"@type":"ImageObject","inLanguage":"es-CO","@id":"https:\/\/www.fiscalia.gov.co\/colombia\/noticias\/en-sincelejo-un-acto-de-intolerancia-que-produjo-la-muerte-de-un-canino-de-nombre-rommy-termino-en-la-condena-de-prision-impuesta-a-dos-mujeres\/#primaryimage","url":"https:\/\/www.fiscalia.gov.co\/colombia\/wp-content\/uploads\/Teresita-de-Jesus-Alcocer-Puentes-y-Arlin-Winneth-Cuello-Alcocer-1.jpeg","contentUrl":"https:\/\/www.fiscalia.gov.co\/colombia\/wp-content\/uploads\/Teresita-de-Jesus-Alcocer-Puentes-y-Arlin-Winneth-Cuello-Alcocer-1.jpeg","width":1600,"height":930,"caption":"En la foto Teresita de Jes\u00fas Alcocer Puentes y Arlin Winneth Cuello Alcocer, se\u00f1aladas por maltrato animal tras la muerte del canino 'Rommy' en un caso ocurrido en Sincelejo (Sucre)."},{"@type":"BreadcrumbList","@id":"https:\/\/www.fiscalia.gov.co\/colombia\/noticias\/en-sincelejo-un-acto-de-intolerancia-que-produjo-la-muerte-de-un-canino-de-nombre-rommy-termino-en-la-condena-de-prision-impuesta-a-dos-mujeres\/#breadcrumb","itemListElement":[{"@type":"ListItem","position":1,"name":"Home","item":"https:\/\/www.fiscalia.gov.co\/colombia\/"},{"@type":"ListItem","position":2,"name":"En Sincelejo un acto de intolerancia que produjo la muerte de un canino de nombre Rommy, termin\u00f3 en la condena de prisi\u00f3n impuesta a dos mujeres"}]},{"@type":"WebSite","@id":"https:\/\/www.fiscalia.gov.co\/colombia\/#website","url":"https:\/\/www.fiscalia.gov.co\/colombia\/","name":"Fiscal\u00eda General de la Naci\u00f3n","description":"P\u00e1gina oficial de la Fiscal\u00eda General de la Naci\u00f3n \u2013 Colombia. Garantizamos el acceso efectivo a la justicia, la verdad y la reparaci\u00f3n de las v\u00edctimas de los delitos.","publisher":{"@id":"https:\/\/www.fiscalia.gov.co\/colombia\/#organization"},"potentialAction":[{"@type":"SearchAction","target":{"@type":"EntryPoint","urlTemplate":"https:\/\/www.fiscalia.gov.co\/colombia\/?s={search_term_string}"},"query-input":{"@type":"PropertyValueSpecification","valueRequired":true,"valueName":"search_term_string"}}],"inLanguage":"es-CO"},{"@type":"Organization","@id":"https:\/\/www.fiscalia.gov.co\/colombia\/#organization","name":"Fiscal\u00eda General de la Naci\u00f3n","url":"https:\/\/www.fiscalia.gov.co\/colombia\/","logo":{"@type":"ImageObject","inLanguage":"es-CO","@id":"https:\/\/www.fiscalia.gov.co\/colombia\/#\/schema\/logo\/image\/","url":"https:\/\/www.fiscalia.gov.co\/colombia\/wp-content\/uploads\/LogoHorizontal_1.jpg","contentUrl":"https:\/\/www.fiscalia.gov.co\/colombia\/wp-content\/uploads\/LogoHorizontal_1.jpg","width":300,"height":90,"caption":"Fiscal\u00eda General de la Naci\u00f3n"},"image":{"@id":"https:\/\/www.fiscalia.gov.co\/colombia\/#\/schema\/logo\/image\/"},"sameAs":["https:\/\/www.facebook.com\/FiscaliaCol","https:\/\/x.com\/FiscaliaCol","https:\/\/www.instagram.com\/fiscaliacol","https:\/\/www.linkedin.com\/company\/fiscalia-general-de-la-naci-n\/","https:\/\/youtube.com\/@fiscaliageneraldelanacion-4668?si=6nN79nyQICPU5iTh"]},{"@type":"Person","@id":"https:\/\/www.fiscalia.gov.co\/colombia\/#\/schema\/person\/ba9eca435947489fb25117a0cd75bf3e","name":"Johanna Islenny Prieto Pe\u00f1a","image":{"@type":"ImageObject","inLanguage":"es-CO","@id":"https:\/\/www.fiscalia.gov.co\/colombia\/#\/schema\/person\/image\/","url":"https:\/\/secure.gravatar.com\/avatar\/111433fc2acb037ffb768f6a3ca47864?s=96&d=mm&r=g","contentUrl":"https:\/\/secure.gravatar.com\/avatar\/111433fc2acb037ffb768f6a3ca47864?s=96&d=mm&r=g","caption":"Johanna Islenny Prieto Pe\u00f1a"},"url":"https:\/\/www.fiscalia.gov.co\/colombia\/author\/jprietop\/"}]}},"_links":{"self":[{"href":"https:\/\/www.fiscalia.gov.co\/colombia\/wp-json\/wp\/v2\/posts\/328778","targetHints":{"allow":["GET"]}}],"collection":[{"href":"https:\/\/www.fiscalia.gov.co\/colombia\/wp-json\/wp\/v2\/posts"}],"about":[{"href":"https:\/\/www.fiscalia.gov.co\/colombia\/wp-json\/wp\/v2\/types\/post"}],"author":[{"embeddable":true,"href":"https:\/\/www.fiscalia.gov.co\/colombia\/wp-json\/wp\/v2\/users\/181"}],"replies":[{"embeddable":true,"href":"https:\/\/www.fiscalia.gov.co\/colombia\/wp-json\/wp\/v2\/comments?post=328778"}],"version-history":[{"count":3,"href":"https:\/\/www.fiscalia.gov.co\/colombia\/wp-json\/wp\/v2\/posts\/328778\/revisions"}],"predecessor-version":[{"id":328783,"href":"https:\/\/www.fiscalia.gov.co\/colombia\/wp-json\/wp\/v2\/posts\/328778\/revisions\/328783"}],"wp:attachment":[{"href":"https:\/\/www.fiscalia.gov.co\/colombia\/wp-json\/wp\/v2\/media?parent=328778"}],"wp:term":[{"taxonomy":"category","embeddable":true,"href":"https:\/\/www.fiscalia.gov.co\/colombia\/wp-json\/wp\/v2\/categories?post=328778"},{"taxonomy":"post_tag","embeddable":true,"href":"https:\/\/www.fiscalia.gov.co\/colombia\/wp-json\/wp\/v2\/tags?post=328778"}],"curies":[{"name":"wp","href":"https:\/\/api.w.org\/{rel}","templated":true}]}}