{"id":328757,"date":"2025-12-16T11:14:01","date_gmt":"2025-12-16T16:14:01","guid":{"rendered":"https:\/\/www.fiscalia.gov.co\/colombia\/?p=328757"},"modified":"2025-12-16T11:15:15","modified_gmt":"2025-12-16T16:15:15","slug":"por-presuntas-irregularidades-en-la-contratacion-de-eventos-culturales-en-dosquebradas-fueron-judicializados-exalcalde-y-dos-exfuncionarios","status":"publish","type":"post","link":"https:\/\/www.fiscalia.gov.co\/colombia\/noticias\/por-presuntas-irregularidades-en-la-contratacion-de-eventos-culturales-en-dosquebradas-fueron-judicializados-exalcalde-y-dos-exfuncionarios\/","title":{"rendered":"Por presuntas irregularidades en la contrataci\u00f3n de eventos culturales en Dosquebradas fueron judicializados exalcalde y dos exfuncionarios"},"content":{"rendered":"<p><i>En las investigaciones se detect\u00f3 un presunto direccionamiento del convenio a una fundaci\u00f3n fachada que beneficiar\u00eda a un concejal.<\/i><\/p>\n<p>La Fiscal\u00eda General de la Naci\u00f3n judicializ\u00f3 al exalcalde de Dosquebradas (Risaralda), <a name=\"x__Hlk214609147\"><\/a>Jorge Diego Ramos Casta\u00f1o; el exsecretario de Gobierno, Juan Carlos Sep\u00falveda Montoya y, a la exsecretaria privada, Claudia Patricia Garc\u00eda Morales,\u00a0como presuntos responsables de las irregularidades detectadas en el proceso de contrataci\u00f3n de los eventos art\u00edsticos y culturales para la celebraci\u00f3n de los 50 a\u00f1os del municipio en 2022.<\/p>\n<p>La investigaci\u00f3n adelantada por una fiscal de la Seccional Risaralda puso en evidencia que el convenio firmado por un valor superior a los 761 millones de pesos habr\u00eda sido direccionado por Ramos, Sep\u00falveda y Garc\u00eda y adjudicado a una fundaci\u00f3n fachada que presuntamente utiliz\u00f3 el concejal de Bel\u00e9n de Umbr\u00eda, Carlon Londo\u00f1o S\u00e1nchez, ya judicializado, para apropiarse de 242 millones de pesos de la totalidad del contrato.<\/p>\n<p>La Fiscal\u00eda logr\u00f3 establecer que, al parecer, conscientes de que la fundaci\u00f3n solo dar\u00eda la apariencia de legalidad pero que no ejecutar\u00eda el contrato, adelantaron reuniones con Londo\u00f1o S\u00e1nchez para acordar plan de medios, la realizaci\u00f3n de las actividades y presentaciones art\u00edsticas, entre otros, as\u00ed como la revisi\u00f3n de \u00edtems incumplidos en el desarrollo del convenio; sin embargo, no habr\u00edan convocado al representante legal de la fundaci\u00f3n. Por otro lado, fue al concejal a quien le habr\u00edan avisado sobre el desembolso por la ejecuci\u00f3n.<\/p>\n<p>Por estos hechos, fueron imputados, de acuerdo con su presunta responsabilidad individual, por los delitos de peculado por apropiaci\u00f3n en favor de terceros agravado, e inter\u00e9s indebido en la celebraci\u00f3n de contratos. Los procesados no aceptaron cargos.<\/p>\n<p>Por disposici\u00f3n de un juez de control de garant\u00edas Garc\u00eda Morales y Sep\u00falveda Montoya fueron afectados con medida de aseguramiento en centro carcelario. Por su parte,\u00a0 Ramos Casta\u00f1o continuar\u00e1 vinculado a la investigaci\u00f3n.<\/p>\n<p>En una primera fase de este proceso, en agosto pasado ya fueron judicializadas cinco personas que estar\u00edan involucradas en estos hechos, de las cuales tres fueron privadas de la libertad en centro carcelario y otras dos quedaron en libertad, pero vinculadas al proceso.<\/p>\n<p>Ramos Casta\u00f1o se present\u00f3 a la Fiscal\u00eda General de la Naci\u00f3n en Pereira (Risaralda) en donde uniformados de la Polic\u00eda Nacional hicieron efectiva su captura.\u00a0 Por su parte, Sep\u00falveda Montoya fue detenido en el barrio La Capilla de Dosquebradas y Garc\u00eda Morales en v\u00eda p\u00fablica de Pereira.<\/p>\n<p>CLCG\/AMCJ\/CABS\/DSR\/<\/p>\n<p>&nbsp;<\/p>\n<p>&nbsp;<\/p>\n<p>&nbsp;<\/p>\n<p>&nbsp;<\/p>\n<p><em>La informaci\u00f3n contenida en este bolet\u00edn de prensa corresponde a la narraci\u00f3n de los hechos noticiosos objetivos, y las investigaciones penales al interior de la Fiscal\u00eda General de la Naci\u00f3n. Para el momento de la divulgaci\u00f3n de este comunicado, la situaci\u00f3n jur\u00eddica de la(s) persona(s) relacionada(s) se encuentra pendiente de resolver por la autoridad judicial competente, siempre bajo los preceptos de la presunci\u00f3n de inocencia, consagrados en el art\u00edculo 29 de la Constituci\u00f3n Pol\u00edtica y el art\u00edculo 7\u00ba de la Ley 906 de 2004.<\/em><\/p>\n\n<div class=\"twitter-share\"><a href=\"https:\/\/twitter.com\/intent\/tweet?via=fiscaliacol\" class=\"twitter-share-button\">Tweet<\/a><\/div>\n","protected":false},"excerpt":{"rendered":"<p>En las investigaciones se detect\u00f3 un presunto direccionamiento del convenio a una fundaci\u00f3n fachada que beneficiar\u00eda a un concejal. La Fiscal\u00eda General de la Naci\u00f3n judicializ\u00f3 al exalcalde de Dosquebradas (Risaralda), Jorge Diego Ramos Casta\u00f1o; el exsecretario de Gobierno, Juan Carlos Sep\u00falveda Montoya y, a la exsecretaria privada, Claudia Patricia Garc\u00eda Morales,\u00a0como presuntos responsables de [&hellip;]<\/p>\n","protected":false},"author":181,"featured_media":0,"comment_status":"closed","ping_status":"open","sticky":false,"template":"","format":"standard","meta":{"tdm_status":"","tdm_grid_status":"","footnotes":""},"categories":[1,24099],"tags":[37492,4614,24187,1047],"class_list":{"0":"post-328757","1":"post","2":"type-post","3":"status-publish","4":"format-standard","6":"category-noticias","7":"category-seguridad-territorial","8":"tag-fiscal-luz-adriana-camargo","9":"tag-fiscalia-2","10":"tag-fiscalia-colombia","11":"tag-fiscalia-general-de-la-nacion"},"yoast_head":"<!-- This site is optimized with the Yoast SEO plugin v24.3 - https:\/\/yoast.com\/wordpress\/plugins\/seo\/ -->\n<title>Fiscal\u00eda General de la Naci\u00f3n<\/title>\n<meta name=\"description\" content=\"P\u00e1gina oficial de la Fiscal\u00eda General de la Naci\u00f3n \u2013 Colombia. Garantizamos el acceso efectivo a la justicia, la verdad y la reparaci\u00f3n de las v\u00edctimas de los delitos.\" \/>\n<meta name=\"robots\" content=\"noindex, follow\" \/>\n<meta property=\"og:locale\" content=\"es_ES\" \/>\n<meta property=\"og:type\" content=\"article\" \/>\n<meta property=\"og:title\" content=\"Fiscal\u00eda General de la Naci\u00f3n\" \/>\n<meta property=\"og:description\" content=\"P\u00e1gina oficial de la Fiscal\u00eda General de la Naci\u00f3n \u2013 Colombia. Garantizamos el acceso efectivo a la justicia, la verdad y la reparaci\u00f3n de las v\u00edctimas de los delitos.\" \/>\n<meta property=\"og:url\" content=\"https:\/\/www.fiscalia.gov.co\/colombia\/noticias\/por-presuntas-irregularidades-en-la-contratacion-de-eventos-culturales-en-dosquebradas-fueron-judicializados-exalcalde-y-dos-exfuncionarios\/\" \/>\n<meta property=\"og:site_name\" content=\"Fiscal\u00eda General de la Naci\u00f3n\" \/>\n<meta property=\"article:publisher\" content=\"https:\/\/www.facebook.com\/FiscaliaCol\" \/>\n<meta property=\"article:published_time\" content=\"2025-12-16T16:14:01+00:00\" \/>\n<meta property=\"article:modified_time\" content=\"2025-12-16T16:15:15+00:00\" \/>\n<meta name=\"author\" content=\"Johanna Islenny Prieto Pe\u00f1a\" \/>\n<meta name=\"twitter:card\" content=\"summary_large_image\" \/>\n<meta name=\"twitter:creator\" content=\"@FiscaliaCol\" \/>\n<meta name=\"twitter:site\" content=\"@FiscaliaCol\" \/>\n<meta name=\"twitter:label1\" content=\"Escrito por\" \/>\n\t<meta name=\"twitter:data1\" content=\"Johanna Islenny Prieto Pe\u00f1a\" \/>\n\t<meta name=\"twitter:label2\" content=\"Tiempo de lectura\" \/>\n\t<meta name=\"twitter:data2\" content=\"3 minutos\" \/>\n<script type=\"application\/ld+json\" class=\"yoast-schema-graph\">{\"@context\":\"https:\/\/schema.org\",\"@graph\":[{\"@type\":\"Article\",\"@id\":\"https:\/\/www.fiscalia.gov.co\/colombia\/noticias\/por-presuntas-irregularidades-en-la-contratacion-de-eventos-culturales-en-dosquebradas-fueron-judicializados-exalcalde-y-dos-exfuncionarios\/#article\",\"isPartOf\":{\"@id\":\"https:\/\/www.fiscalia.gov.co\/colombia\/noticias\/por-presuntas-irregularidades-en-la-contratacion-de-eventos-culturales-en-dosquebradas-fueron-judicializados-exalcalde-y-dos-exfuncionarios\/\"},\"author\":{\"name\":\"Johanna Islenny Prieto Pe\u00f1a\",\"@id\":\"https:\/\/www.fiscalia.gov.co\/colombia\/#\/schema\/person\/ba9eca435947489fb25117a0cd75bf3e\"},\"headline\":\"Por presuntas irregularidades en la contrataci\u00f3n de eventos culturales en Dosquebradas fueron judicializados exalcalde y dos exfuncionarios\",\"datePublished\":\"2025-12-16T16:14:01+00:00\",\"dateModified\":\"2025-12-16T16:15:15+00:00\",\"mainEntityOfPage\":{\"@id\":\"https:\/\/www.fiscalia.gov.co\/colombia\/noticias\/por-presuntas-irregularidades-en-la-contratacion-de-eventos-culturales-en-dosquebradas-fueron-judicializados-exalcalde-y-dos-exfuncionarios\/\"},\"wordCount\":561,\"publisher\":{\"@id\":\"https:\/\/www.fiscalia.gov.co\/colombia\/#organization\"},\"keywords\":[\"Fiscal Luz Adriana Camargo\",\"Fiscal\u00eda\",\"Fiscal\u00eda Colombia\",\"Fiscal\u00eda General de la Naci\u00f3n\"],\"articleSection\":[\"Noticias\",\"Seguridad territorial\"],\"inLanguage\":\"es-CO\"},{\"@type\":\"WebPage\",\"@id\":\"https:\/\/www.fiscalia.gov.co\/colombia\/noticias\/por-presuntas-irregularidades-en-la-contratacion-de-eventos-culturales-en-dosquebradas-fueron-judicializados-exalcalde-y-dos-exfuncionarios\/\",\"url\":\"https:\/\/www.fiscalia.gov.co\/colombia\/noticias\/por-presuntas-irregularidades-en-la-contratacion-de-eventos-culturales-en-dosquebradas-fueron-judicializados-exalcalde-y-dos-exfuncionarios\/\",\"name\":\"Fiscal\u00eda General de la Naci\u00f3n\",\"isPartOf\":{\"@id\":\"https:\/\/www.fiscalia.gov.co\/colombia\/#website\"},\"datePublished\":\"2025-12-16T16:14:01+00:00\",\"dateModified\":\"2025-12-16T16:15:15+00:00\",\"description\":\"P\u00e1gina oficial de la Fiscal\u00eda General de la Naci\u00f3n \u2013 Colombia. Garantizamos el acceso efectivo a la justicia, la verdad y la reparaci\u00f3n de las v\u00edctimas de los delitos.\",\"breadcrumb\":{\"@id\":\"https:\/\/www.fiscalia.gov.co\/colombia\/noticias\/por-presuntas-irregularidades-en-la-contratacion-de-eventos-culturales-en-dosquebradas-fueron-judicializados-exalcalde-y-dos-exfuncionarios\/#breadcrumb\"},\"inLanguage\":\"es-CO\",\"potentialAction\":[{\"@type\":\"ReadAction\",\"target\":[\"https:\/\/www.fiscalia.gov.co\/colombia\/noticias\/por-presuntas-irregularidades-en-la-contratacion-de-eventos-culturales-en-dosquebradas-fueron-judicializados-exalcalde-y-dos-exfuncionarios\/\"]}]},{\"@type\":\"BreadcrumbList\",\"@id\":\"https:\/\/www.fiscalia.gov.co\/colombia\/noticias\/por-presuntas-irregularidades-en-la-contratacion-de-eventos-culturales-en-dosquebradas-fueron-judicializados-exalcalde-y-dos-exfuncionarios\/#breadcrumb\",\"itemListElement\":[{\"@type\":\"ListItem\",\"position\":1,\"name\":\"Home\",\"item\":\"https:\/\/www.fiscalia.gov.co\/colombia\/\"},{\"@type\":\"ListItem\",\"position\":2,\"name\":\"Por presuntas irregularidades en la contrataci\u00f3n de eventos culturales en Dosquebradas fueron judicializados exalcalde y dos exfuncionarios\"}]},{\"@type\":\"WebSite\",\"@id\":\"https:\/\/www.fiscalia.gov.co\/colombia\/#website\",\"url\":\"https:\/\/www.fiscalia.gov.co\/colombia\/\",\"name\":\"Fiscal\u00eda General de la Naci\u00f3n\",\"description\":\"P\u00e1gina oficial de la Fiscal\u00eda General de la Naci\u00f3n \u2013 Colombia. Garantizamos el acceso efectivo a la justicia, la verdad y la reparaci\u00f3n de las v\u00edctimas de los delitos.\",\"publisher\":{\"@id\":\"https:\/\/www.fiscalia.gov.co\/colombia\/#organization\"},\"potentialAction\":[{\"@type\":\"SearchAction\",\"target\":{\"@type\":\"EntryPoint\",\"urlTemplate\":\"https:\/\/www.fiscalia.gov.co\/colombia\/?s={search_term_string}\"},\"query-input\":{\"@type\":\"PropertyValueSpecification\",\"valueRequired\":true,\"valueName\":\"search_term_string\"}}],\"inLanguage\":\"es-CO\"},{\"@type\":\"Organization\",\"@id\":\"https:\/\/www.fiscalia.gov.co\/colombia\/#organization\",\"name\":\"Fiscal\u00eda General de la Naci\u00f3n\",\"url\":\"https:\/\/www.fiscalia.gov.co\/colombia\/\",\"logo\":{\"@type\":\"ImageObject\",\"inLanguage\":\"es-CO\",\"@id\":\"https:\/\/www.fiscalia.gov.co\/colombia\/#\/schema\/logo\/image\/\",\"url\":\"https:\/\/www.fiscalia.gov.co\/colombia\/wp-content\/uploads\/LogoHorizontal_1.jpg\",\"contentUrl\":\"https:\/\/www.fiscalia.gov.co\/colombia\/wp-content\/uploads\/LogoHorizontal_1.jpg\",\"width\":300,\"height\":90,\"caption\":\"Fiscal\u00eda General de la Naci\u00f3n\"},\"image\":{\"@id\":\"https:\/\/www.fiscalia.gov.co\/colombia\/#\/schema\/logo\/image\/\"},\"sameAs\":[\"https:\/\/www.facebook.com\/FiscaliaCol\",\"https:\/\/x.com\/FiscaliaCol\",\"https:\/\/www.instagram.com\/fiscaliacol\",\"https:\/\/www.linkedin.com\/company\/fiscalia-general-de-la-naci-n\/\",\"https:\/\/youtube.com\/@fiscaliageneraldelanacion-4668?si=6nN79nyQICPU5iTh\"]},{\"@type\":\"Person\",\"@id\":\"https:\/\/www.fiscalia.gov.co\/colombia\/#\/schema\/person\/ba9eca435947489fb25117a0cd75bf3e\",\"name\":\"Johanna Islenny Prieto Pe\u00f1a\",\"image\":{\"@type\":\"ImageObject\",\"inLanguage\":\"es-CO\",\"@id\":\"https:\/\/www.fiscalia.gov.co\/colombia\/#\/schema\/person\/image\/\",\"url\":\"https:\/\/secure.gravatar.com\/avatar\/111433fc2acb037ffb768f6a3ca47864?s=96&d=mm&r=g\",\"contentUrl\":\"https:\/\/secure.gravatar.com\/avatar\/111433fc2acb037ffb768f6a3ca47864?s=96&d=mm&r=g\",\"caption\":\"Johanna Islenny Prieto Pe\u00f1a\"},\"url\":\"https:\/\/www.fiscalia.gov.co\/colombia\/author\/jprietop\/\"}]}<\/script>\n<!-- \/ Yoast SEO plugin. -->","yoast_head_json":{"title":"Fiscal\u00eda General de la Naci\u00f3n","description":"P\u00e1gina oficial de la Fiscal\u00eda General de la Naci\u00f3n \u2013 Colombia. Garantizamos el acceso efectivo a la justicia, la verdad y la reparaci\u00f3n de las v\u00edctimas de los delitos.","robots":{"index":"noindex","follow":"follow"},"og_locale":"es_ES","og_type":"article","og_title":"Fiscal\u00eda General de la Naci\u00f3n","og_description":"P\u00e1gina oficial de la Fiscal\u00eda General de la Naci\u00f3n \u2013 Colombia. Garantizamos el acceso efectivo a la justicia, la verdad y la reparaci\u00f3n de las v\u00edctimas de los delitos.","og_url":"https:\/\/www.fiscalia.gov.co\/colombia\/noticias\/por-presuntas-irregularidades-en-la-contratacion-de-eventos-culturales-en-dosquebradas-fueron-judicializados-exalcalde-y-dos-exfuncionarios\/","og_site_name":"Fiscal\u00eda General de la Naci\u00f3n","article_publisher":"https:\/\/www.facebook.com\/FiscaliaCol","article_published_time":"2025-12-16T16:14:01+00:00","article_modified_time":"2025-12-16T16:15:15+00:00","author":"Johanna Islenny Prieto Pe\u00f1a","twitter_card":"summary_large_image","twitter_creator":"@FiscaliaCol","twitter_site":"@FiscaliaCol","twitter_misc":{"Escrito por":"Johanna Islenny Prieto Pe\u00f1a","Tiempo de lectura":"3 minutos"},"schema":{"@context":"https:\/\/schema.org","@graph":[{"@type":"Article","@id":"https:\/\/www.fiscalia.gov.co\/colombia\/noticias\/por-presuntas-irregularidades-en-la-contratacion-de-eventos-culturales-en-dosquebradas-fueron-judicializados-exalcalde-y-dos-exfuncionarios\/#article","isPartOf":{"@id":"https:\/\/www.fiscalia.gov.co\/colombia\/noticias\/por-presuntas-irregularidades-en-la-contratacion-de-eventos-culturales-en-dosquebradas-fueron-judicializados-exalcalde-y-dos-exfuncionarios\/"},"author":{"name":"Johanna Islenny Prieto Pe\u00f1a","@id":"https:\/\/www.fiscalia.gov.co\/colombia\/#\/schema\/person\/ba9eca435947489fb25117a0cd75bf3e"},"headline":"Por presuntas irregularidades en la contrataci\u00f3n de eventos culturales en Dosquebradas fueron judicializados exalcalde y dos exfuncionarios","datePublished":"2025-12-16T16:14:01+00:00","dateModified":"2025-12-16T16:15:15+00:00","mainEntityOfPage":{"@id":"https:\/\/www.fiscalia.gov.co\/colombia\/noticias\/por-presuntas-irregularidades-en-la-contratacion-de-eventos-culturales-en-dosquebradas-fueron-judicializados-exalcalde-y-dos-exfuncionarios\/"},"wordCount":561,"publisher":{"@id":"https:\/\/www.fiscalia.gov.co\/colombia\/#organization"},"keywords":["Fiscal Luz Adriana Camargo","Fiscal\u00eda","Fiscal\u00eda Colombia","Fiscal\u00eda General de la Naci\u00f3n"],"articleSection":["Noticias","Seguridad territorial"],"inLanguage":"es-CO"},{"@type":"WebPage","@id":"https:\/\/www.fiscalia.gov.co\/colombia\/noticias\/por-presuntas-irregularidades-en-la-contratacion-de-eventos-culturales-en-dosquebradas-fueron-judicializados-exalcalde-y-dos-exfuncionarios\/","url":"https:\/\/www.fiscalia.gov.co\/colombia\/noticias\/por-presuntas-irregularidades-en-la-contratacion-de-eventos-culturales-en-dosquebradas-fueron-judicializados-exalcalde-y-dos-exfuncionarios\/","name":"Fiscal\u00eda General de la Naci\u00f3n","isPartOf":{"@id":"https:\/\/www.fiscalia.gov.co\/colombia\/#website"},"datePublished":"2025-12-16T16:14:01+00:00","dateModified":"2025-12-16T16:15:15+00:00","description":"P\u00e1gina oficial de la Fiscal\u00eda General de la Naci\u00f3n \u2013 Colombia. Garantizamos el acceso efectivo a la justicia, la verdad y la reparaci\u00f3n de las v\u00edctimas de los delitos.","breadcrumb":{"@id":"https:\/\/www.fiscalia.gov.co\/colombia\/noticias\/por-presuntas-irregularidades-en-la-contratacion-de-eventos-culturales-en-dosquebradas-fueron-judicializados-exalcalde-y-dos-exfuncionarios\/#breadcrumb"},"inLanguage":"es-CO","potentialAction":[{"@type":"ReadAction","target":["https:\/\/www.fiscalia.gov.co\/colombia\/noticias\/por-presuntas-irregularidades-en-la-contratacion-de-eventos-culturales-en-dosquebradas-fueron-judicializados-exalcalde-y-dos-exfuncionarios\/"]}]},{"@type":"BreadcrumbList","@id":"https:\/\/www.fiscalia.gov.co\/colombia\/noticias\/por-presuntas-irregularidades-en-la-contratacion-de-eventos-culturales-en-dosquebradas-fueron-judicializados-exalcalde-y-dos-exfuncionarios\/#breadcrumb","itemListElement":[{"@type":"ListItem","position":1,"name":"Home","item":"https:\/\/www.fiscalia.gov.co\/colombia\/"},{"@type":"ListItem","position":2,"name":"Por presuntas irregularidades en la contrataci\u00f3n de eventos culturales en Dosquebradas fueron judicializados exalcalde y dos exfuncionarios"}]},{"@type":"WebSite","@id":"https:\/\/www.fiscalia.gov.co\/colombia\/#website","url":"https:\/\/www.fiscalia.gov.co\/colombia\/","name":"Fiscal\u00eda General de la Naci\u00f3n","description":"P\u00e1gina oficial de la Fiscal\u00eda General de la Naci\u00f3n \u2013 Colombia. Garantizamos el acceso efectivo a la justicia, la verdad y la reparaci\u00f3n de las v\u00edctimas de los delitos.","publisher":{"@id":"https:\/\/www.fiscalia.gov.co\/colombia\/#organization"},"potentialAction":[{"@type":"SearchAction","target":{"@type":"EntryPoint","urlTemplate":"https:\/\/www.fiscalia.gov.co\/colombia\/?s={search_term_string}"},"query-input":{"@type":"PropertyValueSpecification","valueRequired":true,"valueName":"search_term_string"}}],"inLanguage":"es-CO"},{"@type":"Organization","@id":"https:\/\/www.fiscalia.gov.co\/colombia\/#organization","name":"Fiscal\u00eda General de la Naci\u00f3n","url":"https:\/\/www.fiscalia.gov.co\/colombia\/","logo":{"@type":"ImageObject","inLanguage":"es-CO","@id":"https:\/\/www.fiscalia.gov.co\/colombia\/#\/schema\/logo\/image\/","url":"https:\/\/www.fiscalia.gov.co\/colombia\/wp-content\/uploads\/LogoHorizontal_1.jpg","contentUrl":"https:\/\/www.fiscalia.gov.co\/colombia\/wp-content\/uploads\/LogoHorizontal_1.jpg","width":300,"height":90,"caption":"Fiscal\u00eda General de la Naci\u00f3n"},"image":{"@id":"https:\/\/www.fiscalia.gov.co\/colombia\/#\/schema\/logo\/image\/"},"sameAs":["https:\/\/www.facebook.com\/FiscaliaCol","https:\/\/x.com\/FiscaliaCol","https:\/\/www.instagram.com\/fiscaliacol","https:\/\/www.linkedin.com\/company\/fiscalia-general-de-la-naci-n\/","https:\/\/youtube.com\/@fiscaliageneraldelanacion-4668?si=6nN79nyQICPU5iTh"]},{"@type":"Person","@id":"https:\/\/www.fiscalia.gov.co\/colombia\/#\/schema\/person\/ba9eca435947489fb25117a0cd75bf3e","name":"Johanna Islenny Prieto Pe\u00f1a","image":{"@type":"ImageObject","inLanguage":"es-CO","@id":"https:\/\/www.fiscalia.gov.co\/colombia\/#\/schema\/person\/image\/","url":"https:\/\/secure.gravatar.com\/avatar\/111433fc2acb037ffb768f6a3ca47864?s=96&d=mm&r=g","contentUrl":"https:\/\/secure.gravatar.com\/avatar\/111433fc2acb037ffb768f6a3ca47864?s=96&d=mm&r=g","caption":"Johanna Islenny Prieto Pe\u00f1a"},"url":"https:\/\/www.fiscalia.gov.co\/colombia\/author\/jprietop\/"}]}},"_links":{"self":[{"href":"https:\/\/www.fiscalia.gov.co\/colombia\/wp-json\/wp\/v2\/posts\/328757","targetHints":{"allow":["GET"]}}],"collection":[{"href":"https:\/\/www.fiscalia.gov.co\/colombia\/wp-json\/wp\/v2\/posts"}],"about":[{"href":"https:\/\/www.fiscalia.gov.co\/colombia\/wp-json\/wp\/v2\/types\/post"}],"author":[{"embeddable":true,"href":"https:\/\/www.fiscalia.gov.co\/colombia\/wp-json\/wp\/v2\/users\/181"}],"replies":[{"embeddable":true,"href":"https:\/\/www.fiscalia.gov.co\/colombia\/wp-json\/wp\/v2\/comments?post=328757"}],"version-history":[{"count":3,"href":"https:\/\/www.fiscalia.gov.co\/colombia\/wp-json\/wp\/v2\/posts\/328757\/revisions"}],"predecessor-version":[{"id":328760,"href":"https:\/\/www.fiscalia.gov.co\/colombia\/wp-json\/wp\/v2\/posts\/328757\/revisions\/328760"}],"wp:attachment":[{"href":"https:\/\/www.fiscalia.gov.co\/colombia\/wp-json\/wp\/v2\/media?parent=328757"}],"wp:term":[{"taxonomy":"category","embeddable":true,"href":"https:\/\/www.fiscalia.gov.co\/colombia\/wp-json\/wp\/v2\/categories?post=328757"},{"taxonomy":"post_tag","embeddable":true,"href":"https:\/\/www.fiscalia.gov.co\/colombia\/wp-json\/wp\/v2\/tags?post=328757"}],"curies":[{"name":"wp","href":"https:\/\/api.w.org\/{rel}","templated":true}]}}