{"id":328752,"date":"2025-12-16T11:04:43","date_gmt":"2025-12-16T16:04:43","guid":{"rendered":"https:\/\/www.fiscalia.gov.co\/colombia\/?p=328752"},"modified":"2025-12-16T11:04:43","modified_gmt":"2025-12-16T16:04:43","slug":"condenado-a-mas-de-41-anos-de-prision-responsable-del-crimen-de-su-pareja-sentimental-en-san-andres","status":"publish","type":"post","link":"https:\/\/www.fiscalia.gov.co\/colombia\/noticias\/condenado-a-mas-de-41-anos-de-prision-responsable-del-crimen-de-su-pareja-sentimental-en-san-andres\/","title":{"rendered":"Condenado a m\u00e1s de 41 a\u00f1os de prisi\u00f3n responsable del crimen de su pareja sentimental en San Andr\u00e9s"},"content":{"rendered":"<blockquote>\n<h4><strong><i>El hecho se produjo cuando el sentenciado le exigi\u00f3 dinero a la mujer, pero el monto que ella le entreg\u00f3 le pareci\u00f3 insuficiente.<\/i><\/strong><\/h4>\n<\/blockquote>\n<div><\/div>\n<p>El material de prueba aportado por la Fiscal\u00eda General de la Naci\u00f3n, permiti\u00f3 que un juez de conocimiento condenara a 41 a\u00f1os y 4 meses de prisi\u00f3n a un hombre se\u00f1alado del crimen de su pareja sentimental en hechos registrados el pasado 28 de junio en la isla de Providencia. \u00a0En ese sentido, fue declarado responsable del delito de <a href=\"https:\/\/www.fiscalia.gov.co\/colombia\/noticias\/presunto-responsable-del-feminicidio-de-una-mujer-en-san-juan-de-nepomuceno-bolivar-fue-enviado-a-la-carcel\/\" target=\"_blank\" rel=\"noopener\">feminicidio<\/a> agravado.<\/p>\n<figure id=\"attachment_328753\" aria-describedby=\"caption-attachment-328753\" style=\"width: 300px\" class=\"wp-caption alignnone\"><img loading=\"lazy\" decoding=\"async\" class=\"size-medium wp-image-328753\" src=\"https:\/\/www.fiscalia.gov.co\/colombia\/wp-content\/uploads\/Foto-boletin-15-de-diciembre-feminicidio-condena-300x169.jpeg\" alt=\" En la fotograf\u00eda est\u00e1 un hombre de pie, moreno, delgado, con el rostro difuminado, vestido con una camiseta blanca y custodiado por dos uniformados de la Polic\u00eda Nacional.\u00a0\" width=\"300\" height=\"169\" srcset=\"https:\/\/www.fiscalia.gov.co\/colombia\/wp-content\/uploads\/Foto-boletin-15-de-diciembre-feminicidio-condena-300x169.jpeg 300w, https:\/\/www.fiscalia.gov.co\/colombia\/wp-content\/uploads\/Foto-boletin-15-de-diciembre-feminicidio-condena-1024x576.jpeg 1024w, https:\/\/www.fiscalia.gov.co\/colombia\/wp-content\/uploads\/Foto-boletin-15-de-diciembre-feminicidio-condena-768x432.jpeg 768w, https:\/\/www.fiscalia.gov.co\/colombia\/wp-content\/uploads\/Foto-boletin-15-de-diciembre-feminicidio-condena-1536x864.jpeg 1536w, https:\/\/www.fiscalia.gov.co\/colombia\/wp-content\/uploads\/Foto-boletin-15-de-diciembre-feminicidio-condena-747x420.jpeg 747w, https:\/\/www.fiscalia.gov.co\/colombia\/wp-content\/uploads\/Foto-boletin-15-de-diciembre-feminicidio-condena-696x392.jpeg 696w, https:\/\/www.fiscalia.gov.co\/colombia\/wp-content\/uploads\/Foto-boletin-15-de-diciembre-feminicidio-condena-1068x601.jpeg 1068w, https:\/\/www.fiscalia.gov.co\/colombia\/wp-content\/uploads\/Foto-boletin-15-de-diciembre-feminicidio-condena.jpeg 1600w\" sizes=\"auto, (max-width: 300px) 100vw, 300px\" \/><figcaption id=\"caption-attachment-328753\" class=\"wp-caption-text\">El procesado fue capturado por la Polic\u00eda Nacional luego de que cometiera el crimen.<\/figcaption><\/figure>\n<p>La investigaci\u00f3n liderada por un fiscal de la Unidad de Vida de la Seccional San Andr\u00e9s determin\u00f3 que el hoy condenado atac\u00f3 con un arma cortopunzante a la v\u00edctima caus\u00e1ndole la muerte.<\/p>\n<p>El ataque se registr\u00f3 en un puesto de venta de alimentos en el que laboraba la mujer de 33 a\u00f1os, all\u00ed lleg\u00f3 el procesado a exigirle dinero. Como el monto que ella le entreg\u00f3 le pareci\u00f3 insuficiente la golpe\u00f3 y en medio de la discusi\u00f3n la atac\u00f3 con una navaja en la garganta y pecho. La v\u00edctima fue trasladada hasta un centro asistencial donde falleci\u00f3 por la gravedad de las lesiones.<\/p>\n<p>El sentenciado de 40 a\u00f1os adem\u00e1s agredi\u00f3 verbalmente a otra mujer que trabajaba en el lugar. La Polic\u00eda Nacional que <a href=\"https:\/\/www.fiscalia.gov.co\/colombia\/noticias\/presunto-responsable-del-feminicidio-de-su-companera-sentimental-en-cartagena-bolivar-fue-enviado-a-la-carcel\/\" target=\"_blank\" rel=\"noopener\">fue alertada del crimen<\/a> materializ\u00f3 la captura momentos despu\u00e9s.<\/p>\n<p>Desde entonces el hombre se encuentra privado de la libertad en la c\u00e1rcel Nueva Esperanza en la isla de San Andr\u00e9s.<\/p>\n<p>Por disposici\u00f3n judicial el hombre tambi\u00e9n fue inhabilitado para el ejercicio de derecho y funciones p\u00fablicas por el mismo tiempo de la pena impuesta.<\/p>\n<p>La decisi\u00f3n de encuentra en firme.<\/p>\n<p>MEVA\/AMCJ\/JR\/TAM\/DSSPS<\/p>\n<p>&nbsp;<\/p>\n<p>&nbsp;<\/p>\n<p>&nbsp;<\/p>\n<p>&nbsp;<\/p>\n<p><i>La informaci\u00f3n contenida en este bolet\u00edn de prensa corresponde a la narraci\u00f3n de los hechos noticiosos objetivos, suministrados por los funcionarios encargados de adelantar las investigaciones penales al interior de la Fiscal\u00eda General de la Naci\u00f3n. Para el momento de la divulgaci\u00f3n de este comunicado, la situaci\u00f3n jur\u00eddica de la(s) persona(s) relacionada(s) se encuentra pendiente de resolver por la autoridad judicial competente, siempre bajo los preceptos de la presunci\u00f3n de inocencia, consagrados en el art\u00edculo 29 de la Constituci\u00f3n Pol\u00edtica y el art\u00edculo 7\u00ba de la Ley 906 de 2004.<\/i><\/p>\n<div><\/div>\n<div id=\"x_x_x_Signature\"><\/div>\n\n<div class=\"twitter-share\"><a href=\"https:\/\/twitter.com\/intent\/tweet?via=fiscaliacol\" class=\"twitter-share-button\">Tweet<\/a><\/div>\n","protected":false},"excerpt":{"rendered":"<p>El hecho se produjo cuando el sentenciado le exigi\u00f3 dinero a la mujer, pero el monto que ella le entreg\u00f3 le pareci\u00f3 insuficiente. El material de prueba aportado por la Fiscal\u00eda General de la Naci\u00f3n, permiti\u00f3 que un juez de conocimiento condenara a 41 a\u00f1os y 4 meses de prisi\u00f3n a un hombre se\u00f1alado del [&hellip;]<\/p>\n","protected":false},"author":181,"featured_media":0,"comment_status":"closed","ping_status":"open","sticky":false,"template":"","format":"standard","meta":{"tdm_status":"","tdm_grid_status":"","footnotes":""},"categories":[1,24099],"tags":[24257,924,293,26055,13442,24187,1047,7169,9383,558,24237,26073],"class_list":{"0":"post-328752","1":"post","2":"type-post","3":"status-publish","4":"format-standard","6":"category-noticias","7":"category-seguridad-territorial","8":"tag-arma-cortopunzante","9":"tag-captura","10":"tag-condena","11":"tag-excompanera-sentimental","12":"tag-feminicidio","13":"tag-fiscalia-colombia","14":"tag-fiscalia-general-de-la-nacion","15":"tag-flagrancia","16":"tag-isla","17":"tag-policia-nacional","18":"tag-prision","19":"tag-providencia"},"yoast_head":"<!-- This site is optimized with the Yoast SEO plugin v24.3 - https:\/\/yoast.com\/wordpress\/plugins\/seo\/ -->\n<title>Fiscal\u00eda General de la Naci\u00f3n<\/title>\n<meta name=\"description\" content=\"P\u00e1gina oficial de la Fiscal\u00eda General de la Naci\u00f3n \u2013 Colombia. Garantizamos el acceso efectivo a la justicia, la verdad y la reparaci\u00f3n de las v\u00edctimas de los delitos.\" \/>\n<meta name=\"robots\" content=\"noindex, follow\" \/>\n<meta property=\"og:locale\" content=\"es_ES\" \/>\n<meta property=\"og:type\" content=\"article\" \/>\n<meta property=\"og:title\" content=\"Fiscal\u00eda General de la Naci\u00f3n\" \/>\n<meta property=\"og:description\" content=\"P\u00e1gina oficial de la Fiscal\u00eda General de la Naci\u00f3n \u2013 Colombia. Garantizamos el acceso efectivo a la justicia, la verdad y la reparaci\u00f3n de las v\u00edctimas de los delitos.\" \/>\n<meta property=\"og:url\" content=\"https:\/\/www.fiscalia.gov.co\/colombia\/noticias\/condenado-a-mas-de-41-anos-de-prision-responsable-del-crimen-de-su-pareja-sentimental-en-san-andres\/\" \/>\n<meta property=\"og:site_name\" content=\"Fiscal\u00eda General de la Naci\u00f3n\" \/>\n<meta property=\"article:publisher\" content=\"https:\/\/www.facebook.com\/FiscaliaCol\" \/>\n<meta property=\"article:published_time\" content=\"2025-12-16T16:04:43+00:00\" \/>\n<meta property=\"og:image\" content=\"https:\/\/www.fiscalia.gov.co\/colombia\/wp-content\/uploads\/Foto-boletin-15-de-diciembre-feminicidio-condena.jpeg\" \/>\n\t<meta property=\"og:image:width\" content=\"1600\" \/>\n\t<meta property=\"og:image:height\" content=\"900\" \/>\n\t<meta property=\"og:image:type\" content=\"image\/jpeg\" \/>\n<meta name=\"author\" content=\"Johanna Islenny Prieto Pe\u00f1a\" \/>\n<meta name=\"twitter:card\" content=\"summary_large_image\" \/>\n<meta name=\"twitter:creator\" content=\"@FiscaliaCol\" \/>\n<meta name=\"twitter:site\" content=\"@FiscaliaCol\" \/>\n<meta name=\"twitter:label1\" content=\"Escrito por\" \/>\n\t<meta name=\"twitter:data1\" content=\"Johanna Islenny Prieto Pe\u00f1a\" \/>\n\t<meta name=\"twitter:label2\" content=\"Tiempo de lectura\" \/>\n\t<meta name=\"twitter:data2\" content=\"2 minutos\" \/>\n<script type=\"application\/ld+json\" class=\"yoast-schema-graph\">{\"@context\":\"https:\/\/schema.org\",\"@graph\":[{\"@type\":\"Article\",\"@id\":\"https:\/\/www.fiscalia.gov.co\/colombia\/noticias\/condenado-a-mas-de-41-anos-de-prision-responsable-del-crimen-de-su-pareja-sentimental-en-san-andres\/#article\",\"isPartOf\":{\"@id\":\"https:\/\/www.fiscalia.gov.co\/colombia\/noticias\/condenado-a-mas-de-41-anos-de-prision-responsable-del-crimen-de-su-pareja-sentimental-en-san-andres\/\"},\"author\":{\"name\":\"Johanna Islenny Prieto Pe\u00f1a\",\"@id\":\"https:\/\/www.fiscalia.gov.co\/colombia\/#\/schema\/person\/ba9eca435947489fb25117a0cd75bf3e\"},\"headline\":\"Condenado a m\u00e1s de 41 a\u00f1os de prisi\u00f3n responsable del crimen de su pareja sentimental en San Andr\u00e9s\",\"datePublished\":\"2025-12-16T16:04:43+00:00\",\"dateModified\":\"2025-12-16T16:04:43+00:00\",\"mainEntityOfPage\":{\"@id\":\"https:\/\/www.fiscalia.gov.co\/colombia\/noticias\/condenado-a-mas-de-41-anos-de-prision-responsable-del-crimen-de-su-pareja-sentimental-en-san-andres\/\"},\"wordCount\":438,\"publisher\":{\"@id\":\"https:\/\/www.fiscalia.gov.co\/colombia\/#organization\"},\"image\":{\"@id\":\"https:\/\/www.fiscalia.gov.co\/colombia\/noticias\/condenado-a-mas-de-41-anos-de-prision-responsable-del-crimen-de-su-pareja-sentimental-en-san-andres\/#primaryimage\"},\"thumbnailUrl\":\"https:\/\/www.fiscalia.gov.co\/colombia\/wp-content\/uploads\/Foto-boletin-15-de-diciembre-feminicidio-condena-300x169.jpeg\",\"keywords\":[\"arma cortopunzante\",\"Captura\",\"Condena\",\"excompa\u00f1era sentimental\",\"Feminicidio\",\"Fiscal\u00eda Colombia\",\"Fiscal\u00eda General de la Naci\u00f3n\",\"Flagrancia\",\"Isla\",\"Polic\u00eda Nacional\",\"prisi\u00f3n\",\"Providencia\"],\"articleSection\":[\"Noticias\",\"Seguridad territorial\"],\"inLanguage\":\"es-CO\"},{\"@type\":\"WebPage\",\"@id\":\"https:\/\/www.fiscalia.gov.co\/colombia\/noticias\/condenado-a-mas-de-41-anos-de-prision-responsable-del-crimen-de-su-pareja-sentimental-en-san-andres\/\",\"url\":\"https:\/\/www.fiscalia.gov.co\/colombia\/noticias\/condenado-a-mas-de-41-anos-de-prision-responsable-del-crimen-de-su-pareja-sentimental-en-san-andres\/\",\"name\":\"Fiscal\u00eda General de la Naci\u00f3n\",\"isPartOf\":{\"@id\":\"https:\/\/www.fiscalia.gov.co\/colombia\/#website\"},\"primaryImageOfPage\":{\"@id\":\"https:\/\/www.fiscalia.gov.co\/colombia\/noticias\/condenado-a-mas-de-41-anos-de-prision-responsable-del-crimen-de-su-pareja-sentimental-en-san-andres\/#primaryimage\"},\"image\":{\"@id\":\"https:\/\/www.fiscalia.gov.co\/colombia\/noticias\/condenado-a-mas-de-41-anos-de-prision-responsable-del-crimen-de-su-pareja-sentimental-en-san-andres\/#primaryimage\"},\"thumbnailUrl\":\"https:\/\/www.fiscalia.gov.co\/colombia\/wp-content\/uploads\/Foto-boletin-15-de-diciembre-feminicidio-condena-300x169.jpeg\",\"datePublished\":\"2025-12-16T16:04:43+00:00\",\"dateModified\":\"2025-12-16T16:04:43+00:00\",\"description\":\"P\u00e1gina oficial de la Fiscal\u00eda General de la Naci\u00f3n \u2013 Colombia. Garantizamos el acceso efectivo a la justicia, la verdad y la reparaci\u00f3n de las v\u00edctimas de los delitos.\",\"breadcrumb\":{\"@id\":\"https:\/\/www.fiscalia.gov.co\/colombia\/noticias\/condenado-a-mas-de-41-anos-de-prision-responsable-del-crimen-de-su-pareja-sentimental-en-san-andres\/#breadcrumb\"},\"inLanguage\":\"es-CO\",\"potentialAction\":[{\"@type\":\"ReadAction\",\"target\":[\"https:\/\/www.fiscalia.gov.co\/colombia\/noticias\/condenado-a-mas-de-41-anos-de-prision-responsable-del-crimen-de-su-pareja-sentimental-en-san-andres\/\"]}]},{\"@type\":\"ImageObject\",\"inLanguage\":\"es-CO\",\"@id\":\"https:\/\/www.fiscalia.gov.co\/colombia\/noticias\/condenado-a-mas-de-41-anos-de-prision-responsable-del-crimen-de-su-pareja-sentimental-en-san-andres\/#primaryimage\",\"url\":\"https:\/\/www.fiscalia.gov.co\/colombia\/wp-content\/uploads\/Foto-boletin-15-de-diciembre-feminicidio-condena.jpeg\",\"contentUrl\":\"https:\/\/www.fiscalia.gov.co\/colombia\/wp-content\/uploads\/Foto-boletin-15-de-diciembre-feminicidio-condena.jpeg\",\"width\":1600,\"height\":900,\"caption\":\"El procesado fue capturado por la Polic\u00eda Nacional luego de que cometiera el crimen.\u00a0\"},{\"@type\":\"BreadcrumbList\",\"@id\":\"https:\/\/www.fiscalia.gov.co\/colombia\/noticias\/condenado-a-mas-de-41-anos-de-prision-responsable-del-crimen-de-su-pareja-sentimental-en-san-andres\/#breadcrumb\",\"itemListElement\":[{\"@type\":\"ListItem\",\"position\":1,\"name\":\"Home\",\"item\":\"https:\/\/www.fiscalia.gov.co\/colombia\/\"},{\"@type\":\"ListItem\",\"position\":2,\"name\":\"Condenado a m\u00e1s de 41 a\u00f1os de prisi\u00f3n responsable del crimen de su pareja sentimental en San Andr\u00e9s\"}]},{\"@type\":\"WebSite\",\"@id\":\"https:\/\/www.fiscalia.gov.co\/colombia\/#website\",\"url\":\"https:\/\/www.fiscalia.gov.co\/colombia\/\",\"name\":\"Fiscal\u00eda General de la Naci\u00f3n\",\"description\":\"P\u00e1gina oficial de la Fiscal\u00eda General de la Naci\u00f3n \u2013 Colombia. Garantizamos el acceso efectivo a la justicia, la verdad y la reparaci\u00f3n de las v\u00edctimas de los delitos.\",\"publisher\":{\"@id\":\"https:\/\/www.fiscalia.gov.co\/colombia\/#organization\"},\"potentialAction\":[{\"@type\":\"SearchAction\",\"target\":{\"@type\":\"EntryPoint\",\"urlTemplate\":\"https:\/\/www.fiscalia.gov.co\/colombia\/?s={search_term_string}\"},\"query-input\":{\"@type\":\"PropertyValueSpecification\",\"valueRequired\":true,\"valueName\":\"search_term_string\"}}],\"inLanguage\":\"es-CO\"},{\"@type\":\"Organization\",\"@id\":\"https:\/\/www.fiscalia.gov.co\/colombia\/#organization\",\"name\":\"Fiscal\u00eda General de la Naci\u00f3n\",\"url\":\"https:\/\/www.fiscalia.gov.co\/colombia\/\",\"logo\":{\"@type\":\"ImageObject\",\"inLanguage\":\"es-CO\",\"@id\":\"https:\/\/www.fiscalia.gov.co\/colombia\/#\/schema\/logo\/image\/\",\"url\":\"https:\/\/www.fiscalia.gov.co\/colombia\/wp-content\/uploads\/LogoHorizontal_1.jpg\",\"contentUrl\":\"https:\/\/www.fiscalia.gov.co\/colombia\/wp-content\/uploads\/LogoHorizontal_1.jpg\",\"width\":300,\"height\":90,\"caption\":\"Fiscal\u00eda General de la Naci\u00f3n\"},\"image\":{\"@id\":\"https:\/\/www.fiscalia.gov.co\/colombia\/#\/schema\/logo\/image\/\"},\"sameAs\":[\"https:\/\/www.facebook.com\/FiscaliaCol\",\"https:\/\/x.com\/FiscaliaCol\",\"https:\/\/www.instagram.com\/fiscaliacol\",\"https:\/\/www.linkedin.com\/company\/fiscalia-general-de-la-naci-n\/\",\"https:\/\/youtube.com\/@fiscaliageneraldelanacion-4668?si=6nN79nyQICPU5iTh\"]},{\"@type\":\"Person\",\"@id\":\"https:\/\/www.fiscalia.gov.co\/colombia\/#\/schema\/person\/ba9eca435947489fb25117a0cd75bf3e\",\"name\":\"Johanna Islenny Prieto Pe\u00f1a\",\"image\":{\"@type\":\"ImageObject\",\"inLanguage\":\"es-CO\",\"@id\":\"https:\/\/www.fiscalia.gov.co\/colombia\/#\/schema\/person\/image\/\",\"url\":\"https:\/\/secure.gravatar.com\/avatar\/111433fc2acb037ffb768f6a3ca47864?s=96&d=mm&r=g\",\"contentUrl\":\"https:\/\/secure.gravatar.com\/avatar\/111433fc2acb037ffb768f6a3ca47864?s=96&d=mm&r=g\",\"caption\":\"Johanna Islenny Prieto Pe\u00f1a\"},\"url\":\"https:\/\/www.fiscalia.gov.co\/colombia\/author\/jprietop\/\"}]}<\/script>\n<!-- \/ Yoast SEO plugin. -->","yoast_head_json":{"title":"Fiscal\u00eda General de la Naci\u00f3n","description":"P\u00e1gina oficial de la Fiscal\u00eda General de la Naci\u00f3n \u2013 Colombia. Garantizamos el acceso efectivo a la justicia, la verdad y la reparaci\u00f3n de las v\u00edctimas de los delitos.","robots":{"index":"noindex","follow":"follow"},"og_locale":"es_ES","og_type":"article","og_title":"Fiscal\u00eda General de la Naci\u00f3n","og_description":"P\u00e1gina oficial de la Fiscal\u00eda General de la Naci\u00f3n \u2013 Colombia. Garantizamos el acceso efectivo a la justicia, la verdad y la reparaci\u00f3n de las v\u00edctimas de los delitos.","og_url":"https:\/\/www.fiscalia.gov.co\/colombia\/noticias\/condenado-a-mas-de-41-anos-de-prision-responsable-del-crimen-de-su-pareja-sentimental-en-san-andres\/","og_site_name":"Fiscal\u00eda General de la Naci\u00f3n","article_publisher":"https:\/\/www.facebook.com\/FiscaliaCol","article_published_time":"2025-12-16T16:04:43+00:00","og_image":[{"width":1600,"height":900,"url":"https:\/\/www.fiscalia.gov.co\/colombia\/wp-content\/uploads\/Foto-boletin-15-de-diciembre-feminicidio-condena.jpeg","type":"image\/jpeg"}],"author":"Johanna Islenny Prieto Pe\u00f1a","twitter_card":"summary_large_image","twitter_creator":"@FiscaliaCol","twitter_site":"@FiscaliaCol","twitter_misc":{"Escrito por":"Johanna Islenny Prieto Pe\u00f1a","Tiempo de lectura":"2 minutos"},"schema":{"@context":"https:\/\/schema.org","@graph":[{"@type":"Article","@id":"https:\/\/www.fiscalia.gov.co\/colombia\/noticias\/condenado-a-mas-de-41-anos-de-prision-responsable-del-crimen-de-su-pareja-sentimental-en-san-andres\/#article","isPartOf":{"@id":"https:\/\/www.fiscalia.gov.co\/colombia\/noticias\/condenado-a-mas-de-41-anos-de-prision-responsable-del-crimen-de-su-pareja-sentimental-en-san-andres\/"},"author":{"name":"Johanna Islenny Prieto Pe\u00f1a","@id":"https:\/\/www.fiscalia.gov.co\/colombia\/#\/schema\/person\/ba9eca435947489fb25117a0cd75bf3e"},"headline":"Condenado a m\u00e1s de 41 a\u00f1os de prisi\u00f3n responsable del crimen de su pareja sentimental en San Andr\u00e9s","datePublished":"2025-12-16T16:04:43+00:00","dateModified":"2025-12-16T16:04:43+00:00","mainEntityOfPage":{"@id":"https:\/\/www.fiscalia.gov.co\/colombia\/noticias\/condenado-a-mas-de-41-anos-de-prision-responsable-del-crimen-de-su-pareja-sentimental-en-san-andres\/"},"wordCount":438,"publisher":{"@id":"https:\/\/www.fiscalia.gov.co\/colombia\/#organization"},"image":{"@id":"https:\/\/www.fiscalia.gov.co\/colombia\/noticias\/condenado-a-mas-de-41-anos-de-prision-responsable-del-crimen-de-su-pareja-sentimental-en-san-andres\/#primaryimage"},"thumbnailUrl":"https:\/\/www.fiscalia.gov.co\/colombia\/wp-content\/uploads\/Foto-boletin-15-de-diciembre-feminicidio-condena-300x169.jpeg","keywords":["arma cortopunzante","Captura","Condena","excompa\u00f1era sentimental","Feminicidio","Fiscal\u00eda Colombia","Fiscal\u00eda General de la Naci\u00f3n","Flagrancia","Isla","Polic\u00eda Nacional","prisi\u00f3n","Providencia"],"articleSection":["Noticias","Seguridad territorial"],"inLanguage":"es-CO"},{"@type":"WebPage","@id":"https:\/\/www.fiscalia.gov.co\/colombia\/noticias\/condenado-a-mas-de-41-anos-de-prision-responsable-del-crimen-de-su-pareja-sentimental-en-san-andres\/","url":"https:\/\/www.fiscalia.gov.co\/colombia\/noticias\/condenado-a-mas-de-41-anos-de-prision-responsable-del-crimen-de-su-pareja-sentimental-en-san-andres\/","name":"Fiscal\u00eda General de la Naci\u00f3n","isPartOf":{"@id":"https:\/\/www.fiscalia.gov.co\/colombia\/#website"},"primaryImageOfPage":{"@id":"https:\/\/www.fiscalia.gov.co\/colombia\/noticias\/condenado-a-mas-de-41-anos-de-prision-responsable-del-crimen-de-su-pareja-sentimental-en-san-andres\/#primaryimage"},"image":{"@id":"https:\/\/www.fiscalia.gov.co\/colombia\/noticias\/condenado-a-mas-de-41-anos-de-prision-responsable-del-crimen-de-su-pareja-sentimental-en-san-andres\/#primaryimage"},"thumbnailUrl":"https:\/\/www.fiscalia.gov.co\/colombia\/wp-content\/uploads\/Foto-boletin-15-de-diciembre-feminicidio-condena-300x169.jpeg","datePublished":"2025-12-16T16:04:43+00:00","dateModified":"2025-12-16T16:04:43+00:00","description":"P\u00e1gina oficial de la Fiscal\u00eda General de la Naci\u00f3n \u2013 Colombia. Garantizamos el acceso efectivo a la justicia, la verdad y la reparaci\u00f3n de las v\u00edctimas de los delitos.","breadcrumb":{"@id":"https:\/\/www.fiscalia.gov.co\/colombia\/noticias\/condenado-a-mas-de-41-anos-de-prision-responsable-del-crimen-de-su-pareja-sentimental-en-san-andres\/#breadcrumb"},"inLanguage":"es-CO","potentialAction":[{"@type":"ReadAction","target":["https:\/\/www.fiscalia.gov.co\/colombia\/noticias\/condenado-a-mas-de-41-anos-de-prision-responsable-del-crimen-de-su-pareja-sentimental-en-san-andres\/"]}]},{"@type":"ImageObject","inLanguage":"es-CO","@id":"https:\/\/www.fiscalia.gov.co\/colombia\/noticias\/condenado-a-mas-de-41-anos-de-prision-responsable-del-crimen-de-su-pareja-sentimental-en-san-andres\/#primaryimage","url":"https:\/\/www.fiscalia.gov.co\/colombia\/wp-content\/uploads\/Foto-boletin-15-de-diciembre-feminicidio-condena.jpeg","contentUrl":"https:\/\/www.fiscalia.gov.co\/colombia\/wp-content\/uploads\/Foto-boletin-15-de-diciembre-feminicidio-condena.jpeg","width":1600,"height":900,"caption":"El procesado fue capturado por la Polic\u00eda Nacional luego de que cometiera el crimen.\u00a0"},{"@type":"BreadcrumbList","@id":"https:\/\/www.fiscalia.gov.co\/colombia\/noticias\/condenado-a-mas-de-41-anos-de-prision-responsable-del-crimen-de-su-pareja-sentimental-en-san-andres\/#breadcrumb","itemListElement":[{"@type":"ListItem","position":1,"name":"Home","item":"https:\/\/www.fiscalia.gov.co\/colombia\/"},{"@type":"ListItem","position":2,"name":"Condenado a m\u00e1s de 41 a\u00f1os de prisi\u00f3n responsable del crimen de su pareja sentimental en San Andr\u00e9s"}]},{"@type":"WebSite","@id":"https:\/\/www.fiscalia.gov.co\/colombia\/#website","url":"https:\/\/www.fiscalia.gov.co\/colombia\/","name":"Fiscal\u00eda General de la Naci\u00f3n","description":"P\u00e1gina oficial de la Fiscal\u00eda General de la Naci\u00f3n \u2013 Colombia. Garantizamos el acceso efectivo a la justicia, la verdad y la reparaci\u00f3n de las v\u00edctimas de los delitos.","publisher":{"@id":"https:\/\/www.fiscalia.gov.co\/colombia\/#organization"},"potentialAction":[{"@type":"SearchAction","target":{"@type":"EntryPoint","urlTemplate":"https:\/\/www.fiscalia.gov.co\/colombia\/?s={search_term_string}"},"query-input":{"@type":"PropertyValueSpecification","valueRequired":true,"valueName":"search_term_string"}}],"inLanguage":"es-CO"},{"@type":"Organization","@id":"https:\/\/www.fiscalia.gov.co\/colombia\/#organization","name":"Fiscal\u00eda General de la Naci\u00f3n","url":"https:\/\/www.fiscalia.gov.co\/colombia\/","logo":{"@type":"ImageObject","inLanguage":"es-CO","@id":"https:\/\/www.fiscalia.gov.co\/colombia\/#\/schema\/logo\/image\/","url":"https:\/\/www.fiscalia.gov.co\/colombia\/wp-content\/uploads\/LogoHorizontal_1.jpg","contentUrl":"https:\/\/www.fiscalia.gov.co\/colombia\/wp-content\/uploads\/LogoHorizontal_1.jpg","width":300,"height":90,"caption":"Fiscal\u00eda General de la Naci\u00f3n"},"image":{"@id":"https:\/\/www.fiscalia.gov.co\/colombia\/#\/schema\/logo\/image\/"},"sameAs":["https:\/\/www.facebook.com\/FiscaliaCol","https:\/\/x.com\/FiscaliaCol","https:\/\/www.instagram.com\/fiscaliacol","https:\/\/www.linkedin.com\/company\/fiscalia-general-de-la-naci-n\/","https:\/\/youtube.com\/@fiscaliageneraldelanacion-4668?si=6nN79nyQICPU5iTh"]},{"@type":"Person","@id":"https:\/\/www.fiscalia.gov.co\/colombia\/#\/schema\/person\/ba9eca435947489fb25117a0cd75bf3e","name":"Johanna Islenny Prieto Pe\u00f1a","image":{"@type":"ImageObject","inLanguage":"es-CO","@id":"https:\/\/www.fiscalia.gov.co\/colombia\/#\/schema\/person\/image\/","url":"https:\/\/secure.gravatar.com\/avatar\/111433fc2acb037ffb768f6a3ca47864?s=96&d=mm&r=g","contentUrl":"https:\/\/secure.gravatar.com\/avatar\/111433fc2acb037ffb768f6a3ca47864?s=96&d=mm&r=g","caption":"Johanna Islenny Prieto Pe\u00f1a"},"url":"https:\/\/www.fiscalia.gov.co\/colombia\/author\/jprietop\/"}]}},"_links":{"self":[{"href":"https:\/\/www.fiscalia.gov.co\/colombia\/wp-json\/wp\/v2\/posts\/328752","targetHints":{"allow":["GET"]}}],"collection":[{"href":"https:\/\/www.fiscalia.gov.co\/colombia\/wp-json\/wp\/v2\/posts"}],"about":[{"href":"https:\/\/www.fiscalia.gov.co\/colombia\/wp-json\/wp\/v2\/types\/post"}],"author":[{"embeddable":true,"href":"https:\/\/www.fiscalia.gov.co\/colombia\/wp-json\/wp\/v2\/users\/181"}],"replies":[{"embeddable":true,"href":"https:\/\/www.fiscalia.gov.co\/colombia\/wp-json\/wp\/v2\/comments?post=328752"}],"version-history":[{"count":1,"href":"https:\/\/www.fiscalia.gov.co\/colombia\/wp-json\/wp\/v2\/posts\/328752\/revisions"}],"predecessor-version":[{"id":328754,"href":"https:\/\/www.fiscalia.gov.co\/colombia\/wp-json\/wp\/v2\/posts\/328752\/revisions\/328754"}],"wp:attachment":[{"href":"https:\/\/www.fiscalia.gov.co\/colombia\/wp-json\/wp\/v2\/media?parent=328752"}],"wp:term":[{"taxonomy":"category","embeddable":true,"href":"https:\/\/www.fiscalia.gov.co\/colombia\/wp-json\/wp\/v2\/categories?post=328752"},{"taxonomy":"post_tag","embeddable":true,"href":"https:\/\/www.fiscalia.gov.co\/colombia\/wp-json\/wp\/v2\/tags?post=328752"}],"curies":[{"name":"wp","href":"https:\/\/api.w.org\/{rel}","templated":true}]}}