{"id":328742,"date":"2025-12-16T10:46:55","date_gmt":"2025-12-16T15:46:55","guid":{"rendered":"https:\/\/www.fiscalia.gov.co\/colombia\/?p=328742"},"modified":"2025-12-16T10:50:12","modified_gmt":"2025-12-16T15:50:12","slug":"presuntos-agresores-sexuales-de-menores-de-edad-en-miraflores-guaviare-fueron-enviados-a-la-carcel","status":"publish","type":"post","link":"https:\/\/www.fiscalia.gov.co\/colombia\/noticias\/presuntos-agresores-sexuales-de-menores-de-edad-en-miraflores-guaviare-fueron-enviados-a-la-carcel\/","title":{"rendered":"Presuntos agresores sexuales de menores de edad en Miraflores (Guaviare) fueron enviados a la c\u00e1rcel"},"content":{"rendered":"<p dir=\"auto\">Por solicitud de la Fiscal\u00eda General de la Naci\u00f3n, jueces de control de garant\u00edas impusieron medidas de aseguramiento en centro carcelario contra Jos\u00e9 Luis Murcia Murillo y un hombre, de 49 a\u00f1os, como presuntos responsables, de <a href=\"https:\/\/www.fiscalia.gov.co\/colombia\/noticias\/en-cali-condenan-a-mas-de-11-anos-de-prision-a-un-hombre-por-delitos-sexuales-contra-una-menor\/\" target=\"_blank\" rel=\"noopener\">agredir sexualmente<\/a> a dos menores de edad, en hechos diferentes registrados entre 2016 y 2025, en Miraflores (Guaviare).<\/p>\n<figure id=\"attachment_328743\" aria-describedby=\"caption-attachment-328743\" style=\"width: 300px\" class=\"wp-caption alignnone\"><img loading=\"lazy\" decoding=\"async\" class=\"size-medium wp-image-328743\" src=\"https:\/\/www.fiscalia.gov.co\/colombia\/wp-content\/uploads\/Capturado-delitos-sexuales-Guaviare-300x229.jpg\" alt=\"Fotos 1 Y 2 capturados de frente, custodiados por polic\u00edas y militar del Ej\u00e9rcito Nacional.\" width=\"300\" height=\"229\" srcset=\"https:\/\/www.fiscalia.gov.co\/colombia\/wp-content\/uploads\/Capturado-delitos-sexuales-Guaviare-300x229.jpg 300w, https:\/\/www.fiscalia.gov.co\/colombia\/wp-content\/uploads\/Capturado-delitos-sexuales-Guaviare-1024x780.jpg 1024w, https:\/\/www.fiscalia.gov.co\/colombia\/wp-content\/uploads\/Capturado-delitos-sexuales-Guaviare-768x585.jpg 768w, https:\/\/www.fiscalia.gov.co\/colombia\/wp-content\/uploads\/Capturado-delitos-sexuales-Guaviare-1536x1170.jpg 1536w, https:\/\/www.fiscalia.gov.co\/colombia\/wp-content\/uploads\/Capturado-delitos-sexuales-Guaviare-551x420.jpg 551w, https:\/\/www.fiscalia.gov.co\/colombia\/wp-content\/uploads\/Capturado-delitos-sexuales-Guaviare-80x60.jpg 80w, https:\/\/www.fiscalia.gov.co\/colombia\/wp-content\/uploads\/Capturado-delitos-sexuales-Guaviare-696x530.jpg 696w, https:\/\/www.fiscalia.gov.co\/colombia\/wp-content\/uploads\/Capturado-delitos-sexuales-Guaviare-1068x814.jpg 1068w, https:\/\/www.fiscalia.gov.co\/colombia\/wp-content\/uploads\/Capturado-delitos-sexuales-Guaviare.jpg 1600w\" sizes=\"auto, (max-width: 300px) 100vw, 300px\" \/><figcaption id=\"caption-attachment-328743\" class=\"wp-caption-text\">Capturados fueron imputados por delitos sexuales.<\/figcaption><\/figure>\n<p dir=\"auto\">Fiscales de la Seccional Guaviare les imputaron, de acuerdo con su responsabilidad individual, los delitos de acto sexual violento, acoso sexual, demanda de explotaci\u00f3n sexual comercial con menor de 18 a\u00f1os agravado, pornograf\u00eda con menor de 18 a\u00f1os y actos sexuales con menor de 14 a\u00f1os. Los cargos no fueron aceptados por los procesados.<\/p>\n<figure id=\"attachment_328744\" aria-describedby=\"caption-attachment-328744\" style=\"width: 300px\" class=\"wp-caption alignnone\"><img loading=\"lazy\" decoding=\"async\" class=\"size-medium wp-image-328744\" src=\"https:\/\/www.fiscalia.gov.co\/colombia\/wp-content\/uploads\/capturado-delitos-sexuales-Guaviare-1-300x225.jpg\" alt=\"Fotos 1 Y 2 capturados de frente, custodiados por polic\u00edas y militar del Ej\u00e9rcito Nacional.\" width=\"300\" height=\"225\" srcset=\"https:\/\/www.fiscalia.gov.co\/colombia\/wp-content\/uploads\/capturado-delitos-sexuales-Guaviare-1-300x225.jpg 300w, https:\/\/www.fiscalia.gov.co\/colombia\/wp-content\/uploads\/capturado-delitos-sexuales-Guaviare-1-1024x767.jpg 1024w, https:\/\/www.fiscalia.gov.co\/colombia\/wp-content\/uploads\/capturado-delitos-sexuales-Guaviare-1-768x576.jpg 768w, https:\/\/www.fiscalia.gov.co\/colombia\/wp-content\/uploads\/capturado-delitos-sexuales-Guaviare-1-1536x1151.jpg 1536w, https:\/\/www.fiscalia.gov.co\/colombia\/wp-content\/uploads\/capturado-delitos-sexuales-Guaviare-1-560x420.jpg 560w, https:\/\/www.fiscalia.gov.co\/colombia\/wp-content\/uploads\/capturado-delitos-sexuales-Guaviare-1-80x60.jpg 80w, https:\/\/www.fiscalia.gov.co\/colombia\/wp-content\/uploads\/capturado-delitos-sexuales-Guaviare-1-696x522.jpg 696w, https:\/\/www.fiscalia.gov.co\/colombia\/wp-content\/uploads\/capturado-delitos-sexuales-Guaviare-1-1068x800.jpg 1068w, https:\/\/www.fiscalia.gov.co\/colombia\/wp-content\/uploads\/capturado-delitos-sexuales-Guaviare-1-265x198.jpg 265w, https:\/\/www.fiscalia.gov.co\/colombia\/wp-content\/uploads\/capturado-delitos-sexuales-Guaviare-1.jpg 1600w\" sizes=\"auto, (max-width: 300px) 100vw, 300px\" \/><figcaption id=\"caption-attachment-328744\" class=\"wp-caption-text\">Capturados fueron imputados por delitos sexuales.<\/figcaption><\/figure>\n<p dir=\"auto\">Jos\u00e9 Luis Murcia Murillo, de 27 a\u00f1os, habr\u00eda agredido sexualmente a una menor de edad, de 15. Este hombre, al parecer, ingres\u00f3 a la vivienda de la v\u00edctima, en tres oportunidades, y le realiz\u00f3 tocamientos libidinosos. Adem\u00e1s, en otra ocasi\u00f3n, al parecer, la abord\u00f3 en la calle, mientras caminaba con dos amigos, la hostig\u00f3 e intent\u00f3 tocarla.<\/p>\n<p>En el segundo caso, un hombre, al parecer, le realiz\u00f3 tocamientos de \u00edndole sexual a su hijastra hoy de 17 a\u00f1os, cuando ten\u00eda 8 a\u00f1os, aprovechando los momentos que se quedaba bajo su cuidado. En mayo pasado, la habr\u00eda grabado e intentado accederla.<\/p>\n<p>PYMP\/LMFO\/AMCJ\/ICLH\/DSG<\/p>\n<p>&nbsp;<\/p>\n<p>&nbsp;<\/p>\n<p>&nbsp;<\/p>\n<p>&nbsp;<\/p>\n<p>&nbsp;<\/p>\n<p dir=\"auto\"><em>La informaci\u00f3n contenida en este bolet\u00edn de prensa corresponde a la narraci\u00f3n de los hechos noticiosos objetivos, suministrados por los funcionarios encargados de adelantar las investigaciones penales al interior de la Fiscal\u00eda General de la Naci\u00f3n. Para el momento de la divulgaci\u00f3n de este comunicado, la situaci\u00f3n jur\u00eddica de la(s) persona(s) relacionada(s) se encuentra pendiente de resolver por la autoridad judicial competente, siempre bajo los preceptos de la presunci\u00f3n de inocencia, consagrados en el art\u00edculo 29 de la Constituci\u00f3n Pol\u00edtica y el art\u00edculo 7\u00ba de la Ley 906 de 2004.<\/em><\/p>\n<div dir=\"auto\"><\/div>\n<div dir=\"auto\"><\/div>\n<div dir=\"auto\"><\/div>\n<div dir=\"auto\"><\/div>\n\n<div class=\"twitter-share\"><a href=\"https:\/\/twitter.com\/intent\/tweet?via=fiscaliacol\" class=\"twitter-share-button\">Tweet<\/a><\/div>\n","protected":false},"excerpt":{"rendered":"<p>Por solicitud de la Fiscal\u00eda General de la Naci\u00f3n, jueces de control de garant\u00edas impusieron medidas de aseguramiento en centro carcelario contra Jos\u00e9 Luis Murcia Murillo y un hombre, de 49 a\u00f1os, como presuntos responsables, de agredir sexualmente a dos menores de edad, en hechos diferentes registrados entre 2016 y 2025, en Miraflores (Guaviare). Fiscales [&hellip;]<\/p>\n","protected":false},"author":181,"featured_media":0,"comment_status":"closed","ping_status":"open","sticky":false,"template":"","format":"standard","meta":{"tdm_status":"","tdm_grid_status":"","footnotes":""},"categories":[1,24099],"tags":[26424,17825,12642,28825,24551,37469,27575,20437],"class_list":{"0":"post-328742","1":"post","2":"type-post","3":"status-publish","4":"format-standard","6":"category-noticias","7":"category-seguridad-territorial","8":"tag-acoso-sexual","9":"tag-acto-sexual-violento","10":"tag-actos-sexuales-con-menor-de-14-anos","11":"tag-agredir-sexualmente","12":"tag-centro-carcelario","13":"tag-demanda-de-explotacion-sexual-comercial-con-menor-de-18-anos-agravado","14":"tag-dos-menores","15":"tag-pornografia-con-menor-de-18-anos"},"yoast_head":"<!-- This site is optimized with the Yoast SEO plugin v24.3 - https:\/\/yoast.com\/wordpress\/plugins\/seo\/ -->\n<title>Fiscal\u00eda General de la Naci\u00f3n<\/title>\n<meta name=\"description\" content=\"P\u00e1gina oficial de la Fiscal\u00eda General de la Naci\u00f3n \u2013 Colombia. Garantizamos el acceso efectivo a la justicia, la verdad y la reparaci\u00f3n de las v\u00edctimas de los delitos.\" \/>\n<meta name=\"robots\" content=\"noindex, follow\" \/>\n<meta property=\"og:locale\" content=\"es_ES\" \/>\n<meta property=\"og:type\" content=\"article\" \/>\n<meta property=\"og:title\" content=\"Fiscal\u00eda General de la Naci\u00f3n\" \/>\n<meta property=\"og:description\" content=\"P\u00e1gina oficial de la Fiscal\u00eda General de la Naci\u00f3n \u2013 Colombia. Garantizamos el acceso efectivo a la justicia, la verdad y la reparaci\u00f3n de las v\u00edctimas de los delitos.\" \/>\n<meta property=\"og:url\" content=\"https:\/\/www.fiscalia.gov.co\/colombia\/noticias\/presuntos-agresores-sexuales-de-menores-de-edad-en-miraflores-guaviare-fueron-enviados-a-la-carcel\/\" \/>\n<meta property=\"og:site_name\" content=\"Fiscal\u00eda General de la Naci\u00f3n\" \/>\n<meta property=\"article:publisher\" content=\"https:\/\/www.facebook.com\/FiscaliaCol\" \/>\n<meta property=\"article:published_time\" content=\"2025-12-16T15:46:55+00:00\" \/>\n<meta property=\"article:modified_time\" content=\"2025-12-16T15:50:12+00:00\" \/>\n<meta property=\"og:image\" content=\"https:\/\/www.fiscalia.gov.co\/colombia\/wp-content\/uploads\/Capturado-delitos-sexuales-Guaviare.jpg\" \/>\n\t<meta property=\"og:image:width\" content=\"1600\" \/>\n\t<meta property=\"og:image:height\" content=\"1219\" \/>\n\t<meta property=\"og:image:type\" content=\"image\/jpeg\" \/>\n<meta name=\"author\" content=\"Johanna Islenny Prieto Pe\u00f1a\" \/>\n<meta name=\"twitter:card\" content=\"summary_large_image\" \/>\n<meta name=\"twitter:creator\" content=\"@FiscaliaCol\" \/>\n<meta name=\"twitter:site\" content=\"@FiscaliaCol\" \/>\n<meta name=\"twitter:label1\" content=\"Escrito por\" \/>\n\t<meta name=\"twitter:data1\" content=\"Johanna Islenny Prieto Pe\u00f1a\" \/>\n\t<meta name=\"twitter:label2\" content=\"Tiempo de lectura\" \/>\n\t<meta name=\"twitter:data2\" content=\"2 minutos\" \/>\n<script type=\"application\/ld+json\" class=\"yoast-schema-graph\">{\"@context\":\"https:\/\/schema.org\",\"@graph\":[{\"@type\":\"Article\",\"@id\":\"https:\/\/www.fiscalia.gov.co\/colombia\/noticias\/presuntos-agresores-sexuales-de-menores-de-edad-en-miraflores-guaviare-fueron-enviados-a-la-carcel\/#article\",\"isPartOf\":{\"@id\":\"https:\/\/www.fiscalia.gov.co\/colombia\/noticias\/presuntos-agresores-sexuales-de-menores-de-edad-en-miraflores-guaviare-fueron-enviados-a-la-carcel\/\"},\"author\":{\"name\":\"Johanna Islenny Prieto Pe\u00f1a\",\"@id\":\"https:\/\/www.fiscalia.gov.co\/colombia\/#\/schema\/person\/ba9eca435947489fb25117a0cd75bf3e\"},\"headline\":\"Presuntos agresores sexuales de menores de edad en Miraflores (Guaviare) fueron enviados a la c\u00e1rcel\",\"datePublished\":\"2025-12-16T15:46:55+00:00\",\"dateModified\":\"2025-12-16T15:50:12+00:00\",\"mainEntityOfPage\":{\"@id\":\"https:\/\/www.fiscalia.gov.co\/colombia\/noticias\/presuntos-agresores-sexuales-de-menores-de-edad-en-miraflores-guaviare-fueron-enviados-a-la-carcel\/\"},\"wordCount\":370,\"publisher\":{\"@id\":\"https:\/\/www.fiscalia.gov.co\/colombia\/#organization\"},\"image\":{\"@id\":\"https:\/\/www.fiscalia.gov.co\/colombia\/noticias\/presuntos-agresores-sexuales-de-menores-de-edad-en-miraflores-guaviare-fueron-enviados-a-la-carcel\/#primaryimage\"},\"thumbnailUrl\":\"https:\/\/www.fiscalia.gov.co\/colombia\/wp-content\/uploads\/Capturado-delitos-sexuales-Guaviare-300x229.jpg\",\"keywords\":[\"acoso sexual\",\"acto sexual violento\",\"actos sexuales con menor de 14 a\u00f1os\",\"agredir sexualmente\",\"centro carcelario\",\"demanda de explotaci\u00f3n sexual comercial con menor de 18 a\u00f1os agravado\",\"dos menores\",\"pornograf\u00eda con menor de 18 a\u00f1os\"],\"articleSection\":[\"Noticias\",\"Seguridad territorial\"],\"inLanguage\":\"es-CO\"},{\"@type\":\"WebPage\",\"@id\":\"https:\/\/www.fiscalia.gov.co\/colombia\/noticias\/presuntos-agresores-sexuales-de-menores-de-edad-en-miraflores-guaviare-fueron-enviados-a-la-carcel\/\",\"url\":\"https:\/\/www.fiscalia.gov.co\/colombia\/noticias\/presuntos-agresores-sexuales-de-menores-de-edad-en-miraflores-guaviare-fueron-enviados-a-la-carcel\/\",\"name\":\"Fiscal\u00eda General de la Naci\u00f3n\",\"isPartOf\":{\"@id\":\"https:\/\/www.fiscalia.gov.co\/colombia\/#website\"},\"primaryImageOfPage\":{\"@id\":\"https:\/\/www.fiscalia.gov.co\/colombia\/noticias\/presuntos-agresores-sexuales-de-menores-de-edad-en-miraflores-guaviare-fueron-enviados-a-la-carcel\/#primaryimage\"},\"image\":{\"@id\":\"https:\/\/www.fiscalia.gov.co\/colombia\/noticias\/presuntos-agresores-sexuales-de-menores-de-edad-en-miraflores-guaviare-fueron-enviados-a-la-carcel\/#primaryimage\"},\"thumbnailUrl\":\"https:\/\/www.fiscalia.gov.co\/colombia\/wp-content\/uploads\/Capturado-delitos-sexuales-Guaviare-300x229.jpg\",\"datePublished\":\"2025-12-16T15:46:55+00:00\",\"dateModified\":\"2025-12-16T15:50:12+00:00\",\"description\":\"P\u00e1gina oficial de la Fiscal\u00eda General de la Naci\u00f3n \u2013 Colombia. Garantizamos el acceso efectivo a la justicia, la verdad y la reparaci\u00f3n de las v\u00edctimas de los delitos.\",\"breadcrumb\":{\"@id\":\"https:\/\/www.fiscalia.gov.co\/colombia\/noticias\/presuntos-agresores-sexuales-de-menores-de-edad-en-miraflores-guaviare-fueron-enviados-a-la-carcel\/#breadcrumb\"},\"inLanguage\":\"es-CO\",\"potentialAction\":[{\"@type\":\"ReadAction\",\"target\":[\"https:\/\/www.fiscalia.gov.co\/colombia\/noticias\/presuntos-agresores-sexuales-de-menores-de-edad-en-miraflores-guaviare-fueron-enviados-a-la-carcel\/\"]}]},{\"@type\":\"ImageObject\",\"inLanguage\":\"es-CO\",\"@id\":\"https:\/\/www.fiscalia.gov.co\/colombia\/noticias\/presuntos-agresores-sexuales-de-menores-de-edad-en-miraflores-guaviare-fueron-enviados-a-la-carcel\/#primaryimage\",\"url\":\"https:\/\/www.fiscalia.gov.co\/colombia\/wp-content\/uploads\/Capturado-delitos-sexuales-Guaviare.jpg\",\"contentUrl\":\"https:\/\/www.fiscalia.gov.co\/colombia\/wp-content\/uploads\/Capturado-delitos-sexuales-Guaviare.jpg\",\"width\":1600,\"height\":1219,\"caption\":\"Capturados fueron imputados por delitos sexuales.\"},{\"@type\":\"BreadcrumbList\",\"@id\":\"https:\/\/www.fiscalia.gov.co\/colombia\/noticias\/presuntos-agresores-sexuales-de-menores-de-edad-en-miraflores-guaviare-fueron-enviados-a-la-carcel\/#breadcrumb\",\"itemListElement\":[{\"@type\":\"ListItem\",\"position\":1,\"name\":\"Home\",\"item\":\"https:\/\/www.fiscalia.gov.co\/colombia\/\"},{\"@type\":\"ListItem\",\"position\":2,\"name\":\"Presuntos agresores sexuales de menores de edad en Miraflores (Guaviare) fueron enviados a la c\u00e1rcel\"}]},{\"@type\":\"WebSite\",\"@id\":\"https:\/\/www.fiscalia.gov.co\/colombia\/#website\",\"url\":\"https:\/\/www.fiscalia.gov.co\/colombia\/\",\"name\":\"Fiscal\u00eda General de la Naci\u00f3n\",\"description\":\"P\u00e1gina oficial de la Fiscal\u00eda General de la Naci\u00f3n \u2013 Colombia. Garantizamos el acceso efectivo a la justicia, la verdad y la reparaci\u00f3n de las v\u00edctimas de los delitos.\",\"publisher\":{\"@id\":\"https:\/\/www.fiscalia.gov.co\/colombia\/#organization\"},\"potentialAction\":[{\"@type\":\"SearchAction\",\"target\":{\"@type\":\"EntryPoint\",\"urlTemplate\":\"https:\/\/www.fiscalia.gov.co\/colombia\/?s={search_term_string}\"},\"query-input\":{\"@type\":\"PropertyValueSpecification\",\"valueRequired\":true,\"valueName\":\"search_term_string\"}}],\"inLanguage\":\"es-CO\"},{\"@type\":\"Organization\",\"@id\":\"https:\/\/www.fiscalia.gov.co\/colombia\/#organization\",\"name\":\"Fiscal\u00eda General de la Naci\u00f3n\",\"url\":\"https:\/\/www.fiscalia.gov.co\/colombia\/\",\"logo\":{\"@type\":\"ImageObject\",\"inLanguage\":\"es-CO\",\"@id\":\"https:\/\/www.fiscalia.gov.co\/colombia\/#\/schema\/logo\/image\/\",\"url\":\"https:\/\/www.fiscalia.gov.co\/colombia\/wp-content\/uploads\/LogoHorizontal_1.jpg\",\"contentUrl\":\"https:\/\/www.fiscalia.gov.co\/colombia\/wp-content\/uploads\/LogoHorizontal_1.jpg\",\"width\":300,\"height\":90,\"caption\":\"Fiscal\u00eda General de la Naci\u00f3n\"},\"image\":{\"@id\":\"https:\/\/www.fiscalia.gov.co\/colombia\/#\/schema\/logo\/image\/\"},\"sameAs\":[\"https:\/\/www.facebook.com\/FiscaliaCol\",\"https:\/\/x.com\/FiscaliaCol\",\"https:\/\/www.instagram.com\/fiscaliacol\",\"https:\/\/www.linkedin.com\/company\/fiscalia-general-de-la-naci-n\/\",\"https:\/\/youtube.com\/@fiscaliageneraldelanacion-4668?si=6nN79nyQICPU5iTh\"]},{\"@type\":\"Person\",\"@id\":\"https:\/\/www.fiscalia.gov.co\/colombia\/#\/schema\/person\/ba9eca435947489fb25117a0cd75bf3e\",\"name\":\"Johanna Islenny Prieto Pe\u00f1a\",\"image\":{\"@type\":\"ImageObject\",\"inLanguage\":\"es-CO\",\"@id\":\"https:\/\/www.fiscalia.gov.co\/colombia\/#\/schema\/person\/image\/\",\"url\":\"https:\/\/secure.gravatar.com\/avatar\/111433fc2acb037ffb768f6a3ca47864?s=96&d=mm&r=g\",\"contentUrl\":\"https:\/\/secure.gravatar.com\/avatar\/111433fc2acb037ffb768f6a3ca47864?s=96&d=mm&r=g\",\"caption\":\"Johanna Islenny Prieto Pe\u00f1a\"},\"url\":\"https:\/\/www.fiscalia.gov.co\/colombia\/author\/jprietop\/\"}]}<\/script>\n<!-- \/ Yoast SEO plugin. -->","yoast_head_json":{"title":"Fiscal\u00eda General de la Naci\u00f3n","description":"P\u00e1gina oficial de la Fiscal\u00eda General de la Naci\u00f3n \u2013 Colombia. Garantizamos el acceso efectivo a la justicia, la verdad y la reparaci\u00f3n de las v\u00edctimas de los delitos.","robots":{"index":"noindex","follow":"follow"},"og_locale":"es_ES","og_type":"article","og_title":"Fiscal\u00eda General de la Naci\u00f3n","og_description":"P\u00e1gina oficial de la Fiscal\u00eda General de la Naci\u00f3n \u2013 Colombia. Garantizamos el acceso efectivo a la justicia, la verdad y la reparaci\u00f3n de las v\u00edctimas de los delitos.","og_url":"https:\/\/www.fiscalia.gov.co\/colombia\/noticias\/presuntos-agresores-sexuales-de-menores-de-edad-en-miraflores-guaviare-fueron-enviados-a-la-carcel\/","og_site_name":"Fiscal\u00eda General de la Naci\u00f3n","article_publisher":"https:\/\/www.facebook.com\/FiscaliaCol","article_published_time":"2025-12-16T15:46:55+00:00","article_modified_time":"2025-12-16T15:50:12+00:00","og_image":[{"width":1600,"height":1219,"url":"https:\/\/www.fiscalia.gov.co\/colombia\/wp-content\/uploads\/Capturado-delitos-sexuales-Guaviare.jpg","type":"image\/jpeg"}],"author":"Johanna Islenny Prieto Pe\u00f1a","twitter_card":"summary_large_image","twitter_creator":"@FiscaliaCol","twitter_site":"@FiscaliaCol","twitter_misc":{"Escrito por":"Johanna Islenny Prieto Pe\u00f1a","Tiempo de lectura":"2 minutos"},"schema":{"@context":"https:\/\/schema.org","@graph":[{"@type":"Article","@id":"https:\/\/www.fiscalia.gov.co\/colombia\/noticias\/presuntos-agresores-sexuales-de-menores-de-edad-en-miraflores-guaviare-fueron-enviados-a-la-carcel\/#article","isPartOf":{"@id":"https:\/\/www.fiscalia.gov.co\/colombia\/noticias\/presuntos-agresores-sexuales-de-menores-de-edad-en-miraflores-guaviare-fueron-enviados-a-la-carcel\/"},"author":{"name":"Johanna Islenny Prieto Pe\u00f1a","@id":"https:\/\/www.fiscalia.gov.co\/colombia\/#\/schema\/person\/ba9eca435947489fb25117a0cd75bf3e"},"headline":"Presuntos agresores sexuales de menores de edad en Miraflores (Guaviare) fueron enviados a la c\u00e1rcel","datePublished":"2025-12-16T15:46:55+00:00","dateModified":"2025-12-16T15:50:12+00:00","mainEntityOfPage":{"@id":"https:\/\/www.fiscalia.gov.co\/colombia\/noticias\/presuntos-agresores-sexuales-de-menores-de-edad-en-miraflores-guaviare-fueron-enviados-a-la-carcel\/"},"wordCount":370,"publisher":{"@id":"https:\/\/www.fiscalia.gov.co\/colombia\/#organization"},"image":{"@id":"https:\/\/www.fiscalia.gov.co\/colombia\/noticias\/presuntos-agresores-sexuales-de-menores-de-edad-en-miraflores-guaviare-fueron-enviados-a-la-carcel\/#primaryimage"},"thumbnailUrl":"https:\/\/www.fiscalia.gov.co\/colombia\/wp-content\/uploads\/Capturado-delitos-sexuales-Guaviare-300x229.jpg","keywords":["acoso sexual","acto sexual violento","actos sexuales con menor de 14 a\u00f1os","agredir sexualmente","centro carcelario","demanda de explotaci\u00f3n sexual comercial con menor de 18 a\u00f1os agravado","dos menores","pornograf\u00eda con menor de 18 a\u00f1os"],"articleSection":["Noticias","Seguridad territorial"],"inLanguage":"es-CO"},{"@type":"WebPage","@id":"https:\/\/www.fiscalia.gov.co\/colombia\/noticias\/presuntos-agresores-sexuales-de-menores-de-edad-en-miraflores-guaviare-fueron-enviados-a-la-carcel\/","url":"https:\/\/www.fiscalia.gov.co\/colombia\/noticias\/presuntos-agresores-sexuales-de-menores-de-edad-en-miraflores-guaviare-fueron-enviados-a-la-carcel\/","name":"Fiscal\u00eda General de la Naci\u00f3n","isPartOf":{"@id":"https:\/\/www.fiscalia.gov.co\/colombia\/#website"},"primaryImageOfPage":{"@id":"https:\/\/www.fiscalia.gov.co\/colombia\/noticias\/presuntos-agresores-sexuales-de-menores-de-edad-en-miraflores-guaviare-fueron-enviados-a-la-carcel\/#primaryimage"},"image":{"@id":"https:\/\/www.fiscalia.gov.co\/colombia\/noticias\/presuntos-agresores-sexuales-de-menores-de-edad-en-miraflores-guaviare-fueron-enviados-a-la-carcel\/#primaryimage"},"thumbnailUrl":"https:\/\/www.fiscalia.gov.co\/colombia\/wp-content\/uploads\/Capturado-delitos-sexuales-Guaviare-300x229.jpg","datePublished":"2025-12-16T15:46:55+00:00","dateModified":"2025-12-16T15:50:12+00:00","description":"P\u00e1gina oficial de la Fiscal\u00eda General de la Naci\u00f3n \u2013 Colombia. Garantizamos el acceso efectivo a la justicia, la verdad y la reparaci\u00f3n de las v\u00edctimas de los delitos.","breadcrumb":{"@id":"https:\/\/www.fiscalia.gov.co\/colombia\/noticias\/presuntos-agresores-sexuales-de-menores-de-edad-en-miraflores-guaviare-fueron-enviados-a-la-carcel\/#breadcrumb"},"inLanguage":"es-CO","potentialAction":[{"@type":"ReadAction","target":["https:\/\/www.fiscalia.gov.co\/colombia\/noticias\/presuntos-agresores-sexuales-de-menores-de-edad-en-miraflores-guaviare-fueron-enviados-a-la-carcel\/"]}]},{"@type":"ImageObject","inLanguage":"es-CO","@id":"https:\/\/www.fiscalia.gov.co\/colombia\/noticias\/presuntos-agresores-sexuales-de-menores-de-edad-en-miraflores-guaviare-fueron-enviados-a-la-carcel\/#primaryimage","url":"https:\/\/www.fiscalia.gov.co\/colombia\/wp-content\/uploads\/Capturado-delitos-sexuales-Guaviare.jpg","contentUrl":"https:\/\/www.fiscalia.gov.co\/colombia\/wp-content\/uploads\/Capturado-delitos-sexuales-Guaviare.jpg","width":1600,"height":1219,"caption":"Capturados fueron imputados por delitos sexuales."},{"@type":"BreadcrumbList","@id":"https:\/\/www.fiscalia.gov.co\/colombia\/noticias\/presuntos-agresores-sexuales-de-menores-de-edad-en-miraflores-guaviare-fueron-enviados-a-la-carcel\/#breadcrumb","itemListElement":[{"@type":"ListItem","position":1,"name":"Home","item":"https:\/\/www.fiscalia.gov.co\/colombia\/"},{"@type":"ListItem","position":2,"name":"Presuntos agresores sexuales de menores de edad en Miraflores (Guaviare) fueron enviados a la c\u00e1rcel"}]},{"@type":"WebSite","@id":"https:\/\/www.fiscalia.gov.co\/colombia\/#website","url":"https:\/\/www.fiscalia.gov.co\/colombia\/","name":"Fiscal\u00eda General de la Naci\u00f3n","description":"P\u00e1gina oficial de la Fiscal\u00eda General de la Naci\u00f3n \u2013 Colombia. Garantizamos el acceso efectivo a la justicia, la verdad y la reparaci\u00f3n de las v\u00edctimas de los delitos.","publisher":{"@id":"https:\/\/www.fiscalia.gov.co\/colombia\/#organization"},"potentialAction":[{"@type":"SearchAction","target":{"@type":"EntryPoint","urlTemplate":"https:\/\/www.fiscalia.gov.co\/colombia\/?s={search_term_string}"},"query-input":{"@type":"PropertyValueSpecification","valueRequired":true,"valueName":"search_term_string"}}],"inLanguage":"es-CO"},{"@type":"Organization","@id":"https:\/\/www.fiscalia.gov.co\/colombia\/#organization","name":"Fiscal\u00eda General de la Naci\u00f3n","url":"https:\/\/www.fiscalia.gov.co\/colombia\/","logo":{"@type":"ImageObject","inLanguage":"es-CO","@id":"https:\/\/www.fiscalia.gov.co\/colombia\/#\/schema\/logo\/image\/","url":"https:\/\/www.fiscalia.gov.co\/colombia\/wp-content\/uploads\/LogoHorizontal_1.jpg","contentUrl":"https:\/\/www.fiscalia.gov.co\/colombia\/wp-content\/uploads\/LogoHorizontal_1.jpg","width":300,"height":90,"caption":"Fiscal\u00eda General de la Naci\u00f3n"},"image":{"@id":"https:\/\/www.fiscalia.gov.co\/colombia\/#\/schema\/logo\/image\/"},"sameAs":["https:\/\/www.facebook.com\/FiscaliaCol","https:\/\/x.com\/FiscaliaCol","https:\/\/www.instagram.com\/fiscaliacol","https:\/\/www.linkedin.com\/company\/fiscalia-general-de-la-naci-n\/","https:\/\/youtube.com\/@fiscaliageneraldelanacion-4668?si=6nN79nyQICPU5iTh"]},{"@type":"Person","@id":"https:\/\/www.fiscalia.gov.co\/colombia\/#\/schema\/person\/ba9eca435947489fb25117a0cd75bf3e","name":"Johanna Islenny Prieto Pe\u00f1a","image":{"@type":"ImageObject","inLanguage":"es-CO","@id":"https:\/\/www.fiscalia.gov.co\/colombia\/#\/schema\/person\/image\/","url":"https:\/\/secure.gravatar.com\/avatar\/111433fc2acb037ffb768f6a3ca47864?s=96&d=mm&r=g","contentUrl":"https:\/\/secure.gravatar.com\/avatar\/111433fc2acb037ffb768f6a3ca47864?s=96&d=mm&r=g","caption":"Johanna Islenny Prieto Pe\u00f1a"},"url":"https:\/\/www.fiscalia.gov.co\/colombia\/author\/jprietop\/"}]}},"_links":{"self":[{"href":"https:\/\/www.fiscalia.gov.co\/colombia\/wp-json\/wp\/v2\/posts\/328742","targetHints":{"allow":["GET"]}}],"collection":[{"href":"https:\/\/www.fiscalia.gov.co\/colombia\/wp-json\/wp\/v2\/posts"}],"about":[{"href":"https:\/\/www.fiscalia.gov.co\/colombia\/wp-json\/wp\/v2\/types\/post"}],"author":[{"embeddable":true,"href":"https:\/\/www.fiscalia.gov.co\/colombia\/wp-json\/wp\/v2\/users\/181"}],"replies":[{"embeddable":true,"href":"https:\/\/www.fiscalia.gov.co\/colombia\/wp-json\/wp\/v2\/comments?post=328742"}],"version-history":[{"count":2,"href":"https:\/\/www.fiscalia.gov.co\/colombia\/wp-json\/wp\/v2\/posts\/328742\/revisions"}],"predecessor-version":[{"id":328747,"href":"https:\/\/www.fiscalia.gov.co\/colombia\/wp-json\/wp\/v2\/posts\/328742\/revisions\/328747"}],"wp:attachment":[{"href":"https:\/\/www.fiscalia.gov.co\/colombia\/wp-json\/wp\/v2\/media?parent=328742"}],"wp:term":[{"taxonomy":"category","embeddable":true,"href":"https:\/\/www.fiscalia.gov.co\/colombia\/wp-json\/wp\/v2\/categories?post=328742"},{"taxonomy":"post_tag","embeddable":true,"href":"https:\/\/www.fiscalia.gov.co\/colombia\/wp-json\/wp\/v2\/tags?post=328742"}],"curies":[{"name":"wp","href":"https:\/\/api.w.org\/{rel}","templated":true}]}}