{"id":328604,"date":"2025-12-12T12:32:11","date_gmt":"2025-12-12T17:32:11","guid":{"rendered":"https:\/\/www.fiscalia.gov.co\/colombia\/?p=328604"},"modified":"2025-12-12T12:32:11","modified_gmt":"2025-12-12T17:32:11","slug":"10-de-diciembre-dia-internacional-de-los-derechos-humanos","status":"publish","type":"post","link":"https:\/\/www.fiscalia.gov.co\/colombia\/fiscalia-mas-cerca\/10-de-diciembre-dia-internacional-de-los-derechos-humanos\/","title":{"rendered":"10 de diciembre, D\u00eda Internacional de los Derechos Humanos"},"content":{"rendered":"<p data-start=\"84\" data-end=\"561\">En el marco del <strong data-start=\"100\" data-end=\"145\">D\u00eda Internacional de los Derechos Humanos<\/strong>, se hace un llamado a reflexionar sobre la importancia de proteger y promover las garant\u00edas fundamentales que salvaguardan la dignidad de cada individuo. En este compromiso, la <strong data-start=\"323\" data-end=\"356\">Fiscal\u00eda General de la Naci\u00f3n<\/strong> desempe\u00f1a un papel esencial al adelantar acciones penales contra quienes vulneran estos derechos, con el prop\u00f3sito de brindar a las v\u00edctimas procesos de reparaci\u00f3n y asegurar que los hechos no se repitan.<\/p>\n\r\n                <style type=\"text\/css\">\r\n                    \r\n                    #tdi_1  .td-doubleSlider-2 .td-item1 {\r\n                        background: url(https:\/\/www.fiscalia.gov.co\/colombia\/wp-content\/uploads\/WhatsApp-Image-2025-12-10-at-3.24.22-PM-80x60.jpeg) 0 0 no-repeat;\r\n                    }\r\n                    #tdi_1  .td-doubleSlider-2 .td-item2 {\r\n                        background: url(https:\/\/www.fiscalia.gov.co\/colombia\/wp-content\/uploads\/WhatsApp-Image-2025-12-10-at-3.24.22-PM-1-80x60.jpeg) 0 0 no-repeat;\r\n                    }\r\n                    #tdi_1  .td-doubleSlider-2 .td-item3 {\r\n                        background: url(https:\/\/www.fiscalia.gov.co\/colombia\/wp-content\/uploads\/WhatsApp-Image-2025-12-10-at-3.24.22-PM-2-80x60.jpeg) 0 0 no-repeat;\r\n                    }\r\n                    #tdi_1  .td-doubleSlider-2 .td-item4 {\r\n                        background: url(https:\/\/www.fiscalia.gov.co\/colombia\/wp-content\/uploads\/WhatsApp-Image-2025-12-10-at-3.24.23-PM-80x60.jpeg) 0 0 no-repeat;\r\n                    }\r\n                    #tdi_1  .td-doubleSlider-2 .td-item5 {\r\n                        background: url(https:\/\/www.fiscalia.gov.co\/colombia\/wp-content\/uploads\/596697518_1307352918103323_758583863600147110_n-80x60.jpg) 0 0 no-repeat;\r\n                    }\r\n                    #tdi_1  .td-doubleSlider-2 .td-item6 {\r\n                        background: url(https:\/\/www.fiscalia.gov.co\/colombia\/wp-content\/uploads\/597605982_1307352928103322_8782339746650706569_n-80x60.jpg) 0 0 no-repeat;\r\n                    }\r\n                    #tdi_1  .td-doubleSlider-2 .td-item7 {\r\n                        background: url(https:\/\/www.fiscalia.gov.co\/colombia\/wp-content\/uploads\/598455334_1307352768103338_3319981099035934279_n-80x60.jpg) 0 0 no-repeat;\r\n                    }\r\n                    #tdi_1  .td-doubleSlider-2 .td-item8 {\r\n                        background: url(https:\/\/www.fiscalia.gov.co\/colombia\/wp-content\/uploads\/596812602_1307352878103327_3252045400208805361_n-80x60.jpg) 0 0 no-repeat;\r\n                    }\r\n                <\/style>\r\n\r\n                <div id=\"tdi_1\" class=\"td-gallery td-slide-on-2-columns\">\r\n                    <div class=\"post_td_gallery\">\r\n                        <div class=\"td-gallery-slide-top\">\r\n                           <div class=\"td-gallery-title\"><\/div>\r\n\r\n                            <div class=\"td-gallery-controls-wrapper\">\r\n                                <div class=\"td-gallery-slide-count\"><span class=\"td-gallery-slide-item-focus\">1<\/span> de 8<\/div>\r\n                                <div class=\"td-gallery-slide-prev-next-but\">\r\n                                    <i class = \"td-icon-left doubleSliderPrevButton\"><\/i>\r\n                                    <i class = \"td-icon-right doubleSliderNextButton\"><\/i>\r\n                                <\/div>\r\n                            <\/div>\r\n                        <\/div>\r\n\r\n                        <div class = \"td-doubleSlider-1 \">\r\n                            <div class = \"td-slider\">\r\n                                \r\n                    <div class = \"td-slide-item td-item1\">\r\n                        <figure class=\"td-slide-galery-figure td-slide-popup-gallery\">\r\n                            <a class=\"slide-gallery-image-link\" href=\"https:\/\/www.fiscalia.gov.co\/colombia\/wp-content\/uploads\/WhatsApp-Image-2025-12-10-at-3.24.22-PM.jpeg\" title=\"Derechos humanos 1\"  data-caption=\"\"  data-description=\"\">\r\n                                <img decoding=\"async\" src=\"https:\/\/www.fiscalia.gov.co\/colombia\/wp-content\/uploads\/WhatsApp-Image-2025-12-10-at-3.24.22-PM-336x420.jpeg\" srcset=\"https:\/\/www.fiscalia.gov.co\/colombia\/wp-content\/uploads\/WhatsApp-Image-2025-12-10-at-3.24.22-PM-336x420.jpeg 336w, https:\/\/www.fiscalia.gov.co\/colombia\/wp-content\/uploads\/WhatsApp-Image-2025-12-10-at-3.24.22-PM-240x300.jpeg 240w, https:\/\/www.fiscalia.gov.co\/colombia\/wp-content\/uploads\/WhatsApp-Image-2025-12-10-at-3.24.22-PM-819x1024.jpeg 819w, https:\/\/www.fiscalia.gov.co\/colombia\/wp-content\/uploads\/WhatsApp-Image-2025-12-10-at-3.24.22-PM-768x960.jpeg 768w, https:\/\/www.fiscalia.gov.co\/colombia\/wp-content\/uploads\/WhatsApp-Image-2025-12-10-at-3.24.22-PM-696x870.jpeg 696w, https:\/\/www.fiscalia.gov.co\/colombia\/wp-content\/uploads\/WhatsApp-Image-2025-12-10-at-3.24.22-PM-1068x1335.jpeg 1068w, https:\/\/www.fiscalia.gov.co\/colombia\/wp-content\/uploads\/WhatsApp-Image-2025-12-10-at-3.24.22-PM.jpeg 1080w\" sizes=\"(max-width: 336px) 100vw, 336px\" alt=\"\">\r\n                            <\/a>\r\n                            \r\n                        <\/figure>\r\n                    <\/div>\r\n                    <div class = \"td-slide-item td-item2\">\r\n                        <figure class=\"td-slide-galery-figure td-slide-popup-gallery\">\r\n                            <a class=\"slide-gallery-image-link\" href=\"https:\/\/www.fiscalia.gov.co\/colombia\/wp-content\/uploads\/WhatsApp-Image-2025-12-10-at-3.24.22-PM-1.jpeg\" title=\"Derechos humanos 2\"  data-caption=\"\"  data-description=\"\">\r\n                                <img decoding=\"async\" src=\"https:\/\/www.fiscalia.gov.co\/colombia\/wp-content\/uploads\/WhatsApp-Image-2025-12-10-at-3.24.22-PM-1-336x420.jpeg\" srcset=\"https:\/\/www.fiscalia.gov.co\/colombia\/wp-content\/uploads\/WhatsApp-Image-2025-12-10-at-3.24.22-PM-1-336x420.jpeg 336w, https:\/\/www.fiscalia.gov.co\/colombia\/wp-content\/uploads\/WhatsApp-Image-2025-12-10-at-3.24.22-PM-1-240x300.jpeg 240w, https:\/\/www.fiscalia.gov.co\/colombia\/wp-content\/uploads\/WhatsApp-Image-2025-12-10-at-3.24.22-PM-1-819x1024.jpeg 819w, https:\/\/www.fiscalia.gov.co\/colombia\/wp-content\/uploads\/WhatsApp-Image-2025-12-10-at-3.24.22-PM-1-768x960.jpeg 768w, https:\/\/www.fiscalia.gov.co\/colombia\/wp-content\/uploads\/WhatsApp-Image-2025-12-10-at-3.24.22-PM-1-696x870.jpeg 696w, https:\/\/www.fiscalia.gov.co\/colombia\/wp-content\/uploads\/WhatsApp-Image-2025-12-10-at-3.24.22-PM-1-1068x1335.jpeg 1068w, https:\/\/www.fiscalia.gov.co\/colombia\/wp-content\/uploads\/WhatsApp-Image-2025-12-10-at-3.24.22-PM-1.jpeg 1080w\" sizes=\"(max-width: 336px) 100vw, 336px\" alt=\"La imagen es un dise&ntilde;o gr&aacute;fico con un mensaje sobre la importancia de los derechos humanos. Aqu&iacute; est&aacute; la descripci&oacute;n detallada: Contexto y elementos principales: Texto superior: &ldquo;Tus derechos, los derechos de todos.&rdquo; Debajo, en letra m&aacute;s peque&ntilde;a: &ldquo;Un instante para reafirmar su importancia y juntos protegerlos.&rdquo; Texto central en recuadro azul: &ldquo;Los derechos humanos son inalienables, positivos y esenciales. Son inherentes a todos nosotros sin importar nacionalidad, orientaci&oacute;n sexual, religi&oacute;n, idioma y cualquier origen &eacute;tnico o social. Es determinante garantizarlos.&rdquo; Este texto enfatiza la universalidad y la obligaci&oacute;n de garantizar los derechos humanos. Dise&ntilde;o visual: Fondo claro con ilustraciones coloridas. Varias figuras humanas estilizadas en tonos verdes, amarillos, rojos y naranjas, levantando las manos, lo que transmite inclusi&oacute;n y participaci&oacute;n. En la parte inferior, hay formas gr&aacute;ficas en colores rojo y amarillo que parecen ondas o arcos, a&ntilde;adiendo dinamismo al dise&ntilde;o.\">\r\n                            <\/a>\r\n                            \r\n                        <\/figure>\r\n                    <\/div>\r\n                    <div class = \"td-slide-item td-item3\">\r\n                        <figure class=\"td-slide-galery-figure td-slide-popup-gallery\">\r\n                            <a class=\"slide-gallery-image-link\" href=\"https:\/\/www.fiscalia.gov.co\/colombia\/wp-content\/uploads\/WhatsApp-Image-2025-12-10-at-3.24.22-PM-2.jpeg\" title=\"Derechos humanos 1 3\"  data-caption=\"\"  data-description=\"\">\r\n                                <img decoding=\"async\" src=\"https:\/\/www.fiscalia.gov.co\/colombia\/wp-content\/uploads\/WhatsApp-Image-2025-12-10-at-3.24.22-PM-2-336x420.jpeg\" srcset=\"https:\/\/www.fiscalia.gov.co\/colombia\/wp-content\/uploads\/WhatsApp-Image-2025-12-10-at-3.24.22-PM-2-336x420.jpeg 336w, https:\/\/www.fiscalia.gov.co\/colombia\/wp-content\/uploads\/WhatsApp-Image-2025-12-10-at-3.24.22-PM-2-240x300.jpeg 240w, https:\/\/www.fiscalia.gov.co\/colombia\/wp-content\/uploads\/WhatsApp-Image-2025-12-10-at-3.24.22-PM-2-819x1024.jpeg 819w, https:\/\/www.fiscalia.gov.co\/colombia\/wp-content\/uploads\/WhatsApp-Image-2025-12-10-at-3.24.22-PM-2-768x960.jpeg 768w, https:\/\/www.fiscalia.gov.co\/colombia\/wp-content\/uploads\/WhatsApp-Image-2025-12-10-at-3.24.22-PM-2-696x870.jpeg 696w, https:\/\/www.fiscalia.gov.co\/colombia\/wp-content\/uploads\/WhatsApp-Image-2025-12-10-at-3.24.22-PM-2-1068x1335.jpeg 1068w, https:\/\/www.fiscalia.gov.co\/colombia\/wp-content\/uploads\/WhatsApp-Image-2025-12-10-at-3.24.22-PM-2.jpeg 1080w\" sizes=\"(max-width: 336px) 100vw, 336px\" alt=\"Texto superior: &ldquo;Cualquier vulneraci&oacute;n a los derechos humanos puede ser denunciada, a trav&eacute;s de la p&aacute;gina web&rdquo;. Informaci&oacute;n destacada: Direcci&oacute;n web en un recuadro azul: www.fiscalia.gov.co Debajo, se indica que se debe usar el v&iacute;nculo: &ldquo;DENUNCIA F&Aacute;CIL&rdquo; (en un bot&oacute;n azul con una flecha amarilla se&ntilde;alando). Texto adicional en recuadro amarillo: &ldquo;Si el caso a poner en conocimiento est&aacute; relacionado con amenazas a l&iacute;deres sociales y defensores de derechos humanos est&aacute; habilitado el correo electr&oacute;nico&rdquo; recepci&oacute;n.amenazas@fiscalia.gov.co (en texto resaltado amarillo).\">\r\n                            <\/a>\r\n                            \r\n                        <\/figure>\r\n                    <\/div>\r\n                    <div class = \"td-slide-item td-item4\">\r\n                        <figure class=\"td-slide-galery-figure td-slide-popup-gallery\">\r\n                            <a class=\"slide-gallery-image-link\" href=\"https:\/\/www.fiscalia.gov.co\/colombia\/wp-content\/uploads\/WhatsApp-Image-2025-12-10-at-3.24.23-PM.jpeg\" title=\"Derechos humanos 4\"  data-caption=\"\"  data-description=\"\">\r\n                                <img decoding=\"async\" src=\"https:\/\/www.fiscalia.gov.co\/colombia\/wp-content\/uploads\/WhatsApp-Image-2025-12-10-at-3.24.23-PM-336x420.jpeg\" srcset=\"https:\/\/www.fiscalia.gov.co\/colombia\/wp-content\/uploads\/WhatsApp-Image-2025-12-10-at-3.24.23-PM-336x420.jpeg 336w, https:\/\/www.fiscalia.gov.co\/colombia\/wp-content\/uploads\/WhatsApp-Image-2025-12-10-at-3.24.23-PM-240x300.jpeg 240w, https:\/\/www.fiscalia.gov.co\/colombia\/wp-content\/uploads\/WhatsApp-Image-2025-12-10-at-3.24.23-PM-819x1024.jpeg 819w, https:\/\/www.fiscalia.gov.co\/colombia\/wp-content\/uploads\/WhatsApp-Image-2025-12-10-at-3.24.23-PM-768x960.jpeg 768w, https:\/\/www.fiscalia.gov.co\/colombia\/wp-content\/uploads\/WhatsApp-Image-2025-12-10-at-3.24.23-PM-696x870.jpeg 696w, https:\/\/www.fiscalia.gov.co\/colombia\/wp-content\/uploads\/WhatsApp-Image-2025-12-10-at-3.24.23-PM-1068x1335.jpeg 1068w, https:\/\/www.fiscalia.gov.co\/colombia\/wp-content\/uploads\/WhatsApp-Image-2025-12-10-at-3.24.23-PM.jpeg 1080w\" sizes=\"(max-width: 336px) 100vw, 336px\" alt=\"Texto superior: &ldquo;V&iacute;a telef&oacute;nica est&aacute;n disponibles:&rdquo; Informaci&oacute;n destacada: L&iacute;nea celular: 122 (en color azul oscuro, acompa&ntilde;ado de un &iacute;cono de tel&eacute;fono m&oacute;vil). L&iacute;nea gratuita nacional: 01 8000 910 413 (en color azul oscuro, con un &iacute;cono de tel&eacute;fono fijo). Dise&ntilde;o visual: Fondo claro con textura suave. Ilustraciones en la parte inferior y lateral izquierdo: Brazos levantados con pu&ntilde;os cerrados en colores rojo, naranja y azul, simbolizando fuerza, unidad y participaci&oacute;n. Figura humana estilizada en tonos verdes y amarillos, junto a una hoja decorativa en colores vivos.\">\r\n                            <\/a>\r\n                            \r\n                        <\/figure>\r\n                    <\/div>\r\n                    <div class = \"td-slide-item td-item5\">\r\n                        <figure class=\"td-slide-galery-figure td-slide-popup-gallery\">\r\n                            <a class=\"slide-gallery-image-link\" href=\"https:\/\/www.fiscalia.gov.co\/colombia\/wp-content\/uploads\/596697518_1307352918103323_758583863600147110_n.jpg\" title=\"Derechos humanos 5\"  data-caption=\"\"  data-description=\"\">\r\n                                <img decoding=\"async\" src=\"https:\/\/www.fiscalia.gov.co\/colombia\/wp-content\/uploads\/596697518_1307352918103323_758583863600147110_n-336x420.jpg\" srcset=\"https:\/\/www.fiscalia.gov.co\/colombia\/wp-content\/uploads\/596697518_1307352918103323_758583863600147110_n-336x420.jpg 336w, https:\/\/www.fiscalia.gov.co\/colombia\/wp-content\/uploads\/596697518_1307352918103323_758583863600147110_n-240x300.jpg 240w, https:\/\/www.fiscalia.gov.co\/colombia\/wp-content\/uploads\/596697518_1307352918103323_758583863600147110_n-819x1024.jpg 819w, https:\/\/www.fiscalia.gov.co\/colombia\/wp-content\/uploads\/596697518_1307352918103323_758583863600147110_n-768x960.jpg 768w, https:\/\/www.fiscalia.gov.co\/colombia\/wp-content\/uploads\/596697518_1307352918103323_758583863600147110_n-696x870.jpg 696w, https:\/\/www.fiscalia.gov.co\/colombia\/wp-content\/uploads\/596697518_1307352918103323_758583863600147110_n-1068x1335.jpg 1068w, https:\/\/www.fiscalia.gov.co\/colombia\/wp-content\/uploads\/596697518_1307352918103323_758583863600147110_n.jpg 1080w\" sizes=\"(max-width: 336px) 100vw, 336px\" alt=\"T&iacute;tulo: &ldquo;De manera presencial puedes denunciar en:&rdquo; Opciones indicadas con vi&ntilde;etas rojas: Unidades de Flagrancia (antes conocidas como Unidades de Reacci&oacute;n Inmediata URI). Centros de Atenci&oacute;n de la Fiscal&iacute;a (CAF). Puntos de Atenci&oacute;n de la Fiscal&iacute;a (PAF). Texto adicional: &ldquo;Tambi&eacute;n se puede acceder a las Casas de Justicia donde hace presencia la Fiscal&iacute;a General de la Naci&oacute;n.&rdquo; (La frase Casas de Justicia est&aacute; en negrita para resaltar). Dise&ntilde;o visual: Fondo: Azul s&oacute;lido. Ilustraciones: En la parte inferior, hay una multitud de figuras humanas estilizadas en colores vivos (naranja, verde, rosa, rojo, morado), levantando las manos, lo que transmite diversidad, inclusi&oacute;n y participaci&oacute;n. Tipograf&iacute;a: Blanca para el texto principal, con palabras clave en negrita y siglas en par&eacute;ntesis para facilitar la identificaci&oacute;n.\">\r\n                            <\/a>\r\n                            \r\n                        <\/figure>\r\n                    <\/div>\r\n                    <div class = \"td-slide-item td-item6\">\r\n                        <figure class=\"td-slide-galery-figure td-slide-popup-gallery\">\r\n                            <a class=\"slide-gallery-image-link\" href=\"https:\/\/www.fiscalia.gov.co\/colombia\/wp-content\/uploads\/597605982_1307352928103322_8782339746650706569_n.jpg\" title=\"Derechos humanos 6\"  data-caption=\"\"  data-description=\"\">\r\n                                <img decoding=\"async\" src=\"https:\/\/www.fiscalia.gov.co\/colombia\/wp-content\/uploads\/597605982_1307352928103322_8782339746650706569_n-336x420.jpg\" srcset=\"https:\/\/www.fiscalia.gov.co\/colombia\/wp-content\/uploads\/597605982_1307352928103322_8782339746650706569_n-336x420.jpg 336w, https:\/\/www.fiscalia.gov.co\/colombia\/wp-content\/uploads\/597605982_1307352928103322_8782339746650706569_n-240x300.jpg 240w, https:\/\/www.fiscalia.gov.co\/colombia\/wp-content\/uploads\/597605982_1307352928103322_8782339746650706569_n-819x1024.jpg 819w, https:\/\/www.fiscalia.gov.co\/colombia\/wp-content\/uploads\/597605982_1307352928103322_8782339746650706569_n-768x960.jpg 768w, https:\/\/www.fiscalia.gov.co\/colombia\/wp-content\/uploads\/597605982_1307352928103322_8782339746650706569_n-696x870.jpg 696w, https:\/\/www.fiscalia.gov.co\/colombia\/wp-content\/uploads\/597605982_1307352928103322_8782339746650706569_n-1068x1335.jpg 1068w, https:\/\/www.fiscalia.gov.co\/colombia\/wp-content\/uploads\/597605982_1307352928103322_8782339746650706569_n.jpg 1080w\" sizes=\"(max-width: 336px) 100vw, 336px\" alt=\"Fondo: Color claro con textura suave. Ilustraciones: En la parte inferior, figuras humanas estilizadas en colores vivos (verde, rojo, amarillo, naranja), levantando las manos, lo que transmite diversidad y participaci&oacute;n. Elementos gr&aacute;ficos circulares en tonos amarillos que a&ntilde;aden dinamismo al dise&ntilde;o.\">\r\n                            <\/a>\r\n                            \r\n                        <\/figure>\r\n                    <\/div>\r\n                    <div class = \"td-slide-item td-item7\">\r\n                        <figure class=\"td-slide-galery-figure td-slide-popup-gallery\">\r\n                            <a class=\"slide-gallery-image-link\" href=\"https:\/\/www.fiscalia.gov.co\/colombia\/wp-content\/uploads\/598455334_1307352768103338_3319981099035934279_n.jpg\" title=\"Derechos humanos 7\"  data-caption=\"\"  data-description=\"\">\r\n                                <img decoding=\"async\" src=\"https:\/\/www.fiscalia.gov.co\/colombia\/wp-content\/uploads\/598455334_1307352768103338_3319981099035934279_n-336x420.jpg\" srcset=\"https:\/\/www.fiscalia.gov.co\/colombia\/wp-content\/uploads\/598455334_1307352768103338_3319981099035934279_n-336x420.jpg 336w, https:\/\/www.fiscalia.gov.co\/colombia\/wp-content\/uploads\/598455334_1307352768103338_3319981099035934279_n-240x300.jpg 240w, https:\/\/www.fiscalia.gov.co\/colombia\/wp-content\/uploads\/598455334_1307352768103338_3319981099035934279_n-819x1024.jpg 819w, https:\/\/www.fiscalia.gov.co\/colombia\/wp-content\/uploads\/598455334_1307352768103338_3319981099035934279_n-768x960.jpg 768w, https:\/\/www.fiscalia.gov.co\/colombia\/wp-content\/uploads\/598455334_1307352768103338_3319981099035934279_n-696x870.jpg 696w, https:\/\/www.fiscalia.gov.co\/colombia\/wp-content\/uploads\/598455334_1307352768103338_3319981099035934279_n-1068x1335.jpg 1068w, https:\/\/www.fiscalia.gov.co\/colombia\/wp-content\/uploads\/598455334_1307352768103338_3319981099035934279_n.jpg 1080w\" sizes=\"(max-width: 336px) 100vw, 336px\" alt=\"Parte superior en blanco: &ldquo;La protecci&oacute;n de los derechos humanos es un asunto que nos compromete a todos.&rdquo; Texto destacado en amarillo: &ldquo;La denuncia oportuna es un aporte determinante.&rdquo; Dise&ntilde;o visual: Fondo: Azul s&oacute;lido. Elementos gr&aacute;ficos: En la parte inferior, se observan tres brazos levantados con pu&ntilde;os cerrados, cada uno con diferentes colores y patrones (amarillo, rojo con corazones, y naranja con l&iacute;neas), simbolizando fuerza, unidad y participaci&oacute;n. A la izquierda, hay figuras decorativas en colores vivos (rojo, verde, amarillo) que aportan dinamismo al dise&ntilde;o.\">\r\n                            <\/a>\r\n                            \r\n                        <\/figure>\r\n                    <\/div>\r\n                    <div class = \"td-slide-item td-item8\">\r\n                        <figure class=\"td-slide-galery-figure td-slide-popup-gallery\">\r\n                            <a class=\"slide-gallery-image-link\" href=\"https:\/\/www.fiscalia.gov.co\/colombia\/wp-content\/uploads\/596812602_1307352878103327_3252045400208805361_n.jpg\" title=\"Derechos humanos 8\"  data-caption=\"\"  data-description=\"\">\r\n                                <img decoding=\"async\" src=\"https:\/\/www.fiscalia.gov.co\/colombia\/wp-content\/uploads\/596812602_1307352878103327_3252045400208805361_n-336x420.jpg\" srcset=\"https:\/\/www.fiscalia.gov.co\/colombia\/wp-content\/uploads\/596812602_1307352878103327_3252045400208805361_n-336x420.jpg 336w, https:\/\/www.fiscalia.gov.co\/colombia\/wp-content\/uploads\/596812602_1307352878103327_3252045400208805361_n-240x300.jpg 240w, https:\/\/www.fiscalia.gov.co\/colombia\/wp-content\/uploads\/596812602_1307352878103327_3252045400208805361_n-819x1024.jpg 819w, https:\/\/www.fiscalia.gov.co\/colombia\/wp-content\/uploads\/596812602_1307352878103327_3252045400208805361_n-768x960.jpg 768w, https:\/\/www.fiscalia.gov.co\/colombia\/wp-content\/uploads\/596812602_1307352878103327_3252045400208805361_n-696x870.jpg 696w, https:\/\/www.fiscalia.gov.co\/colombia\/wp-content\/uploads\/596812602_1307352878103327_3252045400208805361_n-1068x1335.jpg 1068w, https:\/\/www.fiscalia.gov.co\/colombia\/wp-content\/uploads\/596812602_1307352878103327_3252045400208805361_n.jpg 1080w\" sizes=\"(max-width: 336px) 100vw, 336px\" alt=\"La imagen muestra un dise&ntilde;o institucional con el logo de la Fiscal&iacute;a General de la Naci&oacute;n en el centro, sobre un fondo claro con textura suave. Debajo del logo aparece el texto: &ldquo;S&iacute;guenos en redes sociales&rdquo;. En la parte inferior derecha hay una ilustraci&oacute;n colorida de una persona estilizada levantando una mano, junto a peque&ntilde;os elementos gr&aacute;ficos decorativos (como un coraz&oacute;n azul). Tambi&eacute;n se observan l&iacute;neas curvas rojas en la esquina inferior izquierda que aportan dinamismo al dise&ntilde;o. Prop&oacute;sito del dise&ntilde;o: Invitar a la ciudadan&iacute;a a seguir las redes sociales oficiales de la Fiscal&iacute;a, reforzando la comunicaci&oacute;n institucional y el acceso a informaci&oacute;n confiable.\">\r\n                            <\/a>\r\n                            \r\n                        <\/figure>\r\n                    <\/div>\r\n                            <\/div>\r\n                        <\/div>\r\n\r\n                        <div class = \"td-doubleSlider-2\">\r\n                            <div class = \"td-slider\">\r\n                                \r\n                    <div class = \"td-button td-item1\">\r\n                        <div class = \"td-border\"><\/div>\r\n                    <\/div>\r\n                    <div class = \"td-button td-item2\">\r\n                        <div class = \"td-border\"><\/div>\r\n                    <\/div>\r\n                    <div class = \"td-button td-item3\">\r\n                        <div class = \"td-border\"><\/div>\r\n                    <\/div>\r\n                    <div class = \"td-button td-item4\">\r\n                        <div class = \"td-border\"><\/div>\r\n                    <\/div>\r\n                    <div class = \"td-button td-item5\">\r\n                        <div class = \"td-border\"><\/div>\r\n                    <\/div>\r\n                    <div class = \"td-button td-item6\">\r\n                        <div class = \"td-border\"><\/div>\r\n                    <\/div>\r\n                    <div class = \"td-button td-item7\">\r\n                        <div class = \"td-border\"><\/div>\r\n                    <\/div>\r\n                    <div class = \"td-button td-item8\">\r\n                        <div class = \"td-border\"><\/div>\r\n                    <\/div>\r\n                            <\/div>\r\n                        <\/div>\r\n\r\n                    <\/div>\r\n\r\n                <\/div>\r\n                \n<p>&nbsp;<\/p>\n<p data-start=\"563\" data-end=\"768\" data-is-last-node=\"\" data-is-only-node=\"\">En esta fecha, se recuerda que la participaci\u00f3n ciudadana es clave para fortalecer la justicia. <strong data-start=\"659\" data-end=\"688\">Tu denuncia es importante<\/strong> para avanzar hacia una sociedad m\u00e1s justa y respetuosa de los derechos humanos.<\/p>\n\n<div class=\"twitter-share\"><a href=\"https:\/\/twitter.com\/intent\/tweet?via=fiscaliacol\" class=\"twitter-share-button\">Tweet<\/a><\/div>\n","protected":false},"excerpt":{"rendered":"<p>En el marco del D\u00eda Internacional de los Derechos Humanos, se hace un llamado a reflexionar sobre la importancia de proteger y promover las garant\u00edas fundamentales que salvaguardan la dignidad de cada individuo. En este compromiso, la Fiscal\u00eda General de la Naci\u00f3n desempe\u00f1a un papel esencial al adelantar acciones penales contra quienes vulneran estos derechos, [&hellip;]<\/p>\n","protected":false},"author":181,"featured_media":328612,"comment_status":"closed","ping_status":"open","sticky":false,"template":"","format":"video","meta":{"_price":"","_stock":"","_tribe_ticket_header":"","_tribe_default_ticket_provider":"","_tribe_ticket_capacity":"0","_ticket_start_date":"","_ticket_end_date":"","_tribe_ticket_show_description":"","_tribe_ticket_show_not_going":false,"_tribe_ticket_use_global_stock":"","_tribe_ticket_global_stock_level":"","_global_stock_mode":"","_global_stock_cap":"","_tribe_rsvp_for_event":"","_tribe_ticket_going_count":"","_tribe_ticket_not_going_count":"","_tribe_tickets_list":"[]","_tribe_ticket_has_attendee_info_fields":false,"tdm_status":"","tdm_grid_status":"","footnotes":""},"categories":[39217],"tags":[4614,24187,24481,1047],"class_list":{"0":"post-328604","1":"post","2":"type-post","3":"status-publish","4":"format-video","5":"has-post-thumbnail","7":"category-fiscalia-mas-cerca","8":"tag-fiscalia-2","9":"tag-fiscalia-colombia","10":"tag-fiscalia-de-colombia","11":"tag-fiscalia-general-de-la-nacion","12":"post_format-post-format-video"},"yoast_head":"<!-- This site is optimized with the Yoast SEO plugin v24.3 - https:\/\/yoast.com\/wordpress\/plugins\/seo\/ -->\n<title>Fiscal\u00eda General de la Naci\u00f3n<\/title>\n<meta name=\"description\" content=\"P\u00e1gina oficial de la Fiscal\u00eda General de la Naci\u00f3n \u2013 Colombia. Garantizamos el acceso efectivo a la justicia, la verdad y la reparaci\u00f3n de las v\u00edctimas de los delitos.\" \/>\n<meta name=\"robots\" content=\"noindex, follow\" \/>\n<meta property=\"og:locale\" content=\"es_ES\" \/>\n<meta property=\"og:type\" content=\"article\" \/>\n<meta property=\"og:title\" content=\"Fiscal\u00eda General de la Naci\u00f3n\" \/>\n<meta property=\"og:description\" content=\"P\u00e1gina oficial de la Fiscal\u00eda General de la Naci\u00f3n \u2013 Colombia. Garantizamos el acceso efectivo a la justicia, la verdad y la reparaci\u00f3n de las v\u00edctimas de los delitos.\" \/>\n<meta property=\"og:url\" content=\"https:\/\/www.fiscalia.gov.co\/colombia\/fiscalia-mas-cerca\/10-de-diciembre-dia-internacional-de-los-derechos-humanos\/\" \/>\n<meta property=\"og:site_name\" content=\"Fiscal\u00eda General de la Naci\u00f3n\" \/>\n<meta property=\"article:publisher\" content=\"https:\/\/www.facebook.com\/FiscaliaCol\" \/>\n<meta property=\"article:published_time\" content=\"2025-12-12T17:32:11+00:00\" \/>\n<meta property=\"og:image\" content=\"https:\/\/www.fiscalia.gov.co\/colombia\/wp-content\/uploads\/WhatsApp-Image-2025-12-10-at-3.24.22-PM.jpeg\" \/>\n\t<meta property=\"og:image:width\" content=\"1080\" \/>\n\t<meta property=\"og:image:height\" content=\"1350\" \/>\n\t<meta property=\"og:image:type\" content=\"image\/jpeg\" \/>\n<meta name=\"author\" content=\"Johanna Islenny Prieto Pe\u00f1a\" \/>\n<meta name=\"twitter:card\" content=\"summary_large_image\" \/>\n<meta name=\"twitter:creator\" content=\"@FiscaliaCol\" \/>\n<meta name=\"twitter:site\" content=\"@FiscaliaCol\" \/>\n<meta name=\"twitter:label1\" content=\"Escrito por\" \/>\n\t<meta name=\"twitter:data1\" content=\"Johanna Islenny Prieto Pe\u00f1a\" \/>\n\t<meta name=\"twitter:label2\" content=\"Tiempo de lectura\" \/>\n\t<meta name=\"twitter:data2\" content=\"1 minuto\" \/>\n<script type=\"application\/ld+json\" class=\"yoast-schema-graph\">{\"@context\":\"https:\/\/schema.org\",\"@graph\":[{\"@type\":\"Article\",\"@id\":\"https:\/\/www.fiscalia.gov.co\/colombia\/fiscalia-mas-cerca\/10-de-diciembre-dia-internacional-de-los-derechos-humanos\/#article\",\"isPartOf\":{\"@id\":\"https:\/\/www.fiscalia.gov.co\/colombia\/fiscalia-mas-cerca\/10-de-diciembre-dia-internacional-de-los-derechos-humanos\/\"},\"author\":{\"name\":\"Johanna Islenny Prieto Pe\u00f1a\",\"@id\":\"https:\/\/www.fiscalia.gov.co\/colombia\/#\/schema\/person\/ba9eca435947489fb25117a0cd75bf3e\"},\"headline\":\"10 de diciembre, D\u00eda Internacional de los Derechos Humanos\",\"datePublished\":\"2025-12-12T17:32:11+00:00\",\"dateModified\":\"2025-12-12T17:32:11+00:00\",\"mainEntityOfPage\":{\"@id\":\"https:\/\/www.fiscalia.gov.co\/colombia\/fiscalia-mas-cerca\/10-de-diciembre-dia-internacional-de-los-derechos-humanos\/\"},\"wordCount\":133,\"publisher\":{\"@id\":\"https:\/\/www.fiscalia.gov.co\/colombia\/#organization\"},\"image\":{\"@id\":\"https:\/\/www.fiscalia.gov.co\/colombia\/fiscalia-mas-cerca\/10-de-diciembre-dia-internacional-de-los-derechos-humanos\/#primaryimage\"},\"thumbnailUrl\":\"https:\/\/www.fiscalia.gov.co\/colombia\/wp-content\/uploads\/WhatsApp-Image-2025-12-10-at-3.24.22-PM.jpeg\",\"keywords\":[\"Fiscal\u00eda\",\"Fiscal\u00eda Colombia\",\"Fiscal\u00eda de Colombia\",\"Fiscal\u00eda General de la Naci\u00f3n\"],\"articleSection\":[\"Fiscal\u00eda m\u00e1s cerca\"],\"inLanguage\":\"es-CO\"},{\"@type\":\"WebPage\",\"@id\":\"https:\/\/www.fiscalia.gov.co\/colombia\/fiscalia-mas-cerca\/10-de-diciembre-dia-internacional-de-los-derechos-humanos\/\",\"url\":\"https:\/\/www.fiscalia.gov.co\/colombia\/fiscalia-mas-cerca\/10-de-diciembre-dia-internacional-de-los-derechos-humanos\/\",\"name\":\"Fiscal\u00eda General de la Naci\u00f3n\",\"isPartOf\":{\"@id\":\"https:\/\/www.fiscalia.gov.co\/colombia\/#website\"},\"primaryImageOfPage\":{\"@id\":\"https:\/\/www.fiscalia.gov.co\/colombia\/fiscalia-mas-cerca\/10-de-diciembre-dia-internacional-de-los-derechos-humanos\/#primaryimage\"},\"image\":{\"@id\":\"https:\/\/www.fiscalia.gov.co\/colombia\/fiscalia-mas-cerca\/10-de-diciembre-dia-internacional-de-los-derechos-humanos\/#primaryimage\"},\"thumbnailUrl\":\"https:\/\/www.fiscalia.gov.co\/colombia\/wp-content\/uploads\/WhatsApp-Image-2025-12-10-at-3.24.22-PM.jpeg\",\"datePublished\":\"2025-12-12T17:32:11+00:00\",\"dateModified\":\"2025-12-12T17:32:11+00:00\",\"description\":\"P\u00e1gina oficial de la Fiscal\u00eda General de la Naci\u00f3n \u2013 Colombia. Garantizamos el acceso efectivo a la justicia, la verdad y la reparaci\u00f3n de las v\u00edctimas de los delitos.\",\"breadcrumb\":{\"@id\":\"https:\/\/www.fiscalia.gov.co\/colombia\/fiscalia-mas-cerca\/10-de-diciembre-dia-internacional-de-los-derechos-humanos\/#breadcrumb\"},\"inLanguage\":\"es-CO\",\"potentialAction\":[{\"@type\":\"ReadAction\",\"target\":[\"https:\/\/www.fiscalia.gov.co\/colombia\/fiscalia-mas-cerca\/10-de-diciembre-dia-internacional-de-los-derechos-humanos\/\"]}]},{\"@type\":\"ImageObject\",\"inLanguage\":\"es-CO\",\"@id\":\"https:\/\/www.fiscalia.gov.co\/colombia\/fiscalia-mas-cerca\/10-de-diciembre-dia-internacional-de-los-derechos-humanos\/#primaryimage\",\"url\":\"https:\/\/www.fiscalia.gov.co\/colombia\/wp-content\/uploads\/WhatsApp-Image-2025-12-10-at-3.24.22-PM.jpeg\",\"contentUrl\":\"https:\/\/www.fiscalia.gov.co\/colombia\/wp-content\/uploads\/WhatsApp-Image-2025-12-10-at-3.24.22-PM.jpeg\",\"width\":1080,\"height\":1350},{\"@type\":\"BreadcrumbList\",\"@id\":\"https:\/\/www.fiscalia.gov.co\/colombia\/fiscalia-mas-cerca\/10-de-diciembre-dia-internacional-de-los-derechos-humanos\/#breadcrumb\",\"itemListElement\":[{\"@type\":\"ListItem\",\"position\":1,\"name\":\"Home\",\"item\":\"https:\/\/www.fiscalia.gov.co\/colombia\/\"},{\"@type\":\"ListItem\",\"position\":2,\"name\":\"10 de diciembre, D\u00eda Internacional de los Derechos Humanos\"}]},{\"@type\":\"WebSite\",\"@id\":\"https:\/\/www.fiscalia.gov.co\/colombia\/#website\",\"url\":\"https:\/\/www.fiscalia.gov.co\/colombia\/\",\"name\":\"Fiscal\u00eda General de la Naci\u00f3n\",\"description\":\"P\u00e1gina oficial de la Fiscal\u00eda General de la Naci\u00f3n \u2013 Colombia. Garantizamos el acceso efectivo a la justicia, la verdad y la reparaci\u00f3n de las v\u00edctimas de los delitos.\",\"publisher\":{\"@id\":\"https:\/\/www.fiscalia.gov.co\/colombia\/#organization\"},\"potentialAction\":[{\"@type\":\"SearchAction\",\"target\":{\"@type\":\"EntryPoint\",\"urlTemplate\":\"https:\/\/www.fiscalia.gov.co\/colombia\/?s={search_term_string}\"},\"query-input\":{\"@type\":\"PropertyValueSpecification\",\"valueRequired\":true,\"valueName\":\"search_term_string\"}}],\"inLanguage\":\"es-CO\"},{\"@type\":\"Organization\",\"@id\":\"https:\/\/www.fiscalia.gov.co\/colombia\/#organization\",\"name\":\"Fiscal\u00eda General de la Naci\u00f3n\",\"url\":\"https:\/\/www.fiscalia.gov.co\/colombia\/\",\"logo\":{\"@type\":\"ImageObject\",\"inLanguage\":\"es-CO\",\"@id\":\"https:\/\/www.fiscalia.gov.co\/colombia\/#\/schema\/logo\/image\/\",\"url\":\"https:\/\/www.fiscalia.gov.co\/colombia\/wp-content\/uploads\/LogoHorizontal_1.jpg\",\"contentUrl\":\"https:\/\/www.fiscalia.gov.co\/colombia\/wp-content\/uploads\/LogoHorizontal_1.jpg\",\"width\":300,\"height\":90,\"caption\":\"Fiscal\u00eda General de la Naci\u00f3n\"},\"image\":{\"@id\":\"https:\/\/www.fiscalia.gov.co\/colombia\/#\/schema\/logo\/image\/\"},\"sameAs\":[\"https:\/\/www.facebook.com\/FiscaliaCol\",\"https:\/\/x.com\/FiscaliaCol\",\"https:\/\/www.instagram.com\/fiscaliacol\",\"https:\/\/www.linkedin.com\/company\/fiscalia-general-de-la-naci-n\/\",\"https:\/\/youtube.com\/@fiscaliageneraldelanacion-4668?si=6nN79nyQICPU5iTh\"]},{\"@type\":\"Person\",\"@id\":\"https:\/\/www.fiscalia.gov.co\/colombia\/#\/schema\/person\/ba9eca435947489fb25117a0cd75bf3e\",\"name\":\"Johanna Islenny Prieto Pe\u00f1a\",\"image\":{\"@type\":\"ImageObject\",\"inLanguage\":\"es-CO\",\"@id\":\"https:\/\/www.fiscalia.gov.co\/colombia\/#\/schema\/person\/image\/\",\"url\":\"https:\/\/secure.gravatar.com\/avatar\/111433fc2acb037ffb768f6a3ca47864?s=96&d=mm&r=g\",\"contentUrl\":\"https:\/\/secure.gravatar.com\/avatar\/111433fc2acb037ffb768f6a3ca47864?s=96&d=mm&r=g\",\"caption\":\"Johanna Islenny Prieto Pe\u00f1a\"},\"url\":\"https:\/\/www.fiscalia.gov.co\/colombia\/author\/jprietop\/\"}]}<\/script>\n<!-- \/ Yoast SEO plugin. -->","yoast_head_json":{"title":"Fiscal\u00eda General de la Naci\u00f3n","description":"P\u00e1gina oficial de la Fiscal\u00eda General de la Naci\u00f3n \u2013 Colombia. Garantizamos el acceso efectivo a la justicia, la verdad y la reparaci\u00f3n de las v\u00edctimas de los delitos.","robots":{"index":"noindex","follow":"follow"},"og_locale":"es_ES","og_type":"article","og_title":"Fiscal\u00eda General de la Naci\u00f3n","og_description":"P\u00e1gina oficial de la Fiscal\u00eda General de la Naci\u00f3n \u2013 Colombia. Garantizamos el acceso efectivo a la justicia, la verdad y la reparaci\u00f3n de las v\u00edctimas de los delitos.","og_url":"https:\/\/www.fiscalia.gov.co\/colombia\/fiscalia-mas-cerca\/10-de-diciembre-dia-internacional-de-los-derechos-humanos\/","og_site_name":"Fiscal\u00eda General de la Naci\u00f3n","article_publisher":"https:\/\/www.facebook.com\/FiscaliaCol","article_published_time":"2025-12-12T17:32:11+00:00","og_image":[{"width":1080,"height":1350,"url":"https:\/\/www.fiscalia.gov.co\/colombia\/wp-content\/uploads\/WhatsApp-Image-2025-12-10-at-3.24.22-PM.jpeg","type":"image\/jpeg"}],"author":"Johanna Islenny Prieto Pe\u00f1a","twitter_card":"summary_large_image","twitter_creator":"@FiscaliaCol","twitter_site":"@FiscaliaCol","twitter_misc":{"Escrito por":"Johanna Islenny Prieto Pe\u00f1a","Tiempo de lectura":"1 minuto"},"schema":{"@context":"https:\/\/schema.org","@graph":[{"@type":"Article","@id":"https:\/\/www.fiscalia.gov.co\/colombia\/fiscalia-mas-cerca\/10-de-diciembre-dia-internacional-de-los-derechos-humanos\/#article","isPartOf":{"@id":"https:\/\/www.fiscalia.gov.co\/colombia\/fiscalia-mas-cerca\/10-de-diciembre-dia-internacional-de-los-derechos-humanos\/"},"author":{"name":"Johanna Islenny Prieto Pe\u00f1a","@id":"https:\/\/www.fiscalia.gov.co\/colombia\/#\/schema\/person\/ba9eca435947489fb25117a0cd75bf3e"},"headline":"10 de diciembre, D\u00eda Internacional de los Derechos Humanos","datePublished":"2025-12-12T17:32:11+00:00","dateModified":"2025-12-12T17:32:11+00:00","mainEntityOfPage":{"@id":"https:\/\/www.fiscalia.gov.co\/colombia\/fiscalia-mas-cerca\/10-de-diciembre-dia-internacional-de-los-derechos-humanos\/"},"wordCount":133,"publisher":{"@id":"https:\/\/www.fiscalia.gov.co\/colombia\/#organization"},"image":{"@id":"https:\/\/www.fiscalia.gov.co\/colombia\/fiscalia-mas-cerca\/10-de-diciembre-dia-internacional-de-los-derechos-humanos\/#primaryimage"},"thumbnailUrl":"https:\/\/www.fiscalia.gov.co\/colombia\/wp-content\/uploads\/WhatsApp-Image-2025-12-10-at-3.24.22-PM.jpeg","keywords":["Fiscal\u00eda","Fiscal\u00eda Colombia","Fiscal\u00eda de Colombia","Fiscal\u00eda General de la Naci\u00f3n"],"articleSection":["Fiscal\u00eda m\u00e1s cerca"],"inLanguage":"es-CO"},{"@type":"WebPage","@id":"https:\/\/www.fiscalia.gov.co\/colombia\/fiscalia-mas-cerca\/10-de-diciembre-dia-internacional-de-los-derechos-humanos\/","url":"https:\/\/www.fiscalia.gov.co\/colombia\/fiscalia-mas-cerca\/10-de-diciembre-dia-internacional-de-los-derechos-humanos\/","name":"Fiscal\u00eda General de la Naci\u00f3n","isPartOf":{"@id":"https:\/\/www.fiscalia.gov.co\/colombia\/#website"},"primaryImageOfPage":{"@id":"https:\/\/www.fiscalia.gov.co\/colombia\/fiscalia-mas-cerca\/10-de-diciembre-dia-internacional-de-los-derechos-humanos\/#primaryimage"},"image":{"@id":"https:\/\/www.fiscalia.gov.co\/colombia\/fiscalia-mas-cerca\/10-de-diciembre-dia-internacional-de-los-derechos-humanos\/#primaryimage"},"thumbnailUrl":"https:\/\/www.fiscalia.gov.co\/colombia\/wp-content\/uploads\/WhatsApp-Image-2025-12-10-at-3.24.22-PM.jpeg","datePublished":"2025-12-12T17:32:11+00:00","dateModified":"2025-12-12T17:32:11+00:00","description":"P\u00e1gina oficial de la Fiscal\u00eda General de la Naci\u00f3n \u2013 Colombia. Garantizamos el acceso efectivo a la justicia, la verdad y la reparaci\u00f3n de las v\u00edctimas de los delitos.","breadcrumb":{"@id":"https:\/\/www.fiscalia.gov.co\/colombia\/fiscalia-mas-cerca\/10-de-diciembre-dia-internacional-de-los-derechos-humanos\/#breadcrumb"},"inLanguage":"es-CO","potentialAction":[{"@type":"ReadAction","target":["https:\/\/www.fiscalia.gov.co\/colombia\/fiscalia-mas-cerca\/10-de-diciembre-dia-internacional-de-los-derechos-humanos\/"]}]},{"@type":"ImageObject","inLanguage":"es-CO","@id":"https:\/\/www.fiscalia.gov.co\/colombia\/fiscalia-mas-cerca\/10-de-diciembre-dia-internacional-de-los-derechos-humanos\/#primaryimage","url":"https:\/\/www.fiscalia.gov.co\/colombia\/wp-content\/uploads\/WhatsApp-Image-2025-12-10-at-3.24.22-PM.jpeg","contentUrl":"https:\/\/www.fiscalia.gov.co\/colombia\/wp-content\/uploads\/WhatsApp-Image-2025-12-10-at-3.24.22-PM.jpeg","width":1080,"height":1350},{"@type":"BreadcrumbList","@id":"https:\/\/www.fiscalia.gov.co\/colombia\/fiscalia-mas-cerca\/10-de-diciembre-dia-internacional-de-los-derechos-humanos\/#breadcrumb","itemListElement":[{"@type":"ListItem","position":1,"name":"Home","item":"https:\/\/www.fiscalia.gov.co\/colombia\/"},{"@type":"ListItem","position":2,"name":"10 de diciembre, D\u00eda Internacional de los Derechos Humanos"}]},{"@type":"WebSite","@id":"https:\/\/www.fiscalia.gov.co\/colombia\/#website","url":"https:\/\/www.fiscalia.gov.co\/colombia\/","name":"Fiscal\u00eda General de la Naci\u00f3n","description":"P\u00e1gina oficial de la Fiscal\u00eda General de la Naci\u00f3n \u2013 Colombia. Garantizamos el acceso efectivo a la justicia, la verdad y la reparaci\u00f3n de las v\u00edctimas de los delitos.","publisher":{"@id":"https:\/\/www.fiscalia.gov.co\/colombia\/#organization"},"potentialAction":[{"@type":"SearchAction","target":{"@type":"EntryPoint","urlTemplate":"https:\/\/www.fiscalia.gov.co\/colombia\/?s={search_term_string}"},"query-input":{"@type":"PropertyValueSpecification","valueRequired":true,"valueName":"search_term_string"}}],"inLanguage":"es-CO"},{"@type":"Organization","@id":"https:\/\/www.fiscalia.gov.co\/colombia\/#organization","name":"Fiscal\u00eda General de la Naci\u00f3n","url":"https:\/\/www.fiscalia.gov.co\/colombia\/","logo":{"@type":"ImageObject","inLanguage":"es-CO","@id":"https:\/\/www.fiscalia.gov.co\/colombia\/#\/schema\/logo\/image\/","url":"https:\/\/www.fiscalia.gov.co\/colombia\/wp-content\/uploads\/LogoHorizontal_1.jpg","contentUrl":"https:\/\/www.fiscalia.gov.co\/colombia\/wp-content\/uploads\/LogoHorizontal_1.jpg","width":300,"height":90,"caption":"Fiscal\u00eda General de la Naci\u00f3n"},"image":{"@id":"https:\/\/www.fiscalia.gov.co\/colombia\/#\/schema\/logo\/image\/"},"sameAs":["https:\/\/www.facebook.com\/FiscaliaCol","https:\/\/x.com\/FiscaliaCol","https:\/\/www.instagram.com\/fiscaliacol","https:\/\/www.linkedin.com\/company\/fiscalia-general-de-la-naci-n\/","https:\/\/youtube.com\/@fiscaliageneraldelanacion-4668?si=6nN79nyQICPU5iTh"]},{"@type":"Person","@id":"https:\/\/www.fiscalia.gov.co\/colombia\/#\/schema\/person\/ba9eca435947489fb25117a0cd75bf3e","name":"Johanna Islenny Prieto Pe\u00f1a","image":{"@type":"ImageObject","inLanguage":"es-CO","@id":"https:\/\/www.fiscalia.gov.co\/colombia\/#\/schema\/person\/image\/","url":"https:\/\/secure.gravatar.com\/avatar\/111433fc2acb037ffb768f6a3ca47864?s=96&d=mm&r=g","contentUrl":"https:\/\/secure.gravatar.com\/avatar\/111433fc2acb037ffb768f6a3ca47864?s=96&d=mm&r=g","caption":"Johanna Islenny Prieto Pe\u00f1a"},"url":"https:\/\/www.fiscalia.gov.co\/colombia\/author\/jprietop\/"}]}},"_links":{"self":[{"href":"https:\/\/www.fiscalia.gov.co\/colombia\/wp-json\/wp\/v2\/posts\/328604","targetHints":{"allow":["GET"]}}],"collection":[{"href":"https:\/\/www.fiscalia.gov.co\/colombia\/wp-json\/wp\/v2\/posts"}],"about":[{"href":"https:\/\/www.fiscalia.gov.co\/colombia\/wp-json\/wp\/v2\/types\/post"}],"author":[{"embeddable":true,"href":"https:\/\/www.fiscalia.gov.co\/colombia\/wp-json\/wp\/v2\/users\/181"}],"replies":[{"embeddable":true,"href":"https:\/\/www.fiscalia.gov.co\/colombia\/wp-json\/wp\/v2\/comments?post=328604"}],"version-history":[{"count":2,"href":"https:\/\/www.fiscalia.gov.co\/colombia\/wp-json\/wp\/v2\/posts\/328604\/revisions"}],"predecessor-version":[{"id":328614,"href":"https:\/\/www.fiscalia.gov.co\/colombia\/wp-json\/wp\/v2\/posts\/328604\/revisions\/328614"}],"wp:featuredmedia":[{"embeddable":true,"href":"https:\/\/www.fiscalia.gov.co\/colombia\/wp-json\/wp\/v2\/media\/328612"}],"wp:attachment":[{"href":"https:\/\/www.fiscalia.gov.co\/colombia\/wp-json\/wp\/v2\/media?parent=328604"}],"wp:term":[{"taxonomy":"category","embeddable":true,"href":"https:\/\/www.fiscalia.gov.co\/colombia\/wp-json\/wp\/v2\/categories?post=328604"},{"taxonomy":"post_tag","embeddable":true,"href":"https:\/\/www.fiscalia.gov.co\/colombia\/wp-json\/wp\/v2\/tags?post=328604"}],"curies":[{"name":"wp","href":"https:\/\/api.w.org\/{rel}","templated":true}]}}