{"id":328584,"date":"2025-12-12T09:51:56","date_gmt":"2025-12-12T14:51:56","guid":{"rendered":"https:\/\/www.fiscalia.gov.co\/colombia\/?p=328584"},"modified":"2025-12-12T09:51:56","modified_gmt":"2025-12-12T14:51:56","slug":"condenado-exalcalde-de-ibague-por-irregularidades-en-tres-convenios-relacionados-con-el-desfalco-a-los-juegos-nacionales-de-2015","status":"publish","type":"post","link":"https:\/\/www.fiscalia.gov.co\/colombia\/noticias\/condenado-exalcalde-de-ibague-por-irregularidades-en-tres-convenios-relacionados-con-el-desfalco-a-los-juegos-nacionales-de-2015\/","title":{"rendered":"Condenado exalcalde de Ibagu\u00e9 por irregularidades en tres convenios relacionados con el desfalco a los Juegos Nacionales de 2015"},"content":{"rendered":"<div>Las pruebas presentadas por la Fiscal\u00eda General de la Naci\u00f3n, permitieron que un juez de conocimiento condenara a la pena de 8 a\u00f1os y 9 meses de prisi\u00f3n a Luis Hernando Rodr\u00edguez Ram\u00edrez, exalcalde de Ibagu\u00e9, por las irregularidades detectadas en convenios para la preparaci\u00f3n de los escenarios para los Juegos Nacionales y Paranacionales que se realizar\u00edan en 2015.<\/div>\n<div aria-hidden=\"true\"><\/div>\n<div>El exmandatario acept\u00f3 su responsabilidad, antes de iniciar la etapa de juicio oral, por los delitos de contrato sin cumplimiento de requisitos legales, inter\u00e9s indebido en la celebraci\u00f3n de contratos y peculado por apropiaci\u00f3n.<\/div>\n<div aria-hidden=\"true\"><\/div>\n<div>El juzgado lo inhabilit\u00f3 por 9 a\u00f1os y 9 meses para el ejercicio de cargos p\u00fablicos y lo conden\u00f3 a pagar una multa de 6.182,72 salarios m\u00ednimos legales mensuales vigentes (smlmv). Adem\u00e1s, se le neg\u00f3 la suspensi\u00f3n condicional de la pena y la prisi\u00f3n domiciliaria.<\/div>\n<div aria-hidden=\"true\"><\/div>\n<div>La Fiscal\u00eda demostr\u00f3 que se suscribi\u00f3 un convenio entre el Instituto Municipal para el Deporte y la Recreaci\u00f3n de Ibagu\u00e9 (Imdri), Coldeportes y la Gobernaci\u00f3n de Tolima, para los estudios y dise\u00f1os del Estadio Manuel Murillo Toro. Rodr\u00edguez Ram\u00edrez, por intermedio del secretario de planeaci\u00f3n, contrat\u00f3 a un particular que no cumpl\u00eda con los requisitos para desarrollar dicho acuerdo, por un valor superior a 800 millones de pesos.<\/div>\n<div aria-hidden=\"true\"><\/div>\n<div>Adem\u00e1s, existieron irregularidades en la suscripci\u00f3n de otro convenio para la remodelaci\u00f3n y adecuaci\u00f3n de los escenarios deportivos de la calle 42, donde se present\u00f3 un peculado por $7.797\u2019000.000.<\/div>\n<div aria-hidden=\"true\"><\/div>\n<div>Finalmente, se prob\u00f3 que hubo un inter\u00e9s particular en la contrataci\u00f3n del abogado Orlando Arciniegas Lagos, por un valor de $58.000.000, a trav\u00e9s del secretario de hacienda, para que hiciera las veces de consultor para la suscripci\u00f3n de todos los convenios relacionados con la construcci\u00f3n y adecuaci\u00f3n de los escenarios que se utilizar\u00edan en los juegos. Este hombre ya est\u00e1 condenado y en prisi\u00f3n por los mismos hechos.<\/div>\n<div aria-hidden=\"true\"><\/div>\n<div>PAAM\/LMFO\/AMCJ\/MCAA\/DST<\/div>\n<div><\/div>\n<div><\/div>\n<div><\/div>\n<div><\/div>\n<div><\/div>\n<div><em>La informaci\u00f3n contenida en este bolet\u00edn de prensa corresponde a la narraci\u00f3n de los hechos noticiosos objetivos, y las investigaciones penales al interior de la Fiscal\u00eda General de la Naci\u00f3n. Para el momento de la divulgaci\u00f3n de este comunicado, la situaci\u00f3n jur\u00eddica de la(s) persona(s) relacionada(s) se encuentra pendiente de resolver por la autoridad judicial competente, siempre bajo los preceptos de la presunci\u00f3n de inocencia, consagrados en el art\u00edculo 29 de la Constituci\u00f3n Pol\u00edtica y el art\u00edculo 7\u00ba de la Ley 906 de 2004.<\/em><\/div>\n<div><\/div>\n<div><\/div>\n<div><\/div>\n<div><\/div>\n<div><\/div>\n\n<div class=\"twitter-share\"><a href=\"https:\/\/twitter.com\/intent\/tweet?via=fiscaliacol\" class=\"twitter-share-button\">Tweet<\/a><\/div>\n","protected":false},"excerpt":{"rendered":"<p>Las pruebas presentadas por la Fiscal\u00eda General de la Naci\u00f3n, permitieron que un juez de conocimiento condenara a la pena de 8 a\u00f1os y 9 meses de prisi\u00f3n a Luis Hernando Rodr\u00edguez Ram\u00edrez, exalcalde de Ibagu\u00e9, por las irregularidades detectadas en convenios para la preparaci\u00f3n de los escenarios para los Juegos Nacionales y Paranacionales que [&hellip;]<\/p>\n","protected":false},"author":181,"featured_media":0,"comment_status":"closed","ping_status":"open","sticky":false,"template":"","format":"standard","meta":{"_price":"","_stock":"","_tribe_ticket_header":"","_tribe_default_ticket_provider":"","_tribe_ticket_capacity":"0","_ticket_start_date":"","_ticket_end_date":"","_tribe_ticket_show_description":"","_tribe_ticket_show_not_going":false,"_tribe_ticket_use_global_stock":"","_tribe_ticket_global_stock_level":"","_global_stock_mode":"","_global_stock_cap":"","_tribe_rsvp_for_event":"","_tribe_ticket_going_count":"","_tribe_ticket_not_going_count":"","_tribe_tickets_list":"[]","_tribe_ticket_has_attendee_info_fields":false,"tdm_status":"","tdm_grid_status":"","footnotes":""},"categories":[1,24099],"tags":[465,293,24749,5542,427,45,27390,28582,34383,26761,1047,44589,44588,40312,1229,975],"class_list":{"0":"post-328584","1":"post","2":"type-post","3":"status-publish","4":"format-standard","6":"category-noticias","7":"category-seguridad-territorial","8":"tag-administracion-publica","9":"tag-condena","10":"tag-contrato-sin-cumplimiento","11":"tag-convenio","12":"tag-corrupcion","13":"tag-cti","14":"tag-escenarios-deportivos","15":"tag-estadio-manuel-murillo-toro","16":"tag-exalcalde-de-ibague","17":"tag-fiscal-especializada","18":"tag-fiscalia-general-de-la-nacion","19":"tag-interes-indebido","20":"tag-juegos-nacionales-y-paranacionales-201","21":"tag-luis-h","22":"tag-peculado-por-apropiacion","23":"tag-sentencia"},"yoast_head":"<!-- This site is optimized with the Yoast SEO plugin v24.3 - https:\/\/yoast.com\/wordpress\/plugins\/seo\/ -->\n<title>Fiscal\u00eda General de la Naci\u00f3n<\/title>\n<meta name=\"description\" content=\"P\u00e1gina oficial de la Fiscal\u00eda General de la Naci\u00f3n \u2013 Colombia. Garantizamos el acceso efectivo a la justicia, la verdad y la reparaci\u00f3n de las v\u00edctimas de los delitos.\" \/>\n<meta name=\"robots\" content=\"noindex, follow\" \/>\n<meta property=\"og:locale\" content=\"es_ES\" \/>\n<meta property=\"og:type\" content=\"article\" \/>\n<meta property=\"og:title\" content=\"Fiscal\u00eda General de la Naci\u00f3n\" \/>\n<meta property=\"og:description\" content=\"P\u00e1gina oficial de la Fiscal\u00eda General de la Naci\u00f3n \u2013 Colombia. Garantizamos el acceso efectivo a la justicia, la verdad y la reparaci\u00f3n de las v\u00edctimas de los delitos.\" \/>\n<meta property=\"og:url\" content=\"https:\/\/www.fiscalia.gov.co\/colombia\/noticias\/condenado-exalcalde-de-ibague-por-irregularidades-en-tres-convenios-relacionados-con-el-desfalco-a-los-juegos-nacionales-de-2015\/\" \/>\n<meta property=\"og:site_name\" content=\"Fiscal\u00eda General de la Naci\u00f3n\" \/>\n<meta property=\"article:publisher\" content=\"https:\/\/www.facebook.com\/FiscaliaCol\" \/>\n<meta property=\"article:published_time\" content=\"2025-12-12T14:51:56+00:00\" \/>\n<meta name=\"author\" content=\"Johanna Islenny Prieto Pe\u00f1a\" \/>\n<meta name=\"twitter:card\" content=\"summary_large_image\" \/>\n<meta name=\"twitter:creator\" content=\"@FiscaliaCol\" \/>\n<meta name=\"twitter:site\" content=\"@FiscaliaCol\" \/>\n<meta name=\"twitter:label1\" content=\"Escrito por\" \/>\n\t<meta name=\"twitter:data1\" content=\"Johanna Islenny Prieto Pe\u00f1a\" \/>\n\t<meta name=\"twitter:label2\" content=\"Tiempo de lectura\" \/>\n\t<meta name=\"twitter:data2\" content=\"2 minutos\" \/>\n<script type=\"application\/ld+json\" class=\"yoast-schema-graph\">{\"@context\":\"https:\/\/schema.org\",\"@graph\":[{\"@type\":\"Article\",\"@id\":\"https:\/\/www.fiscalia.gov.co\/colombia\/noticias\/condenado-exalcalde-de-ibague-por-irregularidades-en-tres-convenios-relacionados-con-el-desfalco-a-los-juegos-nacionales-de-2015\/#article\",\"isPartOf\":{\"@id\":\"https:\/\/www.fiscalia.gov.co\/colombia\/noticias\/condenado-exalcalde-de-ibague-por-irregularidades-en-tres-convenios-relacionados-con-el-desfalco-a-los-juegos-nacionales-de-2015\/\"},\"author\":{\"name\":\"Johanna Islenny Prieto Pe\u00f1a\",\"@id\":\"https:\/\/www.fiscalia.gov.co\/colombia\/#\/schema\/person\/ba9eca435947489fb25117a0cd75bf3e\"},\"headline\":\"Condenado exalcalde de Ibagu\u00e9 por irregularidades en tres convenios relacionados con el desfalco a los Juegos Nacionales de 2015\",\"datePublished\":\"2025-12-12T14:51:56+00:00\",\"dateModified\":\"2025-12-12T14:51:56+00:00\",\"mainEntityOfPage\":{\"@id\":\"https:\/\/www.fiscalia.gov.co\/colombia\/noticias\/condenado-exalcalde-de-ibague-por-irregularidades-en-tres-convenios-relacionados-con-el-desfalco-a-los-juegos-nacionales-de-2015\/\"},\"wordCount\":449,\"publisher\":{\"@id\":\"https:\/\/www.fiscalia.gov.co\/colombia\/#organization\"},\"keywords\":[\"Administraci\u00f3n p\u00fablica\",\"Condena\",\"Contrato sin cumplimiento\",\"Convenio\",\"Corrupci\u00f3n\",\"CTI\",\"escenarios deportivos\",\"Estadio Manuel Murillo Toro\",\"exalcalde de Ibagu\u00e9\",\"Fiscal Especializada\",\"Fiscal\u00eda General de la Naci\u00f3n\",\"inter\u00e9s indebido\",\"juegos nacionales y Paranacionales 201\",\"Luis H\",\"Peculado por apropiaci\u00f3n\",\"Sentencia\"],\"articleSection\":[\"Noticias\",\"Seguridad territorial\"],\"inLanguage\":\"es-CO\"},{\"@type\":\"WebPage\",\"@id\":\"https:\/\/www.fiscalia.gov.co\/colombia\/noticias\/condenado-exalcalde-de-ibague-por-irregularidades-en-tres-convenios-relacionados-con-el-desfalco-a-los-juegos-nacionales-de-2015\/\",\"url\":\"https:\/\/www.fiscalia.gov.co\/colombia\/noticias\/condenado-exalcalde-de-ibague-por-irregularidades-en-tres-convenios-relacionados-con-el-desfalco-a-los-juegos-nacionales-de-2015\/\",\"name\":\"Fiscal\u00eda General de la Naci\u00f3n\",\"isPartOf\":{\"@id\":\"https:\/\/www.fiscalia.gov.co\/colombia\/#website\"},\"datePublished\":\"2025-12-12T14:51:56+00:00\",\"dateModified\":\"2025-12-12T14:51:56+00:00\",\"description\":\"P\u00e1gina oficial de la Fiscal\u00eda General de la Naci\u00f3n \u2013 Colombia. Garantizamos el acceso efectivo a la justicia, la verdad y la reparaci\u00f3n de las v\u00edctimas de los delitos.\",\"breadcrumb\":{\"@id\":\"https:\/\/www.fiscalia.gov.co\/colombia\/noticias\/condenado-exalcalde-de-ibague-por-irregularidades-en-tres-convenios-relacionados-con-el-desfalco-a-los-juegos-nacionales-de-2015\/#breadcrumb\"},\"inLanguage\":\"es-CO\",\"potentialAction\":[{\"@type\":\"ReadAction\",\"target\":[\"https:\/\/www.fiscalia.gov.co\/colombia\/noticias\/condenado-exalcalde-de-ibague-por-irregularidades-en-tres-convenios-relacionados-con-el-desfalco-a-los-juegos-nacionales-de-2015\/\"]}]},{\"@type\":\"BreadcrumbList\",\"@id\":\"https:\/\/www.fiscalia.gov.co\/colombia\/noticias\/condenado-exalcalde-de-ibague-por-irregularidades-en-tres-convenios-relacionados-con-el-desfalco-a-los-juegos-nacionales-de-2015\/#breadcrumb\",\"itemListElement\":[{\"@type\":\"ListItem\",\"position\":1,\"name\":\"Home\",\"item\":\"https:\/\/www.fiscalia.gov.co\/colombia\/\"},{\"@type\":\"ListItem\",\"position\":2,\"name\":\"Condenado exalcalde de Ibagu\u00e9 por irregularidades en tres convenios relacionados con el desfalco a los Juegos Nacionales de 2015\"}]},{\"@type\":\"WebSite\",\"@id\":\"https:\/\/www.fiscalia.gov.co\/colombia\/#website\",\"url\":\"https:\/\/www.fiscalia.gov.co\/colombia\/\",\"name\":\"Fiscal\u00eda General de la Naci\u00f3n\",\"description\":\"P\u00e1gina oficial de la Fiscal\u00eda General de la Naci\u00f3n \u2013 Colombia. Garantizamos el acceso efectivo a la justicia, la verdad y la reparaci\u00f3n de las v\u00edctimas de los delitos.\",\"publisher\":{\"@id\":\"https:\/\/www.fiscalia.gov.co\/colombia\/#organization\"},\"potentialAction\":[{\"@type\":\"SearchAction\",\"target\":{\"@type\":\"EntryPoint\",\"urlTemplate\":\"https:\/\/www.fiscalia.gov.co\/colombia\/?s={search_term_string}\"},\"query-input\":{\"@type\":\"PropertyValueSpecification\",\"valueRequired\":true,\"valueName\":\"search_term_string\"}}],\"inLanguage\":\"es-CO\"},{\"@type\":\"Organization\",\"@id\":\"https:\/\/www.fiscalia.gov.co\/colombia\/#organization\",\"name\":\"Fiscal\u00eda General de la Naci\u00f3n\",\"url\":\"https:\/\/www.fiscalia.gov.co\/colombia\/\",\"logo\":{\"@type\":\"ImageObject\",\"inLanguage\":\"es-CO\",\"@id\":\"https:\/\/www.fiscalia.gov.co\/colombia\/#\/schema\/logo\/image\/\",\"url\":\"https:\/\/www.fiscalia.gov.co\/colombia\/wp-content\/uploads\/LogoHorizontal_1.jpg\",\"contentUrl\":\"https:\/\/www.fiscalia.gov.co\/colombia\/wp-content\/uploads\/LogoHorizontal_1.jpg\",\"width\":300,\"height\":90,\"caption\":\"Fiscal\u00eda General de la Naci\u00f3n\"},\"image\":{\"@id\":\"https:\/\/www.fiscalia.gov.co\/colombia\/#\/schema\/logo\/image\/\"},\"sameAs\":[\"https:\/\/www.facebook.com\/FiscaliaCol\",\"https:\/\/x.com\/FiscaliaCol\",\"https:\/\/www.instagram.com\/fiscaliacol\",\"https:\/\/www.linkedin.com\/company\/fiscalia-general-de-la-naci-n\/\",\"https:\/\/youtube.com\/@fiscaliageneraldelanacion-4668?si=6nN79nyQICPU5iTh\"]},{\"@type\":\"Person\",\"@id\":\"https:\/\/www.fiscalia.gov.co\/colombia\/#\/schema\/person\/ba9eca435947489fb25117a0cd75bf3e\",\"name\":\"Johanna Islenny Prieto Pe\u00f1a\",\"image\":{\"@type\":\"ImageObject\",\"inLanguage\":\"es-CO\",\"@id\":\"https:\/\/www.fiscalia.gov.co\/colombia\/#\/schema\/person\/image\/\",\"url\":\"https:\/\/secure.gravatar.com\/avatar\/111433fc2acb037ffb768f6a3ca47864?s=96&d=mm&r=g\",\"contentUrl\":\"https:\/\/secure.gravatar.com\/avatar\/111433fc2acb037ffb768f6a3ca47864?s=96&d=mm&r=g\",\"caption\":\"Johanna Islenny Prieto Pe\u00f1a\"},\"url\":\"https:\/\/www.fiscalia.gov.co\/colombia\/author\/jprietop\/\"}]}<\/script>\n<!-- \/ Yoast SEO plugin. -->","yoast_head_json":{"title":"Fiscal\u00eda General de la Naci\u00f3n","description":"P\u00e1gina oficial de la Fiscal\u00eda General de la Naci\u00f3n \u2013 Colombia. Garantizamos el acceso efectivo a la justicia, la verdad y la reparaci\u00f3n de las v\u00edctimas de los delitos.","robots":{"index":"noindex","follow":"follow"},"og_locale":"es_ES","og_type":"article","og_title":"Fiscal\u00eda General de la Naci\u00f3n","og_description":"P\u00e1gina oficial de la Fiscal\u00eda General de la Naci\u00f3n \u2013 Colombia. Garantizamos el acceso efectivo a la justicia, la verdad y la reparaci\u00f3n de las v\u00edctimas de los delitos.","og_url":"https:\/\/www.fiscalia.gov.co\/colombia\/noticias\/condenado-exalcalde-de-ibague-por-irregularidades-en-tres-convenios-relacionados-con-el-desfalco-a-los-juegos-nacionales-de-2015\/","og_site_name":"Fiscal\u00eda General de la Naci\u00f3n","article_publisher":"https:\/\/www.facebook.com\/FiscaliaCol","article_published_time":"2025-12-12T14:51:56+00:00","author":"Johanna Islenny Prieto Pe\u00f1a","twitter_card":"summary_large_image","twitter_creator":"@FiscaliaCol","twitter_site":"@FiscaliaCol","twitter_misc":{"Escrito por":"Johanna Islenny Prieto Pe\u00f1a","Tiempo de lectura":"2 minutos"},"schema":{"@context":"https:\/\/schema.org","@graph":[{"@type":"Article","@id":"https:\/\/www.fiscalia.gov.co\/colombia\/noticias\/condenado-exalcalde-de-ibague-por-irregularidades-en-tres-convenios-relacionados-con-el-desfalco-a-los-juegos-nacionales-de-2015\/#article","isPartOf":{"@id":"https:\/\/www.fiscalia.gov.co\/colombia\/noticias\/condenado-exalcalde-de-ibague-por-irregularidades-en-tres-convenios-relacionados-con-el-desfalco-a-los-juegos-nacionales-de-2015\/"},"author":{"name":"Johanna Islenny Prieto Pe\u00f1a","@id":"https:\/\/www.fiscalia.gov.co\/colombia\/#\/schema\/person\/ba9eca435947489fb25117a0cd75bf3e"},"headline":"Condenado exalcalde de Ibagu\u00e9 por irregularidades en tres convenios relacionados con el desfalco a los Juegos Nacionales de 2015","datePublished":"2025-12-12T14:51:56+00:00","dateModified":"2025-12-12T14:51:56+00:00","mainEntityOfPage":{"@id":"https:\/\/www.fiscalia.gov.co\/colombia\/noticias\/condenado-exalcalde-de-ibague-por-irregularidades-en-tres-convenios-relacionados-con-el-desfalco-a-los-juegos-nacionales-de-2015\/"},"wordCount":449,"publisher":{"@id":"https:\/\/www.fiscalia.gov.co\/colombia\/#organization"},"keywords":["Administraci\u00f3n p\u00fablica","Condena","Contrato sin cumplimiento","Convenio","Corrupci\u00f3n","CTI","escenarios deportivos","Estadio Manuel Murillo Toro","exalcalde de Ibagu\u00e9","Fiscal Especializada","Fiscal\u00eda General de la Naci\u00f3n","inter\u00e9s indebido","juegos nacionales y Paranacionales 201","Luis H","Peculado por apropiaci\u00f3n","Sentencia"],"articleSection":["Noticias","Seguridad territorial"],"inLanguage":"es-CO"},{"@type":"WebPage","@id":"https:\/\/www.fiscalia.gov.co\/colombia\/noticias\/condenado-exalcalde-de-ibague-por-irregularidades-en-tres-convenios-relacionados-con-el-desfalco-a-los-juegos-nacionales-de-2015\/","url":"https:\/\/www.fiscalia.gov.co\/colombia\/noticias\/condenado-exalcalde-de-ibague-por-irregularidades-en-tres-convenios-relacionados-con-el-desfalco-a-los-juegos-nacionales-de-2015\/","name":"Fiscal\u00eda General de la Naci\u00f3n","isPartOf":{"@id":"https:\/\/www.fiscalia.gov.co\/colombia\/#website"},"datePublished":"2025-12-12T14:51:56+00:00","dateModified":"2025-12-12T14:51:56+00:00","description":"P\u00e1gina oficial de la Fiscal\u00eda General de la Naci\u00f3n \u2013 Colombia. Garantizamos el acceso efectivo a la justicia, la verdad y la reparaci\u00f3n de las v\u00edctimas de los delitos.","breadcrumb":{"@id":"https:\/\/www.fiscalia.gov.co\/colombia\/noticias\/condenado-exalcalde-de-ibague-por-irregularidades-en-tres-convenios-relacionados-con-el-desfalco-a-los-juegos-nacionales-de-2015\/#breadcrumb"},"inLanguage":"es-CO","potentialAction":[{"@type":"ReadAction","target":["https:\/\/www.fiscalia.gov.co\/colombia\/noticias\/condenado-exalcalde-de-ibague-por-irregularidades-en-tres-convenios-relacionados-con-el-desfalco-a-los-juegos-nacionales-de-2015\/"]}]},{"@type":"BreadcrumbList","@id":"https:\/\/www.fiscalia.gov.co\/colombia\/noticias\/condenado-exalcalde-de-ibague-por-irregularidades-en-tres-convenios-relacionados-con-el-desfalco-a-los-juegos-nacionales-de-2015\/#breadcrumb","itemListElement":[{"@type":"ListItem","position":1,"name":"Home","item":"https:\/\/www.fiscalia.gov.co\/colombia\/"},{"@type":"ListItem","position":2,"name":"Condenado exalcalde de Ibagu\u00e9 por irregularidades en tres convenios relacionados con el desfalco a los Juegos Nacionales de 2015"}]},{"@type":"WebSite","@id":"https:\/\/www.fiscalia.gov.co\/colombia\/#website","url":"https:\/\/www.fiscalia.gov.co\/colombia\/","name":"Fiscal\u00eda General de la Naci\u00f3n","description":"P\u00e1gina oficial de la Fiscal\u00eda General de la Naci\u00f3n \u2013 Colombia. Garantizamos el acceso efectivo a la justicia, la verdad y la reparaci\u00f3n de las v\u00edctimas de los delitos.","publisher":{"@id":"https:\/\/www.fiscalia.gov.co\/colombia\/#organization"},"potentialAction":[{"@type":"SearchAction","target":{"@type":"EntryPoint","urlTemplate":"https:\/\/www.fiscalia.gov.co\/colombia\/?s={search_term_string}"},"query-input":{"@type":"PropertyValueSpecification","valueRequired":true,"valueName":"search_term_string"}}],"inLanguage":"es-CO"},{"@type":"Organization","@id":"https:\/\/www.fiscalia.gov.co\/colombia\/#organization","name":"Fiscal\u00eda General de la Naci\u00f3n","url":"https:\/\/www.fiscalia.gov.co\/colombia\/","logo":{"@type":"ImageObject","inLanguage":"es-CO","@id":"https:\/\/www.fiscalia.gov.co\/colombia\/#\/schema\/logo\/image\/","url":"https:\/\/www.fiscalia.gov.co\/colombia\/wp-content\/uploads\/LogoHorizontal_1.jpg","contentUrl":"https:\/\/www.fiscalia.gov.co\/colombia\/wp-content\/uploads\/LogoHorizontal_1.jpg","width":300,"height":90,"caption":"Fiscal\u00eda General de la Naci\u00f3n"},"image":{"@id":"https:\/\/www.fiscalia.gov.co\/colombia\/#\/schema\/logo\/image\/"},"sameAs":["https:\/\/www.facebook.com\/FiscaliaCol","https:\/\/x.com\/FiscaliaCol","https:\/\/www.instagram.com\/fiscaliacol","https:\/\/www.linkedin.com\/company\/fiscalia-general-de-la-naci-n\/","https:\/\/youtube.com\/@fiscaliageneraldelanacion-4668?si=6nN79nyQICPU5iTh"]},{"@type":"Person","@id":"https:\/\/www.fiscalia.gov.co\/colombia\/#\/schema\/person\/ba9eca435947489fb25117a0cd75bf3e","name":"Johanna Islenny Prieto Pe\u00f1a","image":{"@type":"ImageObject","inLanguage":"es-CO","@id":"https:\/\/www.fiscalia.gov.co\/colombia\/#\/schema\/person\/image\/","url":"https:\/\/secure.gravatar.com\/avatar\/111433fc2acb037ffb768f6a3ca47864?s=96&d=mm&r=g","contentUrl":"https:\/\/secure.gravatar.com\/avatar\/111433fc2acb037ffb768f6a3ca47864?s=96&d=mm&r=g","caption":"Johanna Islenny Prieto Pe\u00f1a"},"url":"https:\/\/www.fiscalia.gov.co\/colombia\/author\/jprietop\/"}]}},"_links":{"self":[{"href":"https:\/\/www.fiscalia.gov.co\/colombia\/wp-json\/wp\/v2\/posts\/328584","targetHints":{"allow":["GET"]}}],"collection":[{"href":"https:\/\/www.fiscalia.gov.co\/colombia\/wp-json\/wp\/v2\/posts"}],"about":[{"href":"https:\/\/www.fiscalia.gov.co\/colombia\/wp-json\/wp\/v2\/types\/post"}],"author":[{"embeddable":true,"href":"https:\/\/www.fiscalia.gov.co\/colombia\/wp-json\/wp\/v2\/users\/181"}],"replies":[{"embeddable":true,"href":"https:\/\/www.fiscalia.gov.co\/colombia\/wp-json\/wp\/v2\/comments?post=328584"}],"version-history":[{"count":1,"href":"https:\/\/www.fiscalia.gov.co\/colombia\/wp-json\/wp\/v2\/posts\/328584\/revisions"}],"predecessor-version":[{"id":328585,"href":"https:\/\/www.fiscalia.gov.co\/colombia\/wp-json\/wp\/v2\/posts\/328584\/revisions\/328585"}],"wp:attachment":[{"href":"https:\/\/www.fiscalia.gov.co\/colombia\/wp-json\/wp\/v2\/media?parent=328584"}],"wp:term":[{"taxonomy":"category","embeddable":true,"href":"https:\/\/www.fiscalia.gov.co\/colombia\/wp-json\/wp\/v2\/categories?post=328584"},{"taxonomy":"post_tag","embeddable":true,"href":"https:\/\/www.fiscalia.gov.co\/colombia\/wp-json\/wp\/v2\/tags?post=328584"}],"curies":[{"name":"wp","href":"https:\/\/api.w.org\/{rel}","templated":true}]}}