{"id":328462,"date":"2025-12-10T12:36:46","date_gmt":"2025-12-10T17:36:46","guid":{"rendered":"https:\/\/www.fiscalia.gov.co\/colombia\/?p=328462"},"modified":"2025-12-10T13:21:23","modified_gmt":"2025-12-10T18:21:23","slug":"orden-de-captura-contra-alias-ivan-mordiscos-y-otros-senalados-cabecillas-de-las-disidencias-de-las-farc-por-genocidio-de-pueblo-nasa-en-cauca","status":"publish","type":"post","link":"https:\/\/www.fiscalia.gov.co\/colombia\/noticias\/orden-de-captura-contra-alias-ivan-mordiscos-y-otros-senalados-cabecillas-de-las-disidencias-de-las-farc-por-genocidio-de-pueblo-nasa-en-cauca\/","title":{"rendered":"Orden de captura contra alias Iv\u00e1n Mordiscos y otros se\u00f1alados cabecillas de las disidencias de las Farc por genocidio de pueblo Nasa en Cauca"},"content":{"rendered":"<blockquote>\n<h4 class=\"s7\"><strong><em><span class=\"s6\">Se les atribuyen 32 hechos delictivos contra sabedores ancestrales, l\u00edderes, autoridades, comuneros y otros representantes de la comunidad ind\u00edgena en <\/span><span class=\"s6\">Caldono, Santander de Quilichao, Caloto, Corinto, Torib\u00edo, Miranda, P\u00e1ez y Jambal\u00f3.<\/span><\/em><\/strong><\/h4>\n<\/blockquote>\n<p class=\"s8\">Un trabajo investigativo en territorio, apoyado por un equipo interdisciplinario que incluy\u00f3 analistas criminales y de v\u00edctimas, antrop\u00f3logos, entre otros profesionales; as\u00ed como el acercamiento e intercambio de informaci\u00f3n y experiencias con la comunidad para conocer su organizaci\u00f3n, costumbres y cosmovisi\u00f3n, permitieron a la Fiscal\u00eda General de la Naci\u00f3n identificar un patr\u00f3n sistem\u00e1tico de criminalidad ejercido por las disidencias de las Farc contra el pueblo Nasa en Cauca.<\/p>\n<p class=\"s8\">Los elementos materiales probatorios dan cuenta de, por lomenos, 32 hechos delictivos como homicidios, tentativas de homicidio y casos de desplazamiento forzado, que dejan 43 v\u00edctimas desde 2022 a la fecha. Entre las personas afectadas hay 16 comuneros, 14 l\u00edderes y autoridades ind\u00edgenas, 8 firmantes del acuerdo de paz y 5 sabedores ancestrales.<\/p>\n<p class=\"s8\">Los eventos il\u00edcitos acreditados hasta el momento fueron perpetrados por el Frente Dagoberto Ramos del autodenominado Estado Mayor Central de las disidencias de las Farc en Caldono, Santander de Quilichao, Caloto, Corinto, Torib\u00edo, Miranda, P\u00e1ez y Jambal\u00f3. Corresponder\u00edan al cumplimiento de un exterminio promovido por los m\u00e1ximos jefes del grupo armado ilegal contra la poblaci\u00f3n Nasa para apoderarse de sus tierras y evitar resistencia a su actuar criminal en el norte y oriente de Cauca.<\/p>\n<p class=\"s8\">En ese sentido, y luego de una labor articulada con la Vicefiscal\u00eda General de la Naci\u00f3n, la Direcci\u00f3n Seccional Cauca, la Direcci\u00f3n Especializada contra las Violaciones alos Derechos Humanos, la Direcci\u00f3n Especializada contra las Organizaciones Criminales y la Direcci\u00f3n de Apoyo a la Investigaci\u00f3n y An\u00e1lisis de Seguridad Ciudadana, un fiscal de la Unidad Especial de Investigaci\u00f3n (UEI) acudi\u00f3 ante un juez penal de control de garant\u00edas para solicitar y obtener \u00f3rdenes de captura contra N\u00e9stor Gregorio Vera Fern\u00e1ndez, alias Iv\u00e1n Mordisco; \u00d3scar Eduardo Sandoval Noscu\u00e9, alias Andr\u00e9s o El Mocho, entre otros se\u00f1alados cabecillas, por el delito de genocidio.<\/p>\n<p class=\"s8\">Adicionalmente, fueron emitidas \u00f3rdenes de captura contra otros 10 integrantes, jefes de milicia y comisi\u00f3n, y milicianos del Frente Dagoberto Ramos, que ser\u00edan los responsables de la materializaci\u00f3n de los actos de violencia recurrente contra el pueblo Nasa.<\/p>\n<p class=\"s8\">Esta informaci\u00f3n se publica por razones de inter\u00e9s general.<\/p>\n<p class=\"s8\">AMCJ\/JARG\/WO\/UEI\/AE\/<\/p>\n<p>&nbsp;<\/p>\n<p>&nbsp;<\/p>\n<p>&nbsp;<\/p>\n<p><i>La informaci\u00f3n contenida en este bolet\u00edn de prensa corresponde a la narraci\u00f3n de los hechos noticiosos objetivos, suministrados por los funcionarios encargados de adelantar las investigaciones penales al interior de la Fiscal\u00eda General de la Naci\u00f3n. Para el momento de la divulgaci\u00f3n de este comunicado, la situaci\u00f3n jur\u00eddica de la(s) persona(s) relacionada(s) se encuentra pendiente de resolver por la autoridad judicial competente, siempre bajo los preceptos de la presunci\u00f3n de inocencia, consagrados en el art\u00edculo 29 de la Constituci\u00f3n Pol\u00edtica y el art\u00edculo 7\u00ba de la Ley 906 de 2004.<\/i><\/p>\n<p>&nbsp;<\/p>\n<p>&nbsp;<\/p>\n\n<div class=\"twitter-share\"><a href=\"https:\/\/twitter.com\/intent\/tweet?via=fiscaliacol\" class=\"twitter-share-button\">Tweet<\/a><\/div>\n","protected":false},"excerpt":{"rendered":"<p>Se les atribuyen 32 hechos delictivos contra sabedores ancestrales, l\u00edderes, autoridades, comuneros y otros representantes de la comunidad ind\u00edgena en Caldono, Santander de Quilichao, Caloto, Corinto, Torib\u00edo, Miranda, P\u00e1ez y [&hellip;]<\/p>\n","protected":false},"author":181,"featured_media":0,"comment_status":"closed","ping_status":"open","sticky":false,"template":"","format":"standard","meta":{"tdm_status":"","tdm_grid_status":"","footnotes":""},"categories":[1,24099],"tags":[],"class_list":["post-328462","post","type-post","status-publish","format-standard","category-noticias","category-seguridad-territorial"],"yoast_head":"<!-- This site is optimized with the Yoast SEO plugin v24.3 - https:\/\/yoast.com\/wordpress\/plugins\/seo\/ -->\n<title>Fiscal\u00eda General de la Naci\u00f3n<\/title>\n<meta name=\"description\" content=\"P\u00e1gina oficial de la Fiscal\u00eda General de la Naci\u00f3n \u2013 Colombia. Garantizamos el acceso efectivo a la justicia, la verdad y la reparaci\u00f3n de las v\u00edctimas de los delitos.\" \/>\n<meta name=\"robots\" content=\"noindex, follow\" \/>\n<meta property=\"og:locale\" content=\"es_ES\" \/>\n<meta property=\"og:type\" content=\"article\" \/>\n<meta property=\"og:title\" content=\"Fiscal\u00eda General de la Naci\u00f3n\" \/>\n<meta property=\"og:description\" content=\"P\u00e1gina oficial de la Fiscal\u00eda General de la Naci\u00f3n \u2013 Colombia. Garantizamos el acceso efectivo a la justicia, la verdad y la reparaci\u00f3n de las v\u00edctimas de los delitos.\" \/>\n<meta property=\"og:url\" content=\"https:\/\/www.fiscalia.gov.co\/colombia\/noticias\/orden-de-captura-contra-alias-ivan-mordiscos-y-otros-senalados-cabecillas-de-las-disidencias-de-las-farc-por-genocidio-de-pueblo-nasa-en-cauca\/\" \/>\n<meta property=\"og:site_name\" content=\"Fiscal\u00eda General de la Naci\u00f3n\" \/>\n<meta property=\"article:publisher\" content=\"https:\/\/www.facebook.com\/FiscaliaCol\" \/>\n<meta property=\"article:published_time\" content=\"2025-12-10T17:36:46+00:00\" \/>\n<meta property=\"article:modified_time\" content=\"2025-12-10T18:21:23+00:00\" \/>\n<meta name=\"author\" content=\"Johanna Islenny Prieto Pe\u00f1a\" \/>\n<meta name=\"twitter:card\" content=\"summary_large_image\" \/>\n<meta name=\"twitter:creator\" content=\"@FiscaliaCol\" \/>\n<meta name=\"twitter:site\" content=\"@FiscaliaCol\" \/>\n<meta name=\"twitter:label1\" content=\"Escrito por\" \/>\n\t<meta name=\"twitter:data1\" content=\"Johanna Islenny Prieto Pe\u00f1a\" \/>\n\t<meta name=\"twitter:label2\" content=\"Tiempo de lectura\" \/>\n\t<meta name=\"twitter:data2\" content=\"2 minutos\" \/>\n<script type=\"application\/ld+json\" class=\"yoast-schema-graph\">{\"@context\":\"https:\/\/schema.org\",\"@graph\":[{\"@type\":\"Article\",\"@id\":\"https:\/\/www.fiscalia.gov.co\/colombia\/noticias\/orden-de-captura-contra-alias-ivan-mordiscos-y-otros-senalados-cabecillas-de-las-disidencias-de-las-farc-por-genocidio-de-pueblo-nasa-en-cauca\/#article\",\"isPartOf\":{\"@id\":\"https:\/\/www.fiscalia.gov.co\/colombia\/noticias\/orden-de-captura-contra-alias-ivan-mordiscos-y-otros-senalados-cabecillas-de-las-disidencias-de-las-farc-por-genocidio-de-pueblo-nasa-en-cauca\/\"},\"author\":{\"name\":\"Johanna Islenny Prieto Pe\u00f1a\",\"@id\":\"https:\/\/www.fiscalia.gov.co\/colombia\/#\/schema\/person\/ba9eca435947489fb25117a0cd75bf3e\"},\"headline\":\"Orden de captura contra alias Iv\u00e1n Mordiscos y otros se\u00f1alados cabecillas de las disidencias de las Farc por genocidio de pueblo Nasa en Cauca\",\"datePublished\":\"2025-12-10T17:36:46+00:00\",\"dateModified\":\"2025-12-10T18:21:23+00:00\",\"mainEntityOfPage\":{\"@id\":\"https:\/\/www.fiscalia.gov.co\/colombia\/noticias\/orden-de-captura-contra-alias-ivan-mordiscos-y-otros-senalados-cabecillas-de-las-disidencias-de-las-farc-por-genocidio-de-pueblo-nasa-en-cauca\/\"},\"wordCount\":545,\"publisher\":{\"@id\":\"https:\/\/www.fiscalia.gov.co\/colombia\/#organization\"},\"articleSection\":[\"Noticias\",\"Seguridad territorial\"],\"inLanguage\":\"es-CO\"},{\"@type\":\"WebPage\",\"@id\":\"https:\/\/www.fiscalia.gov.co\/colombia\/noticias\/orden-de-captura-contra-alias-ivan-mordiscos-y-otros-senalados-cabecillas-de-las-disidencias-de-las-farc-por-genocidio-de-pueblo-nasa-en-cauca\/\",\"url\":\"https:\/\/www.fiscalia.gov.co\/colombia\/noticias\/orden-de-captura-contra-alias-ivan-mordiscos-y-otros-senalados-cabecillas-de-las-disidencias-de-las-farc-por-genocidio-de-pueblo-nasa-en-cauca\/\",\"name\":\"Fiscal\u00eda General de la Naci\u00f3n\",\"isPartOf\":{\"@id\":\"https:\/\/www.fiscalia.gov.co\/colombia\/#website\"},\"datePublished\":\"2025-12-10T17:36:46+00:00\",\"dateModified\":\"2025-12-10T18:21:23+00:00\",\"description\":\"P\u00e1gina oficial de la Fiscal\u00eda General de la Naci\u00f3n \u2013 Colombia. Garantizamos el acceso efectivo a la justicia, la verdad y la reparaci\u00f3n de las v\u00edctimas de los delitos.\",\"breadcrumb\":{\"@id\":\"https:\/\/www.fiscalia.gov.co\/colombia\/noticias\/orden-de-captura-contra-alias-ivan-mordiscos-y-otros-senalados-cabecillas-de-las-disidencias-de-las-farc-por-genocidio-de-pueblo-nasa-en-cauca\/#breadcrumb\"},\"inLanguage\":\"es-CO\",\"potentialAction\":[{\"@type\":\"ReadAction\",\"target\":[\"https:\/\/www.fiscalia.gov.co\/colombia\/noticias\/orden-de-captura-contra-alias-ivan-mordiscos-y-otros-senalados-cabecillas-de-las-disidencias-de-las-farc-por-genocidio-de-pueblo-nasa-en-cauca\/\"]}]},{\"@type\":\"BreadcrumbList\",\"@id\":\"https:\/\/www.fiscalia.gov.co\/colombia\/noticias\/orden-de-captura-contra-alias-ivan-mordiscos-y-otros-senalados-cabecillas-de-las-disidencias-de-las-farc-por-genocidio-de-pueblo-nasa-en-cauca\/#breadcrumb\",\"itemListElement\":[{\"@type\":\"ListItem\",\"position\":1,\"name\":\"Home\",\"item\":\"https:\/\/www.fiscalia.gov.co\/colombia\/\"},{\"@type\":\"ListItem\",\"position\":2,\"name\":\"Orden de captura contra alias Iv\u00e1n Mordiscos y otros se\u00f1alados cabecillas de las disidencias de las Farc por genocidio de pueblo Nasa en Cauca\"}]},{\"@type\":\"WebSite\",\"@id\":\"https:\/\/www.fiscalia.gov.co\/colombia\/#website\",\"url\":\"https:\/\/www.fiscalia.gov.co\/colombia\/\",\"name\":\"Fiscal\u00eda General de la Naci\u00f3n\",\"description\":\"P\u00e1gina oficial de la Fiscal\u00eda General de la Naci\u00f3n \u2013 Colombia. Garantizamos el acceso efectivo a la justicia, la verdad y la reparaci\u00f3n de las v\u00edctimas de los delitos.\",\"publisher\":{\"@id\":\"https:\/\/www.fiscalia.gov.co\/colombia\/#organization\"},\"potentialAction\":[{\"@type\":\"SearchAction\",\"target\":{\"@type\":\"EntryPoint\",\"urlTemplate\":\"https:\/\/www.fiscalia.gov.co\/colombia\/?s={search_term_string}\"},\"query-input\":{\"@type\":\"PropertyValueSpecification\",\"valueRequired\":true,\"valueName\":\"search_term_string\"}}],\"inLanguage\":\"es-CO\"},{\"@type\":\"Organization\",\"@id\":\"https:\/\/www.fiscalia.gov.co\/colombia\/#organization\",\"name\":\"Fiscal\u00eda General de la Naci\u00f3n\",\"url\":\"https:\/\/www.fiscalia.gov.co\/colombia\/\",\"logo\":{\"@type\":\"ImageObject\",\"inLanguage\":\"es-CO\",\"@id\":\"https:\/\/www.fiscalia.gov.co\/colombia\/#\/schema\/logo\/image\/\",\"url\":\"https:\/\/www.fiscalia.gov.co\/colombia\/wp-content\/uploads\/LogoHorizontal_1.jpg\",\"contentUrl\":\"https:\/\/www.fiscalia.gov.co\/colombia\/wp-content\/uploads\/LogoHorizontal_1.jpg\",\"width\":300,\"height\":90,\"caption\":\"Fiscal\u00eda General de la Naci\u00f3n\"},\"image\":{\"@id\":\"https:\/\/www.fiscalia.gov.co\/colombia\/#\/schema\/logo\/image\/\"},\"sameAs\":[\"https:\/\/www.facebook.com\/FiscaliaCol\",\"https:\/\/x.com\/FiscaliaCol\",\"https:\/\/www.instagram.com\/fiscaliacol\",\"https:\/\/www.linkedin.com\/company\/fiscalia-general-de-la-naci-n\/\",\"https:\/\/youtube.com\/@fiscaliageneraldelanacion-4668?si=6nN79nyQICPU5iTh\"]},{\"@type\":\"Person\",\"@id\":\"https:\/\/www.fiscalia.gov.co\/colombia\/#\/schema\/person\/ba9eca435947489fb25117a0cd75bf3e\",\"name\":\"Johanna Islenny Prieto Pe\u00f1a\",\"image\":{\"@type\":\"ImageObject\",\"inLanguage\":\"es-CO\",\"@id\":\"https:\/\/www.fiscalia.gov.co\/colombia\/#\/schema\/person\/image\/\",\"url\":\"https:\/\/secure.gravatar.com\/avatar\/111433fc2acb037ffb768f6a3ca47864?s=96&d=mm&r=g\",\"contentUrl\":\"https:\/\/secure.gravatar.com\/avatar\/111433fc2acb037ffb768f6a3ca47864?s=96&d=mm&r=g\",\"caption\":\"Johanna Islenny Prieto Pe\u00f1a\"},\"url\":\"https:\/\/www.fiscalia.gov.co\/colombia\/author\/jprietop\/\"}]}<\/script>\n<!-- \/ Yoast SEO plugin. -->","yoast_head_json":{"title":"Fiscal\u00eda General de la Naci\u00f3n","description":"P\u00e1gina oficial de la Fiscal\u00eda General de la Naci\u00f3n \u2013 Colombia. Garantizamos el acceso efectivo a la justicia, la verdad y la reparaci\u00f3n de las v\u00edctimas de los delitos.","robots":{"index":"noindex","follow":"follow"},"og_locale":"es_ES","og_type":"article","og_title":"Fiscal\u00eda General de la Naci\u00f3n","og_description":"P\u00e1gina oficial de la Fiscal\u00eda General de la Naci\u00f3n \u2013 Colombia. Garantizamos el acceso efectivo a la justicia, la verdad y la reparaci\u00f3n de las v\u00edctimas de los delitos.","og_url":"https:\/\/www.fiscalia.gov.co\/colombia\/noticias\/orden-de-captura-contra-alias-ivan-mordiscos-y-otros-senalados-cabecillas-de-las-disidencias-de-las-farc-por-genocidio-de-pueblo-nasa-en-cauca\/","og_site_name":"Fiscal\u00eda General de la Naci\u00f3n","article_publisher":"https:\/\/www.facebook.com\/FiscaliaCol","article_published_time":"2025-12-10T17:36:46+00:00","article_modified_time":"2025-12-10T18:21:23+00:00","author":"Johanna Islenny Prieto Pe\u00f1a","twitter_card":"summary_large_image","twitter_creator":"@FiscaliaCol","twitter_site":"@FiscaliaCol","twitter_misc":{"Escrito por":"Johanna Islenny Prieto Pe\u00f1a","Tiempo de lectura":"2 minutos"},"schema":{"@context":"https:\/\/schema.org","@graph":[{"@type":"Article","@id":"https:\/\/www.fiscalia.gov.co\/colombia\/noticias\/orden-de-captura-contra-alias-ivan-mordiscos-y-otros-senalados-cabecillas-de-las-disidencias-de-las-farc-por-genocidio-de-pueblo-nasa-en-cauca\/#article","isPartOf":{"@id":"https:\/\/www.fiscalia.gov.co\/colombia\/noticias\/orden-de-captura-contra-alias-ivan-mordiscos-y-otros-senalados-cabecillas-de-las-disidencias-de-las-farc-por-genocidio-de-pueblo-nasa-en-cauca\/"},"author":{"name":"Johanna Islenny Prieto Pe\u00f1a","@id":"https:\/\/www.fiscalia.gov.co\/colombia\/#\/schema\/person\/ba9eca435947489fb25117a0cd75bf3e"},"headline":"Orden de captura contra alias Iv\u00e1n Mordiscos y otros se\u00f1alados cabecillas de las disidencias de las Farc por genocidio de pueblo Nasa en Cauca","datePublished":"2025-12-10T17:36:46+00:00","dateModified":"2025-12-10T18:21:23+00:00","mainEntityOfPage":{"@id":"https:\/\/www.fiscalia.gov.co\/colombia\/noticias\/orden-de-captura-contra-alias-ivan-mordiscos-y-otros-senalados-cabecillas-de-las-disidencias-de-las-farc-por-genocidio-de-pueblo-nasa-en-cauca\/"},"wordCount":545,"publisher":{"@id":"https:\/\/www.fiscalia.gov.co\/colombia\/#organization"},"articleSection":["Noticias","Seguridad territorial"],"inLanguage":"es-CO"},{"@type":"WebPage","@id":"https:\/\/www.fiscalia.gov.co\/colombia\/noticias\/orden-de-captura-contra-alias-ivan-mordiscos-y-otros-senalados-cabecillas-de-las-disidencias-de-las-farc-por-genocidio-de-pueblo-nasa-en-cauca\/","url":"https:\/\/www.fiscalia.gov.co\/colombia\/noticias\/orden-de-captura-contra-alias-ivan-mordiscos-y-otros-senalados-cabecillas-de-las-disidencias-de-las-farc-por-genocidio-de-pueblo-nasa-en-cauca\/","name":"Fiscal\u00eda General de la Naci\u00f3n","isPartOf":{"@id":"https:\/\/www.fiscalia.gov.co\/colombia\/#website"},"datePublished":"2025-12-10T17:36:46+00:00","dateModified":"2025-12-10T18:21:23+00:00","description":"P\u00e1gina oficial de la Fiscal\u00eda General de la Naci\u00f3n \u2013 Colombia. Garantizamos el acceso efectivo a la justicia, la verdad y la reparaci\u00f3n de las v\u00edctimas de los delitos.","breadcrumb":{"@id":"https:\/\/www.fiscalia.gov.co\/colombia\/noticias\/orden-de-captura-contra-alias-ivan-mordiscos-y-otros-senalados-cabecillas-de-las-disidencias-de-las-farc-por-genocidio-de-pueblo-nasa-en-cauca\/#breadcrumb"},"inLanguage":"es-CO","potentialAction":[{"@type":"ReadAction","target":["https:\/\/www.fiscalia.gov.co\/colombia\/noticias\/orden-de-captura-contra-alias-ivan-mordiscos-y-otros-senalados-cabecillas-de-las-disidencias-de-las-farc-por-genocidio-de-pueblo-nasa-en-cauca\/"]}]},{"@type":"BreadcrumbList","@id":"https:\/\/www.fiscalia.gov.co\/colombia\/noticias\/orden-de-captura-contra-alias-ivan-mordiscos-y-otros-senalados-cabecillas-de-las-disidencias-de-las-farc-por-genocidio-de-pueblo-nasa-en-cauca\/#breadcrumb","itemListElement":[{"@type":"ListItem","position":1,"name":"Home","item":"https:\/\/www.fiscalia.gov.co\/colombia\/"},{"@type":"ListItem","position":2,"name":"Orden de captura contra alias Iv\u00e1n Mordiscos y otros se\u00f1alados cabecillas de las disidencias de las Farc por genocidio de pueblo Nasa en Cauca"}]},{"@type":"WebSite","@id":"https:\/\/www.fiscalia.gov.co\/colombia\/#website","url":"https:\/\/www.fiscalia.gov.co\/colombia\/","name":"Fiscal\u00eda General de la Naci\u00f3n","description":"P\u00e1gina oficial de la Fiscal\u00eda General de la Naci\u00f3n \u2013 Colombia. Garantizamos el acceso efectivo a la justicia, la verdad y la reparaci\u00f3n de las v\u00edctimas de los delitos.","publisher":{"@id":"https:\/\/www.fiscalia.gov.co\/colombia\/#organization"},"potentialAction":[{"@type":"SearchAction","target":{"@type":"EntryPoint","urlTemplate":"https:\/\/www.fiscalia.gov.co\/colombia\/?s={search_term_string}"},"query-input":{"@type":"PropertyValueSpecification","valueRequired":true,"valueName":"search_term_string"}}],"inLanguage":"es-CO"},{"@type":"Organization","@id":"https:\/\/www.fiscalia.gov.co\/colombia\/#organization","name":"Fiscal\u00eda General de la Naci\u00f3n","url":"https:\/\/www.fiscalia.gov.co\/colombia\/","logo":{"@type":"ImageObject","inLanguage":"es-CO","@id":"https:\/\/www.fiscalia.gov.co\/colombia\/#\/schema\/logo\/image\/","url":"https:\/\/www.fiscalia.gov.co\/colombia\/wp-content\/uploads\/LogoHorizontal_1.jpg","contentUrl":"https:\/\/www.fiscalia.gov.co\/colombia\/wp-content\/uploads\/LogoHorizontal_1.jpg","width":300,"height":90,"caption":"Fiscal\u00eda General de la Naci\u00f3n"},"image":{"@id":"https:\/\/www.fiscalia.gov.co\/colombia\/#\/schema\/logo\/image\/"},"sameAs":["https:\/\/www.facebook.com\/FiscaliaCol","https:\/\/x.com\/FiscaliaCol","https:\/\/www.instagram.com\/fiscaliacol","https:\/\/www.linkedin.com\/company\/fiscalia-general-de-la-naci-n\/","https:\/\/youtube.com\/@fiscaliageneraldelanacion-4668?si=6nN79nyQICPU5iTh"]},{"@type":"Person","@id":"https:\/\/www.fiscalia.gov.co\/colombia\/#\/schema\/person\/ba9eca435947489fb25117a0cd75bf3e","name":"Johanna Islenny Prieto Pe\u00f1a","image":{"@type":"ImageObject","inLanguage":"es-CO","@id":"https:\/\/www.fiscalia.gov.co\/colombia\/#\/schema\/person\/image\/","url":"https:\/\/secure.gravatar.com\/avatar\/111433fc2acb037ffb768f6a3ca47864?s=96&d=mm&r=g","contentUrl":"https:\/\/secure.gravatar.com\/avatar\/111433fc2acb037ffb768f6a3ca47864?s=96&d=mm&r=g","caption":"Johanna Islenny Prieto Pe\u00f1a"},"url":"https:\/\/www.fiscalia.gov.co\/colombia\/author\/jprietop\/"}]}},"_links":{"self":[{"href":"https:\/\/www.fiscalia.gov.co\/colombia\/wp-json\/wp\/v2\/posts\/328462","targetHints":{"allow":["GET"]}}],"collection":[{"href":"https:\/\/www.fiscalia.gov.co\/colombia\/wp-json\/wp\/v2\/posts"}],"about":[{"href":"https:\/\/www.fiscalia.gov.co\/colombia\/wp-json\/wp\/v2\/types\/post"}],"author":[{"embeddable":true,"href":"https:\/\/www.fiscalia.gov.co\/colombia\/wp-json\/wp\/v2\/users\/181"}],"replies":[{"embeddable":true,"href":"https:\/\/www.fiscalia.gov.co\/colombia\/wp-json\/wp\/v2\/comments?post=328462"}],"version-history":[{"count":3,"href":"https:\/\/www.fiscalia.gov.co\/colombia\/wp-json\/wp\/v2\/posts\/328462\/revisions"}],"predecessor-version":[{"id":328465,"href":"https:\/\/www.fiscalia.gov.co\/colombia\/wp-json\/wp\/v2\/posts\/328462\/revisions\/328465"}],"wp:attachment":[{"href":"https:\/\/www.fiscalia.gov.co\/colombia\/wp-json\/wp\/v2\/media?parent=328462"}],"wp:term":[{"taxonomy":"category","embeddable":true,"href":"https:\/\/www.fiscalia.gov.co\/colombia\/wp-json\/wp\/v2\/categories?post=328462"},{"taxonomy":"post_tag","embeddable":true,"href":"https:\/\/www.fiscalia.gov.co\/colombia\/wp-json\/wp\/v2\/tags?post=328462"}],"curies":[{"name":"wp","href":"https:\/\/api.w.org\/{rel}","templated":true}]}}