{"id":328384,"date":"2025-12-09T15:32:26","date_gmt":"2025-12-09T20:32:26","guid":{"rendered":"https:\/\/www.fiscalia.gov.co\/colombia\/?p=328384"},"modified":"2025-12-09T15:32:26","modified_gmt":"2025-12-09T20:32:26","slug":"a-la-carcel-tres-hombres-que-habrian-ingresado-a-una-vivienda-para-hurtar-elementos-de-valor","status":"publish","type":"post","link":"https:\/\/www.fiscalia.gov.co\/colombia\/noticias\/a-la-carcel-tres-hombres-que-habrian-ingresado-a-una-vivienda-para-hurtar-elementos-de-valor\/","title":{"rendered":"A la c\u00e1rcel tres hombres que habr\u00edan ingresado a una vivienda para hurtar elementos de valor"},"content":{"rendered":"<p>Por petici\u00f3n de la Fiscal\u00eda General de la Naci\u00f3n, un juez con funci\u00f3n de control de garant\u00edas de Guacar\u00ed (Valle del Cauca) impuso medida de aseguramiento en centro carcelario a Carlos Andr\u00e9s Teher\u00e1n, Jhon Freddy Cortes Loaiza y Jos\u00e9 Edgar Mor\u00e1n Becerra, presuntamente <strong>implicados en el hurto de una vivienda ubicada en el referido municipio.<\/strong><\/p>\n<figure id=\"attachment_328386\" aria-describedby=\"caption-attachment-328386\" style=\"width: 300px\" class=\"wp-caption alignnone\"><img loading=\"lazy\" decoding=\"async\" class=\"size-medium wp-image-328386\" src=\"https:\/\/www.fiscalia.gov.co\/colombia\/wp-content\/uploads\/Carlos-Andres-Teheran-y-otros-dos.-Hurto-calificado-y-agravado.-Guacari-Valle-300x177.jpg\" alt=\"En la fotograf\u00eda se aparecen de pie, dos de ellos con los brazos atr\u00e1s y uno con las manos en los bolsillos del pantal\u00f3n Carlos Andr\u00e9s Teher\u00e1n, Jhon Freddy Cortes Loaiza y Jos\u00e9 Edgar Mor\u00e1n Becerra. Uno, viste con Chaqueta de color negro,\u00a0 pantal\u00f3n neg\u00f3 y zapatillas negras con zuela blanca. Otro viste con camista de mangas cortas, de color blanco; usa gorra de color negro, jean gris desgastado y zapatos negros. Un tercero usa gorra de color verde oliva, camiseta de mangas cortas, de color negro, jean azul claro y zapatos negros. En sus extremos hay uniformados de la Polic\u00eda Nacional. Delante de ellos hay una superficie y sobre ella se aprecian tres celulares, joyas y herramientas. Detr\u00e1s de ellos hay un pend\u00f3n institucional de la Polic\u00eda.\" width=\"300\" height=\"177\" srcset=\"https:\/\/www.fiscalia.gov.co\/colombia\/wp-content\/uploads\/Carlos-Andres-Teheran-y-otros-dos.-Hurto-calificado-y-agravado.-Guacari-Valle-300x177.jpg 300w, https:\/\/www.fiscalia.gov.co\/colombia\/wp-content\/uploads\/Carlos-Andres-Teheran-y-otros-dos.-Hurto-calificado-y-agravado.-Guacari-Valle-1024x603.jpg 1024w, https:\/\/www.fiscalia.gov.co\/colombia\/wp-content\/uploads\/Carlos-Andres-Teheran-y-otros-dos.-Hurto-calificado-y-agravado.-Guacari-Valle-768x452.jpg 768w, https:\/\/www.fiscalia.gov.co\/colombia\/wp-content\/uploads\/Carlos-Andres-Teheran-y-otros-dos.-Hurto-calificado-y-agravado.-Guacari-Valle-714x420.jpg 714w, https:\/\/www.fiscalia.gov.co\/colombia\/wp-content\/uploads\/Carlos-Andres-Teheran-y-otros-dos.-Hurto-calificado-y-agravado.-Guacari-Valle-696x410.jpg 696w, https:\/\/www.fiscalia.gov.co\/colombia\/wp-content\/uploads\/Carlos-Andres-Teheran-y-otros-dos.-Hurto-calificado-y-agravado.-Guacari-Valle-1068x629.jpg 1068w, https:\/\/www.fiscalia.gov.co\/colombia\/wp-content\/uploads\/Carlos-Andres-Teheran-y-otros-dos.-Hurto-calificado-y-agravado.-Guacari-Valle.jpg 1529w\" sizes=\"auto, (max-width: 300px) 100vw, 300px\" \/><figcaption id=\"caption-attachment-328386\" class=\"wp-caption-text\">Carlos Andr\u00e9s Teher\u00e1n, Jhon Freddy Cortes Loaiza y Jos\u00e9 Edgar Mor\u00e1n Becerra.<\/figcaption><\/figure>\n<p>Los hechos investigados ocurrieron el pasado 29 de noviembre cuando los procesados habr\u00edan ingresado <strong>por la fuerza a una vivienda del barrio Bosques de Limonar del cual extrajeron joyas,<\/strong> un computador y otros elementos de valor.<\/p>\n<p>Uniformados de la Polic\u00eda Nacional capturaron en flagrancia a las tres personas cuando intentaban huir del lugar en motocicletas. En su poder les fueron encontrados los elementos hurtados.<\/p>\n<p>El ente acusador imput\u00f3 a los procesados <strong>el delito de hurto calificado y agravado, y corri\u00f3 el escrito de acusaci\u00f3n en su contra.<\/strong><\/p>\n<p>MAP\/DSVC\/MAGA<\/p>\n<p>&nbsp;<\/p>\n<p><i>La informaci\u00f3n contenida en este bolet\u00edn de prensa corresponde a la narraci\u00f3n de los hechos noticiosos objetivos, suministrados por los funcionarios encargados de adelantar las investigaciones penales al interior de la Fiscal\u00eda General de la Naci\u00f3n. Para el momento de la divulgaci\u00f3n de este comunicado, la situaci\u00f3n jur\u00eddica de la(s) persona(s) relacionada(s) se encuentra pendiente de resolver por la autoridad judicial competente, siempre bajo los preceptos de la presunci\u00f3n de inocencia, consagrados en el art\u00edculo 29 de la Constituci\u00f3n Pol\u00edtica y el art\u00edculo 7\u00ba de la Ley 906 de 2004.<\/i><\/p>\n<p>&nbsp;<\/p>\n\n<div class=\"twitter-share\"><a href=\"https:\/\/twitter.com\/intent\/tweet?via=fiscaliacol\" class=\"twitter-share-button\">Tweet<\/a><\/div>\n","protected":false},"excerpt":{"rendered":"<p>Por petici\u00f3n de la Fiscal\u00eda General de la Naci\u00f3n, un juez con funci\u00f3n de control de garant\u00edas de Guacar\u00ed (Valle del Cauca) impuso medida de aseguramiento en centro carcelario a Carlos Andr\u00e9s Teher\u00e1n, Jhon Freddy Cortes Loaiza y Jos\u00e9 Edgar Mor\u00e1n Becerra, presuntamente implicados en el hurto de una vivienda ubicada en el referido municipio. [&hellip;]<\/p>\n","protected":false},"author":181,"featured_media":0,"comment_status":"closed","ping_status":"open","sticky":false,"template":"","format":"standard","meta":{"_price":"","_stock":"","_tribe_ticket_header":"","_tribe_default_ticket_provider":"","_tribe_ticket_capacity":"0","_ticket_start_date":"","_ticket_end_date":"","_tribe_ticket_show_description":"","_tribe_ticket_show_not_going":false,"_tribe_ticket_use_global_stock":"","_tribe_ticket_global_stock_level":"","_global_stock_mode":"","_global_stock_cap":"","_tribe_rsvp_for_event":"","_tribe_ticket_going_count":"","_tribe_ticket_not_going_count":"","_tribe_tickets_list":"[]","_tribe_ticket_has_attendee_info_fields":false,"tdm_status":"","tdm_grid_status":"","footnotes":""},"categories":[1,24099],"tags":[37491,37492,4614,1047],"class_list":{"0":"post-328384","1":"post","2":"type-post","3":"status-publish","4":"format-standard","6":"category-noticias","7":"category-seguridad-territorial","8":"tag-fiscal-camargo","9":"tag-fiscal-luz-adriana-camargo","10":"tag-fiscalia-2","11":"tag-fiscalia-general-de-la-nacion"},"yoast_head":"<!-- This site is optimized with the Yoast SEO plugin v24.3 - https:\/\/yoast.com\/wordpress\/plugins\/seo\/ -->\n<title>Fiscal\u00eda General de la Naci\u00f3n<\/title>\n<meta name=\"description\" content=\"P\u00e1gina oficial de la Fiscal\u00eda General de la Naci\u00f3n \u2013 Colombia. Garantizamos el acceso efectivo a la justicia, la verdad y la reparaci\u00f3n de las v\u00edctimas de los delitos.\" \/>\n<meta name=\"robots\" content=\"noindex, follow\" \/>\n<meta property=\"og:locale\" content=\"es_ES\" \/>\n<meta property=\"og:type\" content=\"article\" \/>\n<meta property=\"og:title\" content=\"Fiscal\u00eda General de la Naci\u00f3n\" \/>\n<meta property=\"og:description\" content=\"P\u00e1gina oficial de la Fiscal\u00eda General de la Naci\u00f3n \u2013 Colombia. Garantizamos el acceso efectivo a la justicia, la verdad y la reparaci\u00f3n de las v\u00edctimas de los delitos.\" \/>\n<meta property=\"og:url\" content=\"https:\/\/www.fiscalia.gov.co\/colombia\/noticias\/a-la-carcel-tres-hombres-que-habrian-ingresado-a-una-vivienda-para-hurtar-elementos-de-valor\/\" \/>\n<meta property=\"og:site_name\" content=\"Fiscal\u00eda General de la Naci\u00f3n\" \/>\n<meta property=\"article:publisher\" content=\"https:\/\/www.facebook.com\/FiscaliaCol\" \/>\n<meta property=\"article:published_time\" content=\"2025-12-09T20:32:26+00:00\" \/>\n<meta property=\"og:image\" content=\"https:\/\/www.fiscalia.gov.co\/colombia\/wp-content\/uploads\/Carlos-Andres-Teheran-y-otros-dos.-Hurto-calificado-y-agravado.-Guacari-Valle.jpg\" \/>\n\t<meta property=\"og:image:width\" content=\"1529\" \/>\n\t<meta property=\"og:image:height\" content=\"900\" \/>\n\t<meta property=\"og:image:type\" content=\"image\/jpeg\" \/>\n<meta name=\"author\" content=\"Johanna Islenny Prieto Pe\u00f1a\" \/>\n<meta name=\"twitter:card\" content=\"summary_large_image\" \/>\n<meta name=\"twitter:creator\" content=\"@FiscaliaCol\" \/>\n<meta name=\"twitter:site\" content=\"@FiscaliaCol\" \/>\n<meta name=\"twitter:label1\" content=\"Escrito por\" \/>\n\t<meta name=\"twitter:data1\" content=\"Johanna Islenny Prieto Pe\u00f1a\" \/>\n\t<meta name=\"twitter:label2\" content=\"Tiempo de lectura\" \/>\n\t<meta name=\"twitter:data2\" content=\"2 minutos\" \/>\n<script type=\"application\/ld+json\" class=\"yoast-schema-graph\">{\"@context\":\"https:\/\/schema.org\",\"@graph\":[{\"@type\":\"Article\",\"@id\":\"https:\/\/www.fiscalia.gov.co\/colombia\/noticias\/a-la-carcel-tres-hombres-que-habrian-ingresado-a-una-vivienda-para-hurtar-elementos-de-valor\/#article\",\"isPartOf\":{\"@id\":\"https:\/\/www.fiscalia.gov.co\/colombia\/noticias\/a-la-carcel-tres-hombres-que-habrian-ingresado-a-una-vivienda-para-hurtar-elementos-de-valor\/\"},\"author\":{\"name\":\"Johanna Islenny Prieto Pe\u00f1a\",\"@id\":\"https:\/\/www.fiscalia.gov.co\/colombia\/#\/schema\/person\/ba9eca435947489fb25117a0cd75bf3e\"},\"headline\":\"A la c\u00e1rcel tres hombres que habr\u00edan ingresado a una vivienda para hurtar elementos de valor\",\"datePublished\":\"2025-12-09T20:32:26+00:00\",\"dateModified\":\"2025-12-09T20:32:26+00:00\",\"mainEntityOfPage\":{\"@id\":\"https:\/\/www.fiscalia.gov.co\/colombia\/noticias\/a-la-carcel-tres-hombres-que-habrian-ingresado-a-una-vivienda-para-hurtar-elementos-de-valor\/\"},\"wordCount\":299,\"publisher\":{\"@id\":\"https:\/\/www.fiscalia.gov.co\/colombia\/#organization\"},\"image\":{\"@id\":\"https:\/\/www.fiscalia.gov.co\/colombia\/noticias\/a-la-carcel-tres-hombres-que-habrian-ingresado-a-una-vivienda-para-hurtar-elementos-de-valor\/#primaryimage\"},\"thumbnailUrl\":\"https:\/\/www.fiscalia.gov.co\/colombia\/wp-content\/uploads\/Carlos-Andres-Teheran-y-otros-dos.-Hurto-calificado-y-agravado.-Guacari-Valle-300x177.jpg\",\"keywords\":[\"fiscal Camargo\",\"Fiscal Luz Adriana Camargo\",\"Fiscal\u00eda\",\"Fiscal\u00eda General de la Naci\u00f3n\"],\"articleSection\":[\"Noticias\",\"Seguridad territorial\"],\"inLanguage\":\"es-CO\"},{\"@type\":\"WebPage\",\"@id\":\"https:\/\/www.fiscalia.gov.co\/colombia\/noticias\/a-la-carcel-tres-hombres-que-habrian-ingresado-a-una-vivienda-para-hurtar-elementos-de-valor\/\",\"url\":\"https:\/\/www.fiscalia.gov.co\/colombia\/noticias\/a-la-carcel-tres-hombres-que-habrian-ingresado-a-una-vivienda-para-hurtar-elementos-de-valor\/\",\"name\":\"Fiscal\u00eda General de la Naci\u00f3n\",\"isPartOf\":{\"@id\":\"https:\/\/www.fiscalia.gov.co\/colombia\/#website\"},\"primaryImageOfPage\":{\"@id\":\"https:\/\/www.fiscalia.gov.co\/colombia\/noticias\/a-la-carcel-tres-hombres-que-habrian-ingresado-a-una-vivienda-para-hurtar-elementos-de-valor\/#primaryimage\"},\"image\":{\"@id\":\"https:\/\/www.fiscalia.gov.co\/colombia\/noticias\/a-la-carcel-tres-hombres-que-habrian-ingresado-a-una-vivienda-para-hurtar-elementos-de-valor\/#primaryimage\"},\"thumbnailUrl\":\"https:\/\/www.fiscalia.gov.co\/colombia\/wp-content\/uploads\/Carlos-Andres-Teheran-y-otros-dos.-Hurto-calificado-y-agravado.-Guacari-Valle-300x177.jpg\",\"datePublished\":\"2025-12-09T20:32:26+00:00\",\"dateModified\":\"2025-12-09T20:32:26+00:00\",\"description\":\"P\u00e1gina oficial de la Fiscal\u00eda General de la Naci\u00f3n \u2013 Colombia. Garantizamos el acceso efectivo a la justicia, la verdad y la reparaci\u00f3n de las v\u00edctimas de los delitos.\",\"breadcrumb\":{\"@id\":\"https:\/\/www.fiscalia.gov.co\/colombia\/noticias\/a-la-carcel-tres-hombres-que-habrian-ingresado-a-una-vivienda-para-hurtar-elementos-de-valor\/#breadcrumb\"},\"inLanguage\":\"es-CO\",\"potentialAction\":[{\"@type\":\"ReadAction\",\"target\":[\"https:\/\/www.fiscalia.gov.co\/colombia\/noticias\/a-la-carcel-tres-hombres-que-habrian-ingresado-a-una-vivienda-para-hurtar-elementos-de-valor\/\"]}]},{\"@type\":\"ImageObject\",\"inLanguage\":\"es-CO\",\"@id\":\"https:\/\/www.fiscalia.gov.co\/colombia\/noticias\/a-la-carcel-tres-hombres-que-habrian-ingresado-a-una-vivienda-para-hurtar-elementos-de-valor\/#primaryimage\",\"url\":\"https:\/\/www.fiscalia.gov.co\/colombia\/wp-content\/uploads\/Carlos-Andres-Teheran-y-otros-dos.-Hurto-calificado-y-agravado.-Guacari-Valle.jpg\",\"contentUrl\":\"https:\/\/www.fiscalia.gov.co\/colombia\/wp-content\/uploads\/Carlos-Andres-Teheran-y-otros-dos.-Hurto-calificado-y-agravado.-Guacari-Valle.jpg\",\"width\":1529,\"height\":900,\"caption\":\"Carlos Andr\u00e9s Teher\u00e1n, Jhon Freddy Cortes Loaiza y Jos\u00e9 Edgar Mor\u00e1n Becerra.\"},{\"@type\":\"BreadcrumbList\",\"@id\":\"https:\/\/www.fiscalia.gov.co\/colombia\/noticias\/a-la-carcel-tres-hombres-que-habrian-ingresado-a-una-vivienda-para-hurtar-elementos-de-valor\/#breadcrumb\",\"itemListElement\":[{\"@type\":\"ListItem\",\"position\":1,\"name\":\"Home\",\"item\":\"https:\/\/www.fiscalia.gov.co\/colombia\/\"},{\"@type\":\"ListItem\",\"position\":2,\"name\":\"A la c\u00e1rcel tres hombres que habr\u00edan ingresado a una vivienda para hurtar elementos de valor\"}]},{\"@type\":\"WebSite\",\"@id\":\"https:\/\/www.fiscalia.gov.co\/colombia\/#website\",\"url\":\"https:\/\/www.fiscalia.gov.co\/colombia\/\",\"name\":\"Fiscal\u00eda General de la Naci\u00f3n\",\"description\":\"P\u00e1gina oficial de la Fiscal\u00eda General de la Naci\u00f3n \u2013 Colombia. Garantizamos el acceso efectivo a la justicia, la verdad y la reparaci\u00f3n de las v\u00edctimas de los delitos.\",\"publisher\":{\"@id\":\"https:\/\/www.fiscalia.gov.co\/colombia\/#organization\"},\"potentialAction\":[{\"@type\":\"SearchAction\",\"target\":{\"@type\":\"EntryPoint\",\"urlTemplate\":\"https:\/\/www.fiscalia.gov.co\/colombia\/?s={search_term_string}\"},\"query-input\":{\"@type\":\"PropertyValueSpecification\",\"valueRequired\":true,\"valueName\":\"search_term_string\"}}],\"inLanguage\":\"es-CO\"},{\"@type\":\"Organization\",\"@id\":\"https:\/\/www.fiscalia.gov.co\/colombia\/#organization\",\"name\":\"Fiscal\u00eda General de la Naci\u00f3n\",\"url\":\"https:\/\/www.fiscalia.gov.co\/colombia\/\",\"logo\":{\"@type\":\"ImageObject\",\"inLanguage\":\"es-CO\",\"@id\":\"https:\/\/www.fiscalia.gov.co\/colombia\/#\/schema\/logo\/image\/\",\"url\":\"https:\/\/www.fiscalia.gov.co\/colombia\/wp-content\/uploads\/LogoHorizontal_1.jpg\",\"contentUrl\":\"https:\/\/www.fiscalia.gov.co\/colombia\/wp-content\/uploads\/LogoHorizontal_1.jpg\",\"width\":300,\"height\":90,\"caption\":\"Fiscal\u00eda General de la Naci\u00f3n\"},\"image\":{\"@id\":\"https:\/\/www.fiscalia.gov.co\/colombia\/#\/schema\/logo\/image\/\"},\"sameAs\":[\"https:\/\/www.facebook.com\/FiscaliaCol\",\"https:\/\/x.com\/FiscaliaCol\",\"https:\/\/www.instagram.com\/fiscaliacol\",\"https:\/\/www.linkedin.com\/company\/fiscalia-general-de-la-naci-n\/\",\"https:\/\/youtube.com\/@fiscaliageneraldelanacion-4668?si=6nN79nyQICPU5iTh\"]},{\"@type\":\"Person\",\"@id\":\"https:\/\/www.fiscalia.gov.co\/colombia\/#\/schema\/person\/ba9eca435947489fb25117a0cd75bf3e\",\"name\":\"Johanna Islenny Prieto Pe\u00f1a\",\"image\":{\"@type\":\"ImageObject\",\"inLanguage\":\"es-CO\",\"@id\":\"https:\/\/www.fiscalia.gov.co\/colombia\/#\/schema\/person\/image\/\",\"url\":\"https:\/\/secure.gravatar.com\/avatar\/111433fc2acb037ffb768f6a3ca47864?s=96&d=mm&r=g\",\"contentUrl\":\"https:\/\/secure.gravatar.com\/avatar\/111433fc2acb037ffb768f6a3ca47864?s=96&d=mm&r=g\",\"caption\":\"Johanna Islenny Prieto Pe\u00f1a\"},\"url\":\"https:\/\/www.fiscalia.gov.co\/colombia\/author\/jprietop\/\"}]}<\/script>\n<!-- \/ Yoast SEO plugin. -->","yoast_head_json":{"title":"Fiscal\u00eda General de la Naci\u00f3n","description":"P\u00e1gina oficial de la Fiscal\u00eda General de la Naci\u00f3n \u2013 Colombia. Garantizamos el acceso efectivo a la justicia, la verdad y la reparaci\u00f3n de las v\u00edctimas de los delitos.","robots":{"index":"noindex","follow":"follow"},"og_locale":"es_ES","og_type":"article","og_title":"Fiscal\u00eda General de la Naci\u00f3n","og_description":"P\u00e1gina oficial de la Fiscal\u00eda General de la Naci\u00f3n \u2013 Colombia. Garantizamos el acceso efectivo a la justicia, la verdad y la reparaci\u00f3n de las v\u00edctimas de los delitos.","og_url":"https:\/\/www.fiscalia.gov.co\/colombia\/noticias\/a-la-carcel-tres-hombres-que-habrian-ingresado-a-una-vivienda-para-hurtar-elementos-de-valor\/","og_site_name":"Fiscal\u00eda General de la Naci\u00f3n","article_publisher":"https:\/\/www.facebook.com\/FiscaliaCol","article_published_time":"2025-12-09T20:32:26+00:00","og_image":[{"width":1529,"height":900,"url":"https:\/\/www.fiscalia.gov.co\/colombia\/wp-content\/uploads\/Carlos-Andres-Teheran-y-otros-dos.-Hurto-calificado-y-agravado.-Guacari-Valle.jpg","type":"image\/jpeg"}],"author":"Johanna Islenny Prieto Pe\u00f1a","twitter_card":"summary_large_image","twitter_creator":"@FiscaliaCol","twitter_site":"@FiscaliaCol","twitter_misc":{"Escrito por":"Johanna Islenny Prieto Pe\u00f1a","Tiempo de lectura":"2 minutos"},"schema":{"@context":"https:\/\/schema.org","@graph":[{"@type":"Article","@id":"https:\/\/www.fiscalia.gov.co\/colombia\/noticias\/a-la-carcel-tres-hombres-que-habrian-ingresado-a-una-vivienda-para-hurtar-elementos-de-valor\/#article","isPartOf":{"@id":"https:\/\/www.fiscalia.gov.co\/colombia\/noticias\/a-la-carcel-tres-hombres-que-habrian-ingresado-a-una-vivienda-para-hurtar-elementos-de-valor\/"},"author":{"name":"Johanna Islenny Prieto Pe\u00f1a","@id":"https:\/\/www.fiscalia.gov.co\/colombia\/#\/schema\/person\/ba9eca435947489fb25117a0cd75bf3e"},"headline":"A la c\u00e1rcel tres hombres que habr\u00edan ingresado a una vivienda para hurtar elementos de valor","datePublished":"2025-12-09T20:32:26+00:00","dateModified":"2025-12-09T20:32:26+00:00","mainEntityOfPage":{"@id":"https:\/\/www.fiscalia.gov.co\/colombia\/noticias\/a-la-carcel-tres-hombres-que-habrian-ingresado-a-una-vivienda-para-hurtar-elementos-de-valor\/"},"wordCount":299,"publisher":{"@id":"https:\/\/www.fiscalia.gov.co\/colombia\/#organization"},"image":{"@id":"https:\/\/www.fiscalia.gov.co\/colombia\/noticias\/a-la-carcel-tres-hombres-que-habrian-ingresado-a-una-vivienda-para-hurtar-elementos-de-valor\/#primaryimage"},"thumbnailUrl":"https:\/\/www.fiscalia.gov.co\/colombia\/wp-content\/uploads\/Carlos-Andres-Teheran-y-otros-dos.-Hurto-calificado-y-agravado.-Guacari-Valle-300x177.jpg","keywords":["fiscal Camargo","Fiscal Luz Adriana Camargo","Fiscal\u00eda","Fiscal\u00eda General de la Naci\u00f3n"],"articleSection":["Noticias","Seguridad territorial"],"inLanguage":"es-CO"},{"@type":"WebPage","@id":"https:\/\/www.fiscalia.gov.co\/colombia\/noticias\/a-la-carcel-tres-hombres-que-habrian-ingresado-a-una-vivienda-para-hurtar-elementos-de-valor\/","url":"https:\/\/www.fiscalia.gov.co\/colombia\/noticias\/a-la-carcel-tres-hombres-que-habrian-ingresado-a-una-vivienda-para-hurtar-elementos-de-valor\/","name":"Fiscal\u00eda General de la Naci\u00f3n","isPartOf":{"@id":"https:\/\/www.fiscalia.gov.co\/colombia\/#website"},"primaryImageOfPage":{"@id":"https:\/\/www.fiscalia.gov.co\/colombia\/noticias\/a-la-carcel-tres-hombres-que-habrian-ingresado-a-una-vivienda-para-hurtar-elementos-de-valor\/#primaryimage"},"image":{"@id":"https:\/\/www.fiscalia.gov.co\/colombia\/noticias\/a-la-carcel-tres-hombres-que-habrian-ingresado-a-una-vivienda-para-hurtar-elementos-de-valor\/#primaryimage"},"thumbnailUrl":"https:\/\/www.fiscalia.gov.co\/colombia\/wp-content\/uploads\/Carlos-Andres-Teheran-y-otros-dos.-Hurto-calificado-y-agravado.-Guacari-Valle-300x177.jpg","datePublished":"2025-12-09T20:32:26+00:00","dateModified":"2025-12-09T20:32:26+00:00","description":"P\u00e1gina oficial de la Fiscal\u00eda General de la Naci\u00f3n \u2013 Colombia. Garantizamos el acceso efectivo a la justicia, la verdad y la reparaci\u00f3n de las v\u00edctimas de los delitos.","breadcrumb":{"@id":"https:\/\/www.fiscalia.gov.co\/colombia\/noticias\/a-la-carcel-tres-hombres-que-habrian-ingresado-a-una-vivienda-para-hurtar-elementos-de-valor\/#breadcrumb"},"inLanguage":"es-CO","potentialAction":[{"@type":"ReadAction","target":["https:\/\/www.fiscalia.gov.co\/colombia\/noticias\/a-la-carcel-tres-hombres-que-habrian-ingresado-a-una-vivienda-para-hurtar-elementos-de-valor\/"]}]},{"@type":"ImageObject","inLanguage":"es-CO","@id":"https:\/\/www.fiscalia.gov.co\/colombia\/noticias\/a-la-carcel-tres-hombres-que-habrian-ingresado-a-una-vivienda-para-hurtar-elementos-de-valor\/#primaryimage","url":"https:\/\/www.fiscalia.gov.co\/colombia\/wp-content\/uploads\/Carlos-Andres-Teheran-y-otros-dos.-Hurto-calificado-y-agravado.-Guacari-Valle.jpg","contentUrl":"https:\/\/www.fiscalia.gov.co\/colombia\/wp-content\/uploads\/Carlos-Andres-Teheran-y-otros-dos.-Hurto-calificado-y-agravado.-Guacari-Valle.jpg","width":1529,"height":900,"caption":"Carlos Andr\u00e9s Teher\u00e1n, Jhon Freddy Cortes Loaiza y Jos\u00e9 Edgar Mor\u00e1n Becerra."},{"@type":"BreadcrumbList","@id":"https:\/\/www.fiscalia.gov.co\/colombia\/noticias\/a-la-carcel-tres-hombres-que-habrian-ingresado-a-una-vivienda-para-hurtar-elementos-de-valor\/#breadcrumb","itemListElement":[{"@type":"ListItem","position":1,"name":"Home","item":"https:\/\/www.fiscalia.gov.co\/colombia\/"},{"@type":"ListItem","position":2,"name":"A la c\u00e1rcel tres hombres que habr\u00edan ingresado a una vivienda para hurtar elementos de valor"}]},{"@type":"WebSite","@id":"https:\/\/www.fiscalia.gov.co\/colombia\/#website","url":"https:\/\/www.fiscalia.gov.co\/colombia\/","name":"Fiscal\u00eda General de la Naci\u00f3n","description":"P\u00e1gina oficial de la Fiscal\u00eda General de la Naci\u00f3n \u2013 Colombia. Garantizamos el acceso efectivo a la justicia, la verdad y la reparaci\u00f3n de las v\u00edctimas de los delitos.","publisher":{"@id":"https:\/\/www.fiscalia.gov.co\/colombia\/#organization"},"potentialAction":[{"@type":"SearchAction","target":{"@type":"EntryPoint","urlTemplate":"https:\/\/www.fiscalia.gov.co\/colombia\/?s={search_term_string}"},"query-input":{"@type":"PropertyValueSpecification","valueRequired":true,"valueName":"search_term_string"}}],"inLanguage":"es-CO"},{"@type":"Organization","@id":"https:\/\/www.fiscalia.gov.co\/colombia\/#organization","name":"Fiscal\u00eda General de la Naci\u00f3n","url":"https:\/\/www.fiscalia.gov.co\/colombia\/","logo":{"@type":"ImageObject","inLanguage":"es-CO","@id":"https:\/\/www.fiscalia.gov.co\/colombia\/#\/schema\/logo\/image\/","url":"https:\/\/www.fiscalia.gov.co\/colombia\/wp-content\/uploads\/LogoHorizontal_1.jpg","contentUrl":"https:\/\/www.fiscalia.gov.co\/colombia\/wp-content\/uploads\/LogoHorizontal_1.jpg","width":300,"height":90,"caption":"Fiscal\u00eda General de la Naci\u00f3n"},"image":{"@id":"https:\/\/www.fiscalia.gov.co\/colombia\/#\/schema\/logo\/image\/"},"sameAs":["https:\/\/www.facebook.com\/FiscaliaCol","https:\/\/x.com\/FiscaliaCol","https:\/\/www.instagram.com\/fiscaliacol","https:\/\/www.linkedin.com\/company\/fiscalia-general-de-la-naci-n\/","https:\/\/youtube.com\/@fiscaliageneraldelanacion-4668?si=6nN79nyQICPU5iTh"]},{"@type":"Person","@id":"https:\/\/www.fiscalia.gov.co\/colombia\/#\/schema\/person\/ba9eca435947489fb25117a0cd75bf3e","name":"Johanna Islenny Prieto Pe\u00f1a","image":{"@type":"ImageObject","inLanguage":"es-CO","@id":"https:\/\/www.fiscalia.gov.co\/colombia\/#\/schema\/person\/image\/","url":"https:\/\/secure.gravatar.com\/avatar\/111433fc2acb037ffb768f6a3ca47864?s=96&d=mm&r=g","contentUrl":"https:\/\/secure.gravatar.com\/avatar\/111433fc2acb037ffb768f6a3ca47864?s=96&d=mm&r=g","caption":"Johanna Islenny Prieto Pe\u00f1a"},"url":"https:\/\/www.fiscalia.gov.co\/colombia\/author\/jprietop\/"}]}},"_links":{"self":[{"href":"https:\/\/www.fiscalia.gov.co\/colombia\/wp-json\/wp\/v2\/posts\/328384","targetHints":{"allow":["GET"]}}],"collection":[{"href":"https:\/\/www.fiscalia.gov.co\/colombia\/wp-json\/wp\/v2\/posts"}],"about":[{"href":"https:\/\/www.fiscalia.gov.co\/colombia\/wp-json\/wp\/v2\/types\/post"}],"author":[{"embeddable":true,"href":"https:\/\/www.fiscalia.gov.co\/colombia\/wp-json\/wp\/v2\/users\/181"}],"replies":[{"embeddable":true,"href":"https:\/\/www.fiscalia.gov.co\/colombia\/wp-json\/wp\/v2\/comments?post=328384"}],"version-history":[{"count":1,"href":"https:\/\/www.fiscalia.gov.co\/colombia\/wp-json\/wp\/v2\/posts\/328384\/revisions"}],"predecessor-version":[{"id":328387,"href":"https:\/\/www.fiscalia.gov.co\/colombia\/wp-json\/wp\/v2\/posts\/328384\/revisions\/328387"}],"wp:attachment":[{"href":"https:\/\/www.fiscalia.gov.co\/colombia\/wp-json\/wp\/v2\/media?parent=328384"}],"wp:term":[{"taxonomy":"category","embeddable":true,"href":"https:\/\/www.fiscalia.gov.co\/colombia\/wp-json\/wp\/v2\/categories?post=328384"},{"taxonomy":"post_tag","embeddable":true,"href":"https:\/\/www.fiscalia.gov.co\/colombia\/wp-json\/wp\/v2\/tags?post=328384"}],"curies":[{"name":"wp","href":"https:\/\/api.w.org\/{rel}","templated":true}]}}