{"id":328363,"date":"2025-12-09T12:49:00","date_gmt":"2025-12-09T17:49:00","guid":{"rendered":"https:\/\/www.fiscalia.gov.co\/colombia\/?p=328363"},"modified":"2025-12-09T12:49:00","modified_gmt":"2025-12-09T17:49:00","slug":"fiscalia-imputa-al-exministro-de-relaciones-exteriores-alvaro-leyva-duran-por-presuntamente-frenar-de-manera-irregular-contrato-para-la-expedicion-de-pasaportes","status":"publish","type":"post","link":"https:\/\/www.fiscalia.gov.co\/colombia\/noticias\/fiscalia-imputa-al-exministro-de-relaciones-exteriores-alvaro-leyva-duran-por-presuntamente-frenar-de-manera-irregular-contrato-para-la-expedicion-de-pasaportes\/","title":{"rendered":"Fiscal\u00eda imputa al exministro de relaciones exteriores \u00c1lvaro Leyva Dur\u00e1n por presuntamente frenar de manera irregular contrato para la expedici\u00f3n de pasaportes"},"content":{"rendered":"<blockquote>\n<h4><strong><i>El exfuncionario habr\u00eda extralimitado sus funciones y, a trav\u00e9s de actos administrativos contrarios a la ley, declarado desierta la licitaci\u00f3n, negado un recurso de reposici\u00f3n y acudido a la figura de la urgencia manifiesta violando las normas de contrataci\u00f3n p\u00fablica.\u00a0<\/i>\u00a0<\/strong><\/h4>\n<\/blockquote>\n<p><span data-contrast=\"auto\">La Fiscal\u00eda General de la Naci\u00f3n imput\u00f3 ante una magistrada del Tribunal Superior de Bogot\u00e1 con funci\u00f3n de control de garant\u00edas al exministro de Relaciones Exteriores, \u00c1lvaro Leyva Dur\u00e1n, como presunto responsable del delito de prevaricato por acci\u00f3n, en concurso homog\u00e9neo.<\/span><span data-ccp-props=\"{&quot;335551550&quot;:6,&quot;335551620&quot;:6,&quot;335559685&quot;:-567}\">\u00a0<\/span><\/p>\n<p><span data-contrast=\"auto\">Leyva Dur\u00e1n, en ejercicio de su cargo, habr\u00eda proferido tres actos administrativos contrarios a la ley para obstruir la licitaci\u00f3n 001 de 2023, que ten\u00eda por objeto la expedici\u00f3n, almacenamiento y entrega de libretas de pasaportes hasta el 31 de julio de 2026, por valor de 559.000 millones de pesos.<\/span><span data-ccp-props=\"{&quot;335551550&quot;:6,&quot;335551620&quot;:6,&quot;335559685&quot;:-567}\">\u00a0<\/span><\/p>\n<p><span data-contrast=\"auto\">Inicialmente, el comit\u00e9 evaluador recomend\u00f3 entregar el contrato a una uni\u00f3n temporal que super\u00f3 el proceso de calificaci\u00f3n y cumpli\u00f3 los requerimientos exigidos. En ese sentido, se cit\u00f3 para la adjudicaci\u00f3n p\u00fablica; pero, el 13 de septiembre de 2023, Leyva Dur\u00e1n expidi\u00f3 la Resoluci\u00f3n 7485 por medio de la cual declar\u00f3 desierta la licitaci\u00f3n con el argumento de que se present\u00f3 un solo oferente.<\/span><span data-ccp-props=\"{&quot;335551550&quot;:6,&quot;335551620&quot;:6,&quot;335559685&quot;:-567}\">\u00a0<\/span><\/p>\n<p><span data-contrast=\"auto\">Ante esta decisi\u00f3n, el representante de la uni\u00f3n temporal interpuso recurso de reposici\u00f3n, el cual fue negado por el entonces ministro, a trav\u00e9s de la Resoluci\u00f3n 7540 del 14 de septiembre. Esta actuaci\u00f3n no permiti\u00f3 al recurrente presentar formalmente un documento con sus argumentos y lo oblig\u00f3 a sustentar verbalmente. Las consideraciones carec\u00edan de sustento f\u00e1ctico y jur\u00eddico. El mismo d\u00eda, Leyva Dur\u00e1n emiti\u00f3 una nueva resoluci\u00f3n para declarar la urgencia manifiesta y as\u00ed permitir que el contrato de pasaportes fuera asignado de manera directa, sin licitaci\u00f3n y participaci\u00f3n de otros aspirantes.<\/span><span data-ccp-props=\"{&quot;335551550&quot;:6,&quot;335551620&quot;:6,&quot;335559685&quot;:-567}\">\u00a0<\/span><\/p>\n<p><span data-contrast=\"auto\">Para la fiscal delegada ante la Corte Suprema de Justicia que dirige la investigaci\u00f3n, Leyva Dur\u00e1n puso en riesgo la emisi\u00f3n de pasaportes, viol\u00f3 el derecho de los ciudadanos a salir e ingresar del pa\u00eds libremente y a pesar de tener la posibilidad de corregir los errores cometidos al declarar desierta la licitaci\u00f3n no lo hizo y ratific\u00f3 su actuar.<\/span><\/p>\n<p>&nbsp;<\/p>\n<p>&nbsp;<\/p>\n<p>&nbsp;<\/p>\n<p><span data-contrast=\"auto\">(LAGP\/JARG\/SPC\/ZJL\/UFDCSJ)<\/span><\/p>\n<p>&nbsp;<\/p>\n<p>&nbsp;<\/p>\n<p>&nbsp;<\/p>\n<p><em><br \/>\nLa informaci\u00f3n contenida en este bolet\u00edn de prensa corresponde a la narraci\u00f3n de los hechos noticiosos objetivos, suministrados por los funcionarios encargados de adelantar las investigaciones penales al interior de la Fiscal\u00eda General de la Naci\u00f3n. Para el momento de la divulgaci\u00f3n de este comunicado, la situaci\u00f3n jur\u00eddica de la(s) persona(s) relacionada(s) se encuentra pendiente de resolver por la autoridad judicial competente, siempre bajo los preceptos de la presunci\u00f3n de inocencia, consagrados en el art\u00edculo 29 de la Constituci\u00f3n Pol\u00edtica y el art\u00edculo 7\u00ba de la Ley 906 de 2004.<\/em><\/p>\n\n<div class=\"twitter-share\"><a href=\"https:\/\/twitter.com\/intent\/tweet?via=fiscaliacol\" class=\"twitter-share-button\">Tweet<\/a><\/div>\n","protected":false},"excerpt":{"rendered":"<p>El exfuncionario habr\u00eda extralimitado sus funciones y, a trav\u00e9s de actos administrativos contrarios a la ley, declarado desierta la licitaci\u00f3n, negado un recurso de reposici\u00f3n y acudido a la figura [&hellip;]<\/p>\n","protected":false},"author":181,"featured_media":0,"comment_status":"closed","ping_status":"open","sticky":false,"template":"","format":"standard","meta":{"tdm_status":"","tdm_grid_status":"","footnotes":""},"categories":[24107,1],"tags":[37492,24481,1047],"class_list":["post-328363","post","type-post","status-publish","format-standard","category-lucha-contra-corrupcion","category-noticias","tag-fiscal-luz-adriana-camargo","tag-fiscalia-de-colombia","tag-fiscalia-general-de-la-nacion"],"yoast_head":"<!-- This site is optimized with the Yoast SEO plugin v24.3 - https:\/\/yoast.com\/wordpress\/plugins\/seo\/ -->\n<title>Fiscal\u00eda General de la Naci\u00f3n<\/title>\n<meta name=\"description\" content=\"P\u00e1gina oficial de la Fiscal\u00eda General de la Naci\u00f3n \u2013 Colombia. Garantizamos el acceso efectivo a la justicia, la verdad y la reparaci\u00f3n de las v\u00edctimas de los delitos.\" \/>\n<meta name=\"robots\" content=\"noindex, follow\" \/>\n<meta property=\"og:locale\" content=\"es_ES\" \/>\n<meta property=\"og:type\" content=\"article\" \/>\n<meta property=\"og:title\" content=\"Fiscal\u00eda General de la Naci\u00f3n\" \/>\n<meta property=\"og:description\" content=\"P\u00e1gina oficial de la Fiscal\u00eda General de la Naci\u00f3n \u2013 Colombia. Garantizamos el acceso efectivo a la justicia, la verdad y la reparaci\u00f3n de las v\u00edctimas de los delitos.\" \/>\n<meta property=\"og:url\" content=\"https:\/\/www.fiscalia.gov.co\/colombia\/noticias\/fiscalia-imputa-al-exministro-de-relaciones-exteriores-alvaro-leyva-duran-por-presuntamente-frenar-de-manera-irregular-contrato-para-la-expedicion-de-pasaportes\/\" \/>\n<meta property=\"og:site_name\" content=\"Fiscal\u00eda General de la Naci\u00f3n\" \/>\n<meta property=\"article:publisher\" content=\"https:\/\/www.facebook.com\/FiscaliaCol\" \/>\n<meta property=\"article:published_time\" content=\"2025-12-09T17:49:00+00:00\" \/>\n<meta name=\"author\" content=\"Johanna Islenny Prieto Pe\u00f1a\" \/>\n<meta name=\"twitter:card\" content=\"summary_large_image\" \/>\n<meta name=\"twitter:creator\" content=\"@FiscaliaCol\" \/>\n<meta name=\"twitter:site\" content=\"@FiscaliaCol\" \/>\n<meta name=\"twitter:label1\" content=\"Escrito por\" \/>\n\t<meta name=\"twitter:data1\" content=\"Johanna Islenny Prieto Pe\u00f1a\" \/>\n\t<meta name=\"twitter:label2\" content=\"Tiempo de lectura\" \/>\n\t<meta name=\"twitter:data2\" content=\"2 minutos\" \/>\n<script type=\"application\/ld+json\" class=\"yoast-schema-graph\">{\"@context\":\"https:\/\/schema.org\",\"@graph\":[{\"@type\":\"Article\",\"@id\":\"https:\/\/www.fiscalia.gov.co\/colombia\/noticias\/fiscalia-imputa-al-exministro-de-relaciones-exteriores-alvaro-leyva-duran-por-presuntamente-frenar-de-manera-irregular-contrato-para-la-expedicion-de-pasaportes\/#article\",\"isPartOf\":{\"@id\":\"https:\/\/www.fiscalia.gov.co\/colombia\/noticias\/fiscalia-imputa-al-exministro-de-relaciones-exteriores-alvaro-leyva-duran-por-presuntamente-frenar-de-manera-irregular-contrato-para-la-expedicion-de-pasaportes\/\"},\"author\":{\"name\":\"Johanna Islenny Prieto Pe\u00f1a\",\"@id\":\"https:\/\/www.fiscalia.gov.co\/colombia\/#\/schema\/person\/ba9eca435947489fb25117a0cd75bf3e\"},\"headline\":\"Fiscal\u00eda imputa al exministro de relaciones exteriores \u00c1lvaro Leyva Dur\u00e1n por presuntamente frenar de manera irregular contrato para la expedici\u00f3n de pasaportes\",\"datePublished\":\"2025-12-09T17:49:00+00:00\",\"dateModified\":\"2025-12-09T17:49:00+00:00\",\"mainEntityOfPage\":{\"@id\":\"https:\/\/www.fiscalia.gov.co\/colombia\/noticias\/fiscalia-imputa-al-exministro-de-relaciones-exteriores-alvaro-leyva-duran-por-presuntamente-frenar-de-manera-irregular-contrato-para-la-expedicion-de-pasaportes\/\"},\"wordCount\":519,\"publisher\":{\"@id\":\"https:\/\/www.fiscalia.gov.co\/colombia\/#organization\"},\"keywords\":[\"Fiscal Luz Adriana Camargo\",\"Fiscal\u00eda de Colombia\",\"Fiscal\u00eda General de la Naci\u00f3n\"],\"articleSection\":[\"Corrupci\u00f3n\",\"Noticias\"],\"inLanguage\":\"es-CO\"},{\"@type\":\"WebPage\",\"@id\":\"https:\/\/www.fiscalia.gov.co\/colombia\/noticias\/fiscalia-imputa-al-exministro-de-relaciones-exteriores-alvaro-leyva-duran-por-presuntamente-frenar-de-manera-irregular-contrato-para-la-expedicion-de-pasaportes\/\",\"url\":\"https:\/\/www.fiscalia.gov.co\/colombia\/noticias\/fiscalia-imputa-al-exministro-de-relaciones-exteriores-alvaro-leyva-duran-por-presuntamente-frenar-de-manera-irregular-contrato-para-la-expedicion-de-pasaportes\/\",\"name\":\"Fiscal\u00eda General de la Naci\u00f3n\",\"isPartOf\":{\"@id\":\"https:\/\/www.fiscalia.gov.co\/colombia\/#website\"},\"datePublished\":\"2025-12-09T17:49:00+00:00\",\"dateModified\":\"2025-12-09T17:49:00+00:00\",\"description\":\"P\u00e1gina oficial de la Fiscal\u00eda General de la Naci\u00f3n \u2013 Colombia. Garantizamos el acceso efectivo a la justicia, la verdad y la reparaci\u00f3n de las v\u00edctimas de los delitos.\",\"breadcrumb\":{\"@id\":\"https:\/\/www.fiscalia.gov.co\/colombia\/noticias\/fiscalia-imputa-al-exministro-de-relaciones-exteriores-alvaro-leyva-duran-por-presuntamente-frenar-de-manera-irregular-contrato-para-la-expedicion-de-pasaportes\/#breadcrumb\"},\"inLanguage\":\"es-CO\",\"potentialAction\":[{\"@type\":\"ReadAction\",\"target\":[\"https:\/\/www.fiscalia.gov.co\/colombia\/noticias\/fiscalia-imputa-al-exministro-de-relaciones-exteriores-alvaro-leyva-duran-por-presuntamente-frenar-de-manera-irregular-contrato-para-la-expedicion-de-pasaportes\/\"]}]},{\"@type\":\"BreadcrumbList\",\"@id\":\"https:\/\/www.fiscalia.gov.co\/colombia\/noticias\/fiscalia-imputa-al-exministro-de-relaciones-exteriores-alvaro-leyva-duran-por-presuntamente-frenar-de-manera-irregular-contrato-para-la-expedicion-de-pasaportes\/#breadcrumb\",\"itemListElement\":[{\"@type\":\"ListItem\",\"position\":1,\"name\":\"Home\",\"item\":\"https:\/\/www.fiscalia.gov.co\/colombia\/\"},{\"@type\":\"ListItem\",\"position\":2,\"name\":\"Fiscal\u00eda imputa al exministro de relaciones exteriores \u00c1lvaro Leyva Dur\u00e1n por presuntamente frenar de manera irregular contrato para la expedici\u00f3n de pasaportes\"}]},{\"@type\":\"WebSite\",\"@id\":\"https:\/\/www.fiscalia.gov.co\/colombia\/#website\",\"url\":\"https:\/\/www.fiscalia.gov.co\/colombia\/\",\"name\":\"Fiscal\u00eda General de la Naci\u00f3n\",\"description\":\"P\u00e1gina oficial de la Fiscal\u00eda General de la Naci\u00f3n \u2013 Colombia. Garantizamos el acceso efectivo a la justicia, la verdad y la reparaci\u00f3n de las v\u00edctimas de los delitos.\",\"publisher\":{\"@id\":\"https:\/\/www.fiscalia.gov.co\/colombia\/#organization\"},\"potentialAction\":[{\"@type\":\"SearchAction\",\"target\":{\"@type\":\"EntryPoint\",\"urlTemplate\":\"https:\/\/www.fiscalia.gov.co\/colombia\/?s={search_term_string}\"},\"query-input\":{\"@type\":\"PropertyValueSpecification\",\"valueRequired\":true,\"valueName\":\"search_term_string\"}}],\"inLanguage\":\"es-CO\"},{\"@type\":\"Organization\",\"@id\":\"https:\/\/www.fiscalia.gov.co\/colombia\/#organization\",\"name\":\"Fiscal\u00eda General de la Naci\u00f3n\",\"url\":\"https:\/\/www.fiscalia.gov.co\/colombia\/\",\"logo\":{\"@type\":\"ImageObject\",\"inLanguage\":\"es-CO\",\"@id\":\"https:\/\/www.fiscalia.gov.co\/colombia\/#\/schema\/logo\/image\/\",\"url\":\"https:\/\/www.fiscalia.gov.co\/colombia\/wp-content\/uploads\/LogoHorizontal_1.jpg\",\"contentUrl\":\"https:\/\/www.fiscalia.gov.co\/colombia\/wp-content\/uploads\/LogoHorizontal_1.jpg\",\"width\":300,\"height\":90,\"caption\":\"Fiscal\u00eda General de la Naci\u00f3n\"},\"image\":{\"@id\":\"https:\/\/www.fiscalia.gov.co\/colombia\/#\/schema\/logo\/image\/\"},\"sameAs\":[\"https:\/\/www.facebook.com\/FiscaliaCol\",\"https:\/\/x.com\/FiscaliaCol\",\"https:\/\/www.instagram.com\/fiscaliacol\",\"https:\/\/www.linkedin.com\/company\/fiscalia-general-de-la-naci-n\/\",\"https:\/\/youtube.com\/@fiscaliageneraldelanacion-4668?si=6nN79nyQICPU5iTh\"]},{\"@type\":\"Person\",\"@id\":\"https:\/\/www.fiscalia.gov.co\/colombia\/#\/schema\/person\/ba9eca435947489fb25117a0cd75bf3e\",\"name\":\"Johanna Islenny Prieto Pe\u00f1a\",\"image\":{\"@type\":\"ImageObject\",\"inLanguage\":\"es-CO\",\"@id\":\"https:\/\/www.fiscalia.gov.co\/colombia\/#\/schema\/person\/image\/\",\"url\":\"https:\/\/secure.gravatar.com\/avatar\/111433fc2acb037ffb768f6a3ca47864?s=96&d=mm&r=g\",\"contentUrl\":\"https:\/\/secure.gravatar.com\/avatar\/111433fc2acb037ffb768f6a3ca47864?s=96&d=mm&r=g\",\"caption\":\"Johanna Islenny Prieto Pe\u00f1a\"},\"url\":\"https:\/\/www.fiscalia.gov.co\/colombia\/author\/jprietop\/\"}]}<\/script>\n<!-- \/ Yoast SEO plugin. -->","yoast_head_json":{"title":"Fiscal\u00eda General de la Naci\u00f3n","description":"P\u00e1gina oficial de la Fiscal\u00eda General de la Naci\u00f3n \u2013 Colombia. Garantizamos el acceso efectivo a la justicia, la verdad y la reparaci\u00f3n de las v\u00edctimas de los delitos.","robots":{"index":"noindex","follow":"follow"},"og_locale":"es_ES","og_type":"article","og_title":"Fiscal\u00eda General de la Naci\u00f3n","og_description":"P\u00e1gina oficial de la Fiscal\u00eda General de la Naci\u00f3n \u2013 Colombia. Garantizamos el acceso efectivo a la justicia, la verdad y la reparaci\u00f3n de las v\u00edctimas de los delitos.","og_url":"https:\/\/www.fiscalia.gov.co\/colombia\/noticias\/fiscalia-imputa-al-exministro-de-relaciones-exteriores-alvaro-leyva-duran-por-presuntamente-frenar-de-manera-irregular-contrato-para-la-expedicion-de-pasaportes\/","og_site_name":"Fiscal\u00eda General de la Naci\u00f3n","article_publisher":"https:\/\/www.facebook.com\/FiscaliaCol","article_published_time":"2025-12-09T17:49:00+00:00","author":"Johanna Islenny Prieto Pe\u00f1a","twitter_card":"summary_large_image","twitter_creator":"@FiscaliaCol","twitter_site":"@FiscaliaCol","twitter_misc":{"Escrito por":"Johanna Islenny Prieto Pe\u00f1a","Tiempo de lectura":"2 minutos"},"schema":{"@context":"https:\/\/schema.org","@graph":[{"@type":"Article","@id":"https:\/\/www.fiscalia.gov.co\/colombia\/noticias\/fiscalia-imputa-al-exministro-de-relaciones-exteriores-alvaro-leyva-duran-por-presuntamente-frenar-de-manera-irregular-contrato-para-la-expedicion-de-pasaportes\/#article","isPartOf":{"@id":"https:\/\/www.fiscalia.gov.co\/colombia\/noticias\/fiscalia-imputa-al-exministro-de-relaciones-exteriores-alvaro-leyva-duran-por-presuntamente-frenar-de-manera-irregular-contrato-para-la-expedicion-de-pasaportes\/"},"author":{"name":"Johanna Islenny Prieto Pe\u00f1a","@id":"https:\/\/www.fiscalia.gov.co\/colombia\/#\/schema\/person\/ba9eca435947489fb25117a0cd75bf3e"},"headline":"Fiscal\u00eda imputa al exministro de relaciones exteriores \u00c1lvaro Leyva Dur\u00e1n por presuntamente frenar de manera irregular contrato para la expedici\u00f3n de pasaportes","datePublished":"2025-12-09T17:49:00+00:00","dateModified":"2025-12-09T17:49:00+00:00","mainEntityOfPage":{"@id":"https:\/\/www.fiscalia.gov.co\/colombia\/noticias\/fiscalia-imputa-al-exministro-de-relaciones-exteriores-alvaro-leyva-duran-por-presuntamente-frenar-de-manera-irregular-contrato-para-la-expedicion-de-pasaportes\/"},"wordCount":519,"publisher":{"@id":"https:\/\/www.fiscalia.gov.co\/colombia\/#organization"},"keywords":["Fiscal Luz Adriana Camargo","Fiscal\u00eda de Colombia","Fiscal\u00eda General de la Naci\u00f3n"],"articleSection":["Corrupci\u00f3n","Noticias"],"inLanguage":"es-CO"},{"@type":"WebPage","@id":"https:\/\/www.fiscalia.gov.co\/colombia\/noticias\/fiscalia-imputa-al-exministro-de-relaciones-exteriores-alvaro-leyva-duran-por-presuntamente-frenar-de-manera-irregular-contrato-para-la-expedicion-de-pasaportes\/","url":"https:\/\/www.fiscalia.gov.co\/colombia\/noticias\/fiscalia-imputa-al-exministro-de-relaciones-exteriores-alvaro-leyva-duran-por-presuntamente-frenar-de-manera-irregular-contrato-para-la-expedicion-de-pasaportes\/","name":"Fiscal\u00eda General de la Naci\u00f3n","isPartOf":{"@id":"https:\/\/www.fiscalia.gov.co\/colombia\/#website"},"datePublished":"2025-12-09T17:49:00+00:00","dateModified":"2025-12-09T17:49:00+00:00","description":"P\u00e1gina oficial de la Fiscal\u00eda General de la Naci\u00f3n \u2013 Colombia. Garantizamos el acceso efectivo a la justicia, la verdad y la reparaci\u00f3n de las v\u00edctimas de los delitos.","breadcrumb":{"@id":"https:\/\/www.fiscalia.gov.co\/colombia\/noticias\/fiscalia-imputa-al-exministro-de-relaciones-exteriores-alvaro-leyva-duran-por-presuntamente-frenar-de-manera-irregular-contrato-para-la-expedicion-de-pasaportes\/#breadcrumb"},"inLanguage":"es-CO","potentialAction":[{"@type":"ReadAction","target":["https:\/\/www.fiscalia.gov.co\/colombia\/noticias\/fiscalia-imputa-al-exministro-de-relaciones-exteriores-alvaro-leyva-duran-por-presuntamente-frenar-de-manera-irregular-contrato-para-la-expedicion-de-pasaportes\/"]}]},{"@type":"BreadcrumbList","@id":"https:\/\/www.fiscalia.gov.co\/colombia\/noticias\/fiscalia-imputa-al-exministro-de-relaciones-exteriores-alvaro-leyva-duran-por-presuntamente-frenar-de-manera-irregular-contrato-para-la-expedicion-de-pasaportes\/#breadcrumb","itemListElement":[{"@type":"ListItem","position":1,"name":"Home","item":"https:\/\/www.fiscalia.gov.co\/colombia\/"},{"@type":"ListItem","position":2,"name":"Fiscal\u00eda imputa al exministro de relaciones exteriores \u00c1lvaro Leyva Dur\u00e1n por presuntamente frenar de manera irregular contrato para la expedici\u00f3n de pasaportes"}]},{"@type":"WebSite","@id":"https:\/\/www.fiscalia.gov.co\/colombia\/#website","url":"https:\/\/www.fiscalia.gov.co\/colombia\/","name":"Fiscal\u00eda General de la Naci\u00f3n","description":"P\u00e1gina oficial de la Fiscal\u00eda General de la Naci\u00f3n \u2013 Colombia. Garantizamos el acceso efectivo a la justicia, la verdad y la reparaci\u00f3n de las v\u00edctimas de los delitos.","publisher":{"@id":"https:\/\/www.fiscalia.gov.co\/colombia\/#organization"},"potentialAction":[{"@type":"SearchAction","target":{"@type":"EntryPoint","urlTemplate":"https:\/\/www.fiscalia.gov.co\/colombia\/?s={search_term_string}"},"query-input":{"@type":"PropertyValueSpecification","valueRequired":true,"valueName":"search_term_string"}}],"inLanguage":"es-CO"},{"@type":"Organization","@id":"https:\/\/www.fiscalia.gov.co\/colombia\/#organization","name":"Fiscal\u00eda General de la Naci\u00f3n","url":"https:\/\/www.fiscalia.gov.co\/colombia\/","logo":{"@type":"ImageObject","inLanguage":"es-CO","@id":"https:\/\/www.fiscalia.gov.co\/colombia\/#\/schema\/logo\/image\/","url":"https:\/\/www.fiscalia.gov.co\/colombia\/wp-content\/uploads\/LogoHorizontal_1.jpg","contentUrl":"https:\/\/www.fiscalia.gov.co\/colombia\/wp-content\/uploads\/LogoHorizontal_1.jpg","width":300,"height":90,"caption":"Fiscal\u00eda General de la Naci\u00f3n"},"image":{"@id":"https:\/\/www.fiscalia.gov.co\/colombia\/#\/schema\/logo\/image\/"},"sameAs":["https:\/\/www.facebook.com\/FiscaliaCol","https:\/\/x.com\/FiscaliaCol","https:\/\/www.instagram.com\/fiscaliacol","https:\/\/www.linkedin.com\/company\/fiscalia-general-de-la-naci-n\/","https:\/\/youtube.com\/@fiscaliageneraldelanacion-4668?si=6nN79nyQICPU5iTh"]},{"@type":"Person","@id":"https:\/\/www.fiscalia.gov.co\/colombia\/#\/schema\/person\/ba9eca435947489fb25117a0cd75bf3e","name":"Johanna Islenny Prieto Pe\u00f1a","image":{"@type":"ImageObject","inLanguage":"es-CO","@id":"https:\/\/www.fiscalia.gov.co\/colombia\/#\/schema\/person\/image\/","url":"https:\/\/secure.gravatar.com\/avatar\/111433fc2acb037ffb768f6a3ca47864?s=96&d=mm&r=g","contentUrl":"https:\/\/secure.gravatar.com\/avatar\/111433fc2acb037ffb768f6a3ca47864?s=96&d=mm&r=g","caption":"Johanna Islenny Prieto Pe\u00f1a"},"url":"https:\/\/www.fiscalia.gov.co\/colombia\/author\/jprietop\/"}]}},"_links":{"self":[{"href":"https:\/\/www.fiscalia.gov.co\/colombia\/wp-json\/wp\/v2\/posts\/328363","targetHints":{"allow":["GET"]}}],"collection":[{"href":"https:\/\/www.fiscalia.gov.co\/colombia\/wp-json\/wp\/v2\/posts"}],"about":[{"href":"https:\/\/www.fiscalia.gov.co\/colombia\/wp-json\/wp\/v2\/types\/post"}],"author":[{"embeddable":true,"href":"https:\/\/www.fiscalia.gov.co\/colombia\/wp-json\/wp\/v2\/users\/181"}],"replies":[{"embeddable":true,"href":"https:\/\/www.fiscalia.gov.co\/colombia\/wp-json\/wp\/v2\/comments?post=328363"}],"version-history":[{"count":1,"href":"https:\/\/www.fiscalia.gov.co\/colombia\/wp-json\/wp\/v2\/posts\/328363\/revisions"}],"predecessor-version":[{"id":328364,"href":"https:\/\/www.fiscalia.gov.co\/colombia\/wp-json\/wp\/v2\/posts\/328363\/revisions\/328364"}],"wp:attachment":[{"href":"https:\/\/www.fiscalia.gov.co\/colombia\/wp-json\/wp\/v2\/media?parent=328363"}],"wp:term":[{"taxonomy":"category","embeddable":true,"href":"https:\/\/www.fiscalia.gov.co\/colombia\/wp-json\/wp\/v2\/categories?post=328363"},{"taxonomy":"post_tag","embeddable":true,"href":"https:\/\/www.fiscalia.gov.co\/colombia\/wp-json\/wp\/v2\/tags?post=328363"}],"curies":[{"name":"wp","href":"https:\/\/api.w.org\/{rel}","templated":true}]}}