{"id":32835,"date":"2013-05-09T15:29:50","date_gmt":"2013-05-09T20:29:50","guid":{"rendered":"http:\/\/www.fiscalia.gov.co\/colombia\/?p=32835"},"modified":"2013-05-20T09:29:57","modified_gmt":"2013-05-20T14:29:57","slug":"fiscal-general-de-la-nacion-participa-en-debate-sobre-el-marco-juridico-para-la-paz","status":"publish","type":"post","link":"https:\/\/www.fiscalia.gov.co\/colombia\/noticias\/fiscal-general-de-la-nacion-participa-en-debate-sobre-el-marco-juridico-para-la-paz\/","title":{"rendered":"Fiscal General de la Naci\u00f3n participa en debate sobre el Marco Jur\u00eddico para la Paz"},"content":{"rendered":"<p>En desarrollo del foro Dilemas Jur\u00eddicos para la Paz, en la Universidad Externado de Colombia, el Fiscal General de la Naci\u00f3n, Eduardo Montealegre Lynett defendi\u00f3 su posici\u00f3n frente al tema de justicia transicional que se incluy\u00f3 en la reforma constitucional del Marco Jur\u00eddico para la Paz.<\/p>\n<p>Se\u00f1al\u00f3 que el dilema propuesto en dicho marco legal para que el Congreso defina son dos modelos de justicia transicional, uno maximalista fundamentado en la priorizaci\u00f3n de casos donde se investigan todos los casos, autores y delitos cometidos; y un segundo modelo que se podr\u00eda denominar minimalista, centrado en criterios de selectividad, en el que la investigaci\u00f3n penal debe estar enfocada en la persecuci\u00f3n de los m\u00e1ximos responsables. Esta segunda opci\u00f3n es la que el jefe del ente acusador considera aplicable.<\/p>\n<p>El Fiscal Montelagre tambi\u00e9n destac\u00f3 que esta reforma rompe el esquema fundamental de la constituci\u00f3n y que los mismos tribunales internacionales han considerado que los derechos humanos y fundamentales no son absolutos y pueden ser flexibilizados. El discurso internacional de los derechos humanos, a trav\u00e9s del mecanismo de la ponderaci\u00f3n, es el que ha permitido la flexibilizaci\u00f3n de las garant\u00edas tradicionales del derecho penal.<\/p>\n<p>\u201cUn discurso de derechos absolutos en materia de derechos humanos que no adopte la relativizaci\u00f3n est\u00e1 en contra de la tendencia precisamente de tribunales penales internacionales y tribunales constitucionales que aceptan la ponderaci\u00f3n y la relativizaci\u00f3n como forma de resolver conflictos. Por eso hay que entender ese deber de investigar, acusar y juzgar las graves violaciones a los derechos humanos como un derecho ponderable que cuando entra en colisi\u00f3n con los derechos fundamentales como el derecho a la paz, en estos casos, ese derecho puede ser relativizado en aras de lograr la paz\u201d, puntualiz\u00f3 el Fiscal General.<\/p>\n<p>Frente a este tema, el Procurador General de la Naci\u00f3n, Alejandro Ord\u00f3\u00f1ez, indic\u00f3 que debe declararse inexequible la propuesta por ser inconstitucional, al considerar que es un camino para la impunidad y que no respeta los derechos de las v\u00edctimas, ni las garant\u00edas de verdad, justicia y reparaci\u00f3n, porque habr\u00e1 amnist\u00eda e indulto para aquellos actores del conflicto que no sean seleccionados como autores de delitos sistem\u00e1ticos y se beneficiaran\u00a0 de la renuncia condicionada de la investigaci\u00f3n penal.<\/p>\n<p>Seg\u00fan el Procurador Ordo\u00f1ez, el Marco Jur\u00eddico para La Paz no responde a los estatutos internacionales, ya que estos se\u00f1alan que los cr\u00edmenes de guerra y de lesa humanidad, como la desaparici\u00f3n forzada y el terrorismo, deben ser sometidos a la acci\u00f3n de la justicia.<\/p>\n<p>Por su parte el Presidente del Senado de la Rep\u00fablica, Roy Barreras, respald\u00f3 la postura del Fiscal General\u00a0 y dijo que la ley estatutaria, en el marco de un acuerdo de paz, propone un tratamiento diferenciador, definir\u00e1 condiciones y sanciones para los actores del conflicto armado incluidos los agentes del Estado, como las Fuerzas Militares; pero resalt\u00f3 que no es aplicable para los casos de\u00a0 los denominados falsos positivos. Tambi\u00e9n aclar\u00f3 que en todos los casos habr\u00e1 investigaci\u00f3n y sanci\u00f3n, m\u00e1s no amnist\u00edas, indultos y mucho menos perd\u00f3n y olvido.<\/p>\n<p>Igualmente, durante su intervenci\u00f3n en el foro, la magistrada auxiliar de la Corte Constitucional, Clara Elena Reales manifest\u00f3 que desde el punto de vista de la Corte, \u201cesta ha utilizado una metodolog\u00eda, que m\u00e1s que las sentencias para calificar o descalificar una medida particular, es una medida donde se sopesa el contexto, se sopesa el sistema dentro del cual se inserta una medida espec\u00edfica, incluso una medida que pudiera parecer laxa para juzgar cr\u00edmenes de lesa humanidad, para acudir a medidas de selecci\u00f3n, o juzgamiento particular, o priorizado de ciertos individuos, no son necesariamente inconstitucionales si eso sucede; siempre y cuando se garantice el menor sacrificio a la verdad, a la justicia y la reparaci\u00f3n y la garant\u00edas de no repetici\u00f3n\u201d.<\/p>\n\n<div class=\"twitter-share\"><a href=\"https:\/\/twitter.com\/intent\/tweet?via=fiscaliacol\" class=\"twitter-share-button\">Tweet<\/a><\/div>\n","protected":false},"excerpt":{"rendered":"<p>En desarrollo del foro Dilemas Jur\u00eddicos para la Paz, en la Universidad Externado de Colombia, el Fiscal General de la Naci\u00f3n, Eduardo Montealegre Lynett defendi\u00f3 su posici\u00f3n frente al tema de justicia transicional <\/p>\n","protected":false},"author":143,"featured_media":0,"comment_status":"closed","ping_status":"open","sticky":false,"template":"","format":"standard","meta":{"tdm_status":"","tdm_grid_status":"","footnotes":""},"categories":[1],"tags":[78,3740],"class_list":["post-32835","post","type-post","status-publish","format-standard","category-noticias","tag-fiscal-general-de-la-nacion","tag-marco-juridico-para-la-paz"],"yoast_head":"<!-- This site is optimized with the Yoast SEO plugin v24.3 - https:\/\/yoast.com\/wordpress\/plugins\/seo\/ -->\n<title>Fiscal\u00eda General de la Naci\u00f3n<\/title>\n<meta name=\"description\" content=\"P\u00e1gina oficial de la Fiscal\u00eda General de la Naci\u00f3n \u2013 Colombia. Garantizamos el acceso efectivo a la justicia, la verdad y la reparaci\u00f3n de las v\u00edctimas de los delitos.\" \/>\n<meta name=\"robots\" content=\"noindex, follow\" \/>\n<meta property=\"og:locale\" content=\"es_ES\" \/>\n<meta property=\"og:type\" content=\"article\" \/>\n<meta property=\"og:title\" content=\"Fiscal\u00eda General de la Naci\u00f3n\" \/>\n<meta property=\"og:description\" content=\"P\u00e1gina oficial de la Fiscal\u00eda General de la Naci\u00f3n \u2013 Colombia. Garantizamos el acceso efectivo a la justicia, la verdad y la reparaci\u00f3n de las v\u00edctimas de los delitos.\" \/>\n<meta property=\"og:url\" content=\"https:\/\/www.fiscalia.gov.co\/colombia\/noticias\/fiscal-general-de-la-nacion-participa-en-debate-sobre-el-marco-juridico-para-la-paz\/\" \/>\n<meta property=\"og:site_name\" content=\"Fiscal\u00eda General de la Naci\u00f3n\" \/>\n<meta property=\"article:publisher\" content=\"https:\/\/www.facebook.com\/FiscaliaCol\" \/>\n<meta property=\"article:published_time\" content=\"2013-05-09T20:29:50+00:00\" \/>\n<meta property=\"article:modified_time\" content=\"2013-05-20T14:29:57+00:00\" \/>\n<meta name=\"author\" content=\"dfgordillo\" \/>\n<meta name=\"twitter:card\" content=\"summary_large_image\" \/>\n<meta name=\"twitter:creator\" content=\"@FiscaliaCol\" \/>\n<meta name=\"twitter:site\" content=\"@FiscaliaCol\" \/>\n<meta name=\"twitter:label1\" content=\"Escrito por\" \/>\n\t<meta name=\"twitter:data1\" content=\"dfgordillo\" \/>\n\t<meta name=\"twitter:label2\" content=\"Tiempo de lectura\" \/>\n\t<meta name=\"twitter:data2\" content=\"3 minutos\" \/>\n<script type=\"application\/ld+json\" class=\"yoast-schema-graph\">{\"@context\":\"https:\/\/schema.org\",\"@graph\":[{\"@type\":\"Article\",\"@id\":\"https:\/\/www.fiscalia.gov.co\/colombia\/noticias\/fiscal-general-de-la-nacion-participa-en-debate-sobre-el-marco-juridico-para-la-paz\/#article\",\"isPartOf\":{\"@id\":\"https:\/\/www.fiscalia.gov.co\/colombia\/noticias\/fiscal-general-de-la-nacion-participa-en-debate-sobre-el-marco-juridico-para-la-paz\/\"},\"author\":{\"name\":\"dfgordillo\",\"@id\":\"https:\/\/www.fiscalia.gov.co\/colombia\/#\/schema\/person\/3903856a3ce2d54b094c69eb29247895\"},\"headline\":\"Fiscal General de la Naci\u00f3n participa en debate sobre el Marco Jur\u00eddico para la Paz\",\"datePublished\":\"2013-05-09T20:29:50+00:00\",\"dateModified\":\"2013-05-20T14:29:57+00:00\",\"mainEntityOfPage\":{\"@id\":\"https:\/\/www.fiscalia.gov.co\/colombia\/noticias\/fiscal-general-de-la-nacion-participa-en-debate-sobre-el-marco-juridico-para-la-paz\/\"},\"wordCount\":691,\"publisher\":{\"@id\":\"https:\/\/www.fiscalia.gov.co\/colombia\/#organization\"},\"keywords\":[\"Fiscal General de la Naci\u00f3n\",\"Marco Jur\u00eddico para la Paz\"],\"articleSection\":[\"Noticias\"],\"inLanguage\":\"es-CO\"},{\"@type\":\"WebPage\",\"@id\":\"https:\/\/www.fiscalia.gov.co\/colombia\/noticias\/fiscal-general-de-la-nacion-participa-en-debate-sobre-el-marco-juridico-para-la-paz\/\",\"url\":\"https:\/\/www.fiscalia.gov.co\/colombia\/noticias\/fiscal-general-de-la-nacion-participa-en-debate-sobre-el-marco-juridico-para-la-paz\/\",\"name\":\"Fiscal\u00eda General de la Naci\u00f3n\",\"isPartOf\":{\"@id\":\"https:\/\/www.fiscalia.gov.co\/colombia\/#website\"},\"datePublished\":\"2013-05-09T20:29:50+00:00\",\"dateModified\":\"2013-05-20T14:29:57+00:00\",\"description\":\"P\u00e1gina oficial de la Fiscal\u00eda General de la Naci\u00f3n \u2013 Colombia. Garantizamos el acceso efectivo a la justicia, la verdad y la reparaci\u00f3n de las v\u00edctimas de los delitos.\",\"breadcrumb\":{\"@id\":\"https:\/\/www.fiscalia.gov.co\/colombia\/noticias\/fiscal-general-de-la-nacion-participa-en-debate-sobre-el-marco-juridico-para-la-paz\/#breadcrumb\"},\"inLanguage\":\"es-CO\",\"potentialAction\":[{\"@type\":\"ReadAction\",\"target\":[\"https:\/\/www.fiscalia.gov.co\/colombia\/noticias\/fiscal-general-de-la-nacion-participa-en-debate-sobre-el-marco-juridico-para-la-paz\/\"]}]},{\"@type\":\"BreadcrumbList\",\"@id\":\"https:\/\/www.fiscalia.gov.co\/colombia\/noticias\/fiscal-general-de-la-nacion-participa-en-debate-sobre-el-marco-juridico-para-la-paz\/#breadcrumb\",\"itemListElement\":[{\"@type\":\"ListItem\",\"position\":1,\"name\":\"Home\",\"item\":\"https:\/\/www.fiscalia.gov.co\/colombia\/\"},{\"@type\":\"ListItem\",\"position\":2,\"name\":\"Fiscal General de la Naci\u00f3n participa en debate sobre el Marco Jur\u00eddico para la Paz\"}]},{\"@type\":\"WebSite\",\"@id\":\"https:\/\/www.fiscalia.gov.co\/colombia\/#website\",\"url\":\"https:\/\/www.fiscalia.gov.co\/colombia\/\",\"name\":\"Fiscal\u00eda General de la Naci\u00f3n\",\"description\":\"P\u00e1gina oficial de la Fiscal\u00eda General de la Naci\u00f3n \u2013 Colombia. Garantizamos el acceso efectivo a la justicia, la verdad y la reparaci\u00f3n de las v\u00edctimas de los delitos.\",\"publisher\":{\"@id\":\"https:\/\/www.fiscalia.gov.co\/colombia\/#organization\"},\"potentialAction\":[{\"@type\":\"SearchAction\",\"target\":{\"@type\":\"EntryPoint\",\"urlTemplate\":\"https:\/\/www.fiscalia.gov.co\/colombia\/?s={search_term_string}\"},\"query-input\":{\"@type\":\"PropertyValueSpecification\",\"valueRequired\":true,\"valueName\":\"search_term_string\"}}],\"inLanguage\":\"es-CO\"},{\"@type\":\"Organization\",\"@id\":\"https:\/\/www.fiscalia.gov.co\/colombia\/#organization\",\"name\":\"Fiscal\u00eda General de la Naci\u00f3n\",\"url\":\"https:\/\/www.fiscalia.gov.co\/colombia\/\",\"logo\":{\"@type\":\"ImageObject\",\"inLanguage\":\"es-CO\",\"@id\":\"https:\/\/www.fiscalia.gov.co\/colombia\/#\/schema\/logo\/image\/\",\"url\":\"https:\/\/www.fiscalia.gov.co\/colombia\/wp-content\/uploads\/LogoHorizontal_1.jpg\",\"contentUrl\":\"https:\/\/www.fiscalia.gov.co\/colombia\/wp-content\/uploads\/LogoHorizontal_1.jpg\",\"width\":300,\"height\":90,\"caption\":\"Fiscal\u00eda General de la Naci\u00f3n\"},\"image\":{\"@id\":\"https:\/\/www.fiscalia.gov.co\/colombia\/#\/schema\/logo\/image\/\"},\"sameAs\":[\"https:\/\/www.facebook.com\/FiscaliaCol\",\"https:\/\/x.com\/FiscaliaCol\",\"https:\/\/www.instagram.com\/fiscaliacol\",\"https:\/\/www.linkedin.com\/company\/fiscalia-general-de-la-naci-n\/\",\"https:\/\/youtube.com\/@fiscaliageneraldelanacion-4668?si=6nN79nyQICPU5iTh\"]},{\"@type\":\"Person\",\"@id\":\"https:\/\/www.fiscalia.gov.co\/colombia\/#\/schema\/person\/3903856a3ce2d54b094c69eb29247895\",\"name\":\"dfgordillo\",\"image\":{\"@type\":\"ImageObject\",\"inLanguage\":\"es-CO\",\"@id\":\"https:\/\/www.fiscalia.gov.co\/colombia\/#\/schema\/person\/image\/\",\"url\":\"https:\/\/secure.gravatar.com\/avatar\/b6356e21c5657c60757fe6fb9493e947?s=96&d=mm&r=g\",\"contentUrl\":\"https:\/\/secure.gravatar.com\/avatar\/b6356e21c5657c60757fe6fb9493e947?s=96&d=mm&r=g\",\"caption\":\"dfgordillo\"},\"sameAs\":[\"dfgordillo\"],\"url\":\"https:\/\/www.fiscalia.gov.co\/colombia\/author\/dfgordillo\/\"}]}<\/script>\n<!-- \/ Yoast SEO plugin. -->","yoast_head_json":{"title":"Fiscal\u00eda General de la Naci\u00f3n","description":"P\u00e1gina oficial de la Fiscal\u00eda General de la Naci\u00f3n \u2013 Colombia. Garantizamos el acceso efectivo a la justicia, la verdad y la reparaci\u00f3n de las v\u00edctimas de los delitos.","robots":{"index":"noindex","follow":"follow"},"og_locale":"es_ES","og_type":"article","og_title":"Fiscal\u00eda General de la Naci\u00f3n","og_description":"P\u00e1gina oficial de la Fiscal\u00eda General de la Naci\u00f3n \u2013 Colombia. Garantizamos el acceso efectivo a la justicia, la verdad y la reparaci\u00f3n de las v\u00edctimas de los delitos.","og_url":"https:\/\/www.fiscalia.gov.co\/colombia\/noticias\/fiscal-general-de-la-nacion-participa-en-debate-sobre-el-marco-juridico-para-la-paz\/","og_site_name":"Fiscal\u00eda General de la Naci\u00f3n","article_publisher":"https:\/\/www.facebook.com\/FiscaliaCol","article_published_time":"2013-05-09T20:29:50+00:00","article_modified_time":"2013-05-20T14:29:57+00:00","author":"dfgordillo","twitter_card":"summary_large_image","twitter_creator":"@FiscaliaCol","twitter_site":"@FiscaliaCol","twitter_misc":{"Escrito por":"dfgordillo","Tiempo de lectura":"3 minutos"},"schema":{"@context":"https:\/\/schema.org","@graph":[{"@type":"Article","@id":"https:\/\/www.fiscalia.gov.co\/colombia\/noticias\/fiscal-general-de-la-nacion-participa-en-debate-sobre-el-marco-juridico-para-la-paz\/#article","isPartOf":{"@id":"https:\/\/www.fiscalia.gov.co\/colombia\/noticias\/fiscal-general-de-la-nacion-participa-en-debate-sobre-el-marco-juridico-para-la-paz\/"},"author":{"name":"dfgordillo","@id":"https:\/\/www.fiscalia.gov.co\/colombia\/#\/schema\/person\/3903856a3ce2d54b094c69eb29247895"},"headline":"Fiscal General de la Naci\u00f3n participa en debate sobre el Marco Jur\u00eddico para la Paz","datePublished":"2013-05-09T20:29:50+00:00","dateModified":"2013-05-20T14:29:57+00:00","mainEntityOfPage":{"@id":"https:\/\/www.fiscalia.gov.co\/colombia\/noticias\/fiscal-general-de-la-nacion-participa-en-debate-sobre-el-marco-juridico-para-la-paz\/"},"wordCount":691,"publisher":{"@id":"https:\/\/www.fiscalia.gov.co\/colombia\/#organization"},"keywords":["Fiscal General de la Naci\u00f3n","Marco Jur\u00eddico para la Paz"],"articleSection":["Noticias"],"inLanguage":"es-CO"},{"@type":"WebPage","@id":"https:\/\/www.fiscalia.gov.co\/colombia\/noticias\/fiscal-general-de-la-nacion-participa-en-debate-sobre-el-marco-juridico-para-la-paz\/","url":"https:\/\/www.fiscalia.gov.co\/colombia\/noticias\/fiscal-general-de-la-nacion-participa-en-debate-sobre-el-marco-juridico-para-la-paz\/","name":"Fiscal\u00eda General de la Naci\u00f3n","isPartOf":{"@id":"https:\/\/www.fiscalia.gov.co\/colombia\/#website"},"datePublished":"2013-05-09T20:29:50+00:00","dateModified":"2013-05-20T14:29:57+00:00","description":"P\u00e1gina oficial de la Fiscal\u00eda General de la Naci\u00f3n \u2013 Colombia. Garantizamos el acceso efectivo a la justicia, la verdad y la reparaci\u00f3n de las v\u00edctimas de los delitos.","breadcrumb":{"@id":"https:\/\/www.fiscalia.gov.co\/colombia\/noticias\/fiscal-general-de-la-nacion-participa-en-debate-sobre-el-marco-juridico-para-la-paz\/#breadcrumb"},"inLanguage":"es-CO","potentialAction":[{"@type":"ReadAction","target":["https:\/\/www.fiscalia.gov.co\/colombia\/noticias\/fiscal-general-de-la-nacion-participa-en-debate-sobre-el-marco-juridico-para-la-paz\/"]}]},{"@type":"BreadcrumbList","@id":"https:\/\/www.fiscalia.gov.co\/colombia\/noticias\/fiscal-general-de-la-nacion-participa-en-debate-sobre-el-marco-juridico-para-la-paz\/#breadcrumb","itemListElement":[{"@type":"ListItem","position":1,"name":"Home","item":"https:\/\/www.fiscalia.gov.co\/colombia\/"},{"@type":"ListItem","position":2,"name":"Fiscal General de la Naci\u00f3n participa en debate sobre el Marco Jur\u00eddico para la Paz"}]},{"@type":"WebSite","@id":"https:\/\/www.fiscalia.gov.co\/colombia\/#website","url":"https:\/\/www.fiscalia.gov.co\/colombia\/","name":"Fiscal\u00eda General de la Naci\u00f3n","description":"P\u00e1gina oficial de la Fiscal\u00eda General de la Naci\u00f3n \u2013 Colombia. Garantizamos el acceso efectivo a la justicia, la verdad y la reparaci\u00f3n de las v\u00edctimas de los delitos.","publisher":{"@id":"https:\/\/www.fiscalia.gov.co\/colombia\/#organization"},"potentialAction":[{"@type":"SearchAction","target":{"@type":"EntryPoint","urlTemplate":"https:\/\/www.fiscalia.gov.co\/colombia\/?s={search_term_string}"},"query-input":{"@type":"PropertyValueSpecification","valueRequired":true,"valueName":"search_term_string"}}],"inLanguage":"es-CO"},{"@type":"Organization","@id":"https:\/\/www.fiscalia.gov.co\/colombia\/#organization","name":"Fiscal\u00eda General de la Naci\u00f3n","url":"https:\/\/www.fiscalia.gov.co\/colombia\/","logo":{"@type":"ImageObject","inLanguage":"es-CO","@id":"https:\/\/www.fiscalia.gov.co\/colombia\/#\/schema\/logo\/image\/","url":"https:\/\/www.fiscalia.gov.co\/colombia\/wp-content\/uploads\/LogoHorizontal_1.jpg","contentUrl":"https:\/\/www.fiscalia.gov.co\/colombia\/wp-content\/uploads\/LogoHorizontal_1.jpg","width":300,"height":90,"caption":"Fiscal\u00eda General de la Naci\u00f3n"},"image":{"@id":"https:\/\/www.fiscalia.gov.co\/colombia\/#\/schema\/logo\/image\/"},"sameAs":["https:\/\/www.facebook.com\/FiscaliaCol","https:\/\/x.com\/FiscaliaCol","https:\/\/www.instagram.com\/fiscaliacol","https:\/\/www.linkedin.com\/company\/fiscalia-general-de-la-naci-n\/","https:\/\/youtube.com\/@fiscaliageneraldelanacion-4668?si=6nN79nyQICPU5iTh"]},{"@type":"Person","@id":"https:\/\/www.fiscalia.gov.co\/colombia\/#\/schema\/person\/3903856a3ce2d54b094c69eb29247895","name":"dfgordillo","image":{"@type":"ImageObject","inLanguage":"es-CO","@id":"https:\/\/www.fiscalia.gov.co\/colombia\/#\/schema\/person\/image\/","url":"https:\/\/secure.gravatar.com\/avatar\/b6356e21c5657c60757fe6fb9493e947?s=96&d=mm&r=g","contentUrl":"https:\/\/secure.gravatar.com\/avatar\/b6356e21c5657c60757fe6fb9493e947?s=96&d=mm&r=g","caption":"dfgordillo"},"sameAs":["dfgordillo"],"url":"https:\/\/www.fiscalia.gov.co\/colombia\/author\/dfgordillo\/"}]}},"_links":{"self":[{"href":"https:\/\/www.fiscalia.gov.co\/colombia\/wp-json\/wp\/v2\/posts\/32835","targetHints":{"allow":["GET"]}}],"collection":[{"href":"https:\/\/www.fiscalia.gov.co\/colombia\/wp-json\/wp\/v2\/posts"}],"about":[{"href":"https:\/\/www.fiscalia.gov.co\/colombia\/wp-json\/wp\/v2\/types\/post"}],"author":[{"embeddable":true,"href":"https:\/\/www.fiscalia.gov.co\/colombia\/wp-json\/wp\/v2\/users\/143"}],"replies":[{"embeddable":true,"href":"https:\/\/www.fiscalia.gov.co\/colombia\/wp-json\/wp\/v2\/comments?post=32835"}],"version-history":[{"count":5,"href":"https:\/\/www.fiscalia.gov.co\/colombia\/wp-json\/wp\/v2\/posts\/32835\/revisions"}],"predecessor-version":[{"id":33193,"href":"https:\/\/www.fiscalia.gov.co\/colombia\/wp-json\/wp\/v2\/posts\/32835\/revisions\/33193"}],"wp:attachment":[{"href":"https:\/\/www.fiscalia.gov.co\/colombia\/wp-json\/wp\/v2\/media?parent=32835"}],"wp:term":[{"taxonomy":"category","embeddable":true,"href":"https:\/\/www.fiscalia.gov.co\/colombia\/wp-json\/wp\/v2\/categories?post=32835"},{"taxonomy":"post_tag","embeddable":true,"href":"https:\/\/www.fiscalia.gov.co\/colombia\/wp-json\/wp\/v2\/tags?post=32835"}],"curies":[{"name":"wp","href":"https:\/\/api.w.org\/{rel}","templated":true}]}}