{"id":328191,"date":"2025-12-04T10:33:31","date_gmt":"2025-12-04T15:33:31","guid":{"rendered":"https:\/\/www.fiscalia.gov.co\/colombia\/?p=328191"},"modified":"2025-12-04T10:33:31","modified_gmt":"2025-12-04T15:33:31","slug":"condenado-a-28-anos-de-prision-hombre-que-acepto-cargos-por-el-crimen-de-sus-padres-en-envigado-antioquia","status":"publish","type":"post","link":"https:\/\/www.fiscalia.gov.co\/colombia\/noticias\/condenado-a-28-anos-de-prision-hombre-que-acepto-cargos-por-el-crimen-de-sus-padres-en-envigado-antioquia\/","title":{"rendered":"Condenado a 28 a\u00f1os de prisi\u00f3n hombre que acept\u00f3 cargos por el crimen  de sus padres en Envigado (Antioquia)"},"content":{"rendered":"<figure id=\"attachment_328193\" aria-describedby=\"caption-attachment-328193\" style=\"width: 300px\" class=\"wp-caption alignleft\"><img loading=\"lazy\" decoding=\"async\" class=\"wp-image-328193 size-medium\" src=\"https:\/\/www.fiscalia.gov.co\/colombia\/wp-content\/uploads\/Foto-del-sentenciado-al-momento-de-su-captura-300x209.jpg\" alt=\"En la imagen se ve a un hombre, identificado como Sebasti\u00e1n Cano Ospina, esposado y vestido con ropa casual, escoltado por dos polic\u00edas uniformados que lo sujetan de los brazos.\" width=\"300\" height=\"209\" srcset=\"https:\/\/www.fiscalia.gov.co\/colombia\/wp-content\/uploads\/Foto-del-sentenciado-al-momento-de-su-captura-300x209.jpg 300w, https:\/\/www.fiscalia.gov.co\/colombia\/wp-content\/uploads\/Foto-del-sentenciado-al-momento-de-su-captura-1024x712.jpg 1024w, https:\/\/www.fiscalia.gov.co\/colombia\/wp-content\/uploads\/Foto-del-sentenciado-al-momento-de-su-captura-768x534.jpg 768w, https:\/\/www.fiscalia.gov.co\/colombia\/wp-content\/uploads\/Foto-del-sentenciado-al-momento-de-su-captura-1536x1068.jpg 1536w, https:\/\/www.fiscalia.gov.co\/colombia\/wp-content\/uploads\/Foto-del-sentenciado-al-momento-de-su-captura-604x420.jpg 604w, https:\/\/www.fiscalia.gov.co\/colombia\/wp-content\/uploads\/Foto-del-sentenciado-al-momento-de-su-captura-696x484.jpg 696w, https:\/\/www.fiscalia.gov.co\/colombia\/wp-content\/uploads\/Foto-del-sentenciado-al-momento-de-su-captura-1068x742.jpg 1068w, https:\/\/www.fiscalia.gov.co\/colombia\/wp-content\/uploads\/Foto-del-sentenciado-al-momento-de-su-captura-100x70.jpg 100w, https:\/\/www.fiscalia.gov.co\/colombia\/wp-content\/uploads\/Foto-del-sentenciado-al-momento-de-su-captura.jpg 1600w\" sizes=\"auto, (max-width: 300px) 100vw, 300px\" \/><figcaption id=\"caption-attachment-328193\" class=\"wp-caption-text\">Sebasti\u00e1n Cano Ospina fue condenado a 28 a\u00f1os y 18 d\u00edas de prisi\u00f3n por el doble homicidio de sus padres en Envigado.<\/figcaption><\/figure>\n<p>Luego de avalar la aceptaci\u00f3n de cargos del procesado <strong>Sebasti\u00e1n Cano Ospina<\/strong>, un <strong>juez de conocimiento<\/strong> de <strong>Envigado (Antioquia)<\/strong> lo conden\u00f3 a 28 a\u00f1os y 18 d\u00edas de prisi\u00f3n por\u00a0 los delitos de <strong>homicidio agravado, hurto calificado y agravado, y acceso abusivo a un sistema inform\u00e1tico.<\/strong><\/p>\n<p>Los hechos investigados ocurrieron la madrugada del 10 de abril de 2024, cuando el hoy sentenciado lleg\u00f3 hasta la vivienda de sus padres ubicada en el<strong> barrio Jardines de Envigado<\/strong> (Antioquia) y los atac\u00f3 con arma cortopuzante porque se negaron a darle dinero.<\/p>\n<p>Las labores investigativas adelantas por servidores de la <strong>Sij\u00edn de la Polic\u00eda Nacional<\/strong> permitieron demostrar que despu\u00e9s del doble homicidio el hombre sali\u00f3 del inmueble en un taxi con los celulares de las v\u00edctimas y la billetera de su progenitor.<\/p>\n<p>Posteriormente, us\u00f3 una de las tarjetas de su padre y sustrajo 9.700.000 pesos. La <strong>Fiscal\u00eda<\/strong> prob\u00f3 adem\u00e1s, que, de ese dinero hizo una transferencia a una tercera persona para que le suministrara estupefacientes y otros servicios.<\/p>\n<p>Horas despu\u00e9s, el hombre fue capturado con orden judicial en un <strong>motel de La Estrella<\/strong> con\u00a0 varias dosis de diferentes\u00a0tipos de estupefacientes.<\/p>\n<p>De acuerdo con el fallo, el <strong>sentenciado<\/strong> deber\u00e1 pagar una multa de 60 salarios m\u00ednimos legales mensuales vigentes para 2024.<\/p>\n<p>&nbsp;<\/p>\n<p>LFML\/JGA\/DSM\/AMCJ\/<\/p>\n<p>&nbsp;<\/p>\n<p><em>La informaci\u00f3n contenida en este bolet\u00edn de\u00a0prensa corresponde a la narraci\u00f3n de\u00a0los hechos noticiosos objetivos, suministrados por los funcionarios encargados de\u00a0adelantar las investigaciones penales al interior de\u00a0la Fiscal\u00eda General de\u00a0la Naci\u00f3n. Para el momento de\u00a0la divulgaci\u00f3n de\u00a0este comunicado, la situaci\u00f3n jur\u00eddica de\u00a0la(s) persona(s) relacionada(s) se\u00a0encuentra pendiente de\u00a0resolver por la autoridad judicial competente, siempre bajo los preceptos de\u00a0la presunci\u00f3n de\u00a0inocencia, consagrados en el art\u00edculo 29 de\u00a0la Constituci\u00f3n Pol\u00edtica y el art\u00edculo 7\u00ba de\u00a0la Ley 906 de\u00a02004.<\/em><\/p>\n\n<div class=\"twitter-share\"><a href=\"https:\/\/twitter.com\/intent\/tweet?via=fiscaliacol\" class=\"twitter-share-button\">Tweet<\/a><\/div>\n","protected":false},"excerpt":{"rendered":"<p>Luego de avalar la aceptaci\u00f3n de cargos del procesado Sebasti\u00e1n Cano Ospina, un juez de conocimiento de Envigado (Antioquia) lo conden\u00f3 a 28 a\u00f1os y 18 d\u00edas de prisi\u00f3n por\u00a0 [&hellip;]<\/p>\n","protected":false},"author":182,"featured_media":0,"comment_status":"closed","ping_status":"open","sticky":false,"template":"","format":"standard","meta":{"tdm_status":"","tdm_grid_status":"","footnotes":""},"categories":[1],"tags":[8974,41424,44387,44386,44381,691,44388,1047,686,7451,44382,44389,44390,44385,44383,44380,30788,44384],"class_list":["post-328191","post","type-post","status-publish","format-standard","category-noticias","tag-acceso-abusivo-a-sistema-informatico","tag-ataque-con-arma-cortopunzante","tag-captura-en-motel-de-la-estrella","tag-compra-de-estupefacientes","tag-condena-28-anos","tag-doble-homicidio","tag-estupefacientes-incautados","tag-fiscalia-general-de-la-nacion","tag-homicidio-agravado","tag-hurto-calificado-y-agravado","tag-jardines-de-envigado","tag-juez-de-conocimiento-envigado","tag-multa-60-salarios-minimos","tag-retiro-de-9-700-000-pesos","tag-robo-de-celulares-y-billetera","tag-sebastian-cano-ospina","tag-sijin-policia-nacional","tag-uso-de-tarjetas-bancarias"],"yoast_head":"<!-- This site is optimized with the Yoast SEO plugin v24.3 - https:\/\/yoast.com\/wordpress\/plugins\/seo\/ -->\n<title>Fiscal\u00eda General de la Naci\u00f3n<\/title>\n<meta name=\"description\" content=\"P\u00e1gina oficial de la Fiscal\u00eda General de la Naci\u00f3n \u2013 Colombia. Garantizamos el acceso efectivo a la justicia, la verdad y la reparaci\u00f3n de las v\u00edctimas de los delitos.\" \/>\n<meta name=\"robots\" content=\"noindex, follow\" \/>\n<meta property=\"og:locale\" content=\"es_ES\" \/>\n<meta property=\"og:type\" content=\"article\" \/>\n<meta property=\"og:title\" content=\"Fiscal\u00eda General de la Naci\u00f3n\" \/>\n<meta property=\"og:description\" content=\"P\u00e1gina oficial de la Fiscal\u00eda General de la Naci\u00f3n \u2013 Colombia. Garantizamos el acceso efectivo a la justicia, la verdad y la reparaci\u00f3n de las v\u00edctimas de los delitos.\" \/>\n<meta property=\"og:url\" content=\"https:\/\/www.fiscalia.gov.co\/colombia\/noticias\/condenado-a-28-anos-de-prision-hombre-que-acepto-cargos-por-el-crimen-de-sus-padres-en-envigado-antioquia\/\" \/>\n<meta property=\"og:site_name\" content=\"Fiscal\u00eda General de la Naci\u00f3n\" \/>\n<meta property=\"article:publisher\" content=\"https:\/\/www.facebook.com\/FiscaliaCol\" \/>\n<meta property=\"article:published_time\" content=\"2025-12-04T15:33:31+00:00\" \/>\n<meta property=\"og:image\" content=\"https:\/\/www.fiscalia.gov.co\/colombia\/wp-content\/uploads\/Foto-del-sentenciado-al-momento-de-su-captura.jpg\" \/>\n\t<meta property=\"og:image:width\" content=\"1600\" \/>\n\t<meta property=\"og:image:height\" content=\"1112\" \/>\n\t<meta property=\"og:image:type\" content=\"image\/jpeg\" \/>\n<meta name=\"author\" content=\"Paula Andrea Castillo Lenis\" \/>\n<meta name=\"twitter:card\" content=\"summary_large_image\" \/>\n<meta name=\"twitter:creator\" content=\"@FiscaliaCol\" \/>\n<meta name=\"twitter:site\" content=\"@FiscaliaCol\" \/>\n<meta name=\"twitter:label1\" content=\"Escrito por\" \/>\n\t<meta name=\"twitter:data1\" content=\"Paula Andrea Castillo Lenis\" \/>\n\t<meta name=\"twitter:label2\" content=\"Tiempo de lectura\" \/>\n\t<meta name=\"twitter:data2\" content=\"2 minutos\" \/>\n<script type=\"application\/ld+json\" class=\"yoast-schema-graph\">{\"@context\":\"https:\/\/schema.org\",\"@graph\":[{\"@type\":\"Article\",\"@id\":\"https:\/\/www.fiscalia.gov.co\/colombia\/noticias\/condenado-a-28-anos-de-prision-hombre-que-acepto-cargos-por-el-crimen-de-sus-padres-en-envigado-antioquia\/#article\",\"isPartOf\":{\"@id\":\"https:\/\/www.fiscalia.gov.co\/colombia\/noticias\/condenado-a-28-anos-de-prision-hombre-que-acepto-cargos-por-el-crimen-de-sus-padres-en-envigado-antioquia\/\"},\"author\":{\"name\":\"Paula Andrea Castillo Lenis\",\"@id\":\"https:\/\/www.fiscalia.gov.co\/colombia\/#\/schema\/person\/66c172905e0492f1de6bbe5f93c4668f\"},\"headline\":\"Condenado a 28 a\u00f1os de prisi\u00f3n hombre que acept\u00f3 cargos por el crimen de sus padres en Envigado (Antioquia)\",\"datePublished\":\"2025-12-04T15:33:31+00:00\",\"dateModified\":\"2025-12-04T15:33:31+00:00\",\"mainEntityOfPage\":{\"@id\":\"https:\/\/www.fiscalia.gov.co\/colombia\/noticias\/condenado-a-28-anos-de-prision-hombre-que-acepto-cargos-por-el-crimen-de-sus-padres-en-envigado-antioquia\/\"},\"wordCount\":374,\"publisher\":{\"@id\":\"https:\/\/www.fiscalia.gov.co\/colombia\/#organization\"},\"image\":{\"@id\":\"https:\/\/www.fiscalia.gov.co\/colombia\/noticias\/condenado-a-28-anos-de-prision-hombre-que-acepto-cargos-por-el-crimen-de-sus-padres-en-envigado-antioquia\/#primaryimage\"},\"thumbnailUrl\":\"https:\/\/www.fiscalia.gov.co\/colombia\/wp-content\/uploads\/Foto-del-sentenciado-al-momento-de-su-captura-300x209.jpg\",\"keywords\":[\"Acceso abusivo a sistema inform\u00e1tico\",\"ataque con arma cortopunzante\",\"captura en motel de La Estrella\",\"compra de estupefacientes\",\"condena 28 a\u00f1os\",\"Doble homicidio\",\"estupefacientes incautados\",\"Fiscal\u00eda General de la Naci\u00f3n\",\"Homicidio agravado\",\"hurto calificado y agravado\",\"Jardines de Envigado\",\"juez de conocimiento Envigado\",\"multa 60 salarios m\u00ednimos\",\"retiro de 9.700.000 pesos\",\"robo de celulares y billetera\",\"Sebasti\u00e1n Cano Ospina\",\"Sij\u00edn Polic\u00eda Nacional\",\"uso de tarjetas bancarias\"],\"articleSection\":[\"Noticias\"],\"inLanguage\":\"es-CO\"},{\"@type\":\"WebPage\",\"@id\":\"https:\/\/www.fiscalia.gov.co\/colombia\/noticias\/condenado-a-28-anos-de-prision-hombre-que-acepto-cargos-por-el-crimen-de-sus-padres-en-envigado-antioquia\/\",\"url\":\"https:\/\/www.fiscalia.gov.co\/colombia\/noticias\/condenado-a-28-anos-de-prision-hombre-que-acepto-cargos-por-el-crimen-de-sus-padres-en-envigado-antioquia\/\",\"name\":\"Fiscal\u00eda General de la Naci\u00f3n\",\"isPartOf\":{\"@id\":\"https:\/\/www.fiscalia.gov.co\/colombia\/#website\"},\"primaryImageOfPage\":{\"@id\":\"https:\/\/www.fiscalia.gov.co\/colombia\/noticias\/condenado-a-28-anos-de-prision-hombre-que-acepto-cargos-por-el-crimen-de-sus-padres-en-envigado-antioquia\/#primaryimage\"},\"image\":{\"@id\":\"https:\/\/www.fiscalia.gov.co\/colombia\/noticias\/condenado-a-28-anos-de-prision-hombre-que-acepto-cargos-por-el-crimen-de-sus-padres-en-envigado-antioquia\/#primaryimage\"},\"thumbnailUrl\":\"https:\/\/www.fiscalia.gov.co\/colombia\/wp-content\/uploads\/Foto-del-sentenciado-al-momento-de-su-captura-300x209.jpg\",\"datePublished\":\"2025-12-04T15:33:31+00:00\",\"dateModified\":\"2025-12-04T15:33:31+00:00\",\"description\":\"P\u00e1gina oficial de la Fiscal\u00eda General de la Naci\u00f3n \u2013 Colombia. Garantizamos el acceso efectivo a la justicia, la verdad y la reparaci\u00f3n de las v\u00edctimas de los delitos.\",\"breadcrumb\":{\"@id\":\"https:\/\/www.fiscalia.gov.co\/colombia\/noticias\/condenado-a-28-anos-de-prision-hombre-que-acepto-cargos-por-el-crimen-de-sus-padres-en-envigado-antioquia\/#breadcrumb\"},\"inLanguage\":\"es-CO\",\"potentialAction\":[{\"@type\":\"ReadAction\",\"target\":[\"https:\/\/www.fiscalia.gov.co\/colombia\/noticias\/condenado-a-28-anos-de-prision-hombre-que-acepto-cargos-por-el-crimen-de-sus-padres-en-envigado-antioquia\/\"]}]},{\"@type\":\"ImageObject\",\"inLanguage\":\"es-CO\",\"@id\":\"https:\/\/www.fiscalia.gov.co\/colombia\/noticias\/condenado-a-28-anos-de-prision-hombre-que-acepto-cargos-por-el-crimen-de-sus-padres-en-envigado-antioquia\/#primaryimage\",\"url\":\"https:\/\/www.fiscalia.gov.co\/colombia\/wp-content\/uploads\/Foto-del-sentenciado-al-momento-de-su-captura.jpg\",\"contentUrl\":\"https:\/\/www.fiscalia.gov.co\/colombia\/wp-content\/uploads\/Foto-del-sentenciado-al-momento-de-su-captura.jpg\",\"width\":1600,\"height\":1112,\"caption\":\"Sebasti\u00e1n Cano Ospina fue condenado a 28 a\u00f1os y 18 d\u00edas de prisi\u00f3n por el doble homicidio de sus padres en Envigado.\"},{\"@type\":\"BreadcrumbList\",\"@id\":\"https:\/\/www.fiscalia.gov.co\/colombia\/noticias\/condenado-a-28-anos-de-prision-hombre-que-acepto-cargos-por-el-crimen-de-sus-padres-en-envigado-antioquia\/#breadcrumb\",\"itemListElement\":[{\"@type\":\"ListItem\",\"position\":1,\"name\":\"Home\",\"item\":\"https:\/\/www.fiscalia.gov.co\/colombia\/\"},{\"@type\":\"ListItem\",\"position\":2,\"name\":\"Condenado a 28 a\u00f1os de prisi\u00f3n hombre que acept\u00f3 cargos por el crimen de sus padres en Envigado (Antioquia)\"}]},{\"@type\":\"WebSite\",\"@id\":\"https:\/\/www.fiscalia.gov.co\/colombia\/#website\",\"url\":\"https:\/\/www.fiscalia.gov.co\/colombia\/\",\"name\":\"Fiscal\u00eda General de la Naci\u00f3n\",\"description\":\"P\u00e1gina oficial de la Fiscal\u00eda General de la Naci\u00f3n \u2013 Colombia. Garantizamos el acceso efectivo a la justicia, la verdad y la reparaci\u00f3n de las v\u00edctimas de los delitos.\",\"publisher\":{\"@id\":\"https:\/\/www.fiscalia.gov.co\/colombia\/#organization\"},\"potentialAction\":[{\"@type\":\"SearchAction\",\"target\":{\"@type\":\"EntryPoint\",\"urlTemplate\":\"https:\/\/www.fiscalia.gov.co\/colombia\/?s={search_term_string}\"},\"query-input\":{\"@type\":\"PropertyValueSpecification\",\"valueRequired\":true,\"valueName\":\"search_term_string\"}}],\"inLanguage\":\"es-CO\"},{\"@type\":\"Organization\",\"@id\":\"https:\/\/www.fiscalia.gov.co\/colombia\/#organization\",\"name\":\"Fiscal\u00eda General de la Naci\u00f3n\",\"url\":\"https:\/\/www.fiscalia.gov.co\/colombia\/\",\"logo\":{\"@type\":\"ImageObject\",\"inLanguage\":\"es-CO\",\"@id\":\"https:\/\/www.fiscalia.gov.co\/colombia\/#\/schema\/logo\/image\/\",\"url\":\"https:\/\/www.fiscalia.gov.co\/colombia\/wp-content\/uploads\/LogoHorizontal_1.jpg\",\"contentUrl\":\"https:\/\/www.fiscalia.gov.co\/colombia\/wp-content\/uploads\/LogoHorizontal_1.jpg\",\"width\":300,\"height\":90,\"caption\":\"Fiscal\u00eda General de la Naci\u00f3n\"},\"image\":{\"@id\":\"https:\/\/www.fiscalia.gov.co\/colombia\/#\/schema\/logo\/image\/\"},\"sameAs\":[\"https:\/\/www.facebook.com\/FiscaliaCol\",\"https:\/\/x.com\/FiscaliaCol\",\"https:\/\/www.instagram.com\/fiscaliacol\",\"https:\/\/www.linkedin.com\/company\/fiscalia-general-de-la-naci-n\/\",\"https:\/\/youtube.com\/@fiscaliageneraldelanacion-4668?si=6nN79nyQICPU5iTh\"]},{\"@type\":\"Person\",\"@id\":\"https:\/\/www.fiscalia.gov.co\/colombia\/#\/schema\/person\/66c172905e0492f1de6bbe5f93c4668f\",\"name\":\"Paula Andrea Castillo Lenis\",\"image\":{\"@type\":\"ImageObject\",\"inLanguage\":\"es-CO\",\"@id\":\"https:\/\/www.fiscalia.gov.co\/colombia\/#\/schema\/person\/image\/\",\"url\":\"https:\/\/secure.gravatar.com\/avatar\/cb060d9561f2947c4102d1825739f868?s=96&d=mm&r=g\",\"contentUrl\":\"https:\/\/secure.gravatar.com\/avatar\/cb060d9561f2947c4102d1825739f868?s=96&d=mm&r=g\",\"caption\":\"Paula Andrea Castillo Lenis\"},\"url\":\"https:\/\/www.fiscalia.gov.co\/colombia\/author\/paula-castillo\/\"}]}<\/script>\n<!-- \/ Yoast SEO plugin. -->","yoast_head_json":{"title":"Fiscal\u00eda General de la Naci\u00f3n","description":"P\u00e1gina oficial de la Fiscal\u00eda General de la Naci\u00f3n \u2013 Colombia. Garantizamos el acceso efectivo a la justicia, la verdad y la reparaci\u00f3n de las v\u00edctimas de los delitos.","robots":{"index":"noindex","follow":"follow"},"og_locale":"es_ES","og_type":"article","og_title":"Fiscal\u00eda General de la Naci\u00f3n","og_description":"P\u00e1gina oficial de la Fiscal\u00eda General de la Naci\u00f3n \u2013 Colombia. Garantizamos el acceso efectivo a la justicia, la verdad y la reparaci\u00f3n de las v\u00edctimas de los delitos.","og_url":"https:\/\/www.fiscalia.gov.co\/colombia\/noticias\/condenado-a-28-anos-de-prision-hombre-que-acepto-cargos-por-el-crimen-de-sus-padres-en-envigado-antioquia\/","og_site_name":"Fiscal\u00eda General de la Naci\u00f3n","article_publisher":"https:\/\/www.facebook.com\/FiscaliaCol","article_published_time":"2025-12-04T15:33:31+00:00","og_image":[{"width":1600,"height":1112,"url":"https:\/\/www.fiscalia.gov.co\/colombia\/wp-content\/uploads\/Foto-del-sentenciado-al-momento-de-su-captura.jpg","type":"image\/jpeg"}],"author":"Paula Andrea Castillo Lenis","twitter_card":"summary_large_image","twitter_creator":"@FiscaliaCol","twitter_site":"@FiscaliaCol","twitter_misc":{"Escrito por":"Paula Andrea Castillo Lenis","Tiempo de lectura":"2 minutos"},"schema":{"@context":"https:\/\/schema.org","@graph":[{"@type":"Article","@id":"https:\/\/www.fiscalia.gov.co\/colombia\/noticias\/condenado-a-28-anos-de-prision-hombre-que-acepto-cargos-por-el-crimen-de-sus-padres-en-envigado-antioquia\/#article","isPartOf":{"@id":"https:\/\/www.fiscalia.gov.co\/colombia\/noticias\/condenado-a-28-anos-de-prision-hombre-que-acepto-cargos-por-el-crimen-de-sus-padres-en-envigado-antioquia\/"},"author":{"name":"Paula Andrea Castillo Lenis","@id":"https:\/\/www.fiscalia.gov.co\/colombia\/#\/schema\/person\/66c172905e0492f1de6bbe5f93c4668f"},"headline":"Condenado a 28 a\u00f1os de prisi\u00f3n hombre que acept\u00f3 cargos por el crimen de sus padres en Envigado (Antioquia)","datePublished":"2025-12-04T15:33:31+00:00","dateModified":"2025-12-04T15:33:31+00:00","mainEntityOfPage":{"@id":"https:\/\/www.fiscalia.gov.co\/colombia\/noticias\/condenado-a-28-anos-de-prision-hombre-que-acepto-cargos-por-el-crimen-de-sus-padres-en-envigado-antioquia\/"},"wordCount":374,"publisher":{"@id":"https:\/\/www.fiscalia.gov.co\/colombia\/#organization"},"image":{"@id":"https:\/\/www.fiscalia.gov.co\/colombia\/noticias\/condenado-a-28-anos-de-prision-hombre-que-acepto-cargos-por-el-crimen-de-sus-padres-en-envigado-antioquia\/#primaryimage"},"thumbnailUrl":"https:\/\/www.fiscalia.gov.co\/colombia\/wp-content\/uploads\/Foto-del-sentenciado-al-momento-de-su-captura-300x209.jpg","keywords":["Acceso abusivo a sistema inform\u00e1tico","ataque con arma cortopunzante","captura en motel de La Estrella","compra de estupefacientes","condena 28 a\u00f1os","Doble homicidio","estupefacientes incautados","Fiscal\u00eda General de la Naci\u00f3n","Homicidio agravado","hurto calificado y agravado","Jardines de Envigado","juez de conocimiento Envigado","multa 60 salarios m\u00ednimos","retiro de 9.700.000 pesos","robo de celulares y billetera","Sebasti\u00e1n Cano Ospina","Sij\u00edn Polic\u00eda Nacional","uso de tarjetas bancarias"],"articleSection":["Noticias"],"inLanguage":"es-CO"},{"@type":"WebPage","@id":"https:\/\/www.fiscalia.gov.co\/colombia\/noticias\/condenado-a-28-anos-de-prision-hombre-que-acepto-cargos-por-el-crimen-de-sus-padres-en-envigado-antioquia\/","url":"https:\/\/www.fiscalia.gov.co\/colombia\/noticias\/condenado-a-28-anos-de-prision-hombre-que-acepto-cargos-por-el-crimen-de-sus-padres-en-envigado-antioquia\/","name":"Fiscal\u00eda General de la Naci\u00f3n","isPartOf":{"@id":"https:\/\/www.fiscalia.gov.co\/colombia\/#website"},"primaryImageOfPage":{"@id":"https:\/\/www.fiscalia.gov.co\/colombia\/noticias\/condenado-a-28-anos-de-prision-hombre-que-acepto-cargos-por-el-crimen-de-sus-padres-en-envigado-antioquia\/#primaryimage"},"image":{"@id":"https:\/\/www.fiscalia.gov.co\/colombia\/noticias\/condenado-a-28-anos-de-prision-hombre-que-acepto-cargos-por-el-crimen-de-sus-padres-en-envigado-antioquia\/#primaryimage"},"thumbnailUrl":"https:\/\/www.fiscalia.gov.co\/colombia\/wp-content\/uploads\/Foto-del-sentenciado-al-momento-de-su-captura-300x209.jpg","datePublished":"2025-12-04T15:33:31+00:00","dateModified":"2025-12-04T15:33:31+00:00","description":"P\u00e1gina oficial de la Fiscal\u00eda General de la Naci\u00f3n \u2013 Colombia. Garantizamos el acceso efectivo a la justicia, la verdad y la reparaci\u00f3n de las v\u00edctimas de los delitos.","breadcrumb":{"@id":"https:\/\/www.fiscalia.gov.co\/colombia\/noticias\/condenado-a-28-anos-de-prision-hombre-que-acepto-cargos-por-el-crimen-de-sus-padres-en-envigado-antioquia\/#breadcrumb"},"inLanguage":"es-CO","potentialAction":[{"@type":"ReadAction","target":["https:\/\/www.fiscalia.gov.co\/colombia\/noticias\/condenado-a-28-anos-de-prision-hombre-que-acepto-cargos-por-el-crimen-de-sus-padres-en-envigado-antioquia\/"]}]},{"@type":"ImageObject","inLanguage":"es-CO","@id":"https:\/\/www.fiscalia.gov.co\/colombia\/noticias\/condenado-a-28-anos-de-prision-hombre-que-acepto-cargos-por-el-crimen-de-sus-padres-en-envigado-antioquia\/#primaryimage","url":"https:\/\/www.fiscalia.gov.co\/colombia\/wp-content\/uploads\/Foto-del-sentenciado-al-momento-de-su-captura.jpg","contentUrl":"https:\/\/www.fiscalia.gov.co\/colombia\/wp-content\/uploads\/Foto-del-sentenciado-al-momento-de-su-captura.jpg","width":1600,"height":1112,"caption":"Sebasti\u00e1n Cano Ospina fue condenado a 28 a\u00f1os y 18 d\u00edas de prisi\u00f3n por el doble homicidio de sus padres en Envigado."},{"@type":"BreadcrumbList","@id":"https:\/\/www.fiscalia.gov.co\/colombia\/noticias\/condenado-a-28-anos-de-prision-hombre-que-acepto-cargos-por-el-crimen-de-sus-padres-en-envigado-antioquia\/#breadcrumb","itemListElement":[{"@type":"ListItem","position":1,"name":"Home","item":"https:\/\/www.fiscalia.gov.co\/colombia\/"},{"@type":"ListItem","position":2,"name":"Condenado a 28 a\u00f1os de prisi\u00f3n hombre que acept\u00f3 cargos por el crimen de sus padres en Envigado (Antioquia)"}]},{"@type":"WebSite","@id":"https:\/\/www.fiscalia.gov.co\/colombia\/#website","url":"https:\/\/www.fiscalia.gov.co\/colombia\/","name":"Fiscal\u00eda General de la Naci\u00f3n","description":"P\u00e1gina oficial de la Fiscal\u00eda General de la Naci\u00f3n \u2013 Colombia. Garantizamos el acceso efectivo a la justicia, la verdad y la reparaci\u00f3n de las v\u00edctimas de los delitos.","publisher":{"@id":"https:\/\/www.fiscalia.gov.co\/colombia\/#organization"},"potentialAction":[{"@type":"SearchAction","target":{"@type":"EntryPoint","urlTemplate":"https:\/\/www.fiscalia.gov.co\/colombia\/?s={search_term_string}"},"query-input":{"@type":"PropertyValueSpecification","valueRequired":true,"valueName":"search_term_string"}}],"inLanguage":"es-CO"},{"@type":"Organization","@id":"https:\/\/www.fiscalia.gov.co\/colombia\/#organization","name":"Fiscal\u00eda General de la Naci\u00f3n","url":"https:\/\/www.fiscalia.gov.co\/colombia\/","logo":{"@type":"ImageObject","inLanguage":"es-CO","@id":"https:\/\/www.fiscalia.gov.co\/colombia\/#\/schema\/logo\/image\/","url":"https:\/\/www.fiscalia.gov.co\/colombia\/wp-content\/uploads\/LogoHorizontal_1.jpg","contentUrl":"https:\/\/www.fiscalia.gov.co\/colombia\/wp-content\/uploads\/LogoHorizontal_1.jpg","width":300,"height":90,"caption":"Fiscal\u00eda General de la Naci\u00f3n"},"image":{"@id":"https:\/\/www.fiscalia.gov.co\/colombia\/#\/schema\/logo\/image\/"},"sameAs":["https:\/\/www.facebook.com\/FiscaliaCol","https:\/\/x.com\/FiscaliaCol","https:\/\/www.instagram.com\/fiscaliacol","https:\/\/www.linkedin.com\/company\/fiscalia-general-de-la-naci-n\/","https:\/\/youtube.com\/@fiscaliageneraldelanacion-4668?si=6nN79nyQICPU5iTh"]},{"@type":"Person","@id":"https:\/\/www.fiscalia.gov.co\/colombia\/#\/schema\/person\/66c172905e0492f1de6bbe5f93c4668f","name":"Paula Andrea Castillo Lenis","image":{"@type":"ImageObject","inLanguage":"es-CO","@id":"https:\/\/www.fiscalia.gov.co\/colombia\/#\/schema\/person\/image\/","url":"https:\/\/secure.gravatar.com\/avatar\/cb060d9561f2947c4102d1825739f868?s=96&d=mm&r=g","contentUrl":"https:\/\/secure.gravatar.com\/avatar\/cb060d9561f2947c4102d1825739f868?s=96&d=mm&r=g","caption":"Paula Andrea Castillo Lenis"},"url":"https:\/\/www.fiscalia.gov.co\/colombia\/author\/paula-castillo\/"}]}},"_links":{"self":[{"href":"https:\/\/www.fiscalia.gov.co\/colombia\/wp-json\/wp\/v2\/posts\/328191","targetHints":{"allow":["GET"]}}],"collection":[{"href":"https:\/\/www.fiscalia.gov.co\/colombia\/wp-json\/wp\/v2\/posts"}],"about":[{"href":"https:\/\/www.fiscalia.gov.co\/colombia\/wp-json\/wp\/v2\/types\/post"}],"author":[{"embeddable":true,"href":"https:\/\/www.fiscalia.gov.co\/colombia\/wp-json\/wp\/v2\/users\/182"}],"replies":[{"embeddable":true,"href":"https:\/\/www.fiscalia.gov.co\/colombia\/wp-json\/wp\/v2\/comments?post=328191"}],"version-history":[{"count":1,"href":"https:\/\/www.fiscalia.gov.co\/colombia\/wp-json\/wp\/v2\/posts\/328191\/revisions"}],"predecessor-version":[{"id":328194,"href":"https:\/\/www.fiscalia.gov.co\/colombia\/wp-json\/wp\/v2\/posts\/328191\/revisions\/328194"}],"wp:attachment":[{"href":"https:\/\/www.fiscalia.gov.co\/colombia\/wp-json\/wp\/v2\/media?parent=328191"}],"wp:term":[{"taxonomy":"category","embeddable":true,"href":"https:\/\/www.fiscalia.gov.co\/colombia\/wp-json\/wp\/v2\/categories?post=328191"},{"taxonomy":"post_tag","embeddable":true,"href":"https:\/\/www.fiscalia.gov.co\/colombia\/wp-json\/wp\/v2\/tags?post=328191"}],"curies":[{"name":"wp","href":"https:\/\/api.w.org\/{rel}","templated":true}]}}