{"id":328081,"date":"2025-12-02T15:27:11","date_gmt":"2025-12-02T20:27:11","guid":{"rendered":"https:\/\/www.fiscalia.gov.co\/colombia\/?p=328081"},"modified":"2025-12-02T15:27:11","modified_gmt":"2025-12-02T20:27:11","slug":"presunto-responsable-de-abusar-sexualmente-y-causarle-la-muerte-a-una-mujer-en-bogota-debera-cumplir-medida-de-aseguramiento-en-centro-carcelario","status":"publish","type":"post","link":"https:\/\/www.fiscalia.gov.co\/colombia\/noticias\/presunto-responsable-de-abusar-sexualmente-y-causarle-la-muerte-a-una-mujer-en-bogota-debera-cumplir-medida-de-aseguramiento-en-centro-carcelario\/","title":{"rendered":"Presunto responsable de abusar sexualmente y causarle la muerte a una mujer en Bogot\u00e1 deber\u00e1 cumplir medida de aseguramiento en centro carcelario"},"content":{"rendered":"<blockquote>\n<h4><em>La v\u00edctima habr\u00eda sido enga\u00f1ada con una supuesta oferta laboral como modelo por medios virtuales y citada en una zona boscosa. Al se\u00f1alado agresor se le atribuyen otros 16 eventos delictivos similares en los que hizo ofrecimiento laborales falsos a jovenes para someterlas sexualmente y robarles sus pertenencias. <\/em><\/h4>\n<\/blockquote>\n<p>La <strong>Fiscal\u00eda General de la Naci\u00f3n<\/strong> identific\u00f3 a Kardyn Daniel Montilla Baquero como el presunto responsable del abuso sexual y posterior crimen de una mujer, cuyo cuerpo fue hallado en una zona boscosa de la l<strong>ocalidad de Ciudad Bol\u00edvar<\/strong>, en el sur de Bogot\u00e1, el 8 de noviembre de 2024.<\/p>\n<p>La v\u00edctima habr\u00eda sido citada por el procesado para atender una supuesta entrevista laboral como modelo por plataformas virtuales. Sin embargo, al llegar al punto indicado fue sometida a <strong>distintos vej\u00e1menes sexuales, golpeada y asfixiada. \u00a0<\/strong><\/p>\n<p>Las actividades de polic\u00eda judicial realizadas por el <strong>Cuerpo T\u00e9cnico de Investigaci\u00f3n (CTI)<\/strong> permitieron detectar un posible patr\u00f3n de comportamiento de Montilla Baquero. Al parecer, captaba a j\u00f3venes con<strong> falsas ofertas de trabajo<\/strong>, a algunas las violentaba sexualmente y les robaba las pertenencias, mientras que otras eran fotografiadas y posteriormente extorsionadas para no publicar los registros.<\/p>\n<p>En ese sentido, una fiscal de la <strong>Unidad de Vida de la Seccional Bogot\u00e1<\/strong> le imput\u00f3 los delitos de feminicidio agravado, acceso carnal violento, hurto calificado, extorsi\u00f3n, acceso abusivo a un sistema inform\u00e1tico y falsedad personal. Los cargos no fueron aceptados por el procesados, quien deber\u00e1 cumplir <strong>medida de aseguramiento en establecimiento carcelario.<\/strong><\/p>\n<p>Recientemente, Montilla Baquero, de nacionalidad venezolana, fue judicializado por otros 16 eventos delictivos que estar\u00edan relacionados con su <strong>modalidad de enga\u00f1o y agresi\u00f3n a las mujeres.\u00a0\u00a0\u00a0\u00a0\u00a0\u00a0\u00a0\u00a0\u00a0\u00a0\u00a0\u00a0\u00a0\u00a0\u00a0\u00a0\u00a0\u00a0\u00a0\u00a0\u00a0\u00a0\u00a0\u00a0\u00a0\u00a0\u00a0 \u00a0\u00a0\u00a0\u00a0\u00a0\u00a0\u00a0\u00a0\u00a0\u00a0\u00a0\u00a0\u00a0\u00a0\u00a0\u00a0\u00a0\u00a0\u00a0\u00a0\u00a0\u00a0\u00a0\u00a0\u00a0\u00a0\u00a0\u00a0\u00a0\u00a0\u00a0\u00a0\u00a0\u00a0<\/strong><\/p>\n<p>LMBG\/AMCJ\/JARG\/JESM\/SFB\/<\/p>\n<p>&nbsp;<\/p>\n<p>&nbsp;<\/p>\n<p><em>La informaci\u00f3n contenida en este bolet\u00edn de prensa corresponde a la narraci\u00f3n de los hechos noticiosos objetivos, suministrados por los funcionarios encargados de adelantar las investigaciones penales al interior de la Fiscal\u00eda General de la Naci\u00f3n. Para el momento de la divulgaci\u00f3n de este comunicado, la situaci\u00f3n jur\u00eddica de la(s) persona(s) relacionada(s) se encuentra pendiente de resolver por la autoridad judicial competente, siempre bajo los preceptos de la presunci\u00f3n de inocencia, consagrados en el art\u00edculo 29 de la Constituci\u00f3n Pol\u00edtica y el art\u00edculo 7\u00ba de la Ley 906 de 2004.<\/em><\/p>\n\n<div class=\"twitter-share\"><a href=\"https:\/\/twitter.com\/intent\/tweet?via=fiscaliacol\" class=\"twitter-share-button\">Tweet<\/a><\/div>\n","protected":false},"excerpt":{"rendered":"<p>La v\u00edctima habr\u00eda sido enga\u00f1ada con una supuesta oferta laboral como modelo por medios virtuales y citada en una zona boscosa. Al se\u00f1alado agresor se le atribuyen otros 16 eventos [&hellip;]<\/p>\n","protected":false},"author":182,"featured_media":0,"comment_status":"closed","ping_status":"open","sticky":false,"template":"","format":"standard","meta":{"tdm_status":"","tdm_grid_status":"","footnotes":""},"categories":[1],"tags":[801,8974,23966,2622,23821,44322,4998,16284,45,25012,44325,24417,871,40858,12428,13442,1047,44323,2408,44324,1185,44320,25033,44321,26408,3417,24468,426],"class_list":["post-328081","post","type-post","status-publish","format-standard","category-noticias","tag-abuso-sexual","tag-acceso-abusivo-a-sistema-informatico","tag-acceso-carnal-violento","tag-asfixia","tag-bogota","tag-captacion-de-mujeres","tag-ciudad-bolivar","tag-crimen","tag-cti","tag-cuerpo-tecnico-de-investigacion","tag-delitos-seriales","tag-establecimiento-carcelario","tag-extorion","tag-falsa-oferta-laboral","tag-falsedad-personal","tag-feminicidio","tag-fiscalia-general-de-la-nacion","tag-fotografias-ilicitas","tag-hurto-calificado","tag-kardyn-daniel-montilla-baquero","tag-medida-de-aseguramiento","tag-modelo-virtual","tag-nacionalidad-venezolana","tag-patron-criminal","tag-seccional-bogota","tag-unidad-de-vida","tag-vejamenes-sexuales","tag-violencia-contra-la-mujer"],"yoast_head":"<!-- This site is optimized with the Yoast SEO plugin v24.3 - https:\/\/yoast.com\/wordpress\/plugins\/seo\/ -->\n<title>Fiscal\u00eda General de la Naci\u00f3n<\/title>\n<meta name=\"description\" content=\"P\u00e1gina oficial de la Fiscal\u00eda General de la Naci\u00f3n \u2013 Colombia. Garantizamos el acceso efectivo a la justicia, la verdad y la reparaci\u00f3n de las v\u00edctimas de los delitos.\" \/>\n<meta name=\"robots\" content=\"noindex, follow\" \/>\n<meta property=\"og:locale\" content=\"es_ES\" \/>\n<meta property=\"og:type\" content=\"article\" \/>\n<meta property=\"og:title\" content=\"Fiscal\u00eda General de la Naci\u00f3n\" \/>\n<meta property=\"og:description\" content=\"P\u00e1gina oficial de la Fiscal\u00eda General de la Naci\u00f3n \u2013 Colombia. Garantizamos el acceso efectivo a la justicia, la verdad y la reparaci\u00f3n de las v\u00edctimas de los delitos.\" \/>\n<meta property=\"og:url\" content=\"https:\/\/www.fiscalia.gov.co\/colombia\/noticias\/presunto-responsable-de-abusar-sexualmente-y-causarle-la-muerte-a-una-mujer-en-bogota-debera-cumplir-medida-de-aseguramiento-en-centro-carcelario\/\" \/>\n<meta property=\"og:site_name\" content=\"Fiscal\u00eda General de la Naci\u00f3n\" \/>\n<meta property=\"article:publisher\" content=\"https:\/\/www.facebook.com\/FiscaliaCol\" \/>\n<meta property=\"article:published_time\" content=\"2025-12-02T20:27:11+00:00\" \/>\n<meta name=\"author\" content=\"Paula Andrea Castillo Lenis\" \/>\n<meta name=\"twitter:card\" content=\"summary_large_image\" \/>\n<meta name=\"twitter:creator\" content=\"@FiscaliaCol\" \/>\n<meta name=\"twitter:site\" content=\"@FiscaliaCol\" \/>\n<meta name=\"twitter:label1\" content=\"Escrito por\" \/>\n\t<meta name=\"twitter:data1\" content=\"Paula Andrea Castillo Lenis\" \/>\n\t<meta name=\"twitter:label2\" content=\"Tiempo de lectura\" \/>\n\t<meta name=\"twitter:data2\" content=\"2 minutos\" \/>\n<script type=\"application\/ld+json\" class=\"yoast-schema-graph\">{\"@context\":\"https:\/\/schema.org\",\"@graph\":[{\"@type\":\"Article\",\"@id\":\"https:\/\/www.fiscalia.gov.co\/colombia\/noticias\/presunto-responsable-de-abusar-sexualmente-y-causarle-la-muerte-a-una-mujer-en-bogota-debera-cumplir-medida-de-aseguramiento-en-centro-carcelario\/#article\",\"isPartOf\":{\"@id\":\"https:\/\/www.fiscalia.gov.co\/colombia\/noticias\/presunto-responsable-de-abusar-sexualmente-y-causarle-la-muerte-a-una-mujer-en-bogota-debera-cumplir-medida-de-aseguramiento-en-centro-carcelario\/\"},\"author\":{\"name\":\"Paula Andrea Castillo Lenis\",\"@id\":\"https:\/\/www.fiscalia.gov.co\/colombia\/#\/schema\/person\/66c172905e0492f1de6bbe5f93c4668f\"},\"headline\":\"Presunto responsable de abusar sexualmente y causarle la muerte a una mujer en Bogot\u00e1 deber\u00e1 cumplir medida de aseguramiento en centro carcelario\",\"datePublished\":\"2025-12-02T20:27:11+00:00\",\"dateModified\":\"2025-12-02T20:27:11+00:00\",\"mainEntityOfPage\":{\"@id\":\"https:\/\/www.fiscalia.gov.co\/colombia\/noticias\/presunto-responsable-de-abusar-sexualmente-y-causarle-la-muerte-a-una-mujer-en-bogota-debera-cumplir-medida-de-aseguramiento-en-centro-carcelario\/\"},\"wordCount\":415,\"publisher\":{\"@id\":\"https:\/\/www.fiscalia.gov.co\/colombia\/#organization\"},\"keywords\":[\"Abuso sexual\",\"Acceso abusivo a sistema inform\u00e1tico\",\"Acceso carnal violento\",\"Asfixia\",\"Bogot\u00e1\",\"captaci\u00f3n de mujeres\",\"Ciudad Bol\u00edvar\",\"Crimen\",\"CTI\",\"cuerpo t\u00e9cnico de investigaci\u00f3n\",\"delitos seriales\",\"establecimiento carcelario\",\"Extorsi\u00f3n\",\"falsa oferta laboral\",\"falsedad personal\",\"Feminicidio\",\"Fiscal\u00eda General de la Naci\u00f3n\",\"fotograf\u00edas il\u00edcitas\",\"Hurto calificado\",\"Kardyn Daniel Montilla Baquero\",\"Medida de aseguramiento\",\"modelo virtual\",\"nacionalidad venezolana\",\"patr\u00f3n criminal\",\"Seccional Bogot\u00e1\",\"Unidad de Vida\",\"vej\u00e1menes sexuales\",\"Violencia contra la mujer\"],\"articleSection\":[\"Noticias\"],\"inLanguage\":\"es-CO\"},{\"@type\":\"WebPage\",\"@id\":\"https:\/\/www.fiscalia.gov.co\/colombia\/noticias\/presunto-responsable-de-abusar-sexualmente-y-causarle-la-muerte-a-una-mujer-en-bogota-debera-cumplir-medida-de-aseguramiento-en-centro-carcelario\/\",\"url\":\"https:\/\/www.fiscalia.gov.co\/colombia\/noticias\/presunto-responsable-de-abusar-sexualmente-y-causarle-la-muerte-a-una-mujer-en-bogota-debera-cumplir-medida-de-aseguramiento-en-centro-carcelario\/\",\"name\":\"Fiscal\u00eda General de la Naci\u00f3n\",\"isPartOf\":{\"@id\":\"https:\/\/www.fiscalia.gov.co\/colombia\/#website\"},\"datePublished\":\"2025-12-02T20:27:11+00:00\",\"dateModified\":\"2025-12-02T20:27:11+00:00\",\"description\":\"P\u00e1gina oficial de la Fiscal\u00eda General de la Naci\u00f3n \u2013 Colombia. Garantizamos el acceso efectivo a la justicia, la verdad y la reparaci\u00f3n de las v\u00edctimas de los delitos.\",\"breadcrumb\":{\"@id\":\"https:\/\/www.fiscalia.gov.co\/colombia\/noticias\/presunto-responsable-de-abusar-sexualmente-y-causarle-la-muerte-a-una-mujer-en-bogota-debera-cumplir-medida-de-aseguramiento-en-centro-carcelario\/#breadcrumb\"},\"inLanguage\":\"es-CO\",\"potentialAction\":[{\"@type\":\"ReadAction\",\"target\":[\"https:\/\/www.fiscalia.gov.co\/colombia\/noticias\/presunto-responsable-de-abusar-sexualmente-y-causarle-la-muerte-a-una-mujer-en-bogota-debera-cumplir-medida-de-aseguramiento-en-centro-carcelario\/\"]}]},{\"@type\":\"BreadcrumbList\",\"@id\":\"https:\/\/www.fiscalia.gov.co\/colombia\/noticias\/presunto-responsable-de-abusar-sexualmente-y-causarle-la-muerte-a-una-mujer-en-bogota-debera-cumplir-medida-de-aseguramiento-en-centro-carcelario\/#breadcrumb\",\"itemListElement\":[{\"@type\":\"ListItem\",\"position\":1,\"name\":\"Home\",\"item\":\"https:\/\/www.fiscalia.gov.co\/colombia\/\"},{\"@type\":\"ListItem\",\"position\":2,\"name\":\"Presunto responsable de abusar sexualmente y causarle la muerte a una mujer en Bogot\u00e1 deber\u00e1 cumplir medida de aseguramiento en centro carcelario\"}]},{\"@type\":\"WebSite\",\"@id\":\"https:\/\/www.fiscalia.gov.co\/colombia\/#website\",\"url\":\"https:\/\/www.fiscalia.gov.co\/colombia\/\",\"name\":\"Fiscal\u00eda General de la Naci\u00f3n\",\"description\":\"P\u00e1gina oficial de la Fiscal\u00eda General de la Naci\u00f3n \u2013 Colombia. Garantizamos el acceso efectivo a la justicia, la verdad y la reparaci\u00f3n de las v\u00edctimas de los delitos.\",\"publisher\":{\"@id\":\"https:\/\/www.fiscalia.gov.co\/colombia\/#organization\"},\"potentialAction\":[{\"@type\":\"SearchAction\",\"target\":{\"@type\":\"EntryPoint\",\"urlTemplate\":\"https:\/\/www.fiscalia.gov.co\/colombia\/?s={search_term_string}\"},\"query-input\":{\"@type\":\"PropertyValueSpecification\",\"valueRequired\":true,\"valueName\":\"search_term_string\"}}],\"inLanguage\":\"es-CO\"},{\"@type\":\"Organization\",\"@id\":\"https:\/\/www.fiscalia.gov.co\/colombia\/#organization\",\"name\":\"Fiscal\u00eda General de la Naci\u00f3n\",\"url\":\"https:\/\/www.fiscalia.gov.co\/colombia\/\",\"logo\":{\"@type\":\"ImageObject\",\"inLanguage\":\"es-CO\",\"@id\":\"https:\/\/www.fiscalia.gov.co\/colombia\/#\/schema\/logo\/image\/\",\"url\":\"https:\/\/www.fiscalia.gov.co\/colombia\/wp-content\/uploads\/LogoHorizontal_1.jpg\",\"contentUrl\":\"https:\/\/www.fiscalia.gov.co\/colombia\/wp-content\/uploads\/LogoHorizontal_1.jpg\",\"width\":300,\"height\":90,\"caption\":\"Fiscal\u00eda General de la Naci\u00f3n\"},\"image\":{\"@id\":\"https:\/\/www.fiscalia.gov.co\/colombia\/#\/schema\/logo\/image\/\"},\"sameAs\":[\"https:\/\/www.facebook.com\/FiscaliaCol\",\"https:\/\/x.com\/FiscaliaCol\",\"https:\/\/www.instagram.com\/fiscaliacol\",\"https:\/\/www.linkedin.com\/company\/fiscalia-general-de-la-naci-n\/\",\"https:\/\/youtube.com\/@fiscaliageneraldelanacion-4668?si=6nN79nyQICPU5iTh\"]},{\"@type\":\"Person\",\"@id\":\"https:\/\/www.fiscalia.gov.co\/colombia\/#\/schema\/person\/66c172905e0492f1de6bbe5f93c4668f\",\"name\":\"Paula Andrea Castillo Lenis\",\"image\":{\"@type\":\"ImageObject\",\"inLanguage\":\"es-CO\",\"@id\":\"https:\/\/www.fiscalia.gov.co\/colombia\/#\/schema\/person\/image\/\",\"url\":\"https:\/\/secure.gravatar.com\/avatar\/cb060d9561f2947c4102d1825739f868?s=96&d=mm&r=g\",\"contentUrl\":\"https:\/\/secure.gravatar.com\/avatar\/cb060d9561f2947c4102d1825739f868?s=96&d=mm&r=g\",\"caption\":\"Paula Andrea Castillo Lenis\"},\"url\":\"https:\/\/www.fiscalia.gov.co\/colombia\/author\/paula-castillo\/\"}]}<\/script>\n<!-- \/ Yoast SEO plugin. -->","yoast_head_json":{"title":"Fiscal\u00eda General de la Naci\u00f3n","description":"P\u00e1gina oficial de la Fiscal\u00eda General de la Naci\u00f3n \u2013 Colombia. Garantizamos el acceso efectivo a la justicia, la verdad y la reparaci\u00f3n de las v\u00edctimas de los delitos.","robots":{"index":"noindex","follow":"follow"},"og_locale":"es_ES","og_type":"article","og_title":"Fiscal\u00eda General de la Naci\u00f3n","og_description":"P\u00e1gina oficial de la Fiscal\u00eda General de la Naci\u00f3n \u2013 Colombia. Garantizamos el acceso efectivo a la justicia, la verdad y la reparaci\u00f3n de las v\u00edctimas de los delitos.","og_url":"https:\/\/www.fiscalia.gov.co\/colombia\/noticias\/presunto-responsable-de-abusar-sexualmente-y-causarle-la-muerte-a-una-mujer-en-bogota-debera-cumplir-medida-de-aseguramiento-en-centro-carcelario\/","og_site_name":"Fiscal\u00eda General de la Naci\u00f3n","article_publisher":"https:\/\/www.facebook.com\/FiscaliaCol","article_published_time":"2025-12-02T20:27:11+00:00","author":"Paula Andrea Castillo Lenis","twitter_card":"summary_large_image","twitter_creator":"@FiscaliaCol","twitter_site":"@FiscaliaCol","twitter_misc":{"Escrito por":"Paula Andrea Castillo Lenis","Tiempo de lectura":"2 minutos"},"schema":{"@context":"https:\/\/schema.org","@graph":[{"@type":"Article","@id":"https:\/\/www.fiscalia.gov.co\/colombia\/noticias\/presunto-responsable-de-abusar-sexualmente-y-causarle-la-muerte-a-una-mujer-en-bogota-debera-cumplir-medida-de-aseguramiento-en-centro-carcelario\/#article","isPartOf":{"@id":"https:\/\/www.fiscalia.gov.co\/colombia\/noticias\/presunto-responsable-de-abusar-sexualmente-y-causarle-la-muerte-a-una-mujer-en-bogota-debera-cumplir-medida-de-aseguramiento-en-centro-carcelario\/"},"author":{"name":"Paula Andrea Castillo Lenis","@id":"https:\/\/www.fiscalia.gov.co\/colombia\/#\/schema\/person\/66c172905e0492f1de6bbe5f93c4668f"},"headline":"Presunto responsable de abusar sexualmente y causarle la muerte a una mujer en Bogot\u00e1 deber\u00e1 cumplir medida de aseguramiento en centro carcelario","datePublished":"2025-12-02T20:27:11+00:00","dateModified":"2025-12-02T20:27:11+00:00","mainEntityOfPage":{"@id":"https:\/\/www.fiscalia.gov.co\/colombia\/noticias\/presunto-responsable-de-abusar-sexualmente-y-causarle-la-muerte-a-una-mujer-en-bogota-debera-cumplir-medida-de-aseguramiento-en-centro-carcelario\/"},"wordCount":415,"publisher":{"@id":"https:\/\/www.fiscalia.gov.co\/colombia\/#organization"},"keywords":["Abuso sexual","Acceso abusivo a sistema inform\u00e1tico","Acceso carnal violento","Asfixia","Bogot\u00e1","captaci\u00f3n de mujeres","Ciudad Bol\u00edvar","Crimen","CTI","cuerpo t\u00e9cnico de investigaci\u00f3n","delitos seriales","establecimiento carcelario","Extorsi\u00f3n","falsa oferta laboral","falsedad personal","Feminicidio","Fiscal\u00eda General de la Naci\u00f3n","fotograf\u00edas il\u00edcitas","Hurto calificado","Kardyn Daniel Montilla Baquero","Medida de aseguramiento","modelo virtual","nacionalidad venezolana","patr\u00f3n criminal","Seccional Bogot\u00e1","Unidad de Vida","vej\u00e1menes sexuales","Violencia contra la mujer"],"articleSection":["Noticias"],"inLanguage":"es-CO"},{"@type":"WebPage","@id":"https:\/\/www.fiscalia.gov.co\/colombia\/noticias\/presunto-responsable-de-abusar-sexualmente-y-causarle-la-muerte-a-una-mujer-en-bogota-debera-cumplir-medida-de-aseguramiento-en-centro-carcelario\/","url":"https:\/\/www.fiscalia.gov.co\/colombia\/noticias\/presunto-responsable-de-abusar-sexualmente-y-causarle-la-muerte-a-una-mujer-en-bogota-debera-cumplir-medida-de-aseguramiento-en-centro-carcelario\/","name":"Fiscal\u00eda General de la Naci\u00f3n","isPartOf":{"@id":"https:\/\/www.fiscalia.gov.co\/colombia\/#website"},"datePublished":"2025-12-02T20:27:11+00:00","dateModified":"2025-12-02T20:27:11+00:00","description":"P\u00e1gina oficial de la Fiscal\u00eda General de la Naci\u00f3n \u2013 Colombia. Garantizamos el acceso efectivo a la justicia, la verdad y la reparaci\u00f3n de las v\u00edctimas de los delitos.","breadcrumb":{"@id":"https:\/\/www.fiscalia.gov.co\/colombia\/noticias\/presunto-responsable-de-abusar-sexualmente-y-causarle-la-muerte-a-una-mujer-en-bogota-debera-cumplir-medida-de-aseguramiento-en-centro-carcelario\/#breadcrumb"},"inLanguage":"es-CO","potentialAction":[{"@type":"ReadAction","target":["https:\/\/www.fiscalia.gov.co\/colombia\/noticias\/presunto-responsable-de-abusar-sexualmente-y-causarle-la-muerte-a-una-mujer-en-bogota-debera-cumplir-medida-de-aseguramiento-en-centro-carcelario\/"]}]},{"@type":"BreadcrumbList","@id":"https:\/\/www.fiscalia.gov.co\/colombia\/noticias\/presunto-responsable-de-abusar-sexualmente-y-causarle-la-muerte-a-una-mujer-en-bogota-debera-cumplir-medida-de-aseguramiento-en-centro-carcelario\/#breadcrumb","itemListElement":[{"@type":"ListItem","position":1,"name":"Home","item":"https:\/\/www.fiscalia.gov.co\/colombia\/"},{"@type":"ListItem","position":2,"name":"Presunto responsable de abusar sexualmente y causarle la muerte a una mujer en Bogot\u00e1 deber\u00e1 cumplir medida de aseguramiento en centro carcelario"}]},{"@type":"WebSite","@id":"https:\/\/www.fiscalia.gov.co\/colombia\/#website","url":"https:\/\/www.fiscalia.gov.co\/colombia\/","name":"Fiscal\u00eda General de la Naci\u00f3n","description":"P\u00e1gina oficial de la Fiscal\u00eda General de la Naci\u00f3n \u2013 Colombia. Garantizamos el acceso efectivo a la justicia, la verdad y la reparaci\u00f3n de las v\u00edctimas de los delitos.","publisher":{"@id":"https:\/\/www.fiscalia.gov.co\/colombia\/#organization"},"potentialAction":[{"@type":"SearchAction","target":{"@type":"EntryPoint","urlTemplate":"https:\/\/www.fiscalia.gov.co\/colombia\/?s={search_term_string}"},"query-input":{"@type":"PropertyValueSpecification","valueRequired":true,"valueName":"search_term_string"}}],"inLanguage":"es-CO"},{"@type":"Organization","@id":"https:\/\/www.fiscalia.gov.co\/colombia\/#organization","name":"Fiscal\u00eda General de la Naci\u00f3n","url":"https:\/\/www.fiscalia.gov.co\/colombia\/","logo":{"@type":"ImageObject","inLanguage":"es-CO","@id":"https:\/\/www.fiscalia.gov.co\/colombia\/#\/schema\/logo\/image\/","url":"https:\/\/www.fiscalia.gov.co\/colombia\/wp-content\/uploads\/LogoHorizontal_1.jpg","contentUrl":"https:\/\/www.fiscalia.gov.co\/colombia\/wp-content\/uploads\/LogoHorizontal_1.jpg","width":300,"height":90,"caption":"Fiscal\u00eda General de la Naci\u00f3n"},"image":{"@id":"https:\/\/www.fiscalia.gov.co\/colombia\/#\/schema\/logo\/image\/"},"sameAs":["https:\/\/www.facebook.com\/FiscaliaCol","https:\/\/x.com\/FiscaliaCol","https:\/\/www.instagram.com\/fiscaliacol","https:\/\/www.linkedin.com\/company\/fiscalia-general-de-la-naci-n\/","https:\/\/youtube.com\/@fiscaliageneraldelanacion-4668?si=6nN79nyQICPU5iTh"]},{"@type":"Person","@id":"https:\/\/www.fiscalia.gov.co\/colombia\/#\/schema\/person\/66c172905e0492f1de6bbe5f93c4668f","name":"Paula Andrea Castillo Lenis","image":{"@type":"ImageObject","inLanguage":"es-CO","@id":"https:\/\/www.fiscalia.gov.co\/colombia\/#\/schema\/person\/image\/","url":"https:\/\/secure.gravatar.com\/avatar\/cb060d9561f2947c4102d1825739f868?s=96&d=mm&r=g","contentUrl":"https:\/\/secure.gravatar.com\/avatar\/cb060d9561f2947c4102d1825739f868?s=96&d=mm&r=g","caption":"Paula Andrea Castillo Lenis"},"url":"https:\/\/www.fiscalia.gov.co\/colombia\/author\/paula-castillo\/"}]}},"_links":{"self":[{"href":"https:\/\/www.fiscalia.gov.co\/colombia\/wp-json\/wp\/v2\/posts\/328081","targetHints":{"allow":["GET"]}}],"collection":[{"href":"https:\/\/www.fiscalia.gov.co\/colombia\/wp-json\/wp\/v2\/posts"}],"about":[{"href":"https:\/\/www.fiscalia.gov.co\/colombia\/wp-json\/wp\/v2\/types\/post"}],"author":[{"embeddable":true,"href":"https:\/\/www.fiscalia.gov.co\/colombia\/wp-json\/wp\/v2\/users\/182"}],"replies":[{"embeddable":true,"href":"https:\/\/www.fiscalia.gov.co\/colombia\/wp-json\/wp\/v2\/comments?post=328081"}],"version-history":[{"count":1,"href":"https:\/\/www.fiscalia.gov.co\/colombia\/wp-json\/wp\/v2\/posts\/328081\/revisions"}],"predecessor-version":[{"id":328082,"href":"https:\/\/www.fiscalia.gov.co\/colombia\/wp-json\/wp\/v2\/posts\/328081\/revisions\/328082"}],"wp:attachment":[{"href":"https:\/\/www.fiscalia.gov.co\/colombia\/wp-json\/wp\/v2\/media?parent=328081"}],"wp:term":[{"taxonomy":"category","embeddable":true,"href":"https:\/\/www.fiscalia.gov.co\/colombia\/wp-json\/wp\/v2\/categories?post=328081"},{"taxonomy":"post_tag","embeddable":true,"href":"https:\/\/www.fiscalia.gov.co\/colombia\/wp-json\/wp\/v2\/tags?post=328081"}],"curies":[{"name":"wp","href":"https:\/\/api.w.org\/{rel}","templated":true}]}}