{"id":327767,"date":"2025-11-26T16:13:24","date_gmt":"2025-11-26T21:13:24","guid":{"rendered":"https:\/\/www.fiscalia.gov.co\/colombia\/?p=327767"},"modified":"2025-11-27T08:30:11","modified_gmt":"2025-11-27T13:30:11","slug":"por-crimen-de-su-excompanera-sentimental-en-caldas-fue-judicializado-presunto-responsable","status":"publish","type":"post","link":"https:\/\/www.fiscalia.gov.co\/colombia\/noticias\/por-crimen-de-su-excompanera-sentimental-en-caldas-fue-judicializado-presunto-responsable\/","title":{"rendered":"Por crimen de su excompa\u00f1era sentimental en Caldas fue judicializado presunto responsable\u00a0"},"content":{"rendered":"<p>Las acciones investigativas adelantadas por la Fiscal\u00eda General de la Naci\u00f3n permitieron la judicializaci\u00f3n de un hombre por su<strong> presunta responsabilidad en el crimen de su excompa\u00f1era sentimental de 36 a\u00f1os<\/strong>, en La Dorada (Caldas).<\/p>\n<figure id=\"attachment_327768\" aria-describedby=\"caption-attachment-327768\" style=\"width: 735px\" class=\"wp-caption aligncenter\"><img loading=\"lazy\" decoding=\"async\" class=\"size-full wp-image-327768\" src=\"https:\/\/www.fiscalia.gov.co\/colombia\/wp-content\/uploads\/Alexander-Jose-Bertel-Zabala-judicializado-por-su-presunta-responsabilidad-en-el-delito-de-feminicidio-agravado.jpeg\" alt=\" Se visualiza al capturado con el rostro difuminado junto a un investigador del CTI y un uniformado de la Polic\u00eda Nacional. Detr\u00e1s de ellos el banner que identifica a la Fiscal\u00eda General de la Naci\u00f3n\" width=\"735\" height=\"900\" srcset=\"https:\/\/www.fiscalia.gov.co\/colombia\/wp-content\/uploads\/Alexander-Jose-Bertel-Zabala-judicializado-por-su-presunta-responsabilidad-en-el-delito-de-feminicidio-agravado.jpeg 735w, https:\/\/www.fiscalia.gov.co\/colombia\/wp-content\/uploads\/Alexander-Jose-Bertel-Zabala-judicializado-por-su-presunta-responsabilidad-en-el-delito-de-feminicidio-agravado-245x300.jpeg 245w, https:\/\/www.fiscalia.gov.co\/colombia\/wp-content\/uploads\/Alexander-Jose-Bertel-Zabala-judicializado-por-su-presunta-responsabilidad-en-el-delito-de-feminicidio-agravado-343x420.jpeg 343w, https:\/\/www.fiscalia.gov.co\/colombia\/wp-content\/uploads\/Alexander-Jose-Bertel-Zabala-judicializado-por-su-presunta-responsabilidad-en-el-delito-de-feminicidio-agravado-696x852.jpeg 696w\" sizes=\"auto, (max-width: 735px) 100vw, 735px\" \/><figcaption id=\"caption-attachment-327768\" class=\"wp-caption-text\">El fue judicializado por su presunta responsabilidad en el asesinato de su\u00a0 excompa\u00f1era sentimental con arma cortopunzante<\/figcaption><\/figure>\n<p>En ese sentido fue imputado por el <strong>delito de\u00a0<a href=\"https:\/\/www.fiscalia.gov.co\/colombia\/noticias\/asegurado-presunto-responsable-de-prenderle-fuego-a-su-pareja-sentimental-y-asesinarla-en-la-galeria-de-manizales\/\">feminicidio<\/a>\u00a0agravado<\/strong> y un juez de control de garant\u00edas le impuso medida de aseguramiento en centro carcelario.<\/p>\n<p>Los hechos se registraron el pasado 21 de noviembre en el centro poblado Guarancito, donde<strong> el hombre habr\u00eda llegado al lugar de trabajo de la v\u00edctima y la atac\u00f3 con un arma cortopunzante.\u00a0<\/strong><\/p>\n<p>La mujer fue traslada hasta un\u00a0centro hospitalario donde<strong> falleci\u00f3 debido a la gravedad de las heridas.\u00a0<\/strong><\/p>\n<p>La captura del\u00a0<a href=\"https:\/\/www.fiscalia.gov.co\/colombia\/noticias\/en-sevilla-valle-del-cauca-capturan-a-un-hombre-para-que-cumpla-una-condena-a-mas-de-32-anos-de-prision-por-el-feminicidio-de-su-pareja\/\">implicado<\/a>\u00a0se efectu\u00f3 este\u00a024 de noviembre en un trabajo articulado entre servidores del Cuerpo T\u00e9cnico de Investigaci\u00f3n (CTI) y uniformados de la Polic\u00eda Nacional, en la Dorada (Caldas), luego de ser atendido en un centro asistencia por las heridas que se infringi\u00f3.<\/p>\n<p>&nbsp;<\/p>\n<p>&nbsp;<\/p>\n<p>&nbsp;<\/p>\n<p>&nbsp;<\/p>\n<p>MPHA\/AMCJ\/ACG\/DSC<\/p>\n<p>&nbsp;<\/p>\n<p>&nbsp;<\/p>\n<p>&nbsp;<\/p>\n<p>&nbsp;<\/p>\n<p><em>La informaci\u00f3n contenida en este bolet\u00edn de\u00a0prensa corresponde a la narraci\u00f3n de\u00a0los hechos noticiosos objetivos, suministrados por los funcionarios encargados de\u00a0adelantar las investigaciones penales al interior de\u00a0la Fiscal\u00eda General de\u00a0la Naci\u00f3n. Para el momento de\u00a0la divulgaci\u00f3n de\u00a0este comunicado, la situaci\u00f3n jur\u00eddica de\u00a0la(s) persona(s) relacionada(s) se\u00a0encuentra pendiente de\u00a0resolver por la autoridad judicial competente, siempre bajo los preceptos de\u00a0la presunci\u00f3n de\u00a0inocencia, consagrados en el art\u00edculo 29 de\u00a0la Constituci\u00f3n Pol\u00edtica y el art\u00edculo 7\u00ba de\u00a0la Ley 906 de\u00a02004.<\/em><\/p>\n<p>&nbsp;<\/p>\n\n<div class=\"twitter-share\"><a href=\"https:\/\/twitter.com\/intent\/tweet?via=fiscaliacol\" class=\"twitter-share-button\">Tweet<\/a><\/div>\n","protected":false},"excerpt":{"rendered":"<p>Las acciones investigativas adelantadas por la Fiscal\u00eda General de la Naci\u00f3n permitieron la judicializaci\u00f3n de un hombre por su presunta responsabilidad en el crimen de su excompa\u00f1era sentimental de 36 a\u00f1os, en La Dorada (Caldas). En ese sentido fue imputado por el delito de\u00a0feminicidio\u00a0agravado y un juez de control de garant\u00edas le impuso medida de [&hellip;]<\/p>\n","protected":false},"author":177,"featured_media":0,"comment_status":"closed","ping_status":"open","sticky":false,"template":"","format":"standard","meta":{"_price":"","_stock":"","_tribe_ticket_header":"","_tribe_default_ticket_provider":"","_tribe_ticket_capacity":"0","_ticket_start_date":"","_ticket_end_date":"","_tribe_ticket_show_description":"","_tribe_ticket_show_not_going":false,"_tribe_ticket_use_global_stock":"","_tribe_ticket_global_stock_level":"","_global_stock_mode":"","_global_stock_cap":"","_tribe_rsvp_for_event":"","_tribe_ticket_going_count":"","_tribe_ticket_not_going_count":"","_tribe_tickets_list":"[]","_tribe_ticket_has_attendee_info_fields":false,"tdm_status":"","tdm_grid_status":"","footnotes":""},"categories":[1,330,303],"tags":[14550,45,1288,4614,28723,558,36341],"class_list":{"0":"post-327767","1":"post","2":"type-post","3":"status-publish","4":"format-standard","6":"category-noticias","7":"category-seccional-manizales","8":"category-seccionales","9":"tag-carcel","10":"tag-cti","11":"tag-denuncia","12":"tag-fiscalia-2","13":"tag-la-dorada-caldas","14":"tag-policia-nacional","15":"tag-violencia-genero"},"yoast_head":"<!-- This site is optimized with the Yoast SEO plugin v24.3 - https:\/\/yoast.com\/wordpress\/plugins\/seo\/ -->\n<title>Fiscal\u00eda General de la Naci\u00f3n<\/title>\n<meta name=\"description\" content=\"P\u00e1gina oficial de la Fiscal\u00eda General de la Naci\u00f3n \u2013 Colombia. Garantizamos el acceso efectivo a la justicia, la verdad y la reparaci\u00f3n de las v\u00edctimas de los delitos.\" \/>\n<meta name=\"robots\" content=\"noindex, follow\" \/>\n<meta property=\"og:locale\" content=\"es_ES\" \/>\n<meta property=\"og:type\" content=\"article\" \/>\n<meta property=\"og:title\" content=\"Fiscal\u00eda General de la Naci\u00f3n\" \/>\n<meta property=\"og:description\" content=\"P\u00e1gina oficial de la Fiscal\u00eda General de la Naci\u00f3n \u2013 Colombia. Garantizamos el acceso efectivo a la justicia, la verdad y la reparaci\u00f3n de las v\u00edctimas de los delitos.\" \/>\n<meta property=\"og:url\" content=\"https:\/\/www.fiscalia.gov.co\/colombia\/noticias\/por-crimen-de-su-excompanera-sentimental-en-caldas-fue-judicializado-presunto-responsable\/\" \/>\n<meta property=\"og:site_name\" content=\"Fiscal\u00eda General de la Naci\u00f3n\" \/>\n<meta property=\"article:publisher\" content=\"https:\/\/www.facebook.com\/FiscaliaCol\" \/>\n<meta property=\"article:published_time\" content=\"2025-11-26T21:13:24+00:00\" \/>\n<meta property=\"article:modified_time\" content=\"2025-11-27T13:30:11+00:00\" \/>\n<meta property=\"og:image\" content=\"https:\/\/www.fiscalia.gov.co\/colombia\/wp-content\/uploads\/Alexander-Jose-Bertel-Zabala-judicializado-por-su-presunta-responsabilidad-en-el-delito-de-feminicidio-agravado.jpeg\" \/>\n\t<meta property=\"og:image:width\" content=\"735\" \/>\n\t<meta property=\"og:image:height\" content=\"900\" \/>\n\t<meta property=\"og:image:type\" content=\"image\/jpeg\" \/>\n<meta name=\"author\" content=\"Jordan Leandro Oviedo Anzola\" \/>\n<meta name=\"twitter:card\" content=\"summary_large_image\" \/>\n<meta name=\"twitter:creator\" content=\"@FiscaliaCol\" \/>\n<meta name=\"twitter:site\" content=\"@FiscaliaCol\" \/>\n<meta name=\"twitter:label1\" content=\"Escrito por\" \/>\n\t<meta name=\"twitter:data1\" content=\"Jordan Leandro Oviedo Anzola\" \/>\n\t<meta name=\"twitter:label2\" content=\"Tiempo de lectura\" \/>\n\t<meta name=\"twitter:data2\" content=\"2 minutos\" \/>\n<script type=\"application\/ld+json\" class=\"yoast-schema-graph\">{\"@context\":\"https:\/\/schema.org\",\"@graph\":[{\"@type\":\"Article\",\"@id\":\"https:\/\/www.fiscalia.gov.co\/colombia\/noticias\/por-crimen-de-su-excompanera-sentimental-en-caldas-fue-judicializado-presunto-responsable\/#article\",\"isPartOf\":{\"@id\":\"https:\/\/www.fiscalia.gov.co\/colombia\/noticias\/por-crimen-de-su-excompanera-sentimental-en-caldas-fue-judicializado-presunto-responsable\/\"},\"author\":{\"name\":\"Jordan Leandro Oviedo Anzola\",\"@id\":\"https:\/\/www.fiscalia.gov.co\/colombia\/#\/schema\/person\/bf84402cf293a5393e9c70b111020b24\"},\"headline\":\"Por crimen de su excompa\u00f1era sentimental en Caldas fue judicializado presunto responsable\u00a0\",\"datePublished\":\"2025-11-26T21:13:24+00:00\",\"dateModified\":\"2025-11-27T13:30:11+00:00\",\"mainEntityOfPage\":{\"@id\":\"https:\/\/www.fiscalia.gov.co\/colombia\/noticias\/por-crimen-de-su-excompanera-sentimental-en-caldas-fue-judicializado-presunto-responsable\/\"},\"wordCount\":318,\"publisher\":{\"@id\":\"https:\/\/www.fiscalia.gov.co\/colombia\/#organization\"},\"image\":{\"@id\":\"https:\/\/www.fiscalia.gov.co\/colombia\/noticias\/por-crimen-de-su-excompanera-sentimental-en-caldas-fue-judicializado-presunto-responsable\/#primaryimage\"},\"thumbnailUrl\":\"https:\/\/www.fiscalia.gov.co\/colombia\/wp-content\/uploads\/Alexander-Jose-Bertel-Zabala-judicializado-por-su-presunta-responsabilidad-en-el-delito-de-feminicidio-agravado.jpeg\",\"keywords\":[\"C\u00e1rcel\",\"CTI\",\"Denuncia\",\"Fiscal\u00eda\",\"La Dorada (Caldas)\",\"Polic\u00eda Nacional\",\"violencia g\u00e9nero\"],\"articleSection\":[\"Noticias\",\"Seccional Manizales\",\"Seccionales\"],\"inLanguage\":\"es-CO\"},{\"@type\":\"WebPage\",\"@id\":\"https:\/\/www.fiscalia.gov.co\/colombia\/noticias\/por-crimen-de-su-excompanera-sentimental-en-caldas-fue-judicializado-presunto-responsable\/\",\"url\":\"https:\/\/www.fiscalia.gov.co\/colombia\/noticias\/por-crimen-de-su-excompanera-sentimental-en-caldas-fue-judicializado-presunto-responsable\/\",\"name\":\"Fiscal\u00eda General de la Naci\u00f3n\",\"isPartOf\":{\"@id\":\"https:\/\/www.fiscalia.gov.co\/colombia\/#website\"},\"primaryImageOfPage\":{\"@id\":\"https:\/\/www.fiscalia.gov.co\/colombia\/noticias\/por-crimen-de-su-excompanera-sentimental-en-caldas-fue-judicializado-presunto-responsable\/#primaryimage\"},\"image\":{\"@id\":\"https:\/\/www.fiscalia.gov.co\/colombia\/noticias\/por-crimen-de-su-excompanera-sentimental-en-caldas-fue-judicializado-presunto-responsable\/#primaryimage\"},\"thumbnailUrl\":\"https:\/\/www.fiscalia.gov.co\/colombia\/wp-content\/uploads\/Alexander-Jose-Bertel-Zabala-judicializado-por-su-presunta-responsabilidad-en-el-delito-de-feminicidio-agravado.jpeg\",\"datePublished\":\"2025-11-26T21:13:24+00:00\",\"dateModified\":\"2025-11-27T13:30:11+00:00\",\"description\":\"P\u00e1gina oficial de la Fiscal\u00eda General de la Naci\u00f3n \u2013 Colombia. Garantizamos el acceso efectivo a la justicia, la verdad y la reparaci\u00f3n de las v\u00edctimas de los delitos.\",\"breadcrumb\":{\"@id\":\"https:\/\/www.fiscalia.gov.co\/colombia\/noticias\/por-crimen-de-su-excompanera-sentimental-en-caldas-fue-judicializado-presunto-responsable\/#breadcrumb\"},\"inLanguage\":\"es-CO\",\"potentialAction\":[{\"@type\":\"ReadAction\",\"target\":[\"https:\/\/www.fiscalia.gov.co\/colombia\/noticias\/por-crimen-de-su-excompanera-sentimental-en-caldas-fue-judicializado-presunto-responsable\/\"]}]},{\"@type\":\"ImageObject\",\"inLanguage\":\"es-CO\",\"@id\":\"https:\/\/www.fiscalia.gov.co\/colombia\/noticias\/por-crimen-de-su-excompanera-sentimental-en-caldas-fue-judicializado-presunto-responsable\/#primaryimage\",\"url\":\"https:\/\/www.fiscalia.gov.co\/colombia\/wp-content\/uploads\/Alexander-Jose-Bertel-Zabala-judicializado-por-su-presunta-responsabilidad-en-el-delito-de-feminicidio-agravado.jpeg\",\"contentUrl\":\"https:\/\/www.fiscalia.gov.co\/colombia\/wp-content\/uploads\/Alexander-Jose-Bertel-Zabala-judicializado-por-su-presunta-responsabilidad-en-el-delito-de-feminicidio-agravado.jpeg\",\"width\":735,\"height\":900,\"caption\":\"El fue judicializado por su presunta responsabilidad en el asesinato de su\u00a0 excompa\u00f1era sentimental con arma cortopunzante\u00a0\"},{\"@type\":\"BreadcrumbList\",\"@id\":\"https:\/\/www.fiscalia.gov.co\/colombia\/noticias\/por-crimen-de-su-excompanera-sentimental-en-caldas-fue-judicializado-presunto-responsable\/#breadcrumb\",\"itemListElement\":[{\"@type\":\"ListItem\",\"position\":1,\"name\":\"Home\",\"item\":\"https:\/\/www.fiscalia.gov.co\/colombia\/\"},{\"@type\":\"ListItem\",\"position\":2,\"name\":\"Por crimen de su excompa\u00f1era sentimental en Caldas fue judicializado presunto responsable\u00a0\"}]},{\"@type\":\"WebSite\",\"@id\":\"https:\/\/www.fiscalia.gov.co\/colombia\/#website\",\"url\":\"https:\/\/www.fiscalia.gov.co\/colombia\/\",\"name\":\"Fiscal\u00eda General de la Naci\u00f3n\",\"description\":\"P\u00e1gina oficial de la Fiscal\u00eda General de la Naci\u00f3n \u2013 Colombia. Garantizamos el acceso efectivo a la justicia, la verdad y la reparaci\u00f3n de las v\u00edctimas de los delitos.\",\"publisher\":{\"@id\":\"https:\/\/www.fiscalia.gov.co\/colombia\/#organization\"},\"potentialAction\":[{\"@type\":\"SearchAction\",\"target\":{\"@type\":\"EntryPoint\",\"urlTemplate\":\"https:\/\/www.fiscalia.gov.co\/colombia\/?s={search_term_string}\"},\"query-input\":{\"@type\":\"PropertyValueSpecification\",\"valueRequired\":true,\"valueName\":\"search_term_string\"}}],\"inLanguage\":\"es-CO\"},{\"@type\":\"Organization\",\"@id\":\"https:\/\/www.fiscalia.gov.co\/colombia\/#organization\",\"name\":\"Fiscal\u00eda General de la Naci\u00f3n\",\"url\":\"https:\/\/www.fiscalia.gov.co\/colombia\/\",\"logo\":{\"@type\":\"ImageObject\",\"inLanguage\":\"es-CO\",\"@id\":\"https:\/\/www.fiscalia.gov.co\/colombia\/#\/schema\/logo\/image\/\",\"url\":\"https:\/\/www.fiscalia.gov.co\/colombia\/wp-content\/uploads\/LogoHorizontal_1.jpg\",\"contentUrl\":\"https:\/\/www.fiscalia.gov.co\/colombia\/wp-content\/uploads\/LogoHorizontal_1.jpg\",\"width\":300,\"height\":90,\"caption\":\"Fiscal\u00eda General de la Naci\u00f3n\"},\"image\":{\"@id\":\"https:\/\/www.fiscalia.gov.co\/colombia\/#\/schema\/logo\/image\/\"},\"sameAs\":[\"https:\/\/www.facebook.com\/FiscaliaCol\",\"https:\/\/x.com\/FiscaliaCol\",\"https:\/\/www.instagram.com\/fiscaliacol\",\"https:\/\/www.linkedin.com\/company\/fiscalia-general-de-la-naci-n\/\",\"https:\/\/youtube.com\/@fiscaliageneraldelanacion-4668?si=6nN79nyQICPU5iTh\"]},{\"@type\":\"Person\",\"@id\":\"https:\/\/www.fiscalia.gov.co\/colombia\/#\/schema\/person\/bf84402cf293a5393e9c70b111020b24\",\"name\":\"Jordan Leandro Oviedo Anzola\",\"image\":{\"@type\":\"ImageObject\",\"inLanguage\":\"es-CO\",\"@id\":\"https:\/\/www.fiscalia.gov.co\/colombia\/#\/schema\/person\/image\/\",\"url\":\"https:\/\/secure.gravatar.com\/avatar\/dabba4346fa9b9207d96adafa8f92721?s=96&d=mm&r=g\",\"contentUrl\":\"https:\/\/secure.gravatar.com\/avatar\/dabba4346fa9b9207d96adafa8f92721?s=96&d=mm&r=g\",\"caption\":\"Jordan Leandro Oviedo Anzola\"},\"url\":\"https:\/\/www.fiscalia.gov.co\/colombia\/author\/joviedo\/\"}]}<\/script>\n<!-- \/ Yoast SEO plugin. -->","yoast_head_json":{"title":"Fiscal\u00eda General de la Naci\u00f3n","description":"P\u00e1gina oficial de la Fiscal\u00eda General de la Naci\u00f3n \u2013 Colombia. Garantizamos el acceso efectivo a la justicia, la verdad y la reparaci\u00f3n de las v\u00edctimas de los delitos.","robots":{"index":"noindex","follow":"follow"},"og_locale":"es_ES","og_type":"article","og_title":"Fiscal\u00eda General de la Naci\u00f3n","og_description":"P\u00e1gina oficial de la Fiscal\u00eda General de la Naci\u00f3n \u2013 Colombia. Garantizamos el acceso efectivo a la justicia, la verdad y la reparaci\u00f3n de las v\u00edctimas de los delitos.","og_url":"https:\/\/www.fiscalia.gov.co\/colombia\/noticias\/por-crimen-de-su-excompanera-sentimental-en-caldas-fue-judicializado-presunto-responsable\/","og_site_name":"Fiscal\u00eda General de la Naci\u00f3n","article_publisher":"https:\/\/www.facebook.com\/FiscaliaCol","article_published_time":"2025-11-26T21:13:24+00:00","article_modified_time":"2025-11-27T13:30:11+00:00","og_image":[{"width":735,"height":900,"url":"https:\/\/www.fiscalia.gov.co\/colombia\/wp-content\/uploads\/Alexander-Jose-Bertel-Zabala-judicializado-por-su-presunta-responsabilidad-en-el-delito-de-feminicidio-agravado.jpeg","type":"image\/jpeg"}],"author":"Jordan Leandro Oviedo Anzola","twitter_card":"summary_large_image","twitter_creator":"@FiscaliaCol","twitter_site":"@FiscaliaCol","twitter_misc":{"Escrito por":"Jordan Leandro Oviedo Anzola","Tiempo de lectura":"2 minutos"},"schema":{"@context":"https:\/\/schema.org","@graph":[{"@type":"Article","@id":"https:\/\/www.fiscalia.gov.co\/colombia\/noticias\/por-crimen-de-su-excompanera-sentimental-en-caldas-fue-judicializado-presunto-responsable\/#article","isPartOf":{"@id":"https:\/\/www.fiscalia.gov.co\/colombia\/noticias\/por-crimen-de-su-excompanera-sentimental-en-caldas-fue-judicializado-presunto-responsable\/"},"author":{"name":"Jordan Leandro Oviedo Anzola","@id":"https:\/\/www.fiscalia.gov.co\/colombia\/#\/schema\/person\/bf84402cf293a5393e9c70b111020b24"},"headline":"Por crimen de su excompa\u00f1era sentimental en Caldas fue judicializado presunto responsable\u00a0","datePublished":"2025-11-26T21:13:24+00:00","dateModified":"2025-11-27T13:30:11+00:00","mainEntityOfPage":{"@id":"https:\/\/www.fiscalia.gov.co\/colombia\/noticias\/por-crimen-de-su-excompanera-sentimental-en-caldas-fue-judicializado-presunto-responsable\/"},"wordCount":318,"publisher":{"@id":"https:\/\/www.fiscalia.gov.co\/colombia\/#organization"},"image":{"@id":"https:\/\/www.fiscalia.gov.co\/colombia\/noticias\/por-crimen-de-su-excompanera-sentimental-en-caldas-fue-judicializado-presunto-responsable\/#primaryimage"},"thumbnailUrl":"https:\/\/www.fiscalia.gov.co\/colombia\/wp-content\/uploads\/Alexander-Jose-Bertel-Zabala-judicializado-por-su-presunta-responsabilidad-en-el-delito-de-feminicidio-agravado.jpeg","keywords":["C\u00e1rcel","CTI","Denuncia","Fiscal\u00eda","La Dorada (Caldas)","Polic\u00eda Nacional","violencia g\u00e9nero"],"articleSection":["Noticias","Seccional Manizales","Seccionales"],"inLanguage":"es-CO"},{"@type":"WebPage","@id":"https:\/\/www.fiscalia.gov.co\/colombia\/noticias\/por-crimen-de-su-excompanera-sentimental-en-caldas-fue-judicializado-presunto-responsable\/","url":"https:\/\/www.fiscalia.gov.co\/colombia\/noticias\/por-crimen-de-su-excompanera-sentimental-en-caldas-fue-judicializado-presunto-responsable\/","name":"Fiscal\u00eda General de la Naci\u00f3n","isPartOf":{"@id":"https:\/\/www.fiscalia.gov.co\/colombia\/#website"},"primaryImageOfPage":{"@id":"https:\/\/www.fiscalia.gov.co\/colombia\/noticias\/por-crimen-de-su-excompanera-sentimental-en-caldas-fue-judicializado-presunto-responsable\/#primaryimage"},"image":{"@id":"https:\/\/www.fiscalia.gov.co\/colombia\/noticias\/por-crimen-de-su-excompanera-sentimental-en-caldas-fue-judicializado-presunto-responsable\/#primaryimage"},"thumbnailUrl":"https:\/\/www.fiscalia.gov.co\/colombia\/wp-content\/uploads\/Alexander-Jose-Bertel-Zabala-judicializado-por-su-presunta-responsabilidad-en-el-delito-de-feminicidio-agravado.jpeg","datePublished":"2025-11-26T21:13:24+00:00","dateModified":"2025-11-27T13:30:11+00:00","description":"P\u00e1gina oficial de la Fiscal\u00eda General de la Naci\u00f3n \u2013 Colombia. Garantizamos el acceso efectivo a la justicia, la verdad y la reparaci\u00f3n de las v\u00edctimas de los delitos.","breadcrumb":{"@id":"https:\/\/www.fiscalia.gov.co\/colombia\/noticias\/por-crimen-de-su-excompanera-sentimental-en-caldas-fue-judicializado-presunto-responsable\/#breadcrumb"},"inLanguage":"es-CO","potentialAction":[{"@type":"ReadAction","target":["https:\/\/www.fiscalia.gov.co\/colombia\/noticias\/por-crimen-de-su-excompanera-sentimental-en-caldas-fue-judicializado-presunto-responsable\/"]}]},{"@type":"ImageObject","inLanguage":"es-CO","@id":"https:\/\/www.fiscalia.gov.co\/colombia\/noticias\/por-crimen-de-su-excompanera-sentimental-en-caldas-fue-judicializado-presunto-responsable\/#primaryimage","url":"https:\/\/www.fiscalia.gov.co\/colombia\/wp-content\/uploads\/Alexander-Jose-Bertel-Zabala-judicializado-por-su-presunta-responsabilidad-en-el-delito-de-feminicidio-agravado.jpeg","contentUrl":"https:\/\/www.fiscalia.gov.co\/colombia\/wp-content\/uploads\/Alexander-Jose-Bertel-Zabala-judicializado-por-su-presunta-responsabilidad-en-el-delito-de-feminicidio-agravado.jpeg","width":735,"height":900,"caption":"El fue judicializado por su presunta responsabilidad en el asesinato de su\u00a0 excompa\u00f1era sentimental con arma cortopunzante\u00a0"},{"@type":"BreadcrumbList","@id":"https:\/\/www.fiscalia.gov.co\/colombia\/noticias\/por-crimen-de-su-excompanera-sentimental-en-caldas-fue-judicializado-presunto-responsable\/#breadcrumb","itemListElement":[{"@type":"ListItem","position":1,"name":"Home","item":"https:\/\/www.fiscalia.gov.co\/colombia\/"},{"@type":"ListItem","position":2,"name":"Por crimen de su excompa\u00f1era sentimental en Caldas fue judicializado presunto responsable\u00a0"}]},{"@type":"WebSite","@id":"https:\/\/www.fiscalia.gov.co\/colombia\/#website","url":"https:\/\/www.fiscalia.gov.co\/colombia\/","name":"Fiscal\u00eda General de la Naci\u00f3n","description":"P\u00e1gina oficial de la Fiscal\u00eda General de la Naci\u00f3n \u2013 Colombia. Garantizamos el acceso efectivo a la justicia, la verdad y la reparaci\u00f3n de las v\u00edctimas de los delitos.","publisher":{"@id":"https:\/\/www.fiscalia.gov.co\/colombia\/#organization"},"potentialAction":[{"@type":"SearchAction","target":{"@type":"EntryPoint","urlTemplate":"https:\/\/www.fiscalia.gov.co\/colombia\/?s={search_term_string}"},"query-input":{"@type":"PropertyValueSpecification","valueRequired":true,"valueName":"search_term_string"}}],"inLanguage":"es-CO"},{"@type":"Organization","@id":"https:\/\/www.fiscalia.gov.co\/colombia\/#organization","name":"Fiscal\u00eda General de la Naci\u00f3n","url":"https:\/\/www.fiscalia.gov.co\/colombia\/","logo":{"@type":"ImageObject","inLanguage":"es-CO","@id":"https:\/\/www.fiscalia.gov.co\/colombia\/#\/schema\/logo\/image\/","url":"https:\/\/www.fiscalia.gov.co\/colombia\/wp-content\/uploads\/LogoHorizontal_1.jpg","contentUrl":"https:\/\/www.fiscalia.gov.co\/colombia\/wp-content\/uploads\/LogoHorizontal_1.jpg","width":300,"height":90,"caption":"Fiscal\u00eda General de la Naci\u00f3n"},"image":{"@id":"https:\/\/www.fiscalia.gov.co\/colombia\/#\/schema\/logo\/image\/"},"sameAs":["https:\/\/www.facebook.com\/FiscaliaCol","https:\/\/x.com\/FiscaliaCol","https:\/\/www.instagram.com\/fiscaliacol","https:\/\/www.linkedin.com\/company\/fiscalia-general-de-la-naci-n\/","https:\/\/youtube.com\/@fiscaliageneraldelanacion-4668?si=6nN79nyQICPU5iTh"]},{"@type":"Person","@id":"https:\/\/www.fiscalia.gov.co\/colombia\/#\/schema\/person\/bf84402cf293a5393e9c70b111020b24","name":"Jordan Leandro Oviedo Anzola","image":{"@type":"ImageObject","inLanguage":"es-CO","@id":"https:\/\/www.fiscalia.gov.co\/colombia\/#\/schema\/person\/image\/","url":"https:\/\/secure.gravatar.com\/avatar\/dabba4346fa9b9207d96adafa8f92721?s=96&d=mm&r=g","contentUrl":"https:\/\/secure.gravatar.com\/avatar\/dabba4346fa9b9207d96adafa8f92721?s=96&d=mm&r=g","caption":"Jordan Leandro Oviedo Anzola"},"url":"https:\/\/www.fiscalia.gov.co\/colombia\/author\/joviedo\/"}]}},"_links":{"self":[{"href":"https:\/\/www.fiscalia.gov.co\/colombia\/wp-json\/wp\/v2\/posts\/327767","targetHints":{"allow":["GET"]}}],"collection":[{"href":"https:\/\/www.fiscalia.gov.co\/colombia\/wp-json\/wp\/v2\/posts"}],"about":[{"href":"https:\/\/www.fiscalia.gov.co\/colombia\/wp-json\/wp\/v2\/types\/post"}],"author":[{"embeddable":true,"href":"https:\/\/www.fiscalia.gov.co\/colombia\/wp-json\/wp\/v2\/users\/177"}],"replies":[{"embeddable":true,"href":"https:\/\/www.fiscalia.gov.co\/colombia\/wp-json\/wp\/v2\/comments?post=327767"}],"version-history":[{"count":2,"href":"https:\/\/www.fiscalia.gov.co\/colombia\/wp-json\/wp\/v2\/posts\/327767\/revisions"}],"predecessor-version":[{"id":327778,"href":"https:\/\/www.fiscalia.gov.co\/colombia\/wp-json\/wp\/v2\/posts\/327767\/revisions\/327778"}],"wp:attachment":[{"href":"https:\/\/www.fiscalia.gov.co\/colombia\/wp-json\/wp\/v2\/media?parent=327767"}],"wp:term":[{"taxonomy":"category","embeddable":true,"href":"https:\/\/www.fiscalia.gov.co\/colombia\/wp-json\/wp\/v2\/categories?post=327767"},{"taxonomy":"post_tag","embeddable":true,"href":"https:\/\/www.fiscalia.gov.co\/colombia\/wp-json\/wp\/v2\/tags?post=327767"}],"curies":[{"name":"wp","href":"https:\/\/api.w.org\/{rel}","templated":true}]}}