{"id":327762,"date":"2025-11-26T16:01:30","date_gmt":"2025-11-26T21:01:30","guid":{"rendered":"https:\/\/www.fiscalia.gov.co\/colombia\/?p=327762"},"modified":"2025-11-26T16:01:30","modified_gmt":"2025-11-26T21:01:30","slug":"en-huila-fueron-enviados-a-la-carcel-cuatro-personas-que-estarian-involucradas-en-el-crimen-de-tres-ciudadanos","status":"publish","type":"post","link":"https:\/\/www.fiscalia.gov.co\/colombia\/noticias\/en-huila-fueron-enviados-a-la-carcel-cuatro-personas-que-estarian-involucradas-en-el-crimen-de-tres-ciudadanos\/","title":{"rendered":"En Huila fueron enviados a la c\u00e1rcel cuatro personas que estar\u00edan involucradas en el crimen de tres ciudadanos"},"content":{"rendered":"<h4 style=\"text-align: center;\"><strong><em>Una de las v\u00edctimas ser\u00eda un prestamista de 72 a\u00f1os, qui\u00e9n habr\u00eda sido amarrado y amordazado.<\/em><\/strong><\/h4>\n<figure id=\"attachment_327765\" aria-describedby=\"caption-attachment-327765\" style=\"width: 696px\" class=\"wp-caption aligncenter\"><img loading=\"lazy\" decoding=\"async\" class=\"size-large wp-image-327765\" src=\"https:\/\/www.fiscalia.gov.co\/colombia\/wp-content\/uploads\/HOMICIDIO-GIGANTE-HUILA-1-1024x576.jpeg\" alt=\"En la foto aparecen los capturados de frente y custodiado por dos uniformados de la Polic\u00eda Nacional. En la foto aparece un backing de la Polic\u00eda Nacional.\" width=\"696\" height=\"392\" srcset=\"https:\/\/www.fiscalia.gov.co\/colombia\/wp-content\/uploads\/HOMICIDIO-GIGANTE-HUILA-1-1024x576.jpeg 1024w, https:\/\/www.fiscalia.gov.co\/colombia\/wp-content\/uploads\/HOMICIDIO-GIGANTE-HUILA-1-300x169.jpeg 300w, https:\/\/www.fiscalia.gov.co\/colombia\/wp-content\/uploads\/HOMICIDIO-GIGANTE-HUILA-1-768x432.jpeg 768w, https:\/\/www.fiscalia.gov.co\/colombia\/wp-content\/uploads\/HOMICIDIO-GIGANTE-HUILA-1-1536x864.jpeg 1536w, https:\/\/www.fiscalia.gov.co\/colombia\/wp-content\/uploads\/HOMICIDIO-GIGANTE-HUILA-1-747x420.jpeg 747w, https:\/\/www.fiscalia.gov.co\/colombia\/wp-content\/uploads\/HOMICIDIO-GIGANTE-HUILA-1-696x392.jpeg 696w, https:\/\/www.fiscalia.gov.co\/colombia\/wp-content\/uploads\/HOMICIDIO-GIGANTE-HUILA-1-1068x601.jpeg 1068w, https:\/\/www.fiscalia.gov.co\/colombia\/wp-content\/uploads\/HOMICIDIO-GIGANTE-HUILA-1.jpeg 1600w\" sizes=\"auto, (max-width: 696px) 100vw, 696px\" \/><figcaption id=\"caption-attachment-327765\" class=\"wp-caption-text\">Al parecer, la v\u00edctima fue atada de pies y manos y luego amordazada por Vargas Tovar y Meneses Molina.<\/figcaption><\/figure>\n<p>Por solicitud de la Fiscal\u00eda General de la Naci\u00f3n, jueces de control de garant\u00edas impusieron medida de aseguramiento en centro carcelario contra Camilo Andr\u00e9s Burgos, Jos\u00e9 Eduer Yusunguaira Rojas, Johan Sebasti\u00e1n Vargas Tovar y Jhon Stiven Meneses Molina, quienes ser\u00edan los responsables de<strong> los asesinatos de tres ciudadanos<\/strong>, en hechos diferentes, ocurridos en Pitalito, Gigante y la vereda El Roble de Palestina (Huila).<\/p>\n<p>Fiscales de la Seccional Huila les imputaron, de acuerdo con su responsabilidad individual, los <strong>delitos de homicidio agravado y homicidio simple.<\/strong> Cargo que \u00fanicamente fue aceptado por Yusunguaira Rojas.<\/p>\n<p>Uno de los casos ocurri\u00f3 el pasado 12 de noviembre, en el barrio El Carmen de Gigante (Huila). Al parecer, Vargas Tovar y Meneses Molina llegaron hasta la vivienda<strong> donde resid\u00eda la v\u00edctima, un comerciante de 72 a\u00f1os.<\/strong> Presuntamente lo ataron de pies y manos y lo amordazaron.<\/p>\n<p>Posteriormente, le habr\u00edan causado un golpe en la cabeza con un objeto contundente, caus\u00e1ndole la muerte. Los presuntos atacantes fueron capturados en flagrancia.<\/p>\n<p>&nbsp;<\/p>\n<p>&nbsp;<\/p>\n<p>&nbsp;<\/p>\n<p>&nbsp;<\/p>\n<p>WAGG\/LMFO\/AMCJ\/AGD\/SRR\/JCFJ\/DSH<\/p>\n<p>&nbsp;<\/p>\n<p>&nbsp;<\/p>\n<p>&nbsp;<\/p>\n<p>&nbsp;<\/p>\n<div class=\"td-post-content tagdiv-type\">\n<p><em>La informaci\u00f3n contenida en este bolet\u00edn de\u00a0prensa corresponde a la narraci\u00f3n de\u00a0los hechos noticiosos objetivos, suministrados por los funcionarios encargados de\u00a0adelantar las investigaciones penales al interior de\u00a0la Fiscal\u00eda General de\u00a0la Naci\u00f3n. Para el momento de\u00a0la divulgaci\u00f3n de\u00a0este comunicado, la situaci\u00f3n jur\u00eddica de\u00a0la(s) persona(s) relacionada(s) se\u00a0encuentra pendiente de\u00a0resolver por la autoridad judicial competente, siempre bajo los preceptos de\u00a0la presunci\u00f3n de\u00a0inocencia, consagrados en el art\u00edculo 29 de\u00a0la Constituci\u00f3n Pol\u00edtica y el art\u00edculo 7\u00ba de\u00a0la Ley 906 de\u00a02004.<\/em><\/p>\n<\/div>\n<footer>\n<div class=\"td-post-source-tags\"><\/div>\n<div class=\"td-post-sharing-bottom\"><\/div>\n<\/footer>\n\n<div class=\"twitter-share\"><a href=\"https:\/\/twitter.com\/intent\/tweet?via=fiscaliacol\" class=\"twitter-share-button\">Tweet<\/a><\/div>\n","protected":false},"excerpt":{"rendered":"<p>Una de las v\u00edctimas ser\u00eda un prestamista de 72 a\u00f1os, qui\u00e9n habr\u00eda sido amarrado y amordazado. Por solicitud de la Fiscal\u00eda General de la Naci\u00f3n, jueces de control de garant\u00edas impusieron medida de aseguramiento en centro carcelario contra Camilo Andr\u00e9s Burgos, Jos\u00e9 Eduer Yusunguaira Rojas, Johan Sebasti\u00e1n Vargas Tovar y Jhon Stiven Meneses Molina, quienes [&hellip;]<\/p>\n","protected":false},"author":177,"featured_media":0,"comment_status":"closed","ping_status":"open","sticky":false,"template":"","format":"standard","meta":{"_price":"","_stock":"","_tribe_ticket_header":"","_tribe_default_ticket_provider":"","_tribe_ticket_capacity":"0","_ticket_start_date":"","_ticket_end_date":"","_tribe_ticket_show_description":"","_tribe_ticket_show_not_going":false,"_tribe_ticket_use_global_stock":"","_tribe_ticket_global_stock_level":"","_global_stock_mode":"","_global_stock_cap":"","_tribe_rsvp_for_event":"","_tribe_ticket_going_count":"","_tribe_ticket_not_going_count":"","_tribe_tickets_list":"[]","_tribe_ticket_has_attendee_info_fields":false,"tdm_status":"","tdm_grid_status":"","footnotes":""},"categories":[1],"tags":[16284,1047,28686,686,12624,16,43662,40039,26005,23922,2723,24485,23970],"class_list":{"0":"post-327762","1":"post","2":"type-post","3":"status-publish","4":"format-standard","6":"category-noticias","7":"tag-crimen","8":"tag-fiscalia-general-de-la-nacion","9":"tag-gigante","10":"tag-homicidio-agravado","11":"tag-homicidio-simple","12":"tag-huila","13":"tag-medida-en-centro-carcelario","14":"tag-muerte-violenta","15":"tag-objeto-contundente","16":"tag-palestina","17":"tag-pitalito","18":"tag-seccional-huila","19":"tag-victimas"},"yoast_head":"<!-- This site is optimized with the Yoast SEO plugin v24.3 - https:\/\/yoast.com\/wordpress\/plugins\/seo\/ -->\n<title>Fiscal\u00eda General de la Naci\u00f3n<\/title>\n<meta name=\"description\" content=\"P\u00e1gina oficial de la Fiscal\u00eda General de la Naci\u00f3n \u2013 Colombia. Garantizamos el acceso efectivo a la justicia, la verdad y la reparaci\u00f3n de las v\u00edctimas de los delitos.\" \/>\n<meta name=\"robots\" content=\"noindex, follow\" \/>\n<meta property=\"og:locale\" content=\"es_ES\" \/>\n<meta property=\"og:type\" content=\"article\" \/>\n<meta property=\"og:title\" content=\"Fiscal\u00eda General de la Naci\u00f3n\" \/>\n<meta property=\"og:description\" content=\"P\u00e1gina oficial de la Fiscal\u00eda General de la Naci\u00f3n \u2013 Colombia. Garantizamos el acceso efectivo a la justicia, la verdad y la reparaci\u00f3n de las v\u00edctimas de los delitos.\" \/>\n<meta property=\"og:url\" content=\"https:\/\/www.fiscalia.gov.co\/colombia\/noticias\/en-huila-fueron-enviados-a-la-carcel-cuatro-personas-que-estarian-involucradas-en-el-crimen-de-tres-ciudadanos\/\" \/>\n<meta property=\"og:site_name\" content=\"Fiscal\u00eda General de la Naci\u00f3n\" \/>\n<meta property=\"article:publisher\" content=\"https:\/\/www.facebook.com\/FiscaliaCol\" \/>\n<meta property=\"article:published_time\" content=\"2025-11-26T21:01:30+00:00\" \/>\n<meta property=\"og:image\" content=\"https:\/\/www.fiscalia.gov.co\/colombia\/wp-content\/uploads\/HOMICIDIO-GIGANTE-HUILA-1.jpeg\" \/>\n\t<meta property=\"og:image:width\" content=\"1600\" \/>\n\t<meta property=\"og:image:height\" content=\"900\" \/>\n\t<meta property=\"og:image:type\" content=\"image\/jpeg\" \/>\n<meta name=\"author\" content=\"Jordan Leandro Oviedo Anzola\" \/>\n<meta name=\"twitter:card\" content=\"summary_large_image\" \/>\n<meta name=\"twitter:creator\" content=\"@FiscaliaCol\" \/>\n<meta name=\"twitter:site\" content=\"@FiscaliaCol\" \/>\n<meta name=\"twitter:label1\" content=\"Escrito por\" \/>\n\t<meta name=\"twitter:data1\" content=\"Jordan Leandro Oviedo Anzola\" \/>\n\t<meta name=\"twitter:label2\" content=\"Tiempo de lectura\" \/>\n\t<meta name=\"twitter:data2\" content=\"2 minutos\" \/>\n<script type=\"application\/ld+json\" class=\"yoast-schema-graph\">{\"@context\":\"https:\/\/schema.org\",\"@graph\":[{\"@type\":\"Article\",\"@id\":\"https:\/\/www.fiscalia.gov.co\/colombia\/noticias\/en-huila-fueron-enviados-a-la-carcel-cuatro-personas-que-estarian-involucradas-en-el-crimen-de-tres-ciudadanos\/#article\",\"isPartOf\":{\"@id\":\"https:\/\/www.fiscalia.gov.co\/colombia\/noticias\/en-huila-fueron-enviados-a-la-carcel-cuatro-personas-que-estarian-involucradas-en-el-crimen-de-tres-ciudadanos\/\"},\"author\":{\"name\":\"Jordan Leandro Oviedo Anzola\",\"@id\":\"https:\/\/www.fiscalia.gov.co\/colombia\/#\/schema\/person\/bf84402cf293a5393e9c70b111020b24\"},\"headline\":\"En Huila fueron enviados a la c\u00e1rcel cuatro personas que estar\u00edan involucradas en el crimen de tres ciudadanos\",\"datePublished\":\"2025-11-26T21:01:30+00:00\",\"dateModified\":\"2025-11-26T21:01:30+00:00\",\"mainEntityOfPage\":{\"@id\":\"https:\/\/www.fiscalia.gov.co\/colombia\/noticias\/en-huila-fueron-enviados-a-la-carcel-cuatro-personas-que-estarian-involucradas-en-el-crimen-de-tres-ciudadanos\/\"},\"wordCount\":356,\"publisher\":{\"@id\":\"https:\/\/www.fiscalia.gov.co\/colombia\/#organization\"},\"image\":{\"@id\":\"https:\/\/www.fiscalia.gov.co\/colombia\/noticias\/en-huila-fueron-enviados-a-la-carcel-cuatro-personas-que-estarian-involucradas-en-el-crimen-de-tres-ciudadanos\/#primaryimage\"},\"thumbnailUrl\":\"https:\/\/www.fiscalia.gov.co\/colombia\/wp-content\/uploads\/HOMICIDIO-GIGANTE-HUILA-1-1024x576.jpeg\",\"keywords\":[\"Crimen\",\"Fiscal\u00eda General de la Naci\u00f3n\",\"Gigante\",\"Homicidio agravado\",\"homicidio simple\",\"Huila\",\"medida en centro carcelario\",\"muerte violenta\",\"objeto contundente\",\"Palestina\",\"Pitalito\",\"Seccional Huila\",\"V\u00edctimas\"],\"articleSection\":[\"Noticias\"],\"inLanguage\":\"es-CO\"},{\"@type\":\"WebPage\",\"@id\":\"https:\/\/www.fiscalia.gov.co\/colombia\/noticias\/en-huila-fueron-enviados-a-la-carcel-cuatro-personas-que-estarian-involucradas-en-el-crimen-de-tres-ciudadanos\/\",\"url\":\"https:\/\/www.fiscalia.gov.co\/colombia\/noticias\/en-huila-fueron-enviados-a-la-carcel-cuatro-personas-que-estarian-involucradas-en-el-crimen-de-tres-ciudadanos\/\",\"name\":\"Fiscal\u00eda General de la Naci\u00f3n\",\"isPartOf\":{\"@id\":\"https:\/\/www.fiscalia.gov.co\/colombia\/#website\"},\"primaryImageOfPage\":{\"@id\":\"https:\/\/www.fiscalia.gov.co\/colombia\/noticias\/en-huila-fueron-enviados-a-la-carcel-cuatro-personas-que-estarian-involucradas-en-el-crimen-de-tres-ciudadanos\/#primaryimage\"},\"image\":{\"@id\":\"https:\/\/www.fiscalia.gov.co\/colombia\/noticias\/en-huila-fueron-enviados-a-la-carcel-cuatro-personas-que-estarian-involucradas-en-el-crimen-de-tres-ciudadanos\/#primaryimage\"},\"thumbnailUrl\":\"https:\/\/www.fiscalia.gov.co\/colombia\/wp-content\/uploads\/HOMICIDIO-GIGANTE-HUILA-1-1024x576.jpeg\",\"datePublished\":\"2025-11-26T21:01:30+00:00\",\"dateModified\":\"2025-11-26T21:01:30+00:00\",\"description\":\"P\u00e1gina oficial de la Fiscal\u00eda General de la Naci\u00f3n \u2013 Colombia. Garantizamos el acceso efectivo a la justicia, la verdad y la reparaci\u00f3n de las v\u00edctimas de los delitos.\",\"breadcrumb\":{\"@id\":\"https:\/\/www.fiscalia.gov.co\/colombia\/noticias\/en-huila-fueron-enviados-a-la-carcel-cuatro-personas-que-estarian-involucradas-en-el-crimen-de-tres-ciudadanos\/#breadcrumb\"},\"inLanguage\":\"es-CO\",\"potentialAction\":[{\"@type\":\"ReadAction\",\"target\":[\"https:\/\/www.fiscalia.gov.co\/colombia\/noticias\/en-huila-fueron-enviados-a-la-carcel-cuatro-personas-que-estarian-involucradas-en-el-crimen-de-tres-ciudadanos\/\"]}]},{\"@type\":\"ImageObject\",\"inLanguage\":\"es-CO\",\"@id\":\"https:\/\/www.fiscalia.gov.co\/colombia\/noticias\/en-huila-fueron-enviados-a-la-carcel-cuatro-personas-que-estarian-involucradas-en-el-crimen-de-tres-ciudadanos\/#primaryimage\",\"url\":\"https:\/\/www.fiscalia.gov.co\/colombia\/wp-content\/uploads\/HOMICIDIO-GIGANTE-HUILA-1.jpeg\",\"contentUrl\":\"https:\/\/www.fiscalia.gov.co\/colombia\/wp-content\/uploads\/HOMICIDIO-GIGANTE-HUILA-1.jpeg\",\"width\":1600,\"height\":900,\"caption\":\"Al parecer, la v\u00edctima fue atada de pies y manos y luego amordazada por Vargas Tovar y Meneses Molina.\"},{\"@type\":\"BreadcrumbList\",\"@id\":\"https:\/\/www.fiscalia.gov.co\/colombia\/noticias\/en-huila-fueron-enviados-a-la-carcel-cuatro-personas-que-estarian-involucradas-en-el-crimen-de-tres-ciudadanos\/#breadcrumb\",\"itemListElement\":[{\"@type\":\"ListItem\",\"position\":1,\"name\":\"Home\",\"item\":\"https:\/\/www.fiscalia.gov.co\/colombia\/\"},{\"@type\":\"ListItem\",\"position\":2,\"name\":\"En Huila fueron enviados a la c\u00e1rcel cuatro personas que estar\u00edan involucradas en el crimen de tres ciudadanos\"}]},{\"@type\":\"WebSite\",\"@id\":\"https:\/\/www.fiscalia.gov.co\/colombia\/#website\",\"url\":\"https:\/\/www.fiscalia.gov.co\/colombia\/\",\"name\":\"Fiscal\u00eda General de la Naci\u00f3n\",\"description\":\"P\u00e1gina oficial de la Fiscal\u00eda General de la Naci\u00f3n \u2013 Colombia. Garantizamos el acceso efectivo a la justicia, la verdad y la reparaci\u00f3n de las v\u00edctimas de los delitos.\",\"publisher\":{\"@id\":\"https:\/\/www.fiscalia.gov.co\/colombia\/#organization\"},\"potentialAction\":[{\"@type\":\"SearchAction\",\"target\":{\"@type\":\"EntryPoint\",\"urlTemplate\":\"https:\/\/www.fiscalia.gov.co\/colombia\/?s={search_term_string}\"},\"query-input\":{\"@type\":\"PropertyValueSpecification\",\"valueRequired\":true,\"valueName\":\"search_term_string\"}}],\"inLanguage\":\"es-CO\"},{\"@type\":\"Organization\",\"@id\":\"https:\/\/www.fiscalia.gov.co\/colombia\/#organization\",\"name\":\"Fiscal\u00eda General de la Naci\u00f3n\",\"url\":\"https:\/\/www.fiscalia.gov.co\/colombia\/\",\"logo\":{\"@type\":\"ImageObject\",\"inLanguage\":\"es-CO\",\"@id\":\"https:\/\/www.fiscalia.gov.co\/colombia\/#\/schema\/logo\/image\/\",\"url\":\"https:\/\/www.fiscalia.gov.co\/colombia\/wp-content\/uploads\/LogoHorizontal_1.jpg\",\"contentUrl\":\"https:\/\/www.fiscalia.gov.co\/colombia\/wp-content\/uploads\/LogoHorizontal_1.jpg\",\"width\":300,\"height\":90,\"caption\":\"Fiscal\u00eda General de la Naci\u00f3n\"},\"image\":{\"@id\":\"https:\/\/www.fiscalia.gov.co\/colombia\/#\/schema\/logo\/image\/\"},\"sameAs\":[\"https:\/\/www.facebook.com\/FiscaliaCol\",\"https:\/\/x.com\/FiscaliaCol\",\"https:\/\/www.instagram.com\/fiscaliacol\",\"https:\/\/www.linkedin.com\/company\/fiscalia-general-de-la-naci-n\/\",\"https:\/\/youtube.com\/@fiscaliageneraldelanacion-4668?si=6nN79nyQICPU5iTh\"]},{\"@type\":\"Person\",\"@id\":\"https:\/\/www.fiscalia.gov.co\/colombia\/#\/schema\/person\/bf84402cf293a5393e9c70b111020b24\",\"name\":\"Jordan Leandro Oviedo Anzola\",\"image\":{\"@type\":\"ImageObject\",\"inLanguage\":\"es-CO\",\"@id\":\"https:\/\/www.fiscalia.gov.co\/colombia\/#\/schema\/person\/image\/\",\"url\":\"https:\/\/secure.gravatar.com\/avatar\/dabba4346fa9b9207d96adafa8f92721?s=96&d=mm&r=g\",\"contentUrl\":\"https:\/\/secure.gravatar.com\/avatar\/dabba4346fa9b9207d96adafa8f92721?s=96&d=mm&r=g\",\"caption\":\"Jordan Leandro Oviedo Anzola\"},\"url\":\"https:\/\/www.fiscalia.gov.co\/colombia\/author\/joviedo\/\"}]}<\/script>\n<!-- \/ Yoast SEO plugin. -->","yoast_head_json":{"title":"Fiscal\u00eda General de la Naci\u00f3n","description":"P\u00e1gina oficial de la Fiscal\u00eda General de la Naci\u00f3n \u2013 Colombia. Garantizamos el acceso efectivo a la justicia, la verdad y la reparaci\u00f3n de las v\u00edctimas de los delitos.","robots":{"index":"noindex","follow":"follow"},"og_locale":"es_ES","og_type":"article","og_title":"Fiscal\u00eda General de la Naci\u00f3n","og_description":"P\u00e1gina oficial de la Fiscal\u00eda General de la Naci\u00f3n \u2013 Colombia. Garantizamos el acceso efectivo a la justicia, la verdad y la reparaci\u00f3n de las v\u00edctimas de los delitos.","og_url":"https:\/\/www.fiscalia.gov.co\/colombia\/noticias\/en-huila-fueron-enviados-a-la-carcel-cuatro-personas-que-estarian-involucradas-en-el-crimen-de-tres-ciudadanos\/","og_site_name":"Fiscal\u00eda General de la Naci\u00f3n","article_publisher":"https:\/\/www.facebook.com\/FiscaliaCol","article_published_time":"2025-11-26T21:01:30+00:00","og_image":[{"width":1600,"height":900,"url":"https:\/\/www.fiscalia.gov.co\/colombia\/wp-content\/uploads\/HOMICIDIO-GIGANTE-HUILA-1.jpeg","type":"image\/jpeg"}],"author":"Jordan Leandro Oviedo Anzola","twitter_card":"summary_large_image","twitter_creator":"@FiscaliaCol","twitter_site":"@FiscaliaCol","twitter_misc":{"Escrito por":"Jordan Leandro Oviedo Anzola","Tiempo de lectura":"2 minutos"},"schema":{"@context":"https:\/\/schema.org","@graph":[{"@type":"Article","@id":"https:\/\/www.fiscalia.gov.co\/colombia\/noticias\/en-huila-fueron-enviados-a-la-carcel-cuatro-personas-que-estarian-involucradas-en-el-crimen-de-tres-ciudadanos\/#article","isPartOf":{"@id":"https:\/\/www.fiscalia.gov.co\/colombia\/noticias\/en-huila-fueron-enviados-a-la-carcel-cuatro-personas-que-estarian-involucradas-en-el-crimen-de-tres-ciudadanos\/"},"author":{"name":"Jordan Leandro Oviedo Anzola","@id":"https:\/\/www.fiscalia.gov.co\/colombia\/#\/schema\/person\/bf84402cf293a5393e9c70b111020b24"},"headline":"En Huila fueron enviados a la c\u00e1rcel cuatro personas que estar\u00edan involucradas en el crimen de tres ciudadanos","datePublished":"2025-11-26T21:01:30+00:00","dateModified":"2025-11-26T21:01:30+00:00","mainEntityOfPage":{"@id":"https:\/\/www.fiscalia.gov.co\/colombia\/noticias\/en-huila-fueron-enviados-a-la-carcel-cuatro-personas-que-estarian-involucradas-en-el-crimen-de-tres-ciudadanos\/"},"wordCount":356,"publisher":{"@id":"https:\/\/www.fiscalia.gov.co\/colombia\/#organization"},"image":{"@id":"https:\/\/www.fiscalia.gov.co\/colombia\/noticias\/en-huila-fueron-enviados-a-la-carcel-cuatro-personas-que-estarian-involucradas-en-el-crimen-de-tres-ciudadanos\/#primaryimage"},"thumbnailUrl":"https:\/\/www.fiscalia.gov.co\/colombia\/wp-content\/uploads\/HOMICIDIO-GIGANTE-HUILA-1-1024x576.jpeg","keywords":["Crimen","Fiscal\u00eda General de la Naci\u00f3n","Gigante","Homicidio agravado","homicidio simple","Huila","medida en centro carcelario","muerte violenta","objeto contundente","Palestina","Pitalito","Seccional Huila","V\u00edctimas"],"articleSection":["Noticias"],"inLanguage":"es-CO"},{"@type":"WebPage","@id":"https:\/\/www.fiscalia.gov.co\/colombia\/noticias\/en-huila-fueron-enviados-a-la-carcel-cuatro-personas-que-estarian-involucradas-en-el-crimen-de-tres-ciudadanos\/","url":"https:\/\/www.fiscalia.gov.co\/colombia\/noticias\/en-huila-fueron-enviados-a-la-carcel-cuatro-personas-que-estarian-involucradas-en-el-crimen-de-tres-ciudadanos\/","name":"Fiscal\u00eda General de la Naci\u00f3n","isPartOf":{"@id":"https:\/\/www.fiscalia.gov.co\/colombia\/#website"},"primaryImageOfPage":{"@id":"https:\/\/www.fiscalia.gov.co\/colombia\/noticias\/en-huila-fueron-enviados-a-la-carcel-cuatro-personas-que-estarian-involucradas-en-el-crimen-de-tres-ciudadanos\/#primaryimage"},"image":{"@id":"https:\/\/www.fiscalia.gov.co\/colombia\/noticias\/en-huila-fueron-enviados-a-la-carcel-cuatro-personas-que-estarian-involucradas-en-el-crimen-de-tres-ciudadanos\/#primaryimage"},"thumbnailUrl":"https:\/\/www.fiscalia.gov.co\/colombia\/wp-content\/uploads\/HOMICIDIO-GIGANTE-HUILA-1-1024x576.jpeg","datePublished":"2025-11-26T21:01:30+00:00","dateModified":"2025-11-26T21:01:30+00:00","description":"P\u00e1gina oficial de la Fiscal\u00eda General de la Naci\u00f3n \u2013 Colombia. Garantizamos el acceso efectivo a la justicia, la verdad y la reparaci\u00f3n de las v\u00edctimas de los delitos.","breadcrumb":{"@id":"https:\/\/www.fiscalia.gov.co\/colombia\/noticias\/en-huila-fueron-enviados-a-la-carcel-cuatro-personas-que-estarian-involucradas-en-el-crimen-de-tres-ciudadanos\/#breadcrumb"},"inLanguage":"es-CO","potentialAction":[{"@type":"ReadAction","target":["https:\/\/www.fiscalia.gov.co\/colombia\/noticias\/en-huila-fueron-enviados-a-la-carcel-cuatro-personas-que-estarian-involucradas-en-el-crimen-de-tres-ciudadanos\/"]}]},{"@type":"ImageObject","inLanguage":"es-CO","@id":"https:\/\/www.fiscalia.gov.co\/colombia\/noticias\/en-huila-fueron-enviados-a-la-carcel-cuatro-personas-que-estarian-involucradas-en-el-crimen-de-tres-ciudadanos\/#primaryimage","url":"https:\/\/www.fiscalia.gov.co\/colombia\/wp-content\/uploads\/HOMICIDIO-GIGANTE-HUILA-1.jpeg","contentUrl":"https:\/\/www.fiscalia.gov.co\/colombia\/wp-content\/uploads\/HOMICIDIO-GIGANTE-HUILA-1.jpeg","width":1600,"height":900,"caption":"Al parecer, la v\u00edctima fue atada de pies y manos y luego amordazada por Vargas Tovar y Meneses Molina."},{"@type":"BreadcrumbList","@id":"https:\/\/www.fiscalia.gov.co\/colombia\/noticias\/en-huila-fueron-enviados-a-la-carcel-cuatro-personas-que-estarian-involucradas-en-el-crimen-de-tres-ciudadanos\/#breadcrumb","itemListElement":[{"@type":"ListItem","position":1,"name":"Home","item":"https:\/\/www.fiscalia.gov.co\/colombia\/"},{"@type":"ListItem","position":2,"name":"En Huila fueron enviados a la c\u00e1rcel cuatro personas que estar\u00edan involucradas en el crimen de tres ciudadanos"}]},{"@type":"WebSite","@id":"https:\/\/www.fiscalia.gov.co\/colombia\/#website","url":"https:\/\/www.fiscalia.gov.co\/colombia\/","name":"Fiscal\u00eda General de la Naci\u00f3n","description":"P\u00e1gina oficial de la Fiscal\u00eda General de la Naci\u00f3n \u2013 Colombia. Garantizamos el acceso efectivo a la justicia, la verdad y la reparaci\u00f3n de las v\u00edctimas de los delitos.","publisher":{"@id":"https:\/\/www.fiscalia.gov.co\/colombia\/#organization"},"potentialAction":[{"@type":"SearchAction","target":{"@type":"EntryPoint","urlTemplate":"https:\/\/www.fiscalia.gov.co\/colombia\/?s={search_term_string}"},"query-input":{"@type":"PropertyValueSpecification","valueRequired":true,"valueName":"search_term_string"}}],"inLanguage":"es-CO"},{"@type":"Organization","@id":"https:\/\/www.fiscalia.gov.co\/colombia\/#organization","name":"Fiscal\u00eda General de la Naci\u00f3n","url":"https:\/\/www.fiscalia.gov.co\/colombia\/","logo":{"@type":"ImageObject","inLanguage":"es-CO","@id":"https:\/\/www.fiscalia.gov.co\/colombia\/#\/schema\/logo\/image\/","url":"https:\/\/www.fiscalia.gov.co\/colombia\/wp-content\/uploads\/LogoHorizontal_1.jpg","contentUrl":"https:\/\/www.fiscalia.gov.co\/colombia\/wp-content\/uploads\/LogoHorizontal_1.jpg","width":300,"height":90,"caption":"Fiscal\u00eda General de la Naci\u00f3n"},"image":{"@id":"https:\/\/www.fiscalia.gov.co\/colombia\/#\/schema\/logo\/image\/"},"sameAs":["https:\/\/www.facebook.com\/FiscaliaCol","https:\/\/x.com\/FiscaliaCol","https:\/\/www.instagram.com\/fiscaliacol","https:\/\/www.linkedin.com\/company\/fiscalia-general-de-la-naci-n\/","https:\/\/youtube.com\/@fiscaliageneraldelanacion-4668?si=6nN79nyQICPU5iTh"]},{"@type":"Person","@id":"https:\/\/www.fiscalia.gov.co\/colombia\/#\/schema\/person\/bf84402cf293a5393e9c70b111020b24","name":"Jordan Leandro Oviedo Anzola","image":{"@type":"ImageObject","inLanguage":"es-CO","@id":"https:\/\/www.fiscalia.gov.co\/colombia\/#\/schema\/person\/image\/","url":"https:\/\/secure.gravatar.com\/avatar\/dabba4346fa9b9207d96adafa8f92721?s=96&d=mm&r=g","contentUrl":"https:\/\/secure.gravatar.com\/avatar\/dabba4346fa9b9207d96adafa8f92721?s=96&d=mm&r=g","caption":"Jordan Leandro Oviedo Anzola"},"url":"https:\/\/www.fiscalia.gov.co\/colombia\/author\/joviedo\/"}]}},"_links":{"self":[{"href":"https:\/\/www.fiscalia.gov.co\/colombia\/wp-json\/wp\/v2\/posts\/327762","targetHints":{"allow":["GET"]}}],"collection":[{"href":"https:\/\/www.fiscalia.gov.co\/colombia\/wp-json\/wp\/v2\/posts"}],"about":[{"href":"https:\/\/www.fiscalia.gov.co\/colombia\/wp-json\/wp\/v2\/types\/post"}],"author":[{"embeddable":true,"href":"https:\/\/www.fiscalia.gov.co\/colombia\/wp-json\/wp\/v2\/users\/177"}],"replies":[{"embeddable":true,"href":"https:\/\/www.fiscalia.gov.co\/colombia\/wp-json\/wp\/v2\/comments?post=327762"}],"version-history":[{"count":1,"href":"https:\/\/www.fiscalia.gov.co\/colombia\/wp-json\/wp\/v2\/posts\/327762\/revisions"}],"predecessor-version":[{"id":327766,"href":"https:\/\/www.fiscalia.gov.co\/colombia\/wp-json\/wp\/v2\/posts\/327762\/revisions\/327766"}],"wp:attachment":[{"href":"https:\/\/www.fiscalia.gov.co\/colombia\/wp-json\/wp\/v2\/media?parent=327762"}],"wp:term":[{"taxonomy":"category","embeddable":true,"href":"https:\/\/www.fiscalia.gov.co\/colombia\/wp-json\/wp\/v2\/categories?post=327762"},{"taxonomy":"post_tag","embeddable":true,"href":"https:\/\/www.fiscalia.gov.co\/colombia\/wp-json\/wp\/v2\/tags?post=327762"}],"curies":[{"name":"wp","href":"https:\/\/api.w.org\/{rel}","templated":true}]}}