{"id":327647,"date":"2025-11-24T11:59:40","date_gmt":"2025-11-24T16:59:40","guid":{"rendered":"https:\/\/www.fiscalia.gov.co\/colombia\/?p=327647"},"modified":"2025-11-24T11:59:40","modified_gmt":"2025-11-24T16:59:40","slug":"judicializadas-seis-personas-que-estarian-implicadas-en-la-comercializacion-de-estupefacientes-y-otras-conductas-delictivas","status":"publish","type":"post","link":"https:\/\/www.fiscalia.gov.co\/colombia\/noticias\/judicializadas-seis-personas-que-estarian-implicadas-en-la-comercializacion-de-estupefacientes-y-otras-conductas-delictivas\/","title":{"rendered":"Judicializadas seis personas que estar\u00edan\u00a0implicadas en la comercializaci\u00f3n de estupefacientes y otras conductas delictivas\u00a0"},"content":{"rendered":"<p>Seis <a href=\"https:\/\/www.fiscalia.gov.co\/colombia\/noticias\/judicializadas-tres-personas-senaladas-de-trafico-local-estupefacientes-en-la-dorada-y-aguadas-caldas\/\">personas<\/a>\u00a0que estar\u00edan involucradas en el <strong>almacenamiento y distribuci\u00f3n de\u00a0marihuana y clorhidrato de coca\u00edna<\/strong> que era transportada desde el norte del Cauca y otras conductas delictivas fueron judicializadas.<\/p>\n<p>La investigaci\u00f3n estableci\u00f3 que <strong>los estupefacientes\u00a0posteriormente eran distribuidos y comercializados<\/strong> en Sup\u00eda y Riosucio (Caldas), en Gu\u00e1tica (Risaralda) y en los barrios Las Lomas y San Luis de la localidad de Rafael Uribe Uribe, en Bogot\u00e1.<\/p>\n<p>Se trata de Fernando\u00a0Esteban Carvajal Yamav, alias El Indio; Jos\u00e9 Francisco Hern\u00e1ndez Reyes, alias Panela; Yohan Rond\u00f3n Monroy, alias Samadongo; Angi Xiomara Garz\u00f3n Var\u00f3n; y Yerson Andr\u00e9s Yara Garz\u00f3n, Andrea Carolina S\u00e1nchez Giraldo.<\/p>\n<figure id=\"attachment_327648\" aria-describedby=\"caption-attachment-327648\" style=\"width: 637px\" class=\"wp-caption aligncenter\"><img loading=\"lazy\" decoding=\"async\" class=\" wp-image-327648\" src=\"https:\/\/www.fiscalia.gov.co\/colombia\/wp-content\/uploads\/Jose-Francisco-Hernandez-Reyes-judicializado-por-los-delitos-de-trafico-fabricacion-o-porte-de-estupefacientes-y-destinacion-ilicita-de-inmuebles-copia.jpg\" alt=\"Se visualiza al capturado junto a un uniformado de la Polic\u00eda Nacional y un investigador del CTI. Frente a ellos una mesa con las sustancias incautadas.\u00a0 Detr\u00e1s de ellos el banner que identifica a la Fiscal\u00eda General de la Naci\u00f3n.\" width=\"637\" height=\"470\" srcset=\"https:\/\/www.fiscalia.gov.co\/colombia\/wp-content\/uploads\/Jose-Francisco-Hernandez-Reyes-judicializado-por-los-delitos-de-trafico-fabricacion-o-porte-de-estupefacientes-y-destinacion-ilicita-de-inmuebles-copia.jpg 309w, https:\/\/www.fiscalia.gov.co\/colombia\/wp-content\/uploads\/Jose-Francisco-Hernandez-Reyes-judicializado-por-los-delitos-de-trafico-fabricacion-o-porte-de-estupefacientes-y-destinacion-ilicita-de-inmuebles-copia-300x221.jpg 300w, https:\/\/www.fiscalia.gov.co\/colombia\/wp-content\/uploads\/Jose-Francisco-Hernandez-Reyes-judicializado-por-los-delitos-de-trafico-fabricacion-o-porte-de-estupefacientes-y-destinacion-ilicita-de-inmuebles-copia-80x60.jpg 80w\" sizes=\"auto, (max-width: 637px) 100vw, 637px\" \/><figcaption id=\"caption-attachment-327648\" class=\"wp-caption-text\">Jos\u00e9 Francisco Hern\u00e1ndez Reyes, judicializado por los delitos de tr\u00e1fico, fabricaci\u00f3n o porte de estupefacientes, y destinaci\u00f3n il\u00edcita de inmuebles.<\/figcaption><\/figure>\n<p>Servidores del\u00a0Cuerpo T\u00e9cnico de Investigaci\u00f3n (CTI), con apoyo de la Polic\u00eda Nacional y el Gaula Militar capturaron a los procesados en diferentes diligencias allanamiento y registro.<\/p>\n<p>Un fiscal de la Seccional Caldas los imput\u00f3 de acuerdo con su responsabilidad individual<strong>, <\/strong>por los <strong>delitos de tr\u00e1fico, fabricaci\u00f3n o porte de estupefacientes, destinaci\u00f3n il\u00edcita de inmuebles y tentativa de\u00a0<a href=\"https:\/\/www.fiscalia.gov.co\/colombia\/noticias\/hombre-que-estaria-involucrado-en-atentado-contra-la-vida-de-ciudadano-en-anserma-caldas-fue-judicializado\/\">homicidio<\/a>.\u00a0<\/strong><\/p>\n<figure id=\"attachment_327649\" aria-describedby=\"caption-attachment-327649\" style=\"width: 643px\" class=\"wp-caption aligncenter\"><img loading=\"lazy\" decoding=\"async\" class=\" wp-image-327649\" src=\"https:\/\/www.fiscalia.gov.co\/colombia\/wp-content\/uploads\/Yohan-Rondon-Monroy-Angi-Xiomara-Garzon-Varon-y-Yerson-Andres-Yara-Garzon-judicializados-por-el-delito-de-tentativa-de-homicidio-copia.jpg\" alt=\" Se visualiza a los capturados junto a dos investigadores del CTI. Detr\u00e1s de ellos el banner que identifica a la Fiscal\u00eda General de la Naci\u00f3n\" width=\"643\" height=\"445\" srcset=\"https:\/\/www.fiscalia.gov.co\/colombia\/wp-content\/uploads\/Yohan-Rondon-Monroy-Angi-Xiomara-Garzon-Varon-y-Yerson-Andres-Yara-Garzon-judicializados-por-el-delito-de-tentativa-de-homicidio-copia.jpg 334w, https:\/\/www.fiscalia.gov.co\/colombia\/wp-content\/uploads\/Yohan-Rondon-Monroy-Angi-Xiomara-Garzon-Varon-y-Yerson-Andres-Yara-Garzon-judicializados-por-el-delito-de-tentativa-de-homicidio-copia-300x207.jpg 300w, https:\/\/www.fiscalia.gov.co\/colombia\/wp-content\/uploads\/Yohan-Rondon-Monroy-Angi-Xiomara-Garzon-Varon-y-Yerson-Andres-Yara-Garzon-judicializados-por-el-delito-de-tentativa-de-homicidio-copia-218x150.jpg 218w, https:\/\/www.fiscalia.gov.co\/colombia\/wp-content\/uploads\/Yohan-Rondon-Monroy-Angi-Xiomara-Garzon-Varon-y-Yerson-Andres-Yara-Garzon-judicializados-por-el-delito-de-tentativa-de-homicidio-copia-100x70.jpg 100w\" sizes=\"auto, (max-width: 643px) 100vw, 643px\" \/><figcaption id=\"caption-attachment-327649\" class=\"wp-caption-text\">Yohan Rond\u00f3n Monroy, Angi Xiomara Garz\u00f3n Var\u00f3n y Yerson Andr\u00e9s Yara Garz\u00f3n, judicializados por el delito de tentativa de homicidio<\/figcaption><\/figure>\n<p>Las actividades il\u00edcitas se desarrollaban mediante la utilizaci\u00f3n de inmuebles <strong>para el acopio y dosificaci\u00f3n del estupefaciente,<\/strong> as\u00ed como el uso de celulares para coordinar entregas y otras acciones delictivas.<\/p>\n<p>Adem\u00e1s, se estableci\u00f3 que\u00a0tres de <strong>los procesados habr\u00edan participado en ataques con arma de fuego contra tres personas<\/strong>, en hechos ocurridos en Bogot\u00e1 durante junio y agosto recientes.<\/p>\n<figure id=\"attachment_327650\" aria-describedby=\"caption-attachment-327650\" style=\"width: 678px\" class=\"wp-caption aligncenter\"><img loading=\"lazy\" decoding=\"async\" class=\"size-full wp-image-327650\" src=\"https:\/\/www.fiscalia.gov.co\/colombia\/wp-content\/uploads\/Fernando-Esteban-Carvajal-Yamav-y-Andrea-Carolina-Sanchez-Giraldo-judicializados-segun-su-responsabilidad-por-los-delitos-de-trafico-fabricacion-o-porte-de-estupefacientes-y-destinacion-ilici.jpg\" alt=\"Se visualiza a los capturados junto a un investigador CTI.\" width=\"678\" height=\"525\" srcset=\"https:\/\/www.fiscalia.gov.co\/colombia\/wp-content\/uploads\/Fernando-Esteban-Carvajal-Yamav-y-Andrea-Carolina-Sanchez-Giraldo-judicializados-segun-su-responsabilidad-por-los-delitos-de-trafico-fabricacion-o-porte-de-estupefacientes-y-destinacion-ilici.jpg 678w, https:\/\/www.fiscalia.gov.co\/colombia\/wp-content\/uploads\/Fernando-Esteban-Carvajal-Yamav-y-Andrea-Carolina-Sanchez-Giraldo-judicializados-segun-su-responsabilidad-por-los-delitos-de-trafico-fabricacion-o-porte-de-estupefacientes-y-destinacion-ilici-300x232.jpg 300w, https:\/\/www.fiscalia.gov.co\/colombia\/wp-content\/uploads\/Fernando-Esteban-Carvajal-Yamav-y-Andrea-Carolina-Sanchez-Giraldo-judicializados-segun-su-responsabilidad-por-los-delitos-de-trafico-fabricacion-o-porte-de-estupefacientes-y-destinacion-ilici-542x420.jpg 542w\" sizes=\"auto, (max-width: 678px) 100vw, 678px\" \/><figcaption id=\"caption-attachment-327650\" class=\"wp-caption-text\">Fernando Esteban Carvajal Yamav y Andrea Carolina S\u00e1nchez Giraldo, judicializados seg\u00fan su responsabilidad por los delitos de tr\u00e1fico, fabricaci\u00f3n o porte de estupefacientes, y destinaci\u00f3n il\u00edcita de inmuebles.<span style=\"color: #222222; font-size: 15px;\">\u00a0 \u00a0 \u00a0 \u00a0 \u00a0 \u00a0 \u00a0 \u00a0 \u00a0 \u00a0 \u00a0 \u00a0 \u00a0 \u00a0 \u00a0 \u00a0 \u00a0 \u00a0 \u00a0 \u00a0 \u00a0 \u00a0 \u00a0 \u00a0 \u00a0 \u00a0 \u00a0 \u00a0 \u00a0 \u00a0 \u00a0 \u00a0 \u00a0 \u00a0 \u00a0 \u00a0 \u00a0 \u00a0 \u00a0 \u00a0 \u00a0 \u00a0 \u00a0 \u00a0 \u00a0\u00a0<\/span><\/figcaption><\/figure>\n<p>En los procedimientos de captura <strong>se incautaron 1.450 gramos de clorhidrato de coca\u00edna<\/strong>, 2.680 gramos de marihuana, una gramera y nueve celulares. Tras la imputaci\u00f3n, los procesados aceptaron los cargos. Un juez con funciones de control de garant\u00edas lesimpuso medida de aseguramiento privativa de la libertad en centro carcelario a tres de ellos y detenci\u00f3n domiciliaria para el resto.<\/p>\n<p>&nbsp;<\/p>\n<p>&nbsp;<\/p>\n<p>&nbsp;<\/p>\n<p>&nbsp;<\/p>\n<p>&nbsp;<\/p>\n<p>MPHA\/AMCJ\/ACG\/DSC<\/p>\n<p>&nbsp;<\/p>\n<p>&nbsp;<\/p>\n<p>&nbsp;<\/p>\n<p>&nbsp;<\/p>\n<p>&nbsp;<\/p>\n<p><em>La informaci\u00f3n contenida en este bolet\u00edn de\u00a0prensa corresponde a la narraci\u00f3n de\u00a0los hechos noticiosos objetivos, suministrados por los funcionarios encargados de\u00a0adelantar las investigaciones penales al interior de\u00a0la Fiscal\u00eda General de\u00a0la Naci\u00f3n. Para el momento de\u00a0la divulgaci\u00f3n de\u00a0este comunicado, la situaci\u00f3n jur\u00eddica de\u00a0la(s) persona(s) relacionada(s) se\u00a0encuentra pendiente de\u00a0resolver por la autoridad judicial competente, siempre bajo los preceptos de\u00a0la presunci\u00f3n de\u00a0inocencia, consagrados en el art\u00edculo 29 de\u00a0la Constituci\u00f3n Pol\u00edtica y el art\u00edculo 7\u00ba de\u00a0la Ley 906 de\u00a02004.<\/em><\/p>\n\n<div class=\"twitter-share\"><a href=\"https:\/\/twitter.com\/intent\/tweet?via=fiscaliacol\" class=\"twitter-share-button\">Tweet<\/a><\/div>\n","protected":false},"excerpt":{"rendered":"<p>Seis personas\u00a0que estar\u00edan involucradas en el almacenamiento y distribuci\u00f3n de\u00a0marihuana y clorhidrato de coca\u00edna que era transportada desde el norte del Cauca y otras conductas delictivas fueron judicializadas. La investigaci\u00f3n estableci\u00f3 que los estupefacientes\u00a0posteriormente eran distribuidos y comercializados en Sup\u00eda y Riosucio (Caldas), en Gu\u00e1tica (Risaralda) y en los barrios Las Lomas y San Luis [&hellip;]<\/p>\n","protected":false},"author":177,"featured_media":0,"comment_status":"closed","ping_status":"open","sticky":false,"template":"","format":"standard","meta":{"_price":"","_stock":"","_tribe_ticket_header":"","_tribe_default_ticket_provider":"","_tribe_ticket_capacity":"0","_ticket_start_date":"","_ticket_end_date":"","_tribe_ticket_show_description":"","_tribe_ticket_show_not_going":false,"_tribe_ticket_use_global_stock":"","_tribe_ticket_global_stock_level":"","_global_stock_mode":"","_global_stock_cap":"","_tribe_rsvp_for_event":"","_tribe_ticket_going_count":"","_tribe_ticket_not_going_count":"","_tribe_tickets_list":"[]","_tribe_ticket_has_attendee_info_fields":false,"tdm_status":"","tdm_grid_status":"","footnotes":""},"categories":[1,330,303],"tags":[9477,37492,4614,1047,29615,17967,24665,10084,25539],"class_list":{"0":"post-327647","1":"post","2":"type-post","3":"status-publish","4":"format-standard","6":"category-noticias","7":"category-seccional-manizales","8":"category-seccionales","9":"tag-comunidad","10":"tag-fiscal-luz-adriana-camargo","11":"tag-fiscalia-2","12":"tag-fiscalia-general-de-la-nacion","13":"tag-impacto","14":"tag-investigacion","15":"tag-manizales-caldas","16":"tag-seguridad","17":"tag-sustancias-estupefacientes"},"yoast_head":"<!-- This site is optimized with the Yoast SEO plugin v24.3 - https:\/\/yoast.com\/wordpress\/plugins\/seo\/ -->\n<title>Fiscal\u00eda General de la Naci\u00f3n<\/title>\n<meta name=\"description\" content=\"P\u00e1gina oficial de la Fiscal\u00eda General de la Naci\u00f3n \u2013 Colombia. Garantizamos el acceso efectivo a la justicia, la verdad y la reparaci\u00f3n de las v\u00edctimas de los delitos.\" \/>\n<meta name=\"robots\" content=\"noindex, follow\" \/>\n<meta property=\"og:locale\" content=\"es_ES\" \/>\n<meta property=\"og:type\" content=\"article\" \/>\n<meta property=\"og:title\" content=\"Fiscal\u00eda General de la Naci\u00f3n\" \/>\n<meta property=\"og:description\" content=\"P\u00e1gina oficial de la Fiscal\u00eda General de la Naci\u00f3n \u2013 Colombia. Garantizamos el acceso efectivo a la justicia, la verdad y la reparaci\u00f3n de las v\u00edctimas de los delitos.\" \/>\n<meta property=\"og:url\" content=\"https:\/\/www.fiscalia.gov.co\/colombia\/noticias\/judicializadas-seis-personas-que-estarian-implicadas-en-la-comercializacion-de-estupefacientes-y-otras-conductas-delictivas\/\" \/>\n<meta property=\"og:site_name\" content=\"Fiscal\u00eda General de la Naci\u00f3n\" \/>\n<meta property=\"article:publisher\" content=\"https:\/\/www.facebook.com\/FiscaliaCol\" \/>\n<meta property=\"article:published_time\" content=\"2025-11-24T16:59:40+00:00\" \/>\n<meta property=\"og:image\" content=\"https:\/\/www.fiscalia.gov.co\/colombia\/wp-content\/uploads\/Jose-Francisco-Hernandez-Reyes-judicializado-por-los-delitos-de-trafico-fabricacion-o-porte-de-estupefacientes-y-destinacion-ilicita-de-inmuebles-copia.jpg\" \/>\n\t<meta property=\"og:image:width\" content=\"309\" \/>\n\t<meta property=\"og:image:height\" content=\"228\" \/>\n\t<meta property=\"og:image:type\" content=\"image\/jpeg\" \/>\n<meta name=\"author\" content=\"Jordan Leandro Oviedo Anzola\" \/>\n<meta name=\"twitter:card\" content=\"summary_large_image\" \/>\n<meta name=\"twitter:creator\" content=\"@FiscaliaCol\" \/>\n<meta name=\"twitter:site\" content=\"@FiscaliaCol\" \/>\n<meta name=\"twitter:label1\" content=\"Escrito por\" \/>\n\t<meta name=\"twitter:data1\" content=\"Jordan Leandro Oviedo Anzola\" \/>\n\t<meta name=\"twitter:label2\" content=\"Tiempo de lectura\" \/>\n\t<meta name=\"twitter:data2\" content=\"3 minutos\" \/>\n<script type=\"application\/ld+json\" class=\"yoast-schema-graph\">{\"@context\":\"https:\/\/schema.org\",\"@graph\":[{\"@type\":\"Article\",\"@id\":\"https:\/\/www.fiscalia.gov.co\/colombia\/noticias\/judicializadas-seis-personas-que-estarian-implicadas-en-la-comercializacion-de-estupefacientes-y-otras-conductas-delictivas\/#article\",\"isPartOf\":{\"@id\":\"https:\/\/www.fiscalia.gov.co\/colombia\/noticias\/judicializadas-seis-personas-que-estarian-implicadas-en-la-comercializacion-de-estupefacientes-y-otras-conductas-delictivas\/\"},\"author\":{\"name\":\"Jordan Leandro Oviedo Anzola\",\"@id\":\"https:\/\/www.fiscalia.gov.co\/colombia\/#\/schema\/person\/bf84402cf293a5393e9c70b111020b24\"},\"headline\":\"Judicializadas seis personas que estar\u00edan\u00a0implicadas en la comercializaci\u00f3n de estupefacientes y otras conductas delictivas\u00a0\",\"datePublished\":\"2025-11-24T16:59:40+00:00\",\"dateModified\":\"2025-11-24T16:59:40+00:00\",\"mainEntityOfPage\":{\"@id\":\"https:\/\/www.fiscalia.gov.co\/colombia\/noticias\/judicializadas-seis-personas-que-estarian-implicadas-en-la-comercializacion-de-estupefacientes-y-otras-conductas-delictivas\/\"},\"wordCount\":543,\"publisher\":{\"@id\":\"https:\/\/www.fiscalia.gov.co\/colombia\/#organization\"},\"image\":{\"@id\":\"https:\/\/www.fiscalia.gov.co\/colombia\/noticias\/judicializadas-seis-personas-que-estarian-implicadas-en-la-comercializacion-de-estupefacientes-y-otras-conductas-delictivas\/#primaryimage\"},\"thumbnailUrl\":\"https:\/\/www.fiscalia.gov.co\/colombia\/wp-content\/uploads\/Jose-Francisco-Hernandez-Reyes-judicializado-por-los-delitos-de-trafico-fabricacion-o-porte-de-estupefacientes-y-destinacion-ilicita-de-inmuebles-copia.jpg\",\"keywords\":[\"Comunidad\",\"Fiscal Luz Adriana Camargo\",\"Fiscal\u00eda\",\"Fiscal\u00eda General de la Naci\u00f3n\",\"impacto\",\"Investigaci\u00f3n\",\"Manizales (Caldas)\",\"Seguridad\",\"sustancias estupefacientes\"],\"articleSection\":[\"Noticias\",\"Seccional Manizales\",\"Seccionales\"],\"inLanguage\":\"es-CO\"},{\"@type\":\"WebPage\",\"@id\":\"https:\/\/www.fiscalia.gov.co\/colombia\/noticias\/judicializadas-seis-personas-que-estarian-implicadas-en-la-comercializacion-de-estupefacientes-y-otras-conductas-delictivas\/\",\"url\":\"https:\/\/www.fiscalia.gov.co\/colombia\/noticias\/judicializadas-seis-personas-que-estarian-implicadas-en-la-comercializacion-de-estupefacientes-y-otras-conductas-delictivas\/\",\"name\":\"Fiscal\u00eda General de la Naci\u00f3n\",\"isPartOf\":{\"@id\":\"https:\/\/www.fiscalia.gov.co\/colombia\/#website\"},\"primaryImageOfPage\":{\"@id\":\"https:\/\/www.fiscalia.gov.co\/colombia\/noticias\/judicializadas-seis-personas-que-estarian-implicadas-en-la-comercializacion-de-estupefacientes-y-otras-conductas-delictivas\/#primaryimage\"},\"image\":{\"@id\":\"https:\/\/www.fiscalia.gov.co\/colombia\/noticias\/judicializadas-seis-personas-que-estarian-implicadas-en-la-comercializacion-de-estupefacientes-y-otras-conductas-delictivas\/#primaryimage\"},\"thumbnailUrl\":\"https:\/\/www.fiscalia.gov.co\/colombia\/wp-content\/uploads\/Jose-Francisco-Hernandez-Reyes-judicializado-por-los-delitos-de-trafico-fabricacion-o-porte-de-estupefacientes-y-destinacion-ilicita-de-inmuebles-copia.jpg\",\"datePublished\":\"2025-11-24T16:59:40+00:00\",\"dateModified\":\"2025-11-24T16:59:40+00:00\",\"description\":\"P\u00e1gina oficial de la Fiscal\u00eda General de la Naci\u00f3n \u2013 Colombia. Garantizamos el acceso efectivo a la justicia, la verdad y la reparaci\u00f3n de las v\u00edctimas de los delitos.\",\"breadcrumb\":{\"@id\":\"https:\/\/www.fiscalia.gov.co\/colombia\/noticias\/judicializadas-seis-personas-que-estarian-implicadas-en-la-comercializacion-de-estupefacientes-y-otras-conductas-delictivas\/#breadcrumb\"},\"inLanguage\":\"es-CO\",\"potentialAction\":[{\"@type\":\"ReadAction\",\"target\":[\"https:\/\/www.fiscalia.gov.co\/colombia\/noticias\/judicializadas-seis-personas-que-estarian-implicadas-en-la-comercializacion-de-estupefacientes-y-otras-conductas-delictivas\/\"]}]},{\"@type\":\"ImageObject\",\"inLanguage\":\"es-CO\",\"@id\":\"https:\/\/www.fiscalia.gov.co\/colombia\/noticias\/judicializadas-seis-personas-que-estarian-implicadas-en-la-comercializacion-de-estupefacientes-y-otras-conductas-delictivas\/#primaryimage\",\"url\":\"https:\/\/www.fiscalia.gov.co\/colombia\/wp-content\/uploads\/Jose-Francisco-Hernandez-Reyes-judicializado-por-los-delitos-de-trafico-fabricacion-o-porte-de-estupefacientes-y-destinacion-ilicita-de-inmuebles-copia.jpg\",\"contentUrl\":\"https:\/\/www.fiscalia.gov.co\/colombia\/wp-content\/uploads\/Jose-Francisco-Hernandez-Reyes-judicializado-por-los-delitos-de-trafico-fabricacion-o-porte-de-estupefacientes-y-destinacion-ilicita-de-inmuebles-copia.jpg\",\"width\":309,\"height\":228,\"caption\":\"Jos\u00e9 Francisco Hern\u00e1ndez Reyes, judicializado por los delitos de tr\u00e1fico, fabricaci\u00f3n o porte de estupefacientes, y destinaci\u00f3n il\u00edcita de inmuebles.\u00a0\"},{\"@type\":\"BreadcrumbList\",\"@id\":\"https:\/\/www.fiscalia.gov.co\/colombia\/noticias\/judicializadas-seis-personas-que-estarian-implicadas-en-la-comercializacion-de-estupefacientes-y-otras-conductas-delictivas\/#breadcrumb\",\"itemListElement\":[{\"@type\":\"ListItem\",\"position\":1,\"name\":\"Home\",\"item\":\"https:\/\/www.fiscalia.gov.co\/colombia\/\"},{\"@type\":\"ListItem\",\"position\":2,\"name\":\"Judicializadas seis personas que estar\u00edan\u00a0implicadas en la comercializaci\u00f3n de estupefacientes y otras conductas delictivas\u00a0\"}]},{\"@type\":\"WebSite\",\"@id\":\"https:\/\/www.fiscalia.gov.co\/colombia\/#website\",\"url\":\"https:\/\/www.fiscalia.gov.co\/colombia\/\",\"name\":\"Fiscal\u00eda General de la Naci\u00f3n\",\"description\":\"P\u00e1gina oficial de la Fiscal\u00eda General de la Naci\u00f3n \u2013 Colombia. Garantizamos el acceso efectivo a la justicia, la verdad y la reparaci\u00f3n de las v\u00edctimas de los delitos.\",\"publisher\":{\"@id\":\"https:\/\/www.fiscalia.gov.co\/colombia\/#organization\"},\"potentialAction\":[{\"@type\":\"SearchAction\",\"target\":{\"@type\":\"EntryPoint\",\"urlTemplate\":\"https:\/\/www.fiscalia.gov.co\/colombia\/?s={search_term_string}\"},\"query-input\":{\"@type\":\"PropertyValueSpecification\",\"valueRequired\":true,\"valueName\":\"search_term_string\"}}],\"inLanguage\":\"es-CO\"},{\"@type\":\"Organization\",\"@id\":\"https:\/\/www.fiscalia.gov.co\/colombia\/#organization\",\"name\":\"Fiscal\u00eda General de la Naci\u00f3n\",\"url\":\"https:\/\/www.fiscalia.gov.co\/colombia\/\",\"logo\":{\"@type\":\"ImageObject\",\"inLanguage\":\"es-CO\",\"@id\":\"https:\/\/www.fiscalia.gov.co\/colombia\/#\/schema\/logo\/image\/\",\"url\":\"https:\/\/www.fiscalia.gov.co\/colombia\/wp-content\/uploads\/LogoHorizontal_1.jpg\",\"contentUrl\":\"https:\/\/www.fiscalia.gov.co\/colombia\/wp-content\/uploads\/LogoHorizontal_1.jpg\",\"width\":300,\"height\":90,\"caption\":\"Fiscal\u00eda General de la Naci\u00f3n\"},\"image\":{\"@id\":\"https:\/\/www.fiscalia.gov.co\/colombia\/#\/schema\/logo\/image\/\"},\"sameAs\":[\"https:\/\/www.facebook.com\/FiscaliaCol\",\"https:\/\/x.com\/FiscaliaCol\",\"https:\/\/www.instagram.com\/fiscaliacol\",\"https:\/\/www.linkedin.com\/company\/fiscalia-general-de-la-naci-n\/\",\"https:\/\/youtube.com\/@fiscaliageneraldelanacion-4668?si=6nN79nyQICPU5iTh\"]},{\"@type\":\"Person\",\"@id\":\"https:\/\/www.fiscalia.gov.co\/colombia\/#\/schema\/person\/bf84402cf293a5393e9c70b111020b24\",\"name\":\"Jordan Leandro Oviedo Anzola\",\"image\":{\"@type\":\"ImageObject\",\"inLanguage\":\"es-CO\",\"@id\":\"https:\/\/www.fiscalia.gov.co\/colombia\/#\/schema\/person\/image\/\",\"url\":\"https:\/\/secure.gravatar.com\/avatar\/dabba4346fa9b9207d96adafa8f92721?s=96&d=mm&r=g\",\"contentUrl\":\"https:\/\/secure.gravatar.com\/avatar\/dabba4346fa9b9207d96adafa8f92721?s=96&d=mm&r=g\",\"caption\":\"Jordan Leandro Oviedo Anzola\"},\"url\":\"https:\/\/www.fiscalia.gov.co\/colombia\/author\/joviedo\/\"}]}<\/script>\n<!-- \/ Yoast SEO plugin. -->","yoast_head_json":{"title":"Fiscal\u00eda General de la Naci\u00f3n","description":"P\u00e1gina oficial de la Fiscal\u00eda General de la Naci\u00f3n \u2013 Colombia. Garantizamos el acceso efectivo a la justicia, la verdad y la reparaci\u00f3n de las v\u00edctimas de los delitos.","robots":{"index":"noindex","follow":"follow"},"og_locale":"es_ES","og_type":"article","og_title":"Fiscal\u00eda General de la Naci\u00f3n","og_description":"P\u00e1gina oficial de la Fiscal\u00eda General de la Naci\u00f3n \u2013 Colombia. Garantizamos el acceso efectivo a la justicia, la verdad y la reparaci\u00f3n de las v\u00edctimas de los delitos.","og_url":"https:\/\/www.fiscalia.gov.co\/colombia\/noticias\/judicializadas-seis-personas-que-estarian-implicadas-en-la-comercializacion-de-estupefacientes-y-otras-conductas-delictivas\/","og_site_name":"Fiscal\u00eda General de la Naci\u00f3n","article_publisher":"https:\/\/www.facebook.com\/FiscaliaCol","article_published_time":"2025-11-24T16:59:40+00:00","og_image":[{"width":309,"height":228,"url":"https:\/\/www.fiscalia.gov.co\/colombia\/wp-content\/uploads\/Jose-Francisco-Hernandez-Reyes-judicializado-por-los-delitos-de-trafico-fabricacion-o-porte-de-estupefacientes-y-destinacion-ilicita-de-inmuebles-copia.jpg","type":"image\/jpeg"}],"author":"Jordan Leandro Oviedo Anzola","twitter_card":"summary_large_image","twitter_creator":"@FiscaliaCol","twitter_site":"@FiscaliaCol","twitter_misc":{"Escrito por":"Jordan Leandro Oviedo Anzola","Tiempo de lectura":"3 minutos"},"schema":{"@context":"https:\/\/schema.org","@graph":[{"@type":"Article","@id":"https:\/\/www.fiscalia.gov.co\/colombia\/noticias\/judicializadas-seis-personas-que-estarian-implicadas-en-la-comercializacion-de-estupefacientes-y-otras-conductas-delictivas\/#article","isPartOf":{"@id":"https:\/\/www.fiscalia.gov.co\/colombia\/noticias\/judicializadas-seis-personas-que-estarian-implicadas-en-la-comercializacion-de-estupefacientes-y-otras-conductas-delictivas\/"},"author":{"name":"Jordan Leandro Oviedo Anzola","@id":"https:\/\/www.fiscalia.gov.co\/colombia\/#\/schema\/person\/bf84402cf293a5393e9c70b111020b24"},"headline":"Judicializadas seis personas que estar\u00edan\u00a0implicadas en la comercializaci\u00f3n de estupefacientes y otras conductas delictivas\u00a0","datePublished":"2025-11-24T16:59:40+00:00","dateModified":"2025-11-24T16:59:40+00:00","mainEntityOfPage":{"@id":"https:\/\/www.fiscalia.gov.co\/colombia\/noticias\/judicializadas-seis-personas-que-estarian-implicadas-en-la-comercializacion-de-estupefacientes-y-otras-conductas-delictivas\/"},"wordCount":543,"publisher":{"@id":"https:\/\/www.fiscalia.gov.co\/colombia\/#organization"},"image":{"@id":"https:\/\/www.fiscalia.gov.co\/colombia\/noticias\/judicializadas-seis-personas-que-estarian-implicadas-en-la-comercializacion-de-estupefacientes-y-otras-conductas-delictivas\/#primaryimage"},"thumbnailUrl":"https:\/\/www.fiscalia.gov.co\/colombia\/wp-content\/uploads\/Jose-Francisco-Hernandez-Reyes-judicializado-por-los-delitos-de-trafico-fabricacion-o-porte-de-estupefacientes-y-destinacion-ilicita-de-inmuebles-copia.jpg","keywords":["Comunidad","Fiscal Luz Adriana Camargo","Fiscal\u00eda","Fiscal\u00eda General de la Naci\u00f3n","impacto","Investigaci\u00f3n","Manizales (Caldas)","Seguridad","sustancias estupefacientes"],"articleSection":["Noticias","Seccional Manizales","Seccionales"],"inLanguage":"es-CO"},{"@type":"WebPage","@id":"https:\/\/www.fiscalia.gov.co\/colombia\/noticias\/judicializadas-seis-personas-que-estarian-implicadas-en-la-comercializacion-de-estupefacientes-y-otras-conductas-delictivas\/","url":"https:\/\/www.fiscalia.gov.co\/colombia\/noticias\/judicializadas-seis-personas-que-estarian-implicadas-en-la-comercializacion-de-estupefacientes-y-otras-conductas-delictivas\/","name":"Fiscal\u00eda General de la Naci\u00f3n","isPartOf":{"@id":"https:\/\/www.fiscalia.gov.co\/colombia\/#website"},"primaryImageOfPage":{"@id":"https:\/\/www.fiscalia.gov.co\/colombia\/noticias\/judicializadas-seis-personas-que-estarian-implicadas-en-la-comercializacion-de-estupefacientes-y-otras-conductas-delictivas\/#primaryimage"},"image":{"@id":"https:\/\/www.fiscalia.gov.co\/colombia\/noticias\/judicializadas-seis-personas-que-estarian-implicadas-en-la-comercializacion-de-estupefacientes-y-otras-conductas-delictivas\/#primaryimage"},"thumbnailUrl":"https:\/\/www.fiscalia.gov.co\/colombia\/wp-content\/uploads\/Jose-Francisco-Hernandez-Reyes-judicializado-por-los-delitos-de-trafico-fabricacion-o-porte-de-estupefacientes-y-destinacion-ilicita-de-inmuebles-copia.jpg","datePublished":"2025-11-24T16:59:40+00:00","dateModified":"2025-11-24T16:59:40+00:00","description":"P\u00e1gina oficial de la Fiscal\u00eda General de la Naci\u00f3n \u2013 Colombia. Garantizamos el acceso efectivo a la justicia, la verdad y la reparaci\u00f3n de las v\u00edctimas de los delitos.","breadcrumb":{"@id":"https:\/\/www.fiscalia.gov.co\/colombia\/noticias\/judicializadas-seis-personas-que-estarian-implicadas-en-la-comercializacion-de-estupefacientes-y-otras-conductas-delictivas\/#breadcrumb"},"inLanguage":"es-CO","potentialAction":[{"@type":"ReadAction","target":["https:\/\/www.fiscalia.gov.co\/colombia\/noticias\/judicializadas-seis-personas-que-estarian-implicadas-en-la-comercializacion-de-estupefacientes-y-otras-conductas-delictivas\/"]}]},{"@type":"ImageObject","inLanguage":"es-CO","@id":"https:\/\/www.fiscalia.gov.co\/colombia\/noticias\/judicializadas-seis-personas-que-estarian-implicadas-en-la-comercializacion-de-estupefacientes-y-otras-conductas-delictivas\/#primaryimage","url":"https:\/\/www.fiscalia.gov.co\/colombia\/wp-content\/uploads\/Jose-Francisco-Hernandez-Reyes-judicializado-por-los-delitos-de-trafico-fabricacion-o-porte-de-estupefacientes-y-destinacion-ilicita-de-inmuebles-copia.jpg","contentUrl":"https:\/\/www.fiscalia.gov.co\/colombia\/wp-content\/uploads\/Jose-Francisco-Hernandez-Reyes-judicializado-por-los-delitos-de-trafico-fabricacion-o-porte-de-estupefacientes-y-destinacion-ilicita-de-inmuebles-copia.jpg","width":309,"height":228,"caption":"Jos\u00e9 Francisco Hern\u00e1ndez Reyes, judicializado por los delitos de tr\u00e1fico, fabricaci\u00f3n o porte de estupefacientes, y destinaci\u00f3n il\u00edcita de inmuebles.\u00a0"},{"@type":"BreadcrumbList","@id":"https:\/\/www.fiscalia.gov.co\/colombia\/noticias\/judicializadas-seis-personas-que-estarian-implicadas-en-la-comercializacion-de-estupefacientes-y-otras-conductas-delictivas\/#breadcrumb","itemListElement":[{"@type":"ListItem","position":1,"name":"Home","item":"https:\/\/www.fiscalia.gov.co\/colombia\/"},{"@type":"ListItem","position":2,"name":"Judicializadas seis personas que estar\u00edan\u00a0implicadas en la comercializaci\u00f3n de estupefacientes y otras conductas delictivas\u00a0"}]},{"@type":"WebSite","@id":"https:\/\/www.fiscalia.gov.co\/colombia\/#website","url":"https:\/\/www.fiscalia.gov.co\/colombia\/","name":"Fiscal\u00eda General de la Naci\u00f3n","description":"P\u00e1gina oficial de la Fiscal\u00eda General de la Naci\u00f3n \u2013 Colombia. Garantizamos el acceso efectivo a la justicia, la verdad y la reparaci\u00f3n de las v\u00edctimas de los delitos.","publisher":{"@id":"https:\/\/www.fiscalia.gov.co\/colombia\/#organization"},"potentialAction":[{"@type":"SearchAction","target":{"@type":"EntryPoint","urlTemplate":"https:\/\/www.fiscalia.gov.co\/colombia\/?s={search_term_string}"},"query-input":{"@type":"PropertyValueSpecification","valueRequired":true,"valueName":"search_term_string"}}],"inLanguage":"es-CO"},{"@type":"Organization","@id":"https:\/\/www.fiscalia.gov.co\/colombia\/#organization","name":"Fiscal\u00eda General de la Naci\u00f3n","url":"https:\/\/www.fiscalia.gov.co\/colombia\/","logo":{"@type":"ImageObject","inLanguage":"es-CO","@id":"https:\/\/www.fiscalia.gov.co\/colombia\/#\/schema\/logo\/image\/","url":"https:\/\/www.fiscalia.gov.co\/colombia\/wp-content\/uploads\/LogoHorizontal_1.jpg","contentUrl":"https:\/\/www.fiscalia.gov.co\/colombia\/wp-content\/uploads\/LogoHorizontal_1.jpg","width":300,"height":90,"caption":"Fiscal\u00eda General de la Naci\u00f3n"},"image":{"@id":"https:\/\/www.fiscalia.gov.co\/colombia\/#\/schema\/logo\/image\/"},"sameAs":["https:\/\/www.facebook.com\/FiscaliaCol","https:\/\/x.com\/FiscaliaCol","https:\/\/www.instagram.com\/fiscaliacol","https:\/\/www.linkedin.com\/company\/fiscalia-general-de-la-naci-n\/","https:\/\/youtube.com\/@fiscaliageneraldelanacion-4668?si=6nN79nyQICPU5iTh"]},{"@type":"Person","@id":"https:\/\/www.fiscalia.gov.co\/colombia\/#\/schema\/person\/bf84402cf293a5393e9c70b111020b24","name":"Jordan Leandro Oviedo Anzola","image":{"@type":"ImageObject","inLanguage":"es-CO","@id":"https:\/\/www.fiscalia.gov.co\/colombia\/#\/schema\/person\/image\/","url":"https:\/\/secure.gravatar.com\/avatar\/dabba4346fa9b9207d96adafa8f92721?s=96&d=mm&r=g","contentUrl":"https:\/\/secure.gravatar.com\/avatar\/dabba4346fa9b9207d96adafa8f92721?s=96&d=mm&r=g","caption":"Jordan Leandro Oviedo Anzola"},"url":"https:\/\/www.fiscalia.gov.co\/colombia\/author\/joviedo\/"}]}},"_links":{"self":[{"href":"https:\/\/www.fiscalia.gov.co\/colombia\/wp-json\/wp\/v2\/posts\/327647","targetHints":{"allow":["GET"]}}],"collection":[{"href":"https:\/\/www.fiscalia.gov.co\/colombia\/wp-json\/wp\/v2\/posts"}],"about":[{"href":"https:\/\/www.fiscalia.gov.co\/colombia\/wp-json\/wp\/v2\/types\/post"}],"author":[{"embeddable":true,"href":"https:\/\/www.fiscalia.gov.co\/colombia\/wp-json\/wp\/v2\/users\/177"}],"replies":[{"embeddable":true,"href":"https:\/\/www.fiscalia.gov.co\/colombia\/wp-json\/wp\/v2\/comments?post=327647"}],"version-history":[{"count":1,"href":"https:\/\/www.fiscalia.gov.co\/colombia\/wp-json\/wp\/v2\/posts\/327647\/revisions"}],"predecessor-version":[{"id":327651,"href":"https:\/\/www.fiscalia.gov.co\/colombia\/wp-json\/wp\/v2\/posts\/327647\/revisions\/327651"}],"wp:attachment":[{"href":"https:\/\/www.fiscalia.gov.co\/colombia\/wp-json\/wp\/v2\/media?parent=327647"}],"wp:term":[{"taxonomy":"category","embeddable":true,"href":"https:\/\/www.fiscalia.gov.co\/colombia\/wp-json\/wp\/v2\/categories?post=327647"},{"taxonomy":"post_tag","embeddable":true,"href":"https:\/\/www.fiscalia.gov.co\/colombia\/wp-json\/wp\/v2\/tags?post=327647"}],"curies":[{"name":"wp","href":"https:\/\/api.w.org\/{rel}","templated":true}]}}