{"id":327611,"date":"2025-11-23T09:16:15","date_gmt":"2025-11-23T14:16:15","guid":{"rendered":"https:\/\/www.fiscalia.gov.co\/colombia\/?p=327611"},"modified":"2025-11-24T10:40:14","modified_gmt":"2025-11-24T15:40:14","slug":"abre-sus-puertas-a-la-ciudadania-nuevo-centro-de-atencion-de-fiscalia-en-silvania-cundinamarca","status":"publish","type":"post","link":"https:\/\/www.fiscalia.gov.co\/colombia\/noticias\/abre-sus-puertas-a-la-ciudadania-nuevo-centro-de-atencion-de-fiscalia-en-silvania-cundinamarca\/","title":{"rendered":"Abre sus puertas a la ciudadan\u00eda nuevo Centro de Atenci\u00f3n de Fiscal\u00eda en Silvania (Cundinamarca)"},"content":{"rendered":"<ul>\n<li>\n<h4><strong><em>Este espacio beneficiar\u00e1 a 27.000 habitantes del casco urbano de Silvania (Cundinamarca) y de sus corregimientos.<\/em><\/strong><\/h4>\n<\/li>\n<\/ul>\n<ul>\n<li>\n<h4><strong><em>En la apertura de este espacio, la fiscal general de la Naci\u00f3n, Luz Adriana Camargo Garz\u00f3n, expres\u00f3 su apoyo a las familias afectadas por la ola invernal en el municipio. <\/em><\/strong><\/h4>\n<\/li>\n<\/ul>\n<p>Como parte del fortalecimiento de los servicios de la entidad a la ciudadan\u00eda y el acceso a la justicia a las v\u00edctimas de delitos, <strong>entr\u00f3 en funcionamiento un nuevo Centro de Atenci\u00f3n de Fiscal\u00eda (CAF) en Silvania<\/strong> (Cundinamarca).<\/p>\n<p>\u201cLa finalidad de estos espacios es garantizar la justicia para toda la poblaci\u00f3n. Desde el inicio de nuestra administraci\u00f3n nos <strong>hemos propuesto descentralizar el trabajo de la entidad<\/strong> y ofrecer la presencia institucional en todos los rincones de Colombia\u201d, asegur\u00f3 la fiscal General de la Naci\u00f3n en la inauguraci\u00f3n del CAF.<\/p>\n<p>La sede contar\u00e1 con un equipo especializado integrado por una fiscal delegada y su asistente, quien liderar\u00e1 el ejercicio de la acci\u00f3n penal, as\u00ed como cuatro servidores de polic\u00eda judicial que fortalecer\u00e1n el trabajo de campo y la recopilaci\u00f3n de elementos materiales probatorios. Adem\u00e1s, har\u00e1 presencia un representante del Instituto Colombiano de Bienestar Familiar <strong>para velar por los derechos de los ni\u00f1os, ni\u00f1as y adolescentes.<\/strong><\/p>\n<p>\u201cEl CAF no solo mejorar\u00e1 las condiciones de atenci\u00f3n al p\u00fablico, sino que optimizar\u00e1 los procesos investigativos y la coordinaci\u00f3n con las autoridades judiciales y de seguridad para <strong>enfrentar los delitos que m\u00e1s afectan al municipio y la regi\u00f3n<\/strong>\u201d, indic\u00f3 la fiscal Luz Adriana Camargo.<\/p>\n<p>De igual manera, dispondr\u00e1 de un m\u00e9dico rural de la Secretar\u00eda de Salud de la Gobernaci\u00f3n de Cundinamarca, Polic\u00eda Nacional, Comisar\u00eda de Familia y la Personer\u00eda Municipal. Por su parte, el Instituto de Medicina Legal y Ciencias Forenses <strong>prestar\u00e1 apoyo t\u00e9cnico y cient\u00edfico cuando se requiera la intervenci\u00f3n de peritos.<\/strong><\/p>\n<p>En la apertura de este espacio, la fiscal general de la Naci\u00f3n, Luz Adriana Camargo Garz\u00f3n, expres\u00f3 su apoyo a las familias afectadas por las crecientes s\u00fabitas que han golpeado el barrio La Esperanza y la vereda el Hato de este municipio.<\/p>\n<p>Asimismo, rindi\u00f3 un homenaje a la memoria del fiscal Karin Sefair Calder\u00f3n, quien se desempe\u00f1aba como coordinador del grupo de fiscales de Fusagasug\u00e1 de la <strong>Seccional Cundinamarca y fue asesinado en medio de un hurto.<\/strong> Este funcionario\u00a0 dedic\u00f3 12 a\u00f1os de su vida al servicio de la Fiscal\u00eda con un destacado desempe\u00f1o profesional.<\/p>\n<p>&nbsp;<\/p>\n<p>ALGO\/AMCJ\/FSC<\/p>\n<p>&nbsp;<\/p>\n<p>&nbsp;<\/p>\n<p>&nbsp;<\/p>\n<p>&nbsp;<\/p>\n<p>&nbsp;<\/p>\n<p><i>La informaci\u00f3n contenida en este bolet\u00edn de prensa corresponde a la narraci\u00f3n de los hechos noticiosos objetivos, suministrados por los funcionarios encargados de adelantar las investigaciones penales al interior de la Fiscal\u00eda General de la Naci\u00f3n. Para el momento de la divulgaci\u00f3n de este comunicado, la situaci\u00f3n jur\u00eddica de la(s) persona(s) relacionada(s) se encuentra pendiente de resolver por la autoridad judicial competente, siempre bajo los preceptos de la presunci\u00f3n de inocencia, consagrados en el art\u00edculo 29 de la Constituci\u00f3n Pol\u00edtica y el art\u00edculo 7\u00ba de la Ley 906 de 2004.<\/i><\/p>\n<p>&nbsp;<\/p>\n<p>&nbsp;<\/p>\n\n<div class=\"twitter-share\"><a href=\"https:\/\/twitter.com\/intent\/tweet?via=fiscaliacol\" class=\"twitter-share-button\">Tweet<\/a><\/div>\n","protected":false},"excerpt":{"rendered":"<p>Este espacio beneficiar\u00e1 a 27.000 habitantes del casco urbano de Silvania (Cundinamarca) y de sus corregimientos. En la apertura de este espacio, la fiscal general de la Naci\u00f3n, Luz Adriana Camargo Garz\u00f3n, expres\u00f3 su apoyo a las familias afectadas por la ola invernal en el municipio. Como parte del fortalecimiento de los servicios de la [&hellip;]<\/p>\n","protected":false},"author":181,"featured_media":0,"comment_status":"closed","ping_status":"open","sticky":false,"template":"","format":"standard","meta":{"_price":"","_stock":"","_tribe_ticket_header":"","_tribe_default_ticket_provider":"","_tribe_ticket_capacity":"0","_ticket_start_date":"","_ticket_end_date":"","_tribe_ticket_show_description":"","_tribe_ticket_show_not_going":false,"_tribe_ticket_use_global_stock":"","_tribe_ticket_global_stock_level":"","_global_stock_mode":"","_global_stock_cap":"","_tribe_rsvp_for_event":"","_tribe_ticket_going_count":"","_tribe_ticket_not_going_count":"","_tribe_tickets_list":"[]","_tribe_ticket_has_attendee_info_fields":false,"tdm_status":"","tdm_grid_status":"","footnotes":""},"categories":[1,24099],"tags":[40675,33854,15648,37492,4614,24187,1047,36144],"class_list":{"0":"post-327611","1":"post","2":"type-post","3":"status-publish","4":"format-standard","6":"category-noticias","7":"category-seguridad-territorial","8":"tag-caf","9":"tag-centro-de-atencion","10":"tag-cundinamarca","11":"tag-fiscal-luz-adriana-camargo","12":"tag-fiscalia-2","13":"tag-fiscalia-colombia","14":"tag-fiscalia-general-de-la-nacion","15":"tag-silvania"},"yoast_head":"<!-- This site is optimized with the Yoast SEO plugin v24.3 - https:\/\/yoast.com\/wordpress\/plugins\/seo\/ -->\n<title>Fiscal\u00eda General de la Naci\u00f3n<\/title>\n<meta name=\"description\" content=\"P\u00e1gina oficial de la Fiscal\u00eda General de la Naci\u00f3n \u2013 Colombia. Garantizamos el acceso efectivo a la justicia, la verdad y la reparaci\u00f3n de las v\u00edctimas de los delitos.\" \/>\n<meta name=\"robots\" content=\"noindex, follow\" \/>\n<meta property=\"og:locale\" content=\"es_ES\" \/>\n<meta property=\"og:type\" content=\"article\" \/>\n<meta property=\"og:title\" content=\"Fiscal\u00eda General de la Naci\u00f3n\" \/>\n<meta property=\"og:description\" content=\"P\u00e1gina oficial de la Fiscal\u00eda General de la Naci\u00f3n \u2013 Colombia. Garantizamos el acceso efectivo a la justicia, la verdad y la reparaci\u00f3n de las v\u00edctimas de los delitos.\" \/>\n<meta property=\"og:url\" content=\"https:\/\/www.fiscalia.gov.co\/colombia\/noticias\/abre-sus-puertas-a-la-ciudadania-nuevo-centro-de-atencion-de-fiscalia-en-silvania-cundinamarca\/\" \/>\n<meta property=\"og:site_name\" content=\"Fiscal\u00eda General de la Naci\u00f3n\" \/>\n<meta property=\"article:publisher\" content=\"https:\/\/www.facebook.com\/FiscaliaCol\" \/>\n<meta property=\"article:published_time\" content=\"2025-11-23T14:16:15+00:00\" \/>\n<meta property=\"article:modified_time\" content=\"2025-11-24T15:40:14+00:00\" \/>\n<meta name=\"author\" content=\"Johanna Islenny Prieto Pe\u00f1a\" \/>\n<meta name=\"twitter:card\" content=\"summary_large_image\" \/>\n<meta name=\"twitter:creator\" content=\"@FiscaliaCol\" \/>\n<meta name=\"twitter:site\" content=\"@FiscaliaCol\" \/>\n<meta name=\"twitter:label1\" content=\"Escrito por\" \/>\n\t<meta name=\"twitter:data1\" content=\"Johanna Islenny Prieto Pe\u00f1a\" \/>\n\t<meta name=\"twitter:label2\" content=\"Tiempo de lectura\" \/>\n\t<meta name=\"twitter:data2\" content=\"3 minutos\" \/>\n<script type=\"application\/ld+json\" class=\"yoast-schema-graph\">{\"@context\":\"https:\/\/schema.org\",\"@graph\":[{\"@type\":\"Article\",\"@id\":\"https:\/\/www.fiscalia.gov.co\/colombia\/noticias\/abre-sus-puertas-a-la-ciudadania-nuevo-centro-de-atencion-de-fiscalia-en-silvania-cundinamarca\/#article\",\"isPartOf\":{\"@id\":\"https:\/\/www.fiscalia.gov.co\/colombia\/noticias\/abre-sus-puertas-a-la-ciudadania-nuevo-centro-de-atencion-de-fiscalia-en-silvania-cundinamarca\/\"},\"author\":{\"name\":\"Johanna Islenny Prieto Pe\u00f1a\",\"@id\":\"https:\/\/www.fiscalia.gov.co\/colombia\/#\/schema\/person\/ba9eca435947489fb25117a0cd75bf3e\"},\"headline\":\"Abre sus puertas a la ciudadan\u00eda nuevo Centro de Atenci\u00f3n de Fiscal\u00eda en Silvania (Cundinamarca)\",\"datePublished\":\"2025-11-23T14:16:15+00:00\",\"dateModified\":\"2025-11-24T15:40:14+00:00\",\"mainEntityOfPage\":{\"@id\":\"https:\/\/www.fiscalia.gov.co\/colombia\/noticias\/abre-sus-puertas-a-la-ciudadania-nuevo-centro-de-atencion-de-fiscalia-en-silvania-cundinamarca\/\"},\"wordCount\":558,\"publisher\":{\"@id\":\"https:\/\/www.fiscalia.gov.co\/colombia\/#organization\"},\"keywords\":[\"CAF\",\"centro de atenci\u00f3n\",\"Cundinamarca\",\"Fiscal Luz Adriana Camargo\",\"Fiscal\u00eda\",\"Fiscal\u00eda Colombia\",\"Fiscal\u00eda General de la Naci\u00f3n\",\"Silvania\"],\"articleSection\":[\"Noticias\",\"Seguridad territorial\"],\"inLanguage\":\"es-CO\"},{\"@type\":\"WebPage\",\"@id\":\"https:\/\/www.fiscalia.gov.co\/colombia\/noticias\/abre-sus-puertas-a-la-ciudadania-nuevo-centro-de-atencion-de-fiscalia-en-silvania-cundinamarca\/\",\"url\":\"https:\/\/www.fiscalia.gov.co\/colombia\/noticias\/abre-sus-puertas-a-la-ciudadania-nuevo-centro-de-atencion-de-fiscalia-en-silvania-cundinamarca\/\",\"name\":\"Fiscal\u00eda General de la Naci\u00f3n\",\"isPartOf\":{\"@id\":\"https:\/\/www.fiscalia.gov.co\/colombia\/#website\"},\"datePublished\":\"2025-11-23T14:16:15+00:00\",\"dateModified\":\"2025-11-24T15:40:14+00:00\",\"description\":\"P\u00e1gina oficial de la Fiscal\u00eda General de la Naci\u00f3n \u2013 Colombia. Garantizamos el acceso efectivo a la justicia, la verdad y la reparaci\u00f3n de las v\u00edctimas de los delitos.\",\"breadcrumb\":{\"@id\":\"https:\/\/www.fiscalia.gov.co\/colombia\/noticias\/abre-sus-puertas-a-la-ciudadania-nuevo-centro-de-atencion-de-fiscalia-en-silvania-cundinamarca\/#breadcrumb\"},\"inLanguage\":\"es-CO\",\"potentialAction\":[{\"@type\":\"ReadAction\",\"target\":[\"https:\/\/www.fiscalia.gov.co\/colombia\/noticias\/abre-sus-puertas-a-la-ciudadania-nuevo-centro-de-atencion-de-fiscalia-en-silvania-cundinamarca\/\"]}]},{\"@type\":\"BreadcrumbList\",\"@id\":\"https:\/\/www.fiscalia.gov.co\/colombia\/noticias\/abre-sus-puertas-a-la-ciudadania-nuevo-centro-de-atencion-de-fiscalia-en-silvania-cundinamarca\/#breadcrumb\",\"itemListElement\":[{\"@type\":\"ListItem\",\"position\":1,\"name\":\"Home\",\"item\":\"https:\/\/www.fiscalia.gov.co\/colombia\/\"},{\"@type\":\"ListItem\",\"position\":2,\"name\":\"Abre sus puertas a la ciudadan\u00eda nuevo Centro de Atenci\u00f3n de Fiscal\u00eda en Silvania (Cundinamarca)\"}]},{\"@type\":\"WebSite\",\"@id\":\"https:\/\/www.fiscalia.gov.co\/colombia\/#website\",\"url\":\"https:\/\/www.fiscalia.gov.co\/colombia\/\",\"name\":\"Fiscal\u00eda General de la Naci\u00f3n\",\"description\":\"P\u00e1gina oficial de la Fiscal\u00eda General de la Naci\u00f3n \u2013 Colombia. Garantizamos el acceso efectivo a la justicia, la verdad y la reparaci\u00f3n de las v\u00edctimas de los delitos.\",\"publisher\":{\"@id\":\"https:\/\/www.fiscalia.gov.co\/colombia\/#organization\"},\"potentialAction\":[{\"@type\":\"SearchAction\",\"target\":{\"@type\":\"EntryPoint\",\"urlTemplate\":\"https:\/\/www.fiscalia.gov.co\/colombia\/?s={search_term_string}\"},\"query-input\":{\"@type\":\"PropertyValueSpecification\",\"valueRequired\":true,\"valueName\":\"search_term_string\"}}],\"inLanguage\":\"es-CO\"},{\"@type\":\"Organization\",\"@id\":\"https:\/\/www.fiscalia.gov.co\/colombia\/#organization\",\"name\":\"Fiscal\u00eda General de la Naci\u00f3n\",\"url\":\"https:\/\/www.fiscalia.gov.co\/colombia\/\",\"logo\":{\"@type\":\"ImageObject\",\"inLanguage\":\"es-CO\",\"@id\":\"https:\/\/www.fiscalia.gov.co\/colombia\/#\/schema\/logo\/image\/\",\"url\":\"https:\/\/www.fiscalia.gov.co\/colombia\/wp-content\/uploads\/LogoHorizontal_1.jpg\",\"contentUrl\":\"https:\/\/www.fiscalia.gov.co\/colombia\/wp-content\/uploads\/LogoHorizontal_1.jpg\",\"width\":300,\"height\":90,\"caption\":\"Fiscal\u00eda General de la Naci\u00f3n\"},\"image\":{\"@id\":\"https:\/\/www.fiscalia.gov.co\/colombia\/#\/schema\/logo\/image\/\"},\"sameAs\":[\"https:\/\/www.facebook.com\/FiscaliaCol\",\"https:\/\/x.com\/FiscaliaCol\",\"https:\/\/www.instagram.com\/fiscaliacol\",\"https:\/\/www.linkedin.com\/company\/fiscalia-general-de-la-naci-n\/\",\"https:\/\/youtube.com\/@fiscaliageneraldelanacion-4668?si=6nN79nyQICPU5iTh\"]},{\"@type\":\"Person\",\"@id\":\"https:\/\/www.fiscalia.gov.co\/colombia\/#\/schema\/person\/ba9eca435947489fb25117a0cd75bf3e\",\"name\":\"Johanna Islenny Prieto Pe\u00f1a\",\"image\":{\"@type\":\"ImageObject\",\"inLanguage\":\"es-CO\",\"@id\":\"https:\/\/www.fiscalia.gov.co\/colombia\/#\/schema\/person\/image\/\",\"url\":\"https:\/\/secure.gravatar.com\/avatar\/111433fc2acb037ffb768f6a3ca47864?s=96&d=mm&r=g\",\"contentUrl\":\"https:\/\/secure.gravatar.com\/avatar\/111433fc2acb037ffb768f6a3ca47864?s=96&d=mm&r=g\",\"caption\":\"Johanna Islenny Prieto Pe\u00f1a\"},\"url\":\"https:\/\/www.fiscalia.gov.co\/colombia\/author\/jprietop\/\"}]}<\/script>\n<!-- \/ Yoast SEO plugin. -->","yoast_head_json":{"title":"Fiscal\u00eda General de la Naci\u00f3n","description":"P\u00e1gina oficial de la Fiscal\u00eda General de la Naci\u00f3n \u2013 Colombia. Garantizamos el acceso efectivo a la justicia, la verdad y la reparaci\u00f3n de las v\u00edctimas de los delitos.","robots":{"index":"noindex","follow":"follow"},"og_locale":"es_ES","og_type":"article","og_title":"Fiscal\u00eda General de la Naci\u00f3n","og_description":"P\u00e1gina oficial de la Fiscal\u00eda General de la Naci\u00f3n \u2013 Colombia. Garantizamos el acceso efectivo a la justicia, la verdad y la reparaci\u00f3n de las v\u00edctimas de los delitos.","og_url":"https:\/\/www.fiscalia.gov.co\/colombia\/noticias\/abre-sus-puertas-a-la-ciudadania-nuevo-centro-de-atencion-de-fiscalia-en-silvania-cundinamarca\/","og_site_name":"Fiscal\u00eda General de la Naci\u00f3n","article_publisher":"https:\/\/www.facebook.com\/FiscaliaCol","article_published_time":"2025-11-23T14:16:15+00:00","article_modified_time":"2025-11-24T15:40:14+00:00","author":"Johanna Islenny Prieto Pe\u00f1a","twitter_card":"summary_large_image","twitter_creator":"@FiscaliaCol","twitter_site":"@FiscaliaCol","twitter_misc":{"Escrito por":"Johanna Islenny Prieto Pe\u00f1a","Tiempo de lectura":"3 minutos"},"schema":{"@context":"https:\/\/schema.org","@graph":[{"@type":"Article","@id":"https:\/\/www.fiscalia.gov.co\/colombia\/noticias\/abre-sus-puertas-a-la-ciudadania-nuevo-centro-de-atencion-de-fiscalia-en-silvania-cundinamarca\/#article","isPartOf":{"@id":"https:\/\/www.fiscalia.gov.co\/colombia\/noticias\/abre-sus-puertas-a-la-ciudadania-nuevo-centro-de-atencion-de-fiscalia-en-silvania-cundinamarca\/"},"author":{"name":"Johanna Islenny Prieto Pe\u00f1a","@id":"https:\/\/www.fiscalia.gov.co\/colombia\/#\/schema\/person\/ba9eca435947489fb25117a0cd75bf3e"},"headline":"Abre sus puertas a la ciudadan\u00eda nuevo Centro de Atenci\u00f3n de Fiscal\u00eda en Silvania (Cundinamarca)","datePublished":"2025-11-23T14:16:15+00:00","dateModified":"2025-11-24T15:40:14+00:00","mainEntityOfPage":{"@id":"https:\/\/www.fiscalia.gov.co\/colombia\/noticias\/abre-sus-puertas-a-la-ciudadania-nuevo-centro-de-atencion-de-fiscalia-en-silvania-cundinamarca\/"},"wordCount":558,"publisher":{"@id":"https:\/\/www.fiscalia.gov.co\/colombia\/#organization"},"keywords":["CAF","centro de atenci\u00f3n","Cundinamarca","Fiscal Luz Adriana Camargo","Fiscal\u00eda","Fiscal\u00eda Colombia","Fiscal\u00eda General de la Naci\u00f3n","Silvania"],"articleSection":["Noticias","Seguridad territorial"],"inLanguage":"es-CO"},{"@type":"WebPage","@id":"https:\/\/www.fiscalia.gov.co\/colombia\/noticias\/abre-sus-puertas-a-la-ciudadania-nuevo-centro-de-atencion-de-fiscalia-en-silvania-cundinamarca\/","url":"https:\/\/www.fiscalia.gov.co\/colombia\/noticias\/abre-sus-puertas-a-la-ciudadania-nuevo-centro-de-atencion-de-fiscalia-en-silvania-cundinamarca\/","name":"Fiscal\u00eda General de la Naci\u00f3n","isPartOf":{"@id":"https:\/\/www.fiscalia.gov.co\/colombia\/#website"},"datePublished":"2025-11-23T14:16:15+00:00","dateModified":"2025-11-24T15:40:14+00:00","description":"P\u00e1gina oficial de la Fiscal\u00eda General de la Naci\u00f3n \u2013 Colombia. Garantizamos el acceso efectivo a la justicia, la verdad y la reparaci\u00f3n de las v\u00edctimas de los delitos.","breadcrumb":{"@id":"https:\/\/www.fiscalia.gov.co\/colombia\/noticias\/abre-sus-puertas-a-la-ciudadania-nuevo-centro-de-atencion-de-fiscalia-en-silvania-cundinamarca\/#breadcrumb"},"inLanguage":"es-CO","potentialAction":[{"@type":"ReadAction","target":["https:\/\/www.fiscalia.gov.co\/colombia\/noticias\/abre-sus-puertas-a-la-ciudadania-nuevo-centro-de-atencion-de-fiscalia-en-silvania-cundinamarca\/"]}]},{"@type":"BreadcrumbList","@id":"https:\/\/www.fiscalia.gov.co\/colombia\/noticias\/abre-sus-puertas-a-la-ciudadania-nuevo-centro-de-atencion-de-fiscalia-en-silvania-cundinamarca\/#breadcrumb","itemListElement":[{"@type":"ListItem","position":1,"name":"Home","item":"https:\/\/www.fiscalia.gov.co\/colombia\/"},{"@type":"ListItem","position":2,"name":"Abre sus puertas a la ciudadan\u00eda nuevo Centro de Atenci\u00f3n de Fiscal\u00eda en Silvania (Cundinamarca)"}]},{"@type":"WebSite","@id":"https:\/\/www.fiscalia.gov.co\/colombia\/#website","url":"https:\/\/www.fiscalia.gov.co\/colombia\/","name":"Fiscal\u00eda General de la Naci\u00f3n","description":"P\u00e1gina oficial de la Fiscal\u00eda General de la Naci\u00f3n \u2013 Colombia. Garantizamos el acceso efectivo a la justicia, la verdad y la reparaci\u00f3n de las v\u00edctimas de los delitos.","publisher":{"@id":"https:\/\/www.fiscalia.gov.co\/colombia\/#organization"},"potentialAction":[{"@type":"SearchAction","target":{"@type":"EntryPoint","urlTemplate":"https:\/\/www.fiscalia.gov.co\/colombia\/?s={search_term_string}"},"query-input":{"@type":"PropertyValueSpecification","valueRequired":true,"valueName":"search_term_string"}}],"inLanguage":"es-CO"},{"@type":"Organization","@id":"https:\/\/www.fiscalia.gov.co\/colombia\/#organization","name":"Fiscal\u00eda General de la Naci\u00f3n","url":"https:\/\/www.fiscalia.gov.co\/colombia\/","logo":{"@type":"ImageObject","inLanguage":"es-CO","@id":"https:\/\/www.fiscalia.gov.co\/colombia\/#\/schema\/logo\/image\/","url":"https:\/\/www.fiscalia.gov.co\/colombia\/wp-content\/uploads\/LogoHorizontal_1.jpg","contentUrl":"https:\/\/www.fiscalia.gov.co\/colombia\/wp-content\/uploads\/LogoHorizontal_1.jpg","width":300,"height":90,"caption":"Fiscal\u00eda General de la Naci\u00f3n"},"image":{"@id":"https:\/\/www.fiscalia.gov.co\/colombia\/#\/schema\/logo\/image\/"},"sameAs":["https:\/\/www.facebook.com\/FiscaliaCol","https:\/\/x.com\/FiscaliaCol","https:\/\/www.instagram.com\/fiscaliacol","https:\/\/www.linkedin.com\/company\/fiscalia-general-de-la-naci-n\/","https:\/\/youtube.com\/@fiscaliageneraldelanacion-4668?si=6nN79nyQICPU5iTh"]},{"@type":"Person","@id":"https:\/\/www.fiscalia.gov.co\/colombia\/#\/schema\/person\/ba9eca435947489fb25117a0cd75bf3e","name":"Johanna Islenny Prieto Pe\u00f1a","image":{"@type":"ImageObject","inLanguage":"es-CO","@id":"https:\/\/www.fiscalia.gov.co\/colombia\/#\/schema\/person\/image\/","url":"https:\/\/secure.gravatar.com\/avatar\/111433fc2acb037ffb768f6a3ca47864?s=96&d=mm&r=g","contentUrl":"https:\/\/secure.gravatar.com\/avatar\/111433fc2acb037ffb768f6a3ca47864?s=96&d=mm&r=g","caption":"Johanna Islenny Prieto Pe\u00f1a"},"url":"https:\/\/www.fiscalia.gov.co\/colombia\/author\/jprietop\/"}]}},"_links":{"self":[{"href":"https:\/\/www.fiscalia.gov.co\/colombia\/wp-json\/wp\/v2\/posts\/327611","targetHints":{"allow":["GET"]}}],"collection":[{"href":"https:\/\/www.fiscalia.gov.co\/colombia\/wp-json\/wp\/v2\/posts"}],"about":[{"href":"https:\/\/www.fiscalia.gov.co\/colombia\/wp-json\/wp\/v2\/types\/post"}],"author":[{"embeddable":true,"href":"https:\/\/www.fiscalia.gov.co\/colombia\/wp-json\/wp\/v2\/users\/181"}],"replies":[{"embeddable":true,"href":"https:\/\/www.fiscalia.gov.co\/colombia\/wp-json\/wp\/v2\/comments?post=327611"}],"version-history":[{"count":3,"href":"https:\/\/www.fiscalia.gov.co\/colombia\/wp-json\/wp\/v2\/posts\/327611\/revisions"}],"predecessor-version":[{"id":327642,"href":"https:\/\/www.fiscalia.gov.co\/colombia\/wp-json\/wp\/v2\/posts\/327611\/revisions\/327642"}],"wp:attachment":[{"href":"https:\/\/www.fiscalia.gov.co\/colombia\/wp-json\/wp\/v2\/media?parent=327611"}],"wp:term":[{"taxonomy":"category","embeddable":true,"href":"https:\/\/www.fiscalia.gov.co\/colombia\/wp-json\/wp\/v2\/categories?post=327611"},{"taxonomy":"post_tag","embeddable":true,"href":"https:\/\/www.fiscalia.gov.co\/colombia\/wp-json\/wp\/v2\/tags?post=327611"}],"curies":[{"name":"wp","href":"https:\/\/api.w.org\/{rel}","templated":true}]}}