{"id":327601,"date":"2025-11-22T14:32:41","date_gmt":"2025-11-22T19:32:41","guid":{"rendered":"https:\/\/www.fiscalia.gov.co\/colombia\/?p=327601"},"modified":"2025-11-22T14:34:08","modified_gmt":"2025-11-22T19:34:08","slug":"hombre-que-habria-asesinado-e-incinerado-el-cuerpo-de-su-abuela-en-cali-debera-cumplir-medida-de-aseguramiento-en-centro-carcelario","status":"publish","type":"post","link":"https:\/\/www.fiscalia.gov.co\/colombia\/noticias\/hombre-que-habria-asesinado-e-incinerado-el-cuerpo-de-su-abuela-en-cali-debera-cumplir-medida-de-aseguramiento-en-centro-carcelario\/","title":{"rendered":"Hombre que habr\u00eda asesinado e incinerado el cuerpo de su abuela en Cali deber\u00e1 cumplir medida de aseguramiento en centro carcelario"},"content":{"rendered":"<blockquote>\n<h4><em><strong>El cuerpo de la v\u00edctima fue incinerado en el horno de su propia casa y parte de sus restos fueron enterrados en varias materias del lugar.\u00a0<\/strong> <\/em><\/h4>\n<\/blockquote>\n<p>Los elementos materiales probatorios y evidencia f\u00edsica recopilados por la Fiscal\u00eda General de la Naci\u00f3n permitieron identificar a <strong>Yeison Alberto Melo, de 27 a\u00f1os, como el presunto responsable del crimen de su abuela, en hechos ocurridos entre el 9 y 13<\/strong> octubre de 2023, en Cali (Valle del Cauca).<\/p>\n<p>En ese sentido, un fiscal de la Seccional Cali, le imput\u00f3 los delitos de homicidio agravado y ocultamiento, <strong>alteraci\u00f3n o destrucci\u00f3n de elemento material probatorio. En desarrollo de las audiencias concentradas le fue impuesta medida de aseguramiento<\/strong> en centro carcelario.<\/p>\n<figure id=\"attachment_327603\" aria-describedby=\"caption-attachment-327603\" style=\"width: 300px\" class=\"wp-caption alignnone\"><img loading=\"lazy\" decoding=\"async\" class=\"size-medium wp-image-327603\" src=\"https:\/\/www.fiscalia.gov.co\/colombia\/wp-content\/uploads\/WhatsApp-Image-2025-11-22-at-1.55.35-PM-300x168.jpeg\" alt=\"En la fotograf\u00eda se encuentran tres personas dos de ellas uniformados de la polic\u00eda junto al capturado.\" width=\"300\" height=\"168\" srcset=\"https:\/\/www.fiscalia.gov.co\/colombia\/wp-content\/uploads\/WhatsApp-Image-2025-11-22-at-1.55.35-PM-300x168.jpeg 300w, https:\/\/www.fiscalia.gov.co\/colombia\/wp-content\/uploads\/WhatsApp-Image-2025-11-22-at-1.55.35-PM-1024x573.jpeg 1024w, https:\/\/www.fiscalia.gov.co\/colombia\/wp-content\/uploads\/WhatsApp-Image-2025-11-22-at-1.55.35-PM-768x430.jpeg 768w, https:\/\/www.fiscalia.gov.co\/colombia\/wp-content\/uploads\/WhatsApp-Image-2025-11-22-at-1.55.35-PM-1536x859.jpeg 1536w, https:\/\/www.fiscalia.gov.co\/colombia\/wp-content\/uploads\/WhatsApp-Image-2025-11-22-at-1.55.35-PM-751x420.jpeg 751w, https:\/\/www.fiscalia.gov.co\/colombia\/wp-content\/uploads\/WhatsApp-Image-2025-11-22-at-1.55.35-PM-696x389.jpeg 696w, https:\/\/www.fiscalia.gov.co\/colombia\/wp-content\/uploads\/WhatsApp-Image-2025-11-22-at-1.55.35-PM-1068x597.jpeg 1068w, https:\/\/www.fiscalia.gov.co\/colombia\/wp-content\/uploads\/WhatsApp-Image-2025-11-22-at-1.55.35-PM.jpeg 1600w\" sizes=\"auto, (max-width: 300px) 100vw, 300px\" \/><figcaption id=\"caption-attachment-327603\" class=\"wp-caption-text\">Personal de la Sij\u00edn materializ\u00f3 la orden de captura contra el presunto implicado el pasado 19 de noviembre, en Jamund\u00ed (Valle del Cauca).<\/figcaption><\/figure>\n<p>De acuerdo con la investigaci\u00f3n, que cont\u00f3 con el apoyo de personal de la Sij\u00edn de la Polic\u00eda Nacional, la v\u00edctima, una modista de 68 a\u00f1os, conviv\u00eda con el hoy imputado desde hac\u00eda tres meses, ya que se encontraba en libertad condicional por una condena en su contra.<\/p>\n<p>Los hechos materia de investigaci\u00f3n ocurrieron en una vivienda ubicada en el barrio Alfonso L\u00f3pez. La evidencia f\u00edsica hallada en el lugar estableci\u00f3 que la v\u00edctima fue asesinada all\u00ed y que sus restos fueron incinerados en un horno y algunos de ellos enterrados en varias materas.<\/p>\n<p>Por solicitud de la Fiscal\u00eda, los restos y algunos elementos hallados en el lugar, fueron sometidos al an\u00e1lisis de ADN lo que permiti\u00f3 establecer la plena identidad de la v\u00edctima, as\u00ed como la presunta responsabilidad de su nieto en el crimen.<\/p>\n<p>Personal de la Sij\u00edn materializ\u00f3 la orden de captura contra el presunto implicado el pasado 19 de noviembre, en Jamund\u00ed (Valle del Cauca).<\/p>\n<p>&nbsp;<\/p>\n<p>MAP\/DSC\/AMCJ\/<\/p>\n<p>&nbsp;<\/p>\n<p>&nbsp;<\/p>\n<p>&nbsp;<\/p>\n<p>&nbsp;<\/p>\n<p>&nbsp;<\/p>\n<p>&nbsp;<\/p>\n<p><i>La informaci\u00f3n contenida en este bolet\u00edn de prensa corresponde a la narraci\u00f3n de los hechos noticiosos objetivos, suministrados por los funcionarios encargados de adelantar las investigaciones penales al interior de la Fiscal\u00eda General de la Naci\u00f3n. Para el momento de la divulgaci\u00f3n de este comunicado, la situaci\u00f3n jur\u00eddica de la(s) persona(s) relacionada(s) se encuentra pendiente de resolver por la autoridad judicial competente, siempre bajo los preceptos de la presunci\u00f3n de inocencia, consagrados en el art\u00edculo 29 de la Constituci\u00f3n Pol\u00edtica y el art\u00edculo 7\u00ba de la Ley 906 de 2004.<\/i><\/p>\n\n<div class=\"twitter-share\"><a href=\"https:\/\/twitter.com\/intent\/tweet?via=fiscaliacol\" class=\"twitter-share-button\">Tweet<\/a><\/div>\n","protected":false},"excerpt":{"rendered":"<p>El cuerpo de la v\u00edctima fue incinerado en el horno de su propia casa y parte de sus restos fueron enterrados en varias materias del lugar.\u00a0 Los elementos materiales probatorios y evidencia f\u00edsica recopilados por la Fiscal\u00eda General de la Naci\u00f3n permitieron identificar a Yeison Alberto Melo, de 27 a\u00f1os, como el presunto responsable del [&hellip;]<\/p>\n","protected":false},"author":181,"featured_media":0,"comment_status":"closed","ping_status":"open","sticky":false,"template":"","format":"standard","meta":{"_price":"","_stock":"","_tribe_ticket_header":"","_tribe_default_ticket_provider":"","_tribe_ticket_capacity":"0","_ticket_start_date":"","_ticket_end_date":"","_tribe_ticket_show_description":"","_tribe_ticket_show_not_going":false,"_tribe_ticket_use_global_stock":"","_tribe_ticket_global_stock_level":"","_global_stock_mode":"","_global_stock_cap":"","_tribe_rsvp_for_event":"","_tribe_ticket_going_count":"","_tribe_ticket_not_going_count":"","_tribe_tickets_list":"[]","_tribe_ticket_has_attendee_info_fields":false,"tdm_status":"","tdm_grid_status":"","footnotes":""},"categories":[1,24099],"tags":[37491,37492,4614,1047],"class_list":{"0":"post-327601","1":"post","2":"type-post","3":"status-publish","4":"format-standard","6":"category-noticias","7":"category-seguridad-territorial","8":"tag-fiscal-camargo","9":"tag-fiscal-luz-adriana-camargo","10":"tag-fiscalia-2","11":"tag-fiscalia-general-de-la-nacion"},"yoast_head":"<!-- This site is optimized with the Yoast SEO plugin v24.3 - https:\/\/yoast.com\/wordpress\/plugins\/seo\/ -->\n<title>Fiscal\u00eda General de la Naci\u00f3n<\/title>\n<meta name=\"description\" content=\"P\u00e1gina oficial de la Fiscal\u00eda General de la Naci\u00f3n \u2013 Colombia. Garantizamos el acceso efectivo a la justicia, la verdad y la reparaci\u00f3n de las v\u00edctimas de los delitos.\" \/>\n<meta name=\"robots\" content=\"noindex, follow\" \/>\n<meta property=\"og:locale\" content=\"es_ES\" \/>\n<meta property=\"og:type\" content=\"article\" \/>\n<meta property=\"og:title\" content=\"Fiscal\u00eda General de la Naci\u00f3n\" \/>\n<meta property=\"og:description\" content=\"P\u00e1gina oficial de la Fiscal\u00eda General de la Naci\u00f3n \u2013 Colombia. Garantizamos el acceso efectivo a la justicia, la verdad y la reparaci\u00f3n de las v\u00edctimas de los delitos.\" \/>\n<meta property=\"og:url\" content=\"https:\/\/www.fiscalia.gov.co\/colombia\/noticias\/hombre-que-habria-asesinado-e-incinerado-el-cuerpo-de-su-abuela-en-cali-debera-cumplir-medida-de-aseguramiento-en-centro-carcelario\/\" \/>\n<meta property=\"og:site_name\" content=\"Fiscal\u00eda General de la Naci\u00f3n\" \/>\n<meta property=\"article:publisher\" content=\"https:\/\/www.facebook.com\/FiscaliaCol\" \/>\n<meta property=\"article:published_time\" content=\"2025-11-22T19:32:41+00:00\" \/>\n<meta property=\"article:modified_time\" content=\"2025-11-22T19:34:08+00:00\" \/>\n<meta property=\"og:image\" content=\"https:\/\/www.fiscalia.gov.co\/colombia\/wp-content\/uploads\/WhatsApp-Image-2025-11-22-at-1.55.35-PM.jpeg\" \/>\n\t<meta property=\"og:image:width\" content=\"1600\" \/>\n\t<meta property=\"og:image:height\" content=\"895\" \/>\n\t<meta property=\"og:image:type\" content=\"image\/jpeg\" \/>\n<meta name=\"author\" content=\"Johanna Islenny Prieto Pe\u00f1a\" \/>\n<meta name=\"twitter:card\" content=\"summary_large_image\" \/>\n<meta name=\"twitter:creator\" content=\"@FiscaliaCol\" \/>\n<meta name=\"twitter:site\" content=\"@FiscaliaCol\" \/>\n<meta name=\"twitter:label1\" content=\"Escrito por\" \/>\n\t<meta name=\"twitter:data1\" content=\"Johanna Islenny Prieto Pe\u00f1a\" \/>\n\t<meta name=\"twitter:label2\" content=\"Tiempo de lectura\" \/>\n\t<meta name=\"twitter:data2\" content=\"2 minutos\" \/>\n<script type=\"application\/ld+json\" class=\"yoast-schema-graph\">{\"@context\":\"https:\/\/schema.org\",\"@graph\":[{\"@type\":\"Article\",\"@id\":\"https:\/\/www.fiscalia.gov.co\/colombia\/noticias\/hombre-que-habria-asesinado-e-incinerado-el-cuerpo-de-su-abuela-en-cali-debera-cumplir-medida-de-aseguramiento-en-centro-carcelario\/#article\",\"isPartOf\":{\"@id\":\"https:\/\/www.fiscalia.gov.co\/colombia\/noticias\/hombre-que-habria-asesinado-e-incinerado-el-cuerpo-de-su-abuela-en-cali-debera-cumplir-medida-de-aseguramiento-en-centro-carcelario\/\"},\"author\":{\"name\":\"Johanna Islenny Prieto Pe\u00f1a\",\"@id\":\"https:\/\/www.fiscalia.gov.co\/colombia\/#\/schema\/person\/ba9eca435947489fb25117a0cd75bf3e\"},\"headline\":\"Hombre que habr\u00eda asesinado e incinerado el cuerpo de su abuela en Cali deber\u00e1 cumplir medida de aseguramiento en centro carcelario\",\"datePublished\":\"2025-11-22T19:32:41+00:00\",\"dateModified\":\"2025-11-22T19:34:08+00:00\",\"mainEntityOfPage\":{\"@id\":\"https:\/\/www.fiscalia.gov.co\/colombia\/noticias\/hombre-que-habria-asesinado-e-incinerado-el-cuerpo-de-su-abuela-en-cali-debera-cumplir-medida-de-aseguramiento-en-centro-carcelario\/\"},\"wordCount\":453,\"publisher\":{\"@id\":\"https:\/\/www.fiscalia.gov.co\/colombia\/#organization\"},\"image\":{\"@id\":\"https:\/\/www.fiscalia.gov.co\/colombia\/noticias\/hombre-que-habria-asesinado-e-incinerado-el-cuerpo-de-su-abuela-en-cali-debera-cumplir-medida-de-aseguramiento-en-centro-carcelario\/#primaryimage\"},\"thumbnailUrl\":\"https:\/\/www.fiscalia.gov.co\/colombia\/wp-content\/uploads\/WhatsApp-Image-2025-11-22-at-1.55.35-PM-300x168.jpeg\",\"keywords\":[\"fiscal Camargo\",\"Fiscal Luz Adriana Camargo\",\"Fiscal\u00eda\",\"Fiscal\u00eda General de la Naci\u00f3n\"],\"articleSection\":[\"Noticias\",\"Seguridad territorial\"],\"inLanguage\":\"es-CO\"},{\"@type\":\"WebPage\",\"@id\":\"https:\/\/www.fiscalia.gov.co\/colombia\/noticias\/hombre-que-habria-asesinado-e-incinerado-el-cuerpo-de-su-abuela-en-cali-debera-cumplir-medida-de-aseguramiento-en-centro-carcelario\/\",\"url\":\"https:\/\/www.fiscalia.gov.co\/colombia\/noticias\/hombre-que-habria-asesinado-e-incinerado-el-cuerpo-de-su-abuela-en-cali-debera-cumplir-medida-de-aseguramiento-en-centro-carcelario\/\",\"name\":\"Fiscal\u00eda General de la Naci\u00f3n\",\"isPartOf\":{\"@id\":\"https:\/\/www.fiscalia.gov.co\/colombia\/#website\"},\"primaryImageOfPage\":{\"@id\":\"https:\/\/www.fiscalia.gov.co\/colombia\/noticias\/hombre-que-habria-asesinado-e-incinerado-el-cuerpo-de-su-abuela-en-cali-debera-cumplir-medida-de-aseguramiento-en-centro-carcelario\/#primaryimage\"},\"image\":{\"@id\":\"https:\/\/www.fiscalia.gov.co\/colombia\/noticias\/hombre-que-habria-asesinado-e-incinerado-el-cuerpo-de-su-abuela-en-cali-debera-cumplir-medida-de-aseguramiento-en-centro-carcelario\/#primaryimage\"},\"thumbnailUrl\":\"https:\/\/www.fiscalia.gov.co\/colombia\/wp-content\/uploads\/WhatsApp-Image-2025-11-22-at-1.55.35-PM-300x168.jpeg\",\"datePublished\":\"2025-11-22T19:32:41+00:00\",\"dateModified\":\"2025-11-22T19:34:08+00:00\",\"description\":\"P\u00e1gina oficial de la Fiscal\u00eda General de la Naci\u00f3n \u2013 Colombia. Garantizamos el acceso efectivo a la justicia, la verdad y la reparaci\u00f3n de las v\u00edctimas de los delitos.\",\"breadcrumb\":{\"@id\":\"https:\/\/www.fiscalia.gov.co\/colombia\/noticias\/hombre-que-habria-asesinado-e-incinerado-el-cuerpo-de-su-abuela-en-cali-debera-cumplir-medida-de-aseguramiento-en-centro-carcelario\/#breadcrumb\"},\"inLanguage\":\"es-CO\",\"potentialAction\":[{\"@type\":\"ReadAction\",\"target\":[\"https:\/\/www.fiscalia.gov.co\/colombia\/noticias\/hombre-que-habria-asesinado-e-incinerado-el-cuerpo-de-su-abuela-en-cali-debera-cumplir-medida-de-aseguramiento-en-centro-carcelario\/\"]}]},{\"@type\":\"ImageObject\",\"inLanguage\":\"es-CO\",\"@id\":\"https:\/\/www.fiscalia.gov.co\/colombia\/noticias\/hombre-que-habria-asesinado-e-incinerado-el-cuerpo-de-su-abuela-en-cali-debera-cumplir-medida-de-aseguramiento-en-centro-carcelario\/#primaryimage\",\"url\":\"https:\/\/www.fiscalia.gov.co\/colombia\/wp-content\/uploads\/WhatsApp-Image-2025-11-22-at-1.55.35-PM.jpeg\",\"contentUrl\":\"https:\/\/www.fiscalia.gov.co\/colombia\/wp-content\/uploads\/WhatsApp-Image-2025-11-22-at-1.55.35-PM.jpeg\",\"width\":1600,\"height\":895,\"caption\":\"Personal de la Sij\u00edn materializ\u00f3 la orden de captura contra el presunto implicado el pasado 19 de noviembre, en Jamund\u00ed (Valle del Cauca).\"},{\"@type\":\"BreadcrumbList\",\"@id\":\"https:\/\/www.fiscalia.gov.co\/colombia\/noticias\/hombre-que-habria-asesinado-e-incinerado-el-cuerpo-de-su-abuela-en-cali-debera-cumplir-medida-de-aseguramiento-en-centro-carcelario\/#breadcrumb\",\"itemListElement\":[{\"@type\":\"ListItem\",\"position\":1,\"name\":\"Home\",\"item\":\"https:\/\/www.fiscalia.gov.co\/colombia\/\"},{\"@type\":\"ListItem\",\"position\":2,\"name\":\"Hombre que habr\u00eda asesinado e incinerado el cuerpo de su abuela en Cali deber\u00e1 cumplir medida de aseguramiento en centro carcelario\"}]},{\"@type\":\"WebSite\",\"@id\":\"https:\/\/www.fiscalia.gov.co\/colombia\/#website\",\"url\":\"https:\/\/www.fiscalia.gov.co\/colombia\/\",\"name\":\"Fiscal\u00eda General de la Naci\u00f3n\",\"description\":\"P\u00e1gina oficial de la Fiscal\u00eda General de la Naci\u00f3n \u2013 Colombia. Garantizamos el acceso efectivo a la justicia, la verdad y la reparaci\u00f3n de las v\u00edctimas de los delitos.\",\"publisher\":{\"@id\":\"https:\/\/www.fiscalia.gov.co\/colombia\/#organization\"},\"potentialAction\":[{\"@type\":\"SearchAction\",\"target\":{\"@type\":\"EntryPoint\",\"urlTemplate\":\"https:\/\/www.fiscalia.gov.co\/colombia\/?s={search_term_string}\"},\"query-input\":{\"@type\":\"PropertyValueSpecification\",\"valueRequired\":true,\"valueName\":\"search_term_string\"}}],\"inLanguage\":\"es-CO\"},{\"@type\":\"Organization\",\"@id\":\"https:\/\/www.fiscalia.gov.co\/colombia\/#organization\",\"name\":\"Fiscal\u00eda General de la Naci\u00f3n\",\"url\":\"https:\/\/www.fiscalia.gov.co\/colombia\/\",\"logo\":{\"@type\":\"ImageObject\",\"inLanguage\":\"es-CO\",\"@id\":\"https:\/\/www.fiscalia.gov.co\/colombia\/#\/schema\/logo\/image\/\",\"url\":\"https:\/\/www.fiscalia.gov.co\/colombia\/wp-content\/uploads\/LogoHorizontal_1.jpg\",\"contentUrl\":\"https:\/\/www.fiscalia.gov.co\/colombia\/wp-content\/uploads\/LogoHorizontal_1.jpg\",\"width\":300,\"height\":90,\"caption\":\"Fiscal\u00eda General de la Naci\u00f3n\"},\"image\":{\"@id\":\"https:\/\/www.fiscalia.gov.co\/colombia\/#\/schema\/logo\/image\/\"},\"sameAs\":[\"https:\/\/www.facebook.com\/FiscaliaCol\",\"https:\/\/x.com\/FiscaliaCol\",\"https:\/\/www.instagram.com\/fiscaliacol\",\"https:\/\/www.linkedin.com\/company\/fiscalia-general-de-la-naci-n\/\",\"https:\/\/youtube.com\/@fiscaliageneraldelanacion-4668?si=6nN79nyQICPU5iTh\"]},{\"@type\":\"Person\",\"@id\":\"https:\/\/www.fiscalia.gov.co\/colombia\/#\/schema\/person\/ba9eca435947489fb25117a0cd75bf3e\",\"name\":\"Johanna Islenny Prieto Pe\u00f1a\",\"image\":{\"@type\":\"ImageObject\",\"inLanguage\":\"es-CO\",\"@id\":\"https:\/\/www.fiscalia.gov.co\/colombia\/#\/schema\/person\/image\/\",\"url\":\"https:\/\/secure.gravatar.com\/avatar\/111433fc2acb037ffb768f6a3ca47864?s=96&d=mm&r=g\",\"contentUrl\":\"https:\/\/secure.gravatar.com\/avatar\/111433fc2acb037ffb768f6a3ca47864?s=96&d=mm&r=g\",\"caption\":\"Johanna Islenny Prieto Pe\u00f1a\"},\"url\":\"https:\/\/www.fiscalia.gov.co\/colombia\/author\/jprietop\/\"}]}<\/script>\n<!-- \/ Yoast SEO plugin. -->","yoast_head_json":{"title":"Fiscal\u00eda General de la Naci\u00f3n","description":"P\u00e1gina oficial de la Fiscal\u00eda General de la Naci\u00f3n \u2013 Colombia. Garantizamos el acceso efectivo a la justicia, la verdad y la reparaci\u00f3n de las v\u00edctimas de los delitos.","robots":{"index":"noindex","follow":"follow"},"og_locale":"es_ES","og_type":"article","og_title":"Fiscal\u00eda General de la Naci\u00f3n","og_description":"P\u00e1gina oficial de la Fiscal\u00eda General de la Naci\u00f3n \u2013 Colombia. Garantizamos el acceso efectivo a la justicia, la verdad y la reparaci\u00f3n de las v\u00edctimas de los delitos.","og_url":"https:\/\/www.fiscalia.gov.co\/colombia\/noticias\/hombre-que-habria-asesinado-e-incinerado-el-cuerpo-de-su-abuela-en-cali-debera-cumplir-medida-de-aseguramiento-en-centro-carcelario\/","og_site_name":"Fiscal\u00eda General de la Naci\u00f3n","article_publisher":"https:\/\/www.facebook.com\/FiscaliaCol","article_published_time":"2025-11-22T19:32:41+00:00","article_modified_time":"2025-11-22T19:34:08+00:00","og_image":[{"width":1600,"height":895,"url":"https:\/\/www.fiscalia.gov.co\/colombia\/wp-content\/uploads\/WhatsApp-Image-2025-11-22-at-1.55.35-PM.jpeg","type":"image\/jpeg"}],"author":"Johanna Islenny Prieto Pe\u00f1a","twitter_card":"summary_large_image","twitter_creator":"@FiscaliaCol","twitter_site":"@FiscaliaCol","twitter_misc":{"Escrito por":"Johanna Islenny Prieto Pe\u00f1a","Tiempo de lectura":"2 minutos"},"schema":{"@context":"https:\/\/schema.org","@graph":[{"@type":"Article","@id":"https:\/\/www.fiscalia.gov.co\/colombia\/noticias\/hombre-que-habria-asesinado-e-incinerado-el-cuerpo-de-su-abuela-en-cali-debera-cumplir-medida-de-aseguramiento-en-centro-carcelario\/#article","isPartOf":{"@id":"https:\/\/www.fiscalia.gov.co\/colombia\/noticias\/hombre-que-habria-asesinado-e-incinerado-el-cuerpo-de-su-abuela-en-cali-debera-cumplir-medida-de-aseguramiento-en-centro-carcelario\/"},"author":{"name":"Johanna Islenny Prieto Pe\u00f1a","@id":"https:\/\/www.fiscalia.gov.co\/colombia\/#\/schema\/person\/ba9eca435947489fb25117a0cd75bf3e"},"headline":"Hombre que habr\u00eda asesinado e incinerado el cuerpo de su abuela en Cali deber\u00e1 cumplir medida de aseguramiento en centro carcelario","datePublished":"2025-11-22T19:32:41+00:00","dateModified":"2025-11-22T19:34:08+00:00","mainEntityOfPage":{"@id":"https:\/\/www.fiscalia.gov.co\/colombia\/noticias\/hombre-que-habria-asesinado-e-incinerado-el-cuerpo-de-su-abuela-en-cali-debera-cumplir-medida-de-aseguramiento-en-centro-carcelario\/"},"wordCount":453,"publisher":{"@id":"https:\/\/www.fiscalia.gov.co\/colombia\/#organization"},"image":{"@id":"https:\/\/www.fiscalia.gov.co\/colombia\/noticias\/hombre-que-habria-asesinado-e-incinerado-el-cuerpo-de-su-abuela-en-cali-debera-cumplir-medida-de-aseguramiento-en-centro-carcelario\/#primaryimage"},"thumbnailUrl":"https:\/\/www.fiscalia.gov.co\/colombia\/wp-content\/uploads\/WhatsApp-Image-2025-11-22-at-1.55.35-PM-300x168.jpeg","keywords":["fiscal Camargo","Fiscal Luz Adriana Camargo","Fiscal\u00eda","Fiscal\u00eda General de la Naci\u00f3n"],"articleSection":["Noticias","Seguridad territorial"],"inLanguage":"es-CO"},{"@type":"WebPage","@id":"https:\/\/www.fiscalia.gov.co\/colombia\/noticias\/hombre-que-habria-asesinado-e-incinerado-el-cuerpo-de-su-abuela-en-cali-debera-cumplir-medida-de-aseguramiento-en-centro-carcelario\/","url":"https:\/\/www.fiscalia.gov.co\/colombia\/noticias\/hombre-que-habria-asesinado-e-incinerado-el-cuerpo-de-su-abuela-en-cali-debera-cumplir-medida-de-aseguramiento-en-centro-carcelario\/","name":"Fiscal\u00eda General de la Naci\u00f3n","isPartOf":{"@id":"https:\/\/www.fiscalia.gov.co\/colombia\/#website"},"primaryImageOfPage":{"@id":"https:\/\/www.fiscalia.gov.co\/colombia\/noticias\/hombre-que-habria-asesinado-e-incinerado-el-cuerpo-de-su-abuela-en-cali-debera-cumplir-medida-de-aseguramiento-en-centro-carcelario\/#primaryimage"},"image":{"@id":"https:\/\/www.fiscalia.gov.co\/colombia\/noticias\/hombre-que-habria-asesinado-e-incinerado-el-cuerpo-de-su-abuela-en-cali-debera-cumplir-medida-de-aseguramiento-en-centro-carcelario\/#primaryimage"},"thumbnailUrl":"https:\/\/www.fiscalia.gov.co\/colombia\/wp-content\/uploads\/WhatsApp-Image-2025-11-22-at-1.55.35-PM-300x168.jpeg","datePublished":"2025-11-22T19:32:41+00:00","dateModified":"2025-11-22T19:34:08+00:00","description":"P\u00e1gina oficial de la Fiscal\u00eda General de la Naci\u00f3n \u2013 Colombia. Garantizamos el acceso efectivo a la justicia, la verdad y la reparaci\u00f3n de las v\u00edctimas de los delitos.","breadcrumb":{"@id":"https:\/\/www.fiscalia.gov.co\/colombia\/noticias\/hombre-que-habria-asesinado-e-incinerado-el-cuerpo-de-su-abuela-en-cali-debera-cumplir-medida-de-aseguramiento-en-centro-carcelario\/#breadcrumb"},"inLanguage":"es-CO","potentialAction":[{"@type":"ReadAction","target":["https:\/\/www.fiscalia.gov.co\/colombia\/noticias\/hombre-que-habria-asesinado-e-incinerado-el-cuerpo-de-su-abuela-en-cali-debera-cumplir-medida-de-aseguramiento-en-centro-carcelario\/"]}]},{"@type":"ImageObject","inLanguage":"es-CO","@id":"https:\/\/www.fiscalia.gov.co\/colombia\/noticias\/hombre-que-habria-asesinado-e-incinerado-el-cuerpo-de-su-abuela-en-cali-debera-cumplir-medida-de-aseguramiento-en-centro-carcelario\/#primaryimage","url":"https:\/\/www.fiscalia.gov.co\/colombia\/wp-content\/uploads\/WhatsApp-Image-2025-11-22-at-1.55.35-PM.jpeg","contentUrl":"https:\/\/www.fiscalia.gov.co\/colombia\/wp-content\/uploads\/WhatsApp-Image-2025-11-22-at-1.55.35-PM.jpeg","width":1600,"height":895,"caption":"Personal de la Sij\u00edn materializ\u00f3 la orden de captura contra el presunto implicado el pasado 19 de noviembre, en Jamund\u00ed (Valle del Cauca)."},{"@type":"BreadcrumbList","@id":"https:\/\/www.fiscalia.gov.co\/colombia\/noticias\/hombre-que-habria-asesinado-e-incinerado-el-cuerpo-de-su-abuela-en-cali-debera-cumplir-medida-de-aseguramiento-en-centro-carcelario\/#breadcrumb","itemListElement":[{"@type":"ListItem","position":1,"name":"Home","item":"https:\/\/www.fiscalia.gov.co\/colombia\/"},{"@type":"ListItem","position":2,"name":"Hombre que habr\u00eda asesinado e incinerado el cuerpo de su abuela en Cali deber\u00e1 cumplir medida de aseguramiento en centro carcelario"}]},{"@type":"WebSite","@id":"https:\/\/www.fiscalia.gov.co\/colombia\/#website","url":"https:\/\/www.fiscalia.gov.co\/colombia\/","name":"Fiscal\u00eda General de la Naci\u00f3n","description":"P\u00e1gina oficial de la Fiscal\u00eda General de la Naci\u00f3n \u2013 Colombia. Garantizamos el acceso efectivo a la justicia, la verdad y la reparaci\u00f3n de las v\u00edctimas de los delitos.","publisher":{"@id":"https:\/\/www.fiscalia.gov.co\/colombia\/#organization"},"potentialAction":[{"@type":"SearchAction","target":{"@type":"EntryPoint","urlTemplate":"https:\/\/www.fiscalia.gov.co\/colombia\/?s={search_term_string}"},"query-input":{"@type":"PropertyValueSpecification","valueRequired":true,"valueName":"search_term_string"}}],"inLanguage":"es-CO"},{"@type":"Organization","@id":"https:\/\/www.fiscalia.gov.co\/colombia\/#organization","name":"Fiscal\u00eda General de la Naci\u00f3n","url":"https:\/\/www.fiscalia.gov.co\/colombia\/","logo":{"@type":"ImageObject","inLanguage":"es-CO","@id":"https:\/\/www.fiscalia.gov.co\/colombia\/#\/schema\/logo\/image\/","url":"https:\/\/www.fiscalia.gov.co\/colombia\/wp-content\/uploads\/LogoHorizontal_1.jpg","contentUrl":"https:\/\/www.fiscalia.gov.co\/colombia\/wp-content\/uploads\/LogoHorizontal_1.jpg","width":300,"height":90,"caption":"Fiscal\u00eda General de la Naci\u00f3n"},"image":{"@id":"https:\/\/www.fiscalia.gov.co\/colombia\/#\/schema\/logo\/image\/"},"sameAs":["https:\/\/www.facebook.com\/FiscaliaCol","https:\/\/x.com\/FiscaliaCol","https:\/\/www.instagram.com\/fiscaliacol","https:\/\/www.linkedin.com\/company\/fiscalia-general-de-la-naci-n\/","https:\/\/youtube.com\/@fiscaliageneraldelanacion-4668?si=6nN79nyQICPU5iTh"]},{"@type":"Person","@id":"https:\/\/www.fiscalia.gov.co\/colombia\/#\/schema\/person\/ba9eca435947489fb25117a0cd75bf3e","name":"Johanna Islenny Prieto Pe\u00f1a","image":{"@type":"ImageObject","inLanguage":"es-CO","@id":"https:\/\/www.fiscalia.gov.co\/colombia\/#\/schema\/person\/image\/","url":"https:\/\/secure.gravatar.com\/avatar\/111433fc2acb037ffb768f6a3ca47864?s=96&d=mm&r=g","contentUrl":"https:\/\/secure.gravatar.com\/avatar\/111433fc2acb037ffb768f6a3ca47864?s=96&d=mm&r=g","caption":"Johanna Islenny Prieto Pe\u00f1a"},"url":"https:\/\/www.fiscalia.gov.co\/colombia\/author\/jprietop\/"}]}},"_links":{"self":[{"href":"https:\/\/www.fiscalia.gov.co\/colombia\/wp-json\/wp\/v2\/posts\/327601","targetHints":{"allow":["GET"]}}],"collection":[{"href":"https:\/\/www.fiscalia.gov.co\/colombia\/wp-json\/wp\/v2\/posts"}],"about":[{"href":"https:\/\/www.fiscalia.gov.co\/colombia\/wp-json\/wp\/v2\/types\/post"}],"author":[{"embeddable":true,"href":"https:\/\/www.fiscalia.gov.co\/colombia\/wp-json\/wp\/v2\/users\/181"}],"replies":[{"embeddable":true,"href":"https:\/\/www.fiscalia.gov.co\/colombia\/wp-json\/wp\/v2\/comments?post=327601"}],"version-history":[{"count":3,"href":"https:\/\/www.fiscalia.gov.co\/colombia\/wp-json\/wp\/v2\/posts\/327601\/revisions"}],"predecessor-version":[{"id":327605,"href":"https:\/\/www.fiscalia.gov.co\/colombia\/wp-json\/wp\/v2\/posts\/327601\/revisions\/327605"}],"wp:attachment":[{"href":"https:\/\/www.fiscalia.gov.co\/colombia\/wp-json\/wp\/v2\/media?parent=327601"}],"wp:term":[{"taxonomy":"category","embeddable":true,"href":"https:\/\/www.fiscalia.gov.co\/colombia\/wp-json\/wp\/v2\/categories?post=327601"},{"taxonomy":"post_tag","embeddable":true,"href":"https:\/\/www.fiscalia.gov.co\/colombia\/wp-json\/wp\/v2\/tags?post=327601"}],"curies":[{"name":"wp","href":"https:\/\/api.w.org\/{rel}","templated":true}]}}