{"id":327558,"date":"2025-11-21T14:58:37","date_gmt":"2025-11-21T19:58:37","guid":{"rendered":"https:\/\/www.fiscalia.gov.co\/colombia\/?p=327558"},"modified":"2025-11-21T15:01:51","modified_gmt":"2025-11-21T20:01:51","slug":"en-neiva-fueron-aseguradas-dos-presuntas-integrantes-de-un-grupo-delincuencial-dedicado-al-trafico-local-de-estupefacientes","status":"publish","type":"post","link":"https:\/\/www.fiscalia.gov.co\/colombia\/noticias\/en-neiva-fueron-aseguradas-dos-presuntas-integrantes-de-un-grupo-delincuencial-dedicado-al-trafico-local-de-estupefacientes\/","title":{"rendered":"En Neiva fueron aseguradas dos presuntas integrantes de un grupo delincuencial dedicado al tr\u00e1fico local de estupefacientes"},"content":{"rendered":"<div>Los elementos materiales probatorios recolectados por la Fiscal\u00eda General de la Naci\u00f3n permitieron <strong>que un juez de control de garant\u00edas impusiera medida de aseguramiento en centro carcelario contra Mar\u00eda Liced Caicedo Pe\u00f1uela, alias La Mona<\/strong>, y Sharly Lesly Marieth Medina Almario, presuntas integrantes del grupo delincuencial\u00a0 denominado Cuento Tres, dedicado al tr\u00e1fico local de estupefacientes en Neiva (Huila).<\/div>\n<div>\n<figure id=\"attachment_327560\" aria-describedby=\"caption-attachment-327560\" style=\"width: 300px\" class=\"wp-caption alignnone\"><img loading=\"lazy\" decoding=\"async\" class=\"size-medium wp-image-327560\" src=\"https:\/\/www.fiscalia.gov.co\/colombia\/wp-content\/uploads\/CUENTO-TRES-300x185.jpeg\" alt=\"En la foto aparecen las dos capturadas de frente y custodiadas por dos uniformados de la Polic\u00eda Nacional. En la foto aparece un backing de la Polic\u00eda Nacional y una mesa con dinero y celulares (material incautado).\" width=\"300\" height=\"185\" srcset=\"https:\/\/www.fiscalia.gov.co\/colombia\/wp-content\/uploads\/CUENTO-TRES-300x185.jpeg 300w, https:\/\/www.fiscalia.gov.co\/colombia\/wp-content\/uploads\/CUENTO-TRES-1024x632.jpeg 1024w, https:\/\/www.fiscalia.gov.co\/colombia\/wp-content\/uploads\/CUENTO-TRES-768x474.jpeg 768w, https:\/\/www.fiscalia.gov.co\/colombia\/wp-content\/uploads\/CUENTO-TRES-1536x948.jpeg 1536w, https:\/\/www.fiscalia.gov.co\/colombia\/wp-content\/uploads\/CUENTO-TRES-681x420.jpeg 681w, https:\/\/www.fiscalia.gov.co\/colombia\/wp-content\/uploads\/CUENTO-TRES-696x429.jpeg 696w, https:\/\/www.fiscalia.gov.co\/colombia\/wp-content\/uploads\/CUENTO-TRES-1068x659.jpeg 1068w, https:\/\/www.fiscalia.gov.co\/colombia\/wp-content\/uploads\/CUENTO-TRES-356x220.jpeg 356w, https:\/\/www.fiscalia.gov.co\/colombia\/wp-content\/uploads\/CUENTO-TRES.jpeg 1600w\" sizes=\"auto, (max-width: 300px) 100vw, 300px\" \/><figcaption id=\"caption-attachment-327560\" class=\"wp-caption-text\">Las procesadas al parecer, vend\u00edan marihuana en peque\u00f1as dosis en los barrios Los M\u00e1rtires, Plazas Al Cid, Rojas Trujillo y Jos\u00e9 Antonio Gal\u00e1n comuna 3 y 6 de Neiva (Huila).<\/figcaption><\/figure>\n<\/div>\n<div>Una fiscal seccional de la Estructura de Apoyo (EDA) les imput\u00f3 los delitos de concierto para delinquir agravado y <strong>tr\u00e1fico fabricaci\u00f3n o porte estupefacientes. Las procesadas no aceptaron los cargos.<\/strong><\/div>\n<div aria-hidden=\"true\"><\/div>\n<div>De acuerdo con la investigaci\u00f3n, desde junio de 2024 hasta la fecha, <a href=\"https:\/\/www.fiscalia.gov.co\/colombia\/noticias\/pareja-senalada-de-transportar-estupefacientes-por-vias-del-cauca-fue-enviada-a-la-carcel\/\" target=\"_blank\" rel=\"noopener\">las procesadas<\/a> al parecer, <strong>vend\u00edan marihuana en peque\u00f1as dosis en los barrios Los M\u00e1rtires, Plazas Al Cid, Rojas Trujillo y Jos\u00e9 Antonio Gal\u00e1n comuna 3 y 6.<\/strong><\/div>\n<div aria-hidden=\"true\"><\/div>\n<div>Presuntamente, estas mujeres distribu\u00edan la sustancia en forma de cigarrillos artesanales que <strong>eran vendidos a diferentes precios, siendo adquiridos, en su mayor\u00eda, por habitantes de calle.<\/strong> Para evadir el control de las autoridades ocultaban la marihuana en bolsas pl\u00e1sticas las cuales escond\u00edan en zonas boscosas.<\/div>\n<div aria-hidden=\"true\"><\/div>\n<div>Durante el desarrollo de una diligencia de allanamiento y registro, realizada por la Polic\u00eda Nacional, en el barrio Los M\u00e1rtires, se lograron las capturas de estas dos mujeres. <strong>Adem\u00e1s, se logr\u00f3 la incautaci\u00f3n de 2 celulares y dinero en efectivo, producto de la venta de los estupefacientes.<\/strong><\/div>\n<div><b>\u00a0<\/b><\/div>\n<div>WAGG\/LMFO\/AMCJ\/AAV\/JCFJ\/DSH<\/div>\n<div><\/div>\n<div><\/div>\n<div><\/div>\n<div><\/div>\n<div><\/div>\n<div><\/div>\n<div><\/div>\n<div><\/div>\n<div><\/div>\n<div><i>La informaci\u00f3n contenida en este bolet\u00edn de prensa corresponde a la narraci\u00f3n de los hechos noticiosos objetivos, suministrados por los funcionarios encargados de adelantar las investigaciones penales al interior de la Fiscal\u00eda General de la Naci\u00f3n. Para el momento de la divulgaci\u00f3n de este comunicado, la situaci\u00f3n jur\u00eddica de la(s) persona(s) relacionada(s) se encuentra pendiente de resolver por la autoridad judicial competente, siempre bajo los preceptos de la presunci\u00f3n de inocencia, consagrados en el art\u00edculo 29 de la Constituci\u00f3n Pol\u00edtica y el art\u00edculo 7\u00ba de la Ley 906 de 2004.<\/i><\/div>\n\n<div class=\"twitter-share\"><a href=\"https:\/\/twitter.com\/intent\/tweet?via=fiscaliacol\" class=\"twitter-share-button\">Tweet<\/a><\/div>\n","protected":false},"excerpt":{"rendered":"<p>Los elementos materiales probatorios recolectados por la Fiscal\u00eda General de la Naci\u00f3n permitieron que un juez de control de garant\u00edas impusiera medida de aseguramiento en centro carcelario contra Mar\u00eda Liced Caicedo Pe\u00f1uela, alias La Mona, y Sharly Lesly Marieth Medina Almario, presuntas integrantes del grupo delincuencial\u00a0 denominado Cuento Tres, dedicado al tr\u00e1fico local de estupefacientes [&hellip;]<\/p>\n","protected":false},"author":181,"featured_media":0,"comment_status":"closed","ping_status":"open","sticky":false,"template":"","format":"standard","meta":{"_price":"","_stock":"","_tribe_ticket_header":"","_tribe_default_ticket_provider":"","_tribe_ticket_capacity":"0","_ticket_start_date":"","_ticket_end_date":"","_tribe_ticket_show_description":"","_tribe_ticket_show_not_going":false,"_tribe_ticket_use_global_stock":"","_tribe_ticket_global_stock_level":"","_global_stock_mode":"","_global_stock_cap":"","_tribe_rsvp_for_event":"","_tribe_ticket_going_count":"","_tribe_ticket_not_going_count":"","_tribe_tickets_list":"[]","_tribe_ticket_has_attendee_info_fields":false,"tdm_status":"","tdm_grid_status":"","footnotes":""},"categories":[1,24099],"tags":[8448,24708,20467,24437,37492,4614,24187,24481,1047,16,1264,11563,23833,10872,24485,916],"class_list":{"0":"post-327558","1":"post","2":"type-post","3":"status-publish","4":"format-standard","6":"category-noticias","7":"category-seguridad-territorial","8":"tag-agravado","9":"tag-concierto","10":"tag-delinquir","11":"tag-estupefaciente","12":"tag-fiscal-luz-adriana-camargo","13":"tag-fiscalia-2","14":"tag-fiscalia-colombia","15":"tag-fiscalia-de-colombia","16":"tag-fiscalia-general-de-la-nacion","17":"tag-huila","18":"tag-marihuana","19":"tag-narcomenudeo","20":"tag-neiva","21":"tag-porte","22":"tag-seccional-huila","23":"tag-trafico"},"yoast_head":"<!-- This site is optimized with the Yoast SEO plugin v24.3 - https:\/\/yoast.com\/wordpress\/plugins\/seo\/ -->\n<title>Fiscal\u00eda General de la Naci\u00f3n<\/title>\n<meta name=\"description\" content=\"P\u00e1gina oficial de la Fiscal\u00eda General de la Naci\u00f3n \u2013 Colombia. Garantizamos el acceso efectivo a la justicia, la verdad y la reparaci\u00f3n de las v\u00edctimas de los delitos.\" \/>\n<meta name=\"robots\" content=\"noindex, follow\" \/>\n<meta property=\"og:locale\" content=\"es_ES\" \/>\n<meta property=\"og:type\" content=\"article\" \/>\n<meta property=\"og:title\" content=\"Fiscal\u00eda General de la Naci\u00f3n\" \/>\n<meta property=\"og:description\" content=\"P\u00e1gina oficial de la Fiscal\u00eda General de la Naci\u00f3n \u2013 Colombia. Garantizamos el acceso efectivo a la justicia, la verdad y la reparaci\u00f3n de las v\u00edctimas de los delitos.\" \/>\n<meta property=\"og:url\" content=\"https:\/\/www.fiscalia.gov.co\/colombia\/noticias\/en-neiva-fueron-aseguradas-dos-presuntas-integrantes-de-un-grupo-delincuencial-dedicado-al-trafico-local-de-estupefacientes\/\" \/>\n<meta property=\"og:site_name\" content=\"Fiscal\u00eda General de la Naci\u00f3n\" \/>\n<meta property=\"article:publisher\" content=\"https:\/\/www.facebook.com\/FiscaliaCol\" \/>\n<meta property=\"article:published_time\" content=\"2025-11-21T19:58:37+00:00\" \/>\n<meta property=\"article:modified_time\" content=\"2025-11-21T20:01:51+00:00\" \/>\n<meta property=\"og:image\" content=\"https:\/\/www.fiscalia.gov.co\/colombia\/wp-content\/uploads\/CUENTO-TRES.jpeg\" \/>\n\t<meta property=\"og:image:width\" content=\"1600\" \/>\n\t<meta property=\"og:image:height\" content=\"987\" \/>\n\t<meta property=\"og:image:type\" content=\"image\/jpeg\" \/>\n<meta name=\"author\" content=\"Johanna Islenny Prieto Pe\u00f1a\" \/>\n<meta name=\"twitter:card\" content=\"summary_large_image\" \/>\n<meta name=\"twitter:creator\" content=\"@FiscaliaCol\" \/>\n<meta name=\"twitter:site\" content=\"@FiscaliaCol\" \/>\n<meta name=\"twitter:label1\" content=\"Escrito por\" \/>\n\t<meta name=\"twitter:data1\" content=\"Johanna Islenny Prieto Pe\u00f1a\" \/>\n\t<meta name=\"twitter:label2\" content=\"Tiempo de lectura\" \/>\n\t<meta name=\"twitter:data2\" content=\"2 minutos\" \/>\n<script type=\"application\/ld+json\" class=\"yoast-schema-graph\">{\"@context\":\"https:\/\/schema.org\",\"@graph\":[{\"@type\":\"Article\",\"@id\":\"https:\/\/www.fiscalia.gov.co\/colombia\/noticias\/en-neiva-fueron-aseguradas-dos-presuntas-integrantes-de-un-grupo-delincuencial-dedicado-al-trafico-local-de-estupefacientes\/#article\",\"isPartOf\":{\"@id\":\"https:\/\/www.fiscalia.gov.co\/colombia\/noticias\/en-neiva-fueron-aseguradas-dos-presuntas-integrantes-de-un-grupo-delincuencial-dedicado-al-trafico-local-de-estupefacientes\/\"},\"author\":{\"name\":\"Johanna Islenny Prieto Pe\u00f1a\",\"@id\":\"https:\/\/www.fiscalia.gov.co\/colombia\/#\/schema\/person\/ba9eca435947489fb25117a0cd75bf3e\"},\"headline\":\"En Neiva fueron aseguradas dos presuntas integrantes de un grupo delincuencial dedicado al tr\u00e1fico local de estupefacientes\",\"datePublished\":\"2025-11-21T19:58:37+00:00\",\"dateModified\":\"2025-11-21T20:01:51+00:00\",\"mainEntityOfPage\":{\"@id\":\"https:\/\/www.fiscalia.gov.co\/colombia\/noticias\/en-neiva-fueron-aseguradas-dos-presuntas-integrantes-de-un-grupo-delincuencial-dedicado-al-trafico-local-de-estupefacientes\/\"},\"wordCount\":401,\"publisher\":{\"@id\":\"https:\/\/www.fiscalia.gov.co\/colombia\/#organization\"},\"image\":{\"@id\":\"https:\/\/www.fiscalia.gov.co\/colombia\/noticias\/en-neiva-fueron-aseguradas-dos-presuntas-integrantes-de-un-grupo-delincuencial-dedicado-al-trafico-local-de-estupefacientes\/#primaryimage\"},\"thumbnailUrl\":\"https:\/\/www.fiscalia.gov.co\/colombia\/wp-content\/uploads\/CUENTO-TRES-300x185.jpeg\",\"keywords\":[\"Agravado\",\"concierto\",\"delinquir\",\"estupefaciente\",\"Fiscal Luz Adriana Camargo\",\"Fiscal\u00eda\",\"Fiscal\u00eda Colombia\",\"Fiscal\u00eda de Colombia\",\"Fiscal\u00eda General de la Naci\u00f3n\",\"Huila\",\"Marihuana\",\"Narcomenudeo\",\"Neiva\",\"Porte\",\"Seccional Huila\",\"Tr\u00e1fico\"],\"articleSection\":[\"Noticias\",\"Seguridad territorial\"],\"inLanguage\":\"es-CO\"},{\"@type\":\"WebPage\",\"@id\":\"https:\/\/www.fiscalia.gov.co\/colombia\/noticias\/en-neiva-fueron-aseguradas-dos-presuntas-integrantes-de-un-grupo-delincuencial-dedicado-al-trafico-local-de-estupefacientes\/\",\"url\":\"https:\/\/www.fiscalia.gov.co\/colombia\/noticias\/en-neiva-fueron-aseguradas-dos-presuntas-integrantes-de-un-grupo-delincuencial-dedicado-al-trafico-local-de-estupefacientes\/\",\"name\":\"Fiscal\u00eda General de la Naci\u00f3n\",\"isPartOf\":{\"@id\":\"https:\/\/www.fiscalia.gov.co\/colombia\/#website\"},\"primaryImageOfPage\":{\"@id\":\"https:\/\/www.fiscalia.gov.co\/colombia\/noticias\/en-neiva-fueron-aseguradas-dos-presuntas-integrantes-de-un-grupo-delincuencial-dedicado-al-trafico-local-de-estupefacientes\/#primaryimage\"},\"image\":{\"@id\":\"https:\/\/www.fiscalia.gov.co\/colombia\/noticias\/en-neiva-fueron-aseguradas-dos-presuntas-integrantes-de-un-grupo-delincuencial-dedicado-al-trafico-local-de-estupefacientes\/#primaryimage\"},\"thumbnailUrl\":\"https:\/\/www.fiscalia.gov.co\/colombia\/wp-content\/uploads\/CUENTO-TRES-300x185.jpeg\",\"datePublished\":\"2025-11-21T19:58:37+00:00\",\"dateModified\":\"2025-11-21T20:01:51+00:00\",\"description\":\"P\u00e1gina oficial de la Fiscal\u00eda General de la Naci\u00f3n \u2013 Colombia. Garantizamos el acceso efectivo a la justicia, la verdad y la reparaci\u00f3n de las v\u00edctimas de los delitos.\",\"breadcrumb\":{\"@id\":\"https:\/\/www.fiscalia.gov.co\/colombia\/noticias\/en-neiva-fueron-aseguradas-dos-presuntas-integrantes-de-un-grupo-delincuencial-dedicado-al-trafico-local-de-estupefacientes\/#breadcrumb\"},\"inLanguage\":\"es-CO\",\"potentialAction\":[{\"@type\":\"ReadAction\",\"target\":[\"https:\/\/www.fiscalia.gov.co\/colombia\/noticias\/en-neiva-fueron-aseguradas-dos-presuntas-integrantes-de-un-grupo-delincuencial-dedicado-al-trafico-local-de-estupefacientes\/\"]}]},{\"@type\":\"ImageObject\",\"inLanguage\":\"es-CO\",\"@id\":\"https:\/\/www.fiscalia.gov.co\/colombia\/noticias\/en-neiva-fueron-aseguradas-dos-presuntas-integrantes-de-un-grupo-delincuencial-dedicado-al-trafico-local-de-estupefacientes\/#primaryimage\",\"url\":\"https:\/\/www.fiscalia.gov.co\/colombia\/wp-content\/uploads\/CUENTO-TRES.jpeg\",\"contentUrl\":\"https:\/\/www.fiscalia.gov.co\/colombia\/wp-content\/uploads\/CUENTO-TRES.jpeg\",\"width\":1600,\"height\":987,\"caption\":\"Las procesadas al parecer, vend\u00edan marihuana en peque\u00f1as dosis en los barrios Los M\u00e1rtires, Plazas Al Cid, Rojas Trujillo y Jos\u00e9 Antonio Gal\u00e1n comuna 3 y 6 de Neiva (Huila).\"},{\"@type\":\"BreadcrumbList\",\"@id\":\"https:\/\/www.fiscalia.gov.co\/colombia\/noticias\/en-neiva-fueron-aseguradas-dos-presuntas-integrantes-de-un-grupo-delincuencial-dedicado-al-trafico-local-de-estupefacientes\/#breadcrumb\",\"itemListElement\":[{\"@type\":\"ListItem\",\"position\":1,\"name\":\"Home\",\"item\":\"https:\/\/www.fiscalia.gov.co\/colombia\/\"},{\"@type\":\"ListItem\",\"position\":2,\"name\":\"En Neiva fueron aseguradas dos presuntas integrantes de un grupo delincuencial dedicado al tr\u00e1fico local de estupefacientes\"}]},{\"@type\":\"WebSite\",\"@id\":\"https:\/\/www.fiscalia.gov.co\/colombia\/#website\",\"url\":\"https:\/\/www.fiscalia.gov.co\/colombia\/\",\"name\":\"Fiscal\u00eda General de la Naci\u00f3n\",\"description\":\"P\u00e1gina oficial de la Fiscal\u00eda General de la Naci\u00f3n \u2013 Colombia. Garantizamos el acceso efectivo a la justicia, la verdad y la reparaci\u00f3n de las v\u00edctimas de los delitos.\",\"publisher\":{\"@id\":\"https:\/\/www.fiscalia.gov.co\/colombia\/#organization\"},\"potentialAction\":[{\"@type\":\"SearchAction\",\"target\":{\"@type\":\"EntryPoint\",\"urlTemplate\":\"https:\/\/www.fiscalia.gov.co\/colombia\/?s={search_term_string}\"},\"query-input\":{\"@type\":\"PropertyValueSpecification\",\"valueRequired\":true,\"valueName\":\"search_term_string\"}}],\"inLanguage\":\"es-CO\"},{\"@type\":\"Organization\",\"@id\":\"https:\/\/www.fiscalia.gov.co\/colombia\/#organization\",\"name\":\"Fiscal\u00eda General de la Naci\u00f3n\",\"url\":\"https:\/\/www.fiscalia.gov.co\/colombia\/\",\"logo\":{\"@type\":\"ImageObject\",\"inLanguage\":\"es-CO\",\"@id\":\"https:\/\/www.fiscalia.gov.co\/colombia\/#\/schema\/logo\/image\/\",\"url\":\"https:\/\/www.fiscalia.gov.co\/colombia\/wp-content\/uploads\/LogoHorizontal_1.jpg\",\"contentUrl\":\"https:\/\/www.fiscalia.gov.co\/colombia\/wp-content\/uploads\/LogoHorizontal_1.jpg\",\"width\":300,\"height\":90,\"caption\":\"Fiscal\u00eda General de la Naci\u00f3n\"},\"image\":{\"@id\":\"https:\/\/www.fiscalia.gov.co\/colombia\/#\/schema\/logo\/image\/\"},\"sameAs\":[\"https:\/\/www.facebook.com\/FiscaliaCol\",\"https:\/\/x.com\/FiscaliaCol\",\"https:\/\/www.instagram.com\/fiscaliacol\",\"https:\/\/www.linkedin.com\/company\/fiscalia-general-de-la-naci-n\/\",\"https:\/\/youtube.com\/@fiscaliageneraldelanacion-4668?si=6nN79nyQICPU5iTh\"]},{\"@type\":\"Person\",\"@id\":\"https:\/\/www.fiscalia.gov.co\/colombia\/#\/schema\/person\/ba9eca435947489fb25117a0cd75bf3e\",\"name\":\"Johanna Islenny Prieto Pe\u00f1a\",\"image\":{\"@type\":\"ImageObject\",\"inLanguage\":\"es-CO\",\"@id\":\"https:\/\/www.fiscalia.gov.co\/colombia\/#\/schema\/person\/image\/\",\"url\":\"https:\/\/secure.gravatar.com\/avatar\/111433fc2acb037ffb768f6a3ca47864?s=96&d=mm&r=g\",\"contentUrl\":\"https:\/\/secure.gravatar.com\/avatar\/111433fc2acb037ffb768f6a3ca47864?s=96&d=mm&r=g\",\"caption\":\"Johanna Islenny Prieto Pe\u00f1a\"},\"url\":\"https:\/\/www.fiscalia.gov.co\/colombia\/author\/jprietop\/\"}]}<\/script>\n<!-- \/ Yoast SEO plugin. -->","yoast_head_json":{"title":"Fiscal\u00eda General de la Naci\u00f3n","description":"P\u00e1gina oficial de la Fiscal\u00eda General de la Naci\u00f3n \u2013 Colombia. Garantizamos el acceso efectivo a la justicia, la verdad y la reparaci\u00f3n de las v\u00edctimas de los delitos.","robots":{"index":"noindex","follow":"follow"},"og_locale":"es_ES","og_type":"article","og_title":"Fiscal\u00eda General de la Naci\u00f3n","og_description":"P\u00e1gina oficial de la Fiscal\u00eda General de la Naci\u00f3n \u2013 Colombia. Garantizamos el acceso efectivo a la justicia, la verdad y la reparaci\u00f3n de las v\u00edctimas de los delitos.","og_url":"https:\/\/www.fiscalia.gov.co\/colombia\/noticias\/en-neiva-fueron-aseguradas-dos-presuntas-integrantes-de-un-grupo-delincuencial-dedicado-al-trafico-local-de-estupefacientes\/","og_site_name":"Fiscal\u00eda General de la Naci\u00f3n","article_publisher":"https:\/\/www.facebook.com\/FiscaliaCol","article_published_time":"2025-11-21T19:58:37+00:00","article_modified_time":"2025-11-21T20:01:51+00:00","og_image":[{"width":1600,"height":987,"url":"https:\/\/www.fiscalia.gov.co\/colombia\/wp-content\/uploads\/CUENTO-TRES.jpeg","type":"image\/jpeg"}],"author":"Johanna Islenny Prieto Pe\u00f1a","twitter_card":"summary_large_image","twitter_creator":"@FiscaliaCol","twitter_site":"@FiscaliaCol","twitter_misc":{"Escrito por":"Johanna Islenny Prieto Pe\u00f1a","Tiempo de lectura":"2 minutos"},"schema":{"@context":"https:\/\/schema.org","@graph":[{"@type":"Article","@id":"https:\/\/www.fiscalia.gov.co\/colombia\/noticias\/en-neiva-fueron-aseguradas-dos-presuntas-integrantes-de-un-grupo-delincuencial-dedicado-al-trafico-local-de-estupefacientes\/#article","isPartOf":{"@id":"https:\/\/www.fiscalia.gov.co\/colombia\/noticias\/en-neiva-fueron-aseguradas-dos-presuntas-integrantes-de-un-grupo-delincuencial-dedicado-al-trafico-local-de-estupefacientes\/"},"author":{"name":"Johanna Islenny Prieto Pe\u00f1a","@id":"https:\/\/www.fiscalia.gov.co\/colombia\/#\/schema\/person\/ba9eca435947489fb25117a0cd75bf3e"},"headline":"En Neiva fueron aseguradas dos presuntas integrantes de un grupo delincuencial dedicado al tr\u00e1fico local de estupefacientes","datePublished":"2025-11-21T19:58:37+00:00","dateModified":"2025-11-21T20:01:51+00:00","mainEntityOfPage":{"@id":"https:\/\/www.fiscalia.gov.co\/colombia\/noticias\/en-neiva-fueron-aseguradas-dos-presuntas-integrantes-de-un-grupo-delincuencial-dedicado-al-trafico-local-de-estupefacientes\/"},"wordCount":401,"publisher":{"@id":"https:\/\/www.fiscalia.gov.co\/colombia\/#organization"},"image":{"@id":"https:\/\/www.fiscalia.gov.co\/colombia\/noticias\/en-neiva-fueron-aseguradas-dos-presuntas-integrantes-de-un-grupo-delincuencial-dedicado-al-trafico-local-de-estupefacientes\/#primaryimage"},"thumbnailUrl":"https:\/\/www.fiscalia.gov.co\/colombia\/wp-content\/uploads\/CUENTO-TRES-300x185.jpeg","keywords":["Agravado","concierto","delinquir","estupefaciente","Fiscal Luz Adriana Camargo","Fiscal\u00eda","Fiscal\u00eda Colombia","Fiscal\u00eda de Colombia","Fiscal\u00eda General de la Naci\u00f3n","Huila","Marihuana","Narcomenudeo","Neiva","Porte","Seccional Huila","Tr\u00e1fico"],"articleSection":["Noticias","Seguridad territorial"],"inLanguage":"es-CO"},{"@type":"WebPage","@id":"https:\/\/www.fiscalia.gov.co\/colombia\/noticias\/en-neiva-fueron-aseguradas-dos-presuntas-integrantes-de-un-grupo-delincuencial-dedicado-al-trafico-local-de-estupefacientes\/","url":"https:\/\/www.fiscalia.gov.co\/colombia\/noticias\/en-neiva-fueron-aseguradas-dos-presuntas-integrantes-de-un-grupo-delincuencial-dedicado-al-trafico-local-de-estupefacientes\/","name":"Fiscal\u00eda General de la Naci\u00f3n","isPartOf":{"@id":"https:\/\/www.fiscalia.gov.co\/colombia\/#website"},"primaryImageOfPage":{"@id":"https:\/\/www.fiscalia.gov.co\/colombia\/noticias\/en-neiva-fueron-aseguradas-dos-presuntas-integrantes-de-un-grupo-delincuencial-dedicado-al-trafico-local-de-estupefacientes\/#primaryimage"},"image":{"@id":"https:\/\/www.fiscalia.gov.co\/colombia\/noticias\/en-neiva-fueron-aseguradas-dos-presuntas-integrantes-de-un-grupo-delincuencial-dedicado-al-trafico-local-de-estupefacientes\/#primaryimage"},"thumbnailUrl":"https:\/\/www.fiscalia.gov.co\/colombia\/wp-content\/uploads\/CUENTO-TRES-300x185.jpeg","datePublished":"2025-11-21T19:58:37+00:00","dateModified":"2025-11-21T20:01:51+00:00","description":"P\u00e1gina oficial de la Fiscal\u00eda General de la Naci\u00f3n \u2013 Colombia. Garantizamos el acceso efectivo a la justicia, la verdad y la reparaci\u00f3n de las v\u00edctimas de los delitos.","breadcrumb":{"@id":"https:\/\/www.fiscalia.gov.co\/colombia\/noticias\/en-neiva-fueron-aseguradas-dos-presuntas-integrantes-de-un-grupo-delincuencial-dedicado-al-trafico-local-de-estupefacientes\/#breadcrumb"},"inLanguage":"es-CO","potentialAction":[{"@type":"ReadAction","target":["https:\/\/www.fiscalia.gov.co\/colombia\/noticias\/en-neiva-fueron-aseguradas-dos-presuntas-integrantes-de-un-grupo-delincuencial-dedicado-al-trafico-local-de-estupefacientes\/"]}]},{"@type":"ImageObject","inLanguage":"es-CO","@id":"https:\/\/www.fiscalia.gov.co\/colombia\/noticias\/en-neiva-fueron-aseguradas-dos-presuntas-integrantes-de-un-grupo-delincuencial-dedicado-al-trafico-local-de-estupefacientes\/#primaryimage","url":"https:\/\/www.fiscalia.gov.co\/colombia\/wp-content\/uploads\/CUENTO-TRES.jpeg","contentUrl":"https:\/\/www.fiscalia.gov.co\/colombia\/wp-content\/uploads\/CUENTO-TRES.jpeg","width":1600,"height":987,"caption":"Las procesadas al parecer, vend\u00edan marihuana en peque\u00f1as dosis en los barrios Los M\u00e1rtires, Plazas Al Cid, Rojas Trujillo y Jos\u00e9 Antonio Gal\u00e1n comuna 3 y 6 de Neiva (Huila)."},{"@type":"BreadcrumbList","@id":"https:\/\/www.fiscalia.gov.co\/colombia\/noticias\/en-neiva-fueron-aseguradas-dos-presuntas-integrantes-de-un-grupo-delincuencial-dedicado-al-trafico-local-de-estupefacientes\/#breadcrumb","itemListElement":[{"@type":"ListItem","position":1,"name":"Home","item":"https:\/\/www.fiscalia.gov.co\/colombia\/"},{"@type":"ListItem","position":2,"name":"En Neiva fueron aseguradas dos presuntas integrantes de un grupo delincuencial dedicado al tr\u00e1fico local de estupefacientes"}]},{"@type":"WebSite","@id":"https:\/\/www.fiscalia.gov.co\/colombia\/#website","url":"https:\/\/www.fiscalia.gov.co\/colombia\/","name":"Fiscal\u00eda General de la Naci\u00f3n","description":"P\u00e1gina oficial de la Fiscal\u00eda General de la Naci\u00f3n \u2013 Colombia. Garantizamos el acceso efectivo a la justicia, la verdad y la reparaci\u00f3n de las v\u00edctimas de los delitos.","publisher":{"@id":"https:\/\/www.fiscalia.gov.co\/colombia\/#organization"},"potentialAction":[{"@type":"SearchAction","target":{"@type":"EntryPoint","urlTemplate":"https:\/\/www.fiscalia.gov.co\/colombia\/?s={search_term_string}"},"query-input":{"@type":"PropertyValueSpecification","valueRequired":true,"valueName":"search_term_string"}}],"inLanguage":"es-CO"},{"@type":"Organization","@id":"https:\/\/www.fiscalia.gov.co\/colombia\/#organization","name":"Fiscal\u00eda General de la Naci\u00f3n","url":"https:\/\/www.fiscalia.gov.co\/colombia\/","logo":{"@type":"ImageObject","inLanguage":"es-CO","@id":"https:\/\/www.fiscalia.gov.co\/colombia\/#\/schema\/logo\/image\/","url":"https:\/\/www.fiscalia.gov.co\/colombia\/wp-content\/uploads\/LogoHorizontal_1.jpg","contentUrl":"https:\/\/www.fiscalia.gov.co\/colombia\/wp-content\/uploads\/LogoHorizontal_1.jpg","width":300,"height":90,"caption":"Fiscal\u00eda General de la Naci\u00f3n"},"image":{"@id":"https:\/\/www.fiscalia.gov.co\/colombia\/#\/schema\/logo\/image\/"},"sameAs":["https:\/\/www.facebook.com\/FiscaliaCol","https:\/\/x.com\/FiscaliaCol","https:\/\/www.instagram.com\/fiscaliacol","https:\/\/www.linkedin.com\/company\/fiscalia-general-de-la-naci-n\/","https:\/\/youtube.com\/@fiscaliageneraldelanacion-4668?si=6nN79nyQICPU5iTh"]},{"@type":"Person","@id":"https:\/\/www.fiscalia.gov.co\/colombia\/#\/schema\/person\/ba9eca435947489fb25117a0cd75bf3e","name":"Johanna Islenny Prieto Pe\u00f1a","image":{"@type":"ImageObject","inLanguage":"es-CO","@id":"https:\/\/www.fiscalia.gov.co\/colombia\/#\/schema\/person\/image\/","url":"https:\/\/secure.gravatar.com\/avatar\/111433fc2acb037ffb768f6a3ca47864?s=96&d=mm&r=g","contentUrl":"https:\/\/secure.gravatar.com\/avatar\/111433fc2acb037ffb768f6a3ca47864?s=96&d=mm&r=g","caption":"Johanna Islenny Prieto Pe\u00f1a"},"url":"https:\/\/www.fiscalia.gov.co\/colombia\/author\/jprietop\/"}]}},"_links":{"self":[{"href":"https:\/\/www.fiscalia.gov.co\/colombia\/wp-json\/wp\/v2\/posts\/327558","targetHints":{"allow":["GET"]}}],"collection":[{"href":"https:\/\/www.fiscalia.gov.co\/colombia\/wp-json\/wp\/v2\/posts"}],"about":[{"href":"https:\/\/www.fiscalia.gov.co\/colombia\/wp-json\/wp\/v2\/types\/post"}],"author":[{"embeddable":true,"href":"https:\/\/www.fiscalia.gov.co\/colombia\/wp-json\/wp\/v2\/users\/181"}],"replies":[{"embeddable":true,"href":"https:\/\/www.fiscalia.gov.co\/colombia\/wp-json\/wp\/v2\/comments?post=327558"}],"version-history":[{"count":3,"href":"https:\/\/www.fiscalia.gov.co\/colombia\/wp-json\/wp\/v2\/posts\/327558\/revisions"}],"predecessor-version":[{"id":327562,"href":"https:\/\/www.fiscalia.gov.co\/colombia\/wp-json\/wp\/v2\/posts\/327558\/revisions\/327562"}],"wp:attachment":[{"href":"https:\/\/www.fiscalia.gov.co\/colombia\/wp-json\/wp\/v2\/media?parent=327558"}],"wp:term":[{"taxonomy":"category","embeddable":true,"href":"https:\/\/www.fiscalia.gov.co\/colombia\/wp-json\/wp\/v2\/categories?post=327558"},{"taxonomy":"post_tag","embeddable":true,"href":"https:\/\/www.fiscalia.gov.co\/colombia\/wp-json\/wp\/v2\/tags?post=327558"}],"curies":[{"name":"wp","href":"https:\/\/api.w.org\/{rel}","templated":true}]}}