{"id":327516,"date":"2025-11-21T10:19:47","date_gmt":"2025-11-21T15:19:47","guid":{"rendered":"https:\/\/www.fiscalia.gov.co\/colombia\/?p=327516"},"modified":"2025-11-21T10:21:26","modified_gmt":"2025-11-21T15:21:26","slug":"a-12-anos-de-prision-fue-condenado-un-hombre-implicado-en-el-asesinato-de-una-mujer-en-el-barrio-cafe-madrid-en-bucaramanga","status":"publish","type":"post","link":"https:\/\/www.fiscalia.gov.co\/colombia\/noticias\/a-12-anos-de-prision-fue-condenado-un-hombre-implicado-en-el-asesinato-de-una-mujer-en-el-barrio-cafe-madrid-en-bucaramanga\/","title":{"rendered":"A 12 a\u00f1os de prisi\u00f3n fue condenado un hombre implicado en el asesinato de una mujer en el barrio Caf\u00e9 Madrid en Bucaramanga"},"content":{"rendered":"<div>Las pruebas aportadas por la Fiscal\u00eda General de la Naci\u00f3n permitieron que de manera libre, espont\u00e1nea y <strong>asesorado por su abogado Jhurgent Harley Laguado Pinto, admitiera su responsabilidad en los delitos de homicidio agravado<\/strong> y fabricaci\u00f3n, tr\u00e1fico y porte de armas de fuego o municiones.<\/div>\n<div aria-hidden=\"true\"><\/div>\n<div>Los hechos que motivaron la sentencia ocurrieron el 15 de diciembre de 2024 en el barrio Caf\u00e9 Madrid de Bucaramanga a <strong>donde el hoy condenado acompa\u00f1\u00f3 a su compa\u00f1era sentimental y la instig\u00f3 para que le disparara a una mujer de 29<\/strong> a\u00f1os con quien poco antes hab\u00edan sostenido una discusi\u00f3n.<\/div>\n<div aria-hidden=\"true\"><\/div>\n<div>Las labores investigativas evidenciaron que la v\u00edctima mortal y <strong>la se\u00f1alada agresora hab\u00edan protagonizado una ri\u00f1a con armas cortopunzantes.<\/strong><\/div>\n<div aria-hidden=\"true\"><\/div>\n<div>Poco despu\u00e9s una de las mujeres, en compa\u00f1\u00eda de Laguado Pinto, lleg\u00f3 al lugar donde se encontraba la v\u00edctima departiendo con otras personas. <strong>All\u00ed, el sentenciado instig\u00f3 a su pareja para que cometiera el crimen.<\/strong><\/div>\n<div aria-hidden=\"true\"><\/div>\n<div>En desarrollo del proceso penal, un juez de la Rep\u00fablica lo conden\u00f3 a 12 a\u00f1os de prisi\u00f3n tras allanarse a los cargos imputados por la Fiscal\u00eda. <strong>Por estos hechos y en cumplimiento de una orden judicial Laguado Pinto fue capturado el 16 de agosto de 2025.<\/strong><\/div>\n<div aria-hidden=\"true\"><\/div>\n<div>La condena deber\u00e1 cumplirla en centro de reclusi\u00f3n.<\/div>\n<div aria-hidden=\"true\"><\/div>\n<div>DRA\/MAGA\/SO\/DSS.<\/div>\n<div><\/div>\n<div><\/div>\n<div><\/div>\n<div><\/div>\n<div><\/div>\n<div><\/div>\n<div><\/div>\n<div><i>La informaci\u00f3n contenida en este bolet\u00edn de\u00a0prensa corresponde a la narraci\u00f3n de\u00a0los hechos noticiosos objetivos, suministrados por los funcionarios encargados de\u00a0adelantar las investigaciones penales al interior de\u00a0la Fiscal\u00eda General de\u00a0la Naci\u00f3n. Para el momento de\u00a0la divulgaci\u00f3n de\u00a0este comunicado, la situaci\u00f3n jur\u00eddica de\u00a0la(s) persona(s) relacionada(s) se\u00a0encuentra pendiente de\u00a0resolver por la autoridad judicial competente, siempre bajo los preceptos de\u00a0la presunci\u00f3n de\u00a0inocencia, consagrados en el art\u00edculo 29 de\u00a0la Constituci\u00f3n Pol\u00edtica y el art\u00edculo 7\u00ba de\u00a0la Ley 906 de\u00a02004.<\/i><\/div>\n\n<div class=\"twitter-share\"><a href=\"https:\/\/twitter.com\/intent\/tweet?via=fiscaliacol\" class=\"twitter-share-button\">Tweet<\/a><\/div>\n","protected":false},"excerpt":{"rendered":"<p>Las pruebas aportadas por la Fiscal\u00eda General de la Naci\u00f3n permitieron que de manera libre, espont\u00e1nea y asesorado por su abogado Jhurgent Harley Laguado Pinto, admitiera su responsabilidad en los delitos de homicidio agravado y fabricaci\u00f3n, tr\u00e1fico y porte de armas de fuego o municiones. Los hechos que motivaron la sentencia ocurrieron el 15 de [&hellip;]<\/p>\n","protected":false},"author":181,"featured_media":0,"comment_status":"closed","ping_status":"open","sticky":false,"template":"","format":"standard","meta":{"_price":"","_stock":"","_tribe_ticket_header":"","_tribe_default_ticket_provider":"","_tribe_ticket_capacity":"0","_ticket_start_date":"","_ticket_end_date":"","_tribe_ticket_show_description":"","_tribe_ticket_show_not_going":false,"_tribe_ticket_use_global_stock":"","_tribe_ticket_global_stock_level":"","_global_stock_mode":"","_global_stock_cap":"","_tribe_rsvp_for_event":"","_tribe_ticket_going_count":"","_tribe_ticket_not_going_count":"","_tribe_tickets_list":"[]","_tribe_ticket_has_attendee_info_fields":false,"tdm_status":"","tdm_grid_status":"","footnotes":""},"categories":[1,24099],"tags":[293,37492,4614,24481,1047,1561],"class_list":{"0":"post-327516","1":"post","2":"type-post","3":"status-publish","4":"format-standard","6":"category-noticias","7":"category-seguridad-territorial","8":"tag-condena","9":"tag-fiscal-luz-adriana-camargo","10":"tag-fiscalia-2","11":"tag-fiscalia-de-colombia","12":"tag-fiscalia-general-de-la-nacion","13":"tag-santander"},"yoast_head":"<!-- This site is optimized with the Yoast SEO plugin v24.3 - https:\/\/yoast.com\/wordpress\/plugins\/seo\/ -->\n<title>Fiscal\u00eda General de la Naci\u00f3n<\/title>\n<meta name=\"description\" content=\"P\u00e1gina oficial de la Fiscal\u00eda General de la Naci\u00f3n \u2013 Colombia. Garantizamos el acceso efectivo a la justicia, la verdad y la reparaci\u00f3n de las v\u00edctimas de los delitos.\" \/>\n<meta name=\"robots\" content=\"noindex, follow\" \/>\n<meta property=\"og:locale\" content=\"es_ES\" \/>\n<meta property=\"og:type\" content=\"article\" \/>\n<meta property=\"og:title\" content=\"Fiscal\u00eda General de la Naci\u00f3n\" \/>\n<meta property=\"og:description\" content=\"P\u00e1gina oficial de la Fiscal\u00eda General de la Naci\u00f3n \u2013 Colombia. Garantizamos el acceso efectivo a la justicia, la verdad y la reparaci\u00f3n de las v\u00edctimas de los delitos.\" \/>\n<meta property=\"og:url\" content=\"https:\/\/www.fiscalia.gov.co\/colombia\/noticias\/a-12-anos-de-prision-fue-condenado-un-hombre-implicado-en-el-asesinato-de-una-mujer-en-el-barrio-cafe-madrid-en-bucaramanga\/\" \/>\n<meta property=\"og:site_name\" content=\"Fiscal\u00eda General de la Naci\u00f3n\" \/>\n<meta property=\"article:publisher\" content=\"https:\/\/www.facebook.com\/FiscaliaCol\" \/>\n<meta property=\"article:published_time\" content=\"2025-11-21T15:19:47+00:00\" \/>\n<meta property=\"article:modified_time\" content=\"2025-11-21T15:21:26+00:00\" \/>\n<meta name=\"author\" content=\"Johanna Islenny Prieto Pe\u00f1a\" \/>\n<meta name=\"twitter:card\" content=\"summary_large_image\" \/>\n<meta name=\"twitter:creator\" content=\"@FiscaliaCol\" \/>\n<meta name=\"twitter:site\" content=\"@FiscaliaCol\" \/>\n<meta name=\"twitter:label1\" content=\"Escrito por\" \/>\n\t<meta name=\"twitter:data1\" content=\"Johanna Islenny Prieto Pe\u00f1a\" \/>\n\t<meta name=\"twitter:label2\" content=\"Tiempo de lectura\" \/>\n\t<meta name=\"twitter:data2\" content=\"2 minutos\" \/>\n<script type=\"application\/ld+json\" class=\"yoast-schema-graph\">{\"@context\":\"https:\/\/schema.org\",\"@graph\":[{\"@type\":\"Article\",\"@id\":\"https:\/\/www.fiscalia.gov.co\/colombia\/noticias\/a-12-anos-de-prision-fue-condenado-un-hombre-implicado-en-el-asesinato-de-una-mujer-en-el-barrio-cafe-madrid-en-bucaramanga\/#article\",\"isPartOf\":{\"@id\":\"https:\/\/www.fiscalia.gov.co\/colombia\/noticias\/a-12-anos-de-prision-fue-condenado-un-hombre-implicado-en-el-asesinato-de-una-mujer-en-el-barrio-cafe-madrid-en-bucaramanga\/\"},\"author\":{\"name\":\"Johanna Islenny Prieto Pe\u00f1a\",\"@id\":\"https:\/\/www.fiscalia.gov.co\/colombia\/#\/schema\/person\/ba9eca435947489fb25117a0cd75bf3e\"},\"headline\":\"A 12 a\u00f1os de prisi\u00f3n fue condenado un hombre implicado en el asesinato de una mujer en el barrio Caf\u00e9 Madrid en Bucaramanga\",\"datePublished\":\"2025-11-21T15:19:47+00:00\",\"dateModified\":\"2025-11-21T15:21:26+00:00\",\"mainEntityOfPage\":{\"@id\":\"https:\/\/www.fiscalia.gov.co\/colombia\/noticias\/a-12-anos-de-prision-fue-condenado-un-hombre-implicado-en-el-asesinato-de-una-mujer-en-el-barrio-cafe-madrid-en-bucaramanga\/\"},\"wordCount\":349,\"publisher\":{\"@id\":\"https:\/\/www.fiscalia.gov.co\/colombia\/#organization\"},\"keywords\":[\"Condena\",\"Fiscal Luz Adriana Camargo\",\"Fiscal\u00eda\",\"Fiscal\u00eda de Colombia\",\"Fiscal\u00eda General de la Naci\u00f3n\",\"Santander\"],\"articleSection\":[\"Noticias\",\"Seguridad territorial\"],\"inLanguage\":\"es-CO\"},{\"@type\":\"WebPage\",\"@id\":\"https:\/\/www.fiscalia.gov.co\/colombia\/noticias\/a-12-anos-de-prision-fue-condenado-un-hombre-implicado-en-el-asesinato-de-una-mujer-en-el-barrio-cafe-madrid-en-bucaramanga\/\",\"url\":\"https:\/\/www.fiscalia.gov.co\/colombia\/noticias\/a-12-anos-de-prision-fue-condenado-un-hombre-implicado-en-el-asesinato-de-una-mujer-en-el-barrio-cafe-madrid-en-bucaramanga\/\",\"name\":\"Fiscal\u00eda General de la Naci\u00f3n\",\"isPartOf\":{\"@id\":\"https:\/\/www.fiscalia.gov.co\/colombia\/#website\"},\"datePublished\":\"2025-11-21T15:19:47+00:00\",\"dateModified\":\"2025-11-21T15:21:26+00:00\",\"description\":\"P\u00e1gina oficial de la Fiscal\u00eda General de la Naci\u00f3n \u2013 Colombia. Garantizamos el acceso efectivo a la justicia, la verdad y la reparaci\u00f3n de las v\u00edctimas de los delitos.\",\"breadcrumb\":{\"@id\":\"https:\/\/www.fiscalia.gov.co\/colombia\/noticias\/a-12-anos-de-prision-fue-condenado-un-hombre-implicado-en-el-asesinato-de-una-mujer-en-el-barrio-cafe-madrid-en-bucaramanga\/#breadcrumb\"},\"inLanguage\":\"es-CO\",\"potentialAction\":[{\"@type\":\"ReadAction\",\"target\":[\"https:\/\/www.fiscalia.gov.co\/colombia\/noticias\/a-12-anos-de-prision-fue-condenado-un-hombre-implicado-en-el-asesinato-de-una-mujer-en-el-barrio-cafe-madrid-en-bucaramanga\/\"]}]},{\"@type\":\"BreadcrumbList\",\"@id\":\"https:\/\/www.fiscalia.gov.co\/colombia\/noticias\/a-12-anos-de-prision-fue-condenado-un-hombre-implicado-en-el-asesinato-de-una-mujer-en-el-barrio-cafe-madrid-en-bucaramanga\/#breadcrumb\",\"itemListElement\":[{\"@type\":\"ListItem\",\"position\":1,\"name\":\"Home\",\"item\":\"https:\/\/www.fiscalia.gov.co\/colombia\/\"},{\"@type\":\"ListItem\",\"position\":2,\"name\":\"A 12 a\u00f1os de prisi\u00f3n fue condenado un hombre implicado en el asesinato de una mujer en el barrio Caf\u00e9 Madrid en Bucaramanga\"}]},{\"@type\":\"WebSite\",\"@id\":\"https:\/\/www.fiscalia.gov.co\/colombia\/#website\",\"url\":\"https:\/\/www.fiscalia.gov.co\/colombia\/\",\"name\":\"Fiscal\u00eda General de la Naci\u00f3n\",\"description\":\"P\u00e1gina oficial de la Fiscal\u00eda General de la Naci\u00f3n \u2013 Colombia. Garantizamos el acceso efectivo a la justicia, la verdad y la reparaci\u00f3n de las v\u00edctimas de los delitos.\",\"publisher\":{\"@id\":\"https:\/\/www.fiscalia.gov.co\/colombia\/#organization\"},\"potentialAction\":[{\"@type\":\"SearchAction\",\"target\":{\"@type\":\"EntryPoint\",\"urlTemplate\":\"https:\/\/www.fiscalia.gov.co\/colombia\/?s={search_term_string}\"},\"query-input\":{\"@type\":\"PropertyValueSpecification\",\"valueRequired\":true,\"valueName\":\"search_term_string\"}}],\"inLanguage\":\"es-CO\"},{\"@type\":\"Organization\",\"@id\":\"https:\/\/www.fiscalia.gov.co\/colombia\/#organization\",\"name\":\"Fiscal\u00eda General de la Naci\u00f3n\",\"url\":\"https:\/\/www.fiscalia.gov.co\/colombia\/\",\"logo\":{\"@type\":\"ImageObject\",\"inLanguage\":\"es-CO\",\"@id\":\"https:\/\/www.fiscalia.gov.co\/colombia\/#\/schema\/logo\/image\/\",\"url\":\"https:\/\/www.fiscalia.gov.co\/colombia\/wp-content\/uploads\/LogoHorizontal_1.jpg\",\"contentUrl\":\"https:\/\/www.fiscalia.gov.co\/colombia\/wp-content\/uploads\/LogoHorizontal_1.jpg\",\"width\":300,\"height\":90,\"caption\":\"Fiscal\u00eda General de la Naci\u00f3n\"},\"image\":{\"@id\":\"https:\/\/www.fiscalia.gov.co\/colombia\/#\/schema\/logo\/image\/\"},\"sameAs\":[\"https:\/\/www.facebook.com\/FiscaliaCol\",\"https:\/\/x.com\/FiscaliaCol\",\"https:\/\/www.instagram.com\/fiscaliacol\",\"https:\/\/www.linkedin.com\/company\/fiscalia-general-de-la-naci-n\/\",\"https:\/\/youtube.com\/@fiscaliageneraldelanacion-4668?si=6nN79nyQICPU5iTh\"]},{\"@type\":\"Person\",\"@id\":\"https:\/\/www.fiscalia.gov.co\/colombia\/#\/schema\/person\/ba9eca435947489fb25117a0cd75bf3e\",\"name\":\"Johanna Islenny Prieto Pe\u00f1a\",\"image\":{\"@type\":\"ImageObject\",\"inLanguage\":\"es-CO\",\"@id\":\"https:\/\/www.fiscalia.gov.co\/colombia\/#\/schema\/person\/image\/\",\"url\":\"https:\/\/secure.gravatar.com\/avatar\/111433fc2acb037ffb768f6a3ca47864?s=96&d=mm&r=g\",\"contentUrl\":\"https:\/\/secure.gravatar.com\/avatar\/111433fc2acb037ffb768f6a3ca47864?s=96&d=mm&r=g\",\"caption\":\"Johanna Islenny Prieto Pe\u00f1a\"},\"url\":\"https:\/\/www.fiscalia.gov.co\/colombia\/author\/jprietop\/\"}]}<\/script>\n<!-- \/ Yoast SEO plugin. -->","yoast_head_json":{"title":"Fiscal\u00eda General de la Naci\u00f3n","description":"P\u00e1gina oficial de la Fiscal\u00eda General de la Naci\u00f3n \u2013 Colombia. Garantizamos el acceso efectivo a la justicia, la verdad y la reparaci\u00f3n de las v\u00edctimas de los delitos.","robots":{"index":"noindex","follow":"follow"},"og_locale":"es_ES","og_type":"article","og_title":"Fiscal\u00eda General de la Naci\u00f3n","og_description":"P\u00e1gina oficial de la Fiscal\u00eda General de la Naci\u00f3n \u2013 Colombia. Garantizamos el acceso efectivo a la justicia, la verdad y la reparaci\u00f3n de las v\u00edctimas de los delitos.","og_url":"https:\/\/www.fiscalia.gov.co\/colombia\/noticias\/a-12-anos-de-prision-fue-condenado-un-hombre-implicado-en-el-asesinato-de-una-mujer-en-el-barrio-cafe-madrid-en-bucaramanga\/","og_site_name":"Fiscal\u00eda General de la Naci\u00f3n","article_publisher":"https:\/\/www.facebook.com\/FiscaliaCol","article_published_time":"2025-11-21T15:19:47+00:00","article_modified_time":"2025-11-21T15:21:26+00:00","author":"Johanna Islenny Prieto Pe\u00f1a","twitter_card":"summary_large_image","twitter_creator":"@FiscaliaCol","twitter_site":"@FiscaliaCol","twitter_misc":{"Escrito por":"Johanna Islenny Prieto Pe\u00f1a","Tiempo de lectura":"2 minutos"},"schema":{"@context":"https:\/\/schema.org","@graph":[{"@type":"Article","@id":"https:\/\/www.fiscalia.gov.co\/colombia\/noticias\/a-12-anos-de-prision-fue-condenado-un-hombre-implicado-en-el-asesinato-de-una-mujer-en-el-barrio-cafe-madrid-en-bucaramanga\/#article","isPartOf":{"@id":"https:\/\/www.fiscalia.gov.co\/colombia\/noticias\/a-12-anos-de-prision-fue-condenado-un-hombre-implicado-en-el-asesinato-de-una-mujer-en-el-barrio-cafe-madrid-en-bucaramanga\/"},"author":{"name":"Johanna Islenny Prieto Pe\u00f1a","@id":"https:\/\/www.fiscalia.gov.co\/colombia\/#\/schema\/person\/ba9eca435947489fb25117a0cd75bf3e"},"headline":"A 12 a\u00f1os de prisi\u00f3n fue condenado un hombre implicado en el asesinato de una mujer en el barrio Caf\u00e9 Madrid en Bucaramanga","datePublished":"2025-11-21T15:19:47+00:00","dateModified":"2025-11-21T15:21:26+00:00","mainEntityOfPage":{"@id":"https:\/\/www.fiscalia.gov.co\/colombia\/noticias\/a-12-anos-de-prision-fue-condenado-un-hombre-implicado-en-el-asesinato-de-una-mujer-en-el-barrio-cafe-madrid-en-bucaramanga\/"},"wordCount":349,"publisher":{"@id":"https:\/\/www.fiscalia.gov.co\/colombia\/#organization"},"keywords":["Condena","Fiscal Luz Adriana Camargo","Fiscal\u00eda","Fiscal\u00eda de Colombia","Fiscal\u00eda General de la Naci\u00f3n","Santander"],"articleSection":["Noticias","Seguridad territorial"],"inLanguage":"es-CO"},{"@type":"WebPage","@id":"https:\/\/www.fiscalia.gov.co\/colombia\/noticias\/a-12-anos-de-prision-fue-condenado-un-hombre-implicado-en-el-asesinato-de-una-mujer-en-el-barrio-cafe-madrid-en-bucaramanga\/","url":"https:\/\/www.fiscalia.gov.co\/colombia\/noticias\/a-12-anos-de-prision-fue-condenado-un-hombre-implicado-en-el-asesinato-de-una-mujer-en-el-barrio-cafe-madrid-en-bucaramanga\/","name":"Fiscal\u00eda General de la Naci\u00f3n","isPartOf":{"@id":"https:\/\/www.fiscalia.gov.co\/colombia\/#website"},"datePublished":"2025-11-21T15:19:47+00:00","dateModified":"2025-11-21T15:21:26+00:00","description":"P\u00e1gina oficial de la Fiscal\u00eda General de la Naci\u00f3n \u2013 Colombia. Garantizamos el acceso efectivo a la justicia, la verdad y la reparaci\u00f3n de las v\u00edctimas de los delitos.","breadcrumb":{"@id":"https:\/\/www.fiscalia.gov.co\/colombia\/noticias\/a-12-anos-de-prision-fue-condenado-un-hombre-implicado-en-el-asesinato-de-una-mujer-en-el-barrio-cafe-madrid-en-bucaramanga\/#breadcrumb"},"inLanguage":"es-CO","potentialAction":[{"@type":"ReadAction","target":["https:\/\/www.fiscalia.gov.co\/colombia\/noticias\/a-12-anos-de-prision-fue-condenado-un-hombre-implicado-en-el-asesinato-de-una-mujer-en-el-barrio-cafe-madrid-en-bucaramanga\/"]}]},{"@type":"BreadcrumbList","@id":"https:\/\/www.fiscalia.gov.co\/colombia\/noticias\/a-12-anos-de-prision-fue-condenado-un-hombre-implicado-en-el-asesinato-de-una-mujer-en-el-barrio-cafe-madrid-en-bucaramanga\/#breadcrumb","itemListElement":[{"@type":"ListItem","position":1,"name":"Home","item":"https:\/\/www.fiscalia.gov.co\/colombia\/"},{"@type":"ListItem","position":2,"name":"A 12 a\u00f1os de prisi\u00f3n fue condenado un hombre implicado en el asesinato de una mujer en el barrio Caf\u00e9 Madrid en Bucaramanga"}]},{"@type":"WebSite","@id":"https:\/\/www.fiscalia.gov.co\/colombia\/#website","url":"https:\/\/www.fiscalia.gov.co\/colombia\/","name":"Fiscal\u00eda General de la Naci\u00f3n","description":"P\u00e1gina oficial de la Fiscal\u00eda General de la Naci\u00f3n \u2013 Colombia. Garantizamos el acceso efectivo a la justicia, la verdad y la reparaci\u00f3n de las v\u00edctimas de los delitos.","publisher":{"@id":"https:\/\/www.fiscalia.gov.co\/colombia\/#organization"},"potentialAction":[{"@type":"SearchAction","target":{"@type":"EntryPoint","urlTemplate":"https:\/\/www.fiscalia.gov.co\/colombia\/?s={search_term_string}"},"query-input":{"@type":"PropertyValueSpecification","valueRequired":true,"valueName":"search_term_string"}}],"inLanguage":"es-CO"},{"@type":"Organization","@id":"https:\/\/www.fiscalia.gov.co\/colombia\/#organization","name":"Fiscal\u00eda General de la Naci\u00f3n","url":"https:\/\/www.fiscalia.gov.co\/colombia\/","logo":{"@type":"ImageObject","inLanguage":"es-CO","@id":"https:\/\/www.fiscalia.gov.co\/colombia\/#\/schema\/logo\/image\/","url":"https:\/\/www.fiscalia.gov.co\/colombia\/wp-content\/uploads\/LogoHorizontal_1.jpg","contentUrl":"https:\/\/www.fiscalia.gov.co\/colombia\/wp-content\/uploads\/LogoHorizontal_1.jpg","width":300,"height":90,"caption":"Fiscal\u00eda General de la Naci\u00f3n"},"image":{"@id":"https:\/\/www.fiscalia.gov.co\/colombia\/#\/schema\/logo\/image\/"},"sameAs":["https:\/\/www.facebook.com\/FiscaliaCol","https:\/\/x.com\/FiscaliaCol","https:\/\/www.instagram.com\/fiscaliacol","https:\/\/www.linkedin.com\/company\/fiscalia-general-de-la-naci-n\/","https:\/\/youtube.com\/@fiscaliageneraldelanacion-4668?si=6nN79nyQICPU5iTh"]},{"@type":"Person","@id":"https:\/\/www.fiscalia.gov.co\/colombia\/#\/schema\/person\/ba9eca435947489fb25117a0cd75bf3e","name":"Johanna Islenny Prieto Pe\u00f1a","image":{"@type":"ImageObject","inLanguage":"es-CO","@id":"https:\/\/www.fiscalia.gov.co\/colombia\/#\/schema\/person\/image\/","url":"https:\/\/secure.gravatar.com\/avatar\/111433fc2acb037ffb768f6a3ca47864?s=96&d=mm&r=g","contentUrl":"https:\/\/secure.gravatar.com\/avatar\/111433fc2acb037ffb768f6a3ca47864?s=96&d=mm&r=g","caption":"Johanna Islenny Prieto Pe\u00f1a"},"url":"https:\/\/www.fiscalia.gov.co\/colombia\/author\/jprietop\/"}]}},"_links":{"self":[{"href":"https:\/\/www.fiscalia.gov.co\/colombia\/wp-json\/wp\/v2\/posts\/327516","targetHints":{"allow":["GET"]}}],"collection":[{"href":"https:\/\/www.fiscalia.gov.co\/colombia\/wp-json\/wp\/v2\/posts"}],"about":[{"href":"https:\/\/www.fiscalia.gov.co\/colombia\/wp-json\/wp\/v2\/types\/post"}],"author":[{"embeddable":true,"href":"https:\/\/www.fiscalia.gov.co\/colombia\/wp-json\/wp\/v2\/users\/181"}],"replies":[{"embeddable":true,"href":"https:\/\/www.fiscalia.gov.co\/colombia\/wp-json\/wp\/v2\/comments?post=327516"}],"version-history":[{"count":3,"href":"https:\/\/www.fiscalia.gov.co\/colombia\/wp-json\/wp\/v2\/posts\/327516\/revisions"}],"predecessor-version":[{"id":327519,"href":"https:\/\/www.fiscalia.gov.co\/colombia\/wp-json\/wp\/v2\/posts\/327516\/revisions\/327519"}],"wp:attachment":[{"href":"https:\/\/www.fiscalia.gov.co\/colombia\/wp-json\/wp\/v2\/media?parent=327516"}],"wp:term":[{"taxonomy":"category","embeddable":true,"href":"https:\/\/www.fiscalia.gov.co\/colombia\/wp-json\/wp\/v2\/categories?post=327516"},{"taxonomy":"post_tag","embeddable":true,"href":"https:\/\/www.fiscalia.gov.co\/colombia\/wp-json\/wp\/v2\/tags?post=327516"}],"curies":[{"name":"wp","href":"https:\/\/api.w.org\/{rel}","templated":true}]}}