{"id":327504,"date":"2025-11-21T10:09:25","date_gmt":"2025-11-21T15:09:25","guid":{"rendered":"https:\/\/www.fiscalia.gov.co\/colombia\/?p=327504"},"modified":"2025-11-21T10:12:47","modified_gmt":"2025-11-21T15:12:47","slug":"hombre-que-estaria-involucrado-en-atentado-contra-la-vida-de-ciudadano-en-anserma-caldas-fue-judicializado","status":"publish","type":"post","link":"https:\/\/www.fiscalia.gov.co\/colombia\/noticias\/hombre-que-estaria-involucrado-en-atentado-contra-la-vida-de-ciudadano-en-anserma-caldas-fue-judicializado\/","title":{"rendered":"Hombre que estar\u00eda involucrado en atentado contra la vida de ciudadano en Anserma (Caldas) fue judicializado"},"content":{"rendered":"<p>La Fiscal\u00eda General de la Naci\u00f3n judicializ\u00f3 a\u00a0<b>Carlos Obed P\u00e9rez Montes, por su presunta responsabilidad en el\u00a0<a id=\"OWA176e40f1-d7ba-4a14-1b7b-6b9c324b508d\" class=\"x_x_OWAAutoLink\" title=\"https:\/\/www.fiscalia.gov.co\/colombia\/noticias\/senalados-de-asesinar-a-dos-hombres-en-caldas-fueron-enviados-a-la-carcel\/\" href=\"https:\/\/www.fiscalia.gov.co\/colombia\/noticias\/senalados-de-asesinar-a-dos-hombres-en-caldas-fueron-enviados-a-la-carcel\/\" target=\"_blank\" rel=\"noopener noreferrer\" data-auth=\"NotApplicable\" data-linkindex=\"0\">ataque<\/a>\u00a0con un objeto contundente a un hombre, que le ocasion\u00f3 graves lesiones que pusieron en riesgo su vida.<\/b><\/p>\n<p>A trav\u00e9s de servidores del Cuerpo T\u00e9cnico de Investigaci\u00f3n (CTI)\u00a0<b>de Anserma, hizo efectiva la orden de captura en contra de en el delito de tentativa de homicidio<\/b>.<\/p>\n<figure id=\"attachment_327510\" aria-describedby=\"caption-attachment-327510\" style=\"width: 222px\" class=\"wp-caption alignnone\"><img loading=\"lazy\" decoding=\"async\" class=\"size-medium wp-image-327510\" src=\"https:\/\/www.fiscalia.gov.co\/colombia\/wp-content\/uploads\/Carlos-Obed-Perez-Montes-judicializado-por-su-presunta-responsabilidad-en-el-delito-de-tentativa-de-homicidio-222x300.jpeg\" alt=\" Se visualiza al capturado junto a un uniformado de la Polic\u00eda Nacional y un investigador del CTI. Detr\u00e1s de ellos los banners que identifican a la Polic\u00eda Nacional y a la Fiscal\u00eda General de la Naci\u00f3n\" width=\"222\" height=\"300\" srcset=\"https:\/\/www.fiscalia.gov.co\/colombia\/wp-content\/uploads\/Carlos-Obed-Perez-Montes-judicializado-por-su-presunta-responsabilidad-en-el-delito-de-tentativa-de-homicidio-222x300.jpeg 222w, https:\/\/www.fiscalia.gov.co\/colombia\/wp-content\/uploads\/Carlos-Obed-Perez-Montes-judicializado-por-su-presunta-responsabilidad-en-el-delito-de-tentativa-de-homicidio-757x1024.jpeg 757w, https:\/\/www.fiscalia.gov.co\/colombia\/wp-content\/uploads\/Carlos-Obed-Perez-Montes-judicializado-por-su-presunta-responsabilidad-en-el-delito-de-tentativa-de-homicidio-768x1039.jpeg 768w, https:\/\/www.fiscalia.gov.co\/colombia\/wp-content\/uploads\/Carlos-Obed-Perez-Montes-judicializado-por-su-presunta-responsabilidad-en-el-delito-de-tentativa-de-homicidio-310x420.jpeg 310w, https:\/\/www.fiscalia.gov.co\/colombia\/wp-content\/uploads\/Carlos-Obed-Perez-Montes-judicializado-por-su-presunta-responsabilidad-en-el-delito-de-tentativa-de-homicidio-696x942.jpeg 696w, https:\/\/www.fiscalia.gov.co\/colombia\/wp-content\/uploads\/Carlos-Obed-Perez-Montes-judicializado-por-su-presunta-responsabilidad-en-el-delito-de-tentativa-de-homicidio.jpeg 962w\" sizes=\"auto, (max-width: 222px) 100vw, 222px\" \/><figcaption id=\"caption-attachment-327510\" class=\"wp-caption-text\">Carlos Obed P\u00e9rez Montes, fue judicializado por su presunta responsabilidad en el delito de homicidio y enviado a la c\u00e1rcel<\/figcaption><\/figure>\n<p>De acuerdo con la investigaci\u00f3n, el pasado 3 <b>de julio, en la avenida Libertador de este municipio, el hoy procesado habr\u00eda agredido con un objeto contundente a un hombre, ocasion\u00e1ndole graves lesiones que pusieron en riesgo su vida<\/b>. Estos hechos quedaron registrados en c\u00e1maras de seguridad de establecimientos comerciales del sector, constituy\u00e9ndose en elementos materiales probatorios relevantes para solicitar la orden de captura.<\/p>\n<p>Durante las audiencias preliminares adelantadas\u00a0<b>el 18 de octubre, un juez de control de garant\u00edas aval\u00f3 los argumentos expuestos por la Fiscal\u00eda e impuso medida de aseguramiento en detenci\u00f3n domiciliaria. Esta decisi\u00f3n fue apelada por el ente acusador.\u00a0<\/b><\/p>\n<p>Posteriormente, en segunda instancia, un juzgado penal del circuito orden\u00f3 nuevamente la captura del procesado. Esta se hizo efectiva este 13 de noviembre por investigadores del CTI de Anserma, con apoyo de unidades de la Sij\u00edn adscritas al Departamento de Polic\u00eda Caldas.<\/p>\n<p>Tras la legalizaci\u00f3n de la captura, el ente\u00a0<b>juzgador impuso medida de aseguramiento privativa de la libertad en establecimiento carcelario.<\/b><\/p>\n<p>MPHA\/AMCJ\/ACG\/DSC<\/p>\n<p>&nbsp;<\/p>\n<p>&nbsp;<\/p>\n<p>&nbsp;<\/p>\n<p>&nbsp;<\/p>\n<p><i>La informaci\u00f3n contenida en este bolet\u00edn de\u00a0prensa corresponde a la narraci\u00f3n de\u00a0los hechos noticiosos objetivos, suministrados por los funcionarios encargados de\u00a0adelantar las investigaciones penales al interior de\u00a0la Fiscal\u00eda General de\u00a0la Naci\u00f3n. Para el momento de\u00a0la divulgaci\u00f3n de\u00a0este comunicado, la situaci\u00f3n jur\u00eddica de\u00a0la(s) persona(s) relacionada(s) se\u00a0encuentra pendiente de\u00a0resolver por la autoridad judicial competente, siempre bajo los preceptos de\u00a0la presunci\u00f3n de\u00a0inocencia, consagrados en el art\u00edculo 29 de\u00a0la Constituci\u00f3n Pol\u00edtica y el art\u00edculo 7\u00ba de\u00a0la Ley 906 de\u00a02004.<\/i><\/p>\n\n<div class=\"twitter-share\"><a href=\"https:\/\/twitter.com\/intent\/tweet?via=fiscaliacol\" class=\"twitter-share-button\">Tweet<\/a><\/div>\n","protected":false},"excerpt":{"rendered":"<p>La Fiscal\u00eda General de la Naci\u00f3n judicializ\u00f3 a\u00a0Carlos Obed P\u00e9rez Montes, por su presunta responsabilidad en el\u00a0ataque\u00a0con un objeto contundente a un hombre, que le ocasion\u00f3 graves lesiones que pusieron en riesgo su vida. A trav\u00e9s de servidores del Cuerpo T\u00e9cnico de Investigaci\u00f3n (CTI)\u00a0de Anserma, hizo efectiva la orden de captura en contra de en [&hellip;]<\/p>\n","protected":false},"author":181,"featured_media":0,"comment_status":"closed","ping_status":"open","sticky":false,"template":"","format":"standard","meta":{"_price":"","_stock":"","_tribe_ticket_header":"","_tribe_default_ticket_provider":"","_tribe_ticket_capacity":"0","_ticket_start_date":"","_ticket_end_date":"","_tribe_ticket_show_description":"","_tribe_ticket_show_not_going":false,"_tribe_ticket_use_global_stock":"","_tribe_ticket_global_stock_level":"","_global_stock_mode":"","_global_stock_cap":"","_tribe_rsvp_for_event":"","_tribe_ticket_going_count":"","_tribe_ticket_not_going_count":"","_tribe_tickets_list":"[]","_tribe_ticket_has_attendee_info_fields":false,"tdm_status":"","tdm_grid_status":"","footnotes":""},"categories":[1,24099],"tags":[14550,45,4614,17967,558,10084],"class_list":{"0":"post-327504","1":"post","2":"type-post","3":"status-publish","4":"format-standard","6":"category-noticias","7":"category-seguridad-territorial","8":"tag-carcel","9":"tag-cti","10":"tag-fiscalia-2","11":"tag-investigacion","12":"tag-policia-nacional","13":"tag-seguridad"},"yoast_head":"<!-- This site is optimized with the Yoast SEO plugin v24.3 - https:\/\/yoast.com\/wordpress\/plugins\/seo\/ -->\n<title>Fiscal\u00eda General de la Naci\u00f3n<\/title>\n<meta name=\"description\" content=\"P\u00e1gina oficial de la Fiscal\u00eda General de la Naci\u00f3n \u2013 Colombia. Garantizamos el acceso efectivo a la justicia, la verdad y la reparaci\u00f3n de las v\u00edctimas de los delitos.\" \/>\n<meta name=\"robots\" content=\"noindex, follow\" \/>\n<meta property=\"og:locale\" content=\"es_ES\" \/>\n<meta property=\"og:type\" content=\"article\" \/>\n<meta property=\"og:title\" content=\"Fiscal\u00eda General de la Naci\u00f3n\" \/>\n<meta property=\"og:description\" content=\"P\u00e1gina oficial de la Fiscal\u00eda General de la Naci\u00f3n \u2013 Colombia. Garantizamos el acceso efectivo a la justicia, la verdad y la reparaci\u00f3n de las v\u00edctimas de los delitos.\" \/>\n<meta property=\"og:url\" content=\"https:\/\/www.fiscalia.gov.co\/colombia\/noticias\/hombre-que-estaria-involucrado-en-atentado-contra-la-vida-de-ciudadano-en-anserma-caldas-fue-judicializado\/\" \/>\n<meta property=\"og:site_name\" content=\"Fiscal\u00eda General de la Naci\u00f3n\" \/>\n<meta property=\"article:publisher\" content=\"https:\/\/www.facebook.com\/FiscaliaCol\" \/>\n<meta property=\"article:published_time\" content=\"2025-11-21T15:09:25+00:00\" \/>\n<meta property=\"article:modified_time\" content=\"2025-11-21T15:12:47+00:00\" \/>\n<meta property=\"og:image\" content=\"https:\/\/www.fiscalia.gov.co\/colombia\/wp-content\/uploads\/Carlos-Obed-Perez-Montes-judicializado-por-su-presunta-responsabilidad-en-el-delito-de-tentativa-de-homicidio.jpeg\" \/>\n\t<meta property=\"og:image:width\" content=\"962\" \/>\n\t<meta property=\"og:image:height\" content=\"1302\" \/>\n\t<meta property=\"og:image:type\" content=\"image\/jpeg\" \/>\n<meta name=\"author\" content=\"Johanna Islenny Prieto Pe\u00f1a\" \/>\n<meta name=\"twitter:card\" content=\"summary_large_image\" \/>\n<meta name=\"twitter:creator\" content=\"@FiscaliaCol\" \/>\n<meta name=\"twitter:site\" content=\"@FiscaliaCol\" \/>\n<meta name=\"twitter:label1\" content=\"Escrito por\" \/>\n\t<meta name=\"twitter:data1\" content=\"Johanna Islenny Prieto Pe\u00f1a\" \/>\n\t<meta name=\"twitter:label2\" content=\"Tiempo de lectura\" \/>\n\t<meta name=\"twitter:data2\" content=\"2 minutos\" \/>\n<script type=\"application\/ld+json\" class=\"yoast-schema-graph\">{\"@context\":\"https:\/\/schema.org\",\"@graph\":[{\"@type\":\"Article\",\"@id\":\"https:\/\/www.fiscalia.gov.co\/colombia\/noticias\/hombre-que-estaria-involucrado-en-atentado-contra-la-vida-de-ciudadano-en-anserma-caldas-fue-judicializado\/#article\",\"isPartOf\":{\"@id\":\"https:\/\/www.fiscalia.gov.co\/colombia\/noticias\/hombre-que-estaria-involucrado-en-atentado-contra-la-vida-de-ciudadano-en-anserma-caldas-fue-judicializado\/\"},\"author\":{\"name\":\"Johanna Islenny Prieto Pe\u00f1a\",\"@id\":\"https:\/\/www.fiscalia.gov.co\/colombia\/#\/schema\/person\/ba9eca435947489fb25117a0cd75bf3e\"},\"headline\":\"Hombre que estar\u00eda involucrado en atentado contra la vida de ciudadano en Anserma (Caldas) fue judicializado\",\"datePublished\":\"2025-11-21T15:09:25+00:00\",\"dateModified\":\"2025-11-21T15:12:47+00:00\",\"mainEntityOfPage\":{\"@id\":\"https:\/\/www.fiscalia.gov.co\/colombia\/noticias\/hombre-que-estaria-involucrado-en-atentado-contra-la-vida-de-ciudadano-en-anserma-caldas-fue-judicializado\/\"},\"wordCount\":399,\"publisher\":{\"@id\":\"https:\/\/www.fiscalia.gov.co\/colombia\/#organization\"},\"image\":{\"@id\":\"https:\/\/www.fiscalia.gov.co\/colombia\/noticias\/hombre-que-estaria-involucrado-en-atentado-contra-la-vida-de-ciudadano-en-anserma-caldas-fue-judicializado\/#primaryimage\"},\"thumbnailUrl\":\"https:\/\/www.fiscalia.gov.co\/colombia\/wp-content\/uploads\/Carlos-Obed-Perez-Montes-judicializado-por-su-presunta-responsabilidad-en-el-delito-de-tentativa-de-homicidio-222x300.jpeg\",\"keywords\":[\"C\u00e1rcel\",\"CTI\",\"Fiscal\u00eda\",\"Investigaci\u00f3n\",\"Polic\u00eda Nacional\",\"Seguridad\"],\"articleSection\":[\"Noticias\",\"Seguridad territorial\"],\"inLanguage\":\"es-CO\"},{\"@type\":\"WebPage\",\"@id\":\"https:\/\/www.fiscalia.gov.co\/colombia\/noticias\/hombre-que-estaria-involucrado-en-atentado-contra-la-vida-de-ciudadano-en-anserma-caldas-fue-judicializado\/\",\"url\":\"https:\/\/www.fiscalia.gov.co\/colombia\/noticias\/hombre-que-estaria-involucrado-en-atentado-contra-la-vida-de-ciudadano-en-anserma-caldas-fue-judicializado\/\",\"name\":\"Fiscal\u00eda General de la Naci\u00f3n\",\"isPartOf\":{\"@id\":\"https:\/\/www.fiscalia.gov.co\/colombia\/#website\"},\"primaryImageOfPage\":{\"@id\":\"https:\/\/www.fiscalia.gov.co\/colombia\/noticias\/hombre-que-estaria-involucrado-en-atentado-contra-la-vida-de-ciudadano-en-anserma-caldas-fue-judicializado\/#primaryimage\"},\"image\":{\"@id\":\"https:\/\/www.fiscalia.gov.co\/colombia\/noticias\/hombre-que-estaria-involucrado-en-atentado-contra-la-vida-de-ciudadano-en-anserma-caldas-fue-judicializado\/#primaryimage\"},\"thumbnailUrl\":\"https:\/\/www.fiscalia.gov.co\/colombia\/wp-content\/uploads\/Carlos-Obed-Perez-Montes-judicializado-por-su-presunta-responsabilidad-en-el-delito-de-tentativa-de-homicidio-222x300.jpeg\",\"datePublished\":\"2025-11-21T15:09:25+00:00\",\"dateModified\":\"2025-11-21T15:12:47+00:00\",\"description\":\"P\u00e1gina oficial de la Fiscal\u00eda General de la Naci\u00f3n \u2013 Colombia. Garantizamos el acceso efectivo a la justicia, la verdad y la reparaci\u00f3n de las v\u00edctimas de los delitos.\",\"breadcrumb\":{\"@id\":\"https:\/\/www.fiscalia.gov.co\/colombia\/noticias\/hombre-que-estaria-involucrado-en-atentado-contra-la-vida-de-ciudadano-en-anserma-caldas-fue-judicializado\/#breadcrumb\"},\"inLanguage\":\"es-CO\",\"potentialAction\":[{\"@type\":\"ReadAction\",\"target\":[\"https:\/\/www.fiscalia.gov.co\/colombia\/noticias\/hombre-que-estaria-involucrado-en-atentado-contra-la-vida-de-ciudadano-en-anserma-caldas-fue-judicializado\/\"]}]},{\"@type\":\"ImageObject\",\"inLanguage\":\"es-CO\",\"@id\":\"https:\/\/www.fiscalia.gov.co\/colombia\/noticias\/hombre-que-estaria-involucrado-en-atentado-contra-la-vida-de-ciudadano-en-anserma-caldas-fue-judicializado\/#primaryimage\",\"url\":\"https:\/\/www.fiscalia.gov.co\/colombia\/wp-content\/uploads\/Carlos-Obed-Perez-Montes-judicializado-por-su-presunta-responsabilidad-en-el-delito-de-tentativa-de-homicidio.jpeg\",\"contentUrl\":\"https:\/\/www.fiscalia.gov.co\/colombia\/wp-content\/uploads\/Carlos-Obed-Perez-Montes-judicializado-por-su-presunta-responsabilidad-en-el-delito-de-tentativa-de-homicidio.jpeg\",\"width\":962,\"height\":1302,\"caption\":\"Carlos Obed P\u00e9rez Montes, fue judicializado por su presunta responsabilidad en el delito de homicidio y enviado a la c\u00e1rcel\"},{\"@type\":\"BreadcrumbList\",\"@id\":\"https:\/\/www.fiscalia.gov.co\/colombia\/noticias\/hombre-que-estaria-involucrado-en-atentado-contra-la-vida-de-ciudadano-en-anserma-caldas-fue-judicializado\/#breadcrumb\",\"itemListElement\":[{\"@type\":\"ListItem\",\"position\":1,\"name\":\"Home\",\"item\":\"https:\/\/www.fiscalia.gov.co\/colombia\/\"},{\"@type\":\"ListItem\",\"position\":2,\"name\":\"Hombre que estar\u00eda involucrado en atentado contra la vida de ciudadano en Anserma (Caldas) fue judicializado\"}]},{\"@type\":\"WebSite\",\"@id\":\"https:\/\/www.fiscalia.gov.co\/colombia\/#website\",\"url\":\"https:\/\/www.fiscalia.gov.co\/colombia\/\",\"name\":\"Fiscal\u00eda General de la Naci\u00f3n\",\"description\":\"P\u00e1gina oficial de la Fiscal\u00eda General de la Naci\u00f3n \u2013 Colombia. Garantizamos el acceso efectivo a la justicia, la verdad y la reparaci\u00f3n de las v\u00edctimas de los delitos.\",\"publisher\":{\"@id\":\"https:\/\/www.fiscalia.gov.co\/colombia\/#organization\"},\"potentialAction\":[{\"@type\":\"SearchAction\",\"target\":{\"@type\":\"EntryPoint\",\"urlTemplate\":\"https:\/\/www.fiscalia.gov.co\/colombia\/?s={search_term_string}\"},\"query-input\":{\"@type\":\"PropertyValueSpecification\",\"valueRequired\":true,\"valueName\":\"search_term_string\"}}],\"inLanguage\":\"es-CO\"},{\"@type\":\"Organization\",\"@id\":\"https:\/\/www.fiscalia.gov.co\/colombia\/#organization\",\"name\":\"Fiscal\u00eda General de la Naci\u00f3n\",\"url\":\"https:\/\/www.fiscalia.gov.co\/colombia\/\",\"logo\":{\"@type\":\"ImageObject\",\"inLanguage\":\"es-CO\",\"@id\":\"https:\/\/www.fiscalia.gov.co\/colombia\/#\/schema\/logo\/image\/\",\"url\":\"https:\/\/www.fiscalia.gov.co\/colombia\/wp-content\/uploads\/LogoHorizontal_1.jpg\",\"contentUrl\":\"https:\/\/www.fiscalia.gov.co\/colombia\/wp-content\/uploads\/LogoHorizontal_1.jpg\",\"width\":300,\"height\":90,\"caption\":\"Fiscal\u00eda General de la Naci\u00f3n\"},\"image\":{\"@id\":\"https:\/\/www.fiscalia.gov.co\/colombia\/#\/schema\/logo\/image\/\"},\"sameAs\":[\"https:\/\/www.facebook.com\/FiscaliaCol\",\"https:\/\/x.com\/FiscaliaCol\",\"https:\/\/www.instagram.com\/fiscaliacol\",\"https:\/\/www.linkedin.com\/company\/fiscalia-general-de-la-naci-n\/\",\"https:\/\/youtube.com\/@fiscaliageneraldelanacion-4668?si=6nN79nyQICPU5iTh\"]},{\"@type\":\"Person\",\"@id\":\"https:\/\/www.fiscalia.gov.co\/colombia\/#\/schema\/person\/ba9eca435947489fb25117a0cd75bf3e\",\"name\":\"Johanna Islenny Prieto Pe\u00f1a\",\"image\":{\"@type\":\"ImageObject\",\"inLanguage\":\"es-CO\",\"@id\":\"https:\/\/www.fiscalia.gov.co\/colombia\/#\/schema\/person\/image\/\",\"url\":\"https:\/\/secure.gravatar.com\/avatar\/111433fc2acb037ffb768f6a3ca47864?s=96&d=mm&r=g\",\"contentUrl\":\"https:\/\/secure.gravatar.com\/avatar\/111433fc2acb037ffb768f6a3ca47864?s=96&d=mm&r=g\",\"caption\":\"Johanna Islenny Prieto Pe\u00f1a\"},\"url\":\"https:\/\/www.fiscalia.gov.co\/colombia\/author\/jprietop\/\"}]}<\/script>\n<!-- \/ Yoast SEO plugin. -->","yoast_head_json":{"title":"Fiscal\u00eda General de la Naci\u00f3n","description":"P\u00e1gina oficial de la Fiscal\u00eda General de la Naci\u00f3n \u2013 Colombia. Garantizamos el acceso efectivo a la justicia, la verdad y la reparaci\u00f3n de las v\u00edctimas de los delitos.","robots":{"index":"noindex","follow":"follow"},"og_locale":"es_ES","og_type":"article","og_title":"Fiscal\u00eda General de la Naci\u00f3n","og_description":"P\u00e1gina oficial de la Fiscal\u00eda General de la Naci\u00f3n \u2013 Colombia. Garantizamos el acceso efectivo a la justicia, la verdad y la reparaci\u00f3n de las v\u00edctimas de los delitos.","og_url":"https:\/\/www.fiscalia.gov.co\/colombia\/noticias\/hombre-que-estaria-involucrado-en-atentado-contra-la-vida-de-ciudadano-en-anserma-caldas-fue-judicializado\/","og_site_name":"Fiscal\u00eda General de la Naci\u00f3n","article_publisher":"https:\/\/www.facebook.com\/FiscaliaCol","article_published_time":"2025-11-21T15:09:25+00:00","article_modified_time":"2025-11-21T15:12:47+00:00","og_image":[{"width":962,"height":1302,"url":"https:\/\/www.fiscalia.gov.co\/colombia\/wp-content\/uploads\/Carlos-Obed-Perez-Montes-judicializado-por-su-presunta-responsabilidad-en-el-delito-de-tentativa-de-homicidio.jpeg","type":"image\/jpeg"}],"author":"Johanna Islenny Prieto Pe\u00f1a","twitter_card":"summary_large_image","twitter_creator":"@FiscaliaCol","twitter_site":"@FiscaliaCol","twitter_misc":{"Escrito por":"Johanna Islenny Prieto Pe\u00f1a","Tiempo de lectura":"2 minutos"},"schema":{"@context":"https:\/\/schema.org","@graph":[{"@type":"Article","@id":"https:\/\/www.fiscalia.gov.co\/colombia\/noticias\/hombre-que-estaria-involucrado-en-atentado-contra-la-vida-de-ciudadano-en-anserma-caldas-fue-judicializado\/#article","isPartOf":{"@id":"https:\/\/www.fiscalia.gov.co\/colombia\/noticias\/hombre-que-estaria-involucrado-en-atentado-contra-la-vida-de-ciudadano-en-anserma-caldas-fue-judicializado\/"},"author":{"name":"Johanna Islenny Prieto Pe\u00f1a","@id":"https:\/\/www.fiscalia.gov.co\/colombia\/#\/schema\/person\/ba9eca435947489fb25117a0cd75bf3e"},"headline":"Hombre que estar\u00eda involucrado en atentado contra la vida de ciudadano en Anserma (Caldas) fue judicializado","datePublished":"2025-11-21T15:09:25+00:00","dateModified":"2025-11-21T15:12:47+00:00","mainEntityOfPage":{"@id":"https:\/\/www.fiscalia.gov.co\/colombia\/noticias\/hombre-que-estaria-involucrado-en-atentado-contra-la-vida-de-ciudadano-en-anserma-caldas-fue-judicializado\/"},"wordCount":399,"publisher":{"@id":"https:\/\/www.fiscalia.gov.co\/colombia\/#organization"},"image":{"@id":"https:\/\/www.fiscalia.gov.co\/colombia\/noticias\/hombre-que-estaria-involucrado-en-atentado-contra-la-vida-de-ciudadano-en-anserma-caldas-fue-judicializado\/#primaryimage"},"thumbnailUrl":"https:\/\/www.fiscalia.gov.co\/colombia\/wp-content\/uploads\/Carlos-Obed-Perez-Montes-judicializado-por-su-presunta-responsabilidad-en-el-delito-de-tentativa-de-homicidio-222x300.jpeg","keywords":["C\u00e1rcel","CTI","Fiscal\u00eda","Investigaci\u00f3n","Polic\u00eda Nacional","Seguridad"],"articleSection":["Noticias","Seguridad territorial"],"inLanguage":"es-CO"},{"@type":"WebPage","@id":"https:\/\/www.fiscalia.gov.co\/colombia\/noticias\/hombre-que-estaria-involucrado-en-atentado-contra-la-vida-de-ciudadano-en-anserma-caldas-fue-judicializado\/","url":"https:\/\/www.fiscalia.gov.co\/colombia\/noticias\/hombre-que-estaria-involucrado-en-atentado-contra-la-vida-de-ciudadano-en-anserma-caldas-fue-judicializado\/","name":"Fiscal\u00eda General de la Naci\u00f3n","isPartOf":{"@id":"https:\/\/www.fiscalia.gov.co\/colombia\/#website"},"primaryImageOfPage":{"@id":"https:\/\/www.fiscalia.gov.co\/colombia\/noticias\/hombre-que-estaria-involucrado-en-atentado-contra-la-vida-de-ciudadano-en-anserma-caldas-fue-judicializado\/#primaryimage"},"image":{"@id":"https:\/\/www.fiscalia.gov.co\/colombia\/noticias\/hombre-que-estaria-involucrado-en-atentado-contra-la-vida-de-ciudadano-en-anserma-caldas-fue-judicializado\/#primaryimage"},"thumbnailUrl":"https:\/\/www.fiscalia.gov.co\/colombia\/wp-content\/uploads\/Carlos-Obed-Perez-Montes-judicializado-por-su-presunta-responsabilidad-en-el-delito-de-tentativa-de-homicidio-222x300.jpeg","datePublished":"2025-11-21T15:09:25+00:00","dateModified":"2025-11-21T15:12:47+00:00","description":"P\u00e1gina oficial de la Fiscal\u00eda General de la Naci\u00f3n \u2013 Colombia. Garantizamos el acceso efectivo a la justicia, la verdad y la reparaci\u00f3n de las v\u00edctimas de los delitos.","breadcrumb":{"@id":"https:\/\/www.fiscalia.gov.co\/colombia\/noticias\/hombre-que-estaria-involucrado-en-atentado-contra-la-vida-de-ciudadano-en-anserma-caldas-fue-judicializado\/#breadcrumb"},"inLanguage":"es-CO","potentialAction":[{"@type":"ReadAction","target":["https:\/\/www.fiscalia.gov.co\/colombia\/noticias\/hombre-que-estaria-involucrado-en-atentado-contra-la-vida-de-ciudadano-en-anserma-caldas-fue-judicializado\/"]}]},{"@type":"ImageObject","inLanguage":"es-CO","@id":"https:\/\/www.fiscalia.gov.co\/colombia\/noticias\/hombre-que-estaria-involucrado-en-atentado-contra-la-vida-de-ciudadano-en-anserma-caldas-fue-judicializado\/#primaryimage","url":"https:\/\/www.fiscalia.gov.co\/colombia\/wp-content\/uploads\/Carlos-Obed-Perez-Montes-judicializado-por-su-presunta-responsabilidad-en-el-delito-de-tentativa-de-homicidio.jpeg","contentUrl":"https:\/\/www.fiscalia.gov.co\/colombia\/wp-content\/uploads\/Carlos-Obed-Perez-Montes-judicializado-por-su-presunta-responsabilidad-en-el-delito-de-tentativa-de-homicidio.jpeg","width":962,"height":1302,"caption":"Carlos Obed P\u00e9rez Montes, fue judicializado por su presunta responsabilidad en el delito de homicidio y enviado a la c\u00e1rcel"},{"@type":"BreadcrumbList","@id":"https:\/\/www.fiscalia.gov.co\/colombia\/noticias\/hombre-que-estaria-involucrado-en-atentado-contra-la-vida-de-ciudadano-en-anserma-caldas-fue-judicializado\/#breadcrumb","itemListElement":[{"@type":"ListItem","position":1,"name":"Home","item":"https:\/\/www.fiscalia.gov.co\/colombia\/"},{"@type":"ListItem","position":2,"name":"Hombre que estar\u00eda involucrado en atentado contra la vida de ciudadano en Anserma (Caldas) fue judicializado"}]},{"@type":"WebSite","@id":"https:\/\/www.fiscalia.gov.co\/colombia\/#website","url":"https:\/\/www.fiscalia.gov.co\/colombia\/","name":"Fiscal\u00eda General de la Naci\u00f3n","description":"P\u00e1gina oficial de la Fiscal\u00eda General de la Naci\u00f3n \u2013 Colombia. Garantizamos el acceso efectivo a la justicia, la verdad y la reparaci\u00f3n de las v\u00edctimas de los delitos.","publisher":{"@id":"https:\/\/www.fiscalia.gov.co\/colombia\/#organization"},"potentialAction":[{"@type":"SearchAction","target":{"@type":"EntryPoint","urlTemplate":"https:\/\/www.fiscalia.gov.co\/colombia\/?s={search_term_string}"},"query-input":{"@type":"PropertyValueSpecification","valueRequired":true,"valueName":"search_term_string"}}],"inLanguage":"es-CO"},{"@type":"Organization","@id":"https:\/\/www.fiscalia.gov.co\/colombia\/#organization","name":"Fiscal\u00eda General de la Naci\u00f3n","url":"https:\/\/www.fiscalia.gov.co\/colombia\/","logo":{"@type":"ImageObject","inLanguage":"es-CO","@id":"https:\/\/www.fiscalia.gov.co\/colombia\/#\/schema\/logo\/image\/","url":"https:\/\/www.fiscalia.gov.co\/colombia\/wp-content\/uploads\/LogoHorizontal_1.jpg","contentUrl":"https:\/\/www.fiscalia.gov.co\/colombia\/wp-content\/uploads\/LogoHorizontal_1.jpg","width":300,"height":90,"caption":"Fiscal\u00eda General de la Naci\u00f3n"},"image":{"@id":"https:\/\/www.fiscalia.gov.co\/colombia\/#\/schema\/logo\/image\/"},"sameAs":["https:\/\/www.facebook.com\/FiscaliaCol","https:\/\/x.com\/FiscaliaCol","https:\/\/www.instagram.com\/fiscaliacol","https:\/\/www.linkedin.com\/company\/fiscalia-general-de-la-naci-n\/","https:\/\/youtube.com\/@fiscaliageneraldelanacion-4668?si=6nN79nyQICPU5iTh"]},{"@type":"Person","@id":"https:\/\/www.fiscalia.gov.co\/colombia\/#\/schema\/person\/ba9eca435947489fb25117a0cd75bf3e","name":"Johanna Islenny Prieto Pe\u00f1a","image":{"@type":"ImageObject","inLanguage":"es-CO","@id":"https:\/\/www.fiscalia.gov.co\/colombia\/#\/schema\/person\/image\/","url":"https:\/\/secure.gravatar.com\/avatar\/111433fc2acb037ffb768f6a3ca47864?s=96&d=mm&r=g","contentUrl":"https:\/\/secure.gravatar.com\/avatar\/111433fc2acb037ffb768f6a3ca47864?s=96&d=mm&r=g","caption":"Johanna Islenny Prieto Pe\u00f1a"},"url":"https:\/\/www.fiscalia.gov.co\/colombia\/author\/jprietop\/"}]}},"_links":{"self":[{"href":"https:\/\/www.fiscalia.gov.co\/colombia\/wp-json\/wp\/v2\/posts\/327504","targetHints":{"allow":["GET"]}}],"collection":[{"href":"https:\/\/www.fiscalia.gov.co\/colombia\/wp-json\/wp\/v2\/posts"}],"about":[{"href":"https:\/\/www.fiscalia.gov.co\/colombia\/wp-json\/wp\/v2\/types\/post"}],"author":[{"embeddable":true,"href":"https:\/\/www.fiscalia.gov.co\/colombia\/wp-json\/wp\/v2\/users\/181"}],"replies":[{"embeddable":true,"href":"https:\/\/www.fiscalia.gov.co\/colombia\/wp-json\/wp\/v2\/comments?post=327504"}],"version-history":[{"count":1,"href":"https:\/\/www.fiscalia.gov.co\/colombia\/wp-json\/wp\/v2\/posts\/327504\/revisions"}],"predecessor-version":[{"id":327511,"href":"https:\/\/www.fiscalia.gov.co\/colombia\/wp-json\/wp\/v2\/posts\/327504\/revisions\/327511"}],"wp:attachment":[{"href":"https:\/\/www.fiscalia.gov.co\/colombia\/wp-json\/wp\/v2\/media?parent=327504"}],"wp:term":[{"taxonomy":"category","embeddable":true,"href":"https:\/\/www.fiscalia.gov.co\/colombia\/wp-json\/wp\/v2\/categories?post=327504"},{"taxonomy":"post_tag","embeddable":true,"href":"https:\/\/www.fiscalia.gov.co\/colombia\/wp-json\/wp\/v2\/tags?post=327504"}],"curies":[{"name":"wp","href":"https:\/\/api.w.org\/{rel}","templated":true}]}}