{"id":327498,"date":"2025-11-21T09:42:44","date_gmt":"2025-11-21T14:42:44","guid":{"rendered":"https:\/\/www.fiscalia.gov.co\/colombia\/?p=327498"},"modified":"2025-11-21T09:42:45","modified_gmt":"2025-11-21T14:42:45","slug":"en-cali-envian-a-la-carcel-a-un-hombre-senalado-de-suplantar-a-otra-persona-para-hurtar-una-millonaria-suma-a-traves-de-medios-informaticos","status":"publish","type":"post","link":"https:\/\/www.fiscalia.gov.co\/colombia\/noticias\/en-cali-envian-a-la-carcel-a-un-hombre-senalado-de-suplantar-a-otra-persona-para-hurtar-una-millonaria-suma-a-traves-de-medios-informaticos\/","title":{"rendered":"En Cali env\u00edan a la c\u00e1rcel a un hombre se\u00f1alado de suplantar a otra persona para hurtar una millonaria suma a trav\u00e9s de medios inform\u00e1ticos"},"content":{"rendered":"<p>La Fiscal\u00eda General de la Naci\u00f3n, a trav\u00e9s de la Seccional Cali, judicializ\u00f3 a Juan Carlos Serrano Segura se\u00f1alado de, entre el 13 y 19 de diciembre de 2023, haber suplantado a otra persona para solicitar un cr\u00e9dito y apropiarse de una millonaria suma.<\/p>\n<p>Los elementos materiales probatorios recaudados evidenciaron c\u00f3mo el procesado habr\u00eda defraudado<strong> una entidad financiera, mediante la utilizaci\u00f3n de un documento de identidad falsificado.<\/strong> Se cree que el investigado accedi\u00f3 al canal transaccional de la v\u00edctima y tramit\u00f3 tarjetas de cr\u00e9dito, adem\u00e1s de un cr\u00e9dito <i>express<\/i>\u00a0para posteriormente retirar m\u00e1s de 250 millones de pesos.<\/p>\n<figure id=\"attachment_327499\" aria-describedby=\"caption-attachment-327499\" style=\"width: 300px\" class=\"wp-caption alignnone\"><img loading=\"lazy\" decoding=\"async\" class=\"size-medium wp-image-327499\" src=\"https:\/\/www.fiscalia.gov.co\/colombia\/wp-content\/uploads\/Juan-Carlos-Serrano-Segura.-Hurto-por-medios-informaticos-y-semejantes-y-otros.-Cali-Valle.-1-300x234.jpg\" alt=\"En la fotograf\u00eda aparece de pie, cabeza inclinada hacia delante, con los brazos adelante y esposado Juan Carlos Serrano Segura. Viste con camiseta, de mangas cortas, de color gris, con estampado rojo y letras blancas a la altura del pecho; usa gorra de color blanco, jean azul desgastado y zapatillas negras. En los extremos del imputado hay uniformados de la Polic\u00eda Nacional. Detr\u00e1s de ellos hay un pend\u00f3n institucional de la Polic\u00eda.\" width=\"300\" height=\"234\" srcset=\"https:\/\/www.fiscalia.gov.co\/colombia\/wp-content\/uploads\/Juan-Carlos-Serrano-Segura.-Hurto-por-medios-informaticos-y-semejantes-y-otros.-Cali-Valle.-1-300x234.jpg 300w, https:\/\/www.fiscalia.gov.co\/colombia\/wp-content\/uploads\/Juan-Carlos-Serrano-Segura.-Hurto-por-medios-informaticos-y-semejantes-y-otros.-Cali-Valle.-1-1024x799.jpg 1024w, https:\/\/www.fiscalia.gov.co\/colombia\/wp-content\/uploads\/Juan-Carlos-Serrano-Segura.-Hurto-por-medios-informaticos-y-semejantes-y-otros.-Cali-Valle.-1-768x599.jpg 768w, https:\/\/www.fiscalia.gov.co\/colombia\/wp-content\/uploads\/Juan-Carlos-Serrano-Segura.-Hurto-por-medios-informaticos-y-semejantes-y-otros.-Cali-Valle.-1-1536x1198.jpg 1536w, https:\/\/www.fiscalia.gov.co\/colombia\/wp-content\/uploads\/Juan-Carlos-Serrano-Segura.-Hurto-por-medios-informaticos-y-semejantes-y-otros.-Cali-Valle.-1-538x420.jpg 538w, https:\/\/www.fiscalia.gov.co\/colombia\/wp-content\/uploads\/Juan-Carlos-Serrano-Segura.-Hurto-por-medios-informaticos-y-semejantes-y-otros.-Cali-Valle.-1-696x543.jpg 696w, https:\/\/www.fiscalia.gov.co\/colombia\/wp-content\/uploads\/Juan-Carlos-Serrano-Segura.-Hurto-por-medios-informaticos-y-semejantes-y-otros.-Cali-Valle.-1-1068x833.jpg 1068w, https:\/\/www.fiscalia.gov.co\/colombia\/wp-content\/uploads\/Juan-Carlos-Serrano-Segura.-Hurto-por-medios-informaticos-y-semejantes-y-otros.-Cali-Valle.-1.jpg 1600w\" sizes=\"auto, (max-width: 300px) 100vw, 300px\" \/><figcaption id=\"caption-attachment-327499\" class=\"wp-caption-text\">Juan Carlos Serrano Segura.<\/figcaption><\/figure>\n<p>La captura del procesado <strong>estuvo a cargo de la Sij\u00edn de la Polic\u00eda Nacional en una v\u00eda p\u00fablica de Bogot\u00e1, el pasado 13 de noviembre.<\/strong><\/p>\n<p>Un fiscal local imput\u00f3 a Serrano Segura como presunto responsable de los delitos de hurto por medios inform\u00e1ticos y semejantes, <strong>transferencia no consentida de activos y uso de documento falso.<\/strong><\/p>\n<p>Por decisi\u00f3n judicial, un juez de control de garant\u00edas priv\u00f3 de la libertad a Serrano Segura en centro carcelario.<\/p>\n<p>MAP\/DSC\/MAGA<\/p>\n<p>&nbsp;<\/p>\n<p>&nbsp;<\/p>\n<p>&nbsp;<\/p>\n<p>&nbsp;<\/p>\n<p><i>La informaci\u00f3n contenida en este bolet\u00edn de prensa corresponde a la narraci\u00f3n de los hechos noticiosos objetivos, suministrados por los funcionarios encargados de adelantar las investigaciones penales al interior de la Fiscal\u00eda General de la Naci\u00f3n. Para el momento de la divulgaci\u00f3n de este comunicado, la situaci\u00f3n jur\u00eddica de la(s) persona(s) relacionada(s) se encuentra pendiente de resolver por la autoridad judicial competente, siempre bajo los preceptos de la presunci\u00f3n de inocencia, consagrados en el art\u00edculo 29 de la Constituci\u00f3n Pol\u00edtica y el art\u00edculo 7\u00ba de la Ley 906 de 2004.<\/i><\/p>\n<div aria-hidden=\"true\"><\/div>\n\n<div class=\"twitter-share\"><a href=\"https:\/\/twitter.com\/intent\/tweet?via=fiscaliacol\" class=\"twitter-share-button\">Tweet<\/a><\/div>\n","protected":false},"excerpt":{"rendered":"<p>La Fiscal\u00eda General de la Naci\u00f3n, a trav\u00e9s de la Seccional Cali, judicializ\u00f3 a Juan Carlos Serrano Segura se\u00f1alado de, entre el 13 y 19 de diciembre de 2023, haber suplantado a otra persona para solicitar un cr\u00e9dito y apropiarse de una millonaria suma. Los elementos materiales probatorios recaudados evidenciaron c\u00f3mo el procesado habr\u00eda defraudado [&hellip;]<\/p>\n","protected":false},"author":181,"featured_media":0,"comment_status":"closed","ping_status":"open","sticky":false,"template":"","format":"standard","meta":{"_price":"","_stock":"","_tribe_ticket_header":"","_tribe_default_ticket_provider":"","_tribe_ticket_capacity":"0","_ticket_start_date":"","_ticket_end_date":"","_tribe_ticket_show_description":"","_tribe_ticket_show_not_going":false,"_tribe_ticket_use_global_stock":"","_tribe_ticket_global_stock_level":"","_global_stock_mode":"","_global_stock_cap":"","_tribe_rsvp_for_event":"","_tribe_ticket_going_count":"","_tribe_ticket_not_going_count":"","_tribe_tickets_list":"[]","_tribe_ticket_has_attendee_info_fields":false,"tdm_status":"","tdm_grid_status":"","footnotes":""},"categories":[1,24099],"tags":[37492,4614,24187,1047],"class_list":{"0":"post-327498","1":"post","2":"type-post","3":"status-publish","4":"format-standard","6":"category-noticias","7":"category-seguridad-territorial","8":"tag-fiscal-luz-adriana-camargo","9":"tag-fiscalia-2","10":"tag-fiscalia-colombia","11":"tag-fiscalia-general-de-la-nacion"},"yoast_head":"<!-- This site is optimized with the Yoast SEO plugin v24.3 - https:\/\/yoast.com\/wordpress\/plugins\/seo\/ -->\n<title>Fiscal\u00eda General de la Naci\u00f3n<\/title>\n<meta name=\"description\" content=\"P\u00e1gina oficial de la Fiscal\u00eda General de la Naci\u00f3n \u2013 Colombia. Garantizamos el acceso efectivo a la justicia, la verdad y la reparaci\u00f3n de las v\u00edctimas de los delitos.\" \/>\n<meta name=\"robots\" content=\"noindex, follow\" \/>\n<meta property=\"og:locale\" content=\"es_ES\" \/>\n<meta property=\"og:type\" content=\"article\" \/>\n<meta property=\"og:title\" content=\"Fiscal\u00eda General de la Naci\u00f3n\" \/>\n<meta property=\"og:description\" content=\"P\u00e1gina oficial de la Fiscal\u00eda General de la Naci\u00f3n \u2013 Colombia. Garantizamos el acceso efectivo a la justicia, la verdad y la reparaci\u00f3n de las v\u00edctimas de los delitos.\" \/>\n<meta property=\"og:url\" content=\"https:\/\/www.fiscalia.gov.co\/colombia\/noticias\/en-cali-envian-a-la-carcel-a-un-hombre-senalado-de-suplantar-a-otra-persona-para-hurtar-una-millonaria-suma-a-traves-de-medios-informaticos\/\" \/>\n<meta property=\"og:site_name\" content=\"Fiscal\u00eda General de la Naci\u00f3n\" \/>\n<meta property=\"article:publisher\" content=\"https:\/\/www.facebook.com\/FiscaliaCol\" \/>\n<meta property=\"article:published_time\" content=\"2025-11-21T14:42:44+00:00\" \/>\n<meta property=\"article:modified_time\" content=\"2025-11-21T14:42:45+00:00\" \/>\n<meta property=\"og:image\" content=\"https:\/\/www.fiscalia.gov.co\/colombia\/wp-content\/uploads\/Juan-Carlos-Serrano-Segura.-Hurto-por-medios-informaticos-y-semejantes-y-otros.-Cali-Valle.-1.jpg\" \/>\n\t<meta property=\"og:image:width\" content=\"1600\" \/>\n\t<meta property=\"og:image:height\" content=\"1248\" \/>\n\t<meta property=\"og:image:type\" content=\"image\/jpeg\" \/>\n<meta name=\"author\" content=\"Johanna Islenny Prieto Pe\u00f1a\" \/>\n<meta name=\"twitter:card\" content=\"summary_large_image\" \/>\n<meta name=\"twitter:creator\" content=\"@FiscaliaCol\" \/>\n<meta name=\"twitter:site\" content=\"@FiscaliaCol\" \/>\n<meta name=\"twitter:label1\" content=\"Escrito por\" \/>\n\t<meta name=\"twitter:data1\" content=\"Johanna Islenny Prieto Pe\u00f1a\" \/>\n\t<meta name=\"twitter:label2\" content=\"Tiempo de lectura\" \/>\n\t<meta name=\"twitter:data2\" content=\"2 minutos\" \/>\n<script type=\"application\/ld+json\" class=\"yoast-schema-graph\">{\"@context\":\"https:\/\/schema.org\",\"@graph\":[{\"@type\":\"Article\",\"@id\":\"https:\/\/www.fiscalia.gov.co\/colombia\/noticias\/en-cali-envian-a-la-carcel-a-un-hombre-senalado-de-suplantar-a-otra-persona-para-hurtar-una-millonaria-suma-a-traves-de-medios-informaticos\/#article\",\"isPartOf\":{\"@id\":\"https:\/\/www.fiscalia.gov.co\/colombia\/noticias\/en-cali-envian-a-la-carcel-a-un-hombre-senalado-de-suplantar-a-otra-persona-para-hurtar-una-millonaria-suma-a-traves-de-medios-informaticos\/\"},\"author\":{\"name\":\"Johanna Islenny Prieto Pe\u00f1a\",\"@id\":\"https:\/\/www.fiscalia.gov.co\/colombia\/#\/schema\/person\/ba9eca435947489fb25117a0cd75bf3e\"},\"headline\":\"En Cali env\u00edan a la c\u00e1rcel a un hombre se\u00f1alado de suplantar a otra persona para hurtar una millonaria suma a trav\u00e9s de medios inform\u00e1ticos\",\"datePublished\":\"2025-11-21T14:42:44+00:00\",\"dateModified\":\"2025-11-21T14:42:45+00:00\",\"mainEntityOfPage\":{\"@id\":\"https:\/\/www.fiscalia.gov.co\/colombia\/noticias\/en-cali-envian-a-la-carcel-a-un-hombre-senalado-de-suplantar-a-otra-persona-para-hurtar-una-millonaria-suma-a-traves-de-medios-informaticos\/\"},\"wordCount\":337,\"publisher\":{\"@id\":\"https:\/\/www.fiscalia.gov.co\/colombia\/#organization\"},\"image\":{\"@id\":\"https:\/\/www.fiscalia.gov.co\/colombia\/noticias\/en-cali-envian-a-la-carcel-a-un-hombre-senalado-de-suplantar-a-otra-persona-para-hurtar-una-millonaria-suma-a-traves-de-medios-informaticos\/#primaryimage\"},\"thumbnailUrl\":\"https:\/\/www.fiscalia.gov.co\/colombia\/wp-content\/uploads\/Juan-Carlos-Serrano-Segura.-Hurto-por-medios-informaticos-y-semejantes-y-otros.-Cali-Valle.-1-300x234.jpg\",\"keywords\":[\"Fiscal Luz Adriana Camargo\",\"Fiscal\u00eda\",\"Fiscal\u00eda Colombia\",\"Fiscal\u00eda General de la Naci\u00f3n\"],\"articleSection\":[\"Noticias\",\"Seguridad territorial\"],\"inLanguage\":\"es-CO\"},{\"@type\":\"WebPage\",\"@id\":\"https:\/\/www.fiscalia.gov.co\/colombia\/noticias\/en-cali-envian-a-la-carcel-a-un-hombre-senalado-de-suplantar-a-otra-persona-para-hurtar-una-millonaria-suma-a-traves-de-medios-informaticos\/\",\"url\":\"https:\/\/www.fiscalia.gov.co\/colombia\/noticias\/en-cali-envian-a-la-carcel-a-un-hombre-senalado-de-suplantar-a-otra-persona-para-hurtar-una-millonaria-suma-a-traves-de-medios-informaticos\/\",\"name\":\"Fiscal\u00eda General de la Naci\u00f3n\",\"isPartOf\":{\"@id\":\"https:\/\/www.fiscalia.gov.co\/colombia\/#website\"},\"primaryImageOfPage\":{\"@id\":\"https:\/\/www.fiscalia.gov.co\/colombia\/noticias\/en-cali-envian-a-la-carcel-a-un-hombre-senalado-de-suplantar-a-otra-persona-para-hurtar-una-millonaria-suma-a-traves-de-medios-informaticos\/#primaryimage\"},\"image\":{\"@id\":\"https:\/\/www.fiscalia.gov.co\/colombia\/noticias\/en-cali-envian-a-la-carcel-a-un-hombre-senalado-de-suplantar-a-otra-persona-para-hurtar-una-millonaria-suma-a-traves-de-medios-informaticos\/#primaryimage\"},\"thumbnailUrl\":\"https:\/\/www.fiscalia.gov.co\/colombia\/wp-content\/uploads\/Juan-Carlos-Serrano-Segura.-Hurto-por-medios-informaticos-y-semejantes-y-otros.-Cali-Valle.-1-300x234.jpg\",\"datePublished\":\"2025-11-21T14:42:44+00:00\",\"dateModified\":\"2025-11-21T14:42:45+00:00\",\"description\":\"P\u00e1gina oficial de la Fiscal\u00eda General de la Naci\u00f3n \u2013 Colombia. Garantizamos el acceso efectivo a la justicia, la verdad y la reparaci\u00f3n de las v\u00edctimas de los delitos.\",\"breadcrumb\":{\"@id\":\"https:\/\/www.fiscalia.gov.co\/colombia\/noticias\/en-cali-envian-a-la-carcel-a-un-hombre-senalado-de-suplantar-a-otra-persona-para-hurtar-una-millonaria-suma-a-traves-de-medios-informaticos\/#breadcrumb\"},\"inLanguage\":\"es-CO\",\"potentialAction\":[{\"@type\":\"ReadAction\",\"target\":[\"https:\/\/www.fiscalia.gov.co\/colombia\/noticias\/en-cali-envian-a-la-carcel-a-un-hombre-senalado-de-suplantar-a-otra-persona-para-hurtar-una-millonaria-suma-a-traves-de-medios-informaticos\/\"]}]},{\"@type\":\"ImageObject\",\"inLanguage\":\"es-CO\",\"@id\":\"https:\/\/www.fiscalia.gov.co\/colombia\/noticias\/en-cali-envian-a-la-carcel-a-un-hombre-senalado-de-suplantar-a-otra-persona-para-hurtar-una-millonaria-suma-a-traves-de-medios-informaticos\/#primaryimage\",\"url\":\"https:\/\/www.fiscalia.gov.co\/colombia\/wp-content\/uploads\/Juan-Carlos-Serrano-Segura.-Hurto-por-medios-informaticos-y-semejantes-y-otros.-Cali-Valle.-1.jpg\",\"contentUrl\":\"https:\/\/www.fiscalia.gov.co\/colombia\/wp-content\/uploads\/Juan-Carlos-Serrano-Segura.-Hurto-por-medios-informaticos-y-semejantes-y-otros.-Cali-Valle.-1.jpg\",\"width\":1600,\"height\":1248,\"caption\":\"Juan Carlos Serrano Segura.\"},{\"@type\":\"BreadcrumbList\",\"@id\":\"https:\/\/www.fiscalia.gov.co\/colombia\/noticias\/en-cali-envian-a-la-carcel-a-un-hombre-senalado-de-suplantar-a-otra-persona-para-hurtar-una-millonaria-suma-a-traves-de-medios-informaticos\/#breadcrumb\",\"itemListElement\":[{\"@type\":\"ListItem\",\"position\":1,\"name\":\"Home\",\"item\":\"https:\/\/www.fiscalia.gov.co\/colombia\/\"},{\"@type\":\"ListItem\",\"position\":2,\"name\":\"En Cali env\u00edan a la c\u00e1rcel a un hombre se\u00f1alado de suplantar a otra persona para hurtar una millonaria suma a trav\u00e9s de medios inform\u00e1ticos\"}]},{\"@type\":\"WebSite\",\"@id\":\"https:\/\/www.fiscalia.gov.co\/colombia\/#website\",\"url\":\"https:\/\/www.fiscalia.gov.co\/colombia\/\",\"name\":\"Fiscal\u00eda General de la Naci\u00f3n\",\"description\":\"P\u00e1gina oficial de la Fiscal\u00eda General de la Naci\u00f3n \u2013 Colombia. Garantizamos el acceso efectivo a la justicia, la verdad y la reparaci\u00f3n de las v\u00edctimas de los delitos.\",\"publisher\":{\"@id\":\"https:\/\/www.fiscalia.gov.co\/colombia\/#organization\"},\"potentialAction\":[{\"@type\":\"SearchAction\",\"target\":{\"@type\":\"EntryPoint\",\"urlTemplate\":\"https:\/\/www.fiscalia.gov.co\/colombia\/?s={search_term_string}\"},\"query-input\":{\"@type\":\"PropertyValueSpecification\",\"valueRequired\":true,\"valueName\":\"search_term_string\"}}],\"inLanguage\":\"es-CO\"},{\"@type\":\"Organization\",\"@id\":\"https:\/\/www.fiscalia.gov.co\/colombia\/#organization\",\"name\":\"Fiscal\u00eda General de la Naci\u00f3n\",\"url\":\"https:\/\/www.fiscalia.gov.co\/colombia\/\",\"logo\":{\"@type\":\"ImageObject\",\"inLanguage\":\"es-CO\",\"@id\":\"https:\/\/www.fiscalia.gov.co\/colombia\/#\/schema\/logo\/image\/\",\"url\":\"https:\/\/www.fiscalia.gov.co\/colombia\/wp-content\/uploads\/LogoHorizontal_1.jpg\",\"contentUrl\":\"https:\/\/www.fiscalia.gov.co\/colombia\/wp-content\/uploads\/LogoHorizontal_1.jpg\",\"width\":300,\"height\":90,\"caption\":\"Fiscal\u00eda General de la Naci\u00f3n\"},\"image\":{\"@id\":\"https:\/\/www.fiscalia.gov.co\/colombia\/#\/schema\/logo\/image\/\"},\"sameAs\":[\"https:\/\/www.facebook.com\/FiscaliaCol\",\"https:\/\/x.com\/FiscaliaCol\",\"https:\/\/www.instagram.com\/fiscaliacol\",\"https:\/\/www.linkedin.com\/company\/fiscalia-general-de-la-naci-n\/\",\"https:\/\/youtube.com\/@fiscaliageneraldelanacion-4668?si=6nN79nyQICPU5iTh\"]},{\"@type\":\"Person\",\"@id\":\"https:\/\/www.fiscalia.gov.co\/colombia\/#\/schema\/person\/ba9eca435947489fb25117a0cd75bf3e\",\"name\":\"Johanna Islenny Prieto Pe\u00f1a\",\"image\":{\"@type\":\"ImageObject\",\"inLanguage\":\"es-CO\",\"@id\":\"https:\/\/www.fiscalia.gov.co\/colombia\/#\/schema\/person\/image\/\",\"url\":\"https:\/\/secure.gravatar.com\/avatar\/111433fc2acb037ffb768f6a3ca47864?s=96&d=mm&r=g\",\"contentUrl\":\"https:\/\/secure.gravatar.com\/avatar\/111433fc2acb037ffb768f6a3ca47864?s=96&d=mm&r=g\",\"caption\":\"Johanna Islenny Prieto Pe\u00f1a\"},\"url\":\"https:\/\/www.fiscalia.gov.co\/colombia\/author\/jprietop\/\"}]}<\/script>\n<!-- \/ Yoast SEO plugin. -->","yoast_head_json":{"title":"Fiscal\u00eda General de la Naci\u00f3n","description":"P\u00e1gina oficial de la Fiscal\u00eda General de la Naci\u00f3n \u2013 Colombia. Garantizamos el acceso efectivo a la justicia, la verdad y la reparaci\u00f3n de las v\u00edctimas de los delitos.","robots":{"index":"noindex","follow":"follow"},"og_locale":"es_ES","og_type":"article","og_title":"Fiscal\u00eda General de la Naci\u00f3n","og_description":"P\u00e1gina oficial de la Fiscal\u00eda General de la Naci\u00f3n \u2013 Colombia. Garantizamos el acceso efectivo a la justicia, la verdad y la reparaci\u00f3n de las v\u00edctimas de los delitos.","og_url":"https:\/\/www.fiscalia.gov.co\/colombia\/noticias\/en-cali-envian-a-la-carcel-a-un-hombre-senalado-de-suplantar-a-otra-persona-para-hurtar-una-millonaria-suma-a-traves-de-medios-informaticos\/","og_site_name":"Fiscal\u00eda General de la Naci\u00f3n","article_publisher":"https:\/\/www.facebook.com\/FiscaliaCol","article_published_time":"2025-11-21T14:42:44+00:00","article_modified_time":"2025-11-21T14:42:45+00:00","og_image":[{"width":1600,"height":1248,"url":"https:\/\/www.fiscalia.gov.co\/colombia\/wp-content\/uploads\/Juan-Carlos-Serrano-Segura.-Hurto-por-medios-informaticos-y-semejantes-y-otros.-Cali-Valle.-1.jpg","type":"image\/jpeg"}],"author":"Johanna Islenny Prieto Pe\u00f1a","twitter_card":"summary_large_image","twitter_creator":"@FiscaliaCol","twitter_site":"@FiscaliaCol","twitter_misc":{"Escrito por":"Johanna Islenny Prieto Pe\u00f1a","Tiempo de lectura":"2 minutos"},"schema":{"@context":"https:\/\/schema.org","@graph":[{"@type":"Article","@id":"https:\/\/www.fiscalia.gov.co\/colombia\/noticias\/en-cali-envian-a-la-carcel-a-un-hombre-senalado-de-suplantar-a-otra-persona-para-hurtar-una-millonaria-suma-a-traves-de-medios-informaticos\/#article","isPartOf":{"@id":"https:\/\/www.fiscalia.gov.co\/colombia\/noticias\/en-cali-envian-a-la-carcel-a-un-hombre-senalado-de-suplantar-a-otra-persona-para-hurtar-una-millonaria-suma-a-traves-de-medios-informaticos\/"},"author":{"name":"Johanna Islenny Prieto Pe\u00f1a","@id":"https:\/\/www.fiscalia.gov.co\/colombia\/#\/schema\/person\/ba9eca435947489fb25117a0cd75bf3e"},"headline":"En Cali env\u00edan a la c\u00e1rcel a un hombre se\u00f1alado de suplantar a otra persona para hurtar una millonaria suma a trav\u00e9s de medios inform\u00e1ticos","datePublished":"2025-11-21T14:42:44+00:00","dateModified":"2025-11-21T14:42:45+00:00","mainEntityOfPage":{"@id":"https:\/\/www.fiscalia.gov.co\/colombia\/noticias\/en-cali-envian-a-la-carcel-a-un-hombre-senalado-de-suplantar-a-otra-persona-para-hurtar-una-millonaria-suma-a-traves-de-medios-informaticos\/"},"wordCount":337,"publisher":{"@id":"https:\/\/www.fiscalia.gov.co\/colombia\/#organization"},"image":{"@id":"https:\/\/www.fiscalia.gov.co\/colombia\/noticias\/en-cali-envian-a-la-carcel-a-un-hombre-senalado-de-suplantar-a-otra-persona-para-hurtar-una-millonaria-suma-a-traves-de-medios-informaticos\/#primaryimage"},"thumbnailUrl":"https:\/\/www.fiscalia.gov.co\/colombia\/wp-content\/uploads\/Juan-Carlos-Serrano-Segura.-Hurto-por-medios-informaticos-y-semejantes-y-otros.-Cali-Valle.-1-300x234.jpg","keywords":["Fiscal Luz Adriana Camargo","Fiscal\u00eda","Fiscal\u00eda Colombia","Fiscal\u00eda General de la Naci\u00f3n"],"articleSection":["Noticias","Seguridad territorial"],"inLanguage":"es-CO"},{"@type":"WebPage","@id":"https:\/\/www.fiscalia.gov.co\/colombia\/noticias\/en-cali-envian-a-la-carcel-a-un-hombre-senalado-de-suplantar-a-otra-persona-para-hurtar-una-millonaria-suma-a-traves-de-medios-informaticos\/","url":"https:\/\/www.fiscalia.gov.co\/colombia\/noticias\/en-cali-envian-a-la-carcel-a-un-hombre-senalado-de-suplantar-a-otra-persona-para-hurtar-una-millonaria-suma-a-traves-de-medios-informaticos\/","name":"Fiscal\u00eda General de la Naci\u00f3n","isPartOf":{"@id":"https:\/\/www.fiscalia.gov.co\/colombia\/#website"},"primaryImageOfPage":{"@id":"https:\/\/www.fiscalia.gov.co\/colombia\/noticias\/en-cali-envian-a-la-carcel-a-un-hombre-senalado-de-suplantar-a-otra-persona-para-hurtar-una-millonaria-suma-a-traves-de-medios-informaticos\/#primaryimage"},"image":{"@id":"https:\/\/www.fiscalia.gov.co\/colombia\/noticias\/en-cali-envian-a-la-carcel-a-un-hombre-senalado-de-suplantar-a-otra-persona-para-hurtar-una-millonaria-suma-a-traves-de-medios-informaticos\/#primaryimage"},"thumbnailUrl":"https:\/\/www.fiscalia.gov.co\/colombia\/wp-content\/uploads\/Juan-Carlos-Serrano-Segura.-Hurto-por-medios-informaticos-y-semejantes-y-otros.-Cali-Valle.-1-300x234.jpg","datePublished":"2025-11-21T14:42:44+00:00","dateModified":"2025-11-21T14:42:45+00:00","description":"P\u00e1gina oficial de la Fiscal\u00eda General de la Naci\u00f3n \u2013 Colombia. Garantizamos el acceso efectivo a la justicia, la verdad y la reparaci\u00f3n de las v\u00edctimas de los delitos.","breadcrumb":{"@id":"https:\/\/www.fiscalia.gov.co\/colombia\/noticias\/en-cali-envian-a-la-carcel-a-un-hombre-senalado-de-suplantar-a-otra-persona-para-hurtar-una-millonaria-suma-a-traves-de-medios-informaticos\/#breadcrumb"},"inLanguage":"es-CO","potentialAction":[{"@type":"ReadAction","target":["https:\/\/www.fiscalia.gov.co\/colombia\/noticias\/en-cali-envian-a-la-carcel-a-un-hombre-senalado-de-suplantar-a-otra-persona-para-hurtar-una-millonaria-suma-a-traves-de-medios-informaticos\/"]}]},{"@type":"ImageObject","inLanguage":"es-CO","@id":"https:\/\/www.fiscalia.gov.co\/colombia\/noticias\/en-cali-envian-a-la-carcel-a-un-hombre-senalado-de-suplantar-a-otra-persona-para-hurtar-una-millonaria-suma-a-traves-de-medios-informaticos\/#primaryimage","url":"https:\/\/www.fiscalia.gov.co\/colombia\/wp-content\/uploads\/Juan-Carlos-Serrano-Segura.-Hurto-por-medios-informaticos-y-semejantes-y-otros.-Cali-Valle.-1.jpg","contentUrl":"https:\/\/www.fiscalia.gov.co\/colombia\/wp-content\/uploads\/Juan-Carlos-Serrano-Segura.-Hurto-por-medios-informaticos-y-semejantes-y-otros.-Cali-Valle.-1.jpg","width":1600,"height":1248,"caption":"Juan Carlos Serrano Segura."},{"@type":"BreadcrumbList","@id":"https:\/\/www.fiscalia.gov.co\/colombia\/noticias\/en-cali-envian-a-la-carcel-a-un-hombre-senalado-de-suplantar-a-otra-persona-para-hurtar-una-millonaria-suma-a-traves-de-medios-informaticos\/#breadcrumb","itemListElement":[{"@type":"ListItem","position":1,"name":"Home","item":"https:\/\/www.fiscalia.gov.co\/colombia\/"},{"@type":"ListItem","position":2,"name":"En Cali env\u00edan a la c\u00e1rcel a un hombre se\u00f1alado de suplantar a otra persona para hurtar una millonaria suma a trav\u00e9s de medios inform\u00e1ticos"}]},{"@type":"WebSite","@id":"https:\/\/www.fiscalia.gov.co\/colombia\/#website","url":"https:\/\/www.fiscalia.gov.co\/colombia\/","name":"Fiscal\u00eda General de la Naci\u00f3n","description":"P\u00e1gina oficial de la Fiscal\u00eda General de la Naci\u00f3n \u2013 Colombia. Garantizamos el acceso efectivo a la justicia, la verdad y la reparaci\u00f3n de las v\u00edctimas de los delitos.","publisher":{"@id":"https:\/\/www.fiscalia.gov.co\/colombia\/#organization"},"potentialAction":[{"@type":"SearchAction","target":{"@type":"EntryPoint","urlTemplate":"https:\/\/www.fiscalia.gov.co\/colombia\/?s={search_term_string}"},"query-input":{"@type":"PropertyValueSpecification","valueRequired":true,"valueName":"search_term_string"}}],"inLanguage":"es-CO"},{"@type":"Organization","@id":"https:\/\/www.fiscalia.gov.co\/colombia\/#organization","name":"Fiscal\u00eda General de la Naci\u00f3n","url":"https:\/\/www.fiscalia.gov.co\/colombia\/","logo":{"@type":"ImageObject","inLanguage":"es-CO","@id":"https:\/\/www.fiscalia.gov.co\/colombia\/#\/schema\/logo\/image\/","url":"https:\/\/www.fiscalia.gov.co\/colombia\/wp-content\/uploads\/LogoHorizontal_1.jpg","contentUrl":"https:\/\/www.fiscalia.gov.co\/colombia\/wp-content\/uploads\/LogoHorizontal_1.jpg","width":300,"height":90,"caption":"Fiscal\u00eda General de la Naci\u00f3n"},"image":{"@id":"https:\/\/www.fiscalia.gov.co\/colombia\/#\/schema\/logo\/image\/"},"sameAs":["https:\/\/www.facebook.com\/FiscaliaCol","https:\/\/x.com\/FiscaliaCol","https:\/\/www.instagram.com\/fiscaliacol","https:\/\/www.linkedin.com\/company\/fiscalia-general-de-la-naci-n\/","https:\/\/youtube.com\/@fiscaliageneraldelanacion-4668?si=6nN79nyQICPU5iTh"]},{"@type":"Person","@id":"https:\/\/www.fiscalia.gov.co\/colombia\/#\/schema\/person\/ba9eca435947489fb25117a0cd75bf3e","name":"Johanna Islenny Prieto Pe\u00f1a","image":{"@type":"ImageObject","inLanguage":"es-CO","@id":"https:\/\/www.fiscalia.gov.co\/colombia\/#\/schema\/person\/image\/","url":"https:\/\/secure.gravatar.com\/avatar\/111433fc2acb037ffb768f6a3ca47864?s=96&d=mm&r=g","contentUrl":"https:\/\/secure.gravatar.com\/avatar\/111433fc2acb037ffb768f6a3ca47864?s=96&d=mm&r=g","caption":"Johanna Islenny Prieto Pe\u00f1a"},"url":"https:\/\/www.fiscalia.gov.co\/colombia\/author\/jprietop\/"}]}},"_links":{"self":[{"href":"https:\/\/www.fiscalia.gov.co\/colombia\/wp-json\/wp\/v2\/posts\/327498","targetHints":{"allow":["GET"]}}],"collection":[{"href":"https:\/\/www.fiscalia.gov.co\/colombia\/wp-json\/wp\/v2\/posts"}],"about":[{"href":"https:\/\/www.fiscalia.gov.co\/colombia\/wp-json\/wp\/v2\/types\/post"}],"author":[{"embeddable":true,"href":"https:\/\/www.fiscalia.gov.co\/colombia\/wp-json\/wp\/v2\/users\/181"}],"replies":[{"embeddable":true,"href":"https:\/\/www.fiscalia.gov.co\/colombia\/wp-json\/wp\/v2\/comments?post=327498"}],"version-history":[{"count":1,"href":"https:\/\/www.fiscalia.gov.co\/colombia\/wp-json\/wp\/v2\/posts\/327498\/revisions"}],"predecessor-version":[{"id":327500,"href":"https:\/\/www.fiscalia.gov.co\/colombia\/wp-json\/wp\/v2\/posts\/327498\/revisions\/327500"}],"wp:attachment":[{"href":"https:\/\/www.fiscalia.gov.co\/colombia\/wp-json\/wp\/v2\/media?parent=327498"}],"wp:term":[{"taxonomy":"category","embeddable":true,"href":"https:\/\/www.fiscalia.gov.co\/colombia\/wp-json\/wp\/v2\/categories?post=327498"},{"taxonomy":"post_tag","embeddable":true,"href":"https:\/\/www.fiscalia.gov.co\/colombia\/wp-json\/wp\/v2\/tags?post=327498"}],"curies":[{"name":"wp","href":"https:\/\/api.w.org\/{rel}","templated":true}]}}