{"id":327479,"date":"2025-11-20T16:48:31","date_gmt":"2025-11-20T21:48:31","guid":{"rendered":"https:\/\/www.fiscalia.gov.co\/colombia\/?p=327479"},"modified":"2025-11-20T17:40:28","modified_gmt":"2025-11-20T22:40:28","slug":"con-un-enfoque-de-justicia-restaurativa-abre-sus-puertas-centro-de-atencion-de-fiscalia-para-los-habitantes-del-sur-de-huila","status":"publish","type":"post","link":"https:\/\/www.fiscalia.gov.co\/colombia\/noticias\/con-un-enfoque-de-justicia-restaurativa-abre-sus-puertas-centro-de-atencion-de-fiscalia-para-los-habitantes-del-sur-de-huila\/","title":{"rendered":"Con un enfoque de justicia restaurativa abre sus puertas Centro de Atenci\u00f3n de Fiscal\u00eda para los habitantes del sur de Huila"},"content":{"rendered":"<h4 style=\"text-align: center;\"><strong><em>M\u00e1s de 300.000 habitantes de Pitalito, San Agust\u00edn, Isnos, Altamira, Timan\u00e1, Saladoblanco, Oporapa, La Argentina, Palestina, Acevedo, El\u00edas y comunidades ind\u00edgenas Misak, Nasa, Andaquies, Yanacona, Embera, Inga y Pijao se beneficiar\u00e1n de este espacio.<\/em><\/strong><\/h4>\n<p><span style=\"color: #222222; font-family: Verdana, BlinkMacSystemFont, -apple-system, 'Segoe UI', Roboto, Oxygen, Ubuntu, Cantarell, 'Open Sans', 'Helvetica Neue', sans-serif; font-size: 15px;\">En un esfuerzo por acercar la justicia a la ciudadan\u00eda y las v\u00edctimas en el sur de Huila, abri\u00f3 sus puertas un nuevo Centro de Atenci\u00f3n de Fiscal\u00eda (CAF) en Pitalito. Una estrategia de presencia institucional con enfoque territorial y humano optimizando los procesos investigativos y la coordinaci\u00f3n con las dem\u00e1s autoridades judiciales y locales.<\/span><\/p>\n<figure id=\"attachment_327481\" aria-describedby=\"caption-attachment-327481\" style=\"width: 636px\" class=\"wp-caption alignnone\"><img loading=\"lazy\" decoding=\"async\" class=\" wp-image-327481\" src=\"https:\/\/www.fiscalia.gov.co\/colombia\/wp-content\/uploads\/fiscal-General-de-la-Nacion-300x200.jpeg\" alt=\"En la foto aparece la se\u00f1ora fiscal General de la Naci\u00f3n en el atril.\" width=\"636\" height=\"424\" srcset=\"https:\/\/www.fiscalia.gov.co\/colombia\/wp-content\/uploads\/fiscal-General-de-la-Nacion-300x200.jpeg 300w, https:\/\/www.fiscalia.gov.co\/colombia\/wp-content\/uploads\/fiscal-General-de-la-Nacion-1024x682.jpeg 1024w, https:\/\/www.fiscalia.gov.co\/colombia\/wp-content\/uploads\/fiscal-General-de-la-Nacion-768x511.jpeg 768w, https:\/\/www.fiscalia.gov.co\/colombia\/wp-content\/uploads\/fiscal-General-de-la-Nacion-631x420.jpeg 631w, https:\/\/www.fiscalia.gov.co\/colombia\/wp-content\/uploads\/fiscal-General-de-la-Nacion-696x463.jpeg 696w, https:\/\/www.fiscalia.gov.co\/colombia\/wp-content\/uploads\/fiscal-General-de-la-Nacion-1068x711.jpeg 1068w, https:\/\/www.fiscalia.gov.co\/colombia\/wp-content\/uploads\/fiscal-General-de-la-Nacion.jpeg 1280w\" sizes=\"auto, (max-width: 636px) 100vw, 636px\" \/><figcaption id=\"caption-attachment-327481\" class=\"wp-caption-text\">La se\u00f1ora fiscal General de la Naci\u00f3n, Luz Adriana Camargo Garz\u00f3n, presidi\u00f3 la ceremonia oficial de apertura e inauguraci\u00f3n del CAF, destacando la importancia de este espacio para la ciudadan\u00eda en el sur del Huila.<\/figcaption><\/figure>\n<p>\u201cLo que hacemos hoy es materializar uno de los objetivos de la Fiscal\u00eda, que es acercar la justicia al ciudadano. Desde el inicio de nuestra administraci\u00f3n, nos hemos propuesto descentralizar el trabajo de la entidad y fortalecer la presencia institucional en toda Colombia. Estamos convencidos de que la justicia no puede estar relegada a las capitales de departamento y del pa\u00eds. Creemos que es absolutamente necesario que tengamos una mejor oferta institucional\u201d, destac\u00f3 la fiscal General de la Naci\u00f3n, Luz Adriana Camargo Garz\u00f3n, durante la apertura del CAF.<\/p>\n<p>Este nuevo espacio busca garantizar una atenci\u00f3n m\u00e1s \u00e1gil, cercana y humana facilitando el acceso a los servicios de la Fiscal\u00eda y promoviendo la justicia restaurativa como un eje fundamental en la resoluci\u00f3n de conflictos y la reparaci\u00f3n integral de las v\u00edctimas.<\/p>\n<figure id=\"attachment_327482\" aria-describedby=\"caption-attachment-327482\" style=\"width: 660px\" class=\"wp-caption alignnone\"><img loading=\"lazy\" decoding=\"async\" class=\" wp-image-327482\" src=\"https:\/\/www.fiscalia.gov.co\/colombia\/wp-content\/uploads\/Foto-mesa-principal-inauguracion-CAF-Pitalito-Huila-300x169.jpeg\" alt=\" En la foto aparecen quienes conformaron la mesa principal La fiscal General de la Naci\u00f3n, Luz Adriana Camargo Garz\u00f3n, en compa\u00f1\u00eda del vicefiscal, Gilberto Javier Guerrero D\u00edaz, la delegada para la Seguridad Territorial, Deicy Jaramillo Rivera; el director Seccional Huila, Juan Carlos Fajardo Jim\u00e9nez, entre otros representantes de organismos nacionales, regionales y locales.\" width=\"660\" height=\"372\" srcset=\"https:\/\/www.fiscalia.gov.co\/colombia\/wp-content\/uploads\/Foto-mesa-principal-inauguracion-CAF-Pitalito-Huila-300x169.jpeg 300w, https:\/\/www.fiscalia.gov.co\/colombia\/wp-content\/uploads\/Foto-mesa-principal-inauguracion-CAF-Pitalito-Huila-1024x576.jpeg 1024w, https:\/\/www.fiscalia.gov.co\/colombia\/wp-content\/uploads\/Foto-mesa-principal-inauguracion-CAF-Pitalito-Huila-768x432.jpeg 768w, https:\/\/www.fiscalia.gov.co\/colombia\/wp-content\/uploads\/Foto-mesa-principal-inauguracion-CAF-Pitalito-Huila-747x420.jpeg 747w, https:\/\/www.fiscalia.gov.co\/colombia\/wp-content\/uploads\/Foto-mesa-principal-inauguracion-CAF-Pitalito-Huila-696x392.jpeg 696w, https:\/\/www.fiscalia.gov.co\/colombia\/wp-content\/uploads\/Foto-mesa-principal-inauguracion-CAF-Pitalito-Huila-1068x601.jpeg 1068w, https:\/\/www.fiscalia.gov.co\/colombia\/wp-content\/uploads\/Foto-mesa-principal-inauguracion-CAF-Pitalito-Huila.jpeg 1280w\" sizes=\"auto, (max-width: 660px) 100vw, 660px\" \/><figcaption id=\"caption-attachment-327482\" class=\"wp-caption-text\">La inauguraci\u00f3n estuvo a cargo de la fiscal General de la Naci\u00f3n, Luz Adriana Camargo Garz\u00f3n, acompa\u00f1ada por delegados y directivos de la entidad, as\u00ed como por representantes de organismos nacionales, regionales y locales.<\/figcaption><\/figure>\n<p>Este CAF fue dotado con tecnolog\u00eda y componente humano el cual estar\u00e1 conformado por un fiscal con su asistente, dos receptores de denuncias, un orientador y el servicio de vigilancia.<\/p>\n<p>Tambi\u00e9n se tendr\u00e1 presencia de la Inspecci\u00f3n de la Polic\u00eda Nacional, un representante de v\u00edctimas de la Defensor\u00eda del Pueblo, Personer\u00eda Municipal, un m\u00e9dico forense del Instituto Nacional de Medicina Legal, y psic\u00f3logos del Instituto Colombiano de Bienestar Familiar (ICBF).<\/p>\n<p>Asimismo, se fortaleci\u00f3 la Unidad de Reacci\u00f3n Inmediata URI del municipio con diez investigadores del Cuerpo T\u00e9cnico de Investigaci\u00f3n (CTI) y un fiscal con su respectivo asistente.<\/p>\n<p>La fiscal General de la Naci\u00f3n, Luz Adriana Camargo Garz\u00f3n, dio apertura a este nuevo espacio en compa\u00f1\u00eda del vicefiscal, Gilberto Javier Guerrero D\u00edaz, la delegada para la Seguridad Territorial, Deicy Jaramillo Rivera; el director Seccional Huila, Juan Carlos Fajardo Jim\u00e9nez, entre otros representantes de organismos nacionales, regionales y locales.<\/p>\n<p>El CAF de Pitalito atender\u00e1 a la ciudadan\u00eda en horarios de 8:00\u202fa. m. a 12:00\u202fpm y de 1:00\u202fp.m. a 5:00\u202fp.m. de lunes a viernes.<\/p>\n<p>&nbsp;<\/p>\n<p>&nbsp;<\/p>\n<p>&nbsp;<\/p>\n<p>&nbsp;<\/p>\n<p>WAGG\/AMCJ\/JCFJ\/DSH<\/p>\n<div>\n<p>&nbsp;<\/p>\n<p>&nbsp;<\/p>\n<p>&nbsp;<\/p>\n<p>&nbsp;<\/p>\n<p>&nbsp;<\/p>\n<p><i>La informaci\u00f3n contenida en este bolet\u00edn de prensa corresponde a la narraci\u00f3n de los hechos noticiosos objetivos, suministrados por los funcionarios encargados de adelantar las investigaciones penales al interior de la Fiscal\u00eda General de la Naci\u00f3n. Para el momento de la divulgaci\u00f3n de este comunicado, la situaci\u00f3n jur\u00eddica de la(s) persona(s) relacionada(s) se encuentra pendiente de resolver por la autoridad judicial competente, siempre bajo los preceptos de la presunci\u00f3n de inocencia, consagrados en el art\u00edculo 29 de la Constituci\u00f3n Pol\u00edtica y el art\u00edculo 7\u00ba de la Ley 906 de 2004.<\/i><\/p>\n<footer>\n<p class=\"td-post-sharing-bottom\">\n<\/footer>\n<\/div>\n\n<div class=\"twitter-share\"><a href=\"https:\/\/twitter.com\/intent\/tweet?via=fiscaliacol\" class=\"twitter-share-button\">Tweet<\/a><\/div>\n","protected":false},"excerpt":{"rendered":"<p>M\u00e1s de 300.000 habitantes de Pitalito, San Agust\u00edn, Isnos, Altamira, Timan\u00e1, Saladoblanco, Oporapa, La Argentina, Palestina, Acevedo, El\u00edas y comunidades ind\u00edgenas Misak, Nasa, Andaquies, Yanacona, Embera, Inga y Pijao se beneficiar\u00e1n de este espacio. En un esfuerzo por acercar la justicia a la ciudadan\u00eda y las v\u00edctimas en el sur de Huila, abri\u00f3 sus puertas [&hellip;]<\/p>\n","protected":false},"author":181,"featured_media":0,"comment_status":"closed","ping_status":"open","sticky":false,"template":"","format":"standard","meta":{"_price":"","_stock":"","_tribe_ticket_header":"","_tribe_default_ticket_provider":"","_tribe_ticket_capacity":"0","_ticket_start_date":"","_ticket_end_date":"","_tribe_ticket_show_description":"","_tribe_ticket_show_not_going":false,"_tribe_ticket_use_global_stock":"","_tribe_ticket_global_stock_level":"","_global_stock_mode":"","_global_stock_cap":"","_tribe_rsvp_for_event":"","_tribe_ticket_going_count":"","_tribe_ticket_not_going_count":"","_tribe_tickets_list":"[]","_tribe_ticket_has_attendee_info_fields":false,"tdm_status":"","tdm_grid_status":"","footnotes":""},"categories":[1,24099],"tags":[44199,40675,44198,9477,1047,30970,16,35967,38476,2723,24485,30],"class_list":{"0":"post-327479","1":"post","2":"type-post","3":"status-publish","4":"format-standard","6":"category-noticias","7":"category-seguridad-territorial","8":"tag-acercamiento-de-la-justicia","9":"tag-caf","10":"tag-centro-de-atencion-de-fiscalia","11":"tag-comunidad","12":"tag-fiscalia-general-de-la-nacion","13":"tag-fortalecimiento","14":"tag-huila","15":"tag-justicia-restaurativa","16":"tag-oferta-institucional","17":"tag-pitalito","18":"tag-seccional-huila","19":"tag-uri"},"yoast_head":"<!-- This site is optimized with the Yoast SEO plugin v24.3 - https:\/\/yoast.com\/wordpress\/plugins\/seo\/ -->\n<title>Fiscal\u00eda General de la Naci\u00f3n<\/title>\n<meta name=\"description\" content=\"P\u00e1gina oficial de la Fiscal\u00eda General de la Naci\u00f3n \u2013 Colombia. Garantizamos el acceso efectivo a la justicia, la verdad y la reparaci\u00f3n de las v\u00edctimas de los delitos.\" \/>\n<meta name=\"robots\" content=\"noindex, follow\" \/>\n<meta property=\"og:locale\" content=\"es_ES\" \/>\n<meta property=\"og:type\" content=\"article\" \/>\n<meta property=\"og:title\" content=\"Fiscal\u00eda General de la Naci\u00f3n\" \/>\n<meta property=\"og:description\" content=\"P\u00e1gina oficial de la Fiscal\u00eda General de la Naci\u00f3n \u2013 Colombia. Garantizamos el acceso efectivo a la justicia, la verdad y la reparaci\u00f3n de las v\u00edctimas de los delitos.\" \/>\n<meta property=\"og:url\" content=\"https:\/\/www.fiscalia.gov.co\/colombia\/noticias\/con-un-enfoque-de-justicia-restaurativa-abre-sus-puertas-centro-de-atencion-de-fiscalia-para-los-habitantes-del-sur-de-huila\/\" \/>\n<meta property=\"og:site_name\" content=\"Fiscal\u00eda General de la Naci\u00f3n\" \/>\n<meta property=\"article:publisher\" content=\"https:\/\/www.facebook.com\/FiscaliaCol\" \/>\n<meta property=\"article:published_time\" content=\"2025-11-20T21:48:31+00:00\" \/>\n<meta property=\"article:modified_time\" content=\"2025-11-20T22:40:28+00:00\" \/>\n<meta property=\"og:image\" content=\"https:\/\/www.fiscalia.gov.co\/colombia\/wp-content\/uploads\/fiscal-General-de-la-Nacion.jpeg\" \/>\n\t<meta property=\"og:image:width\" content=\"1280\" \/>\n\t<meta property=\"og:image:height\" content=\"852\" \/>\n\t<meta property=\"og:image:type\" content=\"image\/jpeg\" \/>\n<meta name=\"author\" content=\"Johanna Islenny Prieto Pe\u00f1a\" \/>\n<meta name=\"twitter:card\" content=\"summary_large_image\" \/>\n<meta name=\"twitter:creator\" content=\"@FiscaliaCol\" \/>\n<meta name=\"twitter:site\" content=\"@FiscaliaCol\" \/>\n<meta name=\"twitter:label1\" content=\"Escrito por\" \/>\n\t<meta name=\"twitter:data1\" content=\"Johanna Islenny Prieto Pe\u00f1a\" \/>\n\t<meta name=\"twitter:label2\" content=\"Tiempo de lectura\" \/>\n\t<meta name=\"twitter:data2\" content=\"3 minutos\" \/>\n<script type=\"application\/ld+json\" class=\"yoast-schema-graph\">{\"@context\":\"https:\/\/schema.org\",\"@graph\":[{\"@type\":\"Article\",\"@id\":\"https:\/\/www.fiscalia.gov.co\/colombia\/noticias\/con-un-enfoque-de-justicia-restaurativa-abre-sus-puertas-centro-de-atencion-de-fiscalia-para-los-habitantes-del-sur-de-huila\/#article\",\"isPartOf\":{\"@id\":\"https:\/\/www.fiscalia.gov.co\/colombia\/noticias\/con-un-enfoque-de-justicia-restaurativa-abre-sus-puertas-centro-de-atencion-de-fiscalia-para-los-habitantes-del-sur-de-huila\/\"},\"author\":{\"name\":\"Johanna Islenny Prieto Pe\u00f1a\",\"@id\":\"https:\/\/www.fiscalia.gov.co\/colombia\/#\/schema\/person\/ba9eca435947489fb25117a0cd75bf3e\"},\"headline\":\"Con un enfoque de justicia restaurativa abre sus puertas Centro de Atenci\u00f3n de Fiscal\u00eda para los habitantes del sur de Huila\",\"datePublished\":\"2025-11-20T21:48:31+00:00\",\"dateModified\":\"2025-11-20T22:40:28+00:00\",\"mainEntityOfPage\":{\"@id\":\"https:\/\/www.fiscalia.gov.co\/colombia\/noticias\/con-un-enfoque-de-justicia-restaurativa-abre-sus-puertas-centro-de-atencion-de-fiscalia-para-los-habitantes-del-sur-de-huila\/\"},\"wordCount\":661,\"publisher\":{\"@id\":\"https:\/\/www.fiscalia.gov.co\/colombia\/#organization\"},\"image\":{\"@id\":\"https:\/\/www.fiscalia.gov.co\/colombia\/noticias\/con-un-enfoque-de-justicia-restaurativa-abre-sus-puertas-centro-de-atencion-de-fiscalia-para-los-habitantes-del-sur-de-huila\/#primaryimage\"},\"thumbnailUrl\":\"https:\/\/www.fiscalia.gov.co\/colombia\/wp-content\/uploads\/fiscal-General-de-la-Nacion-300x200.jpeg\",\"keywords\":[\"acercamiento de la justicia\",\"CAF\",\"Centro de Atenci\u00f3n de Fiscal\u00eda\",\"Comunidad\",\"Fiscal\u00eda General de la Naci\u00f3n\",\"fortalecimiento\",\"Huila\",\"Justicia Restaurativa\",\"oferta institucional\",\"Pitalito\",\"Seccional Huila\",\"URI\"],\"articleSection\":[\"Noticias\",\"Seguridad territorial\"],\"inLanguage\":\"es-CO\"},{\"@type\":\"WebPage\",\"@id\":\"https:\/\/www.fiscalia.gov.co\/colombia\/noticias\/con-un-enfoque-de-justicia-restaurativa-abre-sus-puertas-centro-de-atencion-de-fiscalia-para-los-habitantes-del-sur-de-huila\/\",\"url\":\"https:\/\/www.fiscalia.gov.co\/colombia\/noticias\/con-un-enfoque-de-justicia-restaurativa-abre-sus-puertas-centro-de-atencion-de-fiscalia-para-los-habitantes-del-sur-de-huila\/\",\"name\":\"Fiscal\u00eda General de la Naci\u00f3n\",\"isPartOf\":{\"@id\":\"https:\/\/www.fiscalia.gov.co\/colombia\/#website\"},\"primaryImageOfPage\":{\"@id\":\"https:\/\/www.fiscalia.gov.co\/colombia\/noticias\/con-un-enfoque-de-justicia-restaurativa-abre-sus-puertas-centro-de-atencion-de-fiscalia-para-los-habitantes-del-sur-de-huila\/#primaryimage\"},\"image\":{\"@id\":\"https:\/\/www.fiscalia.gov.co\/colombia\/noticias\/con-un-enfoque-de-justicia-restaurativa-abre-sus-puertas-centro-de-atencion-de-fiscalia-para-los-habitantes-del-sur-de-huila\/#primaryimage\"},\"thumbnailUrl\":\"https:\/\/www.fiscalia.gov.co\/colombia\/wp-content\/uploads\/fiscal-General-de-la-Nacion-300x200.jpeg\",\"datePublished\":\"2025-11-20T21:48:31+00:00\",\"dateModified\":\"2025-11-20T22:40:28+00:00\",\"description\":\"P\u00e1gina oficial de la Fiscal\u00eda General de la Naci\u00f3n \u2013 Colombia. Garantizamos el acceso efectivo a la justicia, la verdad y la reparaci\u00f3n de las v\u00edctimas de los delitos.\",\"breadcrumb\":{\"@id\":\"https:\/\/www.fiscalia.gov.co\/colombia\/noticias\/con-un-enfoque-de-justicia-restaurativa-abre-sus-puertas-centro-de-atencion-de-fiscalia-para-los-habitantes-del-sur-de-huila\/#breadcrumb\"},\"inLanguage\":\"es-CO\",\"potentialAction\":[{\"@type\":\"ReadAction\",\"target\":[\"https:\/\/www.fiscalia.gov.co\/colombia\/noticias\/con-un-enfoque-de-justicia-restaurativa-abre-sus-puertas-centro-de-atencion-de-fiscalia-para-los-habitantes-del-sur-de-huila\/\"]}]},{\"@type\":\"ImageObject\",\"inLanguage\":\"es-CO\",\"@id\":\"https:\/\/www.fiscalia.gov.co\/colombia\/noticias\/con-un-enfoque-de-justicia-restaurativa-abre-sus-puertas-centro-de-atencion-de-fiscalia-para-los-habitantes-del-sur-de-huila\/#primaryimage\",\"url\":\"https:\/\/www.fiscalia.gov.co\/colombia\/wp-content\/uploads\/fiscal-General-de-la-Nacion.jpeg\",\"contentUrl\":\"https:\/\/www.fiscalia.gov.co\/colombia\/wp-content\/uploads\/fiscal-General-de-la-Nacion.jpeg\",\"width\":1280,\"height\":852,\"caption\":\"La se\u00f1ora fiscal General de la Naci\u00f3n, Luz Adriana Camargo Garz\u00f3n, presidi\u00f3 la ceremonia oficial de apertura e inauguraci\u00f3n del CAF, destacando la importancia de este espacio para la ciudadan\u00eda en el sur del Huila.\u00a0\"},{\"@type\":\"BreadcrumbList\",\"@id\":\"https:\/\/www.fiscalia.gov.co\/colombia\/noticias\/con-un-enfoque-de-justicia-restaurativa-abre-sus-puertas-centro-de-atencion-de-fiscalia-para-los-habitantes-del-sur-de-huila\/#breadcrumb\",\"itemListElement\":[{\"@type\":\"ListItem\",\"position\":1,\"name\":\"Home\",\"item\":\"https:\/\/www.fiscalia.gov.co\/colombia\/\"},{\"@type\":\"ListItem\",\"position\":2,\"name\":\"Con un enfoque de justicia restaurativa abre sus puertas Centro de Atenci\u00f3n de Fiscal\u00eda para los habitantes del sur de Huila\"}]},{\"@type\":\"WebSite\",\"@id\":\"https:\/\/www.fiscalia.gov.co\/colombia\/#website\",\"url\":\"https:\/\/www.fiscalia.gov.co\/colombia\/\",\"name\":\"Fiscal\u00eda General de la Naci\u00f3n\",\"description\":\"P\u00e1gina oficial de la Fiscal\u00eda General de la Naci\u00f3n \u2013 Colombia. Garantizamos el acceso efectivo a la justicia, la verdad y la reparaci\u00f3n de las v\u00edctimas de los delitos.\",\"publisher\":{\"@id\":\"https:\/\/www.fiscalia.gov.co\/colombia\/#organization\"},\"potentialAction\":[{\"@type\":\"SearchAction\",\"target\":{\"@type\":\"EntryPoint\",\"urlTemplate\":\"https:\/\/www.fiscalia.gov.co\/colombia\/?s={search_term_string}\"},\"query-input\":{\"@type\":\"PropertyValueSpecification\",\"valueRequired\":true,\"valueName\":\"search_term_string\"}}],\"inLanguage\":\"es-CO\"},{\"@type\":\"Organization\",\"@id\":\"https:\/\/www.fiscalia.gov.co\/colombia\/#organization\",\"name\":\"Fiscal\u00eda General de la Naci\u00f3n\",\"url\":\"https:\/\/www.fiscalia.gov.co\/colombia\/\",\"logo\":{\"@type\":\"ImageObject\",\"inLanguage\":\"es-CO\",\"@id\":\"https:\/\/www.fiscalia.gov.co\/colombia\/#\/schema\/logo\/image\/\",\"url\":\"https:\/\/www.fiscalia.gov.co\/colombia\/wp-content\/uploads\/LogoHorizontal_1.jpg\",\"contentUrl\":\"https:\/\/www.fiscalia.gov.co\/colombia\/wp-content\/uploads\/LogoHorizontal_1.jpg\",\"width\":300,\"height\":90,\"caption\":\"Fiscal\u00eda General de la Naci\u00f3n\"},\"image\":{\"@id\":\"https:\/\/www.fiscalia.gov.co\/colombia\/#\/schema\/logo\/image\/\"},\"sameAs\":[\"https:\/\/www.facebook.com\/FiscaliaCol\",\"https:\/\/x.com\/FiscaliaCol\",\"https:\/\/www.instagram.com\/fiscaliacol\",\"https:\/\/www.linkedin.com\/company\/fiscalia-general-de-la-naci-n\/\",\"https:\/\/youtube.com\/@fiscaliageneraldelanacion-4668?si=6nN79nyQICPU5iTh\"]},{\"@type\":\"Person\",\"@id\":\"https:\/\/www.fiscalia.gov.co\/colombia\/#\/schema\/person\/ba9eca435947489fb25117a0cd75bf3e\",\"name\":\"Johanna Islenny Prieto Pe\u00f1a\",\"image\":{\"@type\":\"ImageObject\",\"inLanguage\":\"es-CO\",\"@id\":\"https:\/\/www.fiscalia.gov.co\/colombia\/#\/schema\/person\/image\/\",\"url\":\"https:\/\/secure.gravatar.com\/avatar\/111433fc2acb037ffb768f6a3ca47864?s=96&d=mm&r=g\",\"contentUrl\":\"https:\/\/secure.gravatar.com\/avatar\/111433fc2acb037ffb768f6a3ca47864?s=96&d=mm&r=g\",\"caption\":\"Johanna Islenny Prieto Pe\u00f1a\"},\"url\":\"https:\/\/www.fiscalia.gov.co\/colombia\/author\/jprietop\/\"}]}<\/script>\n<!-- \/ Yoast SEO plugin. -->","yoast_head_json":{"title":"Fiscal\u00eda General de la Naci\u00f3n","description":"P\u00e1gina oficial de la Fiscal\u00eda General de la Naci\u00f3n \u2013 Colombia. Garantizamos el acceso efectivo a la justicia, la verdad y la reparaci\u00f3n de las v\u00edctimas de los delitos.","robots":{"index":"noindex","follow":"follow"},"og_locale":"es_ES","og_type":"article","og_title":"Fiscal\u00eda General de la Naci\u00f3n","og_description":"P\u00e1gina oficial de la Fiscal\u00eda General de la Naci\u00f3n \u2013 Colombia. Garantizamos el acceso efectivo a la justicia, la verdad y la reparaci\u00f3n de las v\u00edctimas de los delitos.","og_url":"https:\/\/www.fiscalia.gov.co\/colombia\/noticias\/con-un-enfoque-de-justicia-restaurativa-abre-sus-puertas-centro-de-atencion-de-fiscalia-para-los-habitantes-del-sur-de-huila\/","og_site_name":"Fiscal\u00eda General de la Naci\u00f3n","article_publisher":"https:\/\/www.facebook.com\/FiscaliaCol","article_published_time":"2025-11-20T21:48:31+00:00","article_modified_time":"2025-11-20T22:40:28+00:00","og_image":[{"width":1280,"height":852,"url":"https:\/\/www.fiscalia.gov.co\/colombia\/wp-content\/uploads\/fiscal-General-de-la-Nacion.jpeg","type":"image\/jpeg"}],"author":"Johanna Islenny Prieto Pe\u00f1a","twitter_card":"summary_large_image","twitter_creator":"@FiscaliaCol","twitter_site":"@FiscaliaCol","twitter_misc":{"Escrito por":"Johanna Islenny Prieto Pe\u00f1a","Tiempo de lectura":"3 minutos"},"schema":{"@context":"https:\/\/schema.org","@graph":[{"@type":"Article","@id":"https:\/\/www.fiscalia.gov.co\/colombia\/noticias\/con-un-enfoque-de-justicia-restaurativa-abre-sus-puertas-centro-de-atencion-de-fiscalia-para-los-habitantes-del-sur-de-huila\/#article","isPartOf":{"@id":"https:\/\/www.fiscalia.gov.co\/colombia\/noticias\/con-un-enfoque-de-justicia-restaurativa-abre-sus-puertas-centro-de-atencion-de-fiscalia-para-los-habitantes-del-sur-de-huila\/"},"author":{"name":"Johanna Islenny Prieto Pe\u00f1a","@id":"https:\/\/www.fiscalia.gov.co\/colombia\/#\/schema\/person\/ba9eca435947489fb25117a0cd75bf3e"},"headline":"Con un enfoque de justicia restaurativa abre sus puertas Centro de Atenci\u00f3n de Fiscal\u00eda para los habitantes del sur de Huila","datePublished":"2025-11-20T21:48:31+00:00","dateModified":"2025-11-20T22:40:28+00:00","mainEntityOfPage":{"@id":"https:\/\/www.fiscalia.gov.co\/colombia\/noticias\/con-un-enfoque-de-justicia-restaurativa-abre-sus-puertas-centro-de-atencion-de-fiscalia-para-los-habitantes-del-sur-de-huila\/"},"wordCount":661,"publisher":{"@id":"https:\/\/www.fiscalia.gov.co\/colombia\/#organization"},"image":{"@id":"https:\/\/www.fiscalia.gov.co\/colombia\/noticias\/con-un-enfoque-de-justicia-restaurativa-abre-sus-puertas-centro-de-atencion-de-fiscalia-para-los-habitantes-del-sur-de-huila\/#primaryimage"},"thumbnailUrl":"https:\/\/www.fiscalia.gov.co\/colombia\/wp-content\/uploads\/fiscal-General-de-la-Nacion-300x200.jpeg","keywords":["acercamiento de la justicia","CAF","Centro de Atenci\u00f3n de Fiscal\u00eda","Comunidad","Fiscal\u00eda General de la Naci\u00f3n","fortalecimiento","Huila","Justicia Restaurativa","oferta institucional","Pitalito","Seccional Huila","URI"],"articleSection":["Noticias","Seguridad territorial"],"inLanguage":"es-CO"},{"@type":"WebPage","@id":"https:\/\/www.fiscalia.gov.co\/colombia\/noticias\/con-un-enfoque-de-justicia-restaurativa-abre-sus-puertas-centro-de-atencion-de-fiscalia-para-los-habitantes-del-sur-de-huila\/","url":"https:\/\/www.fiscalia.gov.co\/colombia\/noticias\/con-un-enfoque-de-justicia-restaurativa-abre-sus-puertas-centro-de-atencion-de-fiscalia-para-los-habitantes-del-sur-de-huila\/","name":"Fiscal\u00eda General de la Naci\u00f3n","isPartOf":{"@id":"https:\/\/www.fiscalia.gov.co\/colombia\/#website"},"primaryImageOfPage":{"@id":"https:\/\/www.fiscalia.gov.co\/colombia\/noticias\/con-un-enfoque-de-justicia-restaurativa-abre-sus-puertas-centro-de-atencion-de-fiscalia-para-los-habitantes-del-sur-de-huila\/#primaryimage"},"image":{"@id":"https:\/\/www.fiscalia.gov.co\/colombia\/noticias\/con-un-enfoque-de-justicia-restaurativa-abre-sus-puertas-centro-de-atencion-de-fiscalia-para-los-habitantes-del-sur-de-huila\/#primaryimage"},"thumbnailUrl":"https:\/\/www.fiscalia.gov.co\/colombia\/wp-content\/uploads\/fiscal-General-de-la-Nacion-300x200.jpeg","datePublished":"2025-11-20T21:48:31+00:00","dateModified":"2025-11-20T22:40:28+00:00","description":"P\u00e1gina oficial de la Fiscal\u00eda General de la Naci\u00f3n \u2013 Colombia. Garantizamos el acceso efectivo a la justicia, la verdad y la reparaci\u00f3n de las v\u00edctimas de los delitos.","breadcrumb":{"@id":"https:\/\/www.fiscalia.gov.co\/colombia\/noticias\/con-un-enfoque-de-justicia-restaurativa-abre-sus-puertas-centro-de-atencion-de-fiscalia-para-los-habitantes-del-sur-de-huila\/#breadcrumb"},"inLanguage":"es-CO","potentialAction":[{"@type":"ReadAction","target":["https:\/\/www.fiscalia.gov.co\/colombia\/noticias\/con-un-enfoque-de-justicia-restaurativa-abre-sus-puertas-centro-de-atencion-de-fiscalia-para-los-habitantes-del-sur-de-huila\/"]}]},{"@type":"ImageObject","inLanguage":"es-CO","@id":"https:\/\/www.fiscalia.gov.co\/colombia\/noticias\/con-un-enfoque-de-justicia-restaurativa-abre-sus-puertas-centro-de-atencion-de-fiscalia-para-los-habitantes-del-sur-de-huila\/#primaryimage","url":"https:\/\/www.fiscalia.gov.co\/colombia\/wp-content\/uploads\/fiscal-General-de-la-Nacion.jpeg","contentUrl":"https:\/\/www.fiscalia.gov.co\/colombia\/wp-content\/uploads\/fiscal-General-de-la-Nacion.jpeg","width":1280,"height":852,"caption":"La se\u00f1ora fiscal General de la Naci\u00f3n, Luz Adriana Camargo Garz\u00f3n, presidi\u00f3 la ceremonia oficial de apertura e inauguraci\u00f3n del CAF, destacando la importancia de este espacio para la ciudadan\u00eda en el sur del Huila.\u00a0"},{"@type":"BreadcrumbList","@id":"https:\/\/www.fiscalia.gov.co\/colombia\/noticias\/con-un-enfoque-de-justicia-restaurativa-abre-sus-puertas-centro-de-atencion-de-fiscalia-para-los-habitantes-del-sur-de-huila\/#breadcrumb","itemListElement":[{"@type":"ListItem","position":1,"name":"Home","item":"https:\/\/www.fiscalia.gov.co\/colombia\/"},{"@type":"ListItem","position":2,"name":"Con un enfoque de justicia restaurativa abre sus puertas Centro de Atenci\u00f3n de Fiscal\u00eda para los habitantes del sur de Huila"}]},{"@type":"WebSite","@id":"https:\/\/www.fiscalia.gov.co\/colombia\/#website","url":"https:\/\/www.fiscalia.gov.co\/colombia\/","name":"Fiscal\u00eda General de la Naci\u00f3n","description":"P\u00e1gina oficial de la Fiscal\u00eda General de la Naci\u00f3n \u2013 Colombia. Garantizamos el acceso efectivo a la justicia, la verdad y la reparaci\u00f3n de las v\u00edctimas de los delitos.","publisher":{"@id":"https:\/\/www.fiscalia.gov.co\/colombia\/#organization"},"potentialAction":[{"@type":"SearchAction","target":{"@type":"EntryPoint","urlTemplate":"https:\/\/www.fiscalia.gov.co\/colombia\/?s={search_term_string}"},"query-input":{"@type":"PropertyValueSpecification","valueRequired":true,"valueName":"search_term_string"}}],"inLanguage":"es-CO"},{"@type":"Organization","@id":"https:\/\/www.fiscalia.gov.co\/colombia\/#organization","name":"Fiscal\u00eda General de la Naci\u00f3n","url":"https:\/\/www.fiscalia.gov.co\/colombia\/","logo":{"@type":"ImageObject","inLanguage":"es-CO","@id":"https:\/\/www.fiscalia.gov.co\/colombia\/#\/schema\/logo\/image\/","url":"https:\/\/www.fiscalia.gov.co\/colombia\/wp-content\/uploads\/LogoHorizontal_1.jpg","contentUrl":"https:\/\/www.fiscalia.gov.co\/colombia\/wp-content\/uploads\/LogoHorizontal_1.jpg","width":300,"height":90,"caption":"Fiscal\u00eda General de la Naci\u00f3n"},"image":{"@id":"https:\/\/www.fiscalia.gov.co\/colombia\/#\/schema\/logo\/image\/"},"sameAs":["https:\/\/www.facebook.com\/FiscaliaCol","https:\/\/x.com\/FiscaliaCol","https:\/\/www.instagram.com\/fiscaliacol","https:\/\/www.linkedin.com\/company\/fiscalia-general-de-la-naci-n\/","https:\/\/youtube.com\/@fiscaliageneraldelanacion-4668?si=6nN79nyQICPU5iTh"]},{"@type":"Person","@id":"https:\/\/www.fiscalia.gov.co\/colombia\/#\/schema\/person\/ba9eca435947489fb25117a0cd75bf3e","name":"Johanna Islenny Prieto Pe\u00f1a","image":{"@type":"ImageObject","inLanguage":"es-CO","@id":"https:\/\/www.fiscalia.gov.co\/colombia\/#\/schema\/person\/image\/","url":"https:\/\/secure.gravatar.com\/avatar\/111433fc2acb037ffb768f6a3ca47864?s=96&d=mm&r=g","contentUrl":"https:\/\/secure.gravatar.com\/avatar\/111433fc2acb037ffb768f6a3ca47864?s=96&d=mm&r=g","caption":"Johanna Islenny Prieto Pe\u00f1a"},"url":"https:\/\/www.fiscalia.gov.co\/colombia\/author\/jprietop\/"}]}},"_links":{"self":[{"href":"https:\/\/www.fiscalia.gov.co\/colombia\/wp-json\/wp\/v2\/posts\/327479","targetHints":{"allow":["GET"]}}],"collection":[{"href":"https:\/\/www.fiscalia.gov.co\/colombia\/wp-json\/wp\/v2\/posts"}],"about":[{"href":"https:\/\/www.fiscalia.gov.co\/colombia\/wp-json\/wp\/v2\/types\/post"}],"author":[{"embeddable":true,"href":"https:\/\/www.fiscalia.gov.co\/colombia\/wp-json\/wp\/v2\/users\/181"}],"replies":[{"embeddable":true,"href":"https:\/\/www.fiscalia.gov.co\/colombia\/wp-json\/wp\/v2\/comments?post=327479"}],"version-history":[{"count":4,"href":"https:\/\/www.fiscalia.gov.co\/colombia\/wp-json\/wp\/v2\/posts\/327479\/revisions"}],"predecessor-version":[{"id":327490,"href":"https:\/\/www.fiscalia.gov.co\/colombia\/wp-json\/wp\/v2\/posts\/327479\/revisions\/327490"}],"wp:attachment":[{"href":"https:\/\/www.fiscalia.gov.co\/colombia\/wp-json\/wp\/v2\/media?parent=327479"}],"wp:term":[{"taxonomy":"category","embeddable":true,"href":"https:\/\/www.fiscalia.gov.co\/colombia\/wp-json\/wp\/v2\/categories?post=327479"},{"taxonomy":"post_tag","embeddable":true,"href":"https:\/\/www.fiscalia.gov.co\/colombia\/wp-json\/wp\/v2\/tags?post=327479"}],"curies":[{"name":"wp","href":"https:\/\/api.w.org\/{rel}","templated":true}]}}