{"id":327451,"date":"2025-11-20T14:19:33","date_gmt":"2025-11-20T19:19:33","guid":{"rendered":"https:\/\/www.fiscalia.gov.co\/colombia\/?p=327451"},"modified":"2025-11-20T14:22:01","modified_gmt":"2025-11-20T19:22:01","slug":"en-tulua-envian-a-la-carcel-a-un-hombre-que-estaria-extorsionando-a-un-empleado-de-una-empresa-de-giros","status":"publish","type":"post","link":"https:\/\/www.fiscalia.gov.co\/colombia\/noticias\/en-tulua-envian-a-la-carcel-a-un-hombre-que-estaria-extorsionando-a-un-empleado-de-una-empresa-de-giros\/","title":{"rendered":"En Tulu\u00e1, env\u00edan a la c\u00e1rcel a un hombre que estar\u00eda extorsionando a un empleado de una empresa de giros"},"content":{"rendered":"<p>La Fiscal\u00eda General de la Naci\u00f3n presunto ante un juez con funci\u00f3n de control de garant\u00edas a <strong>Esteban Valencia Marulanda, presuntamente implicado en extorsiones<\/strong> a un empleado de una reconocida empresa de giros, ubicada en Tulu\u00e1 (Valle del Cauca).<\/p>\n<figure id=\"attachment_327452\" aria-describedby=\"caption-attachment-327452\" style=\"width: 300px\" class=\"wp-caption alignnone\"><img loading=\"lazy\" decoding=\"async\" class=\"size-medium wp-image-327452\" src=\"https:\/\/www.fiscalia.gov.co\/colombia\/wp-content\/uploads\/Esteban-Valencia-Marulanda.-Tulua-Valle.-Extorsion-agravada-y-abuso-de-confianza-300x257.jpg\" alt=\"En la fotograf\u00eda aparece de pie y con los brazos atr\u00e1s Esteban Valencia Marulanda. Viste con buso de sudadera blanco con estampado gris en amndas y torso; pantalonea gris con estampado negro tipo cebra. Usa cabello rapado. En sus extremos hay uniformados del Gaula de la Polic\u00eda Nacional. Delante de ellos hay una superfice verde y sobre ella se aprecia dinero en efectivo y un letrero que dice: \u2018Dinero incautado\u2019. En la parte posterior hay un pend\u00f3n institucional de la Polic\u00eda.\" width=\"300\" height=\"257\" srcset=\"https:\/\/www.fiscalia.gov.co\/colombia\/wp-content\/uploads\/Esteban-Valencia-Marulanda.-Tulua-Valle.-Extorsion-agravada-y-abuso-de-confianza-300x257.jpg 300w, https:\/\/www.fiscalia.gov.co\/colombia\/wp-content\/uploads\/Esteban-Valencia-Marulanda.-Tulua-Valle.-Extorsion-agravada-y-abuso-de-confianza-1024x877.jpg 1024w, https:\/\/www.fiscalia.gov.co\/colombia\/wp-content\/uploads\/Esteban-Valencia-Marulanda.-Tulua-Valle.-Extorsion-agravada-y-abuso-de-confianza-768x658.jpg 768w, https:\/\/www.fiscalia.gov.co\/colombia\/wp-content\/uploads\/Esteban-Valencia-Marulanda.-Tulua-Valle.-Extorsion-agravada-y-abuso-de-confianza-1536x1316.jpg 1536w, https:\/\/www.fiscalia.gov.co\/colombia\/wp-content\/uploads\/Esteban-Valencia-Marulanda.-Tulua-Valle.-Extorsion-agravada-y-abuso-de-confianza-490x420.jpg 490w, https:\/\/www.fiscalia.gov.co\/colombia\/wp-content\/uploads\/Esteban-Valencia-Marulanda.-Tulua-Valle.-Extorsion-agravada-y-abuso-de-confianza-696x596.jpg 696w, https:\/\/www.fiscalia.gov.co\/colombia\/wp-content\/uploads\/Esteban-Valencia-Marulanda.-Tulua-Valle.-Extorsion-agravada-y-abuso-de-confianza-1068x915.jpg 1068w, https:\/\/www.fiscalia.gov.co\/colombia\/wp-content\/uploads\/Esteban-Valencia-Marulanda.-Tulua-Valle.-Extorsion-agravada-y-abuso-de-confianza.jpg 1600w\" sizes=\"auto, (max-width: 300px) 100vw, 300px\" \/><figcaption id=\"caption-attachment-327452\" class=\"wp-caption-text\">Esteban Valencia Marulanda.<\/figcaption><\/figure>\n<p>Los hechos vendr\u00edan ocurriendo desde finales de octubre pasado cuando el ahora procesado le inform\u00f3 a la v\u00edctima sobre un supuesto giro de 4\u2019500.000 pesos, hecho a su nombre. Esta afirmaci\u00f3n<strong> fue rechazada por el presunto beneficiario del dinero<\/strong>. Ante esto, Valencia Marulanda habr\u00eda incurri\u00f3 en intimidaciones para recuperar la referida suma. Las extorsiones contra el empleado, se cree, llegaron a los 5\u2019500.000.<\/p>\n<p>Por estos hechos, uniformados del Gaula de la Polic\u00eda Nacional capturaron en flagrancia al ahora procesado, <strong>el pasado 5 de noviembre en el barrio La Victoria del municipio vallecaucano.<\/strong><\/p>\n<p>Por estos hechos un fiscal de la Seccional Valle del Cauca imput\u00f3 al investigado los delitos de extorsi\u00f3n agravada y abuso de confianza. <strong>Por orden judicial, el procesado deber\u00e1 cumplir medida de aseguramiento en su domicilio.<\/strong><\/p>\n<p>&nbsp;<\/p>\n<p>MAP\/DSVC\/MAGA\/<\/p>\n<p>&nbsp;<\/p>\n<p>&nbsp;<\/p>\n<p>&nbsp;<\/p>\n<p>&nbsp;<\/p>\n<p><i>La informaci\u00f3n contenida en este bolet\u00edn de prensa corresponde a la narraci\u00f3n de los hechos noticiosos objetivos, suministrados por los funcionarios encargados de adelantar las investigaciones penales al interior de la Fiscal\u00eda General de la Naci\u00f3n. Para el momento de la divulgaci\u00f3n de este comunicado, la situaci\u00f3n jur\u00eddica de la(s) persona(s) relacionada(s) se encuentra pendiente de resolver por la autoridad judicial competente, siempre bajo los preceptos de la presunci\u00f3n de inocencia, consagrados en el art\u00edculo 29 de la Constituci\u00f3n Pol\u00edtica y el art\u00edculo 7\u00ba de la Ley 906 de 2004.<\/i><\/p>\n\n<div class=\"twitter-share\"><a href=\"https:\/\/twitter.com\/intent\/tweet?via=fiscaliacol\" class=\"twitter-share-button\">Tweet<\/a><\/div>\n","protected":false},"excerpt":{"rendered":"<p>La Fiscal\u00eda General de la Naci\u00f3n presunto ante un juez con funci\u00f3n de control de garant\u00edas a Esteban Valencia Marulanda, presuntamente implicado en extorsiones a un empleado de una reconocida empresa de giros, ubicada en Tulu\u00e1 (Valle del Cauca). Los hechos vendr\u00edan ocurriendo desde finales de octubre pasado cuando el ahora procesado le inform\u00f3 a [&hellip;]<\/p>\n","protected":false},"author":181,"featured_media":0,"comment_status":"closed","ping_status":"open","sticky":false,"template":"","format":"standard","meta":{"_price":"","_stock":"","_tribe_ticket_header":"","_tribe_default_ticket_provider":"","_tribe_ticket_capacity":"0","_ticket_start_date":"","_ticket_end_date":"","_tribe_ticket_show_description":"","_tribe_ticket_show_not_going":false,"_tribe_ticket_use_global_stock":"","_tribe_ticket_global_stock_level":"","_global_stock_mode":"","_global_stock_cap":"","_tribe_rsvp_for_event":"","_tribe_ticket_going_count":"","_tribe_ticket_not_going_count":"","_tribe_tickets_list":"[]","_tribe_ticket_has_attendee_info_fields":false,"tdm_status":"","tdm_grid_status":"","footnotes":""},"categories":[1,24099],"tags":[37492,4614,24187,1047],"class_list":{"0":"post-327451","1":"post","2":"type-post","3":"status-publish","4":"format-standard","6":"category-noticias","7":"category-seguridad-territorial","8":"tag-fiscal-luz-adriana-camargo","9":"tag-fiscalia-2","10":"tag-fiscalia-colombia","11":"tag-fiscalia-general-de-la-nacion"},"yoast_head":"<!-- This site is optimized with the Yoast SEO plugin v24.3 - https:\/\/yoast.com\/wordpress\/plugins\/seo\/ -->\n<title>Fiscal\u00eda General de la Naci\u00f3n<\/title>\n<meta name=\"description\" content=\"P\u00e1gina oficial de la Fiscal\u00eda General de la Naci\u00f3n \u2013 Colombia. Garantizamos el acceso efectivo a la justicia, la verdad y la reparaci\u00f3n de las v\u00edctimas de los delitos.\" \/>\n<meta name=\"robots\" content=\"noindex, follow\" \/>\n<meta property=\"og:locale\" content=\"es_ES\" \/>\n<meta property=\"og:type\" content=\"article\" \/>\n<meta property=\"og:title\" content=\"Fiscal\u00eda General de la Naci\u00f3n\" \/>\n<meta property=\"og:description\" content=\"P\u00e1gina oficial de la Fiscal\u00eda General de la Naci\u00f3n \u2013 Colombia. Garantizamos el acceso efectivo a la justicia, la verdad y la reparaci\u00f3n de las v\u00edctimas de los delitos.\" \/>\n<meta property=\"og:url\" content=\"https:\/\/www.fiscalia.gov.co\/colombia\/noticias\/en-tulua-envian-a-la-carcel-a-un-hombre-que-estaria-extorsionando-a-un-empleado-de-una-empresa-de-giros\/\" \/>\n<meta property=\"og:site_name\" content=\"Fiscal\u00eda General de la Naci\u00f3n\" \/>\n<meta property=\"article:publisher\" content=\"https:\/\/www.facebook.com\/FiscaliaCol\" \/>\n<meta property=\"article:published_time\" content=\"2025-11-20T19:19:33+00:00\" \/>\n<meta property=\"article:modified_time\" content=\"2025-11-20T19:22:01+00:00\" \/>\n<meta property=\"og:image\" content=\"https:\/\/www.fiscalia.gov.co\/colombia\/wp-content\/uploads\/Esteban-Valencia-Marulanda.-Tulua-Valle.-Extorsion-agravada-y-abuso-de-confianza.jpg\" \/>\n\t<meta property=\"og:image:width\" content=\"1600\" \/>\n\t<meta property=\"og:image:height\" content=\"1371\" \/>\n\t<meta property=\"og:image:type\" content=\"image\/jpeg\" \/>\n<meta name=\"author\" content=\"Johanna Islenny Prieto Pe\u00f1a\" \/>\n<meta name=\"twitter:card\" content=\"summary_large_image\" \/>\n<meta name=\"twitter:creator\" content=\"@FiscaliaCol\" \/>\n<meta name=\"twitter:site\" content=\"@FiscaliaCol\" \/>\n<meta name=\"twitter:label1\" content=\"Escrito por\" \/>\n\t<meta name=\"twitter:data1\" content=\"Johanna Islenny Prieto Pe\u00f1a\" \/>\n\t<meta name=\"twitter:label2\" content=\"Tiempo de lectura\" \/>\n\t<meta name=\"twitter:data2\" content=\"2 minutos\" \/>\n<script type=\"application\/ld+json\" class=\"yoast-schema-graph\">{\"@context\":\"https:\/\/schema.org\",\"@graph\":[{\"@type\":\"Article\",\"@id\":\"https:\/\/www.fiscalia.gov.co\/colombia\/noticias\/en-tulua-envian-a-la-carcel-a-un-hombre-que-estaria-extorsionando-a-un-empleado-de-una-empresa-de-giros\/#article\",\"isPartOf\":{\"@id\":\"https:\/\/www.fiscalia.gov.co\/colombia\/noticias\/en-tulua-envian-a-la-carcel-a-un-hombre-que-estaria-extorsionando-a-un-empleado-de-una-empresa-de-giros\/\"},\"author\":{\"name\":\"Johanna Islenny Prieto Pe\u00f1a\",\"@id\":\"https:\/\/www.fiscalia.gov.co\/colombia\/#\/schema\/person\/ba9eca435947489fb25117a0cd75bf3e\"},\"headline\":\"En Tulu\u00e1, env\u00edan a la c\u00e1rcel a un hombre que estar\u00eda extorsionando a un empleado de una empresa de giros\",\"datePublished\":\"2025-11-20T19:19:33+00:00\",\"dateModified\":\"2025-11-20T19:22:01+00:00\",\"mainEntityOfPage\":{\"@id\":\"https:\/\/www.fiscalia.gov.co\/colombia\/noticias\/en-tulua-envian-a-la-carcel-a-un-hombre-que-estaria-extorsionando-a-un-empleado-de-una-empresa-de-giros\/\"},\"wordCount\":317,\"publisher\":{\"@id\":\"https:\/\/www.fiscalia.gov.co\/colombia\/#organization\"},\"image\":{\"@id\":\"https:\/\/www.fiscalia.gov.co\/colombia\/noticias\/en-tulua-envian-a-la-carcel-a-un-hombre-que-estaria-extorsionando-a-un-empleado-de-una-empresa-de-giros\/#primaryimage\"},\"thumbnailUrl\":\"https:\/\/www.fiscalia.gov.co\/colombia\/wp-content\/uploads\/Esteban-Valencia-Marulanda.-Tulua-Valle.-Extorsion-agravada-y-abuso-de-confianza-300x257.jpg\",\"keywords\":[\"Fiscal Luz Adriana Camargo\",\"Fiscal\u00eda\",\"Fiscal\u00eda Colombia\",\"Fiscal\u00eda General de la Naci\u00f3n\"],\"articleSection\":[\"Noticias\",\"Seguridad territorial\"],\"inLanguage\":\"es-CO\"},{\"@type\":\"WebPage\",\"@id\":\"https:\/\/www.fiscalia.gov.co\/colombia\/noticias\/en-tulua-envian-a-la-carcel-a-un-hombre-que-estaria-extorsionando-a-un-empleado-de-una-empresa-de-giros\/\",\"url\":\"https:\/\/www.fiscalia.gov.co\/colombia\/noticias\/en-tulua-envian-a-la-carcel-a-un-hombre-que-estaria-extorsionando-a-un-empleado-de-una-empresa-de-giros\/\",\"name\":\"Fiscal\u00eda General de la Naci\u00f3n\",\"isPartOf\":{\"@id\":\"https:\/\/www.fiscalia.gov.co\/colombia\/#website\"},\"primaryImageOfPage\":{\"@id\":\"https:\/\/www.fiscalia.gov.co\/colombia\/noticias\/en-tulua-envian-a-la-carcel-a-un-hombre-que-estaria-extorsionando-a-un-empleado-de-una-empresa-de-giros\/#primaryimage\"},\"image\":{\"@id\":\"https:\/\/www.fiscalia.gov.co\/colombia\/noticias\/en-tulua-envian-a-la-carcel-a-un-hombre-que-estaria-extorsionando-a-un-empleado-de-una-empresa-de-giros\/#primaryimage\"},\"thumbnailUrl\":\"https:\/\/www.fiscalia.gov.co\/colombia\/wp-content\/uploads\/Esteban-Valencia-Marulanda.-Tulua-Valle.-Extorsion-agravada-y-abuso-de-confianza-300x257.jpg\",\"datePublished\":\"2025-11-20T19:19:33+00:00\",\"dateModified\":\"2025-11-20T19:22:01+00:00\",\"description\":\"P\u00e1gina oficial de la Fiscal\u00eda General de la Naci\u00f3n \u2013 Colombia. Garantizamos el acceso efectivo a la justicia, la verdad y la reparaci\u00f3n de las v\u00edctimas de los delitos.\",\"breadcrumb\":{\"@id\":\"https:\/\/www.fiscalia.gov.co\/colombia\/noticias\/en-tulua-envian-a-la-carcel-a-un-hombre-que-estaria-extorsionando-a-un-empleado-de-una-empresa-de-giros\/#breadcrumb\"},\"inLanguage\":\"es-CO\",\"potentialAction\":[{\"@type\":\"ReadAction\",\"target\":[\"https:\/\/www.fiscalia.gov.co\/colombia\/noticias\/en-tulua-envian-a-la-carcel-a-un-hombre-que-estaria-extorsionando-a-un-empleado-de-una-empresa-de-giros\/\"]}]},{\"@type\":\"ImageObject\",\"inLanguage\":\"es-CO\",\"@id\":\"https:\/\/www.fiscalia.gov.co\/colombia\/noticias\/en-tulua-envian-a-la-carcel-a-un-hombre-que-estaria-extorsionando-a-un-empleado-de-una-empresa-de-giros\/#primaryimage\",\"url\":\"https:\/\/www.fiscalia.gov.co\/colombia\/wp-content\/uploads\/Esteban-Valencia-Marulanda.-Tulua-Valle.-Extorsion-agravada-y-abuso-de-confianza.jpg\",\"contentUrl\":\"https:\/\/www.fiscalia.gov.co\/colombia\/wp-content\/uploads\/Esteban-Valencia-Marulanda.-Tulua-Valle.-Extorsion-agravada-y-abuso-de-confianza.jpg\",\"width\":1600,\"height\":1371,\"caption\":\"Esteban Valencia Marulanda.\"},{\"@type\":\"BreadcrumbList\",\"@id\":\"https:\/\/www.fiscalia.gov.co\/colombia\/noticias\/en-tulua-envian-a-la-carcel-a-un-hombre-que-estaria-extorsionando-a-un-empleado-de-una-empresa-de-giros\/#breadcrumb\",\"itemListElement\":[{\"@type\":\"ListItem\",\"position\":1,\"name\":\"Home\",\"item\":\"https:\/\/www.fiscalia.gov.co\/colombia\/\"},{\"@type\":\"ListItem\",\"position\":2,\"name\":\"En Tulu\u00e1, env\u00edan a la c\u00e1rcel a un hombre que estar\u00eda extorsionando a un empleado de una empresa de giros\"}]},{\"@type\":\"WebSite\",\"@id\":\"https:\/\/www.fiscalia.gov.co\/colombia\/#website\",\"url\":\"https:\/\/www.fiscalia.gov.co\/colombia\/\",\"name\":\"Fiscal\u00eda General de la Naci\u00f3n\",\"description\":\"P\u00e1gina oficial de la Fiscal\u00eda General de la Naci\u00f3n \u2013 Colombia. Garantizamos el acceso efectivo a la justicia, la verdad y la reparaci\u00f3n de las v\u00edctimas de los delitos.\",\"publisher\":{\"@id\":\"https:\/\/www.fiscalia.gov.co\/colombia\/#organization\"},\"potentialAction\":[{\"@type\":\"SearchAction\",\"target\":{\"@type\":\"EntryPoint\",\"urlTemplate\":\"https:\/\/www.fiscalia.gov.co\/colombia\/?s={search_term_string}\"},\"query-input\":{\"@type\":\"PropertyValueSpecification\",\"valueRequired\":true,\"valueName\":\"search_term_string\"}}],\"inLanguage\":\"es-CO\"},{\"@type\":\"Organization\",\"@id\":\"https:\/\/www.fiscalia.gov.co\/colombia\/#organization\",\"name\":\"Fiscal\u00eda General de la Naci\u00f3n\",\"url\":\"https:\/\/www.fiscalia.gov.co\/colombia\/\",\"logo\":{\"@type\":\"ImageObject\",\"inLanguage\":\"es-CO\",\"@id\":\"https:\/\/www.fiscalia.gov.co\/colombia\/#\/schema\/logo\/image\/\",\"url\":\"https:\/\/www.fiscalia.gov.co\/colombia\/wp-content\/uploads\/LogoHorizontal_1.jpg\",\"contentUrl\":\"https:\/\/www.fiscalia.gov.co\/colombia\/wp-content\/uploads\/LogoHorizontal_1.jpg\",\"width\":300,\"height\":90,\"caption\":\"Fiscal\u00eda General de la Naci\u00f3n\"},\"image\":{\"@id\":\"https:\/\/www.fiscalia.gov.co\/colombia\/#\/schema\/logo\/image\/\"},\"sameAs\":[\"https:\/\/www.facebook.com\/FiscaliaCol\",\"https:\/\/x.com\/FiscaliaCol\",\"https:\/\/www.instagram.com\/fiscaliacol\",\"https:\/\/www.linkedin.com\/company\/fiscalia-general-de-la-naci-n\/\",\"https:\/\/youtube.com\/@fiscaliageneraldelanacion-4668?si=6nN79nyQICPU5iTh\"]},{\"@type\":\"Person\",\"@id\":\"https:\/\/www.fiscalia.gov.co\/colombia\/#\/schema\/person\/ba9eca435947489fb25117a0cd75bf3e\",\"name\":\"Johanna Islenny Prieto Pe\u00f1a\",\"image\":{\"@type\":\"ImageObject\",\"inLanguage\":\"es-CO\",\"@id\":\"https:\/\/www.fiscalia.gov.co\/colombia\/#\/schema\/person\/image\/\",\"url\":\"https:\/\/secure.gravatar.com\/avatar\/111433fc2acb037ffb768f6a3ca47864?s=96&d=mm&r=g\",\"contentUrl\":\"https:\/\/secure.gravatar.com\/avatar\/111433fc2acb037ffb768f6a3ca47864?s=96&d=mm&r=g\",\"caption\":\"Johanna Islenny Prieto Pe\u00f1a\"},\"url\":\"https:\/\/www.fiscalia.gov.co\/colombia\/author\/jprietop\/\"}]}<\/script>\n<!-- \/ Yoast SEO plugin. -->","yoast_head_json":{"title":"Fiscal\u00eda General de la Naci\u00f3n","description":"P\u00e1gina oficial de la Fiscal\u00eda General de la Naci\u00f3n \u2013 Colombia. Garantizamos el acceso efectivo a la justicia, la verdad y la reparaci\u00f3n de las v\u00edctimas de los delitos.","robots":{"index":"noindex","follow":"follow"},"og_locale":"es_ES","og_type":"article","og_title":"Fiscal\u00eda General de la Naci\u00f3n","og_description":"P\u00e1gina oficial de la Fiscal\u00eda General de la Naci\u00f3n \u2013 Colombia. Garantizamos el acceso efectivo a la justicia, la verdad y la reparaci\u00f3n de las v\u00edctimas de los delitos.","og_url":"https:\/\/www.fiscalia.gov.co\/colombia\/noticias\/en-tulua-envian-a-la-carcel-a-un-hombre-que-estaria-extorsionando-a-un-empleado-de-una-empresa-de-giros\/","og_site_name":"Fiscal\u00eda General de la Naci\u00f3n","article_publisher":"https:\/\/www.facebook.com\/FiscaliaCol","article_published_time":"2025-11-20T19:19:33+00:00","article_modified_time":"2025-11-20T19:22:01+00:00","og_image":[{"width":1600,"height":1371,"url":"https:\/\/www.fiscalia.gov.co\/colombia\/wp-content\/uploads\/Esteban-Valencia-Marulanda.-Tulua-Valle.-Extorsion-agravada-y-abuso-de-confianza.jpg","type":"image\/jpeg"}],"author":"Johanna Islenny Prieto Pe\u00f1a","twitter_card":"summary_large_image","twitter_creator":"@FiscaliaCol","twitter_site":"@FiscaliaCol","twitter_misc":{"Escrito por":"Johanna Islenny Prieto Pe\u00f1a","Tiempo de lectura":"2 minutos"},"schema":{"@context":"https:\/\/schema.org","@graph":[{"@type":"Article","@id":"https:\/\/www.fiscalia.gov.co\/colombia\/noticias\/en-tulua-envian-a-la-carcel-a-un-hombre-que-estaria-extorsionando-a-un-empleado-de-una-empresa-de-giros\/#article","isPartOf":{"@id":"https:\/\/www.fiscalia.gov.co\/colombia\/noticias\/en-tulua-envian-a-la-carcel-a-un-hombre-que-estaria-extorsionando-a-un-empleado-de-una-empresa-de-giros\/"},"author":{"name":"Johanna Islenny Prieto Pe\u00f1a","@id":"https:\/\/www.fiscalia.gov.co\/colombia\/#\/schema\/person\/ba9eca435947489fb25117a0cd75bf3e"},"headline":"En Tulu\u00e1, env\u00edan a la c\u00e1rcel a un hombre que estar\u00eda extorsionando a un empleado de una empresa de giros","datePublished":"2025-11-20T19:19:33+00:00","dateModified":"2025-11-20T19:22:01+00:00","mainEntityOfPage":{"@id":"https:\/\/www.fiscalia.gov.co\/colombia\/noticias\/en-tulua-envian-a-la-carcel-a-un-hombre-que-estaria-extorsionando-a-un-empleado-de-una-empresa-de-giros\/"},"wordCount":317,"publisher":{"@id":"https:\/\/www.fiscalia.gov.co\/colombia\/#organization"},"image":{"@id":"https:\/\/www.fiscalia.gov.co\/colombia\/noticias\/en-tulua-envian-a-la-carcel-a-un-hombre-que-estaria-extorsionando-a-un-empleado-de-una-empresa-de-giros\/#primaryimage"},"thumbnailUrl":"https:\/\/www.fiscalia.gov.co\/colombia\/wp-content\/uploads\/Esteban-Valencia-Marulanda.-Tulua-Valle.-Extorsion-agravada-y-abuso-de-confianza-300x257.jpg","keywords":["Fiscal Luz Adriana Camargo","Fiscal\u00eda","Fiscal\u00eda Colombia","Fiscal\u00eda General de la Naci\u00f3n"],"articleSection":["Noticias","Seguridad territorial"],"inLanguage":"es-CO"},{"@type":"WebPage","@id":"https:\/\/www.fiscalia.gov.co\/colombia\/noticias\/en-tulua-envian-a-la-carcel-a-un-hombre-que-estaria-extorsionando-a-un-empleado-de-una-empresa-de-giros\/","url":"https:\/\/www.fiscalia.gov.co\/colombia\/noticias\/en-tulua-envian-a-la-carcel-a-un-hombre-que-estaria-extorsionando-a-un-empleado-de-una-empresa-de-giros\/","name":"Fiscal\u00eda General de la Naci\u00f3n","isPartOf":{"@id":"https:\/\/www.fiscalia.gov.co\/colombia\/#website"},"primaryImageOfPage":{"@id":"https:\/\/www.fiscalia.gov.co\/colombia\/noticias\/en-tulua-envian-a-la-carcel-a-un-hombre-que-estaria-extorsionando-a-un-empleado-de-una-empresa-de-giros\/#primaryimage"},"image":{"@id":"https:\/\/www.fiscalia.gov.co\/colombia\/noticias\/en-tulua-envian-a-la-carcel-a-un-hombre-que-estaria-extorsionando-a-un-empleado-de-una-empresa-de-giros\/#primaryimage"},"thumbnailUrl":"https:\/\/www.fiscalia.gov.co\/colombia\/wp-content\/uploads\/Esteban-Valencia-Marulanda.-Tulua-Valle.-Extorsion-agravada-y-abuso-de-confianza-300x257.jpg","datePublished":"2025-11-20T19:19:33+00:00","dateModified":"2025-11-20T19:22:01+00:00","description":"P\u00e1gina oficial de la Fiscal\u00eda General de la Naci\u00f3n \u2013 Colombia. Garantizamos el acceso efectivo a la justicia, la verdad y la reparaci\u00f3n de las v\u00edctimas de los delitos.","breadcrumb":{"@id":"https:\/\/www.fiscalia.gov.co\/colombia\/noticias\/en-tulua-envian-a-la-carcel-a-un-hombre-que-estaria-extorsionando-a-un-empleado-de-una-empresa-de-giros\/#breadcrumb"},"inLanguage":"es-CO","potentialAction":[{"@type":"ReadAction","target":["https:\/\/www.fiscalia.gov.co\/colombia\/noticias\/en-tulua-envian-a-la-carcel-a-un-hombre-que-estaria-extorsionando-a-un-empleado-de-una-empresa-de-giros\/"]}]},{"@type":"ImageObject","inLanguage":"es-CO","@id":"https:\/\/www.fiscalia.gov.co\/colombia\/noticias\/en-tulua-envian-a-la-carcel-a-un-hombre-que-estaria-extorsionando-a-un-empleado-de-una-empresa-de-giros\/#primaryimage","url":"https:\/\/www.fiscalia.gov.co\/colombia\/wp-content\/uploads\/Esteban-Valencia-Marulanda.-Tulua-Valle.-Extorsion-agravada-y-abuso-de-confianza.jpg","contentUrl":"https:\/\/www.fiscalia.gov.co\/colombia\/wp-content\/uploads\/Esteban-Valencia-Marulanda.-Tulua-Valle.-Extorsion-agravada-y-abuso-de-confianza.jpg","width":1600,"height":1371,"caption":"Esteban Valencia Marulanda."},{"@type":"BreadcrumbList","@id":"https:\/\/www.fiscalia.gov.co\/colombia\/noticias\/en-tulua-envian-a-la-carcel-a-un-hombre-que-estaria-extorsionando-a-un-empleado-de-una-empresa-de-giros\/#breadcrumb","itemListElement":[{"@type":"ListItem","position":1,"name":"Home","item":"https:\/\/www.fiscalia.gov.co\/colombia\/"},{"@type":"ListItem","position":2,"name":"En Tulu\u00e1, env\u00edan a la c\u00e1rcel a un hombre que estar\u00eda extorsionando a un empleado de una empresa de giros"}]},{"@type":"WebSite","@id":"https:\/\/www.fiscalia.gov.co\/colombia\/#website","url":"https:\/\/www.fiscalia.gov.co\/colombia\/","name":"Fiscal\u00eda General de la Naci\u00f3n","description":"P\u00e1gina oficial de la Fiscal\u00eda General de la Naci\u00f3n \u2013 Colombia. Garantizamos el acceso efectivo a la justicia, la verdad y la reparaci\u00f3n de las v\u00edctimas de los delitos.","publisher":{"@id":"https:\/\/www.fiscalia.gov.co\/colombia\/#organization"},"potentialAction":[{"@type":"SearchAction","target":{"@type":"EntryPoint","urlTemplate":"https:\/\/www.fiscalia.gov.co\/colombia\/?s={search_term_string}"},"query-input":{"@type":"PropertyValueSpecification","valueRequired":true,"valueName":"search_term_string"}}],"inLanguage":"es-CO"},{"@type":"Organization","@id":"https:\/\/www.fiscalia.gov.co\/colombia\/#organization","name":"Fiscal\u00eda General de la Naci\u00f3n","url":"https:\/\/www.fiscalia.gov.co\/colombia\/","logo":{"@type":"ImageObject","inLanguage":"es-CO","@id":"https:\/\/www.fiscalia.gov.co\/colombia\/#\/schema\/logo\/image\/","url":"https:\/\/www.fiscalia.gov.co\/colombia\/wp-content\/uploads\/LogoHorizontal_1.jpg","contentUrl":"https:\/\/www.fiscalia.gov.co\/colombia\/wp-content\/uploads\/LogoHorizontal_1.jpg","width":300,"height":90,"caption":"Fiscal\u00eda General de la Naci\u00f3n"},"image":{"@id":"https:\/\/www.fiscalia.gov.co\/colombia\/#\/schema\/logo\/image\/"},"sameAs":["https:\/\/www.facebook.com\/FiscaliaCol","https:\/\/x.com\/FiscaliaCol","https:\/\/www.instagram.com\/fiscaliacol","https:\/\/www.linkedin.com\/company\/fiscalia-general-de-la-naci-n\/","https:\/\/youtube.com\/@fiscaliageneraldelanacion-4668?si=6nN79nyQICPU5iTh"]},{"@type":"Person","@id":"https:\/\/www.fiscalia.gov.co\/colombia\/#\/schema\/person\/ba9eca435947489fb25117a0cd75bf3e","name":"Johanna Islenny Prieto Pe\u00f1a","image":{"@type":"ImageObject","inLanguage":"es-CO","@id":"https:\/\/www.fiscalia.gov.co\/colombia\/#\/schema\/person\/image\/","url":"https:\/\/secure.gravatar.com\/avatar\/111433fc2acb037ffb768f6a3ca47864?s=96&d=mm&r=g","contentUrl":"https:\/\/secure.gravatar.com\/avatar\/111433fc2acb037ffb768f6a3ca47864?s=96&d=mm&r=g","caption":"Johanna Islenny Prieto Pe\u00f1a"},"url":"https:\/\/www.fiscalia.gov.co\/colombia\/author\/jprietop\/"}]}},"_links":{"self":[{"href":"https:\/\/www.fiscalia.gov.co\/colombia\/wp-json\/wp\/v2\/posts\/327451","targetHints":{"allow":["GET"]}}],"collection":[{"href":"https:\/\/www.fiscalia.gov.co\/colombia\/wp-json\/wp\/v2\/posts"}],"about":[{"href":"https:\/\/www.fiscalia.gov.co\/colombia\/wp-json\/wp\/v2\/types\/post"}],"author":[{"embeddable":true,"href":"https:\/\/www.fiscalia.gov.co\/colombia\/wp-json\/wp\/v2\/users\/181"}],"replies":[{"embeddable":true,"href":"https:\/\/www.fiscalia.gov.co\/colombia\/wp-json\/wp\/v2\/comments?post=327451"}],"version-history":[{"count":1,"href":"https:\/\/www.fiscalia.gov.co\/colombia\/wp-json\/wp\/v2\/posts\/327451\/revisions"}],"predecessor-version":[{"id":327453,"href":"https:\/\/www.fiscalia.gov.co\/colombia\/wp-json\/wp\/v2\/posts\/327451\/revisions\/327453"}],"wp:attachment":[{"href":"https:\/\/www.fiscalia.gov.co\/colombia\/wp-json\/wp\/v2\/media?parent=327451"}],"wp:term":[{"taxonomy":"category","embeddable":true,"href":"https:\/\/www.fiscalia.gov.co\/colombia\/wp-json\/wp\/v2\/categories?post=327451"},{"taxonomy":"post_tag","embeddable":true,"href":"https:\/\/www.fiscalia.gov.co\/colombia\/wp-json\/wp\/v2\/tags?post=327451"}],"curies":[{"name":"wp","href":"https:\/\/api.w.org\/{rel}","templated":true}]}}