{"id":327397,"date":"2025-11-19T17:16:12","date_gmt":"2025-11-19T22:16:12","guid":{"rendered":"https:\/\/www.fiscalia.gov.co\/colombia\/?p=327397"},"modified":"2025-11-19T17:16:46","modified_gmt":"2025-11-19T22:16:46","slug":"enviados-a-la-carcel-presuntos-involucrados-en-los-asesinatos-de-dos-ciudadanos-en-casanare","status":"publish","type":"post","link":"https:\/\/www.fiscalia.gov.co\/colombia\/noticias\/enviados-a-la-carcel-presuntos-involucrados-en-los-asesinatos-de-dos-ciudadanos-en-casanare\/","title":{"rendered":"Enviados a la c\u00e1rcel presuntos involucrados en los asesinatos de dos ciudadanos en Casanare"},"content":{"rendered":"<p>Por solicitud de la Fiscal\u00eda General de la Naci\u00f3n, jueces de control de garant\u00edas impusieron medidas de <strong>aseguramiento en centro carcelario a Miguel \u00c1ngel Silva Arroyo<\/strong>, Jeysson Armando Plazas Castillo y Edwin C\u00f3rdoba Cord\u00f3n, por su presunta responsabilidad en los asesinatos de dos hombres,<strong> ocurridos en hechos diferentes en Yopal (Casanare).<\/strong><\/p>\n<figure id=\"attachment_327398\" aria-describedby=\"caption-attachment-327398\" style=\"width: 300px\" class=\"wp-caption alignnone\"><img loading=\"lazy\" decoding=\"async\" class=\"size-medium wp-image-327398\" src=\"https:\/\/www.fiscalia.gov.co\/colombia\/wp-content\/uploads\/da5d6a3e-56e3-4e1f-9d52-de3655e6005b-300x223.jpg\" alt=\"Los captureados aparecen custodiados por uniformados de la Polic\u00eda y detr\u00e1s de ellos un pebnd\u00f3n institucional.\" width=\"300\" height=\"223\" srcset=\"https:\/\/www.fiscalia.gov.co\/colombia\/wp-content\/uploads\/da5d6a3e-56e3-4e1f-9d52-de3655e6005b-300x223.jpg 300w, https:\/\/www.fiscalia.gov.co\/colombia\/wp-content\/uploads\/da5d6a3e-56e3-4e1f-9d52-de3655e6005b-1024x761.jpg 1024w, https:\/\/www.fiscalia.gov.co\/colombia\/wp-content\/uploads\/da5d6a3e-56e3-4e1f-9d52-de3655e6005b-768x571.jpg 768w, https:\/\/www.fiscalia.gov.co\/colombia\/wp-content\/uploads\/da5d6a3e-56e3-4e1f-9d52-de3655e6005b-1536x1141.jpg 1536w, https:\/\/www.fiscalia.gov.co\/colombia\/wp-content\/uploads\/da5d6a3e-56e3-4e1f-9d52-de3655e6005b-565x420.jpg 565w, https:\/\/www.fiscalia.gov.co\/colombia\/wp-content\/uploads\/da5d6a3e-56e3-4e1f-9d52-de3655e6005b-80x60.jpg 80w, https:\/\/www.fiscalia.gov.co\/colombia\/wp-content\/uploads\/da5d6a3e-56e3-4e1f-9d52-de3655e6005b-485x360.jpg 485w, https:\/\/www.fiscalia.gov.co\/colombia\/wp-content\/uploads\/da5d6a3e-56e3-4e1f-9d52-de3655e6005b-696x517.jpg 696w, https:\/\/www.fiscalia.gov.co\/colombia\/wp-content\/uploads\/da5d6a3e-56e3-4e1f-9d52-de3655e6005b-1068x794.jpg 1068w, https:\/\/www.fiscalia.gov.co\/colombia\/wp-content\/uploads\/da5d6a3e-56e3-4e1f-9d52-de3655e6005b-265x198.jpg 265w, https:\/\/www.fiscalia.gov.co\/colombia\/wp-content\/uploads\/da5d6a3e-56e3-4e1f-9d52-de3655e6005b.jpg 1600w\" sizes=\"auto, (max-width: 300px) 100vw, 300px\" \/><figcaption id=\"caption-attachment-327398\" class=\"wp-caption-text\">Los procesdos fueron enviados a la c\u00e0rcel por solicitud de un Fiscal de la Seccional Casanare.<\/figcaption><\/figure>\n<p>Fiscales de la Seccional Casanare les imputaron, de acuerdo con su responsabilidad individual, los delitos de <a href=\"https:\/\/www.fiscalia.gov.co\/colombia\/noticias\/por-homicidio-agravado-fue-judicializado-hombre-senalado-de-crimen-de-su-hijastro-de-4-anos-en-medellin\/\" target=\"_blank\" rel=\"noopener\">homicidio agravado y homicidio<\/a>. Ninguno acept\u00f3 los cargos endilgados.<\/p>\n<p>La Fiscal\u00eda <a href=\"https:\/\/www.fiscalia.gov.co\/colombia\/noticias\/fiscalia-logro-confirmar-sentencia-de-35-anos-de-prision-contra-un-hombre-por-homicidio-agravado\/\" target=\"_blank\" rel=\"noopener\">evidenci\u00f3 que el pasado 2 de noviembre, Silvia Arroyo y Plazas Castillo<\/a> tuvieron una ri\u00f1a con un comerciante, a quien, presuntamente, golpearon hasta la muerte.<\/p>\n<figure id=\"attachment_327399\" aria-describedby=\"caption-attachment-327399\" style=\"width: 300px\" class=\"wp-caption alignnone\"><img loading=\"lazy\" decoding=\"async\" class=\"size-medium wp-image-327399\" src=\"https:\/\/www.fiscalia.gov.co\/colombia\/wp-content\/uploads\/d8d9ef5b-dbf2-4d07-a291-f46eb701b57c-300x213.jpg\" alt=\"Los captureados aparecen custodiados por uniformados de la Polic\u00eda y detr\u00e1s de ellos un pebnd\u00f3n institucional.\" width=\"300\" height=\"213\" srcset=\"https:\/\/www.fiscalia.gov.co\/colombia\/wp-content\/uploads\/d8d9ef5b-dbf2-4d07-a291-f46eb701b57c-300x213.jpg 300w, https:\/\/www.fiscalia.gov.co\/colombia\/wp-content\/uploads\/d8d9ef5b-dbf2-4d07-a291-f46eb701b57c-1024x727.jpg 1024w, https:\/\/www.fiscalia.gov.co\/colombia\/wp-content\/uploads\/d8d9ef5b-dbf2-4d07-a291-f46eb701b57c-768x545.jpg 768w, https:\/\/www.fiscalia.gov.co\/colombia\/wp-content\/uploads\/d8d9ef5b-dbf2-4d07-a291-f46eb701b57c-1536x1091.jpg 1536w, https:\/\/www.fiscalia.gov.co\/colombia\/wp-content\/uploads\/d8d9ef5b-dbf2-4d07-a291-f46eb701b57c-592x420.jpg 592w, https:\/\/www.fiscalia.gov.co\/colombia\/wp-content\/uploads\/d8d9ef5b-dbf2-4d07-a291-f46eb701b57c-696x494.jpg 696w, https:\/\/www.fiscalia.gov.co\/colombia\/wp-content\/uploads\/d8d9ef5b-dbf2-4d07-a291-f46eb701b57c-1068x758.jpg 1068w, https:\/\/www.fiscalia.gov.co\/colombia\/wp-content\/uploads\/d8d9ef5b-dbf2-4d07-a291-f46eb701b57c-100x70.jpg 100w, https:\/\/www.fiscalia.gov.co\/colombia\/wp-content\/uploads\/d8d9ef5b-dbf2-4d07-a291-f46eb701b57c.jpg 1600w\" sizes=\"auto, (max-width: 300px) 100vw, 300px\" \/><figcaption id=\"caption-attachment-327399\" class=\"wp-caption-text\">Los procesdos fueron enviados a la c\u00e0rcel por solicitud de un Fiscal de la Seccional Casanare.<\/figcaption><\/figure>\n<p>Estos hombres fueron capturados por la Polic\u00eda Nacional en Aguazul (Casanare) y Sogamoso (Boyac\u00e1).<\/p>\n<p>De otra parte, el pasado 1 de junio en el sector conocido como Llano Lindo, C\u00f3rdoba Cord\u00f3n durante una ri\u00f1a, <a href=\"https:\/\/www.fiscalia.gov.co\/colombia\/noticias\/fiscalia-imputa-por-homicidio-agravado-a-presuntos-implicados-en-la-planeacion-y-ejecucion-del-magnicidio-del-precandidato-presidencial-miguel-uribe-turbay\/\" target=\"_blank\" rel=\"noopener\">al parecer atac\u00f3 con arma cortopunzante<\/a> a un hombre, en varias oportunidades, hasta ocasionarle la muerte.<\/p>\n<p>La Polic\u00eda Nacional lo captur\u00f3 en el peaje El Charte, en la v\u00eda que de Yopal conduce a Aguazul (Casanare).<\/p>\n<p>LAZL\/LMFO\/AMCJ\/APS\/DSC\/<\/p>\n<p>&nbsp;<\/p>\n<p>&nbsp;<\/p>\n<p>&nbsp;<\/p>\n<p>&nbsp;<\/p>\n<p><i>La informaci\u00f3n contenida en este bolet\u00edn de prensa corresponde a la narraci\u00f3n de los hechos noticiosos objetivos, suministrados por los funcionarios encargados de adelantar las investigaciones penales al interior de la Fiscal\u00eda General de la Naci\u00f3n. Para el momento de la divulgaci\u00f3n de este comunicado, la situaci\u00f3n jur\u00eddica de la(s) persona(s) relacionada(s) se encuentra pendiente de resolver por la autoridad judicial competente, siempre bajo los preceptos de la presunci\u00f3n de inocencia, consagrados en el art\u00edculo 29 de la Constituci\u00f3n Pol\u00edtica y el art\u00edculo 7\u00ba de la Ley 906 de 2004.<\/i><\/p>\n<div><\/div>\n<div><\/div>\n<div><\/div>\n\n<div class=\"twitter-share\"><a href=\"https:\/\/twitter.com\/intent\/tweet?via=fiscaliacol\" class=\"twitter-share-button\">Tweet<\/a><\/div>\n","protected":false},"excerpt":{"rendered":"<p>Por solicitud de la Fiscal\u00eda General de la Naci\u00f3n, jueces de control de garant\u00edas impusieron medidas de aseguramiento en centro carcelario a Miguel \u00c1ngel Silva Arroyo, Jeysson Armando Plazas Castillo y Edwin C\u00f3rdoba Cord\u00f3n, por su presunta responsabilidad en los asesinatos de dos hombres, ocurridos en hechos diferentes en Yopal (Casanare). Fiscales de la Seccional [&hellip;]<\/p>\n","protected":false},"author":181,"featured_media":0,"comment_status":"closed","ping_status":"open","sticky":false,"template":"","format":"standard","meta":{"_price":"","_stock":"","_tribe_ticket_header":"","_tribe_default_ticket_provider":"","_tribe_ticket_capacity":"0","_ticket_start_date":"","_ticket_end_date":"","_tribe_ticket_show_description":"","_tribe_ticket_show_not_going":false,"_tribe_ticket_use_global_stock":"","_tribe_ticket_global_stock_level":"","_global_stock_mode":"","_global_stock_cap":"","_tribe_rsvp_for_event":"","_tribe_ticket_going_count":"","_tribe_ticket_not_going_count":"","_tribe_tickets_list":"[]","_tribe_ticket_has_attendee_info_fields":false,"tdm_status":"","tdm_grid_status":"","footnotes":""},"categories":[1,24099],"tags":[924,14550,37492,4614,24187,24481,1047,686,1185],"class_list":{"0":"post-327397","1":"post","2":"type-post","3":"status-publish","4":"format-standard","6":"category-noticias","7":"category-seguridad-territorial","8":"tag-captura","9":"tag-carcel","10":"tag-fiscal-luz-adriana-camargo","11":"tag-fiscalia-2","12":"tag-fiscalia-colombia","13":"tag-fiscalia-de-colombia","14":"tag-fiscalia-general-de-la-nacion","15":"tag-homicidio-agravado","16":"tag-medida-de-aseguramiento"},"yoast_head":"<!-- This site is optimized with the Yoast SEO plugin v24.3 - https:\/\/yoast.com\/wordpress\/plugins\/seo\/ -->\n<title>Fiscal\u00eda General de la Naci\u00f3n<\/title>\n<meta name=\"description\" content=\"P\u00e1gina oficial de la Fiscal\u00eda General de la Naci\u00f3n \u2013 Colombia. Garantizamos el acceso efectivo a la justicia, la verdad y la reparaci\u00f3n de las v\u00edctimas de los delitos.\" \/>\n<meta name=\"robots\" content=\"noindex, follow\" \/>\n<meta property=\"og:locale\" content=\"es_ES\" \/>\n<meta property=\"og:type\" content=\"article\" \/>\n<meta property=\"og:title\" content=\"Fiscal\u00eda General de la Naci\u00f3n\" \/>\n<meta property=\"og:description\" content=\"P\u00e1gina oficial de la Fiscal\u00eda General de la Naci\u00f3n \u2013 Colombia. Garantizamos el acceso efectivo a la justicia, la verdad y la reparaci\u00f3n de las v\u00edctimas de los delitos.\" \/>\n<meta property=\"og:url\" content=\"https:\/\/www.fiscalia.gov.co\/colombia\/noticias\/enviados-a-la-carcel-presuntos-involucrados-en-los-asesinatos-de-dos-ciudadanos-en-casanare\/\" \/>\n<meta property=\"og:site_name\" content=\"Fiscal\u00eda General de la Naci\u00f3n\" \/>\n<meta property=\"article:publisher\" content=\"https:\/\/www.facebook.com\/FiscaliaCol\" \/>\n<meta property=\"article:published_time\" content=\"2025-11-19T22:16:12+00:00\" \/>\n<meta property=\"article:modified_time\" content=\"2025-11-19T22:16:46+00:00\" \/>\n<meta property=\"og:image\" content=\"https:\/\/www.fiscalia.gov.co\/colombia\/wp-content\/uploads\/da5d6a3e-56e3-4e1f-9d52-de3655e6005b.jpg\" \/>\n\t<meta property=\"og:image:width\" content=\"1600\" \/>\n\t<meta property=\"og:image:height\" content=\"1189\" \/>\n\t<meta property=\"og:image:type\" content=\"image\/jpeg\" \/>\n<meta name=\"author\" content=\"Johanna Islenny Prieto Pe\u00f1a\" \/>\n<meta name=\"twitter:card\" content=\"summary_large_image\" \/>\n<meta name=\"twitter:creator\" content=\"@FiscaliaCol\" \/>\n<meta name=\"twitter:site\" content=\"@FiscaliaCol\" \/>\n<meta name=\"twitter:label1\" content=\"Escrito por\" \/>\n\t<meta name=\"twitter:data1\" content=\"Johanna Islenny Prieto Pe\u00f1a\" \/>\n\t<meta name=\"twitter:label2\" content=\"Tiempo de lectura\" \/>\n\t<meta name=\"twitter:data2\" content=\"2 minutos\" \/>\n<script type=\"application\/ld+json\" class=\"yoast-schema-graph\">{\"@context\":\"https:\/\/schema.org\",\"@graph\":[{\"@type\":\"Article\",\"@id\":\"https:\/\/www.fiscalia.gov.co\/colombia\/noticias\/enviados-a-la-carcel-presuntos-involucrados-en-los-asesinatos-de-dos-ciudadanos-en-casanare\/#article\",\"isPartOf\":{\"@id\":\"https:\/\/www.fiscalia.gov.co\/colombia\/noticias\/enviados-a-la-carcel-presuntos-involucrados-en-los-asesinatos-de-dos-ciudadanos-en-casanare\/\"},\"author\":{\"name\":\"Johanna Islenny Prieto Pe\u00f1a\",\"@id\":\"https:\/\/www.fiscalia.gov.co\/colombia\/#\/schema\/person\/ba9eca435947489fb25117a0cd75bf3e\"},\"headline\":\"Enviados a la c\u00e1rcel presuntos involucrados en los asesinatos de dos ciudadanos en Casanare\",\"datePublished\":\"2025-11-19T22:16:12+00:00\",\"dateModified\":\"2025-11-19T22:16:46+00:00\",\"mainEntityOfPage\":{\"@id\":\"https:\/\/www.fiscalia.gov.co\/colombia\/noticias\/enviados-a-la-carcel-presuntos-involucrados-en-los-asesinatos-de-dos-ciudadanos-en-casanare\/\"},\"wordCount\":358,\"publisher\":{\"@id\":\"https:\/\/www.fiscalia.gov.co\/colombia\/#organization\"},\"image\":{\"@id\":\"https:\/\/www.fiscalia.gov.co\/colombia\/noticias\/enviados-a-la-carcel-presuntos-involucrados-en-los-asesinatos-de-dos-ciudadanos-en-casanare\/#primaryimage\"},\"thumbnailUrl\":\"https:\/\/www.fiscalia.gov.co\/colombia\/wp-content\/uploads\/da5d6a3e-56e3-4e1f-9d52-de3655e6005b-300x223.jpg\",\"keywords\":[\"Captura\",\"C\u00e1rcel\",\"Fiscal Luz Adriana Camargo\",\"Fiscal\u00eda\",\"Fiscal\u00eda Colombia\",\"Fiscal\u00eda de Colombia\",\"Fiscal\u00eda General de la Naci\u00f3n\",\"Homicidio agravado\",\"Medida de aseguramiento\"],\"articleSection\":[\"Noticias\",\"Seguridad territorial\"],\"inLanguage\":\"es-CO\"},{\"@type\":\"WebPage\",\"@id\":\"https:\/\/www.fiscalia.gov.co\/colombia\/noticias\/enviados-a-la-carcel-presuntos-involucrados-en-los-asesinatos-de-dos-ciudadanos-en-casanare\/\",\"url\":\"https:\/\/www.fiscalia.gov.co\/colombia\/noticias\/enviados-a-la-carcel-presuntos-involucrados-en-los-asesinatos-de-dos-ciudadanos-en-casanare\/\",\"name\":\"Fiscal\u00eda General de la Naci\u00f3n\",\"isPartOf\":{\"@id\":\"https:\/\/www.fiscalia.gov.co\/colombia\/#website\"},\"primaryImageOfPage\":{\"@id\":\"https:\/\/www.fiscalia.gov.co\/colombia\/noticias\/enviados-a-la-carcel-presuntos-involucrados-en-los-asesinatos-de-dos-ciudadanos-en-casanare\/#primaryimage\"},\"image\":{\"@id\":\"https:\/\/www.fiscalia.gov.co\/colombia\/noticias\/enviados-a-la-carcel-presuntos-involucrados-en-los-asesinatos-de-dos-ciudadanos-en-casanare\/#primaryimage\"},\"thumbnailUrl\":\"https:\/\/www.fiscalia.gov.co\/colombia\/wp-content\/uploads\/da5d6a3e-56e3-4e1f-9d52-de3655e6005b-300x223.jpg\",\"datePublished\":\"2025-11-19T22:16:12+00:00\",\"dateModified\":\"2025-11-19T22:16:46+00:00\",\"description\":\"P\u00e1gina oficial de la Fiscal\u00eda General de la Naci\u00f3n \u2013 Colombia. Garantizamos el acceso efectivo a la justicia, la verdad y la reparaci\u00f3n de las v\u00edctimas de los delitos.\",\"breadcrumb\":{\"@id\":\"https:\/\/www.fiscalia.gov.co\/colombia\/noticias\/enviados-a-la-carcel-presuntos-involucrados-en-los-asesinatos-de-dos-ciudadanos-en-casanare\/#breadcrumb\"},\"inLanguage\":\"es-CO\",\"potentialAction\":[{\"@type\":\"ReadAction\",\"target\":[\"https:\/\/www.fiscalia.gov.co\/colombia\/noticias\/enviados-a-la-carcel-presuntos-involucrados-en-los-asesinatos-de-dos-ciudadanos-en-casanare\/\"]}]},{\"@type\":\"ImageObject\",\"inLanguage\":\"es-CO\",\"@id\":\"https:\/\/www.fiscalia.gov.co\/colombia\/noticias\/enviados-a-la-carcel-presuntos-involucrados-en-los-asesinatos-de-dos-ciudadanos-en-casanare\/#primaryimage\",\"url\":\"https:\/\/www.fiscalia.gov.co\/colombia\/wp-content\/uploads\/da5d6a3e-56e3-4e1f-9d52-de3655e6005b.jpg\",\"contentUrl\":\"https:\/\/www.fiscalia.gov.co\/colombia\/wp-content\/uploads\/da5d6a3e-56e3-4e1f-9d52-de3655e6005b.jpg\",\"width\":1600,\"height\":1189,\"caption\":\"Los procesdos fueron enviados a la c\u00e0rcel por solicitud de un Fiscal de la Seccional Casanare.\"},{\"@type\":\"BreadcrumbList\",\"@id\":\"https:\/\/www.fiscalia.gov.co\/colombia\/noticias\/enviados-a-la-carcel-presuntos-involucrados-en-los-asesinatos-de-dos-ciudadanos-en-casanare\/#breadcrumb\",\"itemListElement\":[{\"@type\":\"ListItem\",\"position\":1,\"name\":\"Home\",\"item\":\"https:\/\/www.fiscalia.gov.co\/colombia\/\"},{\"@type\":\"ListItem\",\"position\":2,\"name\":\"Enviados a la c\u00e1rcel presuntos involucrados en los asesinatos de dos ciudadanos en Casanare\"}]},{\"@type\":\"WebSite\",\"@id\":\"https:\/\/www.fiscalia.gov.co\/colombia\/#website\",\"url\":\"https:\/\/www.fiscalia.gov.co\/colombia\/\",\"name\":\"Fiscal\u00eda General de la Naci\u00f3n\",\"description\":\"P\u00e1gina oficial de la Fiscal\u00eda General de la Naci\u00f3n \u2013 Colombia. Garantizamos el acceso efectivo a la justicia, la verdad y la reparaci\u00f3n de las v\u00edctimas de los delitos.\",\"publisher\":{\"@id\":\"https:\/\/www.fiscalia.gov.co\/colombia\/#organization\"},\"potentialAction\":[{\"@type\":\"SearchAction\",\"target\":{\"@type\":\"EntryPoint\",\"urlTemplate\":\"https:\/\/www.fiscalia.gov.co\/colombia\/?s={search_term_string}\"},\"query-input\":{\"@type\":\"PropertyValueSpecification\",\"valueRequired\":true,\"valueName\":\"search_term_string\"}}],\"inLanguage\":\"es-CO\"},{\"@type\":\"Organization\",\"@id\":\"https:\/\/www.fiscalia.gov.co\/colombia\/#organization\",\"name\":\"Fiscal\u00eda General de la Naci\u00f3n\",\"url\":\"https:\/\/www.fiscalia.gov.co\/colombia\/\",\"logo\":{\"@type\":\"ImageObject\",\"inLanguage\":\"es-CO\",\"@id\":\"https:\/\/www.fiscalia.gov.co\/colombia\/#\/schema\/logo\/image\/\",\"url\":\"https:\/\/www.fiscalia.gov.co\/colombia\/wp-content\/uploads\/LogoHorizontal_1.jpg\",\"contentUrl\":\"https:\/\/www.fiscalia.gov.co\/colombia\/wp-content\/uploads\/LogoHorizontal_1.jpg\",\"width\":300,\"height\":90,\"caption\":\"Fiscal\u00eda General de la Naci\u00f3n\"},\"image\":{\"@id\":\"https:\/\/www.fiscalia.gov.co\/colombia\/#\/schema\/logo\/image\/\"},\"sameAs\":[\"https:\/\/www.facebook.com\/FiscaliaCol\",\"https:\/\/x.com\/FiscaliaCol\",\"https:\/\/www.instagram.com\/fiscaliacol\",\"https:\/\/www.linkedin.com\/company\/fiscalia-general-de-la-naci-n\/\",\"https:\/\/youtube.com\/@fiscaliageneraldelanacion-4668?si=6nN79nyQICPU5iTh\"]},{\"@type\":\"Person\",\"@id\":\"https:\/\/www.fiscalia.gov.co\/colombia\/#\/schema\/person\/ba9eca435947489fb25117a0cd75bf3e\",\"name\":\"Johanna Islenny Prieto Pe\u00f1a\",\"image\":{\"@type\":\"ImageObject\",\"inLanguage\":\"es-CO\",\"@id\":\"https:\/\/www.fiscalia.gov.co\/colombia\/#\/schema\/person\/image\/\",\"url\":\"https:\/\/secure.gravatar.com\/avatar\/111433fc2acb037ffb768f6a3ca47864?s=96&d=mm&r=g\",\"contentUrl\":\"https:\/\/secure.gravatar.com\/avatar\/111433fc2acb037ffb768f6a3ca47864?s=96&d=mm&r=g\",\"caption\":\"Johanna Islenny Prieto Pe\u00f1a\"},\"url\":\"https:\/\/www.fiscalia.gov.co\/colombia\/author\/jprietop\/\"}]}<\/script>\n<!-- \/ Yoast SEO plugin. -->","yoast_head_json":{"title":"Fiscal\u00eda General de la Naci\u00f3n","description":"P\u00e1gina oficial de la Fiscal\u00eda General de la Naci\u00f3n \u2013 Colombia. Garantizamos el acceso efectivo a la justicia, la verdad y la reparaci\u00f3n de las v\u00edctimas de los delitos.","robots":{"index":"noindex","follow":"follow"},"og_locale":"es_ES","og_type":"article","og_title":"Fiscal\u00eda General de la Naci\u00f3n","og_description":"P\u00e1gina oficial de la Fiscal\u00eda General de la Naci\u00f3n \u2013 Colombia. Garantizamos el acceso efectivo a la justicia, la verdad y la reparaci\u00f3n de las v\u00edctimas de los delitos.","og_url":"https:\/\/www.fiscalia.gov.co\/colombia\/noticias\/enviados-a-la-carcel-presuntos-involucrados-en-los-asesinatos-de-dos-ciudadanos-en-casanare\/","og_site_name":"Fiscal\u00eda General de la Naci\u00f3n","article_publisher":"https:\/\/www.facebook.com\/FiscaliaCol","article_published_time":"2025-11-19T22:16:12+00:00","article_modified_time":"2025-11-19T22:16:46+00:00","og_image":[{"width":1600,"height":1189,"url":"https:\/\/www.fiscalia.gov.co\/colombia\/wp-content\/uploads\/da5d6a3e-56e3-4e1f-9d52-de3655e6005b.jpg","type":"image\/jpeg"}],"author":"Johanna Islenny Prieto Pe\u00f1a","twitter_card":"summary_large_image","twitter_creator":"@FiscaliaCol","twitter_site":"@FiscaliaCol","twitter_misc":{"Escrito por":"Johanna Islenny Prieto Pe\u00f1a","Tiempo de lectura":"2 minutos"},"schema":{"@context":"https:\/\/schema.org","@graph":[{"@type":"Article","@id":"https:\/\/www.fiscalia.gov.co\/colombia\/noticias\/enviados-a-la-carcel-presuntos-involucrados-en-los-asesinatos-de-dos-ciudadanos-en-casanare\/#article","isPartOf":{"@id":"https:\/\/www.fiscalia.gov.co\/colombia\/noticias\/enviados-a-la-carcel-presuntos-involucrados-en-los-asesinatos-de-dos-ciudadanos-en-casanare\/"},"author":{"name":"Johanna Islenny Prieto Pe\u00f1a","@id":"https:\/\/www.fiscalia.gov.co\/colombia\/#\/schema\/person\/ba9eca435947489fb25117a0cd75bf3e"},"headline":"Enviados a la c\u00e1rcel presuntos involucrados en los asesinatos de dos ciudadanos en Casanare","datePublished":"2025-11-19T22:16:12+00:00","dateModified":"2025-11-19T22:16:46+00:00","mainEntityOfPage":{"@id":"https:\/\/www.fiscalia.gov.co\/colombia\/noticias\/enviados-a-la-carcel-presuntos-involucrados-en-los-asesinatos-de-dos-ciudadanos-en-casanare\/"},"wordCount":358,"publisher":{"@id":"https:\/\/www.fiscalia.gov.co\/colombia\/#organization"},"image":{"@id":"https:\/\/www.fiscalia.gov.co\/colombia\/noticias\/enviados-a-la-carcel-presuntos-involucrados-en-los-asesinatos-de-dos-ciudadanos-en-casanare\/#primaryimage"},"thumbnailUrl":"https:\/\/www.fiscalia.gov.co\/colombia\/wp-content\/uploads\/da5d6a3e-56e3-4e1f-9d52-de3655e6005b-300x223.jpg","keywords":["Captura","C\u00e1rcel","Fiscal Luz Adriana Camargo","Fiscal\u00eda","Fiscal\u00eda Colombia","Fiscal\u00eda de Colombia","Fiscal\u00eda General de la Naci\u00f3n","Homicidio agravado","Medida de aseguramiento"],"articleSection":["Noticias","Seguridad territorial"],"inLanguage":"es-CO"},{"@type":"WebPage","@id":"https:\/\/www.fiscalia.gov.co\/colombia\/noticias\/enviados-a-la-carcel-presuntos-involucrados-en-los-asesinatos-de-dos-ciudadanos-en-casanare\/","url":"https:\/\/www.fiscalia.gov.co\/colombia\/noticias\/enviados-a-la-carcel-presuntos-involucrados-en-los-asesinatos-de-dos-ciudadanos-en-casanare\/","name":"Fiscal\u00eda General de la Naci\u00f3n","isPartOf":{"@id":"https:\/\/www.fiscalia.gov.co\/colombia\/#website"},"primaryImageOfPage":{"@id":"https:\/\/www.fiscalia.gov.co\/colombia\/noticias\/enviados-a-la-carcel-presuntos-involucrados-en-los-asesinatos-de-dos-ciudadanos-en-casanare\/#primaryimage"},"image":{"@id":"https:\/\/www.fiscalia.gov.co\/colombia\/noticias\/enviados-a-la-carcel-presuntos-involucrados-en-los-asesinatos-de-dos-ciudadanos-en-casanare\/#primaryimage"},"thumbnailUrl":"https:\/\/www.fiscalia.gov.co\/colombia\/wp-content\/uploads\/da5d6a3e-56e3-4e1f-9d52-de3655e6005b-300x223.jpg","datePublished":"2025-11-19T22:16:12+00:00","dateModified":"2025-11-19T22:16:46+00:00","description":"P\u00e1gina oficial de la Fiscal\u00eda General de la Naci\u00f3n \u2013 Colombia. Garantizamos el acceso efectivo a la justicia, la verdad y la reparaci\u00f3n de las v\u00edctimas de los delitos.","breadcrumb":{"@id":"https:\/\/www.fiscalia.gov.co\/colombia\/noticias\/enviados-a-la-carcel-presuntos-involucrados-en-los-asesinatos-de-dos-ciudadanos-en-casanare\/#breadcrumb"},"inLanguage":"es-CO","potentialAction":[{"@type":"ReadAction","target":["https:\/\/www.fiscalia.gov.co\/colombia\/noticias\/enviados-a-la-carcel-presuntos-involucrados-en-los-asesinatos-de-dos-ciudadanos-en-casanare\/"]}]},{"@type":"ImageObject","inLanguage":"es-CO","@id":"https:\/\/www.fiscalia.gov.co\/colombia\/noticias\/enviados-a-la-carcel-presuntos-involucrados-en-los-asesinatos-de-dos-ciudadanos-en-casanare\/#primaryimage","url":"https:\/\/www.fiscalia.gov.co\/colombia\/wp-content\/uploads\/da5d6a3e-56e3-4e1f-9d52-de3655e6005b.jpg","contentUrl":"https:\/\/www.fiscalia.gov.co\/colombia\/wp-content\/uploads\/da5d6a3e-56e3-4e1f-9d52-de3655e6005b.jpg","width":1600,"height":1189,"caption":"Los procesdos fueron enviados a la c\u00e0rcel por solicitud de un Fiscal de la Seccional Casanare."},{"@type":"BreadcrumbList","@id":"https:\/\/www.fiscalia.gov.co\/colombia\/noticias\/enviados-a-la-carcel-presuntos-involucrados-en-los-asesinatos-de-dos-ciudadanos-en-casanare\/#breadcrumb","itemListElement":[{"@type":"ListItem","position":1,"name":"Home","item":"https:\/\/www.fiscalia.gov.co\/colombia\/"},{"@type":"ListItem","position":2,"name":"Enviados a la c\u00e1rcel presuntos involucrados en los asesinatos de dos ciudadanos en Casanare"}]},{"@type":"WebSite","@id":"https:\/\/www.fiscalia.gov.co\/colombia\/#website","url":"https:\/\/www.fiscalia.gov.co\/colombia\/","name":"Fiscal\u00eda General de la Naci\u00f3n","description":"P\u00e1gina oficial de la Fiscal\u00eda General de la Naci\u00f3n \u2013 Colombia. Garantizamos el acceso efectivo a la justicia, la verdad y la reparaci\u00f3n de las v\u00edctimas de los delitos.","publisher":{"@id":"https:\/\/www.fiscalia.gov.co\/colombia\/#organization"},"potentialAction":[{"@type":"SearchAction","target":{"@type":"EntryPoint","urlTemplate":"https:\/\/www.fiscalia.gov.co\/colombia\/?s={search_term_string}"},"query-input":{"@type":"PropertyValueSpecification","valueRequired":true,"valueName":"search_term_string"}}],"inLanguage":"es-CO"},{"@type":"Organization","@id":"https:\/\/www.fiscalia.gov.co\/colombia\/#organization","name":"Fiscal\u00eda General de la Naci\u00f3n","url":"https:\/\/www.fiscalia.gov.co\/colombia\/","logo":{"@type":"ImageObject","inLanguage":"es-CO","@id":"https:\/\/www.fiscalia.gov.co\/colombia\/#\/schema\/logo\/image\/","url":"https:\/\/www.fiscalia.gov.co\/colombia\/wp-content\/uploads\/LogoHorizontal_1.jpg","contentUrl":"https:\/\/www.fiscalia.gov.co\/colombia\/wp-content\/uploads\/LogoHorizontal_1.jpg","width":300,"height":90,"caption":"Fiscal\u00eda General de la Naci\u00f3n"},"image":{"@id":"https:\/\/www.fiscalia.gov.co\/colombia\/#\/schema\/logo\/image\/"},"sameAs":["https:\/\/www.facebook.com\/FiscaliaCol","https:\/\/x.com\/FiscaliaCol","https:\/\/www.instagram.com\/fiscaliacol","https:\/\/www.linkedin.com\/company\/fiscalia-general-de-la-naci-n\/","https:\/\/youtube.com\/@fiscaliageneraldelanacion-4668?si=6nN79nyQICPU5iTh"]},{"@type":"Person","@id":"https:\/\/www.fiscalia.gov.co\/colombia\/#\/schema\/person\/ba9eca435947489fb25117a0cd75bf3e","name":"Johanna Islenny Prieto Pe\u00f1a","image":{"@type":"ImageObject","inLanguage":"es-CO","@id":"https:\/\/www.fiscalia.gov.co\/colombia\/#\/schema\/person\/image\/","url":"https:\/\/secure.gravatar.com\/avatar\/111433fc2acb037ffb768f6a3ca47864?s=96&d=mm&r=g","contentUrl":"https:\/\/secure.gravatar.com\/avatar\/111433fc2acb037ffb768f6a3ca47864?s=96&d=mm&r=g","caption":"Johanna Islenny Prieto Pe\u00f1a"},"url":"https:\/\/www.fiscalia.gov.co\/colombia\/author\/jprietop\/"}]}},"_links":{"self":[{"href":"https:\/\/www.fiscalia.gov.co\/colombia\/wp-json\/wp\/v2\/posts\/327397","targetHints":{"allow":["GET"]}}],"collection":[{"href":"https:\/\/www.fiscalia.gov.co\/colombia\/wp-json\/wp\/v2\/posts"}],"about":[{"href":"https:\/\/www.fiscalia.gov.co\/colombia\/wp-json\/wp\/v2\/types\/post"}],"author":[{"embeddable":true,"href":"https:\/\/www.fiscalia.gov.co\/colombia\/wp-json\/wp\/v2\/users\/181"}],"replies":[{"embeddable":true,"href":"https:\/\/www.fiscalia.gov.co\/colombia\/wp-json\/wp\/v2\/comments?post=327397"}],"version-history":[{"count":2,"href":"https:\/\/www.fiscalia.gov.co\/colombia\/wp-json\/wp\/v2\/posts\/327397\/revisions"}],"predecessor-version":[{"id":327401,"href":"https:\/\/www.fiscalia.gov.co\/colombia\/wp-json\/wp\/v2\/posts\/327397\/revisions\/327401"}],"wp:attachment":[{"href":"https:\/\/www.fiscalia.gov.co\/colombia\/wp-json\/wp\/v2\/media?parent=327397"}],"wp:term":[{"taxonomy":"category","embeddable":true,"href":"https:\/\/www.fiscalia.gov.co\/colombia\/wp-json\/wp\/v2\/categories?post=327397"},{"taxonomy":"post_tag","embeddable":true,"href":"https:\/\/www.fiscalia.gov.co\/colombia\/wp-json\/wp\/v2\/tags?post=327397"}],"curies":[{"name":"wp","href":"https:\/\/api.w.org\/{rel}","templated":true}]}}