{"id":327387,"date":"2025-11-19T17:04:42","date_gmt":"2025-11-19T22:04:42","guid":{"rendered":"https:\/\/www.fiscalia.gov.co\/colombia\/?p=327387"},"modified":"2025-11-19T17:09:03","modified_gmt":"2025-11-19T22:09:03","slug":"en-valle-del-cauca-fueron-judicializados-tres-presuntos-implicados-en-delitos-contra-la-vida","status":"publish","type":"post","link":"https:\/\/www.fiscalia.gov.co\/colombia\/noticias\/en-valle-del-cauca-fueron-judicializados-tres-presuntos-implicados-en-delitos-contra-la-vida\/","title":{"rendered":"En Valle del Cauca fueron judicializados tres presuntos implicados en delitos contra la vida"},"content":{"rendered":"<p>La Fiscal\u00eda General de la Naci\u00f3n present\u00f3 ante jueces de control de garant\u00edas a tres personas que<strong> estar\u00edan involucradas en delitos contra la vida<\/strong>, en hechos diferentes ocurridos en Argelia, Guadalajara de Buga y Restrepo (Valle del Cauca).<\/p>\n<figure id=\"attachment_327391\" aria-describedby=\"caption-attachment-327391\" style=\"width: 300px\" class=\"wp-caption alignnone\"><img loading=\"lazy\" decoding=\"async\" class=\"size-medium wp-image-327391\" src=\"https:\/\/www.fiscalia.gov.co\/colombia\/wp-content\/uploads\/Davinson-Ramirez-Leon.-Homicidio.-Argelia-Valle-300x233.jpg\" alt=\"En la fotograf\u00eda aparece de pie y con los brazos atr\u00e1s Davinson Ram\u00edrez Le\u00f3n. Viste con camiseta esqueleto de color blanco y pantal\u00f3n oscuro. En su extremo derecho hay un servidor del CTI de la Fiscal\u00eda y en el izquierdo un uniformado de la Polic\u00eda Nacional. Delante de ellos hay una mesa con mantel blanco y sobre ella hay un letrero que dice: \u2018Capturado Homicidio\u2019. Detr\u00e1s de ellos hay un pend\u00f3n institucional de la Polic\u00eda.\" width=\"300\" height=\"233\" srcset=\"https:\/\/www.fiscalia.gov.co\/colombia\/wp-content\/uploads\/Davinson-Ramirez-Leon.-Homicidio.-Argelia-Valle-300x233.jpg 300w, https:\/\/www.fiscalia.gov.co\/colombia\/wp-content\/uploads\/Davinson-Ramirez-Leon.-Homicidio.-Argelia-Valle-1024x796.jpg 1024w, https:\/\/www.fiscalia.gov.co\/colombia\/wp-content\/uploads\/Davinson-Ramirez-Leon.-Homicidio.-Argelia-Valle-768x597.jpg 768w, https:\/\/www.fiscalia.gov.co\/colombia\/wp-content\/uploads\/Davinson-Ramirez-Leon.-Homicidio.-Argelia-Valle-1536x1193.jpg 1536w, https:\/\/www.fiscalia.gov.co\/colombia\/wp-content\/uploads\/Davinson-Ramirez-Leon.-Homicidio.-Argelia-Valle-541x420.jpg 541w, https:\/\/www.fiscalia.gov.co\/colombia\/wp-content\/uploads\/Davinson-Ramirez-Leon.-Homicidio.-Argelia-Valle-696x541.jpg 696w, https:\/\/www.fiscalia.gov.co\/colombia\/wp-content\/uploads\/Davinson-Ramirez-Leon.-Homicidio.-Argelia-Valle-1068x830.jpg 1068w, https:\/\/www.fiscalia.gov.co\/colombia\/wp-content\/uploads\/Davinson-Ramirez-Leon.-Homicidio.-Argelia-Valle.jpg 1600w\" sizes=\"auto, (max-width: 300px) 100vw, 300px\" \/><figcaption id=\"caption-attachment-327391\" class=\"wp-caption-text\">Davinson Ram\u00edrez Le\u00f3n.<\/figcaption><\/figure>\n<p>Fiscales de la Seccional Valle del Cauca imputaron a los presuntos implicados, de acuerdo con su participaci\u00f3n individual,<strong> por delitos de homicidio, homicidio en grado de tentativa, homicidio agravado; y fabricaci\u00f3n, tr\u00e1fico<\/strong>, porte o tenencia de armas de fuego, accesorios, partes o municiones.<\/p>\n<figure id=\"attachment_327392\" aria-describedby=\"caption-attachment-327392\" style=\"width: 300px\" class=\"wp-caption alignnone\"><img loading=\"lazy\" decoding=\"async\" class=\"size-medium wp-image-327392\" src=\"https:\/\/www.fiscalia.gov.co\/colombia\/wp-content\/uploads\/John-Jairo-Soto-Raigosa.-Homicidio-agravado.-Buga-Valle-300x234.jpg\" alt=\"En la fotograf\u00eda aparece de pie y con los brazos atr\u00e1s John Jairo Soto Raigosa. Viste con camisa de cuello y mangas cortas, de color verde oscuro; con ribetes blancos en mangas y cuello; jean azul. En sus extremos hay uniformados de la Polic\u00eda Nacional. Detr\u00e1s de ellos hay un pend\u00f3n institucional de la Polic\u00eda.\" width=\"300\" height=\"234\" srcset=\"https:\/\/www.fiscalia.gov.co\/colombia\/wp-content\/uploads\/John-Jairo-Soto-Raigosa.-Homicidio-agravado.-Buga-Valle-300x234.jpg 300w, https:\/\/www.fiscalia.gov.co\/colombia\/wp-content\/uploads\/John-Jairo-Soto-Raigosa.-Homicidio-agravado.-Buga-Valle-1024x799.jpg 1024w, https:\/\/www.fiscalia.gov.co\/colombia\/wp-content\/uploads\/John-Jairo-Soto-Raigosa.-Homicidio-agravado.-Buga-Valle-768x600.jpg 768w, https:\/\/www.fiscalia.gov.co\/colombia\/wp-content\/uploads\/John-Jairo-Soto-Raigosa.-Homicidio-agravado.-Buga-Valle-1536x1199.jpg 1536w, https:\/\/www.fiscalia.gov.co\/colombia\/wp-content\/uploads\/John-Jairo-Soto-Raigosa.-Homicidio-agravado.-Buga-Valle-538x420.jpg 538w, https:\/\/www.fiscalia.gov.co\/colombia\/wp-content\/uploads\/John-Jairo-Soto-Raigosa.-Homicidio-agravado.-Buga-Valle-696x543.jpg 696w, https:\/\/www.fiscalia.gov.co\/colombia\/wp-content\/uploads\/John-Jairo-Soto-Raigosa.-Homicidio-agravado.-Buga-Valle-1068x834.jpg 1068w, https:\/\/www.fiscalia.gov.co\/colombia\/wp-content\/uploads\/John-Jairo-Soto-Raigosa.-Homicidio-agravado.-Buga-Valle.jpg 1600w\" sizes=\"auto, (max-width: 300px) 100vw, 300px\" \/><figcaption id=\"caption-attachment-327392\" class=\"wp-caption-text\">John Jairo Soto Raigosa. Homicidio agravado. Buga (Valle).<\/figcaption><\/figure>\n<p>En audiencias concentradas jueces de control de garant\u00edas les impusieron medidas de aseguramiento en centros carcelarios.<\/p>\n<p>Inicialmente, en Argelia fue judicializado Davinson Ram\u00edrez Le\u00f3n, de 30 a\u00f1os, quien el 28 de septiembre, <strong>en un establecimiento p\u00fablico, al parecer, atac\u00f3 con arma cortopunzante a un hombre que estaba en compa\u00f1\u00eda de su excompa\u00f1era sentimental<\/strong>. La v\u00edctima recibi\u00f3 cinco heridas que le provocaron la muerte.<\/p>\n<figure id=\"attachment_327393\" aria-describedby=\"caption-attachment-327393\" style=\"width: 300px\" class=\"wp-caption alignnone\"><img loading=\"lazy\" decoding=\"async\" class=\"size-medium wp-image-327393\" src=\"https:\/\/www.fiscalia.gov.co\/colombia\/wp-content\/uploads\/Samuel-Castano-Garcia.-Homicidio-tentado-y-porte-ilegal-armas.-Restrepo-Valle-300x245.jpg\" alt=\"En la fotograf\u00eda aparece de pie, de espaldas a la c\u00e1mara, con los brazos atr\u00e1s y esposado Samuel Casta\u00f1o Garc\u00eda. Viste con buso de mangas largas y color crema, as\u00ed como pantal\u00f3n negro. En los extremos hay uniformados de la Polic\u00eda Nacional. En la parte delantera hay una superficie verde y sobre ella hay un letrero que dice: \u2018orden judicial\u2019. En la parte posterior hay un pend\u00f3n institucional de la Polic\u00eda.\" width=\"300\" height=\"245\" srcset=\"https:\/\/www.fiscalia.gov.co\/colombia\/wp-content\/uploads\/Samuel-Castano-Garcia.-Homicidio-tentado-y-porte-ilegal-armas.-Restrepo-Valle-300x245.jpg 300w, https:\/\/www.fiscalia.gov.co\/colombia\/wp-content\/uploads\/Samuel-Castano-Garcia.-Homicidio-tentado-y-porte-ilegal-armas.-Restrepo-Valle-1024x838.jpg 1024w, https:\/\/www.fiscalia.gov.co\/colombia\/wp-content\/uploads\/Samuel-Castano-Garcia.-Homicidio-tentado-y-porte-ilegal-armas.-Restrepo-Valle-768x628.jpg 768w, https:\/\/www.fiscalia.gov.co\/colombia\/wp-content\/uploads\/Samuel-Castano-Garcia.-Homicidio-tentado-y-porte-ilegal-armas.-Restrepo-Valle-1536x1257.jpg 1536w, https:\/\/www.fiscalia.gov.co\/colombia\/wp-content\/uploads\/Samuel-Castano-Garcia.-Homicidio-tentado-y-porte-ilegal-armas.-Restrepo-Valle-513x420.jpg 513w, https:\/\/www.fiscalia.gov.co\/colombia\/wp-content\/uploads\/Samuel-Castano-Garcia.-Homicidio-tentado-y-porte-ilegal-armas.-Restrepo-Valle-696x569.jpg 696w, https:\/\/www.fiscalia.gov.co\/colombia\/wp-content\/uploads\/Samuel-Castano-Garcia.-Homicidio-tentado-y-porte-ilegal-armas.-Restrepo-Valle-1068x874.jpg 1068w, https:\/\/www.fiscalia.gov.co\/colombia\/wp-content\/uploads\/Samuel-Castano-Garcia.-Homicidio-tentado-y-porte-ilegal-armas.-Restrepo-Valle.jpg 1600w\" sizes=\"auto, (max-width: 300px) 100vw, 300px\" \/><figcaption id=\"caption-attachment-327393\" class=\"wp-caption-text\">Samuel Casta\u00f1o Garc\u00eda.<\/figcaption><\/figure>\n<p>En otro hecho, ocurrido en Guadalajara de Buga, fue judicializado John Jairo Soto Raigosa como presunto responsable de haber atacado con arma de fuego a un hombre, con quien habr\u00eda discutido<strong> el pasado 9 de septiembre en un establecimiento comercial ubicado<\/strong> en el corregimiento La Habana.\u00a0 El procesado fue capturado en flagrancia cuando intentaba huir.<\/p>\n<p>Finalmente, Samuel Casta\u00f1o Garc\u00eda fue judicializado por su presunta responsabilidad en el ataque con arma de fuego a dos personas en hechos ocurridos el pasado 9 mayo, en el barrio El Alto de Restrepo (Valle del Cauca).<strong> Las v\u00edctimas fueron trasladadas a centros asistenciales donde les salvaron la vida.<\/strong><\/p>\n<p>MAP\/DSVC\/AMCJ\/<\/p>\n<p>&nbsp;<\/p>\n<p>&nbsp;<\/p>\n<p>&nbsp;<\/p>\n<p>&nbsp;<\/p>\n<div><i>La informaci\u00f3n contenida en este bolet\u00edn de\u00a0prensa corresponde a la narraci\u00f3n de\u00a0los hechos noticiosos objetivos, suministrados por los funcionarios encargados de\u00a0adelantar las investigaciones penales al interior de\u00a0la Fiscal\u00eda General de\u00a0la Naci\u00f3n. Para el momento de\u00a0la divulgaci\u00f3n de\u00a0este comunicado, la situaci\u00f3n jur\u00eddica de\u00a0la(s) persona(s) relacionada(s) se\u00a0encuentra pendiente de\u00a0resolver por la autoridad judicial competente, siempre bajo los preceptos de\u00a0la presunci\u00f3n de\u00a0inocencia, consagrados en el art\u00edculo 29 de\u00a0la Constituci\u00f3n Pol\u00edtica y el art\u00edculo 7\u00ba de\u00a0la Ley 906 de\u00a02004.<\/i><\/div>\n\n<div class=\"twitter-share\"><a href=\"https:\/\/twitter.com\/intent\/tweet?via=fiscaliacol\" class=\"twitter-share-button\">Tweet<\/a><\/div>\n","protected":false},"excerpt":{"rendered":"<p>La Fiscal\u00eda General de la Naci\u00f3n present\u00f3 ante jueces de control de garant\u00edas a tres personas que estar\u00edan involucradas en delitos contra la vida, en hechos diferentes ocurridos en Argelia, Guadalajara de Buga y Restrepo (Valle del Cauca). Fiscales de la Seccional Valle del Cauca imputaron a los presuntos implicados, de acuerdo con su participaci\u00f3n [&hellip;]<\/p>\n","protected":false},"author":181,"featured_media":0,"comment_status":"closed","ping_status":"open","sticky":false,"template":"","format":"standard","meta":{"_price":"","_stock":"","_tribe_ticket_header":"","_tribe_default_ticket_provider":"","_tribe_ticket_capacity":"0","_ticket_start_date":"","_ticket_end_date":"","_tribe_ticket_show_description":"","_tribe_ticket_show_not_going":false,"_tribe_ticket_use_global_stock":"","_tribe_ticket_global_stock_level":"","_global_stock_mode":"","_global_stock_cap":"","_tribe_rsvp_for_event":"","_tribe_ticket_going_count":"","_tribe_ticket_not_going_count":"","_tribe_tickets_list":"[]","_tribe_ticket_has_attendee_info_fields":false,"tdm_status":"","tdm_grid_status":"","footnotes":""},"categories":[1,24099],"tags":[78,37492,4614,24187,24481,1047],"class_list":{"0":"post-327387","1":"post","2":"type-post","3":"status-publish","4":"format-standard","6":"category-noticias","7":"category-seguridad-territorial","8":"tag-fiscal-general-de-la-nacion","9":"tag-fiscal-luz-adriana-camargo","10":"tag-fiscalia-2","11":"tag-fiscalia-colombia","12":"tag-fiscalia-de-colombia","13":"tag-fiscalia-general-de-la-nacion"},"yoast_head":"<!-- This site is optimized with the Yoast SEO plugin v24.3 - https:\/\/yoast.com\/wordpress\/plugins\/seo\/ -->\n<title>Fiscal\u00eda General de la Naci\u00f3n<\/title>\n<meta name=\"description\" content=\"P\u00e1gina oficial de la Fiscal\u00eda General de la Naci\u00f3n \u2013 Colombia. Garantizamos el acceso efectivo a la justicia, la verdad y la reparaci\u00f3n de las v\u00edctimas de los delitos.\" \/>\n<meta name=\"robots\" content=\"noindex, follow\" \/>\n<meta property=\"og:locale\" content=\"es_ES\" \/>\n<meta property=\"og:type\" content=\"article\" \/>\n<meta property=\"og:title\" content=\"Fiscal\u00eda General de la Naci\u00f3n\" \/>\n<meta property=\"og:description\" content=\"P\u00e1gina oficial de la Fiscal\u00eda General de la Naci\u00f3n \u2013 Colombia. Garantizamos el acceso efectivo a la justicia, la verdad y la reparaci\u00f3n de las v\u00edctimas de los delitos.\" \/>\n<meta property=\"og:url\" content=\"https:\/\/www.fiscalia.gov.co\/colombia\/noticias\/en-valle-del-cauca-fueron-judicializados-tres-presuntos-implicados-en-delitos-contra-la-vida\/\" \/>\n<meta property=\"og:site_name\" content=\"Fiscal\u00eda General de la Naci\u00f3n\" \/>\n<meta property=\"article:publisher\" content=\"https:\/\/www.facebook.com\/FiscaliaCol\" \/>\n<meta property=\"article:published_time\" content=\"2025-11-19T22:04:42+00:00\" \/>\n<meta property=\"article:modified_time\" content=\"2025-11-19T22:09:03+00:00\" \/>\n<meta property=\"og:image\" content=\"https:\/\/www.fiscalia.gov.co\/colombia\/wp-content\/uploads\/Davinson-Ramirez-Leon.-Homicidio.-Argelia-Valle.jpg\" \/>\n\t<meta property=\"og:image:width\" content=\"1600\" \/>\n\t<meta property=\"og:image:height\" content=\"1243\" \/>\n\t<meta property=\"og:image:type\" content=\"image\/jpeg\" \/>\n<meta name=\"author\" content=\"Johanna Islenny Prieto Pe\u00f1a\" \/>\n<meta name=\"twitter:card\" content=\"summary_large_image\" \/>\n<meta name=\"twitter:creator\" content=\"@FiscaliaCol\" \/>\n<meta name=\"twitter:site\" content=\"@FiscaliaCol\" \/>\n<meta name=\"twitter:label1\" content=\"Escrito por\" \/>\n\t<meta name=\"twitter:data1\" content=\"Johanna Islenny Prieto Pe\u00f1a\" \/>\n\t<meta name=\"twitter:label2\" content=\"Tiempo de lectura\" \/>\n\t<meta name=\"twitter:data2\" content=\"3 minutos\" \/>\n<script type=\"application\/ld+json\" class=\"yoast-schema-graph\">{\"@context\":\"https:\/\/schema.org\",\"@graph\":[{\"@type\":\"Article\",\"@id\":\"https:\/\/www.fiscalia.gov.co\/colombia\/noticias\/en-valle-del-cauca-fueron-judicializados-tres-presuntos-implicados-en-delitos-contra-la-vida\/#article\",\"isPartOf\":{\"@id\":\"https:\/\/www.fiscalia.gov.co\/colombia\/noticias\/en-valle-del-cauca-fueron-judicializados-tres-presuntos-implicados-en-delitos-contra-la-vida\/\"},\"author\":{\"name\":\"Johanna Islenny Prieto Pe\u00f1a\",\"@id\":\"https:\/\/www.fiscalia.gov.co\/colombia\/#\/schema\/person\/ba9eca435947489fb25117a0cd75bf3e\"},\"headline\":\"En Valle del Cauca fueron judicializados tres presuntos implicados en delitos contra la vida\",\"datePublished\":\"2025-11-19T22:04:42+00:00\",\"dateModified\":\"2025-11-19T22:09:03+00:00\",\"mainEntityOfPage\":{\"@id\":\"https:\/\/www.fiscalia.gov.co\/colombia\/noticias\/en-valle-del-cauca-fueron-judicializados-tres-presuntos-implicados-en-delitos-contra-la-vida\/\"},\"wordCount\":425,\"publisher\":{\"@id\":\"https:\/\/www.fiscalia.gov.co\/colombia\/#organization\"},\"image\":{\"@id\":\"https:\/\/www.fiscalia.gov.co\/colombia\/noticias\/en-valle-del-cauca-fueron-judicializados-tres-presuntos-implicados-en-delitos-contra-la-vida\/#primaryimage\"},\"thumbnailUrl\":\"https:\/\/www.fiscalia.gov.co\/colombia\/wp-content\/uploads\/Davinson-Ramirez-Leon.-Homicidio.-Argelia-Valle-300x233.jpg\",\"keywords\":[\"Fiscal General de la Naci\u00f3n\",\"Fiscal Luz Adriana Camargo\",\"Fiscal\u00eda\",\"Fiscal\u00eda Colombia\",\"Fiscal\u00eda de Colombia\",\"Fiscal\u00eda General de la Naci\u00f3n\"],\"articleSection\":[\"Noticias\",\"Seguridad territorial\"],\"inLanguage\":\"es-CO\"},{\"@type\":\"WebPage\",\"@id\":\"https:\/\/www.fiscalia.gov.co\/colombia\/noticias\/en-valle-del-cauca-fueron-judicializados-tres-presuntos-implicados-en-delitos-contra-la-vida\/\",\"url\":\"https:\/\/www.fiscalia.gov.co\/colombia\/noticias\/en-valle-del-cauca-fueron-judicializados-tres-presuntos-implicados-en-delitos-contra-la-vida\/\",\"name\":\"Fiscal\u00eda General de la Naci\u00f3n\",\"isPartOf\":{\"@id\":\"https:\/\/www.fiscalia.gov.co\/colombia\/#website\"},\"primaryImageOfPage\":{\"@id\":\"https:\/\/www.fiscalia.gov.co\/colombia\/noticias\/en-valle-del-cauca-fueron-judicializados-tres-presuntos-implicados-en-delitos-contra-la-vida\/#primaryimage\"},\"image\":{\"@id\":\"https:\/\/www.fiscalia.gov.co\/colombia\/noticias\/en-valle-del-cauca-fueron-judicializados-tres-presuntos-implicados-en-delitos-contra-la-vida\/#primaryimage\"},\"thumbnailUrl\":\"https:\/\/www.fiscalia.gov.co\/colombia\/wp-content\/uploads\/Davinson-Ramirez-Leon.-Homicidio.-Argelia-Valle-300x233.jpg\",\"datePublished\":\"2025-11-19T22:04:42+00:00\",\"dateModified\":\"2025-11-19T22:09:03+00:00\",\"description\":\"P\u00e1gina oficial de la Fiscal\u00eda General de la Naci\u00f3n \u2013 Colombia. Garantizamos el acceso efectivo a la justicia, la verdad y la reparaci\u00f3n de las v\u00edctimas de los delitos.\",\"breadcrumb\":{\"@id\":\"https:\/\/www.fiscalia.gov.co\/colombia\/noticias\/en-valle-del-cauca-fueron-judicializados-tres-presuntos-implicados-en-delitos-contra-la-vida\/#breadcrumb\"},\"inLanguage\":\"es-CO\",\"potentialAction\":[{\"@type\":\"ReadAction\",\"target\":[\"https:\/\/www.fiscalia.gov.co\/colombia\/noticias\/en-valle-del-cauca-fueron-judicializados-tres-presuntos-implicados-en-delitos-contra-la-vida\/\"]}]},{\"@type\":\"ImageObject\",\"inLanguage\":\"es-CO\",\"@id\":\"https:\/\/www.fiscalia.gov.co\/colombia\/noticias\/en-valle-del-cauca-fueron-judicializados-tres-presuntos-implicados-en-delitos-contra-la-vida\/#primaryimage\",\"url\":\"https:\/\/www.fiscalia.gov.co\/colombia\/wp-content\/uploads\/Davinson-Ramirez-Leon.-Homicidio.-Argelia-Valle.jpg\",\"contentUrl\":\"https:\/\/www.fiscalia.gov.co\/colombia\/wp-content\/uploads\/Davinson-Ramirez-Leon.-Homicidio.-Argelia-Valle.jpg\",\"width\":1600,\"height\":1243,\"caption\":\"Davinson Ram\u00edrez Le\u00f3n.\"},{\"@type\":\"BreadcrumbList\",\"@id\":\"https:\/\/www.fiscalia.gov.co\/colombia\/noticias\/en-valle-del-cauca-fueron-judicializados-tres-presuntos-implicados-en-delitos-contra-la-vida\/#breadcrumb\",\"itemListElement\":[{\"@type\":\"ListItem\",\"position\":1,\"name\":\"Home\",\"item\":\"https:\/\/www.fiscalia.gov.co\/colombia\/\"},{\"@type\":\"ListItem\",\"position\":2,\"name\":\"En Valle del Cauca fueron judicializados tres presuntos implicados en delitos contra la vida\"}]},{\"@type\":\"WebSite\",\"@id\":\"https:\/\/www.fiscalia.gov.co\/colombia\/#website\",\"url\":\"https:\/\/www.fiscalia.gov.co\/colombia\/\",\"name\":\"Fiscal\u00eda General de la Naci\u00f3n\",\"description\":\"P\u00e1gina oficial de la Fiscal\u00eda General de la Naci\u00f3n \u2013 Colombia. Garantizamos el acceso efectivo a la justicia, la verdad y la reparaci\u00f3n de las v\u00edctimas de los delitos.\",\"publisher\":{\"@id\":\"https:\/\/www.fiscalia.gov.co\/colombia\/#organization\"},\"potentialAction\":[{\"@type\":\"SearchAction\",\"target\":{\"@type\":\"EntryPoint\",\"urlTemplate\":\"https:\/\/www.fiscalia.gov.co\/colombia\/?s={search_term_string}\"},\"query-input\":{\"@type\":\"PropertyValueSpecification\",\"valueRequired\":true,\"valueName\":\"search_term_string\"}}],\"inLanguage\":\"es-CO\"},{\"@type\":\"Organization\",\"@id\":\"https:\/\/www.fiscalia.gov.co\/colombia\/#organization\",\"name\":\"Fiscal\u00eda General de la Naci\u00f3n\",\"url\":\"https:\/\/www.fiscalia.gov.co\/colombia\/\",\"logo\":{\"@type\":\"ImageObject\",\"inLanguage\":\"es-CO\",\"@id\":\"https:\/\/www.fiscalia.gov.co\/colombia\/#\/schema\/logo\/image\/\",\"url\":\"https:\/\/www.fiscalia.gov.co\/colombia\/wp-content\/uploads\/LogoHorizontal_1.jpg\",\"contentUrl\":\"https:\/\/www.fiscalia.gov.co\/colombia\/wp-content\/uploads\/LogoHorizontal_1.jpg\",\"width\":300,\"height\":90,\"caption\":\"Fiscal\u00eda General de la Naci\u00f3n\"},\"image\":{\"@id\":\"https:\/\/www.fiscalia.gov.co\/colombia\/#\/schema\/logo\/image\/\"},\"sameAs\":[\"https:\/\/www.facebook.com\/FiscaliaCol\",\"https:\/\/x.com\/FiscaliaCol\",\"https:\/\/www.instagram.com\/fiscaliacol\",\"https:\/\/www.linkedin.com\/company\/fiscalia-general-de-la-naci-n\/\",\"https:\/\/youtube.com\/@fiscaliageneraldelanacion-4668?si=6nN79nyQICPU5iTh\"]},{\"@type\":\"Person\",\"@id\":\"https:\/\/www.fiscalia.gov.co\/colombia\/#\/schema\/person\/ba9eca435947489fb25117a0cd75bf3e\",\"name\":\"Johanna Islenny Prieto Pe\u00f1a\",\"image\":{\"@type\":\"ImageObject\",\"inLanguage\":\"es-CO\",\"@id\":\"https:\/\/www.fiscalia.gov.co\/colombia\/#\/schema\/person\/image\/\",\"url\":\"https:\/\/secure.gravatar.com\/avatar\/111433fc2acb037ffb768f6a3ca47864?s=96&d=mm&r=g\",\"contentUrl\":\"https:\/\/secure.gravatar.com\/avatar\/111433fc2acb037ffb768f6a3ca47864?s=96&d=mm&r=g\",\"caption\":\"Johanna Islenny Prieto Pe\u00f1a\"},\"url\":\"https:\/\/www.fiscalia.gov.co\/colombia\/author\/jprietop\/\"}]}<\/script>\n<!-- \/ Yoast SEO plugin. -->","yoast_head_json":{"title":"Fiscal\u00eda General de la Naci\u00f3n","description":"P\u00e1gina oficial de la Fiscal\u00eda General de la Naci\u00f3n \u2013 Colombia. Garantizamos el acceso efectivo a la justicia, la verdad y la reparaci\u00f3n de las v\u00edctimas de los delitos.","robots":{"index":"noindex","follow":"follow"},"og_locale":"es_ES","og_type":"article","og_title":"Fiscal\u00eda General de la Naci\u00f3n","og_description":"P\u00e1gina oficial de la Fiscal\u00eda General de la Naci\u00f3n \u2013 Colombia. Garantizamos el acceso efectivo a la justicia, la verdad y la reparaci\u00f3n de las v\u00edctimas de los delitos.","og_url":"https:\/\/www.fiscalia.gov.co\/colombia\/noticias\/en-valle-del-cauca-fueron-judicializados-tres-presuntos-implicados-en-delitos-contra-la-vida\/","og_site_name":"Fiscal\u00eda General de la Naci\u00f3n","article_publisher":"https:\/\/www.facebook.com\/FiscaliaCol","article_published_time":"2025-11-19T22:04:42+00:00","article_modified_time":"2025-11-19T22:09:03+00:00","og_image":[{"width":1600,"height":1243,"url":"https:\/\/www.fiscalia.gov.co\/colombia\/wp-content\/uploads\/Davinson-Ramirez-Leon.-Homicidio.-Argelia-Valle.jpg","type":"image\/jpeg"}],"author":"Johanna Islenny Prieto Pe\u00f1a","twitter_card":"summary_large_image","twitter_creator":"@FiscaliaCol","twitter_site":"@FiscaliaCol","twitter_misc":{"Escrito por":"Johanna Islenny Prieto Pe\u00f1a","Tiempo de lectura":"3 minutos"},"schema":{"@context":"https:\/\/schema.org","@graph":[{"@type":"Article","@id":"https:\/\/www.fiscalia.gov.co\/colombia\/noticias\/en-valle-del-cauca-fueron-judicializados-tres-presuntos-implicados-en-delitos-contra-la-vida\/#article","isPartOf":{"@id":"https:\/\/www.fiscalia.gov.co\/colombia\/noticias\/en-valle-del-cauca-fueron-judicializados-tres-presuntos-implicados-en-delitos-contra-la-vida\/"},"author":{"name":"Johanna Islenny Prieto Pe\u00f1a","@id":"https:\/\/www.fiscalia.gov.co\/colombia\/#\/schema\/person\/ba9eca435947489fb25117a0cd75bf3e"},"headline":"En Valle del Cauca fueron judicializados tres presuntos implicados en delitos contra la vida","datePublished":"2025-11-19T22:04:42+00:00","dateModified":"2025-11-19T22:09:03+00:00","mainEntityOfPage":{"@id":"https:\/\/www.fiscalia.gov.co\/colombia\/noticias\/en-valle-del-cauca-fueron-judicializados-tres-presuntos-implicados-en-delitos-contra-la-vida\/"},"wordCount":425,"publisher":{"@id":"https:\/\/www.fiscalia.gov.co\/colombia\/#organization"},"image":{"@id":"https:\/\/www.fiscalia.gov.co\/colombia\/noticias\/en-valle-del-cauca-fueron-judicializados-tres-presuntos-implicados-en-delitos-contra-la-vida\/#primaryimage"},"thumbnailUrl":"https:\/\/www.fiscalia.gov.co\/colombia\/wp-content\/uploads\/Davinson-Ramirez-Leon.-Homicidio.-Argelia-Valle-300x233.jpg","keywords":["Fiscal General de la Naci\u00f3n","Fiscal Luz Adriana Camargo","Fiscal\u00eda","Fiscal\u00eda Colombia","Fiscal\u00eda de Colombia","Fiscal\u00eda General de la Naci\u00f3n"],"articleSection":["Noticias","Seguridad territorial"],"inLanguage":"es-CO"},{"@type":"WebPage","@id":"https:\/\/www.fiscalia.gov.co\/colombia\/noticias\/en-valle-del-cauca-fueron-judicializados-tres-presuntos-implicados-en-delitos-contra-la-vida\/","url":"https:\/\/www.fiscalia.gov.co\/colombia\/noticias\/en-valle-del-cauca-fueron-judicializados-tres-presuntos-implicados-en-delitos-contra-la-vida\/","name":"Fiscal\u00eda General de la Naci\u00f3n","isPartOf":{"@id":"https:\/\/www.fiscalia.gov.co\/colombia\/#website"},"primaryImageOfPage":{"@id":"https:\/\/www.fiscalia.gov.co\/colombia\/noticias\/en-valle-del-cauca-fueron-judicializados-tres-presuntos-implicados-en-delitos-contra-la-vida\/#primaryimage"},"image":{"@id":"https:\/\/www.fiscalia.gov.co\/colombia\/noticias\/en-valle-del-cauca-fueron-judicializados-tres-presuntos-implicados-en-delitos-contra-la-vida\/#primaryimage"},"thumbnailUrl":"https:\/\/www.fiscalia.gov.co\/colombia\/wp-content\/uploads\/Davinson-Ramirez-Leon.-Homicidio.-Argelia-Valle-300x233.jpg","datePublished":"2025-11-19T22:04:42+00:00","dateModified":"2025-11-19T22:09:03+00:00","description":"P\u00e1gina oficial de la Fiscal\u00eda General de la Naci\u00f3n \u2013 Colombia. Garantizamos el acceso efectivo a la justicia, la verdad y la reparaci\u00f3n de las v\u00edctimas de los delitos.","breadcrumb":{"@id":"https:\/\/www.fiscalia.gov.co\/colombia\/noticias\/en-valle-del-cauca-fueron-judicializados-tres-presuntos-implicados-en-delitos-contra-la-vida\/#breadcrumb"},"inLanguage":"es-CO","potentialAction":[{"@type":"ReadAction","target":["https:\/\/www.fiscalia.gov.co\/colombia\/noticias\/en-valle-del-cauca-fueron-judicializados-tres-presuntos-implicados-en-delitos-contra-la-vida\/"]}]},{"@type":"ImageObject","inLanguage":"es-CO","@id":"https:\/\/www.fiscalia.gov.co\/colombia\/noticias\/en-valle-del-cauca-fueron-judicializados-tres-presuntos-implicados-en-delitos-contra-la-vida\/#primaryimage","url":"https:\/\/www.fiscalia.gov.co\/colombia\/wp-content\/uploads\/Davinson-Ramirez-Leon.-Homicidio.-Argelia-Valle.jpg","contentUrl":"https:\/\/www.fiscalia.gov.co\/colombia\/wp-content\/uploads\/Davinson-Ramirez-Leon.-Homicidio.-Argelia-Valle.jpg","width":1600,"height":1243,"caption":"Davinson Ram\u00edrez Le\u00f3n."},{"@type":"BreadcrumbList","@id":"https:\/\/www.fiscalia.gov.co\/colombia\/noticias\/en-valle-del-cauca-fueron-judicializados-tres-presuntos-implicados-en-delitos-contra-la-vida\/#breadcrumb","itemListElement":[{"@type":"ListItem","position":1,"name":"Home","item":"https:\/\/www.fiscalia.gov.co\/colombia\/"},{"@type":"ListItem","position":2,"name":"En Valle del Cauca fueron judicializados tres presuntos implicados en delitos contra la vida"}]},{"@type":"WebSite","@id":"https:\/\/www.fiscalia.gov.co\/colombia\/#website","url":"https:\/\/www.fiscalia.gov.co\/colombia\/","name":"Fiscal\u00eda General de la Naci\u00f3n","description":"P\u00e1gina oficial de la Fiscal\u00eda General de la Naci\u00f3n \u2013 Colombia. Garantizamos el acceso efectivo a la justicia, la verdad y la reparaci\u00f3n de las v\u00edctimas de los delitos.","publisher":{"@id":"https:\/\/www.fiscalia.gov.co\/colombia\/#organization"},"potentialAction":[{"@type":"SearchAction","target":{"@type":"EntryPoint","urlTemplate":"https:\/\/www.fiscalia.gov.co\/colombia\/?s={search_term_string}"},"query-input":{"@type":"PropertyValueSpecification","valueRequired":true,"valueName":"search_term_string"}}],"inLanguage":"es-CO"},{"@type":"Organization","@id":"https:\/\/www.fiscalia.gov.co\/colombia\/#organization","name":"Fiscal\u00eda General de la Naci\u00f3n","url":"https:\/\/www.fiscalia.gov.co\/colombia\/","logo":{"@type":"ImageObject","inLanguage":"es-CO","@id":"https:\/\/www.fiscalia.gov.co\/colombia\/#\/schema\/logo\/image\/","url":"https:\/\/www.fiscalia.gov.co\/colombia\/wp-content\/uploads\/LogoHorizontal_1.jpg","contentUrl":"https:\/\/www.fiscalia.gov.co\/colombia\/wp-content\/uploads\/LogoHorizontal_1.jpg","width":300,"height":90,"caption":"Fiscal\u00eda General de la Naci\u00f3n"},"image":{"@id":"https:\/\/www.fiscalia.gov.co\/colombia\/#\/schema\/logo\/image\/"},"sameAs":["https:\/\/www.facebook.com\/FiscaliaCol","https:\/\/x.com\/FiscaliaCol","https:\/\/www.instagram.com\/fiscaliacol","https:\/\/www.linkedin.com\/company\/fiscalia-general-de-la-naci-n\/","https:\/\/youtube.com\/@fiscaliageneraldelanacion-4668?si=6nN79nyQICPU5iTh"]},{"@type":"Person","@id":"https:\/\/www.fiscalia.gov.co\/colombia\/#\/schema\/person\/ba9eca435947489fb25117a0cd75bf3e","name":"Johanna Islenny Prieto Pe\u00f1a","image":{"@type":"ImageObject","inLanguage":"es-CO","@id":"https:\/\/www.fiscalia.gov.co\/colombia\/#\/schema\/person\/image\/","url":"https:\/\/secure.gravatar.com\/avatar\/111433fc2acb037ffb768f6a3ca47864?s=96&d=mm&r=g","contentUrl":"https:\/\/secure.gravatar.com\/avatar\/111433fc2acb037ffb768f6a3ca47864?s=96&d=mm&r=g","caption":"Johanna Islenny Prieto Pe\u00f1a"},"url":"https:\/\/www.fiscalia.gov.co\/colombia\/author\/jprietop\/"}]}},"_links":{"self":[{"href":"https:\/\/www.fiscalia.gov.co\/colombia\/wp-json\/wp\/v2\/posts\/327387","targetHints":{"allow":["GET"]}}],"collection":[{"href":"https:\/\/www.fiscalia.gov.co\/colombia\/wp-json\/wp\/v2\/posts"}],"about":[{"href":"https:\/\/www.fiscalia.gov.co\/colombia\/wp-json\/wp\/v2\/types\/post"}],"author":[{"embeddable":true,"href":"https:\/\/www.fiscalia.gov.co\/colombia\/wp-json\/wp\/v2\/users\/181"}],"replies":[{"embeddable":true,"href":"https:\/\/www.fiscalia.gov.co\/colombia\/wp-json\/wp\/v2\/comments?post=327387"}],"version-history":[{"count":4,"href":"https:\/\/www.fiscalia.gov.co\/colombia\/wp-json\/wp\/v2\/posts\/327387\/revisions"}],"predecessor-version":[{"id":327395,"href":"https:\/\/www.fiscalia.gov.co\/colombia\/wp-json\/wp\/v2\/posts\/327387\/revisions\/327395"}],"wp:attachment":[{"href":"https:\/\/www.fiscalia.gov.co\/colombia\/wp-json\/wp\/v2\/media?parent=327387"}],"wp:term":[{"taxonomy":"category","embeddable":true,"href":"https:\/\/www.fiscalia.gov.co\/colombia\/wp-json\/wp\/v2\/categories?post=327387"},{"taxonomy":"post_tag","embeddable":true,"href":"https:\/\/www.fiscalia.gov.co\/colombia\/wp-json\/wp\/v2\/tags?post=327387"}],"curies":[{"name":"wp","href":"https:\/\/api.w.org\/{rel}","templated":true}]}}