{"id":327326,"date":"2025-11-18T16:45:21","date_gmt":"2025-11-18T21:45:21","guid":{"rendered":"https:\/\/www.fiscalia.gov.co\/colombia\/?p=327326"},"modified":"2025-11-18T16:51:15","modified_gmt":"2025-11-18T21:51:15","slug":"en-monteria-cordoba-envian-a-la-carcel-a-un-hombre-senalado-de-abusar-sexualmente-de-su-hija","status":"publish","type":"post","link":"https:\/\/www.fiscalia.gov.co\/colombia\/noticias\/en-monteria-cordoba-envian-a-la-carcel-a-un-hombre-senalado-de-abusar-sexualmente-de-su-hija\/","title":{"rendered":"En Monter\u00eda (C\u00f3rdoba) env\u00edan a la c\u00e1rcel a un hombre se\u00f1alado de abusar sexualmente de su hija"},"content":{"rendered":"<p><span data-contrast=\"auto\">La\u00a0Fiscal\u00eda General\u00a0de la Naci\u00f3n\u00a0puso en evidencia el abuso sexual\u00a0del que fue v\u00edctima\u00a0una menor de edad, <strong>quien habr\u00eda sido agredida por\u00a0su\u00a0propio\u00a0padre.\u00a0El material probatorio aportado determin\u00f3 que las agresiones fueron cometidas durante\u00a0los meses de mayo,<\/strong> junio\u00a0y\u00a0agosto de 2024,\u00a0y julio de 2025 en la vereda el Sabanal\u00a0y\u00a0Monter\u00eda (C\u00f3rdoba).<\/span><span data-ccp-props=\"{&quot;201341983&quot;:0,&quot;335551550&quot;:6,&quot;335551620&quot;:6,&quot;335559685&quot;:142,&quot;335559739&quot;:240,&quot;335559740&quot;:240}\">\u00a0<\/span><\/p>\n<p><span data-contrast=\"auto\">La evidencia f\u00edsica recopilada\u00a0por\u00a0un fiscal de la\u00a0<\/span><span data-contrast=\"none\">Unidad Especial de Investigaci\u00f3n de Delitos contra Ni\u00f1os, Ni\u00f1as y Adolescentes (UENNA)\u00a0permiti\u00f3\u00a0que <strong>un juez con\u00a0funci\u00f3n de\u00a0control de garant\u00edas\u00a0impusiera medida de aseguramiento en centro\u00a0carcelario al ahora investigado<\/strong> quien, se cree,\u00a0aprovech\u00f3 su\u00a0relaci\u00f3n con la ni\u00f1a para agredirla.\u00a0<\/span><span data-ccp-props=\"{&quot;201341983&quot;:0,&quot;335551550&quot;:6,&quot;335551620&quot;:6,&quot;335559685&quot;:142,&quot;335559739&quot;:240,&quot;335559740&quot;:240}\">\u00a0<\/span><\/p>\n<p><span data-contrast=\"auto\">La investigaci\u00f3n estableci\u00f3\u00a0que este hombre, presumiblemente incurr\u00eda en los\u00a0abusos\u00a0sexuales<strong>\u00a0en\u00a0un local comercial donde comercializaba celulares.<\/strong> All\u00ed aprovechaba que estaba a solas con su v\u00edctima para\u00a0someterla a tocamientos de \u00edndole sexual\u00a0y accederla carnalmente.\u00a0\u00a0<\/span><span data-ccp-props=\"{&quot;201341983&quot;:0,&quot;335551550&quot;:6,&quot;335551620&quot;:6,&quot;335559685&quot;:142,&quot;335559739&quot;:240,&quot;335559740&quot;:240}\">\u00a0<\/span><\/p>\n<p><span data-contrast=\"auto\">La Fiscal\u00eda imput\u00f3\u00a0al investigado\u00a0los delitos de acceso carnal abusivo con menor de\u00a014\u00a0a\u00f1os y actos sexuales con menor de 14 a\u00f1os,\u00a0<strong>ambas conductas agravadas. Ninguno de los cargos fue aceptado.\u00a0<\/strong><\/span><strong>\u00a0<\/strong><\/p>\n<p><span data-contrast=\"auto\">Uniformados de la\u00a0SIJIN de la Polic\u00eda Nacional\u00a0fueron los encargados de capturar en\u00a0el corregimiento del Sabanal\u00a0de\u00a0Monter\u00eda (C\u00f3rdoba)\u00a0al procesado.\u00a0<\/span><span data-ccp-props=\"{&quot;201341983&quot;:0,&quot;335551550&quot;:6,&quot;335551620&quot;:6,&quot;335559685&quot;:142,&quot;335559739&quot;:240,&quot;335559740&quot;:240}\">\u00a0<\/span><\/p>\n<p><span data-contrast=\"auto\">JPP\/MAGA\/CAEM\/UENNA<\/span><span data-ccp-props=\"{&quot;201341983&quot;:0,&quot;335551550&quot;:6,&quot;335551620&quot;:6,&quot;335559685&quot;:142,&quot;335559739&quot;:240,&quot;335559740&quot;:240}\">\u00a0<\/span><\/p>\n<p>&nbsp;<\/p>\n<p>&nbsp;<\/p>\n<p>&nbsp;<\/p>\n<p>&nbsp;<\/p>\n<p>&nbsp;<\/p>\n<p>&nbsp;<\/p>\n<p><i>La informaci\u00f3n contenida en este bolet\u00edn de\u00a0prensa corresponde a la narraci\u00f3n de\u00a0los hechos noticiosos objetivos, suministrados por los funcionarios encargados de\u00a0adelantar las investigaciones penales al interior de\u00a0la Fiscal\u00eda General de\u00a0la Naci\u00f3n. Para el momento de\u00a0la divulgaci\u00f3n de\u00a0este comunicado, la situaci\u00f3n jur\u00eddica de\u00a0la(s) persona(s) relacionada(s) se\u00a0encuentra pendiente de\u00a0resolver por la autoridad judicial competente, siempre bajo los preceptos de\u00a0la presunci\u00f3n de\u00a0inocencia, consagrados en el art\u00edculo 29 de\u00a0la Constituci\u00f3n Pol\u00edtica y el art\u00edculo 7\u00ba de\u00a0la Ley 906 de\u00a02004.<\/i><\/p>\n\n<div class=\"twitter-share\"><a href=\"https:\/\/twitter.com\/intent\/tweet?via=fiscaliacol\" class=\"twitter-share-button\">Tweet<\/a><\/div>\n","protected":false},"excerpt":{"rendered":"<p>La\u00a0Fiscal\u00eda General\u00a0de la Naci\u00f3n\u00a0puso en evidencia el abuso sexual\u00a0del que fue v\u00edctima\u00a0una menor de edad, quien habr\u00eda sido agredida por\u00a0su\u00a0propio\u00a0padre.\u00a0El material probatorio aportado determin\u00f3 que las agresiones fueron cometidas durante\u00a0los meses de mayo, junio\u00a0y\u00a0agosto de 2024,\u00a0y julio de 2025 en la vereda el Sabanal\u00a0y\u00a0Monter\u00eda (C\u00f3rdoba).\u00a0 La evidencia f\u00edsica recopilada\u00a0por\u00a0un fiscal de la\u00a0Unidad Especial de Investigaci\u00f3n [&hellip;]<\/p>\n","protected":false},"author":181,"featured_media":0,"comment_status":"closed","ping_status":"open","sticky":false,"template":"","format":"standard","meta":{"tdm_status":"","tdm_grid_status":"","footnotes":""},"categories":[1,24099],"tags":[801,78,37492,4614,24481,1047,40513],"class_list":{"0":"post-327326","1":"post","2":"type-post","3":"status-publish","4":"format-standard","6":"category-noticias","7":"category-seguridad-territorial","8":"tag-abuso-sexual","9":"tag-fiscal-general-de-la-nacion","10":"tag-fiscal-luz-adriana-camargo","11":"tag-fiscalia-2","12":"tag-fiscalia-de-colombia","13":"tag-fiscalia-general-de-la-nacion","14":"tag-uenna"},"yoast_head":"<!-- This site is optimized with the Yoast SEO plugin v24.3 - https:\/\/yoast.com\/wordpress\/plugins\/seo\/ -->\n<title>Fiscal\u00eda General de la Naci\u00f3n<\/title>\n<meta name=\"description\" content=\"P\u00e1gina oficial de la Fiscal\u00eda General de la Naci\u00f3n \u2013 Colombia. Garantizamos el acceso efectivo a la justicia, la verdad y la reparaci\u00f3n de las v\u00edctimas de los delitos.\" \/>\n<meta name=\"robots\" content=\"noindex, follow\" \/>\n<meta property=\"og:locale\" content=\"es_ES\" \/>\n<meta property=\"og:type\" content=\"article\" \/>\n<meta property=\"og:title\" content=\"Fiscal\u00eda General de la Naci\u00f3n\" \/>\n<meta property=\"og:description\" content=\"P\u00e1gina oficial de la Fiscal\u00eda General de la Naci\u00f3n \u2013 Colombia. Garantizamos el acceso efectivo a la justicia, la verdad y la reparaci\u00f3n de las v\u00edctimas de los delitos.\" \/>\n<meta property=\"og:url\" content=\"https:\/\/www.fiscalia.gov.co\/colombia\/noticias\/en-monteria-cordoba-envian-a-la-carcel-a-un-hombre-senalado-de-abusar-sexualmente-de-su-hija\/\" \/>\n<meta property=\"og:site_name\" content=\"Fiscal\u00eda General de la Naci\u00f3n\" \/>\n<meta property=\"article:publisher\" content=\"https:\/\/www.facebook.com\/FiscaliaCol\" \/>\n<meta property=\"article:published_time\" content=\"2025-11-18T21:45:21+00:00\" \/>\n<meta property=\"article:modified_time\" content=\"2025-11-18T21:51:15+00:00\" \/>\n<meta name=\"author\" content=\"Johanna Islenny Prieto Pe\u00f1a\" \/>\n<meta name=\"twitter:card\" content=\"summary_large_image\" \/>\n<meta name=\"twitter:creator\" content=\"@FiscaliaCol\" \/>\n<meta name=\"twitter:site\" content=\"@FiscaliaCol\" \/>\n<meta name=\"twitter:label1\" content=\"Escrito por\" \/>\n\t<meta name=\"twitter:data1\" content=\"Johanna Islenny Prieto Pe\u00f1a\" \/>\n\t<meta name=\"twitter:label2\" content=\"Tiempo de lectura\" \/>\n\t<meta name=\"twitter:data2\" content=\"2 minutos\" \/>\n<script type=\"application\/ld+json\" class=\"yoast-schema-graph\">{\"@context\":\"https:\/\/schema.org\",\"@graph\":[{\"@type\":\"Article\",\"@id\":\"https:\/\/www.fiscalia.gov.co\/colombia\/noticias\/en-monteria-cordoba-envian-a-la-carcel-a-un-hombre-senalado-de-abusar-sexualmente-de-su-hija\/#article\",\"isPartOf\":{\"@id\":\"https:\/\/www.fiscalia.gov.co\/colombia\/noticias\/en-monteria-cordoba-envian-a-la-carcel-a-un-hombre-senalado-de-abusar-sexualmente-de-su-hija\/\"},\"author\":{\"name\":\"Johanna Islenny Prieto Pe\u00f1a\",\"@id\":\"https:\/\/www.fiscalia.gov.co\/colombia\/#\/schema\/person\/ba9eca435947489fb25117a0cd75bf3e\"},\"headline\":\"En Monter\u00eda (C\u00f3rdoba) env\u00edan a la c\u00e1rcel a un hombre se\u00f1alado de abusar sexualmente de su hija\",\"datePublished\":\"2025-11-18T21:45:21+00:00\",\"dateModified\":\"2025-11-18T21:51:15+00:00\",\"mainEntityOfPage\":{\"@id\":\"https:\/\/www.fiscalia.gov.co\/colombia\/noticias\/en-monteria-cordoba-envian-a-la-carcel-a-un-hombre-senalado-de-abusar-sexualmente-de-su-hija\/\"},\"wordCount\":359,\"publisher\":{\"@id\":\"https:\/\/www.fiscalia.gov.co\/colombia\/#organization\"},\"keywords\":[\"Abuso sexual\",\"Fiscal General de la Naci\u00f3n\",\"Fiscal Luz Adriana Camargo\",\"Fiscal\u00eda\",\"Fiscal\u00eda de Colombia\",\"Fiscal\u00eda General de la Naci\u00f3n\",\"UENNA.\"],\"articleSection\":[\"Noticias\",\"Seguridad territorial\"],\"inLanguage\":\"es-CO\"},{\"@type\":\"WebPage\",\"@id\":\"https:\/\/www.fiscalia.gov.co\/colombia\/noticias\/en-monteria-cordoba-envian-a-la-carcel-a-un-hombre-senalado-de-abusar-sexualmente-de-su-hija\/\",\"url\":\"https:\/\/www.fiscalia.gov.co\/colombia\/noticias\/en-monteria-cordoba-envian-a-la-carcel-a-un-hombre-senalado-de-abusar-sexualmente-de-su-hija\/\",\"name\":\"Fiscal\u00eda General de la Naci\u00f3n\",\"isPartOf\":{\"@id\":\"https:\/\/www.fiscalia.gov.co\/colombia\/#website\"},\"datePublished\":\"2025-11-18T21:45:21+00:00\",\"dateModified\":\"2025-11-18T21:51:15+00:00\",\"description\":\"P\u00e1gina oficial de la Fiscal\u00eda General de la Naci\u00f3n \u2013 Colombia. Garantizamos el acceso efectivo a la justicia, la verdad y la reparaci\u00f3n de las v\u00edctimas de los delitos.\",\"breadcrumb\":{\"@id\":\"https:\/\/www.fiscalia.gov.co\/colombia\/noticias\/en-monteria-cordoba-envian-a-la-carcel-a-un-hombre-senalado-de-abusar-sexualmente-de-su-hija\/#breadcrumb\"},\"inLanguage\":\"es-CO\",\"potentialAction\":[{\"@type\":\"ReadAction\",\"target\":[\"https:\/\/www.fiscalia.gov.co\/colombia\/noticias\/en-monteria-cordoba-envian-a-la-carcel-a-un-hombre-senalado-de-abusar-sexualmente-de-su-hija\/\"]}]},{\"@type\":\"BreadcrumbList\",\"@id\":\"https:\/\/www.fiscalia.gov.co\/colombia\/noticias\/en-monteria-cordoba-envian-a-la-carcel-a-un-hombre-senalado-de-abusar-sexualmente-de-su-hija\/#breadcrumb\",\"itemListElement\":[{\"@type\":\"ListItem\",\"position\":1,\"name\":\"Home\",\"item\":\"https:\/\/www.fiscalia.gov.co\/colombia\/\"},{\"@type\":\"ListItem\",\"position\":2,\"name\":\"En Monter\u00eda (C\u00f3rdoba) env\u00edan a la c\u00e1rcel a un hombre se\u00f1alado de abusar sexualmente de su hija\"}]},{\"@type\":\"WebSite\",\"@id\":\"https:\/\/www.fiscalia.gov.co\/colombia\/#website\",\"url\":\"https:\/\/www.fiscalia.gov.co\/colombia\/\",\"name\":\"Fiscal\u00eda General de la Naci\u00f3n\",\"description\":\"P\u00e1gina oficial de la Fiscal\u00eda General de la Naci\u00f3n \u2013 Colombia. Garantizamos el acceso efectivo a la justicia, la verdad y la reparaci\u00f3n de las v\u00edctimas de los delitos.\",\"publisher\":{\"@id\":\"https:\/\/www.fiscalia.gov.co\/colombia\/#organization\"},\"potentialAction\":[{\"@type\":\"SearchAction\",\"target\":{\"@type\":\"EntryPoint\",\"urlTemplate\":\"https:\/\/www.fiscalia.gov.co\/colombia\/?s={search_term_string}\"},\"query-input\":{\"@type\":\"PropertyValueSpecification\",\"valueRequired\":true,\"valueName\":\"search_term_string\"}}],\"inLanguage\":\"es-CO\"},{\"@type\":\"Organization\",\"@id\":\"https:\/\/www.fiscalia.gov.co\/colombia\/#organization\",\"name\":\"Fiscal\u00eda General de la Naci\u00f3n\",\"url\":\"https:\/\/www.fiscalia.gov.co\/colombia\/\",\"logo\":{\"@type\":\"ImageObject\",\"inLanguage\":\"es-CO\",\"@id\":\"https:\/\/www.fiscalia.gov.co\/colombia\/#\/schema\/logo\/image\/\",\"url\":\"https:\/\/www.fiscalia.gov.co\/colombia\/wp-content\/uploads\/LogoHorizontal_1.jpg\",\"contentUrl\":\"https:\/\/www.fiscalia.gov.co\/colombia\/wp-content\/uploads\/LogoHorizontal_1.jpg\",\"width\":300,\"height\":90,\"caption\":\"Fiscal\u00eda General de la Naci\u00f3n\"},\"image\":{\"@id\":\"https:\/\/www.fiscalia.gov.co\/colombia\/#\/schema\/logo\/image\/\"},\"sameAs\":[\"https:\/\/www.facebook.com\/FiscaliaCol\",\"https:\/\/x.com\/FiscaliaCol\",\"https:\/\/www.instagram.com\/fiscaliacol\",\"https:\/\/www.linkedin.com\/company\/fiscalia-general-de-la-naci-n\/\",\"https:\/\/youtube.com\/@fiscaliageneraldelanacion-4668?si=6nN79nyQICPU5iTh\"]},{\"@type\":\"Person\",\"@id\":\"https:\/\/www.fiscalia.gov.co\/colombia\/#\/schema\/person\/ba9eca435947489fb25117a0cd75bf3e\",\"name\":\"Johanna Islenny Prieto Pe\u00f1a\",\"image\":{\"@type\":\"ImageObject\",\"inLanguage\":\"es-CO\",\"@id\":\"https:\/\/www.fiscalia.gov.co\/colombia\/#\/schema\/person\/image\/\",\"url\":\"https:\/\/secure.gravatar.com\/avatar\/111433fc2acb037ffb768f6a3ca47864?s=96&d=mm&r=g\",\"contentUrl\":\"https:\/\/secure.gravatar.com\/avatar\/111433fc2acb037ffb768f6a3ca47864?s=96&d=mm&r=g\",\"caption\":\"Johanna Islenny Prieto Pe\u00f1a\"},\"url\":\"https:\/\/www.fiscalia.gov.co\/colombia\/author\/jprietop\/\"}]}<\/script>\n<!-- \/ Yoast SEO plugin. -->","yoast_head_json":{"title":"Fiscal\u00eda General de la Naci\u00f3n","description":"P\u00e1gina oficial de la Fiscal\u00eda General de la Naci\u00f3n \u2013 Colombia. Garantizamos el acceso efectivo a la justicia, la verdad y la reparaci\u00f3n de las v\u00edctimas de los delitos.","robots":{"index":"noindex","follow":"follow"},"og_locale":"es_ES","og_type":"article","og_title":"Fiscal\u00eda General de la Naci\u00f3n","og_description":"P\u00e1gina oficial de la Fiscal\u00eda General de la Naci\u00f3n \u2013 Colombia. Garantizamos el acceso efectivo a la justicia, la verdad y la reparaci\u00f3n de las v\u00edctimas de los delitos.","og_url":"https:\/\/www.fiscalia.gov.co\/colombia\/noticias\/en-monteria-cordoba-envian-a-la-carcel-a-un-hombre-senalado-de-abusar-sexualmente-de-su-hija\/","og_site_name":"Fiscal\u00eda General de la Naci\u00f3n","article_publisher":"https:\/\/www.facebook.com\/FiscaliaCol","article_published_time":"2025-11-18T21:45:21+00:00","article_modified_time":"2025-11-18T21:51:15+00:00","author":"Johanna Islenny Prieto Pe\u00f1a","twitter_card":"summary_large_image","twitter_creator":"@FiscaliaCol","twitter_site":"@FiscaliaCol","twitter_misc":{"Escrito por":"Johanna Islenny Prieto Pe\u00f1a","Tiempo de lectura":"2 minutos"},"schema":{"@context":"https:\/\/schema.org","@graph":[{"@type":"Article","@id":"https:\/\/www.fiscalia.gov.co\/colombia\/noticias\/en-monteria-cordoba-envian-a-la-carcel-a-un-hombre-senalado-de-abusar-sexualmente-de-su-hija\/#article","isPartOf":{"@id":"https:\/\/www.fiscalia.gov.co\/colombia\/noticias\/en-monteria-cordoba-envian-a-la-carcel-a-un-hombre-senalado-de-abusar-sexualmente-de-su-hija\/"},"author":{"name":"Johanna Islenny Prieto Pe\u00f1a","@id":"https:\/\/www.fiscalia.gov.co\/colombia\/#\/schema\/person\/ba9eca435947489fb25117a0cd75bf3e"},"headline":"En Monter\u00eda (C\u00f3rdoba) env\u00edan a la c\u00e1rcel a un hombre se\u00f1alado de abusar sexualmente de su hija","datePublished":"2025-11-18T21:45:21+00:00","dateModified":"2025-11-18T21:51:15+00:00","mainEntityOfPage":{"@id":"https:\/\/www.fiscalia.gov.co\/colombia\/noticias\/en-monteria-cordoba-envian-a-la-carcel-a-un-hombre-senalado-de-abusar-sexualmente-de-su-hija\/"},"wordCount":359,"publisher":{"@id":"https:\/\/www.fiscalia.gov.co\/colombia\/#organization"},"keywords":["Abuso sexual","Fiscal General de la Naci\u00f3n","Fiscal Luz Adriana Camargo","Fiscal\u00eda","Fiscal\u00eda de Colombia","Fiscal\u00eda General de la Naci\u00f3n","UENNA."],"articleSection":["Noticias","Seguridad territorial"],"inLanguage":"es-CO"},{"@type":"WebPage","@id":"https:\/\/www.fiscalia.gov.co\/colombia\/noticias\/en-monteria-cordoba-envian-a-la-carcel-a-un-hombre-senalado-de-abusar-sexualmente-de-su-hija\/","url":"https:\/\/www.fiscalia.gov.co\/colombia\/noticias\/en-monteria-cordoba-envian-a-la-carcel-a-un-hombre-senalado-de-abusar-sexualmente-de-su-hija\/","name":"Fiscal\u00eda General de la Naci\u00f3n","isPartOf":{"@id":"https:\/\/www.fiscalia.gov.co\/colombia\/#website"},"datePublished":"2025-11-18T21:45:21+00:00","dateModified":"2025-11-18T21:51:15+00:00","description":"P\u00e1gina oficial de la Fiscal\u00eda General de la Naci\u00f3n \u2013 Colombia. Garantizamos el acceso efectivo a la justicia, la verdad y la reparaci\u00f3n de las v\u00edctimas de los delitos.","breadcrumb":{"@id":"https:\/\/www.fiscalia.gov.co\/colombia\/noticias\/en-monteria-cordoba-envian-a-la-carcel-a-un-hombre-senalado-de-abusar-sexualmente-de-su-hija\/#breadcrumb"},"inLanguage":"es-CO","potentialAction":[{"@type":"ReadAction","target":["https:\/\/www.fiscalia.gov.co\/colombia\/noticias\/en-monteria-cordoba-envian-a-la-carcel-a-un-hombre-senalado-de-abusar-sexualmente-de-su-hija\/"]}]},{"@type":"BreadcrumbList","@id":"https:\/\/www.fiscalia.gov.co\/colombia\/noticias\/en-monteria-cordoba-envian-a-la-carcel-a-un-hombre-senalado-de-abusar-sexualmente-de-su-hija\/#breadcrumb","itemListElement":[{"@type":"ListItem","position":1,"name":"Home","item":"https:\/\/www.fiscalia.gov.co\/colombia\/"},{"@type":"ListItem","position":2,"name":"En Monter\u00eda (C\u00f3rdoba) env\u00edan a la c\u00e1rcel a un hombre se\u00f1alado de abusar sexualmente de su hija"}]},{"@type":"WebSite","@id":"https:\/\/www.fiscalia.gov.co\/colombia\/#website","url":"https:\/\/www.fiscalia.gov.co\/colombia\/","name":"Fiscal\u00eda General de la Naci\u00f3n","description":"P\u00e1gina oficial de la Fiscal\u00eda General de la Naci\u00f3n \u2013 Colombia. Garantizamos el acceso efectivo a la justicia, la verdad y la reparaci\u00f3n de las v\u00edctimas de los delitos.","publisher":{"@id":"https:\/\/www.fiscalia.gov.co\/colombia\/#organization"},"potentialAction":[{"@type":"SearchAction","target":{"@type":"EntryPoint","urlTemplate":"https:\/\/www.fiscalia.gov.co\/colombia\/?s={search_term_string}"},"query-input":{"@type":"PropertyValueSpecification","valueRequired":true,"valueName":"search_term_string"}}],"inLanguage":"es-CO"},{"@type":"Organization","@id":"https:\/\/www.fiscalia.gov.co\/colombia\/#organization","name":"Fiscal\u00eda General de la Naci\u00f3n","url":"https:\/\/www.fiscalia.gov.co\/colombia\/","logo":{"@type":"ImageObject","inLanguage":"es-CO","@id":"https:\/\/www.fiscalia.gov.co\/colombia\/#\/schema\/logo\/image\/","url":"https:\/\/www.fiscalia.gov.co\/colombia\/wp-content\/uploads\/LogoHorizontal_1.jpg","contentUrl":"https:\/\/www.fiscalia.gov.co\/colombia\/wp-content\/uploads\/LogoHorizontal_1.jpg","width":300,"height":90,"caption":"Fiscal\u00eda General de la Naci\u00f3n"},"image":{"@id":"https:\/\/www.fiscalia.gov.co\/colombia\/#\/schema\/logo\/image\/"},"sameAs":["https:\/\/www.facebook.com\/FiscaliaCol","https:\/\/x.com\/FiscaliaCol","https:\/\/www.instagram.com\/fiscaliacol","https:\/\/www.linkedin.com\/company\/fiscalia-general-de-la-naci-n\/","https:\/\/youtube.com\/@fiscaliageneraldelanacion-4668?si=6nN79nyQICPU5iTh"]},{"@type":"Person","@id":"https:\/\/www.fiscalia.gov.co\/colombia\/#\/schema\/person\/ba9eca435947489fb25117a0cd75bf3e","name":"Johanna Islenny Prieto Pe\u00f1a","image":{"@type":"ImageObject","inLanguage":"es-CO","@id":"https:\/\/www.fiscalia.gov.co\/colombia\/#\/schema\/person\/image\/","url":"https:\/\/secure.gravatar.com\/avatar\/111433fc2acb037ffb768f6a3ca47864?s=96&d=mm&r=g","contentUrl":"https:\/\/secure.gravatar.com\/avatar\/111433fc2acb037ffb768f6a3ca47864?s=96&d=mm&r=g","caption":"Johanna Islenny Prieto Pe\u00f1a"},"url":"https:\/\/www.fiscalia.gov.co\/colombia\/author\/jprietop\/"}]}},"_links":{"self":[{"href":"https:\/\/www.fiscalia.gov.co\/colombia\/wp-json\/wp\/v2\/posts\/327326","targetHints":{"allow":["GET"]}}],"collection":[{"href":"https:\/\/www.fiscalia.gov.co\/colombia\/wp-json\/wp\/v2\/posts"}],"about":[{"href":"https:\/\/www.fiscalia.gov.co\/colombia\/wp-json\/wp\/v2\/types\/post"}],"author":[{"embeddable":true,"href":"https:\/\/www.fiscalia.gov.co\/colombia\/wp-json\/wp\/v2\/users\/181"}],"replies":[{"embeddable":true,"href":"https:\/\/www.fiscalia.gov.co\/colombia\/wp-json\/wp\/v2\/comments?post=327326"}],"version-history":[{"count":3,"href":"https:\/\/www.fiscalia.gov.co\/colombia\/wp-json\/wp\/v2\/posts\/327326\/revisions"}],"predecessor-version":[{"id":327330,"href":"https:\/\/www.fiscalia.gov.co\/colombia\/wp-json\/wp\/v2\/posts\/327326\/revisions\/327330"}],"wp:attachment":[{"href":"https:\/\/www.fiscalia.gov.co\/colombia\/wp-json\/wp\/v2\/media?parent=327326"}],"wp:term":[{"taxonomy":"category","embeddable":true,"href":"https:\/\/www.fiscalia.gov.co\/colombia\/wp-json\/wp\/v2\/categories?post=327326"},{"taxonomy":"post_tag","embeddable":true,"href":"https:\/\/www.fiscalia.gov.co\/colombia\/wp-json\/wp\/v2\/tags?post=327326"}],"curies":[{"name":"wp","href":"https:\/\/api.w.org\/{rel}","templated":true}]}}