{"id":327313,"date":"2025-11-18T16:28:55","date_gmt":"2025-11-18T21:28:55","guid":{"rendered":"https:\/\/www.fiscalia.gov.co\/colombia\/?p=327313"},"modified":"2025-11-18T16:34:01","modified_gmt":"2025-11-18T21:34:01","slug":"fue-enviado-a-la-carcel-presunto-responsable-del-asesinato-de-un-hombre-en-rovira-tolima","status":"publish","type":"post","link":"https:\/\/www.fiscalia.gov.co\/colombia\/noticias\/fue-enviado-a-la-carcel-presunto-responsable-del-asesinato-de-un-hombre-en-rovira-tolima\/","title":{"rendered":"Fue enviado a la c\u00e1rcel presunto responsable del asesinato de un hombre en Rovira (Tolima)"},"content":{"rendered":"<blockquote>\n<h4><strong><i>En medio de los hechos otro hombre result\u00f3 herido.<\/i><\/strong><\/h4>\n<\/blockquote>\n<p>Por solicitud de la Fiscal\u00eda General de la Naci\u00f3n, un juez de control de garant\u00edas impuso medida de aseguramiento en centro carcelario contra Yeison Fabi\u00e1n Mora Monta\u00f1o, presunto responsable de asesinar a un hombre e herir a otro, durante una discusi\u00f3n, en la vereda Palo Alto de Rovira (Tolima).<\/p>\n<figure id=\"attachment_327315\" aria-describedby=\"caption-attachment-327315\" style=\"width: 300px\" class=\"wp-caption alignnone\"><img loading=\"lazy\" decoding=\"async\" class=\"size-medium wp-image-327315\" src=\"https:\/\/www.fiscalia.gov.co\/colombia\/wp-content\/uploads\/Rovira-homicidio-y-tentativa-1-300x268.jpeg\" alt=\" en la imagen se ve una persona detenida bajo custodia de dos uniformados de la Polic\u00eda Nacional. Detr\u00e1s suyo un backing institucional, delante suyo una mesa con elementos incautados.\" width=\"300\" height=\"268\" srcset=\"https:\/\/www.fiscalia.gov.co\/colombia\/wp-content\/uploads\/Rovira-homicidio-y-tentativa-1-300x268.jpeg 300w, https:\/\/www.fiscalia.gov.co\/colombia\/wp-content\/uploads\/Rovira-homicidio-y-tentativa-1-1024x913.jpeg 1024w, https:\/\/www.fiscalia.gov.co\/colombia\/wp-content\/uploads\/Rovira-homicidio-y-tentativa-1-768x685.jpeg 768w, https:\/\/www.fiscalia.gov.co\/colombia\/wp-content\/uploads\/Rovira-homicidio-y-tentativa-1-1536x1370.jpeg 1536w, https:\/\/www.fiscalia.gov.co\/colombia\/wp-content\/uploads\/Rovira-homicidio-y-tentativa-1-471x420.jpeg 471w, https:\/\/www.fiscalia.gov.co\/colombia\/wp-content\/uploads\/Rovira-homicidio-y-tentativa-1-696x621.jpeg 696w, https:\/\/www.fiscalia.gov.co\/colombia\/wp-content\/uploads\/Rovira-homicidio-y-tentativa-1-1068x953.jpeg 1068w, https:\/\/www.fiscalia.gov.co\/colombia\/wp-content\/uploads\/Rovira-homicidio-y-tentativa-1.jpeg 1556w\" sizes=\"auto, (max-width: 300px) 100vw, 300px\" \/><figcaption id=\"caption-attachment-327315\" class=\"wp-caption-text\">El hombre fue detenido en cumplimiento a la orden judicial que pesaba en su contra por homicidio, homicidio en grado de tentativa, ambos agravados, y porte de armas de fuego. Acept\u00f3 su responsabilidad en estos hechos.<\/figcaption><\/figure>\n<p>Un fiscal de la Unidad de Vida de la Seccional Tolima le imput\u00f3 los delitos de homicidio agravado, homicidio agravado en grado de tentativa; y fabricaci\u00f3n, tr\u00e1fico, porte o tenencia de armas de fuego, accesorios, partes o municiones. El procesado acept\u00f3 los cargos.<\/p>\n<p>De acuerdo con la investigaci\u00f3n, los hechos ocurrieron el 21 de abril de 2024, en un establecimiento p\u00fablico donde la v\u00edctima se encontraba departiendo con un familiar y otras personas.<\/p>\n<p>Al lugar lleg\u00f3 Mora Monta\u00f1o e inici\u00f3 una discusi\u00f3n con el hombre, en medio del hecho lo habr\u00eda empujado y le dispar\u00f3 en dos oportunidades, ocasion\u00e1ndole la muerte.<\/p>\n<p>El familiar de la v\u00edctima intent\u00f3 huir, sin embargo Mora Monta\u00f1o presuntamente le dispar\u00f3 y huy\u00f3 del lugar.<\/p>\n<p>El procesado fue capturado por la Polic\u00eda Nacional portando un arma de fuego sin permiso de ley.<\/p>\n<p>PAAM\/LMFO\/AMCJ\/ACRB\/DST<\/p>\n<p>&nbsp;<\/p>\n<p>&nbsp;<\/p>\n<p>&nbsp;<\/p>\n<p>&nbsp;<\/p>\n<p>&nbsp;<\/p>\n<p><i>La informaci\u00f3n contenida en este bolet\u00edn de\u00a0prensa corresponde a la narraci\u00f3n de\u00a0los hechos noticiosos objetivos, suministrados por los funcionarios encargados de\u00a0adelantar las investigaciones penales al interior de\u00a0la Fiscal\u00eda General de\u00a0la Naci\u00f3n. Para el momento de\u00a0la divulgaci\u00f3n de\u00a0este comunicado, la situaci\u00f3n jur\u00eddica de\u00a0la(s) persona(s) relacionada(s) se\u00a0encuentra pendiente de\u00a0resolver por la autoridad judicial competente, siempre bajo los preceptos de\u00a0la presunci\u00f3n de\u00a0inocencia, consagrados en el art\u00edculo 29 de\u00a0la Constituci\u00f3n Pol\u00edtica y el art\u00edculo 7\u00ba de\u00a0la Ley 906 de\u00a02004.<\/i><\/p>\n\n<div class=\"twitter-share\"><a href=\"https:\/\/twitter.com\/intent\/tweet?via=fiscaliacol\" class=\"twitter-share-button\">Tweet<\/a><\/div>\n","protected":false},"excerpt":{"rendered":"<p>En medio de los hechos otro hombre result\u00f3 herido. Por solicitud de la Fiscal\u00eda General de la Naci\u00f3n, un juez de control de garant\u00edas impuso medida de aseguramiento en centro carcelario contra Yeison Fabi\u00e1n Mora Monta\u00f1o, presunto responsable de asesinar a un hombre e herir a otro, durante una discusi\u00f3n, en la vereda Palo Alto [&hellip;]<\/p>\n","protected":false},"author":181,"featured_media":0,"comment_status":"closed","ping_status":"open","sticky":false,"template":"","format":"standard","meta":{"_price":"","_stock":"","_tribe_ticket_header":"","_tribe_default_ticket_provider":"","_tribe_ticket_capacity":"0","_ticket_start_date":"","_ticket_end_date":"","_tribe_ticket_show_description":"","_tribe_ticket_show_not_going":false,"_tribe_ticket_use_global_stock":"","_tribe_ticket_global_stock_level":"","_global_stock_mode":"","_global_stock_cap":"","_tribe_rsvp_for_event":"","_tribe_ticket_going_count":"","_tribe_ticket_not_going_count":"","_tribe_tickets_list":"[]","_tribe_ticket_has_attendee_info_fields":false,"tdm_status":"","tdm_grid_status":"","footnotes":""},"categories":[1,24099],"tags":[32815,20087,44194,1047,686,12891,3348,24549,558,7061,25463,24538,24211,11101,3417,44193,19678],"class_list":{"0":"post-327313","1":"post","2":"type-post","3":"status-publish","4":"format-standard","6":"category-noticias","7":"category-seguridad-territorial","8":"tag-altercado","9":"tag-discusion","10":"tag-empujon","11":"tag-fiscalia-general-de-la-nacion","12":"tag-homicidio-agravado","13":"tag-homicidio-en-grado-de-tentativa-agravado","14":"tag-incautacion","15":"tag-orden-judicial","16":"tag-policia-nacional","17":"tag-porte-de-armas-de-fuego","18":"tag-revolver","19":"tag-rovira","20":"tag-seccional-tolima","21":"tag-seguridad-ciudadana","22":"tag-unidad-de-vida","23":"tag-vereda-la-palma","24":"tag-zona-rural"},"yoast_head":"<!-- This site is optimized with the Yoast SEO plugin v24.3 - https:\/\/yoast.com\/wordpress\/plugins\/seo\/ -->\n<title>Fiscal\u00eda General de la Naci\u00f3n<\/title>\n<meta name=\"description\" content=\"P\u00e1gina oficial de la Fiscal\u00eda General de la Naci\u00f3n \u2013 Colombia. Garantizamos el acceso efectivo a la justicia, la verdad y la reparaci\u00f3n de las v\u00edctimas de los delitos.\" \/>\n<meta name=\"robots\" content=\"noindex, follow\" \/>\n<meta property=\"og:locale\" content=\"es_ES\" \/>\n<meta property=\"og:type\" content=\"article\" \/>\n<meta property=\"og:title\" content=\"Fiscal\u00eda General de la Naci\u00f3n\" \/>\n<meta property=\"og:description\" content=\"P\u00e1gina oficial de la Fiscal\u00eda General de la Naci\u00f3n \u2013 Colombia. Garantizamos el acceso efectivo a la justicia, la verdad y la reparaci\u00f3n de las v\u00edctimas de los delitos.\" \/>\n<meta property=\"og:url\" content=\"https:\/\/www.fiscalia.gov.co\/colombia\/noticias\/fue-enviado-a-la-carcel-presunto-responsable-del-asesinato-de-un-hombre-en-rovira-tolima\/\" \/>\n<meta property=\"og:site_name\" content=\"Fiscal\u00eda General de la Naci\u00f3n\" \/>\n<meta property=\"article:publisher\" content=\"https:\/\/www.facebook.com\/FiscaliaCol\" \/>\n<meta property=\"article:published_time\" content=\"2025-11-18T21:28:55+00:00\" \/>\n<meta property=\"article:modified_time\" content=\"2025-11-18T21:34:01+00:00\" \/>\n<meta property=\"og:image\" content=\"https:\/\/www.fiscalia.gov.co\/colombia\/wp-content\/uploads\/Rovira-homicidio-y-tentativa-1.jpeg\" \/>\n\t<meta property=\"og:image:width\" content=\"1556\" \/>\n\t<meta property=\"og:image:height\" content=\"1388\" \/>\n\t<meta property=\"og:image:type\" content=\"image\/jpeg\" \/>\n<meta name=\"author\" content=\"Johanna Islenny Prieto Pe\u00f1a\" \/>\n<meta name=\"twitter:card\" content=\"summary_large_image\" \/>\n<meta name=\"twitter:creator\" content=\"@FiscaliaCol\" \/>\n<meta name=\"twitter:site\" content=\"@FiscaliaCol\" \/>\n<meta name=\"twitter:label1\" content=\"Escrito por\" \/>\n\t<meta name=\"twitter:data1\" content=\"Johanna Islenny Prieto Pe\u00f1a\" \/>\n\t<meta name=\"twitter:label2\" content=\"Tiempo de lectura\" \/>\n\t<meta name=\"twitter:data2\" content=\"2 minutos\" \/>\n<script type=\"application\/ld+json\" class=\"yoast-schema-graph\">{\"@context\":\"https:\/\/schema.org\",\"@graph\":[{\"@type\":\"Article\",\"@id\":\"https:\/\/www.fiscalia.gov.co\/colombia\/noticias\/fue-enviado-a-la-carcel-presunto-responsable-del-asesinato-de-un-hombre-en-rovira-tolima\/#article\",\"isPartOf\":{\"@id\":\"https:\/\/www.fiscalia.gov.co\/colombia\/noticias\/fue-enviado-a-la-carcel-presunto-responsable-del-asesinato-de-un-hombre-en-rovira-tolima\/\"},\"author\":{\"name\":\"Johanna Islenny Prieto Pe\u00f1a\",\"@id\":\"https:\/\/www.fiscalia.gov.co\/colombia\/#\/schema\/person\/ba9eca435947489fb25117a0cd75bf3e\"},\"headline\":\"Fue enviado a la c\u00e1rcel presunto responsable del asesinato de un hombre en Rovira (Tolima)\",\"datePublished\":\"2025-11-18T21:28:55+00:00\",\"dateModified\":\"2025-11-18T21:34:01+00:00\",\"mainEntityOfPage\":{\"@id\":\"https:\/\/www.fiscalia.gov.co\/colombia\/noticias\/fue-enviado-a-la-carcel-presunto-responsable-del-asesinato-de-un-hombre-en-rovira-tolima\/\"},\"wordCount\":381,\"publisher\":{\"@id\":\"https:\/\/www.fiscalia.gov.co\/colombia\/#organization\"},\"image\":{\"@id\":\"https:\/\/www.fiscalia.gov.co\/colombia\/noticias\/fue-enviado-a-la-carcel-presunto-responsable-del-asesinato-de-un-hombre-en-rovira-tolima\/#primaryimage\"},\"thumbnailUrl\":\"https:\/\/www.fiscalia.gov.co\/colombia\/wp-content\/uploads\/Rovira-homicidio-y-tentativa-1-300x268.jpeg\",\"keywords\":[\"altercado\",\"Discusi\u00f3n\",\"empuj\u00f3n\",\"Fiscal\u00eda General de la Naci\u00f3n\",\"Homicidio agravado\",\"homicidio en grado de tentativa agravado\",\"Incautaci\u00f3n\",\"orden judicial\",\"Polic\u00eda Nacional\",\"Porte de armas de fuego\",\"rev\u00f3lver\",\"Rovira\",\"Seccional Tolima\",\"Seguridad ciudadana\",\"Unidad de Vida\",\"vereda La Palma\",\"Zona rural\"],\"articleSection\":[\"Noticias\",\"Seguridad territorial\"],\"inLanguage\":\"es-CO\"},{\"@type\":\"WebPage\",\"@id\":\"https:\/\/www.fiscalia.gov.co\/colombia\/noticias\/fue-enviado-a-la-carcel-presunto-responsable-del-asesinato-de-un-hombre-en-rovira-tolima\/\",\"url\":\"https:\/\/www.fiscalia.gov.co\/colombia\/noticias\/fue-enviado-a-la-carcel-presunto-responsable-del-asesinato-de-un-hombre-en-rovira-tolima\/\",\"name\":\"Fiscal\u00eda General de la Naci\u00f3n\",\"isPartOf\":{\"@id\":\"https:\/\/www.fiscalia.gov.co\/colombia\/#website\"},\"primaryImageOfPage\":{\"@id\":\"https:\/\/www.fiscalia.gov.co\/colombia\/noticias\/fue-enviado-a-la-carcel-presunto-responsable-del-asesinato-de-un-hombre-en-rovira-tolima\/#primaryimage\"},\"image\":{\"@id\":\"https:\/\/www.fiscalia.gov.co\/colombia\/noticias\/fue-enviado-a-la-carcel-presunto-responsable-del-asesinato-de-un-hombre-en-rovira-tolima\/#primaryimage\"},\"thumbnailUrl\":\"https:\/\/www.fiscalia.gov.co\/colombia\/wp-content\/uploads\/Rovira-homicidio-y-tentativa-1-300x268.jpeg\",\"datePublished\":\"2025-11-18T21:28:55+00:00\",\"dateModified\":\"2025-11-18T21:34:01+00:00\",\"description\":\"P\u00e1gina oficial de la Fiscal\u00eda General de la Naci\u00f3n \u2013 Colombia. Garantizamos el acceso efectivo a la justicia, la verdad y la reparaci\u00f3n de las v\u00edctimas de los delitos.\",\"breadcrumb\":{\"@id\":\"https:\/\/www.fiscalia.gov.co\/colombia\/noticias\/fue-enviado-a-la-carcel-presunto-responsable-del-asesinato-de-un-hombre-en-rovira-tolima\/#breadcrumb\"},\"inLanguage\":\"es-CO\",\"potentialAction\":[{\"@type\":\"ReadAction\",\"target\":[\"https:\/\/www.fiscalia.gov.co\/colombia\/noticias\/fue-enviado-a-la-carcel-presunto-responsable-del-asesinato-de-un-hombre-en-rovira-tolima\/\"]}]},{\"@type\":\"ImageObject\",\"inLanguage\":\"es-CO\",\"@id\":\"https:\/\/www.fiscalia.gov.co\/colombia\/noticias\/fue-enviado-a-la-carcel-presunto-responsable-del-asesinato-de-un-hombre-en-rovira-tolima\/#primaryimage\",\"url\":\"https:\/\/www.fiscalia.gov.co\/colombia\/wp-content\/uploads\/Rovira-homicidio-y-tentativa-1.jpeg\",\"contentUrl\":\"https:\/\/www.fiscalia.gov.co\/colombia\/wp-content\/uploads\/Rovira-homicidio-y-tentativa-1.jpeg\",\"width\":1556,\"height\":1388,\"caption\":\"El hombre fue detenido en cumplimiento a la orden judicial que pesaba en su contra por homicidio, homicidio en grado de tentativa, ambos agravados, y porte de armas de fuego. Acept\u00f3 su responsabilidad en estos hechos.\"},{\"@type\":\"BreadcrumbList\",\"@id\":\"https:\/\/www.fiscalia.gov.co\/colombia\/noticias\/fue-enviado-a-la-carcel-presunto-responsable-del-asesinato-de-un-hombre-en-rovira-tolima\/#breadcrumb\",\"itemListElement\":[{\"@type\":\"ListItem\",\"position\":1,\"name\":\"Home\",\"item\":\"https:\/\/www.fiscalia.gov.co\/colombia\/\"},{\"@type\":\"ListItem\",\"position\":2,\"name\":\"Fue enviado a la c\u00e1rcel presunto responsable del asesinato de un hombre en Rovira (Tolima)\"}]},{\"@type\":\"WebSite\",\"@id\":\"https:\/\/www.fiscalia.gov.co\/colombia\/#website\",\"url\":\"https:\/\/www.fiscalia.gov.co\/colombia\/\",\"name\":\"Fiscal\u00eda General de la Naci\u00f3n\",\"description\":\"P\u00e1gina oficial de la Fiscal\u00eda General de la Naci\u00f3n \u2013 Colombia. Garantizamos el acceso efectivo a la justicia, la verdad y la reparaci\u00f3n de las v\u00edctimas de los delitos.\",\"publisher\":{\"@id\":\"https:\/\/www.fiscalia.gov.co\/colombia\/#organization\"},\"potentialAction\":[{\"@type\":\"SearchAction\",\"target\":{\"@type\":\"EntryPoint\",\"urlTemplate\":\"https:\/\/www.fiscalia.gov.co\/colombia\/?s={search_term_string}\"},\"query-input\":{\"@type\":\"PropertyValueSpecification\",\"valueRequired\":true,\"valueName\":\"search_term_string\"}}],\"inLanguage\":\"es-CO\"},{\"@type\":\"Organization\",\"@id\":\"https:\/\/www.fiscalia.gov.co\/colombia\/#organization\",\"name\":\"Fiscal\u00eda General de la Naci\u00f3n\",\"url\":\"https:\/\/www.fiscalia.gov.co\/colombia\/\",\"logo\":{\"@type\":\"ImageObject\",\"inLanguage\":\"es-CO\",\"@id\":\"https:\/\/www.fiscalia.gov.co\/colombia\/#\/schema\/logo\/image\/\",\"url\":\"https:\/\/www.fiscalia.gov.co\/colombia\/wp-content\/uploads\/LogoHorizontal_1.jpg\",\"contentUrl\":\"https:\/\/www.fiscalia.gov.co\/colombia\/wp-content\/uploads\/LogoHorizontal_1.jpg\",\"width\":300,\"height\":90,\"caption\":\"Fiscal\u00eda General de la Naci\u00f3n\"},\"image\":{\"@id\":\"https:\/\/www.fiscalia.gov.co\/colombia\/#\/schema\/logo\/image\/\"},\"sameAs\":[\"https:\/\/www.facebook.com\/FiscaliaCol\",\"https:\/\/x.com\/FiscaliaCol\",\"https:\/\/www.instagram.com\/fiscaliacol\",\"https:\/\/www.linkedin.com\/company\/fiscalia-general-de-la-naci-n\/\",\"https:\/\/youtube.com\/@fiscaliageneraldelanacion-4668?si=6nN79nyQICPU5iTh\"]},{\"@type\":\"Person\",\"@id\":\"https:\/\/www.fiscalia.gov.co\/colombia\/#\/schema\/person\/ba9eca435947489fb25117a0cd75bf3e\",\"name\":\"Johanna Islenny Prieto Pe\u00f1a\",\"image\":{\"@type\":\"ImageObject\",\"inLanguage\":\"es-CO\",\"@id\":\"https:\/\/www.fiscalia.gov.co\/colombia\/#\/schema\/person\/image\/\",\"url\":\"https:\/\/secure.gravatar.com\/avatar\/111433fc2acb037ffb768f6a3ca47864?s=96&d=mm&r=g\",\"contentUrl\":\"https:\/\/secure.gravatar.com\/avatar\/111433fc2acb037ffb768f6a3ca47864?s=96&d=mm&r=g\",\"caption\":\"Johanna Islenny Prieto Pe\u00f1a\"},\"url\":\"https:\/\/www.fiscalia.gov.co\/colombia\/author\/jprietop\/\"}]}<\/script>\n<!-- \/ Yoast SEO plugin. -->","yoast_head_json":{"title":"Fiscal\u00eda General de la Naci\u00f3n","description":"P\u00e1gina oficial de la Fiscal\u00eda General de la Naci\u00f3n \u2013 Colombia. Garantizamos el acceso efectivo a la justicia, la verdad y la reparaci\u00f3n de las v\u00edctimas de los delitos.","robots":{"index":"noindex","follow":"follow"},"og_locale":"es_ES","og_type":"article","og_title":"Fiscal\u00eda General de la Naci\u00f3n","og_description":"P\u00e1gina oficial de la Fiscal\u00eda General de la Naci\u00f3n \u2013 Colombia. Garantizamos el acceso efectivo a la justicia, la verdad y la reparaci\u00f3n de las v\u00edctimas de los delitos.","og_url":"https:\/\/www.fiscalia.gov.co\/colombia\/noticias\/fue-enviado-a-la-carcel-presunto-responsable-del-asesinato-de-un-hombre-en-rovira-tolima\/","og_site_name":"Fiscal\u00eda General de la Naci\u00f3n","article_publisher":"https:\/\/www.facebook.com\/FiscaliaCol","article_published_time":"2025-11-18T21:28:55+00:00","article_modified_time":"2025-11-18T21:34:01+00:00","og_image":[{"width":1556,"height":1388,"url":"https:\/\/www.fiscalia.gov.co\/colombia\/wp-content\/uploads\/Rovira-homicidio-y-tentativa-1.jpeg","type":"image\/jpeg"}],"author":"Johanna Islenny Prieto Pe\u00f1a","twitter_card":"summary_large_image","twitter_creator":"@FiscaliaCol","twitter_site":"@FiscaliaCol","twitter_misc":{"Escrito por":"Johanna Islenny Prieto Pe\u00f1a","Tiempo de lectura":"2 minutos"},"schema":{"@context":"https:\/\/schema.org","@graph":[{"@type":"Article","@id":"https:\/\/www.fiscalia.gov.co\/colombia\/noticias\/fue-enviado-a-la-carcel-presunto-responsable-del-asesinato-de-un-hombre-en-rovira-tolima\/#article","isPartOf":{"@id":"https:\/\/www.fiscalia.gov.co\/colombia\/noticias\/fue-enviado-a-la-carcel-presunto-responsable-del-asesinato-de-un-hombre-en-rovira-tolima\/"},"author":{"name":"Johanna Islenny Prieto Pe\u00f1a","@id":"https:\/\/www.fiscalia.gov.co\/colombia\/#\/schema\/person\/ba9eca435947489fb25117a0cd75bf3e"},"headline":"Fue enviado a la c\u00e1rcel presunto responsable del asesinato de un hombre en Rovira (Tolima)","datePublished":"2025-11-18T21:28:55+00:00","dateModified":"2025-11-18T21:34:01+00:00","mainEntityOfPage":{"@id":"https:\/\/www.fiscalia.gov.co\/colombia\/noticias\/fue-enviado-a-la-carcel-presunto-responsable-del-asesinato-de-un-hombre-en-rovira-tolima\/"},"wordCount":381,"publisher":{"@id":"https:\/\/www.fiscalia.gov.co\/colombia\/#organization"},"image":{"@id":"https:\/\/www.fiscalia.gov.co\/colombia\/noticias\/fue-enviado-a-la-carcel-presunto-responsable-del-asesinato-de-un-hombre-en-rovira-tolima\/#primaryimage"},"thumbnailUrl":"https:\/\/www.fiscalia.gov.co\/colombia\/wp-content\/uploads\/Rovira-homicidio-y-tentativa-1-300x268.jpeg","keywords":["altercado","Discusi\u00f3n","empuj\u00f3n","Fiscal\u00eda General de la Naci\u00f3n","Homicidio agravado","homicidio en grado de tentativa agravado","Incautaci\u00f3n","orden judicial","Polic\u00eda Nacional","Porte de armas de fuego","rev\u00f3lver","Rovira","Seccional Tolima","Seguridad ciudadana","Unidad de Vida","vereda La Palma","Zona rural"],"articleSection":["Noticias","Seguridad territorial"],"inLanguage":"es-CO"},{"@type":"WebPage","@id":"https:\/\/www.fiscalia.gov.co\/colombia\/noticias\/fue-enviado-a-la-carcel-presunto-responsable-del-asesinato-de-un-hombre-en-rovira-tolima\/","url":"https:\/\/www.fiscalia.gov.co\/colombia\/noticias\/fue-enviado-a-la-carcel-presunto-responsable-del-asesinato-de-un-hombre-en-rovira-tolima\/","name":"Fiscal\u00eda General de la Naci\u00f3n","isPartOf":{"@id":"https:\/\/www.fiscalia.gov.co\/colombia\/#website"},"primaryImageOfPage":{"@id":"https:\/\/www.fiscalia.gov.co\/colombia\/noticias\/fue-enviado-a-la-carcel-presunto-responsable-del-asesinato-de-un-hombre-en-rovira-tolima\/#primaryimage"},"image":{"@id":"https:\/\/www.fiscalia.gov.co\/colombia\/noticias\/fue-enviado-a-la-carcel-presunto-responsable-del-asesinato-de-un-hombre-en-rovira-tolima\/#primaryimage"},"thumbnailUrl":"https:\/\/www.fiscalia.gov.co\/colombia\/wp-content\/uploads\/Rovira-homicidio-y-tentativa-1-300x268.jpeg","datePublished":"2025-11-18T21:28:55+00:00","dateModified":"2025-11-18T21:34:01+00:00","description":"P\u00e1gina oficial de la Fiscal\u00eda General de la Naci\u00f3n \u2013 Colombia. Garantizamos el acceso efectivo a la justicia, la verdad y la reparaci\u00f3n de las v\u00edctimas de los delitos.","breadcrumb":{"@id":"https:\/\/www.fiscalia.gov.co\/colombia\/noticias\/fue-enviado-a-la-carcel-presunto-responsable-del-asesinato-de-un-hombre-en-rovira-tolima\/#breadcrumb"},"inLanguage":"es-CO","potentialAction":[{"@type":"ReadAction","target":["https:\/\/www.fiscalia.gov.co\/colombia\/noticias\/fue-enviado-a-la-carcel-presunto-responsable-del-asesinato-de-un-hombre-en-rovira-tolima\/"]}]},{"@type":"ImageObject","inLanguage":"es-CO","@id":"https:\/\/www.fiscalia.gov.co\/colombia\/noticias\/fue-enviado-a-la-carcel-presunto-responsable-del-asesinato-de-un-hombre-en-rovira-tolima\/#primaryimage","url":"https:\/\/www.fiscalia.gov.co\/colombia\/wp-content\/uploads\/Rovira-homicidio-y-tentativa-1.jpeg","contentUrl":"https:\/\/www.fiscalia.gov.co\/colombia\/wp-content\/uploads\/Rovira-homicidio-y-tentativa-1.jpeg","width":1556,"height":1388,"caption":"El hombre fue detenido en cumplimiento a la orden judicial que pesaba en su contra por homicidio, homicidio en grado de tentativa, ambos agravados, y porte de armas de fuego. Acept\u00f3 su responsabilidad en estos hechos."},{"@type":"BreadcrumbList","@id":"https:\/\/www.fiscalia.gov.co\/colombia\/noticias\/fue-enviado-a-la-carcel-presunto-responsable-del-asesinato-de-un-hombre-en-rovira-tolima\/#breadcrumb","itemListElement":[{"@type":"ListItem","position":1,"name":"Home","item":"https:\/\/www.fiscalia.gov.co\/colombia\/"},{"@type":"ListItem","position":2,"name":"Fue enviado a la c\u00e1rcel presunto responsable del asesinato de un hombre en Rovira (Tolima)"}]},{"@type":"WebSite","@id":"https:\/\/www.fiscalia.gov.co\/colombia\/#website","url":"https:\/\/www.fiscalia.gov.co\/colombia\/","name":"Fiscal\u00eda General de la Naci\u00f3n","description":"P\u00e1gina oficial de la Fiscal\u00eda General de la Naci\u00f3n \u2013 Colombia. Garantizamos el acceso efectivo a la justicia, la verdad y la reparaci\u00f3n de las v\u00edctimas de los delitos.","publisher":{"@id":"https:\/\/www.fiscalia.gov.co\/colombia\/#organization"},"potentialAction":[{"@type":"SearchAction","target":{"@type":"EntryPoint","urlTemplate":"https:\/\/www.fiscalia.gov.co\/colombia\/?s={search_term_string}"},"query-input":{"@type":"PropertyValueSpecification","valueRequired":true,"valueName":"search_term_string"}}],"inLanguage":"es-CO"},{"@type":"Organization","@id":"https:\/\/www.fiscalia.gov.co\/colombia\/#organization","name":"Fiscal\u00eda General de la Naci\u00f3n","url":"https:\/\/www.fiscalia.gov.co\/colombia\/","logo":{"@type":"ImageObject","inLanguage":"es-CO","@id":"https:\/\/www.fiscalia.gov.co\/colombia\/#\/schema\/logo\/image\/","url":"https:\/\/www.fiscalia.gov.co\/colombia\/wp-content\/uploads\/LogoHorizontal_1.jpg","contentUrl":"https:\/\/www.fiscalia.gov.co\/colombia\/wp-content\/uploads\/LogoHorizontal_1.jpg","width":300,"height":90,"caption":"Fiscal\u00eda General de la Naci\u00f3n"},"image":{"@id":"https:\/\/www.fiscalia.gov.co\/colombia\/#\/schema\/logo\/image\/"},"sameAs":["https:\/\/www.facebook.com\/FiscaliaCol","https:\/\/x.com\/FiscaliaCol","https:\/\/www.instagram.com\/fiscaliacol","https:\/\/www.linkedin.com\/company\/fiscalia-general-de-la-naci-n\/","https:\/\/youtube.com\/@fiscaliageneraldelanacion-4668?si=6nN79nyQICPU5iTh"]},{"@type":"Person","@id":"https:\/\/www.fiscalia.gov.co\/colombia\/#\/schema\/person\/ba9eca435947489fb25117a0cd75bf3e","name":"Johanna Islenny Prieto Pe\u00f1a","image":{"@type":"ImageObject","inLanguage":"es-CO","@id":"https:\/\/www.fiscalia.gov.co\/colombia\/#\/schema\/person\/image\/","url":"https:\/\/secure.gravatar.com\/avatar\/111433fc2acb037ffb768f6a3ca47864?s=96&d=mm&r=g","contentUrl":"https:\/\/secure.gravatar.com\/avatar\/111433fc2acb037ffb768f6a3ca47864?s=96&d=mm&r=g","caption":"Johanna Islenny Prieto Pe\u00f1a"},"url":"https:\/\/www.fiscalia.gov.co\/colombia\/author\/jprietop\/"}]}},"_links":{"self":[{"href":"https:\/\/www.fiscalia.gov.co\/colombia\/wp-json\/wp\/v2\/posts\/327313","targetHints":{"allow":["GET"]}}],"collection":[{"href":"https:\/\/www.fiscalia.gov.co\/colombia\/wp-json\/wp\/v2\/posts"}],"about":[{"href":"https:\/\/www.fiscalia.gov.co\/colombia\/wp-json\/wp\/v2\/types\/post"}],"author":[{"embeddable":true,"href":"https:\/\/www.fiscalia.gov.co\/colombia\/wp-json\/wp\/v2\/users\/181"}],"replies":[{"embeddable":true,"href":"https:\/\/www.fiscalia.gov.co\/colombia\/wp-json\/wp\/v2\/comments?post=327313"}],"version-history":[{"count":3,"href":"https:\/\/www.fiscalia.gov.co\/colombia\/wp-json\/wp\/v2\/posts\/327313\/revisions"}],"predecessor-version":[{"id":327321,"href":"https:\/\/www.fiscalia.gov.co\/colombia\/wp-json\/wp\/v2\/posts\/327313\/revisions\/327321"}],"wp:attachment":[{"href":"https:\/\/www.fiscalia.gov.co\/colombia\/wp-json\/wp\/v2\/media?parent=327313"}],"wp:term":[{"taxonomy":"category","embeddable":true,"href":"https:\/\/www.fiscalia.gov.co\/colombia\/wp-json\/wp\/v2\/categories?post=327313"},{"taxonomy":"post_tag","embeddable":true,"href":"https:\/\/www.fiscalia.gov.co\/colombia\/wp-json\/wp\/v2\/tags?post=327313"}],"curies":[{"name":"wp","href":"https:\/\/api.w.org\/{rel}","templated":true}]}}