{"id":326057,"date":"2025-10-23T16:12:42","date_gmt":"2025-10-23T21:12:42","guid":{"rendered":"https:\/\/www.fiscalia.gov.co\/colombia\/?p=326057"},"modified":"2025-10-23T16:16:28","modified_gmt":"2025-10-23T21:16:28","slug":"judicializado-adolescente-que-presuntamente-coordino-el-crimen-de-dos-mujeres-en-envigado-antioquia","status":"publish","type":"post","link":"https:\/\/www.fiscalia.gov.co\/colombia\/noticias\/judicializado-adolescente-que-presuntamente-coordino-el-crimen-de-dos-mujeres-en-envigado-antioquia\/","title":{"rendered":"Judicializado adolescente que presuntamente coordin\u00f3 el crimen de dos mujeres en Envigado (Antioquia)"},"content":{"rendered":"<h4 dir=\"ltr\" style=\"text-align: center;\" data-ogsc=\"black\"><strong><i data-ogsc=\"\">La investigaci\u00f3n estableci\u00f3 que el presunto infractor contrat\u00f3 a los sicarios que ejecutaron el hecho.<\/i><\/strong><\/h4>\n<figure id=\"attachment_326058\" aria-describedby=\"caption-attachment-326058\" style=\"width: 696px\" class=\"wp-caption aligncenter\"><img loading=\"lazy\" decoding=\"async\" class=\"size-large wp-image-326058\" src=\"https:\/\/www.fiscalia.gov.co\/colombia\/wp-content\/uploads\/f6cd7968-902d-4a45-93a0-8bef590b2695-1024x637.jpg\" alt=\"En la imagen est\u00e1 el adolescente aprehendido de espaldas en medio de un servidor del CTI y otro de la Polic\u00eda\" width=\"696\" height=\"433\" srcset=\"https:\/\/www.fiscalia.gov.co\/colombia\/wp-content\/uploads\/f6cd7968-902d-4a45-93a0-8bef590b2695-1024x637.jpg 1024w, https:\/\/www.fiscalia.gov.co\/colombia\/wp-content\/uploads\/f6cd7968-902d-4a45-93a0-8bef590b2695-300x187.jpg 300w, https:\/\/www.fiscalia.gov.co\/colombia\/wp-content\/uploads\/f6cd7968-902d-4a45-93a0-8bef590b2695-768x478.jpg 768w, https:\/\/www.fiscalia.gov.co\/colombia\/wp-content\/uploads\/f6cd7968-902d-4a45-93a0-8bef590b2695-1536x956.jpg 1536w, https:\/\/www.fiscalia.gov.co\/colombia\/wp-content\/uploads\/f6cd7968-902d-4a45-93a0-8bef590b2695-675x420.jpg 675w, https:\/\/www.fiscalia.gov.co\/colombia\/wp-content\/uploads\/f6cd7968-902d-4a45-93a0-8bef590b2695-696x433.jpg 696w, https:\/\/www.fiscalia.gov.co\/colombia\/wp-content\/uploads\/f6cd7968-902d-4a45-93a0-8bef590b2695-1068x665.jpg 1068w, https:\/\/www.fiscalia.gov.co\/colombia\/wp-content\/uploads\/f6cd7968-902d-4a45-93a0-8bef590b2695-356x220.jpg 356w, https:\/\/www.fiscalia.gov.co\/colombia\/wp-content\/uploads\/f6cd7968-902d-4a45-93a0-8bef590b2695.jpg 1600w\" sizes=\"auto, (max-width: 696px) 100vw, 696px\" \/><figcaption id=\"caption-attachment-326058\" class=\"wp-caption-text\">Adolescente investigado por contratar a sicarios para asesinar a su abuela y su t\u00eda en Envigado (Antioquia)<\/figcaption><\/figure>\n<p dir=\"ltr\" data-ogsc=\"black\">Luego de valorar los elementos materiales probatorios presentados por la Fiscal\u00eda General de la Naci\u00f3n, un juez con funciones de control de garant\u00edas del Sistema de Responsabilidad Penal para Adolescentes impuso medida de internamiento preventivo en centro especial de reclusi\u00f3n en contra de un adolescente de 17 a\u00f1os, <strong>que habr\u00eda ordenado el crimen de dos mujeres en zona urbana Envigado<\/strong> (Antioquia).<\/p>\n<p dir=\"ltr\" data-ogsc=\"black\">Los hechos investigados ocurrieron el 28 de marzo del a\u00f1o en curso, cuando dos hombres ingresaron a un establecimiento comercial y <strong>atacaron con arma de fuego a la profesora y periodista Mar\u00eda Victoria Correa Ram\u00edrez<\/strong>, y a su hermana Nohelia, abuela del procesado, caus\u00e1ndoles las muerte.\u00a0 En el suceso result\u00f3 lesionada otra familiar de las fallecidas, de 73 a\u00f1os.<\/p>\n<p dir=\"ltr\" data-ogsc=\"black\">Las actividades adelantadas por una fiscal de la Seccional Medell\u00edn, con el apoyo del Cuerpo T\u00e9cnico de Investigaci\u00f3n (CTI) y la Polic\u00eda Nacional, establecieron que el adolescente habr\u00eda contratado, por medio de un tercero, <strong>a los sicarios que asesinaron a las mujeres.<\/strong><\/p>\n<p dir=\"ltr\" data-ogsc=\"black\">El material probatorio da cuenta de que el hecho estar\u00eda relacionado <strong>con el inter\u00e9s de acceder a un dinero representado en millonarias propiedades<\/strong> ubicadas en el sur del Valle de Aburr\u00e1 y que se habr\u00eda pagado una suma superior a los 100 millones de pesos.<\/p>\n<p dir=\"ltr\" data-ogsc=\"black\">El presunto menor infractor fue aprehendido este 22 de octubre por servidores del CTI y la Polic\u00eda Nacional durante una diligencia judicial adelantada en una finca del corregimiento Llano Grande de Rionegro (Antioquia), en la que <strong>fueron incautados dos manuscritos con informaci\u00f3n<\/strong> relevante para el caso y 24 proyectiles de diferente calibre.<\/p>\n<p dir=\"ltr\" data-ogsc=\"black\">Durante las audiencias concentradas el adolescente no se allan\u00f3 a los cargos que le imput\u00f3 una fiscal de la Unidad de Responsabilidad para Adolescentes (URPA), por los <strong>delitos de homicidio agravado<\/strong> y tentativa de homicidio agravado, en calidad de determinador.<\/p>\n<p>Por los mismos hechos, el pasado 14 octubre fueron condenados a 17 a\u00f1os y 6 meses de prisi\u00f3n Juan Camilo Carvajal Burbano, alias Gafas; Deiby Yuli\u00e1n Posso Pretel, alias Cali; y Yuv\u00e1n Daniel Arenas G\u00f3mez, alias El Mello, quienes llegaron a un acuerdo judicial con la Fiscal\u00eda.<\/p>\n<p>&nbsp;<\/p>\n<p>&nbsp;<\/p>\n<p>&nbsp;<\/p>\n<p>&nbsp;<\/p>\n<p>&nbsp;<\/p>\n<p>LFML\/LS\/DSM\/AMCJ\/<\/p>\n<p>&nbsp;<\/p>\n<p>&nbsp;<\/p>\n<p>&nbsp;<\/p>\n<p>&nbsp;<\/p>\n<p>&nbsp;<\/p>\n<p><em>La informaci\u00f3n contenida en este bolet\u00edn de prensa corresponde a la narraci\u00f3n de los hechos noticiosos objetivos, suministrados por los funcionarios encargados de adelantar las investigaciones penales al interior de la Fiscal\u00eda General de la Naci\u00f3n. Para el momento de la divulgaci\u00f3n de este comunicado, la situaci\u00f3n jur\u00eddica de la(s) persona(s) relacionada(s) se encuentra pendiente de resolver por la autoridad judicial competente, siempre bajo los preceptos de la presunci\u00f3n de inocencia, consagrados en el art\u00edculo 29 de la Constituci\u00f3n Pol\u00edtica y el art\u00edculo 7\u00ba de la Ley 906 de 2004.<\/em><\/p>\n\n<div class=\"twitter-share\"><a href=\"https:\/\/twitter.com\/intent\/tweet?via=fiscaliacol\" class=\"twitter-share-button\">Tweet<\/a><\/div>\n","protected":false},"excerpt":{"rendered":"<p>La investigaci\u00f3n estableci\u00f3 que el presunto infractor contrat\u00f3 a los sicarios que ejecutaron el hecho. Luego de valorar los elementos materiales probatorios presentados por la Fiscal\u00eda General de la Naci\u00f3n, un juez con funciones de control de garant\u00edas del Sistema de Responsabilidad Penal para Adolescentes impuso medida de internamiento preventivo en centro especial de reclusi\u00f3n [&hellip;]<\/p>\n","protected":false},"author":177,"featured_media":0,"comment_status":"closed","ping_status":"open","sticky":false,"template":"","format":"standard","meta":{"_price":"","_stock":"","_tribe_ticket_header":"","_tribe_default_ticket_provider":"","_tribe_ticket_capacity":"0","_ticket_start_date":"","_ticket_end_date":"","_tribe_ticket_show_description":"","_tribe_ticket_show_not_going":false,"_tribe_ticket_use_global_stock":"","_tribe_ticket_global_stock_level":"","_global_stock_mode":"","_global_stock_cap":"","_tribe_rsvp_for_event":"","_tribe_ticket_going_count":"","_tribe_ticket_not_going_count":"","_tribe_tickets_list":"[]","_tribe_ticket_has_attendee_info_fields":false,"tdm_status":"","tdm_grid_status":"","footnotes":""},"categories":[1,331,303],"tags":[37492,1047,409,23985],"class_list":{"0":"post-326057","1":"post","2":"type-post","3":"status-publish","4":"format-standard","6":"category-noticias","7":"category-seccional-medellin","8":"category-seccionales","9":"tag-fiscal-luz-adriana-camargo","10":"tag-fiscalia-general-de-la-nacion","11":"tag-homicidio","12":"tag-medellin-antioquia"},"yoast_head":"<!-- This site is optimized with the Yoast SEO plugin v24.3 - https:\/\/yoast.com\/wordpress\/plugins\/seo\/ -->\n<title>Fiscal\u00eda General de la Naci\u00f3n<\/title>\n<meta name=\"description\" content=\"P\u00e1gina oficial de la Fiscal\u00eda General de la Naci\u00f3n \u2013 Colombia. Garantizamos el acceso efectivo a la justicia, la verdad y la reparaci\u00f3n de las v\u00edctimas de los delitos.\" \/>\n<meta name=\"robots\" content=\"noindex, follow\" \/>\n<meta property=\"og:locale\" content=\"es_ES\" \/>\n<meta property=\"og:type\" content=\"article\" \/>\n<meta property=\"og:title\" content=\"Fiscal\u00eda General de la Naci\u00f3n\" \/>\n<meta property=\"og:description\" content=\"P\u00e1gina oficial de la Fiscal\u00eda General de la Naci\u00f3n \u2013 Colombia. Garantizamos el acceso efectivo a la justicia, la verdad y la reparaci\u00f3n de las v\u00edctimas de los delitos.\" \/>\n<meta property=\"og:url\" content=\"https:\/\/www.fiscalia.gov.co\/colombia\/noticias\/judicializado-adolescente-que-presuntamente-coordino-el-crimen-de-dos-mujeres-en-envigado-antioquia\/\" \/>\n<meta property=\"og:site_name\" content=\"Fiscal\u00eda General de la Naci\u00f3n\" \/>\n<meta property=\"article:publisher\" content=\"https:\/\/www.facebook.com\/FiscaliaCol\" \/>\n<meta property=\"article:published_time\" content=\"2025-10-23T21:12:42+00:00\" \/>\n<meta property=\"article:modified_time\" content=\"2025-10-23T21:16:28+00:00\" \/>\n<meta property=\"og:image\" content=\"https:\/\/www.fiscalia.gov.co\/colombia\/wp-content\/uploads\/f6cd7968-902d-4a45-93a0-8bef590b2695.jpg\" \/>\n\t<meta property=\"og:image:width\" content=\"1600\" \/>\n\t<meta property=\"og:image:height\" content=\"996\" \/>\n\t<meta property=\"og:image:type\" content=\"image\/jpeg\" \/>\n<meta name=\"author\" content=\"Jordan Leandro Oviedo Anzola\" \/>\n<meta name=\"twitter:card\" content=\"summary_large_image\" \/>\n<meta name=\"twitter:creator\" content=\"@FiscaliaCol\" \/>\n<meta name=\"twitter:site\" content=\"@FiscaliaCol\" \/>\n<meta name=\"twitter:label1\" content=\"Escrito por\" \/>\n\t<meta name=\"twitter:data1\" content=\"Jordan Leandro Oviedo Anzola\" \/>\n\t<meta name=\"twitter:label2\" content=\"Tiempo de lectura\" \/>\n\t<meta name=\"twitter:data2\" content=\"3 minutos\" \/>\n<script type=\"application\/ld+json\" class=\"yoast-schema-graph\">{\"@context\":\"https:\/\/schema.org\",\"@graph\":[{\"@type\":\"Article\",\"@id\":\"https:\/\/www.fiscalia.gov.co\/colombia\/noticias\/judicializado-adolescente-que-presuntamente-coordino-el-crimen-de-dos-mujeres-en-envigado-antioquia\/#article\",\"isPartOf\":{\"@id\":\"https:\/\/www.fiscalia.gov.co\/colombia\/noticias\/judicializado-adolescente-que-presuntamente-coordino-el-crimen-de-dos-mujeres-en-envigado-antioquia\/\"},\"author\":{\"name\":\"Jordan Leandro Oviedo Anzola\",\"@id\":\"https:\/\/www.fiscalia.gov.co\/colombia\/#\/schema\/person\/bf84402cf293a5393e9c70b111020b24\"},\"headline\":\"Judicializado adolescente que presuntamente coordin\u00f3 el crimen de dos mujeres en Envigado (Antioquia)\",\"datePublished\":\"2025-10-23T21:12:42+00:00\",\"dateModified\":\"2025-10-23T21:16:28+00:00\",\"mainEntityOfPage\":{\"@id\":\"https:\/\/www.fiscalia.gov.co\/colombia\/noticias\/judicializado-adolescente-que-presuntamente-coordino-el-crimen-de-dos-mujeres-en-envigado-antioquia\/\"},\"wordCount\":534,\"publisher\":{\"@id\":\"https:\/\/www.fiscalia.gov.co\/colombia\/#organization\"},\"image\":{\"@id\":\"https:\/\/www.fiscalia.gov.co\/colombia\/noticias\/judicializado-adolescente-que-presuntamente-coordino-el-crimen-de-dos-mujeres-en-envigado-antioquia\/#primaryimage\"},\"thumbnailUrl\":\"https:\/\/www.fiscalia.gov.co\/colombia\/wp-content\/uploads\/f6cd7968-902d-4a45-93a0-8bef590b2695-1024x637.jpg\",\"keywords\":[\"Fiscal Luz Adriana Camargo\",\"Fiscal\u00eda General de la Naci\u00f3n\",\"Homicidio\",\"Medell\u00edn (Antioquia)\"],\"articleSection\":[\"Noticias\",\"Seccional Medell\u00edn\",\"Seccionales\"],\"inLanguage\":\"es-CO\"},{\"@type\":\"WebPage\",\"@id\":\"https:\/\/www.fiscalia.gov.co\/colombia\/noticias\/judicializado-adolescente-que-presuntamente-coordino-el-crimen-de-dos-mujeres-en-envigado-antioquia\/\",\"url\":\"https:\/\/www.fiscalia.gov.co\/colombia\/noticias\/judicializado-adolescente-que-presuntamente-coordino-el-crimen-de-dos-mujeres-en-envigado-antioquia\/\",\"name\":\"Fiscal\u00eda General de la Naci\u00f3n\",\"isPartOf\":{\"@id\":\"https:\/\/www.fiscalia.gov.co\/colombia\/#website\"},\"primaryImageOfPage\":{\"@id\":\"https:\/\/www.fiscalia.gov.co\/colombia\/noticias\/judicializado-adolescente-que-presuntamente-coordino-el-crimen-de-dos-mujeres-en-envigado-antioquia\/#primaryimage\"},\"image\":{\"@id\":\"https:\/\/www.fiscalia.gov.co\/colombia\/noticias\/judicializado-adolescente-que-presuntamente-coordino-el-crimen-de-dos-mujeres-en-envigado-antioquia\/#primaryimage\"},\"thumbnailUrl\":\"https:\/\/www.fiscalia.gov.co\/colombia\/wp-content\/uploads\/f6cd7968-902d-4a45-93a0-8bef590b2695-1024x637.jpg\",\"datePublished\":\"2025-10-23T21:12:42+00:00\",\"dateModified\":\"2025-10-23T21:16:28+00:00\",\"description\":\"P\u00e1gina oficial de la Fiscal\u00eda General de la Naci\u00f3n \u2013 Colombia. Garantizamos el acceso efectivo a la justicia, la verdad y la reparaci\u00f3n de las v\u00edctimas de los delitos.\",\"breadcrumb\":{\"@id\":\"https:\/\/www.fiscalia.gov.co\/colombia\/noticias\/judicializado-adolescente-que-presuntamente-coordino-el-crimen-de-dos-mujeres-en-envigado-antioquia\/#breadcrumb\"},\"inLanguage\":\"es-CO\",\"potentialAction\":[{\"@type\":\"ReadAction\",\"target\":[\"https:\/\/www.fiscalia.gov.co\/colombia\/noticias\/judicializado-adolescente-que-presuntamente-coordino-el-crimen-de-dos-mujeres-en-envigado-antioquia\/\"]}]},{\"@type\":\"ImageObject\",\"inLanguage\":\"es-CO\",\"@id\":\"https:\/\/www.fiscalia.gov.co\/colombia\/noticias\/judicializado-adolescente-que-presuntamente-coordino-el-crimen-de-dos-mujeres-en-envigado-antioquia\/#primaryimage\",\"url\":\"https:\/\/www.fiscalia.gov.co\/colombia\/wp-content\/uploads\/f6cd7968-902d-4a45-93a0-8bef590b2695.jpg\",\"contentUrl\":\"https:\/\/www.fiscalia.gov.co\/colombia\/wp-content\/uploads\/f6cd7968-902d-4a45-93a0-8bef590b2695.jpg\",\"width\":1600,\"height\":996,\"caption\":\"Adolescente investigado por contratar a sicarios para asesinar a su abuela y su t\u00eda en Envigado (Antioquia)\"},{\"@type\":\"BreadcrumbList\",\"@id\":\"https:\/\/www.fiscalia.gov.co\/colombia\/noticias\/judicializado-adolescente-que-presuntamente-coordino-el-crimen-de-dos-mujeres-en-envigado-antioquia\/#breadcrumb\",\"itemListElement\":[{\"@type\":\"ListItem\",\"position\":1,\"name\":\"Home\",\"item\":\"https:\/\/www.fiscalia.gov.co\/colombia\/\"},{\"@type\":\"ListItem\",\"position\":2,\"name\":\"Judicializado adolescente que presuntamente coordin\u00f3 el crimen de dos mujeres en Envigado (Antioquia)\"}]},{\"@type\":\"WebSite\",\"@id\":\"https:\/\/www.fiscalia.gov.co\/colombia\/#website\",\"url\":\"https:\/\/www.fiscalia.gov.co\/colombia\/\",\"name\":\"Fiscal\u00eda General de la Naci\u00f3n\",\"description\":\"P\u00e1gina oficial de la Fiscal\u00eda General de la Naci\u00f3n \u2013 Colombia. Garantizamos el acceso efectivo a la justicia, la verdad y la reparaci\u00f3n de las v\u00edctimas de los delitos.\",\"publisher\":{\"@id\":\"https:\/\/www.fiscalia.gov.co\/colombia\/#organization\"},\"potentialAction\":[{\"@type\":\"SearchAction\",\"target\":{\"@type\":\"EntryPoint\",\"urlTemplate\":\"https:\/\/www.fiscalia.gov.co\/colombia\/?s={search_term_string}\"},\"query-input\":{\"@type\":\"PropertyValueSpecification\",\"valueRequired\":true,\"valueName\":\"search_term_string\"}}],\"inLanguage\":\"es-CO\"},{\"@type\":\"Organization\",\"@id\":\"https:\/\/www.fiscalia.gov.co\/colombia\/#organization\",\"name\":\"Fiscal\u00eda General de la Naci\u00f3n\",\"url\":\"https:\/\/www.fiscalia.gov.co\/colombia\/\",\"logo\":{\"@type\":\"ImageObject\",\"inLanguage\":\"es-CO\",\"@id\":\"https:\/\/www.fiscalia.gov.co\/colombia\/#\/schema\/logo\/image\/\",\"url\":\"https:\/\/www.fiscalia.gov.co\/colombia\/wp-content\/uploads\/LogoHorizontal_1.jpg\",\"contentUrl\":\"https:\/\/www.fiscalia.gov.co\/colombia\/wp-content\/uploads\/LogoHorizontal_1.jpg\",\"width\":300,\"height\":90,\"caption\":\"Fiscal\u00eda General de la Naci\u00f3n\"},\"image\":{\"@id\":\"https:\/\/www.fiscalia.gov.co\/colombia\/#\/schema\/logo\/image\/\"},\"sameAs\":[\"https:\/\/www.facebook.com\/FiscaliaCol\",\"https:\/\/x.com\/FiscaliaCol\",\"https:\/\/www.instagram.com\/fiscaliacol\",\"https:\/\/www.linkedin.com\/company\/fiscalia-general-de-la-naci-n\/\",\"https:\/\/youtube.com\/@fiscaliageneraldelanacion-4668?si=6nN79nyQICPU5iTh\"]},{\"@type\":\"Person\",\"@id\":\"https:\/\/www.fiscalia.gov.co\/colombia\/#\/schema\/person\/bf84402cf293a5393e9c70b111020b24\",\"name\":\"Jordan Leandro Oviedo Anzola\",\"image\":{\"@type\":\"ImageObject\",\"inLanguage\":\"es-CO\",\"@id\":\"https:\/\/www.fiscalia.gov.co\/colombia\/#\/schema\/person\/image\/\",\"url\":\"https:\/\/secure.gravatar.com\/avatar\/dabba4346fa9b9207d96adafa8f92721?s=96&d=mm&r=g\",\"contentUrl\":\"https:\/\/secure.gravatar.com\/avatar\/dabba4346fa9b9207d96adafa8f92721?s=96&d=mm&r=g\",\"caption\":\"Jordan Leandro Oviedo Anzola\"},\"url\":\"https:\/\/www.fiscalia.gov.co\/colombia\/author\/joviedo\/\"}]}<\/script>\n<!-- \/ Yoast SEO plugin. -->","yoast_head_json":{"title":"Fiscal\u00eda General de la Naci\u00f3n","description":"P\u00e1gina oficial de la Fiscal\u00eda General de la Naci\u00f3n \u2013 Colombia. Garantizamos el acceso efectivo a la justicia, la verdad y la reparaci\u00f3n de las v\u00edctimas de los delitos.","robots":{"index":"noindex","follow":"follow"},"og_locale":"es_ES","og_type":"article","og_title":"Fiscal\u00eda General de la Naci\u00f3n","og_description":"P\u00e1gina oficial de la Fiscal\u00eda General de la Naci\u00f3n \u2013 Colombia. Garantizamos el acceso efectivo a la justicia, la verdad y la reparaci\u00f3n de las v\u00edctimas de los delitos.","og_url":"https:\/\/www.fiscalia.gov.co\/colombia\/noticias\/judicializado-adolescente-que-presuntamente-coordino-el-crimen-de-dos-mujeres-en-envigado-antioquia\/","og_site_name":"Fiscal\u00eda General de la Naci\u00f3n","article_publisher":"https:\/\/www.facebook.com\/FiscaliaCol","article_published_time":"2025-10-23T21:12:42+00:00","article_modified_time":"2025-10-23T21:16:28+00:00","og_image":[{"width":1600,"height":996,"url":"https:\/\/www.fiscalia.gov.co\/colombia\/wp-content\/uploads\/f6cd7968-902d-4a45-93a0-8bef590b2695.jpg","type":"image\/jpeg"}],"author":"Jordan Leandro Oviedo Anzola","twitter_card":"summary_large_image","twitter_creator":"@FiscaliaCol","twitter_site":"@FiscaliaCol","twitter_misc":{"Escrito por":"Jordan Leandro Oviedo Anzola","Tiempo de lectura":"3 minutos"},"schema":{"@context":"https:\/\/schema.org","@graph":[{"@type":"Article","@id":"https:\/\/www.fiscalia.gov.co\/colombia\/noticias\/judicializado-adolescente-que-presuntamente-coordino-el-crimen-de-dos-mujeres-en-envigado-antioquia\/#article","isPartOf":{"@id":"https:\/\/www.fiscalia.gov.co\/colombia\/noticias\/judicializado-adolescente-que-presuntamente-coordino-el-crimen-de-dos-mujeres-en-envigado-antioquia\/"},"author":{"name":"Jordan Leandro Oviedo Anzola","@id":"https:\/\/www.fiscalia.gov.co\/colombia\/#\/schema\/person\/bf84402cf293a5393e9c70b111020b24"},"headline":"Judicializado adolescente que presuntamente coordin\u00f3 el crimen de dos mujeres en Envigado (Antioquia)","datePublished":"2025-10-23T21:12:42+00:00","dateModified":"2025-10-23T21:16:28+00:00","mainEntityOfPage":{"@id":"https:\/\/www.fiscalia.gov.co\/colombia\/noticias\/judicializado-adolescente-que-presuntamente-coordino-el-crimen-de-dos-mujeres-en-envigado-antioquia\/"},"wordCount":534,"publisher":{"@id":"https:\/\/www.fiscalia.gov.co\/colombia\/#organization"},"image":{"@id":"https:\/\/www.fiscalia.gov.co\/colombia\/noticias\/judicializado-adolescente-que-presuntamente-coordino-el-crimen-de-dos-mujeres-en-envigado-antioquia\/#primaryimage"},"thumbnailUrl":"https:\/\/www.fiscalia.gov.co\/colombia\/wp-content\/uploads\/f6cd7968-902d-4a45-93a0-8bef590b2695-1024x637.jpg","keywords":["Fiscal Luz Adriana Camargo","Fiscal\u00eda General de la Naci\u00f3n","Homicidio","Medell\u00edn (Antioquia)"],"articleSection":["Noticias","Seccional Medell\u00edn","Seccionales"],"inLanguage":"es-CO"},{"@type":"WebPage","@id":"https:\/\/www.fiscalia.gov.co\/colombia\/noticias\/judicializado-adolescente-que-presuntamente-coordino-el-crimen-de-dos-mujeres-en-envigado-antioquia\/","url":"https:\/\/www.fiscalia.gov.co\/colombia\/noticias\/judicializado-adolescente-que-presuntamente-coordino-el-crimen-de-dos-mujeres-en-envigado-antioquia\/","name":"Fiscal\u00eda General de la Naci\u00f3n","isPartOf":{"@id":"https:\/\/www.fiscalia.gov.co\/colombia\/#website"},"primaryImageOfPage":{"@id":"https:\/\/www.fiscalia.gov.co\/colombia\/noticias\/judicializado-adolescente-que-presuntamente-coordino-el-crimen-de-dos-mujeres-en-envigado-antioquia\/#primaryimage"},"image":{"@id":"https:\/\/www.fiscalia.gov.co\/colombia\/noticias\/judicializado-adolescente-que-presuntamente-coordino-el-crimen-de-dos-mujeres-en-envigado-antioquia\/#primaryimage"},"thumbnailUrl":"https:\/\/www.fiscalia.gov.co\/colombia\/wp-content\/uploads\/f6cd7968-902d-4a45-93a0-8bef590b2695-1024x637.jpg","datePublished":"2025-10-23T21:12:42+00:00","dateModified":"2025-10-23T21:16:28+00:00","description":"P\u00e1gina oficial de la Fiscal\u00eda General de la Naci\u00f3n \u2013 Colombia. Garantizamos el acceso efectivo a la justicia, la verdad y la reparaci\u00f3n de las v\u00edctimas de los delitos.","breadcrumb":{"@id":"https:\/\/www.fiscalia.gov.co\/colombia\/noticias\/judicializado-adolescente-que-presuntamente-coordino-el-crimen-de-dos-mujeres-en-envigado-antioquia\/#breadcrumb"},"inLanguage":"es-CO","potentialAction":[{"@type":"ReadAction","target":["https:\/\/www.fiscalia.gov.co\/colombia\/noticias\/judicializado-adolescente-que-presuntamente-coordino-el-crimen-de-dos-mujeres-en-envigado-antioquia\/"]}]},{"@type":"ImageObject","inLanguage":"es-CO","@id":"https:\/\/www.fiscalia.gov.co\/colombia\/noticias\/judicializado-adolescente-que-presuntamente-coordino-el-crimen-de-dos-mujeres-en-envigado-antioquia\/#primaryimage","url":"https:\/\/www.fiscalia.gov.co\/colombia\/wp-content\/uploads\/f6cd7968-902d-4a45-93a0-8bef590b2695.jpg","contentUrl":"https:\/\/www.fiscalia.gov.co\/colombia\/wp-content\/uploads\/f6cd7968-902d-4a45-93a0-8bef590b2695.jpg","width":1600,"height":996,"caption":"Adolescente investigado por contratar a sicarios para asesinar a su abuela y su t\u00eda en Envigado (Antioquia)"},{"@type":"BreadcrumbList","@id":"https:\/\/www.fiscalia.gov.co\/colombia\/noticias\/judicializado-adolescente-que-presuntamente-coordino-el-crimen-de-dos-mujeres-en-envigado-antioquia\/#breadcrumb","itemListElement":[{"@type":"ListItem","position":1,"name":"Home","item":"https:\/\/www.fiscalia.gov.co\/colombia\/"},{"@type":"ListItem","position":2,"name":"Judicializado adolescente que presuntamente coordin\u00f3 el crimen de dos mujeres en Envigado (Antioquia)"}]},{"@type":"WebSite","@id":"https:\/\/www.fiscalia.gov.co\/colombia\/#website","url":"https:\/\/www.fiscalia.gov.co\/colombia\/","name":"Fiscal\u00eda General de la Naci\u00f3n","description":"P\u00e1gina oficial de la Fiscal\u00eda General de la Naci\u00f3n \u2013 Colombia. Garantizamos el acceso efectivo a la justicia, la verdad y la reparaci\u00f3n de las v\u00edctimas de los delitos.","publisher":{"@id":"https:\/\/www.fiscalia.gov.co\/colombia\/#organization"},"potentialAction":[{"@type":"SearchAction","target":{"@type":"EntryPoint","urlTemplate":"https:\/\/www.fiscalia.gov.co\/colombia\/?s={search_term_string}"},"query-input":{"@type":"PropertyValueSpecification","valueRequired":true,"valueName":"search_term_string"}}],"inLanguage":"es-CO"},{"@type":"Organization","@id":"https:\/\/www.fiscalia.gov.co\/colombia\/#organization","name":"Fiscal\u00eda General de la Naci\u00f3n","url":"https:\/\/www.fiscalia.gov.co\/colombia\/","logo":{"@type":"ImageObject","inLanguage":"es-CO","@id":"https:\/\/www.fiscalia.gov.co\/colombia\/#\/schema\/logo\/image\/","url":"https:\/\/www.fiscalia.gov.co\/colombia\/wp-content\/uploads\/LogoHorizontal_1.jpg","contentUrl":"https:\/\/www.fiscalia.gov.co\/colombia\/wp-content\/uploads\/LogoHorizontal_1.jpg","width":300,"height":90,"caption":"Fiscal\u00eda General de la Naci\u00f3n"},"image":{"@id":"https:\/\/www.fiscalia.gov.co\/colombia\/#\/schema\/logo\/image\/"},"sameAs":["https:\/\/www.facebook.com\/FiscaliaCol","https:\/\/x.com\/FiscaliaCol","https:\/\/www.instagram.com\/fiscaliacol","https:\/\/www.linkedin.com\/company\/fiscalia-general-de-la-naci-n\/","https:\/\/youtube.com\/@fiscaliageneraldelanacion-4668?si=6nN79nyQICPU5iTh"]},{"@type":"Person","@id":"https:\/\/www.fiscalia.gov.co\/colombia\/#\/schema\/person\/bf84402cf293a5393e9c70b111020b24","name":"Jordan Leandro Oviedo Anzola","image":{"@type":"ImageObject","inLanguage":"es-CO","@id":"https:\/\/www.fiscalia.gov.co\/colombia\/#\/schema\/person\/image\/","url":"https:\/\/secure.gravatar.com\/avatar\/dabba4346fa9b9207d96adafa8f92721?s=96&d=mm&r=g","contentUrl":"https:\/\/secure.gravatar.com\/avatar\/dabba4346fa9b9207d96adafa8f92721?s=96&d=mm&r=g","caption":"Jordan Leandro Oviedo Anzola"},"url":"https:\/\/www.fiscalia.gov.co\/colombia\/author\/joviedo\/"}]}},"_links":{"self":[{"href":"https:\/\/www.fiscalia.gov.co\/colombia\/wp-json\/wp\/v2\/posts\/326057","targetHints":{"allow":["GET"]}}],"collection":[{"href":"https:\/\/www.fiscalia.gov.co\/colombia\/wp-json\/wp\/v2\/posts"}],"about":[{"href":"https:\/\/www.fiscalia.gov.co\/colombia\/wp-json\/wp\/v2\/types\/post"}],"author":[{"embeddable":true,"href":"https:\/\/www.fiscalia.gov.co\/colombia\/wp-json\/wp\/v2\/users\/177"}],"replies":[{"embeddable":true,"href":"https:\/\/www.fiscalia.gov.co\/colombia\/wp-json\/wp\/v2\/comments?post=326057"}],"version-history":[{"count":3,"href":"https:\/\/www.fiscalia.gov.co\/colombia\/wp-json\/wp\/v2\/posts\/326057\/revisions"}],"predecessor-version":[{"id":326061,"href":"https:\/\/www.fiscalia.gov.co\/colombia\/wp-json\/wp\/v2\/posts\/326057\/revisions\/326061"}],"wp:attachment":[{"href":"https:\/\/www.fiscalia.gov.co\/colombia\/wp-json\/wp\/v2\/media?parent=326057"}],"wp:term":[{"taxonomy":"category","embeddable":true,"href":"https:\/\/www.fiscalia.gov.co\/colombia\/wp-json\/wp\/v2\/categories?post=326057"},{"taxonomy":"post_tag","embeddable":true,"href":"https:\/\/www.fiscalia.gov.co\/colombia\/wp-json\/wp\/v2\/tags?post=326057"}],"curies":[{"name":"wp","href":"https:\/\/api.w.org\/{rel}","templated":true}]}}