{"id":325943,"date":"2025-10-21T16:44:30","date_gmt":"2025-10-21T21:44:30","guid":{"rendered":"https:\/\/www.fiscalia.gov.co\/colombia\/?p=325943"},"modified":"2025-10-21T16:44:30","modified_gmt":"2025-10-21T21:44:30","slug":"fiscalia-adelanta-jornada-de-informacion-sobre-canales-de-atencion-frente-a-la-violencia-de-genero-en-santa-marta","status":"publish","type":"post","link":"https:\/\/www.fiscalia.gov.co\/colombia\/noticias\/fiscalia-adelanta-jornada-de-informacion-sobre-canales-de-atencion-frente-a-la-violencia-de-genero-en-santa-marta\/","title":{"rendered":"Fiscal\u00eda adelanta jornada de informaci\u00f3n sobre canales de atenci\u00f3n frente a la violencia de g\u00e9nero en Santa Marta"},"content":{"rendered":"<p dir=\"ltr\" data-ogsc=\"black\">Con el prop\u00f3sito de acercar la oferta institucional a la comunidad y fortalecer la confianza ciudadana, la Fiscal\u00eda General de la Naci\u00f3n realiz\u00f3 una <strong>jornada pedag\u00f3gica en un centro comercial de Santa Marta<\/strong> (Magdalena), orientada a divulgar los canales de atenci\u00f3n y la l\u00ednea de denuncia contra la violencia de g\u00e9nero.<\/p>\n<figure id=\"attachment_325944\" aria-describedby=\"caption-attachment-325944\" style=\"width: 696px\" class=\"wp-caption aligncenter\"><img loading=\"lazy\" decoding=\"async\" class=\"size-large wp-image-325944\" src=\"https:\/\/www.fiscalia.gov.co\/colombia\/wp-content\/uploads\/Socializacion-Magdalena-Centro-comercial-5-1024x572.jpeg\" alt=\"Con el prop\u00f3sito de acercar la oferta institucional a la comunidad y fortalecer la confianza ciudadana, la Fiscal\u00eda General de la Naci\u00f3n realiz\u00f3 una jornada pedag\u00f3gica en un centro comercial de Santa Marta (Magdalena), orientada a divulgar los canales de atenci\u00f3n y la l\u00ednea de denuncia contra la violencia de g\u00e9nero.\" width=\"696\" height=\"389\" srcset=\"https:\/\/www.fiscalia.gov.co\/colombia\/wp-content\/uploads\/Socializacion-Magdalena-Centro-comercial-5-1024x572.jpeg 1024w, https:\/\/www.fiscalia.gov.co\/colombia\/wp-content\/uploads\/Socializacion-Magdalena-Centro-comercial-5-300x167.jpeg 300w, https:\/\/www.fiscalia.gov.co\/colombia\/wp-content\/uploads\/Socializacion-Magdalena-Centro-comercial-5-768x429.jpeg 768w, https:\/\/www.fiscalia.gov.co\/colombia\/wp-content\/uploads\/Socializacion-Magdalena-Centro-comercial-5-1536x857.jpeg 1536w, https:\/\/www.fiscalia.gov.co\/colombia\/wp-content\/uploads\/Socializacion-Magdalena-Centro-comercial-5-753x420.jpeg 753w, https:\/\/www.fiscalia.gov.co\/colombia\/wp-content\/uploads\/Socializacion-Magdalena-Centro-comercial-5-696x388.jpeg 696w, https:\/\/www.fiscalia.gov.co\/colombia\/wp-content\/uploads\/Socializacion-Magdalena-Centro-comercial-5-1068x596.jpeg 1068w, https:\/\/www.fiscalia.gov.co\/colombia\/wp-content\/uploads\/Socializacion-Magdalena-Centro-comercial-5.jpeg 1600w\" sizes=\"auto, (max-width: 696px) 100vw, 696px\" \/><figcaption id=\"caption-attachment-325944\" class=\"wp-caption-text\">Durante la jornada se entreg\u00f3 material informativo y se promovieron mensajes de prevenci\u00f3n y sensibilizaci\u00f3n sobre la importancia de denunciar cualquier manifestaci\u00f3n de violencia basada en g\u00e9nero.<\/figcaption><\/figure>\n<p dir=\"ltr\" data-ogsc=\"black\">La iniciativa fue liderada por la directora de la Seccional Magdalena, Madeleyne P\u00e9rez Ojeda, y el programa Futuro Colombia, quienes acompa\u00f1ados de la Polic\u00eda Nacional brindaron orientaci\u00f3n a la ciudadan\u00eda sobre <strong>los mecanismos disponibles para la denuncia, atenci\u00f3n y acompa\u00f1amiento a las v\u00edctimas.<\/strong><\/p>\n<p dir=\"ltr\" data-ogsc=\"black\">Durante la jornada se entreg\u00f3 material informativo y se promovieron mensajes de prevenci\u00f3n y sensibilizaci\u00f3n <strong>sobre la importancia de denunciar<\/strong> cualquier manifestaci\u00f3n de violencia basada en g\u00e9nero.<\/p>\n<p dir=\"ltr\" data-ogsc=\"black\">Esta estrategia permiti\u00f3 generar espacios de di\u00e1logo con los visitantes, resolver inquietudes sobre los procedimientos de denuncia y reiterar el compromiso institucional de la entidad con la <strong>protecci\u00f3n de los derechos de las mujeres, ni\u00f1as y adolescentes.<\/strong><\/p>\n<p dir=\"ltr\" data-ogsc=\"black\">La Fiscal\u00eda General de la Naci\u00f3n invita a la ciudadan\u00eda a denunciar los <strong>delitos que afecten su integridad o seguridad.<\/strong> Para ello, dispone de diversos canales que facilitan el acceso a la justicia y permiten una atenci\u00f3n r\u00e1pida y efectiva:<\/p>\n<ul dir=\"ltr\">\n<li dir=\"ltr\" data-ogsc=\"black\"><strong>Atenci\u00f3n presencial:<\/strong> En las Unidades de Reacci\u00f3n Inmediata (URI), Centros de Atenci\u00f3n de la Fiscal\u00eda (CAF) y Puntos de Atenci\u00f3n de la Fiscal\u00eda (PAF), disponibles de 8:00 a.m. a 12:00 m. y de 2:00 p.m. a 5:00 p.m.<\/li>\n<li dir=\"ltr\" data-ogsc=\"black\"><strong>L\u00edneas nacionales:<\/strong> Comunic\u00e1ndose al 018000 919748, o desde tel\u00e9fono celular marcando el 122, disponible para todo el pa\u00eds.<\/li>\n<li dir=\"ltr\" data-ogsc=\"black\"><strong>Canal virtual:<\/strong> A trav\u00e9s del portal oficial\u00a0<span role=\"presentation\" data-ogsc=\"black\"><u data-ogsc=\"\"><a id=\"OWA22827fc3-3273-9f39-4645-402cd98c362e\" title=\"http:\/\/www.fiscalia.gov.co\" href=\"http:\/\/www.fiscalia.gov.co\/\" target=\"_blank\" rel=\"noopener noreferrer\" data-auth=\"NotApplicable\" data-linkindex=\"0\" data-ogsc=\"black\">www.fiscalia.gov.co<\/a><\/u><\/span>, donde los ciudadanos pueden acceder al bot\u00f3n \u2018Denuncia F\u00e1cil\u2019 y realizar su reporte en l\u00ednea.<\/li>\n<\/ul>\n<p dir=\"ltr\" data-ogsc=\"black\">\n<p dir=\"ltr\" data-ogsc=\"black\">\n<p dir=\"ltr\" data-ogsc=\"black\">\n<p dir=\"ltr\" data-ogsc=\"black\">\n<p dir=\"ltr\" data-ogsc=\"black\">\n<p dir=\"ltr\" data-ogsc=\"black\">\n<p dir=\"ltr\" data-ogsc=\"black\">SCKR\/AMCJ\/MPO\/DSM<\/p>\n<p dir=\"ltr\">\n<p dir=\"ltr\" data-ogsc=\"black\">\n<p dir=\"ltr\" data-ogsc=\"black\">\n<p dir=\"ltr\" data-ogsc=\"black\">\n<p dir=\"ltr\" data-ogsc=\"black\">\n<p dir=\"ltr\" data-ogsc=\"black\">\n<p dir=\"ltr\" data-ogsc=\"black\"><i data-ogsc=\"\">La informaci\u00f3n contenida en este bolet\u00edn de prensa corresponde a la narraci\u00f3n de los hechos noticiosos objetivos, suministrados por los funcionarios encargados de adelantar las investigaciones penales al interior de la Fiscal\u00eda General de la Naci\u00f3n. Para el momento de la divulgaci\u00f3n de este comunicado, la situaci\u00f3n jur\u00eddica de la(s) persona(s) relacionada(s) se encuentra pendiente de resolver por la autoridad judicial competente, siempre bajo los preceptos de la presunci\u00f3n de inocencia, consagrados en el art\u00edculo 29 de la Constituci\u00f3n Pol\u00edtica y el art\u00edculo 7\u00ba de la Ley 906 de 2004.<\/i><\/p>\n<footer>\n<p class=\"td-post-source-tags\">\n<p class=\"td-post-sharing-bottom\">\n<\/footer>\n\n<div class=\"twitter-share\"><a href=\"https:\/\/twitter.com\/intent\/tweet?via=fiscaliacol\" class=\"twitter-share-button\">Tweet<\/a><\/div>\n","protected":false},"excerpt":{"rendered":"<p>Con el prop\u00f3sito de acercar la oferta institucional a la comunidad y fortalecer la confianza ciudadana, la Fiscal\u00eda General de la Naci\u00f3n realiz\u00f3 una jornada pedag\u00f3gica en un centro comercial de Santa Marta (Magdalena), orientada a divulgar los canales de atenci\u00f3n y la l\u00ednea de denuncia contra la violencia de g\u00e9nero. La iniciativa fue liderada [&hellip;]<\/p>\n","protected":false},"author":177,"featured_media":0,"comment_status":"closed","ping_status":"open","sticky":false,"template":"","format":"standard","meta":{"_price":"","_stock":"","_tribe_ticket_header":"","_tribe_default_ticket_provider":"","_tribe_ticket_capacity":"0","_ticket_start_date":"","_ticket_end_date":"","_tribe_ticket_show_description":"","_tribe_ticket_show_not_going":false,"_tribe_ticket_use_global_stock":"","_tribe_ticket_global_stock_level":"","_global_stock_mode":"","_global_stock_cap":"","_tribe_rsvp_for_event":"","_tribe_ticket_going_count":"","_tribe_ticket_not_going_count":"","_tribe_tickets_list":"[]","_tribe_ticket_has_attendee_info_fields":false,"tdm_status":"","tdm_grid_status":"","footnotes":""},"categories":[1,339,303],"tags":[41573,2539,14652,9477,45,22109,3373,43581,558,37832,23839,24009,24310],"class_list":{"0":"post-325943","1":"post","2":"type-post","3":"status-publish","4":"format-standard","6":"category-noticias","7":"category-seccional-santa-marta","8":"category-seccionales","9":"tag-canales-de-denuncia","10":"tag-centro-comercial","11":"tag-ciudadania","12":"tag-comunidad","13":"tag-cti","14":"tag-directora","15":"tag-funcionarios","16":"tag-lineas","17":"tag-policia-nacional","18":"tag-rutas-de-atencion","19":"tag-santa-marta","20":"tag-santa-marta-magdalena","21":"tag-seccional-magdalena"},"yoast_head":"<!-- This site is optimized with the Yoast SEO plugin v24.3 - https:\/\/yoast.com\/wordpress\/plugins\/seo\/ -->\n<title>Fiscal\u00eda General de la Naci\u00f3n<\/title>\n<meta name=\"description\" content=\"P\u00e1gina oficial de la Fiscal\u00eda General de la Naci\u00f3n \u2013 Colombia. Garantizamos el acceso efectivo a la justicia, la verdad y la reparaci\u00f3n de las v\u00edctimas de los delitos.\" \/>\n<meta name=\"robots\" content=\"noindex, follow\" \/>\n<meta property=\"og:locale\" content=\"es_ES\" \/>\n<meta property=\"og:type\" content=\"article\" \/>\n<meta property=\"og:title\" content=\"Fiscal\u00eda General de la Naci\u00f3n\" \/>\n<meta property=\"og:description\" content=\"P\u00e1gina oficial de la Fiscal\u00eda General de la Naci\u00f3n \u2013 Colombia. Garantizamos el acceso efectivo a la justicia, la verdad y la reparaci\u00f3n de las v\u00edctimas de los delitos.\" \/>\n<meta property=\"og:url\" content=\"https:\/\/www.fiscalia.gov.co\/colombia\/noticias\/fiscalia-adelanta-jornada-de-informacion-sobre-canales-de-atencion-frente-a-la-violencia-de-genero-en-santa-marta\/\" \/>\n<meta property=\"og:site_name\" content=\"Fiscal\u00eda General de la Naci\u00f3n\" \/>\n<meta property=\"article:publisher\" content=\"https:\/\/www.facebook.com\/FiscaliaCol\" \/>\n<meta property=\"article:published_time\" content=\"2025-10-21T21:44:30+00:00\" \/>\n<meta property=\"og:image\" content=\"https:\/\/www.fiscalia.gov.co\/colombia\/wp-content\/uploads\/Socializacion-Magdalena-Centro-comercial-5.jpeg\" \/>\n\t<meta property=\"og:image:width\" content=\"1600\" \/>\n\t<meta property=\"og:image:height\" content=\"893\" \/>\n\t<meta property=\"og:image:type\" content=\"image\/jpeg\" \/>\n<meta name=\"author\" content=\"Jordan Leandro Oviedo Anzola\" \/>\n<meta name=\"twitter:card\" content=\"summary_large_image\" \/>\n<meta name=\"twitter:creator\" content=\"@FiscaliaCol\" \/>\n<meta name=\"twitter:site\" content=\"@FiscaliaCol\" \/>\n<meta name=\"twitter:label1\" content=\"Escrito por\" \/>\n\t<meta name=\"twitter:data1\" content=\"Jordan Leandro Oviedo Anzola\" \/>\n\t<meta name=\"twitter:label2\" content=\"Tiempo de lectura\" \/>\n\t<meta name=\"twitter:data2\" content=\"3 minutos\" \/>\n<script type=\"application\/ld+json\" class=\"yoast-schema-graph\">{\"@context\":\"https:\/\/schema.org\",\"@graph\":[{\"@type\":\"Article\",\"@id\":\"https:\/\/www.fiscalia.gov.co\/colombia\/noticias\/fiscalia-adelanta-jornada-de-informacion-sobre-canales-de-atencion-frente-a-la-violencia-de-genero-en-santa-marta\/#article\",\"isPartOf\":{\"@id\":\"https:\/\/www.fiscalia.gov.co\/colombia\/noticias\/fiscalia-adelanta-jornada-de-informacion-sobre-canales-de-atencion-frente-a-la-violencia-de-genero-en-santa-marta\/\"},\"author\":{\"name\":\"Jordan Leandro Oviedo Anzola\",\"@id\":\"https:\/\/www.fiscalia.gov.co\/colombia\/#\/schema\/person\/bf84402cf293a5393e9c70b111020b24\"},\"headline\":\"Fiscal\u00eda adelanta jornada de informaci\u00f3n sobre canales de atenci\u00f3n frente a la violencia de g\u00e9nero en Santa Marta\",\"datePublished\":\"2025-10-21T21:44:30+00:00\",\"dateModified\":\"2025-10-21T21:44:30+00:00\",\"mainEntityOfPage\":{\"@id\":\"https:\/\/www.fiscalia.gov.co\/colombia\/noticias\/fiscalia-adelanta-jornada-de-informacion-sobre-canales-de-atencion-frente-a-la-violencia-de-genero-en-santa-marta\/\"},\"wordCount\":483,\"publisher\":{\"@id\":\"https:\/\/www.fiscalia.gov.co\/colombia\/#organization\"},\"image\":{\"@id\":\"https:\/\/www.fiscalia.gov.co\/colombia\/noticias\/fiscalia-adelanta-jornada-de-informacion-sobre-canales-de-atencion-frente-a-la-violencia-de-genero-en-santa-marta\/#primaryimage\"},\"thumbnailUrl\":\"https:\/\/www.fiscalia.gov.co\/colombia\/wp-content\/uploads\/Socializacion-Magdalena-Centro-comercial-5-1024x572.jpeg\",\"keywords\":[\"Canales de denuncia\",\"Centro Comercial\",\"Ciudadan\u00eda\",\"Comunidad\",\"CTI\",\"Directora\",\"Funcionarios\",\"l\u00edneas\",\"Polic\u00eda Nacional\",\"rutas de atenci\u00f3n\",\"Santa Marta\",\"Santa Marta (Magdalena)\",\"Seccional Magdalena\"],\"articleSection\":[\"Noticias\",\"Seccional Santa Marta\",\"Seccionales\"],\"inLanguage\":\"es-CO\"},{\"@type\":\"WebPage\",\"@id\":\"https:\/\/www.fiscalia.gov.co\/colombia\/noticias\/fiscalia-adelanta-jornada-de-informacion-sobre-canales-de-atencion-frente-a-la-violencia-de-genero-en-santa-marta\/\",\"url\":\"https:\/\/www.fiscalia.gov.co\/colombia\/noticias\/fiscalia-adelanta-jornada-de-informacion-sobre-canales-de-atencion-frente-a-la-violencia-de-genero-en-santa-marta\/\",\"name\":\"Fiscal\u00eda General de la Naci\u00f3n\",\"isPartOf\":{\"@id\":\"https:\/\/www.fiscalia.gov.co\/colombia\/#website\"},\"primaryImageOfPage\":{\"@id\":\"https:\/\/www.fiscalia.gov.co\/colombia\/noticias\/fiscalia-adelanta-jornada-de-informacion-sobre-canales-de-atencion-frente-a-la-violencia-de-genero-en-santa-marta\/#primaryimage\"},\"image\":{\"@id\":\"https:\/\/www.fiscalia.gov.co\/colombia\/noticias\/fiscalia-adelanta-jornada-de-informacion-sobre-canales-de-atencion-frente-a-la-violencia-de-genero-en-santa-marta\/#primaryimage\"},\"thumbnailUrl\":\"https:\/\/www.fiscalia.gov.co\/colombia\/wp-content\/uploads\/Socializacion-Magdalena-Centro-comercial-5-1024x572.jpeg\",\"datePublished\":\"2025-10-21T21:44:30+00:00\",\"dateModified\":\"2025-10-21T21:44:30+00:00\",\"description\":\"P\u00e1gina oficial de la Fiscal\u00eda General de la Naci\u00f3n \u2013 Colombia. Garantizamos el acceso efectivo a la justicia, la verdad y la reparaci\u00f3n de las v\u00edctimas de los delitos.\",\"breadcrumb\":{\"@id\":\"https:\/\/www.fiscalia.gov.co\/colombia\/noticias\/fiscalia-adelanta-jornada-de-informacion-sobre-canales-de-atencion-frente-a-la-violencia-de-genero-en-santa-marta\/#breadcrumb\"},\"inLanguage\":\"es-CO\",\"potentialAction\":[{\"@type\":\"ReadAction\",\"target\":[\"https:\/\/www.fiscalia.gov.co\/colombia\/noticias\/fiscalia-adelanta-jornada-de-informacion-sobre-canales-de-atencion-frente-a-la-violencia-de-genero-en-santa-marta\/\"]}]},{\"@type\":\"ImageObject\",\"inLanguage\":\"es-CO\",\"@id\":\"https:\/\/www.fiscalia.gov.co\/colombia\/noticias\/fiscalia-adelanta-jornada-de-informacion-sobre-canales-de-atencion-frente-a-la-violencia-de-genero-en-santa-marta\/#primaryimage\",\"url\":\"https:\/\/www.fiscalia.gov.co\/colombia\/wp-content\/uploads\/Socializacion-Magdalena-Centro-comercial-5.jpeg\",\"contentUrl\":\"https:\/\/www.fiscalia.gov.co\/colombia\/wp-content\/uploads\/Socializacion-Magdalena-Centro-comercial-5.jpeg\",\"width\":1600,\"height\":893,\"caption\":\"Durante la jornada se entreg\u00f3 material informativo y se promovieron mensajes de prevenci\u00f3n y sensibilizaci\u00f3n sobre la importancia de denunciar cualquier manifestaci\u00f3n de violencia basada en g\u00e9nero.\"},{\"@type\":\"BreadcrumbList\",\"@id\":\"https:\/\/www.fiscalia.gov.co\/colombia\/noticias\/fiscalia-adelanta-jornada-de-informacion-sobre-canales-de-atencion-frente-a-la-violencia-de-genero-en-santa-marta\/#breadcrumb\",\"itemListElement\":[{\"@type\":\"ListItem\",\"position\":1,\"name\":\"Home\",\"item\":\"https:\/\/www.fiscalia.gov.co\/colombia\/\"},{\"@type\":\"ListItem\",\"position\":2,\"name\":\"Fiscal\u00eda adelanta jornada de informaci\u00f3n sobre canales de atenci\u00f3n frente a la violencia de g\u00e9nero en Santa Marta\"}]},{\"@type\":\"WebSite\",\"@id\":\"https:\/\/www.fiscalia.gov.co\/colombia\/#website\",\"url\":\"https:\/\/www.fiscalia.gov.co\/colombia\/\",\"name\":\"Fiscal\u00eda General de la Naci\u00f3n\",\"description\":\"P\u00e1gina oficial de la Fiscal\u00eda General de la Naci\u00f3n \u2013 Colombia. Garantizamos el acceso efectivo a la justicia, la verdad y la reparaci\u00f3n de las v\u00edctimas de los delitos.\",\"publisher\":{\"@id\":\"https:\/\/www.fiscalia.gov.co\/colombia\/#organization\"},\"potentialAction\":[{\"@type\":\"SearchAction\",\"target\":{\"@type\":\"EntryPoint\",\"urlTemplate\":\"https:\/\/www.fiscalia.gov.co\/colombia\/?s={search_term_string}\"},\"query-input\":{\"@type\":\"PropertyValueSpecification\",\"valueRequired\":true,\"valueName\":\"search_term_string\"}}],\"inLanguage\":\"es-CO\"},{\"@type\":\"Organization\",\"@id\":\"https:\/\/www.fiscalia.gov.co\/colombia\/#organization\",\"name\":\"Fiscal\u00eda General de la Naci\u00f3n\",\"url\":\"https:\/\/www.fiscalia.gov.co\/colombia\/\",\"logo\":{\"@type\":\"ImageObject\",\"inLanguage\":\"es-CO\",\"@id\":\"https:\/\/www.fiscalia.gov.co\/colombia\/#\/schema\/logo\/image\/\",\"url\":\"https:\/\/www.fiscalia.gov.co\/colombia\/wp-content\/uploads\/LogoHorizontal_1.jpg\",\"contentUrl\":\"https:\/\/www.fiscalia.gov.co\/colombia\/wp-content\/uploads\/LogoHorizontal_1.jpg\",\"width\":300,\"height\":90,\"caption\":\"Fiscal\u00eda General de la Naci\u00f3n\"},\"image\":{\"@id\":\"https:\/\/www.fiscalia.gov.co\/colombia\/#\/schema\/logo\/image\/\"},\"sameAs\":[\"https:\/\/www.facebook.com\/FiscaliaCol\",\"https:\/\/x.com\/FiscaliaCol\",\"https:\/\/www.instagram.com\/fiscaliacol\",\"https:\/\/www.linkedin.com\/company\/fiscalia-general-de-la-naci-n\/\",\"https:\/\/youtube.com\/@fiscaliageneraldelanacion-4668?si=6nN79nyQICPU5iTh\"]},{\"@type\":\"Person\",\"@id\":\"https:\/\/www.fiscalia.gov.co\/colombia\/#\/schema\/person\/bf84402cf293a5393e9c70b111020b24\",\"name\":\"Jordan Leandro Oviedo Anzola\",\"image\":{\"@type\":\"ImageObject\",\"inLanguage\":\"es-CO\",\"@id\":\"https:\/\/www.fiscalia.gov.co\/colombia\/#\/schema\/person\/image\/\",\"url\":\"https:\/\/secure.gravatar.com\/avatar\/dabba4346fa9b9207d96adafa8f92721?s=96&d=mm&r=g\",\"contentUrl\":\"https:\/\/secure.gravatar.com\/avatar\/dabba4346fa9b9207d96adafa8f92721?s=96&d=mm&r=g\",\"caption\":\"Jordan Leandro Oviedo Anzola\"},\"url\":\"https:\/\/www.fiscalia.gov.co\/colombia\/author\/joviedo\/\"}]}<\/script>\n<!-- \/ Yoast SEO plugin. -->","yoast_head_json":{"title":"Fiscal\u00eda General de la Naci\u00f3n","description":"P\u00e1gina oficial de la Fiscal\u00eda General de la Naci\u00f3n \u2013 Colombia. Garantizamos el acceso efectivo a la justicia, la verdad y la reparaci\u00f3n de las v\u00edctimas de los delitos.","robots":{"index":"noindex","follow":"follow"},"og_locale":"es_ES","og_type":"article","og_title":"Fiscal\u00eda General de la Naci\u00f3n","og_description":"P\u00e1gina oficial de la Fiscal\u00eda General de la Naci\u00f3n \u2013 Colombia. Garantizamos el acceso efectivo a la justicia, la verdad y la reparaci\u00f3n de las v\u00edctimas de los delitos.","og_url":"https:\/\/www.fiscalia.gov.co\/colombia\/noticias\/fiscalia-adelanta-jornada-de-informacion-sobre-canales-de-atencion-frente-a-la-violencia-de-genero-en-santa-marta\/","og_site_name":"Fiscal\u00eda General de la Naci\u00f3n","article_publisher":"https:\/\/www.facebook.com\/FiscaliaCol","article_published_time":"2025-10-21T21:44:30+00:00","og_image":[{"width":1600,"height":893,"url":"https:\/\/www.fiscalia.gov.co\/colombia\/wp-content\/uploads\/Socializacion-Magdalena-Centro-comercial-5.jpeg","type":"image\/jpeg"}],"author":"Jordan Leandro Oviedo Anzola","twitter_card":"summary_large_image","twitter_creator":"@FiscaliaCol","twitter_site":"@FiscaliaCol","twitter_misc":{"Escrito por":"Jordan Leandro Oviedo Anzola","Tiempo de lectura":"3 minutos"},"schema":{"@context":"https:\/\/schema.org","@graph":[{"@type":"Article","@id":"https:\/\/www.fiscalia.gov.co\/colombia\/noticias\/fiscalia-adelanta-jornada-de-informacion-sobre-canales-de-atencion-frente-a-la-violencia-de-genero-en-santa-marta\/#article","isPartOf":{"@id":"https:\/\/www.fiscalia.gov.co\/colombia\/noticias\/fiscalia-adelanta-jornada-de-informacion-sobre-canales-de-atencion-frente-a-la-violencia-de-genero-en-santa-marta\/"},"author":{"name":"Jordan Leandro Oviedo Anzola","@id":"https:\/\/www.fiscalia.gov.co\/colombia\/#\/schema\/person\/bf84402cf293a5393e9c70b111020b24"},"headline":"Fiscal\u00eda adelanta jornada de informaci\u00f3n sobre canales de atenci\u00f3n frente a la violencia de g\u00e9nero en Santa Marta","datePublished":"2025-10-21T21:44:30+00:00","dateModified":"2025-10-21T21:44:30+00:00","mainEntityOfPage":{"@id":"https:\/\/www.fiscalia.gov.co\/colombia\/noticias\/fiscalia-adelanta-jornada-de-informacion-sobre-canales-de-atencion-frente-a-la-violencia-de-genero-en-santa-marta\/"},"wordCount":483,"publisher":{"@id":"https:\/\/www.fiscalia.gov.co\/colombia\/#organization"},"image":{"@id":"https:\/\/www.fiscalia.gov.co\/colombia\/noticias\/fiscalia-adelanta-jornada-de-informacion-sobre-canales-de-atencion-frente-a-la-violencia-de-genero-en-santa-marta\/#primaryimage"},"thumbnailUrl":"https:\/\/www.fiscalia.gov.co\/colombia\/wp-content\/uploads\/Socializacion-Magdalena-Centro-comercial-5-1024x572.jpeg","keywords":["Canales de denuncia","Centro Comercial","Ciudadan\u00eda","Comunidad","CTI","Directora","Funcionarios","l\u00edneas","Polic\u00eda Nacional","rutas de atenci\u00f3n","Santa Marta","Santa Marta (Magdalena)","Seccional Magdalena"],"articleSection":["Noticias","Seccional Santa Marta","Seccionales"],"inLanguage":"es-CO"},{"@type":"WebPage","@id":"https:\/\/www.fiscalia.gov.co\/colombia\/noticias\/fiscalia-adelanta-jornada-de-informacion-sobre-canales-de-atencion-frente-a-la-violencia-de-genero-en-santa-marta\/","url":"https:\/\/www.fiscalia.gov.co\/colombia\/noticias\/fiscalia-adelanta-jornada-de-informacion-sobre-canales-de-atencion-frente-a-la-violencia-de-genero-en-santa-marta\/","name":"Fiscal\u00eda General de la Naci\u00f3n","isPartOf":{"@id":"https:\/\/www.fiscalia.gov.co\/colombia\/#website"},"primaryImageOfPage":{"@id":"https:\/\/www.fiscalia.gov.co\/colombia\/noticias\/fiscalia-adelanta-jornada-de-informacion-sobre-canales-de-atencion-frente-a-la-violencia-de-genero-en-santa-marta\/#primaryimage"},"image":{"@id":"https:\/\/www.fiscalia.gov.co\/colombia\/noticias\/fiscalia-adelanta-jornada-de-informacion-sobre-canales-de-atencion-frente-a-la-violencia-de-genero-en-santa-marta\/#primaryimage"},"thumbnailUrl":"https:\/\/www.fiscalia.gov.co\/colombia\/wp-content\/uploads\/Socializacion-Magdalena-Centro-comercial-5-1024x572.jpeg","datePublished":"2025-10-21T21:44:30+00:00","dateModified":"2025-10-21T21:44:30+00:00","description":"P\u00e1gina oficial de la Fiscal\u00eda General de la Naci\u00f3n \u2013 Colombia. Garantizamos el acceso efectivo a la justicia, la verdad y la reparaci\u00f3n de las v\u00edctimas de los delitos.","breadcrumb":{"@id":"https:\/\/www.fiscalia.gov.co\/colombia\/noticias\/fiscalia-adelanta-jornada-de-informacion-sobre-canales-de-atencion-frente-a-la-violencia-de-genero-en-santa-marta\/#breadcrumb"},"inLanguage":"es-CO","potentialAction":[{"@type":"ReadAction","target":["https:\/\/www.fiscalia.gov.co\/colombia\/noticias\/fiscalia-adelanta-jornada-de-informacion-sobre-canales-de-atencion-frente-a-la-violencia-de-genero-en-santa-marta\/"]}]},{"@type":"ImageObject","inLanguage":"es-CO","@id":"https:\/\/www.fiscalia.gov.co\/colombia\/noticias\/fiscalia-adelanta-jornada-de-informacion-sobre-canales-de-atencion-frente-a-la-violencia-de-genero-en-santa-marta\/#primaryimage","url":"https:\/\/www.fiscalia.gov.co\/colombia\/wp-content\/uploads\/Socializacion-Magdalena-Centro-comercial-5.jpeg","contentUrl":"https:\/\/www.fiscalia.gov.co\/colombia\/wp-content\/uploads\/Socializacion-Magdalena-Centro-comercial-5.jpeg","width":1600,"height":893,"caption":"Durante la jornada se entreg\u00f3 material informativo y se promovieron mensajes de prevenci\u00f3n y sensibilizaci\u00f3n sobre la importancia de denunciar cualquier manifestaci\u00f3n de violencia basada en g\u00e9nero."},{"@type":"BreadcrumbList","@id":"https:\/\/www.fiscalia.gov.co\/colombia\/noticias\/fiscalia-adelanta-jornada-de-informacion-sobre-canales-de-atencion-frente-a-la-violencia-de-genero-en-santa-marta\/#breadcrumb","itemListElement":[{"@type":"ListItem","position":1,"name":"Home","item":"https:\/\/www.fiscalia.gov.co\/colombia\/"},{"@type":"ListItem","position":2,"name":"Fiscal\u00eda adelanta jornada de informaci\u00f3n sobre canales de atenci\u00f3n frente a la violencia de g\u00e9nero en Santa Marta"}]},{"@type":"WebSite","@id":"https:\/\/www.fiscalia.gov.co\/colombia\/#website","url":"https:\/\/www.fiscalia.gov.co\/colombia\/","name":"Fiscal\u00eda General de la Naci\u00f3n","description":"P\u00e1gina oficial de la Fiscal\u00eda General de la Naci\u00f3n \u2013 Colombia. Garantizamos el acceso efectivo a la justicia, la verdad y la reparaci\u00f3n de las v\u00edctimas de los delitos.","publisher":{"@id":"https:\/\/www.fiscalia.gov.co\/colombia\/#organization"},"potentialAction":[{"@type":"SearchAction","target":{"@type":"EntryPoint","urlTemplate":"https:\/\/www.fiscalia.gov.co\/colombia\/?s={search_term_string}"},"query-input":{"@type":"PropertyValueSpecification","valueRequired":true,"valueName":"search_term_string"}}],"inLanguage":"es-CO"},{"@type":"Organization","@id":"https:\/\/www.fiscalia.gov.co\/colombia\/#organization","name":"Fiscal\u00eda General de la Naci\u00f3n","url":"https:\/\/www.fiscalia.gov.co\/colombia\/","logo":{"@type":"ImageObject","inLanguage":"es-CO","@id":"https:\/\/www.fiscalia.gov.co\/colombia\/#\/schema\/logo\/image\/","url":"https:\/\/www.fiscalia.gov.co\/colombia\/wp-content\/uploads\/LogoHorizontal_1.jpg","contentUrl":"https:\/\/www.fiscalia.gov.co\/colombia\/wp-content\/uploads\/LogoHorizontal_1.jpg","width":300,"height":90,"caption":"Fiscal\u00eda General de la Naci\u00f3n"},"image":{"@id":"https:\/\/www.fiscalia.gov.co\/colombia\/#\/schema\/logo\/image\/"},"sameAs":["https:\/\/www.facebook.com\/FiscaliaCol","https:\/\/x.com\/FiscaliaCol","https:\/\/www.instagram.com\/fiscaliacol","https:\/\/www.linkedin.com\/company\/fiscalia-general-de-la-naci-n\/","https:\/\/youtube.com\/@fiscaliageneraldelanacion-4668?si=6nN79nyQICPU5iTh"]},{"@type":"Person","@id":"https:\/\/www.fiscalia.gov.co\/colombia\/#\/schema\/person\/bf84402cf293a5393e9c70b111020b24","name":"Jordan Leandro Oviedo Anzola","image":{"@type":"ImageObject","inLanguage":"es-CO","@id":"https:\/\/www.fiscalia.gov.co\/colombia\/#\/schema\/person\/image\/","url":"https:\/\/secure.gravatar.com\/avatar\/dabba4346fa9b9207d96adafa8f92721?s=96&d=mm&r=g","contentUrl":"https:\/\/secure.gravatar.com\/avatar\/dabba4346fa9b9207d96adafa8f92721?s=96&d=mm&r=g","caption":"Jordan Leandro Oviedo Anzola"},"url":"https:\/\/www.fiscalia.gov.co\/colombia\/author\/joviedo\/"}]}},"_links":{"self":[{"href":"https:\/\/www.fiscalia.gov.co\/colombia\/wp-json\/wp\/v2\/posts\/325943","targetHints":{"allow":["GET"]}}],"collection":[{"href":"https:\/\/www.fiscalia.gov.co\/colombia\/wp-json\/wp\/v2\/posts"}],"about":[{"href":"https:\/\/www.fiscalia.gov.co\/colombia\/wp-json\/wp\/v2\/types\/post"}],"author":[{"embeddable":true,"href":"https:\/\/www.fiscalia.gov.co\/colombia\/wp-json\/wp\/v2\/users\/177"}],"replies":[{"embeddable":true,"href":"https:\/\/www.fiscalia.gov.co\/colombia\/wp-json\/wp\/v2\/comments?post=325943"}],"version-history":[{"count":1,"href":"https:\/\/www.fiscalia.gov.co\/colombia\/wp-json\/wp\/v2\/posts\/325943\/revisions"}],"predecessor-version":[{"id":325945,"href":"https:\/\/www.fiscalia.gov.co\/colombia\/wp-json\/wp\/v2\/posts\/325943\/revisions\/325945"}],"wp:attachment":[{"href":"https:\/\/www.fiscalia.gov.co\/colombia\/wp-json\/wp\/v2\/media?parent=325943"}],"wp:term":[{"taxonomy":"category","embeddable":true,"href":"https:\/\/www.fiscalia.gov.co\/colombia\/wp-json\/wp\/v2\/categories?post=325943"},{"taxonomy":"post_tag","embeddable":true,"href":"https:\/\/www.fiscalia.gov.co\/colombia\/wp-json\/wp\/v2\/tags?post=325943"}],"curies":[{"name":"wp","href":"https:\/\/api.w.org\/{rel}","templated":true}]}}