{"id":325717,"date":"2025-10-16T16:06:07","date_gmt":"2025-10-16T21:06:07","guid":{"rendered":"https:\/\/www.fiscalia.gov.co\/colombia\/?p=325717"},"modified":"2025-10-16T16:06:07","modified_gmt":"2025-10-16T21:06:07","slug":"en-sevilla-valle-del-cauca-capturan-a-un-hombre-para-que-cumpla-una-condena-a-mas-de-32-anos-de-prision-por-el-feminicidio-de-su-pareja","status":"publish","type":"post","link":"https:\/\/www.fiscalia.gov.co\/colombia\/noticias\/en-sevilla-valle-del-cauca-capturan-a-un-hombre-para-que-cumpla-una-condena-a-mas-de-32-anos-de-prision-por-el-feminicidio-de-su-pareja\/","title":{"rendered":"En Sevilla (Valle del Cauca) capturan a un hombre para que cumpla una condena a m\u00e1s de 32 a\u00f1os de prisi\u00f3n por el feminicidio de su pareja"},"content":{"rendered":"<p>La Fiscal\u00eda General de la Naci\u00f3n, a trav\u00e9s del Cuerpo T\u00e9cnico de Investigaci\u00f3n (CTI) en coordinaci\u00f3n con la <strong>Polic\u00eda Nacional, captur\u00f3 en Sevilla (Valle del Cauca) a Alexander Osorio<\/strong> L\u00f3pez, quien era requerido por la justicia para cumplir una condena a 32 a\u00f1os y 6 meses de prisi\u00f3n por el crimen de su compa\u00f1era sentimental.<\/p>\n<figure id=\"attachment_325723\" aria-describedby=\"caption-attachment-325723\" style=\"width: 300px\" class=\"wp-caption alignnone\"><img loading=\"lazy\" decoding=\"async\" class=\"size-medium wp-image-325723\" src=\"https:\/\/www.fiscalia.gov.co\/colombia\/wp-content\/uploads\/Alexander-Osorio-Lopez.-feminicidio-agravado.-Sevilla-Valle-1-300x188.jpg\" alt=\"En la fotograf\u00eda aparece de pie, con los brazos adelante y esposado Alexander Osorio L\u00f3pez. Viste con buso azul oscuro y pantal\u00f3n negro. Usa barba y bigote. En el extremo derecho de \u00e9l hay una servidora del CTI de la Fiscal\u00eda y en el derecho un uniformado de la Polic\u00eda Nacional. Delante de ellos hay una superficie y sobre ella hay un letrero que dice: \u2018Orden judicial\u2019. Detr\u00e1s de ellos hay un pend\u00f3n institucional de la Polic\u00eda.\" width=\"300\" height=\"188\" srcset=\"https:\/\/www.fiscalia.gov.co\/colombia\/wp-content\/uploads\/Alexander-Osorio-Lopez.-feminicidio-agravado.-Sevilla-Valle-1-300x188.jpg 300w, https:\/\/www.fiscalia.gov.co\/colombia\/wp-content\/uploads\/Alexander-Osorio-Lopez.-feminicidio-agravado.-Sevilla-Valle-1-1024x640.jpg 1024w, https:\/\/www.fiscalia.gov.co\/colombia\/wp-content\/uploads\/Alexander-Osorio-Lopez.-feminicidio-agravado.-Sevilla-Valle-1-768x480.jpg 768w, https:\/\/www.fiscalia.gov.co\/colombia\/wp-content\/uploads\/Alexander-Osorio-Lopez.-feminicidio-agravado.-Sevilla-Valle-1-672x420.jpg 672w, https:\/\/www.fiscalia.gov.co\/colombia\/wp-content\/uploads\/Alexander-Osorio-Lopez.-feminicidio-agravado.-Sevilla-Valle-1-696x435.jpg 696w, https:\/\/www.fiscalia.gov.co\/colombia\/wp-content\/uploads\/Alexander-Osorio-Lopez.-feminicidio-agravado.-Sevilla-Valle-1-1068x668.jpg 1068w, https:\/\/www.fiscalia.gov.co\/colombia\/wp-content\/uploads\/Alexander-Osorio-Lopez.-feminicidio-agravado.-Sevilla-Valle-1.jpg 1422w\" sizes=\"auto, (max-width: 300px) 100vw, 300px\" \/><figcaption id=\"caption-attachment-325723\" class=\"wp-caption-text\">Alexander Osorio L\u00f3pez fue capturado para cumplir 32 a\u00f1os y 6 meses de prisi\u00f3n por el crimen de su compa\u00f1era sentimental, en Sevilla (Valle del Cauca).<\/figcaption><\/figure>\n<p>La Fiscal\u00eda estableci\u00f3 que Osorio L\u00f3pez asesin\u00f3 a su pareja el 6 de julio del 2021 y luego sepult\u00f3 su cuerpo en zona boscosa del barrio Santander de Armenia (Quind\u00edo). El sentenciado fue imputado por el delito de feminicidio agravado, <strong>siendo considerado culpable por un juzgado penal del circuito del municipio vallecaucano,<\/strong> donde fue capturado el pasado 11 de octubre.<\/p>\n<p>Un juez de control de garant\u00edas aval\u00f3 el procedimiento de captura y orden\u00f3 que el condenado <strong>sea puesto a disposici\u00f3n de la autoridad solicitante para que cumpla la condena en centro penitenciario.<\/strong><\/p>\n<p>MAP\/DSVC\/MAGA\/<\/p>\n<p><i>La informaci\u00f3n contenida en este bolet\u00edn de prensa corresponde a la narraci\u00f3n de los hechos noticiosos objetivos, suministrados por los funcionarios encargados de adelantar las investigaciones penales al interior de la Fiscal\u00eda General de la Naci\u00f3n. Para el momento de la divulgaci\u00f3n de este comunicado, la situaci\u00f3n jur\u00eddica de la(s) persona(s) relacionada(s) se encuentra pendiente de resolver por la autoridad judicial competente, siempre bajo los preceptos de la presunci\u00f3n de inocencia, consagrados en el art\u00edculo 29 de la Constituci\u00f3n Pol\u00edtica y el art\u00edculo 7\u00ba de la Ley 906 de 2004.<\/i><\/p>\n\n<div class=\"twitter-share\"><a href=\"https:\/\/twitter.com\/intent\/tweet?via=fiscaliacol\" class=\"twitter-share-button\">Tweet<\/a><\/div>\n","protected":false},"excerpt":{"rendered":"<p>La Fiscal\u00eda General de la Naci\u00f3n, a trav\u00e9s del Cuerpo T\u00e9cnico de Investigaci\u00f3n (CTI) en coordinaci\u00f3n con la Polic\u00eda Nacional, captur\u00f3 en Sevilla (Valle del Cauca) a Alexander Osorio L\u00f3pez, quien era requerido por la justicia para cumplir una condena a 32 a\u00f1os y 6 meses de prisi\u00f3n por el crimen de su compa\u00f1era sentimental. [&hellip;]<\/p>\n","protected":false},"author":181,"featured_media":0,"comment_status":"closed","ping_status":"open","sticky":false,"template":"","format":"standard","meta":{"tdm_status":"","tdm_grid_status":"","footnotes":""},"categories":[1,24099],"tags":[37491,78,37492,4614,24187],"class_list":{"0":"post-325717","1":"post","2":"type-post","3":"status-publish","4":"format-standard","6":"category-noticias","7":"category-seguridad-territorial","8":"tag-fiscal-camargo","9":"tag-fiscal-general-de-la-nacion","10":"tag-fiscal-luz-adriana-camargo","11":"tag-fiscalia-2","12":"tag-fiscalia-colombia"},"yoast_head":"<!-- This site is optimized with the Yoast SEO plugin v24.3 - https:\/\/yoast.com\/wordpress\/plugins\/seo\/ -->\n<title>Fiscal\u00eda General de la Naci\u00f3n<\/title>\n<meta name=\"description\" content=\"P\u00e1gina oficial de la Fiscal\u00eda General de la Naci\u00f3n \u2013 Colombia. Garantizamos el acceso efectivo a la justicia, la verdad y la reparaci\u00f3n de las v\u00edctimas de los delitos.\" \/>\n<meta name=\"robots\" content=\"noindex, follow\" \/>\n<meta property=\"og:locale\" content=\"es_ES\" \/>\n<meta property=\"og:type\" content=\"article\" \/>\n<meta property=\"og:title\" content=\"Fiscal\u00eda General de la Naci\u00f3n\" \/>\n<meta property=\"og:description\" content=\"P\u00e1gina oficial de la Fiscal\u00eda General de la Naci\u00f3n \u2013 Colombia. Garantizamos el acceso efectivo a la justicia, la verdad y la reparaci\u00f3n de las v\u00edctimas de los delitos.\" \/>\n<meta property=\"og:url\" content=\"https:\/\/www.fiscalia.gov.co\/colombia\/noticias\/en-sevilla-valle-del-cauca-capturan-a-un-hombre-para-que-cumpla-una-condena-a-mas-de-32-anos-de-prision-por-el-feminicidio-de-su-pareja\/\" \/>\n<meta property=\"og:site_name\" content=\"Fiscal\u00eda General de la Naci\u00f3n\" \/>\n<meta property=\"article:publisher\" content=\"https:\/\/www.facebook.com\/FiscaliaCol\" \/>\n<meta property=\"article:published_time\" content=\"2025-10-16T21:06:07+00:00\" \/>\n<meta property=\"og:image\" content=\"https:\/\/www.fiscalia.gov.co\/colombia\/wp-content\/uploads\/Alexander-Osorio-Lopez.-feminicidio-agravado.-Sevilla-Valle-1.jpg\" \/>\n\t<meta property=\"og:image:width\" content=\"1422\" \/>\n\t<meta property=\"og:image:height\" content=\"889\" \/>\n\t<meta property=\"og:image:type\" content=\"image\/jpeg\" \/>\n<meta name=\"author\" content=\"Johanna Islenny Prieto Pe\u00f1a\" \/>\n<meta name=\"twitter:card\" content=\"summary_large_image\" \/>\n<meta name=\"twitter:creator\" content=\"@FiscaliaCol\" \/>\n<meta name=\"twitter:site\" content=\"@FiscaliaCol\" \/>\n<meta name=\"twitter:label1\" content=\"Escrito por\" \/>\n\t<meta name=\"twitter:data1\" content=\"Johanna Islenny Prieto Pe\u00f1a\" \/>\n\t<meta name=\"twitter:label2\" content=\"Tiempo de lectura\" \/>\n\t<meta name=\"twitter:data2\" content=\"2 minutos\" \/>\n<script type=\"application\/ld+json\" class=\"yoast-schema-graph\">{\"@context\":\"https:\/\/schema.org\",\"@graph\":[{\"@type\":\"Article\",\"@id\":\"https:\/\/www.fiscalia.gov.co\/colombia\/noticias\/en-sevilla-valle-del-cauca-capturan-a-un-hombre-para-que-cumpla-una-condena-a-mas-de-32-anos-de-prision-por-el-feminicidio-de-su-pareja\/#article\",\"isPartOf\":{\"@id\":\"https:\/\/www.fiscalia.gov.co\/colombia\/noticias\/en-sevilla-valle-del-cauca-capturan-a-un-hombre-para-que-cumpla-una-condena-a-mas-de-32-anos-de-prision-por-el-feminicidio-de-su-pareja\/\"},\"author\":{\"name\":\"Johanna Islenny Prieto Pe\u00f1a\",\"@id\":\"https:\/\/www.fiscalia.gov.co\/colombia\/#\/schema\/person\/ba9eca435947489fb25117a0cd75bf3e\"},\"headline\":\"En Sevilla (Valle del Cauca) capturan a un hombre para que cumpla una condena a m\u00e1s de 32 a\u00f1os de prisi\u00f3n por el feminicidio de su pareja\",\"datePublished\":\"2025-10-16T21:06:07+00:00\",\"dateModified\":\"2025-10-16T21:06:07+00:00\",\"mainEntityOfPage\":{\"@id\":\"https:\/\/www.fiscalia.gov.co\/colombia\/noticias\/en-sevilla-valle-del-cauca-capturan-a-un-hombre-para-que-cumpla-una-condena-a-mas-de-32-anos-de-prision-por-el-feminicidio-de-su-pareja\/\"},\"wordCount\":327,\"publisher\":{\"@id\":\"https:\/\/www.fiscalia.gov.co\/colombia\/#organization\"},\"image\":{\"@id\":\"https:\/\/www.fiscalia.gov.co\/colombia\/noticias\/en-sevilla-valle-del-cauca-capturan-a-un-hombre-para-que-cumpla-una-condena-a-mas-de-32-anos-de-prision-por-el-feminicidio-de-su-pareja\/#primaryimage\"},\"thumbnailUrl\":\"https:\/\/www.fiscalia.gov.co\/colombia\/wp-content\/uploads\/Alexander-Osorio-Lopez.-feminicidio-agravado.-Sevilla-Valle-1-300x188.jpg\",\"keywords\":[\"fiscal Camargo\",\"Fiscal General de la Naci\u00f3n\",\"Fiscal Luz Adriana Camargo\",\"Fiscal\u00eda\",\"Fiscal\u00eda Colombia\"],\"articleSection\":[\"Noticias\",\"Seguridad territorial\"],\"inLanguage\":\"es-CO\"},{\"@type\":\"WebPage\",\"@id\":\"https:\/\/www.fiscalia.gov.co\/colombia\/noticias\/en-sevilla-valle-del-cauca-capturan-a-un-hombre-para-que-cumpla-una-condena-a-mas-de-32-anos-de-prision-por-el-feminicidio-de-su-pareja\/\",\"url\":\"https:\/\/www.fiscalia.gov.co\/colombia\/noticias\/en-sevilla-valle-del-cauca-capturan-a-un-hombre-para-que-cumpla-una-condena-a-mas-de-32-anos-de-prision-por-el-feminicidio-de-su-pareja\/\",\"name\":\"Fiscal\u00eda General de la Naci\u00f3n\",\"isPartOf\":{\"@id\":\"https:\/\/www.fiscalia.gov.co\/colombia\/#website\"},\"primaryImageOfPage\":{\"@id\":\"https:\/\/www.fiscalia.gov.co\/colombia\/noticias\/en-sevilla-valle-del-cauca-capturan-a-un-hombre-para-que-cumpla-una-condena-a-mas-de-32-anos-de-prision-por-el-feminicidio-de-su-pareja\/#primaryimage\"},\"image\":{\"@id\":\"https:\/\/www.fiscalia.gov.co\/colombia\/noticias\/en-sevilla-valle-del-cauca-capturan-a-un-hombre-para-que-cumpla-una-condena-a-mas-de-32-anos-de-prision-por-el-feminicidio-de-su-pareja\/#primaryimage\"},\"thumbnailUrl\":\"https:\/\/www.fiscalia.gov.co\/colombia\/wp-content\/uploads\/Alexander-Osorio-Lopez.-feminicidio-agravado.-Sevilla-Valle-1-300x188.jpg\",\"datePublished\":\"2025-10-16T21:06:07+00:00\",\"dateModified\":\"2025-10-16T21:06:07+00:00\",\"description\":\"P\u00e1gina oficial de la Fiscal\u00eda General de la Naci\u00f3n \u2013 Colombia. Garantizamos el acceso efectivo a la justicia, la verdad y la reparaci\u00f3n de las v\u00edctimas de los delitos.\",\"breadcrumb\":{\"@id\":\"https:\/\/www.fiscalia.gov.co\/colombia\/noticias\/en-sevilla-valle-del-cauca-capturan-a-un-hombre-para-que-cumpla-una-condena-a-mas-de-32-anos-de-prision-por-el-feminicidio-de-su-pareja\/#breadcrumb\"},\"inLanguage\":\"es-CO\",\"potentialAction\":[{\"@type\":\"ReadAction\",\"target\":[\"https:\/\/www.fiscalia.gov.co\/colombia\/noticias\/en-sevilla-valle-del-cauca-capturan-a-un-hombre-para-que-cumpla-una-condena-a-mas-de-32-anos-de-prision-por-el-feminicidio-de-su-pareja\/\"]}]},{\"@type\":\"ImageObject\",\"inLanguage\":\"es-CO\",\"@id\":\"https:\/\/www.fiscalia.gov.co\/colombia\/noticias\/en-sevilla-valle-del-cauca-capturan-a-un-hombre-para-que-cumpla-una-condena-a-mas-de-32-anos-de-prision-por-el-feminicidio-de-su-pareja\/#primaryimage\",\"url\":\"https:\/\/www.fiscalia.gov.co\/colombia\/wp-content\/uploads\/Alexander-Osorio-Lopez.-feminicidio-agravado.-Sevilla-Valle-1.jpg\",\"contentUrl\":\"https:\/\/www.fiscalia.gov.co\/colombia\/wp-content\/uploads\/Alexander-Osorio-Lopez.-feminicidio-agravado.-Sevilla-Valle-1.jpg\",\"width\":1422,\"height\":889,\"caption\":\"Alexander Osorio L\u00f3pez fue capturado para cumplir 32 a\u00f1os y 6 meses de prisi\u00f3n por el crimen de su compa\u00f1era sentimental, en Sevilla (Valle del Cauca).\"},{\"@type\":\"BreadcrumbList\",\"@id\":\"https:\/\/www.fiscalia.gov.co\/colombia\/noticias\/en-sevilla-valle-del-cauca-capturan-a-un-hombre-para-que-cumpla-una-condena-a-mas-de-32-anos-de-prision-por-el-feminicidio-de-su-pareja\/#breadcrumb\",\"itemListElement\":[{\"@type\":\"ListItem\",\"position\":1,\"name\":\"Home\",\"item\":\"https:\/\/www.fiscalia.gov.co\/colombia\/\"},{\"@type\":\"ListItem\",\"position\":2,\"name\":\"En Sevilla (Valle del Cauca) capturan a un hombre para que cumpla una condena a m\u00e1s de 32 a\u00f1os de prisi\u00f3n por el feminicidio de su pareja\"}]},{\"@type\":\"WebSite\",\"@id\":\"https:\/\/www.fiscalia.gov.co\/colombia\/#website\",\"url\":\"https:\/\/www.fiscalia.gov.co\/colombia\/\",\"name\":\"Fiscal\u00eda General de la Naci\u00f3n\",\"description\":\"P\u00e1gina oficial de la Fiscal\u00eda General de la Naci\u00f3n \u2013 Colombia. Garantizamos el acceso efectivo a la justicia, la verdad y la reparaci\u00f3n de las v\u00edctimas de los delitos.\",\"publisher\":{\"@id\":\"https:\/\/www.fiscalia.gov.co\/colombia\/#organization\"},\"potentialAction\":[{\"@type\":\"SearchAction\",\"target\":{\"@type\":\"EntryPoint\",\"urlTemplate\":\"https:\/\/www.fiscalia.gov.co\/colombia\/?s={search_term_string}\"},\"query-input\":{\"@type\":\"PropertyValueSpecification\",\"valueRequired\":true,\"valueName\":\"search_term_string\"}}],\"inLanguage\":\"es-CO\"},{\"@type\":\"Organization\",\"@id\":\"https:\/\/www.fiscalia.gov.co\/colombia\/#organization\",\"name\":\"Fiscal\u00eda General de la Naci\u00f3n\",\"url\":\"https:\/\/www.fiscalia.gov.co\/colombia\/\",\"logo\":{\"@type\":\"ImageObject\",\"inLanguage\":\"es-CO\",\"@id\":\"https:\/\/www.fiscalia.gov.co\/colombia\/#\/schema\/logo\/image\/\",\"url\":\"https:\/\/www.fiscalia.gov.co\/colombia\/wp-content\/uploads\/LogoHorizontal_1.jpg\",\"contentUrl\":\"https:\/\/www.fiscalia.gov.co\/colombia\/wp-content\/uploads\/LogoHorizontal_1.jpg\",\"width\":300,\"height\":90,\"caption\":\"Fiscal\u00eda General de la Naci\u00f3n\"},\"image\":{\"@id\":\"https:\/\/www.fiscalia.gov.co\/colombia\/#\/schema\/logo\/image\/\"},\"sameAs\":[\"https:\/\/www.facebook.com\/FiscaliaCol\",\"https:\/\/x.com\/FiscaliaCol\",\"https:\/\/www.instagram.com\/fiscaliacol\",\"https:\/\/www.linkedin.com\/company\/fiscalia-general-de-la-naci-n\/\",\"https:\/\/youtube.com\/@fiscaliageneraldelanacion-4668?si=6nN79nyQICPU5iTh\"]},{\"@type\":\"Person\",\"@id\":\"https:\/\/www.fiscalia.gov.co\/colombia\/#\/schema\/person\/ba9eca435947489fb25117a0cd75bf3e\",\"name\":\"Johanna Islenny Prieto Pe\u00f1a\",\"image\":{\"@type\":\"ImageObject\",\"inLanguage\":\"es-CO\",\"@id\":\"https:\/\/www.fiscalia.gov.co\/colombia\/#\/schema\/person\/image\/\",\"url\":\"https:\/\/secure.gravatar.com\/avatar\/111433fc2acb037ffb768f6a3ca47864?s=96&d=mm&r=g\",\"contentUrl\":\"https:\/\/secure.gravatar.com\/avatar\/111433fc2acb037ffb768f6a3ca47864?s=96&d=mm&r=g\",\"caption\":\"Johanna Islenny Prieto Pe\u00f1a\"},\"url\":\"https:\/\/www.fiscalia.gov.co\/colombia\/author\/jprietop\/\"}]}<\/script>\n<!-- \/ Yoast SEO plugin. -->","yoast_head_json":{"title":"Fiscal\u00eda General de la Naci\u00f3n","description":"P\u00e1gina oficial de la Fiscal\u00eda General de la Naci\u00f3n \u2013 Colombia. Garantizamos el acceso efectivo a la justicia, la verdad y la reparaci\u00f3n de las v\u00edctimas de los delitos.","robots":{"index":"noindex","follow":"follow"},"og_locale":"es_ES","og_type":"article","og_title":"Fiscal\u00eda General de la Naci\u00f3n","og_description":"P\u00e1gina oficial de la Fiscal\u00eda General de la Naci\u00f3n \u2013 Colombia. Garantizamos el acceso efectivo a la justicia, la verdad y la reparaci\u00f3n de las v\u00edctimas de los delitos.","og_url":"https:\/\/www.fiscalia.gov.co\/colombia\/noticias\/en-sevilla-valle-del-cauca-capturan-a-un-hombre-para-que-cumpla-una-condena-a-mas-de-32-anos-de-prision-por-el-feminicidio-de-su-pareja\/","og_site_name":"Fiscal\u00eda General de la Naci\u00f3n","article_publisher":"https:\/\/www.facebook.com\/FiscaliaCol","article_published_time":"2025-10-16T21:06:07+00:00","og_image":[{"width":1422,"height":889,"url":"https:\/\/www.fiscalia.gov.co\/colombia\/wp-content\/uploads\/Alexander-Osorio-Lopez.-feminicidio-agravado.-Sevilla-Valle-1.jpg","type":"image\/jpeg"}],"author":"Johanna Islenny Prieto Pe\u00f1a","twitter_card":"summary_large_image","twitter_creator":"@FiscaliaCol","twitter_site":"@FiscaliaCol","twitter_misc":{"Escrito por":"Johanna Islenny Prieto Pe\u00f1a","Tiempo de lectura":"2 minutos"},"schema":{"@context":"https:\/\/schema.org","@graph":[{"@type":"Article","@id":"https:\/\/www.fiscalia.gov.co\/colombia\/noticias\/en-sevilla-valle-del-cauca-capturan-a-un-hombre-para-que-cumpla-una-condena-a-mas-de-32-anos-de-prision-por-el-feminicidio-de-su-pareja\/#article","isPartOf":{"@id":"https:\/\/www.fiscalia.gov.co\/colombia\/noticias\/en-sevilla-valle-del-cauca-capturan-a-un-hombre-para-que-cumpla-una-condena-a-mas-de-32-anos-de-prision-por-el-feminicidio-de-su-pareja\/"},"author":{"name":"Johanna Islenny Prieto Pe\u00f1a","@id":"https:\/\/www.fiscalia.gov.co\/colombia\/#\/schema\/person\/ba9eca435947489fb25117a0cd75bf3e"},"headline":"En Sevilla (Valle del Cauca) capturan a un hombre para que cumpla una condena a m\u00e1s de 32 a\u00f1os de prisi\u00f3n por el feminicidio de su pareja","datePublished":"2025-10-16T21:06:07+00:00","dateModified":"2025-10-16T21:06:07+00:00","mainEntityOfPage":{"@id":"https:\/\/www.fiscalia.gov.co\/colombia\/noticias\/en-sevilla-valle-del-cauca-capturan-a-un-hombre-para-que-cumpla-una-condena-a-mas-de-32-anos-de-prision-por-el-feminicidio-de-su-pareja\/"},"wordCount":327,"publisher":{"@id":"https:\/\/www.fiscalia.gov.co\/colombia\/#organization"},"image":{"@id":"https:\/\/www.fiscalia.gov.co\/colombia\/noticias\/en-sevilla-valle-del-cauca-capturan-a-un-hombre-para-que-cumpla-una-condena-a-mas-de-32-anos-de-prision-por-el-feminicidio-de-su-pareja\/#primaryimage"},"thumbnailUrl":"https:\/\/www.fiscalia.gov.co\/colombia\/wp-content\/uploads\/Alexander-Osorio-Lopez.-feminicidio-agravado.-Sevilla-Valle-1-300x188.jpg","keywords":["fiscal Camargo","Fiscal General de la Naci\u00f3n","Fiscal Luz Adriana Camargo","Fiscal\u00eda","Fiscal\u00eda Colombia"],"articleSection":["Noticias","Seguridad territorial"],"inLanguage":"es-CO"},{"@type":"WebPage","@id":"https:\/\/www.fiscalia.gov.co\/colombia\/noticias\/en-sevilla-valle-del-cauca-capturan-a-un-hombre-para-que-cumpla-una-condena-a-mas-de-32-anos-de-prision-por-el-feminicidio-de-su-pareja\/","url":"https:\/\/www.fiscalia.gov.co\/colombia\/noticias\/en-sevilla-valle-del-cauca-capturan-a-un-hombre-para-que-cumpla-una-condena-a-mas-de-32-anos-de-prision-por-el-feminicidio-de-su-pareja\/","name":"Fiscal\u00eda General de la Naci\u00f3n","isPartOf":{"@id":"https:\/\/www.fiscalia.gov.co\/colombia\/#website"},"primaryImageOfPage":{"@id":"https:\/\/www.fiscalia.gov.co\/colombia\/noticias\/en-sevilla-valle-del-cauca-capturan-a-un-hombre-para-que-cumpla-una-condena-a-mas-de-32-anos-de-prision-por-el-feminicidio-de-su-pareja\/#primaryimage"},"image":{"@id":"https:\/\/www.fiscalia.gov.co\/colombia\/noticias\/en-sevilla-valle-del-cauca-capturan-a-un-hombre-para-que-cumpla-una-condena-a-mas-de-32-anos-de-prision-por-el-feminicidio-de-su-pareja\/#primaryimage"},"thumbnailUrl":"https:\/\/www.fiscalia.gov.co\/colombia\/wp-content\/uploads\/Alexander-Osorio-Lopez.-feminicidio-agravado.-Sevilla-Valle-1-300x188.jpg","datePublished":"2025-10-16T21:06:07+00:00","dateModified":"2025-10-16T21:06:07+00:00","description":"P\u00e1gina oficial de la Fiscal\u00eda General de la Naci\u00f3n \u2013 Colombia. Garantizamos el acceso efectivo a la justicia, la verdad y la reparaci\u00f3n de las v\u00edctimas de los delitos.","breadcrumb":{"@id":"https:\/\/www.fiscalia.gov.co\/colombia\/noticias\/en-sevilla-valle-del-cauca-capturan-a-un-hombre-para-que-cumpla-una-condena-a-mas-de-32-anos-de-prision-por-el-feminicidio-de-su-pareja\/#breadcrumb"},"inLanguage":"es-CO","potentialAction":[{"@type":"ReadAction","target":["https:\/\/www.fiscalia.gov.co\/colombia\/noticias\/en-sevilla-valle-del-cauca-capturan-a-un-hombre-para-que-cumpla-una-condena-a-mas-de-32-anos-de-prision-por-el-feminicidio-de-su-pareja\/"]}]},{"@type":"ImageObject","inLanguage":"es-CO","@id":"https:\/\/www.fiscalia.gov.co\/colombia\/noticias\/en-sevilla-valle-del-cauca-capturan-a-un-hombre-para-que-cumpla-una-condena-a-mas-de-32-anos-de-prision-por-el-feminicidio-de-su-pareja\/#primaryimage","url":"https:\/\/www.fiscalia.gov.co\/colombia\/wp-content\/uploads\/Alexander-Osorio-Lopez.-feminicidio-agravado.-Sevilla-Valle-1.jpg","contentUrl":"https:\/\/www.fiscalia.gov.co\/colombia\/wp-content\/uploads\/Alexander-Osorio-Lopez.-feminicidio-agravado.-Sevilla-Valle-1.jpg","width":1422,"height":889,"caption":"Alexander Osorio L\u00f3pez fue capturado para cumplir 32 a\u00f1os y 6 meses de prisi\u00f3n por el crimen de su compa\u00f1era sentimental, en Sevilla (Valle del Cauca)."},{"@type":"BreadcrumbList","@id":"https:\/\/www.fiscalia.gov.co\/colombia\/noticias\/en-sevilla-valle-del-cauca-capturan-a-un-hombre-para-que-cumpla-una-condena-a-mas-de-32-anos-de-prision-por-el-feminicidio-de-su-pareja\/#breadcrumb","itemListElement":[{"@type":"ListItem","position":1,"name":"Home","item":"https:\/\/www.fiscalia.gov.co\/colombia\/"},{"@type":"ListItem","position":2,"name":"En Sevilla (Valle del Cauca) capturan a un hombre para que cumpla una condena a m\u00e1s de 32 a\u00f1os de prisi\u00f3n por el feminicidio de su pareja"}]},{"@type":"WebSite","@id":"https:\/\/www.fiscalia.gov.co\/colombia\/#website","url":"https:\/\/www.fiscalia.gov.co\/colombia\/","name":"Fiscal\u00eda General de la Naci\u00f3n","description":"P\u00e1gina oficial de la Fiscal\u00eda General de la Naci\u00f3n \u2013 Colombia. Garantizamos el acceso efectivo a la justicia, la verdad y la reparaci\u00f3n de las v\u00edctimas de los delitos.","publisher":{"@id":"https:\/\/www.fiscalia.gov.co\/colombia\/#organization"},"potentialAction":[{"@type":"SearchAction","target":{"@type":"EntryPoint","urlTemplate":"https:\/\/www.fiscalia.gov.co\/colombia\/?s={search_term_string}"},"query-input":{"@type":"PropertyValueSpecification","valueRequired":true,"valueName":"search_term_string"}}],"inLanguage":"es-CO"},{"@type":"Organization","@id":"https:\/\/www.fiscalia.gov.co\/colombia\/#organization","name":"Fiscal\u00eda General de la Naci\u00f3n","url":"https:\/\/www.fiscalia.gov.co\/colombia\/","logo":{"@type":"ImageObject","inLanguage":"es-CO","@id":"https:\/\/www.fiscalia.gov.co\/colombia\/#\/schema\/logo\/image\/","url":"https:\/\/www.fiscalia.gov.co\/colombia\/wp-content\/uploads\/LogoHorizontal_1.jpg","contentUrl":"https:\/\/www.fiscalia.gov.co\/colombia\/wp-content\/uploads\/LogoHorizontal_1.jpg","width":300,"height":90,"caption":"Fiscal\u00eda General de la Naci\u00f3n"},"image":{"@id":"https:\/\/www.fiscalia.gov.co\/colombia\/#\/schema\/logo\/image\/"},"sameAs":["https:\/\/www.facebook.com\/FiscaliaCol","https:\/\/x.com\/FiscaliaCol","https:\/\/www.instagram.com\/fiscaliacol","https:\/\/www.linkedin.com\/company\/fiscalia-general-de-la-naci-n\/","https:\/\/youtube.com\/@fiscaliageneraldelanacion-4668?si=6nN79nyQICPU5iTh"]},{"@type":"Person","@id":"https:\/\/www.fiscalia.gov.co\/colombia\/#\/schema\/person\/ba9eca435947489fb25117a0cd75bf3e","name":"Johanna Islenny Prieto Pe\u00f1a","image":{"@type":"ImageObject","inLanguage":"es-CO","@id":"https:\/\/www.fiscalia.gov.co\/colombia\/#\/schema\/person\/image\/","url":"https:\/\/secure.gravatar.com\/avatar\/111433fc2acb037ffb768f6a3ca47864?s=96&d=mm&r=g","contentUrl":"https:\/\/secure.gravatar.com\/avatar\/111433fc2acb037ffb768f6a3ca47864?s=96&d=mm&r=g","caption":"Johanna Islenny Prieto Pe\u00f1a"},"url":"https:\/\/www.fiscalia.gov.co\/colombia\/author\/jprietop\/"}]}},"_links":{"self":[{"href":"https:\/\/www.fiscalia.gov.co\/colombia\/wp-json\/wp\/v2\/posts\/325717","targetHints":{"allow":["GET"]}}],"collection":[{"href":"https:\/\/www.fiscalia.gov.co\/colombia\/wp-json\/wp\/v2\/posts"}],"about":[{"href":"https:\/\/www.fiscalia.gov.co\/colombia\/wp-json\/wp\/v2\/types\/post"}],"author":[{"embeddable":true,"href":"https:\/\/www.fiscalia.gov.co\/colombia\/wp-json\/wp\/v2\/users\/181"}],"replies":[{"embeddable":true,"href":"https:\/\/www.fiscalia.gov.co\/colombia\/wp-json\/wp\/v2\/comments?post=325717"}],"version-history":[{"count":1,"href":"https:\/\/www.fiscalia.gov.co\/colombia\/wp-json\/wp\/v2\/posts\/325717\/revisions"}],"predecessor-version":[{"id":325724,"href":"https:\/\/www.fiscalia.gov.co\/colombia\/wp-json\/wp\/v2\/posts\/325717\/revisions\/325724"}],"wp:attachment":[{"href":"https:\/\/www.fiscalia.gov.co\/colombia\/wp-json\/wp\/v2\/media?parent=325717"}],"wp:term":[{"taxonomy":"category","embeddable":true,"href":"https:\/\/www.fiscalia.gov.co\/colombia\/wp-json\/wp\/v2\/categories?post=325717"},{"taxonomy":"post_tag","embeddable":true,"href":"https:\/\/www.fiscalia.gov.co\/colombia\/wp-json\/wp\/v2\/tags?post=325717"}],"curies":[{"name":"wp","href":"https:\/\/api.w.org\/{rel}","templated":true}]}}