{"id":325645,"date":"2025-10-15T15:25:34","date_gmt":"2025-10-15T20:25:34","guid":{"rendered":"https:\/\/www.fiscalia.gov.co\/colombia\/?p=325645"},"modified":"2025-10-15T15:38:12","modified_gmt":"2025-10-15T20:38:12","slug":"en-neiva-fue-enviado-a-la-carcel-un-hombre-senalado-de-asesinar-a-un-adolescente-en-un-montallantas","status":"publish","type":"post","link":"https:\/\/www.fiscalia.gov.co\/colombia\/noticias\/en-neiva-fue-enviado-a-la-carcel-un-hombre-senalado-de-asesinar-a-un-adolescente-en-un-montallantas\/","title":{"rendered":"En Neiva fue enviado a la c\u00e1rcel un hombre se\u00f1alado de asesinar a un adolescente en un montallantas"},"content":{"rendered":"<div class=\"\">\n<div class=\"wide-content-host\">\n<div class=\"uy30y\" tabindex=\"-1\">\n<div class=\"mT25S\">\n<div class=\"wnVEW\">\n<div class=\"w4BZ9\">\n<div role=\"document\">\n<div class=\"T31hC customScrollBar GNqVo allowTextSelection OuGoX\" tabindex=\"0\" aria-label=\"Cuerpo del mensaje\" data-fui-focus-visible=\"\">\n<div class=\"BIZfh\">\n<div dir=\"ltr\">\n<div dir=\"ltr\">\n<p>Por solicitud de la Fiscal\u00eda General de la Naci\u00f3n, un juez de control de garant\u00edas impuso medida de aseguramiento en centro carcelario contra Juan Manuel Rodr\u00edguez Castro, se\u00f1alado de asesinar<a href=\"https:\/\/www.fiscalia.gov.co\/colombia\/noticias\/por-el-crimen-de-un-menor-de-edad-en-neiva-fue-enviado-a-la-carcel-presunto-responsable\/\" target=\"_blank\" rel=\"noopener\"> a un adolescente<\/a> de 16 a\u00f1os, en la Comuna Cuatro de Neiva (Huila).<\/p>\n<p>Una fiscal de la Seccional Huila le formul\u00f3 imputaci\u00f3n por los delitos de homicidio agravado y fabricaci\u00f3n, tr\u00e1fico, <strong>porte o tenencia de armas de fuego, accesorios, partes o municiones.<\/strong> El procesado no acept\u00f3 los cargos.<\/p>\n<figure id=\"attachment_325646\" aria-describedby=\"caption-attachment-325646\" style=\"width: 251px\" class=\"wp-caption alignnone\"><img loading=\"lazy\" decoding=\"async\" class=\"size-medium wp-image-325646\" src=\"https:\/\/www.fiscalia.gov.co\/colombia\/wp-content\/uploads\/Homicidio-Neiva-1-251x300.jpeg\" alt=\"En la foto aparece el capturado custodiado por dos uniformados de la Polic\u00eda Nacional. En la foto tambi\u00e9n aparece un backing de la Polic\u00eda Nacional y el arma incautada.\" width=\"251\" height=\"300\" srcset=\"https:\/\/www.fiscalia.gov.co\/colombia\/wp-content\/uploads\/Homicidio-Neiva-1-251x300.jpeg 251w, https:\/\/www.fiscalia.gov.co\/colombia\/wp-content\/uploads\/Homicidio-Neiva-1-858x1024.jpeg 858w, https:\/\/www.fiscalia.gov.co\/colombia\/wp-content\/uploads\/Homicidio-Neiva-1-768x916.jpeg 768w, https:\/\/www.fiscalia.gov.co\/colombia\/wp-content\/uploads\/Homicidio-Neiva-1-352x420.jpeg 352w, https:\/\/www.fiscalia.gov.co\/colombia\/wp-content\/uploads\/Homicidio-Neiva-1-696x830.jpeg 696w, https:\/\/www.fiscalia.gov.co\/colombia\/wp-content\/uploads\/Homicidio-Neiva-1-1068x1274.jpeg 1068w, https:\/\/www.fiscalia.gov.co\/colombia\/wp-content\/uploads\/Homicidio-Neiva-1.jpeg 1118w\" sizes=\"auto, (max-width: 251px) 100vw, 251px\" \/><figcaption id=\"caption-attachment-325646\" class=\"wp-caption-text\">Rodr\u00edguez Castro fue capturado en flagrancia por la Polic\u00eda Nacional en el barrio Ventilador de Neiva (Huila).<\/figcaption><\/figure>\n<p>Los hechos ocurrieron el pasado 7 de octubre, en un montallantas del barrio Diego de Ospina de Neiva, donde, Rodr\u00edguez Castro,<strong> al parecer, le dispar\u00f3 en varias oportunidades a la v\u00edctima, caus\u00e1ndole la muerte.<\/strong><\/p>\n<p>La Polic\u00eda Nacional captur\u00f3 en flagrancia a este hombre, en el barrio Ventilador, adem\u00e1s, se logr\u00f3 la incautaci\u00f3n de un arma de fuego con su respectiva munici\u00f3n.<\/p>\n<p>WAGG\/LMFO\/AMCJ\/DCLM\/JCFJ\/DSH<\/p>\n<\/div>\n<\/div>\n<\/div>\n<\/div>\n<\/div>\n<\/div>\n<\/div>\n<\/div>\n<\/div>\n<\/div>\n<\/div>\n<p>&nbsp;<\/p>\n<p>&nbsp;<\/p>\n<p>&nbsp;<\/p>\n<p>&nbsp;<\/p>\n<p><i>La informaci\u00f3n contenida en este bolet\u00edn de prensa corresponde a la narraci\u00f3n de los hechos noticiosos objetivos, suministrados por los funcionarios encargados de adelantar las investigaciones penales al interior de la Fiscal\u00eda General de la Naci\u00f3n. Para el momento de la divulgaci\u00f3n de este comunicado, la situaci\u00f3n jur\u00eddica de la(s) persona(s) relacionada(s) se encuentra pendiente de resolver por la autoridad judicial competente, siempre bajo los preceptos de la presunci\u00f3n de inocencia, consagrados en el art\u00edculo 29 de la Constituci\u00f3n Pol\u00edtica y el art\u00edculo 7\u00ba de la Ley 906 de 2004.<\/i><\/p>\n\n<div class=\"twitter-share\"><a href=\"https:\/\/twitter.com\/intent\/tweet?via=fiscaliacol\" class=\"twitter-share-button\">Tweet<\/a><\/div>\n","protected":false},"excerpt":{"rendered":"<p>Por solicitud de la Fiscal\u00eda General de la Naci\u00f3n, un juez de control de garant\u00edas impuso medida de aseguramiento en centro carcelario contra Juan Manuel Rodr\u00edguez Castro, se\u00f1alado de asesinar a un adolescente de 16 a\u00f1os, en la Comuna Cuatro de Neiva (Huila). Una fiscal de la Seccional Huila le formul\u00f3 imputaci\u00f3n por los delitos [&hellip;]<\/p>\n","protected":false},"author":181,"featured_media":0,"comment_status":"closed","ping_status":"open","sticky":false,"template":"","format":"standard","meta":{"tdm_status":"","tdm_grid_status":"","footnotes":""},"categories":[1,24099],"tags":[704,8448,4140,1047,409,16,25071,1185,9054,5699,23833,698,24485,916],"class_list":{"0":"post-325645","1":"post","2":"type-post","3":"status-publish","4":"format-standard","6":"category-noticias","7":"category-seguridad-territorial","8":"tag-adolescente","9":"tag-agravado","10":"tag-fabricacion","11":"tag-fiscalia-general-de-la-nacion","12":"tag-homicidio","13":"tag-huila","14":"tag-intramural","15":"tag-medida-de-aseguramiento","16":"tag-muerte","17":"tag-municiones","18":"tag-neiva","19":"tag-porte-de-armas","20":"tag-seccional-huila","21":"tag-trafico"},"yoast_head":"<!-- This site is optimized with the Yoast SEO plugin v24.3 - https:\/\/yoast.com\/wordpress\/plugins\/seo\/ -->\n<title>Fiscal\u00eda General de la Naci\u00f3n<\/title>\n<meta name=\"description\" content=\"P\u00e1gina oficial de la Fiscal\u00eda General de la Naci\u00f3n \u2013 Colombia. Garantizamos el acceso efectivo a la justicia, la verdad y la reparaci\u00f3n de las v\u00edctimas de los delitos.\" \/>\n<meta name=\"robots\" content=\"noindex, follow\" \/>\n<meta property=\"og:locale\" content=\"es_ES\" \/>\n<meta property=\"og:type\" content=\"article\" \/>\n<meta property=\"og:title\" content=\"Fiscal\u00eda General de la Naci\u00f3n\" \/>\n<meta property=\"og:description\" content=\"P\u00e1gina oficial de la Fiscal\u00eda General de la Naci\u00f3n \u2013 Colombia. Garantizamos el acceso efectivo a la justicia, la verdad y la reparaci\u00f3n de las v\u00edctimas de los delitos.\" \/>\n<meta property=\"og:url\" content=\"https:\/\/www.fiscalia.gov.co\/colombia\/noticias\/en-neiva-fue-enviado-a-la-carcel-un-hombre-senalado-de-asesinar-a-un-adolescente-en-un-montallantas\/\" \/>\n<meta property=\"og:site_name\" content=\"Fiscal\u00eda General de la Naci\u00f3n\" \/>\n<meta property=\"article:publisher\" content=\"https:\/\/www.facebook.com\/FiscaliaCol\" \/>\n<meta property=\"article:published_time\" content=\"2025-10-15T20:25:34+00:00\" \/>\n<meta property=\"article:modified_time\" content=\"2025-10-15T20:38:12+00:00\" \/>\n<meta property=\"og:image\" content=\"https:\/\/www.fiscalia.gov.co\/colombia\/wp-content\/uploads\/Homicidio-Neiva-1.jpeg\" \/>\n\t<meta property=\"og:image:width\" content=\"1118\" \/>\n\t<meta property=\"og:image:height\" content=\"1334\" \/>\n\t<meta property=\"og:image:type\" content=\"image\/jpeg\" \/>\n<meta name=\"author\" content=\"Johanna Islenny Prieto Pe\u00f1a\" \/>\n<meta name=\"twitter:card\" content=\"summary_large_image\" \/>\n<meta name=\"twitter:creator\" content=\"@FiscaliaCol\" \/>\n<meta name=\"twitter:site\" content=\"@FiscaliaCol\" \/>\n<meta name=\"twitter:label1\" content=\"Escrito por\" \/>\n\t<meta name=\"twitter:data1\" content=\"Johanna Islenny Prieto Pe\u00f1a\" \/>\n\t<meta name=\"twitter:label2\" content=\"Tiempo de lectura\" \/>\n\t<meta name=\"twitter:data2\" content=\"2 minutos\" \/>\n<script type=\"application\/ld+json\" class=\"yoast-schema-graph\">{\"@context\":\"https:\/\/schema.org\",\"@graph\":[{\"@type\":\"Article\",\"@id\":\"https:\/\/www.fiscalia.gov.co\/colombia\/noticias\/en-neiva-fue-enviado-a-la-carcel-un-hombre-senalado-de-asesinar-a-un-adolescente-en-un-montallantas\/#article\",\"isPartOf\":{\"@id\":\"https:\/\/www.fiscalia.gov.co\/colombia\/noticias\/en-neiva-fue-enviado-a-la-carcel-un-hombre-senalado-de-asesinar-a-un-adolescente-en-un-montallantas\/\"},\"author\":{\"name\":\"Johanna Islenny Prieto Pe\u00f1a\",\"@id\":\"https:\/\/www.fiscalia.gov.co\/colombia\/#\/schema\/person\/ba9eca435947489fb25117a0cd75bf3e\"},\"headline\":\"En Neiva fue enviado a la c\u00e1rcel un hombre se\u00f1alado de asesinar a un adolescente en un montallantas\",\"datePublished\":\"2025-10-15T20:25:34+00:00\",\"dateModified\":\"2025-10-15T20:38:12+00:00\",\"mainEntityOfPage\":{\"@id\":\"https:\/\/www.fiscalia.gov.co\/colombia\/noticias\/en-neiva-fue-enviado-a-la-carcel-un-hombre-senalado-de-asesinar-a-un-adolescente-en-un-montallantas\/\"},\"wordCount\":311,\"publisher\":{\"@id\":\"https:\/\/www.fiscalia.gov.co\/colombia\/#organization\"},\"image\":{\"@id\":\"https:\/\/www.fiscalia.gov.co\/colombia\/noticias\/en-neiva-fue-enviado-a-la-carcel-un-hombre-senalado-de-asesinar-a-un-adolescente-en-un-montallantas\/#primaryimage\"},\"thumbnailUrl\":\"https:\/\/www.fiscalia.gov.co\/colombia\/wp-content\/uploads\/Homicidio-Neiva-1-251x300.jpeg\",\"keywords\":[\"Adolescente\",\"Agravado\",\"Fabricaci\u00f3n\",\"Fiscal\u00eda General de la Naci\u00f3n\",\"Homicidio\",\"Huila\",\"intramural\",\"Medida de aseguramiento\",\"Muerte\",\"Municiones\",\"Neiva\",\"Porte de armas\",\"Seccional Huila\",\"Tr\u00e1fico\"],\"articleSection\":[\"Noticias\",\"Seguridad territorial\"],\"inLanguage\":\"es-CO\"},{\"@type\":\"WebPage\",\"@id\":\"https:\/\/www.fiscalia.gov.co\/colombia\/noticias\/en-neiva-fue-enviado-a-la-carcel-un-hombre-senalado-de-asesinar-a-un-adolescente-en-un-montallantas\/\",\"url\":\"https:\/\/www.fiscalia.gov.co\/colombia\/noticias\/en-neiva-fue-enviado-a-la-carcel-un-hombre-senalado-de-asesinar-a-un-adolescente-en-un-montallantas\/\",\"name\":\"Fiscal\u00eda General de la Naci\u00f3n\",\"isPartOf\":{\"@id\":\"https:\/\/www.fiscalia.gov.co\/colombia\/#website\"},\"primaryImageOfPage\":{\"@id\":\"https:\/\/www.fiscalia.gov.co\/colombia\/noticias\/en-neiva-fue-enviado-a-la-carcel-un-hombre-senalado-de-asesinar-a-un-adolescente-en-un-montallantas\/#primaryimage\"},\"image\":{\"@id\":\"https:\/\/www.fiscalia.gov.co\/colombia\/noticias\/en-neiva-fue-enviado-a-la-carcel-un-hombre-senalado-de-asesinar-a-un-adolescente-en-un-montallantas\/#primaryimage\"},\"thumbnailUrl\":\"https:\/\/www.fiscalia.gov.co\/colombia\/wp-content\/uploads\/Homicidio-Neiva-1-251x300.jpeg\",\"datePublished\":\"2025-10-15T20:25:34+00:00\",\"dateModified\":\"2025-10-15T20:38:12+00:00\",\"description\":\"P\u00e1gina oficial de la Fiscal\u00eda General de la Naci\u00f3n \u2013 Colombia. Garantizamos el acceso efectivo a la justicia, la verdad y la reparaci\u00f3n de las v\u00edctimas de los delitos.\",\"breadcrumb\":{\"@id\":\"https:\/\/www.fiscalia.gov.co\/colombia\/noticias\/en-neiva-fue-enviado-a-la-carcel-un-hombre-senalado-de-asesinar-a-un-adolescente-en-un-montallantas\/#breadcrumb\"},\"inLanguage\":\"es-CO\",\"potentialAction\":[{\"@type\":\"ReadAction\",\"target\":[\"https:\/\/www.fiscalia.gov.co\/colombia\/noticias\/en-neiva-fue-enviado-a-la-carcel-un-hombre-senalado-de-asesinar-a-un-adolescente-en-un-montallantas\/\"]}]},{\"@type\":\"ImageObject\",\"inLanguage\":\"es-CO\",\"@id\":\"https:\/\/www.fiscalia.gov.co\/colombia\/noticias\/en-neiva-fue-enviado-a-la-carcel-un-hombre-senalado-de-asesinar-a-un-adolescente-en-un-montallantas\/#primaryimage\",\"url\":\"https:\/\/www.fiscalia.gov.co\/colombia\/wp-content\/uploads\/Homicidio-Neiva-1.jpeg\",\"contentUrl\":\"https:\/\/www.fiscalia.gov.co\/colombia\/wp-content\/uploads\/Homicidio-Neiva-1.jpeg\",\"width\":1118,\"height\":1334,\"caption\":\"Rodr\u00edguez Castro fue capturado en flagrancia por la Polic\u00eda Nacional en el barrio Ventilador de Neiva (Huila).\"},{\"@type\":\"BreadcrumbList\",\"@id\":\"https:\/\/www.fiscalia.gov.co\/colombia\/noticias\/en-neiva-fue-enviado-a-la-carcel-un-hombre-senalado-de-asesinar-a-un-adolescente-en-un-montallantas\/#breadcrumb\",\"itemListElement\":[{\"@type\":\"ListItem\",\"position\":1,\"name\":\"Home\",\"item\":\"https:\/\/www.fiscalia.gov.co\/colombia\/\"},{\"@type\":\"ListItem\",\"position\":2,\"name\":\"En Neiva fue enviado a la c\u00e1rcel un hombre se\u00f1alado de asesinar a un adolescente en un montallantas\"}]},{\"@type\":\"WebSite\",\"@id\":\"https:\/\/www.fiscalia.gov.co\/colombia\/#website\",\"url\":\"https:\/\/www.fiscalia.gov.co\/colombia\/\",\"name\":\"Fiscal\u00eda General de la Naci\u00f3n\",\"description\":\"P\u00e1gina oficial de la Fiscal\u00eda General de la Naci\u00f3n \u2013 Colombia. Garantizamos el acceso efectivo a la justicia, la verdad y la reparaci\u00f3n de las v\u00edctimas de los delitos.\",\"publisher\":{\"@id\":\"https:\/\/www.fiscalia.gov.co\/colombia\/#organization\"},\"potentialAction\":[{\"@type\":\"SearchAction\",\"target\":{\"@type\":\"EntryPoint\",\"urlTemplate\":\"https:\/\/www.fiscalia.gov.co\/colombia\/?s={search_term_string}\"},\"query-input\":{\"@type\":\"PropertyValueSpecification\",\"valueRequired\":true,\"valueName\":\"search_term_string\"}}],\"inLanguage\":\"es-CO\"},{\"@type\":\"Organization\",\"@id\":\"https:\/\/www.fiscalia.gov.co\/colombia\/#organization\",\"name\":\"Fiscal\u00eda General de la Naci\u00f3n\",\"url\":\"https:\/\/www.fiscalia.gov.co\/colombia\/\",\"logo\":{\"@type\":\"ImageObject\",\"inLanguage\":\"es-CO\",\"@id\":\"https:\/\/www.fiscalia.gov.co\/colombia\/#\/schema\/logo\/image\/\",\"url\":\"https:\/\/www.fiscalia.gov.co\/colombia\/wp-content\/uploads\/LogoHorizontal_1.jpg\",\"contentUrl\":\"https:\/\/www.fiscalia.gov.co\/colombia\/wp-content\/uploads\/LogoHorizontal_1.jpg\",\"width\":300,\"height\":90,\"caption\":\"Fiscal\u00eda General de la Naci\u00f3n\"},\"image\":{\"@id\":\"https:\/\/www.fiscalia.gov.co\/colombia\/#\/schema\/logo\/image\/\"},\"sameAs\":[\"https:\/\/www.facebook.com\/FiscaliaCol\",\"https:\/\/x.com\/FiscaliaCol\",\"https:\/\/www.instagram.com\/fiscaliacol\",\"https:\/\/www.linkedin.com\/company\/fiscalia-general-de-la-naci-n\/\",\"https:\/\/youtube.com\/@fiscaliageneraldelanacion-4668?si=6nN79nyQICPU5iTh\"]},{\"@type\":\"Person\",\"@id\":\"https:\/\/www.fiscalia.gov.co\/colombia\/#\/schema\/person\/ba9eca435947489fb25117a0cd75bf3e\",\"name\":\"Johanna Islenny Prieto Pe\u00f1a\",\"image\":{\"@type\":\"ImageObject\",\"inLanguage\":\"es-CO\",\"@id\":\"https:\/\/www.fiscalia.gov.co\/colombia\/#\/schema\/person\/image\/\",\"url\":\"https:\/\/secure.gravatar.com\/avatar\/111433fc2acb037ffb768f6a3ca47864?s=96&d=mm&r=g\",\"contentUrl\":\"https:\/\/secure.gravatar.com\/avatar\/111433fc2acb037ffb768f6a3ca47864?s=96&d=mm&r=g\",\"caption\":\"Johanna Islenny Prieto Pe\u00f1a\"},\"url\":\"https:\/\/www.fiscalia.gov.co\/colombia\/author\/jprietop\/\"}]}<\/script>\n<!-- \/ Yoast SEO plugin. -->","yoast_head_json":{"title":"Fiscal\u00eda General de la Naci\u00f3n","description":"P\u00e1gina oficial de la Fiscal\u00eda General de la Naci\u00f3n \u2013 Colombia. Garantizamos el acceso efectivo a la justicia, la verdad y la reparaci\u00f3n de las v\u00edctimas de los delitos.","robots":{"index":"noindex","follow":"follow"},"og_locale":"es_ES","og_type":"article","og_title":"Fiscal\u00eda General de la Naci\u00f3n","og_description":"P\u00e1gina oficial de la Fiscal\u00eda General de la Naci\u00f3n \u2013 Colombia. Garantizamos el acceso efectivo a la justicia, la verdad y la reparaci\u00f3n de las v\u00edctimas de los delitos.","og_url":"https:\/\/www.fiscalia.gov.co\/colombia\/noticias\/en-neiva-fue-enviado-a-la-carcel-un-hombre-senalado-de-asesinar-a-un-adolescente-en-un-montallantas\/","og_site_name":"Fiscal\u00eda General de la Naci\u00f3n","article_publisher":"https:\/\/www.facebook.com\/FiscaliaCol","article_published_time":"2025-10-15T20:25:34+00:00","article_modified_time":"2025-10-15T20:38:12+00:00","og_image":[{"width":1118,"height":1334,"url":"https:\/\/www.fiscalia.gov.co\/colombia\/wp-content\/uploads\/Homicidio-Neiva-1.jpeg","type":"image\/jpeg"}],"author":"Johanna Islenny Prieto Pe\u00f1a","twitter_card":"summary_large_image","twitter_creator":"@FiscaliaCol","twitter_site":"@FiscaliaCol","twitter_misc":{"Escrito por":"Johanna Islenny Prieto Pe\u00f1a","Tiempo de lectura":"2 minutos"},"schema":{"@context":"https:\/\/schema.org","@graph":[{"@type":"Article","@id":"https:\/\/www.fiscalia.gov.co\/colombia\/noticias\/en-neiva-fue-enviado-a-la-carcel-un-hombre-senalado-de-asesinar-a-un-adolescente-en-un-montallantas\/#article","isPartOf":{"@id":"https:\/\/www.fiscalia.gov.co\/colombia\/noticias\/en-neiva-fue-enviado-a-la-carcel-un-hombre-senalado-de-asesinar-a-un-adolescente-en-un-montallantas\/"},"author":{"name":"Johanna Islenny Prieto Pe\u00f1a","@id":"https:\/\/www.fiscalia.gov.co\/colombia\/#\/schema\/person\/ba9eca435947489fb25117a0cd75bf3e"},"headline":"En Neiva fue enviado a la c\u00e1rcel un hombre se\u00f1alado de asesinar a un adolescente en un montallantas","datePublished":"2025-10-15T20:25:34+00:00","dateModified":"2025-10-15T20:38:12+00:00","mainEntityOfPage":{"@id":"https:\/\/www.fiscalia.gov.co\/colombia\/noticias\/en-neiva-fue-enviado-a-la-carcel-un-hombre-senalado-de-asesinar-a-un-adolescente-en-un-montallantas\/"},"wordCount":311,"publisher":{"@id":"https:\/\/www.fiscalia.gov.co\/colombia\/#organization"},"image":{"@id":"https:\/\/www.fiscalia.gov.co\/colombia\/noticias\/en-neiva-fue-enviado-a-la-carcel-un-hombre-senalado-de-asesinar-a-un-adolescente-en-un-montallantas\/#primaryimage"},"thumbnailUrl":"https:\/\/www.fiscalia.gov.co\/colombia\/wp-content\/uploads\/Homicidio-Neiva-1-251x300.jpeg","keywords":["Adolescente","Agravado","Fabricaci\u00f3n","Fiscal\u00eda General de la Naci\u00f3n","Homicidio","Huila","intramural","Medida de aseguramiento","Muerte","Municiones","Neiva","Porte de armas","Seccional Huila","Tr\u00e1fico"],"articleSection":["Noticias","Seguridad territorial"],"inLanguage":"es-CO"},{"@type":"WebPage","@id":"https:\/\/www.fiscalia.gov.co\/colombia\/noticias\/en-neiva-fue-enviado-a-la-carcel-un-hombre-senalado-de-asesinar-a-un-adolescente-en-un-montallantas\/","url":"https:\/\/www.fiscalia.gov.co\/colombia\/noticias\/en-neiva-fue-enviado-a-la-carcel-un-hombre-senalado-de-asesinar-a-un-adolescente-en-un-montallantas\/","name":"Fiscal\u00eda General de la Naci\u00f3n","isPartOf":{"@id":"https:\/\/www.fiscalia.gov.co\/colombia\/#website"},"primaryImageOfPage":{"@id":"https:\/\/www.fiscalia.gov.co\/colombia\/noticias\/en-neiva-fue-enviado-a-la-carcel-un-hombre-senalado-de-asesinar-a-un-adolescente-en-un-montallantas\/#primaryimage"},"image":{"@id":"https:\/\/www.fiscalia.gov.co\/colombia\/noticias\/en-neiva-fue-enviado-a-la-carcel-un-hombre-senalado-de-asesinar-a-un-adolescente-en-un-montallantas\/#primaryimage"},"thumbnailUrl":"https:\/\/www.fiscalia.gov.co\/colombia\/wp-content\/uploads\/Homicidio-Neiva-1-251x300.jpeg","datePublished":"2025-10-15T20:25:34+00:00","dateModified":"2025-10-15T20:38:12+00:00","description":"P\u00e1gina oficial de la Fiscal\u00eda General de la Naci\u00f3n \u2013 Colombia. Garantizamos el acceso efectivo a la justicia, la verdad y la reparaci\u00f3n de las v\u00edctimas de los delitos.","breadcrumb":{"@id":"https:\/\/www.fiscalia.gov.co\/colombia\/noticias\/en-neiva-fue-enviado-a-la-carcel-un-hombre-senalado-de-asesinar-a-un-adolescente-en-un-montallantas\/#breadcrumb"},"inLanguage":"es-CO","potentialAction":[{"@type":"ReadAction","target":["https:\/\/www.fiscalia.gov.co\/colombia\/noticias\/en-neiva-fue-enviado-a-la-carcel-un-hombre-senalado-de-asesinar-a-un-adolescente-en-un-montallantas\/"]}]},{"@type":"ImageObject","inLanguage":"es-CO","@id":"https:\/\/www.fiscalia.gov.co\/colombia\/noticias\/en-neiva-fue-enviado-a-la-carcel-un-hombre-senalado-de-asesinar-a-un-adolescente-en-un-montallantas\/#primaryimage","url":"https:\/\/www.fiscalia.gov.co\/colombia\/wp-content\/uploads\/Homicidio-Neiva-1.jpeg","contentUrl":"https:\/\/www.fiscalia.gov.co\/colombia\/wp-content\/uploads\/Homicidio-Neiva-1.jpeg","width":1118,"height":1334,"caption":"Rodr\u00edguez Castro fue capturado en flagrancia por la Polic\u00eda Nacional en el barrio Ventilador de Neiva (Huila)."},{"@type":"BreadcrumbList","@id":"https:\/\/www.fiscalia.gov.co\/colombia\/noticias\/en-neiva-fue-enviado-a-la-carcel-un-hombre-senalado-de-asesinar-a-un-adolescente-en-un-montallantas\/#breadcrumb","itemListElement":[{"@type":"ListItem","position":1,"name":"Home","item":"https:\/\/www.fiscalia.gov.co\/colombia\/"},{"@type":"ListItem","position":2,"name":"En Neiva fue enviado a la c\u00e1rcel un hombre se\u00f1alado de asesinar a un adolescente en un montallantas"}]},{"@type":"WebSite","@id":"https:\/\/www.fiscalia.gov.co\/colombia\/#website","url":"https:\/\/www.fiscalia.gov.co\/colombia\/","name":"Fiscal\u00eda General de la Naci\u00f3n","description":"P\u00e1gina oficial de la Fiscal\u00eda General de la Naci\u00f3n \u2013 Colombia. Garantizamos el acceso efectivo a la justicia, la verdad y la reparaci\u00f3n de las v\u00edctimas de los delitos.","publisher":{"@id":"https:\/\/www.fiscalia.gov.co\/colombia\/#organization"},"potentialAction":[{"@type":"SearchAction","target":{"@type":"EntryPoint","urlTemplate":"https:\/\/www.fiscalia.gov.co\/colombia\/?s={search_term_string}"},"query-input":{"@type":"PropertyValueSpecification","valueRequired":true,"valueName":"search_term_string"}}],"inLanguage":"es-CO"},{"@type":"Organization","@id":"https:\/\/www.fiscalia.gov.co\/colombia\/#organization","name":"Fiscal\u00eda General de la Naci\u00f3n","url":"https:\/\/www.fiscalia.gov.co\/colombia\/","logo":{"@type":"ImageObject","inLanguage":"es-CO","@id":"https:\/\/www.fiscalia.gov.co\/colombia\/#\/schema\/logo\/image\/","url":"https:\/\/www.fiscalia.gov.co\/colombia\/wp-content\/uploads\/LogoHorizontal_1.jpg","contentUrl":"https:\/\/www.fiscalia.gov.co\/colombia\/wp-content\/uploads\/LogoHorizontal_1.jpg","width":300,"height":90,"caption":"Fiscal\u00eda General de la Naci\u00f3n"},"image":{"@id":"https:\/\/www.fiscalia.gov.co\/colombia\/#\/schema\/logo\/image\/"},"sameAs":["https:\/\/www.facebook.com\/FiscaliaCol","https:\/\/x.com\/FiscaliaCol","https:\/\/www.instagram.com\/fiscaliacol","https:\/\/www.linkedin.com\/company\/fiscalia-general-de-la-naci-n\/","https:\/\/youtube.com\/@fiscaliageneraldelanacion-4668?si=6nN79nyQICPU5iTh"]},{"@type":"Person","@id":"https:\/\/www.fiscalia.gov.co\/colombia\/#\/schema\/person\/ba9eca435947489fb25117a0cd75bf3e","name":"Johanna Islenny Prieto Pe\u00f1a","image":{"@type":"ImageObject","inLanguage":"es-CO","@id":"https:\/\/www.fiscalia.gov.co\/colombia\/#\/schema\/person\/image\/","url":"https:\/\/secure.gravatar.com\/avatar\/111433fc2acb037ffb768f6a3ca47864?s=96&d=mm&r=g","contentUrl":"https:\/\/secure.gravatar.com\/avatar\/111433fc2acb037ffb768f6a3ca47864?s=96&d=mm&r=g","caption":"Johanna Islenny Prieto Pe\u00f1a"},"url":"https:\/\/www.fiscalia.gov.co\/colombia\/author\/jprietop\/"}]}},"_links":{"self":[{"href":"https:\/\/www.fiscalia.gov.co\/colombia\/wp-json\/wp\/v2\/posts\/325645","targetHints":{"allow":["GET"]}}],"collection":[{"href":"https:\/\/www.fiscalia.gov.co\/colombia\/wp-json\/wp\/v2\/posts"}],"about":[{"href":"https:\/\/www.fiscalia.gov.co\/colombia\/wp-json\/wp\/v2\/types\/post"}],"author":[{"embeddable":true,"href":"https:\/\/www.fiscalia.gov.co\/colombia\/wp-json\/wp\/v2\/users\/181"}],"replies":[{"embeddable":true,"href":"https:\/\/www.fiscalia.gov.co\/colombia\/wp-json\/wp\/v2\/comments?post=325645"}],"version-history":[{"count":2,"href":"https:\/\/www.fiscalia.gov.co\/colombia\/wp-json\/wp\/v2\/posts\/325645\/revisions"}],"predecessor-version":[{"id":325648,"href":"https:\/\/www.fiscalia.gov.co\/colombia\/wp-json\/wp\/v2\/posts\/325645\/revisions\/325648"}],"wp:attachment":[{"href":"https:\/\/www.fiscalia.gov.co\/colombia\/wp-json\/wp\/v2\/media?parent=325645"}],"wp:term":[{"taxonomy":"category","embeddable":true,"href":"https:\/\/www.fiscalia.gov.co\/colombia\/wp-json\/wp\/v2\/categories?post=325645"},{"taxonomy":"post_tag","embeddable":true,"href":"https:\/\/www.fiscalia.gov.co\/colombia\/wp-json\/wp\/v2\/tags?post=325645"}],"curies":[{"name":"wp","href":"https:\/\/api.w.org\/{rel}","templated":true}]}}