{"id":325638,"date":"2025-10-15T15:01:10","date_gmt":"2025-10-15T20:01:10","guid":{"rendered":"https:\/\/www.fiscalia.gov.co\/colombia\/?p=325638"},"modified":"2025-10-15T15:01:10","modified_gmt":"2025-10-15T20:01:10","slug":"en-san-andres-envian-a-la-carcel-a-dos-hombres-senalados-de-atentar-contra-un-par-de-hermanos","status":"publish","type":"post","link":"https:\/\/www.fiscalia.gov.co\/colombia\/noticias\/en-san-andres-envian-a-la-carcel-a-dos-hombres-senalados-de-atentar-contra-un-par-de-hermanos\/","title":{"rendered":"En San Andr\u00e9s env\u00edan a la c\u00e1rcel a dos hombres se\u00f1alados de atentar contra un par de hermanos"},"content":{"rendered":"<p>Un fiscal de la Unidad de Vida present\u00f3 elementos materiales probatorios que le permitieron a un juez de control de garant\u00edas asegurar en centro carcelario a Emanuel Otero Buelvas y Johan Johadis Ram\u00edrez Navas, <strong>presuntamente implicados en un homicidio ocurrido en la isla de San Andr\u00e9s.<\/strong><\/p>\n<figure id=\"attachment_325639\" aria-describedby=\"caption-attachment-325639\" style=\"width: 300px\" class=\"wp-caption alignnone\"><img loading=\"lazy\" decoding=\"async\" class=\"size-medium wp-image-325639\" src=\"https:\/\/www.fiscalia.gov.co\/colombia\/wp-content\/uploads\/Foto-boletin-15-de-octubre-homicidios--300x169.jpeg\" alt=\"En la imagen est\u00e1n dos hombres j\u00f3venes, morenos, cabellos cortos crespos negros, ambos vestidos con camisetas blancas. Se encuentran sentado en el interior de una oficia asistiendo virtualmente a la audiencia en la que se les proces\u00f3.\u00a0\" width=\"300\" height=\"169\" srcset=\"https:\/\/www.fiscalia.gov.co\/colombia\/wp-content\/uploads\/Foto-boletin-15-de-octubre-homicidios--300x169.jpeg 300w, https:\/\/www.fiscalia.gov.co\/colombia\/wp-content\/uploads\/Foto-boletin-15-de-octubre-homicidios--1024x576.jpeg 1024w, https:\/\/www.fiscalia.gov.co\/colombia\/wp-content\/uploads\/Foto-boletin-15-de-octubre-homicidios--768x432.jpeg 768w, https:\/\/www.fiscalia.gov.co\/colombia\/wp-content\/uploads\/Foto-boletin-15-de-octubre-homicidios--1536x864.jpeg 1536w, https:\/\/www.fiscalia.gov.co\/colombia\/wp-content\/uploads\/Foto-boletin-15-de-octubre-homicidios--747x420.jpeg 747w, https:\/\/www.fiscalia.gov.co\/colombia\/wp-content\/uploads\/Foto-boletin-15-de-octubre-homicidios--696x392.jpeg 696w, https:\/\/www.fiscalia.gov.co\/colombia\/wp-content\/uploads\/Foto-boletin-15-de-octubre-homicidios--1068x601.jpeg 1068w, https:\/\/www.fiscalia.gov.co\/colombia\/wp-content\/uploads\/Foto-boletin-15-de-octubre-homicidios-.jpeg 1600w\" sizes=\"auto, (max-width: 300px) 100vw, 300px\" \/><figcaption id=\"caption-attachment-325639\" class=\"wp-caption-text\">A los procesados la Fiscal\u00eda les imput\u00f3 los delitos de homicidio, tentativa de homicidio y tr\u00e1fico, porte o tenencia de armas de fuego, accesorios, partes o municiones, todas las conductas agravadas.<\/figcaption><\/figure>\n<p>La decisi\u00f3n judicial obedece a hechos registrados el pasado 24 de septiembre en el barrio Morrislanding del archipi\u00e9lago.<strong> Seg\u00fan la investigaci\u00f3n, los procesados se movilizaban en una motocicleta desde la cual, se cree, dispararon contra dos hermanos que transitaban por el lugar.<\/strong><\/p>\n<p><strong>En el ataque falleci\u00f3 una de las v\u00edctimas, de 31 a\u00f1os. El otro, de 28, result\u00f3 herido y fue atendido oportunamente en un centro asistencial.<\/strong> Se cree que durante la huida los ahora investigados abandonaron la motocicleta en la que se desplazaban, para apoderarse de otra que le habr\u00edan hurtado a una mujer.<\/p>\n<p>Labores investigativas permitieron identificar a Otero Buelvas y Ram\u00edrez Navas como los supuestos responsables, quienes fueron capturados el pasado 10 de octubre por la Polic\u00eda Nacional, en el barrio Morrislanding.<\/p>\n<p>Los procesados, ambos de 18 a\u00f1os, fueron imputados como presuntos responsables de los delitos de <a href=\"https:\/\/www.fiscalia.gov.co\/colombia\/noticias\/fiscalia-radica-escrito-de-acusacion-contra-mujer-que-habria-participado-en-la-planeacion-y-ejecucion-del-magnicidio-del-senador-miguel-uribe-turbay\/\" target=\"_blank\" rel=\"noopener\">homicidio<\/a>, tentativa de homicidio y fabricaci\u00f3n, tr\u00e1fico, porte o tenencia de armas de fuego, accesorios, partes o municiones, <strong>todas las conductas agravadas. Adem\u00e1s de hurto calificado. Ninguno de los cargos fue aceptado.<\/strong><\/p>\n<p>MEVA\/MAGA\/JR\/TAM\/DSSPS<\/p>\n<p><i><\/i><\/p>\n<p>&nbsp;<\/p>\n<p>&nbsp;<\/p>\n<p>&nbsp;<\/p>\n<p><i>La informaci\u00f3n contenida en este bolet\u00edn de prensa corresponde a la narraci\u00f3n de los hechos noticiosos objetivos, suministrados por los funcionarios encargados de adelantar las investigaciones penales al interior de la Fiscal\u00eda General de la Naci\u00f3n. Para el momento de la divulgaci\u00f3n de este comunicado, la situaci\u00f3n jur\u00eddica de la(s) persona(s) relacionada(s) se encuentra pendiente de resolver por la autoridad judicial competente, siempre bajo los preceptos de la presunci\u00f3n de inocencia, consagrados en el art\u00edculo 29 de la Constituci\u00f3n Pol\u00edtica y el art\u00edculo 7\u00ba de la Ley 906 de 2004.<\/i><\/p>\n<div><\/div>\n\n<div class=\"twitter-share\"><a href=\"https:\/\/twitter.com\/intent\/tweet?via=fiscaliacol\" class=\"twitter-share-button\">Tweet<\/a><\/div>\n","protected":false},"excerpt":{"rendered":"<p>Un fiscal de la Unidad de Vida present\u00f3 elementos materiales probatorios que le permitieron a un juez de control de garant\u00edas asegurar en centro carcelario a Emanuel Otero Buelvas y Johan Johadis Ram\u00edrez Navas, presuntamente implicados en un homicidio ocurrido en la isla de San Andr\u00e9s. La decisi\u00f3n judicial obedece a hechos registrados el pasado [&hellip;]<\/p>\n","protected":false},"author":181,"featured_media":0,"comment_status":"closed","ping_status":"open","sticky":false,"template":"","format":"standard","meta":{"tdm_status":"","tdm_grid_status":"","footnotes":""},"categories":[1],"tags":[924,14550,24187,1047,390,409,9383,1185,43497,24549,558,23841,23970],"class_list":{"0":"post-325638","1":"post","2":"type-post","3":"status-publish","4":"format-standard","6":"category-noticias","7":"tag-captura","8":"tag-carcel","9":"tag-fiscalia-colombia","10":"tag-fiscalia-general-de-la-nacion","11":"tag-hermanos","12":"tag-homicidio","13":"tag-isla","14":"tag-medida-de-aseguramiento","15":"tag-morrislanding","16":"tag-orden-judicial","17":"tag-policia-nacional","18":"tag-san-andres","19":"tag-victimas"},"yoast_head":"<!-- This site is optimized with the Yoast SEO plugin v24.3 - https:\/\/yoast.com\/wordpress\/plugins\/seo\/ -->\n<title>Fiscal\u00eda General de la Naci\u00f3n<\/title>\n<meta name=\"description\" content=\"P\u00e1gina oficial de la Fiscal\u00eda General de la Naci\u00f3n \u2013 Colombia. Garantizamos el acceso efectivo a la justicia, la verdad y la reparaci\u00f3n de las v\u00edctimas de los delitos.\" \/>\n<meta name=\"robots\" content=\"noindex, follow\" \/>\n<meta property=\"og:locale\" content=\"es_ES\" \/>\n<meta property=\"og:type\" content=\"article\" \/>\n<meta property=\"og:title\" content=\"Fiscal\u00eda General de la Naci\u00f3n\" \/>\n<meta property=\"og:description\" content=\"P\u00e1gina oficial de la Fiscal\u00eda General de la Naci\u00f3n \u2013 Colombia. Garantizamos el acceso efectivo a la justicia, la verdad y la reparaci\u00f3n de las v\u00edctimas de los delitos.\" \/>\n<meta property=\"og:url\" content=\"https:\/\/www.fiscalia.gov.co\/colombia\/noticias\/en-san-andres-envian-a-la-carcel-a-dos-hombres-senalados-de-atentar-contra-un-par-de-hermanos\/\" \/>\n<meta property=\"og:site_name\" content=\"Fiscal\u00eda General de la Naci\u00f3n\" \/>\n<meta property=\"article:publisher\" content=\"https:\/\/www.facebook.com\/FiscaliaCol\" \/>\n<meta property=\"article:published_time\" content=\"2025-10-15T20:01:10+00:00\" \/>\n<meta property=\"og:image\" content=\"https:\/\/www.fiscalia.gov.co\/colombia\/wp-content\/uploads\/Foto-boletin-15-de-octubre-homicidios-.jpeg\" \/>\n\t<meta property=\"og:image:width\" content=\"1600\" \/>\n\t<meta property=\"og:image:height\" content=\"900\" \/>\n\t<meta property=\"og:image:type\" content=\"image\/jpeg\" \/>\n<meta name=\"author\" content=\"Johanna Islenny Prieto Pe\u00f1a\" \/>\n<meta name=\"twitter:card\" content=\"summary_large_image\" \/>\n<meta name=\"twitter:creator\" content=\"@FiscaliaCol\" \/>\n<meta name=\"twitter:site\" content=\"@FiscaliaCol\" \/>\n<meta name=\"twitter:label1\" content=\"Escrito por\" \/>\n\t<meta name=\"twitter:data1\" content=\"Johanna Islenny Prieto Pe\u00f1a\" \/>\n\t<meta name=\"twitter:label2\" content=\"Tiempo de lectura\" \/>\n\t<meta name=\"twitter:data2\" content=\"2 minutos\" \/>\n<script type=\"application\/ld+json\" class=\"yoast-schema-graph\">{\"@context\":\"https:\/\/schema.org\",\"@graph\":[{\"@type\":\"Article\",\"@id\":\"https:\/\/www.fiscalia.gov.co\/colombia\/noticias\/en-san-andres-envian-a-la-carcel-a-dos-hombres-senalados-de-atentar-contra-un-par-de-hermanos\/#article\",\"isPartOf\":{\"@id\":\"https:\/\/www.fiscalia.gov.co\/colombia\/noticias\/en-san-andres-envian-a-la-carcel-a-dos-hombres-senalados-de-atentar-contra-un-par-de-hermanos\/\"},\"author\":{\"name\":\"Johanna Islenny Prieto Pe\u00f1a\",\"@id\":\"https:\/\/www.fiscalia.gov.co\/colombia\/#\/schema\/person\/ba9eca435947489fb25117a0cd75bf3e\"},\"headline\":\"En San Andr\u00e9s env\u00edan a la c\u00e1rcel a dos hombres se\u00f1alados de atentar contra un par de hermanos\",\"datePublished\":\"2025-10-15T20:01:10+00:00\",\"dateModified\":\"2025-10-15T20:01:10+00:00\",\"mainEntityOfPage\":{\"@id\":\"https:\/\/www.fiscalia.gov.co\/colombia\/noticias\/en-san-andres-envian-a-la-carcel-a-dos-hombres-senalados-de-atentar-contra-un-par-de-hermanos\/\"},\"wordCount\":401,\"publisher\":{\"@id\":\"https:\/\/www.fiscalia.gov.co\/colombia\/#organization\"},\"image\":{\"@id\":\"https:\/\/www.fiscalia.gov.co\/colombia\/noticias\/en-san-andres-envian-a-la-carcel-a-dos-hombres-senalados-de-atentar-contra-un-par-de-hermanos\/#primaryimage\"},\"thumbnailUrl\":\"https:\/\/www.fiscalia.gov.co\/colombia\/wp-content\/uploads\/Foto-boletin-15-de-octubre-homicidios--300x169.jpeg\",\"keywords\":[\"Captura\",\"C\u00e1rcel\",\"Fiscal\u00eda Colombia\",\"Fiscal\u00eda General de la Naci\u00f3n\",\"Hermanos\",\"Homicidio\",\"Isla\",\"Medida de aseguramiento\",\"Morrislanding.\",\"orden judicial\",\"Polic\u00eda Nacional\",\"San Andr\u00e9s\",\"V\u00edctimas\"],\"articleSection\":[\"Noticias\"],\"inLanguage\":\"es-CO\"},{\"@type\":\"WebPage\",\"@id\":\"https:\/\/www.fiscalia.gov.co\/colombia\/noticias\/en-san-andres-envian-a-la-carcel-a-dos-hombres-senalados-de-atentar-contra-un-par-de-hermanos\/\",\"url\":\"https:\/\/www.fiscalia.gov.co\/colombia\/noticias\/en-san-andres-envian-a-la-carcel-a-dos-hombres-senalados-de-atentar-contra-un-par-de-hermanos\/\",\"name\":\"Fiscal\u00eda General de la Naci\u00f3n\",\"isPartOf\":{\"@id\":\"https:\/\/www.fiscalia.gov.co\/colombia\/#website\"},\"primaryImageOfPage\":{\"@id\":\"https:\/\/www.fiscalia.gov.co\/colombia\/noticias\/en-san-andres-envian-a-la-carcel-a-dos-hombres-senalados-de-atentar-contra-un-par-de-hermanos\/#primaryimage\"},\"image\":{\"@id\":\"https:\/\/www.fiscalia.gov.co\/colombia\/noticias\/en-san-andres-envian-a-la-carcel-a-dos-hombres-senalados-de-atentar-contra-un-par-de-hermanos\/#primaryimage\"},\"thumbnailUrl\":\"https:\/\/www.fiscalia.gov.co\/colombia\/wp-content\/uploads\/Foto-boletin-15-de-octubre-homicidios--300x169.jpeg\",\"datePublished\":\"2025-10-15T20:01:10+00:00\",\"dateModified\":\"2025-10-15T20:01:10+00:00\",\"description\":\"P\u00e1gina oficial de la Fiscal\u00eda General de la Naci\u00f3n \u2013 Colombia. Garantizamos el acceso efectivo a la justicia, la verdad y la reparaci\u00f3n de las v\u00edctimas de los delitos.\",\"breadcrumb\":{\"@id\":\"https:\/\/www.fiscalia.gov.co\/colombia\/noticias\/en-san-andres-envian-a-la-carcel-a-dos-hombres-senalados-de-atentar-contra-un-par-de-hermanos\/#breadcrumb\"},\"inLanguage\":\"es-CO\",\"potentialAction\":[{\"@type\":\"ReadAction\",\"target\":[\"https:\/\/www.fiscalia.gov.co\/colombia\/noticias\/en-san-andres-envian-a-la-carcel-a-dos-hombres-senalados-de-atentar-contra-un-par-de-hermanos\/\"]}]},{\"@type\":\"ImageObject\",\"inLanguage\":\"es-CO\",\"@id\":\"https:\/\/www.fiscalia.gov.co\/colombia\/noticias\/en-san-andres-envian-a-la-carcel-a-dos-hombres-senalados-de-atentar-contra-un-par-de-hermanos\/#primaryimage\",\"url\":\"https:\/\/www.fiscalia.gov.co\/colombia\/wp-content\/uploads\/Foto-boletin-15-de-octubre-homicidios-.jpeg\",\"contentUrl\":\"https:\/\/www.fiscalia.gov.co\/colombia\/wp-content\/uploads\/Foto-boletin-15-de-octubre-homicidios-.jpeg\",\"width\":1600,\"height\":900,\"caption\":\"A los procesados la Fiscal\u00eda les imput\u00f3 los delitos de homicidio, tentativa de homicidio y tr\u00e1fico, porte o tenencia de armas de fuego, accesorios, partes o municiones, todas las conductas agravadas.\"},{\"@type\":\"BreadcrumbList\",\"@id\":\"https:\/\/www.fiscalia.gov.co\/colombia\/noticias\/en-san-andres-envian-a-la-carcel-a-dos-hombres-senalados-de-atentar-contra-un-par-de-hermanos\/#breadcrumb\",\"itemListElement\":[{\"@type\":\"ListItem\",\"position\":1,\"name\":\"Home\",\"item\":\"https:\/\/www.fiscalia.gov.co\/colombia\/\"},{\"@type\":\"ListItem\",\"position\":2,\"name\":\"En San Andr\u00e9s env\u00edan a la c\u00e1rcel a dos hombres se\u00f1alados de atentar contra un par de hermanos\"}]},{\"@type\":\"WebSite\",\"@id\":\"https:\/\/www.fiscalia.gov.co\/colombia\/#website\",\"url\":\"https:\/\/www.fiscalia.gov.co\/colombia\/\",\"name\":\"Fiscal\u00eda General de la Naci\u00f3n\",\"description\":\"P\u00e1gina oficial de la Fiscal\u00eda General de la Naci\u00f3n \u2013 Colombia. Garantizamos el acceso efectivo a la justicia, la verdad y la reparaci\u00f3n de las v\u00edctimas de los delitos.\",\"publisher\":{\"@id\":\"https:\/\/www.fiscalia.gov.co\/colombia\/#organization\"},\"potentialAction\":[{\"@type\":\"SearchAction\",\"target\":{\"@type\":\"EntryPoint\",\"urlTemplate\":\"https:\/\/www.fiscalia.gov.co\/colombia\/?s={search_term_string}\"},\"query-input\":{\"@type\":\"PropertyValueSpecification\",\"valueRequired\":true,\"valueName\":\"search_term_string\"}}],\"inLanguage\":\"es-CO\"},{\"@type\":\"Organization\",\"@id\":\"https:\/\/www.fiscalia.gov.co\/colombia\/#organization\",\"name\":\"Fiscal\u00eda General de la Naci\u00f3n\",\"url\":\"https:\/\/www.fiscalia.gov.co\/colombia\/\",\"logo\":{\"@type\":\"ImageObject\",\"inLanguage\":\"es-CO\",\"@id\":\"https:\/\/www.fiscalia.gov.co\/colombia\/#\/schema\/logo\/image\/\",\"url\":\"https:\/\/www.fiscalia.gov.co\/colombia\/wp-content\/uploads\/LogoHorizontal_1.jpg\",\"contentUrl\":\"https:\/\/www.fiscalia.gov.co\/colombia\/wp-content\/uploads\/LogoHorizontal_1.jpg\",\"width\":300,\"height\":90,\"caption\":\"Fiscal\u00eda General de la Naci\u00f3n\"},\"image\":{\"@id\":\"https:\/\/www.fiscalia.gov.co\/colombia\/#\/schema\/logo\/image\/\"},\"sameAs\":[\"https:\/\/www.facebook.com\/FiscaliaCol\",\"https:\/\/x.com\/FiscaliaCol\",\"https:\/\/www.instagram.com\/fiscaliacol\",\"https:\/\/www.linkedin.com\/company\/fiscalia-general-de-la-naci-n\/\",\"https:\/\/youtube.com\/@fiscaliageneraldelanacion-4668?si=6nN79nyQICPU5iTh\"]},{\"@type\":\"Person\",\"@id\":\"https:\/\/www.fiscalia.gov.co\/colombia\/#\/schema\/person\/ba9eca435947489fb25117a0cd75bf3e\",\"name\":\"Johanna Islenny Prieto Pe\u00f1a\",\"image\":{\"@type\":\"ImageObject\",\"inLanguage\":\"es-CO\",\"@id\":\"https:\/\/www.fiscalia.gov.co\/colombia\/#\/schema\/person\/image\/\",\"url\":\"https:\/\/secure.gravatar.com\/avatar\/111433fc2acb037ffb768f6a3ca47864?s=96&d=mm&r=g\",\"contentUrl\":\"https:\/\/secure.gravatar.com\/avatar\/111433fc2acb037ffb768f6a3ca47864?s=96&d=mm&r=g\",\"caption\":\"Johanna Islenny Prieto Pe\u00f1a\"},\"url\":\"https:\/\/www.fiscalia.gov.co\/colombia\/author\/jprietop\/\"}]}<\/script>\n<!-- \/ Yoast SEO plugin. -->","yoast_head_json":{"title":"Fiscal\u00eda General de la Naci\u00f3n","description":"P\u00e1gina oficial de la Fiscal\u00eda General de la Naci\u00f3n \u2013 Colombia. Garantizamos el acceso efectivo a la justicia, la verdad y la reparaci\u00f3n de las v\u00edctimas de los delitos.","robots":{"index":"noindex","follow":"follow"},"og_locale":"es_ES","og_type":"article","og_title":"Fiscal\u00eda General de la Naci\u00f3n","og_description":"P\u00e1gina oficial de la Fiscal\u00eda General de la Naci\u00f3n \u2013 Colombia. Garantizamos el acceso efectivo a la justicia, la verdad y la reparaci\u00f3n de las v\u00edctimas de los delitos.","og_url":"https:\/\/www.fiscalia.gov.co\/colombia\/noticias\/en-san-andres-envian-a-la-carcel-a-dos-hombres-senalados-de-atentar-contra-un-par-de-hermanos\/","og_site_name":"Fiscal\u00eda General de la Naci\u00f3n","article_publisher":"https:\/\/www.facebook.com\/FiscaliaCol","article_published_time":"2025-10-15T20:01:10+00:00","og_image":[{"width":1600,"height":900,"url":"https:\/\/www.fiscalia.gov.co\/colombia\/wp-content\/uploads\/Foto-boletin-15-de-octubre-homicidios-.jpeg","type":"image\/jpeg"}],"author":"Johanna Islenny Prieto Pe\u00f1a","twitter_card":"summary_large_image","twitter_creator":"@FiscaliaCol","twitter_site":"@FiscaliaCol","twitter_misc":{"Escrito por":"Johanna Islenny Prieto Pe\u00f1a","Tiempo de lectura":"2 minutos"},"schema":{"@context":"https:\/\/schema.org","@graph":[{"@type":"Article","@id":"https:\/\/www.fiscalia.gov.co\/colombia\/noticias\/en-san-andres-envian-a-la-carcel-a-dos-hombres-senalados-de-atentar-contra-un-par-de-hermanos\/#article","isPartOf":{"@id":"https:\/\/www.fiscalia.gov.co\/colombia\/noticias\/en-san-andres-envian-a-la-carcel-a-dos-hombres-senalados-de-atentar-contra-un-par-de-hermanos\/"},"author":{"name":"Johanna Islenny Prieto Pe\u00f1a","@id":"https:\/\/www.fiscalia.gov.co\/colombia\/#\/schema\/person\/ba9eca435947489fb25117a0cd75bf3e"},"headline":"En San Andr\u00e9s env\u00edan a la c\u00e1rcel a dos hombres se\u00f1alados de atentar contra un par de hermanos","datePublished":"2025-10-15T20:01:10+00:00","dateModified":"2025-10-15T20:01:10+00:00","mainEntityOfPage":{"@id":"https:\/\/www.fiscalia.gov.co\/colombia\/noticias\/en-san-andres-envian-a-la-carcel-a-dos-hombres-senalados-de-atentar-contra-un-par-de-hermanos\/"},"wordCount":401,"publisher":{"@id":"https:\/\/www.fiscalia.gov.co\/colombia\/#organization"},"image":{"@id":"https:\/\/www.fiscalia.gov.co\/colombia\/noticias\/en-san-andres-envian-a-la-carcel-a-dos-hombres-senalados-de-atentar-contra-un-par-de-hermanos\/#primaryimage"},"thumbnailUrl":"https:\/\/www.fiscalia.gov.co\/colombia\/wp-content\/uploads\/Foto-boletin-15-de-octubre-homicidios--300x169.jpeg","keywords":["Captura","C\u00e1rcel","Fiscal\u00eda Colombia","Fiscal\u00eda General de la Naci\u00f3n","Hermanos","Homicidio","Isla","Medida de aseguramiento","Morrislanding.","orden judicial","Polic\u00eda Nacional","San Andr\u00e9s","V\u00edctimas"],"articleSection":["Noticias"],"inLanguage":"es-CO"},{"@type":"WebPage","@id":"https:\/\/www.fiscalia.gov.co\/colombia\/noticias\/en-san-andres-envian-a-la-carcel-a-dos-hombres-senalados-de-atentar-contra-un-par-de-hermanos\/","url":"https:\/\/www.fiscalia.gov.co\/colombia\/noticias\/en-san-andres-envian-a-la-carcel-a-dos-hombres-senalados-de-atentar-contra-un-par-de-hermanos\/","name":"Fiscal\u00eda General de la Naci\u00f3n","isPartOf":{"@id":"https:\/\/www.fiscalia.gov.co\/colombia\/#website"},"primaryImageOfPage":{"@id":"https:\/\/www.fiscalia.gov.co\/colombia\/noticias\/en-san-andres-envian-a-la-carcel-a-dos-hombres-senalados-de-atentar-contra-un-par-de-hermanos\/#primaryimage"},"image":{"@id":"https:\/\/www.fiscalia.gov.co\/colombia\/noticias\/en-san-andres-envian-a-la-carcel-a-dos-hombres-senalados-de-atentar-contra-un-par-de-hermanos\/#primaryimage"},"thumbnailUrl":"https:\/\/www.fiscalia.gov.co\/colombia\/wp-content\/uploads\/Foto-boletin-15-de-octubre-homicidios--300x169.jpeg","datePublished":"2025-10-15T20:01:10+00:00","dateModified":"2025-10-15T20:01:10+00:00","description":"P\u00e1gina oficial de la Fiscal\u00eda General de la Naci\u00f3n \u2013 Colombia. Garantizamos el acceso efectivo a la justicia, la verdad y la reparaci\u00f3n de las v\u00edctimas de los delitos.","breadcrumb":{"@id":"https:\/\/www.fiscalia.gov.co\/colombia\/noticias\/en-san-andres-envian-a-la-carcel-a-dos-hombres-senalados-de-atentar-contra-un-par-de-hermanos\/#breadcrumb"},"inLanguage":"es-CO","potentialAction":[{"@type":"ReadAction","target":["https:\/\/www.fiscalia.gov.co\/colombia\/noticias\/en-san-andres-envian-a-la-carcel-a-dos-hombres-senalados-de-atentar-contra-un-par-de-hermanos\/"]}]},{"@type":"ImageObject","inLanguage":"es-CO","@id":"https:\/\/www.fiscalia.gov.co\/colombia\/noticias\/en-san-andres-envian-a-la-carcel-a-dos-hombres-senalados-de-atentar-contra-un-par-de-hermanos\/#primaryimage","url":"https:\/\/www.fiscalia.gov.co\/colombia\/wp-content\/uploads\/Foto-boletin-15-de-octubre-homicidios-.jpeg","contentUrl":"https:\/\/www.fiscalia.gov.co\/colombia\/wp-content\/uploads\/Foto-boletin-15-de-octubre-homicidios-.jpeg","width":1600,"height":900,"caption":"A los procesados la Fiscal\u00eda les imput\u00f3 los delitos de homicidio, tentativa de homicidio y tr\u00e1fico, porte o tenencia de armas de fuego, accesorios, partes o municiones, todas las conductas agravadas."},{"@type":"BreadcrumbList","@id":"https:\/\/www.fiscalia.gov.co\/colombia\/noticias\/en-san-andres-envian-a-la-carcel-a-dos-hombres-senalados-de-atentar-contra-un-par-de-hermanos\/#breadcrumb","itemListElement":[{"@type":"ListItem","position":1,"name":"Home","item":"https:\/\/www.fiscalia.gov.co\/colombia\/"},{"@type":"ListItem","position":2,"name":"En San Andr\u00e9s env\u00edan a la c\u00e1rcel a dos hombres se\u00f1alados de atentar contra un par de hermanos"}]},{"@type":"WebSite","@id":"https:\/\/www.fiscalia.gov.co\/colombia\/#website","url":"https:\/\/www.fiscalia.gov.co\/colombia\/","name":"Fiscal\u00eda General de la Naci\u00f3n","description":"P\u00e1gina oficial de la Fiscal\u00eda General de la Naci\u00f3n \u2013 Colombia. Garantizamos el acceso efectivo a la justicia, la verdad y la reparaci\u00f3n de las v\u00edctimas de los delitos.","publisher":{"@id":"https:\/\/www.fiscalia.gov.co\/colombia\/#organization"},"potentialAction":[{"@type":"SearchAction","target":{"@type":"EntryPoint","urlTemplate":"https:\/\/www.fiscalia.gov.co\/colombia\/?s={search_term_string}"},"query-input":{"@type":"PropertyValueSpecification","valueRequired":true,"valueName":"search_term_string"}}],"inLanguage":"es-CO"},{"@type":"Organization","@id":"https:\/\/www.fiscalia.gov.co\/colombia\/#organization","name":"Fiscal\u00eda General de la Naci\u00f3n","url":"https:\/\/www.fiscalia.gov.co\/colombia\/","logo":{"@type":"ImageObject","inLanguage":"es-CO","@id":"https:\/\/www.fiscalia.gov.co\/colombia\/#\/schema\/logo\/image\/","url":"https:\/\/www.fiscalia.gov.co\/colombia\/wp-content\/uploads\/LogoHorizontal_1.jpg","contentUrl":"https:\/\/www.fiscalia.gov.co\/colombia\/wp-content\/uploads\/LogoHorizontal_1.jpg","width":300,"height":90,"caption":"Fiscal\u00eda General de la Naci\u00f3n"},"image":{"@id":"https:\/\/www.fiscalia.gov.co\/colombia\/#\/schema\/logo\/image\/"},"sameAs":["https:\/\/www.facebook.com\/FiscaliaCol","https:\/\/x.com\/FiscaliaCol","https:\/\/www.instagram.com\/fiscaliacol","https:\/\/www.linkedin.com\/company\/fiscalia-general-de-la-naci-n\/","https:\/\/youtube.com\/@fiscaliageneraldelanacion-4668?si=6nN79nyQICPU5iTh"]},{"@type":"Person","@id":"https:\/\/www.fiscalia.gov.co\/colombia\/#\/schema\/person\/ba9eca435947489fb25117a0cd75bf3e","name":"Johanna Islenny Prieto Pe\u00f1a","image":{"@type":"ImageObject","inLanguage":"es-CO","@id":"https:\/\/www.fiscalia.gov.co\/colombia\/#\/schema\/person\/image\/","url":"https:\/\/secure.gravatar.com\/avatar\/111433fc2acb037ffb768f6a3ca47864?s=96&d=mm&r=g","contentUrl":"https:\/\/secure.gravatar.com\/avatar\/111433fc2acb037ffb768f6a3ca47864?s=96&d=mm&r=g","caption":"Johanna Islenny Prieto Pe\u00f1a"},"url":"https:\/\/www.fiscalia.gov.co\/colombia\/author\/jprietop\/"}]}},"_links":{"self":[{"href":"https:\/\/www.fiscalia.gov.co\/colombia\/wp-json\/wp\/v2\/posts\/325638","targetHints":{"allow":["GET"]}}],"collection":[{"href":"https:\/\/www.fiscalia.gov.co\/colombia\/wp-json\/wp\/v2\/posts"}],"about":[{"href":"https:\/\/www.fiscalia.gov.co\/colombia\/wp-json\/wp\/v2\/types\/post"}],"author":[{"embeddable":true,"href":"https:\/\/www.fiscalia.gov.co\/colombia\/wp-json\/wp\/v2\/users\/181"}],"replies":[{"embeddable":true,"href":"https:\/\/www.fiscalia.gov.co\/colombia\/wp-json\/wp\/v2\/comments?post=325638"}],"version-history":[{"count":1,"href":"https:\/\/www.fiscalia.gov.co\/colombia\/wp-json\/wp\/v2\/posts\/325638\/revisions"}],"predecessor-version":[{"id":325640,"href":"https:\/\/www.fiscalia.gov.co\/colombia\/wp-json\/wp\/v2\/posts\/325638\/revisions\/325640"}],"wp:attachment":[{"href":"https:\/\/www.fiscalia.gov.co\/colombia\/wp-json\/wp\/v2\/media?parent=325638"}],"wp:term":[{"taxonomy":"category","embeddable":true,"href":"https:\/\/www.fiscalia.gov.co\/colombia\/wp-json\/wp\/v2\/categories?post=325638"},{"taxonomy":"post_tag","embeddable":true,"href":"https:\/\/www.fiscalia.gov.co\/colombia\/wp-json\/wp\/v2\/tags?post=325638"}],"curies":[{"name":"wp","href":"https:\/\/api.w.org\/{rel}","templated":true}]}}